{"id":49272,"date":"2025-04-08T12:42:27","date_gmt":"2025-04-08T09:42:27","guid":{"rendered":"https:\/\/denizcankizil.tr\/uncategorized-tr\/soguk-ve-yagisli-hava-hakim-olacak\/"},"modified":"2025-04-08T12:42:27","modified_gmt":"2025-04-08T09:42:27","slug":"soguk-ve-yagisli-hava-hakim-olacak","status":"publish","type":"post","link":"https:\/\/denizcankizil.tr\/ru\/haberler\/gundem\/soguk-ve-yagisli-hava-hakim-olacak\/","title":{"rendered":"So\u011fuk ve ya\u011f\u0131\u015fl\u0131 hava hakim olacak"},"content":{"rendered":"<p>Meteoroloji Genel M\u00fcd\u00fcrl\u00fc\u011f\u00fc\u2019n\u00fcn son tahminlerine g\u00f6re, yurt genelinde s\u0131cakl\u0131klar mevsim normallerinin 10-15\u00b0C alt\u0131na d\u00fc\u015fecek. Bat\u0131, kuzey ve do\u011fu b\u00f6lgelerinde ya\u011f\u0131\u015flar etkili olurken, i\u00e7 ve y\u00fcksek kesimlerde kar ya\u011f\u0131\u015f\u0131 bekleniyor.ANKARA (\u0130GFA) &#8211; Meteoroloji Genel M\u00fcd\u00fcrl\u00fc\u011f\u00fc, 8 Nisan Sal\u0131 g\u00fcn\u00fcne ili\u015fkin hava tahmin raporunu yay\u0131mlad\u0131.<br \/>\nBuna g\u00f6re T\u00fcrkiye, so\u011fuk bir hava dalgas\u0131n\u0131n etkisi alt\u0131nda olacak. S\u0131cakl\u0131klar mevsim normallerinin 10-15\u00b0C alt\u0131na d\u00fc\u015fecek.<br \/>\nEge, Marmara ve Bat\u0131 Karadeniz\u2019de sa\u011fanak ya\u011f\u0131\u015f, \u0130\u00e7 Anadolu ve Do\u011fu Anadolu\u2019nun y\u00fcksek kesimlerinde kar ya\u011f\u0131\u015f\u0131 bekleniyor.<\/p>\n<p>Marmara B\u00f6lgesi\u2019nde ise \u0130stanbul, Bursa ve Edirne\u2019de hava par\u00e7al\u0131 bulutlu ve aral\u0131kl\u0131 ya\u011fmurlu olacak. Kuzeydo\u011fu y\u00f6n\u00fcnden esen r\u00fczgar\u0131n, bat\u0131 k\u0131y\u0131lar\u0131nda zaman zaman h\u0131z\u0131n\u0131 art\u0131rarak f\u0131rt\u0131na seviyesine ula\u015fabilece\u011fi belirtiliyor.<br \/>\n\u0130stanbul\u2019da hava par\u00e7al\u0131 bulutlu ve aral\u0131kl\u0131 ya\u011fmurlu, Erzurum ve Sivas\u2019ta karl\u0131 olacak. G\u00fcneyde ise Adana ve Mersin\u2019de hafif sa\u011fanak ge\u00e7i\u015fleri g\u00f6r\u00fclebilir.<\/p>\n<p>Meteoroloji uzmanlar\u0131, so\u011fuk hava dalgas\u0131n\u0131n \u00f6zellikle i\u00e7 ve y\u00fcksek kesimlerde ula\u015f\u0131m\u0131 olumsuz etkileyebilece\u011fini belirterek, vatanda\u015flar\u0131 dikkatli olmalar\u0131 konusunda uyard\u0131.<br \/>\nBug\u00fcn T\u00fcrkiye genelinde hissedilen so\u011fuk havan\u0131n, hafta sonuna kadar etkisini s\u00fcrd\u00fcrece\u011fi tahmin ediliyor.<\/p>\n<p>\u200bMeteoroloji Genel M\u00fcd\u00fcrl\u00fc\u011f\u00fc\u2019n\u00fcn son tahminlerine g\u00f6re, yurt genelinde s\u0131cakl\u0131klar mevsim normallerinin 10-15\u00b0C alt\u0131na d\u00fc\u015fecek. Bat\u0131, kuzey ve do\u011fu b\u00f6lgelerinde ya\u011f\u0131\u015flar etkili olurken, i\u00e7 ve y\u00fcksek kesimlerde kar ya\u011f\u0131\u015f\u0131 bekleniyor.ANKARA (\u0130GFA) &#8211; Meteoroloji Genel M\u00fcd\u00fcrl\u00fc\u011f\u00fc, 8 Nisan Sal\u0131 g\u00fcn\u00fcne ili\u015fkin hava tahmin raporunu yay\u0131mlad\u0131.<br \/>\nBuna g\u00f6re T\u00fcrkiye, so\u011fuk bir hava dalgas\u0131n\u0131n etkisi alt\u0131nda olacak. S\u0131cakl\u0131klar mevsim normallerinin 10-15\u00b0C alt\u0131na d\u00fc\u015fecek.<br \/>\nEge, Marmara ve Bat\u0131 Karadeniz\u2019de sa\u011fanak ya\u011f\u0131\u015f, \u0130\u00e7 Anadolu ve Do\u011fu Anadolu\u2019nun y\u00fcksek kesimlerinde kar ya\u011f\u0131\u015f\u0131 bekleniyor.<\/p>\n<p>Marmara B\u00f6lgesi\u2019nde ise \u0130stanbul, Bursa ve Edirne\u2019de hava par\u00e7al\u0131 bulutlu ve aral\u0131kl\u0131 ya\u011fmurlu olacak. Kuzeydo\u011fu y\u00f6n\u00fcnden esen r\u00fczgar\u0131n, bat\u0131 k\u0131y\u0131lar\u0131nda zaman zaman h\u0131z\u0131n\u0131 art\u0131rarak f\u0131rt\u0131na seviyesine ula\u015fabilece\u011fi belirtiliyor.<br \/>\n\u0130stanbul\u2019da hava par\u00e7al\u0131 bulutlu ve aral\u0131kl\u0131 ya\u011fmurlu, Erzurum ve Sivas\u2019ta karl\u0131 olacak. G\u00fcneyde ise Adana ve Mersin\u2019de hafif sa\u011fanak ge\u00e7i\u015fleri g\u00f6r\u00fclebilir.<\/p>\n<p>Meteoroloji uzmanlar\u0131, so\u011fuk hava dalgas\u0131n\u0131n \u00f6zellikle i\u00e7 ve y\u00fcksek kesimlerde ula\u015f\u0131m\u0131 olumsuz etkileyebilece\u011fini belirterek, vatanda\u015flar\u0131 dikkatli olmalar\u0131 konusunda uyard\u0131.<br \/>\nBug\u00fcn T\u00fcrkiye genelinde hissedilen so\u011fuk havan\u0131n, hafta sonuna kadar etkisini s\u00fcrd\u00fcrece\u011fi tahmin ediliyor.\u00a0<\/p>\n<p>\u200bHaberin Al\u0131nt\u0131land\u0131\u011f\u0131 Kaynak: www.iskenderun.org<\/p>","protected":false},"excerpt":{"rendered":"<p>Meteoroloji Genel M\u00fcd\u00fcrl\u00fc\u011f\u00fc\u2019n\u00fcn son tahminlerine g\u00f6re, yurt genelinde s\u0131cakl\u0131klar mevsim normallerinin 10-15\u00b0C alt\u0131na d\u00fc\u015fecek. Bat\u0131, kuzey ve do\u011fu b\u00f6lgelerinde ya\u011f\u0131\u015flar etkili olurken, i\u00e7 ve y\u00fcksek kesimlerde kar ya\u011f\u0131\u015f\u0131 bekleniyor.ANKARA (\u0130GFA) &#8211; Meteoroloji Genel M\u00fcd\u00fcrl\u00fc\u011f\u00fc, 8 Nisan Sal\u0131 g\u00fcn\u00fcne ili\u015fkin hava tahmin raporunu yay\u0131mlad\u0131. Buna g\u00f6re T\u00fcrkiye, so\u011fuk bir hava dalgas\u0131n\u0131n etkisi alt\u0131nda olacak. S\u0131cakl\u0131klar mevsim normallerinin 10-15\u00b0C alt\u0131na d\u00fc\u015fecek. Ege, Marmara ve Bat\u0131 Karadeniz\u2019de sa\u011fanak ya\u011f\u0131\u015f, \u0130\u00e7 Anadolu ve Do\u011fu Anadolu\u2019nun y\u00fcksek kesimlerinde kar ya\u011f\u0131\u015f\u0131 bekleniyor. Marmara B\u00f6lgesi\u2019nde ise \u0130stanbul, Bursa ve Edirne\u2019de hava par\u00e7al\u0131 bulutlu ve aral\u0131kl\u0131 ya\u011fmurlu olacak. Kuzeydo\u011fu y\u00f6n\u00fcnden esen r\u00fczgar\u0131n, bat\u0131 k\u0131y\u0131lar\u0131nda zaman zaman h\u0131z\u0131n\u0131 art\u0131rarak f\u0131rt\u0131na seviyesine ula\u015fabilece\u011fi belirtiliyor. \u0130stanbul\u2019da hava par\u00e7al\u0131 bulutlu ve aral\u0131kl\u0131 ya\u011fmurlu, Erzurum ve Sivas\u2019ta karl\u0131 olacak. G\u00fcneyde ise Adana ve Mersin\u2019de hafif sa\u011fanak ge\u00e7i\u015fleri g\u00f6r\u00fclebilir. Meteoroloji uzmanlar\u0131, so\u011fuk hava dalgas\u0131n\u0131n \u00f6zellikle i\u00e7 ve y\u00fcksek kesimlerde ula\u015f\u0131m\u0131 olumsuz etkileyebilece\u011fini belirterek, vatanda\u015flar\u0131 dikkatli olmalar\u0131 konusunda uyard\u0131. Bug\u00fcn T\u00fcrkiye genelinde hissedilen so\u011fuk havan\u0131n, hafta sonuna kadar etkisini s\u00fcrd\u00fcrece\u011fi tahmin ediliyor. \u200bMeteoroloji Genel M\u00fcd\u00fcrl\u00fc\u011f\u00fc\u2019n\u00fcn son tahminlerine g\u00f6re, yurt genelinde s\u0131cakl\u0131klar mevsim normallerinin 10-15\u00b0C alt\u0131na d\u00fc\u015fecek. Bat\u0131, kuzey ve do\u011fu b\u00f6lgelerinde ya\u011f\u0131\u015flar etkili olurken, i\u00e7 ve y\u00fcksek kesimlerde kar ya\u011f\u0131\u015f\u0131 bekleniyor.ANKARA (\u0130GFA) &#8211; Meteoroloji Genel M\u00fcd\u00fcrl\u00fc\u011f\u00fc, 8 Nisan Sal\u0131 g\u00fcn\u00fcne ili\u015fkin hava tahmin raporunu yay\u0131mlad\u0131. &hellip;<\/p>","protected":false},"author":1,"featured_media":0,"comment_status":"","ping_status":"open","sticky":false,"template":"","format":"standard","meta":{"_acf_changed":false,"footnotes":""},"categories":[24],"tags":[],"class_list":["post-49272","post","type-post","status-publish","format-standard","has-post-thumbnail","hentry","category-gundem"],"acf":[],"yoast_head":"<!-- This site is optimized with the Yoast SEO Premium plugin v26.6 (Yoast SEO v27.1.1) - https:\/\/yoast.com\/product\/yoast-seo-premium-wordpress\/ -->\n<title>So\u011fuk ve ya\u011f\u0131\u015fl\u0131 hava hakim olacak - Av. Deniz Can K\u0131z\u0131l<\/title>\n<meta name=\"robots\" content=\"index, follow, max-snippet:-1, max-image-preview:large, max-video-preview:-1\" \/>\n<link rel=\"canonical\" href=\"https:\/\/denizcankizil.tr\/ru\/haberler\/gundem\/soguk-ve-yagisli-hava-hakim-olacak\/\" \/>\n<meta property=\"og:locale\" content=\"ru_RU\" \/>\n<meta property=\"og:type\" content=\"article\" \/>\n<meta property=\"og:title\" content=\"So\u011fuk ve ya\u011f\u0131\u015fl\u0131 hava hakim olacak\" \/>\n<meta property=\"og:description\" content=\"Meteoroloji Genel M\u00fcd\u00fcrl\u00fc\u011f\u00fc\u2019n\u00fcn son tahminlerine g\u00f6re, yurt genelinde s\u0131cakl\u0131klar mevsim normallerinin 10-15\u00b0C alt\u0131na d\u00fc\u015fecek. Bat\u0131, kuzey ve do\u011fu b\u00f6lgelerinde ya\u011f\u0131\u015flar etkili olurken, i\u00e7 ve y\u00fcksek kesimlerde kar ya\u011f\u0131\u015f\u0131 bekleniyor.ANKARA (\u0130GFA) &#8211; Meteoroloji Genel M\u00fcd\u00fcrl\u00fc\u011f\u00fc, 8 Nisan Sal\u0131 g\u00fcn\u00fcne ili\u015fkin hava tahmin raporunu yay\u0131mlad\u0131. Buna g\u00f6re T\u00fcrkiye, so\u011fuk bir hava dalgas\u0131n\u0131n etkisi alt\u0131nda olacak. S\u0131cakl\u0131klar mevsim normallerinin 10-15\u00b0C alt\u0131na d\u00fc\u015fecek. Ege, Marmara ve Bat\u0131 Karadeniz\u2019de sa\u011fanak ya\u011f\u0131\u015f, \u0130\u00e7 Anadolu ve Do\u011fu Anadolu\u2019nun y\u00fcksek kesimlerinde kar ya\u011f\u0131\u015f\u0131 bekleniyor. Marmara B\u00f6lgesi\u2019nde ise \u0130stanbul, Bursa ve Edirne\u2019de hava par\u00e7al\u0131 bulutlu ve aral\u0131kl\u0131 ya\u011fmurlu olacak. Kuzeydo\u011fu y\u00f6n\u00fcnden esen r\u00fczgar\u0131n, bat\u0131 k\u0131y\u0131lar\u0131nda zaman zaman h\u0131z\u0131n\u0131 art\u0131rarak f\u0131rt\u0131na seviyesine ula\u015fabilece\u011fi belirtiliyor. \u0130stanbul\u2019da hava par\u00e7al\u0131 bulutlu ve aral\u0131kl\u0131 ya\u011fmurlu, Erzurum ve Sivas\u2019ta karl\u0131 olacak. G\u00fcneyde ise Adana ve Mersin\u2019de hafif sa\u011fanak ge\u00e7i\u015fleri g\u00f6r\u00fclebilir. Meteoroloji uzmanlar\u0131, so\u011fuk hava dalgas\u0131n\u0131n \u00f6zellikle i\u00e7 ve y\u00fcksek kesimlerde ula\u015f\u0131m\u0131 olumsuz etkileyebilece\u011fini belirterek, vatanda\u015flar\u0131 dikkatli olmalar\u0131 konusunda uyard\u0131. Bug\u00fcn T\u00fcrkiye genelinde hissedilen so\u011fuk havan\u0131n, hafta sonuna kadar etkisini s\u00fcrd\u00fcrece\u011fi tahmin ediliyor. \u200bMeteoroloji Genel M\u00fcd\u00fcrl\u00fc\u011f\u00fc\u2019n\u00fcn son tahminlerine g\u00f6re, yurt genelinde s\u0131cakl\u0131klar mevsim normallerinin 10-15\u00b0C alt\u0131na d\u00fc\u015fecek. Bat\u0131, kuzey ve do\u011fu b\u00f6lgelerinde ya\u011f\u0131\u015flar etkili olurken, i\u00e7 ve y\u00fcksek kesimlerde kar ya\u011f\u0131\u015f\u0131 bekleniyor.ANKARA (\u0130GFA) &#8211; Meteoroloji Genel M\u00fcd\u00fcrl\u00fc\u011f\u00fc, 8 Nisan Sal\u0131 g\u00fcn\u00fcne ili\u015fkin hava tahmin raporunu yay\u0131mlad\u0131. &hellip;\" \/>\n<meta property=\"og:url\" content=\"https:\/\/denizcankizil.tr\/ru\/haberler\/gundem\/soguk-ve-yagisli-hava-hakim-olacak\/\" \/>\n<meta property=\"og:site_name\" content=\"Av. Deniz Can K\u0131z\u0131l\" \/>\n<meta property=\"article:published_time\" content=\"2025-04-08T09:42:27+00:00\" \/>\n<meta name=\"author\" content=\"admin\" \/>\n<meta name=\"twitter:card\" content=\"summary_large_image\" \/>\n<meta name=\"twitter:label1\" content=\"\u041d\u0430\u043f\u0438\u0441\u0430\u043d\u043e \u0430\u0432\u0442\u043e\u0440\u043e\u043c\" \/>\n\t<meta name=\"twitter:data1\" content=\"admin\" \/>\n\t<meta name=\"twitter:label2\" content=\"\u041f\u0440\u0438\u043c\u0435\u0440\u043d\u043e\u0435 \u0432\u0440\u0435\u043c\u044f \u0434\u043b\u044f \u0447\u0442\u0435\u043d\u0438\u044f\" \/>\n\t<meta name=\"twitter:data2\" content=\"2 \u043c\u0438\u043d\u0443\u0442\u044b\" \/>\n<script type=\"application\/ld+json\" class=\"yoast-schema-graph\">{\"@context\":\"https:\/\/schema.org\",\"@graph\":[{\"@type\":\"Article\",\"@id\":\"https:\/\/denizcankizil.tr\/ru\/haberler\/gundem\/soguk-ve-yagisli-hava-hakim-olacak\/#article\",\"isPartOf\":{\"@id\":\"https:\/\/denizcankizil.tr\/ru\/haberler\/gundem\/soguk-ve-yagisli-hava-hakim-olacak\/\"},\"author\":{\"name\":\"admin\",\"@id\":\"https:\/\/denizcankizil.tr\/#\/schema\/person\/be3c05fe6a12686905512445d8185489\"},\"headline\":\"So\u011fuk ve ya\u011f\u0131\u015fl\u0131 hava hakim olacak\",\"datePublished\":\"2025-04-08T09:42:27+00:00\",\"mainEntityOfPage\":{\"@id\":\"https:\/\/denizcankizil.tr\/ru\/haberler\/gundem\/soguk-ve-yagisli-hava-hakim-olacak\/\"},\"wordCount\":494,\"publisher\":{\"@id\":\"https:\/\/denizcankizil.tr\/#organization\"},\"articleSection\":[\"G\u00fcndem\"],\"inLanguage\":\"ru-RU\"},{\"@type\":\"WebPage\",\"@id\":\"https:\/\/denizcankizil.tr\/ru\/haberler\/gundem\/soguk-ve-yagisli-hava-hakim-olacak\/\",\"url\":\"https:\/\/denizcankizil.tr\/ru\/haberler\/gundem\/soguk-ve-yagisli-hava-hakim-olacak\/\",\"name\":\"So\u011fuk ve ya\u011f\u0131\u015fl\u0131 hava hakim olacak - Av. Deniz Can K\u0131z\u0131l\",\"isPartOf\":{\"@id\":\"https:\/\/denizcankizil.tr\/#website\"},\"datePublished\":\"2025-04-08T09:42:27+00:00\",\"breadcrumb\":{\"@id\":\"https:\/\/denizcankizil.tr\/ru\/haberler\/gundem\/soguk-ve-yagisli-hava-hakim-olacak\/#breadcrumb\"},\"inLanguage\":\"ru-RU\",\"potentialAction\":[{\"@type\":\"ReadAction\",\"target\":[\"https:\/\/denizcankizil.tr\/ru\/haberler\/gundem\/soguk-ve-yagisli-hava-hakim-olacak\/\"]}]},{\"@type\":\"BreadcrumbList\",\"@id\":\"https:\/\/denizcankizil.tr\/ru\/haberler\/gundem\/soguk-ve-yagisli-hava-hakim-olacak\/#breadcrumb\",\"itemListElement\":[{\"@type\":\"ListItem\",\"position\":1,\"name\":\"Home\",\"item\":\"https:\/\/denizcankizil.tr\/uk\/\"},{\"@type\":\"ListItem\",\"position\":2,\"name\":\"So\u011fuk ve ya\u011f\u0131\u015fl\u0131 hava hakim olacak\"}]},{\"@type\":\"WebSite\",\"@id\":\"https:\/\/denizcankizil.tr\/#website\",\"url\":\"https:\/\/denizcankizil.tr\/\",\"name\":\"Av. Deniz Can K\u0131z\u0131l\",\"description\":\"Avukat Deniz Can K\u0131z\u0131l Antalya Barosu\",\"publisher\":{\"@id\":\"https:\/\/denizcankizil.tr\/#organization\"},\"potentialAction\":[{\"@type\":\"SearchAction\",\"target\":{\"@type\":\"EntryPoint\",\"urlTemplate\":\"https:\/\/denizcankizil.tr\/?s={search_term_string}\"},\"query-input\":{\"@type\":\"PropertyValueSpecification\",\"valueRequired\":true,\"valueName\":\"search_term_string\"}}],\"inLanguage\":\"ru-RU\"},{\"@type\":\"Organization\",\"@id\":\"https:\/\/denizcankizil.tr\/#organization\",\"name\":\"Av. Deniz Can K\u0131z\u0131l\",\"url\":\"https:\/\/denizcankizil.tr\/\",\"logo\":{\"@type\":\"ImageObject\",\"inLanguage\":\"ru-RU\",\"@id\":\"https:\/\/denizcankizil.tr\/#\/schema\/logo\/image\/\",\"url\":\"https:\/\/denizcankizil.tr\/wp-content\/uploads\/2024\/10\/siyah-logo-svg.svg\",\"contentUrl\":\"https:\/\/denizcankizil.tr\/wp-content\/uploads\/2024\/10\/siyah-logo-svg.svg\",\"width\":1080,\"height\":1080,\"caption\":\"Av. Deniz Can K\u0131z\u0131l\"},\"image\":{\"@id\":\"https:\/\/denizcankizil.tr\/#\/schema\/logo\/image\/\"}},{\"@type\":\"Person\",\"@id\":\"https:\/\/denizcankizil.tr\/#\/schema\/person\/be3c05fe6a12686905512445d8185489\",\"name\":\"admin\",\"image\":{\"@type\":\"ImageObject\",\"inLanguage\":\"ru-RU\",\"@id\":\"https:\/\/denizcankizil.tr\/#\/schema\/person\/image\/\",\"url\":\"https:\/\/secure.gravatar.com\/avatar\/c1fce94c830dc79107e174f890d7210541c4a63e8e5d816341794a2151c9d58c?s=96&d=mm&r=g\",\"contentUrl\":\"https:\/\/secure.gravatar.com\/avatar\/c1fce94c830dc79107e174f890d7210541c4a63e8e5d816341794a2151c9d58c?s=96&d=mm&r=g\",\"caption\":\"admin\"},\"sameAs\":[\"http:\/\/denizcankizil.tr\"],\"url\":\"https:\/\/www.iskenderun.org\/soguk-ve-yagisli-hava-hakim-olacak\"}]}<\/script>\n<!-- \/ Yoast SEO Premium plugin. -->","yoast_head_json":{"title":"So\u011fuk ve ya\u011f\u0131\u015fl\u0131 hava hakim olacak - Av. Deniz Can K\u0131z\u0131l","robots":{"index":"index","follow":"follow","max-snippet":"max-snippet:-1","max-image-preview":"max-image-preview:large","max-video-preview":"max-video-preview:-1"},"canonical":"https:\/\/denizcankizil.tr\/ru\/haberler\/gundem\/soguk-ve-yagisli-hava-hakim-olacak\/","og_locale":"ru_RU","og_type":"article","og_title":"So\u011fuk ve ya\u011f\u0131\u015fl\u0131 hava hakim olacak","og_description":"Meteoroloji Genel M\u00fcd\u00fcrl\u00fc\u011f\u00fc\u2019n\u00fcn son tahminlerine g\u00f6re, yurt genelinde s\u0131cakl\u0131klar mevsim normallerinin 10-15\u00b0C alt\u0131na d\u00fc\u015fecek. Bat\u0131, kuzey ve do\u011fu b\u00f6lgelerinde ya\u011f\u0131\u015flar etkili olurken, i\u00e7 ve y\u00fcksek kesimlerde kar ya\u011f\u0131\u015f\u0131 bekleniyor.ANKARA (\u0130GFA) &#8211; Meteoroloji Genel M\u00fcd\u00fcrl\u00fc\u011f\u00fc, 8 Nisan Sal\u0131 g\u00fcn\u00fcne ili\u015fkin hava tahmin raporunu yay\u0131mlad\u0131. Buna g\u00f6re T\u00fcrkiye, so\u011fuk bir hava dalgas\u0131n\u0131n etkisi alt\u0131nda olacak. S\u0131cakl\u0131klar mevsim normallerinin 10-15\u00b0C alt\u0131na d\u00fc\u015fecek. Ege, Marmara ve Bat\u0131 Karadeniz\u2019de sa\u011fanak ya\u011f\u0131\u015f, \u0130\u00e7 Anadolu ve Do\u011fu Anadolu\u2019nun y\u00fcksek kesimlerinde kar ya\u011f\u0131\u015f\u0131 bekleniyor. Marmara B\u00f6lgesi\u2019nde ise \u0130stanbul, Bursa ve Edirne\u2019de hava par\u00e7al\u0131 bulutlu ve aral\u0131kl\u0131 ya\u011fmurlu olacak. Kuzeydo\u011fu y\u00f6n\u00fcnden esen r\u00fczgar\u0131n, bat\u0131 k\u0131y\u0131lar\u0131nda zaman zaman h\u0131z\u0131n\u0131 art\u0131rarak f\u0131rt\u0131na seviyesine ula\u015fabilece\u011fi belirtiliyor. \u0130stanbul\u2019da hava par\u00e7al\u0131 bulutlu ve aral\u0131kl\u0131 ya\u011fmurlu, Erzurum ve Sivas\u2019ta karl\u0131 olacak. G\u00fcneyde ise Adana ve Mersin\u2019de hafif sa\u011fanak ge\u00e7i\u015fleri g\u00f6r\u00fclebilir. Meteoroloji uzmanlar\u0131, so\u011fuk hava dalgas\u0131n\u0131n \u00f6zellikle i\u00e7 ve y\u00fcksek kesimlerde ula\u015f\u0131m\u0131 olumsuz etkileyebilece\u011fini belirterek, vatanda\u015flar\u0131 dikkatli olmalar\u0131 konusunda uyard\u0131. Bug\u00fcn T\u00fcrkiye genelinde hissedilen so\u011fuk havan\u0131n, hafta sonuna kadar etkisini s\u00fcrd\u00fcrece\u011fi tahmin ediliyor. \u200bMeteoroloji Genel M\u00fcd\u00fcrl\u00fc\u011f\u00fc\u2019n\u00fcn son tahminlerine g\u00f6re, yurt genelinde s\u0131cakl\u0131klar mevsim normallerinin 10-15\u00b0C alt\u0131na d\u00fc\u015fecek. Bat\u0131, kuzey ve do\u011fu b\u00f6lgelerinde ya\u011f\u0131\u015flar etkili olurken, i\u00e7 ve y\u00fcksek kesimlerde kar ya\u011f\u0131\u015f\u0131 bekleniyor.ANKARA (\u0130GFA) &#8211; Meteoroloji Genel M\u00fcd\u00fcrl\u00fc\u011f\u00fc, 8 Nisan Sal\u0131 g\u00fcn\u00fcne ili\u015fkin hava tahmin raporunu yay\u0131mlad\u0131. &hellip;","og_url":"https:\/\/denizcankizil.tr\/ru\/haberler\/gundem\/soguk-ve-yagisli-hava-hakim-olacak\/","og_site_name":"Av. Deniz Can K\u0131z\u0131l","article_published_time":"2025-04-08T09:42:27+00:00","author":"admin","twitter_card":"summary_large_image","twitter_misc":{"\u041d\u0430\u043f\u0438\u0441\u0430\u043d\u043e \u0430\u0432\u0442\u043e\u0440\u043e\u043c":"admin","\u041f\u0440\u0438\u043c\u0435\u0440\u043d\u043e\u0435 \u0432\u0440\u0435\u043c\u044f \u0434\u043b\u044f \u0447\u0442\u0435\u043d\u0438\u044f":"2 \u043c\u0438\u043d\u0443\u0442\u044b"},"schema":{"@context":"https:\/\/schema.org","@graph":[{"@type":"Article","@id":"https:\/\/denizcankizil.tr\/ru\/haberler\/gundem\/soguk-ve-yagisli-hava-hakim-olacak\/#article","isPartOf":{"@id":"https:\/\/denizcankizil.tr\/ru\/haberler\/gundem\/soguk-ve-yagisli-hava-hakim-olacak\/"},"author":{"name":"admin","@id":"https:\/\/denizcankizil.tr\/#\/schema\/person\/be3c05fe6a12686905512445d8185489"},"headline":"So\u011fuk ve ya\u011f\u0131\u015fl\u0131 hava hakim olacak","datePublished":"2025-04-08T09:42:27+00:00","mainEntityOfPage":{"@id":"https:\/\/denizcankizil.tr\/ru\/haberler\/gundem\/soguk-ve-yagisli-hava-hakim-olacak\/"},"wordCount":494,"publisher":{"@id":"https:\/\/denizcankizil.tr\/#organization"},"articleSection":["G\u00fcndem"],"inLanguage":"ru-RU"},{"@type":"WebPage","@id":"https:\/\/denizcankizil.tr\/ru\/haberler\/gundem\/soguk-ve-yagisli-hava-hakim-olacak\/","url":"https:\/\/denizcankizil.tr\/ru\/haberler\/gundem\/soguk-ve-yagisli-hava-hakim-olacak\/","name":"So\u011fuk ve ya\u011f\u0131\u015fl\u0131 hava hakim olacak - Av. Deniz Can K\u0131z\u0131l","isPartOf":{"@id":"https:\/\/denizcankizil.tr\/#website"},"datePublished":"2025-04-08T09:42:27+00:00","breadcrumb":{"@id":"https:\/\/denizcankizil.tr\/ru\/haberler\/gundem\/soguk-ve-yagisli-hava-hakim-olacak\/#breadcrumb"},"inLanguage":"ru-RU","potentialAction":[{"@type":"ReadAction","target":["https:\/\/denizcankizil.tr\/ru\/haberler\/gundem\/soguk-ve-yagisli-hava-hakim-olacak\/"]}]},{"@type":"BreadcrumbList","@id":"https:\/\/denizcankizil.tr\/ru\/haberler\/gundem\/soguk-ve-yagisli-hava-hakim-olacak\/#breadcrumb","itemListElement":[{"@type":"ListItem","position":1,"name":"Home","item":"https:\/\/denizcankizil.tr\/uk\/"},{"@type":"ListItem","position":2,"name":"So\u011fuk ve ya\u011f\u0131\u015fl\u0131 hava hakim olacak"}]},{"@type":"WebSite","@id":"https:\/\/denizcankizil.tr\/#website","url":"https:\/\/denizcankizil.tr\/","name":"Av. Deniz Can K\u0131z\u0131l","description":"Avukat Deniz Can K\u0131z\u0131l Antalya Barosu","publisher":{"@id":"https:\/\/denizcankizil.tr\/#organization"},"potentialAction":[{"@type":"SearchAction","target":{"@type":"EntryPoint","urlTemplate":"https:\/\/denizcankizil.tr\/?s={search_term_string}"},"query-input":{"@type":"PropertyValueSpecification","valueRequired":true,"valueName":"search_term_string"}}],"inLanguage":"ru-RU"},{"@type":"Organization","@id":"https:\/\/denizcankizil.tr\/#organization","name":"Av. Deniz Can K\u0131z\u0131l","url":"https:\/\/denizcankizil.tr\/","logo":{"@type":"ImageObject","inLanguage":"ru-RU","@id":"https:\/\/denizcankizil.tr\/#\/schema\/logo\/image\/","url":"https:\/\/denizcankizil.tr\/wp-content\/uploads\/2024\/10\/siyah-logo-svg.svg","contentUrl":"https:\/\/denizcankizil.tr\/wp-content\/uploads\/2024\/10\/siyah-logo-svg.svg","width":1080,"height":1080,"caption":"Av. Deniz Can K\u0131z\u0131l"},"image":{"@id":"https:\/\/denizcankizil.tr\/#\/schema\/logo\/image\/"}},{"@type":"Person","@id":"https:\/\/denizcankizil.tr\/#\/schema\/person\/be3c05fe6a12686905512445d8185489","name":"\u0430\u0434\u043c\u0438\u043d","image":{"@type":"ImageObject","inLanguage":"ru-RU","@id":"https:\/\/denizcankizil.tr\/#\/schema\/person\/image\/","url":"https:\/\/secure.gravatar.com\/avatar\/c1fce94c830dc79107e174f890d7210541c4a63e8e5d816341794a2151c9d58c?s=96&d=mm&r=g","contentUrl":"https:\/\/secure.gravatar.com\/avatar\/c1fce94c830dc79107e174f890d7210541c4a63e8e5d816341794a2151c9d58c?s=96&d=mm&r=g","caption":"admin"},"sameAs":["http:\/\/denizcankizil.tr"],"url":"https:\/\/www.iskenderun.org\/soguk-ve-yagisli-hava-hakim-olacak"}]}},"_links":{"self":[{"href":"https:\/\/denizcankizil.tr\/ru\/wp-json\/wp\/v2\/posts\/49272","targetHints":{"allow":["GET"]}}],"collection":[{"href":"https:\/\/denizcankizil.tr\/ru\/wp-json\/wp\/v2\/posts"}],"about":[{"href":"https:\/\/denizcankizil.tr\/ru\/wp-json\/wp\/v2\/types\/post"}],"author":[{"embeddable":true,"href":"https:\/\/denizcankizil.tr\/ru\/wp-json\/wp\/v2\/users\/1"}],"replies":[{"embeddable":true,"href":"https:\/\/denizcankizil.tr\/ru\/wp-json\/wp\/v2\/comments?post=49272"}],"version-history":[{"count":0,"href":"https:\/\/denizcankizil.tr\/ru\/wp-json\/wp\/v2\/posts\/49272\/revisions"}],"wp:attachment":[{"href":"https:\/\/denizcankizil.tr\/ru\/wp-json\/wp\/v2\/media?parent=49272"}],"wp:term":[{"taxonomy":"category","embeddable":true,"href":"https:\/\/denizcankizil.tr\/ru\/wp-json\/wp\/v2\/categories?post=49272"},{"taxonomy":"post_tag","embeddable":true,"href":"https:\/\/denizcankizil.tr\/ru\/wp-json\/wp\/v2\/tags?post=49272"}],"curies":[{"name":"wp","href":"https:\/\/api.w.org\/{rel}","templated":true}]}}