{"id":48069,"date":"2025-04-07T10:41:15","date_gmt":"2025-04-07T07:41:15","guid":{"rendered":"https:\/\/denizcankizil.tr\/uncategorized-tr\/muze-kentin-ortak-hafizasi-olsun\/"},"modified":"2025-04-07T10:41:15","modified_gmt":"2025-04-07T07:41:15","slug":"muze-kentin-ortak-hafizasi-olsun","status":"publish","type":"post","link":"https:\/\/denizcankizil.tr\/ru\/haberler\/gundem\/muze-kentin-ortak-hafizasi-olsun\/","title":{"rendered":"M\u00fcze kentin ortak haf\u0131zas\u0131 olsun"},"content":{"rendered":"<p>Antalya K\u00fclt\u00fcrel Miras Derne\u011fi (ANKA), y\u0131k\u0131lmas\u0131 g\u00fcndemde olan Antalya Arkeoloji M\u00fczesi i\u00e7in yeni bir \u00f6neride bulundu. ANKA, m\u00fczenin kentin ortak haf\u0131zas\u0131 olarak de\u011ferlendirilmesi i\u00e7in Antalya K\u00fclt\u00fcr Varl\u0131klar\u0131n\u0131 Koruma B\u00f6lge Kurulu\u2019na (AKVKBK) ba\u015fvuru yapt\u0131. \u00a0ANKA\u2019n\u0131n yapt\u0131\u011f\u0131 ba\u015fvuruda Arkeoloji M\u00fczesi\u2019nin mimari projesinin T\u00fcrkiye\u2019de ulusal bir yar\u0131\u015fma ile elde edilen ilk \u00f6rnek oldu\u011fu hat\u0131rlat\u0131ld\u0131:<\/p>\n<p>\u00d6ZG\u00dcN \u00d6RNEKLER MEVCUT<\/p>\n<p>ANKA\u2019n\u0131n ba\u015fvurusunda, \u201cAntalya Arkeoloji M\u00fczesi 1964 y\u0131l\u0131nda ulusal bir yar\u0131\u015fma projesi ile se\u00e7ilen \u00fclkemizin ilk m\u00fcze binas\u0131 olma vasf\u0131na sahiptir. Projenin m\u00fcellifi, \u0130stanbul Manifaturac\u0131lar \u00c7ar\u015f\u0131s\u0131 (IM \u00c7), Lassa Lastik Fabrikas\u0131, Stad Oteli (bug\u00fcn: Ankara Radisson Oteli) gibi \u00e7ok say\u0131da \u00f6d\u00fcll\u00fc yap\u0131n\u0131n da mimar\u0131 olan Do\u011fan Tekeli-Sami Sisa&#8217;d\u0131r. Yap\u0131, do\u011fal \u00e7evreyle uyumlu ve yatay formlar\u0131yla Akdeniz mimari bi\u00e7imleni\u015finin \u00f6zg\u00fcn \u00f6rneklerinden birisidir ve in\u015fa edildi\u011fi 1972 y\u0131l\u0131ndan bu yana kentimizin mimari siluetlerinden birini temsil etmektedir\u201d denildi.<\/p>\n<p>AVRUPA KONSEY\u0130 \u00d6D\u00dcLL\u00dc B\u0130R M\u00dcZE<\/p>\n<p>Ba\u015fvuruda \u015f\u00f6yle denildi: \u00a0\u201cM\u00fczemiz, bahse konu \u00f6nc\u00fc ve ba\u015far\u0131l\u0131 mimari tasar\u0131m\u0131 yan\u0131nda te\u015fhir ve tanzime elveri\u015fli sergi alanlar\u0131 nedeniyle 1988 y\u0131l\u0131nda Avrupa Konseyi \u00d6zel \u00d6d\u00fcl\u00fc\u2019n\u00fc kazanm\u0131\u015ft\u0131r. Fiziki \u00f6zellikleri yan\u0131 s\u0131ra Antalya Arkeoloji M\u00fczesi \u015fehrimizin ortak haf\u0131zas\u0131n\u0131n somut bir ifadesidir. Y\u0131llard\u0131r Antalyal\u0131lar\u0131n ve ziyaret\u00e7ilerin an\u0131lar\u0131nda yer etmi\u015f bu yap\u0131n\u0131n y\u0131k\u0131lmas\u0131, kentimizin kimli\u011fine vurulacak b\u00fcy\u00fck bir darbedir. Kentler i\u00e7in haf\u0131za mek\u00e2nlar\u0131, ge\u00e7mi\u015fle gelecek aras\u0131nda k\u00f6pr\u00fc kuran, toplumsal ba\u011flar\u0131 g\u00fc\u00e7lendiren ve aidiyet duygusunu peki\u015ftiren hayati unsurlard\u0131r. Antalya M\u00fczesi de bu anlamda \u015fehrimiz i\u00e7in vazge\u00e7ilmez bir haf\u0131za mek\u00e2n\u0131d\u0131r.\u201d<\/p>\n<p>DOKUMA VE P\u0130L G\u0130B\u0130 KISMEN KORUNAB\u0130L\u0130R<\/p>\n<p>ANKA dilek\u00e7esinde, Antalya K\u00fclt\u00fcr Varl\u0131klar\u0131 Koruma B\u00f6lge Kurulu\u2019nun Dokuma Fabrikas\u0131 ve Pil Fabrikas\u0131 binalar\u0131 i\u00e7in k\u0131smi koruma karar\u0131 alarak T\u00fcrkiye\u2019ye \u00f6rnek oldu\u011fu hat\u0131rlat\u0131larak ayn\u0131 hassasiyeti Arkeoloji M\u00fczesi i\u00e7in de g\u00f6stermesi istendi. Ba\u015fvuruda, \u201cAntalya Dokuma Fabrikas\u0131 ve Pil Fabrikas\u0131 gibi end\u00fcstri miras\u0131 yap\u0131lar\u0131nda k\u0131smi koruma karar\u0131 alarak toplumsal haf\u0131za mek\u00e2nlar\u0131n\u0131n \u00f6nemi konusunda T\u00fcrkiye\u2019ye \u00f6rnek olacak yakla\u015f\u0131mlar geli\u015ftiren Antalya K\u00fclt\u00fcr Varl\u0131klar\u0131 Koruma B\u00f6lge Kurulu\u2019nun Antalya Arkeoloji M\u00fczesi binas\u0131n\u0131n yar\u0131\u015fma projesi ile in\u015fa edilen \u00f6zg\u00fcn mimari dokusu i\u00e7in de ayn\u0131 hassasiyeti g\u00f6stermesini koruma ilkelerinin bir gere\u011fi olarak g\u00f6rmekteyiz. Bu kapsamda, Antalya Arkeoloji M\u00fczesi binas\u0131 y\u0131k\u0131m\u0131n\u0131 durdurmas\u0131n\u0131 ve yukar\u0131da s\u0131ralanan \u00f6zellikleri ve \u00f6nemi nedeniyle de ilgili yasa, y\u00f6netmelik ve ilke kararlar\u0131 \u00e7er\u00e7evesinde k\u00fclt\u00fcr varl\u0131\u011f\u0131 olarak korunmas\u0131 i\u00e7in gere\u011fini arz ve talep ederiz\u201d denildi.<\/p>\n<p>UNESCO, ICOMOS VE DOCOMOMO\u2019YA \u00c7A\u011eRI<\/p>\n<p>Antalya K\u00fclt\u00fcrel Miras Derne\u011fi, Antalya Arkeoloji M\u00fczesi\u2019nin y\u0131k\u0131m\u0131n durdurulmas\u0131 ve k\u0131smen korunarak kullan\u0131lmas\u0131 yolundaki \u00e7abalara destek olmalar\u0131 i\u00e7in kentteki STK\u2019lar\u0131n yan\u0131 s\u0131ra UNESCO T\u00fcrkiye Milli Komisyonu, ICOMOS T\u00fcrkiye Milli Komitesi ve DOCOMOMO T\u00fcrkiye \u00c7al\u0131\u015fma Grubu\u2019na \u00e7a\u011fr\u0131da bulundu. Orijinal projesi d\u0131\u015f\u0131nda yap\u0131lan eklentiler kald\u0131r\u0131l\u0131p statik a\u00e7\u0131dan g\u00fc\u00e7lendirilerek kullan\u0131labilecek durumda olan Antalya M\u00fczesi i\u00e7in ANKA\u2019n\u0131n y\u0131k\u0131m\u0131n durdurulmas\u0131 ve k\u0131smi koruma karar\u0131 al\u0131nmas\u0131 talebi AKVBK\u2019nin 7-8 Nisan 2025 tarihlerinde yap\u0131lacak ayl\u0131k toplant\u0131s\u0131nda ele al\u0131nmas\u0131 bekleniyor.<\/p>\n<p>\u200bAntalya K\u00fclt\u00fcrel Miras Derne\u011fi (ANKA), yenisi yap\u0131lmak \u00fczere y\u0131k\u0131lmak istenen Antalya Arkeoloji M\u00fczesi\u2019nin k\u0131smen korunarak kullan\u0131lmas\u0131 talebiyle Antalya K\u00fclt\u00fcr Varl\u0131klar\u0131n\u0131 Koruma B\u00f6lge Kurulu\u2019na (AKVKBK) ba\u015fvurdu. ANKA dilek\u00e7esinde Arkeoloji M\u00fczesi\u2019nin y\u0131k\u0131m\u0131n\u0131n durdurulmas\u0131 ve Antalya \u015fehrinin ortak haf\u0131za mekan\u0131 olarak korunmas\u0131 istendi.\u00a0<\/p>\n<p>\u200bHaberin Al\u0131nt\u0131land\u0131\u011f\u0131 Kaynak: www.antalyakorfez.com<\/p>","protected":false},"excerpt":{"rendered":"<p>Antalya K\u00fclt\u00fcrel Miras Derne\u011fi (ANKA), y\u0131k\u0131lmas\u0131 g\u00fcndemde olan Antalya Arkeoloji M\u00fczesi i\u00e7in yeni bir \u00f6neride bulundu. ANKA, m\u00fczenin kentin ortak haf\u0131zas\u0131 olarak de\u011ferlendirilmesi i\u00e7in Antalya K\u00fclt\u00fcr Varl\u0131klar\u0131n\u0131 Koruma B\u00f6lge Kurulu\u2019na (AKVKBK) ba\u015fvuru yapt\u0131. \u00a0ANKA\u2019n\u0131n yapt\u0131\u011f\u0131 ba\u015fvuruda Arkeoloji M\u00fczesi\u2019nin mimari projesinin T\u00fcrkiye\u2019de ulusal bir yar\u0131\u015fma ile elde edilen ilk \u00f6rnek oldu\u011fu hat\u0131rlat\u0131ld\u0131: \u00d6ZG\u00dcN \u00d6RNEKLER MEVCUT ANKA\u2019n\u0131n ba\u015fvurusunda, \u201cAntalya Arkeoloji M\u00fczesi 1964 y\u0131l\u0131nda ulusal bir yar\u0131\u015fma projesi ile se\u00e7ilen \u00fclkemizin ilk m\u00fcze binas\u0131 olma vasf\u0131na sahiptir. Projenin m\u00fcellifi, \u0130stanbul Manifaturac\u0131lar \u00c7ar\u015f\u0131s\u0131 (IM \u00c7), Lassa Lastik Fabrikas\u0131, Stad Oteli (bug\u00fcn: Ankara Radisson Oteli) gibi \u00e7ok say\u0131da \u00f6d\u00fcll\u00fc yap\u0131n\u0131n da mimar\u0131 olan Do\u011fan Tekeli-Sami Sisa&#8217;d\u0131r. Yap\u0131, do\u011fal \u00e7evreyle uyumlu ve yatay formlar\u0131yla Akdeniz mimari bi\u00e7imleni\u015finin \u00f6zg\u00fcn \u00f6rneklerinden birisidir ve in\u015fa edildi\u011fi 1972 y\u0131l\u0131ndan bu yana kentimizin mimari siluetlerinden birini temsil etmektedir\u201d denildi. AVRUPA KONSEY\u0130 \u00d6D\u00dcLL\u00dc B\u0130R M\u00dcZE Ba\u015fvuruda \u015f\u00f6yle denildi: \u00a0\u201cM\u00fczemiz, bahse konu \u00f6nc\u00fc ve ba\u015far\u0131l\u0131 mimari tasar\u0131m\u0131 yan\u0131nda te\u015fhir ve tanzime elveri\u015fli sergi alanlar\u0131 nedeniyle 1988 y\u0131l\u0131nda Avrupa Konseyi \u00d6zel \u00d6d\u00fcl\u00fc\u2019n\u00fc kazanm\u0131\u015ft\u0131r. Fiziki \u00f6zellikleri yan\u0131 s\u0131ra Antalya Arkeoloji M\u00fczesi \u015fehrimizin ortak haf\u0131zas\u0131n\u0131n somut bir ifadesidir. Y\u0131llard\u0131r Antalyal\u0131lar\u0131n ve ziyaret\u00e7ilerin an\u0131lar\u0131nda yer etmi\u015f bu yap\u0131n\u0131n y\u0131k\u0131lmas\u0131, kentimizin kimli\u011fine vurulacak b\u00fcy\u00fck bir darbedir. Kentler i\u00e7in haf\u0131za mek\u00e2nlar\u0131, ge\u00e7mi\u015fle gelecek aras\u0131nda k\u00f6pr\u00fc kuran, toplumsal ba\u011flar\u0131 g\u00fc\u00e7lendiren &hellip;<\/p>","protected":false},"author":5,"featured_media":0,"comment_status":"","ping_status":"open","sticky":false,"template":"","format":"standard","meta":{"_acf_changed":false,"footnotes":""},"categories":[24],"tags":[],"class_list":["post-48069","post","type-post","status-publish","format-standard","has-post-thumbnail","hentry","category-gundem"],"acf":[],"yoast_head":"<!-- This site is optimized with the Yoast SEO Premium plugin v26.6 (Yoast SEO v27.1.1) - https:\/\/yoast.com\/product\/yoast-seo-premium-wordpress\/ -->\n<title>M\u00fcze kentin ortak haf\u0131zas\u0131 olsun - Av. Deniz Can K\u0131z\u0131l<\/title>\n<meta name=\"robots\" content=\"index, follow, max-snippet:-1, max-image-preview:large, max-video-preview:-1\" \/>\n<link rel=\"canonical\" href=\"https:\/\/denizcankizil.tr\/ru\/haberler\/gundem\/muze-kentin-ortak-hafizasi-olsun\/\" \/>\n<meta property=\"og:locale\" content=\"ru_RU\" \/>\n<meta property=\"og:type\" content=\"article\" \/>\n<meta property=\"og:title\" content=\"M\u00fcze kentin ortak haf\u0131zas\u0131 olsun\" \/>\n<meta property=\"og:description\" content=\"Antalya K\u00fclt\u00fcrel Miras Derne\u011fi (ANKA), y\u0131k\u0131lmas\u0131 g\u00fcndemde olan Antalya Arkeoloji M\u00fczesi i\u00e7in yeni bir \u00f6neride bulundu. ANKA, m\u00fczenin kentin ortak haf\u0131zas\u0131 olarak de\u011ferlendirilmesi i\u00e7in Antalya K\u00fclt\u00fcr Varl\u0131klar\u0131n\u0131 Koruma B\u00f6lge Kurulu\u2019na (AKVKBK) ba\u015fvuru yapt\u0131. \u00a0ANKA\u2019n\u0131n yapt\u0131\u011f\u0131 ba\u015fvuruda Arkeoloji M\u00fczesi\u2019nin mimari projesinin T\u00fcrkiye\u2019de ulusal bir yar\u0131\u015fma ile elde edilen ilk \u00f6rnek oldu\u011fu hat\u0131rlat\u0131ld\u0131: \u00d6ZG\u00dcN \u00d6RNEKLER MEVCUT ANKA\u2019n\u0131n ba\u015fvurusunda, \u201cAntalya Arkeoloji M\u00fczesi 1964 y\u0131l\u0131nda ulusal bir yar\u0131\u015fma projesi ile se\u00e7ilen \u00fclkemizin ilk m\u00fcze binas\u0131 olma vasf\u0131na sahiptir. Projenin m\u00fcellifi, \u0130stanbul Manifaturac\u0131lar \u00c7ar\u015f\u0131s\u0131 (IM \u00c7), Lassa Lastik Fabrikas\u0131, Stad Oteli (bug\u00fcn: Ankara Radisson Oteli) gibi \u00e7ok say\u0131da \u00f6d\u00fcll\u00fc yap\u0131n\u0131n da mimar\u0131 olan Do\u011fan Tekeli-Sami Sisa&#8217;d\u0131r. Yap\u0131, do\u011fal \u00e7evreyle uyumlu ve yatay formlar\u0131yla Akdeniz mimari bi\u00e7imleni\u015finin \u00f6zg\u00fcn \u00f6rneklerinden birisidir ve in\u015fa edildi\u011fi 1972 y\u0131l\u0131ndan bu yana kentimizin mimari siluetlerinden birini temsil etmektedir\u201d denildi. AVRUPA KONSEY\u0130 \u00d6D\u00dcLL\u00dc B\u0130R M\u00dcZE Ba\u015fvuruda \u015f\u00f6yle denildi: \u00a0\u201cM\u00fczemiz, bahse konu \u00f6nc\u00fc ve ba\u015far\u0131l\u0131 mimari tasar\u0131m\u0131 yan\u0131nda te\u015fhir ve tanzime elveri\u015fli sergi alanlar\u0131 nedeniyle 1988 y\u0131l\u0131nda Avrupa Konseyi \u00d6zel \u00d6d\u00fcl\u00fc\u2019n\u00fc kazanm\u0131\u015ft\u0131r. Fiziki \u00f6zellikleri yan\u0131 s\u0131ra Antalya Arkeoloji M\u00fczesi \u015fehrimizin ortak haf\u0131zas\u0131n\u0131n somut bir ifadesidir. Y\u0131llard\u0131r Antalyal\u0131lar\u0131n ve ziyaret\u00e7ilerin an\u0131lar\u0131nda yer etmi\u015f bu yap\u0131n\u0131n y\u0131k\u0131lmas\u0131, kentimizin kimli\u011fine vurulacak b\u00fcy\u00fck bir darbedir. Kentler i\u00e7in haf\u0131za mek\u00e2nlar\u0131, ge\u00e7mi\u015fle gelecek aras\u0131nda k\u00f6pr\u00fc kuran, toplumsal ba\u011flar\u0131 g\u00fc\u00e7lendiren &hellip;\" \/>\n<meta property=\"og:url\" content=\"https:\/\/denizcankizil.tr\/ru\/haberler\/gundem\/muze-kentin-ortak-hafizasi-olsun\/\" \/>\n<meta property=\"og:site_name\" content=\"Av. Deniz Can K\u0131z\u0131l\" \/>\n<meta property=\"article:published_time\" content=\"2025-04-07T07:41:15+00:00\" \/>\n<meta name=\"author\" content=\"Antalya K\u00f6rfez\" \/>\n<meta name=\"twitter:card\" content=\"summary_large_image\" \/>\n<meta name=\"twitter:label1\" content=\"\u041d\u0430\u043f\u0438\u0441\u0430\u043d\u043e \u0430\u0432\u0442\u043e\u0440\u043e\u043c\" \/>\n\t<meta name=\"twitter:data1\" content=\"Antalya K\u00f6rfez\" \/>\n\t<meta name=\"twitter:label2\" content=\"\u041f\u0440\u0438\u043c\u0435\u0440\u043d\u043e\u0435 \u0432\u0440\u0435\u043c\u044f \u0434\u043b\u044f \u0447\u0442\u0435\u043d\u0438\u044f\" \/>\n\t<meta name=\"twitter:data2\" content=\"4 \u043c\u0438\u043d\u0443\u0442\u044b\" \/>\n<script type=\"application\/ld+json\" class=\"yoast-schema-graph\">{\"@context\":\"https:\/\/schema.org\",\"@graph\":[{\"@type\":\"Article\",\"@id\":\"https:\/\/denizcankizil.tr\/de\/haberler\/gundem\/muze-kentin-ortak-hafizasi-olsun\/#article\",\"isPartOf\":{\"@id\":\"https:\/\/denizcankizil.tr\/de\/haberler\/gundem\/muze-kentin-ortak-hafizasi-olsun\/\"},\"author\":{\"name\":\"Antalya K\u00f6rfez\",\"@id\":\"https:\/\/denizcankizil.tr\/#\/schema\/person\/e1eb71bb4dd684d46563f0af307e1234\"},\"headline\":\"M\u00fcze kentin ortak haf\u0131zas\u0131 olsun\",\"datePublished\":\"2025-04-07T07:41:15+00:00\",\"mainEntityOfPage\":{\"@id\":\"https:\/\/denizcankizil.tr\/de\/haberler\/gundem\/muze-kentin-ortak-hafizasi-olsun\/\"},\"wordCount\":716,\"publisher\":{\"@id\":\"https:\/\/denizcankizil.tr\/#organization\"},\"articleSection\":[\"G\u00fcndem\"],\"inLanguage\":\"ru-RU\"},{\"@type\":\"WebPage\",\"@id\":\"https:\/\/denizcankizil.tr\/de\/haberler\/gundem\/muze-kentin-ortak-hafizasi-olsun\/\",\"url\":\"https:\/\/denizcankizil.tr\/de\/haberler\/gundem\/muze-kentin-ortak-hafizasi-olsun\/\",\"name\":\"M\u00fcze kentin ortak haf\u0131zas\u0131 olsun - Av. Deniz Can K\u0131z\u0131l\",\"isPartOf\":{\"@id\":\"https:\/\/denizcankizil.tr\/#website\"},\"datePublished\":\"2025-04-07T07:41:15+00:00\",\"breadcrumb\":{\"@id\":\"https:\/\/denizcankizil.tr\/de\/haberler\/gundem\/muze-kentin-ortak-hafizasi-olsun\/#breadcrumb\"},\"inLanguage\":\"ru-RU\",\"potentialAction\":[{\"@type\":\"ReadAction\",\"target\":[\"https:\/\/denizcankizil.tr\/de\/haberler\/gundem\/muze-kentin-ortak-hafizasi-olsun\/\"]}]},{\"@type\":\"BreadcrumbList\",\"@id\":\"https:\/\/denizcankizil.tr\/de\/haberler\/gundem\/muze-kentin-ortak-hafizasi-olsun\/#breadcrumb\",\"itemListElement\":[{\"@type\":\"ListItem\",\"position\":1,\"name\":\"Home\",\"item\":\"https:\/\/denizcankizil.tr\/de\/\"},{\"@type\":\"ListItem\",\"position\":2,\"name\":\"M\u00fcze kentin ortak haf\u0131zas\u0131 olsun\"}]},{\"@type\":\"WebSite\",\"@id\":\"https:\/\/denizcankizil.tr\/#website\",\"url\":\"https:\/\/denizcankizil.tr\/\",\"name\":\"Av. Deniz Can K\u0131z\u0131l\",\"description\":\"Avukat Deniz Can K\u0131z\u0131l Antalya Barosu\",\"publisher\":{\"@id\":\"https:\/\/denizcankizil.tr\/#organization\"},\"potentialAction\":[{\"@type\":\"SearchAction\",\"target\":{\"@type\":\"EntryPoint\",\"urlTemplate\":\"https:\/\/denizcankizil.tr\/?s={search_term_string}\"},\"query-input\":{\"@type\":\"PropertyValueSpecification\",\"valueRequired\":true,\"valueName\":\"search_term_string\"}}],\"inLanguage\":\"ru-RU\"},{\"@type\":\"Organization\",\"@id\":\"https:\/\/denizcankizil.tr\/#organization\",\"name\":\"Av. Deniz Can K\u0131z\u0131l\",\"url\":\"https:\/\/denizcankizil.tr\/\",\"logo\":{\"@type\":\"ImageObject\",\"inLanguage\":\"ru-RU\",\"@id\":\"https:\/\/denizcankizil.tr\/#\/schema\/logo\/image\/\",\"url\":\"https:\/\/denizcankizil.tr\/wp-content\/uploads\/2024\/10\/siyah-logo-svg.svg\",\"contentUrl\":\"https:\/\/denizcankizil.tr\/wp-content\/uploads\/2024\/10\/siyah-logo-svg.svg\",\"width\":1080,\"height\":1080,\"caption\":\"Av. Deniz Can K\u0131z\u0131l\"},\"image\":{\"@id\":\"https:\/\/denizcankizil.tr\/#\/schema\/logo\/image\/\"}},{\"@type\":\"Person\",\"@id\":\"https:\/\/denizcankizil.tr\/#\/schema\/person\/e1eb71bb4dd684d46563f0af307e1234\",\"name\":\"Antalya K\u00f6rfez\",\"image\":{\"@type\":\"ImageObject\",\"inLanguage\":\"ru-RU\",\"@id\":\"https:\/\/denizcankizil.tr\/#\/schema\/person\/image\/\",\"url\":\"https:\/\/secure.gravatar.com\/avatar\/42b01982558a48a0b501fdcab6a408d3717ea5919095ee2e67b0e521799c5905?s=96&d=mm&r=g\",\"contentUrl\":\"https:\/\/secure.gravatar.com\/avatar\/42b01982558a48a0b501fdcab6a408d3717ea5919095ee2e67b0e521799c5905?s=96&d=mm&r=g\",\"caption\":\"Antalya K\u00f6rfez\"},\"sameAs\":[\"http:\/\/www.antalyakorfez.com\"],\"url\":\"https:\/\/www.antalyakorfez.com\/muze-kentin-ortak-hafizasi-olsun\"}]}<\/script>\n<!-- \/ Yoast SEO Premium plugin. -->","yoast_head_json":{"title":"M\u00fcze kentin ortak haf\u0131zas\u0131 olsun - Av. Deniz Can K\u0131z\u0131l","robots":{"index":"index","follow":"follow","max-snippet":"max-snippet:-1","max-image-preview":"max-image-preview:large","max-video-preview":"max-video-preview:-1"},"canonical":"https:\/\/denizcankizil.tr\/ru\/haberler\/gundem\/muze-kentin-ortak-hafizasi-olsun\/","og_locale":"ru_RU","og_type":"article","og_title":"M\u00fcze kentin ortak haf\u0131zas\u0131 olsun","og_description":"Antalya K\u00fclt\u00fcrel Miras Derne\u011fi (ANKA), y\u0131k\u0131lmas\u0131 g\u00fcndemde olan Antalya Arkeoloji M\u00fczesi i\u00e7in yeni bir \u00f6neride bulundu. ANKA, m\u00fczenin kentin ortak haf\u0131zas\u0131 olarak de\u011ferlendirilmesi i\u00e7in Antalya K\u00fclt\u00fcr Varl\u0131klar\u0131n\u0131 Koruma B\u00f6lge Kurulu\u2019na (AKVKBK) ba\u015fvuru yapt\u0131. \u00a0ANKA\u2019n\u0131n yapt\u0131\u011f\u0131 ba\u015fvuruda Arkeoloji M\u00fczesi\u2019nin mimari projesinin T\u00fcrkiye\u2019de ulusal bir yar\u0131\u015fma ile elde edilen ilk \u00f6rnek oldu\u011fu hat\u0131rlat\u0131ld\u0131: \u00d6ZG\u00dcN \u00d6RNEKLER MEVCUT ANKA\u2019n\u0131n ba\u015fvurusunda, \u201cAntalya Arkeoloji M\u00fczesi 1964 y\u0131l\u0131nda ulusal bir yar\u0131\u015fma projesi ile se\u00e7ilen \u00fclkemizin ilk m\u00fcze binas\u0131 olma vasf\u0131na sahiptir. Projenin m\u00fcellifi, \u0130stanbul Manifaturac\u0131lar \u00c7ar\u015f\u0131s\u0131 (IM \u00c7), Lassa Lastik Fabrikas\u0131, Stad Oteli (bug\u00fcn: Ankara Radisson Oteli) gibi \u00e7ok say\u0131da \u00f6d\u00fcll\u00fc yap\u0131n\u0131n da mimar\u0131 olan Do\u011fan Tekeli-Sami Sisa&#8217;d\u0131r. Yap\u0131, do\u011fal \u00e7evreyle uyumlu ve yatay formlar\u0131yla Akdeniz mimari bi\u00e7imleni\u015finin \u00f6zg\u00fcn \u00f6rneklerinden birisidir ve in\u015fa edildi\u011fi 1972 y\u0131l\u0131ndan bu yana kentimizin mimari siluetlerinden birini temsil etmektedir\u201d denildi. AVRUPA KONSEY\u0130 \u00d6D\u00dcLL\u00dc B\u0130R M\u00dcZE Ba\u015fvuruda \u015f\u00f6yle denildi: \u00a0\u201cM\u00fczemiz, bahse konu \u00f6nc\u00fc ve ba\u015far\u0131l\u0131 mimari tasar\u0131m\u0131 yan\u0131nda te\u015fhir ve tanzime elveri\u015fli sergi alanlar\u0131 nedeniyle 1988 y\u0131l\u0131nda Avrupa Konseyi \u00d6zel \u00d6d\u00fcl\u00fc\u2019n\u00fc kazanm\u0131\u015ft\u0131r. Fiziki \u00f6zellikleri yan\u0131 s\u0131ra Antalya Arkeoloji M\u00fczesi \u015fehrimizin ortak haf\u0131zas\u0131n\u0131n somut bir ifadesidir. Y\u0131llard\u0131r Antalyal\u0131lar\u0131n ve ziyaret\u00e7ilerin an\u0131lar\u0131nda yer etmi\u015f bu yap\u0131n\u0131n y\u0131k\u0131lmas\u0131, kentimizin kimli\u011fine vurulacak b\u00fcy\u00fck bir darbedir. Kentler i\u00e7in haf\u0131za mek\u00e2nlar\u0131, ge\u00e7mi\u015fle gelecek aras\u0131nda k\u00f6pr\u00fc kuran, toplumsal ba\u011flar\u0131 g\u00fc\u00e7lendiren &hellip;","og_url":"https:\/\/denizcankizil.tr\/ru\/haberler\/gundem\/muze-kentin-ortak-hafizasi-olsun\/","og_site_name":"Av. Deniz Can K\u0131z\u0131l","article_published_time":"2025-04-07T07:41:15+00:00","author":"Antalya K\u00f6rfez","twitter_card":"summary_large_image","twitter_misc":{"\u041d\u0430\u043f\u0438\u0441\u0430\u043d\u043e \u0430\u0432\u0442\u043e\u0440\u043e\u043c":"Antalya K\u00f6rfez","\u041f\u0440\u0438\u043c\u0435\u0440\u043d\u043e\u0435 \u0432\u0440\u0435\u043c\u044f \u0434\u043b\u044f \u0447\u0442\u0435\u043d\u0438\u044f":"4 \u043c\u0438\u043d\u0443\u0442\u044b"},"schema":{"@context":"https:\/\/schema.org","@graph":[{"@type":"Article","@id":"https:\/\/denizcankizil.tr\/de\/haberler\/gundem\/muze-kentin-ortak-hafizasi-olsun\/#article","isPartOf":{"@id":"https:\/\/denizcankizil.tr\/de\/haberler\/gundem\/muze-kentin-ortak-hafizasi-olsun\/"},"author":{"name":"Antalya K\u00f6rfez","@id":"https:\/\/denizcankizil.tr\/#\/schema\/person\/e1eb71bb4dd684d46563f0af307e1234"},"headline":"M\u00fcze kentin ortak haf\u0131zas\u0131 olsun","datePublished":"2025-04-07T07:41:15+00:00","mainEntityOfPage":{"@id":"https:\/\/denizcankizil.tr\/de\/haberler\/gundem\/muze-kentin-ortak-hafizasi-olsun\/"},"wordCount":716,"publisher":{"@id":"https:\/\/denizcankizil.tr\/#organization"},"articleSection":["G\u00fcndem"],"inLanguage":"ru-RU"},{"@type":"WebPage","@id":"https:\/\/denizcankizil.tr\/de\/haberler\/gundem\/muze-kentin-ortak-hafizasi-olsun\/","url":"https:\/\/denizcankizil.tr\/de\/haberler\/gundem\/muze-kentin-ortak-hafizasi-olsun\/","name":"M\u00fcze kentin ortak haf\u0131zas\u0131 olsun - Av. Deniz Can K\u0131z\u0131l","isPartOf":{"@id":"https:\/\/denizcankizil.tr\/#website"},"datePublished":"2025-04-07T07:41:15+00:00","breadcrumb":{"@id":"https:\/\/denizcankizil.tr\/de\/haberler\/gundem\/muze-kentin-ortak-hafizasi-olsun\/#breadcrumb"},"inLanguage":"ru-RU","potentialAction":[{"@type":"ReadAction","target":["https:\/\/denizcankizil.tr\/de\/haberler\/gundem\/muze-kentin-ortak-hafizasi-olsun\/"]}]},{"@type":"BreadcrumbList","@id":"https:\/\/denizcankizil.tr\/de\/haberler\/gundem\/muze-kentin-ortak-hafizasi-olsun\/#breadcrumb","itemListElement":[{"@type":"ListItem","position":1,"name":"Home","item":"https:\/\/denizcankizil.tr\/de\/"},{"@type":"ListItem","position":2,"name":"M\u00fcze kentin ortak haf\u0131zas\u0131 olsun"}]},{"@type":"WebSite","@id":"https:\/\/denizcankizil.tr\/#website","url":"https:\/\/denizcankizil.tr\/","name":"Av. Deniz Can K\u0131z\u0131l","description":"Avukat Deniz Can K\u0131z\u0131l Antalya Barosu","publisher":{"@id":"https:\/\/denizcankizil.tr\/#organization"},"potentialAction":[{"@type":"SearchAction","target":{"@type":"EntryPoint","urlTemplate":"https:\/\/denizcankizil.tr\/?s={search_term_string}"},"query-input":{"@type":"PropertyValueSpecification","valueRequired":true,"valueName":"search_term_string"}}],"inLanguage":"ru-RU"},{"@type":"Organization","@id":"https:\/\/denizcankizil.tr\/#organization","name":"Av. Deniz Can K\u0131z\u0131l","url":"https:\/\/denizcankizil.tr\/","logo":{"@type":"ImageObject","inLanguage":"ru-RU","@id":"https:\/\/denizcankizil.tr\/#\/schema\/logo\/image\/","url":"https:\/\/denizcankizil.tr\/wp-content\/uploads\/2024\/10\/siyah-logo-svg.svg","contentUrl":"https:\/\/denizcankizil.tr\/wp-content\/uploads\/2024\/10\/siyah-logo-svg.svg","width":1080,"height":1080,"caption":"Av. Deniz Can K\u0131z\u0131l"},"image":{"@id":"https:\/\/denizcankizil.tr\/#\/schema\/logo\/image\/"}},{"@type":"Person","@id":"https:\/\/denizcankizil.tr\/#\/schema\/person\/e1eb71bb4dd684d46563f0af307e1234","name":"Antalya K\u00f6rfez","image":{"@type":"ImageObject","inLanguage":"ru-RU","@id":"https:\/\/denizcankizil.tr\/#\/schema\/person\/image\/","url":"https:\/\/secure.gravatar.com\/avatar\/42b01982558a48a0b501fdcab6a408d3717ea5919095ee2e67b0e521799c5905?s=96&d=mm&r=g","contentUrl":"https:\/\/secure.gravatar.com\/avatar\/42b01982558a48a0b501fdcab6a408d3717ea5919095ee2e67b0e521799c5905?s=96&d=mm&r=g","caption":"Antalya K\u00f6rfez"},"sameAs":["http:\/\/www.antalyakorfez.com"],"url":"https:\/\/www.antalyakorfez.com\/muze-kentin-ortak-hafizasi-olsun"}]}},"_links":{"self":[{"href":"https:\/\/denizcankizil.tr\/ru\/wp-json\/wp\/v2\/posts\/48069","targetHints":{"allow":["GET"]}}],"collection":[{"href":"https:\/\/denizcankizil.tr\/ru\/wp-json\/wp\/v2\/posts"}],"about":[{"href":"https:\/\/denizcankizil.tr\/ru\/wp-json\/wp\/v2\/types\/post"}],"author":[{"embeddable":true,"href":"https:\/\/denizcankizil.tr\/ru\/wp-json\/wp\/v2\/users\/5"}],"replies":[{"embeddable":true,"href":"https:\/\/denizcankizil.tr\/ru\/wp-json\/wp\/v2\/comments?post=48069"}],"version-history":[{"count":0,"href":"https:\/\/denizcankizil.tr\/ru\/wp-json\/wp\/v2\/posts\/48069\/revisions"}],"wp:attachment":[{"href":"https:\/\/denizcankizil.tr\/ru\/wp-json\/wp\/v2\/media?parent=48069"}],"wp:term":[{"taxonomy":"category","embeddable":true,"href":"https:\/\/denizcankizil.tr\/ru\/wp-json\/wp\/v2\/categories?post=48069"},{"taxonomy":"post_tag","embeddable":true,"href":"https:\/\/denizcankizil.tr\/ru\/wp-json\/wp\/v2\/tags?post=48069"}],"curies":[{"name":"wp","href":"https:\/\/api.w.org\/{rel}","templated":true}]}}