{"id":46252,"date":"2025-04-05T11:42:24","date_gmt":"2025-04-05T08:42:24","guid":{"rendered":"https:\/\/denizcankizil.tr\/uncategorized-tr\/izmir-aliaga-yatirim-yapiyor\/"},"modified":"2025-04-05T11:42:24","modified_gmt":"2025-04-05T08:42:24","slug":"izmir-aliaga-yatirim-yapiyor","status":"publish","type":"post","link":"https:\/\/denizcankizil.tr\/ru\/haberler\/gundem\/izmir-aliaga-yatirim-yapiyor\/","title":{"rendered":"\u0130zmir Alia\u011fa yat\u0131r\u0131m yap\u0131yor"},"content":{"rendered":"<p>\u0130zmir Alia\u011fa Belediye Meclisi Nisan Ay\u0131 Ola\u011fan Toplant\u0131s\u0131, Belediye Ba\u015fkan\u0131 Serkan Acar y\u00f6netiminde ger\u00e7ekle\u015ftirildi. Belediye Meclis Salonu\u2019ndaki oturum 4 Mart 2025 tarihli meclis tutana\u011f\u0131n\u0131n okunup onaylanmas\u0131 ve Denetim Komisyonu Raporu\u2019nun meclisin bilgisine sunulmas\u0131yla ba\u015flad\u0131.\u0130ZM\u0130R (\u0130GFA) &#8211; Denetim komisyonu raporuna ili\u015fkin de\u011ferlendirmelerde bulunan \u0130zmir Alia\u011fa Belediye Ba\u015fkan\u0131 Serkan Acar, denetim komisyonu raporuna hi\u00e7bir \u015fekilde m\u00fcdahalelerinin olmad\u0131\u011f\u0131 gibi raporun ba\u011f\u0131ms\u0131z bir denet\u00e7i taraf\u0131ndan da denetlendi\u011fini s\u00f6yledi. Al\u0131nan ekmekten tutun da t\u00fcm harcamalar\u0131n denetim komisyonu raporunda yer ald\u0131\u011f\u0131n\u0131 belirten Ba\u015fkan Serkan Acar, do\u011frudan temin, personel giderleri ve s\u00fcrd\u00fcr\u00fclebilir b\u00fct\u00e7e hakk\u0131nda bilgilendirmelerde bulundu. Ba\u015fkan Serkan Acar, yasal do\u011frudan temin limitinin b\u00fct\u00e7enin y\u00fczde 10&#8217;unu a\u015fmamas\u0131 gerekti\u011fini, Alia\u011fa Belediyesi\u2019nde ise bu oran\u0131n y\u00fczde 4 civarlar\u0131nda kald\u0131\u011f\u0131n\u0131 ve bunun \u00f6rne\u011fi olmayan bir ba\u015far\u0131 oldu\u011funu s\u00f6yledi.<br \/>\nBelediyeleri en \u00e7ok zorlayan kalemlerden birinin personel giderleri oldu\u011funun alt\u0131n\u0131 \u00e7izen Ba\u015fkan Serkan Acar, \u201cPersonel giderlerinde b\u00fct\u00e7enin y\u00fczde 30\u2019u yasal limit olarak kabul ediliyor. Yap\u0131lan son zamlardan sonra personel giderlerimizde art\u0131\u015f oldu. Ge\u00e7en sene b\u00fct\u00e7enin y\u00fczde 16\u2019s\u0131 seviyelerindeydik. Bu sene ise bu oran\u0131 y\u00fczde 22 seviyelerinde tuttuk. B\u00fcy\u00fck\u015fehir dahil, \u0130zmir\u2019de yasal limitin alt\u0131nda kalmay\u0131 ba\u015faran ba\u015fka bir belediyeyi \u00f6rnek veremezsiniz. Maa\u015flar\u0131 d\u00fczenli \u00f6deyen bir belediyemiz var\u201d ifadelerini kulland\u0131.<br \/>\n\u00d6nemli olan\u0131n ekonomik anlamda s\u00fcrd\u00fcr\u00fclebilir bir b\u00fct\u00e7e olu\u015fturmak oldu\u011funu da s\u00f6zlerine ekleyen Ba\u015fkan Serkan Acar, \u201cB\u00fct\u00e7emizin y\u00fczde 64\u2019\u00fc ile mal ve hizmet al\u0131m\u0131 yap\u0131yoruz. \u00c7\u00fcnk\u00fc yat\u0131r\u0131m yapan bir belediyeyiz. Yat\u0131r\u0131mlar konusunda yol ve cadde yap\u0131mlar\u0131 da yer al\u0131yor. Yeri geliyor b\u00fcy\u00fck\u015fehrin g\u00f6rev alan\u0131na giren yollar\u0131 da yap\u0131yoruz\u201d dedi. \u00a0\u00a0<\/p>\n<p>\u200b\u0130zmir Alia\u011fa Belediye Meclisi Nisan Ay\u0131 Ola\u011fan Toplant\u0131s\u0131, Belediye Ba\u015fkan\u0131 Serkan Acar y\u00f6netiminde ger\u00e7ekle\u015ftirildi. Belediye Meclis Salonu\u2019ndaki oturum 4 Mart 2025 tarihli meclis tutana\u011f\u0131n\u0131n okunup onaylanmas\u0131 ve Denetim Komisyonu Raporu\u2019nun meclisin bilgisine sunulmas\u0131yla ba\u015flad\u0131.\u0130ZM\u0130R (\u0130GFA) &#8211; Denetim komisyonu raporuna ili\u015fkin de\u011ferlendirmelerde bulunan \u0130zmir Alia\u011fa Belediye Ba\u015fkan\u0131 Serkan Acar, denetim komisyonu raporuna hi\u00e7bir \u015fekilde m\u00fcdahalelerinin olmad\u0131\u011f\u0131 gibi raporun ba\u011f\u0131ms\u0131z bir denet\u00e7i taraf\u0131ndan da denetlendi\u011fini s\u00f6yledi. Al\u0131nan ekmekten tutun da t\u00fcm harcamalar\u0131n denetim komisyonu raporunda yer ald\u0131\u011f\u0131n\u0131 belirten Ba\u015fkan Serkan Acar, do\u011frudan temin, personel giderleri ve s\u00fcrd\u00fcr\u00fclebilir b\u00fct\u00e7e hakk\u0131nda bilgilendirmelerde bulundu. Ba\u015fkan Serkan Acar, yasal do\u011frudan temin limitinin b\u00fct\u00e7enin y\u00fczde 10&#8217;unu a\u015fmamas\u0131 gerekti\u011fini, Alia\u011fa Belediyesi\u2019nde ise bu oran\u0131n y\u00fczde 4 civarlar\u0131nda kald\u0131\u011f\u0131n\u0131 ve bunun \u00f6rne\u011fi olmayan bir ba\u015far\u0131 oldu\u011funu s\u00f6yledi.<br \/>\nBelediyeleri en \u00e7ok zorlayan kalemlerden birinin personel giderleri oldu\u011funun alt\u0131n\u0131 \u00e7izen Ba\u015fkan Serkan Acar, \u201cPersonel giderlerinde b\u00fct\u00e7enin y\u00fczde 30\u2019u yasal limit olarak kabul ediliyor. Yap\u0131lan son zamlardan sonra personel giderlerimizde art\u0131\u015f oldu. Ge\u00e7en sene b\u00fct\u00e7enin y\u00fczde 16\u2019s\u0131 seviyelerindeydik. Bu sene ise bu oran\u0131 y\u00fczde 22 seviyelerinde tuttuk. B\u00fcy\u00fck\u015fehir dahil, \u0130zmir\u2019de yasal limitin alt\u0131nda kalmay\u0131 ba\u015faran ba\u015fka bir belediyeyi \u00f6rnek veremezsiniz. Maa\u015flar\u0131 d\u00fczenli \u00f6deyen bir belediyemiz var\u201d ifadelerini kulland\u0131.<br \/>\n\u00d6nemli olan\u0131n ekonomik anlamda s\u00fcrd\u00fcr\u00fclebilir bir b\u00fct\u00e7e olu\u015fturmak oldu\u011funu da s\u00f6zlerine ekleyen Ba\u015fkan Serkan Acar, \u201cB\u00fct\u00e7emizin y\u00fczde 64\u2019\u00fc ile mal ve hizmet al\u0131m\u0131 yap\u0131yoruz. \u00c7\u00fcnk\u00fc yat\u0131r\u0131m yapan bir belediyeyiz. Yat\u0131r\u0131mlar konusunda yol ve cadde yap\u0131mlar\u0131 da yer al\u0131yor. Yeri geliyor b\u00fcy\u00fck\u015fehrin g\u00f6rev alan\u0131na giren yollar\u0131 da yap\u0131yoruz\u201d dedi. \u00a0\u00a0\u00a0<\/p>\n<p>\u200bHaberin Al\u0131nt\u0131land\u0131\u011f\u0131 Kaynak: www.iskenderun.org<\/p>","protected":false},"excerpt":{"rendered":"<p>\u0130zmir Alia\u011fa Belediye Meclisi Nisan Ay\u0131 Ola\u011fan Toplant\u0131s\u0131, Belediye Ba\u015fkan\u0131 Serkan Acar y\u00f6netiminde ger\u00e7ekle\u015ftirildi. Belediye Meclis Salonu\u2019ndaki oturum 4 Mart 2025 tarihli meclis tutana\u011f\u0131n\u0131n okunup onaylanmas\u0131 ve Denetim Komisyonu Raporu\u2019nun meclisin bilgisine sunulmas\u0131yla ba\u015flad\u0131.\u0130ZM\u0130R (\u0130GFA) &#8211; Denetim komisyonu raporuna ili\u015fkin de\u011ferlendirmelerde bulunan \u0130zmir Alia\u011fa Belediye Ba\u015fkan\u0131 Serkan Acar, denetim komisyonu raporuna hi\u00e7bir \u015fekilde m\u00fcdahalelerinin olmad\u0131\u011f\u0131 gibi raporun ba\u011f\u0131ms\u0131z bir denet\u00e7i taraf\u0131ndan da denetlendi\u011fini s\u00f6yledi. Al\u0131nan ekmekten tutun da t\u00fcm harcamalar\u0131n denetim komisyonu raporunda yer ald\u0131\u011f\u0131n\u0131 belirten Ba\u015fkan Serkan Acar, do\u011frudan temin, personel giderleri ve s\u00fcrd\u00fcr\u00fclebilir b\u00fct\u00e7e hakk\u0131nda bilgilendirmelerde bulundu. Ba\u015fkan Serkan Acar, yasal do\u011frudan temin limitinin b\u00fct\u00e7enin y\u00fczde 10&#8217;unu a\u015fmamas\u0131 gerekti\u011fini, Alia\u011fa Belediyesi\u2019nde ise bu oran\u0131n y\u00fczde 4 civarlar\u0131nda kald\u0131\u011f\u0131n\u0131 ve bunun \u00f6rne\u011fi olmayan bir ba\u015far\u0131 oldu\u011funu s\u00f6yledi. Belediyeleri en \u00e7ok zorlayan kalemlerden birinin personel giderleri oldu\u011funun alt\u0131n\u0131 \u00e7izen Ba\u015fkan Serkan Acar, \u201cPersonel giderlerinde b\u00fct\u00e7enin y\u00fczde 30\u2019u yasal limit olarak kabul ediliyor. Yap\u0131lan son zamlardan sonra personel giderlerimizde art\u0131\u015f oldu. Ge\u00e7en sene b\u00fct\u00e7enin y\u00fczde 16\u2019s\u0131 seviyelerindeydik. Bu sene ise bu oran\u0131 y\u00fczde 22 seviyelerinde tuttuk. B\u00fcy\u00fck\u015fehir dahil, \u0130zmir\u2019de yasal limitin alt\u0131nda kalmay\u0131 ba\u015faran ba\u015fka bir belediyeyi \u00f6rnek veremezsiniz. Maa\u015flar\u0131 d\u00fczenli \u00f6deyen bir belediyemiz var\u201d ifadelerini kulland\u0131. \u00d6nemli olan\u0131n ekonomik anlamda s\u00fcrd\u00fcr\u00fclebilir bir b\u00fct\u00e7e olu\u015fturmak oldu\u011funu da s\u00f6zlerine ekleyen Ba\u015fkan Serkan &hellip;<\/p>","protected":false},"author":1,"featured_media":0,"comment_status":"","ping_status":"open","sticky":false,"template":"","format":"standard","meta":{"_acf_changed":false,"footnotes":""},"categories":[24],"tags":[],"class_list":["post-46252","post","type-post","status-publish","format-standard","has-post-thumbnail","hentry","category-gundem"],"acf":[],"yoast_head":"<!-- This site is optimized with the Yoast SEO Premium plugin v26.6 (Yoast SEO v27.1.1) - https:\/\/yoast.com\/product\/yoast-seo-premium-wordpress\/ -->\n<title>\u0130zmir Alia\u011fa yat\u0131r\u0131m yap\u0131yor - Av. Deniz Can K\u0131z\u0131l<\/title>\n<meta name=\"robots\" content=\"index, follow, max-snippet:-1, max-image-preview:large, max-video-preview:-1\" \/>\n<link rel=\"canonical\" href=\"https:\/\/denizcankizil.tr\/ru\/haberler\/gundem\/izmir-aliaga-yatirim-yapiyor\/\" \/>\n<meta property=\"og:locale\" content=\"ru_RU\" \/>\n<meta property=\"og:type\" content=\"article\" \/>\n<meta property=\"og:title\" content=\"\u0130zmir Alia\u011fa yat\u0131r\u0131m yap\u0131yor\" \/>\n<meta property=\"og:description\" content=\"\u0130zmir Alia\u011fa Belediye Meclisi Nisan Ay\u0131 Ola\u011fan Toplant\u0131s\u0131, Belediye Ba\u015fkan\u0131 Serkan Acar y\u00f6netiminde ger\u00e7ekle\u015ftirildi. Belediye Meclis Salonu\u2019ndaki oturum 4 Mart 2025 tarihli meclis tutana\u011f\u0131n\u0131n okunup onaylanmas\u0131 ve Denetim Komisyonu Raporu\u2019nun meclisin bilgisine sunulmas\u0131yla ba\u015flad\u0131.\u0130ZM\u0130R (\u0130GFA) &#8211; Denetim komisyonu raporuna ili\u015fkin de\u011ferlendirmelerde bulunan \u0130zmir Alia\u011fa Belediye Ba\u015fkan\u0131 Serkan Acar, denetim komisyonu raporuna hi\u00e7bir \u015fekilde m\u00fcdahalelerinin olmad\u0131\u011f\u0131 gibi raporun ba\u011f\u0131ms\u0131z bir denet\u00e7i taraf\u0131ndan da denetlendi\u011fini s\u00f6yledi. Al\u0131nan ekmekten tutun da t\u00fcm harcamalar\u0131n denetim komisyonu raporunda yer ald\u0131\u011f\u0131n\u0131 belirten Ba\u015fkan Serkan Acar, do\u011frudan temin, personel giderleri ve s\u00fcrd\u00fcr\u00fclebilir b\u00fct\u00e7e hakk\u0131nda bilgilendirmelerde bulundu. Ba\u015fkan Serkan Acar, yasal do\u011frudan temin limitinin b\u00fct\u00e7enin y\u00fczde 10&#8217;unu a\u015fmamas\u0131 gerekti\u011fini, Alia\u011fa Belediyesi\u2019nde ise bu oran\u0131n y\u00fczde 4 civarlar\u0131nda kald\u0131\u011f\u0131n\u0131 ve bunun \u00f6rne\u011fi olmayan bir ba\u015far\u0131 oldu\u011funu s\u00f6yledi. Belediyeleri en \u00e7ok zorlayan kalemlerden birinin personel giderleri oldu\u011funun alt\u0131n\u0131 \u00e7izen Ba\u015fkan Serkan Acar, \u201cPersonel giderlerinde b\u00fct\u00e7enin y\u00fczde 30\u2019u yasal limit olarak kabul ediliyor. Yap\u0131lan son zamlardan sonra personel giderlerimizde art\u0131\u015f oldu. Ge\u00e7en sene b\u00fct\u00e7enin y\u00fczde 16\u2019s\u0131 seviyelerindeydik. Bu sene ise bu oran\u0131 y\u00fczde 22 seviyelerinde tuttuk. B\u00fcy\u00fck\u015fehir dahil, \u0130zmir\u2019de yasal limitin alt\u0131nda kalmay\u0131 ba\u015faran ba\u015fka bir belediyeyi \u00f6rnek veremezsiniz. Maa\u015flar\u0131 d\u00fczenli \u00f6deyen bir belediyemiz var\u201d ifadelerini kulland\u0131. \u00d6nemli olan\u0131n ekonomik anlamda s\u00fcrd\u00fcr\u00fclebilir bir b\u00fct\u00e7e olu\u015fturmak oldu\u011funu da s\u00f6zlerine ekleyen Ba\u015fkan Serkan &hellip;\" \/>\n<meta property=\"og:url\" content=\"https:\/\/denizcankizil.tr\/ru\/haberler\/gundem\/izmir-aliaga-yatirim-yapiyor\/\" \/>\n<meta property=\"og:site_name\" content=\"Av. Deniz Can K\u0131z\u0131l\" \/>\n<meta property=\"article:published_time\" content=\"2025-04-05T08:42:24+00:00\" \/>\n<meta name=\"author\" content=\"admin\" \/>\n<meta name=\"twitter:card\" content=\"summary_large_image\" \/>\n<meta name=\"twitter:label1\" content=\"\u041d\u0430\u043f\u0438\u0441\u0430\u043d\u043e \u0430\u0432\u0442\u043e\u0440\u043e\u043c\" \/>\n\t<meta name=\"twitter:data1\" content=\"admin\" \/>\n\t<meta name=\"twitter:label2\" content=\"\u041f\u0440\u0438\u043c\u0435\u0440\u043d\u043e\u0435 \u0432\u0440\u0435\u043c\u044f \u0434\u043b\u044f \u0447\u0442\u0435\u043d\u0438\u044f\" \/>\n\t<meta name=\"twitter:data2\" content=\"3 \u043c\u0438\u043d\u0443\u0442\u044b\" \/>\n<script type=\"application\/ld+json\" class=\"yoast-schema-graph\">{\"@context\":\"https:\/\/schema.org\",\"@graph\":[{\"@type\":\"Article\",\"@id\":\"https:\/\/denizcankizil.tr\/en\/haberler\/gundem\/izmir-aliaga-yatirim-yapiyor\/#article\",\"isPartOf\":{\"@id\":\"https:\/\/denizcankizil.tr\/en\/haberler\/gundem\/izmir-aliaga-yatirim-yapiyor\/\"},\"author\":{\"name\":\"admin\",\"@id\":\"https:\/\/denizcankizil.tr\/de\/#\/schema\/person\/be3c05fe6a12686905512445d8185489\"},\"headline\":\"\u0130zmir Alia\u011fa yat\u0131r\u0131m yap\u0131yor\",\"datePublished\":\"2025-04-05T08:42:24+00:00\",\"mainEntityOfPage\":{\"@id\":\"https:\/\/denizcankizil.tr\/en\/haberler\/gundem\/izmir-aliaga-yatirim-yapiyor\/\"},\"wordCount\":682,\"publisher\":{\"@id\":\"https:\/\/denizcankizil.tr\/de\/#organization\"},\"articleSection\":[\"G\u00fcndem\"],\"inLanguage\":\"ru-RU\"},{\"@type\":\"WebPage\",\"@id\":\"https:\/\/denizcankizil.tr\/en\/haberler\/gundem\/izmir-aliaga-yatirim-yapiyor\/\",\"url\":\"https:\/\/denizcankizil.tr\/en\/haberler\/gundem\/izmir-aliaga-yatirim-yapiyor\/\",\"name\":\"\u0130zmir Alia\u011fa yat\u0131r\u0131m yap\u0131yor - Av. Deniz Can K\u0131z\u0131l\",\"isPartOf\":{\"@id\":\"https:\/\/denizcankizil.tr\/de\/#website\"},\"datePublished\":\"2025-04-05T08:42:24+00:00\",\"breadcrumb\":{\"@id\":\"https:\/\/denizcankizil.tr\/en\/haberler\/gundem\/izmir-aliaga-yatirim-yapiyor\/#breadcrumb\"},\"inLanguage\":\"ru-RU\",\"potentialAction\":[{\"@type\":\"ReadAction\",\"target\":[\"https:\/\/denizcankizil.tr\/en\/haberler\/gundem\/izmir-aliaga-yatirim-yapiyor\/\"]}]},{\"@type\":\"BreadcrumbList\",\"@id\":\"https:\/\/denizcankizil.tr\/en\/haberler\/gundem\/izmir-aliaga-yatirim-yapiyor\/#breadcrumb\",\"itemListElement\":[{\"@type\":\"ListItem\",\"position\":1,\"name\":\"Home\",\"item\":\"https:\/\/denizcankizil.tr\/de\/\"},{\"@type\":\"ListItem\",\"position\":2,\"name\":\"\u0130zmir Alia\u011fa yat\u0131r\u0131m yap\u0131yor\"}]},{\"@type\":\"WebSite\",\"@id\":\"https:\/\/denizcankizil.tr\/de\/#website\",\"url\":\"https:\/\/denizcankizil.tr\/de\/\",\"name\":\"Av. Deniz Can K\u0131z\u0131l\",\"description\":\"Avukat Deniz Can K\u0131z\u0131l Antalya Barosu\",\"publisher\":{\"@id\":\"https:\/\/denizcankizil.tr\/de\/#organization\"},\"potentialAction\":[{\"@type\":\"SearchAction\",\"target\":{\"@type\":\"EntryPoint\",\"urlTemplate\":\"https:\/\/denizcankizil.tr\/de\/?s={search_term_string}\"},\"query-input\":{\"@type\":\"PropertyValueSpecification\",\"valueRequired\":true,\"valueName\":\"search_term_string\"}}],\"inLanguage\":\"ru-RU\"},{\"@type\":\"Organization\",\"@id\":\"https:\/\/denizcankizil.tr\/de\/#organization\",\"name\":\"Av. Deniz Can K\u0131z\u0131l\",\"url\":\"https:\/\/denizcankizil.tr\/de\/\",\"logo\":{\"@type\":\"ImageObject\",\"inLanguage\":\"ru-RU\",\"@id\":\"https:\/\/denizcankizil.tr\/de\/#\/schema\/logo\/image\/\",\"url\":\"https:\/\/denizcankizil.tr\/wp-content\/uploads\/2024\/10\/siyah-logo-svg.svg\",\"contentUrl\":\"https:\/\/denizcankizil.tr\/wp-content\/uploads\/2024\/10\/siyah-logo-svg.svg\",\"width\":1080,\"height\":1080,\"caption\":\"Av. Deniz Can K\u0131z\u0131l\"},\"image\":{\"@id\":\"https:\/\/denizcankizil.tr\/de\/#\/schema\/logo\/image\/\"}},{\"@type\":\"Person\",\"@id\":\"https:\/\/denizcankizil.tr\/de\/#\/schema\/person\/be3c05fe6a12686905512445d8185489\",\"name\":\"admin\",\"image\":{\"@type\":\"ImageObject\",\"inLanguage\":\"ru-RU\",\"@id\":\"https:\/\/denizcankizil.tr\/de\/#\/schema\/person\/image\/\",\"url\":\"https:\/\/secure.gravatar.com\/avatar\/c1fce94c830dc79107e174f890d7210541c4a63e8e5d816341794a2151c9d58c?s=96&d=mm&r=g\",\"contentUrl\":\"https:\/\/secure.gravatar.com\/avatar\/c1fce94c830dc79107e174f890d7210541c4a63e8e5d816341794a2151c9d58c?s=96&d=mm&r=g\",\"caption\":\"admin\"},\"sameAs\":[\"http:\/\/denizcankizil.tr\"],\"url\":\"https:\/\/www.iskenderun.org\/izmir-aliaga-yatirim-yapiyor\"}]}<\/script>\n<!-- \/ Yoast SEO Premium plugin. -->","yoast_head_json":{"title":"\u0130zmir Alia\u011fa yat\u0131r\u0131m yap\u0131yor - Av. Deniz Can K\u0131z\u0131l","robots":{"index":"index","follow":"follow","max-snippet":"max-snippet:-1","max-image-preview":"max-image-preview:large","max-video-preview":"max-video-preview:-1"},"canonical":"https:\/\/denizcankizil.tr\/ru\/haberler\/gundem\/izmir-aliaga-yatirim-yapiyor\/","og_locale":"ru_RU","og_type":"article","og_title":"\u0130zmir Alia\u011fa yat\u0131r\u0131m yap\u0131yor","og_description":"\u0130zmir Alia\u011fa Belediye Meclisi Nisan Ay\u0131 Ola\u011fan Toplant\u0131s\u0131, Belediye Ba\u015fkan\u0131 Serkan Acar y\u00f6netiminde ger\u00e7ekle\u015ftirildi. Belediye Meclis Salonu\u2019ndaki oturum 4 Mart 2025 tarihli meclis tutana\u011f\u0131n\u0131n okunup onaylanmas\u0131 ve Denetim Komisyonu Raporu\u2019nun meclisin bilgisine sunulmas\u0131yla ba\u015flad\u0131.\u0130ZM\u0130R (\u0130GFA) &#8211; Denetim komisyonu raporuna ili\u015fkin de\u011ferlendirmelerde bulunan \u0130zmir Alia\u011fa Belediye Ba\u015fkan\u0131 Serkan Acar, denetim komisyonu raporuna hi\u00e7bir \u015fekilde m\u00fcdahalelerinin olmad\u0131\u011f\u0131 gibi raporun ba\u011f\u0131ms\u0131z bir denet\u00e7i taraf\u0131ndan da denetlendi\u011fini s\u00f6yledi. Al\u0131nan ekmekten tutun da t\u00fcm harcamalar\u0131n denetim komisyonu raporunda yer ald\u0131\u011f\u0131n\u0131 belirten Ba\u015fkan Serkan Acar, do\u011frudan temin, personel giderleri ve s\u00fcrd\u00fcr\u00fclebilir b\u00fct\u00e7e hakk\u0131nda bilgilendirmelerde bulundu. Ba\u015fkan Serkan Acar, yasal do\u011frudan temin limitinin b\u00fct\u00e7enin y\u00fczde 10&#8217;unu a\u015fmamas\u0131 gerekti\u011fini, Alia\u011fa Belediyesi\u2019nde ise bu oran\u0131n y\u00fczde 4 civarlar\u0131nda kald\u0131\u011f\u0131n\u0131 ve bunun \u00f6rne\u011fi olmayan bir ba\u015far\u0131 oldu\u011funu s\u00f6yledi. Belediyeleri en \u00e7ok zorlayan kalemlerden birinin personel giderleri oldu\u011funun alt\u0131n\u0131 \u00e7izen Ba\u015fkan Serkan Acar, \u201cPersonel giderlerinde b\u00fct\u00e7enin y\u00fczde 30\u2019u yasal limit olarak kabul ediliyor. Yap\u0131lan son zamlardan sonra personel giderlerimizde art\u0131\u015f oldu. Ge\u00e7en sene b\u00fct\u00e7enin y\u00fczde 16\u2019s\u0131 seviyelerindeydik. Bu sene ise bu oran\u0131 y\u00fczde 22 seviyelerinde tuttuk. B\u00fcy\u00fck\u015fehir dahil, \u0130zmir\u2019de yasal limitin alt\u0131nda kalmay\u0131 ba\u015faran ba\u015fka bir belediyeyi \u00f6rnek veremezsiniz. Maa\u015flar\u0131 d\u00fczenli \u00f6deyen bir belediyemiz var\u201d ifadelerini kulland\u0131. \u00d6nemli olan\u0131n ekonomik anlamda s\u00fcrd\u00fcr\u00fclebilir bir b\u00fct\u00e7e olu\u015fturmak oldu\u011funu da s\u00f6zlerine ekleyen Ba\u015fkan Serkan &hellip;","og_url":"https:\/\/denizcankizil.tr\/ru\/haberler\/gundem\/izmir-aliaga-yatirim-yapiyor\/","og_site_name":"Av. Deniz Can K\u0131z\u0131l","article_published_time":"2025-04-05T08:42:24+00:00","author":"admin","twitter_card":"summary_large_image","twitter_misc":{"\u041d\u0430\u043f\u0438\u0441\u0430\u043d\u043e \u0430\u0432\u0442\u043e\u0440\u043e\u043c":"admin","\u041f\u0440\u0438\u043c\u0435\u0440\u043d\u043e\u0435 \u0432\u0440\u0435\u043c\u044f \u0434\u043b\u044f \u0447\u0442\u0435\u043d\u0438\u044f":"3 \u043c\u0438\u043d\u0443\u0442\u044b"},"schema":{"@context":"https:\/\/schema.org","@graph":[{"@type":"Article","@id":"https:\/\/denizcankizil.tr\/en\/haberler\/gundem\/izmir-aliaga-yatirim-yapiyor\/#article","isPartOf":{"@id":"https:\/\/denizcankizil.tr\/en\/haberler\/gundem\/izmir-aliaga-yatirim-yapiyor\/"},"author":{"name":"admin","@id":"https:\/\/denizcankizil.tr\/de\/#\/schema\/person\/be3c05fe6a12686905512445d8185489"},"headline":"\u0130zmir Alia\u011fa yat\u0131r\u0131m yap\u0131yor","datePublished":"2025-04-05T08:42:24+00:00","mainEntityOfPage":{"@id":"https:\/\/denizcankizil.tr\/en\/haberler\/gundem\/izmir-aliaga-yatirim-yapiyor\/"},"wordCount":682,"publisher":{"@id":"https:\/\/denizcankizil.tr\/de\/#organization"},"articleSection":["G\u00fcndem"],"inLanguage":"ru-RU"},{"@type":"WebPage","@id":"https:\/\/denizcankizil.tr\/en\/haberler\/gundem\/izmir-aliaga-yatirim-yapiyor\/","url":"https:\/\/denizcankizil.tr\/en\/haberler\/gundem\/izmir-aliaga-yatirim-yapiyor\/","name":"\u0130zmir Alia\u011fa yat\u0131r\u0131m yap\u0131yor - Av. Deniz Can K\u0131z\u0131l","isPartOf":{"@id":"https:\/\/denizcankizil.tr\/de\/#website"},"datePublished":"2025-04-05T08:42:24+00:00","breadcrumb":{"@id":"https:\/\/denizcankizil.tr\/en\/haberler\/gundem\/izmir-aliaga-yatirim-yapiyor\/#breadcrumb"},"inLanguage":"ru-RU","potentialAction":[{"@type":"ReadAction","target":["https:\/\/denizcankizil.tr\/en\/haberler\/gundem\/izmir-aliaga-yatirim-yapiyor\/"]}]},{"@type":"BreadcrumbList","@id":"https:\/\/denizcankizil.tr\/en\/haberler\/gundem\/izmir-aliaga-yatirim-yapiyor\/#breadcrumb","itemListElement":[{"@type":"ListItem","position":1,"name":"Home","item":"https:\/\/denizcankizil.tr\/de\/"},{"@type":"ListItem","position":2,"name":"\u0130zmir Alia\u011fa yat\u0131r\u0131m yap\u0131yor"}]},{"@type":"WebSite","@id":"https:\/\/denizcankizil.tr\/de\/#website","url":"https:\/\/denizcankizil.tr\/de\/","name":"Av. Deniz Can K\u0131z\u0131l","description":"Avukat Deniz Can K\u0131z\u0131l Antalya Barosu","publisher":{"@id":"https:\/\/denizcankizil.tr\/de\/#organization"},"potentialAction":[{"@type":"SearchAction","target":{"@type":"EntryPoint","urlTemplate":"https:\/\/denizcankizil.tr\/de\/?s={search_term_string}"},"query-input":{"@type":"PropertyValueSpecification","valueRequired":true,"valueName":"search_term_string"}}],"inLanguage":"ru-RU"},{"@type":"Organization","@id":"https:\/\/denizcankizil.tr\/de\/#organization","name":"Av. Deniz Can K\u0131z\u0131l","url":"https:\/\/denizcankizil.tr\/de\/","logo":{"@type":"ImageObject","inLanguage":"ru-RU","@id":"https:\/\/denizcankizil.tr\/de\/#\/schema\/logo\/image\/","url":"https:\/\/denizcankizil.tr\/wp-content\/uploads\/2024\/10\/siyah-logo-svg.svg","contentUrl":"https:\/\/denizcankizil.tr\/wp-content\/uploads\/2024\/10\/siyah-logo-svg.svg","width":1080,"height":1080,"caption":"Av. Deniz Can K\u0131z\u0131l"},"image":{"@id":"https:\/\/denizcankizil.tr\/de\/#\/schema\/logo\/image\/"}},{"@type":"Person","@id":"https:\/\/denizcankizil.tr\/de\/#\/schema\/person\/be3c05fe6a12686905512445d8185489","name":"\u0430\u0434\u043c\u0438\u043d","image":{"@type":"ImageObject","inLanguage":"ru-RU","@id":"https:\/\/denizcankizil.tr\/de\/#\/schema\/person\/image\/","url":"https:\/\/secure.gravatar.com\/avatar\/c1fce94c830dc79107e174f890d7210541c4a63e8e5d816341794a2151c9d58c?s=96&d=mm&r=g","contentUrl":"https:\/\/secure.gravatar.com\/avatar\/c1fce94c830dc79107e174f890d7210541c4a63e8e5d816341794a2151c9d58c?s=96&d=mm&r=g","caption":"admin"},"sameAs":["http:\/\/denizcankizil.tr"],"url":"https:\/\/www.iskenderun.org\/izmir-aliaga-yatirim-yapiyor"}]}},"_links":{"self":[{"href":"https:\/\/denizcankizil.tr\/ru\/wp-json\/wp\/v2\/posts\/46252","targetHints":{"allow":["GET"]}}],"collection":[{"href":"https:\/\/denizcankizil.tr\/ru\/wp-json\/wp\/v2\/posts"}],"about":[{"href":"https:\/\/denizcankizil.tr\/ru\/wp-json\/wp\/v2\/types\/post"}],"author":[{"embeddable":true,"href":"https:\/\/denizcankizil.tr\/ru\/wp-json\/wp\/v2\/users\/1"}],"replies":[{"embeddable":true,"href":"https:\/\/denizcankizil.tr\/ru\/wp-json\/wp\/v2\/comments?post=46252"}],"version-history":[{"count":0,"href":"https:\/\/denizcankizil.tr\/ru\/wp-json\/wp\/v2\/posts\/46252\/revisions"}],"wp:attachment":[{"href":"https:\/\/denizcankizil.tr\/ru\/wp-json\/wp\/v2\/media?parent=46252"}],"wp:term":[{"taxonomy":"category","embeddable":true,"href":"https:\/\/denizcankizil.tr\/ru\/wp-json\/wp\/v2\/categories?post=46252"},{"taxonomy":"post_tag","embeddable":true,"href":"https:\/\/denizcankizil.tr\/ru\/wp-json\/wp\/v2\/tags?post=46252"}],"curies":[{"name":"wp","href":"https:\/\/api.w.org\/{rel}","templated":true}]}}