{"id":45035,"date":"2025-04-04T06:42:12","date_gmt":"2025-04-04T03:42:12","guid":{"rendered":"https:\/\/denizcankizil.tr\/uncategorized-tr\/teknofest-girisim-programinda-4-donem-heyecani-basliyor\/"},"modified":"2025-04-04T06:42:12","modified_gmt":"2025-04-04T03:42:12","slug":"teknofest-girisim-programinda-4-donem-heyecani-basliyor","status":"publish","type":"post","link":"https:\/\/denizcankizil.tr\/ru\/haberler\/gundem\/teknofest-girisim-programinda-4-donem-heyecani-basliyor\/","title":{"rendered":"TEKNOFEST Giri\u015fim Program\u0131&#8217;nda 4. D\u00f6nem Heyecan\u0131 Ba\u015fl\u0131yor!"},"content":{"rendered":"<p>TEKNOFEST kapsam\u0131nda d\u00fczenlenen teknoloji yar\u0131\u015fmalar\u0131n\u0131n finalistleri ve\u00a0Take Off \u0130stanbul\u2019da\u00a0yer alan giri\u015fimlere \u00f6zel olarak hayata ge\u00e7irilen\u00a0TEKNOFEST Giri\u015fim Program\u0131\u2019n\u0131n 4. D\u00f6nemi\u2019nde yer alacak giri\u015fimler belli oldu.<\/p>\n<p>\u200bTEKNOFEST kapsam\u0131nda d\u00fczenlenen teknoloji yar\u0131\u015fmalar\u0131n\u0131n finalistleri ve\u00a0Take Off \u0130stanbul\u2019da\u00a0yer alan giri\u015fimlere \u00f6zel olarak hayata ge\u00e7irilen\u00a0TEKNOFEST Giri\u015fim Program\u0131\u2019n\u0131n 4. D\u00f6nemi\u2019nde yer alacak giri\u015fimler belli oldu.\u00a0<\/p>\n<p>\u200bHaberin Al\u0131nt\u0131land\u0131\u011f\u0131 Kaynak: www.iskenderun.org<\/p>","protected":false},"excerpt":{"rendered":"<p>TEKNOFEST kapsam\u0131nda d\u00fczenlenen teknoloji yar\u0131\u015fmalar\u0131n\u0131n finalistleri ve\u00a0Take Off \u0130stanbul\u2019da\u00a0yer alan giri\u015fimlere \u00f6zel olarak hayata ge\u00e7irilen\u00a0TEKNOFEST Giri\u015fim Program\u0131\u2019n\u0131n 4. D\u00f6nemi\u2019nde yer alacak giri\u015fimler belli oldu. \u200bTEKNOFEST kapsam\u0131nda d\u00fczenlenen teknoloji yar\u0131\u015fmalar\u0131n\u0131n finalistleri ve\u00a0Take Off \u0130stanbul\u2019da\u00a0yer alan giri\u015fimlere \u00f6zel olarak hayata ge\u00e7irilen\u00a0TEKNOFEST Giri\u015fim Program\u0131\u2019n\u0131n 4. D\u00f6nemi\u2019nde yer alacak giri\u015fimler belli oldu.\u00a0 \u200bHaberin Al\u0131nt\u0131land\u0131\u011f\u0131 Kaynak: www.iskenderun.org<\/p>","protected":false},"author":1,"featured_media":0,"comment_status":"","ping_status":"open","sticky":false,"template":"","format":"standard","meta":{"_acf_changed":false,"footnotes":""},"categories":[24],"tags":[],"class_list":["post-45035","post","type-post","status-publish","format-standard","has-post-thumbnail","hentry","category-gundem"],"acf":[],"yoast_head":"<!-- This site is optimized with the Yoast SEO Premium plugin v26.6 (Yoast SEO v27.1.1) - https:\/\/yoast.com\/product\/yoast-seo-premium-wordpress\/ -->\n<title>TEKNOFEST Giri\u015fim Program\u0131&#039;nda 4. D\u00f6nem Heyecan\u0131 Ba\u015fl\u0131yor! - Av. Deniz Can K\u0131z\u0131l<\/title>\n<meta name=\"robots\" content=\"index, follow, max-snippet:-1, max-image-preview:large, max-video-preview:-1\" \/>\n<link rel=\"canonical\" href=\"https:\/\/denizcankizil.tr\/ru\/haberler\/gundem\/teknofest-girisim-programinda-4-donem-heyecani-basliyor\/\" \/>\n<meta property=\"og:locale\" content=\"ru_RU\" \/>\n<meta property=\"og:type\" content=\"article\" \/>\n<meta property=\"og:title\" content=\"TEKNOFEST Giri\u015fim Program\u0131&#039;nda 4. D\u00f6nem Heyecan\u0131 Ba\u015fl\u0131yor!\" \/>\n<meta property=\"og:description\" content=\"TEKNOFEST kapsam\u0131nda d\u00fczenlenen teknoloji yar\u0131\u015fmalar\u0131n\u0131n finalistleri ve\u00a0Take Off \u0130stanbul\u2019da\u00a0yer alan giri\u015fimlere \u00f6zel olarak hayata ge\u00e7irilen\u00a0TEKNOFEST Giri\u015fim Program\u0131\u2019n\u0131n 4. D\u00f6nemi\u2019nde yer alacak giri\u015fimler belli oldu. \u200bTEKNOFEST kapsam\u0131nda d\u00fczenlenen teknoloji yar\u0131\u015fmalar\u0131n\u0131n finalistleri ve\u00a0Take Off \u0130stanbul\u2019da\u00a0yer alan giri\u015fimlere \u00f6zel olarak hayata ge\u00e7irilen\u00a0TEKNOFEST Giri\u015fim Program\u0131\u2019n\u0131n 4. D\u00f6nemi\u2019nde yer alacak giri\u015fimler belli oldu.\u00a0 \u200bHaberin Al\u0131nt\u0131land\u0131\u011f\u0131 Kaynak: www.iskenderun.org\" \/>\n<meta property=\"og:url\" content=\"https:\/\/denizcankizil.tr\/ru\/haberler\/gundem\/teknofest-girisim-programinda-4-donem-heyecani-basliyor\/\" \/>\n<meta property=\"og:site_name\" content=\"Av. Deniz Can K\u0131z\u0131l\" \/>\n<meta property=\"article:published_time\" content=\"2025-04-04T03:42:12+00:00\" \/>\n<meta name=\"author\" content=\"admin\" \/>\n<meta name=\"twitter:card\" content=\"summary_large_image\" \/>\n<meta name=\"twitter:label1\" content=\"\u041d\u0430\u043f\u0438\u0441\u0430\u043d\u043e \u0430\u0432\u0442\u043e\u0440\u043e\u043c\" \/>\n\t<meta name=\"twitter:data1\" content=\"admin\" \/>\n<script type=\"application\/ld+json\" class=\"yoast-schema-graph\">{\"@context\":\"https:\/\/schema.org\",\"@graph\":[{\"@type\":\"Article\",\"@id\":\"https:\/\/denizcankizil.tr\/ru\/haberler\/gundem\/teknofest-girisim-programinda-4-donem-heyecani-basliyor\/#article\",\"isPartOf\":{\"@id\":\"https:\/\/denizcankizil.tr\/ru\/haberler\/gundem\/teknofest-girisim-programinda-4-donem-heyecani-basliyor\/\"},\"author\":{\"name\":\"admin\",\"@id\":\"https:\/\/denizcankizil.tr\/de\/#\/schema\/person\/be3c05fe6a12686905512445d8185489\"},\"headline\":\"TEKNOFEST Giri\u015fim Program\u0131&#8217;nda 4. D\u00f6nem Heyecan\u0131 Ba\u015fl\u0131yor!\",\"datePublished\":\"2025-04-04T03:42:12+00:00\",\"mainEntityOfPage\":{\"@id\":\"https:\/\/denizcankizil.tr\/ru\/haberler\/gundem\/teknofest-girisim-programinda-4-donem-heyecani-basliyor\/\"},\"wordCount\":99,\"publisher\":{\"@id\":\"https:\/\/denizcankizil.tr\/de\/#organization\"},\"articleSection\":[\"G\u00fcndem\"],\"inLanguage\":\"ru-RU\"},{\"@type\":\"WebPage\",\"@id\":\"https:\/\/denizcankizil.tr\/ru\/haberler\/gundem\/teknofest-girisim-programinda-4-donem-heyecani-basliyor\/\",\"url\":\"https:\/\/denizcankizil.tr\/ru\/haberler\/gundem\/teknofest-girisim-programinda-4-donem-heyecani-basliyor\/\",\"name\":\"TEKNOFEST Giri\u015fim Program\u0131'nda 4. D\u00f6nem Heyecan\u0131 Ba\u015fl\u0131yor! - Av. Deniz Can K\u0131z\u0131l\",\"isPartOf\":{\"@id\":\"https:\/\/denizcankizil.tr\/de\/#website\"},\"datePublished\":\"2025-04-04T03:42:12+00:00\",\"breadcrumb\":{\"@id\":\"https:\/\/denizcankizil.tr\/ru\/haberler\/gundem\/teknofest-girisim-programinda-4-donem-heyecani-basliyor\/#breadcrumb\"},\"inLanguage\":\"ru-RU\",\"potentialAction\":[{\"@type\":\"ReadAction\",\"target\":[\"https:\/\/denizcankizil.tr\/ru\/haberler\/gundem\/teknofest-girisim-programinda-4-donem-heyecani-basliyor\/\"]}]},{\"@type\":\"BreadcrumbList\",\"@id\":\"https:\/\/denizcankizil.tr\/ru\/haberler\/gundem\/teknofest-girisim-programinda-4-donem-heyecani-basliyor\/#breadcrumb\",\"itemListElement\":[{\"@type\":\"ListItem\",\"position\":1,\"name\":\"Home\",\"item\":\"https:\/\/denizcankizil.tr\/de\/\"},{\"@type\":\"ListItem\",\"position\":2,\"name\":\"TEKNOFEST Giri\u015fim Program\u0131&#8217;nda 4. D\u00f6nem Heyecan\u0131 Ba\u015fl\u0131yor!\"}]},{\"@type\":\"WebSite\",\"@id\":\"https:\/\/denizcankizil.tr\/de\/#website\",\"url\":\"https:\/\/denizcankizil.tr\/de\/\",\"name\":\"Av. Deniz Can K\u0131z\u0131l\",\"description\":\"Avukat Deniz Can K\u0131z\u0131l Antalya Barosu\",\"publisher\":{\"@id\":\"https:\/\/denizcankizil.tr\/de\/#organization\"},\"potentialAction\":[{\"@type\":\"SearchAction\",\"target\":{\"@type\":\"EntryPoint\",\"urlTemplate\":\"https:\/\/denizcankizil.tr\/de\/?s={search_term_string}\"},\"query-input\":{\"@type\":\"PropertyValueSpecification\",\"valueRequired\":true,\"valueName\":\"search_term_string\"}}],\"inLanguage\":\"ru-RU\"},{\"@type\":\"Organization\",\"@id\":\"https:\/\/denizcankizil.tr\/de\/#organization\",\"name\":\"Av. Deniz Can K\u0131z\u0131l\",\"url\":\"https:\/\/denizcankizil.tr\/de\/\",\"logo\":{\"@type\":\"ImageObject\",\"inLanguage\":\"ru-RU\",\"@id\":\"https:\/\/denizcankizil.tr\/de\/#\/schema\/logo\/image\/\",\"url\":\"https:\/\/denizcankizil.tr\/wp-content\/uploads\/2024\/10\/siyah-logo-svg.svg\",\"contentUrl\":\"https:\/\/denizcankizil.tr\/wp-content\/uploads\/2024\/10\/siyah-logo-svg.svg\",\"width\":1080,\"height\":1080,\"caption\":\"Av. Deniz Can K\u0131z\u0131l\"},\"image\":{\"@id\":\"https:\/\/denizcankizil.tr\/de\/#\/schema\/logo\/image\/\"}},{\"@type\":\"Person\",\"@id\":\"https:\/\/denizcankizil.tr\/de\/#\/schema\/person\/be3c05fe6a12686905512445d8185489\",\"name\":\"admin\",\"image\":{\"@type\":\"ImageObject\",\"inLanguage\":\"ru-RU\",\"@id\":\"https:\/\/denizcankizil.tr\/de\/#\/schema\/person\/image\/\",\"url\":\"https:\/\/secure.gravatar.com\/avatar\/c1fce94c830dc79107e174f890d7210541c4a63e8e5d816341794a2151c9d58c?s=96&d=mm&r=g\",\"contentUrl\":\"https:\/\/secure.gravatar.com\/avatar\/c1fce94c830dc79107e174f890d7210541c4a63e8e5d816341794a2151c9d58c?s=96&d=mm&r=g\",\"caption\":\"admin\"},\"sameAs\":[\"http:\/\/denizcankizil.tr\"],\"url\":\"https:\/\/www.iskenderun.org\/teknofest-girisim-programinda-4-donem-heyecani-basliyor\"}]}<\/script>\n<!-- \/ Yoast SEO Premium plugin. -->","yoast_head_json":{"title":"TEKNOFEST Giri\u015fim Program\u0131'nda 4. D\u00f6nem Heyecan\u0131 Ba\u015fl\u0131yor! - Av. Deniz Can K\u0131z\u0131l","robots":{"index":"index","follow":"follow","max-snippet":"max-snippet:-1","max-image-preview":"max-image-preview:large","max-video-preview":"max-video-preview:-1"},"canonical":"https:\/\/denizcankizil.tr\/ru\/haberler\/gundem\/teknofest-girisim-programinda-4-donem-heyecani-basliyor\/","og_locale":"ru_RU","og_type":"article","og_title":"TEKNOFEST Giri\u015fim Program\u0131'nda 4. D\u00f6nem Heyecan\u0131 Ba\u015fl\u0131yor!","og_description":"TEKNOFEST kapsam\u0131nda d\u00fczenlenen teknoloji yar\u0131\u015fmalar\u0131n\u0131n finalistleri ve\u00a0Take Off \u0130stanbul\u2019da\u00a0yer alan giri\u015fimlere \u00f6zel olarak hayata ge\u00e7irilen\u00a0TEKNOFEST Giri\u015fim Program\u0131\u2019n\u0131n 4. D\u00f6nemi\u2019nde yer alacak giri\u015fimler belli oldu. \u200bTEKNOFEST kapsam\u0131nda d\u00fczenlenen teknoloji yar\u0131\u015fmalar\u0131n\u0131n finalistleri ve\u00a0Take Off \u0130stanbul\u2019da\u00a0yer alan giri\u015fimlere \u00f6zel olarak hayata ge\u00e7irilen\u00a0TEKNOFEST Giri\u015fim Program\u0131\u2019n\u0131n 4. D\u00f6nemi\u2019nde yer alacak giri\u015fimler belli oldu.\u00a0 \u200bHaberin Al\u0131nt\u0131land\u0131\u011f\u0131 Kaynak: www.iskenderun.org","og_url":"https:\/\/denizcankizil.tr\/ru\/haberler\/gundem\/teknofest-girisim-programinda-4-donem-heyecani-basliyor\/","og_site_name":"Av. Deniz Can K\u0131z\u0131l","article_published_time":"2025-04-04T03:42:12+00:00","author":"admin","twitter_card":"summary_large_image","twitter_misc":{"\u041d\u0430\u043f\u0438\u0441\u0430\u043d\u043e \u0430\u0432\u0442\u043e\u0440\u043e\u043c":"admin"},"schema":{"@context":"https:\/\/schema.org","@graph":[{"@type":"Article","@id":"https:\/\/denizcankizil.tr\/ru\/haberler\/gundem\/teknofest-girisim-programinda-4-donem-heyecani-basliyor\/#article","isPartOf":{"@id":"https:\/\/denizcankizil.tr\/ru\/haberler\/gundem\/teknofest-girisim-programinda-4-donem-heyecani-basliyor\/"},"author":{"name":"admin","@id":"https:\/\/denizcankizil.tr\/de\/#\/schema\/person\/be3c05fe6a12686905512445d8185489"},"headline":"TEKNOFEST Giri\u015fim Program\u0131&#8217;nda 4. D\u00f6nem Heyecan\u0131 Ba\u015fl\u0131yor!","datePublished":"2025-04-04T03:42:12+00:00","mainEntityOfPage":{"@id":"https:\/\/denizcankizil.tr\/ru\/haberler\/gundem\/teknofest-girisim-programinda-4-donem-heyecani-basliyor\/"},"wordCount":99,"publisher":{"@id":"https:\/\/denizcankizil.tr\/de\/#organization"},"articleSection":["G\u00fcndem"],"inLanguage":"ru-RU"},{"@type":"WebPage","@id":"https:\/\/denizcankizil.tr\/ru\/haberler\/gundem\/teknofest-girisim-programinda-4-donem-heyecani-basliyor\/","url":"https:\/\/denizcankizil.tr\/ru\/haberler\/gundem\/teknofest-girisim-programinda-4-donem-heyecani-basliyor\/","name":"TEKNOFEST Giri\u015fim Program\u0131'nda 4. D\u00f6nem Heyecan\u0131 Ba\u015fl\u0131yor! - Av. Deniz Can K\u0131z\u0131l","isPartOf":{"@id":"https:\/\/denizcankizil.tr\/de\/#website"},"datePublished":"2025-04-04T03:42:12+00:00","breadcrumb":{"@id":"https:\/\/denizcankizil.tr\/ru\/haberler\/gundem\/teknofest-girisim-programinda-4-donem-heyecani-basliyor\/#breadcrumb"},"inLanguage":"ru-RU","potentialAction":[{"@type":"ReadAction","target":["https:\/\/denizcankizil.tr\/ru\/haberler\/gundem\/teknofest-girisim-programinda-4-donem-heyecani-basliyor\/"]}]},{"@type":"BreadcrumbList","@id":"https:\/\/denizcankizil.tr\/ru\/haberler\/gundem\/teknofest-girisim-programinda-4-donem-heyecani-basliyor\/#breadcrumb","itemListElement":[{"@type":"ListItem","position":1,"name":"Home","item":"https:\/\/denizcankizil.tr\/de\/"},{"@type":"ListItem","position":2,"name":"TEKNOFEST Giri\u015fim Program\u0131&#8217;nda 4. D\u00f6nem Heyecan\u0131 Ba\u015fl\u0131yor!"}]},{"@type":"WebSite","@id":"https:\/\/denizcankizil.tr\/de\/#website","url":"https:\/\/denizcankizil.tr\/de\/","name":"Av. Deniz Can K\u0131z\u0131l","description":"Avukat Deniz Can K\u0131z\u0131l Antalya Barosu","publisher":{"@id":"https:\/\/denizcankizil.tr\/de\/#organization"},"potentialAction":[{"@type":"SearchAction","target":{"@type":"EntryPoint","urlTemplate":"https:\/\/denizcankizil.tr\/de\/?s={search_term_string}"},"query-input":{"@type":"PropertyValueSpecification","valueRequired":true,"valueName":"search_term_string"}}],"inLanguage":"ru-RU"},{"@type":"Organization","@id":"https:\/\/denizcankizil.tr\/de\/#organization","name":"Av. Deniz Can K\u0131z\u0131l","url":"https:\/\/denizcankizil.tr\/de\/","logo":{"@type":"ImageObject","inLanguage":"ru-RU","@id":"https:\/\/denizcankizil.tr\/de\/#\/schema\/logo\/image\/","url":"https:\/\/denizcankizil.tr\/wp-content\/uploads\/2024\/10\/siyah-logo-svg.svg","contentUrl":"https:\/\/denizcankizil.tr\/wp-content\/uploads\/2024\/10\/siyah-logo-svg.svg","width":1080,"height":1080,"caption":"Av. Deniz Can K\u0131z\u0131l"},"image":{"@id":"https:\/\/denizcankizil.tr\/de\/#\/schema\/logo\/image\/"}},{"@type":"Person","@id":"https:\/\/denizcankizil.tr\/de\/#\/schema\/person\/be3c05fe6a12686905512445d8185489","name":"\u0430\u0434\u043c\u0438\u043d","image":{"@type":"ImageObject","inLanguage":"ru-RU","@id":"https:\/\/denizcankizil.tr\/de\/#\/schema\/person\/image\/","url":"https:\/\/secure.gravatar.com\/avatar\/c1fce94c830dc79107e174f890d7210541c4a63e8e5d816341794a2151c9d58c?s=96&d=mm&r=g","contentUrl":"https:\/\/secure.gravatar.com\/avatar\/c1fce94c830dc79107e174f890d7210541c4a63e8e5d816341794a2151c9d58c?s=96&d=mm&r=g","caption":"admin"},"sameAs":["http:\/\/denizcankizil.tr"],"url":"https:\/\/www.iskenderun.org\/teknofest-girisim-programinda-4-donem-heyecani-basliyor"}]}},"_links":{"self":[{"href":"https:\/\/denizcankizil.tr\/ru\/wp-json\/wp\/v2\/posts\/45035","targetHints":{"allow":["GET"]}}],"collection":[{"href":"https:\/\/denizcankizil.tr\/ru\/wp-json\/wp\/v2\/posts"}],"about":[{"href":"https:\/\/denizcankizil.tr\/ru\/wp-json\/wp\/v2\/types\/post"}],"author":[{"embeddable":true,"href":"https:\/\/denizcankizil.tr\/ru\/wp-json\/wp\/v2\/users\/1"}],"replies":[{"embeddable":true,"href":"https:\/\/denizcankizil.tr\/ru\/wp-json\/wp\/v2\/comments?post=45035"}],"version-history":[{"count":0,"href":"https:\/\/denizcankizil.tr\/ru\/wp-json\/wp\/v2\/posts\/45035\/revisions"}],"wp:attachment":[{"href":"https:\/\/denizcankizil.tr\/ru\/wp-json\/wp\/v2\/media?parent=45035"}],"wp:term":[{"taxonomy":"category","embeddable":true,"href":"https:\/\/denizcankizil.tr\/ru\/wp-json\/wp\/v2\/categories?post=45035"},{"taxonomy":"post_tag","embeddable":true,"href":"https:\/\/denizcankizil.tr\/ru\/wp-json\/wp\/v2\/tags?post=45035"}],"curies":[{"name":"wp","href":"https:\/\/api.w.org\/{rel}","templated":true}]}}