{"id":44146,"date":"2025-04-03T10:41:59","date_gmt":"2025-04-03T07:41:59","guid":{"rendered":"https:\/\/denizcankizil.tr\/uncategorized-tr\/yil-sonuna-kadar-acik\/"},"modified":"2025-04-03T10:41:59","modified_gmt":"2025-04-03T07:41:59","slug":"yil-sonuna-kadar-acik","status":"publish","type":"post","link":"https:\/\/denizcankizil.tr\/ru\/haberler\/gundem\/yil-sonuna-kadar-acik\/","title":{"rendered":"Y\u0131l Sonuna Kadar A\u00e7\u0131k"},"content":{"rendered":"<p>\u00a0Gaziantep Vali Yard\u0131mc\u0131s\u0131 B\u00fclent Uygur, Hatay \u0130l K\u00fclt\u00fcr ve Turizm M\u00fcd\u00fcr\u00fc Abdullah Din\u00e7, Zeugma Mozaik M\u00fczesi M\u00fcd\u00fcr\u00fc \u00d6zg\u00fcr \u00c7omak, Hatay Arkeoloji M\u00fczesi M\u00fcd\u00fcr\u00fc Ali \u00c7elikay, protokol \u00fcyelerinin kat\u0131l\u0131m\u0131yla a\u00e7\u0131l\u0131\u015f ger\u00e7ekle\u015ftirildi.<\/p>\n<p>Hatay \u0130l K\u00fclt\u00fcr ve Turizm M\u00fcd\u00fcr\u00fc Abdullah Din\u00e7, \u201cZeugma ve Antakya gibi kadim \u015fehirlerin k\u00fclt\u00fcrel miras\u0131n\u0131 bir araya getiren bu sergi, ge\u00e7mi\u015fle bug\u00fcn aras\u0131nda g\u00fc\u00e7l\u00fc bir k\u00f6pr\u00fc kuruyor. Farkl\u0131 inan\u00e7lar\u0131n, dillerin ve k\u00fclt\u00fcrlerin birlikte ya\u015fad\u0131\u011f\u0131 bu topraklar\u0131n zenginli\u011fini gen\u00e7 nesillere aktarmaktan b\u00fcy\u00fck mutluluk duyuyoruz. Eme\u011fi ge\u00e7en herkese te\u015fekk\u00fcr ediyorum.\u201d dedi.<\/p>\n<p>Gaziantep Vali Yard\u0131mc\u0131s\u0131 B\u00fclent Uygur; \u0130ki \u015fehir aras\u0131ndaki k\u00fclt\u00fcrel ba\u011f\u0131 vurgularken, deprem sonras\u0131 Antakya\u2019n\u0131n yeniden in\u015fas\u0131nda y\u00fcr\u00fct\u00fclen \u00e7al\u0131\u015fmalara da de\u011finerek, i\u015f birli\u011finin artarak s\u00fcrece\u011fini belirtti<\/p>\n<p>Sergi, Zeugma\u2019n\u0131n ilk defa sergilenen eserleri ile Antakya\u2019n\u0131n zengin tarihi dokusu, \u00e7ok k\u00fclt\u00fcrl\u00fc yap\u0131s\u0131n\u0131 bulu\u015fturarak ziyaret\u00e7ilerini ortak bir medeniyet yolculu\u011funa \u00e7\u0131kar\u0131yor.<\/p>\n<p>Sergi Necmi Asfuro\u011flu Arkeoloji M\u00fczesi\u2019nde 31 Aral\u0131k 2025 tarihine a\u00e7\u0131k kalacak.<\/p>\n<p>\u200bNecmi Asfuro\u011flu Arkeoloji M\u00fczesi, \u201cZeugma\u2019dan Antakya\u2019ya Medeniyetler Bulu\u015fuyor\u201d sergisine ev sahipli\u011fi yap\u0131yor.\u00a0<\/p>\n<p>\u200bHaberin Al\u0131nt\u0131land\u0131\u011f\u0131 Kaynak: www.iskenderun.org<\/p>","protected":false},"excerpt":{"rendered":"<p>\u00a0Gaziantep Vali Yard\u0131mc\u0131s\u0131 B\u00fclent Uygur, Hatay \u0130l K\u00fclt\u00fcr ve Turizm M\u00fcd\u00fcr\u00fc Abdullah Din\u00e7, Zeugma Mozaik M\u00fczesi M\u00fcd\u00fcr\u00fc \u00d6zg\u00fcr \u00c7omak, Hatay Arkeoloji M\u00fczesi M\u00fcd\u00fcr\u00fc Ali \u00c7elikay, protokol \u00fcyelerinin kat\u0131l\u0131m\u0131yla a\u00e7\u0131l\u0131\u015f ger\u00e7ekle\u015ftirildi. Hatay \u0130l K\u00fclt\u00fcr ve Turizm M\u00fcd\u00fcr\u00fc Abdullah Din\u00e7, \u201cZeugma ve Antakya gibi kadim \u015fehirlerin k\u00fclt\u00fcrel miras\u0131n\u0131 bir araya getiren bu sergi, ge\u00e7mi\u015fle bug\u00fcn aras\u0131nda g\u00fc\u00e7l\u00fc bir k\u00f6pr\u00fc kuruyor. Farkl\u0131 inan\u00e7lar\u0131n, dillerin ve k\u00fclt\u00fcrlerin birlikte ya\u015fad\u0131\u011f\u0131 bu topraklar\u0131n zenginli\u011fini gen\u00e7 nesillere aktarmaktan b\u00fcy\u00fck mutluluk duyuyoruz. Eme\u011fi ge\u00e7en herkese te\u015fekk\u00fcr ediyorum.\u201d dedi. Gaziantep Vali Yard\u0131mc\u0131s\u0131 B\u00fclent Uygur; \u0130ki \u015fehir aras\u0131ndaki k\u00fclt\u00fcrel ba\u011f\u0131 vurgularken, deprem sonras\u0131 Antakya\u2019n\u0131n yeniden in\u015fas\u0131nda y\u00fcr\u00fct\u00fclen \u00e7al\u0131\u015fmalara da de\u011finerek, i\u015f birli\u011finin artarak s\u00fcrece\u011fini belirtti Sergi, Zeugma\u2019n\u0131n ilk defa sergilenen eserleri ile Antakya\u2019n\u0131n zengin tarihi dokusu, \u00e7ok k\u00fclt\u00fcrl\u00fc yap\u0131s\u0131n\u0131 bulu\u015fturarak ziyaret\u00e7ilerini ortak bir medeniyet yolculu\u011funa \u00e7\u0131kar\u0131yor. Sergi Necmi Asfuro\u011flu Arkeoloji M\u00fczesi\u2019nde 31 Aral\u0131k 2025 tarihine a\u00e7\u0131k kalacak. \u200bNecmi Asfuro\u011flu Arkeoloji M\u00fczesi, \u201cZeugma\u2019dan Antakya\u2019ya Medeniyetler Bulu\u015fuyor\u201d sergisine ev sahipli\u011fi yap\u0131yor.\u00a0 \u200bHaberin Al\u0131nt\u0131land\u0131\u011f\u0131 Kaynak: www.iskenderun.org<\/p>","protected":false},"author":1,"featured_media":0,"comment_status":"","ping_status":"open","sticky":false,"template":"","format":"standard","meta":{"_acf_changed":false,"footnotes":""},"categories":[24],"tags":[],"class_list":["post-44146","post","type-post","status-publish","format-standard","has-post-thumbnail","hentry","category-gundem"],"acf":[],"yoast_head":"<!-- This site is optimized with the Yoast SEO Premium plugin v26.6 (Yoast SEO v27.1.1) - https:\/\/yoast.com\/product\/yoast-seo-premium-wordpress\/ -->\n<title>Y\u0131l Sonuna Kadar A\u00e7\u0131k - Av. Deniz Can K\u0131z\u0131l<\/title>\n<meta name=\"robots\" content=\"index, follow, max-snippet:-1, max-image-preview:large, max-video-preview:-1\" \/>\n<link rel=\"canonical\" href=\"https:\/\/denizcankizil.tr\/ru\/haberler\/gundem\/yil-sonuna-kadar-acik\/\" \/>\n<meta property=\"og:locale\" content=\"ru_RU\" \/>\n<meta property=\"og:type\" content=\"article\" \/>\n<meta property=\"og:title\" content=\"Y\u0131l Sonuna Kadar A\u00e7\u0131k\" \/>\n<meta property=\"og:description\" content=\"\u00a0Gaziantep Vali Yard\u0131mc\u0131s\u0131 B\u00fclent Uygur, Hatay \u0130l K\u00fclt\u00fcr ve Turizm M\u00fcd\u00fcr\u00fc Abdullah Din\u00e7, Zeugma Mozaik M\u00fczesi M\u00fcd\u00fcr\u00fc \u00d6zg\u00fcr \u00c7omak, Hatay Arkeoloji M\u00fczesi M\u00fcd\u00fcr\u00fc Ali \u00c7elikay, protokol \u00fcyelerinin kat\u0131l\u0131m\u0131yla a\u00e7\u0131l\u0131\u015f ger\u00e7ekle\u015ftirildi. Hatay \u0130l K\u00fclt\u00fcr ve Turizm M\u00fcd\u00fcr\u00fc Abdullah Din\u00e7, \u201cZeugma ve Antakya gibi kadim \u015fehirlerin k\u00fclt\u00fcrel miras\u0131n\u0131 bir araya getiren bu sergi, ge\u00e7mi\u015fle bug\u00fcn aras\u0131nda g\u00fc\u00e7l\u00fc bir k\u00f6pr\u00fc kuruyor. Farkl\u0131 inan\u00e7lar\u0131n, dillerin ve k\u00fclt\u00fcrlerin birlikte ya\u015fad\u0131\u011f\u0131 bu topraklar\u0131n zenginli\u011fini gen\u00e7 nesillere aktarmaktan b\u00fcy\u00fck mutluluk duyuyoruz. Eme\u011fi ge\u00e7en herkese te\u015fekk\u00fcr ediyorum.\u201d dedi. Gaziantep Vali Yard\u0131mc\u0131s\u0131 B\u00fclent Uygur; \u0130ki \u015fehir aras\u0131ndaki k\u00fclt\u00fcrel ba\u011f\u0131 vurgularken, deprem sonras\u0131 Antakya\u2019n\u0131n yeniden in\u015fas\u0131nda y\u00fcr\u00fct\u00fclen \u00e7al\u0131\u015fmalara da de\u011finerek, i\u015f birli\u011finin artarak s\u00fcrece\u011fini belirtti Sergi, Zeugma\u2019n\u0131n ilk defa sergilenen eserleri ile Antakya\u2019n\u0131n zengin tarihi dokusu, \u00e7ok k\u00fclt\u00fcrl\u00fc yap\u0131s\u0131n\u0131 bulu\u015fturarak ziyaret\u00e7ilerini ortak bir medeniyet yolculu\u011funa \u00e7\u0131kar\u0131yor. Sergi Necmi Asfuro\u011flu Arkeoloji M\u00fczesi\u2019nde 31 Aral\u0131k 2025 tarihine a\u00e7\u0131k kalacak. \u200bNecmi Asfuro\u011flu Arkeoloji M\u00fczesi, \u201cZeugma\u2019dan Antakya\u2019ya Medeniyetler Bulu\u015fuyor\u201d sergisine ev sahipli\u011fi yap\u0131yor.\u00a0 \u200bHaberin Al\u0131nt\u0131land\u0131\u011f\u0131 Kaynak: www.iskenderun.org\" \/>\n<meta property=\"og:url\" content=\"https:\/\/denizcankizil.tr\/ru\/haberler\/gundem\/yil-sonuna-kadar-acik\/\" \/>\n<meta property=\"og:site_name\" content=\"Av. Deniz Can K\u0131z\u0131l\" \/>\n<meta property=\"article:published_time\" content=\"2025-04-03T07:41:59+00:00\" \/>\n<meta name=\"author\" content=\"admin\" \/>\n<meta name=\"twitter:card\" content=\"summary_large_image\" \/>\n<meta name=\"twitter:label1\" content=\"\u041d\u0430\u043f\u0438\u0441\u0430\u043d\u043e \u0430\u0432\u0442\u043e\u0440\u043e\u043c\" \/>\n\t<meta name=\"twitter:data1\" content=\"admin\" \/>\n\t<meta name=\"twitter:label2\" content=\"\u041f\u0440\u0438\u043c\u0435\u0440\u043d\u043e\u0435 \u0432\u0440\u0435\u043c\u044f \u0434\u043b\u044f \u0447\u0442\u0435\u043d\u0438\u044f\" \/>\n\t<meta name=\"twitter:data2\" content=\"1 \u043c\u0438\u043d\u0443\u0442\u0430\" \/>\n<script type=\"application\/ld+json\" class=\"yoast-schema-graph\">{\"@context\":\"https:\/\/schema.org\",\"@graph\":[{\"@type\":\"Article\",\"@id\":\"https:\/\/denizcankizil.tr\/ru\/haberler\/gundem\/yil-sonuna-kadar-acik\/#article\",\"isPartOf\":{\"@id\":\"https:\/\/denizcankizil.tr\/ru\/haberler\/gundem\/yil-sonuna-kadar-acik\/\"},\"author\":{\"name\":\"admin\",\"@id\":\"https:\/\/denizcankizil.tr\/#\/schema\/person\/be3c05fe6a12686905512445d8185489\"},\"headline\":\"Y\u0131l Sonuna Kadar A\u00e7\u0131k\",\"datePublished\":\"2025-04-03T07:41:59+00:00\",\"mainEntityOfPage\":{\"@id\":\"https:\/\/denizcankizil.tr\/ru\/haberler\/gundem\/yil-sonuna-kadar-acik\/\"},\"wordCount\":249,\"publisher\":{\"@id\":\"https:\/\/denizcankizil.tr\/#organization\"},\"articleSection\":[\"G\u00fcndem\"],\"inLanguage\":\"ru-RU\"},{\"@type\":\"WebPage\",\"@id\":\"https:\/\/denizcankizil.tr\/ru\/haberler\/gundem\/yil-sonuna-kadar-acik\/\",\"url\":\"https:\/\/denizcankizil.tr\/ru\/haberler\/gundem\/yil-sonuna-kadar-acik\/\",\"name\":\"Y\u0131l Sonuna Kadar A\u00e7\u0131k - Av. Deniz Can K\u0131z\u0131l\",\"isPartOf\":{\"@id\":\"https:\/\/denizcankizil.tr\/#website\"},\"datePublished\":\"2025-04-03T07:41:59+00:00\",\"breadcrumb\":{\"@id\":\"https:\/\/denizcankizil.tr\/ru\/haberler\/gundem\/yil-sonuna-kadar-acik\/#breadcrumb\"},\"inLanguage\":\"ru-RU\",\"potentialAction\":[{\"@type\":\"ReadAction\",\"target\":[\"https:\/\/denizcankizil.tr\/ru\/haberler\/gundem\/yil-sonuna-kadar-acik\/\"]}]},{\"@type\":\"BreadcrumbList\",\"@id\":\"https:\/\/denizcankizil.tr\/ru\/haberler\/gundem\/yil-sonuna-kadar-acik\/#breadcrumb\",\"itemListElement\":[{\"@type\":\"ListItem\",\"position\":1,\"name\":\"Home\",\"item\":\"https:\/\/denizcankizil.tr\/de\/\"},{\"@type\":\"ListItem\",\"position\":2,\"name\":\"Y\u0131l Sonuna Kadar A\u00e7\u0131k\"}]},{\"@type\":\"WebSite\",\"@id\":\"https:\/\/denizcankizil.tr\/#website\",\"url\":\"https:\/\/denizcankizil.tr\/\",\"name\":\"Av. Deniz Can K\u0131z\u0131l\",\"description\":\"Avukat Deniz Can K\u0131z\u0131l Antalya Barosu\",\"publisher\":{\"@id\":\"https:\/\/denizcankizil.tr\/#organization\"},\"potentialAction\":[{\"@type\":\"SearchAction\",\"target\":{\"@type\":\"EntryPoint\",\"urlTemplate\":\"https:\/\/denizcankizil.tr\/?s={search_term_string}\"},\"query-input\":{\"@type\":\"PropertyValueSpecification\",\"valueRequired\":true,\"valueName\":\"search_term_string\"}}],\"inLanguage\":\"ru-RU\"},{\"@type\":\"Organization\",\"@id\":\"https:\/\/denizcankizil.tr\/#organization\",\"name\":\"Av. Deniz Can K\u0131z\u0131l\",\"url\":\"https:\/\/denizcankizil.tr\/\",\"logo\":{\"@type\":\"ImageObject\",\"inLanguage\":\"ru-RU\",\"@id\":\"https:\/\/denizcankizil.tr\/#\/schema\/logo\/image\/\",\"url\":\"https:\/\/denizcankizil.tr\/wp-content\/uploads\/2024\/10\/siyah-logo-svg.svg\",\"contentUrl\":\"https:\/\/denizcankizil.tr\/wp-content\/uploads\/2024\/10\/siyah-logo-svg.svg\",\"width\":1080,\"height\":1080,\"caption\":\"Av. Deniz Can K\u0131z\u0131l\"},\"image\":{\"@id\":\"https:\/\/denizcankizil.tr\/#\/schema\/logo\/image\/\"}},{\"@type\":\"Person\",\"@id\":\"https:\/\/denizcankizil.tr\/#\/schema\/person\/be3c05fe6a12686905512445d8185489\",\"name\":\"admin\",\"image\":{\"@type\":\"ImageObject\",\"inLanguage\":\"ru-RU\",\"@id\":\"https:\/\/denizcankizil.tr\/#\/schema\/person\/image\/\",\"url\":\"https:\/\/secure.gravatar.com\/avatar\/c1fce94c830dc79107e174f890d7210541c4a63e8e5d816341794a2151c9d58c?s=96&d=mm&r=g\",\"contentUrl\":\"https:\/\/secure.gravatar.com\/avatar\/c1fce94c830dc79107e174f890d7210541c4a63e8e5d816341794a2151c9d58c?s=96&d=mm&r=g\",\"caption\":\"admin\"},\"sameAs\":[\"http:\/\/denizcankizil.tr\"],\"url\":\"https:\/\/www.iskenderun.org\/yil-sonuna-kadar-acik\"}]}<\/script>\n<!-- \/ Yoast SEO Premium plugin. -->","yoast_head_json":{"title":"Y\u0131l Sonuna Kadar A\u00e7\u0131k - Av. Deniz Can K\u0131z\u0131l","robots":{"index":"index","follow":"follow","max-snippet":"max-snippet:-1","max-image-preview":"max-image-preview:large","max-video-preview":"max-video-preview:-1"},"canonical":"https:\/\/denizcankizil.tr\/ru\/haberler\/gundem\/yil-sonuna-kadar-acik\/","og_locale":"ru_RU","og_type":"article","og_title":"Y\u0131l Sonuna Kadar A\u00e7\u0131k","og_description":"\u00a0Gaziantep Vali Yard\u0131mc\u0131s\u0131 B\u00fclent Uygur, Hatay \u0130l K\u00fclt\u00fcr ve Turizm M\u00fcd\u00fcr\u00fc Abdullah Din\u00e7, Zeugma Mozaik M\u00fczesi M\u00fcd\u00fcr\u00fc \u00d6zg\u00fcr \u00c7omak, Hatay Arkeoloji M\u00fczesi M\u00fcd\u00fcr\u00fc Ali \u00c7elikay, protokol \u00fcyelerinin kat\u0131l\u0131m\u0131yla a\u00e7\u0131l\u0131\u015f ger\u00e7ekle\u015ftirildi. Hatay \u0130l K\u00fclt\u00fcr ve Turizm M\u00fcd\u00fcr\u00fc Abdullah Din\u00e7, \u201cZeugma ve Antakya gibi kadim \u015fehirlerin k\u00fclt\u00fcrel miras\u0131n\u0131 bir araya getiren bu sergi, ge\u00e7mi\u015fle bug\u00fcn aras\u0131nda g\u00fc\u00e7l\u00fc bir k\u00f6pr\u00fc kuruyor. Farkl\u0131 inan\u00e7lar\u0131n, dillerin ve k\u00fclt\u00fcrlerin birlikte ya\u015fad\u0131\u011f\u0131 bu topraklar\u0131n zenginli\u011fini gen\u00e7 nesillere aktarmaktan b\u00fcy\u00fck mutluluk duyuyoruz. Eme\u011fi ge\u00e7en herkese te\u015fekk\u00fcr ediyorum.\u201d dedi. Gaziantep Vali Yard\u0131mc\u0131s\u0131 B\u00fclent Uygur; \u0130ki \u015fehir aras\u0131ndaki k\u00fclt\u00fcrel ba\u011f\u0131 vurgularken, deprem sonras\u0131 Antakya\u2019n\u0131n yeniden in\u015fas\u0131nda y\u00fcr\u00fct\u00fclen \u00e7al\u0131\u015fmalara da de\u011finerek, i\u015f birli\u011finin artarak s\u00fcrece\u011fini belirtti Sergi, Zeugma\u2019n\u0131n ilk defa sergilenen eserleri ile Antakya\u2019n\u0131n zengin tarihi dokusu, \u00e7ok k\u00fclt\u00fcrl\u00fc yap\u0131s\u0131n\u0131 bulu\u015fturarak ziyaret\u00e7ilerini ortak bir medeniyet yolculu\u011funa \u00e7\u0131kar\u0131yor. Sergi Necmi Asfuro\u011flu Arkeoloji M\u00fczesi\u2019nde 31 Aral\u0131k 2025 tarihine a\u00e7\u0131k kalacak. \u200bNecmi Asfuro\u011flu Arkeoloji M\u00fczesi, \u201cZeugma\u2019dan Antakya\u2019ya Medeniyetler Bulu\u015fuyor\u201d sergisine ev sahipli\u011fi yap\u0131yor.\u00a0 \u200bHaberin Al\u0131nt\u0131land\u0131\u011f\u0131 Kaynak: www.iskenderun.org","og_url":"https:\/\/denizcankizil.tr\/ru\/haberler\/gundem\/yil-sonuna-kadar-acik\/","og_site_name":"Av. Deniz Can K\u0131z\u0131l","article_published_time":"2025-04-03T07:41:59+00:00","author":"admin","twitter_card":"summary_large_image","twitter_misc":{"\u041d\u0430\u043f\u0438\u0441\u0430\u043d\u043e \u0430\u0432\u0442\u043e\u0440\u043e\u043c":"admin","\u041f\u0440\u0438\u043c\u0435\u0440\u043d\u043e\u0435 \u0432\u0440\u0435\u043c\u044f \u0434\u043b\u044f \u0447\u0442\u0435\u043d\u0438\u044f":"1 \u043c\u0438\u043d\u0443\u0442\u0430"},"schema":{"@context":"https:\/\/schema.org","@graph":[{"@type":"Article","@id":"https:\/\/denizcankizil.tr\/ru\/haberler\/gundem\/yil-sonuna-kadar-acik\/#article","isPartOf":{"@id":"https:\/\/denizcankizil.tr\/ru\/haberler\/gundem\/yil-sonuna-kadar-acik\/"},"author":{"name":"admin","@id":"https:\/\/denizcankizil.tr\/#\/schema\/person\/be3c05fe6a12686905512445d8185489"},"headline":"Y\u0131l Sonuna Kadar A\u00e7\u0131k","datePublished":"2025-04-03T07:41:59+00:00","mainEntityOfPage":{"@id":"https:\/\/denizcankizil.tr\/ru\/haberler\/gundem\/yil-sonuna-kadar-acik\/"},"wordCount":249,"publisher":{"@id":"https:\/\/denizcankizil.tr\/#organization"},"articleSection":["G\u00fcndem"],"inLanguage":"ru-RU"},{"@type":"WebPage","@id":"https:\/\/denizcankizil.tr\/ru\/haberler\/gundem\/yil-sonuna-kadar-acik\/","url":"https:\/\/denizcankizil.tr\/ru\/haberler\/gundem\/yil-sonuna-kadar-acik\/","name":"Y\u0131l Sonuna Kadar A\u00e7\u0131k - Av. Deniz Can K\u0131z\u0131l","isPartOf":{"@id":"https:\/\/denizcankizil.tr\/#website"},"datePublished":"2025-04-03T07:41:59+00:00","breadcrumb":{"@id":"https:\/\/denizcankizil.tr\/ru\/haberler\/gundem\/yil-sonuna-kadar-acik\/#breadcrumb"},"inLanguage":"ru-RU","potentialAction":[{"@type":"ReadAction","target":["https:\/\/denizcankizil.tr\/ru\/haberler\/gundem\/yil-sonuna-kadar-acik\/"]}]},{"@type":"BreadcrumbList","@id":"https:\/\/denizcankizil.tr\/ru\/haberler\/gundem\/yil-sonuna-kadar-acik\/#breadcrumb","itemListElement":[{"@type":"ListItem","position":1,"name":"Home","item":"https:\/\/denizcankizil.tr\/de\/"},{"@type":"ListItem","position":2,"name":"Y\u0131l Sonuna Kadar A\u00e7\u0131k"}]},{"@type":"WebSite","@id":"https:\/\/denizcankizil.tr\/#website","url":"https:\/\/denizcankizil.tr\/","name":"Av. Deniz Can K\u0131z\u0131l","description":"Avukat Deniz Can K\u0131z\u0131l Antalya Barosu","publisher":{"@id":"https:\/\/denizcankizil.tr\/#organization"},"potentialAction":[{"@type":"SearchAction","target":{"@type":"EntryPoint","urlTemplate":"https:\/\/denizcankizil.tr\/?s={search_term_string}"},"query-input":{"@type":"PropertyValueSpecification","valueRequired":true,"valueName":"search_term_string"}}],"inLanguage":"ru-RU"},{"@type":"Organization","@id":"https:\/\/denizcankizil.tr\/#organization","name":"Av. Deniz Can K\u0131z\u0131l","url":"https:\/\/denizcankizil.tr\/","logo":{"@type":"ImageObject","inLanguage":"ru-RU","@id":"https:\/\/denizcankizil.tr\/#\/schema\/logo\/image\/","url":"https:\/\/denizcankizil.tr\/wp-content\/uploads\/2024\/10\/siyah-logo-svg.svg","contentUrl":"https:\/\/denizcankizil.tr\/wp-content\/uploads\/2024\/10\/siyah-logo-svg.svg","width":1080,"height":1080,"caption":"Av. Deniz Can K\u0131z\u0131l"},"image":{"@id":"https:\/\/denizcankizil.tr\/#\/schema\/logo\/image\/"}},{"@type":"Person","@id":"https:\/\/denizcankizil.tr\/#\/schema\/person\/be3c05fe6a12686905512445d8185489","name":"\u0430\u0434\u043c\u0438\u043d","image":{"@type":"ImageObject","inLanguage":"ru-RU","@id":"https:\/\/denizcankizil.tr\/#\/schema\/person\/image\/","url":"https:\/\/secure.gravatar.com\/avatar\/c1fce94c830dc79107e174f890d7210541c4a63e8e5d816341794a2151c9d58c?s=96&d=mm&r=g","contentUrl":"https:\/\/secure.gravatar.com\/avatar\/c1fce94c830dc79107e174f890d7210541c4a63e8e5d816341794a2151c9d58c?s=96&d=mm&r=g","caption":"admin"},"sameAs":["http:\/\/denizcankizil.tr"],"url":"https:\/\/www.iskenderun.org\/yil-sonuna-kadar-acik"}]}},"_links":{"self":[{"href":"https:\/\/denizcankizil.tr\/ru\/wp-json\/wp\/v2\/posts\/44146","targetHints":{"allow":["GET"]}}],"collection":[{"href":"https:\/\/denizcankizil.tr\/ru\/wp-json\/wp\/v2\/posts"}],"about":[{"href":"https:\/\/denizcankizil.tr\/ru\/wp-json\/wp\/v2\/types\/post"}],"author":[{"embeddable":true,"href":"https:\/\/denizcankizil.tr\/ru\/wp-json\/wp\/v2\/users\/1"}],"replies":[{"embeddable":true,"href":"https:\/\/denizcankizil.tr\/ru\/wp-json\/wp\/v2\/comments?post=44146"}],"version-history":[{"count":0,"href":"https:\/\/denizcankizil.tr\/ru\/wp-json\/wp\/v2\/posts\/44146\/revisions"}],"wp:attachment":[{"href":"https:\/\/denizcankizil.tr\/ru\/wp-json\/wp\/v2\/media?parent=44146"}],"wp:term":[{"taxonomy":"category","embeddable":true,"href":"https:\/\/denizcankizil.tr\/ru\/wp-json\/wp\/v2\/categories?post=44146"},{"taxonomy":"post_tag","embeddable":true,"href":"https:\/\/denizcankizil.tr\/ru\/wp-json\/wp\/v2\/tags?post=44146"}],"curies":[{"name":"wp","href":"https:\/\/api.w.org\/{rel}","templated":true}]}}