{"id":43568,"date":"2025-04-02T21:41:24","date_gmt":"2025-04-02T18:41:24","guid":{"rendered":"https:\/\/denizcankizil.tr\/uncategorized-tr\/aybuke-pusata-destek-veren-boran-kuzum-da-trt-dizisinden-cikarildi\/"},"modified":"2025-04-02T21:41:24","modified_gmt":"2025-04-02T18:41:24","slug":"aybuke-pusata-destek-veren-boran-kuzum-da-trt-dizisinden-cikarildi","status":"publish","type":"post","link":"https:\/\/denizcankizil.tr\/ru\/haberler\/gundem\/aybuke-pusata-destek-veren-boran-kuzum-da-trt-dizisinden-cikarildi\/","title":{"rendered":"Ayb\u00fcke Pusat&#8217;a destek veren Boran Kuzum da TRT dizisinden \u00e7\u0131kar\u0131ld\u0131!"},"content":{"rendered":"<p>\u00d6\u011frencileri ba\u015flatt\u0131\u011f\u0131 boykota destek verdi\u011fi gerek\u00e7esiyle Ayb\u00fcke Pusat, TRT&#8217;de rol ald\u0131\u011f\u0131 &#8216;Te\u015fkilat dizisinden \u00e7\u0131kar\u0131lm\u0131\u015ft\u0131.<\/p>\n<p>TRT GENEL M\u00dcD\u00dcR\u00dc, PUSAT&#8217;IN \u0130\u015e\u0130NE SON VERD\u0130\u011e\u0130N\u0130 A\u00c7IKLAMI\u015eTI<\/p>\n<p>TRT Genel m\u00fcd\u00fcr\u00fc Zahid Sobac\u0131,\u00a0&#8220;Te\u015fkilat dizisinde rol alan bir oyuncunun payla\u015f\u0131mlar\u0131 TRT\u2019nin kurumsal ilkeleri ile asla ba\u011fda\u015fmamaktad\u0131r. Te\u015fkilat dizisi izleyicilerini de hayal k\u0131r\u0131kl\u0131\u011f\u0131na u\u011fratan payla\u015f\u0131mlar nedeniyle s\u00f6z konusu ki\u015fi diziden \u00e7\u0131kar\u0131lm\u0131\u015ft\u0131r.&#8221;\u00a0diyerek Ayb\u00fcke Pusat&#8217;\u0131n i\u015fine son verildi\u011fini a\u00e7\u0131klad\u0131.<\/p>\n<p>&#8220;YANINDAYIM&#8221; MESAJI VERD\u0130<\/p>\n<p>Boran Kuzum, instagram\u2019dan boykot \u00e7a\u011fr\u0131s\u0131na destek veren payla\u015f\u0131m yap\u0131p ard\u0131ndan sildi\u011fi halde TRT\u2019nin Te\u015fkilat dizisinden \u00e7\u0131kar\u0131lan Ayb\u00fcke Pusat\u2019a da\u00a0\u201cCan\u0131m, g\u00fczel insan\u201d\u00a0notuyla yapt\u0131\u011f\u0131 payla\u015f\u0131mla\u00a0\u201cyan\u0131nday\u0131m\u201d\u00a0mesaj\u0131n\u0131 verdi.<\/p>\n<p>BORAN KUZUM D\u0130Z\u0130DEN \u00c7IKARILDI<\/p>\n<p>TRT\u2019nin dijital platformu tabii i\u00e7in \u00e7ekilecek olan &#8220;Bir Ruh Maceras\u0131&#8221; dizisinin kadrosundan \u00e7\u0131kar\u0131ld\u0131. Dizinin 7 b\u00f6l\u00fcm\u00fcnde yer almas\u0131 planlanan\u00a0Boran Kuzum\u2019a\u00a0bug\u00fcn\u00a0\u201cg\u00fcndem nedeniyle\u201d\u00a0kendisiyle \u00e7al\u0131\u015famayacaklar\u0131 iletildi.<\/p>\n<p>Yap\u0131mc\u0131l\u0131\u011f\u0131n\u0131\u00a0Harmonie Yap\u0131m\u2019\u0131n\u00a0\u00fcstlendi\u011fi, y\u00f6netmenli\u011fini Osman Nail Do\u011fan\u2019\u0131n yapaca\u011f\u0131 10 b\u00f6l\u00fcml\u00fck dizide Boran Kuzum, \u015easa\u2019n\u0131n ilk e\u015fi, efsane y\u00f6netmen\u00a0At\u0131f Y\u0131lmaz\u2019\u0131\u00a0canland\u0131rmaya haz\u0131rlan\u0131yordu. Deniz Baysal, Osman Sonant, Zafer Alg\u00f6z, Saadet I\u015f\u0131l Aksoy\u2019un rol alaca\u011f\u0131 dizinin \u00e7ekimleri yar\u0131n ba\u015flayacakt\u0131.<\/p>\n<p>BORAN KUZUM K\u0130MD\u0130R?<\/p>\n<p>1992 y\u0131l\u0131nda Ankara\u2019da do\u011fan Boran Kuzum, \u0130stanbul \u00dcniversitesi Devlet Konservatuvar\u0131\u2019nda tiyatro e\u011fitimi ald\u0131. Televizyon kariyerine 2015\u2019te \u201cAnalar ve Anneler\u201d dizisiyle ba\u015flayan Kuzum, as\u0131l \u00e7\u0131k\u0131\u015f\u0131n\u0131 \u201cVatan\u0131m Sensin\u201d dizisinde Leonidas karakteriyle yapt\u0131. Daha sonra \u201cCing\u00f6z Recai\u201d filminde ve \u201cMart\u0131\u201d tiyatro oyununda da ba\u015far\u0131l\u0131 performanslar sergileyerek dikkatleri \u00fczerine \u00e7ekti.<\/p>\n<p>2020 yap\u0131m\u0131 \u201cBiz B\u00f6yleyiz\u201d filminde Emrah\u2019\u0131 canland\u0131ran oyuncu, \u201cSayg\u0131\u201d dizisinde ise adaleti sorgulayan Sava\u015f karakteriyle haf\u0131zalara kaz\u0131nd\u0131. Hem ekran hem de sahne performanslar\u0131yla geni\u015f bir hayran kitlesi edinen Kuzum, sadece oyunculu\u011fuyla de\u011fil, son d\u00f6nemde sosyal medyada yapt\u0131\u011f\u0131 cesur payla\u015f\u0131mlarla da g\u00fcndeme geldi.<\/p>\n<p>\u200bEkrem \u0130mamo\u011flu\u2019nun tutuklanmas\u0131n\u0131 protesto eden \u00f6\u011frencilerin ba\u015flatt\u0131\u011f\u0131 boykota destek verdi\u011fi gerek\u00e7esiyle rol ald\u0131\u011f\u0131 diziden \u00e7\u0131kart\u0131lan Ayb\u00fcke Pusat\u2019a Boran Kuzum, yapt\u0131\u011f\u0131 payla\u015f\u0131mla destek verdi. Bunun \u00fczerine Kuzum da TRT\u2019nin dijital platformu Tabii\u2019de yay\u0131nlanacak diziden \u00e7\u0131kar\u0131ld\u0131.\u00a0<\/p>\n<p>\u200bHaberin Al\u0131nt\u0131land\u0131\u011f\u0131 Kaynak: www.antalyakorfez.com<\/p>","protected":false},"excerpt":{"rendered":"<p>\u00d6\u011frencileri ba\u015flatt\u0131\u011f\u0131 boykota destek verdi\u011fi gerek\u00e7esiyle Ayb\u00fcke Pusat, TRT&#8217;de rol ald\u0131\u011f\u0131 &#8216;Te\u015fkilat dizisinden \u00e7\u0131kar\u0131lm\u0131\u015ft\u0131. TRT GENEL M\u00dcD\u00dcR\u00dc, PUSAT&#8217;IN \u0130\u015e\u0130NE SON VERD\u0130\u011e\u0130N\u0130 A\u00c7IKLAMI\u015eTI TRT Genel m\u00fcd\u00fcr\u00fc Zahid Sobac\u0131,\u00a0&#8220;Te\u015fkilat dizisinde rol alan bir oyuncunun payla\u015f\u0131mlar\u0131 TRT\u2019nin kurumsal ilkeleri ile asla ba\u011fda\u015fmamaktad\u0131r. Te\u015fkilat dizisi izleyicilerini de hayal k\u0131r\u0131kl\u0131\u011f\u0131na u\u011fratan payla\u015f\u0131mlar nedeniyle s\u00f6z konusu ki\u015fi diziden \u00e7\u0131kar\u0131lm\u0131\u015ft\u0131r.&#8221;\u00a0diyerek Ayb\u00fcke Pusat&#8217;\u0131n i\u015fine son verildi\u011fini a\u00e7\u0131klad\u0131. &#8220;YANINDAYIM&#8221; MESAJI VERD\u0130 Boran Kuzum, instagram\u2019dan boykot \u00e7a\u011fr\u0131s\u0131na destek veren payla\u015f\u0131m yap\u0131p ard\u0131ndan sildi\u011fi halde TRT\u2019nin Te\u015fkilat dizisinden \u00e7\u0131kar\u0131lan Ayb\u00fcke Pusat\u2019a da\u00a0\u201cCan\u0131m, g\u00fczel insan\u201d\u00a0notuyla yapt\u0131\u011f\u0131 payla\u015f\u0131mla\u00a0\u201cyan\u0131nday\u0131m\u201d\u00a0mesaj\u0131n\u0131 verdi. BORAN KUZUM D\u0130Z\u0130DEN \u00c7IKARILDI TRT\u2019nin dijital platformu tabii i\u00e7in \u00e7ekilecek olan &#8220;Bir Ruh Maceras\u0131&#8221; dizisinin kadrosundan \u00e7\u0131kar\u0131ld\u0131. Dizinin 7 b\u00f6l\u00fcm\u00fcnde yer almas\u0131 planlanan\u00a0Boran Kuzum\u2019a\u00a0bug\u00fcn\u00a0\u201cg\u00fcndem nedeniyle\u201d\u00a0kendisiyle \u00e7al\u0131\u015famayacaklar\u0131 iletildi. Yap\u0131mc\u0131l\u0131\u011f\u0131n\u0131\u00a0Harmonie Yap\u0131m\u2019\u0131n\u00a0\u00fcstlendi\u011fi, y\u00f6netmenli\u011fini Osman Nail Do\u011fan\u2019\u0131n yapaca\u011f\u0131 10 b\u00f6l\u00fcml\u00fck dizide Boran Kuzum, \u015easa\u2019n\u0131n ilk e\u015fi, efsane y\u00f6netmen\u00a0At\u0131f Y\u0131lmaz\u2019\u0131\u00a0canland\u0131rmaya haz\u0131rlan\u0131yordu. Deniz Baysal, Osman Sonant, Zafer Alg\u00f6z, Saadet I\u015f\u0131l Aksoy\u2019un rol alaca\u011f\u0131 dizinin \u00e7ekimleri yar\u0131n ba\u015flayacakt\u0131. BORAN KUZUM K\u0130MD\u0130R? 1992 y\u0131l\u0131nda Ankara\u2019da do\u011fan Boran Kuzum, \u0130stanbul \u00dcniversitesi Devlet Konservatuvar\u0131\u2019nda tiyatro e\u011fitimi ald\u0131. Televizyon kariyerine 2015\u2019te \u201cAnalar ve Anneler\u201d dizisiyle ba\u015flayan Kuzum, as\u0131l \u00e7\u0131k\u0131\u015f\u0131n\u0131 \u201cVatan\u0131m Sensin\u201d dizisinde Leonidas karakteriyle yapt\u0131. Daha sonra \u201cCing\u00f6z Recai\u201d filminde ve \u201cMart\u0131\u201d tiyatro oyununda da ba\u015far\u0131l\u0131 performanslar sergileyerek dikkatleri \u00fczerine \u00e7ekti. 2020 yap\u0131m\u0131 \u201cBiz B\u00f6yleyiz\u201d &hellip;<\/p>","protected":false},"author":5,"featured_media":0,"comment_status":"","ping_status":"open","sticky":false,"template":"","format":"standard","meta":{"_acf_changed":false,"footnotes":""},"categories":[24],"tags":[],"class_list":["post-43568","post","type-post","status-publish","format-standard","has-post-thumbnail","hentry","category-gundem"],"acf":[],"yoast_head":"<!-- This site is optimized with the Yoast SEO Premium plugin v26.6 (Yoast SEO v27.1.1) - https:\/\/yoast.com\/product\/yoast-seo-premium-wordpress\/ -->\n<title>Ayb\u00fcke Pusat&#039;a destek veren Boran Kuzum da TRT dizisinden \u00e7\u0131kar\u0131ld\u0131! - Av. Deniz Can K\u0131z\u0131l<\/title>\n<meta name=\"robots\" content=\"index, follow, max-snippet:-1, max-image-preview:large, max-video-preview:-1\" \/>\n<link rel=\"canonical\" href=\"https:\/\/denizcankizil.tr\/ru\/haberler\/gundem\/aybuke-pusata-destek-veren-boran-kuzum-da-trt-dizisinden-cikarildi\/\" \/>\n<meta property=\"og:locale\" content=\"ru_RU\" \/>\n<meta property=\"og:type\" content=\"article\" \/>\n<meta property=\"og:title\" content=\"Ayb\u00fcke Pusat&#039;a destek veren Boran Kuzum da TRT dizisinden \u00e7\u0131kar\u0131ld\u0131!\" \/>\n<meta property=\"og:description\" content=\"\u00d6\u011frencileri ba\u015flatt\u0131\u011f\u0131 boykota destek verdi\u011fi gerek\u00e7esiyle Ayb\u00fcke Pusat, TRT&#8217;de rol ald\u0131\u011f\u0131 &#8216;Te\u015fkilat dizisinden \u00e7\u0131kar\u0131lm\u0131\u015ft\u0131. TRT GENEL M\u00dcD\u00dcR\u00dc, PUSAT&#8217;IN \u0130\u015e\u0130NE SON VERD\u0130\u011e\u0130N\u0130 A\u00c7IKLAMI\u015eTI TRT Genel m\u00fcd\u00fcr\u00fc Zahid Sobac\u0131,\u00a0&#8220;Te\u015fkilat dizisinde rol alan bir oyuncunun payla\u015f\u0131mlar\u0131 TRT\u2019nin kurumsal ilkeleri ile asla ba\u011fda\u015fmamaktad\u0131r. Te\u015fkilat dizisi izleyicilerini de hayal k\u0131r\u0131kl\u0131\u011f\u0131na u\u011fratan payla\u015f\u0131mlar nedeniyle s\u00f6z konusu ki\u015fi diziden \u00e7\u0131kar\u0131lm\u0131\u015ft\u0131r.&#8221;\u00a0diyerek Ayb\u00fcke Pusat&#8217;\u0131n i\u015fine son verildi\u011fini a\u00e7\u0131klad\u0131. &#8220;YANINDAYIM&#8221; MESAJI VERD\u0130 Boran Kuzum, instagram\u2019dan boykot \u00e7a\u011fr\u0131s\u0131na destek veren payla\u015f\u0131m yap\u0131p ard\u0131ndan sildi\u011fi halde TRT\u2019nin Te\u015fkilat dizisinden \u00e7\u0131kar\u0131lan Ayb\u00fcke Pusat\u2019a da\u00a0\u201cCan\u0131m, g\u00fczel insan\u201d\u00a0notuyla yapt\u0131\u011f\u0131 payla\u015f\u0131mla\u00a0\u201cyan\u0131nday\u0131m\u201d\u00a0mesaj\u0131n\u0131 verdi. BORAN KUZUM D\u0130Z\u0130DEN \u00c7IKARILDI TRT\u2019nin dijital platformu tabii i\u00e7in \u00e7ekilecek olan &#8220;Bir Ruh Maceras\u0131&#8221; dizisinin kadrosundan \u00e7\u0131kar\u0131ld\u0131. Dizinin 7 b\u00f6l\u00fcm\u00fcnde yer almas\u0131 planlanan\u00a0Boran Kuzum\u2019a\u00a0bug\u00fcn\u00a0\u201cg\u00fcndem nedeniyle\u201d\u00a0kendisiyle \u00e7al\u0131\u015famayacaklar\u0131 iletildi. Yap\u0131mc\u0131l\u0131\u011f\u0131n\u0131\u00a0Harmonie Yap\u0131m\u2019\u0131n\u00a0\u00fcstlendi\u011fi, y\u00f6netmenli\u011fini Osman Nail Do\u011fan\u2019\u0131n yapaca\u011f\u0131 10 b\u00f6l\u00fcml\u00fck dizide Boran Kuzum, \u015easa\u2019n\u0131n ilk e\u015fi, efsane y\u00f6netmen\u00a0At\u0131f Y\u0131lmaz\u2019\u0131\u00a0canland\u0131rmaya haz\u0131rlan\u0131yordu. Deniz Baysal, Osman Sonant, Zafer Alg\u00f6z, Saadet I\u015f\u0131l Aksoy\u2019un rol alaca\u011f\u0131 dizinin \u00e7ekimleri yar\u0131n ba\u015flayacakt\u0131. BORAN KUZUM K\u0130MD\u0130R? 1992 y\u0131l\u0131nda Ankara\u2019da do\u011fan Boran Kuzum, \u0130stanbul \u00dcniversitesi Devlet Konservatuvar\u0131\u2019nda tiyatro e\u011fitimi ald\u0131. Televizyon kariyerine 2015\u2019te \u201cAnalar ve Anneler\u201d dizisiyle ba\u015flayan Kuzum, as\u0131l \u00e7\u0131k\u0131\u015f\u0131n\u0131 \u201cVatan\u0131m Sensin\u201d dizisinde Leonidas karakteriyle yapt\u0131. Daha sonra \u201cCing\u00f6z Recai\u201d filminde ve \u201cMart\u0131\u201d tiyatro oyununda da ba\u015far\u0131l\u0131 performanslar sergileyerek dikkatleri \u00fczerine \u00e7ekti. 2020 yap\u0131m\u0131 \u201cBiz B\u00f6yleyiz\u201d &hellip;\" \/>\n<meta property=\"og:url\" content=\"https:\/\/denizcankizil.tr\/ru\/haberler\/gundem\/aybuke-pusata-destek-veren-boran-kuzum-da-trt-dizisinden-cikarildi\/\" \/>\n<meta property=\"og:site_name\" content=\"Av. Deniz Can K\u0131z\u0131l\" \/>\n<meta property=\"article:published_time\" content=\"2025-04-02T18:41:24+00:00\" \/>\n<meta name=\"author\" content=\"Antalya K\u00f6rfez\" \/>\n<meta name=\"twitter:card\" content=\"summary_large_image\" \/>\n<meta name=\"twitter:label1\" content=\"\u041d\u0430\u043f\u0438\u0441\u0430\u043d\u043e \u0430\u0432\u0442\u043e\u0440\u043e\u043c\" \/>\n\t<meta name=\"twitter:data1\" content=\"Antalya K\u00f6rfez\" \/>\n\t<meta name=\"twitter:label2\" content=\"\u041f\u0440\u0438\u043c\u0435\u0440\u043d\u043e\u0435 \u0432\u0440\u0435\u043c\u044f \u0434\u043b\u044f \u0447\u0442\u0435\u043d\u0438\u044f\" \/>\n\t<meta name=\"twitter:data2\" content=\"2 \u043c\u0438\u043d\u0443\u0442\u044b\" \/>\n<script type=\"application\/ld+json\" class=\"yoast-schema-graph\">{\"@context\":\"https:\/\/schema.org\",\"@graph\":[{\"@type\":\"Article\",\"@id\":\"https:\/\/denizcankizil.tr\/ru\/haberler\/gundem\/aybuke-pusata-destek-veren-boran-kuzum-da-trt-dizisinden-cikarildi\/#article\",\"isPartOf\":{\"@id\":\"https:\/\/denizcankizil.tr\/ru\/haberler\/gundem\/aybuke-pusata-destek-veren-boran-kuzum-da-trt-dizisinden-cikarildi\/\"},\"author\":{\"name\":\"Antalya K\u00f6rfez\",\"@id\":\"https:\/\/denizcankizil.tr\/de\/#\/schema\/person\/e1eb71bb4dd684d46563f0af307e1234\"},\"headline\":\"Ayb\u00fcke Pusat&#8217;a destek veren Boran Kuzum da TRT dizisinden \u00e7\u0131kar\u0131ld\u0131!\",\"datePublished\":\"2025-04-02T18:41:24+00:00\",\"mainEntityOfPage\":{\"@id\":\"https:\/\/denizcankizil.tr\/ru\/haberler\/gundem\/aybuke-pusata-destek-veren-boran-kuzum-da-trt-dizisinden-cikarildi\/\"},\"wordCount\":439,\"publisher\":{\"@id\":\"https:\/\/denizcankizil.tr\/de\/#organization\"},\"articleSection\":[\"G\u00fcndem\"],\"inLanguage\":\"ru-RU\"},{\"@type\":\"WebPage\",\"@id\":\"https:\/\/denizcankizil.tr\/ru\/haberler\/gundem\/aybuke-pusata-destek-veren-boran-kuzum-da-trt-dizisinden-cikarildi\/\",\"url\":\"https:\/\/denizcankizil.tr\/ru\/haberler\/gundem\/aybuke-pusata-destek-veren-boran-kuzum-da-trt-dizisinden-cikarildi\/\",\"name\":\"Ayb\u00fcke Pusat'a destek veren Boran Kuzum da TRT dizisinden \u00e7\u0131kar\u0131ld\u0131! - Av. Deniz Can K\u0131z\u0131l\",\"isPartOf\":{\"@id\":\"https:\/\/denizcankizil.tr\/de\/#website\"},\"datePublished\":\"2025-04-02T18:41:24+00:00\",\"breadcrumb\":{\"@id\":\"https:\/\/denizcankizil.tr\/ru\/haberler\/gundem\/aybuke-pusata-destek-veren-boran-kuzum-da-trt-dizisinden-cikarildi\/#breadcrumb\"},\"inLanguage\":\"ru-RU\",\"potentialAction\":[{\"@type\":\"ReadAction\",\"target\":[\"https:\/\/denizcankizil.tr\/ru\/haberler\/gundem\/aybuke-pusata-destek-veren-boran-kuzum-da-trt-dizisinden-cikarildi\/\"]}]},{\"@type\":\"BreadcrumbList\",\"@id\":\"https:\/\/denizcankizil.tr\/ru\/haberler\/gundem\/aybuke-pusata-destek-veren-boran-kuzum-da-trt-dizisinden-cikarildi\/#breadcrumb\",\"itemListElement\":[{\"@type\":\"ListItem\",\"position\":1,\"name\":\"Home\",\"item\":\"https:\/\/denizcankizil.tr\/de\/\"},{\"@type\":\"ListItem\",\"position\":2,\"name\":\"Ayb\u00fcke Pusat&#8217;a destek veren Boran Kuzum da TRT dizisinden \u00e7\u0131kar\u0131ld\u0131!\"}]},{\"@type\":\"WebSite\",\"@id\":\"https:\/\/denizcankizil.tr\/de\/#website\",\"url\":\"https:\/\/denizcankizil.tr\/de\/\",\"name\":\"Av. Deniz Can K\u0131z\u0131l\",\"description\":\"Avukat Deniz Can K\u0131z\u0131l Antalya Barosu\",\"publisher\":{\"@id\":\"https:\/\/denizcankizil.tr\/de\/#organization\"},\"potentialAction\":[{\"@type\":\"SearchAction\",\"target\":{\"@type\":\"EntryPoint\",\"urlTemplate\":\"https:\/\/denizcankizil.tr\/de\/?s={search_term_string}\"},\"query-input\":{\"@type\":\"PropertyValueSpecification\",\"valueRequired\":true,\"valueName\":\"search_term_string\"}}],\"inLanguage\":\"ru-RU\"},{\"@type\":\"Organization\",\"@id\":\"https:\/\/denizcankizil.tr\/de\/#organization\",\"name\":\"Av. Deniz Can K\u0131z\u0131l\",\"url\":\"https:\/\/denizcankizil.tr\/de\/\",\"logo\":{\"@type\":\"ImageObject\",\"inLanguage\":\"ru-RU\",\"@id\":\"https:\/\/denizcankizil.tr\/de\/#\/schema\/logo\/image\/\",\"url\":\"https:\/\/denizcankizil.tr\/wp-content\/uploads\/2024\/10\/siyah-logo-svg.svg\",\"contentUrl\":\"https:\/\/denizcankizil.tr\/wp-content\/uploads\/2024\/10\/siyah-logo-svg.svg\",\"width\":1080,\"height\":1080,\"caption\":\"Av. Deniz Can K\u0131z\u0131l\"},\"image\":{\"@id\":\"https:\/\/denizcankizil.tr\/de\/#\/schema\/logo\/image\/\"}},{\"@type\":\"Person\",\"@id\":\"https:\/\/denizcankizil.tr\/de\/#\/schema\/person\/e1eb71bb4dd684d46563f0af307e1234\",\"name\":\"Antalya K\u00f6rfez\",\"image\":{\"@type\":\"ImageObject\",\"inLanguage\":\"ru-RU\",\"@id\":\"https:\/\/denizcankizil.tr\/de\/#\/schema\/person\/image\/\",\"url\":\"https:\/\/secure.gravatar.com\/avatar\/42b01982558a48a0b501fdcab6a408d3717ea5919095ee2e67b0e521799c5905?s=96&d=mm&r=g\",\"contentUrl\":\"https:\/\/secure.gravatar.com\/avatar\/42b01982558a48a0b501fdcab6a408d3717ea5919095ee2e67b0e521799c5905?s=96&d=mm&r=g\",\"caption\":\"Antalya K\u00f6rfez\"},\"sameAs\":[\"http:\/\/www.antalyakorfez.com\"],\"url\":\"https:\/\/www.antalyakorfez.com\/aybuke-pusata-destek-veren-boran-kuzum-da-trt-dizisinden-cikarildi\"}]}<\/script>\n<!-- \/ Yoast SEO Premium plugin. -->","yoast_head_json":{"title":"Ayb\u00fcke Pusat'a destek veren Boran Kuzum da TRT dizisinden \u00e7\u0131kar\u0131ld\u0131! - Av. Deniz Can K\u0131z\u0131l","robots":{"index":"index","follow":"follow","max-snippet":"max-snippet:-1","max-image-preview":"max-image-preview:large","max-video-preview":"max-video-preview:-1"},"canonical":"https:\/\/denizcankizil.tr\/ru\/haberler\/gundem\/aybuke-pusata-destek-veren-boran-kuzum-da-trt-dizisinden-cikarildi\/","og_locale":"ru_RU","og_type":"article","og_title":"Ayb\u00fcke Pusat'a destek veren Boran Kuzum da TRT dizisinden \u00e7\u0131kar\u0131ld\u0131!","og_description":"\u00d6\u011frencileri ba\u015flatt\u0131\u011f\u0131 boykota destek verdi\u011fi gerek\u00e7esiyle Ayb\u00fcke Pusat, TRT&#8217;de rol ald\u0131\u011f\u0131 &#8216;Te\u015fkilat dizisinden \u00e7\u0131kar\u0131lm\u0131\u015ft\u0131. TRT GENEL M\u00dcD\u00dcR\u00dc, PUSAT&#8217;IN \u0130\u015e\u0130NE SON VERD\u0130\u011e\u0130N\u0130 A\u00c7IKLAMI\u015eTI TRT Genel m\u00fcd\u00fcr\u00fc Zahid Sobac\u0131,\u00a0&#8220;Te\u015fkilat dizisinde rol alan bir oyuncunun payla\u015f\u0131mlar\u0131 TRT\u2019nin kurumsal ilkeleri ile asla ba\u011fda\u015fmamaktad\u0131r. Te\u015fkilat dizisi izleyicilerini de hayal k\u0131r\u0131kl\u0131\u011f\u0131na u\u011fratan payla\u015f\u0131mlar nedeniyle s\u00f6z konusu ki\u015fi diziden \u00e7\u0131kar\u0131lm\u0131\u015ft\u0131r.&#8221;\u00a0diyerek Ayb\u00fcke Pusat&#8217;\u0131n i\u015fine son verildi\u011fini a\u00e7\u0131klad\u0131. &#8220;YANINDAYIM&#8221; MESAJI VERD\u0130 Boran Kuzum, instagram\u2019dan boykot \u00e7a\u011fr\u0131s\u0131na destek veren payla\u015f\u0131m yap\u0131p ard\u0131ndan sildi\u011fi halde TRT\u2019nin Te\u015fkilat dizisinden \u00e7\u0131kar\u0131lan Ayb\u00fcke Pusat\u2019a da\u00a0\u201cCan\u0131m, g\u00fczel insan\u201d\u00a0notuyla yapt\u0131\u011f\u0131 payla\u015f\u0131mla\u00a0\u201cyan\u0131nday\u0131m\u201d\u00a0mesaj\u0131n\u0131 verdi. BORAN KUZUM D\u0130Z\u0130DEN \u00c7IKARILDI TRT\u2019nin dijital platformu tabii i\u00e7in \u00e7ekilecek olan &#8220;Bir Ruh Maceras\u0131&#8221; dizisinin kadrosundan \u00e7\u0131kar\u0131ld\u0131. Dizinin 7 b\u00f6l\u00fcm\u00fcnde yer almas\u0131 planlanan\u00a0Boran Kuzum\u2019a\u00a0bug\u00fcn\u00a0\u201cg\u00fcndem nedeniyle\u201d\u00a0kendisiyle \u00e7al\u0131\u015famayacaklar\u0131 iletildi. Yap\u0131mc\u0131l\u0131\u011f\u0131n\u0131\u00a0Harmonie Yap\u0131m\u2019\u0131n\u00a0\u00fcstlendi\u011fi, y\u00f6netmenli\u011fini Osman Nail Do\u011fan\u2019\u0131n yapaca\u011f\u0131 10 b\u00f6l\u00fcml\u00fck dizide Boran Kuzum, \u015easa\u2019n\u0131n ilk e\u015fi, efsane y\u00f6netmen\u00a0At\u0131f Y\u0131lmaz\u2019\u0131\u00a0canland\u0131rmaya haz\u0131rlan\u0131yordu. Deniz Baysal, Osman Sonant, Zafer Alg\u00f6z, Saadet I\u015f\u0131l Aksoy\u2019un rol alaca\u011f\u0131 dizinin \u00e7ekimleri yar\u0131n ba\u015flayacakt\u0131. BORAN KUZUM K\u0130MD\u0130R? 1992 y\u0131l\u0131nda Ankara\u2019da do\u011fan Boran Kuzum, \u0130stanbul \u00dcniversitesi Devlet Konservatuvar\u0131\u2019nda tiyatro e\u011fitimi ald\u0131. Televizyon kariyerine 2015\u2019te \u201cAnalar ve Anneler\u201d dizisiyle ba\u015flayan Kuzum, as\u0131l \u00e7\u0131k\u0131\u015f\u0131n\u0131 \u201cVatan\u0131m Sensin\u201d dizisinde Leonidas karakteriyle yapt\u0131. Daha sonra \u201cCing\u00f6z Recai\u201d filminde ve \u201cMart\u0131\u201d tiyatro oyununda da ba\u015far\u0131l\u0131 performanslar sergileyerek dikkatleri \u00fczerine \u00e7ekti. 2020 yap\u0131m\u0131 \u201cBiz B\u00f6yleyiz\u201d &hellip;","og_url":"https:\/\/denizcankizil.tr\/ru\/haberler\/gundem\/aybuke-pusata-destek-veren-boran-kuzum-da-trt-dizisinden-cikarildi\/","og_site_name":"Av. Deniz Can K\u0131z\u0131l","article_published_time":"2025-04-02T18:41:24+00:00","author":"Antalya K\u00f6rfez","twitter_card":"summary_large_image","twitter_misc":{"\u041d\u0430\u043f\u0438\u0441\u0430\u043d\u043e \u0430\u0432\u0442\u043e\u0440\u043e\u043c":"Antalya K\u00f6rfez","\u041f\u0440\u0438\u043c\u0435\u0440\u043d\u043e\u0435 \u0432\u0440\u0435\u043c\u044f \u0434\u043b\u044f \u0447\u0442\u0435\u043d\u0438\u044f":"2 \u043c\u0438\u043d\u0443\u0442\u044b"},"schema":{"@context":"https:\/\/schema.org","@graph":[{"@type":"Article","@id":"https:\/\/denizcankizil.tr\/ru\/haberler\/gundem\/aybuke-pusata-destek-veren-boran-kuzum-da-trt-dizisinden-cikarildi\/#article","isPartOf":{"@id":"https:\/\/denizcankizil.tr\/ru\/haberler\/gundem\/aybuke-pusata-destek-veren-boran-kuzum-da-trt-dizisinden-cikarildi\/"},"author":{"name":"Antalya K\u00f6rfez","@id":"https:\/\/denizcankizil.tr\/de\/#\/schema\/person\/e1eb71bb4dd684d46563f0af307e1234"},"headline":"Ayb\u00fcke Pusat&#8217;a destek veren Boran Kuzum da TRT dizisinden \u00e7\u0131kar\u0131ld\u0131!","datePublished":"2025-04-02T18:41:24+00:00","mainEntityOfPage":{"@id":"https:\/\/denizcankizil.tr\/ru\/haberler\/gundem\/aybuke-pusata-destek-veren-boran-kuzum-da-trt-dizisinden-cikarildi\/"},"wordCount":439,"publisher":{"@id":"https:\/\/denizcankizil.tr\/de\/#organization"},"articleSection":["G\u00fcndem"],"inLanguage":"ru-RU"},{"@type":"WebPage","@id":"https:\/\/denizcankizil.tr\/ru\/haberler\/gundem\/aybuke-pusata-destek-veren-boran-kuzum-da-trt-dizisinden-cikarildi\/","url":"https:\/\/denizcankizil.tr\/ru\/haberler\/gundem\/aybuke-pusata-destek-veren-boran-kuzum-da-trt-dizisinden-cikarildi\/","name":"Ayb\u00fcke Pusat'a destek veren Boran Kuzum da TRT dizisinden \u00e7\u0131kar\u0131ld\u0131! - Av. Deniz Can K\u0131z\u0131l","isPartOf":{"@id":"https:\/\/denizcankizil.tr\/de\/#website"},"datePublished":"2025-04-02T18:41:24+00:00","breadcrumb":{"@id":"https:\/\/denizcankizil.tr\/ru\/haberler\/gundem\/aybuke-pusata-destek-veren-boran-kuzum-da-trt-dizisinden-cikarildi\/#breadcrumb"},"inLanguage":"ru-RU","potentialAction":[{"@type":"ReadAction","target":["https:\/\/denizcankizil.tr\/ru\/haberler\/gundem\/aybuke-pusata-destek-veren-boran-kuzum-da-trt-dizisinden-cikarildi\/"]}]},{"@type":"BreadcrumbList","@id":"https:\/\/denizcankizil.tr\/ru\/haberler\/gundem\/aybuke-pusata-destek-veren-boran-kuzum-da-trt-dizisinden-cikarildi\/#breadcrumb","itemListElement":[{"@type":"ListItem","position":1,"name":"Home","item":"https:\/\/denizcankizil.tr\/de\/"},{"@type":"ListItem","position":2,"name":"Ayb\u00fcke Pusat&#8217;a destek veren Boran Kuzum da TRT dizisinden \u00e7\u0131kar\u0131ld\u0131!"}]},{"@type":"WebSite","@id":"https:\/\/denizcankizil.tr\/de\/#website","url":"https:\/\/denizcankizil.tr\/de\/","name":"Av. Deniz Can K\u0131z\u0131l","description":"Avukat Deniz Can K\u0131z\u0131l Antalya Barosu","publisher":{"@id":"https:\/\/denizcankizil.tr\/de\/#organization"},"potentialAction":[{"@type":"SearchAction","target":{"@type":"EntryPoint","urlTemplate":"https:\/\/denizcankizil.tr\/de\/?s={search_term_string}"},"query-input":{"@type":"PropertyValueSpecification","valueRequired":true,"valueName":"search_term_string"}}],"inLanguage":"ru-RU"},{"@type":"Organization","@id":"https:\/\/denizcankizil.tr\/de\/#organization","name":"Av. Deniz Can K\u0131z\u0131l","url":"https:\/\/denizcankizil.tr\/de\/","logo":{"@type":"ImageObject","inLanguage":"ru-RU","@id":"https:\/\/denizcankizil.tr\/de\/#\/schema\/logo\/image\/","url":"https:\/\/denizcankizil.tr\/wp-content\/uploads\/2024\/10\/siyah-logo-svg.svg","contentUrl":"https:\/\/denizcankizil.tr\/wp-content\/uploads\/2024\/10\/siyah-logo-svg.svg","width":1080,"height":1080,"caption":"Av. Deniz Can K\u0131z\u0131l"},"image":{"@id":"https:\/\/denizcankizil.tr\/de\/#\/schema\/logo\/image\/"}},{"@type":"Person","@id":"https:\/\/denizcankizil.tr\/de\/#\/schema\/person\/e1eb71bb4dd684d46563f0af307e1234","name":"Antalya K\u00f6rfez","image":{"@type":"ImageObject","inLanguage":"ru-RU","@id":"https:\/\/denizcankizil.tr\/de\/#\/schema\/person\/image\/","url":"https:\/\/secure.gravatar.com\/avatar\/42b01982558a48a0b501fdcab6a408d3717ea5919095ee2e67b0e521799c5905?s=96&d=mm&r=g","contentUrl":"https:\/\/secure.gravatar.com\/avatar\/42b01982558a48a0b501fdcab6a408d3717ea5919095ee2e67b0e521799c5905?s=96&d=mm&r=g","caption":"Antalya K\u00f6rfez"},"sameAs":["http:\/\/www.antalyakorfez.com"],"url":"https:\/\/www.antalyakorfez.com\/aybuke-pusata-destek-veren-boran-kuzum-da-trt-dizisinden-cikarildi"}]}},"_links":{"self":[{"href":"https:\/\/denizcankizil.tr\/ru\/wp-json\/wp\/v2\/posts\/43568","targetHints":{"allow":["GET"]}}],"collection":[{"href":"https:\/\/denizcankizil.tr\/ru\/wp-json\/wp\/v2\/posts"}],"about":[{"href":"https:\/\/denizcankizil.tr\/ru\/wp-json\/wp\/v2\/types\/post"}],"author":[{"embeddable":true,"href":"https:\/\/denizcankizil.tr\/ru\/wp-json\/wp\/v2\/users\/5"}],"replies":[{"embeddable":true,"href":"https:\/\/denizcankizil.tr\/ru\/wp-json\/wp\/v2\/comments?post=43568"}],"version-history":[{"count":0,"href":"https:\/\/denizcankizil.tr\/ru\/wp-json\/wp\/v2\/posts\/43568\/revisions"}],"wp:attachment":[{"href":"https:\/\/denizcankizil.tr\/ru\/wp-json\/wp\/v2\/media?parent=43568"}],"wp:term":[{"taxonomy":"category","embeddable":true,"href":"https:\/\/denizcankizil.tr\/ru\/wp-json\/wp\/v2\/categories?post=43568"},{"taxonomy":"post_tag","embeddable":true,"href":"https:\/\/denizcankizil.tr\/ru\/wp-json\/wp\/v2\/tags?post=43568"}],"curies":[{"name":"wp","href":"https:\/\/api.w.org\/{rel}","templated":true}]}}