{"id":43451,"date":"2025-04-02T18:41:15","date_gmt":"2025-04-02T15:41:15","guid":{"rendered":"https:\/\/denizcankizil.tr\/uncategorized-tr\/vatandas-boykotta-yetkililer-gunu-kurtarma-derdinde\/"},"modified":"2025-04-02T18:41:15","modified_gmt":"2025-04-02T15:41:15","slug":"vatandas-boykotta-yetkililer-gunu-kurtarma-derdinde","status":"publish","type":"post","link":"https:\/\/denizcankizil.tr\/ru\/haberler\/gundem\/vatandas-boykotta-yetkililer-gunu-kurtarma-derdinde\/","title":{"rendered":"Vatanda\u015f boykotta, yetkililer g\u00fcn\u00fc kurtarma derdinde"},"content":{"rendered":"<p>T\u00fcrkiye genelinde 2 Nisan&#8217;da ger\u00e7ekle\u015ftirilen boykot \u00e7a\u011fr\u0131s\u0131, sosyal medyada geni\u015f bir yank\u0131 uyand\u0131rd\u0131. Vatanda\u015flar kadar pek \u00e7ok \u00fcnl\u00fc de yap\u0131lan \u00e7a\u011fr\u0131ya destek verdi. Vatanda\u015flar g\u00fcn boyu, normal zamanda yo\u011fun olan al\u0131\u015fveri\u015f merkezleri, marketler ve caddelerin bo\u015f kald\u0131\u011f\u0131n\u0131 g\u00f6steren foto\u011fraf ve videolar payla\u015ft\u0131. Yetkililer ise boykotun etkisiz oldu\u011funu destekleyen a\u00e7\u0131klamalarda bulundu.\u00a0<\/p>\n<p>T\u0130CARET BAKANI B\u0130R MARKET\u0130N FOTO\u011eRAFINI PAYLA\u015eARAK &#8216;BOYKOT BA\u015eARISIZ&#8217; \u0130MAJI VERD\u0130\u00a0<\/p>\n<p>Ticaret Bakan\u0131 Prof. Dr. \u00d6mer Bolat, sosyal medya hesab\u0131nda yapt\u0131\u011f\u0131 a\u00e7\u0131klamada, &#8220;Milyonlarca vatanda\u015f\u0131m\u0131z y\u0131k\u0131c\u0131 ve bozguncu boykot \u00e7a\u011fr\u0131lar\u0131na itibar etmeyerek al\u0131\u015fveri\u015flerini yapmaya devam etti&#8221; dedi. Bolat, ticaretin desteklendi\u011fini ve milli ekonominin kazand\u0131\u011f\u0131n\u0131 vurgulayarak, kendisine destek veren esnaf ve ticaret odalar\u0131na te\u015fekk\u00fcr etti.<\/p>\n<p>PAYLA\u015eILAN FOTO\u011eRAF ELE\u015eT\u0130R\u0130LD\u0130\u00a0<\/p>\n<p>Ancak sosyal medyada boykotun etkili oldu\u011funu savunan bir\u00e7ok vatanda\u015f, yetkililerin payla\u015ft\u0131\u011f\u0131 foto\u011fraflar\u0131 ele\u015ftirdi. Baz\u0131 kullan\u0131c\u0131lar, payla\u015f\u0131lan g\u00f6r\u00fcnt\u00fclerde m\u00fc\u015fteri yo\u011funlu\u011funun az oldu\u011funu ve al\u0131\u015fveri\u015f yapan ki\u015filerin mutsuz g\u00f6r\u00fcnd\u00fc\u011f\u00fcne dikkat \u00e7ekti. Kimileri de, &#8220;Madem boykot ba\u015far\u0131s\u0131z oldu, neden bu kadar a\u00e7\u0131klama yap\u0131l\u0131yor, markete gelen ki\u015filer hangi il\u00e7e \u00f6rg\u00fct\u00fcnden&#8221; diyerek \u00e7e\u015fitli sorular y\u00f6neltti.\u00a0<\/p>\n<p>\u0130\u00c7\u0130\u015eLER\u0130 BAKANI ALI\u015eVER\u0130\u015e YAPTI\u011eI SIRADA V\u0130DEO PAYLA\u015eTI\u00a0<\/p>\n<p>\u0130\u00e7i\u015fleri Bakan\u0131 Ali Yerlikaya&#8217;da bir kuruyemi\u015f\u00e7i de al\u0131\u015fveri\u015f yapt\u0131\u011f\u0131 anlar\u0131 payla\u015farak, &#8220;Yerli ve milli \u00fcr\u00fcnlerimize, esnaflar\u0131m\u0131za y\u00f6nelik boykot \u00e7a\u011fr\u0131lar\u0131, do\u011frudan \u00fclkemizin ve milletimizin eme\u011fine ihanettir. Milletimizle birlikte, 7\u2019den 77\u2019ye bir ve beraber olarak B\u00fcy\u00fck ve G\u00fc\u00e7l\u00fc T\u00fcrkiye hedefine do\u011fru ilerleyece\u011fiz. Yerli \u00fcretimimizi desteklemeye, esnaflar\u0131m\u0131z\u0131n yan\u0131nda olmaya devam edece\u011fiz&#8221; dedi.\u00a0<\/p>\n<p>BA\u015eKAN \u00d6ZDEM\u0130R, CHP&#8217;N\u0130N HUKUKSUZLUK VE YOLSUZLUK SORU\u015eTURMALARI UNUTTURMAYA \u00c7ALI\u015eTI\u011eINI \u0130DD\u0130A ETT\u0130\u00a0<\/p>\n<p>Ak Parti \u0130stanbul \u0130l Ba\u015fkan\u0131 Abdullah \u00d6zdemir&#8217;de \u0130stanbul&#8217;daki esnaflar\u0131 gezdi\u011fi bir videoyu payla\u015farak, &#8220;Memleketin t\u00fcm \u00fcretim \u00e7arklar\u0131n\u0131 hedef alan bu s\u00f6zde boykotta hi\u00e7bir toplumsal \u00e7\u0131kar yok. Vatanda\u015f yarar\u0131na, demokrasi ad\u0131na hi\u00e7bir \u015fey yok. Sadece CHP\u2019nin hukuksuzluk ve yolsuzluklar\u0131n\u0131 unutturma \u00e7abalar\u0131 var. Biz de bu bencil ve kirli eyleme kar\u015f\u0131 \u00e7\u0131kmak i\u00e7in bug\u00fcn al\u0131\u015fveri\u015fteyiz. Kazanan sizin \u015fahsi ikballeriniz de\u011fil, T\u00fcrk ekonomisi olacak&#8221; ifadelerini kulland\u0131.\u00a0<\/p>\n<p>&#8220;T\u00dcRK\u0130YE&#8217;N\u0130N YANINDAYIZ&#8221; DED\u0130 ALI\u015eVER\u0130\u015e SEPET\u0130 K\u00dc\u00c7\u00dcK BULUNDU\u00a0<\/p>\n<p>Aile ve Sosyal Hizmetler Bakan\u0131 Mahinur \u00d6zdemir G\u00f6kta\u015f, bir markette al\u0131\u015fveri\u015f yapt\u0131\u011f\u0131 s\u0131rada sepetini ve \u00fcr\u00fcnleri se\u00e7erken ki g\u00f6r\u00fcnt\u00fcs\u00fcn\u00fc payla\u015farak, &#8220;\u0130\u015f\u00e7inin, giri\u015fimcinin, \u00fcreticinin, T\u00fcrkiye\u2019nin yan\u0131nday\u0131z&#8221; dedi. Bakan G\u00f6kta\u015f&#8217;\u0131n al\u0131\u015fveri\u015f sepetini k\u00fc\u00e7\u00fck g\u00f6ren vatanda\u015flar foto\u011fraf\u0131n alt\u0131nda ele\u015ftirilerde bulundu.\u00a0<\/p>\n<p>&#8220;SADECE \u0130SRA\u0130L DESTEK\u00c7\u0130S\u0130 \u00dcR\u00dcNLER\u0130 BOYKOT ED\u0130YORUZ&#8221;<\/p>\n<p>Ula\u015ft\u0131rma ve Altyap\u0131 Bakan\u0131 Abdulkadir Uralo\u011flu ise sadece \u0130srail&#8217;i destekleyen \u00fcr\u00fcnleri boykot ettiklerini ifade ederek al\u0131\u015fveri\u015f yapt\u0131\u011f\u0131 bir foto\u011fraf\u0131 sosyal medya hesab\u0131ndan payla\u015ft\u0131. Bakan Uralo\u011flu&#8217;nun foto\u011fraf payla\u015f\u0131m\u0131ndaki a\u00e7\u0131klamas\u0131 ise \u015fu \u015fekildeydi: &#8220;\u0130srail\u2019i destekleyen markalar\u0131n \u00fcr\u00fcnlerine kar\u015f\u0131 boykota sa\u011f\u0131r olanlar mill\u00ee marka ve \u00fcr\u00fcnlerimize sald\u0131r\u0131yor. \u015ea\u015f\u0131rmad\u0131k\u2026 \u0130nad\u0131na mill\u00ee ve yerli her \u00fcr\u00fcn\u00fc destekliyoruz.&#8221;\u00a0<\/p>\n<p>SOSYAL MEDYA KULLANICILARI BOYKOT \u00c7A\u011eRISININ \u0130\u015eE YARADI\u011eINI S\u00d6YLED\u0130\u00a0<\/p>\n<p>Sosyal medya kullanc\u0131lar\u0131 ise boykot \u00e7a\u011fr\u0131s\u0131n\u0131n i\u015fe yarad\u0131\u011f\u0131n\u0131 ifade eden payla\u015f\u0131mlarda bulunarak baz\u0131 al\u0131\u015fveri\u015f merkezlerini ve i\u015flek caddelerin foto\u011fraflar\u0131n\u0131 sosyal medya hesaplar\u0131nda payla\u015ft\u0131.\u00a0<\/p>\n<p>Boykotun ekonomik etkileri ve kamuoyundaki yank\u0131s\u0131 ilerleyen g\u00fcnlerde daha net bir \u015fekilde ortaya \u00e7\u0131kacak gibi g\u00f6r\u00fcn\u00fcyor.\u00a0\u00a0<\/p>\n<p>\u200b2 Nisan&#8217;da T\u00fcrkiye genelinde yap\u0131lan boykot \u00e7a\u011fr\u0131s\u0131, sosyal medyada geni\u015f yank\u0131 uyand\u0131rd\u0131. Vatanda\u015flar taraf\u0131ndan g\u00fcn boyu kalabal\u0131k olmas\u0131yla bilinen AVM&#8217;ler ve i\u015flek caddeler bo\u015f olarak payla\u015f\u0131ld\u0131. Yetkililer ise boykotun etkisiz kald\u0131\u011f\u0131n\u0131 belirtti\u00a0<\/p>\n<p>\u200bHaberin Al\u0131nt\u0131land\u0131\u011f\u0131 Kaynak: www.antalyakorfez.com<\/p>","protected":false},"excerpt":{"rendered":"<p>T\u00fcrkiye genelinde 2 Nisan&#8217;da ger\u00e7ekle\u015ftirilen boykot \u00e7a\u011fr\u0131s\u0131, sosyal medyada geni\u015f bir yank\u0131 uyand\u0131rd\u0131. Vatanda\u015flar kadar pek \u00e7ok \u00fcnl\u00fc de yap\u0131lan \u00e7a\u011fr\u0131ya destek verdi. Vatanda\u015flar g\u00fcn boyu, normal zamanda yo\u011fun olan al\u0131\u015fveri\u015f merkezleri, marketler ve caddelerin bo\u015f kald\u0131\u011f\u0131n\u0131 g\u00f6steren foto\u011fraf ve videolar payla\u015ft\u0131. Yetkililer ise boykotun etkisiz oldu\u011funu destekleyen a\u00e7\u0131klamalarda bulundu.\u00a0 T\u0130CARET BAKANI B\u0130R MARKET\u0130N FOTO\u011eRAFINI PAYLA\u015eARAK &#8216;BOYKOT BA\u015eARISIZ&#8217; \u0130MAJI VERD\u0130\u00a0 Ticaret Bakan\u0131 Prof. Dr. \u00d6mer Bolat, sosyal medya hesab\u0131nda yapt\u0131\u011f\u0131 a\u00e7\u0131klamada, &#8220;Milyonlarca vatanda\u015f\u0131m\u0131z y\u0131k\u0131c\u0131 ve bozguncu boykot \u00e7a\u011fr\u0131lar\u0131na itibar etmeyerek al\u0131\u015fveri\u015flerini yapmaya devam etti&#8221; dedi. Bolat, ticaretin desteklendi\u011fini ve milli ekonominin kazand\u0131\u011f\u0131n\u0131 vurgulayarak, kendisine destek veren esnaf ve ticaret odalar\u0131na te\u015fekk\u00fcr etti. PAYLA\u015eILAN FOTO\u011eRAF ELE\u015eT\u0130R\u0130LD\u0130\u00a0 Ancak sosyal medyada boykotun etkili oldu\u011funu savunan bir\u00e7ok vatanda\u015f, yetkililerin payla\u015ft\u0131\u011f\u0131 foto\u011fraflar\u0131 ele\u015ftirdi. Baz\u0131 kullan\u0131c\u0131lar, payla\u015f\u0131lan g\u00f6r\u00fcnt\u00fclerde m\u00fc\u015fteri yo\u011funlu\u011funun az oldu\u011funu ve al\u0131\u015fveri\u015f yapan ki\u015filerin mutsuz g\u00f6r\u00fcnd\u00fc\u011f\u00fcne dikkat \u00e7ekti. Kimileri de, &#8220;Madem boykot ba\u015far\u0131s\u0131z oldu, neden bu kadar a\u00e7\u0131klama yap\u0131l\u0131yor, markete gelen ki\u015filer hangi il\u00e7e \u00f6rg\u00fct\u00fcnden&#8221; diyerek \u00e7e\u015fitli sorular y\u00f6neltti.\u00a0 \u0130\u00c7\u0130\u015eLER\u0130 BAKANI ALI\u015eVER\u0130\u015e YAPTI\u011eI SIRADA V\u0130DEO PAYLA\u015eTI\u00a0 \u0130\u00e7i\u015fleri Bakan\u0131 Ali Yerlikaya&#8217;da bir kuruyemi\u015f\u00e7i de al\u0131\u015fveri\u015f yapt\u0131\u011f\u0131 anlar\u0131 payla\u015farak, &#8220;Yerli ve milli \u00fcr\u00fcnlerimize, esnaflar\u0131m\u0131za y\u00f6nelik boykot \u00e7a\u011fr\u0131lar\u0131, do\u011frudan \u00fclkemizin ve milletimizin eme\u011fine ihanettir. Milletimizle birlikte, 7\u2019den 77\u2019ye bir ve beraber olarak B\u00fcy\u00fck ve G\u00fc\u00e7l\u00fc T\u00fcrkiye hedefine &hellip;<\/p>","protected":false},"author":5,"featured_media":0,"comment_status":"","ping_status":"open","sticky":false,"template":"","format":"standard","meta":{"_acf_changed":false,"footnotes":""},"categories":[24],"tags":[],"class_list":["post-43451","post","type-post","status-publish","format-standard","has-post-thumbnail","hentry","category-gundem"],"acf":[],"yoast_head":"<!-- This site is optimized with the Yoast SEO Premium plugin v26.6 (Yoast SEO v27.1.1) - https:\/\/yoast.com\/product\/yoast-seo-premium-wordpress\/ -->\n<title>Vatanda\u015f boykotta, yetkililer g\u00fcn\u00fc kurtarma derdinde - Av. Deniz Can K\u0131z\u0131l<\/title>\n<meta name=\"robots\" content=\"index, follow, max-snippet:-1, max-image-preview:large, max-video-preview:-1\" \/>\n<link rel=\"canonical\" href=\"https:\/\/denizcankizil.tr\/ru\/haberler\/gundem\/vatandas-boykotta-yetkililer-gunu-kurtarma-derdinde\/\" \/>\n<meta property=\"og:locale\" content=\"ru_RU\" \/>\n<meta property=\"og:type\" content=\"article\" \/>\n<meta property=\"og:title\" content=\"Vatanda\u015f boykotta, yetkililer g\u00fcn\u00fc kurtarma derdinde\" \/>\n<meta property=\"og:description\" content=\"T\u00fcrkiye genelinde 2 Nisan&#8217;da ger\u00e7ekle\u015ftirilen boykot \u00e7a\u011fr\u0131s\u0131, sosyal medyada geni\u015f bir yank\u0131 uyand\u0131rd\u0131. Vatanda\u015flar kadar pek \u00e7ok \u00fcnl\u00fc de yap\u0131lan \u00e7a\u011fr\u0131ya destek verdi. Vatanda\u015flar g\u00fcn boyu, normal zamanda yo\u011fun olan al\u0131\u015fveri\u015f merkezleri, marketler ve caddelerin bo\u015f kald\u0131\u011f\u0131n\u0131 g\u00f6steren foto\u011fraf ve videolar payla\u015ft\u0131. Yetkililer ise boykotun etkisiz oldu\u011funu destekleyen a\u00e7\u0131klamalarda bulundu.\u00a0 T\u0130CARET BAKANI B\u0130R MARKET\u0130N FOTO\u011eRAFINI PAYLA\u015eARAK &#8216;BOYKOT BA\u015eARISIZ&#8217; \u0130MAJI VERD\u0130\u00a0 Ticaret Bakan\u0131 Prof. Dr. \u00d6mer Bolat, sosyal medya hesab\u0131nda yapt\u0131\u011f\u0131 a\u00e7\u0131klamada, &#8220;Milyonlarca vatanda\u015f\u0131m\u0131z y\u0131k\u0131c\u0131 ve bozguncu boykot \u00e7a\u011fr\u0131lar\u0131na itibar etmeyerek al\u0131\u015fveri\u015flerini yapmaya devam etti&#8221; dedi. Bolat, ticaretin desteklendi\u011fini ve milli ekonominin kazand\u0131\u011f\u0131n\u0131 vurgulayarak, kendisine destek veren esnaf ve ticaret odalar\u0131na te\u015fekk\u00fcr etti. PAYLA\u015eILAN FOTO\u011eRAF ELE\u015eT\u0130R\u0130LD\u0130\u00a0 Ancak sosyal medyada boykotun etkili oldu\u011funu savunan bir\u00e7ok vatanda\u015f, yetkililerin payla\u015ft\u0131\u011f\u0131 foto\u011fraflar\u0131 ele\u015ftirdi. Baz\u0131 kullan\u0131c\u0131lar, payla\u015f\u0131lan g\u00f6r\u00fcnt\u00fclerde m\u00fc\u015fteri yo\u011funlu\u011funun az oldu\u011funu ve al\u0131\u015fveri\u015f yapan ki\u015filerin mutsuz g\u00f6r\u00fcnd\u00fc\u011f\u00fcne dikkat \u00e7ekti. Kimileri de, &#8220;Madem boykot ba\u015far\u0131s\u0131z oldu, neden bu kadar a\u00e7\u0131klama yap\u0131l\u0131yor, markete gelen ki\u015filer hangi il\u00e7e \u00f6rg\u00fct\u00fcnden&#8221; diyerek \u00e7e\u015fitli sorular y\u00f6neltti.\u00a0 \u0130\u00c7\u0130\u015eLER\u0130 BAKANI ALI\u015eVER\u0130\u015e YAPTI\u011eI SIRADA V\u0130DEO PAYLA\u015eTI\u00a0 \u0130\u00e7i\u015fleri Bakan\u0131 Ali Yerlikaya&#8217;da bir kuruyemi\u015f\u00e7i de al\u0131\u015fveri\u015f yapt\u0131\u011f\u0131 anlar\u0131 payla\u015farak, &#8220;Yerli ve milli \u00fcr\u00fcnlerimize, esnaflar\u0131m\u0131za y\u00f6nelik boykot \u00e7a\u011fr\u0131lar\u0131, do\u011frudan \u00fclkemizin ve milletimizin eme\u011fine ihanettir. Milletimizle birlikte, 7\u2019den 77\u2019ye bir ve beraber olarak B\u00fcy\u00fck ve G\u00fc\u00e7l\u00fc T\u00fcrkiye hedefine &hellip;\" \/>\n<meta property=\"og:url\" content=\"https:\/\/denizcankizil.tr\/ru\/haberler\/gundem\/vatandas-boykotta-yetkililer-gunu-kurtarma-derdinde\/\" \/>\n<meta property=\"og:site_name\" content=\"Av. Deniz Can K\u0131z\u0131l\" \/>\n<meta property=\"article:published_time\" content=\"2025-04-02T15:41:15+00:00\" \/>\n<meta name=\"author\" content=\"Antalya K\u00f6rfez\" \/>\n<meta name=\"twitter:card\" content=\"summary_large_image\" \/>\n<meta name=\"twitter:label1\" content=\"\u041d\u0430\u043f\u0438\u0441\u0430\u043d\u043e \u0430\u0432\u0442\u043e\u0440\u043e\u043c\" \/>\n\t<meta name=\"twitter:data1\" content=\"Antalya K\u00f6rfez\" \/>\n\t<meta name=\"twitter:label2\" content=\"\u041f\u0440\u0438\u043c\u0435\u0440\u043d\u043e\u0435 \u0432\u0440\u0435\u043c\u044f \u0434\u043b\u044f \u0447\u0442\u0435\u043d\u0438\u044f\" \/>\n\t<meta name=\"twitter:data2\" content=\"3 \u043c\u0438\u043d\u0443\u0442\u044b\" \/>\n<script type=\"application\/ld+json\" class=\"yoast-schema-graph\">{\"@context\":\"https:\/\/schema.org\",\"@graph\":[{\"@type\":\"Article\",\"@id\":\"https:\/\/denizcankizil.tr\/ru\/haberler\/gundem\/vatandas-boykotta-yetkililer-gunu-kurtarma-derdinde\/#article\",\"isPartOf\":{\"@id\":\"https:\/\/denizcankizil.tr\/ru\/haberler\/gundem\/vatandas-boykotta-yetkililer-gunu-kurtarma-derdinde\/\"},\"author\":{\"name\":\"Antalya K\u00f6rfez\",\"@id\":\"https:\/\/denizcankizil.tr\/#\/schema\/person\/e1eb71bb4dd684d46563f0af307e1234\"},\"headline\":\"Vatanda\u015f boykotta, yetkililer g\u00fcn\u00fc kurtarma derdinde\",\"datePublished\":\"2025-04-02T15:41:15+00:00\",\"mainEntityOfPage\":{\"@id\":\"https:\/\/denizcankizil.tr\/ru\/haberler\/gundem\/vatandas-boykotta-yetkililer-gunu-kurtarma-derdinde\/\"},\"wordCount\":713,\"publisher\":{\"@id\":\"https:\/\/denizcankizil.tr\/#organization\"},\"articleSection\":[\"G\u00fcndem\"],\"inLanguage\":\"ru-RU\"},{\"@type\":\"WebPage\",\"@id\":\"https:\/\/denizcankizil.tr\/ru\/haberler\/gundem\/vatandas-boykotta-yetkililer-gunu-kurtarma-derdinde\/\",\"url\":\"https:\/\/denizcankizil.tr\/ru\/haberler\/gundem\/vatandas-boykotta-yetkililer-gunu-kurtarma-derdinde\/\",\"name\":\"Vatanda\u015f boykotta, yetkililer g\u00fcn\u00fc kurtarma derdinde - Av. Deniz Can K\u0131z\u0131l\",\"isPartOf\":{\"@id\":\"https:\/\/denizcankizil.tr\/#website\"},\"datePublished\":\"2025-04-02T15:41:15+00:00\",\"breadcrumb\":{\"@id\":\"https:\/\/denizcankizil.tr\/ru\/haberler\/gundem\/vatandas-boykotta-yetkililer-gunu-kurtarma-derdinde\/#breadcrumb\"},\"inLanguage\":\"ru-RU\",\"potentialAction\":[{\"@type\":\"ReadAction\",\"target\":[\"https:\/\/denizcankizil.tr\/ru\/haberler\/gundem\/vatandas-boykotta-yetkililer-gunu-kurtarma-derdinde\/\"]}]},{\"@type\":\"BreadcrumbList\",\"@id\":\"https:\/\/denizcankizil.tr\/ru\/haberler\/gundem\/vatandas-boykotta-yetkililer-gunu-kurtarma-derdinde\/#breadcrumb\",\"itemListElement\":[{\"@type\":\"ListItem\",\"position\":1,\"name\":\"Home\",\"item\":\"https:\/\/denizcankizil.tr\/de\/\"},{\"@type\":\"ListItem\",\"position\":2,\"name\":\"Vatanda\u015f boykotta, yetkililer g\u00fcn\u00fc kurtarma derdinde\"}]},{\"@type\":\"WebSite\",\"@id\":\"https:\/\/denizcankizil.tr\/#website\",\"url\":\"https:\/\/denizcankizil.tr\/\",\"name\":\"Av. Deniz Can K\u0131z\u0131l\",\"description\":\"Avukat Deniz Can K\u0131z\u0131l Antalya Barosu\",\"publisher\":{\"@id\":\"https:\/\/denizcankizil.tr\/#organization\"},\"potentialAction\":[{\"@type\":\"SearchAction\",\"target\":{\"@type\":\"EntryPoint\",\"urlTemplate\":\"https:\/\/denizcankizil.tr\/?s={search_term_string}\"},\"query-input\":{\"@type\":\"PropertyValueSpecification\",\"valueRequired\":true,\"valueName\":\"search_term_string\"}}],\"inLanguage\":\"ru-RU\"},{\"@type\":\"Organization\",\"@id\":\"https:\/\/denizcankizil.tr\/#organization\",\"name\":\"Av. Deniz Can K\u0131z\u0131l\",\"url\":\"https:\/\/denizcankizil.tr\/\",\"logo\":{\"@type\":\"ImageObject\",\"inLanguage\":\"ru-RU\",\"@id\":\"https:\/\/denizcankizil.tr\/#\/schema\/logo\/image\/\",\"url\":\"https:\/\/denizcankizil.tr\/wp-content\/uploads\/2024\/10\/siyah-logo-svg.svg\",\"contentUrl\":\"https:\/\/denizcankizil.tr\/wp-content\/uploads\/2024\/10\/siyah-logo-svg.svg\",\"width\":1080,\"height\":1080,\"caption\":\"Av. Deniz Can K\u0131z\u0131l\"},\"image\":{\"@id\":\"https:\/\/denizcankizil.tr\/#\/schema\/logo\/image\/\"}},{\"@type\":\"Person\",\"@id\":\"https:\/\/denizcankizil.tr\/#\/schema\/person\/e1eb71bb4dd684d46563f0af307e1234\",\"name\":\"Antalya K\u00f6rfez\",\"image\":{\"@type\":\"ImageObject\",\"inLanguage\":\"ru-RU\",\"@id\":\"https:\/\/denizcankizil.tr\/#\/schema\/person\/image\/\",\"url\":\"https:\/\/secure.gravatar.com\/avatar\/42b01982558a48a0b501fdcab6a408d3717ea5919095ee2e67b0e521799c5905?s=96&d=mm&r=g\",\"contentUrl\":\"https:\/\/secure.gravatar.com\/avatar\/42b01982558a48a0b501fdcab6a408d3717ea5919095ee2e67b0e521799c5905?s=96&d=mm&r=g\",\"caption\":\"Antalya K\u00f6rfez\"},\"sameAs\":[\"http:\/\/www.antalyakorfez.com\"],\"url\":\"https:\/\/www.antalyakorfez.com\/vatandas-boykotta-yetkililer-gunu-kurtarma-derdinde\"}]}<\/script>\n<!-- \/ Yoast SEO Premium plugin. -->","yoast_head_json":{"title":"Vatanda\u015f boykotta, yetkililer g\u00fcn\u00fc kurtarma derdinde - Av. Deniz Can K\u0131z\u0131l","robots":{"index":"index","follow":"follow","max-snippet":"max-snippet:-1","max-image-preview":"max-image-preview:large","max-video-preview":"max-video-preview:-1"},"canonical":"https:\/\/denizcankizil.tr\/ru\/haberler\/gundem\/vatandas-boykotta-yetkililer-gunu-kurtarma-derdinde\/","og_locale":"ru_RU","og_type":"article","og_title":"Vatanda\u015f boykotta, yetkililer g\u00fcn\u00fc kurtarma derdinde","og_description":"T\u00fcrkiye genelinde 2 Nisan&#8217;da ger\u00e7ekle\u015ftirilen boykot \u00e7a\u011fr\u0131s\u0131, sosyal medyada geni\u015f bir yank\u0131 uyand\u0131rd\u0131. Vatanda\u015flar kadar pek \u00e7ok \u00fcnl\u00fc de yap\u0131lan \u00e7a\u011fr\u0131ya destek verdi. Vatanda\u015flar g\u00fcn boyu, normal zamanda yo\u011fun olan al\u0131\u015fveri\u015f merkezleri, marketler ve caddelerin bo\u015f kald\u0131\u011f\u0131n\u0131 g\u00f6steren foto\u011fraf ve videolar payla\u015ft\u0131. Yetkililer ise boykotun etkisiz oldu\u011funu destekleyen a\u00e7\u0131klamalarda bulundu.\u00a0 T\u0130CARET BAKANI B\u0130R MARKET\u0130N FOTO\u011eRAFINI PAYLA\u015eARAK &#8216;BOYKOT BA\u015eARISIZ&#8217; \u0130MAJI VERD\u0130\u00a0 Ticaret Bakan\u0131 Prof. Dr. \u00d6mer Bolat, sosyal medya hesab\u0131nda yapt\u0131\u011f\u0131 a\u00e7\u0131klamada, &#8220;Milyonlarca vatanda\u015f\u0131m\u0131z y\u0131k\u0131c\u0131 ve bozguncu boykot \u00e7a\u011fr\u0131lar\u0131na itibar etmeyerek al\u0131\u015fveri\u015flerini yapmaya devam etti&#8221; dedi. Bolat, ticaretin desteklendi\u011fini ve milli ekonominin kazand\u0131\u011f\u0131n\u0131 vurgulayarak, kendisine destek veren esnaf ve ticaret odalar\u0131na te\u015fekk\u00fcr etti. PAYLA\u015eILAN FOTO\u011eRAF ELE\u015eT\u0130R\u0130LD\u0130\u00a0 Ancak sosyal medyada boykotun etkili oldu\u011funu savunan bir\u00e7ok vatanda\u015f, yetkililerin payla\u015ft\u0131\u011f\u0131 foto\u011fraflar\u0131 ele\u015ftirdi. Baz\u0131 kullan\u0131c\u0131lar, payla\u015f\u0131lan g\u00f6r\u00fcnt\u00fclerde m\u00fc\u015fteri yo\u011funlu\u011funun az oldu\u011funu ve al\u0131\u015fveri\u015f yapan ki\u015filerin mutsuz g\u00f6r\u00fcnd\u00fc\u011f\u00fcne dikkat \u00e7ekti. Kimileri de, &#8220;Madem boykot ba\u015far\u0131s\u0131z oldu, neden bu kadar a\u00e7\u0131klama yap\u0131l\u0131yor, markete gelen ki\u015filer hangi il\u00e7e \u00f6rg\u00fct\u00fcnden&#8221; diyerek \u00e7e\u015fitli sorular y\u00f6neltti.\u00a0 \u0130\u00c7\u0130\u015eLER\u0130 BAKANI ALI\u015eVER\u0130\u015e YAPTI\u011eI SIRADA V\u0130DEO PAYLA\u015eTI\u00a0 \u0130\u00e7i\u015fleri Bakan\u0131 Ali Yerlikaya&#8217;da bir kuruyemi\u015f\u00e7i de al\u0131\u015fveri\u015f yapt\u0131\u011f\u0131 anlar\u0131 payla\u015farak, &#8220;Yerli ve milli \u00fcr\u00fcnlerimize, esnaflar\u0131m\u0131za y\u00f6nelik boykot \u00e7a\u011fr\u0131lar\u0131, do\u011frudan \u00fclkemizin ve milletimizin eme\u011fine ihanettir. Milletimizle birlikte, 7\u2019den 77\u2019ye bir ve beraber olarak B\u00fcy\u00fck ve G\u00fc\u00e7l\u00fc T\u00fcrkiye hedefine &hellip;","og_url":"https:\/\/denizcankizil.tr\/ru\/haberler\/gundem\/vatandas-boykotta-yetkililer-gunu-kurtarma-derdinde\/","og_site_name":"Av. Deniz Can K\u0131z\u0131l","article_published_time":"2025-04-02T15:41:15+00:00","author":"Antalya K\u00f6rfez","twitter_card":"summary_large_image","twitter_misc":{"\u041d\u0430\u043f\u0438\u0441\u0430\u043d\u043e \u0430\u0432\u0442\u043e\u0440\u043e\u043c":"Antalya K\u00f6rfez","\u041f\u0440\u0438\u043c\u0435\u0440\u043d\u043e\u0435 \u0432\u0440\u0435\u043c\u044f \u0434\u043b\u044f \u0447\u0442\u0435\u043d\u0438\u044f":"3 \u043c\u0438\u043d\u0443\u0442\u044b"},"schema":{"@context":"https:\/\/schema.org","@graph":[{"@type":"Article","@id":"https:\/\/denizcankizil.tr\/ru\/haberler\/gundem\/vatandas-boykotta-yetkililer-gunu-kurtarma-derdinde\/#article","isPartOf":{"@id":"https:\/\/denizcankizil.tr\/ru\/haberler\/gundem\/vatandas-boykotta-yetkililer-gunu-kurtarma-derdinde\/"},"author":{"name":"Antalya K\u00f6rfez","@id":"https:\/\/denizcankizil.tr\/#\/schema\/person\/e1eb71bb4dd684d46563f0af307e1234"},"headline":"Vatanda\u015f boykotta, yetkililer g\u00fcn\u00fc kurtarma derdinde","datePublished":"2025-04-02T15:41:15+00:00","mainEntityOfPage":{"@id":"https:\/\/denizcankizil.tr\/ru\/haberler\/gundem\/vatandas-boykotta-yetkililer-gunu-kurtarma-derdinde\/"},"wordCount":713,"publisher":{"@id":"https:\/\/denizcankizil.tr\/#organization"},"articleSection":["G\u00fcndem"],"inLanguage":"ru-RU"},{"@type":"WebPage","@id":"https:\/\/denizcankizil.tr\/ru\/haberler\/gundem\/vatandas-boykotta-yetkililer-gunu-kurtarma-derdinde\/","url":"https:\/\/denizcankizil.tr\/ru\/haberler\/gundem\/vatandas-boykotta-yetkililer-gunu-kurtarma-derdinde\/","name":"Vatanda\u015f boykotta, yetkililer g\u00fcn\u00fc kurtarma derdinde - Av. Deniz Can K\u0131z\u0131l","isPartOf":{"@id":"https:\/\/denizcankizil.tr\/#website"},"datePublished":"2025-04-02T15:41:15+00:00","breadcrumb":{"@id":"https:\/\/denizcankizil.tr\/ru\/haberler\/gundem\/vatandas-boykotta-yetkililer-gunu-kurtarma-derdinde\/#breadcrumb"},"inLanguage":"ru-RU","potentialAction":[{"@type":"ReadAction","target":["https:\/\/denizcankizil.tr\/ru\/haberler\/gundem\/vatandas-boykotta-yetkililer-gunu-kurtarma-derdinde\/"]}]},{"@type":"BreadcrumbList","@id":"https:\/\/denizcankizil.tr\/ru\/haberler\/gundem\/vatandas-boykotta-yetkililer-gunu-kurtarma-derdinde\/#breadcrumb","itemListElement":[{"@type":"ListItem","position":1,"name":"Home","item":"https:\/\/denizcankizil.tr\/de\/"},{"@type":"ListItem","position":2,"name":"Vatanda\u015f boykotta, yetkililer g\u00fcn\u00fc kurtarma derdinde"}]},{"@type":"WebSite","@id":"https:\/\/denizcankizil.tr\/#website","url":"https:\/\/denizcankizil.tr\/","name":"Av. Deniz Can K\u0131z\u0131l","description":"Avukat Deniz Can K\u0131z\u0131l Antalya Barosu","publisher":{"@id":"https:\/\/denizcankizil.tr\/#organization"},"potentialAction":[{"@type":"SearchAction","target":{"@type":"EntryPoint","urlTemplate":"https:\/\/denizcankizil.tr\/?s={search_term_string}"},"query-input":{"@type":"PropertyValueSpecification","valueRequired":true,"valueName":"search_term_string"}}],"inLanguage":"ru-RU"},{"@type":"Organization","@id":"https:\/\/denizcankizil.tr\/#organization","name":"Av. Deniz Can K\u0131z\u0131l","url":"https:\/\/denizcankizil.tr\/","logo":{"@type":"ImageObject","inLanguage":"ru-RU","@id":"https:\/\/denizcankizil.tr\/#\/schema\/logo\/image\/","url":"https:\/\/denizcankizil.tr\/wp-content\/uploads\/2024\/10\/siyah-logo-svg.svg","contentUrl":"https:\/\/denizcankizil.tr\/wp-content\/uploads\/2024\/10\/siyah-logo-svg.svg","width":1080,"height":1080,"caption":"Av. Deniz Can K\u0131z\u0131l"},"image":{"@id":"https:\/\/denizcankizil.tr\/#\/schema\/logo\/image\/"}},{"@type":"Person","@id":"https:\/\/denizcankizil.tr\/#\/schema\/person\/e1eb71bb4dd684d46563f0af307e1234","name":"Antalya K\u00f6rfez","image":{"@type":"ImageObject","inLanguage":"ru-RU","@id":"https:\/\/denizcankizil.tr\/#\/schema\/person\/image\/","url":"https:\/\/secure.gravatar.com\/avatar\/42b01982558a48a0b501fdcab6a408d3717ea5919095ee2e67b0e521799c5905?s=96&d=mm&r=g","contentUrl":"https:\/\/secure.gravatar.com\/avatar\/42b01982558a48a0b501fdcab6a408d3717ea5919095ee2e67b0e521799c5905?s=96&d=mm&r=g","caption":"Antalya K\u00f6rfez"},"sameAs":["http:\/\/www.antalyakorfez.com"],"url":"https:\/\/www.antalyakorfez.com\/vatandas-boykotta-yetkililer-gunu-kurtarma-derdinde"}]}},"_links":{"self":[{"href":"https:\/\/denizcankizil.tr\/ru\/wp-json\/wp\/v2\/posts\/43451","targetHints":{"allow":["GET"]}}],"collection":[{"href":"https:\/\/denizcankizil.tr\/ru\/wp-json\/wp\/v2\/posts"}],"about":[{"href":"https:\/\/denizcankizil.tr\/ru\/wp-json\/wp\/v2\/types\/post"}],"author":[{"embeddable":true,"href":"https:\/\/denizcankizil.tr\/ru\/wp-json\/wp\/v2\/users\/5"}],"replies":[{"embeddable":true,"href":"https:\/\/denizcankizil.tr\/ru\/wp-json\/wp\/v2\/comments?post=43451"}],"version-history":[{"count":0,"href":"https:\/\/denizcankizil.tr\/ru\/wp-json\/wp\/v2\/posts\/43451\/revisions"}],"wp:attachment":[{"href":"https:\/\/denizcankizil.tr\/ru\/wp-json\/wp\/v2\/media?parent=43451"}],"wp:term":[{"taxonomy":"category","embeddable":true,"href":"https:\/\/denizcankizil.tr\/ru\/wp-json\/wp\/v2\/categories?post=43451"},{"taxonomy":"post_tag","embeddable":true,"href":"https:\/\/denizcankizil.tr\/ru\/wp-json\/wp\/v2\/tags?post=43451"}],"curies":[{"name":"wp","href":"https:\/\/api.w.org\/{rel}","templated":true}]}}