{"id":4320,"date":"2024-10-19T15:41:37","date_gmt":"2024-10-19T12:41:37","guid":{"rendered":"https:\/\/denizcankizil.tr\/uncategorized-tr\/mugladaki-orman-yanginlarina-mudahale-suruyor\/"},"modified":"2024-10-19T15:41:37","modified_gmt":"2024-10-19T12:41:37","slug":"mugladaki-orman-yanginlarina-mudahale-suruyor","status":"publish","type":"post","link":"https:\/\/denizcankizil.tr\/ru\/haberler\/gundem\/mugladaki-orman-yanginlarina-mudahale-suruyor\/","title":{"rendered":"Mu\u011fla&#8217;daki orman yang\u0131nlar\u0131na m\u00fcdahale s\u00fcr\u00fcyor"},"content":{"rendered":"<p>Mu\u011fla B\u00fcy\u00fck\u015fehir Belediyesi d\u00fcn il genelinde \u00e7\u0131kan orman yang\u0131nlar\u0131na 120 personel ve 70 ara\u00e7 ile m\u00fcdahalesini s\u00fcrd\u00fcr\u00fcyor.MU\u011eLA (\u0130GFA) &#8211;\u00a0 Mu\u011fla&#8217;n\u0131n Mente\u015fe il\u00e7esi Turnal\u0131 Mevkii,\u00a0 Dalaman il\u00e7esi Ta\u015fba\u015f\u0131 Mevkii&#8217;nde ve farkl\u0131 noktalarda d\u00fcn ak\u015fam saatlerinde ba\u015flayan orman yang\u0131nlar\u0131 karadan ve havadan m\u00fcdahaleler ile kontrol alt\u0131na al\u0131nmaya \u00e7al\u0131\u015f\u0131l\u0131yor.<br \/>\n\u0130l genelinde \u00e7\u0131kan 6 yang\u0131ndan Mente\u015fe Turnal\u0131 ve Dalaman Ta\u015fba\u015f\u0131\u2019nda yang\u0131n s\u00f6nd\u00fcrme \u00e7al\u0131\u015fmalar\u0131 havadan ve karadan devam ederken di\u011fer yang\u0131nlar kontrol alt\u0131na al\u0131nd\u0131. Mu\u011fla B\u00fcy\u00fck\u015fehir Belediyesi itfaiye ekipleri yang\u0131nlara 70 ara\u00e7 ve 120 personel ile m\u00fcdahale ediyor. B\u00fcy\u00fck\u015fehir ayr\u0131ca MUSK\u0130, Sa\u011fl\u0131k ekipleri ile de yang\u0131n b\u00f6lgesinde vatanda\u015flar\u0131n yan\u0131nda oluyor.<br \/>\nYang\u0131n s\u00f6nd\u00fcrme \u00e7al\u0131\u015fmalar\u0131n\u0131 yang\u0131n\u0131n \u00e7\u0131kt\u0131\u011f\u0131 gece saatlerinden itibaren yak\u0131ndan takip eden ve yang\u0131n\u0131n evlere yakla\u015ft\u0131\u011f\u0131 en kritik mahalle olan K\u0131ran Mahallesi\u2019ne giden Ba\u015fkan Aras a\u00e7\u0131klamalarda bulundu. Mu\u011fla B\u00fcy\u00fck\u015fehir Belediyesi ve K\u0131y\u0131 Ege Belediyeler Birli\u011fi Ba\u015fkan\u0131 Ahmet Aras \u015funlar\u0131 s\u00f6yledi; \u201c\u015eu an K\u0131ran yang\u0131n b\u00f6lgesindeyiz. Gece ge\u00e7 saatlerde Turnal\u0131 b\u00f6lgesinde \u00e7\u0131kan yang\u0131n \u015fu anda K\u0131ran b\u00f6lgesine ilerliyor. T\u00fcm ekipler havadan, karadan m\u00fcdahaleye devam ediyor. \u0130tfaiyemiz, orman, MUSK\u0130 ekiplerimizle yang\u0131na m\u00fcdahale ediyoruz. K\u0131ran b\u00f6lgesi Mu\u011flam\u0131z\u0131n bal \u00fcretim merkezi. Ormanlar\u0131m\u0131z bal orman\u0131 diye tabir edilen ormanlar. B\u00f6lgede yakla\u015f\u0131k 100 bin kovan var. Ne yaz\u0131k ki bu ormanlar\u0131m\u0131z\u0131 kaybediyoruz. Ancak t\u00fcm ekipler ellerinden gelen gayretle ve t\u00fcm g\u00fc\u00e7leri ile yang\u0131nla m\u00fccadele ediyor. Ormanlar\u0131m\u0131z\u0131 ve k\u00f6ylerimizi korumak i\u00e7in gayret ediyorlar. \u015eu an K\u0131ran\u2019da meskun mahalleye gelmesin diye gerekli tedbirleri almak i\u00e7in \u00e7al\u0131\u015f\u0131yoruz. Dalaman\u2019daki yang\u0131nda devam ediyor. Havadan ve karadan m\u00fcdahale s\u00fcr\u00fcyor. Yang\u0131nlarla ilgili t\u00fcm geli\u015fmeleri vatanda\u015flar\u0131m\u0131za aktarmaya da devam edece\u011fiz.\u201d dedi.<\/p>\n<p>Gece saatlerinde Mu\u011fla&#8217;n\u0131n \u00e7e\u015fitli noktalar\u0131nda \u00e7\u0131kan orman yang\u0131nlar\u0131n\u0131n bir k\u0131sm\u0131 s\u00f6nd\u00fcr\u00fcl\u00fcrken baz\u0131 b\u00f6lgelerde ekiplerin yang\u0131na m\u00fcdahalesi devam ediyor.<br \/>\nOrtaca&#8217;n\u0131n Ok\u00e7ular Mahallesi ve Seydikemer&#8217;inYakaba\u011f b\u00f6lgesinde \u00e7\u0131kan orman yang\u0131nlar\u0131 tamamen s\u00f6nd\u00fcr\u00fcl\u00fcrken Dalaman Ta\u015fba\u015f\u0131 Mahallesi ve Turnal\u0131 Mevkii&#8217;nde r\u00fczg\u00e2r\u0131n da etkisiyle yay\u0131lan yang\u0131n\u0131 s\u00f6nd\u00fcrme \u00e7al\u0131\u015fmalar\u0131 yo\u011fun bir \u015fekilde s\u00fcr\u00fcyor. Milas Dibekdere Mahallesi&#8217;ndeki yang\u0131na ise so\u011futma \u00e7al\u0131\u015fmalar\u0131 yap\u0131l\u0131yor. Mu\u011fla genelinde yang\u0131nla m\u00fccadele \u00e7al\u0131\u015fmalar\u0131 aral\u0131ks\u0131z devam ediyor.<\/p>\n<p>\u200bMu\u011fla B\u00fcy\u00fck\u015fehir Belediyesi d\u00fcn il genelinde \u00e7\u0131kan orman yang\u0131nlar\u0131na 120 personel ve 70 ara\u00e7 ile m\u00fcdahalesini s\u00fcrd\u00fcr\u00fcyor\u00a0<\/p>\n<p>\u200bHaberin Al\u0131nt\u0131land\u0131\u011f\u0131 Kaynak: www.iskenderun.org<\/p>","protected":false},"excerpt":{"rendered":"<p>Mu\u011fla B\u00fcy\u00fck\u015fehir Belediyesi d\u00fcn il genelinde \u00e7\u0131kan orman yang\u0131nlar\u0131na 120 personel ve 70 ara\u00e7 ile m\u00fcdahalesini s\u00fcrd\u00fcr\u00fcyor.MU\u011eLA (\u0130GFA) &#8211;\u00a0 Mu\u011fla&#8217;n\u0131n Mente\u015fe il\u00e7esi Turnal\u0131 Mevkii,\u00a0 Dalaman il\u00e7esi Ta\u015fba\u015f\u0131 Mevkii&#8217;nde ve farkl\u0131 noktalarda d\u00fcn ak\u015fam saatlerinde ba\u015flayan orman yang\u0131nlar\u0131 karadan ve havadan m\u00fcdahaleler ile kontrol alt\u0131na al\u0131nmaya \u00e7al\u0131\u015f\u0131l\u0131yor. \u0130l genelinde \u00e7\u0131kan 6 yang\u0131ndan Mente\u015fe Turnal\u0131 ve Dalaman Ta\u015fba\u015f\u0131\u2019nda yang\u0131n s\u00f6nd\u00fcrme \u00e7al\u0131\u015fmalar\u0131 havadan ve karadan devam ederken di\u011fer yang\u0131nlar kontrol alt\u0131na al\u0131nd\u0131. Mu\u011fla B\u00fcy\u00fck\u015fehir Belediyesi itfaiye ekipleri yang\u0131nlara 70 ara\u00e7 ve 120 personel ile m\u00fcdahale ediyor. B\u00fcy\u00fck\u015fehir ayr\u0131ca MUSK\u0130, Sa\u011fl\u0131k ekipleri ile de yang\u0131n b\u00f6lgesinde vatanda\u015flar\u0131n yan\u0131nda oluyor. Yang\u0131n s\u00f6nd\u00fcrme \u00e7al\u0131\u015fmalar\u0131n\u0131 yang\u0131n\u0131n \u00e7\u0131kt\u0131\u011f\u0131 gece saatlerinden itibaren yak\u0131ndan takip eden ve yang\u0131n\u0131n evlere yakla\u015ft\u0131\u011f\u0131 en kritik mahalle olan K\u0131ran Mahallesi\u2019ne giden Ba\u015fkan Aras a\u00e7\u0131klamalarda bulundu. Mu\u011fla B\u00fcy\u00fck\u015fehir Belediyesi ve K\u0131y\u0131 Ege Belediyeler Birli\u011fi Ba\u015fkan\u0131 Ahmet Aras \u015funlar\u0131 s\u00f6yledi; \u201c\u015eu an K\u0131ran yang\u0131n b\u00f6lgesindeyiz. Gece ge\u00e7 saatlerde Turnal\u0131 b\u00f6lgesinde \u00e7\u0131kan yang\u0131n \u015fu anda K\u0131ran b\u00f6lgesine ilerliyor. T\u00fcm ekipler havadan, karadan m\u00fcdahaleye devam ediyor. \u0130tfaiyemiz, orman, MUSK\u0130 ekiplerimizle yang\u0131na m\u00fcdahale ediyoruz. K\u0131ran b\u00f6lgesi Mu\u011flam\u0131z\u0131n bal \u00fcretim merkezi. Ormanlar\u0131m\u0131z bal orman\u0131 diye tabir edilen ormanlar. B\u00f6lgede yakla\u015f\u0131k 100 bin kovan var. Ne yaz\u0131k ki bu ormanlar\u0131m\u0131z\u0131 kaybediyoruz. Ancak t\u00fcm ekipler ellerinden gelen gayretle ve t\u00fcm g\u00fc\u00e7leri ile &hellip;<\/p>","protected":false},"author":0,"featured_media":0,"comment_status":"open","ping_status":"open","sticky":false,"template":"","format":"standard","meta":{"_acf_changed":false,"footnotes":""},"categories":[24,535],"tags":[],"class_list":["post-4320","post","type-post","status-publish","format-standard","has-post-thumbnail","hentry","category-gundem","category-uncategorized-tr"],"acf":[],"yoast_head":"<!-- This site is optimized with the Yoast SEO Premium plugin v26.6 (Yoast SEO v27.1.1) - https:\/\/yoast.com\/product\/yoast-seo-premium-wordpress\/ -->\n<title>Mu\u011fla&#039;daki orman yang\u0131nlar\u0131na m\u00fcdahale s\u00fcr\u00fcyor - Av. Deniz Can K\u0131z\u0131l<\/title>\n<meta name=\"robots\" content=\"index, follow, max-snippet:-1, max-image-preview:large, max-video-preview:-1\" \/>\n<link rel=\"canonical\" href=\"https:\/\/denizcankizil.tr\/ru\/haberler\/gundem\/mugladaki-orman-yanginlarina-mudahale-suruyor\/\" \/>\n<meta property=\"og:locale\" content=\"ru_RU\" \/>\n<meta property=\"og:type\" content=\"article\" \/>\n<meta property=\"og:title\" content=\"Mu\u011fla&#039;daki orman yang\u0131nlar\u0131na m\u00fcdahale s\u00fcr\u00fcyor\" \/>\n<meta property=\"og:description\" content=\"Mu\u011fla B\u00fcy\u00fck\u015fehir Belediyesi d\u00fcn il genelinde \u00e7\u0131kan orman yang\u0131nlar\u0131na 120 personel ve 70 ara\u00e7 ile m\u00fcdahalesini s\u00fcrd\u00fcr\u00fcyor.MU\u011eLA (\u0130GFA) &#8211;\u00a0 Mu\u011fla&#8217;n\u0131n Mente\u015fe il\u00e7esi Turnal\u0131 Mevkii,\u00a0 Dalaman il\u00e7esi Ta\u015fba\u015f\u0131 Mevkii&#8217;nde ve farkl\u0131 noktalarda d\u00fcn ak\u015fam saatlerinde ba\u015flayan orman yang\u0131nlar\u0131 karadan ve havadan m\u00fcdahaleler ile kontrol alt\u0131na al\u0131nmaya \u00e7al\u0131\u015f\u0131l\u0131yor. \u0130l genelinde \u00e7\u0131kan 6 yang\u0131ndan Mente\u015fe Turnal\u0131 ve Dalaman Ta\u015fba\u015f\u0131\u2019nda yang\u0131n s\u00f6nd\u00fcrme \u00e7al\u0131\u015fmalar\u0131 havadan ve karadan devam ederken di\u011fer yang\u0131nlar kontrol alt\u0131na al\u0131nd\u0131. Mu\u011fla B\u00fcy\u00fck\u015fehir Belediyesi itfaiye ekipleri yang\u0131nlara 70 ara\u00e7 ve 120 personel ile m\u00fcdahale ediyor. B\u00fcy\u00fck\u015fehir ayr\u0131ca MUSK\u0130, Sa\u011fl\u0131k ekipleri ile de yang\u0131n b\u00f6lgesinde vatanda\u015flar\u0131n yan\u0131nda oluyor. Yang\u0131n s\u00f6nd\u00fcrme \u00e7al\u0131\u015fmalar\u0131n\u0131 yang\u0131n\u0131n \u00e7\u0131kt\u0131\u011f\u0131 gece saatlerinden itibaren yak\u0131ndan takip eden ve yang\u0131n\u0131n evlere yakla\u015ft\u0131\u011f\u0131 en kritik mahalle olan K\u0131ran Mahallesi\u2019ne giden Ba\u015fkan Aras a\u00e7\u0131klamalarda bulundu. Mu\u011fla B\u00fcy\u00fck\u015fehir Belediyesi ve K\u0131y\u0131 Ege Belediyeler Birli\u011fi Ba\u015fkan\u0131 Ahmet Aras \u015funlar\u0131 s\u00f6yledi; \u201c\u015eu an K\u0131ran yang\u0131n b\u00f6lgesindeyiz. Gece ge\u00e7 saatlerde Turnal\u0131 b\u00f6lgesinde \u00e7\u0131kan yang\u0131n \u015fu anda K\u0131ran b\u00f6lgesine ilerliyor. T\u00fcm ekipler havadan, karadan m\u00fcdahaleye devam ediyor. \u0130tfaiyemiz, orman, MUSK\u0130 ekiplerimizle yang\u0131na m\u00fcdahale ediyoruz. K\u0131ran b\u00f6lgesi Mu\u011flam\u0131z\u0131n bal \u00fcretim merkezi. Ormanlar\u0131m\u0131z bal orman\u0131 diye tabir edilen ormanlar. B\u00f6lgede yakla\u015f\u0131k 100 bin kovan var. Ne yaz\u0131k ki bu ormanlar\u0131m\u0131z\u0131 kaybediyoruz. Ancak t\u00fcm ekipler ellerinden gelen gayretle ve t\u00fcm g\u00fc\u00e7leri ile &hellip;\" \/>\n<meta property=\"og:url\" content=\"https:\/\/denizcankizil.tr\/ru\/haberler\/gundem\/mugladaki-orman-yanginlarina-mudahale-suruyor\/\" \/>\n<meta property=\"og:site_name\" content=\"Av. Deniz Can K\u0131z\u0131l\" \/>\n<meta property=\"article:published_time\" content=\"2024-10-19T12:41:37+00:00\" \/>\n<meta name=\"twitter:card\" content=\"summary_large_image\" \/>\n<meta name=\"twitter:label1\" content=\"\u041f\u0440\u0438\u043c\u0435\u0440\u043d\u043e\u0435 \u0432\u0440\u0435\u043c\u044f \u0434\u043b\u044f \u0447\u0442\u0435\u043d\u0438\u044f\" \/>\n\t<meta name=\"twitter:data1\" content=\"3 \u043c\u0438\u043d\u0443\u0442\u044b\" \/>\n<script type=\"application\/ld+json\" class=\"yoast-schema-graph\">{\"@context\":\"https:\/\/schema.org\",\"@graph\":[{\"@type\":\"Article\",\"@id\":\"https:\/\/denizcankizil.tr\/ru\/haberler\/gundem\/mugladaki-orman-yanginlarina-mudahale-suruyor\/#article\",\"isPartOf\":{\"@id\":\"https:\/\/denizcankizil.tr\/ru\/haberler\/gundem\/mugladaki-orman-yanginlarina-mudahale-suruyor\/\"},\"author\":{\"name\":\"\",\"@id\":\"\"},\"headline\":\"Mu\u011fla&#8217;daki orman yang\u0131nlar\u0131na m\u00fcdahale s\u00fcr\u00fcyor\",\"datePublished\":\"2024-10-19T12:41:37+00:00\",\"mainEntityOfPage\":{\"@id\":\"https:\/\/denizcankizil.tr\/ru\/haberler\/gundem\/mugladaki-orman-yanginlarina-mudahale-suruyor\/\"},\"wordCount\":524,\"commentCount\":0,\"publisher\":{\"@id\":\"https:\/\/denizcankizil.tr\/#organization\"},\"articleSection\":[\"G\u00fcndem\",\"Uncategorized\"],\"inLanguage\":\"ru-RU\",\"potentialAction\":[{\"@type\":\"CommentAction\",\"name\":\"Comment\",\"target\":[\"https:\/\/denizcankizil.tr\/ru\/haberler\/gundem\/mugladaki-orman-yanginlarina-mudahale-suruyor\/#respond\"]}]},{\"@type\":\"WebPage\",\"@id\":\"https:\/\/denizcankizil.tr\/ru\/haberler\/gundem\/mugladaki-orman-yanginlarina-mudahale-suruyor\/\",\"url\":\"https:\/\/denizcankizil.tr\/ru\/haberler\/gundem\/mugladaki-orman-yanginlarina-mudahale-suruyor\/\",\"name\":\"Mu\u011fla'daki orman yang\u0131nlar\u0131na m\u00fcdahale s\u00fcr\u00fcyor - Av. Deniz Can K\u0131z\u0131l\",\"isPartOf\":{\"@id\":\"https:\/\/denizcankizil.tr\/#website\"},\"datePublished\":\"2024-10-19T12:41:37+00:00\",\"breadcrumb\":{\"@id\":\"https:\/\/denizcankizil.tr\/ru\/haberler\/gundem\/mugladaki-orman-yanginlarina-mudahale-suruyor\/#breadcrumb\"},\"inLanguage\":\"ru-RU\",\"potentialAction\":[{\"@type\":\"ReadAction\",\"target\":[\"https:\/\/denizcankizil.tr\/ru\/haberler\/gundem\/mugladaki-orman-yanginlarina-mudahale-suruyor\/\"]}]},{\"@type\":\"BreadcrumbList\",\"@id\":\"https:\/\/denizcankizil.tr\/ru\/haberler\/gundem\/mugladaki-orman-yanginlarina-mudahale-suruyor\/#breadcrumb\",\"itemListElement\":[{\"@type\":\"ListItem\",\"position\":1,\"name\":\"Home\",\"item\":\"https:\/\/denizcankizil.tr\/de\/\"},{\"@type\":\"ListItem\",\"position\":2,\"name\":\"Mu\u011fla&#8217;daki orman yang\u0131nlar\u0131na m\u00fcdahale s\u00fcr\u00fcyor\"}]},{\"@type\":\"WebSite\",\"@id\":\"https:\/\/denizcankizil.tr\/#website\",\"url\":\"https:\/\/denizcankizil.tr\/\",\"name\":\"Av. Deniz Can K\u0131z\u0131l\",\"description\":\"Avukat Deniz Can K\u0131z\u0131l Antalya Barosu\",\"publisher\":{\"@id\":\"https:\/\/denizcankizil.tr\/#organization\"},\"potentialAction\":[{\"@type\":\"SearchAction\",\"target\":{\"@type\":\"EntryPoint\",\"urlTemplate\":\"https:\/\/denizcankizil.tr\/?s={search_term_string}\"},\"query-input\":{\"@type\":\"PropertyValueSpecification\",\"valueRequired\":true,\"valueName\":\"search_term_string\"}}],\"inLanguage\":\"ru-RU\"},{\"@type\":\"Organization\",\"@id\":\"https:\/\/denizcankizil.tr\/#organization\",\"name\":\"Av. Deniz Can K\u0131z\u0131l\",\"url\":\"https:\/\/denizcankizil.tr\/\",\"logo\":{\"@type\":\"ImageObject\",\"inLanguage\":\"ru-RU\",\"@id\":\"https:\/\/denizcankizil.tr\/#\/schema\/logo\/image\/\",\"url\":\"https:\/\/denizcankizil.tr\/wp-content\/uploads\/2024\/10\/siyah-logo-svg.svg\",\"contentUrl\":\"https:\/\/denizcankizil.tr\/wp-content\/uploads\/2024\/10\/siyah-logo-svg.svg\",\"width\":1080,\"height\":1080,\"caption\":\"Av. Deniz Can K\u0131z\u0131l\"},\"image\":{\"@id\":\"https:\/\/denizcankizil.tr\/#\/schema\/logo\/image\/\"}}]}<\/script>\n<!-- \/ Yoast SEO Premium plugin. -->","yoast_head_json":{"title":"Mu\u011fla'daki orman yang\u0131nlar\u0131na m\u00fcdahale s\u00fcr\u00fcyor - Av. Deniz Can K\u0131z\u0131l","robots":{"index":"index","follow":"follow","max-snippet":"max-snippet:-1","max-image-preview":"max-image-preview:large","max-video-preview":"max-video-preview:-1"},"canonical":"https:\/\/denizcankizil.tr\/ru\/haberler\/gundem\/mugladaki-orman-yanginlarina-mudahale-suruyor\/","og_locale":"ru_RU","og_type":"article","og_title":"Mu\u011fla'daki orman yang\u0131nlar\u0131na m\u00fcdahale s\u00fcr\u00fcyor","og_description":"Mu\u011fla B\u00fcy\u00fck\u015fehir Belediyesi d\u00fcn il genelinde \u00e7\u0131kan orman yang\u0131nlar\u0131na 120 personel ve 70 ara\u00e7 ile m\u00fcdahalesini s\u00fcrd\u00fcr\u00fcyor.MU\u011eLA (\u0130GFA) &#8211;\u00a0 Mu\u011fla&#8217;n\u0131n Mente\u015fe il\u00e7esi Turnal\u0131 Mevkii,\u00a0 Dalaman il\u00e7esi Ta\u015fba\u015f\u0131 Mevkii&#8217;nde ve farkl\u0131 noktalarda d\u00fcn ak\u015fam saatlerinde ba\u015flayan orman yang\u0131nlar\u0131 karadan ve havadan m\u00fcdahaleler ile kontrol alt\u0131na al\u0131nmaya \u00e7al\u0131\u015f\u0131l\u0131yor. \u0130l genelinde \u00e7\u0131kan 6 yang\u0131ndan Mente\u015fe Turnal\u0131 ve Dalaman Ta\u015fba\u015f\u0131\u2019nda yang\u0131n s\u00f6nd\u00fcrme \u00e7al\u0131\u015fmalar\u0131 havadan ve karadan devam ederken di\u011fer yang\u0131nlar kontrol alt\u0131na al\u0131nd\u0131. Mu\u011fla B\u00fcy\u00fck\u015fehir Belediyesi itfaiye ekipleri yang\u0131nlara 70 ara\u00e7 ve 120 personel ile m\u00fcdahale ediyor. B\u00fcy\u00fck\u015fehir ayr\u0131ca MUSK\u0130, Sa\u011fl\u0131k ekipleri ile de yang\u0131n b\u00f6lgesinde vatanda\u015flar\u0131n yan\u0131nda oluyor. Yang\u0131n s\u00f6nd\u00fcrme \u00e7al\u0131\u015fmalar\u0131n\u0131 yang\u0131n\u0131n \u00e7\u0131kt\u0131\u011f\u0131 gece saatlerinden itibaren yak\u0131ndan takip eden ve yang\u0131n\u0131n evlere yakla\u015ft\u0131\u011f\u0131 en kritik mahalle olan K\u0131ran Mahallesi\u2019ne giden Ba\u015fkan Aras a\u00e7\u0131klamalarda bulundu. Mu\u011fla B\u00fcy\u00fck\u015fehir Belediyesi ve K\u0131y\u0131 Ege Belediyeler Birli\u011fi Ba\u015fkan\u0131 Ahmet Aras \u015funlar\u0131 s\u00f6yledi; \u201c\u015eu an K\u0131ran yang\u0131n b\u00f6lgesindeyiz. Gece ge\u00e7 saatlerde Turnal\u0131 b\u00f6lgesinde \u00e7\u0131kan yang\u0131n \u015fu anda K\u0131ran b\u00f6lgesine ilerliyor. T\u00fcm ekipler havadan, karadan m\u00fcdahaleye devam ediyor. \u0130tfaiyemiz, orman, MUSK\u0130 ekiplerimizle yang\u0131na m\u00fcdahale ediyoruz. K\u0131ran b\u00f6lgesi Mu\u011flam\u0131z\u0131n bal \u00fcretim merkezi. Ormanlar\u0131m\u0131z bal orman\u0131 diye tabir edilen ormanlar. B\u00f6lgede yakla\u015f\u0131k 100 bin kovan var. Ne yaz\u0131k ki bu ormanlar\u0131m\u0131z\u0131 kaybediyoruz. Ancak t\u00fcm ekipler ellerinden gelen gayretle ve t\u00fcm g\u00fc\u00e7leri ile &hellip;","og_url":"https:\/\/denizcankizil.tr\/ru\/haberler\/gundem\/mugladaki-orman-yanginlarina-mudahale-suruyor\/","og_site_name":"Av. Deniz Can K\u0131z\u0131l","article_published_time":"2024-10-19T12:41:37+00:00","twitter_card":"summary_large_image","twitter_misc":{"\u041f\u0440\u0438\u043c\u0435\u0440\u043d\u043e\u0435 \u0432\u0440\u0435\u043c\u044f \u0434\u043b\u044f \u0447\u0442\u0435\u043d\u0438\u044f":"3 \u043c\u0438\u043d\u0443\u0442\u044b"},"schema":{"@context":"https:\/\/schema.org","@graph":[{"@type":"Article","@id":"https:\/\/denizcankizil.tr\/ru\/haberler\/gundem\/mugladaki-orman-yanginlarina-mudahale-suruyor\/#article","isPartOf":{"@id":"https:\/\/denizcankizil.tr\/ru\/haberler\/gundem\/mugladaki-orman-yanginlarina-mudahale-suruyor\/"},"author":{"name":"","@id":""},"headline":"Mu\u011fla&#8217;daki orman yang\u0131nlar\u0131na m\u00fcdahale s\u00fcr\u00fcyor","datePublished":"2024-10-19T12:41:37+00:00","mainEntityOfPage":{"@id":"https:\/\/denizcankizil.tr\/ru\/haberler\/gundem\/mugladaki-orman-yanginlarina-mudahale-suruyor\/"},"wordCount":524,"commentCount":0,"publisher":{"@id":"https:\/\/denizcankizil.tr\/#organization"},"articleSection":["G\u00fcndem","Uncategorized"],"inLanguage":"ru-RU","potentialAction":[{"@type":"CommentAction","name":"Comment","target":["https:\/\/denizcankizil.tr\/ru\/haberler\/gundem\/mugladaki-orman-yanginlarina-mudahale-suruyor\/#respond"]}]},{"@type":"WebPage","@id":"https:\/\/denizcankizil.tr\/ru\/haberler\/gundem\/mugladaki-orman-yanginlarina-mudahale-suruyor\/","url":"https:\/\/denizcankizil.tr\/ru\/haberler\/gundem\/mugladaki-orman-yanginlarina-mudahale-suruyor\/","name":"Mu\u011fla'daki orman yang\u0131nlar\u0131na m\u00fcdahale s\u00fcr\u00fcyor - Av. Deniz Can K\u0131z\u0131l","isPartOf":{"@id":"https:\/\/denizcankizil.tr\/#website"},"datePublished":"2024-10-19T12:41:37+00:00","breadcrumb":{"@id":"https:\/\/denizcankizil.tr\/ru\/haberler\/gundem\/mugladaki-orman-yanginlarina-mudahale-suruyor\/#breadcrumb"},"inLanguage":"ru-RU","potentialAction":[{"@type":"ReadAction","target":["https:\/\/denizcankizil.tr\/ru\/haberler\/gundem\/mugladaki-orman-yanginlarina-mudahale-suruyor\/"]}]},{"@type":"BreadcrumbList","@id":"https:\/\/denizcankizil.tr\/ru\/haberler\/gundem\/mugladaki-orman-yanginlarina-mudahale-suruyor\/#breadcrumb","itemListElement":[{"@type":"ListItem","position":1,"name":"Home","item":"https:\/\/denizcankizil.tr\/de\/"},{"@type":"ListItem","position":2,"name":"Mu\u011fla&#8217;daki orman yang\u0131nlar\u0131na m\u00fcdahale s\u00fcr\u00fcyor"}]},{"@type":"WebSite","@id":"https:\/\/denizcankizil.tr\/#website","url":"https:\/\/denizcankizil.tr\/","name":"Av. Deniz Can K\u0131z\u0131l","description":"Avukat Deniz Can K\u0131z\u0131l Antalya Barosu","publisher":{"@id":"https:\/\/denizcankizil.tr\/#organization"},"potentialAction":[{"@type":"SearchAction","target":{"@type":"EntryPoint","urlTemplate":"https:\/\/denizcankizil.tr\/?s={search_term_string}"},"query-input":{"@type":"PropertyValueSpecification","valueRequired":true,"valueName":"search_term_string"}}],"inLanguage":"ru-RU"},{"@type":"Organization","@id":"https:\/\/denizcankizil.tr\/#organization","name":"Av. Deniz Can K\u0131z\u0131l","url":"https:\/\/denizcankizil.tr\/","logo":{"@type":"ImageObject","inLanguage":"ru-RU","@id":"https:\/\/denizcankizil.tr\/#\/schema\/logo\/image\/","url":"https:\/\/denizcankizil.tr\/wp-content\/uploads\/2024\/10\/siyah-logo-svg.svg","contentUrl":"https:\/\/denizcankizil.tr\/wp-content\/uploads\/2024\/10\/siyah-logo-svg.svg","width":1080,"height":1080,"caption":"Av. Deniz Can K\u0131z\u0131l"},"image":{"@id":"https:\/\/denizcankizil.tr\/#\/schema\/logo\/image\/"}}]}},"_links":{"self":[{"href":"https:\/\/denizcankizil.tr\/ru\/wp-json\/wp\/v2\/posts\/4320","targetHints":{"allow":["GET"]}}],"collection":[{"href":"https:\/\/denizcankizil.tr\/ru\/wp-json\/wp\/v2\/posts"}],"about":[{"href":"https:\/\/denizcankizil.tr\/ru\/wp-json\/wp\/v2\/types\/post"}],"replies":[{"embeddable":true,"href":"https:\/\/denizcankizil.tr\/ru\/wp-json\/wp\/v2\/comments?post=4320"}],"version-history":[{"count":0,"href":"https:\/\/denizcankizil.tr\/ru\/wp-json\/wp\/v2\/posts\/4320\/revisions"}],"wp:attachment":[{"href":"https:\/\/denizcankizil.tr\/ru\/wp-json\/wp\/v2\/media?parent=4320"}],"wp:term":[{"taxonomy":"category","embeddable":true,"href":"https:\/\/denizcankizil.tr\/ru\/wp-json\/wp\/v2\/categories?post=4320"},{"taxonomy":"post_tag","embeddable":true,"href":"https:\/\/denizcankizil.tr\/ru\/wp-json\/wp\/v2\/tags?post=4320"}],"curies":[{"name":"wp","href":"https:\/\/api.w.org\/{rel}","templated":true}]}}