{"id":42737,"date":"2025-04-02T00:42:00","date_gmt":"2025-04-01T21:42:00","guid":{"rendered":"https:\/\/denizcankizil.tr\/uncategorized-tr\/kaymakam-tutaldan-ipsala-sinir-kapisina-ziyaret\/"},"modified":"2025-04-02T00:42:00","modified_gmt":"2025-04-01T21:42:00","slug":"kaymakam-tutaldan-ipsala-sinir-kapisina-ziyaret","status":"publish","type":"post","link":"https:\/\/denizcankizil.tr\/ru\/haberler\/gundem\/kaymakam-tutaldan-ipsala-sinir-kapisina-ziyaret\/","title":{"rendered":"Kaymakam Tutal&#8217;dan \u0130psala S\u0131n\u0131r Kap\u0131s\u0131&#8217;na ziyaret"},"content":{"rendered":"<p>Edirne&#8217;de Enez Kaymakam\u0131 ve protokol heyeti, s\u0131n\u0131r kap\u0131s\u0131nda incelemelerde bulundu.Erdo\u011fan DEM\u0130R \/ ED\u0130RNE (\u0130GFA) &#8211; Enez Kaymakam\u0131 ve \u0130psala Kaymakam Vekili\u00a0 Muhammed\u00a0 Emin Tutal, beraberindeki heyetle birlikte \u0130psala S\u0131n\u0131r Kap\u0131s\u0131\u2019nda incelemelerde bulundu. T\u00fcrkiye\u2019ye giri\u015f yapan gurbet\u00e7ilerle sohbet eden Kaymakam Tutal&#8217;a, G\u00fcmr\u00fck M\u00fcd\u00fcr V. Mustafa Koparan, Hudut Kap\u0131s\u0131 Emniyet \u015eube M\u00fcd\u00fcr V. Ahmet Can Kural, \u0130l\u00e7e Emniyet M\u00fcd\u00fcr V. Sinan Turhan ve \u0130l\u00e7e Jandarma Komutan\u0131 Fatih \u00c7al\u0131ba\u015f\u0131 da e\u015flik etti.<\/p>\n<p>Ziyaret kapsam\u0131nda t\u0131r park\u0131nda incelemelerde bulunan Kaymakam Tutal, ard\u0131ndan \u0130psala S\u0131n\u0131r Kap\u0131s\u0131\u2019nda y\u00fcr\u00fct\u00fclen i\u015f ve i\u015flemleri yerinde denetledi.<br \/>\nT\u00fcrkiye\u2019ye giri\u015f yapan gurbet\u00e7ilerle de bir araya gelen Kaymakam Tutal, onlar\u0131n talep ve \u00f6nerilerini dinleyerek hay\u0131rl\u0131 yolculuklar diledi.<br \/>\nS\u0131n\u0131r kap\u0131s\u0131nda yap\u0131lan ziyaretin, ge\u00e7i\u015f s\u00fcrecindeki i\u015fleyi\u015fin h\u0131zland\u0131r\u0131lmas\u0131 ve mevcut durumun yerinde de\u011ferlendirilmesi amac\u0131yla ger\u00e7ekle\u015ftirildi\u011fi belirtildi.<\/p>\n<p>\u200bEdirne&#8217;de Enez Kaymakam\u0131 ve protokol heyeti, s\u0131n\u0131r kap\u0131s\u0131nda incelemelerde bulundu.Erdo\u011fan DEM\u0130R \/ ED\u0130RNE (\u0130GFA) &#8211; Enez Kaymakam\u0131 ve \u0130psala Kaymakam Vekili\u00a0 Muhammed\u00a0 Emin Tutal, beraberindeki heyetle birlikte \u0130psala S\u0131n\u0131r Kap\u0131s\u0131\u2019nda incelemelerde bulundu. T\u00fcrkiye\u2019ye giri\u015f yapan gurbet\u00e7ilerle sohbet eden Kaymakam Tutal&#8217;a, G\u00fcmr\u00fck M\u00fcd\u00fcr V. Mustafa Koparan, Hudut Kap\u0131s\u0131 Emniyet \u015eube M\u00fcd\u00fcr V. Ahmet Can Kural, \u0130l\u00e7e Emniyet M\u00fcd\u00fcr V. Sinan Turhan ve \u0130l\u00e7e Jandarma Komutan\u0131 Fatih \u00c7al\u0131ba\u015f\u0131 da e\u015flik etti.<\/p>\n<p>Ziyaret kapsam\u0131nda t\u0131r park\u0131nda incelemelerde bulunan Kaymakam Tutal, ard\u0131ndan \u0130psala S\u0131n\u0131r Kap\u0131s\u0131\u2019nda y\u00fcr\u00fct\u00fclen i\u015f ve i\u015flemleri yerinde denetledi.<br \/>\nT\u00fcrkiye\u2019ye giri\u015f yapan gurbet\u00e7ilerle de bir araya gelen Kaymakam Tutal, onlar\u0131n talep ve \u00f6nerilerini dinleyerek hay\u0131rl\u0131 yolculuklar diledi.<br \/>\nS\u0131n\u0131r kap\u0131s\u0131nda yap\u0131lan ziyaretin, ge\u00e7i\u015f s\u00fcrecindeki i\u015fleyi\u015fin h\u0131zland\u0131r\u0131lmas\u0131 ve mevcut durumun yerinde de\u011ferlendirilmesi amac\u0131yla ger\u00e7ekle\u015ftirildi\u011fi belirtildi.\u00a0<\/p>\n<p>\u200bHaberin Al\u0131nt\u0131land\u0131\u011f\u0131 Kaynak: www.iskenderun.org<\/p>","protected":false},"excerpt":{"rendered":"<p>Edirne&#8217;de Enez Kaymakam\u0131 ve protokol heyeti, s\u0131n\u0131r kap\u0131s\u0131nda incelemelerde bulundu.Erdo\u011fan DEM\u0130R \/ ED\u0130RNE (\u0130GFA) &#8211; Enez Kaymakam\u0131 ve \u0130psala Kaymakam Vekili\u00a0 Muhammed\u00a0 Emin Tutal, beraberindeki heyetle birlikte \u0130psala S\u0131n\u0131r Kap\u0131s\u0131\u2019nda incelemelerde bulundu. T\u00fcrkiye\u2019ye giri\u015f yapan gurbet\u00e7ilerle sohbet eden Kaymakam Tutal&#8217;a, G\u00fcmr\u00fck M\u00fcd\u00fcr V. Mustafa Koparan, Hudut Kap\u0131s\u0131 Emniyet \u015eube M\u00fcd\u00fcr V. Ahmet Can Kural, \u0130l\u00e7e Emniyet M\u00fcd\u00fcr V. Sinan Turhan ve \u0130l\u00e7e Jandarma Komutan\u0131 Fatih \u00c7al\u0131ba\u015f\u0131 da e\u015flik etti. Ziyaret kapsam\u0131nda t\u0131r park\u0131nda incelemelerde bulunan Kaymakam Tutal, ard\u0131ndan \u0130psala S\u0131n\u0131r Kap\u0131s\u0131\u2019nda y\u00fcr\u00fct\u00fclen i\u015f ve i\u015flemleri yerinde denetledi. T\u00fcrkiye\u2019ye giri\u015f yapan gurbet\u00e7ilerle de bir araya gelen Kaymakam Tutal, onlar\u0131n talep ve \u00f6nerilerini dinleyerek hay\u0131rl\u0131 yolculuklar diledi. S\u0131n\u0131r kap\u0131s\u0131nda yap\u0131lan ziyaretin, ge\u00e7i\u015f s\u00fcrecindeki i\u015fleyi\u015fin h\u0131zland\u0131r\u0131lmas\u0131 ve mevcut durumun yerinde de\u011ferlendirilmesi amac\u0131yla ger\u00e7ekle\u015ftirildi\u011fi belirtildi. \u200bEdirne&#8217;de Enez Kaymakam\u0131 ve protokol heyeti, s\u0131n\u0131r kap\u0131s\u0131nda incelemelerde bulundu.Erdo\u011fan DEM\u0130R \/ ED\u0130RNE (\u0130GFA) &#8211; Enez Kaymakam\u0131 ve \u0130psala Kaymakam Vekili\u00a0 Muhammed\u00a0 Emin Tutal, beraberindeki heyetle birlikte \u0130psala S\u0131n\u0131r Kap\u0131s\u0131\u2019nda incelemelerde bulundu. T\u00fcrkiye\u2019ye giri\u015f yapan gurbet\u00e7ilerle sohbet eden Kaymakam Tutal&#8217;a, G\u00fcmr\u00fck M\u00fcd\u00fcr V. Mustafa Koparan, Hudut Kap\u0131s\u0131 Emniyet \u015eube M\u00fcd\u00fcr V. Ahmet Can Kural, \u0130l\u00e7e Emniyet M\u00fcd\u00fcr V. Sinan Turhan ve \u0130l\u00e7e Jandarma Komutan\u0131 Fatih \u00c7al\u0131ba\u015f\u0131 da e\u015flik etti. Ziyaret kapsam\u0131nda t\u0131r park\u0131nda incelemelerde bulunan Kaymakam Tutal, ard\u0131ndan \u0130psala &hellip;<\/p>","protected":false},"author":1,"featured_media":0,"comment_status":"","ping_status":"open","sticky":false,"template":"","format":"standard","meta":{"_acf_changed":false,"footnotes":""},"categories":[24],"tags":[],"class_list":["post-42737","post","type-post","status-publish","format-standard","has-post-thumbnail","hentry","category-gundem"],"acf":[],"yoast_head":"<!-- This site is optimized with the Yoast SEO Premium plugin v26.6 (Yoast SEO v27.1.1) - https:\/\/yoast.com\/product\/yoast-seo-premium-wordpress\/ -->\n<title>Kaymakam Tutal&#039;dan \u0130psala S\u0131n\u0131r Kap\u0131s\u0131&#039;na ziyaret - Av. Deniz Can K\u0131z\u0131l<\/title>\n<meta name=\"robots\" content=\"index, follow, max-snippet:-1, max-image-preview:large, max-video-preview:-1\" \/>\n<link rel=\"canonical\" href=\"https:\/\/denizcankizil.tr\/ru\/haberler\/gundem\/kaymakam-tutaldan-ipsala-sinir-kapisina-ziyaret\/\" \/>\n<meta property=\"og:locale\" content=\"ru_RU\" \/>\n<meta property=\"og:type\" content=\"article\" \/>\n<meta property=\"og:title\" content=\"Kaymakam Tutal&#039;dan \u0130psala S\u0131n\u0131r Kap\u0131s\u0131&#039;na ziyaret\" \/>\n<meta property=\"og:description\" content=\"Edirne&#8217;de Enez Kaymakam\u0131 ve protokol heyeti, s\u0131n\u0131r kap\u0131s\u0131nda incelemelerde bulundu.Erdo\u011fan DEM\u0130R \/ ED\u0130RNE (\u0130GFA) &#8211; Enez Kaymakam\u0131 ve \u0130psala Kaymakam Vekili\u00a0 Muhammed\u00a0 Emin Tutal, beraberindeki heyetle birlikte \u0130psala S\u0131n\u0131r Kap\u0131s\u0131\u2019nda incelemelerde bulundu. T\u00fcrkiye\u2019ye giri\u015f yapan gurbet\u00e7ilerle sohbet eden Kaymakam Tutal&#8217;a, G\u00fcmr\u00fck M\u00fcd\u00fcr V. Mustafa Koparan, Hudut Kap\u0131s\u0131 Emniyet \u015eube M\u00fcd\u00fcr V. Ahmet Can Kural, \u0130l\u00e7e Emniyet M\u00fcd\u00fcr V. Sinan Turhan ve \u0130l\u00e7e Jandarma Komutan\u0131 Fatih \u00c7al\u0131ba\u015f\u0131 da e\u015flik etti. Ziyaret kapsam\u0131nda t\u0131r park\u0131nda incelemelerde bulunan Kaymakam Tutal, ard\u0131ndan \u0130psala S\u0131n\u0131r Kap\u0131s\u0131\u2019nda y\u00fcr\u00fct\u00fclen i\u015f ve i\u015flemleri yerinde denetledi. T\u00fcrkiye\u2019ye giri\u015f yapan gurbet\u00e7ilerle de bir araya gelen Kaymakam Tutal, onlar\u0131n talep ve \u00f6nerilerini dinleyerek hay\u0131rl\u0131 yolculuklar diledi. S\u0131n\u0131r kap\u0131s\u0131nda yap\u0131lan ziyaretin, ge\u00e7i\u015f s\u00fcrecindeki i\u015fleyi\u015fin h\u0131zland\u0131r\u0131lmas\u0131 ve mevcut durumun yerinde de\u011ferlendirilmesi amac\u0131yla ger\u00e7ekle\u015ftirildi\u011fi belirtildi. \u200bEdirne&#8217;de Enez Kaymakam\u0131 ve protokol heyeti, s\u0131n\u0131r kap\u0131s\u0131nda incelemelerde bulundu.Erdo\u011fan DEM\u0130R \/ ED\u0130RNE (\u0130GFA) &#8211; Enez Kaymakam\u0131 ve \u0130psala Kaymakam Vekili\u00a0 Muhammed\u00a0 Emin Tutal, beraberindeki heyetle birlikte \u0130psala S\u0131n\u0131r Kap\u0131s\u0131\u2019nda incelemelerde bulundu. T\u00fcrkiye\u2019ye giri\u015f yapan gurbet\u00e7ilerle sohbet eden Kaymakam Tutal&#8217;a, G\u00fcmr\u00fck M\u00fcd\u00fcr V. Mustafa Koparan, Hudut Kap\u0131s\u0131 Emniyet \u015eube M\u00fcd\u00fcr V. Ahmet Can Kural, \u0130l\u00e7e Emniyet M\u00fcd\u00fcr V. Sinan Turhan ve \u0130l\u00e7e Jandarma Komutan\u0131 Fatih \u00c7al\u0131ba\u015f\u0131 da e\u015flik etti. Ziyaret kapsam\u0131nda t\u0131r park\u0131nda incelemelerde bulunan Kaymakam Tutal, ard\u0131ndan \u0130psala &hellip;\" \/>\n<meta property=\"og:url\" content=\"https:\/\/denizcankizil.tr\/ru\/haberler\/gundem\/kaymakam-tutaldan-ipsala-sinir-kapisina-ziyaret\/\" \/>\n<meta property=\"og:site_name\" content=\"Av. Deniz Can K\u0131z\u0131l\" \/>\n<meta property=\"article:published_time\" content=\"2025-04-01T21:42:00+00:00\" \/>\n<meta name=\"author\" content=\"admin\" \/>\n<meta name=\"twitter:card\" content=\"summary_large_image\" \/>\n<meta name=\"twitter:label1\" content=\"\u041d\u0430\u043f\u0438\u0441\u0430\u043d\u043e \u0430\u0432\u0442\u043e\u0440\u043e\u043c\" \/>\n\t<meta name=\"twitter:data1\" content=\"admin\" \/>\n\t<meta name=\"twitter:label2\" content=\"\u041f\u0440\u0438\u043c\u0435\u0440\u043d\u043e\u0435 \u0432\u0440\u0435\u043c\u044f \u0434\u043b\u044f \u0447\u0442\u0435\u043d\u0438\u044f\" \/>\n\t<meta name=\"twitter:data2\" content=\"2 \u043c\u0438\u043d\u0443\u0442\u044b\" \/>\n<script type=\"application\/ld+json\" class=\"yoast-schema-graph\">{\"@context\":\"https:\/\/schema.org\",\"@graph\":[{\"@type\":\"Article\",\"@id\":\"https:\/\/denizcankizil.tr\/de\/haberler\/gundem\/kaymakam-tutaldan-ipsala-sinir-kapisina-ziyaret\/#article\",\"isPartOf\":{\"@id\":\"https:\/\/denizcankizil.tr\/de\/haberler\/gundem\/kaymakam-tutaldan-ipsala-sinir-kapisina-ziyaret\/\"},\"author\":{\"name\":\"admin\",\"@id\":\"https:\/\/denizcankizil.tr\/#\/schema\/person\/be3c05fe6a12686905512445d8185489\"},\"headline\":\"Kaymakam Tutal&#8217;dan \u0130psala S\u0131n\u0131r Kap\u0131s\u0131&#8217;na ziyaret\",\"datePublished\":\"2025-04-01T21:42:00+00:00\",\"mainEntityOfPage\":{\"@id\":\"https:\/\/denizcankizil.tr\/de\/haberler\/gundem\/kaymakam-tutaldan-ipsala-sinir-kapisina-ziyaret\/\"},\"wordCount\":387,\"publisher\":{\"@id\":\"https:\/\/denizcankizil.tr\/#organization\"},\"articleSection\":[\"G\u00fcndem\"],\"inLanguage\":\"ru-RU\"},{\"@type\":\"WebPage\",\"@id\":\"https:\/\/denizcankizil.tr\/de\/haberler\/gundem\/kaymakam-tutaldan-ipsala-sinir-kapisina-ziyaret\/\",\"url\":\"https:\/\/denizcankizil.tr\/de\/haberler\/gundem\/kaymakam-tutaldan-ipsala-sinir-kapisina-ziyaret\/\",\"name\":\"Kaymakam Tutal'dan \u0130psala S\u0131n\u0131r Kap\u0131s\u0131'na ziyaret - Av. Deniz Can K\u0131z\u0131l\",\"isPartOf\":{\"@id\":\"https:\/\/denizcankizil.tr\/#website\"},\"datePublished\":\"2025-04-01T21:42:00+00:00\",\"breadcrumb\":{\"@id\":\"https:\/\/denizcankizil.tr\/de\/haberler\/gundem\/kaymakam-tutaldan-ipsala-sinir-kapisina-ziyaret\/#breadcrumb\"},\"inLanguage\":\"ru-RU\",\"potentialAction\":[{\"@type\":\"ReadAction\",\"target\":[\"https:\/\/denizcankizil.tr\/de\/haberler\/gundem\/kaymakam-tutaldan-ipsala-sinir-kapisina-ziyaret\/\"]}]},{\"@type\":\"BreadcrumbList\",\"@id\":\"https:\/\/denizcankizil.tr\/de\/haberler\/gundem\/kaymakam-tutaldan-ipsala-sinir-kapisina-ziyaret\/#breadcrumb\",\"itemListElement\":[{\"@type\":\"ListItem\",\"position\":1,\"name\":\"Home\",\"item\":\"https:\/\/denizcankizil.tr\/de\/\"},{\"@type\":\"ListItem\",\"position\":2,\"name\":\"Kaymakam Tutal&#8217;dan \u0130psala S\u0131n\u0131r Kap\u0131s\u0131&#8217;na ziyaret\"}]},{\"@type\":\"WebSite\",\"@id\":\"https:\/\/denizcankizil.tr\/#website\",\"url\":\"https:\/\/denizcankizil.tr\/\",\"name\":\"Av. Deniz Can K\u0131z\u0131l\",\"description\":\"Avukat Deniz Can K\u0131z\u0131l Antalya Barosu\",\"publisher\":{\"@id\":\"https:\/\/denizcankizil.tr\/#organization\"},\"potentialAction\":[{\"@type\":\"SearchAction\",\"target\":{\"@type\":\"EntryPoint\",\"urlTemplate\":\"https:\/\/denizcankizil.tr\/?s={search_term_string}\"},\"query-input\":{\"@type\":\"PropertyValueSpecification\",\"valueRequired\":true,\"valueName\":\"search_term_string\"}}],\"inLanguage\":\"ru-RU\"},{\"@type\":\"Organization\",\"@id\":\"https:\/\/denizcankizil.tr\/#organization\",\"name\":\"Av. Deniz Can K\u0131z\u0131l\",\"url\":\"https:\/\/denizcankizil.tr\/\",\"logo\":{\"@type\":\"ImageObject\",\"inLanguage\":\"ru-RU\",\"@id\":\"https:\/\/denizcankizil.tr\/#\/schema\/logo\/image\/\",\"url\":\"https:\/\/denizcankizil.tr\/wp-content\/uploads\/2024\/10\/siyah-logo-svg.svg\",\"contentUrl\":\"https:\/\/denizcankizil.tr\/wp-content\/uploads\/2024\/10\/siyah-logo-svg.svg\",\"width\":1080,\"height\":1080,\"caption\":\"Av. Deniz Can K\u0131z\u0131l\"},\"image\":{\"@id\":\"https:\/\/denizcankizil.tr\/#\/schema\/logo\/image\/\"}},{\"@type\":\"Person\",\"@id\":\"https:\/\/denizcankizil.tr\/#\/schema\/person\/be3c05fe6a12686905512445d8185489\",\"name\":\"admin\",\"image\":{\"@type\":\"ImageObject\",\"inLanguage\":\"ru-RU\",\"@id\":\"https:\/\/denizcankizil.tr\/#\/schema\/person\/image\/\",\"url\":\"https:\/\/secure.gravatar.com\/avatar\/c1fce94c830dc79107e174f890d7210541c4a63e8e5d816341794a2151c9d58c?s=96&d=mm&r=g\",\"contentUrl\":\"https:\/\/secure.gravatar.com\/avatar\/c1fce94c830dc79107e174f890d7210541c4a63e8e5d816341794a2151c9d58c?s=96&d=mm&r=g\",\"caption\":\"admin\"},\"sameAs\":[\"http:\/\/denizcankizil.tr\"],\"url\":\"https:\/\/www.iskenderun.org\/kaymakam-tutaldan-ipsala-sinir-kapisina-ziyaret\"}]}<\/script>\n<!-- \/ Yoast SEO Premium plugin. -->","yoast_head_json":{"title":"Kaymakam Tutal'dan \u0130psala S\u0131n\u0131r Kap\u0131s\u0131'na ziyaret - Av. Deniz Can K\u0131z\u0131l","robots":{"index":"index","follow":"follow","max-snippet":"max-snippet:-1","max-image-preview":"max-image-preview:large","max-video-preview":"max-video-preview:-1"},"canonical":"https:\/\/denizcankizil.tr\/ru\/haberler\/gundem\/kaymakam-tutaldan-ipsala-sinir-kapisina-ziyaret\/","og_locale":"ru_RU","og_type":"article","og_title":"Kaymakam Tutal'dan \u0130psala S\u0131n\u0131r Kap\u0131s\u0131'na ziyaret","og_description":"Edirne&#8217;de Enez Kaymakam\u0131 ve protokol heyeti, s\u0131n\u0131r kap\u0131s\u0131nda incelemelerde bulundu.Erdo\u011fan DEM\u0130R \/ ED\u0130RNE (\u0130GFA) &#8211; Enez Kaymakam\u0131 ve \u0130psala Kaymakam Vekili\u00a0 Muhammed\u00a0 Emin Tutal, beraberindeki heyetle birlikte \u0130psala S\u0131n\u0131r Kap\u0131s\u0131\u2019nda incelemelerde bulundu. T\u00fcrkiye\u2019ye giri\u015f yapan gurbet\u00e7ilerle sohbet eden Kaymakam Tutal&#8217;a, G\u00fcmr\u00fck M\u00fcd\u00fcr V. Mustafa Koparan, Hudut Kap\u0131s\u0131 Emniyet \u015eube M\u00fcd\u00fcr V. Ahmet Can Kural, \u0130l\u00e7e Emniyet M\u00fcd\u00fcr V. Sinan Turhan ve \u0130l\u00e7e Jandarma Komutan\u0131 Fatih \u00c7al\u0131ba\u015f\u0131 da e\u015flik etti. Ziyaret kapsam\u0131nda t\u0131r park\u0131nda incelemelerde bulunan Kaymakam Tutal, ard\u0131ndan \u0130psala S\u0131n\u0131r Kap\u0131s\u0131\u2019nda y\u00fcr\u00fct\u00fclen i\u015f ve i\u015flemleri yerinde denetledi. T\u00fcrkiye\u2019ye giri\u015f yapan gurbet\u00e7ilerle de bir araya gelen Kaymakam Tutal, onlar\u0131n talep ve \u00f6nerilerini dinleyerek hay\u0131rl\u0131 yolculuklar diledi. S\u0131n\u0131r kap\u0131s\u0131nda yap\u0131lan ziyaretin, ge\u00e7i\u015f s\u00fcrecindeki i\u015fleyi\u015fin h\u0131zland\u0131r\u0131lmas\u0131 ve mevcut durumun yerinde de\u011ferlendirilmesi amac\u0131yla ger\u00e7ekle\u015ftirildi\u011fi belirtildi. \u200bEdirne&#8217;de Enez Kaymakam\u0131 ve protokol heyeti, s\u0131n\u0131r kap\u0131s\u0131nda incelemelerde bulundu.Erdo\u011fan DEM\u0130R \/ ED\u0130RNE (\u0130GFA) &#8211; Enez Kaymakam\u0131 ve \u0130psala Kaymakam Vekili\u00a0 Muhammed\u00a0 Emin Tutal, beraberindeki heyetle birlikte \u0130psala S\u0131n\u0131r Kap\u0131s\u0131\u2019nda incelemelerde bulundu. T\u00fcrkiye\u2019ye giri\u015f yapan gurbet\u00e7ilerle sohbet eden Kaymakam Tutal&#8217;a, G\u00fcmr\u00fck M\u00fcd\u00fcr V. Mustafa Koparan, Hudut Kap\u0131s\u0131 Emniyet \u015eube M\u00fcd\u00fcr V. Ahmet Can Kural, \u0130l\u00e7e Emniyet M\u00fcd\u00fcr V. Sinan Turhan ve \u0130l\u00e7e Jandarma Komutan\u0131 Fatih \u00c7al\u0131ba\u015f\u0131 da e\u015flik etti. Ziyaret kapsam\u0131nda t\u0131r park\u0131nda incelemelerde bulunan Kaymakam Tutal, ard\u0131ndan \u0130psala &hellip;","og_url":"https:\/\/denizcankizil.tr\/ru\/haberler\/gundem\/kaymakam-tutaldan-ipsala-sinir-kapisina-ziyaret\/","og_site_name":"Av. Deniz Can K\u0131z\u0131l","article_published_time":"2025-04-01T21:42:00+00:00","author":"admin","twitter_card":"summary_large_image","twitter_misc":{"\u041d\u0430\u043f\u0438\u0441\u0430\u043d\u043e \u0430\u0432\u0442\u043e\u0440\u043e\u043c":"admin","\u041f\u0440\u0438\u043c\u0435\u0440\u043d\u043e\u0435 \u0432\u0440\u0435\u043c\u044f \u0434\u043b\u044f \u0447\u0442\u0435\u043d\u0438\u044f":"2 \u043c\u0438\u043d\u0443\u0442\u044b"},"schema":{"@context":"https:\/\/schema.org","@graph":[{"@type":"Article","@id":"https:\/\/denizcankizil.tr\/de\/haberler\/gundem\/kaymakam-tutaldan-ipsala-sinir-kapisina-ziyaret\/#article","isPartOf":{"@id":"https:\/\/denizcankizil.tr\/de\/haberler\/gundem\/kaymakam-tutaldan-ipsala-sinir-kapisina-ziyaret\/"},"author":{"name":"admin","@id":"https:\/\/denizcankizil.tr\/#\/schema\/person\/be3c05fe6a12686905512445d8185489"},"headline":"Kaymakam Tutal&#8217;dan \u0130psala S\u0131n\u0131r Kap\u0131s\u0131&#8217;na ziyaret","datePublished":"2025-04-01T21:42:00+00:00","mainEntityOfPage":{"@id":"https:\/\/denizcankizil.tr\/de\/haberler\/gundem\/kaymakam-tutaldan-ipsala-sinir-kapisina-ziyaret\/"},"wordCount":387,"publisher":{"@id":"https:\/\/denizcankizil.tr\/#organization"},"articleSection":["G\u00fcndem"],"inLanguage":"ru-RU"},{"@type":"WebPage","@id":"https:\/\/denizcankizil.tr\/de\/haberler\/gundem\/kaymakam-tutaldan-ipsala-sinir-kapisina-ziyaret\/","url":"https:\/\/denizcankizil.tr\/de\/haberler\/gundem\/kaymakam-tutaldan-ipsala-sinir-kapisina-ziyaret\/","name":"Kaymakam Tutal'dan \u0130psala S\u0131n\u0131r Kap\u0131s\u0131'na ziyaret - Av. Deniz Can K\u0131z\u0131l","isPartOf":{"@id":"https:\/\/denizcankizil.tr\/#website"},"datePublished":"2025-04-01T21:42:00+00:00","breadcrumb":{"@id":"https:\/\/denizcankizil.tr\/de\/haberler\/gundem\/kaymakam-tutaldan-ipsala-sinir-kapisina-ziyaret\/#breadcrumb"},"inLanguage":"ru-RU","potentialAction":[{"@type":"ReadAction","target":["https:\/\/denizcankizil.tr\/de\/haberler\/gundem\/kaymakam-tutaldan-ipsala-sinir-kapisina-ziyaret\/"]}]},{"@type":"BreadcrumbList","@id":"https:\/\/denizcankizil.tr\/de\/haberler\/gundem\/kaymakam-tutaldan-ipsala-sinir-kapisina-ziyaret\/#breadcrumb","itemListElement":[{"@type":"ListItem","position":1,"name":"Home","item":"https:\/\/denizcankizil.tr\/de\/"},{"@type":"ListItem","position":2,"name":"Kaymakam Tutal&#8217;dan \u0130psala S\u0131n\u0131r Kap\u0131s\u0131&#8217;na ziyaret"}]},{"@type":"WebSite","@id":"https:\/\/denizcankizil.tr\/#website","url":"https:\/\/denizcankizil.tr\/","name":"Av. Deniz Can K\u0131z\u0131l","description":"Avukat Deniz Can K\u0131z\u0131l Antalya Barosu","publisher":{"@id":"https:\/\/denizcankizil.tr\/#organization"},"potentialAction":[{"@type":"SearchAction","target":{"@type":"EntryPoint","urlTemplate":"https:\/\/denizcankizil.tr\/?s={search_term_string}"},"query-input":{"@type":"PropertyValueSpecification","valueRequired":true,"valueName":"search_term_string"}}],"inLanguage":"ru-RU"},{"@type":"Organization","@id":"https:\/\/denizcankizil.tr\/#organization","name":"Av. Deniz Can K\u0131z\u0131l","url":"https:\/\/denizcankizil.tr\/","logo":{"@type":"ImageObject","inLanguage":"ru-RU","@id":"https:\/\/denizcankizil.tr\/#\/schema\/logo\/image\/","url":"https:\/\/denizcankizil.tr\/wp-content\/uploads\/2024\/10\/siyah-logo-svg.svg","contentUrl":"https:\/\/denizcankizil.tr\/wp-content\/uploads\/2024\/10\/siyah-logo-svg.svg","width":1080,"height":1080,"caption":"Av. Deniz Can K\u0131z\u0131l"},"image":{"@id":"https:\/\/denizcankizil.tr\/#\/schema\/logo\/image\/"}},{"@type":"Person","@id":"https:\/\/denizcankizil.tr\/#\/schema\/person\/be3c05fe6a12686905512445d8185489","name":"\u0430\u0434\u043c\u0438\u043d","image":{"@type":"ImageObject","inLanguage":"ru-RU","@id":"https:\/\/denizcankizil.tr\/#\/schema\/person\/image\/","url":"https:\/\/secure.gravatar.com\/avatar\/c1fce94c830dc79107e174f890d7210541c4a63e8e5d816341794a2151c9d58c?s=96&d=mm&r=g","contentUrl":"https:\/\/secure.gravatar.com\/avatar\/c1fce94c830dc79107e174f890d7210541c4a63e8e5d816341794a2151c9d58c?s=96&d=mm&r=g","caption":"admin"},"sameAs":["http:\/\/denizcankizil.tr"],"url":"https:\/\/www.iskenderun.org\/kaymakam-tutaldan-ipsala-sinir-kapisina-ziyaret"}]}},"_links":{"self":[{"href":"https:\/\/denizcankizil.tr\/ru\/wp-json\/wp\/v2\/posts\/42737","targetHints":{"allow":["GET"]}}],"collection":[{"href":"https:\/\/denizcankizil.tr\/ru\/wp-json\/wp\/v2\/posts"}],"about":[{"href":"https:\/\/denizcankizil.tr\/ru\/wp-json\/wp\/v2\/types\/post"}],"author":[{"embeddable":true,"href":"https:\/\/denizcankizil.tr\/ru\/wp-json\/wp\/v2\/users\/1"}],"replies":[{"embeddable":true,"href":"https:\/\/denizcankizil.tr\/ru\/wp-json\/wp\/v2\/comments?post=42737"}],"version-history":[{"count":0,"href":"https:\/\/denizcankizil.tr\/ru\/wp-json\/wp\/v2\/posts\/42737\/revisions"}],"wp:attachment":[{"href":"https:\/\/denizcankizil.tr\/ru\/wp-json\/wp\/v2\/media?parent=42737"}],"wp:term":[{"taxonomy":"category","embeddable":true,"href":"https:\/\/denizcankizil.tr\/ru\/wp-json\/wp\/v2\/categories?post=42737"},{"taxonomy":"post_tag","embeddable":true,"href":"https:\/\/denizcankizil.tr\/ru\/wp-json\/wp\/v2\/tags?post=42737"}],"curies":[{"name":"wp","href":"https:\/\/api.w.org\/{rel}","templated":true}]}}