{"id":42664,"date":"2025-04-01T23:41:46","date_gmt":"2025-04-01T20:41:46","guid":{"rendered":"https:\/\/denizcankizil.tr\/uncategorized-tr\/ilk-imza-buyuksehir-belediye-baskani-muhittin-bocekten\/"},"modified":"2025-04-01T23:41:46","modified_gmt":"2025-04-01T20:41:46","slug":"ilk-imza-buyuksehir-belediye-baskani-muhittin-bocekten","status":"publish","type":"post","link":"https:\/\/denizcankizil.tr\/ru\/haberler\/antalya\/ilk-imza-buyuksehir-belediye-baskani-muhittin-bocekten\/","title":{"rendered":"\u0130lk imza B\u00fcy\u00fck\u015fehir Belediye Ba\u015fkan\u0131 Muhittin B\u00f6cek\u2019ten"},"content":{"rendered":"<p>Antalya B\u00fcy\u00fck\u015fehir Belediye Ba\u015fkan\u0131 Muhittin B\u00f6cek, CHP Antalya \u0130l Ba\u015fkan\u0131 Nail Kamac\u0131, milletvekilleri ve parti \u00f6rt\u00fcyle bir araya geldi. CHP \u0130l Ba\u015fkanl\u0131\u011f\u0131\u2019nda ger\u00e7ekle\u015ftirilen toplant\u0131 sonras\u0131nda Ba\u015fkan Muhittin B\u00f6cek, CHP Cumhurba\u015fkan\u0131 aday\u0131 Ekrem \u0130mamo\u011flu&#8217;nun serbest b\u0131rak\u0131lmas\u0131 ve erken se\u00e7im \u00e7a\u011fr\u0131s\u0131yla &#8220;Aday\u0131m\u0131 yan\u0131mda, sand\u0131\u011f\u0131m\u0131 \u00f6n\u00fcmde istiyorum&#8221; slogan\u0131yla ba\u015flat\u0131lan imza kampanyas\u0131na ilk imzay\u0131 att\u0131. Ba\u015fkan Muhittin B\u00f6cek, Antalya\u2019dan Cumhurba\u015fkan\u0131 Ekrem \u0130mamo\u011flu i\u00e7in g\u00fc\u00e7l\u00fc bir imza deste\u011finin olaca\u011f\u0131n\u0131 belirterek, &#8220;Hak, hukuk, adalet i\u00e7in Ekrem \u0130mamo\u011flu Ba\u015fkan\u0131m\u0131z i\u00e7in, Cumhurba\u015fkan\u0131 aday\u0131m\u0131z i\u00e7in ilk imzam\u0131z\u0131 il ba\u015fkanl\u0131\u011f\u0131m\u0131zda, il ba\u015fkan\u0131m\u0131z, milletvekillerimiz ve partililerimizin huzurunda atman\u0131n mutlulu\u011funu ya\u015f\u0131yorum. \u0130n\u015fallah ayd\u0131nl\u0131k g\u00fczel g\u00fcnleri hep birlikte g\u00f6rece\u011fiz. Hay\u0131rl\u0131 olsun&#8221; dedi.<\/p>\n<p>Kaynak: www.kanalv.com.tr Haber Sitesinden Al\u0131nm\u0131\u015ft\u0131r.<\/p>","protected":false},"excerpt":{"rendered":"<p>Antalya B\u00fcy\u00fck\u015fehir Belediye Ba\u015fkan\u0131 Muhittin B\u00f6cek, CHP Antalya \u0130l Ba\u015fkan\u0131 Nail Kamac\u0131, milletvekilleri ve parti \u00f6rt\u00fcyle bir araya geldi. CHP \u0130l Ba\u015fkanl\u0131\u011f\u0131\u2019nda ger\u00e7ekle\u015ftirilen toplant\u0131 sonras\u0131nda Ba\u015fkan Muhittin B\u00f6cek, CHP Cumhurba\u015fkan\u0131 aday\u0131 Ekrem \u0130mamo\u011flu&#8217;nun serbest b\u0131rak\u0131lmas\u0131 ve erken se\u00e7im \u00e7a\u011fr\u0131s\u0131yla &#8220;Aday\u0131m\u0131 yan\u0131mda, sand\u0131\u011f\u0131m\u0131 \u00f6n\u00fcmde istiyorum&#8221; slogan\u0131yla ba\u015flat\u0131lan imza kampanyas\u0131na ilk imzay\u0131 att\u0131. Ba\u015fkan Muhittin B\u00f6cek, Antalya\u2019dan Cumhurba\u015fkan\u0131 Ekrem \u0130mamo\u011flu i\u00e7in g\u00fc\u00e7l\u00fc bir imza deste\u011finin olaca\u011f\u0131n\u0131 belirterek, &#8220;Hak, hukuk, adalet i\u00e7in Ekrem \u0130mamo\u011flu Ba\u015fkan\u0131m\u0131z i\u00e7in, Cumhurba\u015fkan\u0131 aday\u0131m\u0131z i\u00e7in ilk imzam\u0131z\u0131 il ba\u015fkanl\u0131\u011f\u0131m\u0131zda, il ba\u015fkan\u0131m\u0131z, milletvekillerimiz ve partililerimizin huzurunda atman\u0131n mutlulu\u011funu ya\u015f\u0131yorum. \u0130n\u015fallah ayd\u0131nl\u0131k g\u00fczel g\u00fcnleri hep birlikte g\u00f6rece\u011fiz. Hay\u0131rl\u0131 olsun&#8221; dedi. Kaynak: www.kanalv.com.tr Haber Sitesinden Al\u0131nm\u0131\u015ft\u0131r.<\/p>","protected":false},"author":4,"featured_media":42665,"comment_status":"","ping_status":"open","sticky":false,"template":"","format":"standard","meta":{"_acf_changed":false,"footnotes":""},"categories":[26],"tags":[],"class_list":["post-42664","post","type-post","status-publish","format-standard","has-post-thumbnail","hentry","category-antalya"],"acf":[],"yoast_head":"<!-- This site is optimized with the Yoast SEO Premium plugin v26.6 (Yoast SEO v27.1.1) - https:\/\/yoast.com\/product\/yoast-seo-premium-wordpress\/ -->\n<title>\u0130lk imza B\u00fcy\u00fck\u015fehir Belediye Ba\u015fkan\u0131 Muhittin B\u00f6cek\u2019ten - Av. Deniz Can K\u0131z\u0131l<\/title>\n<meta name=\"robots\" content=\"index, follow, max-snippet:-1, max-image-preview:large, max-video-preview:-1\" \/>\n<link rel=\"canonical\" href=\"https:\/\/denizcankizil.tr\/ru\/haberler\/antalya\/ilk-imza-buyuksehir-belediye-baskani-muhittin-bocekten\/\" \/>\n<meta property=\"og:locale\" content=\"ru_RU\" \/>\n<meta property=\"og:type\" content=\"article\" \/>\n<meta property=\"og:title\" content=\"\u0130lk imza B\u00fcy\u00fck\u015fehir Belediye Ba\u015fkan\u0131 Muhittin B\u00f6cek\u2019ten\" \/>\n<meta property=\"og:description\" content=\"Antalya B\u00fcy\u00fck\u015fehir Belediye Ba\u015fkan\u0131 Muhittin B\u00f6cek, CHP Antalya \u0130l Ba\u015fkan\u0131 Nail Kamac\u0131, milletvekilleri ve parti \u00f6rt\u00fcyle bir araya geldi. CHP \u0130l Ba\u015fkanl\u0131\u011f\u0131\u2019nda ger\u00e7ekle\u015ftirilen toplant\u0131 sonras\u0131nda Ba\u015fkan Muhittin B\u00f6cek, CHP Cumhurba\u015fkan\u0131 aday\u0131 Ekrem \u0130mamo\u011flu&#8217;nun serbest b\u0131rak\u0131lmas\u0131 ve erken se\u00e7im \u00e7a\u011fr\u0131s\u0131yla &#8220;Aday\u0131m\u0131 yan\u0131mda, sand\u0131\u011f\u0131m\u0131 \u00f6n\u00fcmde istiyorum&#8221; slogan\u0131yla ba\u015flat\u0131lan imza kampanyas\u0131na ilk imzay\u0131 att\u0131. Ba\u015fkan Muhittin B\u00f6cek, Antalya\u2019dan Cumhurba\u015fkan\u0131 Ekrem \u0130mamo\u011flu i\u00e7in g\u00fc\u00e7l\u00fc bir imza deste\u011finin olaca\u011f\u0131n\u0131 belirterek, &#8220;Hak, hukuk, adalet i\u00e7in Ekrem \u0130mamo\u011flu Ba\u015fkan\u0131m\u0131z i\u00e7in, Cumhurba\u015fkan\u0131 aday\u0131m\u0131z i\u00e7in ilk imzam\u0131z\u0131 il ba\u015fkanl\u0131\u011f\u0131m\u0131zda, il ba\u015fkan\u0131m\u0131z, milletvekillerimiz ve partililerimizin huzurunda atman\u0131n mutlulu\u011funu ya\u015f\u0131yorum. \u0130n\u015fallah ayd\u0131nl\u0131k g\u00fczel g\u00fcnleri hep birlikte g\u00f6rece\u011fiz. Hay\u0131rl\u0131 olsun&#8221; dedi. Kaynak: www.kanalv.com.tr Haber Sitesinden Al\u0131nm\u0131\u015ft\u0131r.\" \/>\n<meta property=\"og:url\" content=\"https:\/\/denizcankizil.tr\/ru\/haberler\/antalya\/ilk-imza-buyuksehir-belediye-baskani-muhittin-bocekten\/\" \/>\n<meta property=\"og:site_name\" content=\"Av. Deniz Can K\u0131z\u0131l\" \/>\n<meta property=\"article:published_time\" content=\"2025-04-01T20:41:46+00:00\" \/>\n<meta property=\"og:image\" content=\"https:\/\/denizcankizil.tr\/wp-content\/uploads\/2025\/04\/aw424156-01-1-mSTgnw.jpeg\" \/>\n\t<meta property=\"og:image:width\" content=\"1280\" \/>\n\t<meta property=\"og:image:height\" content=\"720\" \/>\n\t<meta property=\"og:image:type\" content=\"image\/jpeg\" \/>\n<meta name=\"author\" content=\"Av. Deniz Can K\u0131z\u0131l\" \/>\n<meta name=\"twitter:card\" content=\"summary_large_image\" \/>\n<meta name=\"twitter:label1\" content=\"\u041d\u0430\u043f\u0438\u0441\u0430\u043d\u043e \u0430\u0432\u0442\u043e\u0440\u043e\u043c\" \/>\n\t<meta name=\"twitter:data1\" content=\"Av. Deniz Can K\u0131z\u0131l\" \/>\n\t<meta name=\"twitter:label2\" content=\"\u041f\u0440\u0438\u043c\u0435\u0440\u043d\u043e\u0435 \u0432\u0440\u0435\u043c\u044f \u0434\u043b\u044f \u0447\u0442\u0435\u043d\u0438\u044f\" \/>\n\t<meta name=\"twitter:data2\" content=\"1 \u043c\u0438\u043d\u0443\u0442\u0430\" \/>\n<script type=\"application\/ld+json\" class=\"yoast-schema-graph\">{\"@context\":\"https:\/\/schema.org\",\"@graph\":[{\"@type\":\"Article\",\"@id\":\"https:\/\/denizcankizil.tr\/ru\/haberler\/antalya\/ilk-imza-buyuksehir-belediye-baskani-muhittin-bocekten\/#article\",\"isPartOf\":{\"@id\":\"https:\/\/denizcankizil.tr\/ru\/haberler\/antalya\/ilk-imza-buyuksehir-belediye-baskani-muhittin-bocekten\/\"},\"author\":{\"name\":\"Av. Deniz Can K\u0131z\u0131l\",\"@id\":\"https:\/\/denizcankizil.tr\/de\/#\/schema\/person\/5dc1b22991bd7ac833867c10afc9b0ff\"},\"headline\":\"\u0130lk imza B\u00fcy\u00fck\u015fehir Belediye Ba\u015fkan\u0131 Muhittin B\u00f6cek\u2019ten\",\"datePublished\":\"2025-04-01T20:41:46+00:00\",\"mainEntityOfPage\":{\"@id\":\"https:\/\/denizcankizil.tr\/ru\/haberler\/antalya\/ilk-imza-buyuksehir-belediye-baskani-muhittin-bocekten\/\"},\"wordCount\":191,\"publisher\":{\"@id\":\"https:\/\/denizcankizil.tr\/de\/#organization\"},\"image\":{\"@id\":\"https:\/\/denizcankizil.tr\/ru\/haberler\/antalya\/ilk-imza-buyuksehir-belediye-baskani-muhittin-bocekten\/#primaryimage\"},\"thumbnailUrl\":\"https:\/\/denizcankizil.tr\/wp-content\/uploads\/2025\/04\/aw424156-01-1-mSTgnw.jpeg\",\"articleSection\":[\"Antalya\"],\"inLanguage\":\"ru-RU\"},{\"@type\":\"WebPage\",\"@id\":\"https:\/\/denizcankizil.tr\/ru\/haberler\/antalya\/ilk-imza-buyuksehir-belediye-baskani-muhittin-bocekten\/\",\"url\":\"https:\/\/denizcankizil.tr\/ru\/haberler\/antalya\/ilk-imza-buyuksehir-belediye-baskani-muhittin-bocekten\/\",\"name\":\"\u0130lk imza B\u00fcy\u00fck\u015fehir Belediye Ba\u015fkan\u0131 Muhittin B\u00f6cek\u2019ten - Av. Deniz Can K\u0131z\u0131l\",\"isPartOf\":{\"@id\":\"https:\/\/denizcankizil.tr\/de\/#website\"},\"primaryImageOfPage\":{\"@id\":\"https:\/\/denizcankizil.tr\/ru\/haberler\/antalya\/ilk-imza-buyuksehir-belediye-baskani-muhittin-bocekten\/#primaryimage\"},\"image\":{\"@id\":\"https:\/\/denizcankizil.tr\/ru\/haberler\/antalya\/ilk-imza-buyuksehir-belediye-baskani-muhittin-bocekten\/#primaryimage\"},\"thumbnailUrl\":\"https:\/\/denizcankizil.tr\/wp-content\/uploads\/2025\/04\/aw424156-01-1-mSTgnw.jpeg\",\"datePublished\":\"2025-04-01T20:41:46+00:00\",\"breadcrumb\":{\"@id\":\"https:\/\/denizcankizil.tr\/ru\/haberler\/antalya\/ilk-imza-buyuksehir-belediye-baskani-muhittin-bocekten\/#breadcrumb\"},\"inLanguage\":\"ru-RU\",\"potentialAction\":[{\"@type\":\"ReadAction\",\"target\":[\"https:\/\/denizcankizil.tr\/ru\/haberler\/antalya\/ilk-imza-buyuksehir-belediye-baskani-muhittin-bocekten\/\"]}]},{\"@type\":\"ImageObject\",\"inLanguage\":\"ru-RU\",\"@id\":\"https:\/\/denizcankizil.tr\/ru\/haberler\/antalya\/ilk-imza-buyuksehir-belediye-baskani-muhittin-bocekten\/#primaryimage\",\"url\":\"https:\/\/denizcankizil.tr\/wp-content\/uploads\/2025\/04\/aw424156-01-1-mSTgnw.jpeg\",\"contentUrl\":\"https:\/\/denizcankizil.tr\/wp-content\/uploads\/2025\/04\/aw424156-01-1-mSTgnw.jpeg\",\"width\":1280,\"height\":720},{\"@type\":\"BreadcrumbList\",\"@id\":\"https:\/\/denizcankizil.tr\/ru\/haberler\/antalya\/ilk-imza-buyuksehir-belediye-baskani-muhittin-bocekten\/#breadcrumb\",\"itemListElement\":[{\"@type\":\"ListItem\",\"position\":1,\"name\":\"Home\",\"item\":\"https:\/\/denizcankizil.tr\/de\/\"},{\"@type\":\"ListItem\",\"position\":2,\"name\":\"\u0130lk imza B\u00fcy\u00fck\u015fehir Belediye Ba\u015fkan\u0131 Muhittin B\u00f6cek\u2019ten\"}]},{\"@type\":\"WebSite\",\"@id\":\"https:\/\/denizcankizil.tr\/de\/#website\",\"url\":\"https:\/\/denizcankizil.tr\/de\/\",\"name\":\"Av. Deniz Can K\u0131z\u0131l\",\"description\":\"Avukat Deniz Can K\u0131z\u0131l Antalya Barosu\",\"publisher\":{\"@id\":\"https:\/\/denizcankizil.tr\/de\/#organization\"},\"potentialAction\":[{\"@type\":\"SearchAction\",\"target\":{\"@type\":\"EntryPoint\",\"urlTemplate\":\"https:\/\/denizcankizil.tr\/de\/?s={search_term_string}\"},\"query-input\":{\"@type\":\"PropertyValueSpecification\",\"valueRequired\":true,\"valueName\":\"search_term_string\"}}],\"inLanguage\":\"ru-RU\"},{\"@type\":\"Organization\",\"@id\":\"https:\/\/denizcankizil.tr\/de\/#organization\",\"name\":\"Av. Deniz Can K\u0131z\u0131l\",\"url\":\"https:\/\/denizcankizil.tr\/de\/\",\"logo\":{\"@type\":\"ImageObject\",\"inLanguage\":\"ru-RU\",\"@id\":\"https:\/\/denizcankizil.tr\/de\/#\/schema\/logo\/image\/\",\"url\":\"https:\/\/denizcankizil.tr\/wp-content\/uploads\/2024\/10\/siyah-logo-svg.svg\",\"contentUrl\":\"https:\/\/denizcankizil.tr\/wp-content\/uploads\/2024\/10\/siyah-logo-svg.svg\",\"width\":1080,\"height\":1080,\"caption\":\"Av. Deniz Can K\u0131z\u0131l\"},\"image\":{\"@id\":\"https:\/\/denizcankizil.tr\/de\/#\/schema\/logo\/image\/\"}},{\"@type\":\"Person\",\"@id\":\"https:\/\/denizcankizil.tr\/de\/#\/schema\/person\/5dc1b22991bd7ac833867c10afc9b0ff\",\"name\":\"Av. Deniz Can K\u0131z\u0131l\",\"image\":{\"@type\":\"ImageObject\",\"inLanguage\":\"ru-RU\",\"@id\":\"https:\/\/denizcankizil.tr\/de\/#\/schema\/person\/image\/\",\"url\":\"https:\/\/secure.gravatar.com\/avatar\/a0b128fb9855c79efc976d5640eedb31dc35ec297594d6016d2cf7c60e975bb6?s=96&d=mm&r=g\",\"contentUrl\":\"https:\/\/secure.gravatar.com\/avatar\/a0b128fb9855c79efc976d5640eedb31dc35ec297594d6016d2cf7c60e975bb6?s=96&d=mm&r=g\",\"caption\":\"Av. Deniz Can K\u0131z\u0131l\"},\"sameAs\":[\"http:\/\/www.denizcankizil.tr\"],\"url\":\"https:\/\/denizcankizil.tr\/ru\/author\/denizcankizil\/\"}]}<\/script>\n<!-- \/ Yoast SEO Premium plugin. -->","yoast_head_json":{"title":"\u0130lk imza B\u00fcy\u00fck\u015fehir Belediye Ba\u015fkan\u0131 Muhittin B\u00f6cek\u2019ten - Av. Deniz Can K\u0131z\u0131l","robots":{"index":"index","follow":"follow","max-snippet":"max-snippet:-1","max-image-preview":"max-image-preview:large","max-video-preview":"max-video-preview:-1"},"canonical":"https:\/\/denizcankizil.tr\/ru\/haberler\/antalya\/ilk-imza-buyuksehir-belediye-baskani-muhittin-bocekten\/","og_locale":"ru_RU","og_type":"article","og_title":"\u0130lk imza B\u00fcy\u00fck\u015fehir Belediye Ba\u015fkan\u0131 Muhittin B\u00f6cek\u2019ten","og_description":"Antalya B\u00fcy\u00fck\u015fehir Belediye Ba\u015fkan\u0131 Muhittin B\u00f6cek, CHP Antalya \u0130l Ba\u015fkan\u0131 Nail Kamac\u0131, milletvekilleri ve parti \u00f6rt\u00fcyle bir araya geldi. CHP \u0130l Ba\u015fkanl\u0131\u011f\u0131\u2019nda ger\u00e7ekle\u015ftirilen toplant\u0131 sonras\u0131nda Ba\u015fkan Muhittin B\u00f6cek, CHP Cumhurba\u015fkan\u0131 aday\u0131 Ekrem \u0130mamo\u011flu&#8217;nun serbest b\u0131rak\u0131lmas\u0131 ve erken se\u00e7im \u00e7a\u011fr\u0131s\u0131yla &#8220;Aday\u0131m\u0131 yan\u0131mda, sand\u0131\u011f\u0131m\u0131 \u00f6n\u00fcmde istiyorum&#8221; slogan\u0131yla ba\u015flat\u0131lan imza kampanyas\u0131na ilk imzay\u0131 att\u0131. Ba\u015fkan Muhittin B\u00f6cek, Antalya\u2019dan Cumhurba\u015fkan\u0131 Ekrem \u0130mamo\u011flu i\u00e7in g\u00fc\u00e7l\u00fc bir imza deste\u011finin olaca\u011f\u0131n\u0131 belirterek, &#8220;Hak, hukuk, adalet i\u00e7in Ekrem \u0130mamo\u011flu Ba\u015fkan\u0131m\u0131z i\u00e7in, Cumhurba\u015fkan\u0131 aday\u0131m\u0131z i\u00e7in ilk imzam\u0131z\u0131 il ba\u015fkanl\u0131\u011f\u0131m\u0131zda, il ba\u015fkan\u0131m\u0131z, milletvekillerimiz ve partililerimizin huzurunda atman\u0131n mutlulu\u011funu ya\u015f\u0131yorum. \u0130n\u015fallah ayd\u0131nl\u0131k g\u00fczel g\u00fcnleri hep birlikte g\u00f6rece\u011fiz. Hay\u0131rl\u0131 olsun&#8221; dedi. Kaynak: www.kanalv.com.tr Haber Sitesinden Al\u0131nm\u0131\u015ft\u0131r.","og_url":"https:\/\/denizcankizil.tr\/ru\/haberler\/antalya\/ilk-imza-buyuksehir-belediye-baskani-muhittin-bocekten\/","og_site_name":"Av. Deniz Can K\u0131z\u0131l","article_published_time":"2025-04-01T20:41:46+00:00","og_image":[{"width":1280,"height":720,"url":"https:\/\/denizcankizil.tr\/wp-content\/uploads\/2025\/04\/aw424156-01-1-mSTgnw.jpeg","type":"image\/jpeg"}],"author":"Av. Deniz Can K\u0131z\u0131l","twitter_card":"summary_large_image","twitter_misc":{"\u041d\u0430\u043f\u0438\u0441\u0430\u043d\u043e \u0430\u0432\u0442\u043e\u0440\u043e\u043c":"Av. Deniz Can K\u0131z\u0131l","\u041f\u0440\u0438\u043c\u0435\u0440\u043d\u043e\u0435 \u0432\u0440\u0435\u043c\u044f \u0434\u043b\u044f \u0447\u0442\u0435\u043d\u0438\u044f":"1 \u043c\u0438\u043d\u0443\u0442\u0430"},"schema":{"@context":"https:\/\/schema.org","@graph":[{"@type":"Article","@id":"https:\/\/denizcankizil.tr\/ru\/haberler\/antalya\/ilk-imza-buyuksehir-belediye-baskani-muhittin-bocekten\/#article","isPartOf":{"@id":"https:\/\/denizcankizil.tr\/ru\/haberler\/antalya\/ilk-imza-buyuksehir-belediye-baskani-muhittin-bocekten\/"},"author":{"name":"Av. Deniz Can K\u0131z\u0131l","@id":"https:\/\/denizcankizil.tr\/de\/#\/schema\/person\/5dc1b22991bd7ac833867c10afc9b0ff"},"headline":"\u0130lk imza B\u00fcy\u00fck\u015fehir Belediye Ba\u015fkan\u0131 Muhittin B\u00f6cek\u2019ten","datePublished":"2025-04-01T20:41:46+00:00","mainEntityOfPage":{"@id":"https:\/\/denizcankizil.tr\/ru\/haberler\/antalya\/ilk-imza-buyuksehir-belediye-baskani-muhittin-bocekten\/"},"wordCount":191,"publisher":{"@id":"https:\/\/denizcankizil.tr\/de\/#organization"},"image":{"@id":"https:\/\/denizcankizil.tr\/ru\/haberler\/antalya\/ilk-imza-buyuksehir-belediye-baskani-muhittin-bocekten\/#primaryimage"},"thumbnailUrl":"https:\/\/denizcankizil.tr\/wp-content\/uploads\/2025\/04\/aw424156-01-1-mSTgnw.jpeg","articleSection":["Antalya"],"inLanguage":"ru-RU"},{"@type":"WebPage","@id":"https:\/\/denizcankizil.tr\/ru\/haberler\/antalya\/ilk-imza-buyuksehir-belediye-baskani-muhittin-bocekten\/","url":"https:\/\/denizcankizil.tr\/ru\/haberler\/antalya\/ilk-imza-buyuksehir-belediye-baskani-muhittin-bocekten\/","name":"\u0130lk imza B\u00fcy\u00fck\u015fehir Belediye Ba\u015fkan\u0131 Muhittin B\u00f6cek\u2019ten - Av. Deniz Can K\u0131z\u0131l","isPartOf":{"@id":"https:\/\/denizcankizil.tr\/de\/#website"},"primaryImageOfPage":{"@id":"https:\/\/denizcankizil.tr\/ru\/haberler\/antalya\/ilk-imza-buyuksehir-belediye-baskani-muhittin-bocekten\/#primaryimage"},"image":{"@id":"https:\/\/denizcankizil.tr\/ru\/haberler\/antalya\/ilk-imza-buyuksehir-belediye-baskani-muhittin-bocekten\/#primaryimage"},"thumbnailUrl":"https:\/\/denizcankizil.tr\/wp-content\/uploads\/2025\/04\/aw424156-01-1-mSTgnw.jpeg","datePublished":"2025-04-01T20:41:46+00:00","breadcrumb":{"@id":"https:\/\/denizcankizil.tr\/ru\/haberler\/antalya\/ilk-imza-buyuksehir-belediye-baskani-muhittin-bocekten\/#breadcrumb"},"inLanguage":"ru-RU","potentialAction":[{"@type":"ReadAction","target":["https:\/\/denizcankizil.tr\/ru\/haberler\/antalya\/ilk-imza-buyuksehir-belediye-baskani-muhittin-bocekten\/"]}]},{"@type":"ImageObject","inLanguage":"ru-RU","@id":"https:\/\/denizcankizil.tr\/ru\/haberler\/antalya\/ilk-imza-buyuksehir-belediye-baskani-muhittin-bocekten\/#primaryimage","url":"https:\/\/denizcankizil.tr\/wp-content\/uploads\/2025\/04\/aw424156-01-1-mSTgnw.jpeg","contentUrl":"https:\/\/denizcankizil.tr\/wp-content\/uploads\/2025\/04\/aw424156-01-1-mSTgnw.jpeg","width":1280,"height":720},{"@type":"BreadcrumbList","@id":"https:\/\/denizcankizil.tr\/ru\/haberler\/antalya\/ilk-imza-buyuksehir-belediye-baskani-muhittin-bocekten\/#breadcrumb","itemListElement":[{"@type":"ListItem","position":1,"name":"Home","item":"https:\/\/denizcankizil.tr\/de\/"},{"@type":"ListItem","position":2,"name":"\u0130lk imza B\u00fcy\u00fck\u015fehir Belediye Ba\u015fkan\u0131 Muhittin B\u00f6cek\u2019ten"}]},{"@type":"WebSite","@id":"https:\/\/denizcankizil.tr\/de\/#website","url":"https:\/\/denizcankizil.tr\/de\/","name":"Av. Deniz Can K\u0131z\u0131l","description":"Avukat Deniz Can K\u0131z\u0131l Antalya Barosu","publisher":{"@id":"https:\/\/denizcankizil.tr\/de\/#organization"},"potentialAction":[{"@type":"SearchAction","target":{"@type":"EntryPoint","urlTemplate":"https:\/\/denizcankizil.tr\/de\/?s={search_term_string}"},"query-input":{"@type":"PropertyValueSpecification","valueRequired":true,"valueName":"search_term_string"}}],"inLanguage":"ru-RU"},{"@type":"Organization","@id":"https:\/\/denizcankizil.tr\/de\/#organization","name":"Av. Deniz Can K\u0131z\u0131l","url":"https:\/\/denizcankizil.tr\/de\/","logo":{"@type":"ImageObject","inLanguage":"ru-RU","@id":"https:\/\/denizcankizil.tr\/de\/#\/schema\/logo\/image\/","url":"https:\/\/denizcankizil.tr\/wp-content\/uploads\/2024\/10\/siyah-logo-svg.svg","contentUrl":"https:\/\/denizcankizil.tr\/wp-content\/uploads\/2024\/10\/siyah-logo-svg.svg","width":1080,"height":1080,"caption":"Av. Deniz Can K\u0131z\u0131l"},"image":{"@id":"https:\/\/denizcankizil.tr\/de\/#\/schema\/logo\/image\/"}},{"@type":"Person","@id":"https:\/\/denizcankizil.tr\/de\/#\/schema\/person\/5dc1b22991bd7ac833867c10afc9b0ff","name":"Av. Deniz Can K\u0131z\u0131l","image":{"@type":"ImageObject","inLanguage":"ru-RU","@id":"https:\/\/denizcankizil.tr\/de\/#\/schema\/person\/image\/","url":"https:\/\/secure.gravatar.com\/avatar\/a0b128fb9855c79efc976d5640eedb31dc35ec297594d6016d2cf7c60e975bb6?s=96&d=mm&r=g","contentUrl":"https:\/\/secure.gravatar.com\/avatar\/a0b128fb9855c79efc976d5640eedb31dc35ec297594d6016d2cf7c60e975bb6?s=96&d=mm&r=g","caption":"Av. Deniz Can K\u0131z\u0131l"},"sameAs":["http:\/\/www.denizcankizil.tr"],"url":"https:\/\/denizcankizil.tr\/ru\/author\/denizcankizil\/"}]}},"_links":{"self":[{"href":"https:\/\/denizcankizil.tr\/ru\/wp-json\/wp\/v2\/posts\/42664","targetHints":{"allow":["GET"]}}],"collection":[{"href":"https:\/\/denizcankizil.tr\/ru\/wp-json\/wp\/v2\/posts"}],"about":[{"href":"https:\/\/denizcankizil.tr\/ru\/wp-json\/wp\/v2\/types\/post"}],"author":[{"embeddable":true,"href":"https:\/\/denizcankizil.tr\/ru\/wp-json\/wp\/v2\/users\/4"}],"replies":[{"embeddable":true,"href":"https:\/\/denizcankizil.tr\/ru\/wp-json\/wp\/v2\/comments?post=42664"}],"version-history":[{"count":0,"href":"https:\/\/denizcankizil.tr\/ru\/wp-json\/wp\/v2\/posts\/42664\/revisions"}],"wp:featuredmedia":[{"embeddable":true,"href":"https:\/\/denizcankizil.tr\/ru\/wp-json\/wp\/v2\/media\/42665"}],"wp:attachment":[{"href":"https:\/\/denizcankizil.tr\/ru\/wp-json\/wp\/v2\/media?parent=42664"}],"wp:term":[{"taxonomy":"category","embeddable":true,"href":"https:\/\/denizcankizil.tr\/ru\/wp-json\/wp\/v2\/categories?post=42664"},{"taxonomy":"post_tag","embeddable":true,"href":"https:\/\/denizcankizil.tr\/ru\/wp-json\/wp\/v2\/tags?post=42664"}],"curies":[{"name":"wp","href":"https:\/\/api.w.org\/{rel}","templated":true}]}}