{"id":42660,"date":"2025-04-01T23:41:28","date_gmt":"2025-04-01T20:41:28","guid":{"rendered":"https:\/\/denizcankizil.tr\/uncategorized-tr\/sisede-durdugu-gibi-durmadi\/"},"modified":"2025-04-01T23:41:28","modified_gmt":"2025-04-01T20:41:28","slug":"sisede-durdugu-gibi-durmadi","status":"publish","type":"post","link":"https:\/\/denizcankizil.tr\/ru\/haberler\/antalya\/sisede-durdugu-gibi-durmadi\/","title":{"rendered":"\u015ei\u015fede durdu\u011fu gibi durmad\u0131"},"content":{"rendered":"<p>Gece saatlerinde Manavgat il\u00e7esi Sorgun Mahallesi Herdford Caddesi&#8217;nde meydana gelen olayda, Manavgat \u00c7evreyolu K\u00f6pr\u00fcs\u00fc yak\u0131n\u0131nda \u0131rmak kenar\u0131nda alkol alan gen\u00e7ler aras\u0131nda hen\u00fcz bilinmeyen bir nedenle \u00e7\u0131kan tart\u0131\u015fma kanla noktaland\u0131. Edinilen bilgiye g\u00f6re, samimi arkada\u015f olan Denizhan Deniz ve Uygar \u00d6zen, gece 02.30 s\u0131ralar\u0131nda \u0131rmak kenar\u0131na gelerek alkol almaya ba\u015flad\u0131. Bir s\u00fcre sonra alkol alan gen\u00e7lerin yan\u0131na isminin Mahmut E.Y. oldu\u011fu \u00f6\u011frenilen motosikletli bir \u015fah\u0131s gelerek, Denizhan Deniz ve Uygar Mahmut Eren ile birlikte alkol almay\u0131 s\u00fcrd\u00fcrd\u00fc.<\/p>\n<p>Olay yerinde hayat\u0131n\u0131 kaybetti<br \/>\nK\u0131sa s\u00fcre sonra aralar\u0131nda tart\u0131\u015fma \u00e7\u0131kt\u0131. K\u0131sa s\u00fcre sonra gen\u00e7ler anas\u0131nda hen\u00fcz bilinmeyen bir nedenle tart\u0131\u015fma \u00e7\u0131kt\u0131. Tart\u0131\u015fma b\u00fcy\u00fcyerek yumrukla\u015fmaya d\u00f6n\u00fc\u015f\u00fcrken, bir s\u00fcre sonra Mahmut E.Y. gen\u00e7lerin yanlar\u0131nda getirdi\u011fi meyveleri do\u011framak i\u00e7in kulland\u0131klar\u0131 b\u0131\u00e7a\u011f\u0131 alarak Denizhan Deniz ve Uygar \u00d6zen&#8217;i defalarca b\u0131\u00e7aklad\u0131. Denizhan Deniz, 20-25 metre ileride \u0131rmak kenar\u0131nda d\u00fc\u015ft\u00fc\u011f\u00fc yerde ya\u015fam\u0131n\u0131 yitirirken, Uygar \u00d6zen ise olay yerinden 100-150 metre ileride yaral\u0131 olarak bulundu. \u0130hbar \u00fczerine olay yerine Manavgat Emniyet M\u00fcd\u00fcrl\u00fc\u011f\u00fc ve 112 Sa\u011fl\u0131k ekipleri sevk edilirken, verilen adrese gelen ekipler b\u0131\u00e7aklanan Denizhan Deniz&#8217;in olay yerinde ya\u015fam\u0131n\u0131 yitirdi\u011fini belirledi.<\/p>\n<p>Annesi fenal\u0131k ge\u00e7irdi<br \/>\nAld\u0131\u011f\u0131 b\u0131\u00e7ak darbeleri ile yaralanan Uygar \u00d6zen isimli gen\u00e7 ise sa\u011fl\u0131k ekiplerinin olay yerindeki m\u00fcdahalesinin ard\u0131ndan ambulansla \u00f6nce Manavgat Devlet Hastanesine ard\u0131ndan da hayati tehlikesi bulunmas\u0131 nedeniyle Antalya E\u011fitim Ara\u015ft\u0131rma Hastanesine sevk edildi. Olay\u0131 duyan Denizhan Deniz&#8217;in ailesi, arkada\u015flar\u0131 ve yak\u0131nlar\u0131 olay yerine ak\u0131n ederken, annesi fenal\u0131k ge\u00e7irdi. Denizhan Deniz&#8217;in cenazesi Olay Yeri \u0130nceleme ekibi, Cumhuriyet Savc\u0131s\u0131 ve Adli Tabibin incelemelerinin ard\u0131ndan Antalya Adli T\u0131p Kurumuna g\u00f6nderildi.<\/p>\n<p>Polise giderek teslim olmu\u015f<br \/>\nOlay yerinden ka\u00e7an cinayet zanl\u0131s\u0131 Mahmut E.Y.&#8217;nin ise k\u0131sa s\u00fcre sonra Manavgat Emniyet M\u00fcd\u00fcrl\u00fc\u011f\u00fcne giderek teslim oldu\u011fu \u00f6\u011frenildi. Mahmut E.Y.&#8217;nin emniyetteki ilk ifadesinde; alkol almak i\u00e7in \u0131rmak kenar\u0131na geldi\u011finde bir otomobilin arkas\u0131nda alkol alan ve daha \u00f6nce tan\u0131mad\u0131\u011f\u0131 2 ki\u015finin kendisini birlikte alkol almak i\u00e7in yanlar\u0131na davet etti\u011fini, aralar\u0131nda \u00e7\u0131kan tart\u0131\u015fma sonras\u0131nda olay\u0131n ya\u015fand\u0131\u011f\u0131n\u0131 s\u00f6yledi\u011fi \u00f6\u011frenildi.<\/p>\n<p>Kaynak: www.kanalv.com.tr Haber Sitesinden Al\u0131nm\u0131\u015ft\u0131r.<\/p>","protected":false},"excerpt":{"rendered":"<p>Gece saatlerinde Manavgat il\u00e7esi Sorgun Mahallesi Herdford Caddesi&#8217;nde meydana gelen olayda, Manavgat \u00c7evreyolu K\u00f6pr\u00fcs\u00fc yak\u0131n\u0131nda \u0131rmak kenar\u0131nda alkol alan gen\u00e7ler aras\u0131nda hen\u00fcz bilinmeyen bir nedenle \u00e7\u0131kan tart\u0131\u015fma kanla noktaland\u0131. Edinilen bilgiye g\u00f6re, samimi arkada\u015f olan Denizhan Deniz ve Uygar \u00d6zen, gece 02.30 s\u0131ralar\u0131nda \u0131rmak kenar\u0131na gelerek alkol almaya ba\u015flad\u0131. Bir s\u00fcre sonra alkol alan gen\u00e7lerin yan\u0131na isminin Mahmut E.Y. oldu\u011fu \u00f6\u011frenilen motosikletli bir \u015fah\u0131s gelerek, Denizhan Deniz ve Uygar Mahmut Eren ile birlikte alkol almay\u0131 s\u00fcrd\u00fcrd\u00fc. Olay yerinde hayat\u0131n\u0131 kaybetti K\u0131sa s\u00fcre sonra aralar\u0131nda tart\u0131\u015fma \u00e7\u0131kt\u0131. K\u0131sa s\u00fcre sonra gen\u00e7ler anas\u0131nda hen\u00fcz bilinmeyen bir nedenle tart\u0131\u015fma \u00e7\u0131kt\u0131. Tart\u0131\u015fma b\u00fcy\u00fcyerek yumrukla\u015fmaya d\u00f6n\u00fc\u015f\u00fcrken, bir s\u00fcre sonra Mahmut E.Y. gen\u00e7lerin yanlar\u0131nda getirdi\u011fi meyveleri do\u011framak i\u00e7in kulland\u0131klar\u0131 b\u0131\u00e7a\u011f\u0131 alarak Denizhan Deniz ve Uygar \u00d6zen&#8217;i defalarca b\u0131\u00e7aklad\u0131. Denizhan Deniz, 20-25 metre ileride \u0131rmak kenar\u0131nda d\u00fc\u015ft\u00fc\u011f\u00fc yerde ya\u015fam\u0131n\u0131 yitirirken, Uygar \u00d6zen ise olay yerinden 100-150 metre ileride yaral\u0131 olarak bulundu. \u0130hbar \u00fczerine olay yerine Manavgat Emniyet M\u00fcd\u00fcrl\u00fc\u011f\u00fc ve 112 Sa\u011fl\u0131k ekipleri sevk edilirken, verilen adrese gelen ekipler b\u0131\u00e7aklanan Denizhan Deniz&#8217;in olay yerinde ya\u015fam\u0131n\u0131 yitirdi\u011fini belirledi. Annesi fenal\u0131k ge\u00e7irdi Ald\u0131\u011f\u0131 b\u0131\u00e7ak darbeleri ile yaralanan Uygar \u00d6zen isimli gen\u00e7 ise sa\u011fl\u0131k ekiplerinin olay yerindeki m\u00fcdahalesinin ard\u0131ndan ambulansla \u00f6nce Manavgat Devlet Hastanesine ard\u0131ndan da hayati tehlikesi bulunmas\u0131 nedeniyle Antalya &hellip;<\/p>","protected":false},"author":4,"featured_media":42661,"comment_status":"","ping_status":"open","sticky":false,"template":"","format":"standard","meta":{"_acf_changed":false,"footnotes":""},"categories":[26],"tags":[],"class_list":["post-42660","post","type-post","status-publish","format-standard","has-post-thumbnail","hentry","category-antalya"],"acf":[],"yoast_head":"<!-- This site is optimized with the Yoast SEO Premium plugin v26.6 (Yoast SEO v27.1.1) - https:\/\/yoast.com\/product\/yoast-seo-premium-wordpress\/ -->\n<title>\u015ei\u015fede durdu\u011fu gibi durmad\u0131 - Av. Deniz Can K\u0131z\u0131l<\/title>\n<meta name=\"robots\" content=\"index, follow, max-snippet:-1, max-image-preview:large, max-video-preview:-1\" \/>\n<link rel=\"canonical\" href=\"https:\/\/denizcankizil.tr\/ru\/haberler\/antalya\/sisede-durdugu-gibi-durmadi\/\" \/>\n<meta property=\"og:locale\" content=\"ru_RU\" \/>\n<meta property=\"og:type\" content=\"article\" \/>\n<meta property=\"og:title\" content=\"\u015ei\u015fede durdu\u011fu gibi durmad\u0131\" \/>\n<meta property=\"og:description\" content=\"Gece saatlerinde Manavgat il\u00e7esi Sorgun Mahallesi Herdford Caddesi&#8217;nde meydana gelen olayda, Manavgat \u00c7evreyolu K\u00f6pr\u00fcs\u00fc yak\u0131n\u0131nda \u0131rmak kenar\u0131nda alkol alan gen\u00e7ler aras\u0131nda hen\u00fcz bilinmeyen bir nedenle \u00e7\u0131kan tart\u0131\u015fma kanla noktaland\u0131. Edinilen bilgiye g\u00f6re, samimi arkada\u015f olan Denizhan Deniz ve Uygar \u00d6zen, gece 02.30 s\u0131ralar\u0131nda \u0131rmak kenar\u0131na gelerek alkol almaya ba\u015flad\u0131. Bir s\u00fcre sonra alkol alan gen\u00e7lerin yan\u0131na isminin Mahmut E.Y. oldu\u011fu \u00f6\u011frenilen motosikletli bir \u015fah\u0131s gelerek, Denizhan Deniz ve Uygar Mahmut Eren ile birlikte alkol almay\u0131 s\u00fcrd\u00fcrd\u00fc. Olay yerinde hayat\u0131n\u0131 kaybetti K\u0131sa s\u00fcre sonra aralar\u0131nda tart\u0131\u015fma \u00e7\u0131kt\u0131. K\u0131sa s\u00fcre sonra gen\u00e7ler anas\u0131nda hen\u00fcz bilinmeyen bir nedenle tart\u0131\u015fma \u00e7\u0131kt\u0131. Tart\u0131\u015fma b\u00fcy\u00fcyerek yumrukla\u015fmaya d\u00f6n\u00fc\u015f\u00fcrken, bir s\u00fcre sonra Mahmut E.Y. gen\u00e7lerin yanlar\u0131nda getirdi\u011fi meyveleri do\u011framak i\u00e7in kulland\u0131klar\u0131 b\u0131\u00e7a\u011f\u0131 alarak Denizhan Deniz ve Uygar \u00d6zen&#8217;i defalarca b\u0131\u00e7aklad\u0131. Denizhan Deniz, 20-25 metre ileride \u0131rmak kenar\u0131nda d\u00fc\u015ft\u00fc\u011f\u00fc yerde ya\u015fam\u0131n\u0131 yitirirken, Uygar \u00d6zen ise olay yerinden 100-150 metre ileride yaral\u0131 olarak bulundu. \u0130hbar \u00fczerine olay yerine Manavgat Emniyet M\u00fcd\u00fcrl\u00fc\u011f\u00fc ve 112 Sa\u011fl\u0131k ekipleri sevk edilirken, verilen adrese gelen ekipler b\u0131\u00e7aklanan Denizhan Deniz&#8217;in olay yerinde ya\u015fam\u0131n\u0131 yitirdi\u011fini belirledi. Annesi fenal\u0131k ge\u00e7irdi Ald\u0131\u011f\u0131 b\u0131\u00e7ak darbeleri ile yaralanan Uygar \u00d6zen isimli gen\u00e7 ise sa\u011fl\u0131k ekiplerinin olay yerindeki m\u00fcdahalesinin ard\u0131ndan ambulansla \u00f6nce Manavgat Devlet Hastanesine ard\u0131ndan da hayati tehlikesi bulunmas\u0131 nedeniyle Antalya &hellip;\" \/>\n<meta property=\"og:url\" content=\"https:\/\/denizcankizil.tr\/ru\/haberler\/antalya\/sisede-durdugu-gibi-durmadi\/\" \/>\n<meta property=\"og:site_name\" content=\"Av. Deniz Can K\u0131z\u0131l\" \/>\n<meta property=\"article:published_time\" content=\"2025-04-01T20:41:28+00:00\" \/>\n<meta property=\"og:image\" content=\"https:\/\/denizcankizil.tr\/wp-content\/uploads\/2025\/04\/aw424326-01-1-tHrnjY.jpeg\" \/>\n\t<meta property=\"og:image:width\" content=\"1280\" \/>\n\t<meta property=\"og:image:height\" content=\"720\" \/>\n\t<meta property=\"og:image:type\" content=\"image\/jpeg\" \/>\n<meta name=\"author\" content=\"Av. Deniz Can K\u0131z\u0131l\" \/>\n<meta name=\"twitter:card\" content=\"summary_large_image\" \/>\n<meta name=\"twitter:label1\" content=\"\u041d\u0430\u043f\u0438\u0441\u0430\u043d\u043e \u0430\u0432\u0442\u043e\u0440\u043e\u043c\" \/>\n\t<meta name=\"twitter:data1\" content=\"Av. Deniz Can K\u0131z\u0131l\" \/>\n\t<meta name=\"twitter:label2\" content=\"\u041f\u0440\u0438\u043c\u0435\u0440\u043d\u043e\u0435 \u0432\u0440\u0435\u043c\u044f \u0434\u043b\u044f \u0447\u0442\u0435\u043d\u0438\u044f\" \/>\n\t<meta name=\"twitter:data2\" content=\"2 \u043c\u0438\u043d\u0443\u0442\u044b\" \/>\n<script type=\"application\/ld+json\" class=\"yoast-schema-graph\">{\"@context\":\"https:\/\/schema.org\",\"@graph\":[{\"@type\":\"Article\",\"@id\":\"https:\/\/denizcankizil.tr\/ru\/haberler\/antalya\/sisede-durdugu-gibi-durmadi\/#article\",\"isPartOf\":{\"@id\":\"https:\/\/denizcankizil.tr\/ru\/haberler\/antalya\/sisede-durdugu-gibi-durmadi\/\"},\"author\":{\"name\":\"Av. Deniz Can K\u0131z\u0131l\",\"@id\":\"https:\/\/denizcankizil.tr\/de\/#\/schema\/person\/5dc1b22991bd7ac833867c10afc9b0ff\"},\"headline\":\"\u015ei\u015fede durdu\u011fu gibi durmad\u0131\",\"datePublished\":\"2025-04-01T20:41:28+00:00\",\"mainEntityOfPage\":{\"@id\":\"https:\/\/denizcankizil.tr\/ru\/haberler\/antalya\/sisede-durdugu-gibi-durmadi\/\"},\"wordCount\":429,\"publisher\":{\"@id\":\"https:\/\/denizcankizil.tr\/de\/#organization\"},\"image\":{\"@id\":\"https:\/\/denizcankizil.tr\/ru\/haberler\/antalya\/sisede-durdugu-gibi-durmadi\/#primaryimage\"},\"thumbnailUrl\":\"https:\/\/denizcankizil.tr\/wp-content\/uploads\/2025\/04\/aw424326-01-1-tHrnjY.jpeg\",\"articleSection\":[\"Antalya\"],\"inLanguage\":\"ru-RU\"},{\"@type\":\"WebPage\",\"@id\":\"https:\/\/denizcankizil.tr\/ru\/haberler\/antalya\/sisede-durdugu-gibi-durmadi\/\",\"url\":\"https:\/\/denizcankizil.tr\/ru\/haberler\/antalya\/sisede-durdugu-gibi-durmadi\/\",\"name\":\"\u015ei\u015fede durdu\u011fu gibi durmad\u0131 - Av. Deniz Can K\u0131z\u0131l\",\"isPartOf\":{\"@id\":\"https:\/\/denizcankizil.tr\/de\/#website\"},\"primaryImageOfPage\":{\"@id\":\"https:\/\/denizcankizil.tr\/ru\/haberler\/antalya\/sisede-durdugu-gibi-durmadi\/#primaryimage\"},\"image\":{\"@id\":\"https:\/\/denizcankizil.tr\/ru\/haberler\/antalya\/sisede-durdugu-gibi-durmadi\/#primaryimage\"},\"thumbnailUrl\":\"https:\/\/denizcankizil.tr\/wp-content\/uploads\/2025\/04\/aw424326-01-1-tHrnjY.jpeg\",\"datePublished\":\"2025-04-01T20:41:28+00:00\",\"breadcrumb\":{\"@id\":\"https:\/\/denizcankizil.tr\/ru\/haberler\/antalya\/sisede-durdugu-gibi-durmadi\/#breadcrumb\"},\"inLanguage\":\"ru-RU\",\"potentialAction\":[{\"@type\":\"ReadAction\",\"target\":[\"https:\/\/denizcankizil.tr\/ru\/haberler\/antalya\/sisede-durdugu-gibi-durmadi\/\"]}]},{\"@type\":\"ImageObject\",\"inLanguage\":\"ru-RU\",\"@id\":\"https:\/\/denizcankizil.tr\/ru\/haberler\/antalya\/sisede-durdugu-gibi-durmadi\/#primaryimage\",\"url\":\"https:\/\/denizcankizil.tr\/wp-content\/uploads\/2025\/04\/aw424326-01-1-tHrnjY.jpeg\",\"contentUrl\":\"https:\/\/denizcankizil.tr\/wp-content\/uploads\/2025\/04\/aw424326-01-1-tHrnjY.jpeg\",\"width\":1280,\"height\":720},{\"@type\":\"BreadcrumbList\",\"@id\":\"https:\/\/denizcankizil.tr\/ru\/haberler\/antalya\/sisede-durdugu-gibi-durmadi\/#breadcrumb\",\"itemListElement\":[{\"@type\":\"ListItem\",\"position\":1,\"name\":\"Home\",\"item\":\"https:\/\/denizcankizil.tr\/de\/\"},{\"@type\":\"ListItem\",\"position\":2,\"name\":\"\u015ei\u015fede durdu\u011fu gibi durmad\u0131\"}]},{\"@type\":\"WebSite\",\"@id\":\"https:\/\/denizcankizil.tr\/de\/#website\",\"url\":\"https:\/\/denizcankizil.tr\/de\/\",\"name\":\"Av. Deniz Can K\u0131z\u0131l\",\"description\":\"Avukat Deniz Can K\u0131z\u0131l Antalya Barosu\",\"publisher\":{\"@id\":\"https:\/\/denizcankizil.tr\/de\/#organization\"},\"potentialAction\":[{\"@type\":\"SearchAction\",\"target\":{\"@type\":\"EntryPoint\",\"urlTemplate\":\"https:\/\/denizcankizil.tr\/de\/?s={search_term_string}\"},\"query-input\":{\"@type\":\"PropertyValueSpecification\",\"valueRequired\":true,\"valueName\":\"search_term_string\"}}],\"inLanguage\":\"ru-RU\"},{\"@type\":\"Organization\",\"@id\":\"https:\/\/denizcankizil.tr\/de\/#organization\",\"name\":\"Av. Deniz Can K\u0131z\u0131l\",\"url\":\"https:\/\/denizcankizil.tr\/de\/\",\"logo\":{\"@type\":\"ImageObject\",\"inLanguage\":\"ru-RU\",\"@id\":\"https:\/\/denizcankizil.tr\/de\/#\/schema\/logo\/image\/\",\"url\":\"https:\/\/denizcankizil.tr\/wp-content\/uploads\/2024\/10\/siyah-logo-svg.svg\",\"contentUrl\":\"https:\/\/denizcankizil.tr\/wp-content\/uploads\/2024\/10\/siyah-logo-svg.svg\",\"width\":1080,\"height\":1080,\"caption\":\"Av. Deniz Can K\u0131z\u0131l\"},\"image\":{\"@id\":\"https:\/\/denizcankizil.tr\/de\/#\/schema\/logo\/image\/\"}},{\"@type\":\"Person\",\"@id\":\"https:\/\/denizcankizil.tr\/de\/#\/schema\/person\/5dc1b22991bd7ac833867c10afc9b0ff\",\"name\":\"Av. Deniz Can K\u0131z\u0131l\",\"image\":{\"@type\":\"ImageObject\",\"inLanguage\":\"ru-RU\",\"@id\":\"https:\/\/denizcankizil.tr\/de\/#\/schema\/person\/image\/\",\"url\":\"https:\/\/secure.gravatar.com\/avatar\/a0b128fb9855c79efc976d5640eedb31dc35ec297594d6016d2cf7c60e975bb6?s=96&d=mm&r=g\",\"contentUrl\":\"https:\/\/secure.gravatar.com\/avatar\/a0b128fb9855c79efc976d5640eedb31dc35ec297594d6016d2cf7c60e975bb6?s=96&d=mm&r=g\",\"caption\":\"Av. Deniz Can K\u0131z\u0131l\"},\"sameAs\":[\"http:\/\/www.denizcankizil.tr\"],\"url\":\"https:\/\/denizcankizil.tr\/ru\/author\/denizcankizil\/\"}]}<\/script>\n<!-- \/ Yoast SEO Premium plugin. -->","yoast_head_json":{"title":"\u015ei\u015fede durdu\u011fu gibi durmad\u0131 - Av. Deniz Can K\u0131z\u0131l","robots":{"index":"index","follow":"follow","max-snippet":"max-snippet:-1","max-image-preview":"max-image-preview:large","max-video-preview":"max-video-preview:-1"},"canonical":"https:\/\/denizcankizil.tr\/ru\/haberler\/antalya\/sisede-durdugu-gibi-durmadi\/","og_locale":"ru_RU","og_type":"article","og_title":"\u015ei\u015fede durdu\u011fu gibi durmad\u0131","og_description":"Gece saatlerinde Manavgat il\u00e7esi Sorgun Mahallesi Herdford Caddesi&#8217;nde meydana gelen olayda, Manavgat \u00c7evreyolu K\u00f6pr\u00fcs\u00fc yak\u0131n\u0131nda \u0131rmak kenar\u0131nda alkol alan gen\u00e7ler aras\u0131nda hen\u00fcz bilinmeyen bir nedenle \u00e7\u0131kan tart\u0131\u015fma kanla noktaland\u0131. Edinilen bilgiye g\u00f6re, samimi arkada\u015f olan Denizhan Deniz ve Uygar \u00d6zen, gece 02.30 s\u0131ralar\u0131nda \u0131rmak kenar\u0131na gelerek alkol almaya ba\u015flad\u0131. Bir s\u00fcre sonra alkol alan gen\u00e7lerin yan\u0131na isminin Mahmut E.Y. oldu\u011fu \u00f6\u011frenilen motosikletli bir \u015fah\u0131s gelerek, Denizhan Deniz ve Uygar Mahmut Eren ile birlikte alkol almay\u0131 s\u00fcrd\u00fcrd\u00fc. Olay yerinde hayat\u0131n\u0131 kaybetti K\u0131sa s\u00fcre sonra aralar\u0131nda tart\u0131\u015fma \u00e7\u0131kt\u0131. K\u0131sa s\u00fcre sonra gen\u00e7ler anas\u0131nda hen\u00fcz bilinmeyen bir nedenle tart\u0131\u015fma \u00e7\u0131kt\u0131. Tart\u0131\u015fma b\u00fcy\u00fcyerek yumrukla\u015fmaya d\u00f6n\u00fc\u015f\u00fcrken, bir s\u00fcre sonra Mahmut E.Y. gen\u00e7lerin yanlar\u0131nda getirdi\u011fi meyveleri do\u011framak i\u00e7in kulland\u0131klar\u0131 b\u0131\u00e7a\u011f\u0131 alarak Denizhan Deniz ve Uygar \u00d6zen&#8217;i defalarca b\u0131\u00e7aklad\u0131. Denizhan Deniz, 20-25 metre ileride \u0131rmak kenar\u0131nda d\u00fc\u015ft\u00fc\u011f\u00fc yerde ya\u015fam\u0131n\u0131 yitirirken, Uygar \u00d6zen ise olay yerinden 100-150 metre ileride yaral\u0131 olarak bulundu. \u0130hbar \u00fczerine olay yerine Manavgat Emniyet M\u00fcd\u00fcrl\u00fc\u011f\u00fc ve 112 Sa\u011fl\u0131k ekipleri sevk edilirken, verilen adrese gelen ekipler b\u0131\u00e7aklanan Denizhan Deniz&#8217;in olay yerinde ya\u015fam\u0131n\u0131 yitirdi\u011fini belirledi. Annesi fenal\u0131k ge\u00e7irdi Ald\u0131\u011f\u0131 b\u0131\u00e7ak darbeleri ile yaralanan Uygar \u00d6zen isimli gen\u00e7 ise sa\u011fl\u0131k ekiplerinin olay yerindeki m\u00fcdahalesinin ard\u0131ndan ambulansla \u00f6nce Manavgat Devlet Hastanesine ard\u0131ndan da hayati tehlikesi bulunmas\u0131 nedeniyle Antalya &hellip;","og_url":"https:\/\/denizcankizil.tr\/ru\/haberler\/antalya\/sisede-durdugu-gibi-durmadi\/","og_site_name":"Av. Deniz Can K\u0131z\u0131l","article_published_time":"2025-04-01T20:41:28+00:00","og_image":[{"width":1280,"height":720,"url":"https:\/\/denizcankizil.tr\/wp-content\/uploads\/2025\/04\/aw424326-01-1-tHrnjY.jpeg","type":"image\/jpeg"}],"author":"Av. Deniz Can K\u0131z\u0131l","twitter_card":"summary_large_image","twitter_misc":{"\u041d\u0430\u043f\u0438\u0441\u0430\u043d\u043e \u0430\u0432\u0442\u043e\u0440\u043e\u043c":"Av. Deniz Can K\u0131z\u0131l","\u041f\u0440\u0438\u043c\u0435\u0440\u043d\u043e\u0435 \u0432\u0440\u0435\u043c\u044f \u0434\u043b\u044f \u0447\u0442\u0435\u043d\u0438\u044f":"2 \u043c\u0438\u043d\u0443\u0442\u044b"},"schema":{"@context":"https:\/\/schema.org","@graph":[{"@type":"Article","@id":"https:\/\/denizcankizil.tr\/ru\/haberler\/antalya\/sisede-durdugu-gibi-durmadi\/#article","isPartOf":{"@id":"https:\/\/denizcankizil.tr\/ru\/haberler\/antalya\/sisede-durdugu-gibi-durmadi\/"},"author":{"name":"Av. Deniz Can K\u0131z\u0131l","@id":"https:\/\/denizcankizil.tr\/de\/#\/schema\/person\/5dc1b22991bd7ac833867c10afc9b0ff"},"headline":"\u015ei\u015fede durdu\u011fu gibi durmad\u0131","datePublished":"2025-04-01T20:41:28+00:00","mainEntityOfPage":{"@id":"https:\/\/denizcankizil.tr\/ru\/haberler\/antalya\/sisede-durdugu-gibi-durmadi\/"},"wordCount":429,"publisher":{"@id":"https:\/\/denizcankizil.tr\/de\/#organization"},"image":{"@id":"https:\/\/denizcankizil.tr\/ru\/haberler\/antalya\/sisede-durdugu-gibi-durmadi\/#primaryimage"},"thumbnailUrl":"https:\/\/denizcankizil.tr\/wp-content\/uploads\/2025\/04\/aw424326-01-1-tHrnjY.jpeg","articleSection":["Antalya"],"inLanguage":"ru-RU"},{"@type":"WebPage","@id":"https:\/\/denizcankizil.tr\/ru\/haberler\/antalya\/sisede-durdugu-gibi-durmadi\/","url":"https:\/\/denizcankizil.tr\/ru\/haberler\/antalya\/sisede-durdugu-gibi-durmadi\/","name":"\u015ei\u015fede durdu\u011fu gibi durmad\u0131 - Av. Deniz Can K\u0131z\u0131l","isPartOf":{"@id":"https:\/\/denizcankizil.tr\/de\/#website"},"primaryImageOfPage":{"@id":"https:\/\/denizcankizil.tr\/ru\/haberler\/antalya\/sisede-durdugu-gibi-durmadi\/#primaryimage"},"image":{"@id":"https:\/\/denizcankizil.tr\/ru\/haberler\/antalya\/sisede-durdugu-gibi-durmadi\/#primaryimage"},"thumbnailUrl":"https:\/\/denizcankizil.tr\/wp-content\/uploads\/2025\/04\/aw424326-01-1-tHrnjY.jpeg","datePublished":"2025-04-01T20:41:28+00:00","breadcrumb":{"@id":"https:\/\/denizcankizil.tr\/ru\/haberler\/antalya\/sisede-durdugu-gibi-durmadi\/#breadcrumb"},"inLanguage":"ru-RU","potentialAction":[{"@type":"ReadAction","target":["https:\/\/denizcankizil.tr\/ru\/haberler\/antalya\/sisede-durdugu-gibi-durmadi\/"]}]},{"@type":"ImageObject","inLanguage":"ru-RU","@id":"https:\/\/denizcankizil.tr\/ru\/haberler\/antalya\/sisede-durdugu-gibi-durmadi\/#primaryimage","url":"https:\/\/denizcankizil.tr\/wp-content\/uploads\/2025\/04\/aw424326-01-1-tHrnjY.jpeg","contentUrl":"https:\/\/denizcankizil.tr\/wp-content\/uploads\/2025\/04\/aw424326-01-1-tHrnjY.jpeg","width":1280,"height":720},{"@type":"BreadcrumbList","@id":"https:\/\/denizcankizil.tr\/ru\/haberler\/antalya\/sisede-durdugu-gibi-durmadi\/#breadcrumb","itemListElement":[{"@type":"ListItem","position":1,"name":"Home","item":"https:\/\/denizcankizil.tr\/de\/"},{"@type":"ListItem","position":2,"name":"\u015ei\u015fede durdu\u011fu gibi durmad\u0131"}]},{"@type":"WebSite","@id":"https:\/\/denizcankizil.tr\/de\/#website","url":"https:\/\/denizcankizil.tr\/de\/","name":"Av. Deniz Can K\u0131z\u0131l","description":"Avukat Deniz Can K\u0131z\u0131l Antalya Barosu","publisher":{"@id":"https:\/\/denizcankizil.tr\/de\/#organization"},"potentialAction":[{"@type":"SearchAction","target":{"@type":"EntryPoint","urlTemplate":"https:\/\/denizcankizil.tr\/de\/?s={search_term_string}"},"query-input":{"@type":"PropertyValueSpecification","valueRequired":true,"valueName":"search_term_string"}}],"inLanguage":"ru-RU"},{"@type":"Organization","@id":"https:\/\/denizcankizil.tr\/de\/#organization","name":"Av. Deniz Can K\u0131z\u0131l","url":"https:\/\/denizcankizil.tr\/de\/","logo":{"@type":"ImageObject","inLanguage":"ru-RU","@id":"https:\/\/denizcankizil.tr\/de\/#\/schema\/logo\/image\/","url":"https:\/\/denizcankizil.tr\/wp-content\/uploads\/2024\/10\/siyah-logo-svg.svg","contentUrl":"https:\/\/denizcankizil.tr\/wp-content\/uploads\/2024\/10\/siyah-logo-svg.svg","width":1080,"height":1080,"caption":"Av. Deniz Can K\u0131z\u0131l"},"image":{"@id":"https:\/\/denizcankizil.tr\/de\/#\/schema\/logo\/image\/"}},{"@type":"Person","@id":"https:\/\/denizcankizil.tr\/de\/#\/schema\/person\/5dc1b22991bd7ac833867c10afc9b0ff","name":"Av. Deniz Can K\u0131z\u0131l","image":{"@type":"ImageObject","inLanguage":"ru-RU","@id":"https:\/\/denizcankizil.tr\/de\/#\/schema\/person\/image\/","url":"https:\/\/secure.gravatar.com\/avatar\/a0b128fb9855c79efc976d5640eedb31dc35ec297594d6016d2cf7c60e975bb6?s=96&d=mm&r=g","contentUrl":"https:\/\/secure.gravatar.com\/avatar\/a0b128fb9855c79efc976d5640eedb31dc35ec297594d6016d2cf7c60e975bb6?s=96&d=mm&r=g","caption":"Av. Deniz Can K\u0131z\u0131l"},"sameAs":["http:\/\/www.denizcankizil.tr"],"url":"https:\/\/denizcankizil.tr\/ru\/author\/denizcankizil\/"}]}},"_links":{"self":[{"href":"https:\/\/denizcankizil.tr\/ru\/wp-json\/wp\/v2\/posts\/42660","targetHints":{"allow":["GET"]}}],"collection":[{"href":"https:\/\/denizcankizil.tr\/ru\/wp-json\/wp\/v2\/posts"}],"about":[{"href":"https:\/\/denizcankizil.tr\/ru\/wp-json\/wp\/v2\/types\/post"}],"author":[{"embeddable":true,"href":"https:\/\/denizcankizil.tr\/ru\/wp-json\/wp\/v2\/users\/4"}],"replies":[{"embeddable":true,"href":"https:\/\/denizcankizil.tr\/ru\/wp-json\/wp\/v2\/comments?post=42660"}],"version-history":[{"count":0,"href":"https:\/\/denizcankizil.tr\/ru\/wp-json\/wp\/v2\/posts\/42660\/revisions"}],"wp:featuredmedia":[{"embeddable":true,"href":"https:\/\/denizcankizil.tr\/ru\/wp-json\/wp\/v2\/media\/42661"}],"wp:attachment":[{"href":"https:\/\/denizcankizil.tr\/ru\/wp-json\/wp\/v2\/media?parent=42660"}],"wp:term":[{"taxonomy":"category","embeddable":true,"href":"https:\/\/denizcankizil.tr\/ru\/wp-json\/wp\/v2\/categories?post=42660"},{"taxonomy":"post_tag","embeddable":true,"href":"https:\/\/denizcankizil.tr\/ru\/wp-json\/wp\/v2\/tags?post=42660"}],"curies":[{"name":"wp","href":"https:\/\/api.w.org\/{rel}","templated":true}]}}