{"id":41279,"date":"2025-03-31T15:41:29","date_gmt":"2025-03-31T12:41:29","guid":{"rendered":"https:\/\/denizcankizil.tr\/uncategorized-tr\/baskan-karadan-bayram-bulusmalari-sehit-aileleri-bizim-emanetimizdir\/"},"modified":"2025-03-31T15:41:29","modified_gmt":"2025-03-31T12:41:29","slug":"baskan-karadan-bayram-bulusmalari-sehit-aileleri-bizim-emanetimizdir","status":"publish","type":"post","link":"https:\/\/denizcankizil.tr\/ru\/haberler\/gundem\/baskan-karadan-bayram-bulusmalari-sehit-aileleri-bizim-emanetimizdir\/","title":{"rendered":"Ba\u015fkan Kara&#8217;dan bayram bulu\u015fmalar\u0131: &#8220;\u015eehit aileleri bizim emanetimizdir&#8221;"},"content":{"rendered":"<p>Manavgat Belediye Ba\u015fkan\u0131 Op. Dr. Niyazi Nefi Kara, \u0130l\u00e7e Emniyet M\u00fcd\u00fcrl\u00fc\u011f\u00fc ve \u0130l\u00e7e Jandarma Komutanl\u0131\u011f\u0131nda ger\u00e7ekle\u015ftirilen bayramla\u015fma t\u00f6renlerine kat\u0131ld\u0131. T\u00f6renlerde g\u00fcvenlik g\u00fc\u00e7leriyle bir araya gelen ve bayramlar\u0131n\u0131 kutlayan Ba\u015fkan Kara, \u00f6zverili \u00e7al\u0131\u015fmalar\u0131ndan dolay\u0131 te\u015fekk\u00fcr etti. Kara, &#8220;\u00dclkemizin huzuru ve g\u00fcvenli\u011fi i\u00e7in b\u00fcy\u00fck bir fedakarl\u0131kla \u00e7al\u0131\u015fan t\u00fcm emniyet ve jandarma personelimizin bayram\u0131n\u0131 kutluyorum. Onlar\u0131n \u00f6zverili \u00e7al\u0131\u015fmalar\u0131 sayesinde halk\u0131m\u0131z bayramlar\u0131n\u0131 huzur i\u00e7inde ge\u00e7irebiliyor. Kendilerine te\u015fekk\u00fcr ediyor, sa\u011fl\u0131k ve huzur diliyorum&#8221; dedi.\u00a0<\/p>\n<p>BA\u015eKAN KARA, YA\u015eLILARLA B\u0130R ARAYA GELD\u0130\u00a0<\/p>\n<p>Bayramla\u015fma program\u0131n\u0131n ard\u0131ndan Manavgat Belediyesi Huzurevi\u2019ni ziyaret eden Ba\u015fkan Kara, burada kalan ya\u015fl\u0131larla bir araya geldi. B\u00fcy\u00fcklerin ellerini \u00f6perek bayramlar\u0131n\u0131 kutlayan Ba\u015fkan Kara, &#8220;B\u00fcy\u00fcklerimiz bizim ba\u015f tac\u0131m\u0131zd\u0131r. Onlar\u0131n dualar\u0131 ve sevgileri bizleri ayakta tutan en \u00f6nemli de\u011ferlerdendir. Bayramlar\u0131, sevgi ve dayan\u0131\u015fma ruhuyla birlikte kutlamak bizim en b\u00fcy\u00fck mutlulu\u011fumuz&#8221; ifadelerini kulland\u0131.<\/p>\n<p>BA\u015eKAN KARA, \u015eEH\u0130T A\u0130LELER\u0130N\u0130 VE GAZ\u0130LER\u0130 Z\u0130YARET ETT\u0130<\/p>\n<p>Manavgat Belediye Ba\u015fkan\u0131 Op. Dr. Niyazi Nefi Kara, son olarak Manavgat\u2019ta ya\u015fayan \u015fehit aileleri ve gazileri evlerinde ziyaret etti. Onlar\u0131n bayramlar\u0131n\u0131 kutlayan Ba\u015fkan Kara, &#8220;\u015eehitlerimiz, bu vatan i\u00e7in en b\u00fcy\u00fck fedakarl\u0131\u011f\u0131 yaparak canlar\u0131n\u0131 feda etmi\u015f kahramanlard\u0131r. Gazilerimiz ise vatan savunmas\u0131nda b\u00fcy\u00fck cesaret g\u00f6stermi\u015f onurlu insanlard\u0131r. Onlar\u0131n aileleri bizim i\u00e7in en k\u0131ymetli emanetlerdir. Onlar\u0131n her zaman yan\u0131nda olmaya devam edece\u011fiz&#8221; dedi.\u00a0<\/p>\n<p>\u00a0 \u00a0 \u00a0 \u00a0 \u00a0 \u00a0 \u00a0 \u00a0 \u00a0 \u00a0 \u00a0 \u00a0 \u00a0\u00a0<\/p>\n<p>\u200bManavgat Belediye Ba\u015fkan\u0131 Niyazi Nefi Kara, bayramda g\u00fcvenlik g\u00fc\u00e7leri, huzurevi sakinleri, \u015fehit aileleri ve gazilerle bir araya geldi. &#8220;Onlar\u0131n dualar\u0131, fedakarl\u0131klar\u0131 ve emanetleri bizim en b\u00fcy\u00fck sorumlulu\u011fumuz&#8221; diyen Kara, dayan\u0131\u015fma ve vefa mesaj\u0131 verdi.\u00a0<\/p>\n<p>\u200bHaberin Al\u0131nt\u0131land\u0131\u011f\u0131 Kaynak: www.antalyakorfez.com<\/p>","protected":false},"excerpt":{"rendered":"<p>Manavgat Belediye Ba\u015fkan\u0131 Op. Dr. Niyazi Nefi Kara, \u0130l\u00e7e Emniyet M\u00fcd\u00fcrl\u00fc\u011f\u00fc ve \u0130l\u00e7e Jandarma Komutanl\u0131\u011f\u0131nda ger\u00e7ekle\u015ftirilen bayramla\u015fma t\u00f6renlerine kat\u0131ld\u0131. T\u00f6renlerde g\u00fcvenlik g\u00fc\u00e7leriyle bir araya gelen ve bayramlar\u0131n\u0131 kutlayan Ba\u015fkan Kara, \u00f6zverili \u00e7al\u0131\u015fmalar\u0131ndan dolay\u0131 te\u015fekk\u00fcr etti. Kara, &#8220;\u00dclkemizin huzuru ve g\u00fcvenli\u011fi i\u00e7in b\u00fcy\u00fck bir fedakarl\u0131kla \u00e7al\u0131\u015fan t\u00fcm emniyet ve jandarma personelimizin bayram\u0131n\u0131 kutluyorum. Onlar\u0131n \u00f6zverili \u00e7al\u0131\u015fmalar\u0131 sayesinde halk\u0131m\u0131z bayramlar\u0131n\u0131 huzur i\u00e7inde ge\u00e7irebiliyor. Kendilerine te\u015fekk\u00fcr ediyor, sa\u011fl\u0131k ve huzur diliyorum&#8221; dedi.\u00a0 BA\u015eKAN KARA, YA\u015eLILARLA B\u0130R ARAYA GELD\u0130\u00a0 Bayramla\u015fma program\u0131n\u0131n ard\u0131ndan Manavgat Belediyesi Huzurevi\u2019ni ziyaret eden Ba\u015fkan Kara, burada kalan ya\u015fl\u0131larla bir araya geldi. B\u00fcy\u00fcklerin ellerini \u00f6perek bayramlar\u0131n\u0131 kutlayan Ba\u015fkan Kara, &#8220;B\u00fcy\u00fcklerimiz bizim ba\u015f tac\u0131m\u0131zd\u0131r. Onlar\u0131n dualar\u0131 ve sevgileri bizleri ayakta tutan en \u00f6nemli de\u011ferlerdendir. Bayramlar\u0131, sevgi ve dayan\u0131\u015fma ruhuyla birlikte kutlamak bizim en b\u00fcy\u00fck mutlulu\u011fumuz&#8221; ifadelerini kulland\u0131. BA\u015eKAN KARA, \u015eEH\u0130T A\u0130LELER\u0130N\u0130 VE GAZ\u0130LER\u0130 Z\u0130YARET ETT\u0130 Manavgat Belediye Ba\u015fkan\u0131 Op. Dr. Niyazi Nefi Kara, son olarak Manavgat\u2019ta ya\u015fayan \u015fehit aileleri ve gazileri evlerinde ziyaret etti. Onlar\u0131n bayramlar\u0131n\u0131 kutlayan Ba\u015fkan Kara, &#8220;\u015eehitlerimiz, bu vatan i\u00e7in en b\u00fcy\u00fck fedakarl\u0131\u011f\u0131 yaparak canlar\u0131n\u0131 feda etmi\u015f kahramanlard\u0131r. Gazilerimiz ise vatan savunmas\u0131nda b\u00fcy\u00fck cesaret g\u00f6stermi\u015f onurlu insanlard\u0131r. Onlar\u0131n aileleri bizim i\u00e7in en k\u0131ymetli emanetlerdir. Onlar\u0131n her zaman yan\u0131nda olmaya devam edece\u011fiz&#8221; dedi.\u00a0 \u00a0 \u00a0 \u00a0 \u00a0 \u00a0 \u00a0 \u00a0 &hellip;<\/p>","protected":false},"author":5,"featured_media":0,"comment_status":"","ping_status":"open","sticky":false,"template":"","format":"standard","meta":{"_acf_changed":false,"footnotes":""},"categories":[24],"tags":[],"class_list":["post-41279","post","type-post","status-publish","format-standard","has-post-thumbnail","hentry","category-gundem"],"acf":[],"yoast_head":"<!-- This site is optimized with the Yoast SEO Premium plugin v26.6 (Yoast SEO v27.1.1) - https:\/\/yoast.com\/product\/yoast-seo-premium-wordpress\/ -->\n<title>Ba\u015fkan Kara&#039;dan bayram bulu\u015fmalar\u0131: &quot;\u015eehit aileleri bizim emanetimizdir&quot; - Av. Deniz Can K\u0131z\u0131l<\/title>\n<meta name=\"robots\" content=\"index, follow, max-snippet:-1, max-image-preview:large, max-video-preview:-1\" \/>\n<link rel=\"canonical\" href=\"https:\/\/denizcankizil.tr\/ru\/haberler\/gundem\/baskan-karadan-bayram-bulusmalari-sehit-aileleri-bizim-emanetimizdir\/\" \/>\n<meta property=\"og:locale\" content=\"ru_RU\" \/>\n<meta property=\"og:type\" content=\"article\" \/>\n<meta property=\"og:title\" content=\"Ba\u015fkan Kara&#039;dan bayram bulu\u015fmalar\u0131: &quot;\u015eehit aileleri bizim emanetimizdir&quot;\" \/>\n<meta property=\"og:description\" content=\"Manavgat Belediye Ba\u015fkan\u0131 Op. Dr. Niyazi Nefi Kara, \u0130l\u00e7e Emniyet M\u00fcd\u00fcrl\u00fc\u011f\u00fc ve \u0130l\u00e7e Jandarma Komutanl\u0131\u011f\u0131nda ger\u00e7ekle\u015ftirilen bayramla\u015fma t\u00f6renlerine kat\u0131ld\u0131. T\u00f6renlerde g\u00fcvenlik g\u00fc\u00e7leriyle bir araya gelen ve bayramlar\u0131n\u0131 kutlayan Ba\u015fkan Kara, \u00f6zverili \u00e7al\u0131\u015fmalar\u0131ndan dolay\u0131 te\u015fekk\u00fcr etti. Kara, &#8220;\u00dclkemizin huzuru ve g\u00fcvenli\u011fi i\u00e7in b\u00fcy\u00fck bir fedakarl\u0131kla \u00e7al\u0131\u015fan t\u00fcm emniyet ve jandarma personelimizin bayram\u0131n\u0131 kutluyorum. Onlar\u0131n \u00f6zverili \u00e7al\u0131\u015fmalar\u0131 sayesinde halk\u0131m\u0131z bayramlar\u0131n\u0131 huzur i\u00e7inde ge\u00e7irebiliyor. Kendilerine te\u015fekk\u00fcr ediyor, sa\u011fl\u0131k ve huzur diliyorum&#8221; dedi.\u00a0 BA\u015eKAN KARA, YA\u015eLILARLA B\u0130R ARAYA GELD\u0130\u00a0 Bayramla\u015fma program\u0131n\u0131n ard\u0131ndan Manavgat Belediyesi Huzurevi\u2019ni ziyaret eden Ba\u015fkan Kara, burada kalan ya\u015fl\u0131larla bir araya geldi. B\u00fcy\u00fcklerin ellerini \u00f6perek bayramlar\u0131n\u0131 kutlayan Ba\u015fkan Kara, &#8220;B\u00fcy\u00fcklerimiz bizim ba\u015f tac\u0131m\u0131zd\u0131r. Onlar\u0131n dualar\u0131 ve sevgileri bizleri ayakta tutan en \u00f6nemli de\u011ferlerdendir. Bayramlar\u0131, sevgi ve dayan\u0131\u015fma ruhuyla birlikte kutlamak bizim en b\u00fcy\u00fck mutlulu\u011fumuz&#8221; ifadelerini kulland\u0131. BA\u015eKAN KARA, \u015eEH\u0130T A\u0130LELER\u0130N\u0130 VE GAZ\u0130LER\u0130 Z\u0130YARET ETT\u0130 Manavgat Belediye Ba\u015fkan\u0131 Op. Dr. Niyazi Nefi Kara, son olarak Manavgat\u2019ta ya\u015fayan \u015fehit aileleri ve gazileri evlerinde ziyaret etti. Onlar\u0131n bayramlar\u0131n\u0131 kutlayan Ba\u015fkan Kara, &#8220;\u015eehitlerimiz, bu vatan i\u00e7in en b\u00fcy\u00fck fedakarl\u0131\u011f\u0131 yaparak canlar\u0131n\u0131 feda etmi\u015f kahramanlard\u0131r. Gazilerimiz ise vatan savunmas\u0131nda b\u00fcy\u00fck cesaret g\u00f6stermi\u015f onurlu insanlard\u0131r. Onlar\u0131n aileleri bizim i\u00e7in en k\u0131ymetli emanetlerdir. Onlar\u0131n her zaman yan\u0131nda olmaya devam edece\u011fiz&#8221; dedi.\u00a0 \u00a0 \u00a0 \u00a0 \u00a0 \u00a0 \u00a0 \u00a0 &hellip;\" \/>\n<meta property=\"og:url\" content=\"https:\/\/denizcankizil.tr\/ru\/haberler\/gundem\/baskan-karadan-bayram-bulusmalari-sehit-aileleri-bizim-emanetimizdir\/\" \/>\n<meta property=\"og:site_name\" content=\"Av. Deniz Can K\u0131z\u0131l\" \/>\n<meta property=\"article:published_time\" content=\"2025-03-31T12:41:29+00:00\" \/>\n<meta name=\"author\" content=\"Antalya K\u00f6rfez\" \/>\n<meta name=\"twitter:card\" content=\"summary_large_image\" \/>\n<meta name=\"twitter:label1\" content=\"\u041d\u0430\u043f\u0438\u0441\u0430\u043d\u043e \u0430\u0432\u0442\u043e\u0440\u043e\u043c\" \/>\n\t<meta name=\"twitter:data1\" content=\"Antalya K\u00f6rfez\" \/>\n\t<meta name=\"twitter:label2\" content=\"\u041f\u0440\u0438\u043c\u0435\u0440\u043d\u043e\u0435 \u0432\u0440\u0435\u043c\u044f \u0434\u043b\u044f \u0447\u0442\u0435\u043d\u0438\u044f\" \/>\n\t<meta name=\"twitter:data2\" content=\"2 \u043c\u0438\u043d\u0443\u0442\u044b\" \/>\n<script type=\"application\/ld+json\" class=\"yoast-schema-graph\">{\"@context\":\"https:\/\/schema.org\",\"@graph\":[{\"@type\":\"Article\",\"@id\":\"https:\/\/denizcankizil.tr\/ru\/haberler\/gundem\/baskan-karadan-bayram-bulusmalari-sehit-aileleri-bizim-emanetimizdir\/#article\",\"isPartOf\":{\"@id\":\"https:\/\/denizcankizil.tr\/ru\/haberler\/gundem\/baskan-karadan-bayram-bulusmalari-sehit-aileleri-bizim-emanetimizdir\/\"},\"author\":{\"name\":\"Antalya K\u00f6rfez\",\"@id\":\"https:\/\/denizcankizil.tr\/de\/#\/schema\/person\/e1eb71bb4dd684d46563f0af307e1234\"},\"headline\":\"Ba\u015fkan Kara&#8217;dan bayram bulu\u015fmalar\u0131: &#8220;\u015eehit aileleri bizim emanetimizdir&#8221;\",\"datePublished\":\"2025-03-31T12:41:29+00:00\",\"mainEntityOfPage\":{\"@id\":\"https:\/\/denizcankizil.tr\/ru\/haberler\/gundem\/baskan-karadan-bayram-bulusmalari-sehit-aileleri-bizim-emanetimizdir\/\"},\"wordCount\":349,\"publisher\":{\"@id\":\"https:\/\/denizcankizil.tr\/de\/#organization\"},\"articleSection\":[\"G\u00fcndem\"],\"inLanguage\":\"ru-RU\"},{\"@type\":\"WebPage\",\"@id\":\"https:\/\/denizcankizil.tr\/ru\/haberler\/gundem\/baskan-karadan-bayram-bulusmalari-sehit-aileleri-bizim-emanetimizdir\/\",\"url\":\"https:\/\/denizcankizil.tr\/ru\/haberler\/gundem\/baskan-karadan-bayram-bulusmalari-sehit-aileleri-bizim-emanetimizdir\/\",\"name\":\"Ba\u015fkan Kara'dan bayram bulu\u015fmalar\u0131: \\\"\u015eehit aileleri bizim emanetimizdir\\\" - Av. Deniz Can K\u0131z\u0131l\",\"isPartOf\":{\"@id\":\"https:\/\/denizcankizil.tr\/de\/#website\"},\"datePublished\":\"2025-03-31T12:41:29+00:00\",\"breadcrumb\":{\"@id\":\"https:\/\/denizcankizil.tr\/ru\/haberler\/gundem\/baskan-karadan-bayram-bulusmalari-sehit-aileleri-bizim-emanetimizdir\/#breadcrumb\"},\"inLanguage\":\"ru-RU\",\"potentialAction\":[{\"@type\":\"ReadAction\",\"target\":[\"https:\/\/denizcankizil.tr\/ru\/haberler\/gundem\/baskan-karadan-bayram-bulusmalari-sehit-aileleri-bizim-emanetimizdir\/\"]}]},{\"@type\":\"BreadcrumbList\",\"@id\":\"https:\/\/denizcankizil.tr\/ru\/haberler\/gundem\/baskan-karadan-bayram-bulusmalari-sehit-aileleri-bizim-emanetimizdir\/#breadcrumb\",\"itemListElement\":[{\"@type\":\"ListItem\",\"position\":1,\"name\":\"Home\",\"item\":\"https:\/\/denizcankizil.tr\/de\/\"},{\"@type\":\"ListItem\",\"position\":2,\"name\":\"Ba\u015fkan Kara&#8217;dan bayram bulu\u015fmalar\u0131: &#8220;\u015eehit aileleri bizim emanetimizdir&#8221;\"}]},{\"@type\":\"WebSite\",\"@id\":\"https:\/\/denizcankizil.tr\/de\/#website\",\"url\":\"https:\/\/denizcankizil.tr\/de\/\",\"name\":\"Av. Deniz Can K\u0131z\u0131l\",\"description\":\"Avukat Deniz Can K\u0131z\u0131l Antalya Barosu\",\"publisher\":{\"@id\":\"https:\/\/denizcankizil.tr\/de\/#organization\"},\"potentialAction\":[{\"@type\":\"SearchAction\",\"target\":{\"@type\":\"EntryPoint\",\"urlTemplate\":\"https:\/\/denizcankizil.tr\/de\/?s={search_term_string}\"},\"query-input\":{\"@type\":\"PropertyValueSpecification\",\"valueRequired\":true,\"valueName\":\"search_term_string\"}}],\"inLanguage\":\"ru-RU\"},{\"@type\":\"Organization\",\"@id\":\"https:\/\/denizcankizil.tr\/de\/#organization\",\"name\":\"Av. Deniz Can K\u0131z\u0131l\",\"url\":\"https:\/\/denizcankizil.tr\/de\/\",\"logo\":{\"@type\":\"ImageObject\",\"inLanguage\":\"ru-RU\",\"@id\":\"https:\/\/denizcankizil.tr\/de\/#\/schema\/logo\/image\/\",\"url\":\"https:\/\/denizcankizil.tr\/wp-content\/uploads\/2024\/10\/siyah-logo-svg.svg\",\"contentUrl\":\"https:\/\/denizcankizil.tr\/wp-content\/uploads\/2024\/10\/siyah-logo-svg.svg\",\"width\":1080,\"height\":1080,\"caption\":\"Av. Deniz Can K\u0131z\u0131l\"},\"image\":{\"@id\":\"https:\/\/denizcankizil.tr\/de\/#\/schema\/logo\/image\/\"}},{\"@type\":\"Person\",\"@id\":\"https:\/\/denizcankizil.tr\/de\/#\/schema\/person\/e1eb71bb4dd684d46563f0af307e1234\",\"name\":\"Antalya K\u00f6rfez\",\"image\":{\"@type\":\"ImageObject\",\"inLanguage\":\"ru-RU\",\"@id\":\"https:\/\/denizcankizil.tr\/de\/#\/schema\/person\/image\/\",\"url\":\"https:\/\/secure.gravatar.com\/avatar\/42b01982558a48a0b501fdcab6a408d3717ea5919095ee2e67b0e521799c5905?s=96&d=mm&r=g\",\"contentUrl\":\"https:\/\/secure.gravatar.com\/avatar\/42b01982558a48a0b501fdcab6a408d3717ea5919095ee2e67b0e521799c5905?s=96&d=mm&r=g\",\"caption\":\"Antalya K\u00f6rfez\"},\"sameAs\":[\"http:\/\/www.antalyakorfez.com\"],\"url\":\"https:\/\/www.antalyakorfez.com\/baskan-karadan-bayram-bulusmalari-sehit-aileleri-bizim-emanetimizdir\"}]}<\/script>\n<!-- \/ Yoast SEO Premium plugin. -->","yoast_head_json":{"title":"Ba\u015fkan Kara'dan bayram bulu\u015fmalar\u0131: \"\u015eehit aileleri bizim emanetimizdir\" - Av. Deniz Can K\u0131z\u0131l","robots":{"index":"index","follow":"follow","max-snippet":"max-snippet:-1","max-image-preview":"max-image-preview:large","max-video-preview":"max-video-preview:-1"},"canonical":"https:\/\/denizcankizil.tr\/ru\/haberler\/gundem\/baskan-karadan-bayram-bulusmalari-sehit-aileleri-bizim-emanetimizdir\/","og_locale":"ru_RU","og_type":"article","og_title":"Ba\u015fkan Kara'dan bayram bulu\u015fmalar\u0131: \"\u015eehit aileleri bizim emanetimizdir\"","og_description":"Manavgat Belediye Ba\u015fkan\u0131 Op. Dr. Niyazi Nefi Kara, \u0130l\u00e7e Emniyet M\u00fcd\u00fcrl\u00fc\u011f\u00fc ve \u0130l\u00e7e Jandarma Komutanl\u0131\u011f\u0131nda ger\u00e7ekle\u015ftirilen bayramla\u015fma t\u00f6renlerine kat\u0131ld\u0131. T\u00f6renlerde g\u00fcvenlik g\u00fc\u00e7leriyle bir araya gelen ve bayramlar\u0131n\u0131 kutlayan Ba\u015fkan Kara, \u00f6zverili \u00e7al\u0131\u015fmalar\u0131ndan dolay\u0131 te\u015fekk\u00fcr etti. Kara, &#8220;\u00dclkemizin huzuru ve g\u00fcvenli\u011fi i\u00e7in b\u00fcy\u00fck bir fedakarl\u0131kla \u00e7al\u0131\u015fan t\u00fcm emniyet ve jandarma personelimizin bayram\u0131n\u0131 kutluyorum. Onlar\u0131n \u00f6zverili \u00e7al\u0131\u015fmalar\u0131 sayesinde halk\u0131m\u0131z bayramlar\u0131n\u0131 huzur i\u00e7inde ge\u00e7irebiliyor. Kendilerine te\u015fekk\u00fcr ediyor, sa\u011fl\u0131k ve huzur diliyorum&#8221; dedi.\u00a0 BA\u015eKAN KARA, YA\u015eLILARLA B\u0130R ARAYA GELD\u0130\u00a0 Bayramla\u015fma program\u0131n\u0131n ard\u0131ndan Manavgat Belediyesi Huzurevi\u2019ni ziyaret eden Ba\u015fkan Kara, burada kalan ya\u015fl\u0131larla bir araya geldi. B\u00fcy\u00fcklerin ellerini \u00f6perek bayramlar\u0131n\u0131 kutlayan Ba\u015fkan Kara, &#8220;B\u00fcy\u00fcklerimiz bizim ba\u015f tac\u0131m\u0131zd\u0131r. Onlar\u0131n dualar\u0131 ve sevgileri bizleri ayakta tutan en \u00f6nemli de\u011ferlerdendir. Bayramlar\u0131, sevgi ve dayan\u0131\u015fma ruhuyla birlikte kutlamak bizim en b\u00fcy\u00fck mutlulu\u011fumuz&#8221; ifadelerini kulland\u0131. BA\u015eKAN KARA, \u015eEH\u0130T A\u0130LELER\u0130N\u0130 VE GAZ\u0130LER\u0130 Z\u0130YARET ETT\u0130 Manavgat Belediye Ba\u015fkan\u0131 Op. Dr. Niyazi Nefi Kara, son olarak Manavgat\u2019ta ya\u015fayan \u015fehit aileleri ve gazileri evlerinde ziyaret etti. Onlar\u0131n bayramlar\u0131n\u0131 kutlayan Ba\u015fkan Kara, &#8220;\u015eehitlerimiz, bu vatan i\u00e7in en b\u00fcy\u00fck fedakarl\u0131\u011f\u0131 yaparak canlar\u0131n\u0131 feda etmi\u015f kahramanlard\u0131r. Gazilerimiz ise vatan savunmas\u0131nda b\u00fcy\u00fck cesaret g\u00f6stermi\u015f onurlu insanlard\u0131r. Onlar\u0131n aileleri bizim i\u00e7in en k\u0131ymetli emanetlerdir. Onlar\u0131n her zaman yan\u0131nda olmaya devam edece\u011fiz&#8221; dedi.\u00a0 \u00a0 \u00a0 \u00a0 \u00a0 \u00a0 \u00a0 \u00a0 &hellip;","og_url":"https:\/\/denizcankizil.tr\/ru\/haberler\/gundem\/baskan-karadan-bayram-bulusmalari-sehit-aileleri-bizim-emanetimizdir\/","og_site_name":"Av. Deniz Can K\u0131z\u0131l","article_published_time":"2025-03-31T12:41:29+00:00","author":"Antalya K\u00f6rfez","twitter_card":"summary_large_image","twitter_misc":{"\u041d\u0430\u043f\u0438\u0441\u0430\u043d\u043e \u0430\u0432\u0442\u043e\u0440\u043e\u043c":"Antalya K\u00f6rfez","\u041f\u0440\u0438\u043c\u0435\u0440\u043d\u043e\u0435 \u0432\u0440\u0435\u043c\u044f \u0434\u043b\u044f \u0447\u0442\u0435\u043d\u0438\u044f":"2 \u043c\u0438\u043d\u0443\u0442\u044b"},"schema":{"@context":"https:\/\/schema.org","@graph":[{"@type":"Article","@id":"https:\/\/denizcankizil.tr\/ru\/haberler\/gundem\/baskan-karadan-bayram-bulusmalari-sehit-aileleri-bizim-emanetimizdir\/#article","isPartOf":{"@id":"https:\/\/denizcankizil.tr\/ru\/haberler\/gundem\/baskan-karadan-bayram-bulusmalari-sehit-aileleri-bizim-emanetimizdir\/"},"author":{"name":"Antalya K\u00f6rfez","@id":"https:\/\/denizcankizil.tr\/de\/#\/schema\/person\/e1eb71bb4dd684d46563f0af307e1234"},"headline":"Ba\u015fkan Kara&#8217;dan bayram bulu\u015fmalar\u0131: &#8220;\u015eehit aileleri bizim emanetimizdir&#8221;","datePublished":"2025-03-31T12:41:29+00:00","mainEntityOfPage":{"@id":"https:\/\/denizcankizil.tr\/ru\/haberler\/gundem\/baskan-karadan-bayram-bulusmalari-sehit-aileleri-bizim-emanetimizdir\/"},"wordCount":349,"publisher":{"@id":"https:\/\/denizcankizil.tr\/de\/#organization"},"articleSection":["G\u00fcndem"],"inLanguage":"ru-RU"},{"@type":"WebPage","@id":"https:\/\/denizcankizil.tr\/ru\/haberler\/gundem\/baskan-karadan-bayram-bulusmalari-sehit-aileleri-bizim-emanetimizdir\/","url":"https:\/\/denizcankizil.tr\/ru\/haberler\/gundem\/baskan-karadan-bayram-bulusmalari-sehit-aileleri-bizim-emanetimizdir\/","name":"Ba\u015fkan Kara'dan bayram bulu\u015fmalar\u0131: \"\u015eehit aileleri bizim emanetimizdir\" - Av. Deniz Can K\u0131z\u0131l","isPartOf":{"@id":"https:\/\/denizcankizil.tr\/de\/#website"},"datePublished":"2025-03-31T12:41:29+00:00","breadcrumb":{"@id":"https:\/\/denizcankizil.tr\/ru\/haberler\/gundem\/baskan-karadan-bayram-bulusmalari-sehit-aileleri-bizim-emanetimizdir\/#breadcrumb"},"inLanguage":"ru-RU","potentialAction":[{"@type":"ReadAction","target":["https:\/\/denizcankizil.tr\/ru\/haberler\/gundem\/baskan-karadan-bayram-bulusmalari-sehit-aileleri-bizim-emanetimizdir\/"]}]},{"@type":"BreadcrumbList","@id":"https:\/\/denizcankizil.tr\/ru\/haberler\/gundem\/baskan-karadan-bayram-bulusmalari-sehit-aileleri-bizim-emanetimizdir\/#breadcrumb","itemListElement":[{"@type":"ListItem","position":1,"name":"Home","item":"https:\/\/denizcankizil.tr\/de\/"},{"@type":"ListItem","position":2,"name":"Ba\u015fkan Kara&#8217;dan bayram bulu\u015fmalar\u0131: &#8220;\u015eehit aileleri bizim emanetimizdir&#8221;"}]},{"@type":"WebSite","@id":"https:\/\/denizcankizil.tr\/de\/#website","url":"https:\/\/denizcankizil.tr\/de\/","name":"Av. Deniz Can K\u0131z\u0131l","description":"Avukat Deniz Can K\u0131z\u0131l Antalya Barosu","publisher":{"@id":"https:\/\/denizcankizil.tr\/de\/#organization"},"potentialAction":[{"@type":"SearchAction","target":{"@type":"EntryPoint","urlTemplate":"https:\/\/denizcankizil.tr\/de\/?s={search_term_string}"},"query-input":{"@type":"PropertyValueSpecification","valueRequired":true,"valueName":"search_term_string"}}],"inLanguage":"ru-RU"},{"@type":"Organization","@id":"https:\/\/denizcankizil.tr\/de\/#organization","name":"Av. Deniz Can K\u0131z\u0131l","url":"https:\/\/denizcankizil.tr\/de\/","logo":{"@type":"ImageObject","inLanguage":"ru-RU","@id":"https:\/\/denizcankizil.tr\/de\/#\/schema\/logo\/image\/","url":"https:\/\/denizcankizil.tr\/wp-content\/uploads\/2024\/10\/siyah-logo-svg.svg","contentUrl":"https:\/\/denizcankizil.tr\/wp-content\/uploads\/2024\/10\/siyah-logo-svg.svg","width":1080,"height":1080,"caption":"Av. Deniz Can K\u0131z\u0131l"},"image":{"@id":"https:\/\/denizcankizil.tr\/de\/#\/schema\/logo\/image\/"}},{"@type":"Person","@id":"https:\/\/denizcankizil.tr\/de\/#\/schema\/person\/e1eb71bb4dd684d46563f0af307e1234","name":"Antalya K\u00f6rfez","image":{"@type":"ImageObject","inLanguage":"ru-RU","@id":"https:\/\/denizcankizil.tr\/de\/#\/schema\/person\/image\/","url":"https:\/\/secure.gravatar.com\/avatar\/42b01982558a48a0b501fdcab6a408d3717ea5919095ee2e67b0e521799c5905?s=96&d=mm&r=g","contentUrl":"https:\/\/secure.gravatar.com\/avatar\/42b01982558a48a0b501fdcab6a408d3717ea5919095ee2e67b0e521799c5905?s=96&d=mm&r=g","caption":"Antalya K\u00f6rfez"},"sameAs":["http:\/\/www.antalyakorfez.com"],"url":"https:\/\/www.antalyakorfez.com\/baskan-karadan-bayram-bulusmalari-sehit-aileleri-bizim-emanetimizdir"}]}},"_links":{"self":[{"href":"https:\/\/denizcankizil.tr\/ru\/wp-json\/wp\/v2\/posts\/41279","targetHints":{"allow":["GET"]}}],"collection":[{"href":"https:\/\/denizcankizil.tr\/ru\/wp-json\/wp\/v2\/posts"}],"about":[{"href":"https:\/\/denizcankizil.tr\/ru\/wp-json\/wp\/v2\/types\/post"}],"author":[{"embeddable":true,"href":"https:\/\/denizcankizil.tr\/ru\/wp-json\/wp\/v2\/users\/5"}],"replies":[{"embeddable":true,"href":"https:\/\/denizcankizil.tr\/ru\/wp-json\/wp\/v2\/comments?post=41279"}],"version-history":[{"count":0,"href":"https:\/\/denizcankizil.tr\/ru\/wp-json\/wp\/v2\/posts\/41279\/revisions"}],"wp:attachment":[{"href":"https:\/\/denizcankizil.tr\/ru\/wp-json\/wp\/v2\/media?parent=41279"}],"wp:term":[{"taxonomy":"category","embeddable":true,"href":"https:\/\/denizcankizil.tr\/ru\/wp-json\/wp\/v2\/categories?post=41279"},{"taxonomy":"post_tag","embeddable":true,"href":"https:\/\/denizcankizil.tr\/ru\/wp-json\/wp\/v2\/tags?post=41279"}],"curies":[{"name":"wp","href":"https:\/\/api.w.org\/{rel}","templated":true}]}}