{"id":41237,"date":"2025-03-31T14:41:19","date_gmt":"2025-03-31T11:41:19","guid":{"rendered":"https:\/\/denizcankizil.tr\/uncategorized-tr\/antalya-havalimaninda-hareketli-dakikalar-polonya-ucagi-zorunlu-inis-yapti\/"},"modified":"2025-03-31T14:41:19","modified_gmt":"2025-03-31T11:41:19","slug":"antalya-havalimaninda-hareketli-dakikalar-polonya-ucagi-zorunlu-inis-yapti","status":"publish","type":"post","link":"https:\/\/denizcankizil.tr\/ru\/haberler\/gundem\/antalya-havalimaninda-hareketli-dakikalar-polonya-ucagi-zorunlu-inis-yapti\/","title":{"rendered":"Antalya Havaliman\u0131&#8217;nda hareketli dakikalar: \u00a0Polonya u\u00e7a\u011f\u0131 zorunlu ini\u015f yapt\u0131!"},"content":{"rendered":"<p>Antalya Havaliman\u0131&#8217;nda hareketli dakikalar ya\u015fand\u0131. \u0130srail&#8217;den d\u00f6n\u00fc\u015f yapan u\u00e7ak teknik ar\u0131za nedeniyle Antalya Havaliman\u0131&#8217;na ini\u015f yapt\u0131. Antalya Havaliman\u0131 M\u00fclki \u0130dare Amiri Vali Yard\u0131mc\u0131s\u0131 Suat Seyito\u011flu, \u0130srail&#8217;den d\u00f6n\u00fc\u015f yapan Polonya&#8217;ya ait yolcu u\u00e7a\u011f\u0131n\u0131n teknik ar\u0131za nedeniyle Antalya Havaliman\u0131&#8217;na indi\u011fini s\u00f6yledi.\u00a0<\/p>\n<p>BA\u015eKA U\u00c7AKLA TRANSFER<\/p>\n<p>Suat Seyito\u011flu, i\u00e7indeki 180 yolcunun u\u00e7aktan transfer edilerek, bekleme salonuna al\u0131nd\u0131\u011f\u0131n\u0131 a\u00e7\u0131klad\u0131. Seyito\u011flu, ar\u0131za ile ilgili teknik ekiplerin beklendi\u011fini, yolcular\u0131n ba\u015fka bir u\u00e7akla transferi i\u00e7in haz\u0131rl\u0131klar\u0131n s\u00fcrd\u00fc\u011f\u00fcn\u00fc kaydetti.\u00a0<\/p>\n<p>\u200bAntalya Havaliman\u0131 M\u00fclki \u0130dare Amiri Vali Yard\u0131mc\u0131s\u0131 Suat Seyito\u011flu, Polonya Enter Havayollar\u0131&#8217;na ait \u0130srailli 180 yolcunun bulundu\u011fu u\u00e7a\u011f\u0131n, teknik ar\u0131za nedeniyle Antalya Havaliman\u0131&#8217;na ini\u015f yapt\u0131\u011f\u0131n\u0131 a\u00e7\u0131klad\u0131.\u00a0<\/p>\n<p>\u200bHaberin Al\u0131nt\u0131land\u0131\u011f\u0131 Kaynak: www.antalyakorfez.com<\/p>","protected":false},"excerpt":{"rendered":"<p>Antalya Havaliman\u0131&#8217;nda hareketli dakikalar ya\u015fand\u0131. \u0130srail&#8217;den d\u00f6n\u00fc\u015f yapan u\u00e7ak teknik ar\u0131za nedeniyle Antalya Havaliman\u0131&#8217;na ini\u015f yapt\u0131. Antalya Havaliman\u0131 M\u00fclki \u0130dare Amiri Vali Yard\u0131mc\u0131s\u0131 Suat Seyito\u011flu, \u0130srail&#8217;den d\u00f6n\u00fc\u015f yapan Polonya&#8217;ya ait yolcu u\u00e7a\u011f\u0131n\u0131n teknik ar\u0131za nedeniyle Antalya Havaliman\u0131&#8217;na indi\u011fini s\u00f6yledi.\u00a0 BA\u015eKA U\u00c7AKLA TRANSFER Suat Seyito\u011flu, i\u00e7indeki 180 yolcunun u\u00e7aktan transfer edilerek, bekleme salonuna al\u0131nd\u0131\u011f\u0131n\u0131 a\u00e7\u0131klad\u0131. Seyito\u011flu, ar\u0131za ile ilgili teknik ekiplerin beklendi\u011fini, yolcular\u0131n ba\u015fka bir u\u00e7akla transferi i\u00e7in haz\u0131rl\u0131klar\u0131n s\u00fcrd\u00fc\u011f\u00fcn\u00fc kaydetti.\u00a0 \u200bAntalya Havaliman\u0131 M\u00fclki \u0130dare Amiri Vali Yard\u0131mc\u0131s\u0131 Suat Seyito\u011flu, Polonya Enter Havayollar\u0131&#8217;na ait \u0130srailli 180 yolcunun bulundu\u011fu u\u00e7a\u011f\u0131n, teknik ar\u0131za nedeniyle Antalya Havaliman\u0131&#8217;na ini\u015f yapt\u0131\u011f\u0131n\u0131 a\u00e7\u0131klad\u0131.\u00a0 \u200bHaberin Al\u0131nt\u0131land\u0131\u011f\u0131 Kaynak: www.antalyakorfez.com<\/p>","protected":false},"author":5,"featured_media":0,"comment_status":"","ping_status":"open","sticky":false,"template":"","format":"standard","meta":{"_acf_changed":false,"footnotes":""},"categories":[24],"tags":[],"class_list":["post-41237","post","type-post","status-publish","format-standard","has-post-thumbnail","hentry","category-gundem"],"acf":[],"yoast_head":"<!-- This site is optimized with the Yoast SEO Premium plugin v26.6 (Yoast SEO v27.1.1) - https:\/\/yoast.com\/product\/yoast-seo-premium-wordpress\/ -->\n<title>Antalya Havaliman\u0131&#039;nda hareketli dakikalar: \u00a0Polonya u\u00e7a\u011f\u0131 zorunlu ini\u015f yapt\u0131! - Av. Deniz Can K\u0131z\u0131l<\/title>\n<meta name=\"robots\" content=\"index, follow, max-snippet:-1, max-image-preview:large, max-video-preview:-1\" \/>\n<link rel=\"canonical\" href=\"https:\/\/denizcankizil.tr\/ru\/haberler\/gundem\/antalya-havalimaninda-hareketli-dakikalar-polonya-ucagi-zorunlu-inis-yapti\/\" \/>\n<meta property=\"og:locale\" content=\"ru_RU\" \/>\n<meta property=\"og:type\" content=\"article\" \/>\n<meta property=\"og:title\" content=\"Antalya Havaliman\u0131&#039;nda hareketli dakikalar: \u00a0Polonya u\u00e7a\u011f\u0131 zorunlu ini\u015f yapt\u0131!\" \/>\n<meta property=\"og:description\" content=\"Antalya Havaliman\u0131&#8217;nda hareketli dakikalar ya\u015fand\u0131. \u0130srail&#8217;den d\u00f6n\u00fc\u015f yapan u\u00e7ak teknik ar\u0131za nedeniyle Antalya Havaliman\u0131&#8217;na ini\u015f yapt\u0131. Antalya Havaliman\u0131 M\u00fclki \u0130dare Amiri Vali Yard\u0131mc\u0131s\u0131 Suat Seyito\u011flu, \u0130srail&#8217;den d\u00f6n\u00fc\u015f yapan Polonya&#8217;ya ait yolcu u\u00e7a\u011f\u0131n\u0131n teknik ar\u0131za nedeniyle Antalya Havaliman\u0131&#8217;na indi\u011fini s\u00f6yledi.\u00a0 BA\u015eKA U\u00c7AKLA TRANSFER Suat Seyito\u011flu, i\u00e7indeki 180 yolcunun u\u00e7aktan transfer edilerek, bekleme salonuna al\u0131nd\u0131\u011f\u0131n\u0131 a\u00e7\u0131klad\u0131. Seyito\u011flu, ar\u0131za ile ilgili teknik ekiplerin beklendi\u011fini, yolcular\u0131n ba\u015fka bir u\u00e7akla transferi i\u00e7in haz\u0131rl\u0131klar\u0131n s\u00fcrd\u00fc\u011f\u00fcn\u00fc kaydetti.\u00a0 \u200bAntalya Havaliman\u0131 M\u00fclki \u0130dare Amiri Vali Yard\u0131mc\u0131s\u0131 Suat Seyito\u011flu, Polonya Enter Havayollar\u0131&#8217;na ait \u0130srailli 180 yolcunun bulundu\u011fu u\u00e7a\u011f\u0131n, teknik ar\u0131za nedeniyle Antalya Havaliman\u0131&#8217;na ini\u015f yapt\u0131\u011f\u0131n\u0131 a\u00e7\u0131klad\u0131.\u00a0 \u200bHaberin Al\u0131nt\u0131land\u0131\u011f\u0131 Kaynak: www.antalyakorfez.com\" \/>\n<meta property=\"og:url\" content=\"https:\/\/denizcankizil.tr\/ru\/haberler\/gundem\/antalya-havalimaninda-hareketli-dakikalar-polonya-ucagi-zorunlu-inis-yapti\/\" \/>\n<meta property=\"og:site_name\" content=\"Av. Deniz Can K\u0131z\u0131l\" \/>\n<meta property=\"article:published_time\" content=\"2025-03-31T11:41:19+00:00\" \/>\n<meta name=\"author\" content=\"Antalya K\u00f6rfez\" \/>\n<meta name=\"twitter:card\" content=\"summary_large_image\" \/>\n<meta name=\"twitter:label1\" content=\"\u041d\u0430\u043f\u0438\u0441\u0430\u043d\u043e \u0430\u0432\u0442\u043e\u0440\u043e\u043c\" \/>\n\t<meta name=\"twitter:data1\" content=\"Antalya K\u00f6rfez\" \/>\n\t<meta name=\"twitter:label2\" content=\"\u041f\u0440\u0438\u043c\u0435\u0440\u043d\u043e\u0435 \u0432\u0440\u0435\u043c\u044f \u0434\u043b\u044f \u0447\u0442\u0435\u043d\u0438\u044f\" \/>\n\t<meta name=\"twitter:data2\" content=\"1 \u043c\u0438\u043d\u0443\u0442\u0430\" \/>\n<script type=\"application\/ld+json\" class=\"yoast-schema-graph\">{\"@context\":\"https:\/\/schema.org\",\"@graph\":[{\"@type\":\"Article\",\"@id\":\"https:\/\/denizcankizil.tr\/ru\/haberler\/gundem\/antalya-havalimaninda-hareketli-dakikalar-polonya-ucagi-zorunlu-inis-yapti\/#article\",\"isPartOf\":{\"@id\":\"https:\/\/denizcankizil.tr\/ru\/haberler\/gundem\/antalya-havalimaninda-hareketli-dakikalar-polonya-ucagi-zorunlu-inis-yapti\/\"},\"author\":{\"name\":\"Antalya K\u00f6rfez\",\"@id\":\"https:\/\/denizcankizil.tr\/de\/#\/schema\/person\/e1eb71bb4dd684d46563f0af307e1234\"},\"headline\":\"Antalya Havaliman\u0131&#8217;nda hareketli dakikalar: \u00a0Polonya u\u00e7a\u011f\u0131 zorunlu ini\u015f yapt\u0131!\",\"datePublished\":\"2025-03-31T11:41:19+00:00\",\"mainEntityOfPage\":{\"@id\":\"https:\/\/denizcankizil.tr\/ru\/haberler\/gundem\/antalya-havalimaninda-hareketli-dakikalar-polonya-ucagi-zorunlu-inis-yapti\/\"},\"wordCount\":166,\"publisher\":{\"@id\":\"https:\/\/denizcankizil.tr\/de\/#organization\"},\"articleSection\":[\"G\u00fcndem\"],\"inLanguage\":\"ru-RU\"},{\"@type\":\"WebPage\",\"@id\":\"https:\/\/denizcankizil.tr\/ru\/haberler\/gundem\/antalya-havalimaninda-hareketli-dakikalar-polonya-ucagi-zorunlu-inis-yapti\/\",\"url\":\"https:\/\/denizcankizil.tr\/ru\/haberler\/gundem\/antalya-havalimaninda-hareketli-dakikalar-polonya-ucagi-zorunlu-inis-yapti\/\",\"name\":\"Antalya Havaliman\u0131'nda hareketli dakikalar: \u00a0Polonya u\u00e7a\u011f\u0131 zorunlu ini\u015f yapt\u0131! - Av. Deniz Can K\u0131z\u0131l\",\"isPartOf\":{\"@id\":\"https:\/\/denizcankizil.tr\/de\/#website\"},\"datePublished\":\"2025-03-31T11:41:19+00:00\",\"breadcrumb\":{\"@id\":\"https:\/\/denizcankizil.tr\/ru\/haberler\/gundem\/antalya-havalimaninda-hareketli-dakikalar-polonya-ucagi-zorunlu-inis-yapti\/#breadcrumb\"},\"inLanguage\":\"ru-RU\",\"potentialAction\":[{\"@type\":\"ReadAction\",\"target\":[\"https:\/\/denizcankizil.tr\/ru\/haberler\/gundem\/antalya-havalimaninda-hareketli-dakikalar-polonya-ucagi-zorunlu-inis-yapti\/\"]}]},{\"@type\":\"BreadcrumbList\",\"@id\":\"https:\/\/denizcankizil.tr\/ru\/haberler\/gundem\/antalya-havalimaninda-hareketli-dakikalar-polonya-ucagi-zorunlu-inis-yapti\/#breadcrumb\",\"itemListElement\":[{\"@type\":\"ListItem\",\"position\":1,\"name\":\"Home\",\"item\":\"https:\/\/denizcankizil.tr\/de\/\"},{\"@type\":\"ListItem\",\"position\":2,\"name\":\"Antalya Havaliman\u0131&#8217;nda hareketli dakikalar: \u00a0Polonya u\u00e7a\u011f\u0131 zorunlu ini\u015f yapt\u0131!\"}]},{\"@type\":\"WebSite\",\"@id\":\"https:\/\/denizcankizil.tr\/de\/#website\",\"url\":\"https:\/\/denizcankizil.tr\/de\/\",\"name\":\"Av. Deniz Can K\u0131z\u0131l\",\"description\":\"Avukat Deniz Can K\u0131z\u0131l Antalya Barosu\",\"publisher\":{\"@id\":\"https:\/\/denizcankizil.tr\/de\/#organization\"},\"potentialAction\":[{\"@type\":\"SearchAction\",\"target\":{\"@type\":\"EntryPoint\",\"urlTemplate\":\"https:\/\/denizcankizil.tr\/de\/?s={search_term_string}\"},\"query-input\":{\"@type\":\"PropertyValueSpecification\",\"valueRequired\":true,\"valueName\":\"search_term_string\"}}],\"inLanguage\":\"ru-RU\"},{\"@type\":\"Organization\",\"@id\":\"https:\/\/denizcankizil.tr\/de\/#organization\",\"name\":\"Av. Deniz Can K\u0131z\u0131l\",\"url\":\"https:\/\/denizcankizil.tr\/de\/\",\"logo\":{\"@type\":\"ImageObject\",\"inLanguage\":\"ru-RU\",\"@id\":\"https:\/\/denizcankizil.tr\/de\/#\/schema\/logo\/image\/\",\"url\":\"https:\/\/denizcankizil.tr\/wp-content\/uploads\/2024\/10\/siyah-logo-svg.svg\",\"contentUrl\":\"https:\/\/denizcankizil.tr\/wp-content\/uploads\/2024\/10\/siyah-logo-svg.svg\",\"width\":1080,\"height\":1080,\"caption\":\"Av. Deniz Can K\u0131z\u0131l\"},\"image\":{\"@id\":\"https:\/\/denizcankizil.tr\/de\/#\/schema\/logo\/image\/\"}},{\"@type\":\"Person\",\"@id\":\"https:\/\/denizcankizil.tr\/de\/#\/schema\/person\/e1eb71bb4dd684d46563f0af307e1234\",\"name\":\"Antalya K\u00f6rfez\",\"image\":{\"@type\":\"ImageObject\",\"inLanguage\":\"ru-RU\",\"@id\":\"https:\/\/denizcankizil.tr\/de\/#\/schema\/person\/image\/\",\"url\":\"https:\/\/secure.gravatar.com\/avatar\/42b01982558a48a0b501fdcab6a408d3717ea5919095ee2e67b0e521799c5905?s=96&d=mm&r=g\",\"contentUrl\":\"https:\/\/secure.gravatar.com\/avatar\/42b01982558a48a0b501fdcab6a408d3717ea5919095ee2e67b0e521799c5905?s=96&d=mm&r=g\",\"caption\":\"Antalya K\u00f6rfez\"},\"sameAs\":[\"http:\/\/www.antalyakorfez.com\"],\"url\":\"https:\/\/www.antalyakorfez.com\/antalya-havalimaninda-hareketli-dakikalar-polonya-ucagi-zorunlu-inis-yapti\"}]}<\/script>\n<!-- \/ Yoast SEO Premium plugin. -->","yoast_head_json":{"title":"Antalya Havaliman\u0131'nda hareketli dakikalar: \u00a0Polonya u\u00e7a\u011f\u0131 zorunlu ini\u015f yapt\u0131! - Av. Deniz Can K\u0131z\u0131l","robots":{"index":"index","follow":"follow","max-snippet":"max-snippet:-1","max-image-preview":"max-image-preview:large","max-video-preview":"max-video-preview:-1"},"canonical":"https:\/\/denizcankizil.tr\/ru\/haberler\/gundem\/antalya-havalimaninda-hareketli-dakikalar-polonya-ucagi-zorunlu-inis-yapti\/","og_locale":"ru_RU","og_type":"article","og_title":"Antalya Havaliman\u0131'nda hareketli dakikalar: \u00a0Polonya u\u00e7a\u011f\u0131 zorunlu ini\u015f yapt\u0131!","og_description":"Antalya Havaliman\u0131&#8217;nda hareketli dakikalar ya\u015fand\u0131. \u0130srail&#8217;den d\u00f6n\u00fc\u015f yapan u\u00e7ak teknik ar\u0131za nedeniyle Antalya Havaliman\u0131&#8217;na ini\u015f yapt\u0131. Antalya Havaliman\u0131 M\u00fclki \u0130dare Amiri Vali Yard\u0131mc\u0131s\u0131 Suat Seyito\u011flu, \u0130srail&#8217;den d\u00f6n\u00fc\u015f yapan Polonya&#8217;ya ait yolcu u\u00e7a\u011f\u0131n\u0131n teknik ar\u0131za nedeniyle Antalya Havaliman\u0131&#8217;na indi\u011fini s\u00f6yledi.\u00a0 BA\u015eKA U\u00c7AKLA TRANSFER Suat Seyito\u011flu, i\u00e7indeki 180 yolcunun u\u00e7aktan transfer edilerek, bekleme salonuna al\u0131nd\u0131\u011f\u0131n\u0131 a\u00e7\u0131klad\u0131. Seyito\u011flu, ar\u0131za ile ilgili teknik ekiplerin beklendi\u011fini, yolcular\u0131n ba\u015fka bir u\u00e7akla transferi i\u00e7in haz\u0131rl\u0131klar\u0131n s\u00fcrd\u00fc\u011f\u00fcn\u00fc kaydetti.\u00a0 \u200bAntalya Havaliman\u0131 M\u00fclki \u0130dare Amiri Vali Yard\u0131mc\u0131s\u0131 Suat Seyito\u011flu, Polonya Enter Havayollar\u0131&#8217;na ait \u0130srailli 180 yolcunun bulundu\u011fu u\u00e7a\u011f\u0131n, teknik ar\u0131za nedeniyle Antalya Havaliman\u0131&#8217;na ini\u015f yapt\u0131\u011f\u0131n\u0131 a\u00e7\u0131klad\u0131.\u00a0 \u200bHaberin Al\u0131nt\u0131land\u0131\u011f\u0131 Kaynak: www.antalyakorfez.com","og_url":"https:\/\/denizcankizil.tr\/ru\/haberler\/gundem\/antalya-havalimaninda-hareketli-dakikalar-polonya-ucagi-zorunlu-inis-yapti\/","og_site_name":"Av. Deniz Can K\u0131z\u0131l","article_published_time":"2025-03-31T11:41:19+00:00","author":"Antalya K\u00f6rfez","twitter_card":"summary_large_image","twitter_misc":{"\u041d\u0430\u043f\u0438\u0441\u0430\u043d\u043e \u0430\u0432\u0442\u043e\u0440\u043e\u043c":"Antalya K\u00f6rfez","\u041f\u0440\u0438\u043c\u0435\u0440\u043d\u043e\u0435 \u0432\u0440\u0435\u043c\u044f \u0434\u043b\u044f \u0447\u0442\u0435\u043d\u0438\u044f":"1 \u043c\u0438\u043d\u0443\u0442\u0430"},"schema":{"@context":"https:\/\/schema.org","@graph":[{"@type":"Article","@id":"https:\/\/denizcankizil.tr\/ru\/haberler\/gundem\/antalya-havalimaninda-hareketli-dakikalar-polonya-ucagi-zorunlu-inis-yapti\/#article","isPartOf":{"@id":"https:\/\/denizcankizil.tr\/ru\/haberler\/gundem\/antalya-havalimaninda-hareketli-dakikalar-polonya-ucagi-zorunlu-inis-yapti\/"},"author":{"name":"Antalya K\u00f6rfez","@id":"https:\/\/denizcankizil.tr\/de\/#\/schema\/person\/e1eb71bb4dd684d46563f0af307e1234"},"headline":"Antalya Havaliman\u0131&#8217;nda hareketli dakikalar: \u00a0Polonya u\u00e7a\u011f\u0131 zorunlu ini\u015f yapt\u0131!","datePublished":"2025-03-31T11:41:19+00:00","mainEntityOfPage":{"@id":"https:\/\/denizcankizil.tr\/ru\/haberler\/gundem\/antalya-havalimaninda-hareketli-dakikalar-polonya-ucagi-zorunlu-inis-yapti\/"},"wordCount":166,"publisher":{"@id":"https:\/\/denizcankizil.tr\/de\/#organization"},"articleSection":["G\u00fcndem"],"inLanguage":"ru-RU"},{"@type":"WebPage","@id":"https:\/\/denizcankizil.tr\/ru\/haberler\/gundem\/antalya-havalimaninda-hareketli-dakikalar-polonya-ucagi-zorunlu-inis-yapti\/","url":"https:\/\/denizcankizil.tr\/ru\/haberler\/gundem\/antalya-havalimaninda-hareketli-dakikalar-polonya-ucagi-zorunlu-inis-yapti\/","name":"Antalya Havaliman\u0131'nda hareketli dakikalar: \u00a0Polonya u\u00e7a\u011f\u0131 zorunlu ini\u015f yapt\u0131! - Av. Deniz Can K\u0131z\u0131l","isPartOf":{"@id":"https:\/\/denizcankizil.tr\/de\/#website"},"datePublished":"2025-03-31T11:41:19+00:00","breadcrumb":{"@id":"https:\/\/denizcankizil.tr\/ru\/haberler\/gundem\/antalya-havalimaninda-hareketli-dakikalar-polonya-ucagi-zorunlu-inis-yapti\/#breadcrumb"},"inLanguage":"ru-RU","potentialAction":[{"@type":"ReadAction","target":["https:\/\/denizcankizil.tr\/ru\/haberler\/gundem\/antalya-havalimaninda-hareketli-dakikalar-polonya-ucagi-zorunlu-inis-yapti\/"]}]},{"@type":"BreadcrumbList","@id":"https:\/\/denizcankizil.tr\/ru\/haberler\/gundem\/antalya-havalimaninda-hareketli-dakikalar-polonya-ucagi-zorunlu-inis-yapti\/#breadcrumb","itemListElement":[{"@type":"ListItem","position":1,"name":"Home","item":"https:\/\/denizcankizil.tr\/de\/"},{"@type":"ListItem","position":2,"name":"Antalya Havaliman\u0131&#8217;nda hareketli dakikalar: \u00a0Polonya u\u00e7a\u011f\u0131 zorunlu ini\u015f yapt\u0131!"}]},{"@type":"WebSite","@id":"https:\/\/denizcankizil.tr\/de\/#website","url":"https:\/\/denizcankizil.tr\/de\/","name":"Av. Deniz Can K\u0131z\u0131l","description":"Avukat Deniz Can K\u0131z\u0131l Antalya Barosu","publisher":{"@id":"https:\/\/denizcankizil.tr\/de\/#organization"},"potentialAction":[{"@type":"SearchAction","target":{"@type":"EntryPoint","urlTemplate":"https:\/\/denizcankizil.tr\/de\/?s={search_term_string}"},"query-input":{"@type":"PropertyValueSpecification","valueRequired":true,"valueName":"search_term_string"}}],"inLanguage":"ru-RU"},{"@type":"Organization","@id":"https:\/\/denizcankizil.tr\/de\/#organization","name":"Av. Deniz Can K\u0131z\u0131l","url":"https:\/\/denizcankizil.tr\/de\/","logo":{"@type":"ImageObject","inLanguage":"ru-RU","@id":"https:\/\/denizcankizil.tr\/de\/#\/schema\/logo\/image\/","url":"https:\/\/denizcankizil.tr\/wp-content\/uploads\/2024\/10\/siyah-logo-svg.svg","contentUrl":"https:\/\/denizcankizil.tr\/wp-content\/uploads\/2024\/10\/siyah-logo-svg.svg","width":1080,"height":1080,"caption":"Av. Deniz Can K\u0131z\u0131l"},"image":{"@id":"https:\/\/denizcankizil.tr\/de\/#\/schema\/logo\/image\/"}},{"@type":"Person","@id":"https:\/\/denizcankizil.tr\/de\/#\/schema\/person\/e1eb71bb4dd684d46563f0af307e1234","name":"Antalya K\u00f6rfez","image":{"@type":"ImageObject","inLanguage":"ru-RU","@id":"https:\/\/denizcankizil.tr\/de\/#\/schema\/person\/image\/","url":"https:\/\/secure.gravatar.com\/avatar\/42b01982558a48a0b501fdcab6a408d3717ea5919095ee2e67b0e521799c5905?s=96&d=mm&r=g","contentUrl":"https:\/\/secure.gravatar.com\/avatar\/42b01982558a48a0b501fdcab6a408d3717ea5919095ee2e67b0e521799c5905?s=96&d=mm&r=g","caption":"Antalya K\u00f6rfez"},"sameAs":["http:\/\/www.antalyakorfez.com"],"url":"https:\/\/www.antalyakorfez.com\/antalya-havalimaninda-hareketli-dakikalar-polonya-ucagi-zorunlu-inis-yapti"}]}},"_links":{"self":[{"href":"https:\/\/denizcankizil.tr\/ru\/wp-json\/wp\/v2\/posts\/41237","targetHints":{"allow":["GET"]}}],"collection":[{"href":"https:\/\/denizcankizil.tr\/ru\/wp-json\/wp\/v2\/posts"}],"about":[{"href":"https:\/\/denizcankizil.tr\/ru\/wp-json\/wp\/v2\/types\/post"}],"author":[{"embeddable":true,"href":"https:\/\/denizcankizil.tr\/ru\/wp-json\/wp\/v2\/users\/5"}],"replies":[{"embeddable":true,"href":"https:\/\/denizcankizil.tr\/ru\/wp-json\/wp\/v2\/comments?post=41237"}],"version-history":[{"count":0,"href":"https:\/\/denizcankizil.tr\/ru\/wp-json\/wp\/v2\/posts\/41237\/revisions"}],"wp:attachment":[{"href":"https:\/\/denizcankizil.tr\/ru\/wp-json\/wp\/v2\/media?parent=41237"}],"wp:term":[{"taxonomy":"category","embeddable":true,"href":"https:\/\/denizcankizil.tr\/ru\/wp-json\/wp\/v2\/categories?post=41237"},{"taxonomy":"post_tag","embeddable":true,"href":"https:\/\/denizcankizil.tr\/ru\/wp-json\/wp\/v2\/tags?post=41237"}],"curies":[{"name":"wp","href":"https:\/\/api.w.org\/{rel}","templated":true}]}}