{"id":41075,"date":"2025-03-31T09:41:52","date_gmt":"2025-03-31T06:41:52","guid":{"rendered":"https:\/\/denizcankizil.tr\/uncategorized-tr\/bayramin-ikinci-gunune-iliskin-meteorolojik-rapor\/"},"modified":"2025-03-31T09:41:52","modified_gmt":"2025-03-31T06:41:52","slug":"bayramin-ikinci-gunune-iliskin-meteorolojik-rapor","status":"publish","type":"post","link":"https:\/\/denizcankizil.tr\/ru\/haberler\/gundem\/bayramin-ikinci-gunune-iliskin-meteorolojik-rapor\/","title":{"rendered":"Bayram\u0131n ikinci g\u00fcn\u00fcne ili\u015fkin meteorolojik rapor"},"content":{"rendered":"<p>Bayram\u0131n ikinci g\u00fcn\u00fcnde bug\u00fcn yurt genelinde ya\u011f\u0131\u015fl\u0131 hava \u00f6zellikle \u00f6\u011fle saatlerinden sonra t\u00fcm yurdu etkisi alt\u0131na alacak. Ege, Marmara, Karadeniz, \u0130\u00e7 Anadolu ve Do\u011fu Anadolu genelinde sa\u011fanak ve g\u00f6k g\u00fcr\u00fclt\u00fcl\u00fc sa\u011fanak ya\u011f\u0131\u015flar g\u00f6r\u00fclecek. Orta ve Do\u011fu Karadeniz\u2019de ya\u011f\u0131\u015flar\u0131n yer yer kuvvetli olabilece\u011fi g\u00f6r\u00fcl\u00fcyor.BURSA (\u0130GFA) &#8211; Meteoroloji Genel M\u00fcd\u00fcrl\u00fc\u011f\u00fc, Mart ay\u0131n\u0131n son g\u00fcn\u00fc, Ramazan Bayram\u0131&#8217;n\u0131n ikinci g\u00fcn\u00fc olan 31 Mart Pazartesi g\u00fcn\u00fcne ili\u015fkin g\u00fcnl\u00fck hava tahmin raporunu yay\u0131mlad\u0131.\u00a0<br \/>\nYap\u0131lan tahminlere g\u00f6re\u00a0 T\u00fcrkiye genelinin par\u00e7al\u0131 ve \u00e7ok bulutlu, Marmara, Ege, Akdeniz (Mersin hari\u00e7), \u0130\u00e7 Anadolu&#8217;nun kuzeybat\u0131s\u0131, Karadeniz, Do\u011fu Anadolu, G\u00fcneydo\u011fu Anadolu&#8217;nun do\u011fusu ile Sivas \u00e7evrelerinin aral\u0131kl\u0131 sa\u011fanak ve yer yer g\u00f6k g\u00fcr\u00fclt\u00fcl\u00fc sa\u011fanak ya\u011f\u0131\u015fl\u0131 ge\u00e7ece\u011fi tahmin ediliyor.<\/p>\n<p>Ya\u011f\u0131\u015flar\u0131n, Hakk\u00e2ri \u00e7evrelerinde yerel kuvvetli olmas\u0131 bekleniyor.<br \/>\nMevsim normalleri civar\u0131nda seyredece\u011fi tahmin edilen hava s\u0131cakl\u0131klar\u0131n\u0131n genel olarak d\u00fc\u015fece\u011fi, serin ve ya\u011f\u0131\u015fl\u0131 bir havan\u0131n hakim olmas\u0131 \u00f6ng\u00f6r\u00fcl\u00fcyor.<\/p>\n<p>Genellikle r\u00fczgar\u0131n g\u00fcneyli y\u00f6nlerden hafif, ara s\u0131ra orta kuvvette, G\u00fcney ve \u0130\u00e7 Ege, G\u00f6ller Y\u00f6resi, \u0130\u00e7 Anadolu\u2019nun g\u00fcneyinde kuvvetli (30-60 km\/saat) esmesi beklenirken, Hakk\u00e2ri \u00e7evreleri i\u00e7in yerel kuvvetli ya\u011f\u0131\u015f ile G\u00fcney ve \u0130\u00e7 Ege, G\u00f6ller Y\u00f6resi, \u0130\u00e7 Anadolu\u2019nun g\u00fcneyinde kuvvetli (30-70 km\/saat) esmesi beklendi\u011finden ya\u015fanabilecek olumsuzluklara kar\u015f\u0131 vatanda\u015flar\u0131n dikkatli ve tedbirli olmas\u0131 istendi.<\/p>\n<p>\u200bBayram\u0131n ikinci g\u00fcn\u00fcnde bug\u00fcn yurt genelinde ya\u011f\u0131\u015fl\u0131 hava \u00f6zellikle \u00f6\u011fle saatlerinden sonra t\u00fcm yurdu etkisi alt\u0131na alacak. Ege, Marmara, Karadeniz, \u0130\u00e7 Anadolu ve Do\u011fu Anadolu genelinde sa\u011fanak ve g\u00f6k g\u00fcr\u00fclt\u00fcl\u00fc sa\u011fanak ya\u011f\u0131\u015flar g\u00f6r\u00fclecek. Orta ve Do\u011fu Karadeniz\u2019de ya\u011f\u0131\u015flar\u0131n yer yer kuvvetli olabilece\u011fi g\u00f6r\u00fcl\u00fcyor.BURSA (\u0130GFA) &#8211; Meteoroloji Genel M\u00fcd\u00fcrl\u00fc\u011f\u00fc, Mart ay\u0131n\u0131n son g\u00fcn\u00fc, Ramazan Bayram\u0131&#8217;n\u0131n ikinci g\u00fcn\u00fc olan 31 Mart Pazartesi g\u00fcn\u00fcne ili\u015fkin g\u00fcnl\u00fck hava tahmin raporunu yay\u0131mlad\u0131.\u00a0<br \/>\nYap\u0131lan tahminlere g\u00f6re\u00a0 T\u00fcrkiye genelinin par\u00e7al\u0131 ve \u00e7ok bulutlu, Marmara, Ege, Akdeniz (Mersin hari\u00e7), \u0130\u00e7 Anadolu&#8217;nun kuzeybat\u0131s\u0131, Karadeniz, Do\u011fu Anadolu, G\u00fcneydo\u011fu Anadolu&#8217;nun do\u011fusu ile Sivas \u00e7evrelerinin aral\u0131kl\u0131 sa\u011fanak ve yer yer g\u00f6k g\u00fcr\u00fclt\u00fcl\u00fc sa\u011fanak ya\u011f\u0131\u015fl\u0131 ge\u00e7ece\u011fi tahmin ediliyor.<\/p>\n<p>Ya\u011f\u0131\u015flar\u0131n, Hakk\u00e2ri \u00e7evrelerinde yerel kuvvetli olmas\u0131 bekleniyor.<br \/>\nMevsim normalleri civar\u0131nda seyredece\u011fi tahmin edilen hava s\u0131cakl\u0131klar\u0131n\u0131n genel olarak d\u00fc\u015fece\u011fi, serin ve ya\u011f\u0131\u015fl\u0131 bir havan\u0131n hakim olmas\u0131 \u00f6ng\u00f6r\u00fcl\u00fcyor.<\/p>\n<p>Genellikle r\u00fczgar\u0131n g\u00fcneyli y\u00f6nlerden hafif, ara s\u0131ra orta kuvvette, G\u00fcney ve \u0130\u00e7 Ege, G\u00f6ller Y\u00f6resi, \u0130\u00e7 Anadolu\u2019nun g\u00fcneyinde kuvvetli (30-60 km\/saat) esmesi beklenirken, Hakk\u00e2ri \u00e7evreleri i\u00e7in yerel kuvvetli ya\u011f\u0131\u015f ile G\u00fcney ve \u0130\u00e7 Ege, G\u00f6ller Y\u00f6resi, \u0130\u00e7 Anadolu\u2019nun g\u00fcneyinde kuvvetli (30-70 km\/saat) esmesi beklendi\u011finden ya\u015fanabilecek olumsuzluklara kar\u015f\u0131 vatanda\u015flar\u0131n dikkatli ve tedbirli olmas\u0131 istendi.\u00a0<\/p>\n<p>\u200bHaberin Al\u0131nt\u0131land\u0131\u011f\u0131 Kaynak: www.iskenderun.org<\/p>","protected":false},"excerpt":{"rendered":"<p>Bayram\u0131n ikinci g\u00fcn\u00fcnde bug\u00fcn yurt genelinde ya\u011f\u0131\u015fl\u0131 hava \u00f6zellikle \u00f6\u011fle saatlerinden sonra t\u00fcm yurdu etkisi alt\u0131na alacak. Ege, Marmara, Karadeniz, \u0130\u00e7 Anadolu ve Do\u011fu Anadolu genelinde sa\u011fanak ve g\u00f6k g\u00fcr\u00fclt\u00fcl\u00fc sa\u011fanak ya\u011f\u0131\u015flar g\u00f6r\u00fclecek. Orta ve Do\u011fu Karadeniz\u2019de ya\u011f\u0131\u015flar\u0131n yer yer kuvvetli olabilece\u011fi g\u00f6r\u00fcl\u00fcyor.BURSA (\u0130GFA) &#8211; Meteoroloji Genel M\u00fcd\u00fcrl\u00fc\u011f\u00fc, Mart ay\u0131n\u0131n son g\u00fcn\u00fc, Ramazan Bayram\u0131&#8217;n\u0131n ikinci g\u00fcn\u00fc olan 31 Mart Pazartesi g\u00fcn\u00fcne ili\u015fkin g\u00fcnl\u00fck hava tahmin raporunu yay\u0131mlad\u0131.\u00a0 Yap\u0131lan tahminlere g\u00f6re\u00a0 T\u00fcrkiye genelinin par\u00e7al\u0131 ve \u00e7ok bulutlu, Marmara, Ege, Akdeniz (Mersin hari\u00e7), \u0130\u00e7 Anadolu&#8217;nun kuzeybat\u0131s\u0131, Karadeniz, Do\u011fu Anadolu, G\u00fcneydo\u011fu Anadolu&#8217;nun do\u011fusu ile Sivas \u00e7evrelerinin aral\u0131kl\u0131 sa\u011fanak ve yer yer g\u00f6k g\u00fcr\u00fclt\u00fcl\u00fc sa\u011fanak ya\u011f\u0131\u015fl\u0131 ge\u00e7ece\u011fi tahmin ediliyor. Ya\u011f\u0131\u015flar\u0131n, Hakk\u00e2ri \u00e7evrelerinde yerel kuvvetli olmas\u0131 bekleniyor. Mevsim normalleri civar\u0131nda seyredece\u011fi tahmin edilen hava s\u0131cakl\u0131klar\u0131n\u0131n genel olarak d\u00fc\u015fece\u011fi, serin ve ya\u011f\u0131\u015fl\u0131 bir havan\u0131n hakim olmas\u0131 \u00f6ng\u00f6r\u00fcl\u00fcyor. Genellikle r\u00fczgar\u0131n g\u00fcneyli y\u00f6nlerden hafif, ara s\u0131ra orta kuvvette, G\u00fcney ve \u0130\u00e7 Ege, G\u00f6ller Y\u00f6resi, \u0130\u00e7 Anadolu\u2019nun g\u00fcneyinde kuvvetli (30-60 km\/saat) esmesi beklenirken, Hakk\u00e2ri \u00e7evreleri i\u00e7in yerel kuvvetli ya\u011f\u0131\u015f ile G\u00fcney ve \u0130\u00e7 Ege, G\u00f6ller Y\u00f6resi, \u0130\u00e7 Anadolu\u2019nun g\u00fcneyinde kuvvetli (30-70 km\/saat) esmesi beklendi\u011finden ya\u015fanabilecek olumsuzluklara kar\u015f\u0131 vatanda\u015flar\u0131n dikkatli ve tedbirli olmas\u0131 istendi. \u200bBayram\u0131n ikinci g\u00fcn\u00fcnde bug\u00fcn yurt genelinde ya\u011f\u0131\u015fl\u0131 hava \u00f6zellikle \u00f6\u011fle saatlerinden sonra t\u00fcm yurdu etkisi alt\u0131na &hellip;<\/p>","protected":false},"author":1,"featured_media":0,"comment_status":"","ping_status":"open","sticky":false,"template":"","format":"standard","meta":{"_acf_changed":false,"footnotes":""},"categories":[24],"tags":[],"class_list":["post-41075","post","type-post","status-publish","format-standard","has-post-thumbnail","hentry","category-gundem"],"acf":[],"yoast_head":"<!-- This site is optimized with the Yoast SEO Premium plugin v26.6 (Yoast SEO v27.1.1) - https:\/\/yoast.com\/product\/yoast-seo-premium-wordpress\/ -->\n<title>Bayram\u0131n ikinci g\u00fcn\u00fcne ili\u015fkin meteorolojik rapor - Av. Deniz Can K\u0131z\u0131l<\/title>\n<meta name=\"robots\" content=\"index, follow, max-snippet:-1, max-image-preview:large, max-video-preview:-1\" \/>\n<link rel=\"canonical\" href=\"https:\/\/denizcankizil.tr\/ru\/haberler\/gundem\/bayramin-ikinci-gunune-iliskin-meteorolojik-rapor\/\" \/>\n<meta property=\"og:locale\" content=\"ru_RU\" \/>\n<meta property=\"og:type\" content=\"article\" \/>\n<meta property=\"og:title\" content=\"Bayram\u0131n ikinci g\u00fcn\u00fcne ili\u015fkin meteorolojik rapor\" \/>\n<meta property=\"og:description\" content=\"Bayram\u0131n ikinci g\u00fcn\u00fcnde bug\u00fcn yurt genelinde ya\u011f\u0131\u015fl\u0131 hava \u00f6zellikle \u00f6\u011fle saatlerinden sonra t\u00fcm yurdu etkisi alt\u0131na alacak. Ege, Marmara, Karadeniz, \u0130\u00e7 Anadolu ve Do\u011fu Anadolu genelinde sa\u011fanak ve g\u00f6k g\u00fcr\u00fclt\u00fcl\u00fc sa\u011fanak ya\u011f\u0131\u015flar g\u00f6r\u00fclecek. Orta ve Do\u011fu Karadeniz\u2019de ya\u011f\u0131\u015flar\u0131n yer yer kuvvetli olabilece\u011fi g\u00f6r\u00fcl\u00fcyor.BURSA (\u0130GFA) &#8211; Meteoroloji Genel M\u00fcd\u00fcrl\u00fc\u011f\u00fc, Mart ay\u0131n\u0131n son g\u00fcn\u00fc, Ramazan Bayram\u0131&#8217;n\u0131n ikinci g\u00fcn\u00fc olan 31 Mart Pazartesi g\u00fcn\u00fcne ili\u015fkin g\u00fcnl\u00fck hava tahmin raporunu yay\u0131mlad\u0131.\u00a0 Yap\u0131lan tahminlere g\u00f6re\u00a0 T\u00fcrkiye genelinin par\u00e7al\u0131 ve \u00e7ok bulutlu, Marmara, Ege, Akdeniz (Mersin hari\u00e7), \u0130\u00e7 Anadolu&#8217;nun kuzeybat\u0131s\u0131, Karadeniz, Do\u011fu Anadolu, G\u00fcneydo\u011fu Anadolu&#8217;nun do\u011fusu ile Sivas \u00e7evrelerinin aral\u0131kl\u0131 sa\u011fanak ve yer yer g\u00f6k g\u00fcr\u00fclt\u00fcl\u00fc sa\u011fanak ya\u011f\u0131\u015fl\u0131 ge\u00e7ece\u011fi tahmin ediliyor. Ya\u011f\u0131\u015flar\u0131n, Hakk\u00e2ri \u00e7evrelerinde yerel kuvvetli olmas\u0131 bekleniyor. Mevsim normalleri civar\u0131nda seyredece\u011fi tahmin edilen hava s\u0131cakl\u0131klar\u0131n\u0131n genel olarak d\u00fc\u015fece\u011fi, serin ve ya\u011f\u0131\u015fl\u0131 bir havan\u0131n hakim olmas\u0131 \u00f6ng\u00f6r\u00fcl\u00fcyor. Genellikle r\u00fczgar\u0131n g\u00fcneyli y\u00f6nlerden hafif, ara s\u0131ra orta kuvvette, G\u00fcney ve \u0130\u00e7 Ege, G\u00f6ller Y\u00f6resi, \u0130\u00e7 Anadolu\u2019nun g\u00fcneyinde kuvvetli (30-60 km\/saat) esmesi beklenirken, Hakk\u00e2ri \u00e7evreleri i\u00e7in yerel kuvvetli ya\u011f\u0131\u015f ile G\u00fcney ve \u0130\u00e7 Ege, G\u00f6ller Y\u00f6resi, \u0130\u00e7 Anadolu\u2019nun g\u00fcneyinde kuvvetli (30-70 km\/saat) esmesi beklendi\u011finden ya\u015fanabilecek olumsuzluklara kar\u015f\u0131 vatanda\u015flar\u0131n dikkatli ve tedbirli olmas\u0131 istendi. \u200bBayram\u0131n ikinci g\u00fcn\u00fcnde bug\u00fcn yurt genelinde ya\u011f\u0131\u015fl\u0131 hava \u00f6zellikle \u00f6\u011fle saatlerinden sonra t\u00fcm yurdu etkisi alt\u0131na &hellip;\" \/>\n<meta property=\"og:url\" content=\"https:\/\/denizcankizil.tr\/ru\/haberler\/gundem\/bayramin-ikinci-gunune-iliskin-meteorolojik-rapor\/\" \/>\n<meta property=\"og:site_name\" content=\"Av. Deniz Can K\u0131z\u0131l\" \/>\n<meta property=\"article:published_time\" content=\"2025-03-31T06:41:52+00:00\" \/>\n<meta name=\"author\" content=\"admin\" \/>\n<meta name=\"twitter:card\" content=\"summary_large_image\" \/>\n<meta name=\"twitter:label1\" content=\"\u041d\u0430\u043f\u0438\u0441\u0430\u043d\u043e \u0430\u0432\u0442\u043e\u0440\u043e\u043c\" \/>\n\t<meta name=\"twitter:data1\" content=\"admin\" \/>\n\t<meta name=\"twitter:label2\" content=\"\u041f\u0440\u0438\u043c\u0435\u0440\u043d\u043e\u0435 \u0432\u0440\u0435\u043c\u044f \u0434\u043b\u044f \u0447\u0442\u0435\u043d\u0438\u044f\" \/>\n\t<meta name=\"twitter:data2\" content=\"3 \u043c\u0438\u043d\u0443\u0442\u044b\" \/>\n<script type=\"application\/ld+json\" class=\"yoast-schema-graph\">{\"@context\":\"https:\/\/schema.org\",\"@graph\":[{\"@type\":\"Article\",\"@id\":\"https:\/\/denizcankizil.tr\/ru\/haberler\/gundem\/bayramin-ikinci-gunune-iliskin-meteorolojik-rapor\/#article\",\"isPartOf\":{\"@id\":\"https:\/\/denizcankizil.tr\/ru\/haberler\/gundem\/bayramin-ikinci-gunune-iliskin-meteorolojik-rapor\/\"},\"author\":{\"name\":\"admin\",\"@id\":\"https:\/\/denizcankizil.tr\/#\/schema\/person\/be3c05fe6a12686905512445d8185489\"},\"headline\":\"Bayram\u0131n ikinci g\u00fcn\u00fcne ili\u015fkin meteorolojik rapor\",\"datePublished\":\"2025-03-31T06:41:52+00:00\",\"mainEntityOfPage\":{\"@id\":\"https:\/\/denizcankizil.tr\/ru\/haberler\/gundem\/bayramin-ikinci-gunune-iliskin-meteorolojik-rapor\/\"},\"wordCount\":572,\"publisher\":{\"@id\":\"https:\/\/denizcankizil.tr\/#organization\"},\"articleSection\":[\"G\u00fcndem\"],\"inLanguage\":\"ru-RU\"},{\"@type\":\"WebPage\",\"@id\":\"https:\/\/denizcankizil.tr\/ru\/haberler\/gundem\/bayramin-ikinci-gunune-iliskin-meteorolojik-rapor\/\",\"url\":\"https:\/\/denizcankizil.tr\/ru\/haberler\/gundem\/bayramin-ikinci-gunune-iliskin-meteorolojik-rapor\/\",\"name\":\"Bayram\u0131n ikinci g\u00fcn\u00fcne ili\u015fkin meteorolojik rapor - Av. Deniz Can K\u0131z\u0131l\",\"isPartOf\":{\"@id\":\"https:\/\/denizcankizil.tr\/#website\"},\"datePublished\":\"2025-03-31T06:41:52+00:00\",\"breadcrumb\":{\"@id\":\"https:\/\/denizcankizil.tr\/ru\/haberler\/gundem\/bayramin-ikinci-gunune-iliskin-meteorolojik-rapor\/#breadcrumb\"},\"inLanguage\":\"ru-RU\",\"potentialAction\":[{\"@type\":\"ReadAction\",\"target\":[\"https:\/\/denizcankizil.tr\/ru\/haberler\/gundem\/bayramin-ikinci-gunune-iliskin-meteorolojik-rapor\/\"]}]},{\"@type\":\"BreadcrumbList\",\"@id\":\"https:\/\/denizcankizil.tr\/ru\/haberler\/gundem\/bayramin-ikinci-gunune-iliskin-meteorolojik-rapor\/#breadcrumb\",\"itemListElement\":[{\"@type\":\"ListItem\",\"position\":1,\"name\":\"Home\",\"item\":\"https:\/\/denizcankizil.tr\/uk\/\"},{\"@type\":\"ListItem\",\"position\":2,\"name\":\"Bayram\u0131n ikinci g\u00fcn\u00fcne ili\u015fkin meteorolojik rapor\"}]},{\"@type\":\"WebSite\",\"@id\":\"https:\/\/denizcankizil.tr\/#website\",\"url\":\"https:\/\/denizcankizil.tr\/\",\"name\":\"Av. Deniz Can K\u0131z\u0131l\",\"description\":\"Avukat Deniz Can K\u0131z\u0131l Antalya Barosu\",\"publisher\":{\"@id\":\"https:\/\/denizcankizil.tr\/#organization\"},\"potentialAction\":[{\"@type\":\"SearchAction\",\"target\":{\"@type\":\"EntryPoint\",\"urlTemplate\":\"https:\/\/denizcankizil.tr\/?s={search_term_string}\"},\"query-input\":{\"@type\":\"PropertyValueSpecification\",\"valueRequired\":true,\"valueName\":\"search_term_string\"}}],\"inLanguage\":\"ru-RU\"},{\"@type\":\"Organization\",\"@id\":\"https:\/\/denizcankizil.tr\/#organization\",\"name\":\"Av. Deniz Can K\u0131z\u0131l\",\"url\":\"https:\/\/denizcankizil.tr\/\",\"logo\":{\"@type\":\"ImageObject\",\"inLanguage\":\"ru-RU\",\"@id\":\"https:\/\/denizcankizil.tr\/#\/schema\/logo\/image\/\",\"url\":\"https:\/\/denizcankizil.tr\/wp-content\/uploads\/2024\/10\/siyah-logo-svg.svg\",\"contentUrl\":\"https:\/\/denizcankizil.tr\/wp-content\/uploads\/2024\/10\/siyah-logo-svg.svg\",\"width\":1080,\"height\":1080,\"caption\":\"Av. Deniz Can K\u0131z\u0131l\"},\"image\":{\"@id\":\"https:\/\/denizcankizil.tr\/#\/schema\/logo\/image\/\"}},{\"@type\":\"Person\",\"@id\":\"https:\/\/denizcankizil.tr\/#\/schema\/person\/be3c05fe6a12686905512445d8185489\",\"name\":\"admin\",\"image\":{\"@type\":\"ImageObject\",\"inLanguage\":\"ru-RU\",\"@id\":\"https:\/\/denizcankizil.tr\/#\/schema\/person\/image\/\",\"url\":\"https:\/\/secure.gravatar.com\/avatar\/c1fce94c830dc79107e174f890d7210541c4a63e8e5d816341794a2151c9d58c?s=96&d=mm&r=g\",\"contentUrl\":\"https:\/\/secure.gravatar.com\/avatar\/c1fce94c830dc79107e174f890d7210541c4a63e8e5d816341794a2151c9d58c?s=96&d=mm&r=g\",\"caption\":\"admin\"},\"sameAs\":[\"http:\/\/denizcankizil.tr\"],\"url\":\"https:\/\/www.iskenderun.org\/bayramin-ikinci-gunune-iliskin-meteorolojik-rapor\"}]}<\/script>\n<!-- \/ Yoast SEO Premium plugin. -->","yoast_head_json":{"title":"Bayram\u0131n ikinci g\u00fcn\u00fcne ili\u015fkin meteorolojik rapor - Av. Deniz Can K\u0131z\u0131l","robots":{"index":"index","follow":"follow","max-snippet":"max-snippet:-1","max-image-preview":"max-image-preview:large","max-video-preview":"max-video-preview:-1"},"canonical":"https:\/\/denizcankizil.tr\/ru\/haberler\/gundem\/bayramin-ikinci-gunune-iliskin-meteorolojik-rapor\/","og_locale":"ru_RU","og_type":"article","og_title":"Bayram\u0131n ikinci g\u00fcn\u00fcne ili\u015fkin meteorolojik rapor","og_description":"Bayram\u0131n ikinci g\u00fcn\u00fcnde bug\u00fcn yurt genelinde ya\u011f\u0131\u015fl\u0131 hava \u00f6zellikle \u00f6\u011fle saatlerinden sonra t\u00fcm yurdu etkisi alt\u0131na alacak. Ege, Marmara, Karadeniz, \u0130\u00e7 Anadolu ve Do\u011fu Anadolu genelinde sa\u011fanak ve g\u00f6k g\u00fcr\u00fclt\u00fcl\u00fc sa\u011fanak ya\u011f\u0131\u015flar g\u00f6r\u00fclecek. Orta ve Do\u011fu Karadeniz\u2019de ya\u011f\u0131\u015flar\u0131n yer yer kuvvetli olabilece\u011fi g\u00f6r\u00fcl\u00fcyor.BURSA (\u0130GFA) &#8211; Meteoroloji Genel M\u00fcd\u00fcrl\u00fc\u011f\u00fc, Mart ay\u0131n\u0131n son g\u00fcn\u00fc, Ramazan Bayram\u0131&#8217;n\u0131n ikinci g\u00fcn\u00fc olan 31 Mart Pazartesi g\u00fcn\u00fcne ili\u015fkin g\u00fcnl\u00fck hava tahmin raporunu yay\u0131mlad\u0131.\u00a0 Yap\u0131lan tahminlere g\u00f6re\u00a0 T\u00fcrkiye genelinin par\u00e7al\u0131 ve \u00e7ok bulutlu, Marmara, Ege, Akdeniz (Mersin hari\u00e7), \u0130\u00e7 Anadolu&#8217;nun kuzeybat\u0131s\u0131, Karadeniz, Do\u011fu Anadolu, G\u00fcneydo\u011fu Anadolu&#8217;nun do\u011fusu ile Sivas \u00e7evrelerinin aral\u0131kl\u0131 sa\u011fanak ve yer yer g\u00f6k g\u00fcr\u00fclt\u00fcl\u00fc sa\u011fanak ya\u011f\u0131\u015fl\u0131 ge\u00e7ece\u011fi tahmin ediliyor. Ya\u011f\u0131\u015flar\u0131n, Hakk\u00e2ri \u00e7evrelerinde yerel kuvvetli olmas\u0131 bekleniyor. Mevsim normalleri civar\u0131nda seyredece\u011fi tahmin edilen hava s\u0131cakl\u0131klar\u0131n\u0131n genel olarak d\u00fc\u015fece\u011fi, serin ve ya\u011f\u0131\u015fl\u0131 bir havan\u0131n hakim olmas\u0131 \u00f6ng\u00f6r\u00fcl\u00fcyor. Genellikle r\u00fczgar\u0131n g\u00fcneyli y\u00f6nlerden hafif, ara s\u0131ra orta kuvvette, G\u00fcney ve \u0130\u00e7 Ege, G\u00f6ller Y\u00f6resi, \u0130\u00e7 Anadolu\u2019nun g\u00fcneyinde kuvvetli (30-60 km\/saat) esmesi beklenirken, Hakk\u00e2ri \u00e7evreleri i\u00e7in yerel kuvvetli ya\u011f\u0131\u015f ile G\u00fcney ve \u0130\u00e7 Ege, G\u00f6ller Y\u00f6resi, \u0130\u00e7 Anadolu\u2019nun g\u00fcneyinde kuvvetli (30-70 km\/saat) esmesi beklendi\u011finden ya\u015fanabilecek olumsuzluklara kar\u015f\u0131 vatanda\u015flar\u0131n dikkatli ve tedbirli olmas\u0131 istendi. \u200bBayram\u0131n ikinci g\u00fcn\u00fcnde bug\u00fcn yurt genelinde ya\u011f\u0131\u015fl\u0131 hava \u00f6zellikle \u00f6\u011fle saatlerinden sonra t\u00fcm yurdu etkisi alt\u0131na &hellip;","og_url":"https:\/\/denizcankizil.tr\/ru\/haberler\/gundem\/bayramin-ikinci-gunune-iliskin-meteorolojik-rapor\/","og_site_name":"Av. Deniz Can K\u0131z\u0131l","article_published_time":"2025-03-31T06:41:52+00:00","author":"admin","twitter_card":"summary_large_image","twitter_misc":{"\u041d\u0430\u043f\u0438\u0441\u0430\u043d\u043e \u0430\u0432\u0442\u043e\u0440\u043e\u043c":"admin","\u041f\u0440\u0438\u043c\u0435\u0440\u043d\u043e\u0435 \u0432\u0440\u0435\u043c\u044f \u0434\u043b\u044f \u0447\u0442\u0435\u043d\u0438\u044f":"3 \u043c\u0438\u043d\u0443\u0442\u044b"},"schema":{"@context":"https:\/\/schema.org","@graph":[{"@type":"Article","@id":"https:\/\/denizcankizil.tr\/ru\/haberler\/gundem\/bayramin-ikinci-gunune-iliskin-meteorolojik-rapor\/#article","isPartOf":{"@id":"https:\/\/denizcankizil.tr\/ru\/haberler\/gundem\/bayramin-ikinci-gunune-iliskin-meteorolojik-rapor\/"},"author":{"name":"admin","@id":"https:\/\/denizcankizil.tr\/#\/schema\/person\/be3c05fe6a12686905512445d8185489"},"headline":"Bayram\u0131n ikinci g\u00fcn\u00fcne ili\u015fkin meteorolojik rapor","datePublished":"2025-03-31T06:41:52+00:00","mainEntityOfPage":{"@id":"https:\/\/denizcankizil.tr\/ru\/haberler\/gundem\/bayramin-ikinci-gunune-iliskin-meteorolojik-rapor\/"},"wordCount":572,"publisher":{"@id":"https:\/\/denizcankizil.tr\/#organization"},"articleSection":["G\u00fcndem"],"inLanguage":"ru-RU"},{"@type":"WebPage","@id":"https:\/\/denizcankizil.tr\/ru\/haberler\/gundem\/bayramin-ikinci-gunune-iliskin-meteorolojik-rapor\/","url":"https:\/\/denizcankizil.tr\/ru\/haberler\/gundem\/bayramin-ikinci-gunune-iliskin-meteorolojik-rapor\/","name":"Bayram\u0131n ikinci g\u00fcn\u00fcne ili\u015fkin meteorolojik rapor - Av. Deniz Can K\u0131z\u0131l","isPartOf":{"@id":"https:\/\/denizcankizil.tr\/#website"},"datePublished":"2025-03-31T06:41:52+00:00","breadcrumb":{"@id":"https:\/\/denizcankizil.tr\/ru\/haberler\/gundem\/bayramin-ikinci-gunune-iliskin-meteorolojik-rapor\/#breadcrumb"},"inLanguage":"ru-RU","potentialAction":[{"@type":"ReadAction","target":["https:\/\/denizcankizil.tr\/ru\/haberler\/gundem\/bayramin-ikinci-gunune-iliskin-meteorolojik-rapor\/"]}]},{"@type":"BreadcrumbList","@id":"https:\/\/denizcankizil.tr\/ru\/haberler\/gundem\/bayramin-ikinci-gunune-iliskin-meteorolojik-rapor\/#breadcrumb","itemListElement":[{"@type":"ListItem","position":1,"name":"Home","item":"https:\/\/denizcankizil.tr\/uk\/"},{"@type":"ListItem","position":2,"name":"Bayram\u0131n ikinci g\u00fcn\u00fcne ili\u015fkin meteorolojik rapor"}]},{"@type":"WebSite","@id":"https:\/\/denizcankizil.tr\/#website","url":"https:\/\/denizcankizil.tr\/","name":"Av. Deniz Can K\u0131z\u0131l","description":"Avukat Deniz Can K\u0131z\u0131l Antalya Barosu","publisher":{"@id":"https:\/\/denizcankizil.tr\/#organization"},"potentialAction":[{"@type":"SearchAction","target":{"@type":"EntryPoint","urlTemplate":"https:\/\/denizcankizil.tr\/?s={search_term_string}"},"query-input":{"@type":"PropertyValueSpecification","valueRequired":true,"valueName":"search_term_string"}}],"inLanguage":"ru-RU"},{"@type":"Organization","@id":"https:\/\/denizcankizil.tr\/#organization","name":"Av. Deniz Can K\u0131z\u0131l","url":"https:\/\/denizcankizil.tr\/","logo":{"@type":"ImageObject","inLanguage":"ru-RU","@id":"https:\/\/denizcankizil.tr\/#\/schema\/logo\/image\/","url":"https:\/\/denizcankizil.tr\/wp-content\/uploads\/2024\/10\/siyah-logo-svg.svg","contentUrl":"https:\/\/denizcankizil.tr\/wp-content\/uploads\/2024\/10\/siyah-logo-svg.svg","width":1080,"height":1080,"caption":"Av. Deniz Can K\u0131z\u0131l"},"image":{"@id":"https:\/\/denizcankizil.tr\/#\/schema\/logo\/image\/"}},{"@type":"Person","@id":"https:\/\/denizcankizil.tr\/#\/schema\/person\/be3c05fe6a12686905512445d8185489","name":"\u0430\u0434\u043c\u0438\u043d","image":{"@type":"ImageObject","inLanguage":"ru-RU","@id":"https:\/\/denizcankizil.tr\/#\/schema\/person\/image\/","url":"https:\/\/secure.gravatar.com\/avatar\/c1fce94c830dc79107e174f890d7210541c4a63e8e5d816341794a2151c9d58c?s=96&d=mm&r=g","contentUrl":"https:\/\/secure.gravatar.com\/avatar\/c1fce94c830dc79107e174f890d7210541c4a63e8e5d816341794a2151c9d58c?s=96&d=mm&r=g","caption":"admin"},"sameAs":["http:\/\/denizcankizil.tr"],"url":"https:\/\/www.iskenderun.org\/bayramin-ikinci-gunune-iliskin-meteorolojik-rapor"}]}},"_links":{"self":[{"href":"https:\/\/denizcankizil.tr\/ru\/wp-json\/wp\/v2\/posts\/41075","targetHints":{"allow":["GET"]}}],"collection":[{"href":"https:\/\/denizcankizil.tr\/ru\/wp-json\/wp\/v2\/posts"}],"about":[{"href":"https:\/\/denizcankizil.tr\/ru\/wp-json\/wp\/v2\/types\/post"}],"author":[{"embeddable":true,"href":"https:\/\/denizcankizil.tr\/ru\/wp-json\/wp\/v2\/users\/1"}],"replies":[{"embeddable":true,"href":"https:\/\/denizcankizil.tr\/ru\/wp-json\/wp\/v2\/comments?post=41075"}],"version-history":[{"count":0,"href":"https:\/\/denizcankizil.tr\/ru\/wp-json\/wp\/v2\/posts\/41075\/revisions"}],"wp:attachment":[{"href":"https:\/\/denizcankizil.tr\/ru\/wp-json\/wp\/v2\/media?parent=41075"}],"wp:term":[{"taxonomy":"category","embeddable":true,"href":"https:\/\/denizcankizil.tr\/ru\/wp-json\/wp\/v2\/categories?post=41075"},{"taxonomy":"post_tag","embeddable":true,"href":"https:\/\/denizcankizil.tr\/ru\/wp-json\/wp\/v2\/tags?post=41075"}],"curies":[{"name":"wp","href":"https:\/\/api.w.org\/{rel}","templated":true}]}}