{"id":39135,"date":"2025-03-29T12:42:00","date_gmt":"2025-03-29T09:42:00","guid":{"rendered":"https:\/\/denizcankizil.tr\/uncategorized-tr\/cazibe-merkezlerini-arttiracagiz\/"},"modified":"2025-03-29T12:42:00","modified_gmt":"2025-03-29T09:42:00","slug":"cazibe-merkezlerini-arttiracagiz","status":"publish","type":"post","link":"https:\/\/denizcankizil.tr\/ru\/haberler\/gundem\/cazibe-merkezlerini-arttiracagiz\/","title":{"rendered":"Cazibe Merkezlerini Artt\u0131raca\u011f\u0131z"},"content":{"rendered":"<p>\u00c7evresini giri\u015f ve \u00e7\u0131k\u0131\u015flar\u0131na k\u00fc\u00e7\u00fck dokunu\u015flarla Ayakkab\u0131c\u0131lar \u00e7ar\u015f\u0131s\u0131n\u0131n cazibe noktalar\u0131ndan biri haline getirmeye \u00e7al\u0131\u015ft\u0131klar\u0131n\u0131 s\u00f6yleyen Belediye Ba\u015fkan\u0131 D\u00f6nmez \u00e7al\u0131\u015fmalar\u0131 yerinde inceleyerek bilgiler ald\u0131.<\/p>\n<p>D\u00f6nmez, kentimizin \u00f6nemli esnaf \u00e7ar\u015f\u0131lar\u0131ndan birisi olan ayakkab\u0131c\u0131lar \u00e7ar\u015f\u0131s\u0131nda devam eden renovasyon \u00e7al\u0131\u015fmalar\u0131n\u0131 yerinde inceledik diyerek,\u201d Yap\u0131lacak \u00e7al\u0131\u015fmalar\u0131n ard\u0131ndan yenilenen y\u00fcz\u00fcyle Ayakkab\u0131c\u0131lar \u00c7ar\u015f\u0131s\u0131 kentimizin cazibe yerlerinden birisi olacak.\u201ddedi.<\/p>\n<p>\u200b\u0130skenderun Belediye Ba\u015fkan\u0131 Mehmet D\u00f6nmez Ayakkab\u0131c\u0131lar \u00e7ar\u015f\u0131s\u0131n\u0131n kentin cazibe merkezi olaca\u011f\u0131n\u0131 s\u00f6yledi.\u00a0<\/p>\n<p>\u200bHaberin Al\u0131nt\u0131land\u0131\u011f\u0131 Kaynak: www.iskenderun.org<\/p>","protected":false},"excerpt":{"rendered":"<p>\u00c7evresini giri\u015f ve \u00e7\u0131k\u0131\u015flar\u0131na k\u00fc\u00e7\u00fck dokunu\u015flarla Ayakkab\u0131c\u0131lar \u00e7ar\u015f\u0131s\u0131n\u0131n cazibe noktalar\u0131ndan biri haline getirmeye \u00e7al\u0131\u015ft\u0131klar\u0131n\u0131 s\u00f6yleyen Belediye Ba\u015fkan\u0131 D\u00f6nmez \u00e7al\u0131\u015fmalar\u0131 yerinde inceleyerek bilgiler ald\u0131. D\u00f6nmez, kentimizin \u00f6nemli esnaf \u00e7ar\u015f\u0131lar\u0131ndan birisi olan ayakkab\u0131c\u0131lar \u00e7ar\u015f\u0131s\u0131nda devam eden renovasyon \u00e7al\u0131\u015fmalar\u0131n\u0131 yerinde inceledik diyerek,\u201d Yap\u0131lacak \u00e7al\u0131\u015fmalar\u0131n ard\u0131ndan yenilenen y\u00fcz\u00fcyle Ayakkab\u0131c\u0131lar \u00c7ar\u015f\u0131s\u0131 kentimizin cazibe yerlerinden birisi olacak.\u201ddedi. \u200b\u0130skenderun Belediye Ba\u015fkan\u0131 Mehmet D\u00f6nmez Ayakkab\u0131c\u0131lar \u00e7ar\u015f\u0131s\u0131n\u0131n kentin cazibe merkezi olaca\u011f\u0131n\u0131 s\u00f6yledi.\u00a0 \u200bHaberin Al\u0131nt\u0131land\u0131\u011f\u0131 Kaynak: www.iskenderun.org<\/p>","protected":false},"author":1,"featured_media":0,"comment_status":"","ping_status":"open","sticky":false,"template":"","format":"standard","meta":{"_acf_changed":false,"footnotes":""},"categories":[24],"tags":[],"class_list":["post-39135","post","type-post","status-publish","format-standard","has-post-thumbnail","hentry","category-gundem"],"acf":[],"yoast_head":"<!-- This site is optimized with the Yoast SEO Premium plugin v26.6 (Yoast SEO v27.1.1) - https:\/\/yoast.com\/product\/yoast-seo-premium-wordpress\/ -->\n<title>Cazibe Merkezlerini Artt\u0131raca\u011f\u0131z - Av. Deniz Can K\u0131z\u0131l<\/title>\n<meta name=\"robots\" content=\"index, follow, max-snippet:-1, max-image-preview:large, max-video-preview:-1\" \/>\n<link rel=\"canonical\" href=\"https:\/\/denizcankizil.tr\/ru\/haberler\/gundem\/cazibe-merkezlerini-arttiracagiz\/\" \/>\n<meta property=\"og:locale\" content=\"ru_RU\" \/>\n<meta property=\"og:type\" content=\"article\" \/>\n<meta property=\"og:title\" content=\"Cazibe Merkezlerini Artt\u0131raca\u011f\u0131z\" \/>\n<meta property=\"og:description\" content=\"\u00c7evresini giri\u015f ve \u00e7\u0131k\u0131\u015flar\u0131na k\u00fc\u00e7\u00fck dokunu\u015flarla Ayakkab\u0131c\u0131lar \u00e7ar\u015f\u0131s\u0131n\u0131n cazibe noktalar\u0131ndan biri haline getirmeye \u00e7al\u0131\u015ft\u0131klar\u0131n\u0131 s\u00f6yleyen Belediye Ba\u015fkan\u0131 D\u00f6nmez \u00e7al\u0131\u015fmalar\u0131 yerinde inceleyerek bilgiler ald\u0131. D\u00f6nmez, kentimizin \u00f6nemli esnaf \u00e7ar\u015f\u0131lar\u0131ndan birisi olan ayakkab\u0131c\u0131lar \u00e7ar\u015f\u0131s\u0131nda devam eden renovasyon \u00e7al\u0131\u015fmalar\u0131n\u0131 yerinde inceledik diyerek,\u201d Yap\u0131lacak \u00e7al\u0131\u015fmalar\u0131n ard\u0131ndan yenilenen y\u00fcz\u00fcyle Ayakkab\u0131c\u0131lar \u00c7ar\u015f\u0131s\u0131 kentimizin cazibe yerlerinden birisi olacak.\u201ddedi. \u200b\u0130skenderun Belediye Ba\u015fkan\u0131 Mehmet D\u00f6nmez Ayakkab\u0131c\u0131lar \u00e7ar\u015f\u0131s\u0131n\u0131n kentin cazibe merkezi olaca\u011f\u0131n\u0131 s\u00f6yledi.\u00a0 \u200bHaberin Al\u0131nt\u0131land\u0131\u011f\u0131 Kaynak: www.iskenderun.org\" \/>\n<meta property=\"og:url\" content=\"https:\/\/denizcankizil.tr\/ru\/haberler\/gundem\/cazibe-merkezlerini-arttiracagiz\/\" \/>\n<meta property=\"og:site_name\" content=\"Av. Deniz Can K\u0131z\u0131l\" \/>\n<meta property=\"article:published_time\" content=\"2025-03-29T09:42:00+00:00\" \/>\n<meta name=\"author\" content=\"admin\" \/>\n<meta name=\"twitter:card\" content=\"summary_large_image\" \/>\n<meta name=\"twitter:label1\" content=\"\u041d\u0430\u043f\u0438\u0441\u0430\u043d\u043e \u0430\u0432\u0442\u043e\u0440\u043e\u043c\" \/>\n\t<meta name=\"twitter:data1\" content=\"admin\" \/>\n\t<meta name=\"twitter:label2\" content=\"\u041f\u0440\u0438\u043c\u0435\u0440\u043d\u043e\u0435 \u0432\u0440\u0435\u043c\u044f \u0434\u043b\u044f \u0447\u0442\u0435\u043d\u0438\u044f\" \/>\n\t<meta name=\"twitter:data2\" content=\"1 \u043c\u0438\u043d\u0443\u0442\u0430\" \/>\n<script type=\"application\/ld+json\" class=\"yoast-schema-graph\">{\"@context\":\"https:\/\/schema.org\",\"@graph\":[{\"@type\":\"Article\",\"@id\":\"https:\/\/denizcankizil.tr\/ru\/haberler\/gundem\/cazibe-merkezlerini-arttiracagiz\/#article\",\"isPartOf\":{\"@id\":\"https:\/\/denizcankizil.tr\/ru\/haberler\/gundem\/cazibe-merkezlerini-arttiracagiz\/\"},\"author\":{\"name\":\"admin\",\"@id\":\"https:\/\/denizcankizil.tr\/de\/#\/schema\/person\/be3c05fe6a12686905512445d8185489\"},\"headline\":\"Cazibe Merkezlerini Artt\u0131raca\u011f\u0131z\",\"datePublished\":\"2025-03-29T09:42:00+00:00\",\"mainEntityOfPage\":{\"@id\":\"https:\/\/denizcankizil.tr\/ru\/haberler\/gundem\/cazibe-merkezlerini-arttiracagiz\/\"},\"wordCount\":121,\"publisher\":{\"@id\":\"https:\/\/denizcankizil.tr\/de\/#organization\"},\"articleSection\":[\"G\u00fcndem\"],\"inLanguage\":\"ru-RU\"},{\"@type\":\"WebPage\",\"@id\":\"https:\/\/denizcankizil.tr\/ru\/haberler\/gundem\/cazibe-merkezlerini-arttiracagiz\/\",\"url\":\"https:\/\/denizcankizil.tr\/ru\/haberler\/gundem\/cazibe-merkezlerini-arttiracagiz\/\",\"name\":\"Cazibe Merkezlerini Artt\u0131raca\u011f\u0131z - Av. Deniz Can K\u0131z\u0131l\",\"isPartOf\":{\"@id\":\"https:\/\/denizcankizil.tr\/de\/#website\"},\"datePublished\":\"2025-03-29T09:42:00+00:00\",\"breadcrumb\":{\"@id\":\"https:\/\/denizcankizil.tr\/ru\/haberler\/gundem\/cazibe-merkezlerini-arttiracagiz\/#breadcrumb\"},\"inLanguage\":\"ru-RU\",\"potentialAction\":[{\"@type\":\"ReadAction\",\"target\":[\"https:\/\/denizcankizil.tr\/ru\/haberler\/gundem\/cazibe-merkezlerini-arttiracagiz\/\"]}]},{\"@type\":\"BreadcrumbList\",\"@id\":\"https:\/\/denizcankizil.tr\/ru\/haberler\/gundem\/cazibe-merkezlerini-arttiracagiz\/#breadcrumb\",\"itemListElement\":[{\"@type\":\"ListItem\",\"position\":1,\"name\":\"Home\",\"item\":\"https:\/\/denizcankizil.tr\/de\/\"},{\"@type\":\"ListItem\",\"position\":2,\"name\":\"Cazibe Merkezlerini Artt\u0131raca\u011f\u0131z\"}]},{\"@type\":\"WebSite\",\"@id\":\"https:\/\/denizcankizil.tr\/de\/#website\",\"url\":\"https:\/\/denizcankizil.tr\/de\/\",\"name\":\"Av. Deniz Can K\u0131z\u0131l\",\"description\":\"Avukat Deniz Can K\u0131z\u0131l Antalya Barosu\",\"publisher\":{\"@id\":\"https:\/\/denizcankizil.tr\/de\/#organization\"},\"potentialAction\":[{\"@type\":\"SearchAction\",\"target\":{\"@type\":\"EntryPoint\",\"urlTemplate\":\"https:\/\/denizcankizil.tr\/de\/?s={search_term_string}\"},\"query-input\":{\"@type\":\"PropertyValueSpecification\",\"valueRequired\":true,\"valueName\":\"search_term_string\"}}],\"inLanguage\":\"ru-RU\"},{\"@type\":\"Organization\",\"@id\":\"https:\/\/denizcankizil.tr\/de\/#organization\",\"name\":\"Av. Deniz Can K\u0131z\u0131l\",\"url\":\"https:\/\/denizcankizil.tr\/de\/\",\"logo\":{\"@type\":\"ImageObject\",\"inLanguage\":\"ru-RU\",\"@id\":\"https:\/\/denizcankizil.tr\/de\/#\/schema\/logo\/image\/\",\"url\":\"https:\/\/denizcankizil.tr\/wp-content\/uploads\/2024\/10\/siyah-logo-svg.svg\",\"contentUrl\":\"https:\/\/denizcankizil.tr\/wp-content\/uploads\/2024\/10\/siyah-logo-svg.svg\",\"width\":1080,\"height\":1080,\"caption\":\"Av. Deniz Can K\u0131z\u0131l\"},\"image\":{\"@id\":\"https:\/\/denizcankizil.tr\/de\/#\/schema\/logo\/image\/\"}},{\"@type\":\"Person\",\"@id\":\"https:\/\/denizcankizil.tr\/de\/#\/schema\/person\/be3c05fe6a12686905512445d8185489\",\"name\":\"admin\",\"image\":{\"@type\":\"ImageObject\",\"inLanguage\":\"ru-RU\",\"@id\":\"https:\/\/denizcankizil.tr\/de\/#\/schema\/person\/image\/\",\"url\":\"https:\/\/secure.gravatar.com\/avatar\/c1fce94c830dc79107e174f890d7210541c4a63e8e5d816341794a2151c9d58c?s=96&d=mm&r=g\",\"contentUrl\":\"https:\/\/secure.gravatar.com\/avatar\/c1fce94c830dc79107e174f890d7210541c4a63e8e5d816341794a2151c9d58c?s=96&d=mm&r=g\",\"caption\":\"admin\"},\"sameAs\":[\"http:\/\/denizcankizil.tr\"],\"url\":\"https:\/\/www.iskenderun.org\/cazibe-merkezlerini-arttiracagiz\"}]}<\/script>\n<!-- \/ Yoast SEO Premium plugin. -->","yoast_head_json":{"title":"Cazibe Merkezlerini Artt\u0131raca\u011f\u0131z - Av. Deniz Can K\u0131z\u0131l","robots":{"index":"index","follow":"follow","max-snippet":"max-snippet:-1","max-image-preview":"max-image-preview:large","max-video-preview":"max-video-preview:-1"},"canonical":"https:\/\/denizcankizil.tr\/ru\/haberler\/gundem\/cazibe-merkezlerini-arttiracagiz\/","og_locale":"ru_RU","og_type":"article","og_title":"Cazibe Merkezlerini Artt\u0131raca\u011f\u0131z","og_description":"\u00c7evresini giri\u015f ve \u00e7\u0131k\u0131\u015flar\u0131na k\u00fc\u00e7\u00fck dokunu\u015flarla Ayakkab\u0131c\u0131lar \u00e7ar\u015f\u0131s\u0131n\u0131n cazibe noktalar\u0131ndan biri haline getirmeye \u00e7al\u0131\u015ft\u0131klar\u0131n\u0131 s\u00f6yleyen Belediye Ba\u015fkan\u0131 D\u00f6nmez \u00e7al\u0131\u015fmalar\u0131 yerinde inceleyerek bilgiler ald\u0131. D\u00f6nmez, kentimizin \u00f6nemli esnaf \u00e7ar\u015f\u0131lar\u0131ndan birisi olan ayakkab\u0131c\u0131lar \u00e7ar\u015f\u0131s\u0131nda devam eden renovasyon \u00e7al\u0131\u015fmalar\u0131n\u0131 yerinde inceledik diyerek,\u201d Yap\u0131lacak \u00e7al\u0131\u015fmalar\u0131n ard\u0131ndan yenilenen y\u00fcz\u00fcyle Ayakkab\u0131c\u0131lar \u00c7ar\u015f\u0131s\u0131 kentimizin cazibe yerlerinden birisi olacak.\u201ddedi. \u200b\u0130skenderun Belediye Ba\u015fkan\u0131 Mehmet D\u00f6nmez Ayakkab\u0131c\u0131lar \u00e7ar\u015f\u0131s\u0131n\u0131n kentin cazibe merkezi olaca\u011f\u0131n\u0131 s\u00f6yledi.\u00a0 \u200bHaberin Al\u0131nt\u0131land\u0131\u011f\u0131 Kaynak: www.iskenderun.org","og_url":"https:\/\/denizcankizil.tr\/ru\/haberler\/gundem\/cazibe-merkezlerini-arttiracagiz\/","og_site_name":"Av. Deniz Can K\u0131z\u0131l","article_published_time":"2025-03-29T09:42:00+00:00","author":"admin","twitter_card":"summary_large_image","twitter_misc":{"\u041d\u0430\u043f\u0438\u0441\u0430\u043d\u043e \u0430\u0432\u0442\u043e\u0440\u043e\u043c":"admin","\u041f\u0440\u0438\u043c\u0435\u0440\u043d\u043e\u0435 \u0432\u0440\u0435\u043c\u044f \u0434\u043b\u044f \u0447\u0442\u0435\u043d\u0438\u044f":"1 \u043c\u0438\u043d\u0443\u0442\u0430"},"schema":{"@context":"https:\/\/schema.org","@graph":[{"@type":"Article","@id":"https:\/\/denizcankizil.tr\/ru\/haberler\/gundem\/cazibe-merkezlerini-arttiracagiz\/#article","isPartOf":{"@id":"https:\/\/denizcankizil.tr\/ru\/haberler\/gundem\/cazibe-merkezlerini-arttiracagiz\/"},"author":{"name":"admin","@id":"https:\/\/denizcankizil.tr\/de\/#\/schema\/person\/be3c05fe6a12686905512445d8185489"},"headline":"Cazibe Merkezlerini Artt\u0131raca\u011f\u0131z","datePublished":"2025-03-29T09:42:00+00:00","mainEntityOfPage":{"@id":"https:\/\/denizcankizil.tr\/ru\/haberler\/gundem\/cazibe-merkezlerini-arttiracagiz\/"},"wordCount":121,"publisher":{"@id":"https:\/\/denizcankizil.tr\/de\/#organization"},"articleSection":["G\u00fcndem"],"inLanguage":"ru-RU"},{"@type":"WebPage","@id":"https:\/\/denizcankizil.tr\/ru\/haberler\/gundem\/cazibe-merkezlerini-arttiracagiz\/","url":"https:\/\/denizcankizil.tr\/ru\/haberler\/gundem\/cazibe-merkezlerini-arttiracagiz\/","name":"Cazibe Merkezlerini Artt\u0131raca\u011f\u0131z - Av. Deniz Can K\u0131z\u0131l","isPartOf":{"@id":"https:\/\/denizcankizil.tr\/de\/#website"},"datePublished":"2025-03-29T09:42:00+00:00","breadcrumb":{"@id":"https:\/\/denizcankizil.tr\/ru\/haberler\/gundem\/cazibe-merkezlerini-arttiracagiz\/#breadcrumb"},"inLanguage":"ru-RU","potentialAction":[{"@type":"ReadAction","target":["https:\/\/denizcankizil.tr\/ru\/haberler\/gundem\/cazibe-merkezlerini-arttiracagiz\/"]}]},{"@type":"BreadcrumbList","@id":"https:\/\/denizcankizil.tr\/ru\/haberler\/gundem\/cazibe-merkezlerini-arttiracagiz\/#breadcrumb","itemListElement":[{"@type":"ListItem","position":1,"name":"Home","item":"https:\/\/denizcankizil.tr\/de\/"},{"@type":"ListItem","position":2,"name":"Cazibe Merkezlerini Artt\u0131raca\u011f\u0131z"}]},{"@type":"WebSite","@id":"https:\/\/denizcankizil.tr\/de\/#website","url":"https:\/\/denizcankizil.tr\/de\/","name":"Av. Deniz Can K\u0131z\u0131l","description":"Avukat Deniz Can K\u0131z\u0131l Antalya Barosu","publisher":{"@id":"https:\/\/denizcankizil.tr\/de\/#organization"},"potentialAction":[{"@type":"SearchAction","target":{"@type":"EntryPoint","urlTemplate":"https:\/\/denizcankizil.tr\/de\/?s={search_term_string}"},"query-input":{"@type":"PropertyValueSpecification","valueRequired":true,"valueName":"search_term_string"}}],"inLanguage":"ru-RU"},{"@type":"Organization","@id":"https:\/\/denizcankizil.tr\/de\/#organization","name":"Av. Deniz Can K\u0131z\u0131l","url":"https:\/\/denizcankizil.tr\/de\/","logo":{"@type":"ImageObject","inLanguage":"ru-RU","@id":"https:\/\/denizcankizil.tr\/de\/#\/schema\/logo\/image\/","url":"https:\/\/denizcankizil.tr\/wp-content\/uploads\/2024\/10\/siyah-logo-svg.svg","contentUrl":"https:\/\/denizcankizil.tr\/wp-content\/uploads\/2024\/10\/siyah-logo-svg.svg","width":1080,"height":1080,"caption":"Av. Deniz Can K\u0131z\u0131l"},"image":{"@id":"https:\/\/denizcankizil.tr\/de\/#\/schema\/logo\/image\/"}},{"@type":"Person","@id":"https:\/\/denizcankizil.tr\/de\/#\/schema\/person\/be3c05fe6a12686905512445d8185489","name":"\u0430\u0434\u043c\u0438\u043d","image":{"@type":"ImageObject","inLanguage":"ru-RU","@id":"https:\/\/denizcankizil.tr\/de\/#\/schema\/person\/image\/","url":"https:\/\/secure.gravatar.com\/avatar\/c1fce94c830dc79107e174f890d7210541c4a63e8e5d816341794a2151c9d58c?s=96&d=mm&r=g","contentUrl":"https:\/\/secure.gravatar.com\/avatar\/c1fce94c830dc79107e174f890d7210541c4a63e8e5d816341794a2151c9d58c?s=96&d=mm&r=g","caption":"admin"},"sameAs":["http:\/\/denizcankizil.tr"],"url":"https:\/\/www.iskenderun.org\/cazibe-merkezlerini-arttiracagiz"}]}},"_links":{"self":[{"href":"https:\/\/denizcankizil.tr\/ru\/wp-json\/wp\/v2\/posts\/39135","targetHints":{"allow":["GET"]}}],"collection":[{"href":"https:\/\/denizcankizil.tr\/ru\/wp-json\/wp\/v2\/posts"}],"about":[{"href":"https:\/\/denizcankizil.tr\/ru\/wp-json\/wp\/v2\/types\/post"}],"author":[{"embeddable":true,"href":"https:\/\/denizcankizil.tr\/ru\/wp-json\/wp\/v2\/users\/1"}],"replies":[{"embeddable":true,"href":"https:\/\/denizcankizil.tr\/ru\/wp-json\/wp\/v2\/comments?post=39135"}],"version-history":[{"count":0,"href":"https:\/\/denizcankizil.tr\/ru\/wp-json\/wp\/v2\/posts\/39135\/revisions"}],"wp:attachment":[{"href":"https:\/\/denizcankizil.tr\/ru\/wp-json\/wp\/v2\/media?parent=39135"}],"wp:term":[{"taxonomy":"category","embeddable":true,"href":"https:\/\/denizcankizil.tr\/ru\/wp-json\/wp\/v2\/categories?post=39135"},{"taxonomy":"post_tag","embeddable":true,"href":"https:\/\/denizcankizil.tr\/ru\/wp-json\/wp\/v2\/tags?post=39135"}],"curies":[{"name":"wp","href":"https:\/\/api.w.org\/{rel}","templated":true}]}}