{"id":39019,"date":"2025-03-29T10:41:52","date_gmt":"2025-03-29T07:41:52","guid":{"rendered":"https:\/\/denizcankizil.tr\/uncategorized-tr\/kahreden-kaza-1-olu-1-yarali\/"},"modified":"2025-03-29T10:41:52","modified_gmt":"2025-03-29T07:41:52","slug":"kahreden-kaza-1-olu-1-yarali","status":"publish","type":"post","link":"https:\/\/denizcankizil.tr\/ru\/haberler\/antalya\/kahreden-kaza-1-olu-1-yarali\/","title":{"rendered":"Kahreden kaza: 1 \u00f6l\u00fc, 1 yaral\u0131"},"content":{"rendered":"<p>Kaza, Gazipa\u015fa\u2019n\u0131n Karatepe Mahallesi\u2019nde ya\u015fand\u0131. Edinilen bilgiye g\u00f6re Hasan Akba\u015f y\u00f6netimindeki \u2018patpat\u2019 diye bilinen tar\u0131m arac\u0131, s\u00fcr\u00fcc\u00fcs\u00fcn\u00fcn direksiyon hakimiyetini kaybetmesi sonucu devrildi. Kazada s\u00fcr\u00fcc\u00fc ve ara\u00e7ta bulunan Hasan Kocaba\u015f yaraland\u0131. ihbar \u00fczerine olay yerine Jandarma ve 112 Acil Sa\u011fl\u0131k ekipleri sevk edildi. Yaral\u0131lar ambulansla Gazipa\u015fa Devlet Hastanesi\u2019ne kald\u0131r\u0131ld\u0131.<br \/>\nYap\u0131lan m\u00fcdahalenin ard\u0131ndan Hasan Kocaba\u015f\u2019\u0131n (61) hayat\u0131n\u0131 kaybetti\u011fi belirlendi. Kocaba\u015f\u2019\u0131n cenazesi otopsi i\u00e7in Alanya Adli T\u0131p Kurumu\u2019na g\u00f6nderildi. Yaral\u0131 Hasan A.&#8217;n\u0131n ise tedavisinin devam etti\u011fi \u00f6\u011frenildi.<\/p>\n<p>Kaynak: www.kanalv.com.tr Haber Sitesinden Al\u0131nm\u0131\u015ft\u0131r.<\/p>","protected":false},"excerpt":{"rendered":"<p>Kaza, Gazipa\u015fa\u2019n\u0131n Karatepe Mahallesi\u2019nde ya\u015fand\u0131. Edinilen bilgiye g\u00f6re Hasan Akba\u015f y\u00f6netimindeki \u2018patpat\u2019 diye bilinen tar\u0131m arac\u0131, s\u00fcr\u00fcc\u00fcs\u00fcn\u00fcn direksiyon hakimiyetini kaybetmesi sonucu devrildi. Kazada s\u00fcr\u00fcc\u00fc ve ara\u00e7ta bulunan Hasan Kocaba\u015f yaraland\u0131. ihbar \u00fczerine olay yerine Jandarma ve 112 Acil Sa\u011fl\u0131k ekipleri sevk edildi. Yaral\u0131lar ambulansla Gazipa\u015fa Devlet Hastanesi\u2019ne kald\u0131r\u0131ld\u0131. Yap\u0131lan m\u00fcdahalenin ard\u0131ndan Hasan Kocaba\u015f\u2019\u0131n (61) hayat\u0131n\u0131 kaybetti\u011fi belirlendi. Kocaba\u015f\u2019\u0131n cenazesi otopsi i\u00e7in Alanya Adli T\u0131p Kurumu\u2019na g\u00f6nderildi. Yaral\u0131 Hasan A.&#8217;n\u0131n ise tedavisinin devam etti\u011fi \u00f6\u011frenildi. Kaynak: www.kanalv.com.tr Haber Sitesinden Al\u0131nm\u0131\u015ft\u0131r.<\/p>","protected":false},"author":4,"featured_media":39020,"comment_status":"","ping_status":"open","sticky":false,"template":"","format":"standard","meta":{"_acf_changed":false,"footnotes":""},"categories":[26],"tags":[],"class_list":["post-39019","post","type-post","status-publish","format-standard","has-post-thumbnail","hentry","category-antalya"],"acf":[],"yoast_head":"<!-- This site is optimized with the Yoast SEO Premium plugin v26.6 (Yoast SEO v27.1.1) - https:\/\/yoast.com\/product\/yoast-seo-premium-wordpress\/ -->\n<title>Kahreden kaza: 1 \u00f6l\u00fc, 1 yaral\u0131 - Av. Deniz Can K\u0131z\u0131l<\/title>\n<meta name=\"robots\" content=\"index, follow, max-snippet:-1, max-image-preview:large, max-video-preview:-1\" \/>\n<link rel=\"canonical\" href=\"https:\/\/denizcankizil.tr\/ru\/haberler\/antalya\/kahreden-kaza-1-olu-1-yarali\/\" \/>\n<meta property=\"og:locale\" content=\"ru_RU\" \/>\n<meta property=\"og:type\" content=\"article\" \/>\n<meta property=\"og:title\" content=\"Kahreden kaza: 1 \u00f6l\u00fc, 1 yaral\u0131\" \/>\n<meta property=\"og:description\" content=\"Kaza, Gazipa\u015fa\u2019n\u0131n Karatepe Mahallesi\u2019nde ya\u015fand\u0131. Edinilen bilgiye g\u00f6re Hasan Akba\u015f y\u00f6netimindeki \u2018patpat\u2019 diye bilinen tar\u0131m arac\u0131, s\u00fcr\u00fcc\u00fcs\u00fcn\u00fcn direksiyon hakimiyetini kaybetmesi sonucu devrildi. Kazada s\u00fcr\u00fcc\u00fc ve ara\u00e7ta bulunan Hasan Kocaba\u015f yaraland\u0131. ihbar \u00fczerine olay yerine Jandarma ve 112 Acil Sa\u011fl\u0131k ekipleri sevk edildi. Yaral\u0131lar ambulansla Gazipa\u015fa Devlet Hastanesi\u2019ne kald\u0131r\u0131ld\u0131. Yap\u0131lan m\u00fcdahalenin ard\u0131ndan Hasan Kocaba\u015f\u2019\u0131n (61) hayat\u0131n\u0131 kaybetti\u011fi belirlendi. Kocaba\u015f\u2019\u0131n cenazesi otopsi i\u00e7in Alanya Adli T\u0131p Kurumu\u2019na g\u00f6nderildi. Yaral\u0131 Hasan A.&#8217;n\u0131n ise tedavisinin devam etti\u011fi \u00f6\u011frenildi. Kaynak: www.kanalv.com.tr Haber Sitesinden Al\u0131nm\u0131\u015ft\u0131r.\" \/>\n<meta property=\"og:url\" content=\"https:\/\/denizcankizil.tr\/ru\/haberler\/antalya\/kahreden-kaza-1-olu-1-yarali\/\" \/>\n<meta property=\"og:site_name\" content=\"Av. Deniz Can K\u0131z\u0131l\" \/>\n<meta property=\"article:published_time\" content=\"2025-03-29T07:41:52+00:00\" \/>\n<meta property=\"og:image\" content=\"https:\/\/denizcankizil.tr\/wp-content\/uploads\/2025\/03\/5796-01-2MG59i.jpeg\" \/>\n\t<meta property=\"og:image:width\" content=\"1280\" \/>\n\t<meta property=\"og:image:height\" content=\"720\" \/>\n\t<meta property=\"og:image:type\" content=\"image\/jpeg\" \/>\n<meta name=\"author\" content=\"Av. Deniz Can K\u0131z\u0131l\" \/>\n<meta name=\"twitter:card\" content=\"summary_large_image\" \/>\n<meta name=\"twitter:label1\" content=\"\u041d\u0430\u043f\u0438\u0441\u0430\u043d\u043e \u0430\u0432\u0442\u043e\u0440\u043e\u043c\" \/>\n\t<meta name=\"twitter:data1\" content=\"Av. Deniz Can K\u0131z\u0131l\" \/>\n\t<meta name=\"twitter:label2\" content=\"\u041f\u0440\u0438\u043c\u0435\u0440\u043d\u043e\u0435 \u0432\u0440\u0435\u043c\u044f \u0434\u043b\u044f \u0447\u0442\u0435\u043d\u0438\u044f\" \/>\n\t<meta name=\"twitter:data2\" content=\"1 \u043c\u0438\u043d\u0443\u0442\u0430\" \/>\n<script type=\"application\/ld+json\" class=\"yoast-schema-graph\">{\"@context\":\"https:\/\/schema.org\",\"@graph\":[{\"@type\":\"Article\",\"@id\":\"https:\/\/denizcankizil.tr\/de\/haberler\/antalya\/kahreden-kaza-1-olu-1-yarali\/#article\",\"isPartOf\":{\"@id\":\"https:\/\/denizcankizil.tr\/de\/haberler\/antalya\/kahreden-kaza-1-olu-1-yarali\/\"},\"author\":{\"name\":\"Av. Deniz Can K\u0131z\u0131l\",\"@id\":\"https:\/\/denizcankizil.tr\/de\/#\/schema\/person\/5dc1b22991bd7ac833867c10afc9b0ff\"},\"headline\":\"Kahreden kaza: 1 \u00f6l\u00fc, 1 yaral\u0131\",\"datePublished\":\"2025-03-29T07:41:52+00:00\",\"mainEntityOfPage\":{\"@id\":\"https:\/\/denizcankizil.tr\/de\/haberler\/antalya\/kahreden-kaza-1-olu-1-yarali\/\"},\"wordCount\":124,\"publisher\":{\"@id\":\"https:\/\/denizcankizil.tr\/de\/#organization\"},\"image\":{\"@id\":\"https:\/\/denizcankizil.tr\/de\/haberler\/antalya\/kahreden-kaza-1-olu-1-yarali\/#primaryimage\"},\"thumbnailUrl\":\"https:\/\/denizcankizil.tr\/wp-content\/uploads\/2025\/03\/5796-01-2MG59i.jpeg\",\"articleSection\":[\"Antalya\"],\"inLanguage\":\"ru-RU\"},{\"@type\":\"WebPage\",\"@id\":\"https:\/\/denizcankizil.tr\/de\/haberler\/antalya\/kahreden-kaza-1-olu-1-yarali\/\",\"url\":\"https:\/\/denizcankizil.tr\/de\/haberler\/antalya\/kahreden-kaza-1-olu-1-yarali\/\",\"name\":\"Kahreden kaza: 1 \u00f6l\u00fc, 1 yaral\u0131 - Av. Deniz Can K\u0131z\u0131l\",\"isPartOf\":{\"@id\":\"https:\/\/denizcankizil.tr\/de\/#website\"},\"primaryImageOfPage\":{\"@id\":\"https:\/\/denizcankizil.tr\/de\/haberler\/antalya\/kahreden-kaza-1-olu-1-yarali\/#primaryimage\"},\"image\":{\"@id\":\"https:\/\/denizcankizil.tr\/de\/haberler\/antalya\/kahreden-kaza-1-olu-1-yarali\/#primaryimage\"},\"thumbnailUrl\":\"https:\/\/denizcankizil.tr\/wp-content\/uploads\/2025\/03\/5796-01-2MG59i.jpeg\",\"datePublished\":\"2025-03-29T07:41:52+00:00\",\"breadcrumb\":{\"@id\":\"https:\/\/denizcankizil.tr\/de\/haberler\/antalya\/kahreden-kaza-1-olu-1-yarali\/#breadcrumb\"},\"inLanguage\":\"ru-RU\",\"potentialAction\":[{\"@type\":\"ReadAction\",\"target\":[\"https:\/\/denizcankizil.tr\/de\/haberler\/antalya\/kahreden-kaza-1-olu-1-yarali\/\"]}]},{\"@type\":\"ImageObject\",\"inLanguage\":\"ru-RU\",\"@id\":\"https:\/\/denizcankizil.tr\/de\/haberler\/antalya\/kahreden-kaza-1-olu-1-yarali\/#primaryimage\",\"url\":\"https:\/\/denizcankizil.tr\/wp-content\/uploads\/2025\/03\/5796-01-2MG59i.jpeg\",\"contentUrl\":\"https:\/\/denizcankizil.tr\/wp-content\/uploads\/2025\/03\/5796-01-2MG59i.jpeg\",\"width\":1280,\"height\":720},{\"@type\":\"BreadcrumbList\",\"@id\":\"https:\/\/denizcankizil.tr\/de\/haberler\/antalya\/kahreden-kaza-1-olu-1-yarali\/#breadcrumb\",\"itemListElement\":[{\"@type\":\"ListItem\",\"position\":1,\"name\":\"Home\",\"item\":\"https:\/\/denizcankizil.tr\/de\/\"},{\"@type\":\"ListItem\",\"position\":2,\"name\":\"Kahreden kaza: 1 \u00f6l\u00fc, 1 yaral\u0131\"}]},{\"@type\":\"WebSite\",\"@id\":\"https:\/\/denizcankizil.tr\/de\/#website\",\"url\":\"https:\/\/denizcankizil.tr\/de\/\",\"name\":\"Av. Deniz Can K\u0131z\u0131l\",\"description\":\"Avukat Deniz Can K\u0131z\u0131l Antalya Barosu\",\"publisher\":{\"@id\":\"https:\/\/denizcankizil.tr\/de\/#organization\"},\"potentialAction\":[{\"@type\":\"SearchAction\",\"target\":{\"@type\":\"EntryPoint\",\"urlTemplate\":\"https:\/\/denizcankizil.tr\/de\/?s={search_term_string}\"},\"query-input\":{\"@type\":\"PropertyValueSpecification\",\"valueRequired\":true,\"valueName\":\"search_term_string\"}}],\"inLanguage\":\"ru-RU\"},{\"@type\":\"Organization\",\"@id\":\"https:\/\/denizcankizil.tr\/de\/#organization\",\"name\":\"Av. Deniz Can K\u0131z\u0131l\",\"url\":\"https:\/\/denizcankizil.tr\/de\/\",\"logo\":{\"@type\":\"ImageObject\",\"inLanguage\":\"ru-RU\",\"@id\":\"https:\/\/denizcankizil.tr\/de\/#\/schema\/logo\/image\/\",\"url\":\"https:\/\/denizcankizil.tr\/wp-content\/uploads\/2024\/10\/siyah-logo-svg.svg\",\"contentUrl\":\"https:\/\/denizcankizil.tr\/wp-content\/uploads\/2024\/10\/siyah-logo-svg.svg\",\"width\":1080,\"height\":1080,\"caption\":\"Av. Deniz Can K\u0131z\u0131l\"},\"image\":{\"@id\":\"https:\/\/denizcankizil.tr\/de\/#\/schema\/logo\/image\/\"}},{\"@type\":\"Person\",\"@id\":\"https:\/\/denizcankizil.tr\/de\/#\/schema\/person\/5dc1b22991bd7ac833867c10afc9b0ff\",\"name\":\"Av. Deniz Can K\u0131z\u0131l\",\"image\":{\"@type\":\"ImageObject\",\"inLanguage\":\"ru-RU\",\"@id\":\"https:\/\/denizcankizil.tr\/de\/#\/schema\/person\/image\/\",\"url\":\"https:\/\/secure.gravatar.com\/avatar\/a0b128fb9855c79efc976d5640eedb31dc35ec297594d6016d2cf7c60e975bb6?s=96&d=mm&r=g\",\"contentUrl\":\"https:\/\/secure.gravatar.com\/avatar\/a0b128fb9855c79efc976d5640eedb31dc35ec297594d6016d2cf7c60e975bb6?s=96&d=mm&r=g\",\"caption\":\"Av. Deniz Can K\u0131z\u0131l\"},\"sameAs\":[\"http:\/\/www.denizcankizil.tr\"],\"url\":\"https:\/\/denizcankizil.tr\/ru\/author\/denizcankizil\/\"}]}<\/script>\n<!-- \/ Yoast SEO Premium plugin. -->","yoast_head_json":{"title":"Kahreden kaza: 1 \u00f6l\u00fc, 1 yaral\u0131 - Av. Deniz Can K\u0131z\u0131l","robots":{"index":"index","follow":"follow","max-snippet":"max-snippet:-1","max-image-preview":"max-image-preview:large","max-video-preview":"max-video-preview:-1"},"canonical":"https:\/\/denizcankizil.tr\/ru\/haberler\/antalya\/kahreden-kaza-1-olu-1-yarali\/","og_locale":"ru_RU","og_type":"article","og_title":"Kahreden kaza: 1 \u00f6l\u00fc, 1 yaral\u0131","og_description":"Kaza, Gazipa\u015fa\u2019n\u0131n Karatepe Mahallesi\u2019nde ya\u015fand\u0131. Edinilen bilgiye g\u00f6re Hasan Akba\u015f y\u00f6netimindeki \u2018patpat\u2019 diye bilinen tar\u0131m arac\u0131, s\u00fcr\u00fcc\u00fcs\u00fcn\u00fcn direksiyon hakimiyetini kaybetmesi sonucu devrildi. Kazada s\u00fcr\u00fcc\u00fc ve ara\u00e7ta bulunan Hasan Kocaba\u015f yaraland\u0131. ihbar \u00fczerine olay yerine Jandarma ve 112 Acil Sa\u011fl\u0131k ekipleri sevk edildi. Yaral\u0131lar ambulansla Gazipa\u015fa Devlet Hastanesi\u2019ne kald\u0131r\u0131ld\u0131. Yap\u0131lan m\u00fcdahalenin ard\u0131ndan Hasan Kocaba\u015f\u2019\u0131n (61) hayat\u0131n\u0131 kaybetti\u011fi belirlendi. Kocaba\u015f\u2019\u0131n cenazesi otopsi i\u00e7in Alanya Adli T\u0131p Kurumu\u2019na g\u00f6nderildi. Yaral\u0131 Hasan A.&#8217;n\u0131n ise tedavisinin devam etti\u011fi \u00f6\u011frenildi. Kaynak: www.kanalv.com.tr Haber Sitesinden Al\u0131nm\u0131\u015ft\u0131r.","og_url":"https:\/\/denizcankizil.tr\/ru\/haberler\/antalya\/kahreden-kaza-1-olu-1-yarali\/","og_site_name":"Av. Deniz Can K\u0131z\u0131l","article_published_time":"2025-03-29T07:41:52+00:00","og_image":[{"width":1280,"height":720,"url":"https:\/\/denizcankizil.tr\/wp-content\/uploads\/2025\/03\/5796-01-2MG59i.jpeg","type":"image\/jpeg"}],"author":"Av. Deniz Can K\u0131z\u0131l","twitter_card":"summary_large_image","twitter_misc":{"\u041d\u0430\u043f\u0438\u0441\u0430\u043d\u043e \u0430\u0432\u0442\u043e\u0440\u043e\u043c":"Av. Deniz Can K\u0131z\u0131l","\u041f\u0440\u0438\u043c\u0435\u0440\u043d\u043e\u0435 \u0432\u0440\u0435\u043c\u044f \u0434\u043b\u044f \u0447\u0442\u0435\u043d\u0438\u044f":"1 \u043c\u0438\u043d\u0443\u0442\u0430"},"schema":{"@context":"https:\/\/schema.org","@graph":[{"@type":"Article","@id":"https:\/\/denizcankizil.tr\/de\/haberler\/antalya\/kahreden-kaza-1-olu-1-yarali\/#article","isPartOf":{"@id":"https:\/\/denizcankizil.tr\/de\/haberler\/antalya\/kahreden-kaza-1-olu-1-yarali\/"},"author":{"name":"Av. Deniz Can K\u0131z\u0131l","@id":"https:\/\/denizcankizil.tr\/de\/#\/schema\/person\/5dc1b22991bd7ac833867c10afc9b0ff"},"headline":"Kahreden kaza: 1 \u00f6l\u00fc, 1 yaral\u0131","datePublished":"2025-03-29T07:41:52+00:00","mainEntityOfPage":{"@id":"https:\/\/denizcankizil.tr\/de\/haberler\/antalya\/kahreden-kaza-1-olu-1-yarali\/"},"wordCount":124,"publisher":{"@id":"https:\/\/denizcankizil.tr\/de\/#organization"},"image":{"@id":"https:\/\/denizcankizil.tr\/de\/haberler\/antalya\/kahreden-kaza-1-olu-1-yarali\/#primaryimage"},"thumbnailUrl":"https:\/\/denizcankizil.tr\/wp-content\/uploads\/2025\/03\/5796-01-2MG59i.jpeg","articleSection":["Antalya"],"inLanguage":"ru-RU"},{"@type":"WebPage","@id":"https:\/\/denizcankizil.tr\/de\/haberler\/antalya\/kahreden-kaza-1-olu-1-yarali\/","url":"https:\/\/denizcankizil.tr\/de\/haberler\/antalya\/kahreden-kaza-1-olu-1-yarali\/","name":"Kahreden kaza: 1 \u00f6l\u00fc, 1 yaral\u0131 - Av. Deniz Can K\u0131z\u0131l","isPartOf":{"@id":"https:\/\/denizcankizil.tr\/de\/#website"},"primaryImageOfPage":{"@id":"https:\/\/denizcankizil.tr\/de\/haberler\/antalya\/kahreden-kaza-1-olu-1-yarali\/#primaryimage"},"image":{"@id":"https:\/\/denizcankizil.tr\/de\/haberler\/antalya\/kahreden-kaza-1-olu-1-yarali\/#primaryimage"},"thumbnailUrl":"https:\/\/denizcankizil.tr\/wp-content\/uploads\/2025\/03\/5796-01-2MG59i.jpeg","datePublished":"2025-03-29T07:41:52+00:00","breadcrumb":{"@id":"https:\/\/denizcankizil.tr\/de\/haberler\/antalya\/kahreden-kaza-1-olu-1-yarali\/#breadcrumb"},"inLanguage":"ru-RU","potentialAction":[{"@type":"ReadAction","target":["https:\/\/denizcankizil.tr\/de\/haberler\/antalya\/kahreden-kaza-1-olu-1-yarali\/"]}]},{"@type":"ImageObject","inLanguage":"ru-RU","@id":"https:\/\/denizcankizil.tr\/de\/haberler\/antalya\/kahreden-kaza-1-olu-1-yarali\/#primaryimage","url":"https:\/\/denizcankizil.tr\/wp-content\/uploads\/2025\/03\/5796-01-2MG59i.jpeg","contentUrl":"https:\/\/denizcankizil.tr\/wp-content\/uploads\/2025\/03\/5796-01-2MG59i.jpeg","width":1280,"height":720},{"@type":"BreadcrumbList","@id":"https:\/\/denizcankizil.tr\/de\/haberler\/antalya\/kahreden-kaza-1-olu-1-yarali\/#breadcrumb","itemListElement":[{"@type":"ListItem","position":1,"name":"Home","item":"https:\/\/denizcankizil.tr\/de\/"},{"@type":"ListItem","position":2,"name":"Kahreden kaza: 1 \u00f6l\u00fc, 1 yaral\u0131"}]},{"@type":"WebSite","@id":"https:\/\/denizcankizil.tr\/de\/#website","url":"https:\/\/denizcankizil.tr\/de\/","name":"Av. Deniz Can K\u0131z\u0131l","description":"Avukat Deniz Can K\u0131z\u0131l Antalya Barosu","publisher":{"@id":"https:\/\/denizcankizil.tr\/de\/#organization"},"potentialAction":[{"@type":"SearchAction","target":{"@type":"EntryPoint","urlTemplate":"https:\/\/denizcankizil.tr\/de\/?s={search_term_string}"},"query-input":{"@type":"PropertyValueSpecification","valueRequired":true,"valueName":"search_term_string"}}],"inLanguage":"ru-RU"},{"@type":"Organization","@id":"https:\/\/denizcankizil.tr\/de\/#organization","name":"Av. Deniz Can K\u0131z\u0131l","url":"https:\/\/denizcankizil.tr\/de\/","logo":{"@type":"ImageObject","inLanguage":"ru-RU","@id":"https:\/\/denizcankizil.tr\/de\/#\/schema\/logo\/image\/","url":"https:\/\/denizcankizil.tr\/wp-content\/uploads\/2024\/10\/siyah-logo-svg.svg","contentUrl":"https:\/\/denizcankizil.tr\/wp-content\/uploads\/2024\/10\/siyah-logo-svg.svg","width":1080,"height":1080,"caption":"Av. Deniz Can K\u0131z\u0131l"},"image":{"@id":"https:\/\/denizcankizil.tr\/de\/#\/schema\/logo\/image\/"}},{"@type":"Person","@id":"https:\/\/denizcankizil.tr\/de\/#\/schema\/person\/5dc1b22991bd7ac833867c10afc9b0ff","name":"Av. Deniz Can K\u0131z\u0131l","image":{"@type":"ImageObject","inLanguage":"ru-RU","@id":"https:\/\/denizcankizil.tr\/de\/#\/schema\/person\/image\/","url":"https:\/\/secure.gravatar.com\/avatar\/a0b128fb9855c79efc976d5640eedb31dc35ec297594d6016d2cf7c60e975bb6?s=96&d=mm&r=g","contentUrl":"https:\/\/secure.gravatar.com\/avatar\/a0b128fb9855c79efc976d5640eedb31dc35ec297594d6016d2cf7c60e975bb6?s=96&d=mm&r=g","caption":"Av. Deniz Can K\u0131z\u0131l"},"sameAs":["http:\/\/www.denizcankizil.tr"],"url":"https:\/\/denizcankizil.tr\/ru\/author\/denizcankizil\/"}]}},"_links":{"self":[{"href":"https:\/\/denizcankizil.tr\/ru\/wp-json\/wp\/v2\/posts\/39019","targetHints":{"allow":["GET"]}}],"collection":[{"href":"https:\/\/denizcankizil.tr\/ru\/wp-json\/wp\/v2\/posts"}],"about":[{"href":"https:\/\/denizcankizil.tr\/ru\/wp-json\/wp\/v2\/types\/post"}],"author":[{"embeddable":true,"href":"https:\/\/denizcankizil.tr\/ru\/wp-json\/wp\/v2\/users\/4"}],"replies":[{"embeddable":true,"href":"https:\/\/denizcankizil.tr\/ru\/wp-json\/wp\/v2\/comments?post=39019"}],"version-history":[{"count":0,"href":"https:\/\/denizcankizil.tr\/ru\/wp-json\/wp\/v2\/posts\/39019\/revisions"}],"wp:featuredmedia":[{"embeddable":true,"href":"https:\/\/denizcankizil.tr\/ru\/wp-json\/wp\/v2\/media\/39020"}],"wp:attachment":[{"href":"https:\/\/denizcankizil.tr\/ru\/wp-json\/wp\/v2\/media?parent=39019"}],"wp:term":[{"taxonomy":"category","embeddable":true,"href":"https:\/\/denizcankizil.tr\/ru\/wp-json\/wp\/v2\/categories?post=39019"},{"taxonomy":"post_tag","embeddable":true,"href":"https:\/\/denizcankizil.tr\/ru\/wp-json\/wp\/v2\/tags?post=39019"}],"curies":[{"name":"wp","href":"https:\/\/api.w.org\/{rel}","templated":true}]}}