{"id":37250,"date":"2025-03-27T12:42:06","date_gmt":"2025-03-27T09:42:06","guid":{"rendered":"https:\/\/denizcankizil.tr\/uncategorized-tr\/mahir-polatin-saglik-durumu-ciddi\/"},"modified":"2025-03-27T12:42:06","modified_gmt":"2025-03-27T09:42:06","slug":"mahir-polatin-saglik-durumu-ciddi","status":"publish","type":"post","link":"https:\/\/denizcankizil.tr\/ru\/haberler\/gundem\/mahir-polatin-saglik-durumu-ciddi\/","title":{"rendered":"Mahir Polat&#8217;\u0131n sa\u011fl\u0131k durumu ciddi"},"content":{"rendered":"<p>\u0130stanbul B\u00fcy\u00fck\u015fehir Belediyesi&#8217;ne (\u0130BB) y\u00f6nelik soru\u015fturma kapsam\u0131nda tutuklanarak Silivri Cezaevi&#8217;ne (Marmara Kapal\u0131 Ceza \u0130nfaz Kurumu) g\u00f6nderilen \u0130BB Genel Sekreter Yard\u0131mc\u0131s\u0131 Mahir Polat hastaneye kald\u0131r\u0131ld\u0131.<\/p>\n<p>CEZAEV\u0130NDE RAHATSIZLANDI<\/p>\n<p>Tutuklu bulundu\u011fu Silivri Cezaevi\u2019nde rahats\u0131zlanan Mahir Polat&#8217;\u0131n, Silivri Devlet Hastanesi Kardiyoloji B\u00f6l\u00fcm\u00fc\u2019ne sevk edildi\u011fi \u00f6\u011frenildi. CHP Genel Ba\u015fkan Yard\u0131mc\u0131s\u0131 Burhanettin Bulut, Mahir Polat&#8217;\u0131n bir an \u00f6nce serbest b\u0131rak\u0131lmas\u0131 gerekti\u011fini ifade etti.<\/p>\n<p>4 YILDA 3 ANJ\u0130O GE\u00c7\u0130RD\u0130\u00a0<\/p>\n<p>Sosyal medya hesab\u0131ndan yapt\u0131\u011f\u0131 payla\u015f\u0131mda Bulut, &#8220;Kalp rahats\u0131zl\u0131\u011f\u0131 olan, 4 y\u0131lda 3 anjiyo ge\u00e7iren, 6 stent tak\u0131lan \u0130BB Genel Sekreter Yard\u0131mc\u0131m\u0131z Mahir Polat&#8217;\u0131n tutukluluk hali devam edemez. Bu yap\u0131lan zul\u00fcmd\u00fcr! Hukuksuz bir \u015fekilde tutuklanan Mahir Polat, bir an \u00f6nce serbest b\u0131rak\u0131lmal\u0131d\u0131r!&#8221; ifadelerini kulland\u0131.<\/p>\n<p>MAH\u0130R POLAT DAHA \u00d6NCES\u0130NDE A\u00c7IKLAMA YAPMI\u015eTI\u00a0<\/p>\n<p>Mahir Polat, 21 \u015eubat tarihinde yapt\u0131\u011f\u0131 payla\u015f\u0131mda, 4 sene i\u00e7inde \u00fc\u00e7\u00fcnc\u00fc kez anjiyo oldu\u011funu a\u00e7\u0131klam\u0131\u015ft\u0131. 3 anjiyo sonucu kalbine 6 stent tak\u0131ld\u0131\u011f\u0131n\u0131 aktaran Polat, 2 damar\u0131ndaki t\u0131kanmay\u0131 takip etmek zorunda oldu\u011funu kaydetmi\u015fti.<br \/>\n\u00a0<\/p>\n<p>\u200bSilivri Cezaevi&#8217;nde olan \u0130stanbul B\u00fcy\u00fck\u015fehir Belediyesi Genel Sekreter Yard\u0131mc\u0131s\u0131 Mahir Polat, ya\u015fad\u0131\u011f\u0131 sa\u011fl\u0131k sorunu nedeniyle hastaneye kald\u0131r\u0131ld\u0131. Polat&#8217;\u0131n daha \u00f6ncesinde ge\u00e7irdi\u011fi kalp rahats\u0131zl\u0131\u011f\u0131 nedeniyle 4 y\u0131lda 3 anjiyo ge\u00e7irdi\u011fi, 6 stent tak\u0131ld\u0131\u011f\u0131 \u00f6\u011frenildi.\u00a0<\/p>\n<p>\u200bHaberin Al\u0131nt\u0131land\u0131\u011f\u0131 Kaynak: www.antalyakorfez.com<\/p>","protected":false},"excerpt":{"rendered":"<p>\u0130stanbul B\u00fcy\u00fck\u015fehir Belediyesi&#8217;ne (\u0130BB) y\u00f6nelik soru\u015fturma kapsam\u0131nda tutuklanarak Silivri Cezaevi&#8217;ne (Marmara Kapal\u0131 Ceza \u0130nfaz Kurumu) g\u00f6nderilen \u0130BB Genel Sekreter Yard\u0131mc\u0131s\u0131 Mahir Polat hastaneye kald\u0131r\u0131ld\u0131. CEZAEV\u0130NDE RAHATSIZLANDI Tutuklu bulundu\u011fu Silivri Cezaevi\u2019nde rahats\u0131zlanan Mahir Polat&#8217;\u0131n, Silivri Devlet Hastanesi Kardiyoloji B\u00f6l\u00fcm\u00fc\u2019ne sevk edildi\u011fi \u00f6\u011frenildi. CHP Genel Ba\u015fkan Yard\u0131mc\u0131s\u0131 Burhanettin Bulut, Mahir Polat&#8217;\u0131n bir an \u00f6nce serbest b\u0131rak\u0131lmas\u0131 gerekti\u011fini ifade etti. 4 YILDA 3 ANJ\u0130O GE\u00c7\u0130RD\u0130\u00a0 Sosyal medya hesab\u0131ndan yapt\u0131\u011f\u0131 payla\u015f\u0131mda Bulut, &#8220;Kalp rahats\u0131zl\u0131\u011f\u0131 olan, 4 y\u0131lda 3 anjiyo ge\u00e7iren, 6 stent tak\u0131lan \u0130BB Genel Sekreter Yard\u0131mc\u0131m\u0131z Mahir Polat&#8217;\u0131n tutukluluk hali devam edemez. Bu yap\u0131lan zul\u00fcmd\u00fcr! Hukuksuz bir \u015fekilde tutuklanan Mahir Polat, bir an \u00f6nce serbest b\u0131rak\u0131lmal\u0131d\u0131r!&#8221; ifadelerini kulland\u0131. MAH\u0130R POLAT DAHA \u00d6NCES\u0130NDE A\u00c7IKLAMA YAPMI\u015eTI\u00a0 Mahir Polat, 21 \u015eubat tarihinde yapt\u0131\u011f\u0131 payla\u015f\u0131mda, 4 sene i\u00e7inde \u00fc\u00e7\u00fcnc\u00fc kez anjiyo oldu\u011funu a\u00e7\u0131klam\u0131\u015ft\u0131. 3 anjiyo sonucu kalbine 6 stent tak\u0131ld\u0131\u011f\u0131n\u0131 aktaran Polat, 2 damar\u0131ndaki t\u0131kanmay\u0131 takip etmek zorunda oldu\u011funu kaydetmi\u015fti. \u00a0 \u200bSilivri Cezaevi&#8217;nde olan \u0130stanbul B\u00fcy\u00fck\u015fehir Belediyesi Genel Sekreter Yard\u0131mc\u0131s\u0131 Mahir Polat, ya\u015fad\u0131\u011f\u0131 sa\u011fl\u0131k sorunu nedeniyle hastaneye kald\u0131r\u0131ld\u0131. Polat&#8217;\u0131n daha \u00f6ncesinde ge\u00e7irdi\u011fi kalp rahats\u0131zl\u0131\u011f\u0131 nedeniyle 4 y\u0131lda 3 anjiyo ge\u00e7irdi\u011fi, 6 stent tak\u0131ld\u0131\u011f\u0131 \u00f6\u011frenildi.\u00a0 \u200bHaberin Al\u0131nt\u0131land\u0131\u011f\u0131 Kaynak: www.antalyakorfez.com<\/p>","protected":false},"author":5,"featured_media":0,"comment_status":"","ping_status":"open","sticky":false,"template":"","format":"standard","meta":{"_acf_changed":false,"footnotes":""},"categories":[24],"tags":[],"class_list":["post-37250","post","type-post","status-publish","format-standard","has-post-thumbnail","hentry","category-gundem"],"acf":[],"yoast_head":"<!-- This site is optimized with the Yoast SEO Premium plugin v26.6 (Yoast SEO v27.1.1) - https:\/\/yoast.com\/product\/yoast-seo-premium-wordpress\/ -->\n<title>Mahir Polat&#039;\u0131n sa\u011fl\u0131k durumu ciddi - Av. Deniz Can K\u0131z\u0131l<\/title>\n<meta name=\"robots\" content=\"index, follow, max-snippet:-1, max-image-preview:large, max-video-preview:-1\" \/>\n<link rel=\"canonical\" href=\"https:\/\/denizcankizil.tr\/ru\/haberler\/gundem\/mahir-polatin-saglik-durumu-ciddi\/\" \/>\n<meta property=\"og:locale\" content=\"ru_RU\" \/>\n<meta property=\"og:type\" content=\"article\" \/>\n<meta property=\"og:title\" content=\"Mahir Polat&#039;\u0131n sa\u011fl\u0131k durumu ciddi\" \/>\n<meta property=\"og:description\" content=\"\u0130stanbul B\u00fcy\u00fck\u015fehir Belediyesi&#8217;ne (\u0130BB) y\u00f6nelik soru\u015fturma kapsam\u0131nda tutuklanarak Silivri Cezaevi&#8217;ne (Marmara Kapal\u0131 Ceza \u0130nfaz Kurumu) g\u00f6nderilen \u0130BB Genel Sekreter Yard\u0131mc\u0131s\u0131 Mahir Polat hastaneye kald\u0131r\u0131ld\u0131. CEZAEV\u0130NDE RAHATSIZLANDI Tutuklu bulundu\u011fu Silivri Cezaevi\u2019nde rahats\u0131zlanan Mahir Polat&#8217;\u0131n, Silivri Devlet Hastanesi Kardiyoloji B\u00f6l\u00fcm\u00fc\u2019ne sevk edildi\u011fi \u00f6\u011frenildi. CHP Genel Ba\u015fkan Yard\u0131mc\u0131s\u0131 Burhanettin Bulut, Mahir Polat&#8217;\u0131n bir an \u00f6nce serbest b\u0131rak\u0131lmas\u0131 gerekti\u011fini ifade etti. 4 YILDA 3 ANJ\u0130O GE\u00c7\u0130RD\u0130\u00a0 Sosyal medya hesab\u0131ndan yapt\u0131\u011f\u0131 payla\u015f\u0131mda Bulut, &#8220;Kalp rahats\u0131zl\u0131\u011f\u0131 olan, 4 y\u0131lda 3 anjiyo ge\u00e7iren, 6 stent tak\u0131lan \u0130BB Genel Sekreter Yard\u0131mc\u0131m\u0131z Mahir Polat&#8217;\u0131n tutukluluk hali devam edemez. Bu yap\u0131lan zul\u00fcmd\u00fcr! Hukuksuz bir \u015fekilde tutuklanan Mahir Polat, bir an \u00f6nce serbest b\u0131rak\u0131lmal\u0131d\u0131r!&#8221; ifadelerini kulland\u0131. MAH\u0130R POLAT DAHA \u00d6NCES\u0130NDE A\u00c7IKLAMA YAPMI\u015eTI\u00a0 Mahir Polat, 21 \u015eubat tarihinde yapt\u0131\u011f\u0131 payla\u015f\u0131mda, 4 sene i\u00e7inde \u00fc\u00e7\u00fcnc\u00fc kez anjiyo oldu\u011funu a\u00e7\u0131klam\u0131\u015ft\u0131. 3 anjiyo sonucu kalbine 6 stent tak\u0131ld\u0131\u011f\u0131n\u0131 aktaran Polat, 2 damar\u0131ndaki t\u0131kanmay\u0131 takip etmek zorunda oldu\u011funu kaydetmi\u015fti. \u00a0 \u200bSilivri Cezaevi&#8217;nde olan \u0130stanbul B\u00fcy\u00fck\u015fehir Belediyesi Genel Sekreter Yard\u0131mc\u0131s\u0131 Mahir Polat, ya\u015fad\u0131\u011f\u0131 sa\u011fl\u0131k sorunu nedeniyle hastaneye kald\u0131r\u0131ld\u0131. Polat&#8217;\u0131n daha \u00f6ncesinde ge\u00e7irdi\u011fi kalp rahats\u0131zl\u0131\u011f\u0131 nedeniyle 4 y\u0131lda 3 anjiyo ge\u00e7irdi\u011fi, 6 stent tak\u0131ld\u0131\u011f\u0131 \u00f6\u011frenildi.\u00a0 \u200bHaberin Al\u0131nt\u0131land\u0131\u011f\u0131 Kaynak: www.antalyakorfez.com\" \/>\n<meta property=\"og:url\" content=\"https:\/\/denizcankizil.tr\/ru\/haberler\/gundem\/mahir-polatin-saglik-durumu-ciddi\/\" \/>\n<meta property=\"og:site_name\" content=\"Av. Deniz Can K\u0131z\u0131l\" \/>\n<meta property=\"article:published_time\" content=\"2025-03-27T09:42:06+00:00\" \/>\n<meta name=\"author\" content=\"Antalya K\u00f6rfez\" \/>\n<meta name=\"twitter:card\" content=\"summary_large_image\" \/>\n<meta name=\"twitter:label1\" content=\"\u041d\u0430\u043f\u0438\u0441\u0430\u043d\u043e \u0430\u0432\u0442\u043e\u0440\u043e\u043c\" \/>\n\t<meta name=\"twitter:data1\" content=\"Antalya K\u00f6rfez\" \/>\n\t<meta name=\"twitter:label2\" content=\"\u041f\u0440\u0438\u043c\u0435\u0440\u043d\u043e\u0435 \u0432\u0440\u0435\u043c\u044f \u0434\u043b\u044f \u0447\u0442\u0435\u043d\u0438\u044f\" \/>\n\t<meta name=\"twitter:data2\" content=\"1 \u043c\u0438\u043d\u0443\u0442\u0430\" \/>\n<script type=\"application\/ld+json\" class=\"yoast-schema-graph\">{\"@context\":\"https:\/\/schema.org\",\"@graph\":[{\"@type\":\"Article\",\"@id\":\"https:\/\/denizcankizil.tr\/ru\/haberler\/gundem\/mahir-polatin-saglik-durumu-ciddi\/#article\",\"isPartOf\":{\"@id\":\"https:\/\/denizcankizil.tr\/ru\/haberler\/gundem\/mahir-polatin-saglik-durumu-ciddi\/\"},\"author\":{\"name\":\"Antalya K\u00f6rfez\",\"@id\":\"https:\/\/denizcankizil.tr\/de\/#\/schema\/person\/e1eb71bb4dd684d46563f0af307e1234\"},\"headline\":\"Mahir Polat&#8217;\u0131n sa\u011fl\u0131k durumu ciddi\",\"datePublished\":\"2025-03-27T09:42:06+00:00\",\"mainEntityOfPage\":{\"@id\":\"https:\/\/denizcankizil.tr\/ru\/haberler\/gundem\/mahir-polatin-saglik-durumu-ciddi\/\"},\"wordCount\":261,\"publisher\":{\"@id\":\"https:\/\/denizcankizil.tr\/de\/#organization\"},\"articleSection\":[\"G\u00fcndem\"],\"inLanguage\":\"ru-RU\"},{\"@type\":\"WebPage\",\"@id\":\"https:\/\/denizcankizil.tr\/ru\/haberler\/gundem\/mahir-polatin-saglik-durumu-ciddi\/\",\"url\":\"https:\/\/denizcankizil.tr\/ru\/haberler\/gundem\/mahir-polatin-saglik-durumu-ciddi\/\",\"name\":\"Mahir Polat'\u0131n sa\u011fl\u0131k durumu ciddi - Av. Deniz Can K\u0131z\u0131l\",\"isPartOf\":{\"@id\":\"https:\/\/denizcankizil.tr\/de\/#website\"},\"datePublished\":\"2025-03-27T09:42:06+00:00\",\"breadcrumb\":{\"@id\":\"https:\/\/denizcankizil.tr\/ru\/haberler\/gundem\/mahir-polatin-saglik-durumu-ciddi\/#breadcrumb\"},\"inLanguage\":\"ru-RU\",\"potentialAction\":[{\"@type\":\"ReadAction\",\"target\":[\"https:\/\/denizcankizil.tr\/ru\/haberler\/gundem\/mahir-polatin-saglik-durumu-ciddi\/\"]}]},{\"@type\":\"BreadcrumbList\",\"@id\":\"https:\/\/denizcankizil.tr\/ru\/haberler\/gundem\/mahir-polatin-saglik-durumu-ciddi\/#breadcrumb\",\"itemListElement\":[{\"@type\":\"ListItem\",\"position\":1,\"name\":\"Home\",\"item\":\"https:\/\/denizcankizil.tr\/de\/\"},{\"@type\":\"ListItem\",\"position\":2,\"name\":\"Mahir Polat&#8217;\u0131n sa\u011fl\u0131k durumu ciddi\"}]},{\"@type\":\"WebSite\",\"@id\":\"https:\/\/denizcankizil.tr\/de\/#website\",\"url\":\"https:\/\/denizcankizil.tr\/de\/\",\"name\":\"Av. Deniz Can K\u0131z\u0131l\",\"description\":\"Avukat Deniz Can K\u0131z\u0131l Antalya Barosu\",\"publisher\":{\"@id\":\"https:\/\/denizcankizil.tr\/de\/#organization\"},\"potentialAction\":[{\"@type\":\"SearchAction\",\"target\":{\"@type\":\"EntryPoint\",\"urlTemplate\":\"https:\/\/denizcankizil.tr\/de\/?s={search_term_string}\"},\"query-input\":{\"@type\":\"PropertyValueSpecification\",\"valueRequired\":true,\"valueName\":\"search_term_string\"}}],\"inLanguage\":\"ru-RU\"},{\"@type\":\"Organization\",\"@id\":\"https:\/\/denizcankizil.tr\/de\/#organization\",\"name\":\"Av. Deniz Can K\u0131z\u0131l\",\"url\":\"https:\/\/denizcankizil.tr\/de\/\",\"logo\":{\"@type\":\"ImageObject\",\"inLanguage\":\"ru-RU\",\"@id\":\"https:\/\/denizcankizil.tr\/de\/#\/schema\/logo\/image\/\",\"url\":\"https:\/\/denizcankizil.tr\/wp-content\/uploads\/2024\/10\/siyah-logo-svg.svg\",\"contentUrl\":\"https:\/\/denizcankizil.tr\/wp-content\/uploads\/2024\/10\/siyah-logo-svg.svg\",\"width\":1080,\"height\":1080,\"caption\":\"Av. Deniz Can K\u0131z\u0131l\"},\"image\":{\"@id\":\"https:\/\/denizcankizil.tr\/de\/#\/schema\/logo\/image\/\"}},{\"@type\":\"Person\",\"@id\":\"https:\/\/denizcankizil.tr\/de\/#\/schema\/person\/e1eb71bb4dd684d46563f0af307e1234\",\"name\":\"Antalya K\u00f6rfez\",\"image\":{\"@type\":\"ImageObject\",\"inLanguage\":\"ru-RU\",\"@id\":\"https:\/\/denizcankizil.tr\/de\/#\/schema\/person\/image\/\",\"url\":\"https:\/\/secure.gravatar.com\/avatar\/42b01982558a48a0b501fdcab6a408d3717ea5919095ee2e67b0e521799c5905?s=96&d=mm&r=g\",\"contentUrl\":\"https:\/\/secure.gravatar.com\/avatar\/42b01982558a48a0b501fdcab6a408d3717ea5919095ee2e67b0e521799c5905?s=96&d=mm&r=g\",\"caption\":\"Antalya K\u00f6rfez\"},\"sameAs\":[\"http:\/\/www.antalyakorfez.com\"],\"url\":\"https:\/\/www.antalyakorfez.com\/mahir-polatin-saglik-durumu-ciddi\"}]}<\/script>\n<!-- \/ Yoast SEO Premium plugin. -->","yoast_head_json":{"title":"Mahir Polat'\u0131n sa\u011fl\u0131k durumu ciddi - Av. Deniz Can K\u0131z\u0131l","robots":{"index":"index","follow":"follow","max-snippet":"max-snippet:-1","max-image-preview":"max-image-preview:large","max-video-preview":"max-video-preview:-1"},"canonical":"https:\/\/denizcankizil.tr\/ru\/haberler\/gundem\/mahir-polatin-saglik-durumu-ciddi\/","og_locale":"ru_RU","og_type":"article","og_title":"Mahir Polat'\u0131n sa\u011fl\u0131k durumu ciddi","og_description":"\u0130stanbul B\u00fcy\u00fck\u015fehir Belediyesi&#8217;ne (\u0130BB) y\u00f6nelik soru\u015fturma kapsam\u0131nda tutuklanarak Silivri Cezaevi&#8217;ne (Marmara Kapal\u0131 Ceza \u0130nfaz Kurumu) g\u00f6nderilen \u0130BB Genel Sekreter Yard\u0131mc\u0131s\u0131 Mahir Polat hastaneye kald\u0131r\u0131ld\u0131. CEZAEV\u0130NDE RAHATSIZLANDI Tutuklu bulundu\u011fu Silivri Cezaevi\u2019nde rahats\u0131zlanan Mahir Polat&#8217;\u0131n, Silivri Devlet Hastanesi Kardiyoloji B\u00f6l\u00fcm\u00fc\u2019ne sevk edildi\u011fi \u00f6\u011frenildi. CHP Genel Ba\u015fkan Yard\u0131mc\u0131s\u0131 Burhanettin Bulut, Mahir Polat&#8217;\u0131n bir an \u00f6nce serbest b\u0131rak\u0131lmas\u0131 gerekti\u011fini ifade etti. 4 YILDA 3 ANJ\u0130O GE\u00c7\u0130RD\u0130\u00a0 Sosyal medya hesab\u0131ndan yapt\u0131\u011f\u0131 payla\u015f\u0131mda Bulut, &#8220;Kalp rahats\u0131zl\u0131\u011f\u0131 olan, 4 y\u0131lda 3 anjiyo ge\u00e7iren, 6 stent tak\u0131lan \u0130BB Genel Sekreter Yard\u0131mc\u0131m\u0131z Mahir Polat&#8217;\u0131n tutukluluk hali devam edemez. Bu yap\u0131lan zul\u00fcmd\u00fcr! Hukuksuz bir \u015fekilde tutuklanan Mahir Polat, bir an \u00f6nce serbest b\u0131rak\u0131lmal\u0131d\u0131r!&#8221; ifadelerini kulland\u0131. MAH\u0130R POLAT DAHA \u00d6NCES\u0130NDE A\u00c7IKLAMA YAPMI\u015eTI\u00a0 Mahir Polat, 21 \u015eubat tarihinde yapt\u0131\u011f\u0131 payla\u015f\u0131mda, 4 sene i\u00e7inde \u00fc\u00e7\u00fcnc\u00fc kez anjiyo oldu\u011funu a\u00e7\u0131klam\u0131\u015ft\u0131. 3 anjiyo sonucu kalbine 6 stent tak\u0131ld\u0131\u011f\u0131n\u0131 aktaran Polat, 2 damar\u0131ndaki t\u0131kanmay\u0131 takip etmek zorunda oldu\u011funu kaydetmi\u015fti. \u00a0 \u200bSilivri Cezaevi&#8217;nde olan \u0130stanbul B\u00fcy\u00fck\u015fehir Belediyesi Genel Sekreter Yard\u0131mc\u0131s\u0131 Mahir Polat, ya\u015fad\u0131\u011f\u0131 sa\u011fl\u0131k sorunu nedeniyle hastaneye kald\u0131r\u0131ld\u0131. Polat&#8217;\u0131n daha \u00f6ncesinde ge\u00e7irdi\u011fi kalp rahats\u0131zl\u0131\u011f\u0131 nedeniyle 4 y\u0131lda 3 anjiyo ge\u00e7irdi\u011fi, 6 stent tak\u0131ld\u0131\u011f\u0131 \u00f6\u011frenildi.\u00a0 \u200bHaberin Al\u0131nt\u0131land\u0131\u011f\u0131 Kaynak: www.antalyakorfez.com","og_url":"https:\/\/denizcankizil.tr\/ru\/haberler\/gundem\/mahir-polatin-saglik-durumu-ciddi\/","og_site_name":"Av. Deniz Can K\u0131z\u0131l","article_published_time":"2025-03-27T09:42:06+00:00","author":"Antalya K\u00f6rfez","twitter_card":"summary_large_image","twitter_misc":{"\u041d\u0430\u043f\u0438\u0441\u0430\u043d\u043e \u0430\u0432\u0442\u043e\u0440\u043e\u043c":"Antalya K\u00f6rfez","\u041f\u0440\u0438\u043c\u0435\u0440\u043d\u043e\u0435 \u0432\u0440\u0435\u043c\u044f \u0434\u043b\u044f \u0447\u0442\u0435\u043d\u0438\u044f":"1 \u043c\u0438\u043d\u0443\u0442\u0430"},"schema":{"@context":"https:\/\/schema.org","@graph":[{"@type":"Article","@id":"https:\/\/denizcankizil.tr\/ru\/haberler\/gundem\/mahir-polatin-saglik-durumu-ciddi\/#article","isPartOf":{"@id":"https:\/\/denizcankizil.tr\/ru\/haberler\/gundem\/mahir-polatin-saglik-durumu-ciddi\/"},"author":{"name":"Antalya K\u00f6rfez","@id":"https:\/\/denizcankizil.tr\/de\/#\/schema\/person\/e1eb71bb4dd684d46563f0af307e1234"},"headline":"Mahir Polat&#8217;\u0131n sa\u011fl\u0131k durumu ciddi","datePublished":"2025-03-27T09:42:06+00:00","mainEntityOfPage":{"@id":"https:\/\/denizcankizil.tr\/ru\/haberler\/gundem\/mahir-polatin-saglik-durumu-ciddi\/"},"wordCount":261,"publisher":{"@id":"https:\/\/denizcankizil.tr\/de\/#organization"},"articleSection":["G\u00fcndem"],"inLanguage":"ru-RU"},{"@type":"WebPage","@id":"https:\/\/denizcankizil.tr\/ru\/haberler\/gundem\/mahir-polatin-saglik-durumu-ciddi\/","url":"https:\/\/denizcankizil.tr\/ru\/haberler\/gundem\/mahir-polatin-saglik-durumu-ciddi\/","name":"Mahir Polat'\u0131n sa\u011fl\u0131k durumu ciddi - Av. Deniz Can K\u0131z\u0131l","isPartOf":{"@id":"https:\/\/denizcankizil.tr\/de\/#website"},"datePublished":"2025-03-27T09:42:06+00:00","breadcrumb":{"@id":"https:\/\/denizcankizil.tr\/ru\/haberler\/gundem\/mahir-polatin-saglik-durumu-ciddi\/#breadcrumb"},"inLanguage":"ru-RU","potentialAction":[{"@type":"ReadAction","target":["https:\/\/denizcankizil.tr\/ru\/haberler\/gundem\/mahir-polatin-saglik-durumu-ciddi\/"]}]},{"@type":"BreadcrumbList","@id":"https:\/\/denizcankizil.tr\/ru\/haberler\/gundem\/mahir-polatin-saglik-durumu-ciddi\/#breadcrumb","itemListElement":[{"@type":"ListItem","position":1,"name":"Home","item":"https:\/\/denizcankizil.tr\/de\/"},{"@type":"ListItem","position":2,"name":"Mahir Polat&#8217;\u0131n sa\u011fl\u0131k durumu ciddi"}]},{"@type":"WebSite","@id":"https:\/\/denizcankizil.tr\/de\/#website","url":"https:\/\/denizcankizil.tr\/de\/","name":"Av. Deniz Can K\u0131z\u0131l","description":"Avukat Deniz Can K\u0131z\u0131l Antalya Barosu","publisher":{"@id":"https:\/\/denizcankizil.tr\/de\/#organization"},"potentialAction":[{"@type":"SearchAction","target":{"@type":"EntryPoint","urlTemplate":"https:\/\/denizcankizil.tr\/de\/?s={search_term_string}"},"query-input":{"@type":"PropertyValueSpecification","valueRequired":true,"valueName":"search_term_string"}}],"inLanguage":"ru-RU"},{"@type":"Organization","@id":"https:\/\/denizcankizil.tr\/de\/#organization","name":"Av. Deniz Can K\u0131z\u0131l","url":"https:\/\/denizcankizil.tr\/de\/","logo":{"@type":"ImageObject","inLanguage":"ru-RU","@id":"https:\/\/denizcankizil.tr\/de\/#\/schema\/logo\/image\/","url":"https:\/\/denizcankizil.tr\/wp-content\/uploads\/2024\/10\/siyah-logo-svg.svg","contentUrl":"https:\/\/denizcankizil.tr\/wp-content\/uploads\/2024\/10\/siyah-logo-svg.svg","width":1080,"height":1080,"caption":"Av. Deniz Can K\u0131z\u0131l"},"image":{"@id":"https:\/\/denizcankizil.tr\/de\/#\/schema\/logo\/image\/"}},{"@type":"Person","@id":"https:\/\/denizcankizil.tr\/de\/#\/schema\/person\/e1eb71bb4dd684d46563f0af307e1234","name":"Antalya K\u00f6rfez","image":{"@type":"ImageObject","inLanguage":"ru-RU","@id":"https:\/\/denizcankizil.tr\/de\/#\/schema\/person\/image\/","url":"https:\/\/secure.gravatar.com\/avatar\/42b01982558a48a0b501fdcab6a408d3717ea5919095ee2e67b0e521799c5905?s=96&d=mm&r=g","contentUrl":"https:\/\/secure.gravatar.com\/avatar\/42b01982558a48a0b501fdcab6a408d3717ea5919095ee2e67b0e521799c5905?s=96&d=mm&r=g","caption":"Antalya K\u00f6rfez"},"sameAs":["http:\/\/www.antalyakorfez.com"],"url":"https:\/\/www.antalyakorfez.com\/mahir-polatin-saglik-durumu-ciddi"}]}},"_links":{"self":[{"href":"https:\/\/denizcankizil.tr\/ru\/wp-json\/wp\/v2\/posts\/37250","targetHints":{"allow":["GET"]}}],"collection":[{"href":"https:\/\/denizcankizil.tr\/ru\/wp-json\/wp\/v2\/posts"}],"about":[{"href":"https:\/\/denizcankizil.tr\/ru\/wp-json\/wp\/v2\/types\/post"}],"author":[{"embeddable":true,"href":"https:\/\/denizcankizil.tr\/ru\/wp-json\/wp\/v2\/users\/5"}],"replies":[{"embeddable":true,"href":"https:\/\/denizcankizil.tr\/ru\/wp-json\/wp\/v2\/comments?post=37250"}],"version-history":[{"count":0,"href":"https:\/\/denizcankizil.tr\/ru\/wp-json\/wp\/v2\/posts\/37250\/revisions"}],"wp:attachment":[{"href":"https:\/\/denizcankizil.tr\/ru\/wp-json\/wp\/v2\/media?parent=37250"}],"wp:term":[{"taxonomy":"category","embeddable":true,"href":"https:\/\/denizcankizil.tr\/ru\/wp-json\/wp\/v2\/categories?post=37250"},{"taxonomy":"post_tag","embeddable":true,"href":"https:\/\/denizcankizil.tr\/ru\/wp-json\/wp\/v2\/tags?post=37250"}],"curies":[{"name":"wp","href":"https:\/\/api.w.org\/{rel}","templated":true}]}}