{"id":37138,"date":"2025-03-26T15:41:55","date_gmt":"2025-03-26T12:41:55","guid":{"rendered":"https:\/\/denizcankizil.tr\/uncategorized-tr\/dr-boykotuna-ceyrek-asirlik-sahaftan-cevap-kitap-almak-bir-durustur\/"},"modified":"2025-03-26T15:41:55","modified_gmt":"2025-03-26T12:41:55","slug":"dr-boykotuna-ceyrek-asirlik-sahaftan-cevap-kitap-almak-bir-durustur","status":"publish","type":"post","link":"https:\/\/denizcankizil.tr\/ru\/haberler\/gundem\/dr-boykotuna-ceyrek-asirlik-sahaftan-cevap-kitap-almak-bir-durustur\/","title":{"rendered":"D&amp;R boykotuna \u00e7eyrek as\u0131rl\u0131k sahaftan cevap: Kitap almak bir duru\u015ftur"},"content":{"rendered":"<p>\u0130stanbul B\u00fcy\u00fck\u015fehir Belediye Ba\u015fkan\u0131 Ekrem \u0130mamo\u011flu\u2019nun tutuklamas\u0131n\u0131n ard\u0131ndan ba\u015flayan s\u00fcre\u00e7te CHP Genel Ba\u015fkan\u0131 \u00d6zg\u00fcr \u00d6zel, eylemleri g\u00f6rmezden gelen yay\u0131n organlar\u0131 ile h\u00fck\u00fcmete yak\u0131n oldu\u011funu iddia etti\u011fi marka ve \u00fcr\u00fcnleri kamuoyu ile payla\u015ft\u0131. \u00d6zel\u2019in a\u00e7\u0131klad\u0131\u011f\u0131 markalar aras\u0131nda D&amp;R de yer ald\u0131. \u00a0\u00d6zel\u2019in boykot \u00e7a\u011fr\u0131s\u0131na kar\u015f\u0131n Ak Partililer de D&amp;R po\u015feti ile foto\u011fraf payla\u015fmaya ba\u015flad\u0131.<\/p>\n<p>AK PART\u0130L\u0130LER D&amp;R PO\u015eET\u0130 \u0130LE POZ VERD\u0130<\/p>\n<p>Sosyal medyada D&amp;R \u00f6n\u00fcnde uzun kuyruk olu\u015fturan Ak Partililerin kitap al\u0131\u015fveri\u015finden sonra yine \u00d6zg\u00fcr \u00d6zel taraf\u0131ndan boykot listesine eklenen kahveci Espressolab&#8217;de kahve i\u00e7ti\u011fi g\u00f6r\u00fcld\u00fc. \u00c7ok say\u0131da Ak Partili bu \u015fekilde poz vererek sosyal medyada payla\u015ft\u0131. Payla\u015f\u0131mlarda D&amp;R ve Espressolab markalar\u0131na y\u00f6nelik g\u00fczellemeler yer ald\u0131.<\/p>\n<p>K\u0130TAP OKUMAK B\u0130R K\u00dcLT\u00dcRD\u00dcR<\/p>\n<p>A\u011f\u0131rl\u0131kl\u0131 olarak kitap \u00fczerinden d\u00f6nen tart\u0131\u015fmaya Antalya\u2019da 25 y\u0131ld\u0131r ikinci el kitap sat\u0131\u015f\u0131 yapar Kitapkurdu Sahaf da kat\u0131ld\u0131. Kitap okuman\u0131n ve sat\u0131n bir k\u00fclt\u00fcr oldu\u011funu s\u00f6yleyen Kitapkurdu Sahaf sahibi Erol Mal\u00e7ok, kitab\u0131n end\u00fcstriyel bir metaya d\u00f6n\u00fc\u015ft\u00fcr\u00fclemeyece\u011fini s\u00f6yledi. Mal\u00e7ok, \u201cKitabevini a\u00e7t\u0131\u011f\u0131m\u0131z 2000 y\u0131l\u0131ndan beri hep \u015funun \u00fczerinde durduk: Zincir ma\u011fazalardan de\u011fil, internet tekellerinden de\u011fil ba\u011f\u0131ms\u0131z kitabevlerinden al\u0131n kitab\u0131n\u0131z\u0131\u201d dedi.<\/p>\n<p>K\u0130TAP OKUMAK DAYANI\u015eMADIR<\/p>\n<p>Sahafta kitapseverlerle bulu Mal\u00e7ok, kitap okuman\u0131n ve sat\u0131n alman\u0131n bir duru\u015f oldu\u011funu s\u00f6yledi. Erol Mal\u00e7ok, \u201cZira kitap almak yaln\u0131zca kitap almak de\u011fildir! Bir duru\u015ftur, en \u00f6nemli sosyalle\u015fme bi\u00e7imidir, dayan\u0131\u015fmad\u0131r, tan\u0131\u015f\u0131kl\u0131kt\u0131r kitap\u00e7\u0131-yazar, \u015fair, ele\u015ftirmen-\u00e7evirmen ve kitap tutkunlar\u0131yla. Ucuz diye tekellerden \u00fc\u00e7 kitap alaca\u011f\u0131n\u0131za ba\u011f\u0131ms\u0131zlardan iki kitap al\u0131n hemhal olun, dayan\u0131\u015f\u0131n, mekan\u0131n ruhunu hissedin, okudu\u011funuzu payla\u015f\u0131n i\u00e7inizde kalmas\u0131n\u201d diye konu\u015ftu.<\/p>\n<p>\u200bCHP Genel Ba\u015fkan\u0131 \u00d6zg\u00fcr \u00d6zel,\u00a0 boykot edilecek marka ve \u00fcr\u00fcnleri if\u015fa etti. A\u00e7\u0131klanan markalar aras\u0131nda D&amp;R\u2019de yer ald\u0131. Boykota kar\u015f\u0131l\u0131k AK Partililer D&amp;R\u2019dan kitap al\u0131p sosyal medyada payla\u015ft\u0131. 25 y\u0131ld\u0131r Antalya\u2019da sahaf\u00e7\u0131l\u0131k yapan Erol Mal\u00e7ok, kitap boykotuna farkl\u0131 bir bak\u0131\u015f a\u00e7\u0131s\u0131 getirdi. Mal\u00e7ok, \u201cKitap almak yaln\u0131zca kitap almak de\u011fildir! Bir duru\u015ftur, en \u00f6nemli sosyalle\u015fme bi\u00e7imidir, dayan\u0131\u015fmad\u0131r\u201d dedi\u00a0<\/p>\n<p>\u200bHaberin Al\u0131nt\u0131land\u0131\u011f\u0131 Kaynak: www.antalyakorfez.com<\/p>","protected":false},"excerpt":{"rendered":"<p>\u0130stanbul B\u00fcy\u00fck\u015fehir Belediye Ba\u015fkan\u0131 Ekrem \u0130mamo\u011flu\u2019nun tutuklamas\u0131n\u0131n ard\u0131ndan ba\u015flayan s\u00fcre\u00e7te CHP Genel Ba\u015fkan\u0131 \u00d6zg\u00fcr \u00d6zel, eylemleri g\u00f6rmezden gelen yay\u0131n organlar\u0131 ile h\u00fck\u00fcmete yak\u0131n oldu\u011funu iddia etti\u011fi marka ve \u00fcr\u00fcnleri kamuoyu ile payla\u015ft\u0131. \u00d6zel\u2019in a\u00e7\u0131klad\u0131\u011f\u0131 markalar aras\u0131nda D&amp;R de yer ald\u0131. \u00a0\u00d6zel\u2019in boykot \u00e7a\u011fr\u0131s\u0131na kar\u015f\u0131n Ak Partililer de D&amp;R po\u015feti ile foto\u011fraf payla\u015fmaya ba\u015flad\u0131. AK PART\u0130L\u0130LER D&amp;R PO\u015eET\u0130 \u0130LE POZ VERD\u0130 Sosyal medyada D&amp;R \u00f6n\u00fcnde uzun kuyruk olu\u015fturan Ak Partililerin kitap al\u0131\u015fveri\u015finden sonra yine \u00d6zg\u00fcr \u00d6zel taraf\u0131ndan boykot listesine eklenen kahveci Espressolab&#8217;de kahve i\u00e7ti\u011fi g\u00f6r\u00fcld\u00fc. \u00c7ok say\u0131da Ak Partili bu \u015fekilde poz vererek sosyal medyada payla\u015ft\u0131. Payla\u015f\u0131mlarda D&amp;R ve Espressolab markalar\u0131na y\u00f6nelik g\u00fczellemeler yer ald\u0131. K\u0130TAP OKUMAK B\u0130R K\u00dcLT\u00dcRD\u00dcR A\u011f\u0131rl\u0131kl\u0131 olarak kitap \u00fczerinden d\u00f6nen tart\u0131\u015fmaya Antalya\u2019da 25 y\u0131ld\u0131r ikinci el kitap sat\u0131\u015f\u0131 yapar Kitapkurdu Sahaf da kat\u0131ld\u0131. Kitap okuman\u0131n ve sat\u0131n bir k\u00fclt\u00fcr oldu\u011funu s\u00f6yleyen Kitapkurdu Sahaf sahibi Erol Mal\u00e7ok, kitab\u0131n end\u00fcstriyel bir metaya d\u00f6n\u00fc\u015ft\u00fcr\u00fclemeyece\u011fini s\u00f6yledi. Mal\u00e7ok, \u201cKitabevini a\u00e7t\u0131\u011f\u0131m\u0131z 2000 y\u0131l\u0131ndan beri hep \u015funun \u00fczerinde durduk: Zincir ma\u011fazalardan de\u011fil, internet tekellerinden de\u011fil ba\u011f\u0131ms\u0131z kitabevlerinden al\u0131n kitab\u0131n\u0131z\u0131\u201d dedi. K\u0130TAP OKUMAK DAYANI\u015eMADIR Sahafta kitapseverlerle bulu Mal\u00e7ok, kitap okuman\u0131n ve sat\u0131n alman\u0131n bir duru\u015f oldu\u011funu s\u00f6yledi. Erol Mal\u00e7ok, \u201cZira kitap almak yaln\u0131zca kitap almak de\u011fildir! Bir duru\u015ftur, en \u00f6nemli sosyalle\u015fme bi\u00e7imidir, dayan\u0131\u015fmad\u0131r, tan\u0131\u015f\u0131kl\u0131kt\u0131r kitap\u00e7\u0131-yazar, &hellip;<\/p>","protected":false},"author":5,"featured_media":0,"comment_status":"","ping_status":"open","sticky":false,"template":"","format":"standard","meta":{"_acf_changed":false,"footnotes":""},"categories":[24],"tags":[],"class_list":["post-37138","post","type-post","status-publish","format-standard","has-post-thumbnail","hentry","category-gundem"],"acf":[],"yoast_head":"<!-- This site is optimized with the Yoast SEO Premium plugin v26.6 (Yoast SEO v27.1.1) - https:\/\/yoast.com\/product\/yoast-seo-premium-wordpress\/ -->\n<title>D&amp;R boykotuna \u00e7eyrek as\u0131rl\u0131k sahaftan cevap: Kitap almak bir duru\u015ftur - Av. Deniz Can K\u0131z\u0131l<\/title>\n<meta name=\"robots\" content=\"index, follow, max-snippet:-1, max-image-preview:large, max-video-preview:-1\" \/>\n<link rel=\"canonical\" href=\"https:\/\/denizcankizil.tr\/ru\/haberler\/gundem\/dr-boykotuna-ceyrek-asirlik-sahaftan-cevap-kitap-almak-bir-durustur\/\" \/>\n<meta property=\"og:locale\" content=\"ru_RU\" \/>\n<meta property=\"og:type\" content=\"article\" \/>\n<meta property=\"og:title\" content=\"D&amp;R boykotuna \u00e7eyrek as\u0131rl\u0131k sahaftan cevap: Kitap almak bir duru\u015ftur\" \/>\n<meta property=\"og:description\" content=\"\u0130stanbul B\u00fcy\u00fck\u015fehir Belediye Ba\u015fkan\u0131 Ekrem \u0130mamo\u011flu\u2019nun tutuklamas\u0131n\u0131n ard\u0131ndan ba\u015flayan s\u00fcre\u00e7te CHP Genel Ba\u015fkan\u0131 \u00d6zg\u00fcr \u00d6zel, eylemleri g\u00f6rmezden gelen yay\u0131n organlar\u0131 ile h\u00fck\u00fcmete yak\u0131n oldu\u011funu iddia etti\u011fi marka ve \u00fcr\u00fcnleri kamuoyu ile payla\u015ft\u0131. \u00d6zel\u2019in a\u00e7\u0131klad\u0131\u011f\u0131 markalar aras\u0131nda D&amp;R de yer ald\u0131. \u00a0\u00d6zel\u2019in boykot \u00e7a\u011fr\u0131s\u0131na kar\u015f\u0131n Ak Partililer de D&amp;R po\u015feti ile foto\u011fraf payla\u015fmaya ba\u015flad\u0131. AK PART\u0130L\u0130LER D&amp;R PO\u015eET\u0130 \u0130LE POZ VERD\u0130 Sosyal medyada D&amp;R \u00f6n\u00fcnde uzun kuyruk olu\u015fturan Ak Partililerin kitap al\u0131\u015fveri\u015finden sonra yine \u00d6zg\u00fcr \u00d6zel taraf\u0131ndan boykot listesine eklenen kahveci Espressolab&#8217;de kahve i\u00e7ti\u011fi g\u00f6r\u00fcld\u00fc. \u00c7ok say\u0131da Ak Partili bu \u015fekilde poz vererek sosyal medyada payla\u015ft\u0131. Payla\u015f\u0131mlarda D&amp;R ve Espressolab markalar\u0131na y\u00f6nelik g\u00fczellemeler yer ald\u0131. K\u0130TAP OKUMAK B\u0130R K\u00dcLT\u00dcRD\u00dcR A\u011f\u0131rl\u0131kl\u0131 olarak kitap \u00fczerinden d\u00f6nen tart\u0131\u015fmaya Antalya\u2019da 25 y\u0131ld\u0131r ikinci el kitap sat\u0131\u015f\u0131 yapar Kitapkurdu Sahaf da kat\u0131ld\u0131. Kitap okuman\u0131n ve sat\u0131n bir k\u00fclt\u00fcr oldu\u011funu s\u00f6yleyen Kitapkurdu Sahaf sahibi Erol Mal\u00e7ok, kitab\u0131n end\u00fcstriyel bir metaya d\u00f6n\u00fc\u015ft\u00fcr\u00fclemeyece\u011fini s\u00f6yledi. Mal\u00e7ok, \u201cKitabevini a\u00e7t\u0131\u011f\u0131m\u0131z 2000 y\u0131l\u0131ndan beri hep \u015funun \u00fczerinde durduk: Zincir ma\u011fazalardan de\u011fil, internet tekellerinden de\u011fil ba\u011f\u0131ms\u0131z kitabevlerinden al\u0131n kitab\u0131n\u0131z\u0131\u201d dedi. K\u0130TAP OKUMAK DAYANI\u015eMADIR Sahafta kitapseverlerle bulu Mal\u00e7ok, kitap okuman\u0131n ve sat\u0131n alman\u0131n bir duru\u015f oldu\u011funu s\u00f6yledi. Erol Mal\u00e7ok, \u201cZira kitap almak yaln\u0131zca kitap almak de\u011fildir! Bir duru\u015ftur, en \u00f6nemli sosyalle\u015fme bi\u00e7imidir, dayan\u0131\u015fmad\u0131r, tan\u0131\u015f\u0131kl\u0131kt\u0131r kitap\u00e7\u0131-yazar, &hellip;\" \/>\n<meta property=\"og:url\" content=\"https:\/\/denizcankizil.tr\/ru\/haberler\/gundem\/dr-boykotuna-ceyrek-asirlik-sahaftan-cevap-kitap-almak-bir-durustur\/\" \/>\n<meta property=\"og:site_name\" content=\"Av. Deniz Can K\u0131z\u0131l\" \/>\n<meta property=\"article:published_time\" content=\"2025-03-26T12:41:55+00:00\" \/>\n<meta name=\"author\" content=\"Antalya K\u00f6rfez\" \/>\n<meta name=\"twitter:card\" content=\"summary_large_image\" \/>\n<meta name=\"twitter:label1\" content=\"\u041d\u0430\u043f\u0438\u0441\u0430\u043d\u043e \u0430\u0432\u0442\u043e\u0440\u043e\u043c\" \/>\n\t<meta name=\"twitter:data1\" content=\"Antalya K\u00f6rfez\" \/>\n\t<meta name=\"twitter:label2\" content=\"\u041f\u0440\u0438\u043c\u0435\u0440\u043d\u043e\u0435 \u0432\u0440\u0435\u043c\u044f \u0434\u043b\u044f \u0447\u0442\u0435\u043d\u0438\u044f\" \/>\n\t<meta name=\"twitter:data2\" content=\"2 \u043c\u0438\u043d\u0443\u0442\u044b\" \/>\n<script type=\"application\/ld+json\" class=\"yoast-schema-graph\">{\"@context\":\"https:\/\/schema.org\",\"@graph\":[{\"@type\":\"Article\",\"@id\":\"https:\/\/denizcankizil.tr\/ru\/haberler\/gundem\/dr-boykotuna-ceyrek-asirlik-sahaftan-cevap-kitap-almak-bir-durustur\/#article\",\"isPartOf\":{\"@id\":\"https:\/\/denizcankizil.tr\/ru\/haberler\/gundem\/dr-boykotuna-ceyrek-asirlik-sahaftan-cevap-kitap-almak-bir-durustur\/\"},\"author\":{\"name\":\"Antalya K\u00f6rfez\",\"@id\":\"https:\/\/denizcankizil.tr\/#\/schema\/person\/e1eb71bb4dd684d46563f0af307e1234\"},\"headline\":\"D&amp;R boykotuna \u00e7eyrek as\u0131rl\u0131k sahaftan cevap: Kitap almak bir duru\u015ftur\",\"datePublished\":\"2025-03-26T12:41:55+00:00\",\"mainEntityOfPage\":{\"@id\":\"https:\/\/denizcankizil.tr\/ru\/haberler\/gundem\/dr-boykotuna-ceyrek-asirlik-sahaftan-cevap-kitap-almak-bir-durustur\/\"},\"wordCount\":476,\"publisher\":{\"@id\":\"https:\/\/denizcankizil.tr\/#organization\"},\"articleSection\":[\"G\u00fcndem\"],\"inLanguage\":\"ru-RU\"},{\"@type\":\"WebPage\",\"@id\":\"https:\/\/denizcankizil.tr\/ru\/haberler\/gundem\/dr-boykotuna-ceyrek-asirlik-sahaftan-cevap-kitap-almak-bir-durustur\/\",\"url\":\"https:\/\/denizcankizil.tr\/ru\/haberler\/gundem\/dr-boykotuna-ceyrek-asirlik-sahaftan-cevap-kitap-almak-bir-durustur\/\",\"name\":\"D&amp;R boykotuna \u00e7eyrek as\u0131rl\u0131k sahaftan cevap: Kitap almak bir duru\u015ftur - Av. Deniz Can K\u0131z\u0131l\",\"isPartOf\":{\"@id\":\"https:\/\/denizcankizil.tr\/#website\"},\"datePublished\":\"2025-03-26T12:41:55+00:00\",\"breadcrumb\":{\"@id\":\"https:\/\/denizcankizil.tr\/ru\/haberler\/gundem\/dr-boykotuna-ceyrek-asirlik-sahaftan-cevap-kitap-almak-bir-durustur\/#breadcrumb\"},\"inLanguage\":\"ru-RU\",\"potentialAction\":[{\"@type\":\"ReadAction\",\"target\":[\"https:\/\/denizcankizil.tr\/ru\/haberler\/gundem\/dr-boykotuna-ceyrek-asirlik-sahaftan-cevap-kitap-almak-bir-durustur\/\"]}]},{\"@type\":\"BreadcrumbList\",\"@id\":\"https:\/\/denizcankizil.tr\/ru\/haberler\/gundem\/dr-boykotuna-ceyrek-asirlik-sahaftan-cevap-kitap-almak-bir-durustur\/#breadcrumb\",\"itemListElement\":[{\"@type\":\"ListItem\",\"position\":1,\"name\":\"Home\",\"item\":\"https:\/\/denizcankizil.tr\/de\/\"},{\"@type\":\"ListItem\",\"position\":2,\"name\":\"D&amp;R boykotuna \u00e7eyrek as\u0131rl\u0131k sahaftan cevap: Kitap almak bir duru\u015ftur\"}]},{\"@type\":\"WebSite\",\"@id\":\"https:\/\/denizcankizil.tr\/#website\",\"url\":\"https:\/\/denizcankizil.tr\/\",\"name\":\"Av. Deniz Can K\u0131z\u0131l\",\"description\":\"Avukat Deniz Can K\u0131z\u0131l Antalya Barosu\",\"publisher\":{\"@id\":\"https:\/\/denizcankizil.tr\/#organization\"},\"potentialAction\":[{\"@type\":\"SearchAction\",\"target\":{\"@type\":\"EntryPoint\",\"urlTemplate\":\"https:\/\/denizcankizil.tr\/?s={search_term_string}\"},\"query-input\":{\"@type\":\"PropertyValueSpecification\",\"valueRequired\":true,\"valueName\":\"search_term_string\"}}],\"inLanguage\":\"ru-RU\"},{\"@type\":\"Organization\",\"@id\":\"https:\/\/denizcankizil.tr\/#organization\",\"name\":\"Av. Deniz Can K\u0131z\u0131l\",\"url\":\"https:\/\/denizcankizil.tr\/\",\"logo\":{\"@type\":\"ImageObject\",\"inLanguage\":\"ru-RU\",\"@id\":\"https:\/\/denizcankizil.tr\/#\/schema\/logo\/image\/\",\"url\":\"https:\/\/denizcankizil.tr\/wp-content\/uploads\/2024\/10\/siyah-logo-svg.svg\",\"contentUrl\":\"https:\/\/denizcankizil.tr\/wp-content\/uploads\/2024\/10\/siyah-logo-svg.svg\",\"width\":1080,\"height\":1080,\"caption\":\"Av. Deniz Can K\u0131z\u0131l\"},\"image\":{\"@id\":\"https:\/\/denizcankizil.tr\/#\/schema\/logo\/image\/\"}},{\"@type\":\"Person\",\"@id\":\"https:\/\/denizcankizil.tr\/#\/schema\/person\/e1eb71bb4dd684d46563f0af307e1234\",\"name\":\"Antalya K\u00f6rfez\",\"image\":{\"@type\":\"ImageObject\",\"inLanguage\":\"ru-RU\",\"@id\":\"https:\/\/denizcankizil.tr\/#\/schema\/person\/image\/\",\"url\":\"https:\/\/secure.gravatar.com\/avatar\/42b01982558a48a0b501fdcab6a408d3717ea5919095ee2e67b0e521799c5905?s=96&d=mm&r=g\",\"contentUrl\":\"https:\/\/secure.gravatar.com\/avatar\/42b01982558a48a0b501fdcab6a408d3717ea5919095ee2e67b0e521799c5905?s=96&d=mm&r=g\",\"caption\":\"Antalya K\u00f6rfez\"},\"sameAs\":[\"http:\/\/www.antalyakorfez.com\"],\"url\":\"https:\/\/www.antalyakorfez.com\/dr-boykotuna-ceyrek-asirlik-sahaftan-cevap-kitap-almak-bir-durustur\"}]}<\/script>\n<!-- \/ Yoast SEO Premium plugin. -->","yoast_head_json":{"title":"D&amp;R boykotuna \u00e7eyrek as\u0131rl\u0131k sahaftan cevap: Kitap almak bir duru\u015ftur - Av. Deniz Can K\u0131z\u0131l","robots":{"index":"index","follow":"follow","max-snippet":"max-snippet:-1","max-image-preview":"max-image-preview:large","max-video-preview":"max-video-preview:-1"},"canonical":"https:\/\/denizcankizil.tr\/ru\/haberler\/gundem\/dr-boykotuna-ceyrek-asirlik-sahaftan-cevap-kitap-almak-bir-durustur\/","og_locale":"ru_RU","og_type":"article","og_title":"D&amp;R boykotuna \u00e7eyrek as\u0131rl\u0131k sahaftan cevap: Kitap almak bir duru\u015ftur","og_description":"\u0130stanbul B\u00fcy\u00fck\u015fehir Belediye Ba\u015fkan\u0131 Ekrem \u0130mamo\u011flu\u2019nun tutuklamas\u0131n\u0131n ard\u0131ndan ba\u015flayan s\u00fcre\u00e7te CHP Genel Ba\u015fkan\u0131 \u00d6zg\u00fcr \u00d6zel, eylemleri g\u00f6rmezden gelen yay\u0131n organlar\u0131 ile h\u00fck\u00fcmete yak\u0131n oldu\u011funu iddia etti\u011fi marka ve \u00fcr\u00fcnleri kamuoyu ile payla\u015ft\u0131. \u00d6zel\u2019in a\u00e7\u0131klad\u0131\u011f\u0131 markalar aras\u0131nda D&amp;R de yer ald\u0131. \u00a0\u00d6zel\u2019in boykot \u00e7a\u011fr\u0131s\u0131na kar\u015f\u0131n Ak Partililer de D&amp;R po\u015feti ile foto\u011fraf payla\u015fmaya ba\u015flad\u0131. AK PART\u0130L\u0130LER D&amp;R PO\u015eET\u0130 \u0130LE POZ VERD\u0130 Sosyal medyada D&amp;R \u00f6n\u00fcnde uzun kuyruk olu\u015fturan Ak Partililerin kitap al\u0131\u015fveri\u015finden sonra yine \u00d6zg\u00fcr \u00d6zel taraf\u0131ndan boykot listesine eklenen kahveci Espressolab&#8217;de kahve i\u00e7ti\u011fi g\u00f6r\u00fcld\u00fc. \u00c7ok say\u0131da Ak Partili bu \u015fekilde poz vererek sosyal medyada payla\u015ft\u0131. Payla\u015f\u0131mlarda D&amp;R ve Espressolab markalar\u0131na y\u00f6nelik g\u00fczellemeler yer ald\u0131. K\u0130TAP OKUMAK B\u0130R K\u00dcLT\u00dcRD\u00dcR A\u011f\u0131rl\u0131kl\u0131 olarak kitap \u00fczerinden d\u00f6nen tart\u0131\u015fmaya Antalya\u2019da 25 y\u0131ld\u0131r ikinci el kitap sat\u0131\u015f\u0131 yapar Kitapkurdu Sahaf da kat\u0131ld\u0131. Kitap okuman\u0131n ve sat\u0131n bir k\u00fclt\u00fcr oldu\u011funu s\u00f6yleyen Kitapkurdu Sahaf sahibi Erol Mal\u00e7ok, kitab\u0131n end\u00fcstriyel bir metaya d\u00f6n\u00fc\u015ft\u00fcr\u00fclemeyece\u011fini s\u00f6yledi. Mal\u00e7ok, \u201cKitabevini a\u00e7t\u0131\u011f\u0131m\u0131z 2000 y\u0131l\u0131ndan beri hep \u015funun \u00fczerinde durduk: Zincir ma\u011fazalardan de\u011fil, internet tekellerinden de\u011fil ba\u011f\u0131ms\u0131z kitabevlerinden al\u0131n kitab\u0131n\u0131z\u0131\u201d dedi. K\u0130TAP OKUMAK DAYANI\u015eMADIR Sahafta kitapseverlerle bulu Mal\u00e7ok, kitap okuman\u0131n ve sat\u0131n alman\u0131n bir duru\u015f oldu\u011funu s\u00f6yledi. Erol Mal\u00e7ok, \u201cZira kitap almak yaln\u0131zca kitap almak de\u011fildir! Bir duru\u015ftur, en \u00f6nemli sosyalle\u015fme bi\u00e7imidir, dayan\u0131\u015fmad\u0131r, tan\u0131\u015f\u0131kl\u0131kt\u0131r kitap\u00e7\u0131-yazar, &hellip;","og_url":"https:\/\/denizcankizil.tr\/ru\/haberler\/gundem\/dr-boykotuna-ceyrek-asirlik-sahaftan-cevap-kitap-almak-bir-durustur\/","og_site_name":"Av. Deniz Can K\u0131z\u0131l","article_published_time":"2025-03-26T12:41:55+00:00","author":"Antalya K\u00f6rfez","twitter_card":"summary_large_image","twitter_misc":{"\u041d\u0430\u043f\u0438\u0441\u0430\u043d\u043e \u0430\u0432\u0442\u043e\u0440\u043e\u043c":"Antalya K\u00f6rfez","\u041f\u0440\u0438\u043c\u0435\u0440\u043d\u043e\u0435 \u0432\u0440\u0435\u043c\u044f \u0434\u043b\u044f \u0447\u0442\u0435\u043d\u0438\u044f":"2 \u043c\u0438\u043d\u0443\u0442\u044b"},"schema":{"@context":"https:\/\/schema.org","@graph":[{"@type":"Article","@id":"https:\/\/denizcankizil.tr\/ru\/haberler\/gundem\/dr-boykotuna-ceyrek-asirlik-sahaftan-cevap-kitap-almak-bir-durustur\/#article","isPartOf":{"@id":"https:\/\/denizcankizil.tr\/ru\/haberler\/gundem\/dr-boykotuna-ceyrek-asirlik-sahaftan-cevap-kitap-almak-bir-durustur\/"},"author":{"name":"Antalya K\u00f6rfez","@id":"https:\/\/denizcankizil.tr\/#\/schema\/person\/e1eb71bb4dd684d46563f0af307e1234"},"headline":"D&amp;R boykotuna \u00e7eyrek as\u0131rl\u0131k sahaftan cevap: Kitap almak bir duru\u015ftur","datePublished":"2025-03-26T12:41:55+00:00","mainEntityOfPage":{"@id":"https:\/\/denizcankizil.tr\/ru\/haberler\/gundem\/dr-boykotuna-ceyrek-asirlik-sahaftan-cevap-kitap-almak-bir-durustur\/"},"wordCount":476,"publisher":{"@id":"https:\/\/denizcankizil.tr\/#organization"},"articleSection":["G\u00fcndem"],"inLanguage":"ru-RU"},{"@type":"WebPage","@id":"https:\/\/denizcankizil.tr\/ru\/haberler\/gundem\/dr-boykotuna-ceyrek-asirlik-sahaftan-cevap-kitap-almak-bir-durustur\/","url":"https:\/\/denizcankizil.tr\/ru\/haberler\/gundem\/dr-boykotuna-ceyrek-asirlik-sahaftan-cevap-kitap-almak-bir-durustur\/","name":"D&amp;R boykotuna \u00e7eyrek as\u0131rl\u0131k sahaftan cevap: Kitap almak bir duru\u015ftur - Av. Deniz Can K\u0131z\u0131l","isPartOf":{"@id":"https:\/\/denizcankizil.tr\/#website"},"datePublished":"2025-03-26T12:41:55+00:00","breadcrumb":{"@id":"https:\/\/denizcankizil.tr\/ru\/haberler\/gundem\/dr-boykotuna-ceyrek-asirlik-sahaftan-cevap-kitap-almak-bir-durustur\/#breadcrumb"},"inLanguage":"ru-RU","potentialAction":[{"@type":"ReadAction","target":["https:\/\/denizcankizil.tr\/ru\/haberler\/gundem\/dr-boykotuna-ceyrek-asirlik-sahaftan-cevap-kitap-almak-bir-durustur\/"]}]},{"@type":"BreadcrumbList","@id":"https:\/\/denizcankizil.tr\/ru\/haberler\/gundem\/dr-boykotuna-ceyrek-asirlik-sahaftan-cevap-kitap-almak-bir-durustur\/#breadcrumb","itemListElement":[{"@type":"ListItem","position":1,"name":"Home","item":"https:\/\/denizcankizil.tr\/de\/"},{"@type":"ListItem","position":2,"name":"D&amp;R boykotuna \u00e7eyrek as\u0131rl\u0131k sahaftan cevap: Kitap almak bir duru\u015ftur"}]},{"@type":"WebSite","@id":"https:\/\/denizcankizil.tr\/#website","url":"https:\/\/denizcankizil.tr\/","name":"Av. Deniz Can K\u0131z\u0131l","description":"Avukat Deniz Can K\u0131z\u0131l Antalya Barosu","publisher":{"@id":"https:\/\/denizcankizil.tr\/#organization"},"potentialAction":[{"@type":"SearchAction","target":{"@type":"EntryPoint","urlTemplate":"https:\/\/denizcankizil.tr\/?s={search_term_string}"},"query-input":{"@type":"PropertyValueSpecification","valueRequired":true,"valueName":"search_term_string"}}],"inLanguage":"ru-RU"},{"@type":"Organization","@id":"https:\/\/denizcankizil.tr\/#organization","name":"Av. Deniz Can K\u0131z\u0131l","url":"https:\/\/denizcankizil.tr\/","logo":{"@type":"ImageObject","inLanguage":"ru-RU","@id":"https:\/\/denizcankizil.tr\/#\/schema\/logo\/image\/","url":"https:\/\/denizcankizil.tr\/wp-content\/uploads\/2024\/10\/siyah-logo-svg.svg","contentUrl":"https:\/\/denizcankizil.tr\/wp-content\/uploads\/2024\/10\/siyah-logo-svg.svg","width":1080,"height":1080,"caption":"Av. Deniz Can K\u0131z\u0131l"},"image":{"@id":"https:\/\/denizcankizil.tr\/#\/schema\/logo\/image\/"}},{"@type":"Person","@id":"https:\/\/denizcankizil.tr\/#\/schema\/person\/e1eb71bb4dd684d46563f0af307e1234","name":"Antalya K\u00f6rfez","image":{"@type":"ImageObject","inLanguage":"ru-RU","@id":"https:\/\/denizcankizil.tr\/#\/schema\/person\/image\/","url":"https:\/\/secure.gravatar.com\/avatar\/42b01982558a48a0b501fdcab6a408d3717ea5919095ee2e67b0e521799c5905?s=96&d=mm&r=g","contentUrl":"https:\/\/secure.gravatar.com\/avatar\/42b01982558a48a0b501fdcab6a408d3717ea5919095ee2e67b0e521799c5905?s=96&d=mm&r=g","caption":"Antalya K\u00f6rfez"},"sameAs":["http:\/\/www.antalyakorfez.com"],"url":"https:\/\/www.antalyakorfez.com\/dr-boykotuna-ceyrek-asirlik-sahaftan-cevap-kitap-almak-bir-durustur"}]}},"_links":{"self":[{"href":"https:\/\/denizcankizil.tr\/ru\/wp-json\/wp\/v2\/posts\/37138","targetHints":{"allow":["GET"]}}],"collection":[{"href":"https:\/\/denizcankizil.tr\/ru\/wp-json\/wp\/v2\/posts"}],"about":[{"href":"https:\/\/denizcankizil.tr\/ru\/wp-json\/wp\/v2\/types\/post"}],"author":[{"embeddable":true,"href":"https:\/\/denizcankizil.tr\/ru\/wp-json\/wp\/v2\/users\/5"}],"replies":[{"embeddable":true,"href":"https:\/\/denizcankizil.tr\/ru\/wp-json\/wp\/v2\/comments?post=37138"}],"version-history":[{"count":0,"href":"https:\/\/denizcankizil.tr\/ru\/wp-json\/wp\/v2\/posts\/37138\/revisions"}],"wp:attachment":[{"href":"https:\/\/denizcankizil.tr\/ru\/wp-json\/wp\/v2\/media?parent=37138"}],"wp:term":[{"taxonomy":"category","embeddable":true,"href":"https:\/\/denizcankizil.tr\/ru\/wp-json\/wp\/v2\/categories?post=37138"},{"taxonomy":"post_tag","embeddable":true,"href":"https:\/\/denizcankizil.tr\/ru\/wp-json\/wp\/v2\/tags?post=37138"}],"curies":[{"name":"wp","href":"https:\/\/api.w.org\/{rel}","templated":true}]}}