{"id":37113,"date":"2025-03-26T13:41:51","date_gmt":"2025-03-26T10:41:51","guid":{"rendered":"https:\/\/denizcankizil.tr\/uncategorized-tr\/plastik-kapaklar-geri-donusturuluyor\/"},"modified":"2025-03-26T13:41:51","modified_gmt":"2025-03-26T10:41:51","slug":"plastik-kapaklar-geri-donusturuluyor","status":"publish","type":"post","link":"https:\/\/denizcankizil.tr\/ru\/haberler\/antalya\/plastik-kapaklar-geri-donusturuluyor\/","title":{"rendered":"Plastik kapaklar geri d\u00f6n\u00fc\u015ft\u00fcr\u00fcl\u00fcyor"},"content":{"rendered":"<p>Antalya B\u00fcy\u00fck\u015fehir Belediyesi b\u00fcnyesindeki \u00c7evre E\u011fitim ve \u0130novasyon Merkezi, s\u00fcrd\u00fcr\u00fclebilir ya\u015fam konusunda fark\u0131ndal\u0131k olu\u015fturmak amac\u0131yla \u00e7e\u015fitli projeler y\u00fcr\u00fct\u00fcyor. B\u00fcy\u00fck\u015fehir Belediyesi, geli\u015ftirdi\u011fi proje kapsam\u0131nda fark\u0131ndal\u0131k olu\u015fturmak amac\u0131yla plastik \u015fi\u015felerden toplanan kapaklar\u0131 geri d\u00f6n\u00fc\u015ft\u00fcr\u00fcyor. Toplanan plastik kapaklar \u00f6zel makinelerle i\u015flenerek ilk etapta anahtarl\u0131k ve bardak altl\u0131\u011f\u0131 gibi kullan\u0131\u015fl\u0131 \u00fcr\u00fcne d\u00f6n\u00fc\u015ft\u00fcr\u00fcl\u00fcyor. \u00dcr\u00fcnler fark\u0131ndal\u0131k at\u00f6lyelerine kat\u0131lanlara hediye edilerek \u00e7evre bilincinin yayg\u0131nla\u015fmas\u0131 hedefleniyor.<\/p>\n<p>At\u00f6lyeler ile fark\u0131ndal\u0131k<br \/>\nB\u00fcy\u00fck\u015fehir Belediyesi \u00c7evre E\u011fitim ve \u0130novasyon Merkezi Birim sorumlusu Ahu Nur \u015eahin, plastik kapaklar\u0131n geni d\u00f6n\u00fc\u015ft\u00fcr\u00fclmesi projesiyle at\u0131klar\u0131n nas\u0131l de\u011ferlendirebileceklerini ve do\u011fal ya\u015fama nas\u0131l katk\u0131 sa\u011flayabileceklerini anlatmaya \u00e7al\u0131\u015ft\u0131klar\u0131n\u0131 belirterek, &#8220;Kapaklar\u0131 belirli miktarlarda k\u0131rarak pn\u00f6matik enjeksiyon makinesiyle yeniden i\u015fliyoruz. B\u00f6ylece at\u0131klar\u0131 faydal\u0131 \u00fcr\u00fcnlere \u00e7eviriyoruz. Amac\u0131m\u0131z at\u0131k miktar\u0131n\u0131 azaltmak ve at\u0131ks\u0131z ya\u015fama ge\u00e7i\u015fi desteklemek. Bu s\u00fcrece yeti\u015fkinlerden \u00e7ocuklara kadar herkesi dahil etmeyi hedefliyoruz&#8221; dedi.<\/p>\n<p>Kaynak: www.kanalv.com.tr Haber Sitesinden Al\u0131nm\u0131\u015ft\u0131r.<\/p>","protected":false},"excerpt":{"rendered":"<p>Antalya B\u00fcy\u00fck\u015fehir Belediyesi b\u00fcnyesindeki \u00c7evre E\u011fitim ve \u0130novasyon Merkezi, s\u00fcrd\u00fcr\u00fclebilir ya\u015fam konusunda fark\u0131ndal\u0131k olu\u015fturmak amac\u0131yla \u00e7e\u015fitli projeler y\u00fcr\u00fct\u00fcyor. B\u00fcy\u00fck\u015fehir Belediyesi, geli\u015ftirdi\u011fi proje kapsam\u0131nda fark\u0131ndal\u0131k olu\u015fturmak amac\u0131yla plastik \u015fi\u015felerden toplanan kapaklar\u0131 geri d\u00f6n\u00fc\u015ft\u00fcr\u00fcyor. Toplanan plastik kapaklar \u00f6zel makinelerle i\u015flenerek ilk etapta anahtarl\u0131k ve bardak altl\u0131\u011f\u0131 gibi kullan\u0131\u015fl\u0131 \u00fcr\u00fcne d\u00f6n\u00fc\u015ft\u00fcr\u00fcl\u00fcyor. \u00dcr\u00fcnler fark\u0131ndal\u0131k at\u00f6lyelerine kat\u0131lanlara hediye edilerek \u00e7evre bilincinin yayg\u0131nla\u015fmas\u0131 hedefleniyor. At\u00f6lyeler ile fark\u0131ndal\u0131k B\u00fcy\u00fck\u015fehir Belediyesi \u00c7evre E\u011fitim ve \u0130novasyon Merkezi Birim sorumlusu Ahu Nur \u015eahin, plastik kapaklar\u0131n geni d\u00f6n\u00fc\u015ft\u00fcr\u00fclmesi projesiyle at\u0131klar\u0131n nas\u0131l de\u011ferlendirebileceklerini ve do\u011fal ya\u015fama nas\u0131l katk\u0131 sa\u011flayabileceklerini anlatmaya \u00e7al\u0131\u015ft\u0131klar\u0131n\u0131 belirterek, &#8220;Kapaklar\u0131 belirli miktarlarda k\u0131rarak pn\u00f6matik enjeksiyon makinesiyle yeniden i\u015fliyoruz. B\u00f6ylece at\u0131klar\u0131 faydal\u0131 \u00fcr\u00fcnlere \u00e7eviriyoruz. Amac\u0131m\u0131z at\u0131k miktar\u0131n\u0131 azaltmak ve at\u0131ks\u0131z ya\u015fama ge\u00e7i\u015fi desteklemek. Bu s\u00fcrece yeti\u015fkinlerden \u00e7ocuklara kadar herkesi dahil etmeyi hedefliyoruz&#8221; dedi. Kaynak: www.kanalv.com.tr Haber Sitesinden Al\u0131nm\u0131\u015ft\u0131r.<\/p>","protected":false},"author":4,"featured_media":37114,"comment_status":"","ping_status":"open","sticky":false,"template":"","format":"standard","meta":{"_acf_changed":false,"footnotes":""},"categories":[26],"tags":[],"class_list":["post-37113","post","type-post","status-publish","format-standard","has-post-thumbnail","hentry","category-antalya"],"acf":[],"yoast_head":"<!-- This site is optimized with the Yoast SEO Premium plugin v26.6 (Yoast SEO v27.1.1) - https:\/\/yoast.com\/product\/yoast-seo-premium-wordpress\/ -->\n<title>Plastik kapaklar geri d\u00f6n\u00fc\u015ft\u00fcr\u00fcl\u00fcyor - Av. Deniz Can K\u0131z\u0131l<\/title>\n<meta name=\"robots\" content=\"index, follow, max-snippet:-1, max-image-preview:large, max-video-preview:-1\" \/>\n<link rel=\"canonical\" href=\"https:\/\/denizcankizil.tr\/ru\/haberler\/antalya\/plastik-kapaklar-geri-donusturuluyor\/\" \/>\n<meta property=\"og:locale\" content=\"ru_RU\" \/>\n<meta property=\"og:type\" content=\"article\" \/>\n<meta property=\"og:title\" content=\"Plastik kapaklar geri d\u00f6n\u00fc\u015ft\u00fcr\u00fcl\u00fcyor\" \/>\n<meta property=\"og:description\" content=\"Antalya B\u00fcy\u00fck\u015fehir Belediyesi b\u00fcnyesindeki \u00c7evre E\u011fitim ve \u0130novasyon Merkezi, s\u00fcrd\u00fcr\u00fclebilir ya\u015fam konusunda fark\u0131ndal\u0131k olu\u015fturmak amac\u0131yla \u00e7e\u015fitli projeler y\u00fcr\u00fct\u00fcyor. B\u00fcy\u00fck\u015fehir Belediyesi, geli\u015ftirdi\u011fi proje kapsam\u0131nda fark\u0131ndal\u0131k olu\u015fturmak amac\u0131yla plastik \u015fi\u015felerden toplanan kapaklar\u0131 geri d\u00f6n\u00fc\u015ft\u00fcr\u00fcyor. Toplanan plastik kapaklar \u00f6zel makinelerle i\u015flenerek ilk etapta anahtarl\u0131k ve bardak altl\u0131\u011f\u0131 gibi kullan\u0131\u015fl\u0131 \u00fcr\u00fcne d\u00f6n\u00fc\u015ft\u00fcr\u00fcl\u00fcyor. \u00dcr\u00fcnler fark\u0131ndal\u0131k at\u00f6lyelerine kat\u0131lanlara hediye edilerek \u00e7evre bilincinin yayg\u0131nla\u015fmas\u0131 hedefleniyor. At\u00f6lyeler ile fark\u0131ndal\u0131k B\u00fcy\u00fck\u015fehir Belediyesi \u00c7evre E\u011fitim ve \u0130novasyon Merkezi Birim sorumlusu Ahu Nur \u015eahin, plastik kapaklar\u0131n geni d\u00f6n\u00fc\u015ft\u00fcr\u00fclmesi projesiyle at\u0131klar\u0131n nas\u0131l de\u011ferlendirebileceklerini ve do\u011fal ya\u015fama nas\u0131l katk\u0131 sa\u011flayabileceklerini anlatmaya \u00e7al\u0131\u015ft\u0131klar\u0131n\u0131 belirterek, &#8220;Kapaklar\u0131 belirli miktarlarda k\u0131rarak pn\u00f6matik enjeksiyon makinesiyle yeniden i\u015fliyoruz. B\u00f6ylece at\u0131klar\u0131 faydal\u0131 \u00fcr\u00fcnlere \u00e7eviriyoruz. Amac\u0131m\u0131z at\u0131k miktar\u0131n\u0131 azaltmak ve at\u0131ks\u0131z ya\u015fama ge\u00e7i\u015fi desteklemek. Bu s\u00fcrece yeti\u015fkinlerden \u00e7ocuklara kadar herkesi dahil etmeyi hedefliyoruz&#8221; dedi. Kaynak: www.kanalv.com.tr Haber Sitesinden Al\u0131nm\u0131\u015ft\u0131r.\" \/>\n<meta property=\"og:url\" content=\"https:\/\/denizcankizil.tr\/ru\/haberler\/antalya\/plastik-kapaklar-geri-donusturuluyor\/\" \/>\n<meta property=\"og:site_name\" content=\"Av. Deniz Can K\u0131z\u0131l\" \/>\n<meta property=\"article:published_time\" content=\"2025-03-26T10:41:51+00:00\" \/>\n<meta property=\"og:image\" content=\"https:\/\/denizcankizil.tr\/wp-content\/uploads\/2025\/03\/5728-01-Kvd2Uc.jpeg\" \/>\n\t<meta property=\"og:image:width\" content=\"1280\" \/>\n\t<meta property=\"og:image:height\" content=\"720\" \/>\n\t<meta property=\"og:image:type\" content=\"image\/jpeg\" \/>\n<meta name=\"author\" content=\"Av. Deniz Can K\u0131z\u0131l\" \/>\n<meta name=\"twitter:card\" content=\"summary_large_image\" \/>\n<meta name=\"twitter:label1\" content=\"\u041d\u0430\u043f\u0438\u0441\u0430\u043d\u043e \u0430\u0432\u0442\u043e\u0440\u043e\u043c\" \/>\n\t<meta name=\"twitter:data1\" content=\"Av. Deniz Can K\u0131z\u0131l\" \/>\n\t<meta name=\"twitter:label2\" content=\"\u041f\u0440\u0438\u043c\u0435\u0440\u043d\u043e\u0435 \u0432\u0440\u0435\u043c\u044f \u0434\u043b\u044f \u0447\u0442\u0435\u043d\u0438\u044f\" \/>\n\t<meta name=\"twitter:data2\" content=\"1 \u043c\u0438\u043d\u0443\u0442\u0430\" \/>\n<script type=\"application\/ld+json\" class=\"yoast-schema-graph\">{\"@context\":\"https:\/\/schema.org\",\"@graph\":[{\"@type\":\"Article\",\"@id\":\"https:\/\/denizcankizil.tr\/ru\/haberler\/antalya\/plastik-kapaklar-geri-donusturuluyor\/#article\",\"isPartOf\":{\"@id\":\"https:\/\/denizcankizil.tr\/ru\/haberler\/antalya\/plastik-kapaklar-geri-donusturuluyor\/\"},\"author\":{\"name\":\"Av. Deniz Can K\u0131z\u0131l\",\"@id\":\"https:\/\/denizcankizil.tr\/#\/schema\/person\/5dc1b22991bd7ac833867c10afc9b0ff\"},\"headline\":\"Plastik kapaklar geri d\u00f6n\u00fc\u015ft\u00fcr\u00fcl\u00fcyor\",\"datePublished\":\"2025-03-26T10:41:51+00:00\",\"mainEntityOfPage\":{\"@id\":\"https:\/\/denizcankizil.tr\/ru\/haberler\/antalya\/plastik-kapaklar-geri-donusturuluyor\/\"},\"wordCount\":231,\"publisher\":{\"@id\":\"https:\/\/denizcankizil.tr\/#organization\"},\"image\":{\"@id\":\"https:\/\/denizcankizil.tr\/ru\/haberler\/antalya\/plastik-kapaklar-geri-donusturuluyor\/#primaryimage\"},\"thumbnailUrl\":\"https:\/\/denizcankizil.tr\/wp-content\/uploads\/2025\/03\/5728-01-Kvd2Uc.jpeg\",\"articleSection\":[\"Antalya\"],\"inLanguage\":\"ru-RU\"},{\"@type\":\"WebPage\",\"@id\":\"https:\/\/denizcankizil.tr\/ru\/haberler\/antalya\/plastik-kapaklar-geri-donusturuluyor\/\",\"url\":\"https:\/\/denizcankizil.tr\/ru\/haberler\/antalya\/plastik-kapaklar-geri-donusturuluyor\/\",\"name\":\"Plastik kapaklar geri d\u00f6n\u00fc\u015ft\u00fcr\u00fcl\u00fcyor - Av. Deniz Can K\u0131z\u0131l\",\"isPartOf\":{\"@id\":\"https:\/\/denizcankizil.tr\/#website\"},\"primaryImageOfPage\":{\"@id\":\"https:\/\/denizcankizil.tr\/ru\/haberler\/antalya\/plastik-kapaklar-geri-donusturuluyor\/#primaryimage\"},\"image\":{\"@id\":\"https:\/\/denizcankizil.tr\/ru\/haberler\/antalya\/plastik-kapaklar-geri-donusturuluyor\/#primaryimage\"},\"thumbnailUrl\":\"https:\/\/denizcankizil.tr\/wp-content\/uploads\/2025\/03\/5728-01-Kvd2Uc.jpeg\",\"datePublished\":\"2025-03-26T10:41:51+00:00\",\"breadcrumb\":{\"@id\":\"https:\/\/denizcankizil.tr\/ru\/haberler\/antalya\/plastik-kapaklar-geri-donusturuluyor\/#breadcrumb\"},\"inLanguage\":\"ru-RU\",\"potentialAction\":[{\"@type\":\"ReadAction\",\"target\":[\"https:\/\/denizcankizil.tr\/ru\/haberler\/antalya\/plastik-kapaklar-geri-donusturuluyor\/\"]}]},{\"@type\":\"ImageObject\",\"inLanguage\":\"ru-RU\",\"@id\":\"https:\/\/denizcankizil.tr\/ru\/haberler\/antalya\/plastik-kapaklar-geri-donusturuluyor\/#primaryimage\",\"url\":\"https:\/\/denizcankizil.tr\/wp-content\/uploads\/2025\/03\/5728-01-Kvd2Uc.jpeg\",\"contentUrl\":\"https:\/\/denizcankizil.tr\/wp-content\/uploads\/2025\/03\/5728-01-Kvd2Uc.jpeg\",\"width\":1280,\"height\":720},{\"@type\":\"BreadcrumbList\",\"@id\":\"https:\/\/denizcankizil.tr\/ru\/haberler\/antalya\/plastik-kapaklar-geri-donusturuluyor\/#breadcrumb\",\"itemListElement\":[{\"@type\":\"ListItem\",\"position\":1,\"name\":\"Home\",\"item\":\"https:\/\/denizcankizil.tr\/de\/\"},{\"@type\":\"ListItem\",\"position\":2,\"name\":\"Plastik kapaklar geri d\u00f6n\u00fc\u015ft\u00fcr\u00fcl\u00fcyor\"}]},{\"@type\":\"WebSite\",\"@id\":\"https:\/\/denizcankizil.tr\/#website\",\"url\":\"https:\/\/denizcankizil.tr\/\",\"name\":\"Av. Deniz Can K\u0131z\u0131l\",\"description\":\"Avukat Deniz Can K\u0131z\u0131l Antalya Barosu\",\"publisher\":{\"@id\":\"https:\/\/denizcankizil.tr\/#organization\"},\"potentialAction\":[{\"@type\":\"SearchAction\",\"target\":{\"@type\":\"EntryPoint\",\"urlTemplate\":\"https:\/\/denizcankizil.tr\/?s={search_term_string}\"},\"query-input\":{\"@type\":\"PropertyValueSpecification\",\"valueRequired\":true,\"valueName\":\"search_term_string\"}}],\"inLanguage\":\"ru-RU\"},{\"@type\":\"Organization\",\"@id\":\"https:\/\/denizcankizil.tr\/#organization\",\"name\":\"Av. Deniz Can K\u0131z\u0131l\",\"url\":\"https:\/\/denizcankizil.tr\/\",\"logo\":{\"@type\":\"ImageObject\",\"inLanguage\":\"ru-RU\",\"@id\":\"https:\/\/denizcankizil.tr\/#\/schema\/logo\/image\/\",\"url\":\"https:\/\/denizcankizil.tr\/wp-content\/uploads\/2024\/10\/siyah-logo-svg.svg\",\"contentUrl\":\"https:\/\/denizcankizil.tr\/wp-content\/uploads\/2024\/10\/siyah-logo-svg.svg\",\"width\":1080,\"height\":1080,\"caption\":\"Av. Deniz Can K\u0131z\u0131l\"},\"image\":{\"@id\":\"https:\/\/denizcankizil.tr\/#\/schema\/logo\/image\/\"}},{\"@type\":\"Person\",\"@id\":\"https:\/\/denizcankizil.tr\/#\/schema\/person\/5dc1b22991bd7ac833867c10afc9b0ff\",\"name\":\"Av. Deniz Can K\u0131z\u0131l\",\"image\":{\"@type\":\"ImageObject\",\"inLanguage\":\"ru-RU\",\"@id\":\"https:\/\/denizcankizil.tr\/#\/schema\/person\/image\/\",\"url\":\"https:\/\/secure.gravatar.com\/avatar\/a0b128fb9855c79efc976d5640eedb31dc35ec297594d6016d2cf7c60e975bb6?s=96&d=mm&r=g\",\"contentUrl\":\"https:\/\/secure.gravatar.com\/avatar\/a0b128fb9855c79efc976d5640eedb31dc35ec297594d6016d2cf7c60e975bb6?s=96&d=mm&r=g\",\"caption\":\"Av. Deniz Can K\u0131z\u0131l\"},\"sameAs\":[\"http:\/\/www.denizcankizil.tr\"],\"url\":\"https:\/\/denizcankizil.tr\/ru\/author\/denizcankizil\/\"}]}<\/script>\n<!-- \/ Yoast SEO Premium plugin. -->","yoast_head_json":{"title":"Plastik kapaklar geri d\u00f6n\u00fc\u015ft\u00fcr\u00fcl\u00fcyor - Av. Deniz Can K\u0131z\u0131l","robots":{"index":"index","follow":"follow","max-snippet":"max-snippet:-1","max-image-preview":"max-image-preview:large","max-video-preview":"max-video-preview:-1"},"canonical":"https:\/\/denizcankizil.tr\/ru\/haberler\/antalya\/plastik-kapaklar-geri-donusturuluyor\/","og_locale":"ru_RU","og_type":"article","og_title":"Plastik kapaklar geri d\u00f6n\u00fc\u015ft\u00fcr\u00fcl\u00fcyor","og_description":"Antalya B\u00fcy\u00fck\u015fehir Belediyesi b\u00fcnyesindeki \u00c7evre E\u011fitim ve \u0130novasyon Merkezi, s\u00fcrd\u00fcr\u00fclebilir ya\u015fam konusunda fark\u0131ndal\u0131k olu\u015fturmak amac\u0131yla \u00e7e\u015fitli projeler y\u00fcr\u00fct\u00fcyor. B\u00fcy\u00fck\u015fehir Belediyesi, geli\u015ftirdi\u011fi proje kapsam\u0131nda fark\u0131ndal\u0131k olu\u015fturmak amac\u0131yla plastik \u015fi\u015felerden toplanan kapaklar\u0131 geri d\u00f6n\u00fc\u015ft\u00fcr\u00fcyor. Toplanan plastik kapaklar \u00f6zel makinelerle i\u015flenerek ilk etapta anahtarl\u0131k ve bardak altl\u0131\u011f\u0131 gibi kullan\u0131\u015fl\u0131 \u00fcr\u00fcne d\u00f6n\u00fc\u015ft\u00fcr\u00fcl\u00fcyor. \u00dcr\u00fcnler fark\u0131ndal\u0131k at\u00f6lyelerine kat\u0131lanlara hediye edilerek \u00e7evre bilincinin yayg\u0131nla\u015fmas\u0131 hedefleniyor. At\u00f6lyeler ile fark\u0131ndal\u0131k B\u00fcy\u00fck\u015fehir Belediyesi \u00c7evre E\u011fitim ve \u0130novasyon Merkezi Birim sorumlusu Ahu Nur \u015eahin, plastik kapaklar\u0131n geni d\u00f6n\u00fc\u015ft\u00fcr\u00fclmesi projesiyle at\u0131klar\u0131n nas\u0131l de\u011ferlendirebileceklerini ve do\u011fal ya\u015fama nas\u0131l katk\u0131 sa\u011flayabileceklerini anlatmaya \u00e7al\u0131\u015ft\u0131klar\u0131n\u0131 belirterek, &#8220;Kapaklar\u0131 belirli miktarlarda k\u0131rarak pn\u00f6matik enjeksiyon makinesiyle yeniden i\u015fliyoruz. B\u00f6ylece at\u0131klar\u0131 faydal\u0131 \u00fcr\u00fcnlere \u00e7eviriyoruz. Amac\u0131m\u0131z at\u0131k miktar\u0131n\u0131 azaltmak ve at\u0131ks\u0131z ya\u015fama ge\u00e7i\u015fi desteklemek. Bu s\u00fcrece yeti\u015fkinlerden \u00e7ocuklara kadar herkesi dahil etmeyi hedefliyoruz&#8221; dedi. Kaynak: www.kanalv.com.tr Haber Sitesinden Al\u0131nm\u0131\u015ft\u0131r.","og_url":"https:\/\/denizcankizil.tr\/ru\/haberler\/antalya\/plastik-kapaklar-geri-donusturuluyor\/","og_site_name":"Av. Deniz Can K\u0131z\u0131l","article_published_time":"2025-03-26T10:41:51+00:00","og_image":[{"width":1280,"height":720,"url":"https:\/\/denizcankizil.tr\/wp-content\/uploads\/2025\/03\/5728-01-Kvd2Uc.jpeg","type":"image\/jpeg"}],"author":"Av. Deniz Can K\u0131z\u0131l","twitter_card":"summary_large_image","twitter_misc":{"\u041d\u0430\u043f\u0438\u0441\u0430\u043d\u043e \u0430\u0432\u0442\u043e\u0440\u043e\u043c":"Av. Deniz Can K\u0131z\u0131l","\u041f\u0440\u0438\u043c\u0435\u0440\u043d\u043e\u0435 \u0432\u0440\u0435\u043c\u044f \u0434\u043b\u044f \u0447\u0442\u0435\u043d\u0438\u044f":"1 \u043c\u0438\u043d\u0443\u0442\u0430"},"schema":{"@context":"https:\/\/schema.org","@graph":[{"@type":"Article","@id":"https:\/\/denizcankizil.tr\/ru\/haberler\/antalya\/plastik-kapaklar-geri-donusturuluyor\/#article","isPartOf":{"@id":"https:\/\/denizcankizil.tr\/ru\/haberler\/antalya\/plastik-kapaklar-geri-donusturuluyor\/"},"author":{"name":"Av. Deniz Can K\u0131z\u0131l","@id":"https:\/\/denizcankizil.tr\/#\/schema\/person\/5dc1b22991bd7ac833867c10afc9b0ff"},"headline":"Plastik kapaklar geri d\u00f6n\u00fc\u015ft\u00fcr\u00fcl\u00fcyor","datePublished":"2025-03-26T10:41:51+00:00","mainEntityOfPage":{"@id":"https:\/\/denizcankizil.tr\/ru\/haberler\/antalya\/plastik-kapaklar-geri-donusturuluyor\/"},"wordCount":231,"publisher":{"@id":"https:\/\/denizcankizil.tr\/#organization"},"image":{"@id":"https:\/\/denizcankizil.tr\/ru\/haberler\/antalya\/plastik-kapaklar-geri-donusturuluyor\/#primaryimage"},"thumbnailUrl":"https:\/\/denizcankizil.tr\/wp-content\/uploads\/2025\/03\/5728-01-Kvd2Uc.jpeg","articleSection":["Antalya"],"inLanguage":"ru-RU"},{"@type":"WebPage","@id":"https:\/\/denizcankizil.tr\/ru\/haberler\/antalya\/plastik-kapaklar-geri-donusturuluyor\/","url":"https:\/\/denizcankizil.tr\/ru\/haberler\/antalya\/plastik-kapaklar-geri-donusturuluyor\/","name":"Plastik kapaklar geri d\u00f6n\u00fc\u015ft\u00fcr\u00fcl\u00fcyor - Av. Deniz Can K\u0131z\u0131l","isPartOf":{"@id":"https:\/\/denizcankizil.tr\/#website"},"primaryImageOfPage":{"@id":"https:\/\/denizcankizil.tr\/ru\/haberler\/antalya\/plastik-kapaklar-geri-donusturuluyor\/#primaryimage"},"image":{"@id":"https:\/\/denizcankizil.tr\/ru\/haberler\/antalya\/plastik-kapaklar-geri-donusturuluyor\/#primaryimage"},"thumbnailUrl":"https:\/\/denizcankizil.tr\/wp-content\/uploads\/2025\/03\/5728-01-Kvd2Uc.jpeg","datePublished":"2025-03-26T10:41:51+00:00","breadcrumb":{"@id":"https:\/\/denizcankizil.tr\/ru\/haberler\/antalya\/plastik-kapaklar-geri-donusturuluyor\/#breadcrumb"},"inLanguage":"ru-RU","potentialAction":[{"@type":"ReadAction","target":["https:\/\/denizcankizil.tr\/ru\/haberler\/antalya\/plastik-kapaklar-geri-donusturuluyor\/"]}]},{"@type":"ImageObject","inLanguage":"ru-RU","@id":"https:\/\/denizcankizil.tr\/ru\/haberler\/antalya\/plastik-kapaklar-geri-donusturuluyor\/#primaryimage","url":"https:\/\/denizcankizil.tr\/wp-content\/uploads\/2025\/03\/5728-01-Kvd2Uc.jpeg","contentUrl":"https:\/\/denizcankizil.tr\/wp-content\/uploads\/2025\/03\/5728-01-Kvd2Uc.jpeg","width":1280,"height":720},{"@type":"BreadcrumbList","@id":"https:\/\/denizcankizil.tr\/ru\/haberler\/antalya\/plastik-kapaklar-geri-donusturuluyor\/#breadcrumb","itemListElement":[{"@type":"ListItem","position":1,"name":"Home","item":"https:\/\/denizcankizil.tr\/de\/"},{"@type":"ListItem","position":2,"name":"Plastik kapaklar geri d\u00f6n\u00fc\u015ft\u00fcr\u00fcl\u00fcyor"}]},{"@type":"WebSite","@id":"https:\/\/denizcankizil.tr\/#website","url":"https:\/\/denizcankizil.tr\/","name":"Av. Deniz Can K\u0131z\u0131l","description":"Avukat Deniz Can K\u0131z\u0131l Antalya Barosu","publisher":{"@id":"https:\/\/denizcankizil.tr\/#organization"},"potentialAction":[{"@type":"SearchAction","target":{"@type":"EntryPoint","urlTemplate":"https:\/\/denizcankizil.tr\/?s={search_term_string}"},"query-input":{"@type":"PropertyValueSpecification","valueRequired":true,"valueName":"search_term_string"}}],"inLanguage":"ru-RU"},{"@type":"Organization","@id":"https:\/\/denizcankizil.tr\/#organization","name":"Av. Deniz Can K\u0131z\u0131l","url":"https:\/\/denizcankizil.tr\/","logo":{"@type":"ImageObject","inLanguage":"ru-RU","@id":"https:\/\/denizcankizil.tr\/#\/schema\/logo\/image\/","url":"https:\/\/denizcankizil.tr\/wp-content\/uploads\/2024\/10\/siyah-logo-svg.svg","contentUrl":"https:\/\/denizcankizil.tr\/wp-content\/uploads\/2024\/10\/siyah-logo-svg.svg","width":1080,"height":1080,"caption":"Av. Deniz Can K\u0131z\u0131l"},"image":{"@id":"https:\/\/denizcankizil.tr\/#\/schema\/logo\/image\/"}},{"@type":"Person","@id":"https:\/\/denizcankizil.tr\/#\/schema\/person\/5dc1b22991bd7ac833867c10afc9b0ff","name":"Av. Deniz Can K\u0131z\u0131l","image":{"@type":"ImageObject","inLanguage":"ru-RU","@id":"https:\/\/denizcankizil.tr\/#\/schema\/person\/image\/","url":"https:\/\/secure.gravatar.com\/avatar\/a0b128fb9855c79efc976d5640eedb31dc35ec297594d6016d2cf7c60e975bb6?s=96&d=mm&r=g","contentUrl":"https:\/\/secure.gravatar.com\/avatar\/a0b128fb9855c79efc976d5640eedb31dc35ec297594d6016d2cf7c60e975bb6?s=96&d=mm&r=g","caption":"Av. Deniz Can K\u0131z\u0131l"},"sameAs":["http:\/\/www.denizcankizil.tr"],"url":"https:\/\/denizcankizil.tr\/ru\/author\/denizcankizil\/"}]}},"_links":{"self":[{"href":"https:\/\/denizcankizil.tr\/ru\/wp-json\/wp\/v2\/posts\/37113","targetHints":{"allow":["GET"]}}],"collection":[{"href":"https:\/\/denizcankizil.tr\/ru\/wp-json\/wp\/v2\/posts"}],"about":[{"href":"https:\/\/denizcankizil.tr\/ru\/wp-json\/wp\/v2\/types\/post"}],"author":[{"embeddable":true,"href":"https:\/\/denizcankizil.tr\/ru\/wp-json\/wp\/v2\/users\/4"}],"replies":[{"embeddable":true,"href":"https:\/\/denizcankizil.tr\/ru\/wp-json\/wp\/v2\/comments?post=37113"}],"version-history":[{"count":0,"href":"https:\/\/denizcankizil.tr\/ru\/wp-json\/wp\/v2\/posts\/37113\/revisions"}],"wp:featuredmedia":[{"embeddable":true,"href":"https:\/\/denizcankizil.tr\/ru\/wp-json\/wp\/v2\/media\/37114"}],"wp:attachment":[{"href":"https:\/\/denizcankizil.tr\/ru\/wp-json\/wp\/v2\/media?parent=37113"}],"wp:term":[{"taxonomy":"category","embeddable":true,"href":"https:\/\/denizcankizil.tr\/ru\/wp-json\/wp\/v2\/categories?post=37113"},{"taxonomy":"post_tag","embeddable":true,"href":"https:\/\/denizcankizil.tr\/ru\/wp-json\/wp\/v2\/tags?post=37113"}],"curies":[{"name":"wp","href":"https:\/\/api.w.org\/{rel}","templated":true}]}}