{"id":37050,"date":"2025-03-26T07:41:25","date_gmt":"2025-03-26T04:41:25","guid":{"rendered":"https:\/\/denizcankizil.tr\/uncategorized-tr\/bakan-yerlikaya-son-durumu-acikladi-halen-978-supheli-gozaltinda\/"},"modified":"2025-03-26T07:41:25","modified_gmt":"2025-03-26T04:41:25","slug":"bakan-yerlikaya-son-durumu-acikladi-halen-978-supheli-gozaltinda","status":"publish","type":"post","link":"https:\/\/denizcankizil.tr\/ru\/haberler\/gundem\/bakan-yerlikaya-son-durumu-acikladi-halen-978-supheli-gozaltinda\/","title":{"rendered":"Bakan Yerlikaya son durumu a\u00e7\u0131klad\u0131: Halen 978 \u015f\u00fcpheli g\u00f6zalt\u0131nda"},"content":{"rendered":"<p>\u0130\u00e7i\u015fleri Bakan\u0131 Ali Yerlikaya, \u0130stanbul&#8217;daki operasyon sonras\u0131nda 19 Mart&#8217;tan bu yana yasa d\u0131\u015f\u0131 g\u00f6sterilerde bulunanlarla ilgili bin 418 \u015f\u00fcphelinin g\u00f6zalt\u0131na al\u0131nd\u0131\u011f\u0131n\u0131 duyurdu.ANKARA (\u0130GFA) &#8211; \u0130\u00e7i\u015fleri Bakan\u0131 Ali Yerlikaya, \u0130stanbul&#8217;daki g\u00f6zalt\u0131 ve tutuklamalar ard\u0131ndan yasa d\u0131\u015f\u0131 g\u00f6sterilerde bulunanlarla ilgili son durumu payla\u015ft\u0131.<br \/>\n19 Mart 2025 tarihinden itibaren yap\u0131lan yasa d\u0131\u015f\u0131 g\u00f6sterilerde bug\u00fcne kadar bin 418 \u015f\u00fcpheli g\u00f6zalt\u0131na al\u0131nd\u0131\u011f\u0131n\u0131 belirten Bakan Yerlikaya, halen g\u00f6zalt\u0131nda olan 979 \u015f\u00fcphelinin bulundu\u011funu, bug\u00fcn 478 \u015fahs\u0131n mevcutlu olarak adli makamlara \u00e7\u0131kart\u0131laca\u011f\u0131n\u0131 kaydetti.<\/p>\n<p>https:\/\/twitter.com\/AliYerlikaya\/status\/1904528563216269435<\/p>\n<p>&#8220;Sokaklar\u0131 ter\u00f6rize etmeye kalk\u0131\u015fanlara, milli ve manevi de\u011ferlerimize, polislerimize sald\u0131ranlara asla taviz verilmeyecektir&#8221; diyen Bakan Yerlikaya, payla\u015f\u0131m\u0131nda, &#8220;Cumhurba\u015fkan\u0131m\u0131z Say\u0131n Recep Tayyip Erdo\u011fan&#8217;\u0131n merhum annesine ve ailesine hakaret edenleri bir kez daha lanetliyorum. G\u00fcvenlik g\u00fc\u00e7lerimiz hukuktan ald\u0131\u011f\u0131 g\u00fc\u00e7le, aziz milletimizin huzur ve g\u00fcvenli\u011fini 7\/24 korumaktad\u0131r, korumaya da devam edecektir&#8221; ifadelerini kulland\u0131.<\/p>\n<p>\u200b\u0130\u00e7i\u015fleri Bakan\u0131 Ali Yerlikaya, \u0130stanbul&#8217;daki operasyon sonras\u0131nda 19 Mart&#8217;tan bu yana yasa d\u0131\u015f\u0131 g\u00f6sterilerde bulunanlarla ilgili bin 418 \u015f\u00fcphelinin g\u00f6zalt\u0131na al\u0131nd\u0131\u011f\u0131n\u0131 duyurdu.ANKARA (\u0130GFA) &#8211; \u0130\u00e7i\u015fleri Bakan\u0131 Ali Yerlikaya, \u0130stanbul&#8217;daki g\u00f6zalt\u0131 ve tutuklamalar ard\u0131ndan yasa d\u0131\u015f\u0131 g\u00f6sterilerde bulunanlarla ilgili son durumu payla\u015ft\u0131.<br \/>\n19 Mart 2025 tarihinden itibaren yap\u0131lan yasa d\u0131\u015f\u0131 g\u00f6sterilerde bug\u00fcne kadar bin 418 \u015f\u00fcpheli g\u00f6zalt\u0131na al\u0131nd\u0131\u011f\u0131n\u0131 belirten Bakan Yerlikaya, halen g\u00f6zalt\u0131nda olan 979 \u015f\u00fcphelinin bulundu\u011funu, bug\u00fcn 478 \u015fahs\u0131n mevcutlu olarak adli makamlara \u00e7\u0131kart\u0131laca\u011f\u0131n\u0131 kaydetti.<\/p>\n<p>https:\/\/twitter.com\/AliYerlikaya\/status\/1904528563216269435<\/p>\n<p>&#8220;Sokaklar\u0131 ter\u00f6rize etmeye kalk\u0131\u015fanlara, milli ve manevi de\u011ferlerimize, polislerimize sald\u0131ranlara asla taviz verilmeyecektir&#8221; diyen Bakan Yerlikaya, payla\u015f\u0131m\u0131nda, &#8220;Cumhurba\u015fkan\u0131m\u0131z Say\u0131n Recep Tayyip Erdo\u011fan&#8217;\u0131n merhum annesine ve ailesine hakaret edenleri bir kez daha lanetliyorum. G\u00fcvenlik g\u00fc\u00e7lerimiz hukuktan ald\u0131\u011f\u0131 g\u00fc\u00e7le, aziz milletimizin huzur ve g\u00fcvenli\u011fini 7\/24 korumaktad\u0131r, korumaya da devam edecektir&#8221; ifadelerini kulland\u0131.\u00a0<\/p>\n<p>\u200bHaberin Al\u0131nt\u0131land\u0131\u011f\u0131 Kaynak: www.iskenderun.org<\/p>","protected":false},"excerpt":{"rendered":"<p>\u0130\u00e7i\u015fleri Bakan\u0131 Ali Yerlikaya, \u0130stanbul&#8217;daki operasyon sonras\u0131nda 19 Mart&#8217;tan bu yana yasa d\u0131\u015f\u0131 g\u00f6sterilerde bulunanlarla ilgili bin 418 \u015f\u00fcphelinin g\u00f6zalt\u0131na al\u0131nd\u0131\u011f\u0131n\u0131 duyurdu.ANKARA (\u0130GFA) &#8211; \u0130\u00e7i\u015fleri Bakan\u0131 Ali Yerlikaya, \u0130stanbul&#8217;daki g\u00f6zalt\u0131 ve tutuklamalar ard\u0131ndan yasa d\u0131\u015f\u0131 g\u00f6sterilerde bulunanlarla ilgili son durumu payla\u015ft\u0131. 19 Mart 2025 tarihinden itibaren yap\u0131lan yasa d\u0131\u015f\u0131 g\u00f6sterilerde bug\u00fcne kadar bin 418 \u015f\u00fcpheli g\u00f6zalt\u0131na al\u0131nd\u0131\u011f\u0131n\u0131 belirten Bakan Yerlikaya, halen g\u00f6zalt\u0131nda olan 979 \u015f\u00fcphelinin bulundu\u011funu, bug\u00fcn 478 \u015fahs\u0131n mevcutlu olarak adli makamlara \u00e7\u0131kart\u0131laca\u011f\u0131n\u0131 kaydetti. https:\/\/twitter.com\/AliYerlikaya\/status\/1904528563216269435 &#8220;Sokaklar\u0131 ter\u00f6rize etmeye kalk\u0131\u015fanlara, milli ve manevi de\u011ferlerimize, polislerimize sald\u0131ranlara asla taviz verilmeyecektir&#8221; diyen Bakan Yerlikaya, payla\u015f\u0131m\u0131nda, &#8220;Cumhurba\u015fkan\u0131m\u0131z Say\u0131n Recep Tayyip Erdo\u011fan&#8217;\u0131n merhum annesine ve ailesine hakaret edenleri bir kez daha lanetliyorum. G\u00fcvenlik g\u00fc\u00e7lerimiz hukuktan ald\u0131\u011f\u0131 g\u00fc\u00e7le, aziz milletimizin huzur ve g\u00fcvenli\u011fini 7\/24 korumaktad\u0131r, korumaya da devam edecektir&#8221; ifadelerini kulland\u0131. \u200b\u0130\u00e7i\u015fleri Bakan\u0131 Ali Yerlikaya, \u0130stanbul&#8217;daki operasyon sonras\u0131nda 19 Mart&#8217;tan bu yana yasa d\u0131\u015f\u0131 g\u00f6sterilerde bulunanlarla ilgili bin 418 \u015f\u00fcphelinin g\u00f6zalt\u0131na al\u0131nd\u0131\u011f\u0131n\u0131 duyurdu.ANKARA (\u0130GFA) &#8211; \u0130\u00e7i\u015fleri Bakan\u0131 Ali Yerlikaya, \u0130stanbul&#8217;daki g\u00f6zalt\u0131 ve tutuklamalar ard\u0131ndan yasa d\u0131\u015f\u0131 g\u00f6sterilerde bulunanlarla ilgili son durumu payla\u015ft\u0131. 19 Mart 2025 tarihinden itibaren yap\u0131lan yasa d\u0131\u015f\u0131 g\u00f6sterilerde bug\u00fcne kadar bin 418 \u015f\u00fcpheli g\u00f6zalt\u0131na al\u0131nd\u0131\u011f\u0131n\u0131 belirten Bakan Yerlikaya, halen g\u00f6zalt\u0131nda olan 979 \u015f\u00fcphelinin bulundu\u011funu, bug\u00fcn 478 \u015fahs\u0131n mevcutlu olarak adli makamlara \u00e7\u0131kart\u0131laca\u011f\u0131n\u0131 &hellip;<\/p>","protected":false},"author":1,"featured_media":0,"comment_status":"","ping_status":"open","sticky":false,"template":"","format":"standard","meta":{"_acf_changed":false,"footnotes":""},"categories":[24],"tags":[],"class_list":["post-37050","post","type-post","status-publish","format-standard","has-post-thumbnail","hentry","category-gundem"],"acf":[],"yoast_head":"<!-- This site is optimized with the Yoast SEO Premium plugin v26.6 (Yoast SEO v27.1.1) - https:\/\/yoast.com\/product\/yoast-seo-premium-wordpress\/ -->\n<title>Bakan Yerlikaya son durumu a\u00e7\u0131klad\u0131: Halen 978 \u015f\u00fcpheli g\u00f6zalt\u0131nda - Av. Deniz Can K\u0131z\u0131l<\/title>\n<meta name=\"robots\" content=\"index, follow, max-snippet:-1, max-image-preview:large, max-video-preview:-1\" \/>\n<link rel=\"canonical\" href=\"https:\/\/denizcankizil.tr\/ru\/haberler\/gundem\/bakan-yerlikaya-son-durumu-acikladi-halen-978-supheli-gozaltinda\/\" \/>\n<meta property=\"og:locale\" content=\"ru_RU\" \/>\n<meta property=\"og:type\" content=\"article\" \/>\n<meta property=\"og:title\" content=\"Bakan Yerlikaya son durumu a\u00e7\u0131klad\u0131: Halen 978 \u015f\u00fcpheli g\u00f6zalt\u0131nda\" \/>\n<meta property=\"og:description\" content=\"\u0130\u00e7i\u015fleri Bakan\u0131 Ali Yerlikaya, \u0130stanbul&#8217;daki operasyon sonras\u0131nda 19 Mart&#8217;tan bu yana yasa d\u0131\u015f\u0131 g\u00f6sterilerde bulunanlarla ilgili bin 418 \u015f\u00fcphelinin g\u00f6zalt\u0131na al\u0131nd\u0131\u011f\u0131n\u0131 duyurdu.ANKARA (\u0130GFA) &#8211; \u0130\u00e7i\u015fleri Bakan\u0131 Ali Yerlikaya, \u0130stanbul&#8217;daki g\u00f6zalt\u0131 ve tutuklamalar ard\u0131ndan yasa d\u0131\u015f\u0131 g\u00f6sterilerde bulunanlarla ilgili son durumu payla\u015ft\u0131. 19 Mart 2025 tarihinden itibaren yap\u0131lan yasa d\u0131\u015f\u0131 g\u00f6sterilerde bug\u00fcne kadar bin 418 \u015f\u00fcpheli g\u00f6zalt\u0131na al\u0131nd\u0131\u011f\u0131n\u0131 belirten Bakan Yerlikaya, halen g\u00f6zalt\u0131nda olan 979 \u015f\u00fcphelinin bulundu\u011funu, bug\u00fcn 478 \u015fahs\u0131n mevcutlu olarak adli makamlara \u00e7\u0131kart\u0131laca\u011f\u0131n\u0131 kaydetti. https:\/\/twitter.com\/AliYerlikaya\/status\/1904528563216269435 &#8220;Sokaklar\u0131 ter\u00f6rize etmeye kalk\u0131\u015fanlara, milli ve manevi de\u011ferlerimize, polislerimize sald\u0131ranlara asla taviz verilmeyecektir&#8221; diyen Bakan Yerlikaya, payla\u015f\u0131m\u0131nda, &#8220;Cumhurba\u015fkan\u0131m\u0131z Say\u0131n Recep Tayyip Erdo\u011fan&#8217;\u0131n merhum annesine ve ailesine hakaret edenleri bir kez daha lanetliyorum. G\u00fcvenlik g\u00fc\u00e7lerimiz hukuktan ald\u0131\u011f\u0131 g\u00fc\u00e7le, aziz milletimizin huzur ve g\u00fcvenli\u011fini 7\/24 korumaktad\u0131r, korumaya da devam edecektir&#8221; ifadelerini kulland\u0131. \u200b\u0130\u00e7i\u015fleri Bakan\u0131 Ali Yerlikaya, \u0130stanbul&#8217;daki operasyon sonras\u0131nda 19 Mart&#8217;tan bu yana yasa d\u0131\u015f\u0131 g\u00f6sterilerde bulunanlarla ilgili bin 418 \u015f\u00fcphelinin g\u00f6zalt\u0131na al\u0131nd\u0131\u011f\u0131n\u0131 duyurdu.ANKARA (\u0130GFA) &#8211; \u0130\u00e7i\u015fleri Bakan\u0131 Ali Yerlikaya, \u0130stanbul&#8217;daki g\u00f6zalt\u0131 ve tutuklamalar ard\u0131ndan yasa d\u0131\u015f\u0131 g\u00f6sterilerde bulunanlarla ilgili son durumu payla\u015ft\u0131. 19 Mart 2025 tarihinden itibaren yap\u0131lan yasa d\u0131\u015f\u0131 g\u00f6sterilerde bug\u00fcne kadar bin 418 \u015f\u00fcpheli g\u00f6zalt\u0131na al\u0131nd\u0131\u011f\u0131n\u0131 belirten Bakan Yerlikaya, halen g\u00f6zalt\u0131nda olan 979 \u015f\u00fcphelinin bulundu\u011funu, bug\u00fcn 478 \u015fahs\u0131n mevcutlu olarak adli makamlara \u00e7\u0131kart\u0131laca\u011f\u0131n\u0131 &hellip;\" \/>\n<meta property=\"og:url\" content=\"https:\/\/denizcankizil.tr\/ru\/haberler\/gundem\/bakan-yerlikaya-son-durumu-acikladi-halen-978-supheli-gozaltinda\/\" \/>\n<meta property=\"og:site_name\" content=\"Av. Deniz Can K\u0131z\u0131l\" \/>\n<meta property=\"article:published_time\" content=\"2025-03-26T04:41:25+00:00\" \/>\n<meta name=\"author\" content=\"admin\" \/>\n<meta name=\"twitter:card\" content=\"summary_large_image\" \/>\n<meta name=\"twitter:label1\" content=\"\u041d\u0430\u043f\u0438\u0441\u0430\u043d\u043e \u0430\u0432\u0442\u043e\u0440\u043e\u043c\" \/>\n\t<meta name=\"twitter:data1\" content=\"admin\" \/>\n\t<meta name=\"twitter:label2\" content=\"\u041f\u0440\u0438\u043c\u0435\u0440\u043d\u043e\u0435 \u0432\u0440\u0435\u043c\u044f \u0434\u043b\u044f \u0447\u0442\u0435\u043d\u0438\u044f\" \/>\n\t<meta name=\"twitter:data2\" content=\"2 \u043c\u0438\u043d\u0443\u0442\u044b\" \/>\n<script type=\"application\/ld+json\" class=\"yoast-schema-graph\">{\"@context\":\"https:\/\/schema.org\",\"@graph\":[{\"@type\":\"Article\",\"@id\":\"https:\/\/denizcankizil.tr\/ru\/haberler\/gundem\/bakan-yerlikaya-son-durumu-acikladi-halen-978-supheli-gozaltinda\/#article\",\"isPartOf\":{\"@id\":\"https:\/\/denizcankizil.tr\/ru\/haberler\/gundem\/bakan-yerlikaya-son-durumu-acikladi-halen-978-supheli-gozaltinda\/\"},\"author\":{\"name\":\"admin\",\"@id\":\"https:\/\/denizcankizil.tr\/#\/schema\/person\/be3c05fe6a12686905512445d8185489\"},\"headline\":\"Bakan Yerlikaya son durumu a\u00e7\u0131klad\u0131: Halen 978 \u015f\u00fcpheli g\u00f6zalt\u0131nda\",\"datePublished\":\"2025-03-26T04:41:25+00:00\",\"mainEntityOfPage\":{\"@id\":\"https:\/\/denizcankizil.tr\/ru\/haberler\/gundem\/bakan-yerlikaya-son-durumu-acikladi-halen-978-supheli-gozaltinda\/\"},\"wordCount\":359,\"publisher\":{\"@id\":\"https:\/\/denizcankizil.tr\/#organization\"},\"articleSection\":[\"G\u00fcndem\"],\"inLanguage\":\"ru-RU\"},{\"@type\":\"WebPage\",\"@id\":\"https:\/\/denizcankizil.tr\/ru\/haberler\/gundem\/bakan-yerlikaya-son-durumu-acikladi-halen-978-supheli-gozaltinda\/\",\"url\":\"https:\/\/denizcankizil.tr\/ru\/haberler\/gundem\/bakan-yerlikaya-son-durumu-acikladi-halen-978-supheli-gozaltinda\/\",\"name\":\"Bakan Yerlikaya son durumu a\u00e7\u0131klad\u0131: Halen 978 \u015f\u00fcpheli g\u00f6zalt\u0131nda - Av. Deniz Can K\u0131z\u0131l\",\"isPartOf\":{\"@id\":\"https:\/\/denizcankizil.tr\/#website\"},\"datePublished\":\"2025-03-26T04:41:25+00:00\",\"breadcrumb\":{\"@id\":\"https:\/\/denizcankizil.tr\/ru\/haberler\/gundem\/bakan-yerlikaya-son-durumu-acikladi-halen-978-supheli-gozaltinda\/#breadcrumb\"},\"inLanguage\":\"ru-RU\",\"potentialAction\":[{\"@type\":\"ReadAction\",\"target\":[\"https:\/\/denizcankizil.tr\/ru\/haberler\/gundem\/bakan-yerlikaya-son-durumu-acikladi-halen-978-supheli-gozaltinda\/\"]}]},{\"@type\":\"BreadcrumbList\",\"@id\":\"https:\/\/denizcankizil.tr\/ru\/haberler\/gundem\/bakan-yerlikaya-son-durumu-acikladi-halen-978-supheli-gozaltinda\/#breadcrumb\",\"itemListElement\":[{\"@type\":\"ListItem\",\"position\":1,\"name\":\"Home\",\"item\":\"https:\/\/denizcankizil.tr\/uk\/\"},{\"@type\":\"ListItem\",\"position\":2,\"name\":\"Bakan Yerlikaya son durumu a\u00e7\u0131klad\u0131: Halen 978 \u015f\u00fcpheli g\u00f6zalt\u0131nda\"}]},{\"@type\":\"WebSite\",\"@id\":\"https:\/\/denizcankizil.tr\/#website\",\"url\":\"https:\/\/denizcankizil.tr\/\",\"name\":\"Av. Deniz Can K\u0131z\u0131l\",\"description\":\"Avukat Deniz Can K\u0131z\u0131l Antalya Barosu\",\"publisher\":{\"@id\":\"https:\/\/denizcankizil.tr\/#organization\"},\"potentialAction\":[{\"@type\":\"SearchAction\",\"target\":{\"@type\":\"EntryPoint\",\"urlTemplate\":\"https:\/\/denizcankizil.tr\/?s={search_term_string}\"},\"query-input\":{\"@type\":\"PropertyValueSpecification\",\"valueRequired\":true,\"valueName\":\"search_term_string\"}}],\"inLanguage\":\"ru-RU\"},{\"@type\":\"Organization\",\"@id\":\"https:\/\/denizcankizil.tr\/#organization\",\"name\":\"Av. Deniz Can K\u0131z\u0131l\",\"url\":\"https:\/\/denizcankizil.tr\/\",\"logo\":{\"@type\":\"ImageObject\",\"inLanguage\":\"ru-RU\",\"@id\":\"https:\/\/denizcankizil.tr\/#\/schema\/logo\/image\/\",\"url\":\"https:\/\/denizcankizil.tr\/wp-content\/uploads\/2024\/10\/siyah-logo-svg.svg\",\"contentUrl\":\"https:\/\/denizcankizil.tr\/wp-content\/uploads\/2024\/10\/siyah-logo-svg.svg\",\"width\":1080,\"height\":1080,\"caption\":\"Av. Deniz Can K\u0131z\u0131l\"},\"image\":{\"@id\":\"https:\/\/denizcankizil.tr\/#\/schema\/logo\/image\/\"}},{\"@type\":\"Person\",\"@id\":\"https:\/\/denizcankizil.tr\/#\/schema\/person\/be3c05fe6a12686905512445d8185489\",\"name\":\"admin\",\"image\":{\"@type\":\"ImageObject\",\"inLanguage\":\"ru-RU\",\"@id\":\"https:\/\/denizcankizil.tr\/#\/schema\/person\/image\/\",\"url\":\"https:\/\/secure.gravatar.com\/avatar\/c1fce94c830dc79107e174f890d7210541c4a63e8e5d816341794a2151c9d58c?s=96&d=mm&r=g\",\"contentUrl\":\"https:\/\/secure.gravatar.com\/avatar\/c1fce94c830dc79107e174f890d7210541c4a63e8e5d816341794a2151c9d58c?s=96&d=mm&r=g\",\"caption\":\"admin\"},\"sameAs\":[\"http:\/\/denizcankizil.tr\"],\"url\":\"https:\/\/www.iskenderun.org\/bakan-yerlikaya-son-durumu-acikladi-halen-978-supheli-gozaltinda\"}]}<\/script>\n<!-- \/ Yoast SEO Premium plugin. -->","yoast_head_json":{"title":"Bakan Yerlikaya son durumu a\u00e7\u0131klad\u0131: Halen 978 \u015f\u00fcpheli g\u00f6zalt\u0131nda - Av. Deniz Can K\u0131z\u0131l","robots":{"index":"index","follow":"follow","max-snippet":"max-snippet:-1","max-image-preview":"max-image-preview:large","max-video-preview":"max-video-preview:-1"},"canonical":"https:\/\/denizcankizil.tr\/ru\/haberler\/gundem\/bakan-yerlikaya-son-durumu-acikladi-halen-978-supheli-gozaltinda\/","og_locale":"ru_RU","og_type":"article","og_title":"Bakan Yerlikaya son durumu a\u00e7\u0131klad\u0131: Halen 978 \u015f\u00fcpheli g\u00f6zalt\u0131nda","og_description":"\u0130\u00e7i\u015fleri Bakan\u0131 Ali Yerlikaya, \u0130stanbul&#8217;daki operasyon sonras\u0131nda 19 Mart&#8217;tan bu yana yasa d\u0131\u015f\u0131 g\u00f6sterilerde bulunanlarla ilgili bin 418 \u015f\u00fcphelinin g\u00f6zalt\u0131na al\u0131nd\u0131\u011f\u0131n\u0131 duyurdu.ANKARA (\u0130GFA) &#8211; \u0130\u00e7i\u015fleri Bakan\u0131 Ali Yerlikaya, \u0130stanbul&#8217;daki g\u00f6zalt\u0131 ve tutuklamalar ard\u0131ndan yasa d\u0131\u015f\u0131 g\u00f6sterilerde bulunanlarla ilgili son durumu payla\u015ft\u0131. 19 Mart 2025 tarihinden itibaren yap\u0131lan yasa d\u0131\u015f\u0131 g\u00f6sterilerde bug\u00fcne kadar bin 418 \u015f\u00fcpheli g\u00f6zalt\u0131na al\u0131nd\u0131\u011f\u0131n\u0131 belirten Bakan Yerlikaya, halen g\u00f6zalt\u0131nda olan 979 \u015f\u00fcphelinin bulundu\u011funu, bug\u00fcn 478 \u015fahs\u0131n mevcutlu olarak adli makamlara \u00e7\u0131kart\u0131laca\u011f\u0131n\u0131 kaydetti. https:\/\/twitter.com\/AliYerlikaya\/status\/1904528563216269435 &#8220;Sokaklar\u0131 ter\u00f6rize etmeye kalk\u0131\u015fanlara, milli ve manevi de\u011ferlerimize, polislerimize sald\u0131ranlara asla taviz verilmeyecektir&#8221; diyen Bakan Yerlikaya, payla\u015f\u0131m\u0131nda, &#8220;Cumhurba\u015fkan\u0131m\u0131z Say\u0131n Recep Tayyip Erdo\u011fan&#8217;\u0131n merhum annesine ve ailesine hakaret edenleri bir kez daha lanetliyorum. G\u00fcvenlik g\u00fc\u00e7lerimiz hukuktan ald\u0131\u011f\u0131 g\u00fc\u00e7le, aziz milletimizin huzur ve g\u00fcvenli\u011fini 7\/24 korumaktad\u0131r, korumaya da devam edecektir&#8221; ifadelerini kulland\u0131. \u200b\u0130\u00e7i\u015fleri Bakan\u0131 Ali Yerlikaya, \u0130stanbul&#8217;daki operasyon sonras\u0131nda 19 Mart&#8217;tan bu yana yasa d\u0131\u015f\u0131 g\u00f6sterilerde bulunanlarla ilgili bin 418 \u015f\u00fcphelinin g\u00f6zalt\u0131na al\u0131nd\u0131\u011f\u0131n\u0131 duyurdu.ANKARA (\u0130GFA) &#8211; \u0130\u00e7i\u015fleri Bakan\u0131 Ali Yerlikaya, \u0130stanbul&#8217;daki g\u00f6zalt\u0131 ve tutuklamalar ard\u0131ndan yasa d\u0131\u015f\u0131 g\u00f6sterilerde bulunanlarla ilgili son durumu payla\u015ft\u0131. 19 Mart 2025 tarihinden itibaren yap\u0131lan yasa d\u0131\u015f\u0131 g\u00f6sterilerde bug\u00fcne kadar bin 418 \u015f\u00fcpheli g\u00f6zalt\u0131na al\u0131nd\u0131\u011f\u0131n\u0131 belirten Bakan Yerlikaya, halen g\u00f6zalt\u0131nda olan 979 \u015f\u00fcphelinin bulundu\u011funu, bug\u00fcn 478 \u015fahs\u0131n mevcutlu olarak adli makamlara \u00e7\u0131kart\u0131laca\u011f\u0131n\u0131 &hellip;","og_url":"https:\/\/denizcankizil.tr\/ru\/haberler\/gundem\/bakan-yerlikaya-son-durumu-acikladi-halen-978-supheli-gozaltinda\/","og_site_name":"Av. Deniz Can K\u0131z\u0131l","article_published_time":"2025-03-26T04:41:25+00:00","author":"admin","twitter_card":"summary_large_image","twitter_misc":{"\u041d\u0430\u043f\u0438\u0441\u0430\u043d\u043e \u0430\u0432\u0442\u043e\u0440\u043e\u043c":"admin","\u041f\u0440\u0438\u043c\u0435\u0440\u043d\u043e\u0435 \u0432\u0440\u0435\u043c\u044f \u0434\u043b\u044f \u0447\u0442\u0435\u043d\u0438\u044f":"2 \u043c\u0438\u043d\u0443\u0442\u044b"},"schema":{"@context":"https:\/\/schema.org","@graph":[{"@type":"Article","@id":"https:\/\/denizcankizil.tr\/ru\/haberler\/gundem\/bakan-yerlikaya-son-durumu-acikladi-halen-978-supheli-gozaltinda\/#article","isPartOf":{"@id":"https:\/\/denizcankizil.tr\/ru\/haberler\/gundem\/bakan-yerlikaya-son-durumu-acikladi-halen-978-supheli-gozaltinda\/"},"author":{"name":"admin","@id":"https:\/\/denizcankizil.tr\/#\/schema\/person\/be3c05fe6a12686905512445d8185489"},"headline":"Bakan Yerlikaya son durumu a\u00e7\u0131klad\u0131: Halen 978 \u015f\u00fcpheli g\u00f6zalt\u0131nda","datePublished":"2025-03-26T04:41:25+00:00","mainEntityOfPage":{"@id":"https:\/\/denizcankizil.tr\/ru\/haberler\/gundem\/bakan-yerlikaya-son-durumu-acikladi-halen-978-supheli-gozaltinda\/"},"wordCount":359,"publisher":{"@id":"https:\/\/denizcankizil.tr\/#organization"},"articleSection":["G\u00fcndem"],"inLanguage":"ru-RU"},{"@type":"WebPage","@id":"https:\/\/denizcankizil.tr\/ru\/haberler\/gundem\/bakan-yerlikaya-son-durumu-acikladi-halen-978-supheli-gozaltinda\/","url":"https:\/\/denizcankizil.tr\/ru\/haberler\/gundem\/bakan-yerlikaya-son-durumu-acikladi-halen-978-supheli-gozaltinda\/","name":"Bakan Yerlikaya son durumu a\u00e7\u0131klad\u0131: Halen 978 \u015f\u00fcpheli g\u00f6zalt\u0131nda - Av. Deniz Can K\u0131z\u0131l","isPartOf":{"@id":"https:\/\/denizcankizil.tr\/#website"},"datePublished":"2025-03-26T04:41:25+00:00","breadcrumb":{"@id":"https:\/\/denizcankizil.tr\/ru\/haberler\/gundem\/bakan-yerlikaya-son-durumu-acikladi-halen-978-supheli-gozaltinda\/#breadcrumb"},"inLanguage":"ru-RU","potentialAction":[{"@type":"ReadAction","target":["https:\/\/denizcankizil.tr\/ru\/haberler\/gundem\/bakan-yerlikaya-son-durumu-acikladi-halen-978-supheli-gozaltinda\/"]}]},{"@type":"BreadcrumbList","@id":"https:\/\/denizcankizil.tr\/ru\/haberler\/gundem\/bakan-yerlikaya-son-durumu-acikladi-halen-978-supheli-gozaltinda\/#breadcrumb","itemListElement":[{"@type":"ListItem","position":1,"name":"Home","item":"https:\/\/denizcankizil.tr\/uk\/"},{"@type":"ListItem","position":2,"name":"Bakan Yerlikaya son durumu a\u00e7\u0131klad\u0131: Halen 978 \u015f\u00fcpheli g\u00f6zalt\u0131nda"}]},{"@type":"WebSite","@id":"https:\/\/denizcankizil.tr\/#website","url":"https:\/\/denizcankizil.tr\/","name":"Av. Deniz Can K\u0131z\u0131l","description":"Avukat Deniz Can K\u0131z\u0131l Antalya Barosu","publisher":{"@id":"https:\/\/denizcankizil.tr\/#organization"},"potentialAction":[{"@type":"SearchAction","target":{"@type":"EntryPoint","urlTemplate":"https:\/\/denizcankizil.tr\/?s={search_term_string}"},"query-input":{"@type":"PropertyValueSpecification","valueRequired":true,"valueName":"search_term_string"}}],"inLanguage":"ru-RU"},{"@type":"Organization","@id":"https:\/\/denizcankizil.tr\/#organization","name":"Av. Deniz Can K\u0131z\u0131l","url":"https:\/\/denizcankizil.tr\/","logo":{"@type":"ImageObject","inLanguage":"ru-RU","@id":"https:\/\/denizcankizil.tr\/#\/schema\/logo\/image\/","url":"https:\/\/denizcankizil.tr\/wp-content\/uploads\/2024\/10\/siyah-logo-svg.svg","contentUrl":"https:\/\/denizcankizil.tr\/wp-content\/uploads\/2024\/10\/siyah-logo-svg.svg","width":1080,"height":1080,"caption":"Av. Deniz Can K\u0131z\u0131l"},"image":{"@id":"https:\/\/denizcankizil.tr\/#\/schema\/logo\/image\/"}},{"@type":"Person","@id":"https:\/\/denizcankizil.tr\/#\/schema\/person\/be3c05fe6a12686905512445d8185489","name":"\u0430\u0434\u043c\u0438\u043d","image":{"@type":"ImageObject","inLanguage":"ru-RU","@id":"https:\/\/denizcankizil.tr\/#\/schema\/person\/image\/","url":"https:\/\/secure.gravatar.com\/avatar\/c1fce94c830dc79107e174f890d7210541c4a63e8e5d816341794a2151c9d58c?s=96&d=mm&r=g","contentUrl":"https:\/\/secure.gravatar.com\/avatar\/c1fce94c830dc79107e174f890d7210541c4a63e8e5d816341794a2151c9d58c?s=96&d=mm&r=g","caption":"admin"},"sameAs":["http:\/\/denizcankizil.tr"],"url":"https:\/\/www.iskenderun.org\/bakan-yerlikaya-son-durumu-acikladi-halen-978-supheli-gozaltinda"}]}},"_links":{"self":[{"href":"https:\/\/denizcankizil.tr\/ru\/wp-json\/wp\/v2\/posts\/37050","targetHints":{"allow":["GET"]}}],"collection":[{"href":"https:\/\/denizcankizil.tr\/ru\/wp-json\/wp\/v2\/posts"}],"about":[{"href":"https:\/\/denizcankizil.tr\/ru\/wp-json\/wp\/v2\/types\/post"}],"author":[{"embeddable":true,"href":"https:\/\/denizcankizil.tr\/ru\/wp-json\/wp\/v2\/users\/1"}],"replies":[{"embeddable":true,"href":"https:\/\/denizcankizil.tr\/ru\/wp-json\/wp\/v2\/comments?post=37050"}],"version-history":[{"count":0,"href":"https:\/\/denizcankizil.tr\/ru\/wp-json\/wp\/v2\/posts\/37050\/revisions"}],"wp:attachment":[{"href":"https:\/\/denizcankizil.tr\/ru\/wp-json\/wp\/v2\/media?parent=37050"}],"wp:term":[{"taxonomy":"category","embeddable":true,"href":"https:\/\/denizcankizil.tr\/ru\/wp-json\/wp\/v2\/categories?post=37050"},{"taxonomy":"post_tag","embeddable":true,"href":"https:\/\/denizcankizil.tr\/ru\/wp-json\/wp\/v2\/tags?post=37050"}],"curies":[{"name":"wp","href":"https:\/\/api.w.org\/{rel}","templated":true}]}}