{"id":36985,"date":"2025-03-25T16:42:03","date_gmt":"2025-03-25T13:42:03","guid":{"rendered":"https:\/\/denizcankizil.tr\/uncategorized-tr\/biyokurutma-tesisi-ced-raporu-ankarada-gorusuldu\/"},"modified":"2025-03-25T16:42:03","modified_gmt":"2025-03-25T13:42:03","slug":"biyokurutma-tesisi-ced-raporu-ankarada-gorusuldu","status":"publish","type":"post","link":"https:\/\/denizcankizil.tr\/ru\/haberler\/gundem\/biyokurutma-tesisi-ced-raporu-ankarada-gorusuldu\/","title":{"rendered":"Biyokurutma Tesisi \u00c7ED raporu Ankara\u2019da g\u00f6r\u00fc\u015f\u00fcld\u00fc"},"content":{"rendered":"<p>Kocaeli B\u00fcy\u00fck\u015fehir Belediyesi\u2019nin Kand\u0131ra Ak\u00e7akese b\u00f6lgesinde kurmay\u0131 planlad\u0131\u011f\u0131 Biyokurutma Teknolojili Entegre Tesisi ile ilgili \u00c7ED toplant\u0131s\u0131 Ankara\u2019da yap\u0131ld\u0131.Kocaeli\u00a0B\u00fcy\u00fck\u015fehir Belediyesi\u2019nin Kand\u0131ra Ak\u00e7akese b\u00f6lgesinde kurmay\u0131 planlad\u0131\u011f\u0131 Biyokurutma Teknolojili Entegre Tesis ile ilgili s\u00fcre\u00e7 devam ediyor. Kentin havas\u0131na, suyuna ve topra\u011f\u0131na zarar vermeyecek bu projede belirlenen \u00f6zel format do\u011frultusunda haz\u0131rlanan \u00c7ED raporu Ankara\u2019da g\u00f6r\u00fc\u015f\u00fcld\u00fc.<br \/>\n\u00c7ED RAPORU \u0130NCELEND\u0130<br \/>\nKocaeli B\u00fcy\u00fck\u015fehir Belediyesi\u2019nin Kand\u0131ra-Ak\u00e7akese b\u00f6lgesine yapmay\u0131 planlad\u0131\u011f\u0131 Biyokurutma Teknolojili Entegre Tesisi, Ankara\u2019da g\u00f6r\u00fc\u015f\u00fcld\u00fc. \u00c7evre \u015eehircilik ve \u0130klim De\u011fi\u015fikli\u011fi Bakanl\u0131\u011f\u0131 \u00c7evresel Etki De\u011ferlendirmesi \u0130zin ve Denetim Genel M\u00fcd\u00fcrl\u00fc\u011f\u00fc, Kand\u0131ra\u2019da yap\u0131lmas\u0131 planlanan tesisin \u00e7evreye uygunlu\u011funu de\u011ferlendirmek i\u00e7in 15\u2019in \u00fczerinde kurumdan g\u00f6r\u00fc\u015f istedi. \u0130lgili kurum ve kurulu\u015flar g\u00f6r\u00fc\u015flerini tamamlayarak \u00c7evre, \u015eehircilik ve \u0130klim De\u011fi\u015fikli\u011fi Bakanl\u0131\u011f\u0131\u2019na teslim etti. \u00c7ED Raporuna ili\u015fkin g\u00f6r\u00fc\u015fler \u0130nceleme De\u011ferlendirme Komisyonu toplant\u0131s\u0131nda g\u00f6r\u00fc\u015f\u00fcld\u00fc. Toplant\u0131da B\u00fcy\u00fck\u015fehir\u2019i \u00c7evre Koruma ve Kontrol Dairesi Ba\u015fkan\u0131 Mesut \u00d6nem temsil etti.<br \/>\nT\u00dcRK\u0130YE\u2019YE \u00d6RNEK VE MODEL OLACAK<br \/>\nKocaeli\u2019de S\u0131f\u0131r At\u0131k Projesinin T\u00fcrkiye\u2019ye \u00f6rnek olacak \u015fekilde y\u00fcr\u00fct\u00fclmesine b\u00fcy\u00fck \u00f6nem veren B\u00fcy\u00fck\u015fehir, tesisin hayata ge\u00e7irilmesiyle kentin at\u0131k sorununun \u00e7\u00f6z\u00fclmesini sa\u011flayacak. Bu kapsamda \u00c7ED Y\u00f6netmeli\u011fi kapsam\u0131nda y\u00fcr\u00fct\u00fclen s\u00fcre\u00e7te \u0130nceleme De\u011ferlendirme Kurulu Toplant\u0131s\u0131 Ankara\u2019da ger\u00e7ekle\u015ftirildi. S\u00f6z konusu toplant\u0131da kurum kurulu\u015flar\u0131n g\u00f6r\u00fc\u015fleri ve yap\u0131lmas\u0131 istenilen de\u011fi\u015fiklik talepleri al\u0131nd\u0131. Bu do\u011frultuda gerekli d\u00fczenlemeler yap\u0131ld\u0131ktan sonra nihai \u00c7ED Raporu Bakanl\u0131\u011f\u0131n sistemine y\u00fcklenecek ve sonras\u0131nda ise ask\u0131 s\u00fcreci ba\u015flayacak. Ask\u0131 s\u00fcrecinde gelen itirazlar\u0131n de\u011ferlendirilmesi neticesinde rapora son hali verilerek Bakanl\u0131k onay\u0131na sunulacak.<br \/>\nN\u0130HA\u0130 KARAR BEKLEN\u0130YOR<br \/>\nMavi Bayrakl\u0131 Halk Plajlar\u0131, y\u00fczde 100 at\u0131k su ar\u0131tma oran\u0131, millet bah\u00e7eleri, sahil parklar\u0131, \u0130zmit K\u00f6rfezi\u2019ni bal\u0131kland\u0131rma projesi ve alt yap\u0131 hizmetleriyle \u00e7evre dostu bir belediye olan B\u00fcy\u00fck\u015fehir Belediyesi, \u015fehri yeni ve modern at\u0131k y\u00f6netimiyle tan\u0131\u015ft\u0131raca\u011f\u0131 tesiste nihai karar\u0131 bekliyor. Genel Sekreter Yard\u0131mc\u0131s\u0131 G\u00f6kmen Meng\u00fc\u00e7, bir s\u00fcre \u00f6nce tesisin birebir haz\u0131rlanan maketi ile tesisin nas\u0131l \u00e7al\u0131\u015faca\u011f\u0131n\u0131 kamuoyuna anlatm\u0131\u015f, evsel at\u0131klar\u0131n bertaraf\u0131nda en modern ve en kal\u0131c\u0131 y\u00f6ntemi Kocaeli\u2019de uygulamak istediklerini ifade etmi\u015fti.<\/p>\n<p>\u200bKocaeli B\u00fcy\u00fck\u015fehir Belediyesi\u2019nin Kand\u0131ra Ak\u00e7akese b\u00f6lgesinde kurmay\u0131 planlad\u0131\u011f\u0131 Biyokurutma Teknolojili Entegre Tesisi ile ilgili \u00c7ED toplant\u0131s\u0131 Ankara\u2019da yap\u0131ld\u0131.Kocaeli\u00a0B\u00fcy\u00fck\u015fehir Belediyesi\u2019nin Kand\u0131ra Ak\u00e7akese b\u00f6lgesinde kurmay\u0131 planlad\u0131\u011f\u0131 Biyokurutma Teknolojili Entegre Tesis ile ilgili s\u00fcre\u00e7 devam ediyor. Kentin havas\u0131na, suyuna ve topra\u011f\u0131na zarar vermeyecek bu projede belirlenen \u00f6zel format do\u011frultusunda haz\u0131rlanan \u00c7ED raporu Ankara\u2019da g\u00f6r\u00fc\u015f\u00fcld\u00fc.<br \/>\n\u00c7ED RAPORU \u0130NCELEND\u0130<br \/>\nKocaeli B\u00fcy\u00fck\u015fehir Belediyesi\u2019nin Kand\u0131ra-Ak\u00e7akese b\u00f6lgesine yapmay\u0131 planlad\u0131\u011f\u0131 Biyokurutma Teknolojili Entegre Tesisi, Ankara\u2019da g\u00f6r\u00fc\u015f\u00fcld\u00fc. \u00c7evre \u015eehircilik ve \u0130klim De\u011fi\u015fikli\u011fi Bakanl\u0131\u011f\u0131 \u00c7evresel Etki De\u011ferlendirmesi \u0130zin ve Denetim Genel M\u00fcd\u00fcrl\u00fc\u011f\u00fc, Kand\u0131ra\u2019da yap\u0131lmas\u0131 planlanan tesisin \u00e7evreye uygunlu\u011funu de\u011ferlendirmek i\u00e7in 15\u2019in \u00fczerinde kurumdan g\u00f6r\u00fc\u015f istedi. \u0130lgili kurum ve kurulu\u015flar g\u00f6r\u00fc\u015flerini tamamlayarak \u00c7evre, \u015eehircilik ve \u0130klim De\u011fi\u015fikli\u011fi Bakanl\u0131\u011f\u0131\u2019na teslim etti. \u00c7ED Raporuna ili\u015fkin g\u00f6r\u00fc\u015fler \u0130nceleme De\u011ferlendirme Komisyonu toplant\u0131s\u0131nda g\u00f6r\u00fc\u015f\u00fcld\u00fc. Toplant\u0131da B\u00fcy\u00fck\u015fehir\u2019i \u00c7evre Koruma ve Kontrol Dairesi Ba\u015fkan\u0131 Mesut \u00d6nem temsil etti.<br \/>\nT\u00dcRK\u0130YE\u2019YE \u00d6RNEK VE MODEL OLACAK<br \/>\nKocaeli\u2019de S\u0131f\u0131r At\u0131k Projesinin T\u00fcrkiye\u2019ye \u00f6rnek olacak \u015fekilde y\u00fcr\u00fct\u00fclmesine b\u00fcy\u00fck \u00f6nem veren B\u00fcy\u00fck\u015fehir, tesisin hayata ge\u00e7irilmesiyle kentin at\u0131k sorununun \u00e7\u00f6z\u00fclmesini sa\u011flayacak. Bu kapsamda \u00c7ED Y\u00f6netmeli\u011fi kapsam\u0131nda y\u00fcr\u00fct\u00fclen s\u00fcre\u00e7te \u0130nceleme De\u011ferlendirme Kurulu Toplant\u0131s\u0131 Ankara\u2019da ger\u00e7ekle\u015ftirildi. S\u00f6z konusu toplant\u0131da kurum kurulu\u015flar\u0131n g\u00f6r\u00fc\u015fleri ve yap\u0131lmas\u0131 istenilen de\u011fi\u015fiklik talepleri al\u0131nd\u0131. Bu do\u011frultuda gerekli d\u00fczenlemeler yap\u0131ld\u0131ktan sonra nihai \u00c7ED Raporu Bakanl\u0131\u011f\u0131n sistemine y\u00fcklenecek ve sonras\u0131nda ise ask\u0131 s\u00fcreci ba\u015flayacak. Ask\u0131 s\u00fcrecinde gelen itirazlar\u0131n de\u011ferlendirilmesi neticesinde rapora son hali verilerek Bakanl\u0131k onay\u0131na sunulacak.<br \/>\nN\u0130HA\u0130 KARAR BEKLEN\u0130YOR<br \/>\nMavi Bayrakl\u0131 Halk Plajlar\u0131, y\u00fczde 100 at\u0131k su ar\u0131tma oran\u0131, millet bah\u00e7eleri, sahil parklar\u0131, \u0130zmit K\u00f6rfezi\u2019ni bal\u0131kland\u0131rma projesi ve alt yap\u0131 hizmetleriyle \u00e7evre dostu bir belediye olan B\u00fcy\u00fck\u015fehir Belediyesi, \u015fehri yeni ve modern at\u0131k y\u00f6netimiyle tan\u0131\u015ft\u0131raca\u011f\u0131 tesiste nihai karar\u0131 bekliyor. Genel Sekreter Yard\u0131mc\u0131s\u0131 G\u00f6kmen Meng\u00fc\u00e7, bir s\u00fcre \u00f6nce tesisin birebir haz\u0131rlanan maketi ile tesisin nas\u0131l \u00e7al\u0131\u015faca\u011f\u0131n\u0131 kamuoyuna anlatm\u0131\u015f, evsel at\u0131klar\u0131n bertaraf\u0131nda en modern ve en kal\u0131c\u0131 y\u00f6ntemi Kocaeli\u2019de uygulamak istediklerini ifade etmi\u015fti.\u00a0<\/p>\n<p>\u200bHaberin Al\u0131nt\u0131land\u0131\u011f\u0131 Kaynak: www.iskenderun.org<\/p>","protected":false},"excerpt":{"rendered":"<p>Kocaeli B\u00fcy\u00fck\u015fehir Belediyesi\u2019nin Kand\u0131ra Ak\u00e7akese b\u00f6lgesinde kurmay\u0131 planlad\u0131\u011f\u0131 Biyokurutma Teknolojili Entegre Tesisi ile ilgili \u00c7ED toplant\u0131s\u0131 Ankara\u2019da yap\u0131ld\u0131.Kocaeli\u00a0B\u00fcy\u00fck\u015fehir Belediyesi\u2019nin Kand\u0131ra Ak\u00e7akese b\u00f6lgesinde kurmay\u0131 planlad\u0131\u011f\u0131 Biyokurutma Teknolojili Entegre Tesis ile ilgili s\u00fcre\u00e7 devam ediyor. Kentin havas\u0131na, suyuna ve topra\u011f\u0131na zarar vermeyecek bu projede belirlenen \u00f6zel format do\u011frultusunda haz\u0131rlanan \u00c7ED raporu Ankara\u2019da g\u00f6r\u00fc\u015f\u00fcld\u00fc. \u00c7ED RAPORU \u0130NCELEND\u0130 Kocaeli B\u00fcy\u00fck\u015fehir Belediyesi\u2019nin Kand\u0131ra-Ak\u00e7akese b\u00f6lgesine yapmay\u0131 planlad\u0131\u011f\u0131 Biyokurutma Teknolojili Entegre Tesisi, Ankara\u2019da g\u00f6r\u00fc\u015f\u00fcld\u00fc. \u00c7evre \u015eehircilik ve \u0130klim De\u011fi\u015fikli\u011fi Bakanl\u0131\u011f\u0131 \u00c7evresel Etki De\u011ferlendirmesi \u0130zin ve Denetim Genel M\u00fcd\u00fcrl\u00fc\u011f\u00fc, Kand\u0131ra\u2019da yap\u0131lmas\u0131 planlanan tesisin \u00e7evreye uygunlu\u011funu de\u011ferlendirmek i\u00e7in 15\u2019in \u00fczerinde kurumdan g\u00f6r\u00fc\u015f istedi. \u0130lgili kurum ve kurulu\u015flar g\u00f6r\u00fc\u015flerini tamamlayarak \u00c7evre, \u015eehircilik ve \u0130klim De\u011fi\u015fikli\u011fi Bakanl\u0131\u011f\u0131\u2019na teslim etti. \u00c7ED Raporuna ili\u015fkin g\u00f6r\u00fc\u015fler \u0130nceleme De\u011ferlendirme Komisyonu toplant\u0131s\u0131nda g\u00f6r\u00fc\u015f\u00fcld\u00fc. Toplant\u0131da B\u00fcy\u00fck\u015fehir\u2019i \u00c7evre Koruma ve Kontrol Dairesi Ba\u015fkan\u0131 Mesut \u00d6nem temsil etti. T\u00dcRK\u0130YE\u2019YE \u00d6RNEK VE MODEL OLACAK Kocaeli\u2019de S\u0131f\u0131r At\u0131k Projesinin T\u00fcrkiye\u2019ye \u00f6rnek olacak \u015fekilde y\u00fcr\u00fct\u00fclmesine b\u00fcy\u00fck \u00f6nem veren B\u00fcy\u00fck\u015fehir, tesisin hayata ge\u00e7irilmesiyle kentin at\u0131k sorununun \u00e7\u00f6z\u00fclmesini sa\u011flayacak. Bu kapsamda \u00c7ED Y\u00f6netmeli\u011fi kapsam\u0131nda y\u00fcr\u00fct\u00fclen s\u00fcre\u00e7te \u0130nceleme De\u011ferlendirme Kurulu Toplant\u0131s\u0131 Ankara\u2019da ger\u00e7ekle\u015ftirildi. S\u00f6z konusu toplant\u0131da kurum kurulu\u015flar\u0131n g\u00f6r\u00fc\u015fleri ve yap\u0131lmas\u0131 istenilen de\u011fi\u015fiklik talepleri al\u0131nd\u0131. Bu do\u011frultuda gerekli d\u00fczenlemeler yap\u0131ld\u0131ktan sonra nihai \u00c7ED Raporu Bakanl\u0131\u011f\u0131n sistemine y\u00fcklenecek ve sonras\u0131nda ise ask\u0131 s\u00fcreci ba\u015flayacak. Ask\u0131 s\u00fcrecinde &hellip;<\/p>","protected":false},"author":1,"featured_media":0,"comment_status":"","ping_status":"open","sticky":false,"template":"","format":"standard","meta":{"_acf_changed":false,"footnotes":""},"categories":[24],"tags":[],"class_list":["post-36985","post","type-post","status-publish","format-standard","has-post-thumbnail","hentry","category-gundem"],"acf":[],"yoast_head":"<!-- This site is optimized with the Yoast SEO Premium plugin v26.6 (Yoast SEO v27.1.1) - https:\/\/yoast.com\/product\/yoast-seo-premium-wordpress\/ -->\n<title>Biyokurutma Tesisi \u00c7ED raporu Ankara\u2019da g\u00f6r\u00fc\u015f\u00fcld\u00fc - Av. Deniz Can K\u0131z\u0131l<\/title>\n<meta name=\"robots\" content=\"index, follow, max-snippet:-1, max-image-preview:large, max-video-preview:-1\" \/>\n<link rel=\"canonical\" href=\"https:\/\/denizcankizil.tr\/ru\/haberler\/gundem\/biyokurutma-tesisi-ced-raporu-ankarada-gorusuldu\/\" \/>\n<meta property=\"og:locale\" content=\"ru_RU\" \/>\n<meta property=\"og:type\" content=\"article\" \/>\n<meta property=\"og:title\" content=\"Biyokurutma Tesisi \u00c7ED raporu Ankara\u2019da g\u00f6r\u00fc\u015f\u00fcld\u00fc\" \/>\n<meta property=\"og:description\" content=\"Kocaeli B\u00fcy\u00fck\u015fehir Belediyesi\u2019nin Kand\u0131ra Ak\u00e7akese b\u00f6lgesinde kurmay\u0131 planlad\u0131\u011f\u0131 Biyokurutma Teknolojili Entegre Tesisi ile ilgili \u00c7ED toplant\u0131s\u0131 Ankara\u2019da yap\u0131ld\u0131.Kocaeli\u00a0B\u00fcy\u00fck\u015fehir Belediyesi\u2019nin Kand\u0131ra Ak\u00e7akese b\u00f6lgesinde kurmay\u0131 planlad\u0131\u011f\u0131 Biyokurutma Teknolojili Entegre Tesis ile ilgili s\u00fcre\u00e7 devam ediyor. Kentin havas\u0131na, suyuna ve topra\u011f\u0131na zarar vermeyecek bu projede belirlenen \u00f6zel format do\u011frultusunda haz\u0131rlanan \u00c7ED raporu Ankara\u2019da g\u00f6r\u00fc\u015f\u00fcld\u00fc. \u00c7ED RAPORU \u0130NCELEND\u0130 Kocaeli B\u00fcy\u00fck\u015fehir Belediyesi\u2019nin Kand\u0131ra-Ak\u00e7akese b\u00f6lgesine yapmay\u0131 planlad\u0131\u011f\u0131 Biyokurutma Teknolojili Entegre Tesisi, Ankara\u2019da g\u00f6r\u00fc\u015f\u00fcld\u00fc. \u00c7evre \u015eehircilik ve \u0130klim De\u011fi\u015fikli\u011fi Bakanl\u0131\u011f\u0131 \u00c7evresel Etki De\u011ferlendirmesi \u0130zin ve Denetim Genel M\u00fcd\u00fcrl\u00fc\u011f\u00fc, Kand\u0131ra\u2019da yap\u0131lmas\u0131 planlanan tesisin \u00e7evreye uygunlu\u011funu de\u011ferlendirmek i\u00e7in 15\u2019in \u00fczerinde kurumdan g\u00f6r\u00fc\u015f istedi. \u0130lgili kurum ve kurulu\u015flar g\u00f6r\u00fc\u015flerini tamamlayarak \u00c7evre, \u015eehircilik ve \u0130klim De\u011fi\u015fikli\u011fi Bakanl\u0131\u011f\u0131\u2019na teslim etti. \u00c7ED Raporuna ili\u015fkin g\u00f6r\u00fc\u015fler \u0130nceleme De\u011ferlendirme Komisyonu toplant\u0131s\u0131nda g\u00f6r\u00fc\u015f\u00fcld\u00fc. Toplant\u0131da B\u00fcy\u00fck\u015fehir\u2019i \u00c7evre Koruma ve Kontrol Dairesi Ba\u015fkan\u0131 Mesut \u00d6nem temsil etti. T\u00dcRK\u0130YE\u2019YE \u00d6RNEK VE MODEL OLACAK Kocaeli\u2019de S\u0131f\u0131r At\u0131k Projesinin T\u00fcrkiye\u2019ye \u00f6rnek olacak \u015fekilde y\u00fcr\u00fct\u00fclmesine b\u00fcy\u00fck \u00f6nem veren B\u00fcy\u00fck\u015fehir, tesisin hayata ge\u00e7irilmesiyle kentin at\u0131k sorununun \u00e7\u00f6z\u00fclmesini sa\u011flayacak. Bu kapsamda \u00c7ED Y\u00f6netmeli\u011fi kapsam\u0131nda y\u00fcr\u00fct\u00fclen s\u00fcre\u00e7te \u0130nceleme De\u011ferlendirme Kurulu Toplant\u0131s\u0131 Ankara\u2019da ger\u00e7ekle\u015ftirildi. S\u00f6z konusu toplant\u0131da kurum kurulu\u015flar\u0131n g\u00f6r\u00fc\u015fleri ve yap\u0131lmas\u0131 istenilen de\u011fi\u015fiklik talepleri al\u0131nd\u0131. Bu do\u011frultuda gerekli d\u00fczenlemeler yap\u0131ld\u0131ktan sonra nihai \u00c7ED Raporu Bakanl\u0131\u011f\u0131n sistemine y\u00fcklenecek ve sonras\u0131nda ise ask\u0131 s\u00fcreci ba\u015flayacak. Ask\u0131 s\u00fcrecinde &hellip;\" \/>\n<meta property=\"og:url\" content=\"https:\/\/denizcankizil.tr\/ru\/haberler\/gundem\/biyokurutma-tesisi-ced-raporu-ankarada-gorusuldu\/\" \/>\n<meta property=\"og:site_name\" content=\"Av. Deniz Can K\u0131z\u0131l\" \/>\n<meta property=\"article:published_time\" content=\"2025-03-25T13:42:03+00:00\" \/>\n<meta name=\"author\" content=\"admin\" \/>\n<meta name=\"twitter:card\" content=\"summary_large_image\" \/>\n<meta name=\"twitter:label1\" content=\"\u041d\u0430\u043f\u0438\u0441\u0430\u043d\u043e \u0430\u0432\u0442\u043e\u0440\u043e\u043c\" \/>\n\t<meta name=\"twitter:data1\" content=\"admin\" \/>\n\t<meta name=\"twitter:label2\" content=\"\u041f\u0440\u0438\u043c\u0435\u0440\u043d\u043e\u0435 \u0432\u0440\u0435\u043c\u044f \u0434\u043b\u044f \u0447\u0442\u0435\u043d\u0438\u044f\" \/>\n\t<meta name=\"twitter:data2\" content=\"5 \u043c\u0438\u043d\u0443\u0442\" \/>\n<script type=\"application\/ld+json\" class=\"yoast-schema-graph\">{\"@context\":\"https:\/\/schema.org\",\"@graph\":[{\"@type\":\"Article\",\"@id\":\"https:\/\/denizcankizil.tr\/de\/haberler\/gundem\/biyokurutma-tesisi-ced-raporu-ankarada-gorusuldu\/#article\",\"isPartOf\":{\"@id\":\"https:\/\/denizcankizil.tr\/de\/haberler\/gundem\/biyokurutma-tesisi-ced-raporu-ankarada-gorusuldu\/\"},\"author\":{\"name\":\"admin\",\"@id\":\"https:\/\/denizcankizil.tr\/de\/#\/schema\/person\/be3c05fe6a12686905512445d8185489\"},\"headline\":\"Biyokurutma Tesisi \u00c7ED raporu Ankara\u2019da g\u00f6r\u00fc\u015f\u00fcld\u00fc\",\"datePublished\":\"2025-03-25T13:42:03+00:00\",\"mainEntityOfPage\":{\"@id\":\"https:\/\/denizcankizil.tr\/de\/haberler\/gundem\/biyokurutma-tesisi-ced-raporu-ankarada-gorusuldu\/\"},\"wordCount\":909,\"publisher\":{\"@id\":\"https:\/\/denizcankizil.tr\/de\/#organization\"},\"articleSection\":[\"G\u00fcndem\"],\"inLanguage\":\"ru-RU\"},{\"@type\":\"WebPage\",\"@id\":\"https:\/\/denizcankizil.tr\/de\/haberler\/gundem\/biyokurutma-tesisi-ced-raporu-ankarada-gorusuldu\/\",\"url\":\"https:\/\/denizcankizil.tr\/de\/haberler\/gundem\/biyokurutma-tesisi-ced-raporu-ankarada-gorusuldu\/\",\"name\":\"Biyokurutma Tesisi \u00c7ED raporu Ankara\u2019da g\u00f6r\u00fc\u015f\u00fcld\u00fc - Av. Deniz Can K\u0131z\u0131l\",\"isPartOf\":{\"@id\":\"https:\/\/denizcankizil.tr\/de\/#website\"},\"datePublished\":\"2025-03-25T13:42:03+00:00\",\"breadcrumb\":{\"@id\":\"https:\/\/denizcankizil.tr\/de\/haberler\/gundem\/biyokurutma-tesisi-ced-raporu-ankarada-gorusuldu\/#breadcrumb\"},\"inLanguage\":\"ru-RU\",\"potentialAction\":[{\"@type\":\"ReadAction\",\"target\":[\"https:\/\/denizcankizil.tr\/de\/haberler\/gundem\/biyokurutma-tesisi-ced-raporu-ankarada-gorusuldu\/\"]}]},{\"@type\":\"BreadcrumbList\",\"@id\":\"https:\/\/denizcankizil.tr\/de\/haberler\/gundem\/biyokurutma-tesisi-ced-raporu-ankarada-gorusuldu\/#breadcrumb\",\"itemListElement\":[{\"@type\":\"ListItem\",\"position\":1,\"name\":\"Home\",\"item\":\"https:\/\/denizcankizil.tr\/de\/\"},{\"@type\":\"ListItem\",\"position\":2,\"name\":\"Biyokurutma Tesisi \u00c7ED raporu Ankara\u2019da g\u00f6r\u00fc\u015f\u00fcld\u00fc\"}]},{\"@type\":\"WebSite\",\"@id\":\"https:\/\/denizcankizil.tr\/de\/#website\",\"url\":\"https:\/\/denizcankizil.tr\/de\/\",\"name\":\"Av. Deniz Can K\u0131z\u0131l\",\"description\":\"Avukat Deniz Can K\u0131z\u0131l Antalya Barosu\",\"publisher\":{\"@id\":\"https:\/\/denizcankizil.tr\/de\/#organization\"},\"potentialAction\":[{\"@type\":\"SearchAction\",\"target\":{\"@type\":\"EntryPoint\",\"urlTemplate\":\"https:\/\/denizcankizil.tr\/de\/?s={search_term_string}\"},\"query-input\":{\"@type\":\"PropertyValueSpecification\",\"valueRequired\":true,\"valueName\":\"search_term_string\"}}],\"inLanguage\":\"ru-RU\"},{\"@type\":\"Organization\",\"@id\":\"https:\/\/denizcankizil.tr\/de\/#organization\",\"name\":\"Av. Deniz Can K\u0131z\u0131l\",\"url\":\"https:\/\/denizcankizil.tr\/de\/\",\"logo\":{\"@type\":\"ImageObject\",\"inLanguage\":\"ru-RU\",\"@id\":\"https:\/\/denizcankizil.tr\/de\/#\/schema\/logo\/image\/\",\"url\":\"https:\/\/denizcankizil.tr\/wp-content\/uploads\/2024\/10\/siyah-logo-svg.svg\",\"contentUrl\":\"https:\/\/denizcankizil.tr\/wp-content\/uploads\/2024\/10\/siyah-logo-svg.svg\",\"width\":1080,\"height\":1080,\"caption\":\"Av. Deniz Can K\u0131z\u0131l\"},\"image\":{\"@id\":\"https:\/\/denizcankizil.tr\/de\/#\/schema\/logo\/image\/\"}},{\"@type\":\"Person\",\"@id\":\"https:\/\/denizcankizil.tr\/de\/#\/schema\/person\/be3c05fe6a12686905512445d8185489\",\"name\":\"admin\",\"image\":{\"@type\":\"ImageObject\",\"inLanguage\":\"ru-RU\",\"@id\":\"https:\/\/denizcankizil.tr\/de\/#\/schema\/person\/image\/\",\"url\":\"https:\/\/secure.gravatar.com\/avatar\/c1fce94c830dc79107e174f890d7210541c4a63e8e5d816341794a2151c9d58c?s=96&d=mm&r=g\",\"contentUrl\":\"https:\/\/secure.gravatar.com\/avatar\/c1fce94c830dc79107e174f890d7210541c4a63e8e5d816341794a2151c9d58c?s=96&d=mm&r=g\",\"caption\":\"admin\"},\"sameAs\":[\"http:\/\/denizcankizil.tr\"],\"url\":\"https:\/\/www.iskenderun.org\/biyokurutma-tesisi-ced-raporu-ankarada-gorusuldu\"}]}<\/script>\n<!-- \/ Yoast SEO Premium plugin. -->","yoast_head_json":{"title":"Biyokurutma Tesisi \u00c7ED raporu Ankara\u2019da g\u00f6r\u00fc\u015f\u00fcld\u00fc - Av. Deniz Can K\u0131z\u0131l","robots":{"index":"index","follow":"follow","max-snippet":"max-snippet:-1","max-image-preview":"max-image-preview:large","max-video-preview":"max-video-preview:-1"},"canonical":"https:\/\/denizcankizil.tr\/ru\/haberler\/gundem\/biyokurutma-tesisi-ced-raporu-ankarada-gorusuldu\/","og_locale":"ru_RU","og_type":"article","og_title":"Biyokurutma Tesisi \u00c7ED raporu Ankara\u2019da g\u00f6r\u00fc\u015f\u00fcld\u00fc","og_description":"Kocaeli B\u00fcy\u00fck\u015fehir Belediyesi\u2019nin Kand\u0131ra Ak\u00e7akese b\u00f6lgesinde kurmay\u0131 planlad\u0131\u011f\u0131 Biyokurutma Teknolojili Entegre Tesisi ile ilgili \u00c7ED toplant\u0131s\u0131 Ankara\u2019da yap\u0131ld\u0131.Kocaeli\u00a0B\u00fcy\u00fck\u015fehir Belediyesi\u2019nin Kand\u0131ra Ak\u00e7akese b\u00f6lgesinde kurmay\u0131 planlad\u0131\u011f\u0131 Biyokurutma Teknolojili Entegre Tesis ile ilgili s\u00fcre\u00e7 devam ediyor. Kentin havas\u0131na, suyuna ve topra\u011f\u0131na zarar vermeyecek bu projede belirlenen \u00f6zel format do\u011frultusunda haz\u0131rlanan \u00c7ED raporu Ankara\u2019da g\u00f6r\u00fc\u015f\u00fcld\u00fc. \u00c7ED RAPORU \u0130NCELEND\u0130 Kocaeli B\u00fcy\u00fck\u015fehir Belediyesi\u2019nin Kand\u0131ra-Ak\u00e7akese b\u00f6lgesine yapmay\u0131 planlad\u0131\u011f\u0131 Biyokurutma Teknolojili Entegre Tesisi, Ankara\u2019da g\u00f6r\u00fc\u015f\u00fcld\u00fc. \u00c7evre \u015eehircilik ve \u0130klim De\u011fi\u015fikli\u011fi Bakanl\u0131\u011f\u0131 \u00c7evresel Etki De\u011ferlendirmesi \u0130zin ve Denetim Genel M\u00fcd\u00fcrl\u00fc\u011f\u00fc, Kand\u0131ra\u2019da yap\u0131lmas\u0131 planlanan tesisin \u00e7evreye uygunlu\u011funu de\u011ferlendirmek i\u00e7in 15\u2019in \u00fczerinde kurumdan g\u00f6r\u00fc\u015f istedi. \u0130lgili kurum ve kurulu\u015flar g\u00f6r\u00fc\u015flerini tamamlayarak \u00c7evre, \u015eehircilik ve \u0130klim De\u011fi\u015fikli\u011fi Bakanl\u0131\u011f\u0131\u2019na teslim etti. \u00c7ED Raporuna ili\u015fkin g\u00f6r\u00fc\u015fler \u0130nceleme De\u011ferlendirme Komisyonu toplant\u0131s\u0131nda g\u00f6r\u00fc\u015f\u00fcld\u00fc. Toplant\u0131da B\u00fcy\u00fck\u015fehir\u2019i \u00c7evre Koruma ve Kontrol Dairesi Ba\u015fkan\u0131 Mesut \u00d6nem temsil etti. T\u00dcRK\u0130YE\u2019YE \u00d6RNEK VE MODEL OLACAK Kocaeli\u2019de S\u0131f\u0131r At\u0131k Projesinin T\u00fcrkiye\u2019ye \u00f6rnek olacak \u015fekilde y\u00fcr\u00fct\u00fclmesine b\u00fcy\u00fck \u00f6nem veren B\u00fcy\u00fck\u015fehir, tesisin hayata ge\u00e7irilmesiyle kentin at\u0131k sorununun \u00e7\u00f6z\u00fclmesini sa\u011flayacak. Bu kapsamda \u00c7ED Y\u00f6netmeli\u011fi kapsam\u0131nda y\u00fcr\u00fct\u00fclen s\u00fcre\u00e7te \u0130nceleme De\u011ferlendirme Kurulu Toplant\u0131s\u0131 Ankara\u2019da ger\u00e7ekle\u015ftirildi. S\u00f6z konusu toplant\u0131da kurum kurulu\u015flar\u0131n g\u00f6r\u00fc\u015fleri ve yap\u0131lmas\u0131 istenilen de\u011fi\u015fiklik talepleri al\u0131nd\u0131. Bu do\u011frultuda gerekli d\u00fczenlemeler yap\u0131ld\u0131ktan sonra nihai \u00c7ED Raporu Bakanl\u0131\u011f\u0131n sistemine y\u00fcklenecek ve sonras\u0131nda ise ask\u0131 s\u00fcreci ba\u015flayacak. Ask\u0131 s\u00fcrecinde &hellip;","og_url":"https:\/\/denizcankizil.tr\/ru\/haberler\/gundem\/biyokurutma-tesisi-ced-raporu-ankarada-gorusuldu\/","og_site_name":"Av. Deniz Can K\u0131z\u0131l","article_published_time":"2025-03-25T13:42:03+00:00","author":"admin","twitter_card":"summary_large_image","twitter_misc":{"\u041d\u0430\u043f\u0438\u0441\u0430\u043d\u043e \u0430\u0432\u0442\u043e\u0440\u043e\u043c":"admin","\u041f\u0440\u0438\u043c\u0435\u0440\u043d\u043e\u0435 \u0432\u0440\u0435\u043c\u044f \u0434\u043b\u044f \u0447\u0442\u0435\u043d\u0438\u044f":"5 \u043c\u0438\u043d\u0443\u0442"},"schema":{"@context":"https:\/\/schema.org","@graph":[{"@type":"Article","@id":"https:\/\/denizcankizil.tr\/de\/haberler\/gundem\/biyokurutma-tesisi-ced-raporu-ankarada-gorusuldu\/#article","isPartOf":{"@id":"https:\/\/denizcankizil.tr\/de\/haberler\/gundem\/biyokurutma-tesisi-ced-raporu-ankarada-gorusuldu\/"},"author":{"name":"admin","@id":"https:\/\/denizcankizil.tr\/de\/#\/schema\/person\/be3c05fe6a12686905512445d8185489"},"headline":"Biyokurutma Tesisi \u00c7ED raporu Ankara\u2019da g\u00f6r\u00fc\u015f\u00fcld\u00fc","datePublished":"2025-03-25T13:42:03+00:00","mainEntityOfPage":{"@id":"https:\/\/denizcankizil.tr\/de\/haberler\/gundem\/biyokurutma-tesisi-ced-raporu-ankarada-gorusuldu\/"},"wordCount":909,"publisher":{"@id":"https:\/\/denizcankizil.tr\/de\/#organization"},"articleSection":["G\u00fcndem"],"inLanguage":"ru-RU"},{"@type":"WebPage","@id":"https:\/\/denizcankizil.tr\/de\/haberler\/gundem\/biyokurutma-tesisi-ced-raporu-ankarada-gorusuldu\/","url":"https:\/\/denizcankizil.tr\/de\/haberler\/gundem\/biyokurutma-tesisi-ced-raporu-ankarada-gorusuldu\/","name":"Biyokurutma Tesisi \u00c7ED raporu Ankara\u2019da g\u00f6r\u00fc\u015f\u00fcld\u00fc - Av. Deniz Can K\u0131z\u0131l","isPartOf":{"@id":"https:\/\/denizcankizil.tr\/de\/#website"},"datePublished":"2025-03-25T13:42:03+00:00","breadcrumb":{"@id":"https:\/\/denizcankizil.tr\/de\/haberler\/gundem\/biyokurutma-tesisi-ced-raporu-ankarada-gorusuldu\/#breadcrumb"},"inLanguage":"ru-RU","potentialAction":[{"@type":"ReadAction","target":["https:\/\/denizcankizil.tr\/de\/haberler\/gundem\/biyokurutma-tesisi-ced-raporu-ankarada-gorusuldu\/"]}]},{"@type":"BreadcrumbList","@id":"https:\/\/denizcankizil.tr\/de\/haberler\/gundem\/biyokurutma-tesisi-ced-raporu-ankarada-gorusuldu\/#breadcrumb","itemListElement":[{"@type":"ListItem","position":1,"name":"Home","item":"https:\/\/denizcankizil.tr\/de\/"},{"@type":"ListItem","position":2,"name":"Biyokurutma Tesisi \u00c7ED raporu Ankara\u2019da g\u00f6r\u00fc\u015f\u00fcld\u00fc"}]},{"@type":"WebSite","@id":"https:\/\/denizcankizil.tr\/de\/#website","url":"https:\/\/denizcankizil.tr\/de\/","name":"Av. Deniz Can K\u0131z\u0131l","description":"Avukat Deniz Can K\u0131z\u0131l Antalya Barosu","publisher":{"@id":"https:\/\/denizcankizil.tr\/de\/#organization"},"potentialAction":[{"@type":"SearchAction","target":{"@type":"EntryPoint","urlTemplate":"https:\/\/denizcankizil.tr\/de\/?s={search_term_string}"},"query-input":{"@type":"PropertyValueSpecification","valueRequired":true,"valueName":"search_term_string"}}],"inLanguage":"ru-RU"},{"@type":"Organization","@id":"https:\/\/denizcankizil.tr\/de\/#organization","name":"Av. Deniz Can K\u0131z\u0131l","url":"https:\/\/denizcankizil.tr\/de\/","logo":{"@type":"ImageObject","inLanguage":"ru-RU","@id":"https:\/\/denizcankizil.tr\/de\/#\/schema\/logo\/image\/","url":"https:\/\/denizcankizil.tr\/wp-content\/uploads\/2024\/10\/siyah-logo-svg.svg","contentUrl":"https:\/\/denizcankizil.tr\/wp-content\/uploads\/2024\/10\/siyah-logo-svg.svg","width":1080,"height":1080,"caption":"Av. Deniz Can K\u0131z\u0131l"},"image":{"@id":"https:\/\/denizcankizil.tr\/de\/#\/schema\/logo\/image\/"}},{"@type":"Person","@id":"https:\/\/denizcankizil.tr\/de\/#\/schema\/person\/be3c05fe6a12686905512445d8185489","name":"\u0430\u0434\u043c\u0438\u043d","image":{"@type":"ImageObject","inLanguage":"ru-RU","@id":"https:\/\/denizcankizil.tr\/de\/#\/schema\/person\/image\/","url":"https:\/\/secure.gravatar.com\/avatar\/c1fce94c830dc79107e174f890d7210541c4a63e8e5d816341794a2151c9d58c?s=96&d=mm&r=g","contentUrl":"https:\/\/secure.gravatar.com\/avatar\/c1fce94c830dc79107e174f890d7210541c4a63e8e5d816341794a2151c9d58c?s=96&d=mm&r=g","caption":"admin"},"sameAs":["http:\/\/denizcankizil.tr"],"url":"https:\/\/www.iskenderun.org\/biyokurutma-tesisi-ced-raporu-ankarada-gorusuldu"}]}},"_links":{"self":[{"href":"https:\/\/denizcankizil.tr\/ru\/wp-json\/wp\/v2\/posts\/36985","targetHints":{"allow":["GET"]}}],"collection":[{"href":"https:\/\/denizcankizil.tr\/ru\/wp-json\/wp\/v2\/posts"}],"about":[{"href":"https:\/\/denizcankizil.tr\/ru\/wp-json\/wp\/v2\/types\/post"}],"author":[{"embeddable":true,"href":"https:\/\/denizcankizil.tr\/ru\/wp-json\/wp\/v2\/users\/1"}],"replies":[{"embeddable":true,"href":"https:\/\/denizcankizil.tr\/ru\/wp-json\/wp\/v2\/comments?post=36985"}],"version-history":[{"count":0,"href":"https:\/\/denizcankizil.tr\/ru\/wp-json\/wp\/v2\/posts\/36985\/revisions"}],"wp:attachment":[{"href":"https:\/\/denizcankizil.tr\/ru\/wp-json\/wp\/v2\/media?parent=36985"}],"wp:term":[{"taxonomy":"category","embeddable":true,"href":"https:\/\/denizcankizil.tr\/ru\/wp-json\/wp\/v2\/categories?post=36985"},{"taxonomy":"post_tag","embeddable":true,"href":"https:\/\/denizcankizil.tr\/ru\/wp-json\/wp\/v2\/tags?post=36985"}],"curies":[{"name":"wp","href":"https:\/\/api.w.org\/{rel}","templated":true}]}}