{"id":36897,"date":"2025-03-25T11:41:45","date_gmt":"2025-03-25T08:41:45","guid":{"rendered":"https:\/\/denizcankizil.tr\/uncategorized-tr\/iki-otomobil-carpisti-araclar-hurdaya-dondu\/"},"modified":"2025-03-25T11:41:45","modified_gmt":"2025-03-25T08:41:45","slug":"iki-otomobil-carpisti-araclar-hurdaya-dondu","status":"publish","type":"post","link":"https:\/\/denizcankizil.tr\/ru\/haberler\/antalya\/iki-otomobil-carpisti-araclar-hurdaya-dondu\/","title":{"rendered":"\u0130ki otomobil \u00e7arp\u0131\u015ft\u0131, ara\u00e7lar hurdaya d\u00f6nd\u00fc"},"content":{"rendered":"<p>Kaza, Manavgat il\u00e7esi Evrenseki Mahallesi Antalya-Manavgat D-400 karayolu \u00fczerinde meydana geldi. Edinilen bilgiye g\u00f6re, Duygu K.&#8217;nin kulland\u0131\u011f\u0131 07 RM 433 plakal\u0131 Volkswagen Polo marka otomobil, K\u00f6m\u00fcrc\u00fcler Kav\u015fa\u011f\u0131nda Abdulkadir \u00d6.&#8217;n\u00fcn kulland\u0131\u011f\u0131 46 ACL 433 plakal\u0131 Tofa\u015f marka otomobille \u00e7arp\u0131\u015ft\u0131. Duygu K.&#8217;n\u0131n kulland\u0131\u011f\u0131 otomobil, \u00e7arp\u0131\u015fman\u0131n ard\u0131ndan ref\u00fcjdeki trafik levhas\u0131n\u0131 da devirip takla atarken, kaza yapan ara\u00e7lar\u0131n par\u00e7alar\u0131 etrafa sa\u00e7\u0131ld\u0131. Kazada yaralanan otomobil s\u00fcr\u00fcc\u00fcleri Duygu K. ve Abdulkadir \u00d6., sa\u011fl\u0131k ekiplerinin olay yerindeki m\u00fcdahalesinin ard\u0131ndan ambulansla hastaneye kald\u0131r\u0131ld\u0131. Kazayla ilgili inceleme ba\u015flat\u0131ld\u0131.<\/p>\n<p>Kaynak: www.kanalv.com.tr Haber Sitesinden Al\u0131nm\u0131\u015ft\u0131r.<\/p>","protected":false},"excerpt":{"rendered":"<p>Kaza, Manavgat il\u00e7esi Evrenseki Mahallesi Antalya-Manavgat D-400 karayolu \u00fczerinde meydana geldi. Edinilen bilgiye g\u00f6re, Duygu K.&#8217;nin kulland\u0131\u011f\u0131 07 RM 433 plakal\u0131 Volkswagen Polo marka otomobil, K\u00f6m\u00fcrc\u00fcler Kav\u015fa\u011f\u0131nda Abdulkadir \u00d6.&#8217;n\u00fcn kulland\u0131\u011f\u0131 46 ACL 433 plakal\u0131 Tofa\u015f marka otomobille \u00e7arp\u0131\u015ft\u0131. Duygu K.&#8217;n\u0131n kulland\u0131\u011f\u0131 otomobil, \u00e7arp\u0131\u015fman\u0131n ard\u0131ndan ref\u00fcjdeki trafik levhas\u0131n\u0131 da devirip takla atarken, kaza yapan ara\u00e7lar\u0131n par\u00e7alar\u0131 etrafa sa\u00e7\u0131ld\u0131. Kazada yaralanan otomobil s\u00fcr\u00fcc\u00fcleri Duygu K. ve Abdulkadir \u00d6., sa\u011fl\u0131k ekiplerinin olay yerindeki m\u00fcdahalesinin ard\u0131ndan ambulansla hastaneye kald\u0131r\u0131ld\u0131. Kazayla ilgili inceleme ba\u015flat\u0131ld\u0131. Kaynak: www.kanalv.com.tr Haber Sitesinden Al\u0131nm\u0131\u015ft\u0131r.<\/p>","protected":false},"author":4,"featured_media":36898,"comment_status":"","ping_status":"open","sticky":false,"template":"","format":"standard","meta":{"_acf_changed":false,"footnotes":""},"categories":[26],"tags":[],"class_list":["post-36897","post","type-post","status-publish","format-standard","has-post-thumbnail","hentry","category-antalya"],"acf":[],"yoast_head":"<!-- This site is optimized with the Yoast SEO Premium plugin v26.6 (Yoast SEO v27.1.1) - https:\/\/yoast.com\/product\/yoast-seo-premium-wordpress\/ -->\n<title>\u0130ki otomobil \u00e7arp\u0131\u015ft\u0131, ara\u00e7lar hurdaya d\u00f6nd\u00fc - Av. Deniz Can K\u0131z\u0131l<\/title>\n<meta name=\"robots\" content=\"index, follow, max-snippet:-1, max-image-preview:large, max-video-preview:-1\" \/>\n<link rel=\"canonical\" href=\"https:\/\/denizcankizil.tr\/ru\/haberler\/antalya\/iki-otomobil-carpisti-araclar-hurdaya-dondu\/\" \/>\n<meta property=\"og:locale\" content=\"ru_RU\" \/>\n<meta property=\"og:type\" content=\"article\" \/>\n<meta property=\"og:title\" content=\"\u0130ki otomobil \u00e7arp\u0131\u015ft\u0131, ara\u00e7lar hurdaya d\u00f6nd\u00fc\" \/>\n<meta property=\"og:description\" content=\"Kaza, Manavgat il\u00e7esi Evrenseki Mahallesi Antalya-Manavgat D-400 karayolu \u00fczerinde meydana geldi. Edinilen bilgiye g\u00f6re, Duygu K.&#8217;nin kulland\u0131\u011f\u0131 07 RM 433 plakal\u0131 Volkswagen Polo marka otomobil, K\u00f6m\u00fcrc\u00fcler Kav\u015fa\u011f\u0131nda Abdulkadir \u00d6.&#8217;n\u00fcn kulland\u0131\u011f\u0131 46 ACL 433 plakal\u0131 Tofa\u015f marka otomobille \u00e7arp\u0131\u015ft\u0131. Duygu K.&#8217;n\u0131n kulland\u0131\u011f\u0131 otomobil, \u00e7arp\u0131\u015fman\u0131n ard\u0131ndan ref\u00fcjdeki trafik levhas\u0131n\u0131 da devirip takla atarken, kaza yapan ara\u00e7lar\u0131n par\u00e7alar\u0131 etrafa sa\u00e7\u0131ld\u0131. Kazada yaralanan otomobil s\u00fcr\u00fcc\u00fcleri Duygu K. ve Abdulkadir \u00d6., sa\u011fl\u0131k ekiplerinin olay yerindeki m\u00fcdahalesinin ard\u0131ndan ambulansla hastaneye kald\u0131r\u0131ld\u0131. Kazayla ilgili inceleme ba\u015flat\u0131ld\u0131. Kaynak: www.kanalv.com.tr Haber Sitesinden Al\u0131nm\u0131\u015ft\u0131r.\" \/>\n<meta property=\"og:url\" content=\"https:\/\/denizcankizil.tr\/ru\/haberler\/antalya\/iki-otomobil-carpisti-araclar-hurdaya-dondu\/\" \/>\n<meta property=\"og:site_name\" content=\"Av. Deniz Can K\u0131z\u0131l\" \/>\n<meta property=\"article:published_time\" content=\"2025-03-25T08:41:45+00:00\" \/>\n<meta property=\"og:image\" content=\"https:\/\/denizcankizil.tr\/wp-content\/uploads\/2025\/03\/5696-01-16oAhG.jpeg\" \/>\n\t<meta property=\"og:image:width\" content=\"1280\" \/>\n\t<meta property=\"og:image:height\" content=\"720\" \/>\n\t<meta property=\"og:image:type\" content=\"image\/jpeg\" \/>\n<meta name=\"author\" content=\"Av. Deniz Can K\u0131z\u0131l\" \/>\n<meta name=\"twitter:card\" content=\"summary_large_image\" \/>\n<meta name=\"twitter:label1\" content=\"\u041d\u0430\u043f\u0438\u0441\u0430\u043d\u043e \u0430\u0432\u0442\u043e\u0440\u043e\u043c\" \/>\n\t<meta name=\"twitter:data1\" content=\"Av. Deniz Can K\u0131z\u0131l\" \/>\n\t<meta name=\"twitter:label2\" content=\"\u041f\u0440\u0438\u043c\u0435\u0440\u043d\u043e\u0435 \u0432\u0440\u0435\u043c\u044f \u0434\u043b\u044f \u0447\u0442\u0435\u043d\u0438\u044f\" \/>\n\t<meta name=\"twitter:data2\" content=\"1 \u043c\u0438\u043d\u0443\u0442\u0430\" \/>\n<script type=\"application\/ld+json\" class=\"yoast-schema-graph\">{\"@context\":\"https:\/\/schema.org\",\"@graph\":[{\"@type\":\"Article\",\"@id\":\"https:\/\/denizcankizil.tr\/ru\/haberler\/antalya\/iki-otomobil-carpisti-araclar-hurdaya-dondu\/#article\",\"isPartOf\":{\"@id\":\"https:\/\/denizcankizil.tr\/ru\/haberler\/antalya\/iki-otomobil-carpisti-araclar-hurdaya-dondu\/\"},\"author\":{\"name\":\"Av. Deniz Can K\u0131z\u0131l\",\"@id\":\"https:\/\/denizcankizil.tr\/de\/#\/schema\/person\/5dc1b22991bd7ac833867c10afc9b0ff\"},\"headline\":\"\u0130ki otomobil \u00e7arp\u0131\u015ft\u0131, ara\u00e7lar hurdaya d\u00f6nd\u00fc\",\"datePublished\":\"2025-03-25T08:41:45+00:00\",\"mainEntityOfPage\":{\"@id\":\"https:\/\/denizcankizil.tr\/ru\/haberler\/antalya\/iki-otomobil-carpisti-araclar-hurdaya-dondu\/\"},\"wordCount\":126,\"publisher\":{\"@id\":\"https:\/\/denizcankizil.tr\/de\/#organization\"},\"image\":{\"@id\":\"https:\/\/denizcankizil.tr\/ru\/haberler\/antalya\/iki-otomobil-carpisti-araclar-hurdaya-dondu\/#primaryimage\"},\"thumbnailUrl\":\"https:\/\/denizcankizil.tr\/wp-content\/uploads\/2025\/03\/5696-01-16oAhG.jpeg\",\"articleSection\":[\"Antalya\"],\"inLanguage\":\"ru-RU\"},{\"@type\":\"WebPage\",\"@id\":\"https:\/\/denizcankizil.tr\/ru\/haberler\/antalya\/iki-otomobil-carpisti-araclar-hurdaya-dondu\/\",\"url\":\"https:\/\/denizcankizil.tr\/ru\/haberler\/antalya\/iki-otomobil-carpisti-araclar-hurdaya-dondu\/\",\"name\":\"\u0130ki otomobil \u00e7arp\u0131\u015ft\u0131, ara\u00e7lar hurdaya d\u00f6nd\u00fc - Av. Deniz Can K\u0131z\u0131l\",\"isPartOf\":{\"@id\":\"https:\/\/denizcankizil.tr\/de\/#website\"},\"primaryImageOfPage\":{\"@id\":\"https:\/\/denizcankizil.tr\/ru\/haberler\/antalya\/iki-otomobil-carpisti-araclar-hurdaya-dondu\/#primaryimage\"},\"image\":{\"@id\":\"https:\/\/denizcankizil.tr\/ru\/haberler\/antalya\/iki-otomobil-carpisti-araclar-hurdaya-dondu\/#primaryimage\"},\"thumbnailUrl\":\"https:\/\/denizcankizil.tr\/wp-content\/uploads\/2025\/03\/5696-01-16oAhG.jpeg\",\"datePublished\":\"2025-03-25T08:41:45+00:00\",\"breadcrumb\":{\"@id\":\"https:\/\/denizcankizil.tr\/ru\/haberler\/antalya\/iki-otomobil-carpisti-araclar-hurdaya-dondu\/#breadcrumb\"},\"inLanguage\":\"ru-RU\",\"potentialAction\":[{\"@type\":\"ReadAction\",\"target\":[\"https:\/\/denizcankizil.tr\/ru\/haberler\/antalya\/iki-otomobil-carpisti-araclar-hurdaya-dondu\/\"]}]},{\"@type\":\"ImageObject\",\"inLanguage\":\"ru-RU\",\"@id\":\"https:\/\/denizcankizil.tr\/ru\/haberler\/antalya\/iki-otomobil-carpisti-araclar-hurdaya-dondu\/#primaryimage\",\"url\":\"https:\/\/denizcankizil.tr\/wp-content\/uploads\/2025\/03\/5696-01-16oAhG.jpeg\",\"contentUrl\":\"https:\/\/denizcankizil.tr\/wp-content\/uploads\/2025\/03\/5696-01-16oAhG.jpeg\",\"width\":1280,\"height\":720},{\"@type\":\"BreadcrumbList\",\"@id\":\"https:\/\/denizcankizil.tr\/ru\/haberler\/antalya\/iki-otomobil-carpisti-araclar-hurdaya-dondu\/#breadcrumb\",\"itemListElement\":[{\"@type\":\"ListItem\",\"position\":1,\"name\":\"Home\",\"item\":\"https:\/\/denizcankizil.tr\/de\/\"},{\"@type\":\"ListItem\",\"position\":2,\"name\":\"\u0130ki otomobil \u00e7arp\u0131\u015ft\u0131, ara\u00e7lar hurdaya d\u00f6nd\u00fc\"}]},{\"@type\":\"WebSite\",\"@id\":\"https:\/\/denizcankizil.tr\/de\/#website\",\"url\":\"https:\/\/denizcankizil.tr\/de\/\",\"name\":\"Av. Deniz Can K\u0131z\u0131l\",\"description\":\"Avukat Deniz Can K\u0131z\u0131l Antalya Barosu\",\"publisher\":{\"@id\":\"https:\/\/denizcankizil.tr\/de\/#organization\"},\"potentialAction\":[{\"@type\":\"SearchAction\",\"target\":{\"@type\":\"EntryPoint\",\"urlTemplate\":\"https:\/\/denizcankizil.tr\/de\/?s={search_term_string}\"},\"query-input\":{\"@type\":\"PropertyValueSpecification\",\"valueRequired\":true,\"valueName\":\"search_term_string\"}}],\"inLanguage\":\"ru-RU\"},{\"@type\":\"Organization\",\"@id\":\"https:\/\/denizcankizil.tr\/de\/#organization\",\"name\":\"Av. Deniz Can K\u0131z\u0131l\",\"url\":\"https:\/\/denizcankizil.tr\/de\/\",\"logo\":{\"@type\":\"ImageObject\",\"inLanguage\":\"ru-RU\",\"@id\":\"https:\/\/denizcankizil.tr\/de\/#\/schema\/logo\/image\/\",\"url\":\"https:\/\/denizcankizil.tr\/wp-content\/uploads\/2024\/10\/siyah-logo-svg.svg\",\"contentUrl\":\"https:\/\/denizcankizil.tr\/wp-content\/uploads\/2024\/10\/siyah-logo-svg.svg\",\"width\":1080,\"height\":1080,\"caption\":\"Av. Deniz Can K\u0131z\u0131l\"},\"image\":{\"@id\":\"https:\/\/denizcankizil.tr\/de\/#\/schema\/logo\/image\/\"}},{\"@type\":\"Person\",\"@id\":\"https:\/\/denizcankizil.tr\/de\/#\/schema\/person\/5dc1b22991bd7ac833867c10afc9b0ff\",\"name\":\"Av. Deniz Can K\u0131z\u0131l\",\"image\":{\"@type\":\"ImageObject\",\"inLanguage\":\"ru-RU\",\"@id\":\"https:\/\/denizcankizil.tr\/de\/#\/schema\/person\/image\/\",\"url\":\"https:\/\/secure.gravatar.com\/avatar\/a0b128fb9855c79efc976d5640eedb31dc35ec297594d6016d2cf7c60e975bb6?s=96&d=mm&r=g\",\"contentUrl\":\"https:\/\/secure.gravatar.com\/avatar\/a0b128fb9855c79efc976d5640eedb31dc35ec297594d6016d2cf7c60e975bb6?s=96&d=mm&r=g\",\"caption\":\"Av. Deniz Can K\u0131z\u0131l\"},\"sameAs\":[\"http:\/\/www.denizcankizil.tr\"],\"url\":\"https:\/\/denizcankizil.tr\/ru\/author\/denizcankizil\/\"}]}<\/script>\n<!-- \/ Yoast SEO Premium plugin. -->","yoast_head_json":{"title":"\u0130ki otomobil \u00e7arp\u0131\u015ft\u0131, ara\u00e7lar hurdaya d\u00f6nd\u00fc - Av. Deniz Can K\u0131z\u0131l","robots":{"index":"index","follow":"follow","max-snippet":"max-snippet:-1","max-image-preview":"max-image-preview:large","max-video-preview":"max-video-preview:-1"},"canonical":"https:\/\/denizcankizil.tr\/ru\/haberler\/antalya\/iki-otomobil-carpisti-araclar-hurdaya-dondu\/","og_locale":"ru_RU","og_type":"article","og_title":"\u0130ki otomobil \u00e7arp\u0131\u015ft\u0131, ara\u00e7lar hurdaya d\u00f6nd\u00fc","og_description":"Kaza, Manavgat il\u00e7esi Evrenseki Mahallesi Antalya-Manavgat D-400 karayolu \u00fczerinde meydana geldi. Edinilen bilgiye g\u00f6re, Duygu K.&#8217;nin kulland\u0131\u011f\u0131 07 RM 433 plakal\u0131 Volkswagen Polo marka otomobil, K\u00f6m\u00fcrc\u00fcler Kav\u015fa\u011f\u0131nda Abdulkadir \u00d6.&#8217;n\u00fcn kulland\u0131\u011f\u0131 46 ACL 433 plakal\u0131 Tofa\u015f marka otomobille \u00e7arp\u0131\u015ft\u0131. Duygu K.&#8217;n\u0131n kulland\u0131\u011f\u0131 otomobil, \u00e7arp\u0131\u015fman\u0131n ard\u0131ndan ref\u00fcjdeki trafik levhas\u0131n\u0131 da devirip takla atarken, kaza yapan ara\u00e7lar\u0131n par\u00e7alar\u0131 etrafa sa\u00e7\u0131ld\u0131. Kazada yaralanan otomobil s\u00fcr\u00fcc\u00fcleri Duygu K. ve Abdulkadir \u00d6., sa\u011fl\u0131k ekiplerinin olay yerindeki m\u00fcdahalesinin ard\u0131ndan ambulansla hastaneye kald\u0131r\u0131ld\u0131. Kazayla ilgili inceleme ba\u015flat\u0131ld\u0131. Kaynak: www.kanalv.com.tr Haber Sitesinden Al\u0131nm\u0131\u015ft\u0131r.","og_url":"https:\/\/denizcankizil.tr\/ru\/haberler\/antalya\/iki-otomobil-carpisti-araclar-hurdaya-dondu\/","og_site_name":"Av. Deniz Can K\u0131z\u0131l","article_published_time":"2025-03-25T08:41:45+00:00","og_image":[{"width":1280,"height":720,"url":"https:\/\/denizcankizil.tr\/wp-content\/uploads\/2025\/03\/5696-01-16oAhG.jpeg","type":"image\/jpeg"}],"author":"Av. Deniz Can K\u0131z\u0131l","twitter_card":"summary_large_image","twitter_misc":{"\u041d\u0430\u043f\u0438\u0441\u0430\u043d\u043e \u0430\u0432\u0442\u043e\u0440\u043e\u043c":"Av. Deniz Can K\u0131z\u0131l","\u041f\u0440\u0438\u043c\u0435\u0440\u043d\u043e\u0435 \u0432\u0440\u0435\u043c\u044f \u0434\u043b\u044f \u0447\u0442\u0435\u043d\u0438\u044f":"1 \u043c\u0438\u043d\u0443\u0442\u0430"},"schema":{"@context":"https:\/\/schema.org","@graph":[{"@type":"Article","@id":"https:\/\/denizcankizil.tr\/ru\/haberler\/antalya\/iki-otomobil-carpisti-araclar-hurdaya-dondu\/#article","isPartOf":{"@id":"https:\/\/denizcankizil.tr\/ru\/haberler\/antalya\/iki-otomobil-carpisti-araclar-hurdaya-dondu\/"},"author":{"name":"Av. Deniz Can K\u0131z\u0131l","@id":"https:\/\/denizcankizil.tr\/de\/#\/schema\/person\/5dc1b22991bd7ac833867c10afc9b0ff"},"headline":"\u0130ki otomobil \u00e7arp\u0131\u015ft\u0131, ara\u00e7lar hurdaya d\u00f6nd\u00fc","datePublished":"2025-03-25T08:41:45+00:00","mainEntityOfPage":{"@id":"https:\/\/denizcankizil.tr\/ru\/haberler\/antalya\/iki-otomobil-carpisti-araclar-hurdaya-dondu\/"},"wordCount":126,"publisher":{"@id":"https:\/\/denizcankizil.tr\/de\/#organization"},"image":{"@id":"https:\/\/denizcankizil.tr\/ru\/haberler\/antalya\/iki-otomobil-carpisti-araclar-hurdaya-dondu\/#primaryimage"},"thumbnailUrl":"https:\/\/denizcankizil.tr\/wp-content\/uploads\/2025\/03\/5696-01-16oAhG.jpeg","articleSection":["Antalya"],"inLanguage":"ru-RU"},{"@type":"WebPage","@id":"https:\/\/denizcankizil.tr\/ru\/haberler\/antalya\/iki-otomobil-carpisti-araclar-hurdaya-dondu\/","url":"https:\/\/denizcankizil.tr\/ru\/haberler\/antalya\/iki-otomobil-carpisti-araclar-hurdaya-dondu\/","name":"\u0130ki otomobil \u00e7arp\u0131\u015ft\u0131, ara\u00e7lar hurdaya d\u00f6nd\u00fc - Av. Deniz Can K\u0131z\u0131l","isPartOf":{"@id":"https:\/\/denizcankizil.tr\/de\/#website"},"primaryImageOfPage":{"@id":"https:\/\/denizcankizil.tr\/ru\/haberler\/antalya\/iki-otomobil-carpisti-araclar-hurdaya-dondu\/#primaryimage"},"image":{"@id":"https:\/\/denizcankizil.tr\/ru\/haberler\/antalya\/iki-otomobil-carpisti-araclar-hurdaya-dondu\/#primaryimage"},"thumbnailUrl":"https:\/\/denizcankizil.tr\/wp-content\/uploads\/2025\/03\/5696-01-16oAhG.jpeg","datePublished":"2025-03-25T08:41:45+00:00","breadcrumb":{"@id":"https:\/\/denizcankizil.tr\/ru\/haberler\/antalya\/iki-otomobil-carpisti-araclar-hurdaya-dondu\/#breadcrumb"},"inLanguage":"ru-RU","potentialAction":[{"@type":"ReadAction","target":["https:\/\/denizcankizil.tr\/ru\/haberler\/antalya\/iki-otomobil-carpisti-araclar-hurdaya-dondu\/"]}]},{"@type":"ImageObject","inLanguage":"ru-RU","@id":"https:\/\/denizcankizil.tr\/ru\/haberler\/antalya\/iki-otomobil-carpisti-araclar-hurdaya-dondu\/#primaryimage","url":"https:\/\/denizcankizil.tr\/wp-content\/uploads\/2025\/03\/5696-01-16oAhG.jpeg","contentUrl":"https:\/\/denizcankizil.tr\/wp-content\/uploads\/2025\/03\/5696-01-16oAhG.jpeg","width":1280,"height":720},{"@type":"BreadcrumbList","@id":"https:\/\/denizcankizil.tr\/ru\/haberler\/antalya\/iki-otomobil-carpisti-araclar-hurdaya-dondu\/#breadcrumb","itemListElement":[{"@type":"ListItem","position":1,"name":"Home","item":"https:\/\/denizcankizil.tr\/de\/"},{"@type":"ListItem","position":2,"name":"\u0130ki otomobil \u00e7arp\u0131\u015ft\u0131, ara\u00e7lar hurdaya d\u00f6nd\u00fc"}]},{"@type":"WebSite","@id":"https:\/\/denizcankizil.tr\/de\/#website","url":"https:\/\/denizcankizil.tr\/de\/","name":"Av. Deniz Can K\u0131z\u0131l","description":"Avukat Deniz Can K\u0131z\u0131l Antalya Barosu","publisher":{"@id":"https:\/\/denizcankizil.tr\/de\/#organization"},"potentialAction":[{"@type":"SearchAction","target":{"@type":"EntryPoint","urlTemplate":"https:\/\/denizcankizil.tr\/de\/?s={search_term_string}"},"query-input":{"@type":"PropertyValueSpecification","valueRequired":true,"valueName":"search_term_string"}}],"inLanguage":"ru-RU"},{"@type":"Organization","@id":"https:\/\/denizcankizil.tr\/de\/#organization","name":"Av. Deniz Can K\u0131z\u0131l","url":"https:\/\/denizcankizil.tr\/de\/","logo":{"@type":"ImageObject","inLanguage":"ru-RU","@id":"https:\/\/denizcankizil.tr\/de\/#\/schema\/logo\/image\/","url":"https:\/\/denizcankizil.tr\/wp-content\/uploads\/2024\/10\/siyah-logo-svg.svg","contentUrl":"https:\/\/denizcankizil.tr\/wp-content\/uploads\/2024\/10\/siyah-logo-svg.svg","width":1080,"height":1080,"caption":"Av. Deniz Can K\u0131z\u0131l"},"image":{"@id":"https:\/\/denizcankizil.tr\/de\/#\/schema\/logo\/image\/"}},{"@type":"Person","@id":"https:\/\/denizcankizil.tr\/de\/#\/schema\/person\/5dc1b22991bd7ac833867c10afc9b0ff","name":"Av. Deniz Can K\u0131z\u0131l","image":{"@type":"ImageObject","inLanguage":"ru-RU","@id":"https:\/\/denizcankizil.tr\/de\/#\/schema\/person\/image\/","url":"https:\/\/secure.gravatar.com\/avatar\/a0b128fb9855c79efc976d5640eedb31dc35ec297594d6016d2cf7c60e975bb6?s=96&d=mm&r=g","contentUrl":"https:\/\/secure.gravatar.com\/avatar\/a0b128fb9855c79efc976d5640eedb31dc35ec297594d6016d2cf7c60e975bb6?s=96&d=mm&r=g","caption":"Av. Deniz Can K\u0131z\u0131l"},"sameAs":["http:\/\/www.denizcankizil.tr"],"url":"https:\/\/denizcankizil.tr\/ru\/author\/denizcankizil\/"}]}},"_links":{"self":[{"href":"https:\/\/denizcankizil.tr\/ru\/wp-json\/wp\/v2\/posts\/36897","targetHints":{"allow":["GET"]}}],"collection":[{"href":"https:\/\/denizcankizil.tr\/ru\/wp-json\/wp\/v2\/posts"}],"about":[{"href":"https:\/\/denizcankizil.tr\/ru\/wp-json\/wp\/v2\/types\/post"}],"author":[{"embeddable":true,"href":"https:\/\/denizcankizil.tr\/ru\/wp-json\/wp\/v2\/users\/4"}],"replies":[{"embeddable":true,"href":"https:\/\/denizcankizil.tr\/ru\/wp-json\/wp\/v2\/comments?post=36897"}],"version-history":[{"count":0,"href":"https:\/\/denizcankizil.tr\/ru\/wp-json\/wp\/v2\/posts\/36897\/revisions"}],"wp:featuredmedia":[{"embeddable":true,"href":"https:\/\/denizcankizil.tr\/ru\/wp-json\/wp\/v2\/media\/36898"}],"wp:attachment":[{"href":"https:\/\/denizcankizil.tr\/ru\/wp-json\/wp\/v2\/media?parent=36897"}],"wp:term":[{"taxonomy":"category","embeddable":true,"href":"https:\/\/denizcankizil.tr\/ru\/wp-json\/wp\/v2\/categories?post=36897"},{"taxonomy":"post_tag","embeddable":true,"href":"https:\/\/denizcankizil.tr\/ru\/wp-json\/wp\/v2\/tags?post=36897"}],"curies":[{"name":"wp","href":"https:\/\/api.w.org\/{rel}","templated":true}]}}