{"id":36888,"date":"2025-03-25T10:41:57","date_gmt":"2025-03-25T07:41:57","guid":{"rendered":"https:\/\/denizcankizil.tr\/uncategorized-tr\/hizmet-sektorune-guven-artti\/"},"modified":"2025-03-25T10:41:57","modified_gmt":"2025-03-25T07:41:57","slug":"hizmet-sektorune-guven-artti","status":"publish","type":"post","link":"https:\/\/denizcankizil.tr\/ru\/haberler\/gundem\/hizmet-sektorune-guven-artti\/","title":{"rendered":"Hizmet sekt\u00f6r\u00fcne g\u00fcven artt\u0131!"},"content":{"rendered":"<p>T\u00dc\u0130K, Mart ay\u0131na ili\u015fkin Hizmet, Perakende Ticaret ve \u0130n\u015faat G\u00fcven Endesklerini a\u00e7\u0131klad\u0131. G\u00fcven endekslerinde hizmet sekt\u00f6r\u00fc art\u0131\u015f kaydederken, perakende ticaret ve in\u015faat sekt\u00f6rlerinde azal\u0131\u015f kaydetti.ANKARA (\u0130GFA) &#8211; T\u00fcrkiye \u0130statistik Kurumu (T\u00dc\u0130K) Mart ay\u0131na y\u00f6nelik Hizmet, Perakende Ticaret ve \u0130n\u015faat G\u00fcven Endeksi verilerini a\u00e7\u0131klad\u0131.<br \/>\nBuna g\u00f6re g\u00fcven endeksi; hizmet sekt\u00f6r\u00fcnde y\u00fczde 0,2 artt\u0131, perakende ticaret sekt\u00f6r\u00fcnde y\u00fczde 2,5 azald\u0131, in\u015faat sekt\u00f6r\u00fcnde y\u00fczde 0,5 azald\u0131.<br \/>\nMevsim etkilerinden ar\u0131nd\u0131r\u0131lm\u0131\u015f g\u00fcven endeksi Mart ay\u0131nda bir \u00f6nceki aya g\u00f6re; hizmet sekt\u00f6r\u00fcnde y\u00fczde 0,2 oran\u0131nda artarak 114,4 de\u011ferini, perakende ticaret sekt\u00f6r\u00fcnde y\u00fczde 2,5 oran\u0131nda azalarak 113,4 de\u011ferini ve in\u015faat sekt\u00f6r\u00fcnde y\u00fczde 0,5 oran\u0131nda azalarak 88,9 de\u011ferini ald\u0131.<\/p>\n<p>\u200bT\u00dc\u0130K, Mart ay\u0131na ili\u015fkin Hizmet, Perakende Ticaret ve \u0130n\u015faat G\u00fcven Endesklerini a\u00e7\u0131klad\u0131. G\u00fcven endekslerinde hizmet sekt\u00f6r\u00fc art\u0131\u015f kaydederken, perakende ticaret ve in\u015faat sekt\u00f6rlerinde azal\u0131\u015f kaydetti.ANKARA (\u0130GFA) &#8211; T\u00fcrkiye \u0130statistik Kurumu (T\u00dc\u0130K) Mart ay\u0131na y\u00f6nelik Hizmet, Perakende Ticaret ve \u0130n\u015faat G\u00fcven Endeksi verilerini a\u00e7\u0131klad\u0131.<br \/>\nBuna g\u00f6re g\u00fcven endeksi; hizmet sekt\u00f6r\u00fcnde y\u00fczde 0,2 artt\u0131, perakende ticaret sekt\u00f6r\u00fcnde y\u00fczde 2,5 azald\u0131, in\u015faat sekt\u00f6r\u00fcnde y\u00fczde 0,5 azald\u0131.<br \/>\nMevsim etkilerinden ar\u0131nd\u0131r\u0131lm\u0131\u015f g\u00fcven endeksi Mart ay\u0131nda bir \u00f6nceki aya g\u00f6re; hizmet sekt\u00f6r\u00fcnde y\u00fczde 0,2 oran\u0131nda artarak 114,4 de\u011ferini, perakende ticaret sekt\u00f6r\u00fcnde y\u00fczde 2,5 oran\u0131nda azalarak 113,4 de\u011ferini ve in\u015faat sekt\u00f6r\u00fcnde y\u00fczde 0,5 oran\u0131nda azalarak 88,9 de\u011ferini ald\u0131.\u00a0<\/p>\n<p>\u200bHaberin Al\u0131nt\u0131land\u0131\u011f\u0131 Kaynak: www.iskenderun.org<\/p>","protected":false},"excerpt":{"rendered":"<p>T\u00dc\u0130K, Mart ay\u0131na ili\u015fkin Hizmet, Perakende Ticaret ve \u0130n\u015faat G\u00fcven Endesklerini a\u00e7\u0131klad\u0131. G\u00fcven endekslerinde hizmet sekt\u00f6r\u00fc art\u0131\u015f kaydederken, perakende ticaret ve in\u015faat sekt\u00f6rlerinde azal\u0131\u015f kaydetti.ANKARA (\u0130GFA) &#8211; T\u00fcrkiye \u0130statistik Kurumu (T\u00dc\u0130K) Mart ay\u0131na y\u00f6nelik Hizmet, Perakende Ticaret ve \u0130n\u015faat G\u00fcven Endeksi verilerini a\u00e7\u0131klad\u0131. Buna g\u00f6re g\u00fcven endeksi; hizmet sekt\u00f6r\u00fcnde y\u00fczde 0,2 artt\u0131, perakende ticaret sekt\u00f6r\u00fcnde y\u00fczde 2,5 azald\u0131, in\u015faat sekt\u00f6r\u00fcnde y\u00fczde 0,5 azald\u0131. Mevsim etkilerinden ar\u0131nd\u0131r\u0131lm\u0131\u015f g\u00fcven endeksi Mart ay\u0131nda bir \u00f6nceki aya g\u00f6re; hizmet sekt\u00f6r\u00fcnde y\u00fczde 0,2 oran\u0131nda artarak 114,4 de\u011ferini, perakende ticaret sekt\u00f6r\u00fcnde y\u00fczde 2,5 oran\u0131nda azalarak 113,4 de\u011ferini ve in\u015faat sekt\u00f6r\u00fcnde y\u00fczde 0,5 oran\u0131nda azalarak 88,9 de\u011ferini ald\u0131. \u200bT\u00dc\u0130K, Mart ay\u0131na ili\u015fkin Hizmet, Perakende Ticaret ve \u0130n\u015faat G\u00fcven Endesklerini a\u00e7\u0131klad\u0131. G\u00fcven endekslerinde hizmet sekt\u00f6r\u00fc art\u0131\u015f kaydederken, perakende ticaret ve in\u015faat sekt\u00f6rlerinde azal\u0131\u015f kaydetti.ANKARA (\u0130GFA) &#8211; T\u00fcrkiye \u0130statistik Kurumu (T\u00dc\u0130K) Mart ay\u0131na y\u00f6nelik Hizmet, Perakende Ticaret ve \u0130n\u015faat G\u00fcven Endeksi verilerini a\u00e7\u0131klad\u0131. Buna g\u00f6re g\u00fcven endeksi; hizmet sekt\u00f6r\u00fcnde y\u00fczde 0,2 artt\u0131, perakende ticaret sekt\u00f6r\u00fcnde y\u00fczde 2,5 azald\u0131, in\u015faat sekt\u00f6r\u00fcnde y\u00fczde 0,5 azald\u0131. Mevsim etkilerinden ar\u0131nd\u0131r\u0131lm\u0131\u015f g\u00fcven endeksi Mart ay\u0131nda bir \u00f6nceki aya g\u00f6re; hizmet sekt\u00f6r\u00fcnde y\u00fczde 0,2 oran\u0131nda artarak 114,4 de\u011ferini, perakende ticaret sekt\u00f6r\u00fcnde y\u00fczde 2,5 oran\u0131nda azalarak 113,4 de\u011ferini ve in\u015faat sekt\u00f6r\u00fcnde y\u00fczde 0,5 oran\u0131nda azalarak 88,9 &hellip;<\/p>","protected":false},"author":1,"featured_media":0,"comment_status":"","ping_status":"open","sticky":false,"template":"","format":"standard","meta":{"_acf_changed":false,"footnotes":""},"categories":[24],"tags":[],"class_list":["post-36888","post","type-post","status-publish","format-standard","has-post-thumbnail","hentry","category-gundem"],"acf":[],"yoast_head":"<!-- This site is optimized with the Yoast SEO Premium plugin v26.6 (Yoast SEO v27.1.1) - https:\/\/yoast.com\/product\/yoast-seo-premium-wordpress\/ -->\n<title>Hizmet sekt\u00f6r\u00fcne g\u00fcven artt\u0131! - Av. Deniz Can K\u0131z\u0131l<\/title>\n<meta name=\"robots\" content=\"index, follow, max-snippet:-1, max-image-preview:large, max-video-preview:-1\" \/>\n<link rel=\"canonical\" href=\"https:\/\/denizcankizil.tr\/ru\/haberler\/gundem\/hizmet-sektorune-guven-artti\/\" \/>\n<meta property=\"og:locale\" content=\"ru_RU\" \/>\n<meta property=\"og:type\" content=\"article\" \/>\n<meta property=\"og:title\" content=\"Hizmet sekt\u00f6r\u00fcne g\u00fcven artt\u0131!\" \/>\n<meta property=\"og:description\" content=\"T\u00dc\u0130K, Mart ay\u0131na ili\u015fkin Hizmet, Perakende Ticaret ve \u0130n\u015faat G\u00fcven Endesklerini a\u00e7\u0131klad\u0131. G\u00fcven endekslerinde hizmet sekt\u00f6r\u00fc art\u0131\u015f kaydederken, perakende ticaret ve in\u015faat sekt\u00f6rlerinde azal\u0131\u015f kaydetti.ANKARA (\u0130GFA) &#8211; T\u00fcrkiye \u0130statistik Kurumu (T\u00dc\u0130K) Mart ay\u0131na y\u00f6nelik Hizmet, Perakende Ticaret ve \u0130n\u015faat G\u00fcven Endeksi verilerini a\u00e7\u0131klad\u0131. Buna g\u00f6re g\u00fcven endeksi; hizmet sekt\u00f6r\u00fcnde y\u00fczde 0,2 artt\u0131, perakende ticaret sekt\u00f6r\u00fcnde y\u00fczde 2,5 azald\u0131, in\u015faat sekt\u00f6r\u00fcnde y\u00fczde 0,5 azald\u0131. Mevsim etkilerinden ar\u0131nd\u0131r\u0131lm\u0131\u015f g\u00fcven endeksi Mart ay\u0131nda bir \u00f6nceki aya g\u00f6re; hizmet sekt\u00f6r\u00fcnde y\u00fczde 0,2 oran\u0131nda artarak 114,4 de\u011ferini, perakende ticaret sekt\u00f6r\u00fcnde y\u00fczde 2,5 oran\u0131nda azalarak 113,4 de\u011ferini ve in\u015faat sekt\u00f6r\u00fcnde y\u00fczde 0,5 oran\u0131nda azalarak 88,9 de\u011ferini ald\u0131. \u200bT\u00dc\u0130K, Mart ay\u0131na ili\u015fkin Hizmet, Perakende Ticaret ve \u0130n\u015faat G\u00fcven Endesklerini a\u00e7\u0131klad\u0131. G\u00fcven endekslerinde hizmet sekt\u00f6r\u00fc art\u0131\u015f kaydederken, perakende ticaret ve in\u015faat sekt\u00f6rlerinde azal\u0131\u015f kaydetti.ANKARA (\u0130GFA) &#8211; T\u00fcrkiye \u0130statistik Kurumu (T\u00dc\u0130K) Mart ay\u0131na y\u00f6nelik Hizmet, Perakende Ticaret ve \u0130n\u015faat G\u00fcven Endeksi verilerini a\u00e7\u0131klad\u0131. Buna g\u00f6re g\u00fcven endeksi; hizmet sekt\u00f6r\u00fcnde y\u00fczde 0,2 artt\u0131, perakende ticaret sekt\u00f6r\u00fcnde y\u00fczde 2,5 azald\u0131, in\u015faat sekt\u00f6r\u00fcnde y\u00fczde 0,5 azald\u0131. Mevsim etkilerinden ar\u0131nd\u0131r\u0131lm\u0131\u015f g\u00fcven endeksi Mart ay\u0131nda bir \u00f6nceki aya g\u00f6re; hizmet sekt\u00f6r\u00fcnde y\u00fczde 0,2 oran\u0131nda artarak 114,4 de\u011ferini, perakende ticaret sekt\u00f6r\u00fcnde y\u00fczde 2,5 oran\u0131nda azalarak 113,4 de\u011ferini ve in\u015faat sekt\u00f6r\u00fcnde y\u00fczde 0,5 oran\u0131nda azalarak 88,9 &hellip;\" \/>\n<meta property=\"og:url\" content=\"https:\/\/denizcankizil.tr\/ru\/haberler\/gundem\/hizmet-sektorune-guven-artti\/\" \/>\n<meta property=\"og:site_name\" content=\"Av. Deniz Can K\u0131z\u0131l\" \/>\n<meta property=\"article:published_time\" content=\"2025-03-25T07:41:57+00:00\" \/>\n<meta name=\"author\" content=\"admin\" \/>\n<meta name=\"twitter:card\" content=\"summary_large_image\" \/>\n<meta name=\"twitter:label1\" content=\"\u041d\u0430\u043f\u0438\u0441\u0430\u043d\u043e \u0430\u0432\u0442\u043e\u0440\u043e\u043c\" \/>\n\t<meta name=\"twitter:data1\" content=\"admin\" \/>\n\t<meta name=\"twitter:label2\" content=\"\u041f\u0440\u0438\u043c\u0435\u0440\u043d\u043e\u0435 \u0432\u0440\u0435\u043c\u044f \u0434\u043b\u044f \u0447\u0442\u0435\u043d\u0438\u044f\" \/>\n\t<meta name=\"twitter:data2\" content=\"1 \u043c\u0438\u043d\u0443\u0442\u0430\" \/>\n<script type=\"application\/ld+json\" class=\"yoast-schema-graph\">{\"@context\":\"https:\/\/schema.org\",\"@graph\":[{\"@type\":\"Article\",\"@id\":\"https:\/\/denizcankizil.tr\/ru\/haberler\/gundem\/hizmet-sektorune-guven-artti\/#article\",\"isPartOf\":{\"@id\":\"https:\/\/denizcankizil.tr\/ru\/haberler\/gundem\/hizmet-sektorune-guven-artti\/\"},\"author\":{\"name\":\"admin\",\"@id\":\"https:\/\/denizcankizil.tr\/#\/schema\/person\/be3c05fe6a12686905512445d8185489\"},\"headline\":\"Hizmet sekt\u00f6r\u00fcne g\u00fcven artt\u0131!\",\"datePublished\":\"2025-03-25T07:41:57+00:00\",\"mainEntityOfPage\":{\"@id\":\"https:\/\/denizcankizil.tr\/ru\/haberler\/gundem\/hizmet-sektorune-guven-artti\/\"},\"wordCount\":303,\"publisher\":{\"@id\":\"https:\/\/denizcankizil.tr\/#organization\"},\"articleSection\":[\"G\u00fcndem\"],\"inLanguage\":\"ru-RU\"},{\"@type\":\"WebPage\",\"@id\":\"https:\/\/denizcankizil.tr\/ru\/haberler\/gundem\/hizmet-sektorune-guven-artti\/\",\"url\":\"https:\/\/denizcankizil.tr\/ru\/haberler\/gundem\/hizmet-sektorune-guven-artti\/\",\"name\":\"Hizmet sekt\u00f6r\u00fcne g\u00fcven artt\u0131! - Av. Deniz Can K\u0131z\u0131l\",\"isPartOf\":{\"@id\":\"https:\/\/denizcankizil.tr\/#website\"},\"datePublished\":\"2025-03-25T07:41:57+00:00\",\"breadcrumb\":{\"@id\":\"https:\/\/denizcankizil.tr\/ru\/haberler\/gundem\/hizmet-sektorune-guven-artti\/#breadcrumb\"},\"inLanguage\":\"ru-RU\",\"potentialAction\":[{\"@type\":\"ReadAction\",\"target\":[\"https:\/\/denizcankizil.tr\/ru\/haberler\/gundem\/hizmet-sektorune-guven-artti\/\"]}]},{\"@type\":\"BreadcrumbList\",\"@id\":\"https:\/\/denizcankizil.tr\/ru\/haberler\/gundem\/hizmet-sektorune-guven-artti\/#breadcrumb\",\"itemListElement\":[{\"@type\":\"ListItem\",\"position\":1,\"name\":\"Home\",\"item\":\"https:\/\/denizcankizil.tr\/de\/\"},{\"@type\":\"ListItem\",\"position\":2,\"name\":\"Hizmet sekt\u00f6r\u00fcne g\u00fcven artt\u0131!\"}]},{\"@type\":\"WebSite\",\"@id\":\"https:\/\/denizcankizil.tr\/#website\",\"url\":\"https:\/\/denizcankizil.tr\/\",\"name\":\"Av. Deniz Can K\u0131z\u0131l\",\"description\":\"Avukat Deniz Can K\u0131z\u0131l Antalya Barosu\",\"publisher\":{\"@id\":\"https:\/\/denizcankizil.tr\/#organization\"},\"potentialAction\":[{\"@type\":\"SearchAction\",\"target\":{\"@type\":\"EntryPoint\",\"urlTemplate\":\"https:\/\/denizcankizil.tr\/?s={search_term_string}\"},\"query-input\":{\"@type\":\"PropertyValueSpecification\",\"valueRequired\":true,\"valueName\":\"search_term_string\"}}],\"inLanguage\":\"ru-RU\"},{\"@type\":\"Organization\",\"@id\":\"https:\/\/denizcankizil.tr\/#organization\",\"name\":\"Av. Deniz Can K\u0131z\u0131l\",\"url\":\"https:\/\/denizcankizil.tr\/\",\"logo\":{\"@type\":\"ImageObject\",\"inLanguage\":\"ru-RU\",\"@id\":\"https:\/\/denizcankizil.tr\/#\/schema\/logo\/image\/\",\"url\":\"https:\/\/denizcankizil.tr\/wp-content\/uploads\/2024\/10\/siyah-logo-svg.svg\",\"contentUrl\":\"https:\/\/denizcankizil.tr\/wp-content\/uploads\/2024\/10\/siyah-logo-svg.svg\",\"width\":1080,\"height\":1080,\"caption\":\"Av. Deniz Can K\u0131z\u0131l\"},\"image\":{\"@id\":\"https:\/\/denizcankizil.tr\/#\/schema\/logo\/image\/\"}},{\"@type\":\"Person\",\"@id\":\"https:\/\/denizcankizil.tr\/#\/schema\/person\/be3c05fe6a12686905512445d8185489\",\"name\":\"admin\",\"image\":{\"@type\":\"ImageObject\",\"inLanguage\":\"ru-RU\",\"@id\":\"https:\/\/denizcankizil.tr\/#\/schema\/person\/image\/\",\"url\":\"https:\/\/secure.gravatar.com\/avatar\/c1fce94c830dc79107e174f890d7210541c4a63e8e5d816341794a2151c9d58c?s=96&d=mm&r=g\",\"contentUrl\":\"https:\/\/secure.gravatar.com\/avatar\/c1fce94c830dc79107e174f890d7210541c4a63e8e5d816341794a2151c9d58c?s=96&d=mm&r=g\",\"caption\":\"admin\"},\"sameAs\":[\"http:\/\/denizcankizil.tr\"],\"url\":\"https:\/\/www.iskenderun.org\/hizmet-sektorune-guven-artti\"}]}<\/script>\n<!-- \/ Yoast SEO Premium plugin. -->","yoast_head_json":{"title":"Hizmet sekt\u00f6r\u00fcne g\u00fcven artt\u0131! - Av. Deniz Can K\u0131z\u0131l","robots":{"index":"index","follow":"follow","max-snippet":"max-snippet:-1","max-image-preview":"max-image-preview:large","max-video-preview":"max-video-preview:-1"},"canonical":"https:\/\/denizcankizil.tr\/ru\/haberler\/gundem\/hizmet-sektorune-guven-artti\/","og_locale":"ru_RU","og_type":"article","og_title":"Hizmet sekt\u00f6r\u00fcne g\u00fcven artt\u0131!","og_description":"T\u00dc\u0130K, Mart ay\u0131na ili\u015fkin Hizmet, Perakende Ticaret ve \u0130n\u015faat G\u00fcven Endesklerini a\u00e7\u0131klad\u0131. G\u00fcven endekslerinde hizmet sekt\u00f6r\u00fc art\u0131\u015f kaydederken, perakende ticaret ve in\u015faat sekt\u00f6rlerinde azal\u0131\u015f kaydetti.ANKARA (\u0130GFA) &#8211; T\u00fcrkiye \u0130statistik Kurumu (T\u00dc\u0130K) Mart ay\u0131na y\u00f6nelik Hizmet, Perakende Ticaret ve \u0130n\u015faat G\u00fcven Endeksi verilerini a\u00e7\u0131klad\u0131. Buna g\u00f6re g\u00fcven endeksi; hizmet sekt\u00f6r\u00fcnde y\u00fczde 0,2 artt\u0131, perakende ticaret sekt\u00f6r\u00fcnde y\u00fczde 2,5 azald\u0131, in\u015faat sekt\u00f6r\u00fcnde y\u00fczde 0,5 azald\u0131. Mevsim etkilerinden ar\u0131nd\u0131r\u0131lm\u0131\u015f g\u00fcven endeksi Mart ay\u0131nda bir \u00f6nceki aya g\u00f6re; hizmet sekt\u00f6r\u00fcnde y\u00fczde 0,2 oran\u0131nda artarak 114,4 de\u011ferini, perakende ticaret sekt\u00f6r\u00fcnde y\u00fczde 2,5 oran\u0131nda azalarak 113,4 de\u011ferini ve in\u015faat sekt\u00f6r\u00fcnde y\u00fczde 0,5 oran\u0131nda azalarak 88,9 de\u011ferini ald\u0131. \u200bT\u00dc\u0130K, Mart ay\u0131na ili\u015fkin Hizmet, Perakende Ticaret ve \u0130n\u015faat G\u00fcven Endesklerini a\u00e7\u0131klad\u0131. G\u00fcven endekslerinde hizmet sekt\u00f6r\u00fc art\u0131\u015f kaydederken, perakende ticaret ve in\u015faat sekt\u00f6rlerinde azal\u0131\u015f kaydetti.ANKARA (\u0130GFA) &#8211; T\u00fcrkiye \u0130statistik Kurumu (T\u00dc\u0130K) Mart ay\u0131na y\u00f6nelik Hizmet, Perakende Ticaret ve \u0130n\u015faat G\u00fcven Endeksi verilerini a\u00e7\u0131klad\u0131. Buna g\u00f6re g\u00fcven endeksi; hizmet sekt\u00f6r\u00fcnde y\u00fczde 0,2 artt\u0131, perakende ticaret sekt\u00f6r\u00fcnde y\u00fczde 2,5 azald\u0131, in\u015faat sekt\u00f6r\u00fcnde y\u00fczde 0,5 azald\u0131. Mevsim etkilerinden ar\u0131nd\u0131r\u0131lm\u0131\u015f g\u00fcven endeksi Mart ay\u0131nda bir \u00f6nceki aya g\u00f6re; hizmet sekt\u00f6r\u00fcnde y\u00fczde 0,2 oran\u0131nda artarak 114,4 de\u011ferini, perakende ticaret sekt\u00f6r\u00fcnde y\u00fczde 2,5 oran\u0131nda azalarak 113,4 de\u011ferini ve in\u015faat sekt\u00f6r\u00fcnde y\u00fczde 0,5 oran\u0131nda azalarak 88,9 &hellip;","og_url":"https:\/\/denizcankizil.tr\/ru\/haberler\/gundem\/hizmet-sektorune-guven-artti\/","og_site_name":"Av. Deniz Can K\u0131z\u0131l","article_published_time":"2025-03-25T07:41:57+00:00","author":"admin","twitter_card":"summary_large_image","twitter_misc":{"\u041d\u0430\u043f\u0438\u0441\u0430\u043d\u043e \u0430\u0432\u0442\u043e\u0440\u043e\u043c":"admin","\u041f\u0440\u0438\u043c\u0435\u0440\u043d\u043e\u0435 \u0432\u0440\u0435\u043c\u044f \u0434\u043b\u044f \u0447\u0442\u0435\u043d\u0438\u044f":"1 \u043c\u0438\u043d\u0443\u0442\u0430"},"schema":{"@context":"https:\/\/schema.org","@graph":[{"@type":"Article","@id":"https:\/\/denizcankizil.tr\/ru\/haberler\/gundem\/hizmet-sektorune-guven-artti\/#article","isPartOf":{"@id":"https:\/\/denizcankizil.tr\/ru\/haberler\/gundem\/hizmet-sektorune-guven-artti\/"},"author":{"name":"admin","@id":"https:\/\/denizcankizil.tr\/#\/schema\/person\/be3c05fe6a12686905512445d8185489"},"headline":"Hizmet sekt\u00f6r\u00fcne g\u00fcven artt\u0131!","datePublished":"2025-03-25T07:41:57+00:00","mainEntityOfPage":{"@id":"https:\/\/denizcankizil.tr\/ru\/haberler\/gundem\/hizmet-sektorune-guven-artti\/"},"wordCount":303,"publisher":{"@id":"https:\/\/denizcankizil.tr\/#organization"},"articleSection":["G\u00fcndem"],"inLanguage":"ru-RU"},{"@type":"WebPage","@id":"https:\/\/denizcankizil.tr\/ru\/haberler\/gundem\/hizmet-sektorune-guven-artti\/","url":"https:\/\/denizcankizil.tr\/ru\/haberler\/gundem\/hizmet-sektorune-guven-artti\/","name":"Hizmet sekt\u00f6r\u00fcne g\u00fcven artt\u0131! - Av. Deniz Can K\u0131z\u0131l","isPartOf":{"@id":"https:\/\/denizcankizil.tr\/#website"},"datePublished":"2025-03-25T07:41:57+00:00","breadcrumb":{"@id":"https:\/\/denizcankizil.tr\/ru\/haberler\/gundem\/hizmet-sektorune-guven-artti\/#breadcrumb"},"inLanguage":"ru-RU","potentialAction":[{"@type":"ReadAction","target":["https:\/\/denizcankizil.tr\/ru\/haberler\/gundem\/hizmet-sektorune-guven-artti\/"]}]},{"@type":"BreadcrumbList","@id":"https:\/\/denizcankizil.tr\/ru\/haberler\/gundem\/hizmet-sektorune-guven-artti\/#breadcrumb","itemListElement":[{"@type":"ListItem","position":1,"name":"Home","item":"https:\/\/denizcankizil.tr\/de\/"},{"@type":"ListItem","position":2,"name":"Hizmet sekt\u00f6r\u00fcne g\u00fcven artt\u0131!"}]},{"@type":"WebSite","@id":"https:\/\/denizcankizil.tr\/#website","url":"https:\/\/denizcankizil.tr\/","name":"Av. Deniz Can K\u0131z\u0131l","description":"Avukat Deniz Can K\u0131z\u0131l Antalya Barosu","publisher":{"@id":"https:\/\/denizcankizil.tr\/#organization"},"potentialAction":[{"@type":"SearchAction","target":{"@type":"EntryPoint","urlTemplate":"https:\/\/denizcankizil.tr\/?s={search_term_string}"},"query-input":{"@type":"PropertyValueSpecification","valueRequired":true,"valueName":"search_term_string"}}],"inLanguage":"ru-RU"},{"@type":"Organization","@id":"https:\/\/denizcankizil.tr\/#organization","name":"Av. Deniz Can K\u0131z\u0131l","url":"https:\/\/denizcankizil.tr\/","logo":{"@type":"ImageObject","inLanguage":"ru-RU","@id":"https:\/\/denizcankizil.tr\/#\/schema\/logo\/image\/","url":"https:\/\/denizcankizil.tr\/wp-content\/uploads\/2024\/10\/siyah-logo-svg.svg","contentUrl":"https:\/\/denizcankizil.tr\/wp-content\/uploads\/2024\/10\/siyah-logo-svg.svg","width":1080,"height":1080,"caption":"Av. Deniz Can K\u0131z\u0131l"},"image":{"@id":"https:\/\/denizcankizil.tr\/#\/schema\/logo\/image\/"}},{"@type":"Person","@id":"https:\/\/denizcankizil.tr\/#\/schema\/person\/be3c05fe6a12686905512445d8185489","name":"\u0430\u0434\u043c\u0438\u043d","image":{"@type":"ImageObject","inLanguage":"ru-RU","@id":"https:\/\/denizcankizil.tr\/#\/schema\/person\/image\/","url":"https:\/\/secure.gravatar.com\/avatar\/c1fce94c830dc79107e174f890d7210541c4a63e8e5d816341794a2151c9d58c?s=96&d=mm&r=g","contentUrl":"https:\/\/secure.gravatar.com\/avatar\/c1fce94c830dc79107e174f890d7210541c4a63e8e5d816341794a2151c9d58c?s=96&d=mm&r=g","caption":"admin"},"sameAs":["http:\/\/denizcankizil.tr"],"url":"https:\/\/www.iskenderun.org\/hizmet-sektorune-guven-artti"}]}},"_links":{"self":[{"href":"https:\/\/denizcankizil.tr\/ru\/wp-json\/wp\/v2\/posts\/36888","targetHints":{"allow":["GET"]}}],"collection":[{"href":"https:\/\/denizcankizil.tr\/ru\/wp-json\/wp\/v2\/posts"}],"about":[{"href":"https:\/\/denizcankizil.tr\/ru\/wp-json\/wp\/v2\/types\/post"}],"author":[{"embeddable":true,"href":"https:\/\/denizcankizil.tr\/ru\/wp-json\/wp\/v2\/users\/1"}],"replies":[{"embeddable":true,"href":"https:\/\/denizcankizil.tr\/ru\/wp-json\/wp\/v2\/comments?post=36888"}],"version-history":[{"count":0,"href":"https:\/\/denizcankizil.tr\/ru\/wp-json\/wp\/v2\/posts\/36888\/revisions"}],"wp:attachment":[{"href":"https:\/\/denizcankizil.tr\/ru\/wp-json\/wp\/v2\/media?parent=36888"}],"wp:term":[{"taxonomy":"category","embeddable":true,"href":"https:\/\/denizcankizil.tr\/ru\/wp-json\/wp\/v2\/categories?post=36888"},{"taxonomy":"post_tag","embeddable":true,"href":"https:\/\/denizcankizil.tr\/ru\/wp-json\/wp\/v2\/tags?post=36888"}],"curies":[{"name":"wp","href":"https:\/\/api.w.org\/{rel}","templated":true}]}}