{"id":36871,"date":"2025-03-25T07:41:26","date_gmt":"2025-03-25T04:41:26","guid":{"rendered":"https:\/\/denizcankizil.tr\/uncategorized-tr\/samsunda-derecik-mezarligi-calismalar-basladi\/"},"modified":"2025-03-25T07:41:26","modified_gmt":"2025-03-25T04:41:26","slug":"samsunda-derecik-mezarligi-calismalar-basladi","status":"publish","type":"post","link":"https:\/\/denizcankizil.tr\/ru\/haberler\/gundem\/samsunda-derecik-mezarligi-calismalar-basladi\/","title":{"rendered":"Samsun&#8217;da Derecik Mezarl\u0131\u011f\u0131 \u00e7al\u0131\u015fmalar ba\u015flad\u0131"},"content":{"rendered":"<p>Altyap\u0131dan \u00fcstyap\u0131ya insan odakl\u0131 hizmet anlay\u0131\u015f\u0131yla \u015fehirdeki her bir noktaya \u00e7al\u0131\u015fmalar\u0131n\u0131 ta\u015f\u0131yan Samsun B\u00fcy\u00fck\u015fehir Belediyesi toprak kaymalar\u0131 meydana gelen Derecik Mezarl\u0131\u011f\u0131 ve \u00e7evresinde ihale s\u00fcrecinin tamamlanmas\u0131n\u0131n ard\u0131ndan \u00e7al\u0131\u015fmalar\u0131na ba\u015flad\u0131.SAMSUN (\u0130GFA) &#8211; Samsun&#8217;da\u00a0Derecik Mezarl\u0131\u011f\u0131 b\u00f6lgesinde vatanda\u015flar\u0131n ma\u011fduriyetini gidermek ad\u0131na harekete ge\u00e7en B\u00fcy\u00fck\u015fehir Belediyesi ihale s\u00fcrecini tamamlayarak b\u00f6lgede \u00e7al\u0131\u015fmalar\u0131na ba\u015flad\u0131.<br \/>\n\u00d6zellikle killi topra\u011f\u0131n suya doygun hale gelmesi sonucu \u00e7e\u015fitli zemin problemleri ve hareketliliklerin meydana geldi\u011fi mezarl\u0131k b\u00f6lgesinde, bu durum kabarmalar ve kil tabakalar\u0131 aras\u0131ndaki hareketlili\u011fi tetikleyerek topra\u011f\u0131n y\u00fczeysel olarak kaymas\u0131na neden oluyor. Samsun B\u00fcy\u00fck\u015fehir Belediyesi, bu olumsuz etkileri giderebilmek amac\u0131yla harekete ge\u00e7erek gerekli \u00f6nleme projelerini haz\u0131rlad\u0131 ve ihale s\u00fcrecini tamamlayarak Derecik Mezarl\u0131\u011f\u0131 b\u00f6lgesindeki \u00e7al\u0131\u015fmalar\u0131na ba\u015flad\u0131.<br \/>\nB\u00fcy\u00fck\u015fehir Belediyesi taraf\u0131ndan y\u00fczeysel hareketlili\u011fi engellemek ve zemin suyunun h\u0131zl\u0131 bir \u015fekilde uzakla\u015ft\u0131r\u0131lmas\u0131n\u0131 sa\u011flamak amac\u0131yla kapsaml\u0131 bir drenaj projesi haz\u0131rland\u0131. Haz\u0131rlanan proje do\u011frultusunda Derecik Mezarl\u0131\u011f\u0131 ve \u00e7evresindeki alan\u0131n daha g\u00fcvenli hale gelmesi i\u00e7in drenaj sistemi in\u015fa edilmeye ba\u015fland\u0131. \u0130ki ana ba\u015fl\u0131k alt\u0131nda ger\u00e7ekle\u015ftirilecek proje kapsam\u0131nda ilk olarak mezarl\u0131k alan\u0131na suyun girmesini engellemek amac\u0131yla drenaj borulu kafa hende\u011fi a\u00e7\u0131lacak; daha sonra ise alan i\u00e7indeki suyun uzakla\u015ft\u0131r\u0131labilmesi i\u00e7in drenaj kanal a\u011f\u0131 olu\u015fturulacak.<br \/>\nSamsun B\u00fcy\u00fck\u015fehir Belediyesi, bu drenaj imalat\u0131n\u0131n 20 g\u00fcn i\u00e7inde tamamlanmas\u0131n\u0131 planlamakta olup ayn\u0131 zamanda b\u00f6lgede meydana gelen mevcut hasarlar\u0131n onar\u0131lmas\u0131 i\u00e7in rehabilitasyon \u00e7al\u0131\u015fmalar\u0131 da ger\u00e7ekle\u015ftirilecek.<br \/>\n\u00c7ALI\u015eMALAR BA\u015eLADI<br \/>\nSamsun B\u00fcy\u00fck\u015fehir Belediye Ba\u015fkan\u0131 Halit Do\u011fan, \u201cDerecik Mezarl\u0131\u011f\u0131 ve \u00e7evresinde vatanda\u015flar\u0131m\u0131z\u0131n ya\u015fad\u0131\u011f\u0131 bir ma\u011fduriyet durumu s\u00f6z konusu idi. Bizler de Samsun B\u00fcy\u00fck\u015fehir Belediyesi olarak hemen gerekli projeleri haz\u0131rlayarak ihale s\u00fcrecini tamamlad\u0131k ve \u00e7al\u0131\u015fmalar\u0131m\u0131za ba\u015flad\u0131k. \u00c7al\u0131\u015fmalar\u0131m\u0131z ile b\u00f6lgedeki zemin stabilitesini art\u0131rmay\u0131 ve mezarl\u0131k alan\u0131n\u0131n g\u00fcvenli bir \u015fekilde kullan\u0131lmas\u0131n\u0131 sa\u011flamay\u0131 hedefliyoruz. \u015eehrimizin, insan\u0131m\u0131z\u0131n her zaman yan\u0131nda olarak bir sorunu daha \u00e7\u00f6z\u00fcme kavu\u015fturma gayretindeyiz\u201d dedi.<\/p>\n<p>\u200bAltyap\u0131dan \u00fcstyap\u0131ya insan odakl\u0131 hizmet anlay\u0131\u015f\u0131yla \u015fehirdeki her bir noktaya \u00e7al\u0131\u015fmalar\u0131n\u0131 ta\u015f\u0131yan Samsun B\u00fcy\u00fck\u015fehir Belediyesi toprak kaymalar\u0131 meydana gelen Derecik Mezarl\u0131\u011f\u0131 ve \u00e7evresinde ihale s\u00fcrecinin tamamlanmas\u0131n\u0131n ard\u0131ndan \u00e7al\u0131\u015fmalar\u0131na ba\u015flad\u0131.SAMSUN (\u0130GFA) &#8211; Samsun&#8217;da\u00a0Derecik Mezarl\u0131\u011f\u0131 b\u00f6lgesinde vatanda\u015flar\u0131n ma\u011fduriyetini gidermek ad\u0131na harekete ge\u00e7en B\u00fcy\u00fck\u015fehir Belediyesi ihale s\u00fcrecini tamamlayarak b\u00f6lgede \u00e7al\u0131\u015fmalar\u0131na ba\u015flad\u0131.<br \/>\n\u00d6zellikle killi topra\u011f\u0131n suya doygun hale gelmesi sonucu \u00e7e\u015fitli zemin problemleri ve hareketliliklerin meydana geldi\u011fi mezarl\u0131k b\u00f6lgesinde, bu durum kabarmalar ve kil tabakalar\u0131 aras\u0131ndaki hareketlili\u011fi tetikleyerek topra\u011f\u0131n y\u00fczeysel olarak kaymas\u0131na neden oluyor. Samsun B\u00fcy\u00fck\u015fehir Belediyesi, bu olumsuz etkileri giderebilmek amac\u0131yla harekete ge\u00e7erek gerekli \u00f6nleme projelerini haz\u0131rlad\u0131 ve ihale s\u00fcrecini tamamlayarak Derecik Mezarl\u0131\u011f\u0131 b\u00f6lgesindeki \u00e7al\u0131\u015fmalar\u0131na ba\u015flad\u0131.<br \/>\nB\u00fcy\u00fck\u015fehir Belediyesi taraf\u0131ndan y\u00fczeysel hareketlili\u011fi engellemek ve zemin suyunun h\u0131zl\u0131 bir \u015fekilde uzakla\u015ft\u0131r\u0131lmas\u0131n\u0131 sa\u011flamak amac\u0131yla kapsaml\u0131 bir drenaj projesi haz\u0131rland\u0131. Haz\u0131rlanan proje do\u011frultusunda Derecik Mezarl\u0131\u011f\u0131 ve \u00e7evresindeki alan\u0131n daha g\u00fcvenli hale gelmesi i\u00e7in drenaj sistemi in\u015fa edilmeye ba\u015fland\u0131. \u0130ki ana ba\u015fl\u0131k alt\u0131nda ger\u00e7ekle\u015ftirilecek proje kapsam\u0131nda ilk olarak mezarl\u0131k alan\u0131na suyun girmesini engellemek amac\u0131yla drenaj borulu kafa hende\u011fi a\u00e7\u0131lacak; daha sonra ise alan i\u00e7indeki suyun uzakla\u015ft\u0131r\u0131labilmesi i\u00e7in drenaj kanal a\u011f\u0131 olu\u015fturulacak.<br \/>\nSamsun B\u00fcy\u00fck\u015fehir Belediyesi, bu drenaj imalat\u0131n\u0131n 20 g\u00fcn i\u00e7inde tamamlanmas\u0131n\u0131 planlamakta olup ayn\u0131 zamanda b\u00f6lgede meydana gelen mevcut hasarlar\u0131n onar\u0131lmas\u0131 i\u00e7in rehabilitasyon \u00e7al\u0131\u015fmalar\u0131 da ger\u00e7ekle\u015ftirilecek.<br \/>\n\u00c7ALI\u015eMALAR BA\u015eLADI<br \/>\nSamsun B\u00fcy\u00fck\u015fehir Belediye Ba\u015fkan\u0131 Halit Do\u011fan, \u201cDerecik Mezarl\u0131\u011f\u0131 ve \u00e7evresinde vatanda\u015flar\u0131m\u0131z\u0131n ya\u015fad\u0131\u011f\u0131 bir ma\u011fduriyet durumu s\u00f6z konusu idi. Bizler de Samsun B\u00fcy\u00fck\u015fehir Belediyesi olarak hemen gerekli projeleri haz\u0131rlayarak ihale s\u00fcrecini tamamlad\u0131k ve \u00e7al\u0131\u015fmalar\u0131m\u0131za ba\u015flad\u0131k. \u00c7al\u0131\u015fmalar\u0131m\u0131z ile b\u00f6lgedeki zemin stabilitesini art\u0131rmay\u0131 ve mezarl\u0131k alan\u0131n\u0131n g\u00fcvenli bir \u015fekilde kullan\u0131lmas\u0131n\u0131 sa\u011flamay\u0131 hedefliyoruz. \u015eehrimizin, insan\u0131m\u0131z\u0131n her zaman yan\u0131nda olarak bir sorunu daha \u00e7\u00f6z\u00fcme kavu\u015fturma gayretindeyiz\u201d dedi.\u00a0<\/p>\n<p>\u200bHaberin Al\u0131nt\u0131land\u0131\u011f\u0131 Kaynak: www.iskenderun.org<\/p>","protected":false},"excerpt":{"rendered":"<p>Altyap\u0131dan \u00fcstyap\u0131ya insan odakl\u0131 hizmet anlay\u0131\u015f\u0131yla \u015fehirdeki her bir noktaya \u00e7al\u0131\u015fmalar\u0131n\u0131 ta\u015f\u0131yan Samsun B\u00fcy\u00fck\u015fehir Belediyesi toprak kaymalar\u0131 meydana gelen Derecik Mezarl\u0131\u011f\u0131 ve \u00e7evresinde ihale s\u00fcrecinin tamamlanmas\u0131n\u0131n ard\u0131ndan \u00e7al\u0131\u015fmalar\u0131na ba\u015flad\u0131.SAMSUN (\u0130GFA) &#8211; Samsun&#8217;da\u00a0Derecik Mezarl\u0131\u011f\u0131 b\u00f6lgesinde vatanda\u015flar\u0131n ma\u011fduriyetini gidermek ad\u0131na harekete ge\u00e7en B\u00fcy\u00fck\u015fehir Belediyesi ihale s\u00fcrecini tamamlayarak b\u00f6lgede \u00e7al\u0131\u015fmalar\u0131na ba\u015flad\u0131. \u00d6zellikle killi topra\u011f\u0131n suya doygun hale gelmesi sonucu \u00e7e\u015fitli zemin problemleri ve hareketliliklerin meydana geldi\u011fi mezarl\u0131k b\u00f6lgesinde, bu durum kabarmalar ve kil tabakalar\u0131 aras\u0131ndaki hareketlili\u011fi tetikleyerek topra\u011f\u0131n y\u00fczeysel olarak kaymas\u0131na neden oluyor. Samsun B\u00fcy\u00fck\u015fehir Belediyesi, bu olumsuz etkileri giderebilmek amac\u0131yla harekete ge\u00e7erek gerekli \u00f6nleme projelerini haz\u0131rlad\u0131 ve ihale s\u00fcrecini tamamlayarak Derecik Mezarl\u0131\u011f\u0131 b\u00f6lgesindeki \u00e7al\u0131\u015fmalar\u0131na ba\u015flad\u0131. B\u00fcy\u00fck\u015fehir Belediyesi taraf\u0131ndan y\u00fczeysel hareketlili\u011fi engellemek ve zemin suyunun h\u0131zl\u0131 bir \u015fekilde uzakla\u015ft\u0131r\u0131lmas\u0131n\u0131 sa\u011flamak amac\u0131yla kapsaml\u0131 bir drenaj projesi haz\u0131rland\u0131. Haz\u0131rlanan proje do\u011frultusunda Derecik Mezarl\u0131\u011f\u0131 ve \u00e7evresindeki alan\u0131n daha g\u00fcvenli hale gelmesi i\u00e7in drenaj sistemi in\u015fa edilmeye ba\u015fland\u0131. \u0130ki ana ba\u015fl\u0131k alt\u0131nda ger\u00e7ekle\u015ftirilecek proje kapsam\u0131nda ilk olarak mezarl\u0131k alan\u0131na suyun girmesini engellemek amac\u0131yla drenaj borulu kafa hende\u011fi a\u00e7\u0131lacak; daha sonra ise alan i\u00e7indeki suyun uzakla\u015ft\u0131r\u0131labilmesi i\u00e7in drenaj kanal a\u011f\u0131 olu\u015fturulacak. Samsun B\u00fcy\u00fck\u015fehir Belediyesi, bu drenaj imalat\u0131n\u0131n 20 g\u00fcn i\u00e7inde tamamlanmas\u0131n\u0131 planlamakta olup ayn\u0131 zamanda b\u00f6lgede meydana gelen mevcut hasarlar\u0131n onar\u0131lmas\u0131 i\u00e7in rehabilitasyon \u00e7al\u0131\u015fmalar\u0131 da ger\u00e7ekle\u015ftirilecek. \u00c7ALI\u015eMALAR BA\u015eLADI &hellip;<\/p>","protected":false},"author":1,"featured_media":0,"comment_status":"","ping_status":"open","sticky":false,"template":"","format":"standard","meta":{"_acf_changed":false,"footnotes":""},"categories":[24],"tags":[],"class_list":["post-36871","post","type-post","status-publish","format-standard","has-post-thumbnail","hentry","category-gundem"],"acf":[],"yoast_head":"<!-- This site is optimized with the Yoast SEO Premium plugin v26.6 (Yoast SEO v27.1.1) - https:\/\/yoast.com\/product\/yoast-seo-premium-wordpress\/ -->\n<title>Samsun&#039;da Derecik Mezarl\u0131\u011f\u0131 \u00e7al\u0131\u015fmalar ba\u015flad\u0131 - Av. Deniz Can K\u0131z\u0131l<\/title>\n<meta name=\"robots\" content=\"index, follow, max-snippet:-1, max-image-preview:large, max-video-preview:-1\" \/>\n<link rel=\"canonical\" href=\"https:\/\/denizcankizil.tr\/ru\/haberler\/gundem\/samsunda-derecik-mezarligi-calismalar-basladi\/\" \/>\n<meta property=\"og:locale\" content=\"ru_RU\" \/>\n<meta property=\"og:type\" content=\"article\" \/>\n<meta property=\"og:title\" content=\"Samsun&#039;da Derecik Mezarl\u0131\u011f\u0131 \u00e7al\u0131\u015fmalar ba\u015flad\u0131\" \/>\n<meta property=\"og:description\" content=\"Altyap\u0131dan \u00fcstyap\u0131ya insan odakl\u0131 hizmet anlay\u0131\u015f\u0131yla \u015fehirdeki her bir noktaya \u00e7al\u0131\u015fmalar\u0131n\u0131 ta\u015f\u0131yan Samsun B\u00fcy\u00fck\u015fehir Belediyesi toprak kaymalar\u0131 meydana gelen Derecik Mezarl\u0131\u011f\u0131 ve \u00e7evresinde ihale s\u00fcrecinin tamamlanmas\u0131n\u0131n ard\u0131ndan \u00e7al\u0131\u015fmalar\u0131na ba\u015flad\u0131.SAMSUN (\u0130GFA) &#8211; Samsun&#8217;da\u00a0Derecik Mezarl\u0131\u011f\u0131 b\u00f6lgesinde vatanda\u015flar\u0131n ma\u011fduriyetini gidermek ad\u0131na harekete ge\u00e7en B\u00fcy\u00fck\u015fehir Belediyesi ihale s\u00fcrecini tamamlayarak b\u00f6lgede \u00e7al\u0131\u015fmalar\u0131na ba\u015flad\u0131. \u00d6zellikle killi topra\u011f\u0131n suya doygun hale gelmesi sonucu \u00e7e\u015fitli zemin problemleri ve hareketliliklerin meydana geldi\u011fi mezarl\u0131k b\u00f6lgesinde, bu durum kabarmalar ve kil tabakalar\u0131 aras\u0131ndaki hareketlili\u011fi tetikleyerek topra\u011f\u0131n y\u00fczeysel olarak kaymas\u0131na neden oluyor. Samsun B\u00fcy\u00fck\u015fehir Belediyesi, bu olumsuz etkileri giderebilmek amac\u0131yla harekete ge\u00e7erek gerekli \u00f6nleme projelerini haz\u0131rlad\u0131 ve ihale s\u00fcrecini tamamlayarak Derecik Mezarl\u0131\u011f\u0131 b\u00f6lgesindeki \u00e7al\u0131\u015fmalar\u0131na ba\u015flad\u0131. B\u00fcy\u00fck\u015fehir Belediyesi taraf\u0131ndan y\u00fczeysel hareketlili\u011fi engellemek ve zemin suyunun h\u0131zl\u0131 bir \u015fekilde uzakla\u015ft\u0131r\u0131lmas\u0131n\u0131 sa\u011flamak amac\u0131yla kapsaml\u0131 bir drenaj projesi haz\u0131rland\u0131. Haz\u0131rlanan proje do\u011frultusunda Derecik Mezarl\u0131\u011f\u0131 ve \u00e7evresindeki alan\u0131n daha g\u00fcvenli hale gelmesi i\u00e7in drenaj sistemi in\u015fa edilmeye ba\u015fland\u0131. \u0130ki ana ba\u015fl\u0131k alt\u0131nda ger\u00e7ekle\u015ftirilecek proje kapsam\u0131nda ilk olarak mezarl\u0131k alan\u0131na suyun girmesini engellemek amac\u0131yla drenaj borulu kafa hende\u011fi a\u00e7\u0131lacak; daha sonra ise alan i\u00e7indeki suyun uzakla\u015ft\u0131r\u0131labilmesi i\u00e7in drenaj kanal a\u011f\u0131 olu\u015fturulacak. Samsun B\u00fcy\u00fck\u015fehir Belediyesi, bu drenaj imalat\u0131n\u0131n 20 g\u00fcn i\u00e7inde tamamlanmas\u0131n\u0131 planlamakta olup ayn\u0131 zamanda b\u00f6lgede meydana gelen mevcut hasarlar\u0131n onar\u0131lmas\u0131 i\u00e7in rehabilitasyon \u00e7al\u0131\u015fmalar\u0131 da ger\u00e7ekle\u015ftirilecek. \u00c7ALI\u015eMALAR BA\u015eLADI &hellip;\" \/>\n<meta property=\"og:url\" content=\"https:\/\/denizcankizil.tr\/ru\/haberler\/gundem\/samsunda-derecik-mezarligi-calismalar-basladi\/\" \/>\n<meta property=\"og:site_name\" content=\"Av. Deniz Can K\u0131z\u0131l\" \/>\n<meta property=\"article:published_time\" content=\"2025-03-25T04:41:26+00:00\" \/>\n<meta name=\"author\" content=\"admin\" \/>\n<meta name=\"twitter:card\" content=\"summary_large_image\" \/>\n<meta name=\"twitter:label1\" content=\"\u041d\u0430\u043f\u0438\u0441\u0430\u043d\u043e \u0430\u0432\u0442\u043e\u0440\u043e\u043c\" \/>\n\t<meta name=\"twitter:data1\" content=\"admin\" \/>\n\t<meta name=\"twitter:label2\" content=\"\u041f\u0440\u0438\u043c\u0435\u0440\u043d\u043e\u0435 \u0432\u0440\u0435\u043c\u044f \u0434\u043b\u044f \u0447\u0442\u0435\u043d\u0438\u044f\" \/>\n\t<meta name=\"twitter:data2\" content=\"4 \u043c\u0438\u043d\u0443\u0442\u044b\" \/>\n<script type=\"application\/ld+json\" class=\"yoast-schema-graph\">{\"@context\":\"https:\/\/schema.org\",\"@graph\":[{\"@type\":\"Article\",\"@id\":\"https:\/\/denizcankizil.tr\/ru\/haberler\/gundem\/samsunda-derecik-mezarligi-calismalar-basladi\/#article\",\"isPartOf\":{\"@id\":\"https:\/\/denizcankizil.tr\/ru\/haberler\/gundem\/samsunda-derecik-mezarligi-calismalar-basladi\/\"},\"author\":{\"name\":\"admin\",\"@id\":\"https:\/\/denizcankizil.tr\/#\/schema\/person\/be3c05fe6a12686905512445d8185489\"},\"headline\":\"Samsun&#8217;da Derecik Mezarl\u0131\u011f\u0131 \u00e7al\u0131\u015fmalar ba\u015flad\u0131\",\"datePublished\":\"2025-03-25T04:41:26+00:00\",\"mainEntityOfPage\":{\"@id\":\"https:\/\/denizcankizil.tr\/ru\/haberler\/gundem\/samsunda-derecik-mezarligi-calismalar-basladi\/\"},\"wordCount\":838,\"publisher\":{\"@id\":\"https:\/\/denizcankizil.tr\/#organization\"},\"articleSection\":[\"G\u00fcndem\"],\"inLanguage\":\"ru-RU\"},{\"@type\":\"WebPage\",\"@id\":\"https:\/\/denizcankizil.tr\/ru\/haberler\/gundem\/samsunda-derecik-mezarligi-calismalar-basladi\/\",\"url\":\"https:\/\/denizcankizil.tr\/ru\/haberler\/gundem\/samsunda-derecik-mezarligi-calismalar-basladi\/\",\"name\":\"Samsun'da Derecik Mezarl\u0131\u011f\u0131 \u00e7al\u0131\u015fmalar ba\u015flad\u0131 - Av. Deniz Can K\u0131z\u0131l\",\"isPartOf\":{\"@id\":\"https:\/\/denizcankizil.tr\/#website\"},\"datePublished\":\"2025-03-25T04:41:26+00:00\",\"breadcrumb\":{\"@id\":\"https:\/\/denizcankizil.tr\/ru\/haberler\/gundem\/samsunda-derecik-mezarligi-calismalar-basladi\/#breadcrumb\"},\"inLanguage\":\"ru-RU\",\"potentialAction\":[{\"@type\":\"ReadAction\",\"target\":[\"https:\/\/denizcankizil.tr\/ru\/haberler\/gundem\/samsunda-derecik-mezarligi-calismalar-basladi\/\"]}]},{\"@type\":\"BreadcrumbList\",\"@id\":\"https:\/\/denizcankizil.tr\/ru\/haberler\/gundem\/samsunda-derecik-mezarligi-calismalar-basladi\/#breadcrumb\",\"itemListElement\":[{\"@type\":\"ListItem\",\"position\":1,\"name\":\"Home\",\"item\":\"https:\/\/denizcankizil.tr\/de\/\"},{\"@type\":\"ListItem\",\"position\":2,\"name\":\"Samsun&#8217;da Derecik Mezarl\u0131\u011f\u0131 \u00e7al\u0131\u015fmalar ba\u015flad\u0131\"}]},{\"@type\":\"WebSite\",\"@id\":\"https:\/\/denizcankizil.tr\/#website\",\"url\":\"https:\/\/denizcankizil.tr\/\",\"name\":\"Av. Deniz Can K\u0131z\u0131l\",\"description\":\"Avukat Deniz Can K\u0131z\u0131l Antalya Barosu\",\"publisher\":{\"@id\":\"https:\/\/denizcankizil.tr\/#organization\"},\"potentialAction\":[{\"@type\":\"SearchAction\",\"target\":{\"@type\":\"EntryPoint\",\"urlTemplate\":\"https:\/\/denizcankizil.tr\/?s={search_term_string}\"},\"query-input\":{\"@type\":\"PropertyValueSpecification\",\"valueRequired\":true,\"valueName\":\"search_term_string\"}}],\"inLanguage\":\"ru-RU\"},{\"@type\":\"Organization\",\"@id\":\"https:\/\/denizcankizil.tr\/#organization\",\"name\":\"Av. Deniz Can K\u0131z\u0131l\",\"url\":\"https:\/\/denizcankizil.tr\/\",\"logo\":{\"@type\":\"ImageObject\",\"inLanguage\":\"ru-RU\",\"@id\":\"https:\/\/denizcankizil.tr\/#\/schema\/logo\/image\/\",\"url\":\"https:\/\/denizcankizil.tr\/wp-content\/uploads\/2024\/10\/siyah-logo-svg.svg\",\"contentUrl\":\"https:\/\/denizcankizil.tr\/wp-content\/uploads\/2024\/10\/siyah-logo-svg.svg\",\"width\":1080,\"height\":1080,\"caption\":\"Av. Deniz Can K\u0131z\u0131l\"},\"image\":{\"@id\":\"https:\/\/denizcankizil.tr\/#\/schema\/logo\/image\/\"}},{\"@type\":\"Person\",\"@id\":\"https:\/\/denizcankizil.tr\/#\/schema\/person\/be3c05fe6a12686905512445d8185489\",\"name\":\"admin\",\"image\":{\"@type\":\"ImageObject\",\"inLanguage\":\"ru-RU\",\"@id\":\"https:\/\/denizcankizil.tr\/#\/schema\/person\/image\/\",\"url\":\"https:\/\/secure.gravatar.com\/avatar\/c1fce94c830dc79107e174f890d7210541c4a63e8e5d816341794a2151c9d58c?s=96&d=mm&r=g\",\"contentUrl\":\"https:\/\/secure.gravatar.com\/avatar\/c1fce94c830dc79107e174f890d7210541c4a63e8e5d816341794a2151c9d58c?s=96&d=mm&r=g\",\"caption\":\"admin\"},\"sameAs\":[\"http:\/\/denizcankizil.tr\"],\"url\":\"https:\/\/www.iskenderun.org\/samsunda-derecik-mezarligi-calismalar-basladi\"}]}<\/script>\n<!-- \/ Yoast SEO Premium plugin. -->","yoast_head_json":{"title":"Samsun'da Derecik Mezarl\u0131\u011f\u0131 \u00e7al\u0131\u015fmalar ba\u015flad\u0131 - Av. Deniz Can K\u0131z\u0131l","robots":{"index":"index","follow":"follow","max-snippet":"max-snippet:-1","max-image-preview":"max-image-preview:large","max-video-preview":"max-video-preview:-1"},"canonical":"https:\/\/denizcankizil.tr\/ru\/haberler\/gundem\/samsunda-derecik-mezarligi-calismalar-basladi\/","og_locale":"ru_RU","og_type":"article","og_title":"Samsun'da Derecik Mezarl\u0131\u011f\u0131 \u00e7al\u0131\u015fmalar ba\u015flad\u0131","og_description":"Altyap\u0131dan \u00fcstyap\u0131ya insan odakl\u0131 hizmet anlay\u0131\u015f\u0131yla \u015fehirdeki her bir noktaya \u00e7al\u0131\u015fmalar\u0131n\u0131 ta\u015f\u0131yan Samsun B\u00fcy\u00fck\u015fehir Belediyesi toprak kaymalar\u0131 meydana gelen Derecik Mezarl\u0131\u011f\u0131 ve \u00e7evresinde ihale s\u00fcrecinin tamamlanmas\u0131n\u0131n ard\u0131ndan \u00e7al\u0131\u015fmalar\u0131na ba\u015flad\u0131.SAMSUN (\u0130GFA) &#8211; Samsun&#8217;da\u00a0Derecik Mezarl\u0131\u011f\u0131 b\u00f6lgesinde vatanda\u015flar\u0131n ma\u011fduriyetini gidermek ad\u0131na harekete ge\u00e7en B\u00fcy\u00fck\u015fehir Belediyesi ihale s\u00fcrecini tamamlayarak b\u00f6lgede \u00e7al\u0131\u015fmalar\u0131na ba\u015flad\u0131. \u00d6zellikle killi topra\u011f\u0131n suya doygun hale gelmesi sonucu \u00e7e\u015fitli zemin problemleri ve hareketliliklerin meydana geldi\u011fi mezarl\u0131k b\u00f6lgesinde, bu durum kabarmalar ve kil tabakalar\u0131 aras\u0131ndaki hareketlili\u011fi tetikleyerek topra\u011f\u0131n y\u00fczeysel olarak kaymas\u0131na neden oluyor. Samsun B\u00fcy\u00fck\u015fehir Belediyesi, bu olumsuz etkileri giderebilmek amac\u0131yla harekete ge\u00e7erek gerekli \u00f6nleme projelerini haz\u0131rlad\u0131 ve ihale s\u00fcrecini tamamlayarak Derecik Mezarl\u0131\u011f\u0131 b\u00f6lgesindeki \u00e7al\u0131\u015fmalar\u0131na ba\u015flad\u0131. B\u00fcy\u00fck\u015fehir Belediyesi taraf\u0131ndan y\u00fczeysel hareketlili\u011fi engellemek ve zemin suyunun h\u0131zl\u0131 bir \u015fekilde uzakla\u015ft\u0131r\u0131lmas\u0131n\u0131 sa\u011flamak amac\u0131yla kapsaml\u0131 bir drenaj projesi haz\u0131rland\u0131. Haz\u0131rlanan proje do\u011frultusunda Derecik Mezarl\u0131\u011f\u0131 ve \u00e7evresindeki alan\u0131n daha g\u00fcvenli hale gelmesi i\u00e7in drenaj sistemi in\u015fa edilmeye ba\u015fland\u0131. \u0130ki ana ba\u015fl\u0131k alt\u0131nda ger\u00e7ekle\u015ftirilecek proje kapsam\u0131nda ilk olarak mezarl\u0131k alan\u0131na suyun girmesini engellemek amac\u0131yla drenaj borulu kafa hende\u011fi a\u00e7\u0131lacak; daha sonra ise alan i\u00e7indeki suyun uzakla\u015ft\u0131r\u0131labilmesi i\u00e7in drenaj kanal a\u011f\u0131 olu\u015fturulacak. Samsun B\u00fcy\u00fck\u015fehir Belediyesi, bu drenaj imalat\u0131n\u0131n 20 g\u00fcn i\u00e7inde tamamlanmas\u0131n\u0131 planlamakta olup ayn\u0131 zamanda b\u00f6lgede meydana gelen mevcut hasarlar\u0131n onar\u0131lmas\u0131 i\u00e7in rehabilitasyon \u00e7al\u0131\u015fmalar\u0131 da ger\u00e7ekle\u015ftirilecek. \u00c7ALI\u015eMALAR BA\u015eLADI &hellip;","og_url":"https:\/\/denizcankizil.tr\/ru\/haberler\/gundem\/samsunda-derecik-mezarligi-calismalar-basladi\/","og_site_name":"Av. Deniz Can K\u0131z\u0131l","article_published_time":"2025-03-25T04:41:26+00:00","author":"admin","twitter_card":"summary_large_image","twitter_misc":{"\u041d\u0430\u043f\u0438\u0441\u0430\u043d\u043e \u0430\u0432\u0442\u043e\u0440\u043e\u043c":"admin","\u041f\u0440\u0438\u043c\u0435\u0440\u043d\u043e\u0435 \u0432\u0440\u0435\u043c\u044f \u0434\u043b\u044f \u0447\u0442\u0435\u043d\u0438\u044f":"4 \u043c\u0438\u043d\u0443\u0442\u044b"},"schema":{"@context":"https:\/\/schema.org","@graph":[{"@type":"Article","@id":"https:\/\/denizcankizil.tr\/ru\/haberler\/gundem\/samsunda-derecik-mezarligi-calismalar-basladi\/#article","isPartOf":{"@id":"https:\/\/denizcankizil.tr\/ru\/haberler\/gundem\/samsunda-derecik-mezarligi-calismalar-basladi\/"},"author":{"name":"admin","@id":"https:\/\/denizcankizil.tr\/#\/schema\/person\/be3c05fe6a12686905512445d8185489"},"headline":"Samsun&#8217;da Derecik Mezarl\u0131\u011f\u0131 \u00e7al\u0131\u015fmalar ba\u015flad\u0131","datePublished":"2025-03-25T04:41:26+00:00","mainEntityOfPage":{"@id":"https:\/\/denizcankizil.tr\/ru\/haberler\/gundem\/samsunda-derecik-mezarligi-calismalar-basladi\/"},"wordCount":838,"publisher":{"@id":"https:\/\/denizcankizil.tr\/#organization"},"articleSection":["G\u00fcndem"],"inLanguage":"ru-RU"},{"@type":"WebPage","@id":"https:\/\/denizcankizil.tr\/ru\/haberler\/gundem\/samsunda-derecik-mezarligi-calismalar-basladi\/","url":"https:\/\/denizcankizil.tr\/ru\/haberler\/gundem\/samsunda-derecik-mezarligi-calismalar-basladi\/","name":"Samsun'da Derecik Mezarl\u0131\u011f\u0131 \u00e7al\u0131\u015fmalar ba\u015flad\u0131 - Av. Deniz Can K\u0131z\u0131l","isPartOf":{"@id":"https:\/\/denizcankizil.tr\/#website"},"datePublished":"2025-03-25T04:41:26+00:00","breadcrumb":{"@id":"https:\/\/denizcankizil.tr\/ru\/haberler\/gundem\/samsunda-derecik-mezarligi-calismalar-basladi\/#breadcrumb"},"inLanguage":"ru-RU","potentialAction":[{"@type":"ReadAction","target":["https:\/\/denizcankizil.tr\/ru\/haberler\/gundem\/samsunda-derecik-mezarligi-calismalar-basladi\/"]}]},{"@type":"BreadcrumbList","@id":"https:\/\/denizcankizil.tr\/ru\/haberler\/gundem\/samsunda-derecik-mezarligi-calismalar-basladi\/#breadcrumb","itemListElement":[{"@type":"ListItem","position":1,"name":"Home","item":"https:\/\/denizcankizil.tr\/de\/"},{"@type":"ListItem","position":2,"name":"Samsun&#8217;da Derecik Mezarl\u0131\u011f\u0131 \u00e7al\u0131\u015fmalar ba\u015flad\u0131"}]},{"@type":"WebSite","@id":"https:\/\/denizcankizil.tr\/#website","url":"https:\/\/denizcankizil.tr\/","name":"Av. Deniz Can K\u0131z\u0131l","description":"Avukat Deniz Can K\u0131z\u0131l Antalya Barosu","publisher":{"@id":"https:\/\/denizcankizil.tr\/#organization"},"potentialAction":[{"@type":"SearchAction","target":{"@type":"EntryPoint","urlTemplate":"https:\/\/denizcankizil.tr\/?s={search_term_string}"},"query-input":{"@type":"PropertyValueSpecification","valueRequired":true,"valueName":"search_term_string"}}],"inLanguage":"ru-RU"},{"@type":"Organization","@id":"https:\/\/denizcankizil.tr\/#organization","name":"Av. Deniz Can K\u0131z\u0131l","url":"https:\/\/denizcankizil.tr\/","logo":{"@type":"ImageObject","inLanguage":"ru-RU","@id":"https:\/\/denizcankizil.tr\/#\/schema\/logo\/image\/","url":"https:\/\/denizcankizil.tr\/wp-content\/uploads\/2024\/10\/siyah-logo-svg.svg","contentUrl":"https:\/\/denizcankizil.tr\/wp-content\/uploads\/2024\/10\/siyah-logo-svg.svg","width":1080,"height":1080,"caption":"Av. Deniz Can K\u0131z\u0131l"},"image":{"@id":"https:\/\/denizcankizil.tr\/#\/schema\/logo\/image\/"}},{"@type":"Person","@id":"https:\/\/denizcankizil.tr\/#\/schema\/person\/be3c05fe6a12686905512445d8185489","name":"\u0430\u0434\u043c\u0438\u043d","image":{"@type":"ImageObject","inLanguage":"ru-RU","@id":"https:\/\/denizcankizil.tr\/#\/schema\/person\/image\/","url":"https:\/\/secure.gravatar.com\/avatar\/c1fce94c830dc79107e174f890d7210541c4a63e8e5d816341794a2151c9d58c?s=96&d=mm&r=g","contentUrl":"https:\/\/secure.gravatar.com\/avatar\/c1fce94c830dc79107e174f890d7210541c4a63e8e5d816341794a2151c9d58c?s=96&d=mm&r=g","caption":"admin"},"sameAs":["http:\/\/denizcankizil.tr"],"url":"https:\/\/www.iskenderun.org\/samsunda-derecik-mezarligi-calismalar-basladi"}]}},"_links":{"self":[{"href":"https:\/\/denizcankizil.tr\/ru\/wp-json\/wp\/v2\/posts\/36871","targetHints":{"allow":["GET"]}}],"collection":[{"href":"https:\/\/denizcankizil.tr\/ru\/wp-json\/wp\/v2\/posts"}],"about":[{"href":"https:\/\/denizcankizil.tr\/ru\/wp-json\/wp\/v2\/types\/post"}],"author":[{"embeddable":true,"href":"https:\/\/denizcankizil.tr\/ru\/wp-json\/wp\/v2\/users\/1"}],"replies":[{"embeddable":true,"href":"https:\/\/denizcankizil.tr\/ru\/wp-json\/wp\/v2\/comments?post=36871"}],"version-history":[{"count":0,"href":"https:\/\/denizcankizil.tr\/ru\/wp-json\/wp\/v2\/posts\/36871\/revisions"}],"wp:attachment":[{"href":"https:\/\/denizcankizil.tr\/ru\/wp-json\/wp\/v2\/media?parent=36871"}],"wp:term":[{"taxonomy":"category","embeddable":true,"href":"https:\/\/denizcankizil.tr\/ru\/wp-json\/wp\/v2\/categories?post=36871"},{"taxonomy":"post_tag","embeddable":true,"href":"https:\/\/denizcankizil.tr\/ru\/wp-json\/wp\/v2\/tags?post=36871"}],"curies":[{"name":"wp","href":"https:\/\/api.w.org\/{rel}","templated":true}]}}