{"id":36834,"date":"2025-03-24T21:41:14","date_gmt":"2025-03-24T18:41:14","guid":{"rendered":"https:\/\/denizcankizil.tr\/uncategorized-tr\/antalyanin-kalbi-cumhuriyet-meydaninda-atacak\/"},"modified":"2025-03-24T21:41:14","modified_gmt":"2025-03-24T18:41:14","slug":"antalyanin-kalbi-cumhuriyet-meydaninda-atacak","status":"publish","type":"post","link":"https:\/\/denizcankizil.tr\/ru\/haberler\/gundem\/antalyanin-kalbi-cumhuriyet-meydaninda-atacak\/","title":{"rendered":"Antalya\u2019n\u0131n kalbi Cumhuriyet Meydan\u0131\u2019nda atacak!"},"content":{"rendered":"<p>\u0130stanbul B\u00fcy\u00fck\u015fehir Belediye (\u0130BB) Ba\u015fkan\u0131 ve T\u00fcrkiye Belediyeler Birli\u011fi (TBB) Ba\u015fkan\u0131 Ekrem \u0130mamo\u011flu\u2019nun tutuklanmas\u0131 T\u00fcrkiye\u2019de geni\u015f yank\u0131 buldu. Bir\u00e7ok ilde protesto g\u00f6sterileri, y\u00fcr\u00fcy\u00fc\u015fler d\u00fczenlenirken geli\u015fmelere tepki g\u00f6steren iller aras\u0131nda Antalya\u2019da yer ald\u0131.<\/p>\n<p>G\u0130R\u0130\u015e-\u00c7IKI\u015e YASAK<\/p>\n<p>\u0130l genelinde devam eden eylemler \u00e7er\u00e7evesinde d\u00fcn ak\u015fam (23 Mart) Akdeniz \u00dcniversitesi\u2019nde \u00f6\u011frenciler ile polis aras\u0131nda gerginlik ya\u015fand\u0131. Olaylar\u0131n ba\u015flad\u0131\u011f\u0131 g\u00fcnden itibaren Emniyet g\u00fc\u00e7leri taraf\u0131ndan \u015fehrin merkezinde yer alan Cumhuriyet Meydan\u0131\u2019na giri\u015f \u00e7\u0131k\u0131\u015flar yasakland\u0131.\u00a0<\/p>\n<p>G\u0130R\u0130\u015eLER SERBEST<\/p>\n<p>Kolluk kuvvetlerinin n\u00f6betleri ile korunan, bir s\u00fcre kapal\u0131 tutuldu\u011fu i\u00e7in Antalya K\u00f6rfez Gazetesi&#8217;nin haber ba\u015fl\u0131klar\u0131na konu olan Cumhuriyet Meydan\u0131, birka\u00e7 saat \u00f6nce tekrar vatanda\u015flar\u0131n ge\u00e7i\u015fine a\u00e7\u0131ld\u0131.\u00a0<\/p>\n<p>HERKES TEK Y\u00dcREK OLACAK<\/p>\n<p>Antalya\u2019da eylemlerde yetersiz kald\u0131\u011f\u0131 ele\u015ftirilerinin hedefinde olan CHP \u0130l Ba\u015fkanl\u0131\u011f\u0131 \u00f6nemli bir karar ald\u0131. Cumhuriyet Halk Partisi (CHP), Antalya Emek ve Demokrasi G\u00fc\u00e7leri, siyasi partiler, sivil toplum kurulu\u015flar\u0131 ve demokratik kitleler, bu ak\u015fam Cumhuriyet Meydan\u0131\u2019nda, \u201cDemokrasi Bulu\u015fmas\u0131\u201d mitingi yapacaklar\u0131n\u0131 a\u00e7\u0131klad\u0131.<\/p>\n<p>BELED\u0130YE BA\u015eKANLARI TOPLANIYOR<\/p>\n<p>Dev platformlar\u0131n kuruldu\u011fu, ba\u015fta CHP ba\u015fta olmak \u00fczere t\u00fcm kitle \u00f6rg\u00fctlerine ak\u015fam 21.00 itibari ile ev sahipli\u011fi yapacak Cumhuriyet Meydan\u0131, ayn\u0131 zamanda bir ilki de ya\u015fayacak. Antalya&#8217;daki t\u00fcm belediye ba\u015fkanlar\u0131n\u0131 ayn\u0131 anda a\u011f\u0131rlayacak Cumhuriyet Meydan\u0131, polisin yo\u011fun g\u00fcvenlik \u00f6nlemlerine de sahne olacak.<\/p>\n<p>\u200b\u0130stanbul B\u00fcy\u00fck\u015fehir Belediye (\u0130BB) Ba\u015fkan\u0131 Ekrem \u0130mamo\u011flu\u2019nun 19 Mart \u00c7ar\u015famba g\u00fcn\u00fc sabah saatlerinde g\u00f6zalt\u0131na al\u0131nmas\u0131n\u0131n ard\u0131ndan kapat\u0131lan Cumhuriyet Meydan\u0131, yeniden a\u00e7\u0131ld\u0131. Meydan bu ak\u015fam saat 21.00 itibaren t\u00fcm partililerin ve STK\u2019lar\u0131n \u201cDemokrasi Bulu\u015fmas\u0131\u201d mitingine ev sahipli\u011fi yapacak.\u00a0<\/p>\n<p>\u200bHaberin Al\u0131nt\u0131land\u0131\u011f\u0131 Kaynak: www.antalyakorfez.com<\/p>","protected":false},"excerpt":{"rendered":"<p>\u0130stanbul B\u00fcy\u00fck\u015fehir Belediye (\u0130BB) Ba\u015fkan\u0131 ve T\u00fcrkiye Belediyeler Birli\u011fi (TBB) Ba\u015fkan\u0131 Ekrem \u0130mamo\u011flu\u2019nun tutuklanmas\u0131 T\u00fcrkiye\u2019de geni\u015f yank\u0131 buldu. Bir\u00e7ok ilde protesto g\u00f6sterileri, y\u00fcr\u00fcy\u00fc\u015fler d\u00fczenlenirken geli\u015fmelere tepki g\u00f6steren iller aras\u0131nda Antalya\u2019da yer ald\u0131. G\u0130R\u0130\u015e-\u00c7IKI\u015e YASAK \u0130l genelinde devam eden eylemler \u00e7er\u00e7evesinde d\u00fcn ak\u015fam (23 Mart) Akdeniz \u00dcniversitesi\u2019nde \u00f6\u011frenciler ile polis aras\u0131nda gerginlik ya\u015fand\u0131. Olaylar\u0131n ba\u015flad\u0131\u011f\u0131 g\u00fcnden itibaren Emniyet g\u00fc\u00e7leri taraf\u0131ndan \u015fehrin merkezinde yer alan Cumhuriyet Meydan\u0131\u2019na giri\u015f \u00e7\u0131k\u0131\u015flar yasakland\u0131.\u00a0 G\u0130R\u0130\u015eLER SERBEST Kolluk kuvvetlerinin n\u00f6betleri ile korunan, bir s\u00fcre kapal\u0131 tutuldu\u011fu i\u00e7in Antalya K\u00f6rfez Gazetesi&#8217;nin haber ba\u015fl\u0131klar\u0131na konu olan Cumhuriyet Meydan\u0131, birka\u00e7 saat \u00f6nce tekrar vatanda\u015flar\u0131n ge\u00e7i\u015fine a\u00e7\u0131ld\u0131.\u00a0 HERKES TEK Y\u00dcREK OLACAK Antalya\u2019da eylemlerde yetersiz kald\u0131\u011f\u0131 ele\u015ftirilerinin hedefinde olan CHP \u0130l Ba\u015fkanl\u0131\u011f\u0131 \u00f6nemli bir karar ald\u0131. Cumhuriyet Halk Partisi (CHP), Antalya Emek ve Demokrasi G\u00fc\u00e7leri, siyasi partiler, sivil toplum kurulu\u015flar\u0131 ve demokratik kitleler, bu ak\u015fam Cumhuriyet Meydan\u0131\u2019nda, \u201cDemokrasi Bulu\u015fmas\u0131\u201d mitingi yapacaklar\u0131n\u0131 a\u00e7\u0131klad\u0131. BELED\u0130YE BA\u015eKANLARI TOPLANIYOR Dev platformlar\u0131n kuruldu\u011fu, ba\u015fta CHP ba\u015fta olmak \u00fczere t\u00fcm kitle \u00f6rg\u00fctlerine ak\u015fam 21.00 itibari ile ev sahipli\u011fi yapacak Cumhuriyet Meydan\u0131, ayn\u0131 zamanda bir ilki de ya\u015fayacak. Antalya&#8217;daki t\u00fcm belediye ba\u015fkanlar\u0131n\u0131 ayn\u0131 anda a\u011f\u0131rlayacak Cumhuriyet Meydan\u0131, polisin yo\u011fun g\u00fcvenlik \u00f6nlemlerine de sahne olacak. \u200b\u0130stanbul B\u00fcy\u00fck\u015fehir Belediye (\u0130BB) Ba\u015fkan\u0131 Ekrem \u0130mamo\u011flu\u2019nun 19 Mart \u00c7ar\u015famba g\u00fcn\u00fc sabah saatlerinde g\u00f6zalt\u0131na al\u0131nmas\u0131n\u0131n &hellip;<\/p>","protected":false},"author":5,"featured_media":0,"comment_status":"","ping_status":"open","sticky":false,"template":"","format":"standard","meta":{"_acf_changed":false,"footnotes":""},"categories":[24],"tags":[],"class_list":["post-36834","post","type-post","status-publish","format-standard","has-post-thumbnail","hentry","category-gundem"],"acf":[],"yoast_head":"<!-- This site is optimized with the Yoast SEO Premium plugin v26.6 (Yoast SEO v27.1.1) - https:\/\/yoast.com\/product\/yoast-seo-premium-wordpress\/ -->\n<title>Antalya\u2019n\u0131n kalbi Cumhuriyet Meydan\u0131\u2019nda atacak! - Av. Deniz Can K\u0131z\u0131l<\/title>\n<meta name=\"robots\" content=\"index, follow, max-snippet:-1, max-image-preview:large, max-video-preview:-1\" \/>\n<link rel=\"canonical\" href=\"https:\/\/denizcankizil.tr\/ru\/haberler\/gundem\/antalyanin-kalbi-cumhuriyet-meydaninda-atacak\/\" \/>\n<meta property=\"og:locale\" content=\"ru_RU\" \/>\n<meta property=\"og:type\" content=\"article\" \/>\n<meta property=\"og:title\" content=\"Antalya\u2019n\u0131n kalbi Cumhuriyet Meydan\u0131\u2019nda atacak!\" \/>\n<meta property=\"og:description\" content=\"\u0130stanbul B\u00fcy\u00fck\u015fehir Belediye (\u0130BB) Ba\u015fkan\u0131 ve T\u00fcrkiye Belediyeler Birli\u011fi (TBB) Ba\u015fkan\u0131 Ekrem \u0130mamo\u011flu\u2019nun tutuklanmas\u0131 T\u00fcrkiye\u2019de geni\u015f yank\u0131 buldu. Bir\u00e7ok ilde protesto g\u00f6sterileri, y\u00fcr\u00fcy\u00fc\u015fler d\u00fczenlenirken geli\u015fmelere tepki g\u00f6steren iller aras\u0131nda Antalya\u2019da yer ald\u0131. G\u0130R\u0130\u015e-\u00c7IKI\u015e YASAK \u0130l genelinde devam eden eylemler \u00e7er\u00e7evesinde d\u00fcn ak\u015fam (23 Mart) Akdeniz \u00dcniversitesi\u2019nde \u00f6\u011frenciler ile polis aras\u0131nda gerginlik ya\u015fand\u0131. Olaylar\u0131n ba\u015flad\u0131\u011f\u0131 g\u00fcnden itibaren Emniyet g\u00fc\u00e7leri taraf\u0131ndan \u015fehrin merkezinde yer alan Cumhuriyet Meydan\u0131\u2019na giri\u015f \u00e7\u0131k\u0131\u015flar yasakland\u0131.\u00a0 G\u0130R\u0130\u015eLER SERBEST Kolluk kuvvetlerinin n\u00f6betleri ile korunan, bir s\u00fcre kapal\u0131 tutuldu\u011fu i\u00e7in Antalya K\u00f6rfez Gazetesi&#8217;nin haber ba\u015fl\u0131klar\u0131na konu olan Cumhuriyet Meydan\u0131, birka\u00e7 saat \u00f6nce tekrar vatanda\u015flar\u0131n ge\u00e7i\u015fine a\u00e7\u0131ld\u0131.\u00a0 HERKES TEK Y\u00dcREK OLACAK Antalya\u2019da eylemlerde yetersiz kald\u0131\u011f\u0131 ele\u015ftirilerinin hedefinde olan CHP \u0130l Ba\u015fkanl\u0131\u011f\u0131 \u00f6nemli bir karar ald\u0131. Cumhuriyet Halk Partisi (CHP), Antalya Emek ve Demokrasi G\u00fc\u00e7leri, siyasi partiler, sivil toplum kurulu\u015flar\u0131 ve demokratik kitleler, bu ak\u015fam Cumhuriyet Meydan\u0131\u2019nda, \u201cDemokrasi Bulu\u015fmas\u0131\u201d mitingi yapacaklar\u0131n\u0131 a\u00e7\u0131klad\u0131. BELED\u0130YE BA\u015eKANLARI TOPLANIYOR Dev platformlar\u0131n kuruldu\u011fu, ba\u015fta CHP ba\u015fta olmak \u00fczere t\u00fcm kitle \u00f6rg\u00fctlerine ak\u015fam 21.00 itibari ile ev sahipli\u011fi yapacak Cumhuriyet Meydan\u0131, ayn\u0131 zamanda bir ilki de ya\u015fayacak. Antalya&#8217;daki t\u00fcm belediye ba\u015fkanlar\u0131n\u0131 ayn\u0131 anda a\u011f\u0131rlayacak Cumhuriyet Meydan\u0131, polisin yo\u011fun g\u00fcvenlik \u00f6nlemlerine de sahne olacak. \u200b\u0130stanbul B\u00fcy\u00fck\u015fehir Belediye (\u0130BB) Ba\u015fkan\u0131 Ekrem \u0130mamo\u011flu\u2019nun 19 Mart \u00c7ar\u015famba g\u00fcn\u00fc sabah saatlerinde g\u00f6zalt\u0131na al\u0131nmas\u0131n\u0131n &hellip;\" \/>\n<meta property=\"og:url\" content=\"https:\/\/denizcankizil.tr\/ru\/haberler\/gundem\/antalyanin-kalbi-cumhuriyet-meydaninda-atacak\/\" \/>\n<meta property=\"og:site_name\" content=\"Av. Deniz Can K\u0131z\u0131l\" \/>\n<meta property=\"article:published_time\" content=\"2025-03-24T18:41:14+00:00\" \/>\n<meta name=\"author\" content=\"Antalya K\u00f6rfez\" \/>\n<meta name=\"twitter:card\" content=\"summary_large_image\" \/>\n<meta name=\"twitter:label1\" content=\"\u041d\u0430\u043f\u0438\u0441\u0430\u043d\u043e \u0430\u0432\u0442\u043e\u0440\u043e\u043c\" \/>\n\t<meta name=\"twitter:data1\" content=\"Antalya K\u00f6rfez\" \/>\n\t<meta name=\"twitter:label2\" content=\"\u041f\u0440\u0438\u043c\u0435\u0440\u043d\u043e\u0435 \u0432\u0440\u0435\u043c\u044f \u0434\u043b\u044f \u0447\u0442\u0435\u043d\u0438\u044f\" \/>\n\t<meta name=\"twitter:data2\" content=\"2 \u043c\u0438\u043d\u0443\u0442\u044b\" \/>\n<script type=\"application\/ld+json\" class=\"yoast-schema-graph\">{\"@context\":\"https:\/\/schema.org\",\"@graph\":[{\"@type\":\"Article\",\"@id\":\"https:\/\/denizcankizil.tr\/ru\/haberler\/gundem\/antalyanin-kalbi-cumhuriyet-meydaninda-atacak\/#article\",\"isPartOf\":{\"@id\":\"https:\/\/denizcankizil.tr\/ru\/haberler\/gundem\/antalyanin-kalbi-cumhuriyet-meydaninda-atacak\/\"},\"author\":{\"name\":\"Antalya K\u00f6rfez\",\"@id\":\"https:\/\/denizcankizil.tr\/de\/#\/schema\/person\/e1eb71bb4dd684d46563f0af307e1234\"},\"headline\":\"Antalya\u2019n\u0131n kalbi Cumhuriyet Meydan\u0131\u2019nda atacak!\",\"datePublished\":\"2025-03-24T18:41:14+00:00\",\"mainEntityOfPage\":{\"@id\":\"https:\/\/denizcankizil.tr\/ru\/haberler\/gundem\/antalyanin-kalbi-cumhuriyet-meydaninda-atacak\/\"},\"wordCount\":338,\"publisher\":{\"@id\":\"https:\/\/denizcankizil.tr\/de\/#organization\"},\"articleSection\":[\"G\u00fcndem\"],\"inLanguage\":\"ru-RU\"},{\"@type\":\"WebPage\",\"@id\":\"https:\/\/denizcankizil.tr\/ru\/haberler\/gundem\/antalyanin-kalbi-cumhuriyet-meydaninda-atacak\/\",\"url\":\"https:\/\/denizcankizil.tr\/ru\/haberler\/gundem\/antalyanin-kalbi-cumhuriyet-meydaninda-atacak\/\",\"name\":\"Antalya\u2019n\u0131n kalbi Cumhuriyet Meydan\u0131\u2019nda atacak! - Av. Deniz Can K\u0131z\u0131l\",\"isPartOf\":{\"@id\":\"https:\/\/denizcankizil.tr\/de\/#website\"},\"datePublished\":\"2025-03-24T18:41:14+00:00\",\"breadcrumb\":{\"@id\":\"https:\/\/denizcankizil.tr\/ru\/haberler\/gundem\/antalyanin-kalbi-cumhuriyet-meydaninda-atacak\/#breadcrumb\"},\"inLanguage\":\"ru-RU\",\"potentialAction\":[{\"@type\":\"ReadAction\",\"target\":[\"https:\/\/denizcankizil.tr\/ru\/haberler\/gundem\/antalyanin-kalbi-cumhuriyet-meydaninda-atacak\/\"]}]},{\"@type\":\"BreadcrumbList\",\"@id\":\"https:\/\/denizcankizil.tr\/ru\/haberler\/gundem\/antalyanin-kalbi-cumhuriyet-meydaninda-atacak\/#breadcrumb\",\"itemListElement\":[{\"@type\":\"ListItem\",\"position\":1,\"name\":\"Home\",\"item\":\"https:\/\/denizcankizil.tr\/de\/\"},{\"@type\":\"ListItem\",\"position\":2,\"name\":\"Antalya\u2019n\u0131n kalbi Cumhuriyet Meydan\u0131\u2019nda atacak!\"}]},{\"@type\":\"WebSite\",\"@id\":\"https:\/\/denizcankizil.tr\/de\/#website\",\"url\":\"https:\/\/denizcankizil.tr\/de\/\",\"name\":\"Av. Deniz Can K\u0131z\u0131l\",\"description\":\"Avukat Deniz Can K\u0131z\u0131l Antalya Barosu\",\"publisher\":{\"@id\":\"https:\/\/denizcankizil.tr\/de\/#organization\"},\"potentialAction\":[{\"@type\":\"SearchAction\",\"target\":{\"@type\":\"EntryPoint\",\"urlTemplate\":\"https:\/\/denizcankizil.tr\/de\/?s={search_term_string}\"},\"query-input\":{\"@type\":\"PropertyValueSpecification\",\"valueRequired\":true,\"valueName\":\"search_term_string\"}}],\"inLanguage\":\"ru-RU\"},{\"@type\":\"Organization\",\"@id\":\"https:\/\/denizcankizil.tr\/de\/#organization\",\"name\":\"Av. Deniz Can K\u0131z\u0131l\",\"url\":\"https:\/\/denizcankizil.tr\/de\/\",\"logo\":{\"@type\":\"ImageObject\",\"inLanguage\":\"ru-RU\",\"@id\":\"https:\/\/denizcankizil.tr\/de\/#\/schema\/logo\/image\/\",\"url\":\"https:\/\/denizcankizil.tr\/wp-content\/uploads\/2024\/10\/siyah-logo-svg.svg\",\"contentUrl\":\"https:\/\/denizcankizil.tr\/wp-content\/uploads\/2024\/10\/siyah-logo-svg.svg\",\"width\":1080,\"height\":1080,\"caption\":\"Av. Deniz Can K\u0131z\u0131l\"},\"image\":{\"@id\":\"https:\/\/denizcankizil.tr\/de\/#\/schema\/logo\/image\/\"}},{\"@type\":\"Person\",\"@id\":\"https:\/\/denizcankizil.tr\/de\/#\/schema\/person\/e1eb71bb4dd684d46563f0af307e1234\",\"name\":\"Antalya K\u00f6rfez\",\"image\":{\"@type\":\"ImageObject\",\"inLanguage\":\"ru-RU\",\"@id\":\"https:\/\/denizcankizil.tr\/de\/#\/schema\/person\/image\/\",\"url\":\"https:\/\/secure.gravatar.com\/avatar\/42b01982558a48a0b501fdcab6a408d3717ea5919095ee2e67b0e521799c5905?s=96&d=mm&r=g\",\"contentUrl\":\"https:\/\/secure.gravatar.com\/avatar\/42b01982558a48a0b501fdcab6a408d3717ea5919095ee2e67b0e521799c5905?s=96&d=mm&r=g\",\"caption\":\"Antalya K\u00f6rfez\"},\"sameAs\":[\"http:\/\/www.antalyakorfez.com\"],\"url\":\"https:\/\/www.antalyakorfez.com\/antalyanin-kalbi-cumhuriyet-meydaninda-atacak\"}]}<\/script>\n<!-- \/ Yoast SEO Premium plugin. -->","yoast_head_json":{"title":"Antalya\u2019n\u0131n kalbi Cumhuriyet Meydan\u0131\u2019nda atacak! - Av. Deniz Can K\u0131z\u0131l","robots":{"index":"index","follow":"follow","max-snippet":"max-snippet:-1","max-image-preview":"max-image-preview:large","max-video-preview":"max-video-preview:-1"},"canonical":"https:\/\/denizcankizil.tr\/ru\/haberler\/gundem\/antalyanin-kalbi-cumhuriyet-meydaninda-atacak\/","og_locale":"ru_RU","og_type":"article","og_title":"Antalya\u2019n\u0131n kalbi Cumhuriyet Meydan\u0131\u2019nda atacak!","og_description":"\u0130stanbul B\u00fcy\u00fck\u015fehir Belediye (\u0130BB) Ba\u015fkan\u0131 ve T\u00fcrkiye Belediyeler Birli\u011fi (TBB) Ba\u015fkan\u0131 Ekrem \u0130mamo\u011flu\u2019nun tutuklanmas\u0131 T\u00fcrkiye\u2019de geni\u015f yank\u0131 buldu. Bir\u00e7ok ilde protesto g\u00f6sterileri, y\u00fcr\u00fcy\u00fc\u015fler d\u00fczenlenirken geli\u015fmelere tepki g\u00f6steren iller aras\u0131nda Antalya\u2019da yer ald\u0131. G\u0130R\u0130\u015e-\u00c7IKI\u015e YASAK \u0130l genelinde devam eden eylemler \u00e7er\u00e7evesinde d\u00fcn ak\u015fam (23 Mart) Akdeniz \u00dcniversitesi\u2019nde \u00f6\u011frenciler ile polis aras\u0131nda gerginlik ya\u015fand\u0131. Olaylar\u0131n ba\u015flad\u0131\u011f\u0131 g\u00fcnden itibaren Emniyet g\u00fc\u00e7leri taraf\u0131ndan \u015fehrin merkezinde yer alan Cumhuriyet Meydan\u0131\u2019na giri\u015f \u00e7\u0131k\u0131\u015flar yasakland\u0131.\u00a0 G\u0130R\u0130\u015eLER SERBEST Kolluk kuvvetlerinin n\u00f6betleri ile korunan, bir s\u00fcre kapal\u0131 tutuldu\u011fu i\u00e7in Antalya K\u00f6rfez Gazetesi&#8217;nin haber ba\u015fl\u0131klar\u0131na konu olan Cumhuriyet Meydan\u0131, birka\u00e7 saat \u00f6nce tekrar vatanda\u015flar\u0131n ge\u00e7i\u015fine a\u00e7\u0131ld\u0131.\u00a0 HERKES TEK Y\u00dcREK OLACAK Antalya\u2019da eylemlerde yetersiz kald\u0131\u011f\u0131 ele\u015ftirilerinin hedefinde olan CHP \u0130l Ba\u015fkanl\u0131\u011f\u0131 \u00f6nemli bir karar ald\u0131. Cumhuriyet Halk Partisi (CHP), Antalya Emek ve Demokrasi G\u00fc\u00e7leri, siyasi partiler, sivil toplum kurulu\u015flar\u0131 ve demokratik kitleler, bu ak\u015fam Cumhuriyet Meydan\u0131\u2019nda, \u201cDemokrasi Bulu\u015fmas\u0131\u201d mitingi yapacaklar\u0131n\u0131 a\u00e7\u0131klad\u0131. BELED\u0130YE BA\u015eKANLARI TOPLANIYOR Dev platformlar\u0131n kuruldu\u011fu, ba\u015fta CHP ba\u015fta olmak \u00fczere t\u00fcm kitle \u00f6rg\u00fctlerine ak\u015fam 21.00 itibari ile ev sahipli\u011fi yapacak Cumhuriyet Meydan\u0131, ayn\u0131 zamanda bir ilki de ya\u015fayacak. Antalya&#8217;daki t\u00fcm belediye ba\u015fkanlar\u0131n\u0131 ayn\u0131 anda a\u011f\u0131rlayacak Cumhuriyet Meydan\u0131, polisin yo\u011fun g\u00fcvenlik \u00f6nlemlerine de sahne olacak. \u200b\u0130stanbul B\u00fcy\u00fck\u015fehir Belediye (\u0130BB) Ba\u015fkan\u0131 Ekrem \u0130mamo\u011flu\u2019nun 19 Mart \u00c7ar\u015famba g\u00fcn\u00fc sabah saatlerinde g\u00f6zalt\u0131na al\u0131nmas\u0131n\u0131n &hellip;","og_url":"https:\/\/denizcankizil.tr\/ru\/haberler\/gundem\/antalyanin-kalbi-cumhuriyet-meydaninda-atacak\/","og_site_name":"Av. Deniz Can K\u0131z\u0131l","article_published_time":"2025-03-24T18:41:14+00:00","author":"Antalya K\u00f6rfez","twitter_card":"summary_large_image","twitter_misc":{"\u041d\u0430\u043f\u0438\u0441\u0430\u043d\u043e \u0430\u0432\u0442\u043e\u0440\u043e\u043c":"Antalya K\u00f6rfez","\u041f\u0440\u0438\u043c\u0435\u0440\u043d\u043e\u0435 \u0432\u0440\u0435\u043c\u044f \u0434\u043b\u044f \u0447\u0442\u0435\u043d\u0438\u044f":"2 \u043c\u0438\u043d\u0443\u0442\u044b"},"schema":{"@context":"https:\/\/schema.org","@graph":[{"@type":"Article","@id":"https:\/\/denizcankizil.tr\/ru\/haberler\/gundem\/antalyanin-kalbi-cumhuriyet-meydaninda-atacak\/#article","isPartOf":{"@id":"https:\/\/denizcankizil.tr\/ru\/haberler\/gundem\/antalyanin-kalbi-cumhuriyet-meydaninda-atacak\/"},"author":{"name":"Antalya K\u00f6rfez","@id":"https:\/\/denizcankizil.tr\/de\/#\/schema\/person\/e1eb71bb4dd684d46563f0af307e1234"},"headline":"Antalya\u2019n\u0131n kalbi Cumhuriyet Meydan\u0131\u2019nda atacak!","datePublished":"2025-03-24T18:41:14+00:00","mainEntityOfPage":{"@id":"https:\/\/denizcankizil.tr\/ru\/haberler\/gundem\/antalyanin-kalbi-cumhuriyet-meydaninda-atacak\/"},"wordCount":338,"publisher":{"@id":"https:\/\/denizcankizil.tr\/de\/#organization"},"articleSection":["G\u00fcndem"],"inLanguage":"ru-RU"},{"@type":"WebPage","@id":"https:\/\/denizcankizil.tr\/ru\/haberler\/gundem\/antalyanin-kalbi-cumhuriyet-meydaninda-atacak\/","url":"https:\/\/denizcankizil.tr\/ru\/haberler\/gundem\/antalyanin-kalbi-cumhuriyet-meydaninda-atacak\/","name":"Antalya\u2019n\u0131n kalbi Cumhuriyet Meydan\u0131\u2019nda atacak! - Av. Deniz Can K\u0131z\u0131l","isPartOf":{"@id":"https:\/\/denizcankizil.tr\/de\/#website"},"datePublished":"2025-03-24T18:41:14+00:00","breadcrumb":{"@id":"https:\/\/denizcankizil.tr\/ru\/haberler\/gundem\/antalyanin-kalbi-cumhuriyet-meydaninda-atacak\/#breadcrumb"},"inLanguage":"ru-RU","potentialAction":[{"@type":"ReadAction","target":["https:\/\/denizcankizil.tr\/ru\/haberler\/gundem\/antalyanin-kalbi-cumhuriyet-meydaninda-atacak\/"]}]},{"@type":"BreadcrumbList","@id":"https:\/\/denizcankizil.tr\/ru\/haberler\/gundem\/antalyanin-kalbi-cumhuriyet-meydaninda-atacak\/#breadcrumb","itemListElement":[{"@type":"ListItem","position":1,"name":"Home","item":"https:\/\/denizcankizil.tr\/de\/"},{"@type":"ListItem","position":2,"name":"Antalya\u2019n\u0131n kalbi Cumhuriyet Meydan\u0131\u2019nda atacak!"}]},{"@type":"WebSite","@id":"https:\/\/denizcankizil.tr\/de\/#website","url":"https:\/\/denizcankizil.tr\/de\/","name":"Av. Deniz Can K\u0131z\u0131l","description":"Avukat Deniz Can K\u0131z\u0131l Antalya Barosu","publisher":{"@id":"https:\/\/denizcankizil.tr\/de\/#organization"},"potentialAction":[{"@type":"SearchAction","target":{"@type":"EntryPoint","urlTemplate":"https:\/\/denizcankizil.tr\/de\/?s={search_term_string}"},"query-input":{"@type":"PropertyValueSpecification","valueRequired":true,"valueName":"search_term_string"}}],"inLanguage":"ru-RU"},{"@type":"Organization","@id":"https:\/\/denizcankizil.tr\/de\/#organization","name":"Av. Deniz Can K\u0131z\u0131l","url":"https:\/\/denizcankizil.tr\/de\/","logo":{"@type":"ImageObject","inLanguage":"ru-RU","@id":"https:\/\/denizcankizil.tr\/de\/#\/schema\/logo\/image\/","url":"https:\/\/denizcankizil.tr\/wp-content\/uploads\/2024\/10\/siyah-logo-svg.svg","contentUrl":"https:\/\/denizcankizil.tr\/wp-content\/uploads\/2024\/10\/siyah-logo-svg.svg","width":1080,"height":1080,"caption":"Av. Deniz Can K\u0131z\u0131l"},"image":{"@id":"https:\/\/denizcankizil.tr\/de\/#\/schema\/logo\/image\/"}},{"@type":"Person","@id":"https:\/\/denizcankizil.tr\/de\/#\/schema\/person\/e1eb71bb4dd684d46563f0af307e1234","name":"Antalya K\u00f6rfez","image":{"@type":"ImageObject","inLanguage":"ru-RU","@id":"https:\/\/denizcankizil.tr\/de\/#\/schema\/person\/image\/","url":"https:\/\/secure.gravatar.com\/avatar\/42b01982558a48a0b501fdcab6a408d3717ea5919095ee2e67b0e521799c5905?s=96&d=mm&r=g","contentUrl":"https:\/\/secure.gravatar.com\/avatar\/42b01982558a48a0b501fdcab6a408d3717ea5919095ee2e67b0e521799c5905?s=96&d=mm&r=g","caption":"Antalya K\u00f6rfez"},"sameAs":["http:\/\/www.antalyakorfez.com"],"url":"https:\/\/www.antalyakorfez.com\/antalyanin-kalbi-cumhuriyet-meydaninda-atacak"}]}},"_links":{"self":[{"href":"https:\/\/denizcankizil.tr\/ru\/wp-json\/wp\/v2\/posts\/36834","targetHints":{"allow":["GET"]}}],"collection":[{"href":"https:\/\/denizcankizil.tr\/ru\/wp-json\/wp\/v2\/posts"}],"about":[{"href":"https:\/\/denizcankizil.tr\/ru\/wp-json\/wp\/v2\/types\/post"}],"author":[{"embeddable":true,"href":"https:\/\/denizcankizil.tr\/ru\/wp-json\/wp\/v2\/users\/5"}],"replies":[{"embeddable":true,"href":"https:\/\/denizcankizil.tr\/ru\/wp-json\/wp\/v2\/comments?post=36834"}],"version-history":[{"count":0,"href":"https:\/\/denizcankizil.tr\/ru\/wp-json\/wp\/v2\/posts\/36834\/revisions"}],"wp:attachment":[{"href":"https:\/\/denizcankizil.tr\/ru\/wp-json\/wp\/v2\/media?parent=36834"}],"wp:term":[{"taxonomy":"category","embeddable":true,"href":"https:\/\/denizcankizil.tr\/ru\/wp-json\/wp\/v2\/categories?post=36834"},{"taxonomy":"post_tag","embeddable":true,"href":"https:\/\/denizcankizil.tr\/ru\/wp-json\/wp\/v2\/tags?post=36834"}],"curies":[{"name":"wp","href":"https:\/\/api.w.org\/{rel}","templated":true}]}}