{"id":36666,"date":"2025-03-23T18:41:14","date_gmt":"2025-03-23T15:41:14","guid":{"rendered":"https:\/\/denizcankizil.tr\/uncategorized-tr\/mansur-yavas-hakkinda-suc-duyurusu\/"},"modified":"2025-03-23T18:41:14","modified_gmt":"2025-03-23T15:41:14","slug":"mansur-yavas-hakkinda-suc-duyurusu","status":"publish","type":"post","link":"https:\/\/denizcankizil.tr\/ru\/haberler\/gundem\/mansur-yavas-hakkinda-suc-duyurusu\/","title":{"rendered":"Mansur Yava\u015f hakk\u0131nda su\u00e7 duyurusu!"},"content":{"rendered":"<p>Diyarbak\u0131r Barosu, Ankara B\u00fcy\u00fck\u015fehir Belediye Ba\u015fkan\u0131 Mansur Yava\u015f hakk\u0131nda \u0130stanbul Cumhuriyet Ba\u015fsavc\u0131l\u0131\u011f\u0131&#8217;na su\u00e7 duyurusunda bulundu. Su\u00e7 duyurusunun gerek\u00e7esi olarak Yava\u015f&#8217;\u0131n \u0130stanbul&#8217;da yapt\u0131\u011f\u0131 konu\u015fmada, &#8220;D\u00fcn Do\u011fu&#8217;da bir yerde bana g\u00f6re pa\u00e7avra olan bayraklar sallan\u0131rken&#8230;&#8221; ifadelerini kullanarak halk\u0131 kin ve d\u00fc\u015fmanl\u0131\u011fa tahrik etti\u011fi ve toplumda ayr\u0131\u015fmaya sebebiyet verdi\u011fi \u00f6ne s\u00fcr\u00fcld\u00fc.\u00a0<\/p>\n<p>&#8220;PA\u00c7AVRA BAYRAKLAR&#8230;&#8221;\u00a0<\/p>\n<p>Ankara B\u00fcy\u00fck\u015fehir Belediye Ba\u015fkan\u0131 Mansur Yava\u015f d\u00fcn Sara\u00e7hane&#8217;de d\u00fczenlenen mitingde\u00a0\u015e\u0131rnak&#8217;taki Nevruz&#8217;u kastederek &#8220;D\u00fcn Do\u011fu&#8217;da bir yerde bana g\u00f6re pa\u00e7avra olan bayraklar sallan\u0131rken, o mitinge gidenlere polisler pamuk \u015fekeri verirken buradaki m\u00fcdahaleyi do\u011fru bulmuyorum. Emniyet g\u00fc\u00e7lerinden buradaki gen\u00e7lere de pamuk \u015fekeri ikram etmelerini bekliyoruz&#8221; ifadelerini kulland\u0131. Ba\u015fkan Yava\u015f&#8217;\u0131n bu ifadeleri, Halklar\u0131n E\u015fitlik ve Demokrasi Partisi (DEM) taraf\u0131ndan tepkiyle kar\u015f\u0131land\u0131.\u00a0<\/p>\n<p>\u00d6NCE VAN SONRA DA D\u0130YARBAKIR BAROSU &#8216;SU\u00c7 DUYURUSUNDA&#8217; BULUNDU\u00a0<\/p>\n<p>Van Barosu, Ba\u015fkan Yava\u015f&#8217;\u0131n bu s\u00f6ylemlerine tepki g\u00f6stererek, &#8220;Mansur Yava\u015f\u2019\u0131n anayasal haklar\u0131n kullan\u0131lmas\u0131n\u0131 de\u011fil, engellenmesini g\u00fcndemine almas\u0131n\u0131; K\u00fcrt halk\u0131na y\u00f6nelik sayg\u0131s\u0131z ve k\u0131\u015fk\u0131rt\u0131c\u0131 tutumunu k\u0131nad\u0131\u011f\u0131m\u0131z\u0131 belirtiriz. Bu a\u00e7\u0131klamalar hakk\u0131nda \u0130stanbul Cumhuriyet Ba\u015fsavc\u0131l\u0131\u011f\u0131 nezdinde su\u00e7 duyurusunda bulunulacakt\u0131r&#8221; dedi.\u00a0Van Barosu&#8217;nun ard\u0131ndan Diyarbak\u0131r Barosu&#8217;da\u00a0Ankara B\u00fcy\u00fck\u015fehir Belediye Ba\u015fkan\u0131 Mansur Yava\u015f hakk\u0131nda su\u00e7 duyurusunda bulundu\u011funu a\u00e7\u0131klad\u0131.\u00a0<\/p>\n<p>&#8220;HALKI K\u0130N VE D\u00dc\u015eMANLI\u011eA TAHR\u0130K&#8221; VE &#8220;NEFRET SU\u00c7U&#8221; \u0130DD\u0130ASI\u00a0<\/p>\n<p>Baro taraf\u0131ndan yap\u0131lan su\u00e7 duyurusunda, Yava\u015f&#8217;\u0131n s\u00f6zlerinin T\u00fcrk Ceza Kanunu&#8217;nun 216. ve 122. maddelerine ayk\u0131r\u0131 oldu\u011fu belirtilerek, halk\u0131 kin ve d\u00fc\u015fmanl\u0131\u011fa tahrik etti\u011fi, nefret su\u00e7u isledi\u011fi iddia edildi. Su\u00e7 duyurusunda, Yava\u015f&#8217;\u0131n a\u00e7\u0131klamalar\u0131n\u0131n K\u00fcrt halk\u0131n\u0131 hedef ald\u0131\u011f\u0131 ve k\u00fclt\u00fcrel de\u011ferleri a\u015fa\u011f\u0131lad\u0131\u011f\u0131 \u00f6ne s\u00fcr\u00fcld\u00fc.<\/p>\n<p>D\u0130YARBAKIR BAROSU: &#8220;HUKUK\u0130 S\u00dcREC\u0130N TAK\u0130P\u00c7\u0130S\u0130Y\u0130Z&#8221;<\/p>\n<p>Diyarbak\u0131r Barosu, yapt\u0131\u011f\u0131 a\u00e7\u0131klamada, &#8220;\u0130fade \u00f6zg\u00fcrl\u00fc\u011f\u00fc demokratik toplumlar\u0131n temelidir ancak nefret s\u00f6ylemi ve ayr\u0131mc\u0131l\u0131k Anayasa&#8217;ya ve uluslararas\u0131 hukuka ayk\u0131r\u0131d\u0131r. Konunun takip\u00e7isi olaca\u011f\u0131z&#8221; ifadelerine yer verdi. Savc\u0131l\u0131\u011f\u0131n, su\u00e7 duyurusuna ili\u015fkin nas\u0131l bir i\u015flem yapaca\u011f\u0131 merakla bekleniyor.\u00a0<\/p>\n<p>\u200bDiyarbak\u0131r Barosu, halk\u0131 kin ve d\u00fc\u015fmanl\u0131\u011fa tahrik etti\u011fi gerek\u00e7esiyle Ankara B\u00fcy\u00fck\u015fehir Belediye Ba\u015fkan\u0131 Mansur Yava\u015f hakk\u0131nda \u0130stanbul Cumhuriyet Ba\u015fsavc\u0131l\u0131\u011f\u0131&#8217;na su\u00e7 duyurusunda bulundu. Baro, Yava\u015f&#8217;\u0131n a\u00e7\u0131klamalar\u0131n\u0131n nefret su\u00e7u i\u00e7erdi\u011fini ve toplumda ayr\u0131\u015fmaya sebebiyet verdi\u011fini \u00f6ne s\u00fcrd\u00fc.\u00a0<\/p>\n<p>\u200bHaberin Al\u0131nt\u0131land\u0131\u011f\u0131 Kaynak: www.antalyakorfez.com<\/p>","protected":false},"excerpt":{"rendered":"<p>Diyarbak\u0131r Barosu, Ankara B\u00fcy\u00fck\u015fehir Belediye Ba\u015fkan\u0131 Mansur Yava\u015f hakk\u0131nda \u0130stanbul Cumhuriyet Ba\u015fsavc\u0131l\u0131\u011f\u0131&#8217;na su\u00e7 duyurusunda bulundu. Su\u00e7 duyurusunun gerek\u00e7esi olarak Yava\u015f&#8217;\u0131n \u0130stanbul&#8217;da yapt\u0131\u011f\u0131 konu\u015fmada, &#8220;D\u00fcn Do\u011fu&#8217;da bir yerde bana g\u00f6re pa\u00e7avra olan bayraklar sallan\u0131rken&#8230;&#8221; ifadelerini kullanarak halk\u0131 kin ve d\u00fc\u015fmanl\u0131\u011fa tahrik etti\u011fi ve toplumda ayr\u0131\u015fmaya sebebiyet verdi\u011fi \u00f6ne s\u00fcr\u00fcld\u00fc.\u00a0 &#8220;PA\u00c7AVRA BAYRAKLAR&#8230;&#8221;\u00a0 Ankara B\u00fcy\u00fck\u015fehir Belediye Ba\u015fkan\u0131 Mansur Yava\u015f d\u00fcn Sara\u00e7hane&#8217;de d\u00fczenlenen mitingde\u00a0\u015e\u0131rnak&#8217;taki Nevruz&#8217;u kastederek &#8220;D\u00fcn Do\u011fu&#8217;da bir yerde bana g\u00f6re pa\u00e7avra olan bayraklar sallan\u0131rken, o mitinge gidenlere polisler pamuk \u015fekeri verirken buradaki m\u00fcdahaleyi do\u011fru bulmuyorum. Emniyet g\u00fc\u00e7lerinden buradaki gen\u00e7lere de pamuk \u015fekeri ikram etmelerini bekliyoruz&#8221; ifadelerini kulland\u0131. Ba\u015fkan Yava\u015f&#8217;\u0131n bu ifadeleri, Halklar\u0131n E\u015fitlik ve Demokrasi Partisi (DEM) taraf\u0131ndan tepkiyle kar\u015f\u0131land\u0131.\u00a0 \u00d6NCE VAN SONRA DA D\u0130YARBAKIR BAROSU &#8216;SU\u00c7 DUYURUSUNDA&#8217; BULUNDU\u00a0 Van Barosu, Ba\u015fkan Yava\u015f&#8217;\u0131n bu s\u00f6ylemlerine tepki g\u00f6stererek, &#8220;Mansur Yava\u015f\u2019\u0131n anayasal haklar\u0131n kullan\u0131lmas\u0131n\u0131 de\u011fil, engellenmesini g\u00fcndemine almas\u0131n\u0131; K\u00fcrt halk\u0131na y\u00f6nelik sayg\u0131s\u0131z ve k\u0131\u015fk\u0131rt\u0131c\u0131 tutumunu k\u0131nad\u0131\u011f\u0131m\u0131z\u0131 belirtiriz. Bu a\u00e7\u0131klamalar hakk\u0131nda \u0130stanbul Cumhuriyet Ba\u015fsavc\u0131l\u0131\u011f\u0131 nezdinde su\u00e7 duyurusunda bulunulacakt\u0131r&#8221; dedi.\u00a0Van Barosu&#8217;nun ard\u0131ndan Diyarbak\u0131r Barosu&#8217;da\u00a0Ankara B\u00fcy\u00fck\u015fehir Belediye Ba\u015fkan\u0131 Mansur Yava\u015f hakk\u0131nda su\u00e7 duyurusunda bulundu\u011funu a\u00e7\u0131klad\u0131.\u00a0 &#8220;HALKI K\u0130N VE D\u00dc\u015eMANLI\u011eA TAHR\u0130K&#8221; VE &#8220;NEFRET SU\u00c7U&#8221; \u0130DD\u0130ASI\u00a0 Baro taraf\u0131ndan yap\u0131lan su\u00e7 duyurusunda, Yava\u015f&#8217;\u0131n s\u00f6zlerinin T\u00fcrk Ceza Kanunu&#8217;nun 216. ve 122. maddelerine ayk\u0131r\u0131 oldu\u011fu belirtilerek, halk\u0131 kin ve d\u00fc\u015fmanl\u0131\u011fa tahrik etti\u011fi, &hellip;<\/p>","protected":false},"author":5,"featured_media":0,"comment_status":"","ping_status":"open","sticky":false,"template":"","format":"standard","meta":{"_acf_changed":false,"footnotes":""},"categories":[24],"tags":[],"class_list":["post-36666","post","type-post","status-publish","format-standard","has-post-thumbnail","hentry","category-gundem"],"acf":[],"yoast_head":"<!-- This site is optimized with the Yoast SEO Premium plugin v26.6 (Yoast SEO v27.1.1) - https:\/\/yoast.com\/product\/yoast-seo-premium-wordpress\/ -->\n<title>Mansur Yava\u015f hakk\u0131nda su\u00e7 duyurusu! - Av. Deniz Can K\u0131z\u0131l<\/title>\n<meta name=\"robots\" content=\"index, follow, max-snippet:-1, max-image-preview:large, max-video-preview:-1\" \/>\n<link rel=\"canonical\" href=\"https:\/\/denizcankizil.tr\/ru\/haberler\/gundem\/mansur-yavas-hakkinda-suc-duyurusu\/\" \/>\n<meta property=\"og:locale\" content=\"ru_RU\" \/>\n<meta property=\"og:type\" content=\"article\" \/>\n<meta property=\"og:title\" content=\"Mansur Yava\u015f hakk\u0131nda su\u00e7 duyurusu!\" \/>\n<meta property=\"og:description\" content=\"Diyarbak\u0131r Barosu, Ankara B\u00fcy\u00fck\u015fehir Belediye Ba\u015fkan\u0131 Mansur Yava\u015f hakk\u0131nda \u0130stanbul Cumhuriyet Ba\u015fsavc\u0131l\u0131\u011f\u0131&#8217;na su\u00e7 duyurusunda bulundu. Su\u00e7 duyurusunun gerek\u00e7esi olarak Yava\u015f&#8217;\u0131n \u0130stanbul&#8217;da yapt\u0131\u011f\u0131 konu\u015fmada, &#8220;D\u00fcn Do\u011fu&#8217;da bir yerde bana g\u00f6re pa\u00e7avra olan bayraklar sallan\u0131rken&#8230;&#8221; ifadelerini kullanarak halk\u0131 kin ve d\u00fc\u015fmanl\u0131\u011fa tahrik etti\u011fi ve toplumda ayr\u0131\u015fmaya sebebiyet verdi\u011fi \u00f6ne s\u00fcr\u00fcld\u00fc.\u00a0 &#8220;PA\u00c7AVRA BAYRAKLAR&#8230;&#8221;\u00a0 Ankara B\u00fcy\u00fck\u015fehir Belediye Ba\u015fkan\u0131 Mansur Yava\u015f d\u00fcn Sara\u00e7hane&#8217;de d\u00fczenlenen mitingde\u00a0\u015e\u0131rnak&#8217;taki Nevruz&#8217;u kastederek &#8220;D\u00fcn Do\u011fu&#8217;da bir yerde bana g\u00f6re pa\u00e7avra olan bayraklar sallan\u0131rken, o mitinge gidenlere polisler pamuk \u015fekeri verirken buradaki m\u00fcdahaleyi do\u011fru bulmuyorum. Emniyet g\u00fc\u00e7lerinden buradaki gen\u00e7lere de pamuk \u015fekeri ikram etmelerini bekliyoruz&#8221; ifadelerini kulland\u0131. Ba\u015fkan Yava\u015f&#8217;\u0131n bu ifadeleri, Halklar\u0131n E\u015fitlik ve Demokrasi Partisi (DEM) taraf\u0131ndan tepkiyle kar\u015f\u0131land\u0131.\u00a0 \u00d6NCE VAN SONRA DA D\u0130YARBAKIR BAROSU &#8216;SU\u00c7 DUYURUSUNDA&#8217; BULUNDU\u00a0 Van Barosu, Ba\u015fkan Yava\u015f&#8217;\u0131n bu s\u00f6ylemlerine tepki g\u00f6stererek, &#8220;Mansur Yava\u015f\u2019\u0131n anayasal haklar\u0131n kullan\u0131lmas\u0131n\u0131 de\u011fil, engellenmesini g\u00fcndemine almas\u0131n\u0131; K\u00fcrt halk\u0131na y\u00f6nelik sayg\u0131s\u0131z ve k\u0131\u015fk\u0131rt\u0131c\u0131 tutumunu k\u0131nad\u0131\u011f\u0131m\u0131z\u0131 belirtiriz. Bu a\u00e7\u0131klamalar hakk\u0131nda \u0130stanbul Cumhuriyet Ba\u015fsavc\u0131l\u0131\u011f\u0131 nezdinde su\u00e7 duyurusunda bulunulacakt\u0131r&#8221; dedi.\u00a0Van Barosu&#8217;nun ard\u0131ndan Diyarbak\u0131r Barosu&#8217;da\u00a0Ankara B\u00fcy\u00fck\u015fehir Belediye Ba\u015fkan\u0131 Mansur Yava\u015f hakk\u0131nda su\u00e7 duyurusunda bulundu\u011funu a\u00e7\u0131klad\u0131.\u00a0 &#8220;HALKI K\u0130N VE D\u00dc\u015eMANLI\u011eA TAHR\u0130K&#8221; VE &#8220;NEFRET SU\u00c7U&#8221; \u0130DD\u0130ASI\u00a0 Baro taraf\u0131ndan yap\u0131lan su\u00e7 duyurusunda, Yava\u015f&#8217;\u0131n s\u00f6zlerinin T\u00fcrk Ceza Kanunu&#8217;nun 216. ve 122. maddelerine ayk\u0131r\u0131 oldu\u011fu belirtilerek, halk\u0131 kin ve d\u00fc\u015fmanl\u0131\u011fa tahrik etti\u011fi, &hellip;\" \/>\n<meta property=\"og:url\" content=\"https:\/\/denizcankizil.tr\/ru\/haberler\/gundem\/mansur-yavas-hakkinda-suc-duyurusu\/\" \/>\n<meta property=\"og:site_name\" content=\"Av. Deniz Can K\u0131z\u0131l\" \/>\n<meta property=\"article:published_time\" content=\"2025-03-23T15:41:14+00:00\" \/>\n<meta name=\"author\" content=\"Antalya K\u00f6rfez\" \/>\n<meta name=\"twitter:card\" content=\"summary_large_image\" \/>\n<meta name=\"twitter:label1\" content=\"\u041d\u0430\u043f\u0438\u0441\u0430\u043d\u043e \u0430\u0432\u0442\u043e\u0440\u043e\u043c\" \/>\n\t<meta name=\"twitter:data1\" content=\"Antalya K\u00f6rfez\" \/>\n\t<meta name=\"twitter:label2\" content=\"\u041f\u0440\u0438\u043c\u0435\u0440\u043d\u043e\u0435 \u0432\u0440\u0435\u043c\u044f \u0434\u043b\u044f \u0447\u0442\u0435\u043d\u0438\u044f\" \/>\n\t<meta name=\"twitter:data2\" content=\"2 \u043c\u0438\u043d\u0443\u0442\u044b\" \/>\n<script type=\"application\/ld+json\" class=\"yoast-schema-graph\">{\"@context\":\"https:\/\/schema.org\",\"@graph\":[{\"@type\":\"Article\",\"@id\":\"https:\/\/denizcankizil.tr\/ru\/haberler\/gundem\/mansur-yavas-hakkinda-suc-duyurusu\/#article\",\"isPartOf\":{\"@id\":\"https:\/\/denizcankizil.tr\/ru\/haberler\/gundem\/mansur-yavas-hakkinda-suc-duyurusu\/\"},\"author\":{\"name\":\"Antalya K\u00f6rfez\",\"@id\":\"https:\/\/denizcankizil.tr\/de\/#\/schema\/person\/e1eb71bb4dd684d46563f0af307e1234\"},\"headline\":\"Mansur Yava\u015f hakk\u0131nda su\u00e7 duyurusu!\",\"datePublished\":\"2025-03-23T15:41:14+00:00\",\"mainEntityOfPage\":{\"@id\":\"https:\/\/denizcankizil.tr\/ru\/haberler\/gundem\/mansur-yavas-hakkinda-suc-duyurusu\/\"},\"wordCount\":482,\"publisher\":{\"@id\":\"https:\/\/denizcankizil.tr\/de\/#organization\"},\"articleSection\":[\"G\u00fcndem\"],\"inLanguage\":\"ru-RU\"},{\"@type\":\"WebPage\",\"@id\":\"https:\/\/denizcankizil.tr\/ru\/haberler\/gundem\/mansur-yavas-hakkinda-suc-duyurusu\/\",\"url\":\"https:\/\/denizcankizil.tr\/ru\/haberler\/gundem\/mansur-yavas-hakkinda-suc-duyurusu\/\",\"name\":\"Mansur Yava\u015f hakk\u0131nda su\u00e7 duyurusu! - Av. Deniz Can K\u0131z\u0131l\",\"isPartOf\":{\"@id\":\"https:\/\/denizcankizil.tr\/de\/#website\"},\"datePublished\":\"2025-03-23T15:41:14+00:00\",\"breadcrumb\":{\"@id\":\"https:\/\/denizcankizil.tr\/ru\/haberler\/gundem\/mansur-yavas-hakkinda-suc-duyurusu\/#breadcrumb\"},\"inLanguage\":\"ru-RU\",\"potentialAction\":[{\"@type\":\"ReadAction\",\"target\":[\"https:\/\/denizcankizil.tr\/ru\/haberler\/gundem\/mansur-yavas-hakkinda-suc-duyurusu\/\"]}]},{\"@type\":\"BreadcrumbList\",\"@id\":\"https:\/\/denizcankizil.tr\/ru\/haberler\/gundem\/mansur-yavas-hakkinda-suc-duyurusu\/#breadcrumb\",\"itemListElement\":[{\"@type\":\"ListItem\",\"position\":1,\"name\":\"Home\",\"item\":\"https:\/\/denizcankizil.tr\/de\/\"},{\"@type\":\"ListItem\",\"position\":2,\"name\":\"Mansur Yava\u015f hakk\u0131nda su\u00e7 duyurusu!\"}]},{\"@type\":\"WebSite\",\"@id\":\"https:\/\/denizcankizil.tr\/de\/#website\",\"url\":\"https:\/\/denizcankizil.tr\/de\/\",\"name\":\"Av. Deniz Can K\u0131z\u0131l\",\"description\":\"Avukat Deniz Can K\u0131z\u0131l Antalya Barosu\",\"publisher\":{\"@id\":\"https:\/\/denizcankizil.tr\/de\/#organization\"},\"potentialAction\":[{\"@type\":\"SearchAction\",\"target\":{\"@type\":\"EntryPoint\",\"urlTemplate\":\"https:\/\/denizcankizil.tr\/de\/?s={search_term_string}\"},\"query-input\":{\"@type\":\"PropertyValueSpecification\",\"valueRequired\":true,\"valueName\":\"search_term_string\"}}],\"inLanguage\":\"ru-RU\"},{\"@type\":\"Organization\",\"@id\":\"https:\/\/denizcankizil.tr\/de\/#organization\",\"name\":\"Av. Deniz Can K\u0131z\u0131l\",\"url\":\"https:\/\/denizcankizil.tr\/de\/\",\"logo\":{\"@type\":\"ImageObject\",\"inLanguage\":\"ru-RU\",\"@id\":\"https:\/\/denizcankizil.tr\/de\/#\/schema\/logo\/image\/\",\"url\":\"https:\/\/denizcankizil.tr\/wp-content\/uploads\/2024\/10\/siyah-logo-svg.svg\",\"contentUrl\":\"https:\/\/denizcankizil.tr\/wp-content\/uploads\/2024\/10\/siyah-logo-svg.svg\",\"width\":1080,\"height\":1080,\"caption\":\"Av. Deniz Can K\u0131z\u0131l\"},\"image\":{\"@id\":\"https:\/\/denizcankizil.tr\/de\/#\/schema\/logo\/image\/\"}},{\"@type\":\"Person\",\"@id\":\"https:\/\/denizcankizil.tr\/de\/#\/schema\/person\/e1eb71bb4dd684d46563f0af307e1234\",\"name\":\"Antalya K\u00f6rfez\",\"image\":{\"@type\":\"ImageObject\",\"inLanguage\":\"ru-RU\",\"@id\":\"https:\/\/denizcankizil.tr\/de\/#\/schema\/person\/image\/\",\"url\":\"https:\/\/secure.gravatar.com\/avatar\/42b01982558a48a0b501fdcab6a408d3717ea5919095ee2e67b0e521799c5905?s=96&d=mm&r=g\",\"contentUrl\":\"https:\/\/secure.gravatar.com\/avatar\/42b01982558a48a0b501fdcab6a408d3717ea5919095ee2e67b0e521799c5905?s=96&d=mm&r=g\",\"caption\":\"Antalya K\u00f6rfez\"},\"sameAs\":[\"http:\/\/www.antalyakorfez.com\"],\"url\":\"https:\/\/www.antalyakorfez.com\/mansur-yavas-hakkinda-suc-duyurusu\"}]}<\/script>\n<!-- \/ Yoast SEO Premium plugin. -->","yoast_head_json":{"title":"Mansur Yava\u015f hakk\u0131nda su\u00e7 duyurusu! - Av. Deniz Can K\u0131z\u0131l","robots":{"index":"index","follow":"follow","max-snippet":"max-snippet:-1","max-image-preview":"max-image-preview:large","max-video-preview":"max-video-preview:-1"},"canonical":"https:\/\/denizcankizil.tr\/ru\/haberler\/gundem\/mansur-yavas-hakkinda-suc-duyurusu\/","og_locale":"ru_RU","og_type":"article","og_title":"Mansur Yava\u015f hakk\u0131nda su\u00e7 duyurusu!","og_description":"Diyarbak\u0131r Barosu, Ankara B\u00fcy\u00fck\u015fehir Belediye Ba\u015fkan\u0131 Mansur Yava\u015f hakk\u0131nda \u0130stanbul Cumhuriyet Ba\u015fsavc\u0131l\u0131\u011f\u0131&#8217;na su\u00e7 duyurusunda bulundu. Su\u00e7 duyurusunun gerek\u00e7esi olarak Yava\u015f&#8217;\u0131n \u0130stanbul&#8217;da yapt\u0131\u011f\u0131 konu\u015fmada, &#8220;D\u00fcn Do\u011fu&#8217;da bir yerde bana g\u00f6re pa\u00e7avra olan bayraklar sallan\u0131rken&#8230;&#8221; ifadelerini kullanarak halk\u0131 kin ve d\u00fc\u015fmanl\u0131\u011fa tahrik etti\u011fi ve toplumda ayr\u0131\u015fmaya sebebiyet verdi\u011fi \u00f6ne s\u00fcr\u00fcld\u00fc.\u00a0 &#8220;PA\u00c7AVRA BAYRAKLAR&#8230;&#8221;\u00a0 Ankara B\u00fcy\u00fck\u015fehir Belediye Ba\u015fkan\u0131 Mansur Yava\u015f d\u00fcn Sara\u00e7hane&#8217;de d\u00fczenlenen mitingde\u00a0\u015e\u0131rnak&#8217;taki Nevruz&#8217;u kastederek &#8220;D\u00fcn Do\u011fu&#8217;da bir yerde bana g\u00f6re pa\u00e7avra olan bayraklar sallan\u0131rken, o mitinge gidenlere polisler pamuk \u015fekeri verirken buradaki m\u00fcdahaleyi do\u011fru bulmuyorum. Emniyet g\u00fc\u00e7lerinden buradaki gen\u00e7lere de pamuk \u015fekeri ikram etmelerini bekliyoruz&#8221; ifadelerini kulland\u0131. Ba\u015fkan Yava\u015f&#8217;\u0131n bu ifadeleri, Halklar\u0131n E\u015fitlik ve Demokrasi Partisi (DEM) taraf\u0131ndan tepkiyle kar\u015f\u0131land\u0131.\u00a0 \u00d6NCE VAN SONRA DA D\u0130YARBAKIR BAROSU &#8216;SU\u00c7 DUYURUSUNDA&#8217; BULUNDU\u00a0 Van Barosu, Ba\u015fkan Yava\u015f&#8217;\u0131n bu s\u00f6ylemlerine tepki g\u00f6stererek, &#8220;Mansur Yava\u015f\u2019\u0131n anayasal haklar\u0131n kullan\u0131lmas\u0131n\u0131 de\u011fil, engellenmesini g\u00fcndemine almas\u0131n\u0131; K\u00fcrt halk\u0131na y\u00f6nelik sayg\u0131s\u0131z ve k\u0131\u015fk\u0131rt\u0131c\u0131 tutumunu k\u0131nad\u0131\u011f\u0131m\u0131z\u0131 belirtiriz. Bu a\u00e7\u0131klamalar hakk\u0131nda \u0130stanbul Cumhuriyet Ba\u015fsavc\u0131l\u0131\u011f\u0131 nezdinde su\u00e7 duyurusunda bulunulacakt\u0131r&#8221; dedi.\u00a0Van Barosu&#8217;nun ard\u0131ndan Diyarbak\u0131r Barosu&#8217;da\u00a0Ankara B\u00fcy\u00fck\u015fehir Belediye Ba\u015fkan\u0131 Mansur Yava\u015f hakk\u0131nda su\u00e7 duyurusunda bulundu\u011funu a\u00e7\u0131klad\u0131.\u00a0 &#8220;HALKI K\u0130N VE D\u00dc\u015eMANLI\u011eA TAHR\u0130K&#8221; VE &#8220;NEFRET SU\u00c7U&#8221; \u0130DD\u0130ASI\u00a0 Baro taraf\u0131ndan yap\u0131lan su\u00e7 duyurusunda, Yava\u015f&#8217;\u0131n s\u00f6zlerinin T\u00fcrk Ceza Kanunu&#8217;nun 216. ve 122. maddelerine ayk\u0131r\u0131 oldu\u011fu belirtilerek, halk\u0131 kin ve d\u00fc\u015fmanl\u0131\u011fa tahrik etti\u011fi, &hellip;","og_url":"https:\/\/denizcankizil.tr\/ru\/haberler\/gundem\/mansur-yavas-hakkinda-suc-duyurusu\/","og_site_name":"Av. Deniz Can K\u0131z\u0131l","article_published_time":"2025-03-23T15:41:14+00:00","author":"Antalya K\u00f6rfez","twitter_card":"summary_large_image","twitter_misc":{"\u041d\u0430\u043f\u0438\u0441\u0430\u043d\u043e \u0430\u0432\u0442\u043e\u0440\u043e\u043c":"Antalya K\u00f6rfez","\u041f\u0440\u0438\u043c\u0435\u0440\u043d\u043e\u0435 \u0432\u0440\u0435\u043c\u044f \u0434\u043b\u044f \u0447\u0442\u0435\u043d\u0438\u044f":"2 \u043c\u0438\u043d\u0443\u0442\u044b"},"schema":{"@context":"https:\/\/schema.org","@graph":[{"@type":"Article","@id":"https:\/\/denizcankizil.tr\/ru\/haberler\/gundem\/mansur-yavas-hakkinda-suc-duyurusu\/#article","isPartOf":{"@id":"https:\/\/denizcankizil.tr\/ru\/haberler\/gundem\/mansur-yavas-hakkinda-suc-duyurusu\/"},"author":{"name":"Antalya K\u00f6rfez","@id":"https:\/\/denizcankizil.tr\/de\/#\/schema\/person\/e1eb71bb4dd684d46563f0af307e1234"},"headline":"Mansur Yava\u015f hakk\u0131nda su\u00e7 duyurusu!","datePublished":"2025-03-23T15:41:14+00:00","mainEntityOfPage":{"@id":"https:\/\/denizcankizil.tr\/ru\/haberler\/gundem\/mansur-yavas-hakkinda-suc-duyurusu\/"},"wordCount":482,"publisher":{"@id":"https:\/\/denizcankizil.tr\/de\/#organization"},"articleSection":["G\u00fcndem"],"inLanguage":"ru-RU"},{"@type":"WebPage","@id":"https:\/\/denizcankizil.tr\/ru\/haberler\/gundem\/mansur-yavas-hakkinda-suc-duyurusu\/","url":"https:\/\/denizcankizil.tr\/ru\/haberler\/gundem\/mansur-yavas-hakkinda-suc-duyurusu\/","name":"Mansur Yava\u015f hakk\u0131nda su\u00e7 duyurusu! - Av. Deniz Can K\u0131z\u0131l","isPartOf":{"@id":"https:\/\/denizcankizil.tr\/de\/#website"},"datePublished":"2025-03-23T15:41:14+00:00","breadcrumb":{"@id":"https:\/\/denizcankizil.tr\/ru\/haberler\/gundem\/mansur-yavas-hakkinda-suc-duyurusu\/#breadcrumb"},"inLanguage":"ru-RU","potentialAction":[{"@type":"ReadAction","target":["https:\/\/denizcankizil.tr\/ru\/haberler\/gundem\/mansur-yavas-hakkinda-suc-duyurusu\/"]}]},{"@type":"BreadcrumbList","@id":"https:\/\/denizcankizil.tr\/ru\/haberler\/gundem\/mansur-yavas-hakkinda-suc-duyurusu\/#breadcrumb","itemListElement":[{"@type":"ListItem","position":1,"name":"Home","item":"https:\/\/denizcankizil.tr\/de\/"},{"@type":"ListItem","position":2,"name":"Mansur Yava\u015f hakk\u0131nda su\u00e7 duyurusu!"}]},{"@type":"WebSite","@id":"https:\/\/denizcankizil.tr\/de\/#website","url":"https:\/\/denizcankizil.tr\/de\/","name":"Av. Deniz Can K\u0131z\u0131l","description":"Avukat Deniz Can K\u0131z\u0131l Antalya Barosu","publisher":{"@id":"https:\/\/denizcankizil.tr\/de\/#organization"},"potentialAction":[{"@type":"SearchAction","target":{"@type":"EntryPoint","urlTemplate":"https:\/\/denizcankizil.tr\/de\/?s={search_term_string}"},"query-input":{"@type":"PropertyValueSpecification","valueRequired":true,"valueName":"search_term_string"}}],"inLanguage":"ru-RU"},{"@type":"Organization","@id":"https:\/\/denizcankizil.tr\/de\/#organization","name":"Av. Deniz Can K\u0131z\u0131l","url":"https:\/\/denizcankizil.tr\/de\/","logo":{"@type":"ImageObject","inLanguage":"ru-RU","@id":"https:\/\/denizcankizil.tr\/de\/#\/schema\/logo\/image\/","url":"https:\/\/denizcankizil.tr\/wp-content\/uploads\/2024\/10\/siyah-logo-svg.svg","contentUrl":"https:\/\/denizcankizil.tr\/wp-content\/uploads\/2024\/10\/siyah-logo-svg.svg","width":1080,"height":1080,"caption":"Av. Deniz Can K\u0131z\u0131l"},"image":{"@id":"https:\/\/denizcankizil.tr\/de\/#\/schema\/logo\/image\/"}},{"@type":"Person","@id":"https:\/\/denizcankizil.tr\/de\/#\/schema\/person\/e1eb71bb4dd684d46563f0af307e1234","name":"Antalya K\u00f6rfez","image":{"@type":"ImageObject","inLanguage":"ru-RU","@id":"https:\/\/denizcankizil.tr\/de\/#\/schema\/person\/image\/","url":"https:\/\/secure.gravatar.com\/avatar\/42b01982558a48a0b501fdcab6a408d3717ea5919095ee2e67b0e521799c5905?s=96&d=mm&r=g","contentUrl":"https:\/\/secure.gravatar.com\/avatar\/42b01982558a48a0b501fdcab6a408d3717ea5919095ee2e67b0e521799c5905?s=96&d=mm&r=g","caption":"Antalya K\u00f6rfez"},"sameAs":["http:\/\/www.antalyakorfez.com"],"url":"https:\/\/www.antalyakorfez.com\/mansur-yavas-hakkinda-suc-duyurusu"}]}},"_links":{"self":[{"href":"https:\/\/denizcankizil.tr\/ru\/wp-json\/wp\/v2\/posts\/36666","targetHints":{"allow":["GET"]}}],"collection":[{"href":"https:\/\/denizcankizil.tr\/ru\/wp-json\/wp\/v2\/posts"}],"about":[{"href":"https:\/\/denizcankizil.tr\/ru\/wp-json\/wp\/v2\/types\/post"}],"author":[{"embeddable":true,"href":"https:\/\/denizcankizil.tr\/ru\/wp-json\/wp\/v2\/users\/5"}],"replies":[{"embeddable":true,"href":"https:\/\/denizcankizil.tr\/ru\/wp-json\/wp\/v2\/comments?post=36666"}],"version-history":[{"count":0,"href":"https:\/\/denizcankizil.tr\/ru\/wp-json\/wp\/v2\/posts\/36666\/revisions"}],"wp:attachment":[{"href":"https:\/\/denizcankizil.tr\/ru\/wp-json\/wp\/v2\/media?parent=36666"}],"wp:term":[{"taxonomy":"category","embeddable":true,"href":"https:\/\/denizcankizil.tr\/ru\/wp-json\/wp\/v2\/categories?post=36666"},{"taxonomy":"post_tag","embeddable":true,"href":"https:\/\/denizcankizil.tr\/ru\/wp-json\/wp\/v2\/tags?post=36666"}],"curies":[{"name":"wp","href":"https:\/\/api.w.org\/{rel}","templated":true}]}}