{"id":36663,"date":"2025-03-23T17:41:14","date_gmt":"2025-03-23T14:41:14","guid":{"rendered":"https:\/\/denizcankizil.tr\/uncategorized-tr\/chpde-oy-verme-suresi-saat-19-00a-uzatildi-genel-merkez-karar-aldi-il-baskanlari-duyurdu\/"},"modified":"2025-03-23T17:41:14","modified_gmt":"2025-03-23T14:41:14","slug":"chpde-oy-verme-suresi-saat-19-00a-uzatildi-genel-merkez-karar-aldi-il-baskanlari-duyurdu","status":"publish","type":"post","link":"https:\/\/denizcankizil.tr\/ru\/haberler\/gundem\/chpde-oy-verme-suresi-saat-19-00a-uzatildi-genel-merkez-karar-aldi-il-baskanlari-duyurdu\/","title":{"rendered":"CHP\u2019de oy verme s\u00fcresi saat 19.00\u2019a uzat\u0131ld\u0131! Genel Merkez karar ald\u0131, il ba\u015fkanlar\u0131 duyurdu"},"content":{"rendered":"<p>Cumhuriyet Halk Partisi\u2019nin cumhurba\u015fkan\u0131 aday\u0131n\u0131 belirlemek i\u00e7in yap\u0131lan \u00f6n se\u00e7imin 23 Mart 2025 Pazar g\u00fcn\u00fc (bug\u00fcn) saat 08.00\u2019de ba\u015flad\u0131. Ekrem \u0130mamo\u011flu&#8217;nun tek aday oldu\u011fu cumhurba\u015fkanl\u0131\u011f\u0131 \u00f6n se\u00e7imi i\u00e7in 81 ilde ve 973 il\u00e7ede 5 bin 600 sand\u0131k kuruldu. Se\u00e7imlerin normal s\u00fcre\u00e7te 17.00\u2019da sona ermesi gerekirken ya\u015fana yo\u011funluk nedeniyle s\u00fcrenin 19.00\u2019a \u00e7ekildi\u011fi a\u00e7\u0131kland\u0131.\u00a0<\/p>\n<p>S\u00dcRE UZATILDI\u00a0<\/p>\n<p>Cumhuriyet Halk Partisi (CHP) Genel Sekreteri Selin Sayek B\u00f6ke, vatanda\u015flar\u0131n sand\u0131klara yo\u011fun ilgi g\u00f6stermesinden dolay\u0131 se\u00e7im s\u00fcresinin saat 19.00\u2019a kadar uzat\u0131ld\u0131\u011f\u0131n\u0131 belirtti. \u00d6n se\u00e7im ile ilgili gazetecilerin sorular\u0131n\u0131 yan\u0131tlayan B\u00f6ke, &#8220;\u00d6n se\u00e7im bir son de\u011fil, yeni bir s\u00fcrecin ba\u015flang\u0131c\u0131d\u0131r. Hakk\u0131m\u0131z bug\u00fcn bir demokrasi \u015f\u00f6leni g\u00f6sterdi. \u0130BB Ba\u015fkan\u0131m\u0131z \u0130mamo\u011flu&#8217;na yap\u0131lan a\u011f\u0131r darbeye, 19 Mart darbesine ve \u0130mamo\u011flu ile birlikte tutuklanan yol arkada\u015flar\u0131m\u0131za g\u00fc\u00e7l\u00fc bir mesaj veriyor halk\u0131m\u0131z\u201d dedi.\u00a0<\/p>\n<p>ANTALYA\u2019DA \u00d6N SE\u00c7\u0130M NE ZAMAN SONA ERECEK?<\/p>\n<p>CHP Genel Merkezi taraf\u0131ndan al\u0131nana karar\u0131 T\u00fcrkiye\u2019deki CHP\u2019li il ba\u015fkanlar\u0131 duyurdu. CHP Antalya \u0130l Ba\u015fkan\u0131 Nail Kamac\u0131\u2019da sosyal medya \u00fczerinde yapt\u0131\u011f\u0131 a\u00e7\u0131klamada Antalya\u2019da oy verme s\u00fcresinin 19.00\u2019a kadar uzat\u0131ld\u0131\u011f\u0131n\u0131 a\u00e7\u0131klad\u0131. Kamac\u0131, \u201cSand\u0131klar\u0131m\u0131za vatanda\u015flar\u0131m\u0131z taraf\u0131ndan Sand\u0131klar\u0131m\u0131za verilen yo\u011fun destek sebebiyle oy kullanma s\u00fcreleri 19.00 a kadar uzat\u0131lm\u0131\u015ft\u0131r\u201d dedi.\u00a0<br \/>\n\u00a0<\/p>\n<p>Sand\u0131klar\u0131m\u0131za vatanda\u015flar\u0131m\u0131z taraf\u0131ndan Sand\u0131klar\u0131m\u0131za verilen yo\u011fun destek sebebiyle oy kullanma s\u00fcreleri 19.00 a kadar uzat\u0131lm\u0131\u015ft\u0131r.<\/p>\n<p>E\u015flik Et Te\u015fvik Et<\/p>\n<p>CHP ANTALYA \u0130L BA\u015eKANLI\u011eI pic.twitter.com\/rUXom6zkdz<br \/>\n\u2014 Nail Kamac\u0131 (@Nailkamaci) March 23, 2025<\/p>\n<p>\u200bCHP\u2019nin cumhurba\u015fkan\u0131 aday\u0131n\u0131 belirlemek i\u00e7in T\u00fcrkiye genelinde yapt\u0131\u011f\u0131 \u00f6n se\u00e7imin s\u00fcresi 19.00\u2019a kadar uzat\u0131ld\u0131. Karar\u0131, il ba\u015fkanlar\u0131 sosyal medya hesaplar\u0131 \u00fczerinden duyurdu.\u00a0<\/p>\n<p>\u200bHaberin Al\u0131nt\u0131land\u0131\u011f\u0131 Kaynak: www.antalyakorfez.com<\/p>","protected":false},"excerpt":{"rendered":"<p>Cumhuriyet Halk Partisi\u2019nin cumhurba\u015fkan\u0131 aday\u0131n\u0131 belirlemek i\u00e7in yap\u0131lan \u00f6n se\u00e7imin 23 Mart 2025 Pazar g\u00fcn\u00fc (bug\u00fcn) saat 08.00\u2019de ba\u015flad\u0131. Ekrem \u0130mamo\u011flu&#8217;nun tek aday oldu\u011fu cumhurba\u015fkanl\u0131\u011f\u0131 \u00f6n se\u00e7imi i\u00e7in 81 ilde ve 973 il\u00e7ede 5 bin 600 sand\u0131k kuruldu. Se\u00e7imlerin normal s\u00fcre\u00e7te 17.00\u2019da sona ermesi gerekirken ya\u015fana yo\u011funluk nedeniyle s\u00fcrenin 19.00\u2019a \u00e7ekildi\u011fi a\u00e7\u0131kland\u0131.\u00a0 S\u00dcRE UZATILDI\u00a0 Cumhuriyet Halk Partisi (CHP) Genel Sekreteri Selin Sayek B\u00f6ke, vatanda\u015flar\u0131n sand\u0131klara yo\u011fun ilgi g\u00f6stermesinden dolay\u0131 se\u00e7im s\u00fcresinin saat 19.00\u2019a kadar uzat\u0131ld\u0131\u011f\u0131n\u0131 belirtti. \u00d6n se\u00e7im ile ilgili gazetecilerin sorular\u0131n\u0131 yan\u0131tlayan B\u00f6ke, &#8220;\u00d6n se\u00e7im bir son de\u011fil, yeni bir s\u00fcrecin ba\u015flang\u0131c\u0131d\u0131r. Hakk\u0131m\u0131z bug\u00fcn bir demokrasi \u015f\u00f6leni g\u00f6sterdi. \u0130BB Ba\u015fkan\u0131m\u0131z \u0130mamo\u011flu&#8217;na yap\u0131lan a\u011f\u0131r darbeye, 19 Mart darbesine ve \u0130mamo\u011flu ile birlikte tutuklanan yol arkada\u015flar\u0131m\u0131za g\u00fc\u00e7l\u00fc bir mesaj veriyor halk\u0131m\u0131z\u201d dedi.\u00a0 ANTALYA\u2019DA \u00d6N SE\u00c7\u0130M NE ZAMAN SONA ERECEK? CHP Genel Merkezi taraf\u0131ndan al\u0131nana karar\u0131 T\u00fcrkiye\u2019deki CHP\u2019li il ba\u015fkanlar\u0131 duyurdu. CHP Antalya \u0130l Ba\u015fkan\u0131 Nail Kamac\u0131\u2019da sosyal medya \u00fczerinde yapt\u0131\u011f\u0131 a\u00e7\u0131klamada Antalya\u2019da oy verme s\u00fcresinin 19.00\u2019a kadar uzat\u0131ld\u0131\u011f\u0131n\u0131 a\u00e7\u0131klad\u0131. Kamac\u0131, \u201cSand\u0131klar\u0131m\u0131za vatanda\u015flar\u0131m\u0131z taraf\u0131ndan Sand\u0131klar\u0131m\u0131za verilen yo\u011fun destek sebebiyle oy kullanma s\u00fcreleri 19.00 a kadar uzat\u0131lm\u0131\u015ft\u0131r\u201d dedi.\u00a0 \u00a0 Sand\u0131klar\u0131m\u0131za vatanda\u015flar\u0131m\u0131z taraf\u0131ndan Sand\u0131klar\u0131m\u0131za verilen yo\u011fun destek sebebiyle oy kullanma s\u00fcreleri 19.00 a kadar uzat\u0131lm\u0131\u015ft\u0131r. E\u015flik Et Te\u015fvik Et CHP ANTALYA \u0130L BA\u015eKANLI\u011eI pic.twitter.com\/rUXom6zkdz &hellip;<\/p>","protected":false},"author":5,"featured_media":0,"comment_status":"","ping_status":"open","sticky":false,"template":"","format":"standard","meta":{"_acf_changed":false,"footnotes":""},"categories":[24],"tags":[],"class_list":["post-36663","post","type-post","status-publish","format-standard","has-post-thumbnail","hentry","category-gundem"],"acf":[],"yoast_head":"<!-- This site is optimized with the Yoast SEO Premium plugin v26.6 (Yoast SEO v27.1.1) - https:\/\/yoast.com\/product\/yoast-seo-premium-wordpress\/ -->\n<title>CHP\u2019de oy verme s\u00fcresi saat 19.00\u2019a uzat\u0131ld\u0131! Genel Merkez karar ald\u0131, il ba\u015fkanlar\u0131 duyurdu - Av. Deniz Can K\u0131z\u0131l<\/title>\n<meta name=\"robots\" content=\"index, follow, max-snippet:-1, max-image-preview:large, max-video-preview:-1\" \/>\n<link rel=\"canonical\" href=\"https:\/\/denizcankizil.tr\/ru\/haberler\/gundem\/chpde-oy-verme-suresi-saat-19-00a-uzatildi-genel-merkez-karar-aldi-il-baskanlari-duyurdu\/\" \/>\n<meta property=\"og:locale\" content=\"ru_RU\" \/>\n<meta property=\"og:type\" content=\"article\" \/>\n<meta property=\"og:title\" content=\"CHP\u2019de oy verme s\u00fcresi saat 19.00\u2019a uzat\u0131ld\u0131! Genel Merkez karar ald\u0131, il ba\u015fkanlar\u0131 duyurdu\" \/>\n<meta property=\"og:description\" content=\"Cumhuriyet Halk Partisi\u2019nin cumhurba\u015fkan\u0131 aday\u0131n\u0131 belirlemek i\u00e7in yap\u0131lan \u00f6n se\u00e7imin 23 Mart 2025 Pazar g\u00fcn\u00fc (bug\u00fcn) saat 08.00\u2019de ba\u015flad\u0131. Ekrem \u0130mamo\u011flu&#8217;nun tek aday oldu\u011fu cumhurba\u015fkanl\u0131\u011f\u0131 \u00f6n se\u00e7imi i\u00e7in 81 ilde ve 973 il\u00e7ede 5 bin 600 sand\u0131k kuruldu. Se\u00e7imlerin normal s\u00fcre\u00e7te 17.00\u2019da sona ermesi gerekirken ya\u015fana yo\u011funluk nedeniyle s\u00fcrenin 19.00\u2019a \u00e7ekildi\u011fi a\u00e7\u0131kland\u0131.\u00a0 S\u00dcRE UZATILDI\u00a0 Cumhuriyet Halk Partisi (CHP) Genel Sekreteri Selin Sayek B\u00f6ke, vatanda\u015flar\u0131n sand\u0131klara yo\u011fun ilgi g\u00f6stermesinden dolay\u0131 se\u00e7im s\u00fcresinin saat 19.00\u2019a kadar uzat\u0131ld\u0131\u011f\u0131n\u0131 belirtti. \u00d6n se\u00e7im ile ilgili gazetecilerin sorular\u0131n\u0131 yan\u0131tlayan B\u00f6ke, &#8220;\u00d6n se\u00e7im bir son de\u011fil, yeni bir s\u00fcrecin ba\u015flang\u0131c\u0131d\u0131r. Hakk\u0131m\u0131z bug\u00fcn bir demokrasi \u015f\u00f6leni g\u00f6sterdi. \u0130BB Ba\u015fkan\u0131m\u0131z \u0130mamo\u011flu&#8217;na yap\u0131lan a\u011f\u0131r darbeye, 19 Mart darbesine ve \u0130mamo\u011flu ile birlikte tutuklanan yol arkada\u015flar\u0131m\u0131za g\u00fc\u00e7l\u00fc bir mesaj veriyor halk\u0131m\u0131z\u201d dedi.\u00a0 ANTALYA\u2019DA \u00d6N SE\u00c7\u0130M NE ZAMAN SONA ERECEK? CHP Genel Merkezi taraf\u0131ndan al\u0131nana karar\u0131 T\u00fcrkiye\u2019deki CHP\u2019li il ba\u015fkanlar\u0131 duyurdu. CHP Antalya \u0130l Ba\u015fkan\u0131 Nail Kamac\u0131\u2019da sosyal medya \u00fczerinde yapt\u0131\u011f\u0131 a\u00e7\u0131klamada Antalya\u2019da oy verme s\u00fcresinin 19.00\u2019a kadar uzat\u0131ld\u0131\u011f\u0131n\u0131 a\u00e7\u0131klad\u0131. Kamac\u0131, \u201cSand\u0131klar\u0131m\u0131za vatanda\u015flar\u0131m\u0131z taraf\u0131ndan Sand\u0131klar\u0131m\u0131za verilen yo\u011fun destek sebebiyle oy kullanma s\u00fcreleri 19.00 a kadar uzat\u0131lm\u0131\u015ft\u0131r\u201d dedi.\u00a0 \u00a0 Sand\u0131klar\u0131m\u0131za vatanda\u015flar\u0131m\u0131z taraf\u0131ndan Sand\u0131klar\u0131m\u0131za verilen yo\u011fun destek sebebiyle oy kullanma s\u00fcreleri 19.00 a kadar uzat\u0131lm\u0131\u015ft\u0131r. E\u015flik Et Te\u015fvik Et CHP ANTALYA \u0130L BA\u015eKANLI\u011eI pic.twitter.com\/rUXom6zkdz &hellip;\" \/>\n<meta property=\"og:url\" content=\"https:\/\/denizcankizil.tr\/ru\/haberler\/gundem\/chpde-oy-verme-suresi-saat-19-00a-uzatildi-genel-merkez-karar-aldi-il-baskanlari-duyurdu\/\" \/>\n<meta property=\"og:site_name\" content=\"Av. Deniz Can K\u0131z\u0131l\" \/>\n<meta property=\"article:published_time\" content=\"2025-03-23T14:41:14+00:00\" \/>\n<meta name=\"author\" content=\"Antalya K\u00f6rfez\" \/>\n<meta name=\"twitter:card\" content=\"summary_large_image\" \/>\n<meta name=\"twitter:label1\" content=\"\u041d\u0430\u043f\u0438\u0441\u0430\u043d\u043e \u0430\u0432\u0442\u043e\u0440\u043e\u043c\" \/>\n\t<meta name=\"twitter:data1\" content=\"Antalya K\u00f6rfez\" \/>\n\t<meta name=\"twitter:label2\" content=\"\u041f\u0440\u0438\u043c\u0435\u0440\u043d\u043e\u0435 \u0432\u0440\u0435\u043c\u044f \u0434\u043b\u044f \u0447\u0442\u0435\u043d\u0438\u044f\" \/>\n\t<meta name=\"twitter:data2\" content=\"2 \u043c\u0438\u043d\u0443\u0442\u044b\" \/>\n<script type=\"application\/ld+json\" class=\"yoast-schema-graph\">{\"@context\":\"https:\/\/schema.org\",\"@graph\":[{\"@type\":\"Article\",\"@id\":\"https:\/\/denizcankizil.tr\/uk\/haberler\/gundem\/chpde-oy-verme-suresi-saat-19-00a-uzatildi-genel-merkez-karar-aldi-il-baskanlari-duyurdu\/#article\",\"isPartOf\":{\"@id\":\"https:\/\/denizcankizil.tr\/uk\/haberler\/gundem\/chpde-oy-verme-suresi-saat-19-00a-uzatildi-genel-merkez-karar-aldi-il-baskanlari-duyurdu\/\"},\"author\":{\"name\":\"Antalya K\u00f6rfez\",\"@id\":\"https:\/\/denizcankizil.tr\/de\/#\/schema\/person\/e1eb71bb4dd684d46563f0af307e1234\"},\"headline\":\"CHP\u2019de oy verme s\u00fcresi saat 19.00\u2019a uzat\u0131ld\u0131! Genel Merkez karar ald\u0131, il ba\u015fkanlar\u0131 duyurdu\",\"datePublished\":\"2025-03-23T14:41:14+00:00\",\"mainEntityOfPage\":{\"@id\":\"https:\/\/denizcankizil.tr\/uk\/haberler\/gundem\/chpde-oy-verme-suresi-saat-19-00a-uzatildi-genel-merkez-karar-aldi-il-baskanlari-duyurdu\/\"},\"wordCount\":370,\"publisher\":{\"@id\":\"https:\/\/denizcankizil.tr\/de\/#organization\"},\"articleSection\":[\"G\u00fcndem\"],\"inLanguage\":\"ru-RU\"},{\"@type\":\"WebPage\",\"@id\":\"https:\/\/denizcankizil.tr\/uk\/haberler\/gundem\/chpde-oy-verme-suresi-saat-19-00a-uzatildi-genel-merkez-karar-aldi-il-baskanlari-duyurdu\/\",\"url\":\"https:\/\/denizcankizil.tr\/uk\/haberler\/gundem\/chpde-oy-verme-suresi-saat-19-00a-uzatildi-genel-merkez-karar-aldi-il-baskanlari-duyurdu\/\",\"name\":\"CHP\u2019de oy verme s\u00fcresi saat 19.00\u2019a uzat\u0131ld\u0131! Genel Merkez karar ald\u0131, il ba\u015fkanlar\u0131 duyurdu - Av. Deniz Can K\u0131z\u0131l\",\"isPartOf\":{\"@id\":\"https:\/\/denizcankizil.tr\/de\/#website\"},\"datePublished\":\"2025-03-23T14:41:14+00:00\",\"breadcrumb\":{\"@id\":\"https:\/\/denizcankizil.tr\/uk\/haberler\/gundem\/chpde-oy-verme-suresi-saat-19-00a-uzatildi-genel-merkez-karar-aldi-il-baskanlari-duyurdu\/#breadcrumb\"},\"inLanguage\":\"ru-RU\",\"potentialAction\":[{\"@type\":\"ReadAction\",\"target\":[\"https:\/\/denizcankizil.tr\/uk\/haberler\/gundem\/chpde-oy-verme-suresi-saat-19-00a-uzatildi-genel-merkez-karar-aldi-il-baskanlari-duyurdu\/\"]}]},{\"@type\":\"BreadcrumbList\",\"@id\":\"https:\/\/denizcankizil.tr\/uk\/haberler\/gundem\/chpde-oy-verme-suresi-saat-19-00a-uzatildi-genel-merkez-karar-aldi-il-baskanlari-duyurdu\/#breadcrumb\",\"itemListElement\":[{\"@type\":\"ListItem\",\"position\":1,\"name\":\"Home\",\"item\":\"https:\/\/denizcankizil.tr\/de\/\"},{\"@type\":\"ListItem\",\"position\":2,\"name\":\"CHP\u2019de oy verme s\u00fcresi saat 19.00\u2019a uzat\u0131ld\u0131! Genel Merkez karar ald\u0131, il ba\u015fkanlar\u0131 duyurdu\"}]},{\"@type\":\"WebSite\",\"@id\":\"https:\/\/denizcankizil.tr\/de\/#website\",\"url\":\"https:\/\/denizcankizil.tr\/de\/\",\"name\":\"Av. Deniz Can K\u0131z\u0131l\",\"description\":\"Avukat Deniz Can K\u0131z\u0131l Antalya Barosu\",\"publisher\":{\"@id\":\"https:\/\/denizcankizil.tr\/de\/#organization\"},\"potentialAction\":[{\"@type\":\"SearchAction\",\"target\":{\"@type\":\"EntryPoint\",\"urlTemplate\":\"https:\/\/denizcankizil.tr\/de\/?s={search_term_string}\"},\"query-input\":{\"@type\":\"PropertyValueSpecification\",\"valueRequired\":true,\"valueName\":\"search_term_string\"}}],\"inLanguage\":\"ru-RU\"},{\"@type\":\"Organization\",\"@id\":\"https:\/\/denizcankizil.tr\/de\/#organization\",\"name\":\"Av. Deniz Can K\u0131z\u0131l\",\"url\":\"https:\/\/denizcankizil.tr\/de\/\",\"logo\":{\"@type\":\"ImageObject\",\"inLanguage\":\"ru-RU\",\"@id\":\"https:\/\/denizcankizil.tr\/de\/#\/schema\/logo\/image\/\",\"url\":\"https:\/\/denizcankizil.tr\/wp-content\/uploads\/2024\/10\/siyah-logo-svg.svg\",\"contentUrl\":\"https:\/\/denizcankizil.tr\/wp-content\/uploads\/2024\/10\/siyah-logo-svg.svg\",\"width\":1080,\"height\":1080,\"caption\":\"Av. Deniz Can K\u0131z\u0131l\"},\"image\":{\"@id\":\"https:\/\/denizcankizil.tr\/de\/#\/schema\/logo\/image\/\"}},{\"@type\":\"Person\",\"@id\":\"https:\/\/denizcankizil.tr\/de\/#\/schema\/person\/e1eb71bb4dd684d46563f0af307e1234\",\"name\":\"Antalya K\u00f6rfez\",\"image\":{\"@type\":\"ImageObject\",\"inLanguage\":\"ru-RU\",\"@id\":\"https:\/\/denizcankizil.tr\/de\/#\/schema\/person\/image\/\",\"url\":\"https:\/\/secure.gravatar.com\/avatar\/42b01982558a48a0b501fdcab6a408d3717ea5919095ee2e67b0e521799c5905?s=96&d=mm&r=g\",\"contentUrl\":\"https:\/\/secure.gravatar.com\/avatar\/42b01982558a48a0b501fdcab6a408d3717ea5919095ee2e67b0e521799c5905?s=96&d=mm&r=g\",\"caption\":\"Antalya K\u00f6rfez\"},\"sameAs\":[\"http:\/\/www.antalyakorfez.com\"],\"url\":\"https:\/\/www.antalyakorfez.com\/chpde-oy-verme-suresi-saat-1900a-uzatildi-genel-merkez-karar-aldi-il-baskanlari-duyurdu\"}]}<\/script>\n<!-- \/ Yoast SEO Premium plugin. -->","yoast_head_json":{"title":"CHP\u2019de oy verme s\u00fcresi saat 19.00\u2019a uzat\u0131ld\u0131! Genel Merkez karar ald\u0131, il ba\u015fkanlar\u0131 duyurdu - Av. Deniz Can K\u0131z\u0131l","robots":{"index":"index","follow":"follow","max-snippet":"max-snippet:-1","max-image-preview":"max-image-preview:large","max-video-preview":"max-video-preview:-1"},"canonical":"https:\/\/denizcankizil.tr\/ru\/haberler\/gundem\/chpde-oy-verme-suresi-saat-19-00a-uzatildi-genel-merkez-karar-aldi-il-baskanlari-duyurdu\/","og_locale":"ru_RU","og_type":"article","og_title":"CHP\u2019de oy verme s\u00fcresi saat 19.00\u2019a uzat\u0131ld\u0131! Genel Merkez karar ald\u0131, il ba\u015fkanlar\u0131 duyurdu","og_description":"Cumhuriyet Halk Partisi\u2019nin cumhurba\u015fkan\u0131 aday\u0131n\u0131 belirlemek i\u00e7in yap\u0131lan \u00f6n se\u00e7imin 23 Mart 2025 Pazar g\u00fcn\u00fc (bug\u00fcn) saat 08.00\u2019de ba\u015flad\u0131. Ekrem \u0130mamo\u011flu&#8217;nun tek aday oldu\u011fu cumhurba\u015fkanl\u0131\u011f\u0131 \u00f6n se\u00e7imi i\u00e7in 81 ilde ve 973 il\u00e7ede 5 bin 600 sand\u0131k kuruldu. Se\u00e7imlerin normal s\u00fcre\u00e7te 17.00\u2019da sona ermesi gerekirken ya\u015fana yo\u011funluk nedeniyle s\u00fcrenin 19.00\u2019a \u00e7ekildi\u011fi a\u00e7\u0131kland\u0131.\u00a0 S\u00dcRE UZATILDI\u00a0 Cumhuriyet Halk Partisi (CHP) Genel Sekreteri Selin Sayek B\u00f6ke, vatanda\u015flar\u0131n sand\u0131klara yo\u011fun ilgi g\u00f6stermesinden dolay\u0131 se\u00e7im s\u00fcresinin saat 19.00\u2019a kadar uzat\u0131ld\u0131\u011f\u0131n\u0131 belirtti. \u00d6n se\u00e7im ile ilgili gazetecilerin sorular\u0131n\u0131 yan\u0131tlayan B\u00f6ke, &#8220;\u00d6n se\u00e7im bir son de\u011fil, yeni bir s\u00fcrecin ba\u015flang\u0131c\u0131d\u0131r. Hakk\u0131m\u0131z bug\u00fcn bir demokrasi \u015f\u00f6leni g\u00f6sterdi. \u0130BB Ba\u015fkan\u0131m\u0131z \u0130mamo\u011flu&#8217;na yap\u0131lan a\u011f\u0131r darbeye, 19 Mart darbesine ve \u0130mamo\u011flu ile birlikte tutuklanan yol arkada\u015flar\u0131m\u0131za g\u00fc\u00e7l\u00fc bir mesaj veriyor halk\u0131m\u0131z\u201d dedi.\u00a0 ANTALYA\u2019DA \u00d6N SE\u00c7\u0130M NE ZAMAN SONA ERECEK? CHP Genel Merkezi taraf\u0131ndan al\u0131nana karar\u0131 T\u00fcrkiye\u2019deki CHP\u2019li il ba\u015fkanlar\u0131 duyurdu. CHP Antalya \u0130l Ba\u015fkan\u0131 Nail Kamac\u0131\u2019da sosyal medya \u00fczerinde yapt\u0131\u011f\u0131 a\u00e7\u0131klamada Antalya\u2019da oy verme s\u00fcresinin 19.00\u2019a kadar uzat\u0131ld\u0131\u011f\u0131n\u0131 a\u00e7\u0131klad\u0131. Kamac\u0131, \u201cSand\u0131klar\u0131m\u0131za vatanda\u015flar\u0131m\u0131z taraf\u0131ndan Sand\u0131klar\u0131m\u0131za verilen yo\u011fun destek sebebiyle oy kullanma s\u00fcreleri 19.00 a kadar uzat\u0131lm\u0131\u015ft\u0131r\u201d dedi.\u00a0 \u00a0 Sand\u0131klar\u0131m\u0131za vatanda\u015flar\u0131m\u0131z taraf\u0131ndan Sand\u0131klar\u0131m\u0131za verilen yo\u011fun destek sebebiyle oy kullanma s\u00fcreleri 19.00 a kadar uzat\u0131lm\u0131\u015ft\u0131r. E\u015flik Et Te\u015fvik Et CHP ANTALYA \u0130L BA\u015eKANLI\u011eI pic.twitter.com\/rUXom6zkdz &hellip;","og_url":"https:\/\/denizcankizil.tr\/ru\/haberler\/gundem\/chpde-oy-verme-suresi-saat-19-00a-uzatildi-genel-merkez-karar-aldi-il-baskanlari-duyurdu\/","og_site_name":"Av. Deniz Can K\u0131z\u0131l","article_published_time":"2025-03-23T14:41:14+00:00","author":"Antalya K\u00f6rfez","twitter_card":"summary_large_image","twitter_misc":{"\u041d\u0430\u043f\u0438\u0441\u0430\u043d\u043e \u0430\u0432\u0442\u043e\u0440\u043e\u043c":"Antalya K\u00f6rfez","\u041f\u0440\u0438\u043c\u0435\u0440\u043d\u043e\u0435 \u0432\u0440\u0435\u043c\u044f \u0434\u043b\u044f \u0447\u0442\u0435\u043d\u0438\u044f":"2 \u043c\u0438\u043d\u0443\u0442\u044b"},"schema":{"@context":"https:\/\/schema.org","@graph":[{"@type":"Article","@id":"https:\/\/denizcankizil.tr\/uk\/haberler\/gundem\/chpde-oy-verme-suresi-saat-19-00a-uzatildi-genel-merkez-karar-aldi-il-baskanlari-duyurdu\/#article","isPartOf":{"@id":"https:\/\/denizcankizil.tr\/uk\/haberler\/gundem\/chpde-oy-verme-suresi-saat-19-00a-uzatildi-genel-merkez-karar-aldi-il-baskanlari-duyurdu\/"},"author":{"name":"Antalya K\u00f6rfez","@id":"https:\/\/denizcankizil.tr\/de\/#\/schema\/person\/e1eb71bb4dd684d46563f0af307e1234"},"headline":"CHP\u2019de oy verme s\u00fcresi saat 19.00\u2019a uzat\u0131ld\u0131! Genel Merkez karar ald\u0131, il ba\u015fkanlar\u0131 duyurdu","datePublished":"2025-03-23T14:41:14+00:00","mainEntityOfPage":{"@id":"https:\/\/denizcankizil.tr\/uk\/haberler\/gundem\/chpde-oy-verme-suresi-saat-19-00a-uzatildi-genel-merkez-karar-aldi-il-baskanlari-duyurdu\/"},"wordCount":370,"publisher":{"@id":"https:\/\/denizcankizil.tr\/de\/#organization"},"articleSection":["G\u00fcndem"],"inLanguage":"ru-RU"},{"@type":"WebPage","@id":"https:\/\/denizcankizil.tr\/uk\/haberler\/gundem\/chpde-oy-verme-suresi-saat-19-00a-uzatildi-genel-merkez-karar-aldi-il-baskanlari-duyurdu\/","url":"https:\/\/denizcankizil.tr\/uk\/haberler\/gundem\/chpde-oy-verme-suresi-saat-19-00a-uzatildi-genel-merkez-karar-aldi-il-baskanlari-duyurdu\/","name":"CHP\u2019de oy verme s\u00fcresi saat 19.00\u2019a uzat\u0131ld\u0131! Genel Merkez karar ald\u0131, il ba\u015fkanlar\u0131 duyurdu - Av. Deniz Can K\u0131z\u0131l","isPartOf":{"@id":"https:\/\/denizcankizil.tr\/de\/#website"},"datePublished":"2025-03-23T14:41:14+00:00","breadcrumb":{"@id":"https:\/\/denizcankizil.tr\/uk\/haberler\/gundem\/chpde-oy-verme-suresi-saat-19-00a-uzatildi-genel-merkez-karar-aldi-il-baskanlari-duyurdu\/#breadcrumb"},"inLanguage":"ru-RU","potentialAction":[{"@type":"ReadAction","target":["https:\/\/denizcankizil.tr\/uk\/haberler\/gundem\/chpde-oy-verme-suresi-saat-19-00a-uzatildi-genel-merkez-karar-aldi-il-baskanlari-duyurdu\/"]}]},{"@type":"BreadcrumbList","@id":"https:\/\/denizcankizil.tr\/uk\/haberler\/gundem\/chpde-oy-verme-suresi-saat-19-00a-uzatildi-genel-merkez-karar-aldi-il-baskanlari-duyurdu\/#breadcrumb","itemListElement":[{"@type":"ListItem","position":1,"name":"Home","item":"https:\/\/denizcankizil.tr\/de\/"},{"@type":"ListItem","position":2,"name":"CHP\u2019de oy verme s\u00fcresi saat 19.00\u2019a uzat\u0131ld\u0131! Genel Merkez karar ald\u0131, il ba\u015fkanlar\u0131 duyurdu"}]},{"@type":"WebSite","@id":"https:\/\/denizcankizil.tr\/de\/#website","url":"https:\/\/denizcankizil.tr\/de\/","name":"Av. Deniz Can K\u0131z\u0131l","description":"Avukat Deniz Can K\u0131z\u0131l Antalya Barosu","publisher":{"@id":"https:\/\/denizcankizil.tr\/de\/#organization"},"potentialAction":[{"@type":"SearchAction","target":{"@type":"EntryPoint","urlTemplate":"https:\/\/denizcankizil.tr\/de\/?s={search_term_string}"},"query-input":{"@type":"PropertyValueSpecification","valueRequired":true,"valueName":"search_term_string"}}],"inLanguage":"ru-RU"},{"@type":"Organization","@id":"https:\/\/denizcankizil.tr\/de\/#organization","name":"Av. Deniz Can K\u0131z\u0131l","url":"https:\/\/denizcankizil.tr\/de\/","logo":{"@type":"ImageObject","inLanguage":"ru-RU","@id":"https:\/\/denizcankizil.tr\/de\/#\/schema\/logo\/image\/","url":"https:\/\/denizcankizil.tr\/wp-content\/uploads\/2024\/10\/siyah-logo-svg.svg","contentUrl":"https:\/\/denizcankizil.tr\/wp-content\/uploads\/2024\/10\/siyah-logo-svg.svg","width":1080,"height":1080,"caption":"Av. Deniz Can K\u0131z\u0131l"},"image":{"@id":"https:\/\/denizcankizil.tr\/de\/#\/schema\/logo\/image\/"}},{"@type":"Person","@id":"https:\/\/denizcankizil.tr\/de\/#\/schema\/person\/e1eb71bb4dd684d46563f0af307e1234","name":"Antalya K\u00f6rfez","image":{"@type":"ImageObject","inLanguage":"ru-RU","@id":"https:\/\/denizcankizil.tr\/de\/#\/schema\/person\/image\/","url":"https:\/\/secure.gravatar.com\/avatar\/42b01982558a48a0b501fdcab6a408d3717ea5919095ee2e67b0e521799c5905?s=96&d=mm&r=g","contentUrl":"https:\/\/secure.gravatar.com\/avatar\/42b01982558a48a0b501fdcab6a408d3717ea5919095ee2e67b0e521799c5905?s=96&d=mm&r=g","caption":"Antalya K\u00f6rfez"},"sameAs":["http:\/\/www.antalyakorfez.com"],"url":"https:\/\/www.antalyakorfez.com\/chpde-oy-verme-suresi-saat-1900a-uzatildi-genel-merkez-karar-aldi-il-baskanlari-duyurdu"}]}},"_links":{"self":[{"href":"https:\/\/denizcankizil.tr\/ru\/wp-json\/wp\/v2\/posts\/36663","targetHints":{"allow":["GET"]}}],"collection":[{"href":"https:\/\/denizcankizil.tr\/ru\/wp-json\/wp\/v2\/posts"}],"about":[{"href":"https:\/\/denizcankizil.tr\/ru\/wp-json\/wp\/v2\/types\/post"}],"author":[{"embeddable":true,"href":"https:\/\/denizcankizil.tr\/ru\/wp-json\/wp\/v2\/users\/5"}],"replies":[{"embeddable":true,"href":"https:\/\/denizcankizil.tr\/ru\/wp-json\/wp\/v2\/comments?post=36663"}],"version-history":[{"count":0,"href":"https:\/\/denizcankizil.tr\/ru\/wp-json\/wp\/v2\/posts\/36663\/revisions"}],"wp:attachment":[{"href":"https:\/\/denizcankizil.tr\/ru\/wp-json\/wp\/v2\/media?parent=36663"}],"wp:term":[{"taxonomy":"category","embeddable":true,"href":"https:\/\/denizcankizil.tr\/ru\/wp-json\/wp\/v2\/categories?post=36663"},{"taxonomy":"post_tag","embeddable":true,"href":"https:\/\/denizcankizil.tr\/ru\/wp-json\/wp\/v2\/tags?post=36663"}],"curies":[{"name":"wp","href":"https:\/\/api.w.org\/{rel}","templated":true}]}}