{"id":36553,"date":"2025-03-22T15:24:05","date_gmt":"2025-03-22T12:24:05","guid":{"rendered":"https:\/\/denizcankizil.tr\/uncategorized-tr\/tutuklama-ve-gozalti-kararlarinin-hukuki-cercevesi\/"},"modified":"2025-03-22T15:24:08","modified_gmt":"2025-03-22T12:24:08","slug":"tutuklama-ve-gozalti-kararlarinin-hukuki-cercevesi","status":"publish","type":"post","link":"https:\/\/denizcankizil.tr\/ru\/koseyazilari\/degerlendirme\/tutuklama-ve-gozalti-kararlarinin-hukuki-cercevesi\/","title":{"rendered":"Tutuklama ve G\u00f6zalt\u0131 Kararlar\u0131n\u0131n Hukuki \u00c7er\u00e7evesi"},"content":{"rendered":"<p> <strong>Tutuklama ve \u200bG\u00f6zalt\u0131 Kararlar\u0131n\u0131n Hukuki \u00c7er\u00e7evesi<\/strong><\/p>\n<p>Hukukun temel\u200b ilkelerinden biri, bireylerin \u00f6zg\u00fcrl\u00fcklerinin korunmas\u0131d\u0131r. Ancak,su\u00e7 i\u015fledi\u011fi \u015f\u00fcphesiyle bir ki\u015finin tutuklanmas\u0131 veya g\u00f6zalt\u0131na al\u0131nmas\u0131,bu \u200d\u00f6zg\u00fcrl\u00fcklerin ge\u00e7ici olarak\u200d k\u0131s\u0131tlanmas\u0131n\u0131 gerektirebilir. \u2063T\u00fcrkiye&#8217;de\u200c tutuklama ve g\u00f6zalt\u0131, Ceza Muhakemesi Kanunu \u2064ve Anayasa&#8217;n\u0131n ilgili h\u00fck\u00fcmleri \u00e7er\u00e7evesinde d\u00fczenlenmi\u015ftir. \u200cBu makalede,tutuklama \u200dve g\u00f6zalt\u0131 kararlar\u0131n\u0131n hukuki \u00e7er\u00e7evesi ele al\u0131nacak; \u2062<a href=\"https:\/\/denizcankizil.tr\/ru\/seo\/antalyada-icra-cek-ve-senet-avukatligi-hukuki-surecler\/\" title=\"Antalya&#039;da \u0130cra, \u00c7ek ve Senet Avukatl\u0131\u011f\u0131: Hukuki S\u00fcre\u00e7ler\">bu s\u00fcre\u00e7lerin nas\u0131l i\u015fledi\u011fi<\/a>,hangi ko\u015fullar alt\u0131nda uygulanabilece\u011fi ve\u200b bireylerin haklar\u0131n\u0131n nas\u0131l korundu\u011fu \u00fczerinde durulacakt\u0131r. Ayr\u0131ca, Yarg\u0131tay i\u00e7tihatlar\u0131 \u0131\u015f\u0131\u011f\u0131nda, uygulamada kar\u015f\u0131la\u015f\u0131lan sorunlar ve bu sorunlar\u0131n\u200d \u00e7\u00f6z\u00fcm\u00fcne y\u00f6nelik \u00f6neriler de de\u011ferlendirilecektir. Bu ba\u011flamda, tutuklama ve g\u00f6zalt\u0131 kararlar\u0131n\u0131n hukuki dayanaklar\u0131 ve uygulama esaslar\u0131, adalet sisteminin \u2064i\u015fleyi\u015fi a\u00e7\u0131s\u0131ndan b\u00fcy\u00fck\u2063 bir \u00f6neme sahiptir.<br \/><img decoding=\"async\" class=\"kimage_class lazyload\" data-src=\"https:\/\/denizcankizil.tr\/wp-content\/uploads\/2024\/10\/o04aha.jpg\" alt=\"Tutuklama ve G\u00f6zalt\u0131 Kavramlar\u0131n\u0131n Tan\u0131m\u0131 ve Hukuki Dayanaklar\u0131\" src=\"data:image\/svg+xml;base64,PHN2ZyB3aWR0aD0iMSIgaGVpZ2h0PSIxIiB4bWxucz0iaHR0cDovL3d3dy53My5vcmcvMjAwMC9zdmciPjwvc3ZnPg==\"><\/p>\n<h2 id=\"tutuklama-ve-gozalti-kavramlarinin-tanimi-ve-hukuki-dayanaklari\">Tutuklama ve G\u00f6zalt\u0131 kavramlar\u0131n\u0131n\u2064 Tan\u0131m\u0131 ve Hukuki Dayanaklar\u0131<\/h2>\n<p><strong>Tutuklama<\/strong> \u0432\u0435 <strong>g\u00f6zalt\u0131<\/strong>, ceza hukuku ba\u011flam\u0131nda \u00f6nemli kavramlard\u0131r ve her ikisi de bir\u2062 ki\u015finin \u00f6zg\u00fcrl\u00fc\u011f\u00fcn\u00fcn k\u0131s\u0131tlanmas\u0131n\u0131 ifade eder.Ancak bu iki \u200ckavram \u2063aras\u0131nda belirgin farkl\u0131l\u0131klar bulunmaktad\u0131r. G\u00f6zalt\u0131, bir ki\u015finin su\u00e7 i\u015fledi\u011fi\u2064 \u015f\u00fcphesiyle, genellikle k\u0131sa s\u00fcreli olarak, yetkili makamlar taraf\u0131ndan al\u0131konulmas\u0131d\u0131r. \u2064Bu s\u00fcre\u00e7, genellikle\u200b 24 saat ile s\u0131n\u0131rl\u0131d\u0131r ve bu s\u00fcre zarf\u0131nda ki\u015fi,\u2063 ifadesinin \u200bal\u0131nmas\u0131 veya soru\u015fturma s\u00fcrecinin ilerlemesi amac\u0131yla tutulur. G\u00f6zalt\u0131,5271 say\u0131l\u0131 Ceza \u200cMuhakemesi Kanunu&#8217;nun 90.<a href=\"https:\/\/denizcankizil.tr\/ru\/koseyazilari\/degerlendirme\/hasiz-kullanma-tazminati-ecrimisil-ve-hukuki-boyutlari\/\" title=\"Ha\u015f\u0131z Kullanma Tazminat\u0131 (Ecrimisil) ve Hukuki Boyutlar\u0131\">maddesi \u2064ile d\u00fczenlenmi\u015ftir<\/a>.<\/p>\n<p>Tutuklama ise, daha \u2064ciddi bir \u00f6zg\u00fcrl\u00fck k\u0131s\u0131tlamas\u0131d\u0131r ve bir ki\u015finin, su\u00e7 i\u015fledi\u011fi\u2062 veya i\u015flemek \u00fczere oldu\u011fu y\u00f6n\u00fcnde \u2062kuvvetli delillerin bulunmas\u0131 durumunda, mahkeme\u2062 karar\u0131 \u200cile \u00f6zg\u00fcrl\u00fc\u011f\u00fcn\u00fcn k\u0131s\u0131tlanmas\u0131d\u0131r. Tutuklama, 5271 say\u0131l\u0131 Ceza Muhakemesi Kanunu&#8217;nun 100. maddesi \u00e7er\u00e7evesinde ele al\u0131nmakta olup, bu karar\u0131n verilmesi i\u00e7in belirli \u015fartlar\u0131n sa\u011flanmas\u0131 \u200bgerekmektedir. Bu \u015fartlar aras\u0131nda, <a href=\"https:\/\/denizcankizil.tr\/ru\/koseyazilari\/degerlendirme\/beraat-kararina-ragmen-tutukluluk-hukuki-cerceve-ve-uygulama\/\" title=\"Beraat Karar\u0131na Ra\u011fmen Tutukluluk: Hukuki \u00c7er\u00e7eve ve Uygulama\">san\u0131\u011f\u0131n ka\u00e7ma \u015f\u00fcphesi<\/a>, delilleri karartma ihtimali veya su\u00e7un niteli\u011fi gibi unsurlar \u2063yer almaktad\u0131r.<\/p>\n<p>her iki kavram da, bireylerin hak ve \u200c\u00f6zg\u00fcrl\u00fcklerini koruma \u200bamac\u0131 g\u00fcden hukuki\u200d bir \u00e7er\u00e7eveye sahiptir. Bu ba\u011flamda, g\u00f6zalt\u0131 ve tutuklama kararlar\u0131n\u0131n al\u0131nmas\u0131nda, <strong>hukukun \u00fcst\u00fcnl\u00fc\u011f\u00fc<\/strong> ilkesi\u200b ve\u200c <strong>insan haklar\u0131<\/strong> \u2063g\u00f6z \u00f6n\u00fcnde bulundurulmal\u0131d\u0131r.Aksi\u200b takdirde,\u200c bu uygulamalar, keyfi \u00f6zg\u00fcrl\u00fck k\u0131s\u0131tlamalar\u0131na d\u00f6n\u00fc\u015febilir. Bu\u200c nedenle,g\u00f6zalt\u0131 ve\u2062 tutuklama\u2064 s\u00fcre\u00e7lerinin\u2063 hukuki dayanaklar\u0131,bireylerin haklar\u0131n\u0131n\u2062 g\u00fcvence alt\u0131na al\u0131nmas\u0131 a\u00e7\u0131s\u0131ndan b\u00fcy\u00fck \u00f6nem ta\u015f\u0131maktad\u0131r.<\/p>\n<h2 id=\"tutuklama-ve-gozalti-sureclerinde-uygulanan-usul-kurallari\">Tutuklama ve G\u00f6zalt\u0131 S\u00fcre\u00e7lerinde Uygulanan Usul Kurallar\u0131<\/h2>\n<p>Tutuklama ve g\u00f6zalt\u0131 s\u00fcre\u00e7leri, ceza yarg\u0131lamas\u0131 a\u00e7\u0131s\u0131ndan \u00f6nemli bir yere sahiptir. Bu s\u00fcre\u00e7lerde uygulanan usul \u2064kurallar\u0131, bireylerin haklar\u0131n\u0131n korunmas\u0131 \u2062ve adil yarg\u0131lanma ilkesinin sa\u011flanmas\u0131 a\u00e7\u0131s\u0131ndan \u2062kritik \u00f6neme\u2063 sahiptir. T\u00fcrk Ceza Kanunu \u200bve Ceza Muhakemesi Kanunu,\u2064 bu \u200ds\u00fcre\u00e7lerin \u2064nas\u0131l \u2064y\u00fcr\u00fct\u00fclece\u011fine dair detayl\u0131 d\u00fczenlemeler\u2064 i\u00e7ermektedir.<\/p>\n<p>G\u00f6zalt\u0131 s\u00fcreci, bir ki\u015finin su\u00e7 i\u015fledi\u011fi \u015f\u00fcphesiyle,\u2063 \u00f6zg\u00fcrl\u00fc\u011f\u00fcn\u00fcn k\u0131s\u0131tlanmas\u0131d\u0131r. Bu s\u00fcre\u00e7te dikkat \u2064edilmesi \u200cgereken \u200dba\u015fl\u0131ca hususlar \u2064\u015funlard\u0131r:<\/p>\n<ul>\n<li><strong>G\u00f6zalt\u0131 \u2062S\u00fcresinin S\u0131n\u0131rlar\u0131:<\/strong> \u200d G\u00f6zalt\u0131 s\u00fcresi, genel olarak 24 saat \u2062ile s\u0131n\u0131rl\u0131d\u0131r. Ancak, belirli \u200bdurumlarda bu s\u00fcre 48 saate kadar uzat\u0131labilir.<\/li>\n<li><strong>G\u00f6zalt\u0131 \u0130\u015fleminin gerek\u00e7esi:<\/strong> G\u00f6zalt\u0131 i\u015flemi, somut delillere dayand\u0131r\u0131lmal\u0131\u2062 ve hukuki bir gerek\u00e7eye sahip olmal\u0131d\u0131r.<\/li>\n<li><strong>Hukuki yard\u0131m Hakk\u0131:<\/strong> G\u00f6zalt\u0131na al\u0131nan \u200bki\u015filerin, avukat\u2064 tutma hakk\u0131 \u200dbulunmaktad\u0131r.Bu hak, s\u00fcrecin ba\u015f\u0131ndan itibaren \u2064tan\u0131nmal\u0131d\u0131r.<\/li>\n<\/ul>\n<p>Tutuklama\u2062 ise, <a href=\"https:\/\/denizcankizil.tr\/ru\/haberler\/gundem\/cgd-akdenizden-gozaltilara-tepki-basin-ozgurlugu-tehdit-altinda\/\" title=\"\u00c7GD Akdeniz\u2019den ...lara tepki: Bas\u0131n \u00f6zg\u00fcrl\u00fc\u011f\u00fc tehdit alt\u0131nda\">g\u00f6zalt\u0131 s\u00fcrecinin ard\u0131ndan<\/a>, mahkeme karar\u0131 ile\u200c ger\u00e7ekle\u015ftirilen bir \u00f6zg\u00fcrl\u00fck k\u0131s\u0131tlamas\u0131d\u0131r. Tutuklama karar\u0131n\u0131n verilmesi i\u00e7in, su\u00e7un a\u011f\u0131rl\u0131\u011f\u0131 ve delil durumu gibi unsurlar g\u00f6z \u00f6n\u00fcnde bulundurulmal\u0131d\u0131r. \u200bBu \u200ca\u015famada,\u200b tutuklama karar\u0131n\u0131n hukuka uygunlu\u011fu,\u200c bireylerin temel hak \u2063ve \u00f6zg\u00fcrl\u00fcklerinin \u2062korunmas\u0131 a\u00e7\u0131s\u0131ndan b\u00fcy\u00fck \u00f6nem ta\u015f\u0131maktad\u0131r.<\/p>\n<p><img decoding=\"async\" class=\"kimage_class lazyload\" data-src=\"https:\/\/denizcankizil.tr\/wp-content\/uploads\/2024\/10\/4382-antalyada-ticaret-hukuku-avukatlarinin-yetki-alanlari.jpg\" alt=\"Tutuklama ve G\u00f6zalt\u0131 Kararlar\u0131n\u0131n Denetimi ve \u0130tiraz Mekanizmalar\u0131\" src=\"data:image\/svg+xml;base64,PHN2ZyB3aWR0aD0iMSIgaGVpZ2h0PSIxIiB4bWxucz0iaHR0cDovL3d3dy53My5vcmcvMjAwMC9zdmciPjwvc3ZnPg==\"><\/p>\n<h2 id=\"tutuklama-ve-gozalti-kararlarinin-denetimi-ve-itiraz-mekanizmalari\">Tutuklama ve G\u00f6zalt\u0131 Kararlar\u0131n\u0131n Denetimi\u2064 ve \u0130tiraz Mekanizmalar\u0131<\/h2>\n<section>\n<p>Tutuklama ve \u200dg\u00f6zalt\u0131 kararlar\u0131, ceza yarg\u0131lamas\u0131 s\u00fcrecinin \u00f6nemli a\u015famalar\u0131n\u0131 olu\u015fturmaktad\u0131r. Bu kararlar\u0131n hukuki \u2062denetimi, bireylerin \u00f6zg\u00fcrl\u00fcklerinin korunmas\u0131 a\u00e7\u0131s\u0131ndan b\u00fcy\u00fck bir \u00f6neme sahiptir. T\u00fcrkiye&#8217;de, tutuklama ve g\u00f6zalt\u0131 i\u015flemlerinin denetimi, Anayasa ve Ceza Muhakemesi Kanunu \u00e7er\u00e7evesinde d\u00fczenlenmi\u015ftir. Bu \u2062ba\u011flamda, <strong>tutuklama kararlar\u0131na itiraz \u2064mekanizmalar\u0131<\/strong> \u0432\u0435 <strong>g\u00f6zalt\u0131 s\u00fcrelerinin denetimi<\/strong> gibi unsurlar,\u2062 hukukun \u00fcst\u00fcnl\u00fc\u011f\u00fc ilkesinin bir gere\u011fi olarak\u200c \u00f6ne \u00e7\u0131kmaktad\u0131r.<\/p>\n<p>G\u00f6zalt\u0131 ve tutuklama kararlar\u0131na kar\u015f\u0131 itiraz, \u200dilgili mahkemeye\u2062 yap\u0131labilmektedir. Bu\u2064 itiraz s\u00fcre\u00e7leri, bireylerin haklar\u0131n\u0131n \u2063ihlal edilmesini \u00f6nlemek amac\u0131yla belirli\u200d s\u00fcreler i\u00e7inde ger\u00e7ekle\u015ftirilmelidir.\u200b \u0130tiraz\u0131n kabul edilmesi durumunda, mahkeme, tutuklama veya g\u00f6zalt\u0131 \u2063karar\u0131n\u0131 iptal edebilir. Bu s\u00fcre\u00e7te dikkate al\u0131nmas\u0131 gereken baz\u0131 hususlar \u015funlard\u0131r:<\/p>\n<ul>\n<li><strong>\u0130tiraz\u2063 S\u00fcresi:<\/strong> \u0130tiraz\u0131n, karar\u0131n tebli\u011finden itibaren belirli bir s\u00fcre i\u00e7inde yap\u0131lmas\u0131 gerekmektedir.<\/li>\n<li><strong>Delil sunma:<\/strong> \u2063\u0130tirazda, tutuklama veya g\u00f6zalt\u0131 karar\u0131n\u0131n\u2064 hukuka ayk\u0131r\u0131 oldu\u011funu g\u00f6steren delillerin sunulmas\u0131 \u00f6nemlidir.<\/li>\n<li><strong>Mahkeme karar\u0131:<\/strong> \u0130tiraz\u0131n de\u011ferlendirilmesi\u200c sonucunda mahkeme, karar\u0131n\u0131 gerek\u00e7eli\u2063 bir \u015fekilde\u2064 a\u00e7\u0131klamak zorundad\u0131r.<\/li>\n<\/ul>\n<p>Sonu\u00e7 olarak, tutuklama ve \u2064g\u00f6zalt\u0131 kararlar\u0131n\u0131n denetimi,\u200b bireylerin temel hak ve \u00f6zg\u00fcrl\u00fcklerinin \u200ckorunmas\u0131 a\u00e7\u0131s\u0131ndan kritik bir\u2063 rol oynamaktad\u0131r.bu s\u00fcre\u00e7lerin etkin bir \u015fekilde i\u015flemesi,\u200d adalet sisteminin g\u00fcvenilirli\u011fini art\u0131rmakta ve\u200d hukukun \u00fcst\u00fcnl\u00fc\u011f\u00fcn\u00fc peki\u015ftirmektedir.<\/p>\n<\/section>\n<p><img decoding=\"async\" class=\"kimage_class lazyload\" data-src=\"https:\/\/denizcankizil.tr\/wp-content\/uploads\/2024\/10\/3637-types-of-cases-handled-by-real-estate-attorneys-in-antalya.jpg\" alt=\"Hukukun \u00dcst\u00fcnl\u00fc\u011f\u00fc ve Tutuklama-G\u00f6zalt\u0131 Uygulamalar\u0131n\u0131n S\u0131n\u0131rlar\u0131\" src=\"data:image\/svg+xml;base64,PHN2ZyB3aWR0aD0iMSIgaGVpZ2h0PSIxIiB4bWxucz0iaHR0cDovL3d3dy53My5vcmcvMjAwMC9zdmciPjwvc3ZnPg==\"><\/p>\n<h2 id=\"hukukun-ustunlugu-ve-tutuklama-gozalti-uygulamalarinin-sinirlari\">Hukukun \u00dcst\u00fcnl\u00fc\u011f\u00fc ve Tutuklama-G\u00f6zalt\u0131\u200d Uygulamalar\u0131n\u0131n S\u0131n\u0131rlar\u0131<\/h2>\n<p><strong>hukukun \u00fcst\u00fcnl\u00fc\u011f\u00fc<\/strong>, bireylerin \u200bhak ve\u200d \u00f6zg\u00fcrl\u00fcklerinin korunmas\u0131nda \u200dtemel bir ilke\u2063 olarak \u00f6ne\u200c \u00e7\u0131kmaktad\u0131r. Bu ilke, devletin g\u00fcc\u00fcn\u00fcn s\u0131n\u0131rland\u0131r\u0131lmas\u0131n\u0131 ve bireylerin hukuki g\u00fcvenli\u011fini sa\u011flamay\u0131 ama\u00e7lar. Tutuklama ve \u200cg\u00f6zalt\u0131 uygulamalar\u0131, bu ba\u011flamda, hukukun \u00fcst\u00fcnl\u00fc\u011f\u00fc ilkesine uygun\u2063 bir \u015fekilde ger\u00e7ekle\u015ftirilmelidir. Aksi takdirde,bireylerin \u200dtemel haklar\u0131 \u2063ihlal edilebilir ve adaletin sa\u011flanmas\u0131 \u2063zorla\u015fabilir.<\/p>\n<p>Tutuklama ve g\u00f6zalt\u0131 kararlar\u0131, <strong>hukuki \u00e7er\u00e7eve<\/strong> i\u00e7erisinde belirli\u2062 \u015fartlara\u200d ba\u011fl\u0131 olarak uygulanmal\u0131d\u0131r. Bu \u2064\u015fartlar, Anayasa\u200d ve ilgili \u2064mevzuatla d\u00fczenlenmi\u015ftir. \u00d6rne\u011fin:<\/p>\n<ul>\n<li>Su\u00e7un i\u015flenmi\u015f \u200bolmas\u0131 veya i\u015flenme ihtimalinin bulunmas\u0131<\/li>\n<li>\u015e\u00fcphelinin delilleri karartma ihtimali<\/li>\n<li>Ka\u00e7ma \u015f\u00fcphesi<\/li>\n<\/ul>\n<p>Bu kriterler,tutuklama ve g\u00f6zalt\u0131\u2064 kararlar\u0131n\u0131n keyfi bir \u015fekilde\u200d verilmesini engellemeyi ama\u00e7lar. Ayr\u0131ca,bu uygulamalar\u0131n denetimi,ba\u011f\u0131ms\u0131z yarg\u0131 organlar\u0131 taraf\u0131ndan sa\u011flanarak,hukukun \u00fcst\u00fcnl\u00fc\u011f\u00fc ilkesinin korunmas\u0131na katk\u0131da bulunur.\u200b Dolay\u0131s\u0131yla, tutuklama ve g\u00f6zalt\u0131 \u200bs\u00fcre\u00e7lerinin hukuki s\u0131n\u0131rlar\u0131, bireylerin haklar\u0131n\u0131n g\u00fcvence alt\u0131na al\u0131nmas\u0131 a\u00e7\u0131s\u0131ndan b\u00fcy\u00fck \u00f6nem ta\u015f\u0131maktad\u0131r.<\/p>\n<p><img decoding=\"async\" class=\"kimage_class lazyload\" data-src=\"https:\/\/denizcankizil.tr\/wp-content\/uploads\/2024\/10\/H7KLQ-253D.jpg\" alt=\"Uluslararas\u0131 Hukukta \u2064Tutuklama \u200cve \u200dG\u00f6zalt\u0131 \u2064\u0130lkeleri\" src=\"data:image\/svg+xml;base64,PHN2ZyB3aWR0aD0iMSIgaGVpZ2h0PSIxIiB4bWxucz0iaHR0cDovL3d3dy53My5vcmcvMjAwMC9zdmciPjwvc3ZnPg==\"><\/p>\n<h2 id=\"uluslararasi-hukukta-tutuklama-ve-gozalti-ilkeleri\">Uluslararas\u0131 Hukukta Tutuklama ve G\u00f6zalt\u0131 \u0130lkeleri<\/h2>\n<p>Uluslararas\u0131 \u2063hukukta tutuklama ve g\u00f6zalt\u0131 uygulamalar\u0131, bireylerin \u00f6zg\u00fcrl\u00fcklerinin korunmas\u0131 a\u00e7\u0131s\u0131ndan b\u00fcy\u00fck bir \u00f6neme \u2062sahiptir. \u200cBu ba\u011flamda,tutuklama \u200cve g\u00f6zalt\u0131 \u200ckararlar\u0131n\u0131n hukuki \u00e7er\u00e7evesi,belirli ilkeler \u00e7er\u00e7evesinde \u015fekillenmektedir. Bu ilkeler, bireylerin haklar\u0131n\u0131 g\u00fcvence alt\u0131na almay\u0131 ama\u00e7lamakta ve keyfi tutuklamalar\u0131n \u00f6n\u00fcne ge\u00e7meyi hedeflemektedir.<\/p>\n<p>Uluslararas\u0131 \u200chukukta tutuklama ve g\u00f6zalt\u0131 ile ilgili temel ilkeler \u015funlard\u0131r:<\/p>\n<ul>\n<li><strong>Hukuka Uygunluk \u0130lkesi:<\/strong> Tutuklama ve \u2062g\u00f6zalt\u0131 i\u015flemleri, yaln\u0131zca yasalarla belirlenmi\u015f \u015fartlar alt\u0131nda ger\u00e7ekle\u015ftirilebilir.<\/li>\n<li><strong>\u00d6zg\u00fcrl\u00fckten Yoksun B\u0131rakman\u0131n Gereklili\u011fi:<\/strong> \u200c Bireyin \u00f6zg\u00fcrl\u00fc\u011f\u00fcnden yoksun b\u0131rak\u0131lmas\u0131,yaln\u0131zca zorunlu hallerde ve \u2062alternatif tedbirlerin yetersiz kald\u0131\u011f\u0131 durumlarda uygulanmal\u0131d\u0131r.<\/li>\n<li><strong>H\u0131zl\u0131 Yarg\u0131lanma\u2064 Hakk\u0131:<\/strong> \u200cG\u00f6zalt\u0131na \u200bal\u0131nan bireylerin, en k\u0131sa \u2062s\u00fcrede yarg\u0131 \u00f6n\u00fcne \u00e7\u0131kar\u0131lmas\u0131 gerekmektedir.<\/li>\n<li><strong>\u0130nsan Onuruna Sayg\u0131:<\/strong> tutuklama ve g\u00f6zalt\u0131 s\u00fcre\u00e7lerinde, \u200bbireylerin insan\u200d onuruna sayg\u0131 g\u00f6sterilmesi esast\u0131r.<\/li>\n<\/ul>\n<p>Bu ilkeler, uluslararas\u0131 s\u00f6zle\u015fmeler ve belgelerle desteklenmekte, \u200ddevletlerin\u2063 bu kurallara uymas\u0131 beklenmektedir. \u00d6zellikle, Birle\u015fmi\u015f Milletler\u2064 \u0130nsan Haklar\u0131 Evrensel Beyannamesi ve Avrupa \u2064\u0130nsan Haklar\u0131 S\u00f6zle\u015fmesi gibi belgeler, tutuklama ve g\u00f6zalt\u0131 s\u00fcre\u00e7lerinin hukuki \u00e7er\u00e7evesini belirleyen \u00f6nemli kaynaklar aras\u0131nda yer almaktad\u0131r. Bu ba\u011flamda, uluslararas\u0131 hukuk normlar\u0131na uygun hareket edilmesi, bireylerin haklar\u0131n\u0131n korunmas\u0131 \u2064a\u00e7\u0131s\u0131ndan kritik bir \u00f6neme sahiptir.<\/p>\n<h2 id=\"turkiyede-tutuklama-ve-gozalti-uygulamalarinin-guncel-durumu-ve-elestiriler\">T\u00fcrkiye&#8217;de Tutuklama ve G\u00f6zalt\u0131 Uygulamalar\u0131n\u0131n G\u00fcncel\u2064 Durumu ve Ele\u015ftiriler<\/h2>\n<p><strong>Tutuklama ve g\u00f6zalt\u0131 uygulamalar\u0131,T\u00fcrkiye&#8217;de\u2063 hukukun \u00fcst\u00fcnl\u00fc\u011f\u00fc ve bireysel haklar\u0131n korunmas\u0131 a\u00e7\u0131s\u0131ndan \u200c\u00f6nemli \u200bbir yere\u2063 sahiptir.<\/strong> Bu s\u00fcre\u00e7ler, T\u00fcrk Ceza \u200dkanunu ve Ceza Muhakemesi Kanunu \u00e7er\u00e7evesinde d\u00fczenlenmi\u015f olup, \u200dbelirli ko\u015fullar alt\u0131nda ger\u00e7ekle\u015ftirilmektedir. Tutuklama, bir ki\u015finin \u00f6zg\u00fcrl\u00fc\u011f\u00fcn\u00fcn k\u0131s\u0131tlanmas\u0131 anlam\u0131na \u2064gelirken, g\u00f6zalt\u0131 ise daha k\u0131sa s\u00fcreli bir\u200d k\u0131s\u0131tlama olarak tan\u0131mlanmaktad\u0131r.<\/p>\n<p>Hukuki \u00e7er\u00e7eveye g\u00f6re, tutuklama \u2064karar\u0131, yaln\u0131zca mahkeme taraf\u0131ndan verilebilir ve bu karar\u0131n verilmesi i\u00e7in belirli \u015fartlar\u0131n \u2064sa\u011flanmas\u0131 gerekmektedir. Bu \u015fartlar aras\u0131nda:<\/p>\n<ul>\n<li>Su\u00e7un a\u011f\u0131rl\u0131\u011f\u0131 ve niteli\u011fi,<\/li>\n<li>\u015e\u00fcphelinin delilleri karartma \u200dihtimali,<\/li>\n<li>Ka\u00e7ma\u200b \u015f\u00fcphesi\u2062 gibi \u200cunsurlar bulunmaktad\u0131r.<\/li>\n<\/ul>\n<p><strong>G\u00f6zalt\u0131 \u2062uygulamalar\u0131 ise, genellikle su\u00e7 i\u015fledi\u011fi iddia \u200bedilen ki\u015filerin, soru\u015fturma s\u00fcrecinde\u200d delil toplama amac\u0131yla ge\u00e7ici olarak \u00f6zg\u00fcrl\u00fcklerinin k\u0131s\u0131tlanmas\u0131d\u0131r.<\/strong> \u2062G\u00f6zalt\u0131 s\u00fcresi,yasal olarak belirlenmi\u015f s\u00fcrelerle s\u0131n\u0131rl\u0131d\u0131r ve bu s\u00fcre zarf\u0131nda g\u00f6zalt\u0131ndaki\u200c ki\u015filerin haklar\u0131 \u2063korunmal\u0131d\u0131r. Ancak, uygulamada ya\u015fanan baz\u0131 sorunlar \u2064ve ele\u015ftiriler, bu \u200bs\u00fcre\u00e7lerin \u2063etkinli\u011fini \u200csorgulatmaktad\u0131r.<\/p>\n<p>Sonu\u00e7\u2064 olarak, T\u00fcrkiye&#8217;de tutuklama ve g\u00f6zalt\u0131 uygulamalar\u0131, hukuki bir \u00e7er\u00e7eveye sahip olmas\u0131na ra\u011fmen, uygulama a\u015famas\u0131nda kar\u015f\u0131la\u015f\u0131lan zorluklar \u2063ve ele\u015ftiriler, \u2062bu s\u00fcre\u00e7lerin\u200c daha da iyile\u015ftirilmesi gerekti\u011fini g\u00f6stermektedir. Bireylerin haklar\u0131n\u0131n\u200c korunmas\u0131 ve \u200chukukun \u00fcst\u00fcnl\u00fc\u011f\u00fcn\u00fcn sa\u011flanmas\u0131, bu uygulamalar\u0131n g\u00f6zden ge\u00e7irilmesi ile\u200d m\u00fcmk\u00fcn olacakt\u0131r.<\/p>\n<p>Sonu\u00e7 olarak, tutuklama ve g\u00f6zalt\u0131 kararlar\u0131n\u0131n \u2063hukuki \u00e7er\u00e7evesi, bireylerin \u2062temel hak ve \u00f6zg\u00fcrl\u00fcklerinin korunmas\u0131 a\u00e7\u0131s\u0131ndan son derece \u00f6nemlidir. T\u00fcrk Ceza Kanunu ve Ceza Muhakemesi Kanunu \u2063\u00e7er\u00e7evesinde d\u00fczenlenen bu s\u00fcre\u00e7ler, adaletin sa\u011flanmas\u0131 ve su\u00e7un \u00f6nlenmesi amac\u0131yla titizlikle y\u00fcr\u00fct\u00fclmelidir.Ancak, bu s\u00fcre\u00e7lerin hukuka \u200duygun bir \u015fekilde ger\u00e7ekle\u015ftirilmesi,\u2064 keyfi uygulamalar\u0131n \u200b\u00f6nlenmesi ve bireylerin \u200dhaklar\u0131n\u0131n ihlal edilmemesi i\u00e7in gereklidir. Yarg\u0131 organlar\u0131n\u0131n, tutuklama ve g\u00f6zalt\u0131 kararlar\u0131n\u0131\u200d verirken, somut delillere dayal\u0131 ve hukukun temel ilkelerine uygun hareket etmeleri, adaletin tecellisi a\u00e7\u0131s\u0131ndan b\u00fcy\u00fck bir\u200b \u00f6nem ta\u015f\u0131maktad\u0131r. Bu ba\u011flamda,\u200c hukukun \u00fcst\u00fcnl\u00fc\u011f\u00fc ilkesinin\u200c g\u00f6zetilmesi, bireylerin \u2063g\u00fcvenli\u011fini ve\u200b toplumun huzurunu sa\u011flamak ad\u0131na \u200ckritik bir rol oynamaktad\u0131r. Gelecekte, bu konudaki \u2062hukuki d\u00fczenlemelerin\u200d ve uygulamalar\u0131n daha da geli\u015ftirilmesi, adalet sisteminin etkinli\u011fini art\u0131racak ve bireylerin haklar\u0131n\u0131 daha g\u00fcvence alt\u0131na alacakt\u0131r. <\/p>","protected":false},"excerpt":{"rendered":"<p>Tutuklama ve g\u00f6zalt\u0131 kararlar\u0131, T\u00fcrk Ceza Kanunu ve Ceza Muhakemesi Kanunu \u00e7er\u00e7evesinde d\u00fczenlenmi\u015ftir. Bu kararlar, bireylerin \u00f6zg\u00fcrl\u00fcklerini k\u0131s\u0131tlarken, hukukun \u00fcst\u00fcnl\u00fc\u011f\u00fc ve temel haklar\u0131n korunmas\u0131 a\u00e7\u0131s\u0131ndan titizlikle de\u011ferlendirilmelidir.<\/p>","protected":false},"author":4,"featured_media":36554,"comment_status":"open","ping_status":"open","sticky":false,"template":"","format":"standard","meta":{"_acf_changed":false,"footnotes":""},"categories":[22],"tags":[],"class_list":["post-36553","post","type-post","status-publish","format-standard","has-post-thumbnail","hentry","category-degerlendirme"],"acf":[],"yoast_head":"<!-- This site is optimized with the Yoast SEO Premium plugin v26.6 (Yoast SEO v27.1.1) - https:\/\/yoast.com\/product\/yoast-seo-premium-wordpress\/ -->\n<title>Tutuklama ve G\u00f6zalt\u0131 Kararlar\u0131n\u0131n Hukuki \u00c7er\u00e7evesi - Av. Deniz Can K\u0131z\u0131l<\/title>\n<meta name=\"robots\" content=\"index, follow, max-snippet:-1, max-image-preview:large, max-video-preview:-1\" \/>\n<link rel=\"canonical\" href=\"https:\/\/denizcankizil.tr\/ru\/koseyazilari\/degerlendirme\/tutuklama-ve-gozalti-kararlarinin-hukuki-cercevesi\/\" \/>\n<meta property=\"og:locale\" content=\"ru_RU\" \/>\n<meta property=\"og:type\" content=\"article\" \/>\n<meta property=\"og:title\" content=\"Tutuklama ve G\u00f6zalt\u0131 Kararlar\u0131n\u0131n Hukuki \u00c7er\u00e7evesi\" \/>\n<meta property=\"og:description\" content=\"Tutuklama ve g\u00f6zalt\u0131 kararlar\u0131, T\u00fcrk Ceza Kanunu ve Ceza Muhakemesi Kanunu \u00e7er\u00e7evesinde d\u00fczenlenmi\u015ftir. Bu kararlar, bireylerin \u00f6zg\u00fcrl\u00fcklerini k\u0131s\u0131tlarken, hukukun \u00fcst\u00fcnl\u00fc\u011f\u00fc ve temel haklar\u0131n korunmas\u0131 a\u00e7\u0131s\u0131ndan titizlikle de\u011ferlendirilmelidir.\" \/>\n<meta property=\"og:url\" content=\"https:\/\/denizcankizil.tr\/ru\/koseyazilari\/degerlendirme\/tutuklama-ve-gozalti-kararlarinin-hukuki-cercevesi\/\" \/>\n<meta property=\"og:site_name\" content=\"Av. Deniz Can K\u0131z\u0131l\" \/>\n<meta property=\"article:published_time\" content=\"2025-03-22T12:24:05+00:00\" \/>\n<meta property=\"article:modified_time\" content=\"2025-03-22T12:24:08+00:00\" \/>\n<meta property=\"og:image\" content=\"https:\/\/denizcankizil.tr\/wp-content\/uploads\/2025\/03\/36553-tutuklama-ve-gozalti-kararlarinin-hukuki-cercevesi.jpg\" \/>\n\t<meta property=\"og:image:width\" content=\"800\" \/>\n\t<meta property=\"og:image:height\" content=\"800\" \/>\n\t<meta property=\"og:image:type\" content=\"image\/jpeg\" \/>\n<meta name=\"author\" content=\"Av. Deniz Can K\u0131z\u0131l\" \/>\n<meta name=\"twitter:card\" content=\"summary_large_image\" \/>\n<meta name=\"twitter:label1\" content=\"\u041d\u0430\u043f\u0438\u0441\u0430\u043d\u043e \u0430\u0432\u0442\u043e\u0440\u043e\u043c\" \/>\n\t<meta name=\"twitter:data1\" content=\"Av. Deniz Can K\u0131z\u0131l\" \/>\n\t<meta name=\"twitter:label2\" content=\"\u041f\u0440\u0438\u043c\u0435\u0440\u043d\u043e\u0435 \u0432\u0440\u0435\u043c\u044f \u0434\u043b\u044f \u0447\u0442\u0435\u043d\u0438\u044f\" \/>\n\t<meta name=\"twitter:data2\" content=\"9 \u043c\u0438\u043d\u0443\u0442\" \/>\n<script type=\"application\/ld+json\" class=\"yoast-schema-graph\">{\"@context\":\"https:\/\/schema.org\",\"@graph\":[{\"@type\":\"Article\",\"@id\":\"https:\/\/denizcankizil.tr\/ru\/koseyazilari\/degerlendirme\/tutuklama-ve-gozalti-kararlarinin-hukuki-cercevesi\/#article\",\"isPartOf\":{\"@id\":\"https:\/\/denizcankizil.tr\/ru\/koseyazilari\/degerlendirme\/tutuklama-ve-gozalti-kararlarinin-hukuki-cercevesi\/\"},\"author\":{\"name\":\"Av. Deniz Can K\u0131z\u0131l\",\"@id\":\"https:\/\/denizcankizil.tr\/#\/schema\/person\/5dc1b22991bd7ac833867c10afc9b0ff\"},\"headline\":\"Tutuklama ve G\u00f6zalt\u0131 Kararlar\u0131n\u0131n Hukuki \u00c7er\u00e7evesi\",\"datePublished\":\"2025-03-22T12:24:05+00:00\",\"dateModified\":\"2025-03-22T12:24:08+00:00\",\"mainEntityOfPage\":{\"@id\":\"https:\/\/denizcankizil.tr\/ru\/koseyazilari\/degerlendirme\/tutuklama-ve-gozalti-kararlarinin-hukuki-cercevesi\/\"},\"wordCount\":1913,\"commentCount\":0,\"publisher\":{\"@id\":\"https:\/\/denizcankizil.tr\/#organization\"},\"image\":{\"@id\":\"https:\/\/denizcankizil.tr\/ru\/koseyazilari\/degerlendirme\/tutuklama-ve-gozalti-kararlarinin-hukuki-cercevesi\/#primaryimage\"},\"thumbnailUrl\":\"https:\/\/denizcankizil.tr\/wp-content\/uploads\/2025\/03\/36553-tutuklama-ve-gozalti-kararlarinin-hukuki-cercevesi.jpg\",\"articleSection\":[\"De\u011ferlendirme\"],\"inLanguage\":\"ru-RU\",\"potentialAction\":[{\"@type\":\"CommentAction\",\"name\":\"Comment\",\"target\":[\"https:\/\/denizcankizil.tr\/ru\/koseyazilari\/degerlendirme\/tutuklama-ve-gozalti-kararlarinin-hukuki-cercevesi\/#respond\"]}]},{\"@type\":\"WebPage\",\"@id\":\"https:\/\/denizcankizil.tr\/ru\/koseyazilari\/degerlendirme\/tutuklama-ve-gozalti-kararlarinin-hukuki-cercevesi\/\",\"url\":\"https:\/\/denizcankizil.tr\/ru\/koseyazilari\/degerlendirme\/tutuklama-ve-gozalti-kararlarinin-hukuki-cercevesi\/\",\"name\":\"Tutuklama ve G\u00f6zalt\u0131 Kararlar\u0131n\u0131n Hukuki \u00c7er\u00e7evesi - Av. Deniz Can K\u0131z\u0131l\",\"isPartOf\":{\"@id\":\"https:\/\/denizcankizil.tr\/#website\"},\"primaryImageOfPage\":{\"@id\":\"https:\/\/denizcankizil.tr\/ru\/koseyazilari\/degerlendirme\/tutuklama-ve-gozalti-kararlarinin-hukuki-cercevesi\/#primaryimage\"},\"image\":{\"@id\":\"https:\/\/denizcankizil.tr\/ru\/koseyazilari\/degerlendirme\/tutuklama-ve-gozalti-kararlarinin-hukuki-cercevesi\/#primaryimage\"},\"thumbnailUrl\":\"https:\/\/denizcankizil.tr\/wp-content\/uploads\/2025\/03\/36553-tutuklama-ve-gozalti-kararlarinin-hukuki-cercevesi.jpg\",\"datePublished\":\"2025-03-22T12:24:05+00:00\",\"dateModified\":\"2025-03-22T12:24:08+00:00\",\"breadcrumb\":{\"@id\":\"https:\/\/denizcankizil.tr\/ru\/koseyazilari\/degerlendirme\/tutuklama-ve-gozalti-kararlarinin-hukuki-cercevesi\/#breadcrumb\"},\"inLanguage\":\"ru-RU\",\"potentialAction\":[{\"@type\":\"ReadAction\",\"target\":[\"https:\/\/denizcankizil.tr\/ru\/koseyazilari\/degerlendirme\/tutuklama-ve-gozalti-kararlarinin-hukuki-cercevesi\/\"]}]},{\"@type\":\"ImageObject\",\"inLanguage\":\"ru-RU\",\"@id\":\"https:\/\/denizcankizil.tr\/ru\/koseyazilari\/degerlendirme\/tutuklama-ve-gozalti-kararlarinin-hukuki-cercevesi\/#primaryimage\",\"url\":\"https:\/\/denizcankizil.tr\/wp-content\/uploads\/2025\/03\/36553-tutuklama-ve-gozalti-kararlarinin-hukuki-cercevesi.jpg\",\"contentUrl\":\"https:\/\/denizcankizil.tr\/wp-content\/uploads\/2025\/03\/36553-tutuklama-ve-gozalti-kararlarinin-hukuki-cercevesi.jpg\",\"width\":800,\"height\":800,\"caption\":\"Tutuklama ve G\u00f6zalt\u0131 Kararlar\u0131n\u0131n Hukuki \u00c7er\u00e7evesi\"},{\"@type\":\"BreadcrumbList\",\"@id\":\"https:\/\/denizcankizil.tr\/ru\/koseyazilari\/degerlendirme\/tutuklama-ve-gozalti-kararlarinin-hukuki-cercevesi\/#breadcrumb\",\"itemListElement\":[{\"@type\":\"ListItem\",\"position\":1,\"name\":\"Home\",\"item\":\"https:\/\/denizcankizil.tr\/de\/\"},{\"@type\":\"ListItem\",\"position\":2,\"name\":\"Tutuklama ve G\u00f6zalt\u0131 Kararlar\u0131n\u0131n Hukuki \u00c7er\u00e7evesi\"}]},{\"@type\":\"WebSite\",\"@id\":\"https:\/\/denizcankizil.tr\/#website\",\"url\":\"https:\/\/denizcankizil.tr\/\",\"name\":\"Av. Deniz Can K\u0131z\u0131l\",\"description\":\"Avukat Deniz Can K\u0131z\u0131l Antalya Barosu\",\"publisher\":{\"@id\":\"https:\/\/denizcankizil.tr\/#organization\"},\"potentialAction\":[{\"@type\":\"SearchAction\",\"target\":{\"@type\":\"EntryPoint\",\"urlTemplate\":\"https:\/\/denizcankizil.tr\/?s={search_term_string}\"},\"query-input\":{\"@type\":\"PropertyValueSpecification\",\"valueRequired\":true,\"valueName\":\"search_term_string\"}}],\"inLanguage\":\"ru-RU\"},{\"@type\":\"Organization\",\"@id\":\"https:\/\/denizcankizil.tr\/#organization\",\"name\":\"Av. Deniz Can K\u0131z\u0131l\",\"url\":\"https:\/\/denizcankizil.tr\/\",\"logo\":{\"@type\":\"ImageObject\",\"inLanguage\":\"ru-RU\",\"@id\":\"https:\/\/denizcankizil.tr\/#\/schema\/logo\/image\/\",\"url\":\"https:\/\/denizcankizil.tr\/wp-content\/uploads\/2024\/10\/siyah-logo-svg.svg\",\"contentUrl\":\"https:\/\/denizcankizil.tr\/wp-content\/uploads\/2024\/10\/siyah-logo-svg.svg\",\"width\":1080,\"height\":1080,\"caption\":\"Av. Deniz Can K\u0131z\u0131l\"},\"image\":{\"@id\":\"https:\/\/denizcankizil.tr\/#\/schema\/logo\/image\/\"}},{\"@type\":\"Person\",\"@id\":\"https:\/\/denizcankizil.tr\/#\/schema\/person\/5dc1b22991bd7ac833867c10afc9b0ff\",\"name\":\"Av. Deniz Can K\u0131z\u0131l\",\"image\":{\"@type\":\"ImageObject\",\"inLanguage\":\"ru-RU\",\"@id\":\"https:\/\/denizcankizil.tr\/#\/schema\/person\/image\/\",\"url\":\"https:\/\/secure.gravatar.com\/avatar\/a0b128fb9855c79efc976d5640eedb31dc35ec297594d6016d2cf7c60e975bb6?s=96&d=mm&r=g\",\"contentUrl\":\"https:\/\/secure.gravatar.com\/avatar\/a0b128fb9855c79efc976d5640eedb31dc35ec297594d6016d2cf7c60e975bb6?s=96&d=mm&r=g\",\"caption\":\"Av. Deniz Can K\u0131z\u0131l\"},\"sameAs\":[\"http:\/\/www.denizcankizil.tr\"],\"url\":\"https:\/\/denizcankizil.tr\/ru\/author\/denizcankizil\/\"}]}<\/script>\n<!-- \/ Yoast SEO Premium plugin. -->","yoast_head_json":{"title":"Tutuklama ve G\u00f6zalt\u0131 Kararlar\u0131n\u0131n Hukuki \u00c7er\u00e7evesi - Av. Deniz Can K\u0131z\u0131l","robots":{"index":"index","follow":"follow","max-snippet":"max-snippet:-1","max-image-preview":"max-image-preview:large","max-video-preview":"max-video-preview:-1"},"canonical":"https:\/\/denizcankizil.tr\/ru\/koseyazilari\/degerlendirme\/tutuklama-ve-gozalti-kararlarinin-hukuki-cercevesi\/","og_locale":"ru_RU","og_type":"article","og_title":"Tutuklama ve G\u00f6zalt\u0131 Kararlar\u0131n\u0131n Hukuki \u00c7er\u00e7evesi","og_description":"Tutuklama ve g\u00f6zalt\u0131 kararlar\u0131, T\u00fcrk Ceza Kanunu ve Ceza Muhakemesi Kanunu \u00e7er\u00e7evesinde d\u00fczenlenmi\u015ftir. Bu kararlar, bireylerin \u00f6zg\u00fcrl\u00fcklerini k\u0131s\u0131tlarken, hukukun \u00fcst\u00fcnl\u00fc\u011f\u00fc ve temel haklar\u0131n korunmas\u0131 a\u00e7\u0131s\u0131ndan titizlikle de\u011ferlendirilmelidir.","og_url":"https:\/\/denizcankizil.tr\/ru\/koseyazilari\/degerlendirme\/tutuklama-ve-gozalti-kararlarinin-hukuki-cercevesi\/","og_site_name":"Av. Deniz Can K\u0131z\u0131l","article_published_time":"2025-03-22T12:24:05+00:00","article_modified_time":"2025-03-22T12:24:08+00:00","og_image":[{"width":800,"height":800,"url":"https:\/\/denizcankizil.tr\/wp-content\/uploads\/2025\/03\/36553-tutuklama-ve-gozalti-kararlarinin-hukuki-cercevesi.jpg","type":"image\/jpeg"}],"author":"Av. Deniz Can K\u0131z\u0131l","twitter_card":"summary_large_image","twitter_misc":{"\u041d\u0430\u043f\u0438\u0441\u0430\u043d\u043e \u0430\u0432\u0442\u043e\u0440\u043e\u043c":"Av. Deniz Can K\u0131z\u0131l","\u041f\u0440\u0438\u043c\u0435\u0440\u043d\u043e\u0435 \u0432\u0440\u0435\u043c\u044f \u0434\u043b\u044f \u0447\u0442\u0435\u043d\u0438\u044f":"9 \u043c\u0438\u043d\u0443\u0442"},"schema":{"@context":"https:\/\/schema.org","@graph":[{"@type":"Article","@id":"https:\/\/denizcankizil.tr\/ru\/koseyazilari\/degerlendirme\/tutuklama-ve-gozalti-kararlarinin-hukuki-cercevesi\/#article","isPartOf":{"@id":"https:\/\/denizcankizil.tr\/ru\/koseyazilari\/degerlendirme\/tutuklama-ve-gozalti-kararlarinin-hukuki-cercevesi\/"},"author":{"name":"Av. Deniz Can K\u0131z\u0131l","@id":"https:\/\/denizcankizil.tr\/#\/schema\/person\/5dc1b22991bd7ac833867c10afc9b0ff"},"headline":"Tutuklama ve G\u00f6zalt\u0131 Kararlar\u0131n\u0131n Hukuki \u00c7er\u00e7evesi","datePublished":"2025-03-22T12:24:05+00:00","dateModified":"2025-03-22T12:24:08+00:00","mainEntityOfPage":{"@id":"https:\/\/denizcankizil.tr\/ru\/koseyazilari\/degerlendirme\/tutuklama-ve-gozalti-kararlarinin-hukuki-cercevesi\/"},"wordCount":1913,"commentCount":0,"publisher":{"@id":"https:\/\/denizcankizil.tr\/#organization"},"image":{"@id":"https:\/\/denizcankizil.tr\/ru\/koseyazilari\/degerlendirme\/tutuklama-ve-gozalti-kararlarinin-hukuki-cercevesi\/#primaryimage"},"thumbnailUrl":"https:\/\/denizcankizil.tr\/wp-content\/uploads\/2025\/03\/36553-tutuklama-ve-gozalti-kararlarinin-hukuki-cercevesi.jpg","articleSection":["De\u011ferlendirme"],"inLanguage":"ru-RU","potentialAction":[{"@type":"CommentAction","name":"Comment","target":["https:\/\/denizcankizil.tr\/ru\/koseyazilari\/degerlendirme\/tutuklama-ve-gozalti-kararlarinin-hukuki-cercevesi\/#respond"]}]},{"@type":"WebPage","@id":"https:\/\/denizcankizil.tr\/ru\/koseyazilari\/degerlendirme\/tutuklama-ve-gozalti-kararlarinin-hukuki-cercevesi\/","url":"https:\/\/denizcankizil.tr\/ru\/koseyazilari\/degerlendirme\/tutuklama-ve-gozalti-kararlarinin-hukuki-cercevesi\/","name":"Tutuklama ve G\u00f6zalt\u0131 Kararlar\u0131n\u0131n Hukuki \u00c7er\u00e7evesi - Av. Deniz Can K\u0131z\u0131l","isPartOf":{"@id":"https:\/\/denizcankizil.tr\/#website"},"primaryImageOfPage":{"@id":"https:\/\/denizcankizil.tr\/ru\/koseyazilari\/degerlendirme\/tutuklama-ve-gozalti-kararlarinin-hukuki-cercevesi\/#primaryimage"},"image":{"@id":"https:\/\/denizcankizil.tr\/ru\/koseyazilari\/degerlendirme\/tutuklama-ve-gozalti-kararlarinin-hukuki-cercevesi\/#primaryimage"},"thumbnailUrl":"https:\/\/denizcankizil.tr\/wp-content\/uploads\/2025\/03\/36553-tutuklama-ve-gozalti-kararlarinin-hukuki-cercevesi.jpg","datePublished":"2025-03-22T12:24:05+00:00","dateModified":"2025-03-22T12:24:08+00:00","breadcrumb":{"@id":"https:\/\/denizcankizil.tr\/ru\/koseyazilari\/degerlendirme\/tutuklama-ve-gozalti-kararlarinin-hukuki-cercevesi\/#breadcrumb"},"inLanguage":"ru-RU","potentialAction":[{"@type":"ReadAction","target":["https:\/\/denizcankizil.tr\/ru\/koseyazilari\/degerlendirme\/tutuklama-ve-gozalti-kararlarinin-hukuki-cercevesi\/"]}]},{"@type":"ImageObject","inLanguage":"ru-RU","@id":"https:\/\/denizcankizil.tr\/ru\/koseyazilari\/degerlendirme\/tutuklama-ve-gozalti-kararlarinin-hukuki-cercevesi\/#primaryimage","url":"https:\/\/denizcankizil.tr\/wp-content\/uploads\/2025\/03\/36553-tutuklama-ve-gozalti-kararlarinin-hukuki-cercevesi.jpg","contentUrl":"https:\/\/denizcankizil.tr\/wp-content\/uploads\/2025\/03\/36553-tutuklama-ve-gozalti-kararlarinin-hukuki-cercevesi.jpg","width":800,"height":800,"caption":"Tutuklama ve G\u00f6zalt\u0131 Kararlar\u0131n\u0131n Hukuki \u00c7er\u00e7evesi"},{"@type":"BreadcrumbList","@id":"https:\/\/denizcankizil.tr\/ru\/koseyazilari\/degerlendirme\/tutuklama-ve-gozalti-kararlarinin-hukuki-cercevesi\/#breadcrumb","itemListElement":[{"@type":"ListItem","position":1,"name":"Home","item":"https:\/\/denizcankizil.tr\/de\/"},{"@type":"ListItem","position":2,"name":"Tutuklama ve G\u00f6zalt\u0131 Kararlar\u0131n\u0131n Hukuki \u00c7er\u00e7evesi"}]},{"@type":"WebSite","@id":"https:\/\/denizcankizil.tr\/#website","url":"https:\/\/denizcankizil.tr\/","name":"Av. Deniz Can K\u0131z\u0131l","description":"Avukat Deniz Can K\u0131z\u0131l Antalya Barosu","publisher":{"@id":"https:\/\/denizcankizil.tr\/#organization"},"potentialAction":[{"@type":"SearchAction","target":{"@type":"EntryPoint","urlTemplate":"https:\/\/denizcankizil.tr\/?s={search_term_string}"},"query-input":{"@type":"PropertyValueSpecification","valueRequired":true,"valueName":"search_term_string"}}],"inLanguage":"ru-RU"},{"@type":"Organization","@id":"https:\/\/denizcankizil.tr\/#organization","name":"Av. Deniz Can K\u0131z\u0131l","url":"https:\/\/denizcankizil.tr\/","logo":{"@type":"ImageObject","inLanguage":"ru-RU","@id":"https:\/\/denizcankizil.tr\/#\/schema\/logo\/image\/","url":"https:\/\/denizcankizil.tr\/wp-content\/uploads\/2024\/10\/siyah-logo-svg.svg","contentUrl":"https:\/\/denizcankizil.tr\/wp-content\/uploads\/2024\/10\/siyah-logo-svg.svg","width":1080,"height":1080,"caption":"Av. Deniz Can K\u0131z\u0131l"},"image":{"@id":"https:\/\/denizcankizil.tr\/#\/schema\/logo\/image\/"}},{"@type":"Person","@id":"https:\/\/denizcankizil.tr\/#\/schema\/person\/5dc1b22991bd7ac833867c10afc9b0ff","name":"Av. Deniz Can K\u0131z\u0131l","image":{"@type":"ImageObject","inLanguage":"ru-RU","@id":"https:\/\/denizcankizil.tr\/#\/schema\/person\/image\/","url":"https:\/\/secure.gravatar.com\/avatar\/a0b128fb9855c79efc976d5640eedb31dc35ec297594d6016d2cf7c60e975bb6?s=96&d=mm&r=g","contentUrl":"https:\/\/secure.gravatar.com\/avatar\/a0b128fb9855c79efc976d5640eedb31dc35ec297594d6016d2cf7c60e975bb6?s=96&d=mm&r=g","caption":"Av. Deniz Can K\u0131z\u0131l"},"sameAs":["http:\/\/www.denizcankizil.tr"],"url":"https:\/\/denizcankizil.tr\/ru\/author\/denizcankizil\/"}]}},"_links":{"self":[{"href":"https:\/\/denizcankizil.tr\/ru\/wp-json\/wp\/v2\/posts\/36553","targetHints":{"allow":["GET"]}}],"collection":[{"href":"https:\/\/denizcankizil.tr\/ru\/wp-json\/wp\/v2\/posts"}],"about":[{"href":"https:\/\/denizcankizil.tr\/ru\/wp-json\/wp\/v2\/types\/post"}],"author":[{"embeddable":true,"href":"https:\/\/denizcankizil.tr\/ru\/wp-json\/wp\/v2\/users\/4"}],"replies":[{"embeddable":true,"href":"https:\/\/denizcankizil.tr\/ru\/wp-json\/wp\/v2\/comments?post=36553"}],"version-history":[{"count":1,"href":"https:\/\/denizcankizil.tr\/ru\/wp-json\/wp\/v2\/posts\/36553\/revisions"}],"predecessor-version":[{"id":36555,"href":"https:\/\/denizcankizil.tr\/ru\/wp-json\/wp\/v2\/posts\/36553\/revisions\/36555"}],"wp:featuredmedia":[{"embeddable":true,"href":"https:\/\/denizcankizil.tr\/ru\/wp-json\/wp\/v2\/media\/36554"}],"wp:attachment":[{"href":"https:\/\/denizcankizil.tr\/ru\/wp-json\/wp\/v2\/media?parent=36553"}],"wp:term":[{"taxonomy":"category","embeddable":true,"href":"https:\/\/denizcankizil.tr\/ru\/wp-json\/wp\/v2\/categories?post=36553"},{"taxonomy":"post_tag","embeddable":true,"href":"https:\/\/denizcankizil.tr\/ru\/wp-json\/wp\/v2\/tags?post=36553"}],"curies":[{"name":"wp","href":"https:\/\/api.w.org\/{rel}","templated":true}]}}