{"id":36439,"date":"2025-03-21T09:41:20","date_gmt":"2025-03-21T06:41:20","guid":{"rendered":"https:\/\/denizcankizil.tr\/uncategorized-tr\/hosgoru-merhamet-ayi\/"},"modified":"2025-03-21T09:41:20","modified_gmt":"2025-03-21T06:41:20","slug":"hosgoru-merhamet-ayi","status":"publish","type":"post","link":"https:\/\/denizcankizil.tr\/ru\/haberler\/gundem\/hosgoru-merhamet-ayi\/","title":{"rendered":"Ho\u015fg\u00f6r\u00fc Merhamet Ay\u0131"},"content":{"rendered":"<p>Yo\u011fun kat\u0131l\u0131mla ger\u00e7ekle\u015fen programda, Ramazan ay\u0131n\u0131n payla\u015fma ve dayan\u0131\u015fma ruhuna uygun olarak birlik mesajlar\u0131 verildi. \u0130ftar \u00f6ncesi d\u00fczenlenen programda, Belen Belediye Ba\u015fkan\u0131 \u0130brahim G\u00fcl ve protokol \u00fcyeleri masalar\u0131 tek tek dola\u015farak vatanda\u015flarla sohbet etti.<\/p>\n<p>Belen Belediye Ba\u015fkan\u0131 \u0130brahim G\u00fcl, iftar \u00f6ncesi yapt\u0131\u011f\u0131 konu\u015fmada, \u201c Ramazan ay\u0131n\u0131n manevi atmosferini hep birlikte payla\u015fmak, birlik ve beraberli\u011fimizi peki\u015ftirmek amac\u0131yla Hatay B\u00fcy\u00fck\u015fehir Belediyemiz ile Belen Belediyemizin i\u015f birli\u011finde d\u00fczenledi\u011fimiz bu anlaml\u0131 iftar program\u0131na te\u015frif ederek bizleri onurland\u0131rd\u0131\u011f\u0131n\u0131z i\u00e7in hepinize en kalbi \u015f\u00fckranlar\u0131m\u0131 sunuyorum. Ho\u015f geldiniz, sefalar getirdiniz.<\/p>\n<p>M\u00fcbarek Ramazan ay\u0131; sadece ibadetlerin yerine getirildi\u011fi de\u011fil, ayn\u0131 zamanda toplumsal dayan\u0131\u015fman\u0131n, karde\u015flik hukukunun ve insani de\u011ferlerin en yo\u011fun \u015fekilde ya\u015fand\u0131\u011f\u0131 kutsal bir zaman dilimi. Bu ay bizlere payla\u015fman\u0131n, sabr\u0131n, ho\u015fg\u00f6r\u00fcn\u00fcn ve merhametin \u00f6nemini bir kez daha hat\u0131rlat\u0131r. Ramazan\u2019\u0131n ruhuna uygun olarak bug\u00fcn burada g\u00f6n\u00fcl sofram\u0131zda siz k\u0131ymetli misafirlerimizle bir araya gelmekten b\u00fcy\u00fck bir mutluluk duyuyoruz. Belen Belediyesi olarak, toplumun her kesimiyle g\u00f6n\u00fcl k\u00f6pr\u00fcleri kuran, sosyal dayan\u0131\u015fmay\u0131 art\u0131ran ve hem\u015ferilerimizin refah\u0131n\u0131 \u00f6nceleyen projeleri hayata ge\u00e7irmek ad\u0131na durmaks\u0131z\u0131n \u00e7al\u0131\u015f\u0131yoruz.<\/p>\n<p>Bu anlamda, Ramazan ay\u0131n\u0131n manevi iklimine uygun \u015fekilde Hatay B\u00fcy\u00fck\u015fehir Belediyemiz ile birlikte ger\u00e7ekle\u015ftirdi\u011fimiz bu organizasyon, kurumlar aras\u0131 i\u015f birli\u011finin ve hizmet anlay\u0131\u015f\u0131m\u0131z\u0131n da somut bir tezah\u00fcr\u00fcd\u00fcr. De\u011ferli misafirler, B\u00f6lgemizin ve \u00fclkemizin i\u00e7inde bulundu\u011fu s\u00fcre\u00e7te, toplumsal dayan\u0131\u015fma ve karde\u015flik iklimini g\u00fc\u00e7lendirmek her zamankinden daha fazla \u00f6nem arz etmektedir. Bu bilin\u00e7le, hizmet anlay\u0131\u015f\u0131m\u0131z\u0131 sadece fiziki yat\u0131r\u0131mlarla de\u011fil, ayn\u0131 zamanda g\u00f6n\u00fcllere dokunan, sosyal birlikteli\u011fi peki\u015ftiren faaliyetlerle de desteklemeye devam edece\u011fiz. Bu vesileyle, organizasyonun ger\u00e7ekle\u015ftirilmesinde eme\u011fi ge\u00e7en Hatay B\u00fcy\u00fck\u015fehir Belediyemize, mesai arkada\u015flar\u0131m\u0131za ve katk\u0131 sunan herkese te\u015fekk\u00fcr ediyor; ba\u015fta siz de\u011ferli hem\u015ferilerim olmak \u00fczere, aziz milletimizin Ramazan ay\u0131n\u0131 tebrik ediyor, bu m\u00fcbarek ay\u0131n t\u00fcm insanl\u0131\u011fa sa\u011fl\u0131k, bar\u0131\u015f ve huzur getirmesini Y\u00fcce Mevla\u2019dan niyaz ediyorum.<\/p>\n<p>Kat\u0131l\u0131m\u0131n\u0131z i\u00e7in tekrar \u015f\u00fckranlar\u0131m\u0131 sunuyor, hepinizi sayg\u0131, sevgi ve muhabbetle selaml\u0131yorum. \u0130fadelerini kulland\u0131. Ak\u015fam ezan\u0131n\u0131n okunmas\u0131yla birlikte oru\u00e7lar a\u00e7\u0131ld\u0131 ve dualar edildi. Kat\u0131l\u0131mc\u0131lar, program sonunda Hatay B\u00fcy\u00fck\u015fehir Belediyesi ve Belen Belediyesi\u2019ne organizasyon i\u00e7in te\u015fekk\u00fcr etti.<\/p>\n<p>\u200bHatay B\u00fcy\u00fck\u015fehir Belediyesi ile Belen Belediyesi\u2019nin i\u015f birli\u011finde d\u00fczenlenen iftar program\u0131nda, Ramazan ay\u0131n\u0131n manevi iklimi ve karde\u015flik ruhu bir kez daha hissedildi. Belen\u2019de ger\u00e7ekle\u015ftirilen organizasyona protokol \u00fcyeleri, mahalle muhtarlar\u0131, kamu kurum ve kurulu\u015flar\u0131n\u0131n temsilcileri, sivil toplum \u00f6rg\u00fctleri ve \u00e7ok say\u0131da vatanda\u015f kat\u0131ld\u0131.\u00a0<\/p>\n<p>\u200bHaberin Al\u0131nt\u0131land\u0131\u011f\u0131 Kaynak: www.iskenderun.org<\/p>","protected":false},"excerpt":{"rendered":"<p>Yo\u011fun kat\u0131l\u0131mla ger\u00e7ekle\u015fen programda, Ramazan ay\u0131n\u0131n payla\u015fma ve dayan\u0131\u015fma ruhuna uygun olarak birlik mesajlar\u0131 verildi. \u0130ftar \u00f6ncesi d\u00fczenlenen programda, Belen Belediye Ba\u015fkan\u0131 \u0130brahim G\u00fcl ve protokol \u00fcyeleri masalar\u0131 tek tek dola\u015farak vatanda\u015flarla sohbet etti. Belen Belediye Ba\u015fkan\u0131 \u0130brahim G\u00fcl, iftar \u00f6ncesi yapt\u0131\u011f\u0131 konu\u015fmada, \u201c Ramazan ay\u0131n\u0131n manevi atmosferini hep birlikte payla\u015fmak, birlik ve beraberli\u011fimizi peki\u015ftirmek amac\u0131yla Hatay B\u00fcy\u00fck\u015fehir Belediyemiz ile Belen Belediyemizin i\u015f birli\u011finde d\u00fczenledi\u011fimiz bu anlaml\u0131 iftar program\u0131na te\u015frif ederek bizleri onurland\u0131rd\u0131\u011f\u0131n\u0131z i\u00e7in hepinize en kalbi \u015f\u00fckranlar\u0131m\u0131 sunuyorum. Ho\u015f geldiniz, sefalar getirdiniz. M\u00fcbarek Ramazan ay\u0131; sadece ibadetlerin yerine getirildi\u011fi de\u011fil, ayn\u0131 zamanda toplumsal dayan\u0131\u015fman\u0131n, karde\u015flik hukukunun ve insani de\u011ferlerin en yo\u011fun \u015fekilde ya\u015fand\u0131\u011f\u0131 kutsal bir zaman dilimi. Bu ay bizlere payla\u015fman\u0131n, sabr\u0131n, ho\u015fg\u00f6r\u00fcn\u00fcn ve merhametin \u00f6nemini bir kez daha hat\u0131rlat\u0131r. Ramazan\u2019\u0131n ruhuna uygun olarak bug\u00fcn burada g\u00f6n\u00fcl sofram\u0131zda siz k\u0131ymetli misafirlerimizle bir araya gelmekten b\u00fcy\u00fck bir mutluluk duyuyoruz. Belen Belediyesi olarak, toplumun her kesimiyle g\u00f6n\u00fcl k\u00f6pr\u00fcleri kuran, sosyal dayan\u0131\u015fmay\u0131 art\u0131ran ve hem\u015ferilerimizin refah\u0131n\u0131 \u00f6nceleyen projeleri hayata ge\u00e7irmek ad\u0131na durmaks\u0131z\u0131n \u00e7al\u0131\u015f\u0131yoruz. Bu anlamda, Ramazan ay\u0131n\u0131n manevi iklimine uygun \u015fekilde Hatay B\u00fcy\u00fck\u015fehir Belediyemiz ile birlikte ger\u00e7ekle\u015ftirdi\u011fimiz bu organizasyon, kurumlar aras\u0131 i\u015f birli\u011finin ve hizmet anlay\u0131\u015f\u0131m\u0131z\u0131n da somut bir tezah\u00fcr\u00fcd\u00fcr. De\u011ferli misafirler, B\u00f6lgemizin ve \u00fclkemizin i\u00e7inde bulundu\u011fu s\u00fcre\u00e7te, toplumsal dayan\u0131\u015fma ve karde\u015flik &hellip;<\/p>","protected":false},"author":1,"featured_media":0,"comment_status":"","ping_status":"open","sticky":false,"template":"","format":"standard","meta":{"_acf_changed":false,"footnotes":""},"categories":[24],"tags":[],"class_list":["post-36439","post","type-post","status-publish","format-standard","has-post-thumbnail","hentry","category-gundem"],"acf":[],"yoast_head":"<!-- This site is optimized with the Yoast SEO Premium plugin v26.6 (Yoast SEO v27.1.1) - https:\/\/yoast.com\/product\/yoast-seo-premium-wordpress\/ -->\n<title>Ho\u015fg\u00f6r\u00fc Merhamet Ay\u0131 - Av. Deniz Can K\u0131z\u0131l<\/title>\n<meta name=\"robots\" content=\"index, follow, max-snippet:-1, max-image-preview:large, max-video-preview:-1\" \/>\n<link rel=\"canonical\" href=\"https:\/\/denizcankizil.tr\/ru\/haberler\/gundem\/hosgoru-merhamet-ayi\/\" \/>\n<meta property=\"og:locale\" content=\"ru_RU\" \/>\n<meta property=\"og:type\" content=\"article\" \/>\n<meta property=\"og:title\" content=\"Ho\u015fg\u00f6r\u00fc Merhamet Ay\u0131\" \/>\n<meta property=\"og:description\" content=\"Yo\u011fun kat\u0131l\u0131mla ger\u00e7ekle\u015fen programda, Ramazan ay\u0131n\u0131n payla\u015fma ve dayan\u0131\u015fma ruhuna uygun olarak birlik mesajlar\u0131 verildi. \u0130ftar \u00f6ncesi d\u00fczenlenen programda, Belen Belediye Ba\u015fkan\u0131 \u0130brahim G\u00fcl ve protokol \u00fcyeleri masalar\u0131 tek tek dola\u015farak vatanda\u015flarla sohbet etti. Belen Belediye Ba\u015fkan\u0131 \u0130brahim G\u00fcl, iftar \u00f6ncesi yapt\u0131\u011f\u0131 konu\u015fmada, \u201c Ramazan ay\u0131n\u0131n manevi atmosferini hep birlikte payla\u015fmak, birlik ve beraberli\u011fimizi peki\u015ftirmek amac\u0131yla Hatay B\u00fcy\u00fck\u015fehir Belediyemiz ile Belen Belediyemizin i\u015f birli\u011finde d\u00fczenledi\u011fimiz bu anlaml\u0131 iftar program\u0131na te\u015frif ederek bizleri onurland\u0131rd\u0131\u011f\u0131n\u0131z i\u00e7in hepinize en kalbi \u015f\u00fckranlar\u0131m\u0131 sunuyorum. Ho\u015f geldiniz, sefalar getirdiniz. M\u00fcbarek Ramazan ay\u0131; sadece ibadetlerin yerine getirildi\u011fi de\u011fil, ayn\u0131 zamanda toplumsal dayan\u0131\u015fman\u0131n, karde\u015flik hukukunun ve insani de\u011ferlerin en yo\u011fun \u015fekilde ya\u015fand\u0131\u011f\u0131 kutsal bir zaman dilimi. Bu ay bizlere payla\u015fman\u0131n, sabr\u0131n, ho\u015fg\u00f6r\u00fcn\u00fcn ve merhametin \u00f6nemini bir kez daha hat\u0131rlat\u0131r. Ramazan\u2019\u0131n ruhuna uygun olarak bug\u00fcn burada g\u00f6n\u00fcl sofram\u0131zda siz k\u0131ymetli misafirlerimizle bir araya gelmekten b\u00fcy\u00fck bir mutluluk duyuyoruz. Belen Belediyesi olarak, toplumun her kesimiyle g\u00f6n\u00fcl k\u00f6pr\u00fcleri kuran, sosyal dayan\u0131\u015fmay\u0131 art\u0131ran ve hem\u015ferilerimizin refah\u0131n\u0131 \u00f6nceleyen projeleri hayata ge\u00e7irmek ad\u0131na durmaks\u0131z\u0131n \u00e7al\u0131\u015f\u0131yoruz. Bu anlamda, Ramazan ay\u0131n\u0131n manevi iklimine uygun \u015fekilde Hatay B\u00fcy\u00fck\u015fehir Belediyemiz ile birlikte ger\u00e7ekle\u015ftirdi\u011fimiz bu organizasyon, kurumlar aras\u0131 i\u015f birli\u011finin ve hizmet anlay\u0131\u015f\u0131m\u0131z\u0131n da somut bir tezah\u00fcr\u00fcd\u00fcr. De\u011ferli misafirler, B\u00f6lgemizin ve \u00fclkemizin i\u00e7inde bulundu\u011fu s\u00fcre\u00e7te, toplumsal dayan\u0131\u015fma ve karde\u015flik &hellip;\" \/>\n<meta property=\"og:url\" content=\"https:\/\/denizcankizil.tr\/ru\/haberler\/gundem\/hosgoru-merhamet-ayi\/\" \/>\n<meta property=\"og:site_name\" content=\"Av. Deniz Can K\u0131z\u0131l\" \/>\n<meta property=\"article:published_time\" content=\"2025-03-21T06:41:20+00:00\" \/>\n<meta name=\"author\" content=\"admin\" \/>\n<meta name=\"twitter:card\" content=\"summary_large_image\" \/>\n<meta name=\"twitter:label1\" content=\"\u041d\u0430\u043f\u0438\u0441\u0430\u043d\u043e \u0430\u0432\u0442\u043e\u0440\u043e\u043c\" \/>\n\t<meta name=\"twitter:data1\" content=\"admin\" \/>\n\t<meta name=\"twitter:label2\" content=\"\u041f\u0440\u0438\u043c\u0435\u0440\u043d\u043e\u0435 \u0432\u0440\u0435\u043c\u044f \u0434\u043b\u044f \u0447\u0442\u0435\u043d\u0438\u044f\" \/>\n\t<meta name=\"twitter:data2\" content=\"3 \u043c\u0438\u043d\u0443\u0442\u044b\" \/>\n<script type=\"application\/ld+json\" class=\"yoast-schema-graph\">{\"@context\":\"https:\/\/schema.org\",\"@graph\":[{\"@type\":\"Article\",\"@id\":\"https:\/\/denizcankizil.tr\/ru\/haberler\/gundem\/hosgoru-merhamet-ayi\/#article\",\"isPartOf\":{\"@id\":\"https:\/\/denizcankizil.tr\/ru\/haberler\/gundem\/hosgoru-merhamet-ayi\/\"},\"author\":{\"name\":\"admin\",\"@id\":\"https:\/\/denizcankizil.tr\/de\/#\/schema\/person\/be3c05fe6a12686905512445d8185489\"},\"headline\":\"Ho\u015fg\u00f6r\u00fc Merhamet Ay\u0131\",\"datePublished\":\"2025-03-21T06:41:20+00:00\",\"mainEntityOfPage\":{\"@id\":\"https:\/\/denizcankizil.tr\/ru\/haberler\/gundem\/hosgoru-merhamet-ayi\/\"},\"wordCount\":537,\"publisher\":{\"@id\":\"https:\/\/denizcankizil.tr\/de\/#organization\"},\"articleSection\":[\"G\u00fcndem\"],\"inLanguage\":\"ru-RU\"},{\"@type\":\"WebPage\",\"@id\":\"https:\/\/denizcankizil.tr\/ru\/haberler\/gundem\/hosgoru-merhamet-ayi\/\",\"url\":\"https:\/\/denizcankizil.tr\/ru\/haberler\/gundem\/hosgoru-merhamet-ayi\/\",\"name\":\"Ho\u015fg\u00f6r\u00fc Merhamet Ay\u0131 - Av. Deniz Can K\u0131z\u0131l\",\"isPartOf\":{\"@id\":\"https:\/\/denizcankizil.tr\/de\/#website\"},\"datePublished\":\"2025-03-21T06:41:20+00:00\",\"breadcrumb\":{\"@id\":\"https:\/\/denizcankizil.tr\/ru\/haberler\/gundem\/hosgoru-merhamet-ayi\/#breadcrumb\"},\"inLanguage\":\"ru-RU\",\"potentialAction\":[{\"@type\":\"ReadAction\",\"target\":[\"https:\/\/denizcankizil.tr\/ru\/haberler\/gundem\/hosgoru-merhamet-ayi\/\"]}]},{\"@type\":\"BreadcrumbList\",\"@id\":\"https:\/\/denizcankizil.tr\/ru\/haberler\/gundem\/hosgoru-merhamet-ayi\/#breadcrumb\",\"itemListElement\":[{\"@type\":\"ListItem\",\"position\":1,\"name\":\"Home\",\"item\":\"https:\/\/denizcankizil.tr\/de\/\"},{\"@type\":\"ListItem\",\"position\":2,\"name\":\"Ho\u015fg\u00f6r\u00fc Merhamet Ay\u0131\"}]},{\"@type\":\"WebSite\",\"@id\":\"https:\/\/denizcankizil.tr\/de\/#website\",\"url\":\"https:\/\/denizcankizil.tr\/de\/\",\"name\":\"Av. Deniz Can K\u0131z\u0131l\",\"description\":\"Avukat Deniz Can K\u0131z\u0131l Antalya Barosu\",\"publisher\":{\"@id\":\"https:\/\/denizcankizil.tr\/de\/#organization\"},\"potentialAction\":[{\"@type\":\"SearchAction\",\"target\":{\"@type\":\"EntryPoint\",\"urlTemplate\":\"https:\/\/denizcankizil.tr\/de\/?s={search_term_string}\"},\"query-input\":{\"@type\":\"PropertyValueSpecification\",\"valueRequired\":true,\"valueName\":\"search_term_string\"}}],\"inLanguage\":\"ru-RU\"},{\"@type\":\"Organization\",\"@id\":\"https:\/\/denizcankizil.tr\/de\/#organization\",\"name\":\"Av. Deniz Can K\u0131z\u0131l\",\"url\":\"https:\/\/denizcankizil.tr\/de\/\",\"logo\":{\"@type\":\"ImageObject\",\"inLanguage\":\"ru-RU\",\"@id\":\"https:\/\/denizcankizil.tr\/de\/#\/schema\/logo\/image\/\",\"url\":\"https:\/\/denizcankizil.tr\/wp-content\/uploads\/2024\/10\/siyah-logo-svg.svg\",\"contentUrl\":\"https:\/\/denizcankizil.tr\/wp-content\/uploads\/2024\/10\/siyah-logo-svg.svg\",\"width\":1080,\"height\":1080,\"caption\":\"Av. Deniz Can K\u0131z\u0131l\"},\"image\":{\"@id\":\"https:\/\/denizcankizil.tr\/de\/#\/schema\/logo\/image\/\"}},{\"@type\":\"Person\",\"@id\":\"https:\/\/denizcankizil.tr\/de\/#\/schema\/person\/be3c05fe6a12686905512445d8185489\",\"name\":\"admin\",\"image\":{\"@type\":\"ImageObject\",\"inLanguage\":\"ru-RU\",\"@id\":\"https:\/\/denizcankizil.tr\/de\/#\/schema\/person\/image\/\",\"url\":\"https:\/\/secure.gravatar.com\/avatar\/c1fce94c830dc79107e174f890d7210541c4a63e8e5d816341794a2151c9d58c?s=96&d=mm&r=g\",\"contentUrl\":\"https:\/\/secure.gravatar.com\/avatar\/c1fce94c830dc79107e174f890d7210541c4a63e8e5d816341794a2151c9d58c?s=96&d=mm&r=g\",\"caption\":\"admin\"},\"sameAs\":[\"http:\/\/denizcankizil.tr\"],\"url\":\"https:\/\/www.iskenderun.org\/hosgoru-merhamet-ayi\"}]}<\/script>\n<!-- \/ Yoast SEO Premium plugin. -->","yoast_head_json":{"title":"Ho\u015fg\u00f6r\u00fc Merhamet Ay\u0131 - Av. Deniz Can K\u0131z\u0131l","robots":{"index":"index","follow":"follow","max-snippet":"max-snippet:-1","max-image-preview":"max-image-preview:large","max-video-preview":"max-video-preview:-1"},"canonical":"https:\/\/denizcankizil.tr\/ru\/haberler\/gundem\/hosgoru-merhamet-ayi\/","og_locale":"ru_RU","og_type":"article","og_title":"Ho\u015fg\u00f6r\u00fc Merhamet Ay\u0131","og_description":"Yo\u011fun kat\u0131l\u0131mla ger\u00e7ekle\u015fen programda, Ramazan ay\u0131n\u0131n payla\u015fma ve dayan\u0131\u015fma ruhuna uygun olarak birlik mesajlar\u0131 verildi. \u0130ftar \u00f6ncesi d\u00fczenlenen programda, Belen Belediye Ba\u015fkan\u0131 \u0130brahim G\u00fcl ve protokol \u00fcyeleri masalar\u0131 tek tek dola\u015farak vatanda\u015flarla sohbet etti. Belen Belediye Ba\u015fkan\u0131 \u0130brahim G\u00fcl, iftar \u00f6ncesi yapt\u0131\u011f\u0131 konu\u015fmada, \u201c Ramazan ay\u0131n\u0131n manevi atmosferini hep birlikte payla\u015fmak, birlik ve beraberli\u011fimizi peki\u015ftirmek amac\u0131yla Hatay B\u00fcy\u00fck\u015fehir Belediyemiz ile Belen Belediyemizin i\u015f birli\u011finde d\u00fczenledi\u011fimiz bu anlaml\u0131 iftar program\u0131na te\u015frif ederek bizleri onurland\u0131rd\u0131\u011f\u0131n\u0131z i\u00e7in hepinize en kalbi \u015f\u00fckranlar\u0131m\u0131 sunuyorum. Ho\u015f geldiniz, sefalar getirdiniz. M\u00fcbarek Ramazan ay\u0131; sadece ibadetlerin yerine getirildi\u011fi de\u011fil, ayn\u0131 zamanda toplumsal dayan\u0131\u015fman\u0131n, karde\u015flik hukukunun ve insani de\u011ferlerin en yo\u011fun \u015fekilde ya\u015fand\u0131\u011f\u0131 kutsal bir zaman dilimi. Bu ay bizlere payla\u015fman\u0131n, sabr\u0131n, ho\u015fg\u00f6r\u00fcn\u00fcn ve merhametin \u00f6nemini bir kez daha hat\u0131rlat\u0131r. Ramazan\u2019\u0131n ruhuna uygun olarak bug\u00fcn burada g\u00f6n\u00fcl sofram\u0131zda siz k\u0131ymetli misafirlerimizle bir araya gelmekten b\u00fcy\u00fck bir mutluluk duyuyoruz. Belen Belediyesi olarak, toplumun her kesimiyle g\u00f6n\u00fcl k\u00f6pr\u00fcleri kuran, sosyal dayan\u0131\u015fmay\u0131 art\u0131ran ve hem\u015ferilerimizin refah\u0131n\u0131 \u00f6nceleyen projeleri hayata ge\u00e7irmek ad\u0131na durmaks\u0131z\u0131n \u00e7al\u0131\u015f\u0131yoruz. Bu anlamda, Ramazan ay\u0131n\u0131n manevi iklimine uygun \u015fekilde Hatay B\u00fcy\u00fck\u015fehir Belediyemiz ile birlikte ger\u00e7ekle\u015ftirdi\u011fimiz bu organizasyon, kurumlar aras\u0131 i\u015f birli\u011finin ve hizmet anlay\u0131\u015f\u0131m\u0131z\u0131n da somut bir tezah\u00fcr\u00fcd\u00fcr. De\u011ferli misafirler, B\u00f6lgemizin ve \u00fclkemizin i\u00e7inde bulundu\u011fu s\u00fcre\u00e7te, toplumsal dayan\u0131\u015fma ve karde\u015flik &hellip;","og_url":"https:\/\/denizcankizil.tr\/ru\/haberler\/gundem\/hosgoru-merhamet-ayi\/","og_site_name":"Av. Deniz Can K\u0131z\u0131l","article_published_time":"2025-03-21T06:41:20+00:00","author":"admin","twitter_card":"summary_large_image","twitter_misc":{"\u041d\u0430\u043f\u0438\u0441\u0430\u043d\u043e \u0430\u0432\u0442\u043e\u0440\u043e\u043c":"admin","\u041f\u0440\u0438\u043c\u0435\u0440\u043d\u043e\u0435 \u0432\u0440\u0435\u043c\u044f \u0434\u043b\u044f \u0447\u0442\u0435\u043d\u0438\u044f":"3 \u043c\u0438\u043d\u0443\u0442\u044b"},"schema":{"@context":"https:\/\/schema.org","@graph":[{"@type":"Article","@id":"https:\/\/denizcankizil.tr\/ru\/haberler\/gundem\/hosgoru-merhamet-ayi\/#article","isPartOf":{"@id":"https:\/\/denizcankizil.tr\/ru\/haberler\/gundem\/hosgoru-merhamet-ayi\/"},"author":{"name":"admin","@id":"https:\/\/denizcankizil.tr\/de\/#\/schema\/person\/be3c05fe6a12686905512445d8185489"},"headline":"Ho\u015fg\u00f6r\u00fc Merhamet Ay\u0131","datePublished":"2025-03-21T06:41:20+00:00","mainEntityOfPage":{"@id":"https:\/\/denizcankizil.tr\/ru\/haberler\/gundem\/hosgoru-merhamet-ayi\/"},"wordCount":537,"publisher":{"@id":"https:\/\/denizcankizil.tr\/de\/#organization"},"articleSection":["G\u00fcndem"],"inLanguage":"ru-RU"},{"@type":"WebPage","@id":"https:\/\/denizcankizil.tr\/ru\/haberler\/gundem\/hosgoru-merhamet-ayi\/","url":"https:\/\/denizcankizil.tr\/ru\/haberler\/gundem\/hosgoru-merhamet-ayi\/","name":"Ho\u015fg\u00f6r\u00fc Merhamet Ay\u0131 - Av. Deniz Can K\u0131z\u0131l","isPartOf":{"@id":"https:\/\/denizcankizil.tr\/de\/#website"},"datePublished":"2025-03-21T06:41:20+00:00","breadcrumb":{"@id":"https:\/\/denizcankizil.tr\/ru\/haberler\/gundem\/hosgoru-merhamet-ayi\/#breadcrumb"},"inLanguage":"ru-RU","potentialAction":[{"@type":"ReadAction","target":["https:\/\/denizcankizil.tr\/ru\/haberler\/gundem\/hosgoru-merhamet-ayi\/"]}]},{"@type":"BreadcrumbList","@id":"https:\/\/denizcankizil.tr\/ru\/haberler\/gundem\/hosgoru-merhamet-ayi\/#breadcrumb","itemListElement":[{"@type":"ListItem","position":1,"name":"Home","item":"https:\/\/denizcankizil.tr\/de\/"},{"@type":"ListItem","position":2,"name":"Ho\u015fg\u00f6r\u00fc Merhamet Ay\u0131"}]},{"@type":"WebSite","@id":"https:\/\/denizcankizil.tr\/de\/#website","url":"https:\/\/denizcankizil.tr\/de\/","name":"Av. Deniz Can K\u0131z\u0131l","description":"Avukat Deniz Can K\u0131z\u0131l Antalya Barosu","publisher":{"@id":"https:\/\/denizcankizil.tr\/de\/#organization"},"potentialAction":[{"@type":"SearchAction","target":{"@type":"EntryPoint","urlTemplate":"https:\/\/denizcankizil.tr\/de\/?s={search_term_string}"},"query-input":{"@type":"PropertyValueSpecification","valueRequired":true,"valueName":"search_term_string"}}],"inLanguage":"ru-RU"},{"@type":"Organization","@id":"https:\/\/denizcankizil.tr\/de\/#organization","name":"Av. Deniz Can K\u0131z\u0131l","url":"https:\/\/denizcankizil.tr\/de\/","logo":{"@type":"ImageObject","inLanguage":"ru-RU","@id":"https:\/\/denizcankizil.tr\/de\/#\/schema\/logo\/image\/","url":"https:\/\/denizcankizil.tr\/wp-content\/uploads\/2024\/10\/siyah-logo-svg.svg","contentUrl":"https:\/\/denizcankizil.tr\/wp-content\/uploads\/2024\/10\/siyah-logo-svg.svg","width":1080,"height":1080,"caption":"Av. Deniz Can K\u0131z\u0131l"},"image":{"@id":"https:\/\/denizcankizil.tr\/de\/#\/schema\/logo\/image\/"}},{"@type":"Person","@id":"https:\/\/denizcankizil.tr\/de\/#\/schema\/person\/be3c05fe6a12686905512445d8185489","name":"\u0430\u0434\u043c\u0438\u043d","image":{"@type":"ImageObject","inLanguage":"ru-RU","@id":"https:\/\/denizcankizil.tr\/de\/#\/schema\/person\/image\/","url":"https:\/\/secure.gravatar.com\/avatar\/c1fce94c830dc79107e174f890d7210541c4a63e8e5d816341794a2151c9d58c?s=96&d=mm&r=g","contentUrl":"https:\/\/secure.gravatar.com\/avatar\/c1fce94c830dc79107e174f890d7210541c4a63e8e5d816341794a2151c9d58c?s=96&d=mm&r=g","caption":"admin"},"sameAs":["http:\/\/denizcankizil.tr"],"url":"https:\/\/www.iskenderun.org\/hosgoru-merhamet-ayi"}]}},"_links":{"self":[{"href":"https:\/\/denizcankizil.tr\/ru\/wp-json\/wp\/v2\/posts\/36439","targetHints":{"allow":["GET"]}}],"collection":[{"href":"https:\/\/denizcankizil.tr\/ru\/wp-json\/wp\/v2\/posts"}],"about":[{"href":"https:\/\/denizcankizil.tr\/ru\/wp-json\/wp\/v2\/types\/post"}],"author":[{"embeddable":true,"href":"https:\/\/denizcankizil.tr\/ru\/wp-json\/wp\/v2\/users\/1"}],"replies":[{"embeddable":true,"href":"https:\/\/denizcankizil.tr\/ru\/wp-json\/wp\/v2\/comments?post=36439"}],"version-history":[{"count":0,"href":"https:\/\/denizcankizil.tr\/ru\/wp-json\/wp\/v2\/posts\/36439\/revisions"}],"wp:attachment":[{"href":"https:\/\/denizcankizil.tr\/ru\/wp-json\/wp\/v2\/media?parent=36439"}],"wp:term":[{"taxonomy":"category","embeddable":true,"href":"https:\/\/denizcankizil.tr\/ru\/wp-json\/wp\/v2\/categories?post=36439"},{"taxonomy":"post_tag","embeddable":true,"href":"https:\/\/denizcankizil.tr\/ru\/wp-json\/wp\/v2\/tags?post=36439"}],"curies":[{"name":"wp","href":"https:\/\/api.w.org\/{rel}","templated":true}]}}