{"id":36409,"date":"2025-03-20T16:41:13","date_gmt":"2025-03-20T13:41:13","guid":{"rendered":"https:\/\/denizcankizil.tr\/uncategorized-tr\/antalya-arkeoloji-muzesi-ayni-alanda-yeniden-insa-edilecek\/"},"modified":"2025-03-20T16:41:13","modified_gmt":"2025-03-20T13:41:13","slug":"antalya-arkeoloji-muzesi-ayni-alanda-yeniden-insa-edilecek","status":"publish","type":"post","link":"https:\/\/denizcankizil.tr\/ru\/haberler\/antalya\/antalya-arkeoloji-muzesi-ayni-alanda-yeniden-insa-edilecek\/","title":{"rendered":"Antalya Arkeoloji M\u00fczesi ayn\u0131 alanda yeniden in\u015fa edilecek"},"content":{"rendered":"<p>Mevcut Antalya Arkeoloji M\u00fczesi&#8217;nin yenilenerek, ayn\u0131 konumunda daha modern bir yap\u0131ya d\u00f6n\u00fc\u015ft\u00fcr\u00fclmesi planlan\u0131yor. Proje tan\u0131t\u0131m\u0131, Antalya Arkeoloji M\u00fczesi Konferans Salonu&#8217;nda K\u00fclt\u00fcr Varl\u0131klar\u0131 ve M\u00fczeler Genel M\u00fcd\u00fcr\u00fc Birol \u0130ncecik\u00f6z ve Mimar Abdurrahman \u00c7ekim taraf\u0131ndan yap\u0131ld\u0131.<br \/>\nK\u00fclt\u00fcr Varl\u0131klar\u0131 ve M\u00fczeler Genel M\u00fcd\u00fcr\u00fc Birol \u0130ncecik\u00f6z, mevcut Antalya Arkeoloji M\u00fczesi binas\u0131n\u0131n 2020 y\u0131l\u0131nda yap\u0131lan deprem performans analizlerinde riskli \u00e7\u0131kt\u0131\u011f\u0131n\u0131 ve bu nedenle yeni bir m\u00fczeye ihtiya\u00e7 duyuldu\u011funu belirtti. Bakan Mehmet Nuri Ersoy&#8217;un talimatlar\u0131yla projenin tamamen d\u00f6ner sermaye gelirlerinden finansman sa\u011flanarak ger\u00e7ekle\u015ftirilece\u011fini a\u00e7\u0131klayan \u0130ncecik\u00f6z, projenin tasar\u0131m\u0131n\u0131 \u00fcstlenen Mimar Abdurrahman \u00c7ekim taraf\u0131ndan projenin bilabedel haz\u0131rland\u0131\u011f\u0131n\u0131 ifade etti.<\/p>\n<p>M\u00fcze ayn\u0131 yerinde yenilenerek, mevcut konumunu koruyacak<br \/>\nYeni m\u00fczede toplamda yakla\u015f\u0131k 20 bin metrekarelik kapal\u0131 alan olaca\u011f\u0131n\u0131 belirten Birol \u0130ncecik\u00f6z, mevcut m\u00fczeye ait eserlerin Karayollar\u0131 Genel M\u00fcd\u00fcrl\u00fc\u011f\u00fc&#8217;n\u00fcn bah\u00e7esinde olu\u015fturulacak ge\u00e7ici bir depolama alan\u0131na ta\u015f\u0131naca\u011f\u0131n\u0131 ve b\u00f6ylece ta\u015f\u0131ma maliyetinin minimize edilece\u011fini vurgulad\u0131. Projenin in\u015faat maliyetinin yakla\u015f\u0131k 2- 2 bu\u00e7uk milyar liray\u0131 bulaca\u011f\u0131n\u0131 aktaran \u0130ncecik\u00f6z, bu maliyetin tamamen K\u00fclt\u00fcr ve Turizm Bakanl\u0131\u011f\u0131&#8217;n\u0131n d\u00f6ner sermaye gelirlerinden kar\u015f\u0131lanaca\u011f\u0131n\u0131 belirtti.<br \/>\n2026 y\u0131l\u0131 sonunda tamamlanmas\u0131 hedeflenen projede, Antalya Arkeoloji M\u00fczesi&#8217;nin mevcut ye\u015fil alanlar\u0131 ve a\u011fa\u00e7 dokusu korunacak. \u00c7al\u0131\u015fanlar\u0131n ve eserlerin in\u015faat s\u00fcresince bir d\u00fczen i\u00e7erisinde korunmas\u0131 amac\u0131yla Hatay Arkeoloji M\u00fczesi&#8217;nde uygulanan bir model esas al\u0131narak ge\u00e7ici hangarlar kurulacak.<br \/>\nM\u00fczenin yenileme s\u00fcrecinde ziyaret\u00e7ilere tamamen kapat\u0131lmayaca\u011f\u0131n\u0131 belirten K\u00fclt\u00fcr Varl\u0131klar\u0131 ve M\u00fczeler Genel M\u00fcd\u00fcr\u00fc Birol \u0130ncecik\u00f6z, Hatay Arkeoloji M\u00fczesi&#8217;nde geli\u015ftirilen modelin burada da uygulanaca\u011f\u0131n\u0131 a\u00e7\u0131klad\u0131. \u0130ncecik\u00f6z, \u015f\u00f6yle devam etti: &#8220;6 \u015eubat depremlerinden sonra Hatay Arkeoloji M\u00fczesi&#8217;nde bir y\u0131k\u0131nt\u0131 olmu\u015ftu. Orada bir model geli\u015ftirdik. Demontable, ge\u00e7ici hangar, hafif malzemeli yapm\u0131\u015f oldu\u011fumuz kapal\u0131 alanlarla \u015fu anda Hatay Arkeoloji M\u00fczesi&#8217;nin hem \u00e7al\u0131\u015fanlar\u0131n\u0131 hem de eserlerini bir d\u00fczen \u015feklinde orada yeniden icra ettik. T\u0131pk\u0131 orada yapt\u0131\u011f\u0131m\u0131z gibi burada da benzer bir modeli in\u015faat bitene kadar Karayollar\u0131 Genel M\u00fcd\u00fcrl\u00fc\u011f\u00fc&#8217;m\u00fcz\u00fcn ge\u00e7ici olarak verdi\u011fi alanda yapaca\u011f\u0131z. Bu s\u00fcre\u00e7 i\u00e7erisinde elbette ki yine m\u00fczemiz gezilebilir depo m\u00fcze kapsam\u0131nda ama tabii bu projesini sundu\u011fumuz mahiyette ve tatta olmaz. Amac\u0131m\u0131z m\u00fczeyi iki y\u0131l boyunca kapatmak de\u011fil.&#8221;<br \/>\nAyr\u0131ca, m\u00fczede \u00e7al\u0131\u015fan ekiplerin ve laboratuvar birimlerinin de bu s\u00fcre\u00e7ten etkilenmeyece\u011fini belirten \u0130ncecik\u00f6z, \u00f6zellikle Antalya Konservasyon ve Restorasyon B\u00f6lge Laboratuvar\u0131 M\u00fcd\u00fcrl\u00fc\u011f\u00fc&#8217;n\u00fcn, yurt d\u0131\u015f\u0131ndan getirilen ve restorasyona ihtiya\u00e7 duyan eserler \u00fczerindeki \u00e7al\u0131\u015fmalar\u0131na devam edece\u011fini ifade etti. M\u00fczenin konumunun stratejik \u00f6neme sahip oldu\u011funu belirten \u0130ncecik\u00f6z, yenileme \u00e7al\u0131\u015fmalar\u0131n\u0131n h\u0131zla tamamlanarak m\u00fczenin tekrar tam kapasiteyle ziyarete a\u00e7\u0131lmas\u0131n\u0131 hedeflediklerini s\u00f6yledi.<\/p>\n<p>&#8216;M\u00fcze, tarihi bir ke\u015fif alan\u0131 olacak&#8217;<br \/>\nM\u00fczenin yeni tasar\u0131m\u0131n\u0131 \u00fcstlenen Mimar Abdurrahman \u00c7ekim, projede temel ilham\u0131n Perge Antik Kenti oldu\u011funu belirtti. Mevcut alan\u0131n incelemesi sonucunda \u00e7ok k\u0131ymetli bir a\u011fa\u00e7 dokusu oldu\u011funu vurgulayan \u00c7ekim, tasar\u0131m\u0131n bu do\u011fal yap\u0131y\u0131 koruyacak \u015fekilde haz\u0131rland\u0131\u011f\u0131n\u0131 ifade etti. \u00c7ekim, yeni m\u00fczede, farkl\u0131 d\u00f6nemlere ait koleksiyonlar\u0131n belirli a\u011f\u0131rl\u0131k merkezlerine g\u00f6re konumland\u0131r\u0131laca\u011f\u0131n\u0131 ve ziyaret\u00e7ilere adeta bir zaman yolculu\u011fu hissi ya\u015fat\u0131laca\u011f\u0131n\u0131 s\u00f6yledi.<br \/>\nM\u00fcze i\u00e7indeki rotalar\u0131n, ziyaret\u00e7ilerin dinlenerek ve \u00e7evreyi g\u00f6zlemleyerek ilerleyebilece\u011fi bir ke\u015fif s\u00fcreci sundu\u011funu aktaran \u00c7ekim, tasar\u0131m\u0131n i\u00e7inde mekansal olarak bilgi panolar\u0131n\u0131n ve interaktif alanlar\u0131n da bulunaca\u011f\u0131n\u0131 dile getirdi. \u00c7ekim, ayr\u0131ca Perge Antik Kenti&#8217;ndeki su yap\u0131lar\u0131ndan esinlenerek yeni m\u00fczenin belirli b\u00f6l\u00fcmlerinde su \u00f6\u011felerinin de yer alaca\u011f\u0131n\u0131 ifade ederek, m\u00fczenin, ziyaret\u00e7ilerin her b\u00f6l\u00fcm\u00fcn\u00fc tek bir seferde de\u011fil, farkl\u0131 zaman dilimlerinde ke\u015ffetmesine imkan tan\u0131yacak bir yap\u0131ya sahip olaca\u011f\u0131n\u0131 vurgulad\u0131.<\/p>\n<p>Uluslararas\u0131 d\u00fczeyde bir proje<br \/>\nGenel M\u00fcd\u00fcr Birol \u0130ncecik\u00f6z, yeni Antalya Arkeoloji M\u00fczesi&#8217;nin uluslararas\u0131 mimarl\u0131k \u00f6d\u00fcllerine aday olacak bir proje olarak tasarland\u0131\u011f\u0131n\u0131 belirtti. T\u00fcm detaylar\u0131n titizlikle planland\u0131\u011f\u0131 projede, yeni nesil m\u00fczecilik anlay\u0131\u015f\u0131n\u0131n benimsendi\u011fini ve d\u00fcnyada \u00f6rnek g\u00f6sterilecek bir m\u00fczeye sahip olunaca\u011f\u0131n\u0131 da s\u00f6zlerine ekledi.<br \/>\nMimar \u00c7ekim, tasar\u0131m\u0131n ziyaret\u00e7ileri sadece eserleri izleyen de\u011fil, mek\u00e2n\u0131 ke\u015ffeden ve deneyimleyen bir konsepte y\u00f6nlendirdi\u011fini vurgulad\u0131. Ge\u00e7mi\u015fin izlerini ta\u015f\u0131yan bir mimari anlay\u0131\u015fla yeni nesil m\u00fczecilik deneyiminin bulu\u015fturuldu\u011fu projede, Perge Antik Kenti&#8217;ne yap\u0131lan g\u00f6ndermeler dikkat \u00e7ekecek.<\/p>\n<p>Kaynak: www.kanalv.com.tr Haber Sitesinden Al\u0131nm\u0131\u015ft\u0131r.<\/p>","protected":false},"excerpt":{"rendered":"<p>Mevcut Antalya Arkeoloji M\u00fczesi&#8217;nin yenilenerek, ayn\u0131 konumunda daha modern bir yap\u0131ya d\u00f6n\u00fc\u015ft\u00fcr\u00fclmesi planlan\u0131yor. Proje tan\u0131t\u0131m\u0131, Antalya Arkeoloji M\u00fczesi Konferans Salonu&#8217;nda K\u00fclt\u00fcr Varl\u0131klar\u0131 ve M\u00fczeler Genel M\u00fcd\u00fcr\u00fc Birol \u0130ncecik\u00f6z ve Mimar Abdurrahman \u00c7ekim taraf\u0131ndan yap\u0131ld\u0131. K\u00fclt\u00fcr Varl\u0131klar\u0131 ve M\u00fczeler Genel M\u00fcd\u00fcr\u00fc Birol \u0130ncecik\u00f6z, mevcut Antalya Arkeoloji M\u00fczesi binas\u0131n\u0131n 2020 y\u0131l\u0131nda yap\u0131lan deprem performans analizlerinde riskli \u00e7\u0131kt\u0131\u011f\u0131n\u0131 ve bu nedenle yeni bir m\u00fczeye ihtiya\u00e7 duyuldu\u011funu belirtti. Bakan Mehmet Nuri Ersoy&#8217;un talimatlar\u0131yla projenin tamamen d\u00f6ner sermaye gelirlerinden finansman sa\u011flanarak ger\u00e7ekle\u015ftirilece\u011fini a\u00e7\u0131klayan \u0130ncecik\u00f6z, projenin tasar\u0131m\u0131n\u0131 \u00fcstlenen Mimar Abdurrahman \u00c7ekim taraf\u0131ndan projenin bilabedel haz\u0131rland\u0131\u011f\u0131n\u0131 ifade etti. M\u00fcze ayn\u0131 yerinde yenilenerek, mevcut konumunu koruyacak Yeni m\u00fczede toplamda yakla\u015f\u0131k 20 bin metrekarelik kapal\u0131 alan olaca\u011f\u0131n\u0131 belirten Birol \u0130ncecik\u00f6z, mevcut m\u00fczeye ait eserlerin Karayollar\u0131 Genel M\u00fcd\u00fcrl\u00fc\u011f\u00fc&#8217;n\u00fcn bah\u00e7esinde olu\u015fturulacak ge\u00e7ici bir depolama alan\u0131na ta\u015f\u0131naca\u011f\u0131n\u0131 ve b\u00f6ylece ta\u015f\u0131ma maliyetinin minimize edilece\u011fini vurgulad\u0131. Projenin in\u015faat maliyetinin yakla\u015f\u0131k 2- 2 bu\u00e7uk milyar liray\u0131 bulaca\u011f\u0131n\u0131 aktaran \u0130ncecik\u00f6z, bu maliyetin tamamen K\u00fclt\u00fcr ve Turizm Bakanl\u0131\u011f\u0131&#8217;n\u0131n d\u00f6ner sermaye gelirlerinden kar\u015f\u0131lanaca\u011f\u0131n\u0131 belirtti. 2026 y\u0131l\u0131 sonunda tamamlanmas\u0131 hedeflenen projede, Antalya Arkeoloji M\u00fczesi&#8217;nin mevcut ye\u015fil alanlar\u0131 ve a\u011fa\u00e7 dokusu korunacak. \u00c7al\u0131\u015fanlar\u0131n ve eserlerin in\u015faat s\u00fcresince bir d\u00fczen i\u00e7erisinde korunmas\u0131 amac\u0131yla Hatay Arkeoloji M\u00fczesi&#8217;nde uygulanan bir model esas al\u0131narak ge\u00e7ici hangarlar kurulacak. M\u00fczenin yenileme s\u00fcrecinde ziyaret\u00e7ilere tamamen kapat\u0131lmayaca\u011f\u0131n\u0131 belirten &hellip;<\/p>","protected":false},"author":4,"featured_media":36410,"comment_status":"","ping_status":"open","sticky":false,"template":"","format":"standard","meta":{"_acf_changed":false,"footnotes":""},"categories":[26],"tags":[],"class_list":["post-36409","post","type-post","status-publish","format-standard","has-post-thumbnail","hentry","category-antalya"],"acf":[],"yoast_head":"<!-- This site is optimized with the Yoast SEO Premium plugin v26.6 (Yoast SEO v27.1.1) - https:\/\/yoast.com\/product\/yoast-seo-premium-wordpress\/ -->\n<title>Antalya Arkeoloji M\u00fczesi ayn\u0131 alanda yeniden in\u015fa edilecek - Av. Deniz Can K\u0131z\u0131l<\/title>\n<meta name=\"robots\" content=\"index, follow, max-snippet:-1, max-image-preview:large, max-video-preview:-1\" \/>\n<link rel=\"canonical\" href=\"https:\/\/denizcankizil.tr\/ru\/haberler\/antalya\/antalya-arkeoloji-muzesi-ayni-alanda-yeniden-insa-edilecek\/\" \/>\n<meta property=\"og:locale\" content=\"ru_RU\" \/>\n<meta property=\"og:type\" content=\"article\" \/>\n<meta property=\"og:title\" content=\"Antalya Arkeoloji M\u00fczesi ayn\u0131 alanda yeniden in\u015fa edilecek\" \/>\n<meta property=\"og:description\" content=\"Mevcut Antalya Arkeoloji M\u00fczesi&#8217;nin yenilenerek, ayn\u0131 konumunda daha modern bir yap\u0131ya d\u00f6n\u00fc\u015ft\u00fcr\u00fclmesi planlan\u0131yor. Proje tan\u0131t\u0131m\u0131, Antalya Arkeoloji M\u00fczesi Konferans Salonu&#8217;nda K\u00fclt\u00fcr Varl\u0131klar\u0131 ve M\u00fczeler Genel M\u00fcd\u00fcr\u00fc Birol \u0130ncecik\u00f6z ve Mimar Abdurrahman \u00c7ekim taraf\u0131ndan yap\u0131ld\u0131. K\u00fclt\u00fcr Varl\u0131klar\u0131 ve M\u00fczeler Genel M\u00fcd\u00fcr\u00fc Birol \u0130ncecik\u00f6z, mevcut Antalya Arkeoloji M\u00fczesi binas\u0131n\u0131n 2020 y\u0131l\u0131nda yap\u0131lan deprem performans analizlerinde riskli \u00e7\u0131kt\u0131\u011f\u0131n\u0131 ve bu nedenle yeni bir m\u00fczeye ihtiya\u00e7 duyuldu\u011funu belirtti. Bakan Mehmet Nuri Ersoy&#8217;un talimatlar\u0131yla projenin tamamen d\u00f6ner sermaye gelirlerinden finansman sa\u011flanarak ger\u00e7ekle\u015ftirilece\u011fini a\u00e7\u0131klayan \u0130ncecik\u00f6z, projenin tasar\u0131m\u0131n\u0131 \u00fcstlenen Mimar Abdurrahman \u00c7ekim taraf\u0131ndan projenin bilabedel haz\u0131rland\u0131\u011f\u0131n\u0131 ifade etti. M\u00fcze ayn\u0131 yerinde yenilenerek, mevcut konumunu koruyacak Yeni m\u00fczede toplamda yakla\u015f\u0131k 20 bin metrekarelik kapal\u0131 alan olaca\u011f\u0131n\u0131 belirten Birol \u0130ncecik\u00f6z, mevcut m\u00fczeye ait eserlerin Karayollar\u0131 Genel M\u00fcd\u00fcrl\u00fc\u011f\u00fc&#8217;n\u00fcn bah\u00e7esinde olu\u015fturulacak ge\u00e7ici bir depolama alan\u0131na ta\u015f\u0131naca\u011f\u0131n\u0131 ve b\u00f6ylece ta\u015f\u0131ma maliyetinin minimize edilece\u011fini vurgulad\u0131. Projenin in\u015faat maliyetinin yakla\u015f\u0131k 2- 2 bu\u00e7uk milyar liray\u0131 bulaca\u011f\u0131n\u0131 aktaran \u0130ncecik\u00f6z, bu maliyetin tamamen K\u00fclt\u00fcr ve Turizm Bakanl\u0131\u011f\u0131&#8217;n\u0131n d\u00f6ner sermaye gelirlerinden kar\u015f\u0131lanaca\u011f\u0131n\u0131 belirtti. 2026 y\u0131l\u0131 sonunda tamamlanmas\u0131 hedeflenen projede, Antalya Arkeoloji M\u00fczesi&#8217;nin mevcut ye\u015fil alanlar\u0131 ve a\u011fa\u00e7 dokusu korunacak. \u00c7al\u0131\u015fanlar\u0131n ve eserlerin in\u015faat s\u00fcresince bir d\u00fczen i\u00e7erisinde korunmas\u0131 amac\u0131yla Hatay Arkeoloji M\u00fczesi&#8217;nde uygulanan bir model esas al\u0131narak ge\u00e7ici hangarlar kurulacak. M\u00fczenin yenileme s\u00fcrecinde ziyaret\u00e7ilere tamamen kapat\u0131lmayaca\u011f\u0131n\u0131 belirten &hellip;\" \/>\n<meta property=\"og:url\" content=\"https:\/\/denizcankizil.tr\/ru\/haberler\/antalya\/antalya-arkeoloji-muzesi-ayni-alanda-yeniden-insa-edilecek\/\" \/>\n<meta property=\"og:site_name\" content=\"Av. Deniz Can K\u0131z\u0131l\" \/>\n<meta property=\"article:published_time\" content=\"2025-03-20T13:41:13+00:00\" \/>\n<meta property=\"og:image\" content=\"https:\/\/denizcankizil.tr\/wp-content\/uploads\/2025\/03\/5628-01-dxfFjq.jpeg\" \/>\n\t<meta property=\"og:image:width\" content=\"1280\" \/>\n\t<meta property=\"og:image:height\" content=\"720\" \/>\n\t<meta property=\"og:image:type\" content=\"image\/jpeg\" \/>\n<meta name=\"author\" content=\"Av. Deniz Can K\u0131z\u0131l\" \/>\n<meta name=\"twitter:card\" content=\"summary_large_image\" \/>\n<meta name=\"twitter:label1\" content=\"\u041d\u0430\u043f\u0438\u0441\u0430\u043d\u043e \u0430\u0432\u0442\u043e\u0440\u043e\u043c\" \/>\n\t<meta name=\"twitter:data1\" content=\"Av. Deniz Can K\u0131z\u0131l\" \/>\n\t<meta name=\"twitter:label2\" content=\"\u041f\u0440\u0438\u043c\u0435\u0440\u043d\u043e\u0435 \u0432\u0440\u0435\u043c\u044f \u0434\u043b\u044f \u0447\u0442\u0435\u043d\u0438\u044f\" \/>\n\t<meta name=\"twitter:data2\" content=\"4 \u043c\u0438\u043d\u0443\u0442\u044b\" \/>\n<script type=\"application\/ld+json\" class=\"yoast-schema-graph\">{\"@context\":\"https:\/\/schema.org\",\"@graph\":[{\"@type\":\"Article\",\"@id\":\"https:\/\/denizcankizil.tr\/ru\/haberler\/antalya\/antalya-arkeoloji-muzesi-ayni-alanda-yeniden-insa-edilecek\/#article\",\"isPartOf\":{\"@id\":\"https:\/\/denizcankizil.tr\/ru\/haberler\/antalya\/antalya-arkeoloji-muzesi-ayni-alanda-yeniden-insa-edilecek\/\"},\"author\":{\"name\":\"Av. Deniz Can K\u0131z\u0131l\",\"@id\":\"https:\/\/denizcankizil.tr\/#\/schema\/person\/5dc1b22991bd7ac833867c10afc9b0ff\"},\"headline\":\"Antalya Arkeoloji M\u00fczesi ayn\u0131 alanda yeniden in\u015fa edilecek\",\"datePublished\":\"2025-03-20T13:41:13+00:00\",\"mainEntityOfPage\":{\"@id\":\"https:\/\/denizcankizil.tr\/ru\/haberler\/antalya\/antalya-arkeoloji-muzesi-ayni-alanda-yeniden-insa-edilecek\/\"},\"wordCount\":869,\"publisher\":{\"@id\":\"https:\/\/denizcankizil.tr\/#organization\"},\"image\":{\"@id\":\"https:\/\/denizcankizil.tr\/ru\/haberler\/antalya\/antalya-arkeoloji-muzesi-ayni-alanda-yeniden-insa-edilecek\/#primaryimage\"},\"thumbnailUrl\":\"https:\/\/denizcankizil.tr\/wp-content\/uploads\/2025\/03\/5628-01-dxfFjq.jpeg\",\"articleSection\":[\"Antalya\"],\"inLanguage\":\"ru-RU\"},{\"@type\":\"WebPage\",\"@id\":\"https:\/\/denizcankizil.tr\/ru\/haberler\/antalya\/antalya-arkeoloji-muzesi-ayni-alanda-yeniden-insa-edilecek\/\",\"url\":\"https:\/\/denizcankizil.tr\/ru\/haberler\/antalya\/antalya-arkeoloji-muzesi-ayni-alanda-yeniden-insa-edilecek\/\",\"name\":\"Antalya Arkeoloji M\u00fczesi ayn\u0131 alanda yeniden in\u015fa edilecek - Av. Deniz Can K\u0131z\u0131l\",\"isPartOf\":{\"@id\":\"https:\/\/denizcankizil.tr\/#website\"},\"primaryImageOfPage\":{\"@id\":\"https:\/\/denizcankizil.tr\/ru\/haberler\/antalya\/antalya-arkeoloji-muzesi-ayni-alanda-yeniden-insa-edilecek\/#primaryimage\"},\"image\":{\"@id\":\"https:\/\/denizcankizil.tr\/ru\/haberler\/antalya\/antalya-arkeoloji-muzesi-ayni-alanda-yeniden-insa-edilecek\/#primaryimage\"},\"thumbnailUrl\":\"https:\/\/denizcankizil.tr\/wp-content\/uploads\/2025\/03\/5628-01-dxfFjq.jpeg\",\"datePublished\":\"2025-03-20T13:41:13+00:00\",\"breadcrumb\":{\"@id\":\"https:\/\/denizcankizil.tr\/ru\/haberler\/antalya\/antalya-arkeoloji-muzesi-ayni-alanda-yeniden-insa-edilecek\/#breadcrumb\"},\"inLanguage\":\"ru-RU\",\"potentialAction\":[{\"@type\":\"ReadAction\",\"target\":[\"https:\/\/denizcankizil.tr\/ru\/haberler\/antalya\/antalya-arkeoloji-muzesi-ayni-alanda-yeniden-insa-edilecek\/\"]}]},{\"@type\":\"ImageObject\",\"inLanguage\":\"ru-RU\",\"@id\":\"https:\/\/denizcankizil.tr\/ru\/haberler\/antalya\/antalya-arkeoloji-muzesi-ayni-alanda-yeniden-insa-edilecek\/#primaryimage\",\"url\":\"https:\/\/denizcankizil.tr\/wp-content\/uploads\/2025\/03\/5628-01-dxfFjq.jpeg\",\"contentUrl\":\"https:\/\/denizcankizil.tr\/wp-content\/uploads\/2025\/03\/5628-01-dxfFjq.jpeg\",\"width\":1280,\"height\":720},{\"@type\":\"BreadcrumbList\",\"@id\":\"https:\/\/denizcankizil.tr\/ru\/haberler\/antalya\/antalya-arkeoloji-muzesi-ayni-alanda-yeniden-insa-edilecek\/#breadcrumb\",\"itemListElement\":[{\"@type\":\"ListItem\",\"position\":1,\"name\":\"Home\",\"item\":\"https:\/\/denizcankizil.tr\/de\/\"},{\"@type\":\"ListItem\",\"position\":2,\"name\":\"Antalya Arkeoloji M\u00fczesi ayn\u0131 alanda yeniden in\u015fa edilecek\"}]},{\"@type\":\"WebSite\",\"@id\":\"https:\/\/denizcankizil.tr\/#website\",\"url\":\"https:\/\/denizcankizil.tr\/\",\"name\":\"Av. Deniz Can K\u0131z\u0131l\",\"description\":\"Avukat Deniz Can K\u0131z\u0131l Antalya Barosu\",\"publisher\":{\"@id\":\"https:\/\/denizcankizil.tr\/#organization\"},\"potentialAction\":[{\"@type\":\"SearchAction\",\"target\":{\"@type\":\"EntryPoint\",\"urlTemplate\":\"https:\/\/denizcankizil.tr\/?s={search_term_string}\"},\"query-input\":{\"@type\":\"PropertyValueSpecification\",\"valueRequired\":true,\"valueName\":\"search_term_string\"}}],\"inLanguage\":\"ru-RU\"},{\"@type\":\"Organization\",\"@id\":\"https:\/\/denizcankizil.tr\/#organization\",\"name\":\"Av. Deniz Can K\u0131z\u0131l\",\"url\":\"https:\/\/denizcankizil.tr\/\",\"logo\":{\"@type\":\"ImageObject\",\"inLanguage\":\"ru-RU\",\"@id\":\"https:\/\/denizcankizil.tr\/#\/schema\/logo\/image\/\",\"url\":\"https:\/\/denizcankizil.tr\/wp-content\/uploads\/2024\/10\/siyah-logo-svg.svg\",\"contentUrl\":\"https:\/\/denizcankizil.tr\/wp-content\/uploads\/2024\/10\/siyah-logo-svg.svg\",\"width\":1080,\"height\":1080,\"caption\":\"Av. Deniz Can K\u0131z\u0131l\"},\"image\":{\"@id\":\"https:\/\/denizcankizil.tr\/#\/schema\/logo\/image\/\"}},{\"@type\":\"Person\",\"@id\":\"https:\/\/denizcankizil.tr\/#\/schema\/person\/5dc1b22991bd7ac833867c10afc9b0ff\",\"name\":\"Av. Deniz Can K\u0131z\u0131l\",\"image\":{\"@type\":\"ImageObject\",\"inLanguage\":\"ru-RU\",\"@id\":\"https:\/\/denizcankizil.tr\/#\/schema\/person\/image\/\",\"url\":\"https:\/\/secure.gravatar.com\/avatar\/a0b128fb9855c79efc976d5640eedb31dc35ec297594d6016d2cf7c60e975bb6?s=96&d=mm&r=g\",\"contentUrl\":\"https:\/\/secure.gravatar.com\/avatar\/a0b128fb9855c79efc976d5640eedb31dc35ec297594d6016d2cf7c60e975bb6?s=96&d=mm&r=g\",\"caption\":\"Av. Deniz Can K\u0131z\u0131l\"},\"sameAs\":[\"http:\/\/www.denizcankizil.tr\"],\"url\":\"https:\/\/denizcankizil.tr\/ru\/author\/denizcankizil\/\"}]}<\/script>\n<!-- \/ Yoast SEO Premium plugin. -->","yoast_head_json":{"title":"Antalya Arkeoloji M\u00fczesi ayn\u0131 alanda yeniden in\u015fa edilecek - Av. Deniz Can K\u0131z\u0131l","robots":{"index":"index","follow":"follow","max-snippet":"max-snippet:-1","max-image-preview":"max-image-preview:large","max-video-preview":"max-video-preview:-1"},"canonical":"https:\/\/denizcankizil.tr\/ru\/haberler\/antalya\/antalya-arkeoloji-muzesi-ayni-alanda-yeniden-insa-edilecek\/","og_locale":"ru_RU","og_type":"article","og_title":"Antalya Arkeoloji M\u00fczesi ayn\u0131 alanda yeniden in\u015fa edilecek","og_description":"Mevcut Antalya Arkeoloji M\u00fczesi&#8217;nin yenilenerek, ayn\u0131 konumunda daha modern bir yap\u0131ya d\u00f6n\u00fc\u015ft\u00fcr\u00fclmesi planlan\u0131yor. Proje tan\u0131t\u0131m\u0131, Antalya Arkeoloji M\u00fczesi Konferans Salonu&#8217;nda K\u00fclt\u00fcr Varl\u0131klar\u0131 ve M\u00fczeler Genel M\u00fcd\u00fcr\u00fc Birol \u0130ncecik\u00f6z ve Mimar Abdurrahman \u00c7ekim taraf\u0131ndan yap\u0131ld\u0131. K\u00fclt\u00fcr Varl\u0131klar\u0131 ve M\u00fczeler Genel M\u00fcd\u00fcr\u00fc Birol \u0130ncecik\u00f6z, mevcut Antalya Arkeoloji M\u00fczesi binas\u0131n\u0131n 2020 y\u0131l\u0131nda yap\u0131lan deprem performans analizlerinde riskli \u00e7\u0131kt\u0131\u011f\u0131n\u0131 ve bu nedenle yeni bir m\u00fczeye ihtiya\u00e7 duyuldu\u011funu belirtti. Bakan Mehmet Nuri Ersoy&#8217;un talimatlar\u0131yla projenin tamamen d\u00f6ner sermaye gelirlerinden finansman sa\u011flanarak ger\u00e7ekle\u015ftirilece\u011fini a\u00e7\u0131klayan \u0130ncecik\u00f6z, projenin tasar\u0131m\u0131n\u0131 \u00fcstlenen Mimar Abdurrahman \u00c7ekim taraf\u0131ndan projenin bilabedel haz\u0131rland\u0131\u011f\u0131n\u0131 ifade etti. M\u00fcze ayn\u0131 yerinde yenilenerek, mevcut konumunu koruyacak Yeni m\u00fczede toplamda yakla\u015f\u0131k 20 bin metrekarelik kapal\u0131 alan olaca\u011f\u0131n\u0131 belirten Birol \u0130ncecik\u00f6z, mevcut m\u00fczeye ait eserlerin Karayollar\u0131 Genel M\u00fcd\u00fcrl\u00fc\u011f\u00fc&#8217;n\u00fcn bah\u00e7esinde olu\u015fturulacak ge\u00e7ici bir depolama alan\u0131na ta\u015f\u0131naca\u011f\u0131n\u0131 ve b\u00f6ylece ta\u015f\u0131ma maliyetinin minimize edilece\u011fini vurgulad\u0131. Projenin in\u015faat maliyetinin yakla\u015f\u0131k 2- 2 bu\u00e7uk milyar liray\u0131 bulaca\u011f\u0131n\u0131 aktaran \u0130ncecik\u00f6z, bu maliyetin tamamen K\u00fclt\u00fcr ve Turizm Bakanl\u0131\u011f\u0131&#8217;n\u0131n d\u00f6ner sermaye gelirlerinden kar\u015f\u0131lanaca\u011f\u0131n\u0131 belirtti. 2026 y\u0131l\u0131 sonunda tamamlanmas\u0131 hedeflenen projede, Antalya Arkeoloji M\u00fczesi&#8217;nin mevcut ye\u015fil alanlar\u0131 ve a\u011fa\u00e7 dokusu korunacak. \u00c7al\u0131\u015fanlar\u0131n ve eserlerin in\u015faat s\u00fcresince bir d\u00fczen i\u00e7erisinde korunmas\u0131 amac\u0131yla Hatay Arkeoloji M\u00fczesi&#8217;nde uygulanan bir model esas al\u0131narak ge\u00e7ici hangarlar kurulacak. M\u00fczenin yenileme s\u00fcrecinde ziyaret\u00e7ilere tamamen kapat\u0131lmayaca\u011f\u0131n\u0131 belirten &hellip;","og_url":"https:\/\/denizcankizil.tr\/ru\/haberler\/antalya\/antalya-arkeoloji-muzesi-ayni-alanda-yeniden-insa-edilecek\/","og_site_name":"Av. Deniz Can K\u0131z\u0131l","article_published_time":"2025-03-20T13:41:13+00:00","og_image":[{"width":1280,"height":720,"url":"https:\/\/denizcankizil.tr\/wp-content\/uploads\/2025\/03\/5628-01-dxfFjq.jpeg","type":"image\/jpeg"}],"author":"Av. Deniz Can K\u0131z\u0131l","twitter_card":"summary_large_image","twitter_misc":{"\u041d\u0430\u043f\u0438\u0441\u0430\u043d\u043e \u0430\u0432\u0442\u043e\u0440\u043e\u043c":"Av. Deniz Can K\u0131z\u0131l","\u041f\u0440\u0438\u043c\u0435\u0440\u043d\u043e\u0435 \u0432\u0440\u0435\u043c\u044f \u0434\u043b\u044f \u0447\u0442\u0435\u043d\u0438\u044f":"4 \u043c\u0438\u043d\u0443\u0442\u044b"},"schema":{"@context":"https:\/\/schema.org","@graph":[{"@type":"Article","@id":"https:\/\/denizcankizil.tr\/ru\/haberler\/antalya\/antalya-arkeoloji-muzesi-ayni-alanda-yeniden-insa-edilecek\/#article","isPartOf":{"@id":"https:\/\/denizcankizil.tr\/ru\/haberler\/antalya\/antalya-arkeoloji-muzesi-ayni-alanda-yeniden-insa-edilecek\/"},"author":{"name":"Av. Deniz Can K\u0131z\u0131l","@id":"https:\/\/denizcankizil.tr\/#\/schema\/person\/5dc1b22991bd7ac833867c10afc9b0ff"},"headline":"Antalya Arkeoloji M\u00fczesi ayn\u0131 alanda yeniden in\u015fa edilecek","datePublished":"2025-03-20T13:41:13+00:00","mainEntityOfPage":{"@id":"https:\/\/denizcankizil.tr\/ru\/haberler\/antalya\/antalya-arkeoloji-muzesi-ayni-alanda-yeniden-insa-edilecek\/"},"wordCount":869,"publisher":{"@id":"https:\/\/denizcankizil.tr\/#organization"},"image":{"@id":"https:\/\/denizcankizil.tr\/ru\/haberler\/antalya\/antalya-arkeoloji-muzesi-ayni-alanda-yeniden-insa-edilecek\/#primaryimage"},"thumbnailUrl":"https:\/\/denizcankizil.tr\/wp-content\/uploads\/2025\/03\/5628-01-dxfFjq.jpeg","articleSection":["Antalya"],"inLanguage":"ru-RU"},{"@type":"WebPage","@id":"https:\/\/denizcankizil.tr\/ru\/haberler\/antalya\/antalya-arkeoloji-muzesi-ayni-alanda-yeniden-insa-edilecek\/","url":"https:\/\/denizcankizil.tr\/ru\/haberler\/antalya\/antalya-arkeoloji-muzesi-ayni-alanda-yeniden-insa-edilecek\/","name":"Antalya Arkeoloji M\u00fczesi ayn\u0131 alanda yeniden in\u015fa edilecek - Av. Deniz Can K\u0131z\u0131l","isPartOf":{"@id":"https:\/\/denizcankizil.tr\/#website"},"primaryImageOfPage":{"@id":"https:\/\/denizcankizil.tr\/ru\/haberler\/antalya\/antalya-arkeoloji-muzesi-ayni-alanda-yeniden-insa-edilecek\/#primaryimage"},"image":{"@id":"https:\/\/denizcankizil.tr\/ru\/haberler\/antalya\/antalya-arkeoloji-muzesi-ayni-alanda-yeniden-insa-edilecek\/#primaryimage"},"thumbnailUrl":"https:\/\/denizcankizil.tr\/wp-content\/uploads\/2025\/03\/5628-01-dxfFjq.jpeg","datePublished":"2025-03-20T13:41:13+00:00","breadcrumb":{"@id":"https:\/\/denizcankizil.tr\/ru\/haberler\/antalya\/antalya-arkeoloji-muzesi-ayni-alanda-yeniden-insa-edilecek\/#breadcrumb"},"inLanguage":"ru-RU","potentialAction":[{"@type":"ReadAction","target":["https:\/\/denizcankizil.tr\/ru\/haberler\/antalya\/antalya-arkeoloji-muzesi-ayni-alanda-yeniden-insa-edilecek\/"]}]},{"@type":"ImageObject","inLanguage":"ru-RU","@id":"https:\/\/denizcankizil.tr\/ru\/haberler\/antalya\/antalya-arkeoloji-muzesi-ayni-alanda-yeniden-insa-edilecek\/#primaryimage","url":"https:\/\/denizcankizil.tr\/wp-content\/uploads\/2025\/03\/5628-01-dxfFjq.jpeg","contentUrl":"https:\/\/denizcankizil.tr\/wp-content\/uploads\/2025\/03\/5628-01-dxfFjq.jpeg","width":1280,"height":720},{"@type":"BreadcrumbList","@id":"https:\/\/denizcankizil.tr\/ru\/haberler\/antalya\/antalya-arkeoloji-muzesi-ayni-alanda-yeniden-insa-edilecek\/#breadcrumb","itemListElement":[{"@type":"ListItem","position":1,"name":"Home","item":"https:\/\/denizcankizil.tr\/de\/"},{"@type":"ListItem","position":2,"name":"Antalya Arkeoloji M\u00fczesi ayn\u0131 alanda yeniden in\u015fa edilecek"}]},{"@type":"WebSite","@id":"https:\/\/denizcankizil.tr\/#website","url":"https:\/\/denizcankizil.tr\/","name":"Av. Deniz Can K\u0131z\u0131l","description":"Avukat Deniz Can K\u0131z\u0131l Antalya Barosu","publisher":{"@id":"https:\/\/denizcankizil.tr\/#organization"},"potentialAction":[{"@type":"SearchAction","target":{"@type":"EntryPoint","urlTemplate":"https:\/\/denizcankizil.tr\/?s={search_term_string}"},"query-input":{"@type":"PropertyValueSpecification","valueRequired":true,"valueName":"search_term_string"}}],"inLanguage":"ru-RU"},{"@type":"Organization","@id":"https:\/\/denizcankizil.tr\/#organization","name":"Av. Deniz Can K\u0131z\u0131l","url":"https:\/\/denizcankizil.tr\/","logo":{"@type":"ImageObject","inLanguage":"ru-RU","@id":"https:\/\/denizcankizil.tr\/#\/schema\/logo\/image\/","url":"https:\/\/denizcankizil.tr\/wp-content\/uploads\/2024\/10\/siyah-logo-svg.svg","contentUrl":"https:\/\/denizcankizil.tr\/wp-content\/uploads\/2024\/10\/siyah-logo-svg.svg","width":1080,"height":1080,"caption":"Av. Deniz Can K\u0131z\u0131l"},"image":{"@id":"https:\/\/denizcankizil.tr\/#\/schema\/logo\/image\/"}},{"@type":"Person","@id":"https:\/\/denizcankizil.tr\/#\/schema\/person\/5dc1b22991bd7ac833867c10afc9b0ff","name":"Av. Deniz Can K\u0131z\u0131l","image":{"@type":"ImageObject","inLanguage":"ru-RU","@id":"https:\/\/denizcankizil.tr\/#\/schema\/person\/image\/","url":"https:\/\/secure.gravatar.com\/avatar\/a0b128fb9855c79efc976d5640eedb31dc35ec297594d6016d2cf7c60e975bb6?s=96&d=mm&r=g","contentUrl":"https:\/\/secure.gravatar.com\/avatar\/a0b128fb9855c79efc976d5640eedb31dc35ec297594d6016d2cf7c60e975bb6?s=96&d=mm&r=g","caption":"Av. Deniz Can K\u0131z\u0131l"},"sameAs":["http:\/\/www.denizcankizil.tr"],"url":"https:\/\/denizcankizil.tr\/ru\/author\/denizcankizil\/"}]}},"_links":{"self":[{"href":"https:\/\/denizcankizil.tr\/ru\/wp-json\/wp\/v2\/posts\/36409","targetHints":{"allow":["GET"]}}],"collection":[{"href":"https:\/\/denizcankizil.tr\/ru\/wp-json\/wp\/v2\/posts"}],"about":[{"href":"https:\/\/denizcankizil.tr\/ru\/wp-json\/wp\/v2\/types\/post"}],"author":[{"embeddable":true,"href":"https:\/\/denizcankizil.tr\/ru\/wp-json\/wp\/v2\/users\/4"}],"replies":[{"embeddable":true,"href":"https:\/\/denizcankizil.tr\/ru\/wp-json\/wp\/v2\/comments?post=36409"}],"version-history":[{"count":0,"href":"https:\/\/denizcankizil.tr\/ru\/wp-json\/wp\/v2\/posts\/36409\/revisions"}],"wp:featuredmedia":[{"embeddable":true,"href":"https:\/\/denizcankizil.tr\/ru\/wp-json\/wp\/v2\/media\/36410"}],"wp:attachment":[{"href":"https:\/\/denizcankizil.tr\/ru\/wp-json\/wp\/v2\/media?parent=36409"}],"wp:term":[{"taxonomy":"category","embeddable":true,"href":"https:\/\/denizcankizil.tr\/ru\/wp-json\/wp\/v2\/categories?post=36409"},{"taxonomy":"post_tag","embeddable":true,"href":"https:\/\/denizcankizil.tr\/ru\/wp-json\/wp\/v2\/tags?post=36409"}],"curies":[{"name":"wp","href":"https:\/\/api.w.org\/{rel}","templated":true}]}}