{"id":36372,"date":"2025-03-20T12:41:14","date_gmt":"2025-03-20T09:41:14","guid":{"rendered":"https:\/\/denizcankizil.tr\/uncategorized-tr\/antalya-konya-kara-yolu-arac-trafigine-acildi\/"},"modified":"2025-03-20T12:41:14","modified_gmt":"2025-03-20T09:41:14","slug":"antalya-konya-kara-yolu-arac-trafigine-acildi","status":"publish","type":"post","link":"https:\/\/denizcankizil.tr\/ru\/haberler\/antalya\/antalya-konya-kara-yolu-arac-trafigine-acildi\/","title":{"rendered":"Antalya-Konya kara yolu ara\u00e7 trafi\u011fine a\u00e7\u0131ld\u0131"},"content":{"rendered":"<p>Ge\u00e7ti\u011fimiz g\u00fcnlerde bahar havas\u0131 ya\u015fayan Antalya\u2019da hava s\u0131cakl\u0131\u011f\u0131n\u0131n d\u00fc\u015fmesi ile birlikte i\u00e7 kesimlerde yerini kara b\u0131rakt\u0131. D\u00fcn sabah saatlerinde Antalya\u2019y\u0131 Konya\u2019ya ba\u011flayan Akseki-Seydi\u015fehir karayolunda Akseki\u2019nin Yarpuz mahallesinden itibaren Konya\u2019n\u0131n Seydi\u015fehir il\u00e7esine kadar devam etti. B\u00f6lgede etkili olan kar ya\u011f\u0131\u015f\u0131 d\u00fcn ak\u015fam saatlerinde tipi ve f\u0131rt\u0131na etkili oldu. 1825 rak\u0131ml\u0131 Alacabel mevkiinde hava s\u0131cakl\u0131\u011f\u0131n\u0131n eksi 10-15 dereceye kadar d\u00fc\u015fmesi ile birlikte kar ya\u011f\u0131\u015f\u0131 yerini tipi ve f\u0131rt\u0131naya \u00e7evirdi. Ya\u011fan kar ve etkili tipi nedeniyle g\u00f6r\u00fc\u015f mesafesi s\u0131f\u0131ra d\u00fc\u015fm\u00fc\u015f, yolda buzlanma meydana geldi. Karayolu d\u00fcn ak\u015fam saat 15.30 s\u0131ralar\u0131nda Akseki ve Seydi\u015fehir il\u00e7elerinden t\u0131r ve \u00e7ekicilere kapat\u0131lm\u0131\u015ft\u0131.<br \/>\nB\u00f6lgede sabah saatlerine kadar kar ve tipi etkili oldu. Kar kal\u0131nl\u0131\u011f\u0131 yer yer 15-20 santimetreye ula\u015ft\u0131. Karayollar\u0131 Alacabel ekipleri trafi\u011fin aksamamas\u0131 i\u00e7in \u00e7ok say\u0131da i\u015f makinesi ile yol a\u00e7ma ve tuzlama \u00e7al\u0131\u015fmalar\u0131 s\u00fcrd\u00fcrd\u00fc.<br \/>\nAkseki B\u00f6lge Trafik ekipleri ise a\u011f\u0131r tonajl\u0131 ara\u00e7 s\u00fcr\u00fcc\u00fclerini dinlenme tesislerine y\u00f6nlendirdi. Alacabel\u2019de \u00f6\u011fle saatlerinde saatlerinde tipinin etkisini yitirmesiyle birlikte ekiplerin yo\u011fun \u00e7al\u0131\u015fmas\u0131 sonucu Akseki-Seydi\u015fehir karayolu tamamen t\u00fcm ara\u00e7 trafi\u011fine a\u00e7\u0131ld\u0131. Karayollar\u0131 Alacabel ekibi yolda yer yer buzlanmalar sebebiyle tuzlama \u00e7al\u0131\u015fmalar\u0131n\u0131 s\u00fcrd\u00fcr\u00fcyor.<\/p>\n<p>Kaynak: www.kanalv.com.tr Haber Sitesinden Al\u0131nm\u0131\u015ft\u0131r.<\/p>","protected":false},"excerpt":{"rendered":"<p>Ge\u00e7ti\u011fimiz g\u00fcnlerde bahar havas\u0131 ya\u015fayan Antalya\u2019da hava s\u0131cakl\u0131\u011f\u0131n\u0131n d\u00fc\u015fmesi ile birlikte i\u00e7 kesimlerde yerini kara b\u0131rakt\u0131. D\u00fcn sabah saatlerinde Antalya\u2019y\u0131 Konya\u2019ya ba\u011flayan Akseki-Seydi\u015fehir karayolunda Akseki\u2019nin Yarpuz mahallesinden itibaren Konya\u2019n\u0131n Seydi\u015fehir il\u00e7esine kadar devam etti. B\u00f6lgede etkili olan kar ya\u011f\u0131\u015f\u0131 d\u00fcn ak\u015fam saatlerinde tipi ve f\u0131rt\u0131na etkili oldu. 1825 rak\u0131ml\u0131 Alacabel mevkiinde hava s\u0131cakl\u0131\u011f\u0131n\u0131n eksi 10-15 dereceye kadar d\u00fc\u015fmesi ile birlikte kar ya\u011f\u0131\u015f\u0131 yerini tipi ve f\u0131rt\u0131naya \u00e7evirdi. Ya\u011fan kar ve etkili tipi nedeniyle g\u00f6r\u00fc\u015f mesafesi s\u0131f\u0131ra d\u00fc\u015fm\u00fc\u015f, yolda buzlanma meydana geldi. Karayolu d\u00fcn ak\u015fam saat 15.30 s\u0131ralar\u0131nda Akseki ve Seydi\u015fehir il\u00e7elerinden t\u0131r ve \u00e7ekicilere kapat\u0131lm\u0131\u015ft\u0131. B\u00f6lgede sabah saatlerine kadar kar ve tipi etkili oldu. Kar kal\u0131nl\u0131\u011f\u0131 yer yer 15-20 santimetreye ula\u015ft\u0131. Karayollar\u0131 Alacabel ekipleri trafi\u011fin aksamamas\u0131 i\u00e7in \u00e7ok say\u0131da i\u015f makinesi ile yol a\u00e7ma ve tuzlama \u00e7al\u0131\u015fmalar\u0131 s\u00fcrd\u00fcrd\u00fc. Akseki B\u00f6lge Trafik ekipleri ise a\u011f\u0131r tonajl\u0131 ara\u00e7 s\u00fcr\u00fcc\u00fclerini dinlenme tesislerine y\u00f6nlendirdi. Alacabel\u2019de \u00f6\u011fle saatlerinde saatlerinde tipinin etkisini yitirmesiyle birlikte ekiplerin yo\u011fun \u00e7al\u0131\u015fmas\u0131 sonucu Akseki-Seydi\u015fehir karayolu tamamen t\u00fcm ara\u00e7 trafi\u011fine a\u00e7\u0131ld\u0131. Karayollar\u0131 Alacabel ekibi yolda yer yer buzlanmalar sebebiyle tuzlama \u00e7al\u0131\u015fmalar\u0131n\u0131 s\u00fcrd\u00fcr\u00fcyor. Kaynak: www.kanalv.com.tr Haber Sitesinden Al\u0131nm\u0131\u015ft\u0131r.<\/p>","protected":false},"author":4,"featured_media":0,"comment_status":"","ping_status":"open","sticky":false,"template":"","format":"standard","meta":{"_acf_changed":false,"footnotes":""},"categories":[26],"tags":[],"class_list":["post-36372","post","type-post","status-publish","format-standard","hentry","category-antalya"],"acf":[],"yoast_head":"<!-- This site is optimized with the Yoast SEO Premium plugin v26.6 (Yoast SEO v27.1.1) - https:\/\/yoast.com\/product\/yoast-seo-premium-wordpress\/ -->\n<title>Antalya-Konya kara yolu ara\u00e7 trafi\u011fine a\u00e7\u0131ld\u0131 - Av. Deniz Can K\u0131z\u0131l<\/title>\n<meta name=\"robots\" content=\"index, follow, max-snippet:-1, max-image-preview:large, max-video-preview:-1\" \/>\n<link rel=\"canonical\" href=\"https:\/\/denizcankizil.tr\/ru\/haberler\/antalya\/antalya-konya-kara-yolu-arac-trafigine-acildi\/\" \/>\n<meta property=\"og:locale\" content=\"ru_RU\" \/>\n<meta property=\"og:type\" content=\"article\" \/>\n<meta property=\"og:title\" content=\"Antalya-Konya kara yolu ara\u00e7 trafi\u011fine a\u00e7\u0131ld\u0131\" \/>\n<meta property=\"og:description\" content=\"Ge\u00e7ti\u011fimiz g\u00fcnlerde bahar havas\u0131 ya\u015fayan Antalya\u2019da hava s\u0131cakl\u0131\u011f\u0131n\u0131n d\u00fc\u015fmesi ile birlikte i\u00e7 kesimlerde yerini kara b\u0131rakt\u0131. D\u00fcn sabah saatlerinde Antalya\u2019y\u0131 Konya\u2019ya ba\u011flayan Akseki-Seydi\u015fehir karayolunda Akseki\u2019nin Yarpuz mahallesinden itibaren Konya\u2019n\u0131n Seydi\u015fehir il\u00e7esine kadar devam etti. B\u00f6lgede etkili olan kar ya\u011f\u0131\u015f\u0131 d\u00fcn ak\u015fam saatlerinde tipi ve f\u0131rt\u0131na etkili oldu. 1825 rak\u0131ml\u0131 Alacabel mevkiinde hava s\u0131cakl\u0131\u011f\u0131n\u0131n eksi 10-15 dereceye kadar d\u00fc\u015fmesi ile birlikte kar ya\u011f\u0131\u015f\u0131 yerini tipi ve f\u0131rt\u0131naya \u00e7evirdi. Ya\u011fan kar ve etkili tipi nedeniyle g\u00f6r\u00fc\u015f mesafesi s\u0131f\u0131ra d\u00fc\u015fm\u00fc\u015f, yolda buzlanma meydana geldi. Karayolu d\u00fcn ak\u015fam saat 15.30 s\u0131ralar\u0131nda Akseki ve Seydi\u015fehir il\u00e7elerinden t\u0131r ve \u00e7ekicilere kapat\u0131lm\u0131\u015ft\u0131. B\u00f6lgede sabah saatlerine kadar kar ve tipi etkili oldu. Kar kal\u0131nl\u0131\u011f\u0131 yer yer 15-20 santimetreye ula\u015ft\u0131. Karayollar\u0131 Alacabel ekipleri trafi\u011fin aksamamas\u0131 i\u00e7in \u00e7ok say\u0131da i\u015f makinesi ile yol a\u00e7ma ve tuzlama \u00e7al\u0131\u015fmalar\u0131 s\u00fcrd\u00fcrd\u00fc. Akseki B\u00f6lge Trafik ekipleri ise a\u011f\u0131r tonajl\u0131 ara\u00e7 s\u00fcr\u00fcc\u00fclerini dinlenme tesislerine y\u00f6nlendirdi. Alacabel\u2019de \u00f6\u011fle saatlerinde saatlerinde tipinin etkisini yitirmesiyle birlikte ekiplerin yo\u011fun \u00e7al\u0131\u015fmas\u0131 sonucu Akseki-Seydi\u015fehir karayolu tamamen t\u00fcm ara\u00e7 trafi\u011fine a\u00e7\u0131ld\u0131. Karayollar\u0131 Alacabel ekibi yolda yer yer buzlanmalar sebebiyle tuzlama \u00e7al\u0131\u015fmalar\u0131n\u0131 s\u00fcrd\u00fcr\u00fcyor. Kaynak: www.kanalv.com.tr Haber Sitesinden Al\u0131nm\u0131\u015ft\u0131r.\" \/>\n<meta property=\"og:url\" content=\"https:\/\/denizcankizil.tr\/ru\/haberler\/antalya\/antalya-konya-kara-yolu-arac-trafigine-acildi\/\" \/>\n<meta property=\"og:site_name\" content=\"Av. Deniz Can K\u0131z\u0131l\" \/>\n<meta property=\"article:published_time\" content=\"2025-03-20T09:41:14+00:00\" \/>\n<meta name=\"author\" content=\"Av. Deniz Can K\u0131z\u0131l\" \/>\n<meta name=\"twitter:card\" content=\"summary_large_image\" \/>\n<meta name=\"twitter:label1\" content=\"\u041d\u0430\u043f\u0438\u0441\u0430\u043d\u043e \u0430\u0432\u0442\u043e\u0440\u043e\u043c\" \/>\n\t<meta name=\"twitter:data1\" content=\"Av. Deniz Can K\u0131z\u0131l\" \/>\n\t<meta name=\"twitter:label2\" content=\"\u041f\u0440\u0438\u043c\u0435\u0440\u043d\u043e\u0435 \u0432\u0440\u0435\u043c\u044f \u0434\u043b\u044f \u0447\u0442\u0435\u043d\u0438\u044f\" \/>\n\t<meta name=\"twitter:data2\" content=\"1 \u043c\u0438\u043d\u0443\u0442\u0430\" \/>\n<script type=\"application\/ld+json\" class=\"yoast-schema-graph\">{\"@context\":\"https:\/\/schema.org\",\"@graph\":[{\"@type\":\"Article\",\"@id\":\"https:\/\/denizcankizil.tr\/ru\/haberler\/antalya\/antalya-konya-kara-yolu-arac-trafigine-acildi\/#article\",\"isPartOf\":{\"@id\":\"https:\/\/denizcankizil.tr\/ru\/haberler\/antalya\/antalya-konya-kara-yolu-arac-trafigine-acildi\/\"},\"author\":{\"name\":\"Av. Deniz Can K\u0131z\u0131l\",\"@id\":\"https:\/\/denizcankizil.tr\/#\/schema\/person\/5dc1b22991bd7ac833867c10afc9b0ff\"},\"headline\":\"Antalya-Konya kara yolu ara\u00e7 trafi\u011fine a\u00e7\u0131ld\u0131\",\"datePublished\":\"2025-03-20T09:41:14+00:00\",\"mainEntityOfPage\":{\"@id\":\"https:\/\/denizcankizil.tr\/ru\/haberler\/antalya\/antalya-konya-kara-yolu-arac-trafigine-acildi\/\"},\"wordCount\":261,\"publisher\":{\"@id\":\"https:\/\/denizcankizil.tr\/#organization\"},\"articleSection\":[\"Antalya\"],\"inLanguage\":\"ru-RU\"},{\"@type\":\"WebPage\",\"@id\":\"https:\/\/denizcankizil.tr\/ru\/haberler\/antalya\/antalya-konya-kara-yolu-arac-trafigine-acildi\/\",\"url\":\"https:\/\/denizcankizil.tr\/ru\/haberler\/antalya\/antalya-konya-kara-yolu-arac-trafigine-acildi\/\",\"name\":\"Antalya-Konya kara yolu ara\u00e7 trafi\u011fine a\u00e7\u0131ld\u0131 - Av. Deniz Can K\u0131z\u0131l\",\"isPartOf\":{\"@id\":\"https:\/\/denizcankizil.tr\/#website\"},\"datePublished\":\"2025-03-20T09:41:14+00:00\",\"breadcrumb\":{\"@id\":\"https:\/\/denizcankizil.tr\/ru\/haberler\/antalya\/antalya-konya-kara-yolu-arac-trafigine-acildi\/#breadcrumb\"},\"inLanguage\":\"ru-RU\",\"potentialAction\":[{\"@type\":\"ReadAction\",\"target\":[\"https:\/\/denizcankizil.tr\/ru\/haberler\/antalya\/antalya-konya-kara-yolu-arac-trafigine-acildi\/\"]}]},{\"@type\":\"BreadcrumbList\",\"@id\":\"https:\/\/denizcankizil.tr\/ru\/haberler\/antalya\/antalya-konya-kara-yolu-arac-trafigine-acildi\/#breadcrumb\",\"itemListElement\":[{\"@type\":\"ListItem\",\"position\":1,\"name\":\"Home\",\"item\":\"https:\/\/denizcankizil.tr\/uk\/\"},{\"@type\":\"ListItem\",\"position\":2,\"name\":\"Antalya-Konya kara yolu ara\u00e7 trafi\u011fine a\u00e7\u0131ld\u0131\"}]},{\"@type\":\"WebSite\",\"@id\":\"https:\/\/denizcankizil.tr\/#website\",\"url\":\"https:\/\/denizcankizil.tr\/\",\"name\":\"Av. Deniz Can K\u0131z\u0131l\",\"description\":\"Avukat Deniz Can K\u0131z\u0131l Antalya Barosu\",\"publisher\":{\"@id\":\"https:\/\/denizcankizil.tr\/#organization\"},\"potentialAction\":[{\"@type\":\"SearchAction\",\"target\":{\"@type\":\"EntryPoint\",\"urlTemplate\":\"https:\/\/denizcankizil.tr\/?s={search_term_string}\"},\"query-input\":{\"@type\":\"PropertyValueSpecification\",\"valueRequired\":true,\"valueName\":\"search_term_string\"}}],\"inLanguage\":\"ru-RU\"},{\"@type\":\"Organization\",\"@id\":\"https:\/\/denizcankizil.tr\/#organization\",\"name\":\"Av. Deniz Can K\u0131z\u0131l\",\"url\":\"https:\/\/denizcankizil.tr\/\",\"logo\":{\"@type\":\"ImageObject\",\"inLanguage\":\"ru-RU\",\"@id\":\"https:\/\/denizcankizil.tr\/#\/schema\/logo\/image\/\",\"url\":\"https:\/\/denizcankizil.tr\/wp-content\/uploads\/2024\/10\/siyah-logo-svg.svg\",\"contentUrl\":\"https:\/\/denizcankizil.tr\/wp-content\/uploads\/2024\/10\/siyah-logo-svg.svg\",\"width\":1080,\"height\":1080,\"caption\":\"Av. Deniz Can K\u0131z\u0131l\"},\"image\":{\"@id\":\"https:\/\/denizcankizil.tr\/#\/schema\/logo\/image\/\"}},{\"@type\":\"Person\",\"@id\":\"https:\/\/denizcankizil.tr\/#\/schema\/person\/5dc1b22991bd7ac833867c10afc9b0ff\",\"name\":\"Av. Deniz Can K\u0131z\u0131l\",\"image\":{\"@type\":\"ImageObject\",\"inLanguage\":\"ru-RU\",\"@id\":\"https:\/\/denizcankizil.tr\/#\/schema\/person\/image\/\",\"url\":\"https:\/\/secure.gravatar.com\/avatar\/a0b128fb9855c79efc976d5640eedb31dc35ec297594d6016d2cf7c60e975bb6?s=96&d=mm&r=g\",\"contentUrl\":\"https:\/\/secure.gravatar.com\/avatar\/a0b128fb9855c79efc976d5640eedb31dc35ec297594d6016d2cf7c60e975bb6?s=96&d=mm&r=g\",\"caption\":\"Av. Deniz Can K\u0131z\u0131l\"},\"sameAs\":[\"http:\/\/www.denizcankizil.tr\"],\"url\":\"https:\/\/denizcankizil.tr\/ru\/author\/denizcankizil\/\"}]}<\/script>\n<!-- \/ Yoast SEO Premium plugin. -->","yoast_head_json":{"title":"Antalya-Konya kara yolu ara\u00e7 trafi\u011fine a\u00e7\u0131ld\u0131 - Av. Deniz Can K\u0131z\u0131l","robots":{"index":"index","follow":"follow","max-snippet":"max-snippet:-1","max-image-preview":"max-image-preview:large","max-video-preview":"max-video-preview:-1"},"canonical":"https:\/\/denizcankizil.tr\/ru\/haberler\/antalya\/antalya-konya-kara-yolu-arac-trafigine-acildi\/","og_locale":"ru_RU","og_type":"article","og_title":"Antalya-Konya kara yolu ara\u00e7 trafi\u011fine a\u00e7\u0131ld\u0131","og_description":"Ge\u00e7ti\u011fimiz g\u00fcnlerde bahar havas\u0131 ya\u015fayan Antalya\u2019da hava s\u0131cakl\u0131\u011f\u0131n\u0131n d\u00fc\u015fmesi ile birlikte i\u00e7 kesimlerde yerini kara b\u0131rakt\u0131. D\u00fcn sabah saatlerinde Antalya\u2019y\u0131 Konya\u2019ya ba\u011flayan Akseki-Seydi\u015fehir karayolunda Akseki\u2019nin Yarpuz mahallesinden itibaren Konya\u2019n\u0131n Seydi\u015fehir il\u00e7esine kadar devam etti. B\u00f6lgede etkili olan kar ya\u011f\u0131\u015f\u0131 d\u00fcn ak\u015fam saatlerinde tipi ve f\u0131rt\u0131na etkili oldu. 1825 rak\u0131ml\u0131 Alacabel mevkiinde hava s\u0131cakl\u0131\u011f\u0131n\u0131n eksi 10-15 dereceye kadar d\u00fc\u015fmesi ile birlikte kar ya\u011f\u0131\u015f\u0131 yerini tipi ve f\u0131rt\u0131naya \u00e7evirdi. Ya\u011fan kar ve etkili tipi nedeniyle g\u00f6r\u00fc\u015f mesafesi s\u0131f\u0131ra d\u00fc\u015fm\u00fc\u015f, yolda buzlanma meydana geldi. Karayolu d\u00fcn ak\u015fam saat 15.30 s\u0131ralar\u0131nda Akseki ve Seydi\u015fehir il\u00e7elerinden t\u0131r ve \u00e7ekicilere kapat\u0131lm\u0131\u015ft\u0131. B\u00f6lgede sabah saatlerine kadar kar ve tipi etkili oldu. Kar kal\u0131nl\u0131\u011f\u0131 yer yer 15-20 santimetreye ula\u015ft\u0131. Karayollar\u0131 Alacabel ekipleri trafi\u011fin aksamamas\u0131 i\u00e7in \u00e7ok say\u0131da i\u015f makinesi ile yol a\u00e7ma ve tuzlama \u00e7al\u0131\u015fmalar\u0131 s\u00fcrd\u00fcrd\u00fc. Akseki B\u00f6lge Trafik ekipleri ise a\u011f\u0131r tonajl\u0131 ara\u00e7 s\u00fcr\u00fcc\u00fclerini dinlenme tesislerine y\u00f6nlendirdi. Alacabel\u2019de \u00f6\u011fle saatlerinde saatlerinde tipinin etkisini yitirmesiyle birlikte ekiplerin yo\u011fun \u00e7al\u0131\u015fmas\u0131 sonucu Akseki-Seydi\u015fehir karayolu tamamen t\u00fcm ara\u00e7 trafi\u011fine a\u00e7\u0131ld\u0131. Karayollar\u0131 Alacabel ekibi yolda yer yer buzlanmalar sebebiyle tuzlama \u00e7al\u0131\u015fmalar\u0131n\u0131 s\u00fcrd\u00fcr\u00fcyor. Kaynak: www.kanalv.com.tr Haber Sitesinden Al\u0131nm\u0131\u015ft\u0131r.","og_url":"https:\/\/denizcankizil.tr\/ru\/haberler\/antalya\/antalya-konya-kara-yolu-arac-trafigine-acildi\/","og_site_name":"Av. Deniz Can K\u0131z\u0131l","article_published_time":"2025-03-20T09:41:14+00:00","author":"Av. Deniz Can K\u0131z\u0131l","twitter_card":"summary_large_image","twitter_misc":{"\u041d\u0430\u043f\u0438\u0441\u0430\u043d\u043e \u0430\u0432\u0442\u043e\u0440\u043e\u043c":"Av. Deniz Can K\u0131z\u0131l","\u041f\u0440\u0438\u043c\u0435\u0440\u043d\u043e\u0435 \u0432\u0440\u0435\u043c\u044f \u0434\u043b\u044f \u0447\u0442\u0435\u043d\u0438\u044f":"1 \u043c\u0438\u043d\u0443\u0442\u0430"},"schema":{"@context":"https:\/\/schema.org","@graph":[{"@type":"Article","@id":"https:\/\/denizcankizil.tr\/ru\/haberler\/antalya\/antalya-konya-kara-yolu-arac-trafigine-acildi\/#article","isPartOf":{"@id":"https:\/\/denizcankizil.tr\/ru\/haberler\/antalya\/antalya-konya-kara-yolu-arac-trafigine-acildi\/"},"author":{"name":"Av. Deniz Can K\u0131z\u0131l","@id":"https:\/\/denizcankizil.tr\/#\/schema\/person\/5dc1b22991bd7ac833867c10afc9b0ff"},"headline":"Antalya-Konya kara yolu ara\u00e7 trafi\u011fine a\u00e7\u0131ld\u0131","datePublished":"2025-03-20T09:41:14+00:00","mainEntityOfPage":{"@id":"https:\/\/denizcankizil.tr\/ru\/haberler\/antalya\/antalya-konya-kara-yolu-arac-trafigine-acildi\/"},"wordCount":261,"publisher":{"@id":"https:\/\/denizcankizil.tr\/#organization"},"articleSection":["Antalya"],"inLanguage":"ru-RU"},{"@type":"WebPage","@id":"https:\/\/denizcankizil.tr\/ru\/haberler\/antalya\/antalya-konya-kara-yolu-arac-trafigine-acildi\/","url":"https:\/\/denizcankizil.tr\/ru\/haberler\/antalya\/antalya-konya-kara-yolu-arac-trafigine-acildi\/","name":"Antalya-Konya kara yolu ara\u00e7 trafi\u011fine a\u00e7\u0131ld\u0131 - Av. Deniz Can K\u0131z\u0131l","isPartOf":{"@id":"https:\/\/denizcankizil.tr\/#website"},"datePublished":"2025-03-20T09:41:14+00:00","breadcrumb":{"@id":"https:\/\/denizcankizil.tr\/ru\/haberler\/antalya\/antalya-konya-kara-yolu-arac-trafigine-acildi\/#breadcrumb"},"inLanguage":"ru-RU","potentialAction":[{"@type":"ReadAction","target":["https:\/\/denizcankizil.tr\/ru\/haberler\/antalya\/antalya-konya-kara-yolu-arac-trafigine-acildi\/"]}]},{"@type":"BreadcrumbList","@id":"https:\/\/denizcankizil.tr\/ru\/haberler\/antalya\/antalya-konya-kara-yolu-arac-trafigine-acildi\/#breadcrumb","itemListElement":[{"@type":"ListItem","position":1,"name":"Home","item":"https:\/\/denizcankizil.tr\/uk\/"},{"@type":"ListItem","position":2,"name":"Antalya-Konya kara yolu ara\u00e7 trafi\u011fine a\u00e7\u0131ld\u0131"}]},{"@type":"WebSite","@id":"https:\/\/denizcankizil.tr\/#website","url":"https:\/\/denizcankizil.tr\/","name":"Av. Deniz Can K\u0131z\u0131l","description":"Avukat Deniz Can K\u0131z\u0131l Antalya Barosu","publisher":{"@id":"https:\/\/denizcankizil.tr\/#organization"},"potentialAction":[{"@type":"SearchAction","target":{"@type":"EntryPoint","urlTemplate":"https:\/\/denizcankizil.tr\/?s={search_term_string}"},"query-input":{"@type":"PropertyValueSpecification","valueRequired":true,"valueName":"search_term_string"}}],"inLanguage":"ru-RU"},{"@type":"Organization","@id":"https:\/\/denizcankizil.tr\/#organization","name":"Av. Deniz Can K\u0131z\u0131l","url":"https:\/\/denizcankizil.tr\/","logo":{"@type":"ImageObject","inLanguage":"ru-RU","@id":"https:\/\/denizcankizil.tr\/#\/schema\/logo\/image\/","url":"https:\/\/denizcankizil.tr\/wp-content\/uploads\/2024\/10\/siyah-logo-svg.svg","contentUrl":"https:\/\/denizcankizil.tr\/wp-content\/uploads\/2024\/10\/siyah-logo-svg.svg","width":1080,"height":1080,"caption":"Av. Deniz Can K\u0131z\u0131l"},"image":{"@id":"https:\/\/denizcankizil.tr\/#\/schema\/logo\/image\/"}},{"@type":"Person","@id":"https:\/\/denizcankizil.tr\/#\/schema\/person\/5dc1b22991bd7ac833867c10afc9b0ff","name":"Av. Deniz Can K\u0131z\u0131l","image":{"@type":"ImageObject","inLanguage":"ru-RU","@id":"https:\/\/denizcankizil.tr\/#\/schema\/person\/image\/","url":"https:\/\/secure.gravatar.com\/avatar\/a0b128fb9855c79efc976d5640eedb31dc35ec297594d6016d2cf7c60e975bb6?s=96&d=mm&r=g","contentUrl":"https:\/\/secure.gravatar.com\/avatar\/a0b128fb9855c79efc976d5640eedb31dc35ec297594d6016d2cf7c60e975bb6?s=96&d=mm&r=g","caption":"Av. Deniz Can K\u0131z\u0131l"},"sameAs":["http:\/\/www.denizcankizil.tr"],"url":"https:\/\/denizcankizil.tr\/ru\/author\/denizcankizil\/"}]}},"_links":{"self":[{"href":"https:\/\/denizcankizil.tr\/ru\/wp-json\/wp\/v2\/posts\/36372","targetHints":{"allow":["GET"]}}],"collection":[{"href":"https:\/\/denizcankizil.tr\/ru\/wp-json\/wp\/v2\/posts"}],"about":[{"href":"https:\/\/denizcankizil.tr\/ru\/wp-json\/wp\/v2\/types\/post"}],"author":[{"embeddable":true,"href":"https:\/\/denizcankizil.tr\/ru\/wp-json\/wp\/v2\/users\/4"}],"replies":[{"embeddable":true,"href":"https:\/\/denizcankizil.tr\/ru\/wp-json\/wp\/v2\/comments?post=36372"}],"version-history":[{"count":0,"href":"https:\/\/denizcankizil.tr\/ru\/wp-json\/wp\/v2\/posts\/36372\/revisions"}],"wp:attachment":[{"href":"https:\/\/denizcankizil.tr\/ru\/wp-json\/wp\/v2\/media?parent=36372"}],"wp:term":[{"taxonomy":"category","embeddable":true,"href":"https:\/\/denizcankizil.tr\/ru\/wp-json\/wp\/v2\/categories?post=36372"},{"taxonomy":"post_tag","embeddable":true,"href":"https:\/\/denizcankizil.tr\/ru\/wp-json\/wp\/v2\/tags?post=36372"}],"curies":[{"name":"wp","href":"https:\/\/api.w.org\/{rel}","templated":true}]}}