{"id":36345,"date":"2025-03-20T09:41:14","date_gmt":"2025-03-20T06:41:14","guid":{"rendered":"https:\/\/denizcankizil.tr\/uncategorized-tr\/unlu-hukukcu-cevapladi-ekrem-imamoglu-cumhurbaskani-adayi-olabilecek-mi\/"},"modified":"2025-03-20T09:41:14","modified_gmt":"2025-03-20T06:41:14","slug":"unlu-hukukcu-cevapladi-ekrem-imamoglu-cumhurbaskani-adayi-olabilecek-mi","status":"publish","type":"post","link":"https:\/\/denizcankizil.tr\/ru\/haberler\/gundem\/unlu-hukukcu-cevapladi-ekrem-imamoglu-cumhurbaskani-adayi-olabilecek-mi\/","title":{"rendered":"\u00dcnl\u00fc hukuk\u00e7u cevaplad\u0131: Ekrem \u0130mamo\u011flu cumhurba\u015fkan\u0131 aday\u0131 olabilecek mi?"},"content":{"rendered":"<p>\u0130stanbul Cumhuriyet Ba\u015fsavc\u0131l\u0131\u011f\u0131 taraf\u0131ndan yap\u0131lan a\u00e7\u0131klamaya g\u00f6re, \u0130mamo\u011flu hem &#8220;yolsuzluk&#8221; hem &#8220;t*r\u00f6r&#8221; su\u00e7lamalar\u0131yla kar\u015f\u0131 kar\u015f\u0131ya. Ba\u015fsavc\u0131l\u0131k a\u00e7\u0131klamada, \u0130mamo\u011flu&#8217;nu &#8220;su\u00e7 \u00f6rg\u00fct\u00fc lideri \u015f\u00fcpheli&#8221; olarak nitelendirdi. Ayn\u0131 operasyonlarda aralar\u0131nda \u015ei\u015fli Belediye Ba\u015fkan\u0131 Resul Ekrem \u015eahan ve sanat\u00e7\u0131 Ercan Saat\u00e7i&#8217;nin de oldu\u011fu yakla\u015f\u0131k 100 ki\u015fi g\u00f6zalt\u0131na al\u0131nd\u0131. \u00dc\u00e7\u00fcnc\u00fc bir soru\u015fturma kapsam\u0131nda gazeteci \u0130smail Saymaz da g\u00f6zalt\u0131na al\u0131nd\u0131.\u00a0<\/p>\n<p>BAKANDAN TEPK\u0130LERE CEVAP<\/p>\n<p>Antalya K\u00f6rfez Gazetesi muhabiri Ertu\u011frul G\u00fcn&#8217;\u00fcn haberine g\u00f6re; CHP Genel Ba\u015fkan\u0131 \u00d6zg\u00fcr \u00d6zel, \u0130mamo\u011flu&#8217;nun g\u00f6zalt\u0131na al\u0131nmas\u0131n\u0131 &#8220;Bir sonraki cumhurba\u015fkan\u0131m\u0131za darbe giri\u015fimi&#8221; olarak de\u011ferlendirdi. Adalet Bakan\u0131 Y\u0131lmaz Tun\u00e7 da soru\u015fturmayla ilgili yapt\u0131\u011f\u0131 a\u00e7\u0131klamada &#8220;Tarafs\u0131z ve ba\u011f\u0131ms\u0131z yarg\u0131n\u0131n ger\u00e7ekle\u015ftirmekte oldu\u011fu soru\u015fturmalar\u0131 farkl\u0131 taraflara \u00e7ekmek, darbe gibi ifadelerle nitelendirmek son derece tehlikeli ve yanl\u0131\u015ft\u0131r&#8221; ifadesini kulland\u0131.<\/p>\n<p>SU\u00c7LARDAN SORUMLU \u0130SM\u0130 OLARAK GE\u00c7\u0130YOR<\/p>\n<p>Peki g\u00f6zalt\u0131na al\u0131nan Ekrem \u0130mamo\u011flu CHP\u2019nin cumhurba\u015fkan\u0131 aday\u0131 olabilecek mi? Bun soruya Avukat Dr. Rezan Ep\u00f6zdemir Habert\u00fcrk TV\u2019de Sena Alkan\u2019\u0131n Para G\u00fcndem&#8217;de program\u0131nda cevap verdi. Ekrem \u0130mamo\u011flu&#8217;nun g\u00f6zalt\u0131na al\u0131nmas\u0131 ve y\u00fcr\u00fct\u00fclen soru\u015fturmaya ili\u015fkin Habert\u00fcrk ekranlar\u0131nda a\u00e7\u0131klamalarda bulunan Avukat Rezan Ep\u00f6zdemir, \u015fu ifadeleri kulland\u0131: &#8220;\u00d6rg\u00fct kurucusu ve y\u00f6neticisi, \u00f6rg\u00fct\u00fcn i\u015fledi\u011fi t\u00fcm su\u00e7lardan, fiilen kat\u0131lmasa veya eylem \u00fczerinde ortak hakimiyet kurmasa dahi, ayr\u0131 ayr\u0131 sorumludur. Ekrem \u0130mamo\u011flu \u00f6rg\u00fct\u00fcn kurucusu ve y\u00f6neticisi olarak b\u00fct\u00fcn su\u00e7lardan sorumlu ismi olarak ge\u00e7iyor&#8221; dedi.\u00a0<\/p>\n<p>BU B\u0130R \u00d6N SE\u00c7\u0130M DE\u011e\u0130L<\/p>\n<p>CHP\u2019nin pazar g\u00fcn\u00fc ger\u00e7ekle\u015ftirece\u011fi se\u00e7ime y\u00f6nelik de de\u011ferlendirme yapan Rezan Ep\u00f6zdemir, \u201cBu se\u00e7ime \u00f6n se\u00e7im demek do\u011fru de\u011fildir. \u00d6n se\u00e7im yarg\u0131 denetiminde yap\u0131l\u0131r. Belli bir se\u00e7im takvimi i\u015fler. Bu bir temay\u00fcl yoklamas\u0131d\u0131r. Bizim anayasam\u0131za g\u00f6re bir partinin cumhurba\u015fkan\u0131 aday\u0131 temay\u00fcl yoklamas\u0131 ile belirlenemez. Parlamentoda grubu belirler. Diyelim ki bu temay\u00fcl yoklamas\u0131ndan bir ba\u015fka ki\u015finin ismi \u00e7\u0131kt\u0131 meclis gurubu \u201chay\u0131r aday\u0131m\u0131z say\u0131n \u0130mamo\u011flu ya da Yava\u015f olacak\u201d diyebilir. Bunun hukuki ve me\u015fru bir zemini yok. Senin t\u00fcz\u00fc\u011f\u00fcne yazman\u0131n bir \u00f6nemi yok. Kanuna a\u00e7\u0131k\u00e7a ayk\u0131r\u0131 bir \u00f6n se\u00e7im olamaz. Bu bir temay\u00fcl yoklamas\u0131d\u0131r\u201d s\u00f6zlerine yer verdi.<\/p>\n<p>\u0130MAMO\u011eLU ADAY OLAMIYOR<\/p>\n<p>\u0130mamo\u011flu\u2019nun aday olup olamayaca\u011f\u0131n\u0131 de\u011ferlendiren Ep\u00f6zdemir, \u201cTutuklama karar\u0131 temay\u00fcl yoklamas\u0131na enden de\u011fildir. Diplomas\u0131n\u0131n iptal edilmesi de engel de\u011fil. Burada \u00f6nemli olan nokta yar\u0131n \u00fclkede bir cumhurba\u015fkanl\u0131\u011f\u0131 se\u00e7imi olsa \u0130mamo\u011flu aday olam\u0131yor. \u00c7\u00fcnk\u00fc cumhurba\u015fkan\u0131 olmak i\u00e7in kriter lisans mezunu olmak. \u00a01 y\u0131l\u0131n \u00fczerinde hapis cezas\u0131n\u0131 gerektiren bir mahk\u00fbmiyet varsa hem belediye ba\u015fkanl\u0131\u011f\u0131 adayl\u0131\u011f\u0131nda hem de milletvekilli\u011fi adayl\u0131\u011f\u0131nda engel te\u015fkil eder. Bu soru\u015fturmalar y\u00fcr\u00fcyor. Daha yarg\u0131lama devam ediyor. Y\u00fcr\u00fcyen bir soru\u015fturma hi\u00e7bir zaman cumhurba\u015fkan\u0131 adayl\u0131\u011f\u0131na engel olmaz\u201d s\u00f6zlerine yer verdi.\u00a0<\/p>\n<p>\u00a0<\/p>\n<p>\u200b\u0130BB Ba\u015fkan\u0131 Ekrem \u0130mamo\u011flu\u2019nun \u201cyolsuzluk\u201d ve \u201ct*r\u00f6r\u201d su\u00e7lamalar\u0131yla g\u00f6zalt\u0131na al\u0131nmas\u0131, T\u00fcrkiye\u2019de ve d\u00fcnyada geni\u015f yank\u0131 uyand\u0131rd\u0131. Ekrem \u0130mamo\u011flu CHP\u2019nin cumhurba\u015fkan\u0131 aday\u0131 olabilecek mi? Avukat Dr. Rezan Ep\u00f6zdemir Habert\u00fcrk TV\u2019de Sena Alkan\u2019\u0131n Para G\u00fcndem&#8217;de program\u0131nda merak edilen soruya cevap verdi.\u00a0<\/p>\n<p>\u200bHaberin Al\u0131nt\u0131land\u0131\u011f\u0131 Kaynak: www.antalyakorfez.com<\/p>","protected":false},"excerpt":{"rendered":"<p>\u0130stanbul Cumhuriyet Ba\u015fsavc\u0131l\u0131\u011f\u0131 taraf\u0131ndan yap\u0131lan a\u00e7\u0131klamaya g\u00f6re, \u0130mamo\u011flu hem &#8220;yolsuzluk&#8221; hem &#8220;t*r\u00f6r&#8221; su\u00e7lamalar\u0131yla kar\u015f\u0131 kar\u015f\u0131ya. Ba\u015fsavc\u0131l\u0131k a\u00e7\u0131klamada, \u0130mamo\u011flu&#8217;nu &#8220;su\u00e7 \u00f6rg\u00fct\u00fc lideri \u015f\u00fcpheli&#8221; olarak nitelendirdi. Ayn\u0131 operasyonlarda aralar\u0131nda \u015ei\u015fli Belediye Ba\u015fkan\u0131 Resul Ekrem \u015eahan ve sanat\u00e7\u0131 Ercan Saat\u00e7i&#8217;nin de oldu\u011fu yakla\u015f\u0131k 100 ki\u015fi g\u00f6zalt\u0131na al\u0131nd\u0131. \u00dc\u00e7\u00fcnc\u00fc bir soru\u015fturma kapsam\u0131nda gazeteci \u0130smail Saymaz da g\u00f6zalt\u0131na al\u0131nd\u0131.\u00a0 BAKANDAN TEPK\u0130LERE CEVAP Antalya K\u00f6rfez Gazetesi muhabiri Ertu\u011frul G\u00fcn&#8217;\u00fcn haberine g\u00f6re; CHP Genel Ba\u015fkan\u0131 \u00d6zg\u00fcr \u00d6zel, \u0130mamo\u011flu&#8217;nun g\u00f6zalt\u0131na al\u0131nmas\u0131n\u0131 &#8220;Bir sonraki cumhurba\u015fkan\u0131m\u0131za darbe giri\u015fimi&#8221; olarak de\u011ferlendirdi. Adalet Bakan\u0131 Y\u0131lmaz Tun\u00e7 da soru\u015fturmayla ilgili yapt\u0131\u011f\u0131 a\u00e7\u0131klamada &#8220;Tarafs\u0131z ve ba\u011f\u0131ms\u0131z yarg\u0131n\u0131n ger\u00e7ekle\u015ftirmekte oldu\u011fu soru\u015fturmalar\u0131 farkl\u0131 taraflara \u00e7ekmek, darbe gibi ifadelerle nitelendirmek son derece tehlikeli ve yanl\u0131\u015ft\u0131r&#8221; ifadesini kulland\u0131. SU\u00c7LARDAN SORUMLU \u0130SM\u0130 OLARAK GE\u00c7\u0130YOR Peki g\u00f6zalt\u0131na al\u0131nan Ekrem \u0130mamo\u011flu CHP\u2019nin cumhurba\u015fkan\u0131 aday\u0131 olabilecek mi? Bun soruya Avukat Dr. Rezan Ep\u00f6zdemir Habert\u00fcrk TV\u2019de Sena Alkan\u2019\u0131n Para G\u00fcndem&#8217;de program\u0131nda cevap verdi. Ekrem \u0130mamo\u011flu&#8217;nun g\u00f6zalt\u0131na al\u0131nmas\u0131 ve y\u00fcr\u00fct\u00fclen soru\u015fturmaya ili\u015fkin Habert\u00fcrk ekranlar\u0131nda a\u00e7\u0131klamalarda bulunan Avukat Rezan Ep\u00f6zdemir, \u015fu ifadeleri kulland\u0131: &#8220;\u00d6rg\u00fct kurucusu ve y\u00f6neticisi, \u00f6rg\u00fct\u00fcn i\u015fledi\u011fi t\u00fcm su\u00e7lardan, fiilen kat\u0131lmasa veya eylem \u00fczerinde ortak hakimiyet kurmasa dahi, ayr\u0131 ayr\u0131 sorumludur. Ekrem \u0130mamo\u011flu \u00f6rg\u00fct\u00fcn kurucusu ve y\u00f6neticisi olarak b\u00fct\u00fcn su\u00e7lardan sorumlu ismi olarak ge\u00e7iyor&#8221; dedi.\u00a0 BU B\u0130R \u00d6N SE\u00c7\u0130M DE\u011e\u0130L CHP\u2019nin pazar g\u00fcn\u00fc &hellip;<\/p>","protected":false},"author":5,"featured_media":0,"comment_status":"","ping_status":"open","sticky":false,"template":"","format":"standard","meta":{"_acf_changed":false,"footnotes":""},"categories":[24],"tags":[],"class_list":["post-36345","post","type-post","status-publish","format-standard","has-post-thumbnail","hentry","category-gundem"],"acf":[],"yoast_head":"<!-- This site is optimized with the Yoast SEO Premium plugin v26.6 (Yoast SEO v27.1.1) - https:\/\/yoast.com\/product\/yoast-seo-premium-wordpress\/ -->\n<title>\u00dcnl\u00fc hukuk\u00e7u cevaplad\u0131: Ekrem \u0130mamo\u011flu cumhurba\u015fkan\u0131 aday\u0131 olabilecek mi? - Av. Deniz Can K\u0131z\u0131l<\/title>\n<meta name=\"robots\" content=\"index, follow, max-snippet:-1, max-image-preview:large, max-video-preview:-1\" \/>\n<link rel=\"canonical\" href=\"https:\/\/denizcankizil.tr\/ru\/haberler\/gundem\/unlu-hukukcu-cevapladi-ekrem-imamoglu-cumhurbaskani-adayi-olabilecek-mi\/\" \/>\n<meta property=\"og:locale\" content=\"ru_RU\" \/>\n<meta property=\"og:type\" content=\"article\" \/>\n<meta property=\"og:title\" content=\"\u00dcnl\u00fc hukuk\u00e7u cevaplad\u0131: Ekrem \u0130mamo\u011flu cumhurba\u015fkan\u0131 aday\u0131 olabilecek mi?\" \/>\n<meta property=\"og:description\" content=\"\u0130stanbul Cumhuriyet Ba\u015fsavc\u0131l\u0131\u011f\u0131 taraf\u0131ndan yap\u0131lan a\u00e7\u0131klamaya g\u00f6re, \u0130mamo\u011flu hem &#8220;yolsuzluk&#8221; hem &#8220;t*r\u00f6r&#8221; su\u00e7lamalar\u0131yla kar\u015f\u0131 kar\u015f\u0131ya. Ba\u015fsavc\u0131l\u0131k a\u00e7\u0131klamada, \u0130mamo\u011flu&#8217;nu &#8220;su\u00e7 \u00f6rg\u00fct\u00fc lideri \u015f\u00fcpheli&#8221; olarak nitelendirdi. Ayn\u0131 operasyonlarda aralar\u0131nda \u015ei\u015fli Belediye Ba\u015fkan\u0131 Resul Ekrem \u015eahan ve sanat\u00e7\u0131 Ercan Saat\u00e7i&#8217;nin de oldu\u011fu yakla\u015f\u0131k 100 ki\u015fi g\u00f6zalt\u0131na al\u0131nd\u0131. \u00dc\u00e7\u00fcnc\u00fc bir soru\u015fturma kapsam\u0131nda gazeteci \u0130smail Saymaz da g\u00f6zalt\u0131na al\u0131nd\u0131.\u00a0 BAKANDAN TEPK\u0130LERE CEVAP Antalya K\u00f6rfez Gazetesi muhabiri Ertu\u011frul G\u00fcn&#8217;\u00fcn haberine g\u00f6re; CHP Genel Ba\u015fkan\u0131 \u00d6zg\u00fcr \u00d6zel, \u0130mamo\u011flu&#8217;nun g\u00f6zalt\u0131na al\u0131nmas\u0131n\u0131 &#8220;Bir sonraki cumhurba\u015fkan\u0131m\u0131za darbe giri\u015fimi&#8221; olarak de\u011ferlendirdi. Adalet Bakan\u0131 Y\u0131lmaz Tun\u00e7 da soru\u015fturmayla ilgili yapt\u0131\u011f\u0131 a\u00e7\u0131klamada &#8220;Tarafs\u0131z ve ba\u011f\u0131ms\u0131z yarg\u0131n\u0131n ger\u00e7ekle\u015ftirmekte oldu\u011fu soru\u015fturmalar\u0131 farkl\u0131 taraflara \u00e7ekmek, darbe gibi ifadelerle nitelendirmek son derece tehlikeli ve yanl\u0131\u015ft\u0131r&#8221; ifadesini kulland\u0131. SU\u00c7LARDAN SORUMLU \u0130SM\u0130 OLARAK GE\u00c7\u0130YOR Peki g\u00f6zalt\u0131na al\u0131nan Ekrem \u0130mamo\u011flu CHP\u2019nin cumhurba\u015fkan\u0131 aday\u0131 olabilecek mi? Bun soruya Avukat Dr. Rezan Ep\u00f6zdemir Habert\u00fcrk TV\u2019de Sena Alkan\u2019\u0131n Para G\u00fcndem&#8217;de program\u0131nda cevap verdi. Ekrem \u0130mamo\u011flu&#8217;nun g\u00f6zalt\u0131na al\u0131nmas\u0131 ve y\u00fcr\u00fct\u00fclen soru\u015fturmaya ili\u015fkin Habert\u00fcrk ekranlar\u0131nda a\u00e7\u0131klamalarda bulunan Avukat Rezan Ep\u00f6zdemir, \u015fu ifadeleri kulland\u0131: &#8220;\u00d6rg\u00fct kurucusu ve y\u00f6neticisi, \u00f6rg\u00fct\u00fcn i\u015fledi\u011fi t\u00fcm su\u00e7lardan, fiilen kat\u0131lmasa veya eylem \u00fczerinde ortak hakimiyet kurmasa dahi, ayr\u0131 ayr\u0131 sorumludur. Ekrem \u0130mamo\u011flu \u00f6rg\u00fct\u00fcn kurucusu ve y\u00f6neticisi olarak b\u00fct\u00fcn su\u00e7lardan sorumlu ismi olarak ge\u00e7iyor&#8221; dedi.\u00a0 BU B\u0130R \u00d6N SE\u00c7\u0130M DE\u011e\u0130L CHP\u2019nin pazar g\u00fcn\u00fc &hellip;\" \/>\n<meta property=\"og:url\" content=\"https:\/\/denizcankizil.tr\/ru\/haberler\/gundem\/unlu-hukukcu-cevapladi-ekrem-imamoglu-cumhurbaskani-adayi-olabilecek-mi\/\" \/>\n<meta property=\"og:site_name\" content=\"Av. Deniz Can K\u0131z\u0131l\" \/>\n<meta property=\"article:published_time\" content=\"2025-03-20T06:41:14+00:00\" \/>\n<meta name=\"author\" content=\"Antalya K\u00f6rfez\" \/>\n<meta name=\"twitter:card\" content=\"summary_large_image\" \/>\n<meta name=\"twitter:label1\" content=\"\u041d\u0430\u043f\u0438\u0441\u0430\u043d\u043e \u0430\u0432\u0442\u043e\u0440\u043e\u043c\" \/>\n\t<meta name=\"twitter:data1\" content=\"Antalya K\u00f6rfez\" \/>\n\t<meta name=\"twitter:label2\" content=\"\u041f\u0440\u0438\u043c\u0435\u0440\u043d\u043e\u0435 \u0432\u0440\u0435\u043c\u044f \u0434\u043b\u044f \u0447\u0442\u0435\u043d\u0438\u044f\" \/>\n\t<meta name=\"twitter:data2\" content=\"3 \u043c\u0438\u043d\u0443\u0442\u044b\" \/>\n<script type=\"application\/ld+json\" class=\"yoast-schema-graph\">{\"@context\":\"https:\/\/schema.org\",\"@graph\":[{\"@type\":\"Article\",\"@id\":\"https:\/\/denizcankizil.tr\/ru\/haberler\/gundem\/unlu-hukukcu-cevapladi-ekrem-imamoglu-cumhurbaskani-adayi-olabilecek-mi\/#article\",\"isPartOf\":{\"@id\":\"https:\/\/denizcankizil.tr\/ru\/haberler\/gundem\/unlu-hukukcu-cevapladi-ekrem-imamoglu-cumhurbaskani-adayi-olabilecek-mi\/\"},\"author\":{\"name\":\"Antalya K\u00f6rfez\",\"@id\":\"https:\/\/denizcankizil.tr\/de\/#\/schema\/person\/e1eb71bb4dd684d46563f0af307e1234\"},\"headline\":\"\u00dcnl\u00fc hukuk\u00e7u cevaplad\u0131: Ekrem \u0130mamo\u011flu cumhurba\u015fkan\u0131 aday\u0131 olabilecek mi?\",\"datePublished\":\"2025-03-20T06:41:14+00:00\",\"mainEntityOfPage\":{\"@id\":\"https:\/\/denizcankizil.tr\/ru\/haberler\/gundem\/unlu-hukukcu-cevapladi-ekrem-imamoglu-cumhurbaskani-adayi-olabilecek-mi\/\"},\"wordCount\":655,\"publisher\":{\"@id\":\"https:\/\/denizcankizil.tr\/de\/#organization\"},\"articleSection\":[\"G\u00fcndem\"],\"inLanguage\":\"ru-RU\"},{\"@type\":\"WebPage\",\"@id\":\"https:\/\/denizcankizil.tr\/ru\/haberler\/gundem\/unlu-hukukcu-cevapladi-ekrem-imamoglu-cumhurbaskani-adayi-olabilecek-mi\/\",\"url\":\"https:\/\/denizcankizil.tr\/ru\/haberler\/gundem\/unlu-hukukcu-cevapladi-ekrem-imamoglu-cumhurbaskani-adayi-olabilecek-mi\/\",\"name\":\"\u00dcnl\u00fc hukuk\u00e7u cevaplad\u0131: Ekrem \u0130mamo\u011flu cumhurba\u015fkan\u0131 aday\u0131 olabilecek mi? - Av. Deniz Can K\u0131z\u0131l\",\"isPartOf\":{\"@id\":\"https:\/\/denizcankizil.tr\/de\/#website\"},\"datePublished\":\"2025-03-20T06:41:14+00:00\",\"breadcrumb\":{\"@id\":\"https:\/\/denizcankizil.tr\/ru\/haberler\/gundem\/unlu-hukukcu-cevapladi-ekrem-imamoglu-cumhurbaskani-adayi-olabilecek-mi\/#breadcrumb\"},\"inLanguage\":\"ru-RU\",\"potentialAction\":[{\"@type\":\"ReadAction\",\"target\":[\"https:\/\/denizcankizil.tr\/ru\/haberler\/gundem\/unlu-hukukcu-cevapladi-ekrem-imamoglu-cumhurbaskani-adayi-olabilecek-mi\/\"]}]},{\"@type\":\"BreadcrumbList\",\"@id\":\"https:\/\/denizcankizil.tr\/ru\/haberler\/gundem\/unlu-hukukcu-cevapladi-ekrem-imamoglu-cumhurbaskani-adayi-olabilecek-mi\/#breadcrumb\",\"itemListElement\":[{\"@type\":\"ListItem\",\"position\":1,\"name\":\"Home\",\"item\":\"https:\/\/denizcankizil.tr\/de\/\"},{\"@type\":\"ListItem\",\"position\":2,\"name\":\"\u00dcnl\u00fc hukuk\u00e7u cevaplad\u0131: Ekrem \u0130mamo\u011flu cumhurba\u015fkan\u0131 aday\u0131 olabilecek mi?\"}]},{\"@type\":\"WebSite\",\"@id\":\"https:\/\/denizcankizil.tr\/de\/#website\",\"url\":\"https:\/\/denizcankizil.tr\/de\/\",\"name\":\"Av. Deniz Can K\u0131z\u0131l\",\"description\":\"Avukat Deniz Can K\u0131z\u0131l Antalya Barosu\",\"publisher\":{\"@id\":\"https:\/\/denizcankizil.tr\/de\/#organization\"},\"potentialAction\":[{\"@type\":\"SearchAction\",\"target\":{\"@type\":\"EntryPoint\",\"urlTemplate\":\"https:\/\/denizcankizil.tr\/de\/?s={search_term_string}\"},\"query-input\":{\"@type\":\"PropertyValueSpecification\",\"valueRequired\":true,\"valueName\":\"search_term_string\"}}],\"inLanguage\":\"ru-RU\"},{\"@type\":\"Organization\",\"@id\":\"https:\/\/denizcankizil.tr\/de\/#organization\",\"name\":\"Av. Deniz Can K\u0131z\u0131l\",\"url\":\"https:\/\/denizcankizil.tr\/de\/\",\"logo\":{\"@type\":\"ImageObject\",\"inLanguage\":\"ru-RU\",\"@id\":\"https:\/\/denizcankizil.tr\/de\/#\/schema\/logo\/image\/\",\"url\":\"https:\/\/denizcankizil.tr\/wp-content\/uploads\/2024\/10\/siyah-logo-svg.svg\",\"contentUrl\":\"https:\/\/denizcankizil.tr\/wp-content\/uploads\/2024\/10\/siyah-logo-svg.svg\",\"width\":1080,\"height\":1080,\"caption\":\"Av. Deniz Can K\u0131z\u0131l\"},\"image\":{\"@id\":\"https:\/\/denizcankizil.tr\/de\/#\/schema\/logo\/image\/\"}},{\"@type\":\"Person\",\"@id\":\"https:\/\/denizcankizil.tr\/de\/#\/schema\/person\/e1eb71bb4dd684d46563f0af307e1234\",\"name\":\"Antalya K\u00f6rfez\",\"image\":{\"@type\":\"ImageObject\",\"inLanguage\":\"ru-RU\",\"@id\":\"https:\/\/denizcankizil.tr\/de\/#\/schema\/person\/image\/\",\"url\":\"https:\/\/secure.gravatar.com\/avatar\/42b01982558a48a0b501fdcab6a408d3717ea5919095ee2e67b0e521799c5905?s=96&d=mm&r=g\",\"contentUrl\":\"https:\/\/secure.gravatar.com\/avatar\/42b01982558a48a0b501fdcab6a408d3717ea5919095ee2e67b0e521799c5905?s=96&d=mm&r=g\",\"caption\":\"Antalya K\u00f6rfez\"},\"sameAs\":[\"http:\/\/www.antalyakorfez.com\"],\"url\":\"https:\/\/www.antalyakorfez.com\/unlu-hukukcu-cevapladi-ekrem-imamoglu-cumhurbaskani-adayi-olabilecek-mi\"}]}<\/script>\n<!-- \/ Yoast SEO Premium plugin. -->","yoast_head_json":{"title":"\u00dcnl\u00fc hukuk\u00e7u cevaplad\u0131: Ekrem \u0130mamo\u011flu cumhurba\u015fkan\u0131 aday\u0131 olabilecek mi? - Av. Deniz Can K\u0131z\u0131l","robots":{"index":"index","follow":"follow","max-snippet":"max-snippet:-1","max-image-preview":"max-image-preview:large","max-video-preview":"max-video-preview:-1"},"canonical":"https:\/\/denizcankizil.tr\/ru\/haberler\/gundem\/unlu-hukukcu-cevapladi-ekrem-imamoglu-cumhurbaskani-adayi-olabilecek-mi\/","og_locale":"ru_RU","og_type":"article","og_title":"\u00dcnl\u00fc hukuk\u00e7u cevaplad\u0131: Ekrem \u0130mamo\u011flu cumhurba\u015fkan\u0131 aday\u0131 olabilecek mi?","og_description":"\u0130stanbul Cumhuriyet Ba\u015fsavc\u0131l\u0131\u011f\u0131 taraf\u0131ndan yap\u0131lan a\u00e7\u0131klamaya g\u00f6re, \u0130mamo\u011flu hem &#8220;yolsuzluk&#8221; hem &#8220;t*r\u00f6r&#8221; su\u00e7lamalar\u0131yla kar\u015f\u0131 kar\u015f\u0131ya. Ba\u015fsavc\u0131l\u0131k a\u00e7\u0131klamada, \u0130mamo\u011flu&#8217;nu &#8220;su\u00e7 \u00f6rg\u00fct\u00fc lideri \u015f\u00fcpheli&#8221; olarak nitelendirdi. Ayn\u0131 operasyonlarda aralar\u0131nda \u015ei\u015fli Belediye Ba\u015fkan\u0131 Resul Ekrem \u015eahan ve sanat\u00e7\u0131 Ercan Saat\u00e7i&#8217;nin de oldu\u011fu yakla\u015f\u0131k 100 ki\u015fi g\u00f6zalt\u0131na al\u0131nd\u0131. \u00dc\u00e7\u00fcnc\u00fc bir soru\u015fturma kapsam\u0131nda gazeteci \u0130smail Saymaz da g\u00f6zalt\u0131na al\u0131nd\u0131.\u00a0 BAKANDAN TEPK\u0130LERE CEVAP Antalya K\u00f6rfez Gazetesi muhabiri Ertu\u011frul G\u00fcn&#8217;\u00fcn haberine g\u00f6re; CHP Genel Ba\u015fkan\u0131 \u00d6zg\u00fcr \u00d6zel, \u0130mamo\u011flu&#8217;nun g\u00f6zalt\u0131na al\u0131nmas\u0131n\u0131 &#8220;Bir sonraki cumhurba\u015fkan\u0131m\u0131za darbe giri\u015fimi&#8221; olarak de\u011ferlendirdi. Adalet Bakan\u0131 Y\u0131lmaz Tun\u00e7 da soru\u015fturmayla ilgili yapt\u0131\u011f\u0131 a\u00e7\u0131klamada &#8220;Tarafs\u0131z ve ba\u011f\u0131ms\u0131z yarg\u0131n\u0131n ger\u00e7ekle\u015ftirmekte oldu\u011fu soru\u015fturmalar\u0131 farkl\u0131 taraflara \u00e7ekmek, darbe gibi ifadelerle nitelendirmek son derece tehlikeli ve yanl\u0131\u015ft\u0131r&#8221; ifadesini kulland\u0131. SU\u00c7LARDAN SORUMLU \u0130SM\u0130 OLARAK GE\u00c7\u0130YOR Peki g\u00f6zalt\u0131na al\u0131nan Ekrem \u0130mamo\u011flu CHP\u2019nin cumhurba\u015fkan\u0131 aday\u0131 olabilecek mi? Bun soruya Avukat Dr. Rezan Ep\u00f6zdemir Habert\u00fcrk TV\u2019de Sena Alkan\u2019\u0131n Para G\u00fcndem&#8217;de program\u0131nda cevap verdi. Ekrem \u0130mamo\u011flu&#8217;nun g\u00f6zalt\u0131na al\u0131nmas\u0131 ve y\u00fcr\u00fct\u00fclen soru\u015fturmaya ili\u015fkin Habert\u00fcrk ekranlar\u0131nda a\u00e7\u0131klamalarda bulunan Avukat Rezan Ep\u00f6zdemir, \u015fu ifadeleri kulland\u0131: &#8220;\u00d6rg\u00fct kurucusu ve y\u00f6neticisi, \u00f6rg\u00fct\u00fcn i\u015fledi\u011fi t\u00fcm su\u00e7lardan, fiilen kat\u0131lmasa veya eylem \u00fczerinde ortak hakimiyet kurmasa dahi, ayr\u0131 ayr\u0131 sorumludur. Ekrem \u0130mamo\u011flu \u00f6rg\u00fct\u00fcn kurucusu ve y\u00f6neticisi olarak b\u00fct\u00fcn su\u00e7lardan sorumlu ismi olarak ge\u00e7iyor&#8221; dedi.\u00a0 BU B\u0130R \u00d6N SE\u00c7\u0130M DE\u011e\u0130L CHP\u2019nin pazar g\u00fcn\u00fc &hellip;","og_url":"https:\/\/denizcankizil.tr\/ru\/haberler\/gundem\/unlu-hukukcu-cevapladi-ekrem-imamoglu-cumhurbaskani-adayi-olabilecek-mi\/","og_site_name":"Av. Deniz Can K\u0131z\u0131l","article_published_time":"2025-03-20T06:41:14+00:00","author":"Antalya K\u00f6rfez","twitter_card":"summary_large_image","twitter_misc":{"\u041d\u0430\u043f\u0438\u0441\u0430\u043d\u043e \u0430\u0432\u0442\u043e\u0440\u043e\u043c":"Antalya K\u00f6rfez","\u041f\u0440\u0438\u043c\u0435\u0440\u043d\u043e\u0435 \u0432\u0440\u0435\u043c\u044f \u0434\u043b\u044f \u0447\u0442\u0435\u043d\u0438\u044f":"3 \u043c\u0438\u043d\u0443\u0442\u044b"},"schema":{"@context":"https:\/\/schema.org","@graph":[{"@type":"Article","@id":"https:\/\/denizcankizil.tr\/ru\/haberler\/gundem\/unlu-hukukcu-cevapladi-ekrem-imamoglu-cumhurbaskani-adayi-olabilecek-mi\/#article","isPartOf":{"@id":"https:\/\/denizcankizil.tr\/ru\/haberler\/gundem\/unlu-hukukcu-cevapladi-ekrem-imamoglu-cumhurbaskani-adayi-olabilecek-mi\/"},"author":{"name":"Antalya K\u00f6rfez","@id":"https:\/\/denizcankizil.tr\/de\/#\/schema\/person\/e1eb71bb4dd684d46563f0af307e1234"},"headline":"\u00dcnl\u00fc hukuk\u00e7u cevaplad\u0131: Ekrem \u0130mamo\u011flu cumhurba\u015fkan\u0131 aday\u0131 olabilecek mi?","datePublished":"2025-03-20T06:41:14+00:00","mainEntityOfPage":{"@id":"https:\/\/denizcankizil.tr\/ru\/haberler\/gundem\/unlu-hukukcu-cevapladi-ekrem-imamoglu-cumhurbaskani-adayi-olabilecek-mi\/"},"wordCount":655,"publisher":{"@id":"https:\/\/denizcankizil.tr\/de\/#organization"},"articleSection":["G\u00fcndem"],"inLanguage":"ru-RU"},{"@type":"WebPage","@id":"https:\/\/denizcankizil.tr\/ru\/haberler\/gundem\/unlu-hukukcu-cevapladi-ekrem-imamoglu-cumhurbaskani-adayi-olabilecek-mi\/","url":"https:\/\/denizcankizil.tr\/ru\/haberler\/gundem\/unlu-hukukcu-cevapladi-ekrem-imamoglu-cumhurbaskani-adayi-olabilecek-mi\/","name":"\u00dcnl\u00fc hukuk\u00e7u cevaplad\u0131: Ekrem \u0130mamo\u011flu cumhurba\u015fkan\u0131 aday\u0131 olabilecek mi? - Av. Deniz Can K\u0131z\u0131l","isPartOf":{"@id":"https:\/\/denizcankizil.tr\/de\/#website"},"datePublished":"2025-03-20T06:41:14+00:00","breadcrumb":{"@id":"https:\/\/denizcankizil.tr\/ru\/haberler\/gundem\/unlu-hukukcu-cevapladi-ekrem-imamoglu-cumhurbaskani-adayi-olabilecek-mi\/#breadcrumb"},"inLanguage":"ru-RU","potentialAction":[{"@type":"ReadAction","target":["https:\/\/denizcankizil.tr\/ru\/haberler\/gundem\/unlu-hukukcu-cevapladi-ekrem-imamoglu-cumhurbaskani-adayi-olabilecek-mi\/"]}]},{"@type":"BreadcrumbList","@id":"https:\/\/denizcankizil.tr\/ru\/haberler\/gundem\/unlu-hukukcu-cevapladi-ekrem-imamoglu-cumhurbaskani-adayi-olabilecek-mi\/#breadcrumb","itemListElement":[{"@type":"ListItem","position":1,"name":"Home","item":"https:\/\/denizcankizil.tr\/de\/"},{"@type":"ListItem","position":2,"name":"\u00dcnl\u00fc hukuk\u00e7u cevaplad\u0131: Ekrem \u0130mamo\u011flu cumhurba\u015fkan\u0131 aday\u0131 olabilecek mi?"}]},{"@type":"WebSite","@id":"https:\/\/denizcankizil.tr\/de\/#website","url":"https:\/\/denizcankizil.tr\/de\/","name":"Av. Deniz Can K\u0131z\u0131l","description":"Avukat Deniz Can K\u0131z\u0131l Antalya Barosu","publisher":{"@id":"https:\/\/denizcankizil.tr\/de\/#organization"},"potentialAction":[{"@type":"SearchAction","target":{"@type":"EntryPoint","urlTemplate":"https:\/\/denizcankizil.tr\/de\/?s={search_term_string}"},"query-input":{"@type":"PropertyValueSpecification","valueRequired":true,"valueName":"search_term_string"}}],"inLanguage":"ru-RU"},{"@type":"Organization","@id":"https:\/\/denizcankizil.tr\/de\/#organization","name":"Av. Deniz Can K\u0131z\u0131l","url":"https:\/\/denizcankizil.tr\/de\/","logo":{"@type":"ImageObject","inLanguage":"ru-RU","@id":"https:\/\/denizcankizil.tr\/de\/#\/schema\/logo\/image\/","url":"https:\/\/denizcankizil.tr\/wp-content\/uploads\/2024\/10\/siyah-logo-svg.svg","contentUrl":"https:\/\/denizcankizil.tr\/wp-content\/uploads\/2024\/10\/siyah-logo-svg.svg","width":1080,"height":1080,"caption":"Av. Deniz Can K\u0131z\u0131l"},"image":{"@id":"https:\/\/denizcankizil.tr\/de\/#\/schema\/logo\/image\/"}},{"@type":"Person","@id":"https:\/\/denizcankizil.tr\/de\/#\/schema\/person\/e1eb71bb4dd684d46563f0af307e1234","name":"Antalya K\u00f6rfez","image":{"@type":"ImageObject","inLanguage":"ru-RU","@id":"https:\/\/denizcankizil.tr\/de\/#\/schema\/person\/image\/","url":"https:\/\/secure.gravatar.com\/avatar\/42b01982558a48a0b501fdcab6a408d3717ea5919095ee2e67b0e521799c5905?s=96&d=mm&r=g","contentUrl":"https:\/\/secure.gravatar.com\/avatar\/42b01982558a48a0b501fdcab6a408d3717ea5919095ee2e67b0e521799c5905?s=96&d=mm&r=g","caption":"Antalya K\u00f6rfez"},"sameAs":["http:\/\/www.antalyakorfez.com"],"url":"https:\/\/www.antalyakorfez.com\/unlu-hukukcu-cevapladi-ekrem-imamoglu-cumhurbaskani-adayi-olabilecek-mi"}]}},"_links":{"self":[{"href":"https:\/\/denizcankizil.tr\/ru\/wp-json\/wp\/v2\/posts\/36345","targetHints":{"allow":["GET"]}}],"collection":[{"href":"https:\/\/denizcankizil.tr\/ru\/wp-json\/wp\/v2\/posts"}],"about":[{"href":"https:\/\/denizcankizil.tr\/ru\/wp-json\/wp\/v2\/types\/post"}],"author":[{"embeddable":true,"href":"https:\/\/denizcankizil.tr\/ru\/wp-json\/wp\/v2\/users\/5"}],"replies":[{"embeddable":true,"href":"https:\/\/denizcankizil.tr\/ru\/wp-json\/wp\/v2\/comments?post=36345"}],"version-history":[{"count":0,"href":"https:\/\/denizcankizil.tr\/ru\/wp-json\/wp\/v2\/posts\/36345\/revisions"}],"wp:attachment":[{"href":"https:\/\/denizcankizil.tr\/ru\/wp-json\/wp\/v2\/media?parent=36345"}],"wp:term":[{"taxonomy":"category","embeddable":true,"href":"https:\/\/denizcankizil.tr\/ru\/wp-json\/wp\/v2\/categories?post=36345"},{"taxonomy":"post_tag","embeddable":true,"href":"https:\/\/denizcankizil.tr\/ru\/wp-json\/wp\/v2\/tags?post=36345"}],"curies":[{"name":"wp","href":"https:\/\/api.w.org\/{rel}","templated":true}]}}