{"id":36321,"date":"2025-03-19T15:41:53","date_gmt":"2025-03-19T12:41:53","guid":{"rendered":"https:\/\/denizcankizil.tr\/uncategorized-tr\/chp-genel-merkezde-demokrasi-nobeti-basladi\/"},"modified":"2025-03-19T15:41:53","modified_gmt":"2025-03-19T12:41:53","slug":"chp-genel-merkezde-demokrasi-nobeti-basladi","status":"publish","type":"post","link":"https:\/\/denizcankizil.tr\/ru\/haberler\/gundem\/chp-genel-merkezde-demokrasi-nobeti-basladi\/","title":{"rendered":"CHP Genel Merkez\u2019de \u2018demokrasi n\u00f6beti\u2019 ba\u015flad\u0131"},"content":{"rendered":"<p>Sabaha kar\u015f\u0131 yo\u011fun g\u00fcvenlik g\u00fc\u00e7leriyle evinden al\u0131nan \u0130stanbul B\u00fcy\u00fck\u015fehir Belediye Ba\u015fkan\u0131 Ekrem \u0130mamo\u011flu\u2019nun g\u00f6zalt\u0131 i\u015flemleri s\u00fcr\u00fcyor. \u0130mamo\u011flu\u2019nun g\u00f6zalt\u0131nda al\u0131nmas\u0131n\u0131n yank\u0131lar\u0131 \u00fclke genelinde s\u00fcr\u00fcyor.\u00a0<\/p>\n<p>DEMOKRAS\u0130 N\u00d6BET\u0130 BA\u015eLADI\u00a0<\/p>\n<p>Ankara\u2019da CHP Genel Merkezi&#8217;nde yurtta\u015flar \u0130BB Ba\u015fkan\u0131 Ekrem \u0130mamo\u011flu&#8217;nun g\u00f6zalt\u0131na al\u0131nmas\u0131n\u0131 protesto ediyor. CHP S\u00f6zc\u00fcs\u00fc Deniz Y\u00fccel CHP Genel Merkezi&#8217;nde yapt\u0131\u011f\u0131 konu\u015fmada &#8221;Demokrasi n\u00f6betimiz burada devam edecektir. Buradan ayr\u0131lmay\u0131n. Milletimizin iradesine demokrasiye, Ekrem Ba\u015fkan\u0131m\u0131za sahip \u00e7\u0131kmaya buradan devam edece\u011fiz&#8221; dedi.<\/p>\n<p>YA HEP BERABER YA H\u0130\u00c7B\u0130R\u0130M\u0130Z\u00a0<\/p>\n<p>CHP Genel Merkezi&#8217;nde yurtta\u015flar \u0130BB Ba\u015fkan\u0131 Ekrem \u0130mamo\u011flu&#8217;nun g\u00f6zalt\u0131na al\u0131nmas\u0131n\u0131 protesto ediyor. Geni\u015f kalabal\u0131k olu\u015fturan yurtta\u015flar &#8221;Kurtulu\u015f yok tek ba\u015f\u0131na, ya hep beraber ya hi\u00e7birimiz&#8221; slogan\u0131 att\u0131. \u00a0CHP S\u00f6zc\u00fcs\u00fc Deniz Y\u00fccel CHP Genel Merkezi&#8217;nin \u00f6n\u00fcnde kitleye seslendi.\u00a0<\/p>\n<p>SAH\u0130P \u00c7IKMAYA DEVAM EDECE\u011e\u0130Z\u00a0<\/p>\n<p>Y\u00fccel yapt\u0131\u011f\u0131 konu\u015fmada \u015fu ifadeleri kulland\u0131: \u00a0&#8221;Yol arkada\u015flar\u0131m\u0131z\u0131 yedirtmeyiz yanlar\u0131nday\u0131z arkalar\u0131nday\u0131z. Demokrasi n\u00f6betimiz burada devam edecektir. Buradan ayr\u0131lmay\u0131n. Milletimizin iradesine demokrasiye, Ekrem Ba\u015fkan\u0131m\u0131za sahip \u00e7\u0131kmaya buradan devam edece\u011fiz&#8221;<\/p>\n<p>\u200b\u0130stanbul B\u00fcy\u00fck\u015fehir Belediye Ba\u015fkan\u0131 Ekrem \u0130mamo\u011flu\u2019nun g\u00f6zalt\u0131na al\u0131nmas\u0131n\u0131n ard\u0131ndan CHP Genel Merkez\u2019in \u00f6n\u00fcnde partililer ve yurtta\u015flar \u2018demokrasi n\u00f6beti\u2019 ba\u015flatt\u0131.\u00a0<\/p>\n<p>\u200bHaberin Al\u0131nt\u0131land\u0131\u011f\u0131 Kaynak: www.antalyakorfez.com<\/p>","protected":false},"excerpt":{"rendered":"<p>Sabaha kar\u015f\u0131 yo\u011fun g\u00fcvenlik g\u00fc\u00e7leriyle evinden al\u0131nan \u0130stanbul B\u00fcy\u00fck\u015fehir Belediye Ba\u015fkan\u0131 Ekrem \u0130mamo\u011flu\u2019nun g\u00f6zalt\u0131 i\u015flemleri s\u00fcr\u00fcyor. \u0130mamo\u011flu\u2019nun g\u00f6zalt\u0131nda al\u0131nmas\u0131n\u0131n yank\u0131lar\u0131 \u00fclke genelinde s\u00fcr\u00fcyor.\u00a0 DEMOKRAS\u0130 N\u00d6BET\u0130 BA\u015eLADI\u00a0 Ankara\u2019da CHP Genel Merkezi&#8217;nde yurtta\u015flar \u0130BB Ba\u015fkan\u0131 Ekrem \u0130mamo\u011flu&#8217;nun g\u00f6zalt\u0131na al\u0131nmas\u0131n\u0131 protesto ediyor. CHP S\u00f6zc\u00fcs\u00fc Deniz Y\u00fccel CHP Genel Merkezi&#8217;nde yapt\u0131\u011f\u0131 konu\u015fmada &#8221;Demokrasi n\u00f6betimiz burada devam edecektir. Buradan ayr\u0131lmay\u0131n. Milletimizin iradesine demokrasiye, Ekrem Ba\u015fkan\u0131m\u0131za sahip \u00e7\u0131kmaya buradan devam edece\u011fiz&#8221; dedi. YA HEP BERABER YA H\u0130\u00c7B\u0130R\u0130M\u0130Z\u00a0 CHP Genel Merkezi&#8217;nde yurtta\u015flar \u0130BB Ba\u015fkan\u0131 Ekrem \u0130mamo\u011flu&#8217;nun g\u00f6zalt\u0131na al\u0131nmas\u0131n\u0131 protesto ediyor. Geni\u015f kalabal\u0131k olu\u015fturan yurtta\u015flar &#8221;Kurtulu\u015f yok tek ba\u015f\u0131na, ya hep beraber ya hi\u00e7birimiz&#8221; slogan\u0131 att\u0131. \u00a0CHP S\u00f6zc\u00fcs\u00fc Deniz Y\u00fccel CHP Genel Merkezi&#8217;nin \u00f6n\u00fcnde kitleye seslendi.\u00a0 SAH\u0130P \u00c7IKMAYA DEVAM EDECE\u011e\u0130Z\u00a0 Y\u00fccel yapt\u0131\u011f\u0131 konu\u015fmada \u015fu ifadeleri kulland\u0131: \u00a0&#8221;Yol arkada\u015flar\u0131m\u0131z\u0131 yedirtmeyiz yanlar\u0131nday\u0131z arkalar\u0131nday\u0131z. Demokrasi n\u00f6betimiz burada devam edecektir. Buradan ayr\u0131lmay\u0131n. Milletimizin iradesine demokrasiye, Ekrem Ba\u015fkan\u0131m\u0131za sahip \u00e7\u0131kmaya buradan devam edece\u011fiz&#8221; \u200b\u0130stanbul B\u00fcy\u00fck\u015fehir Belediye Ba\u015fkan\u0131 Ekrem \u0130mamo\u011flu\u2019nun g\u00f6zalt\u0131na al\u0131nmas\u0131n\u0131n ard\u0131ndan CHP Genel Merkez\u2019in \u00f6n\u00fcnde partililer ve yurtta\u015flar \u2018demokrasi n\u00f6beti\u2019 ba\u015flatt\u0131.\u00a0 \u200bHaberin Al\u0131nt\u0131land\u0131\u011f\u0131 Kaynak: www.antalyakorfez.com<\/p>","protected":false},"author":5,"featured_media":0,"comment_status":"","ping_status":"open","sticky":false,"template":"","format":"standard","meta":{"_acf_changed":false,"footnotes":""},"categories":[24],"tags":[],"class_list":["post-36321","post","type-post","status-publish","format-standard","has-post-thumbnail","hentry","category-gundem"],"acf":[],"yoast_head":"<!-- This site is optimized with the Yoast SEO Premium plugin v26.6 (Yoast SEO v27.1.1) - https:\/\/yoast.com\/product\/yoast-seo-premium-wordpress\/ -->\n<title>CHP Genel Merkez\u2019de \u2018demokrasi n\u00f6beti\u2019 ba\u015flad\u0131 - Av. Deniz Can K\u0131z\u0131l<\/title>\n<meta name=\"robots\" content=\"index, follow, max-snippet:-1, max-image-preview:large, max-video-preview:-1\" \/>\n<link rel=\"canonical\" href=\"https:\/\/denizcankizil.tr\/ru\/haberler\/gundem\/chp-genel-merkezde-demokrasi-nobeti-basladi\/\" \/>\n<meta property=\"og:locale\" content=\"ru_RU\" \/>\n<meta property=\"og:type\" content=\"article\" \/>\n<meta property=\"og:title\" content=\"CHP Genel Merkez\u2019de \u2018demokrasi n\u00f6beti\u2019 ba\u015flad\u0131\" \/>\n<meta property=\"og:description\" content=\"Sabaha kar\u015f\u0131 yo\u011fun g\u00fcvenlik g\u00fc\u00e7leriyle evinden al\u0131nan \u0130stanbul B\u00fcy\u00fck\u015fehir Belediye Ba\u015fkan\u0131 Ekrem \u0130mamo\u011flu\u2019nun g\u00f6zalt\u0131 i\u015flemleri s\u00fcr\u00fcyor. \u0130mamo\u011flu\u2019nun g\u00f6zalt\u0131nda al\u0131nmas\u0131n\u0131n yank\u0131lar\u0131 \u00fclke genelinde s\u00fcr\u00fcyor.\u00a0 DEMOKRAS\u0130 N\u00d6BET\u0130 BA\u015eLADI\u00a0 Ankara\u2019da CHP Genel Merkezi&#8217;nde yurtta\u015flar \u0130BB Ba\u015fkan\u0131 Ekrem \u0130mamo\u011flu&#8217;nun g\u00f6zalt\u0131na al\u0131nmas\u0131n\u0131 protesto ediyor. CHP S\u00f6zc\u00fcs\u00fc Deniz Y\u00fccel CHP Genel Merkezi&#8217;nde yapt\u0131\u011f\u0131 konu\u015fmada &#8221;Demokrasi n\u00f6betimiz burada devam edecektir. Buradan ayr\u0131lmay\u0131n. Milletimizin iradesine demokrasiye, Ekrem Ba\u015fkan\u0131m\u0131za sahip \u00e7\u0131kmaya buradan devam edece\u011fiz&#8221; dedi. YA HEP BERABER YA H\u0130\u00c7B\u0130R\u0130M\u0130Z\u00a0 CHP Genel Merkezi&#8217;nde yurtta\u015flar \u0130BB Ba\u015fkan\u0131 Ekrem \u0130mamo\u011flu&#8217;nun g\u00f6zalt\u0131na al\u0131nmas\u0131n\u0131 protesto ediyor. Geni\u015f kalabal\u0131k olu\u015fturan yurtta\u015flar &#8221;Kurtulu\u015f yok tek ba\u015f\u0131na, ya hep beraber ya hi\u00e7birimiz&#8221; slogan\u0131 att\u0131. \u00a0CHP S\u00f6zc\u00fcs\u00fc Deniz Y\u00fccel CHP Genel Merkezi&#8217;nin \u00f6n\u00fcnde kitleye seslendi.\u00a0 SAH\u0130P \u00c7IKMAYA DEVAM EDECE\u011e\u0130Z\u00a0 Y\u00fccel yapt\u0131\u011f\u0131 konu\u015fmada \u015fu ifadeleri kulland\u0131: \u00a0&#8221;Yol arkada\u015flar\u0131m\u0131z\u0131 yedirtmeyiz yanlar\u0131nday\u0131z arkalar\u0131nday\u0131z. Demokrasi n\u00f6betimiz burada devam edecektir. Buradan ayr\u0131lmay\u0131n. Milletimizin iradesine demokrasiye, Ekrem Ba\u015fkan\u0131m\u0131za sahip \u00e7\u0131kmaya buradan devam edece\u011fiz&#8221; \u200b\u0130stanbul B\u00fcy\u00fck\u015fehir Belediye Ba\u015fkan\u0131 Ekrem \u0130mamo\u011flu\u2019nun g\u00f6zalt\u0131na al\u0131nmas\u0131n\u0131n ard\u0131ndan CHP Genel Merkez\u2019in \u00f6n\u00fcnde partililer ve yurtta\u015flar \u2018demokrasi n\u00f6beti\u2019 ba\u015flatt\u0131.\u00a0 \u200bHaberin Al\u0131nt\u0131land\u0131\u011f\u0131 Kaynak: www.antalyakorfez.com\" \/>\n<meta property=\"og:url\" content=\"https:\/\/denizcankizil.tr\/ru\/haberler\/gundem\/chp-genel-merkezde-demokrasi-nobeti-basladi\/\" \/>\n<meta property=\"og:site_name\" content=\"Av. Deniz Can K\u0131z\u0131l\" \/>\n<meta property=\"article:published_time\" content=\"2025-03-19T12:41:53+00:00\" \/>\n<meta name=\"author\" content=\"Antalya K\u00f6rfez\" \/>\n<meta name=\"twitter:card\" content=\"summary_large_image\" \/>\n<meta name=\"twitter:label1\" content=\"\u041d\u0430\u043f\u0438\u0441\u0430\u043d\u043e \u0430\u0432\u0442\u043e\u0440\u043e\u043c\" \/>\n\t<meta name=\"twitter:data1\" content=\"Antalya K\u00f6rfez\" \/>\n\t<meta name=\"twitter:label2\" content=\"\u041f\u0440\u0438\u043c\u0435\u0440\u043d\u043e\u0435 \u0432\u0440\u0435\u043c\u044f \u0434\u043b\u044f \u0447\u0442\u0435\u043d\u0438\u044f\" \/>\n\t<meta name=\"twitter:data2\" content=\"1 \u043c\u0438\u043d\u0443\u0442\u0430\" \/>\n<script type=\"application\/ld+json\" class=\"yoast-schema-graph\">{\"@context\":\"https:\/\/schema.org\",\"@graph\":[{\"@type\":\"Article\",\"@id\":\"https:\/\/denizcankizil.tr\/ru\/haberler\/gundem\/chp-genel-merkezde-demokrasi-nobeti-basladi\/#article\",\"isPartOf\":{\"@id\":\"https:\/\/denizcankizil.tr\/ru\/haberler\/gundem\/chp-genel-merkezde-demokrasi-nobeti-basladi\/\"},\"author\":{\"name\":\"Antalya K\u00f6rfez\",\"@id\":\"https:\/\/denizcankizil.tr\/de\/#\/schema\/person\/e1eb71bb4dd684d46563f0af307e1234\"},\"headline\":\"CHP Genel Merkez\u2019de \u2018demokrasi n\u00f6beti\u2019 ba\u015flad\u0131\",\"datePublished\":\"2025-03-19T12:41:53+00:00\",\"mainEntityOfPage\":{\"@id\":\"https:\/\/denizcankizil.tr\/ru\/haberler\/gundem\/chp-genel-merkezde-demokrasi-nobeti-basladi\/\"},\"wordCount\":282,\"publisher\":{\"@id\":\"https:\/\/denizcankizil.tr\/de\/#organization\"},\"articleSection\":[\"G\u00fcndem\"],\"inLanguage\":\"ru-RU\"},{\"@type\":\"WebPage\",\"@id\":\"https:\/\/denizcankizil.tr\/ru\/haberler\/gundem\/chp-genel-merkezde-demokrasi-nobeti-basladi\/\",\"url\":\"https:\/\/denizcankizil.tr\/ru\/haberler\/gundem\/chp-genel-merkezde-demokrasi-nobeti-basladi\/\",\"name\":\"CHP Genel Merkez\u2019de \u2018demokrasi n\u00f6beti\u2019 ba\u015flad\u0131 - Av. Deniz Can K\u0131z\u0131l\",\"isPartOf\":{\"@id\":\"https:\/\/denizcankizil.tr\/de\/#website\"},\"datePublished\":\"2025-03-19T12:41:53+00:00\",\"breadcrumb\":{\"@id\":\"https:\/\/denizcankizil.tr\/ru\/haberler\/gundem\/chp-genel-merkezde-demokrasi-nobeti-basladi\/#breadcrumb\"},\"inLanguage\":\"ru-RU\",\"potentialAction\":[{\"@type\":\"ReadAction\",\"target\":[\"https:\/\/denizcankizil.tr\/ru\/haberler\/gundem\/chp-genel-merkezde-demokrasi-nobeti-basladi\/\"]}]},{\"@type\":\"BreadcrumbList\",\"@id\":\"https:\/\/denizcankizil.tr\/ru\/haberler\/gundem\/chp-genel-merkezde-demokrasi-nobeti-basladi\/#breadcrumb\",\"itemListElement\":[{\"@type\":\"ListItem\",\"position\":1,\"name\":\"Home\",\"item\":\"https:\/\/denizcankizil.tr\/de\/\"},{\"@type\":\"ListItem\",\"position\":2,\"name\":\"CHP Genel Merkez\u2019de \u2018demokrasi n\u00f6beti\u2019 ba\u015flad\u0131\"}]},{\"@type\":\"WebSite\",\"@id\":\"https:\/\/denizcankizil.tr\/de\/#website\",\"url\":\"https:\/\/denizcankizil.tr\/de\/\",\"name\":\"Av. Deniz Can K\u0131z\u0131l\",\"description\":\"Avukat Deniz Can K\u0131z\u0131l Antalya Barosu\",\"publisher\":{\"@id\":\"https:\/\/denizcankizil.tr\/de\/#organization\"},\"potentialAction\":[{\"@type\":\"SearchAction\",\"target\":{\"@type\":\"EntryPoint\",\"urlTemplate\":\"https:\/\/denizcankizil.tr\/de\/?s={search_term_string}\"},\"query-input\":{\"@type\":\"PropertyValueSpecification\",\"valueRequired\":true,\"valueName\":\"search_term_string\"}}],\"inLanguage\":\"ru-RU\"},{\"@type\":\"Organization\",\"@id\":\"https:\/\/denizcankizil.tr\/de\/#organization\",\"name\":\"Av. Deniz Can K\u0131z\u0131l\",\"url\":\"https:\/\/denizcankizil.tr\/de\/\",\"logo\":{\"@type\":\"ImageObject\",\"inLanguage\":\"ru-RU\",\"@id\":\"https:\/\/denizcankizil.tr\/de\/#\/schema\/logo\/image\/\",\"url\":\"https:\/\/denizcankizil.tr\/wp-content\/uploads\/2024\/10\/siyah-logo-svg.svg\",\"contentUrl\":\"https:\/\/denizcankizil.tr\/wp-content\/uploads\/2024\/10\/siyah-logo-svg.svg\",\"width\":1080,\"height\":1080,\"caption\":\"Av. Deniz Can K\u0131z\u0131l\"},\"image\":{\"@id\":\"https:\/\/denizcankizil.tr\/de\/#\/schema\/logo\/image\/\"}},{\"@type\":\"Person\",\"@id\":\"https:\/\/denizcankizil.tr\/de\/#\/schema\/person\/e1eb71bb4dd684d46563f0af307e1234\",\"name\":\"Antalya K\u00f6rfez\",\"image\":{\"@type\":\"ImageObject\",\"inLanguage\":\"ru-RU\",\"@id\":\"https:\/\/denizcankizil.tr\/de\/#\/schema\/person\/image\/\",\"url\":\"https:\/\/secure.gravatar.com\/avatar\/42b01982558a48a0b501fdcab6a408d3717ea5919095ee2e67b0e521799c5905?s=96&d=mm&r=g\",\"contentUrl\":\"https:\/\/secure.gravatar.com\/avatar\/42b01982558a48a0b501fdcab6a408d3717ea5919095ee2e67b0e521799c5905?s=96&d=mm&r=g\",\"caption\":\"Antalya K\u00f6rfez\"},\"sameAs\":[\"http:\/\/www.antalyakorfez.com\"],\"url\":\"https:\/\/www.antalyakorfez.com\/chp-genel-merkezde-demokrasi-nobeti-basladi\"}]}<\/script>\n<!-- \/ Yoast SEO Premium plugin. -->","yoast_head_json":{"title":"CHP Genel Merkez\u2019de \u2018demokrasi n\u00f6beti\u2019 ba\u015flad\u0131 - Av. Deniz Can K\u0131z\u0131l","robots":{"index":"index","follow":"follow","max-snippet":"max-snippet:-1","max-image-preview":"max-image-preview:large","max-video-preview":"max-video-preview:-1"},"canonical":"https:\/\/denizcankizil.tr\/ru\/haberler\/gundem\/chp-genel-merkezde-demokrasi-nobeti-basladi\/","og_locale":"ru_RU","og_type":"article","og_title":"CHP Genel Merkez\u2019de \u2018demokrasi n\u00f6beti\u2019 ba\u015flad\u0131","og_description":"Sabaha kar\u015f\u0131 yo\u011fun g\u00fcvenlik g\u00fc\u00e7leriyle evinden al\u0131nan \u0130stanbul B\u00fcy\u00fck\u015fehir Belediye Ba\u015fkan\u0131 Ekrem \u0130mamo\u011flu\u2019nun g\u00f6zalt\u0131 i\u015flemleri s\u00fcr\u00fcyor. \u0130mamo\u011flu\u2019nun g\u00f6zalt\u0131nda al\u0131nmas\u0131n\u0131n yank\u0131lar\u0131 \u00fclke genelinde s\u00fcr\u00fcyor.\u00a0 DEMOKRAS\u0130 N\u00d6BET\u0130 BA\u015eLADI\u00a0 Ankara\u2019da CHP Genel Merkezi&#8217;nde yurtta\u015flar \u0130BB Ba\u015fkan\u0131 Ekrem \u0130mamo\u011flu&#8217;nun g\u00f6zalt\u0131na al\u0131nmas\u0131n\u0131 protesto ediyor. CHP S\u00f6zc\u00fcs\u00fc Deniz Y\u00fccel CHP Genel Merkezi&#8217;nde yapt\u0131\u011f\u0131 konu\u015fmada &#8221;Demokrasi n\u00f6betimiz burada devam edecektir. Buradan ayr\u0131lmay\u0131n. Milletimizin iradesine demokrasiye, Ekrem Ba\u015fkan\u0131m\u0131za sahip \u00e7\u0131kmaya buradan devam edece\u011fiz&#8221; dedi. YA HEP BERABER YA H\u0130\u00c7B\u0130R\u0130M\u0130Z\u00a0 CHP Genel Merkezi&#8217;nde yurtta\u015flar \u0130BB Ba\u015fkan\u0131 Ekrem \u0130mamo\u011flu&#8217;nun g\u00f6zalt\u0131na al\u0131nmas\u0131n\u0131 protesto ediyor. Geni\u015f kalabal\u0131k olu\u015fturan yurtta\u015flar &#8221;Kurtulu\u015f yok tek ba\u015f\u0131na, ya hep beraber ya hi\u00e7birimiz&#8221; slogan\u0131 att\u0131. \u00a0CHP S\u00f6zc\u00fcs\u00fc Deniz Y\u00fccel CHP Genel Merkezi&#8217;nin \u00f6n\u00fcnde kitleye seslendi.\u00a0 SAH\u0130P \u00c7IKMAYA DEVAM EDECE\u011e\u0130Z\u00a0 Y\u00fccel yapt\u0131\u011f\u0131 konu\u015fmada \u015fu ifadeleri kulland\u0131: \u00a0&#8221;Yol arkada\u015flar\u0131m\u0131z\u0131 yedirtmeyiz yanlar\u0131nday\u0131z arkalar\u0131nday\u0131z. Demokrasi n\u00f6betimiz burada devam edecektir. Buradan ayr\u0131lmay\u0131n. Milletimizin iradesine demokrasiye, Ekrem Ba\u015fkan\u0131m\u0131za sahip \u00e7\u0131kmaya buradan devam edece\u011fiz&#8221; \u200b\u0130stanbul B\u00fcy\u00fck\u015fehir Belediye Ba\u015fkan\u0131 Ekrem \u0130mamo\u011flu\u2019nun g\u00f6zalt\u0131na al\u0131nmas\u0131n\u0131n ard\u0131ndan CHP Genel Merkez\u2019in \u00f6n\u00fcnde partililer ve yurtta\u015flar \u2018demokrasi n\u00f6beti\u2019 ba\u015flatt\u0131.\u00a0 \u200bHaberin Al\u0131nt\u0131land\u0131\u011f\u0131 Kaynak: www.antalyakorfez.com","og_url":"https:\/\/denizcankizil.tr\/ru\/haberler\/gundem\/chp-genel-merkezde-demokrasi-nobeti-basladi\/","og_site_name":"Av. Deniz Can K\u0131z\u0131l","article_published_time":"2025-03-19T12:41:53+00:00","author":"Antalya K\u00f6rfez","twitter_card":"summary_large_image","twitter_misc":{"\u041d\u0430\u043f\u0438\u0441\u0430\u043d\u043e \u0430\u0432\u0442\u043e\u0440\u043e\u043c":"Antalya K\u00f6rfez","\u041f\u0440\u0438\u043c\u0435\u0440\u043d\u043e\u0435 \u0432\u0440\u0435\u043c\u044f \u0434\u043b\u044f \u0447\u0442\u0435\u043d\u0438\u044f":"1 \u043c\u0438\u043d\u0443\u0442\u0430"},"schema":{"@context":"https:\/\/schema.org","@graph":[{"@type":"Article","@id":"https:\/\/denizcankizil.tr\/ru\/haberler\/gundem\/chp-genel-merkezde-demokrasi-nobeti-basladi\/#article","isPartOf":{"@id":"https:\/\/denizcankizil.tr\/ru\/haberler\/gundem\/chp-genel-merkezde-demokrasi-nobeti-basladi\/"},"author":{"name":"Antalya K\u00f6rfez","@id":"https:\/\/denizcankizil.tr\/de\/#\/schema\/person\/e1eb71bb4dd684d46563f0af307e1234"},"headline":"CHP Genel Merkez\u2019de \u2018demokrasi n\u00f6beti\u2019 ba\u015flad\u0131","datePublished":"2025-03-19T12:41:53+00:00","mainEntityOfPage":{"@id":"https:\/\/denizcankizil.tr\/ru\/haberler\/gundem\/chp-genel-merkezde-demokrasi-nobeti-basladi\/"},"wordCount":282,"publisher":{"@id":"https:\/\/denizcankizil.tr\/de\/#organization"},"articleSection":["G\u00fcndem"],"inLanguage":"ru-RU"},{"@type":"WebPage","@id":"https:\/\/denizcankizil.tr\/ru\/haberler\/gundem\/chp-genel-merkezde-demokrasi-nobeti-basladi\/","url":"https:\/\/denizcankizil.tr\/ru\/haberler\/gundem\/chp-genel-merkezde-demokrasi-nobeti-basladi\/","name":"CHP Genel Merkez\u2019de \u2018demokrasi n\u00f6beti\u2019 ba\u015flad\u0131 - Av. Deniz Can K\u0131z\u0131l","isPartOf":{"@id":"https:\/\/denizcankizil.tr\/de\/#website"},"datePublished":"2025-03-19T12:41:53+00:00","breadcrumb":{"@id":"https:\/\/denizcankizil.tr\/ru\/haberler\/gundem\/chp-genel-merkezde-demokrasi-nobeti-basladi\/#breadcrumb"},"inLanguage":"ru-RU","potentialAction":[{"@type":"ReadAction","target":["https:\/\/denizcankizil.tr\/ru\/haberler\/gundem\/chp-genel-merkezde-demokrasi-nobeti-basladi\/"]}]},{"@type":"BreadcrumbList","@id":"https:\/\/denizcankizil.tr\/ru\/haberler\/gundem\/chp-genel-merkezde-demokrasi-nobeti-basladi\/#breadcrumb","itemListElement":[{"@type":"ListItem","position":1,"name":"Home","item":"https:\/\/denizcankizil.tr\/de\/"},{"@type":"ListItem","position":2,"name":"CHP Genel Merkez\u2019de \u2018demokrasi n\u00f6beti\u2019 ba\u015flad\u0131"}]},{"@type":"WebSite","@id":"https:\/\/denizcankizil.tr\/de\/#website","url":"https:\/\/denizcankizil.tr\/de\/","name":"Av. Deniz Can K\u0131z\u0131l","description":"Avukat Deniz Can K\u0131z\u0131l Antalya Barosu","publisher":{"@id":"https:\/\/denizcankizil.tr\/de\/#organization"},"potentialAction":[{"@type":"SearchAction","target":{"@type":"EntryPoint","urlTemplate":"https:\/\/denizcankizil.tr\/de\/?s={search_term_string}"},"query-input":{"@type":"PropertyValueSpecification","valueRequired":true,"valueName":"search_term_string"}}],"inLanguage":"ru-RU"},{"@type":"Organization","@id":"https:\/\/denizcankizil.tr\/de\/#organization","name":"Av. Deniz Can K\u0131z\u0131l","url":"https:\/\/denizcankizil.tr\/de\/","logo":{"@type":"ImageObject","inLanguage":"ru-RU","@id":"https:\/\/denizcankizil.tr\/de\/#\/schema\/logo\/image\/","url":"https:\/\/denizcankizil.tr\/wp-content\/uploads\/2024\/10\/siyah-logo-svg.svg","contentUrl":"https:\/\/denizcankizil.tr\/wp-content\/uploads\/2024\/10\/siyah-logo-svg.svg","width":1080,"height":1080,"caption":"Av. Deniz Can K\u0131z\u0131l"},"image":{"@id":"https:\/\/denizcankizil.tr\/de\/#\/schema\/logo\/image\/"}},{"@type":"Person","@id":"https:\/\/denizcankizil.tr\/de\/#\/schema\/person\/e1eb71bb4dd684d46563f0af307e1234","name":"Antalya K\u00f6rfez","image":{"@type":"ImageObject","inLanguage":"ru-RU","@id":"https:\/\/denizcankizil.tr\/de\/#\/schema\/person\/image\/","url":"https:\/\/secure.gravatar.com\/avatar\/42b01982558a48a0b501fdcab6a408d3717ea5919095ee2e67b0e521799c5905?s=96&d=mm&r=g","contentUrl":"https:\/\/secure.gravatar.com\/avatar\/42b01982558a48a0b501fdcab6a408d3717ea5919095ee2e67b0e521799c5905?s=96&d=mm&r=g","caption":"Antalya K\u00f6rfez"},"sameAs":["http:\/\/www.antalyakorfez.com"],"url":"https:\/\/www.antalyakorfez.com\/chp-genel-merkezde-demokrasi-nobeti-basladi"}]}},"_links":{"self":[{"href":"https:\/\/denizcankizil.tr\/ru\/wp-json\/wp\/v2\/posts\/36321","targetHints":{"allow":["GET"]}}],"collection":[{"href":"https:\/\/denizcankizil.tr\/ru\/wp-json\/wp\/v2\/posts"}],"about":[{"href":"https:\/\/denizcankizil.tr\/ru\/wp-json\/wp\/v2\/types\/post"}],"author":[{"embeddable":true,"href":"https:\/\/denizcankizil.tr\/ru\/wp-json\/wp\/v2\/users\/5"}],"replies":[{"embeddable":true,"href":"https:\/\/denizcankizil.tr\/ru\/wp-json\/wp\/v2\/comments?post=36321"}],"version-history":[{"count":0,"href":"https:\/\/denizcankizil.tr\/ru\/wp-json\/wp\/v2\/posts\/36321\/revisions"}],"wp:attachment":[{"href":"https:\/\/denizcankizil.tr\/ru\/wp-json\/wp\/v2\/media?parent=36321"}],"wp:term":[{"taxonomy":"category","embeddable":true,"href":"https:\/\/denizcankizil.tr\/ru\/wp-json\/wp\/v2\/categories?post=36321"},{"taxonomy":"post_tag","embeddable":true,"href":"https:\/\/denizcankizil.tr\/ru\/wp-json\/wp\/v2\/tags?post=36321"}],"curies":[{"name":"wp","href":"https:\/\/api.w.org\/{rel}","templated":true}]}}