{"id":36306,"date":"2025-03-19T14:42:05","date_gmt":"2025-03-19T11:42:05","guid":{"rendered":"https:\/\/denizcankizil.tr\/uncategorized-tr\/milli-egitim-akademisi-baskanligi-yonetmeligi-resmilesti\/"},"modified":"2025-03-19T14:42:05","modified_gmt":"2025-03-19T11:42:05","slug":"milli-egitim-akademisi-baskanligi-yonetmeligi-resmilesti","status":"publish","type":"post","link":"https:\/\/denizcankizil.tr\/ru\/haberler\/gundem\/milli-egitim-akademisi-baskanligi-yonetmeligi-resmilesti\/","title":{"rendered":"Milli E\u011fitim Akademisi Ba\u015fkanl\u0131\u011f\u0131 Y\u00f6netmeli\u011fi &#8216;Resmi&#8217;le\u015fti"},"content":{"rendered":"<p>Mill\u00ee E\u011fitim Bakanl\u0131\u011f\u0131&#8217;nca haz\u0131rlanan &#8216;Mill\u00ee E\u011fitim Akademisi Ba\u015fkanl\u0131\u011f\u0131 Y\u00f6netmeli\u011fi&#8217;nin bug\u00fcnk\u00fc Resmi Gazete&#8217;de yay\u0131mlanarak y\u00fcr\u00fcrl\u00fc\u011fe girmesi sonras\u0131nda, 4 Ocak 1995&#8217;te yay\u0131mlanan &#8220;Milli E\u011fitim Bakanl\u0131\u011f\u0131 Hizmet \u0130\u00e7i E\u011fitim Merkezleri Y\u00f6netmeli\u011fi&#8221; y\u00fcr\u00fcrl\u00fckten kald\u0131r\u0131ld\u0131.ANKARA (\u0130GFA) &#8211; Milli E\u011fitim Bakanl\u0131\u011f\u0131 Akademisi Ba\u015fkanl\u0131\u011f\u0131 Y\u00f6netmeli\u011fi yay\u0131mland\u0131. Buna g\u00f6re Ba\u015fkanl\u0131\u011f\u0131n olu\u015fumu, te\u015fkilat yap\u0131s\u0131, g\u00f6revleri ile \u00e7al\u0131\u015fma usul ve esaslar\u0131 belirlendi.<br \/>\n\u00d6\u011fretmenlik mesle\u011fine haz\u0131rl\u0131k e\u011fitimi programlar\u0131n\u0131, y\u00f6netici yeti\u015ftirme programlar\u0131n\u0131 ve \u00f6\u011fretmen, y\u00f6netici ile di\u011fer personelin kariyer basamaklar\u0131nda ilerlemeleri ve g\u00f6revde y\u00fckselmelerine y\u00f6nelik e\u011fitim programlar\u0131n\u0131 haz\u0131rlayacak Ba\u015fkanl\u0131k; \u00f6\u011fretmen, y\u00f6netici ve di\u011fer personelin sahip olmas\u0131 gereken yeterlikleri belirleyecek, geli\u015fen \u015fartlara g\u00f6re g\u00fcncelleyecek.<br \/>\n\u00d6\u011fretmenlere, \u00f6\u011fretmenlik mesle\u011finin gerektirdi\u011fi bilgi, beceri, tutum ve de\u011ferler ile dijital yeterlikleri kazand\u0131racak e\u011fitim faaliyetlerini planlayacak olan Ba\u015fkanl\u0131k, \u00f6\u011fretmen, y\u00f6netici ve di\u011fer personelin e\u011fitim ihtiya\u00e7lar\u0131n\u0131 belirleyecek, bu ihtiyac\u0131 kar\u015f\u0131layacak e\u011fitim programlar\u0131n\u0131 haz\u0131rlayacak ve e\u011fitimlerin etkinli\u011fini takip edecek.<br \/>\nMill\u00ee E\u011fitim Akademisi Ba\u015fkanl\u0131\u011f\u0131 taraf\u0131ndan talepleri uygun g\u00f6r\u00fclmesi h\u00e2linde giderleri kurumlar\u0131nca veya kendilerince kar\u015f\u0131lanmak kayd\u0131yla \u00f6zel \u00f6\u011fretim kurumlar\u0131nda g\u00f6rev yapanlara veya di\u011fer kamu kurum ve kurulu\u015flar\u0131n\u0131n personeline de e\u011fitim verilebilecek. Ba\u015fkanl\u0131k, e\u011fitim \u00f6\u011fretim alan\u0131nda bilimsel ve teknolojik geli\u015fmeleri takip edecek, g\u00f6rev alan\u0131na giren konularda yay\u0131n yaparak ara\u015ft\u0131rma, geli\u015ftirme, proje faaliyetleri ve bilimsel \u00e7al\u0131\u015fmalar y\u00fcr\u00fctecek. G\u00f6rev alan\u0131yla ilgili konularda yurt i\u00e7i veya yurt d\u0131\u015f\u0131 \u00fcniversiteler ile di\u011fer kurum ve kurulu\u015flarla i\u015f birli\u011fi ger\u00e7ekle\u015ftirilecek.<br \/>\n\u00d6\u011fretmenlere y\u00f6nelik \u00f6zel g\u00fcn ve kutlama programlar\u0131n\u0131 da koordine edecek Ba\u015fkanl\u0131k; \u00f6\u011fretmen, y\u00f6netici ve di\u011fer personelin k\u00fclt\u00fcr, sanat, spor ve benzeri alanlarda geli\u015fimlerine y\u00f6nelik faaliyetler de y\u00fcr\u00fctecek.<br \/>\nM\u0130LL\u00ce E\u011e\u0130T\u0130M AKADEM\u0130S\u0130 BA\u015eKANININ G\u00d6REVLER\u0130 DE BEL\u0130RLEND\u0130.<br \/>\nBu kapsamda, Ba\u015fkanl\u0131k faaliyetlerinin y\u00fcr\u00fct\u00fclmesi ve denetiminde Ba\u015fkan, Mill\u00ee E\u011fitim Bakan\u0131na kar\u015f\u0131 sorumlu olacak. Ba\u015fkan; anayasa, kanunlar, Cumhurba\u015fkanl\u0131\u011f\u0131 kararnameleri ve di\u011fer mevzuat ile kalk\u0131nma plan\u0131, stratejik plan ve di\u011fer \u00fcst politika belgeleri do\u011frultusunda Ba\u015fkanl\u0131\u011f\u0131 y\u00f6netecek.<br \/>\nBa\u015fkanl\u0131\u011f\u0131n g\u00f6rev alan\u0131na giren konularda ama\u00e7, hedef ve stratejiler olu\u015fturacak olan Ba\u015fkan; belirlenen ama\u00e7, hedef ve stratejiler do\u011frultusunda uygulamalar\u0131 koordine edecek.<br \/>\nBa\u015fkan, Mill\u00ee E\u011fitim Akademisi Akademik Kuruluna ba\u015fkanl\u0131k edecek, Ba\u015fkanl\u0131k taraf\u0131ndan icra edilen i\u015f ve i\u015flemlerden gerekli g\u00f6r\u00fclenler hakk\u0131nda Kurul&#8217;un bilgilendirilmesini sa\u011flayacak.<br \/>\nM\u0130LL\u00ce E\u011e\u0130T\u0130M AKADEM\u0130S\u0130 AKADEM\u0130K KURULU<br \/>\nY\u00f6netmeli\u011fe g\u00f6re Mill\u00ee E\u011fitim Akademisi Akademik Kurulu, ba\u015fkan ve 10 kurul \u00fcyesinden olu\u015facak. Kurul, Akademi \u0130zleme ve Y\u00f6nlendirme Kurulu taraf\u0131ndan belirlenen politikalar\u0131n uygulanmas\u0131na ili\u015fkin standartlar\u0131 belirleyecek. \u00d6\u011fretmen, y\u00f6netici ve di\u011fer personelin sahip olmas\u0131 gereken yeterliklerin belirlenmesini sa\u011flayacak Kurul, Ba\u015fkanl\u0131k taraf\u0131ndan d\u00fczenlenecek e\u011fitimlerin programlar\u0131n\u0131 haz\u0131rlayacak.\u00a0Mill\u00ee E\u011fitim Akademisi Ba\u015fkanl\u0131\u011f\u0131n\u0131n g\u00f6rev alan\u0131na giren e\u011fitim faaliyetlerinin y\u00fcr\u00fct\u00fclmesi amac\u0131yla gerekli g\u00f6r\u00fclen yerlerde e\u011fitim ve uygulama merkezleri a\u00e7\u0131labilecek.<br \/>\nMerkezlerin y\u00f6netici ve e\u011fitim personeliyle di\u011fer personeli Bakanl\u0131k\u00e7a g\u00f6revlendirilecek veya atanacak.<br \/>\nS\u00f6z konusu y\u00f6netmeli\u011fin detaylar\u0131na ula\u015fmak i\u00e7in t\u0131klayabilirsiniz<br \/>\n\u00a0\u00a0<\/p>\n<p>\u200bMill\u00ee E\u011fitim Bakanl\u0131\u011f\u0131&#8217;nca haz\u0131rlanan &#8216;Mill\u00ee E\u011fitim Akademisi Ba\u015fkanl\u0131\u011f\u0131 Y\u00f6netmeli\u011fi&#8217;nin bug\u00fcnk\u00fc Resmi Gazete&#8217;de yay\u0131mlanarak y\u00fcr\u00fcrl\u00fc\u011fe girmesi sonras\u0131nda, 4 Ocak 1995&#8217;te yay\u0131mlanan &#8220;Milli E\u011fitim Bakanl\u0131\u011f\u0131 Hizmet \u0130\u00e7i E\u011fitim Merkezleri Y\u00f6netmeli\u011fi&#8221; y\u00fcr\u00fcrl\u00fckten kald\u0131r\u0131ld\u0131.ANKARA (\u0130GFA) &#8211; Milli E\u011fitim Bakanl\u0131\u011f\u0131 Akademisi Ba\u015fkanl\u0131\u011f\u0131 Y\u00f6netmeli\u011fi yay\u0131mland\u0131. Buna g\u00f6re Ba\u015fkanl\u0131\u011f\u0131n olu\u015fumu, te\u015fkilat yap\u0131s\u0131, g\u00f6revleri ile \u00e7al\u0131\u015fma usul ve esaslar\u0131 belirlendi.<br \/>\n\u00d6\u011fretmenlik mesle\u011fine haz\u0131rl\u0131k e\u011fitimi programlar\u0131n\u0131, y\u00f6netici yeti\u015ftirme programlar\u0131n\u0131 ve \u00f6\u011fretmen, y\u00f6netici ile di\u011fer personelin kariyer basamaklar\u0131nda ilerlemeleri ve g\u00f6revde y\u00fckselmelerine y\u00f6nelik e\u011fitim programlar\u0131n\u0131 haz\u0131rlayacak Ba\u015fkanl\u0131k; \u00f6\u011fretmen, y\u00f6netici ve di\u011fer personelin sahip olmas\u0131 gereken yeterlikleri belirleyecek, geli\u015fen \u015fartlara g\u00f6re g\u00fcncelleyecek.<br \/>\n\u00d6\u011fretmenlere, \u00f6\u011fretmenlik mesle\u011finin gerektirdi\u011fi bilgi, beceri, tutum ve de\u011ferler ile dijital yeterlikleri kazand\u0131racak e\u011fitim faaliyetlerini planlayacak olan Ba\u015fkanl\u0131k, \u00f6\u011fretmen, y\u00f6netici ve di\u011fer personelin e\u011fitim ihtiya\u00e7lar\u0131n\u0131 belirleyecek, bu ihtiyac\u0131 kar\u015f\u0131layacak e\u011fitim programlar\u0131n\u0131 haz\u0131rlayacak ve e\u011fitimlerin etkinli\u011fini takip edecek.<br \/>\nMill\u00ee E\u011fitim Akademisi Ba\u015fkanl\u0131\u011f\u0131 taraf\u0131ndan talepleri uygun g\u00f6r\u00fclmesi h\u00e2linde giderleri kurumlar\u0131nca veya kendilerince kar\u015f\u0131lanmak kayd\u0131yla \u00f6zel \u00f6\u011fretim kurumlar\u0131nda g\u00f6rev yapanlara veya di\u011fer kamu kurum ve kurulu\u015flar\u0131n\u0131n personeline de e\u011fitim verilebilecek. Ba\u015fkanl\u0131k, e\u011fitim \u00f6\u011fretim alan\u0131nda bilimsel ve teknolojik geli\u015fmeleri takip edecek, g\u00f6rev alan\u0131na giren konularda yay\u0131n yaparak ara\u015ft\u0131rma, geli\u015ftirme, proje faaliyetleri ve bilimsel \u00e7al\u0131\u015fmalar y\u00fcr\u00fctecek. G\u00f6rev alan\u0131yla ilgili konularda yurt i\u00e7i veya yurt d\u0131\u015f\u0131 \u00fcniversiteler ile di\u011fer kurum ve kurulu\u015flarla i\u015f birli\u011fi ger\u00e7ekle\u015ftirilecek.<br \/>\n\u00d6\u011fretmenlere y\u00f6nelik \u00f6zel g\u00fcn ve kutlama programlar\u0131n\u0131 da koordine edecek Ba\u015fkanl\u0131k; \u00f6\u011fretmen, y\u00f6netici ve di\u011fer personelin k\u00fclt\u00fcr, sanat, spor ve benzeri alanlarda geli\u015fimlerine y\u00f6nelik faaliyetler de y\u00fcr\u00fctecek.<br \/>\nM\u0130LL\u00ce E\u011e\u0130T\u0130M AKADEM\u0130S\u0130 BA\u015eKANININ G\u00d6REVLER\u0130 DE BEL\u0130RLEND\u0130.<br \/>\nBu kapsamda, Ba\u015fkanl\u0131k faaliyetlerinin y\u00fcr\u00fct\u00fclmesi ve denetiminde Ba\u015fkan, Mill\u00ee E\u011fitim Bakan\u0131na kar\u015f\u0131 sorumlu olacak. Ba\u015fkan; anayasa, kanunlar, Cumhurba\u015fkanl\u0131\u011f\u0131 kararnameleri ve di\u011fer mevzuat ile kalk\u0131nma plan\u0131, stratejik plan ve di\u011fer \u00fcst politika belgeleri do\u011frultusunda Ba\u015fkanl\u0131\u011f\u0131 y\u00f6netecek.<br \/>\nBa\u015fkanl\u0131\u011f\u0131n g\u00f6rev alan\u0131na giren konularda ama\u00e7, hedef ve stratejiler olu\u015fturacak olan Ba\u015fkan; belirlenen ama\u00e7, hedef ve stratejiler do\u011frultusunda uygulamalar\u0131 koordine edecek.<br \/>\nBa\u015fkan, Mill\u00ee E\u011fitim Akademisi Akademik Kuruluna ba\u015fkanl\u0131k edecek, Ba\u015fkanl\u0131k taraf\u0131ndan icra edilen i\u015f ve i\u015flemlerden gerekli g\u00f6r\u00fclenler hakk\u0131nda Kurul&#8217;un bilgilendirilmesini sa\u011flayacak.<br \/>\nM\u0130LL\u00ce E\u011e\u0130T\u0130M AKADEM\u0130S\u0130 AKADEM\u0130K KURULU<br \/>\nY\u00f6netmeli\u011fe g\u00f6re Mill\u00ee E\u011fitim Akademisi Akademik Kurulu, ba\u015fkan ve 10 kurul \u00fcyesinden olu\u015facak. Kurul, Akademi \u0130zleme ve Y\u00f6nlendirme Kurulu taraf\u0131ndan belirlenen politikalar\u0131n uygulanmas\u0131na ili\u015fkin standartlar\u0131 belirleyecek. \u00d6\u011fretmen, y\u00f6netici ve di\u011fer personelin sahip olmas\u0131 gereken yeterliklerin belirlenmesini sa\u011flayacak Kurul, Ba\u015fkanl\u0131k taraf\u0131ndan d\u00fczenlenecek e\u011fitimlerin programlar\u0131n\u0131 haz\u0131rlayacak.\u00a0Mill\u00ee E\u011fitim Akademisi Ba\u015fkanl\u0131\u011f\u0131n\u0131n g\u00f6rev alan\u0131na giren e\u011fitim faaliyetlerinin y\u00fcr\u00fct\u00fclmesi amac\u0131yla gerekli g\u00f6r\u00fclen yerlerde e\u011fitim ve uygulama merkezleri a\u00e7\u0131labilecek.<br \/>\nMerkezlerin y\u00f6netici ve e\u011fitim personeliyle di\u011fer personeli Bakanl\u0131k\u00e7a g\u00f6revlendirilecek veya atanacak.<br \/>\nS\u00f6z konusu y\u00f6netmeli\u011fin detaylar\u0131na ula\u015fmak i\u00e7in t\u0131klayabilirsiniz<br \/>\n\u00a0\u00a0\u00a0<\/p>\n<p>\u200bHaberin Al\u0131nt\u0131land\u0131\u011f\u0131 Kaynak: www.iskenderun.org<\/p>","protected":false},"excerpt":{"rendered":"<p>Mill\u00ee E\u011fitim Bakanl\u0131\u011f\u0131&#8217;nca haz\u0131rlanan &#8216;Mill\u00ee E\u011fitim Akademisi Ba\u015fkanl\u0131\u011f\u0131 Y\u00f6netmeli\u011fi&#8217;nin bug\u00fcnk\u00fc Resmi Gazete&#8217;de yay\u0131mlanarak y\u00fcr\u00fcrl\u00fc\u011fe girmesi sonras\u0131nda, 4 Ocak 1995&#8217;te yay\u0131mlanan &#8220;Milli E\u011fitim Bakanl\u0131\u011f\u0131 Hizmet \u0130\u00e7i E\u011fitim Merkezleri Y\u00f6netmeli\u011fi&#8221; y\u00fcr\u00fcrl\u00fckten kald\u0131r\u0131ld\u0131.ANKARA (\u0130GFA) &#8211; Milli E\u011fitim Bakanl\u0131\u011f\u0131 Akademisi Ba\u015fkanl\u0131\u011f\u0131 Y\u00f6netmeli\u011fi yay\u0131mland\u0131. Buna g\u00f6re Ba\u015fkanl\u0131\u011f\u0131n olu\u015fumu, te\u015fkilat yap\u0131s\u0131, g\u00f6revleri ile \u00e7al\u0131\u015fma usul ve esaslar\u0131 belirlendi. \u00d6\u011fretmenlik mesle\u011fine haz\u0131rl\u0131k e\u011fitimi programlar\u0131n\u0131, y\u00f6netici yeti\u015ftirme programlar\u0131n\u0131 ve \u00f6\u011fretmen, y\u00f6netici ile di\u011fer personelin kariyer basamaklar\u0131nda ilerlemeleri ve g\u00f6revde y\u00fckselmelerine y\u00f6nelik e\u011fitim programlar\u0131n\u0131 haz\u0131rlayacak Ba\u015fkanl\u0131k; \u00f6\u011fretmen, y\u00f6netici ve di\u011fer personelin sahip olmas\u0131 gereken yeterlikleri belirleyecek, geli\u015fen \u015fartlara g\u00f6re g\u00fcncelleyecek. \u00d6\u011fretmenlere, \u00f6\u011fretmenlik mesle\u011finin gerektirdi\u011fi bilgi, beceri, tutum ve de\u011ferler ile dijital yeterlikleri kazand\u0131racak e\u011fitim faaliyetlerini planlayacak olan Ba\u015fkanl\u0131k, \u00f6\u011fretmen, y\u00f6netici ve di\u011fer personelin e\u011fitim ihtiya\u00e7lar\u0131n\u0131 belirleyecek, bu ihtiyac\u0131 kar\u015f\u0131layacak e\u011fitim programlar\u0131n\u0131 haz\u0131rlayacak ve e\u011fitimlerin etkinli\u011fini takip edecek. Mill\u00ee E\u011fitim Akademisi Ba\u015fkanl\u0131\u011f\u0131 taraf\u0131ndan talepleri uygun g\u00f6r\u00fclmesi h\u00e2linde giderleri kurumlar\u0131nca veya kendilerince kar\u015f\u0131lanmak kayd\u0131yla \u00f6zel \u00f6\u011fretim kurumlar\u0131nda g\u00f6rev yapanlara veya di\u011fer kamu kurum ve kurulu\u015flar\u0131n\u0131n personeline de e\u011fitim verilebilecek. Ba\u015fkanl\u0131k, e\u011fitim \u00f6\u011fretim alan\u0131nda bilimsel ve teknolojik geli\u015fmeleri takip edecek, g\u00f6rev alan\u0131na giren konularda yay\u0131n yaparak ara\u015ft\u0131rma, geli\u015ftirme, proje faaliyetleri ve bilimsel \u00e7al\u0131\u015fmalar y\u00fcr\u00fctecek. G\u00f6rev alan\u0131yla ilgili konularda yurt i\u00e7i veya yurt d\u0131\u015f\u0131 \u00fcniversiteler ile di\u011fer kurum ve kurulu\u015flarla i\u015f birli\u011fi ger\u00e7ekle\u015ftirilecek. &hellip;<\/p>","protected":false},"author":1,"featured_media":0,"comment_status":"","ping_status":"open","sticky":false,"template":"","format":"standard","meta":{"_acf_changed":false,"footnotes":""},"categories":[24],"tags":[],"class_list":["post-36306","post","type-post","status-publish","format-standard","has-post-thumbnail","hentry","category-gundem"],"acf":[],"yoast_head":"<!-- This site is optimized with the Yoast SEO Premium plugin v26.6 (Yoast SEO v27.1.1) - https:\/\/yoast.com\/product\/yoast-seo-premium-wordpress\/ -->\n<title>Milli E\u011fitim Akademisi Ba\u015fkanl\u0131\u011f\u0131 Y\u00f6netmeli\u011fi &#039;Resmi&#039;le\u015fti - Av. Deniz Can K\u0131z\u0131l<\/title>\n<meta name=\"robots\" content=\"index, follow, max-snippet:-1, max-image-preview:large, max-video-preview:-1\" \/>\n<link rel=\"canonical\" href=\"https:\/\/denizcankizil.tr\/ru\/haberler\/gundem\/milli-egitim-akademisi-baskanligi-yonetmeligi-resmilesti\/\" \/>\n<meta property=\"og:locale\" content=\"ru_RU\" \/>\n<meta property=\"og:type\" content=\"article\" \/>\n<meta property=\"og:title\" content=\"Milli E\u011fitim Akademisi Ba\u015fkanl\u0131\u011f\u0131 Y\u00f6netmeli\u011fi &#039;Resmi&#039;le\u015fti\" \/>\n<meta property=\"og:description\" content=\"Mill\u00ee E\u011fitim Bakanl\u0131\u011f\u0131&#8217;nca haz\u0131rlanan &#8216;Mill\u00ee E\u011fitim Akademisi Ba\u015fkanl\u0131\u011f\u0131 Y\u00f6netmeli\u011fi&#8217;nin bug\u00fcnk\u00fc Resmi Gazete&#8217;de yay\u0131mlanarak y\u00fcr\u00fcrl\u00fc\u011fe girmesi sonras\u0131nda, 4 Ocak 1995&#8217;te yay\u0131mlanan &#8220;Milli E\u011fitim Bakanl\u0131\u011f\u0131 Hizmet \u0130\u00e7i E\u011fitim Merkezleri Y\u00f6netmeli\u011fi&#8221; y\u00fcr\u00fcrl\u00fckten kald\u0131r\u0131ld\u0131.ANKARA (\u0130GFA) &#8211; Milli E\u011fitim Bakanl\u0131\u011f\u0131 Akademisi Ba\u015fkanl\u0131\u011f\u0131 Y\u00f6netmeli\u011fi yay\u0131mland\u0131. Buna g\u00f6re Ba\u015fkanl\u0131\u011f\u0131n olu\u015fumu, te\u015fkilat yap\u0131s\u0131, g\u00f6revleri ile \u00e7al\u0131\u015fma usul ve esaslar\u0131 belirlendi. \u00d6\u011fretmenlik mesle\u011fine haz\u0131rl\u0131k e\u011fitimi programlar\u0131n\u0131, y\u00f6netici yeti\u015ftirme programlar\u0131n\u0131 ve \u00f6\u011fretmen, y\u00f6netici ile di\u011fer personelin kariyer basamaklar\u0131nda ilerlemeleri ve g\u00f6revde y\u00fckselmelerine y\u00f6nelik e\u011fitim programlar\u0131n\u0131 haz\u0131rlayacak Ba\u015fkanl\u0131k; \u00f6\u011fretmen, y\u00f6netici ve di\u011fer personelin sahip olmas\u0131 gereken yeterlikleri belirleyecek, geli\u015fen \u015fartlara g\u00f6re g\u00fcncelleyecek. \u00d6\u011fretmenlere, \u00f6\u011fretmenlik mesle\u011finin gerektirdi\u011fi bilgi, beceri, tutum ve de\u011ferler ile dijital yeterlikleri kazand\u0131racak e\u011fitim faaliyetlerini planlayacak olan Ba\u015fkanl\u0131k, \u00f6\u011fretmen, y\u00f6netici ve di\u011fer personelin e\u011fitim ihtiya\u00e7lar\u0131n\u0131 belirleyecek, bu ihtiyac\u0131 kar\u015f\u0131layacak e\u011fitim programlar\u0131n\u0131 haz\u0131rlayacak ve e\u011fitimlerin etkinli\u011fini takip edecek. Mill\u00ee E\u011fitim Akademisi Ba\u015fkanl\u0131\u011f\u0131 taraf\u0131ndan talepleri uygun g\u00f6r\u00fclmesi h\u00e2linde giderleri kurumlar\u0131nca veya kendilerince kar\u015f\u0131lanmak kayd\u0131yla \u00f6zel \u00f6\u011fretim kurumlar\u0131nda g\u00f6rev yapanlara veya di\u011fer kamu kurum ve kurulu\u015flar\u0131n\u0131n personeline de e\u011fitim verilebilecek. Ba\u015fkanl\u0131k, e\u011fitim \u00f6\u011fretim alan\u0131nda bilimsel ve teknolojik geli\u015fmeleri takip edecek, g\u00f6rev alan\u0131na giren konularda yay\u0131n yaparak ara\u015ft\u0131rma, geli\u015ftirme, proje faaliyetleri ve bilimsel \u00e7al\u0131\u015fmalar y\u00fcr\u00fctecek. G\u00f6rev alan\u0131yla ilgili konularda yurt i\u00e7i veya yurt d\u0131\u015f\u0131 \u00fcniversiteler ile di\u011fer kurum ve kurulu\u015flarla i\u015f birli\u011fi ger\u00e7ekle\u015ftirilecek. &hellip;\" \/>\n<meta property=\"og:url\" content=\"https:\/\/denizcankizil.tr\/ru\/haberler\/gundem\/milli-egitim-akademisi-baskanligi-yonetmeligi-resmilesti\/\" \/>\n<meta property=\"og:site_name\" content=\"Av. Deniz Can K\u0131z\u0131l\" \/>\n<meta property=\"article:published_time\" content=\"2025-03-19T11:42:05+00:00\" \/>\n<meta name=\"author\" content=\"admin\" \/>\n<meta name=\"twitter:card\" content=\"summary_large_image\" \/>\n<meta name=\"twitter:label1\" content=\"\u041d\u0430\u043f\u0438\u0441\u0430\u043d\u043e \u0430\u0432\u0442\u043e\u0440\u043e\u043c\" \/>\n\t<meta name=\"twitter:data1\" content=\"admin\" \/>\n\t<meta name=\"twitter:label2\" content=\"\u041f\u0440\u0438\u043c\u0435\u0440\u043d\u043e\u0435 \u0432\u0440\u0435\u043c\u044f \u0434\u043b\u044f \u0447\u0442\u0435\u043d\u0438\u044f\" \/>\n\t<meta name=\"twitter:data2\" content=\"6 \u043c\u0438\u043d\u0443\u0442\" \/>\n<script type=\"application\/ld+json\" class=\"yoast-schema-graph\">{\"@context\":\"https:\/\/schema.org\",\"@graph\":[{\"@type\":\"Article\",\"@id\":\"https:\/\/denizcankizil.tr\/ru\/haberler\/gundem\/milli-egitim-akademisi-baskanligi-yonetmeligi-resmilesti\/#article\",\"isPartOf\":{\"@id\":\"https:\/\/denizcankizil.tr\/ru\/haberler\/gundem\/milli-egitim-akademisi-baskanligi-yonetmeligi-resmilesti\/\"},\"author\":{\"name\":\"admin\",\"@id\":\"https:\/\/denizcankizil.tr\/de\/#\/schema\/person\/be3c05fe6a12686905512445d8185489\"},\"headline\":\"Milli E\u011fitim Akademisi Ba\u015fkanl\u0131\u011f\u0131 Y\u00f6netmeli\u011fi &#8216;Resmi&#8217;le\u015fti\",\"datePublished\":\"2025-03-19T11:42:05+00:00\",\"mainEntityOfPage\":{\"@id\":\"https:\/\/denizcankizil.tr\/ru\/haberler\/gundem\/milli-egitim-akademisi-baskanligi-yonetmeligi-resmilesti\/\"},\"wordCount\":1268,\"publisher\":{\"@id\":\"https:\/\/denizcankizil.tr\/de\/#organization\"},\"articleSection\":[\"G\u00fcndem\"],\"inLanguage\":\"ru-RU\"},{\"@type\":\"WebPage\",\"@id\":\"https:\/\/denizcankizil.tr\/ru\/haberler\/gundem\/milli-egitim-akademisi-baskanligi-yonetmeligi-resmilesti\/\",\"url\":\"https:\/\/denizcankizil.tr\/ru\/haberler\/gundem\/milli-egitim-akademisi-baskanligi-yonetmeligi-resmilesti\/\",\"name\":\"Milli E\u011fitim Akademisi Ba\u015fkanl\u0131\u011f\u0131 Y\u00f6netmeli\u011fi 'Resmi'le\u015fti - Av. Deniz Can K\u0131z\u0131l\",\"isPartOf\":{\"@id\":\"https:\/\/denizcankizil.tr\/de\/#website\"},\"datePublished\":\"2025-03-19T11:42:05+00:00\",\"breadcrumb\":{\"@id\":\"https:\/\/denizcankizil.tr\/ru\/haberler\/gundem\/milli-egitim-akademisi-baskanligi-yonetmeligi-resmilesti\/#breadcrumb\"},\"inLanguage\":\"ru-RU\",\"potentialAction\":[{\"@type\":\"ReadAction\",\"target\":[\"https:\/\/denizcankizil.tr\/ru\/haberler\/gundem\/milli-egitim-akademisi-baskanligi-yonetmeligi-resmilesti\/\"]}]},{\"@type\":\"BreadcrumbList\",\"@id\":\"https:\/\/denizcankizil.tr\/ru\/haberler\/gundem\/milli-egitim-akademisi-baskanligi-yonetmeligi-resmilesti\/#breadcrumb\",\"itemListElement\":[{\"@type\":\"ListItem\",\"position\":1,\"name\":\"Home\",\"item\":\"https:\/\/denizcankizil.tr\/de\/\"},{\"@type\":\"ListItem\",\"position\":2,\"name\":\"Milli E\u011fitim Akademisi Ba\u015fkanl\u0131\u011f\u0131 Y\u00f6netmeli\u011fi &#8216;Resmi&#8217;le\u015fti\"}]},{\"@type\":\"WebSite\",\"@id\":\"https:\/\/denizcankizil.tr\/de\/#website\",\"url\":\"https:\/\/denizcankizil.tr\/de\/\",\"name\":\"Av. Deniz Can K\u0131z\u0131l\",\"description\":\"Avukat Deniz Can K\u0131z\u0131l Antalya Barosu\",\"publisher\":{\"@id\":\"https:\/\/denizcankizil.tr\/de\/#organization\"},\"potentialAction\":[{\"@type\":\"SearchAction\",\"target\":{\"@type\":\"EntryPoint\",\"urlTemplate\":\"https:\/\/denizcankizil.tr\/de\/?s={search_term_string}\"},\"query-input\":{\"@type\":\"PropertyValueSpecification\",\"valueRequired\":true,\"valueName\":\"search_term_string\"}}],\"inLanguage\":\"ru-RU\"},{\"@type\":\"Organization\",\"@id\":\"https:\/\/denizcankizil.tr\/de\/#organization\",\"name\":\"Av. Deniz Can K\u0131z\u0131l\",\"url\":\"https:\/\/denizcankizil.tr\/de\/\",\"logo\":{\"@type\":\"ImageObject\",\"inLanguage\":\"ru-RU\",\"@id\":\"https:\/\/denizcankizil.tr\/de\/#\/schema\/logo\/image\/\",\"url\":\"https:\/\/denizcankizil.tr\/wp-content\/uploads\/2024\/10\/siyah-logo-svg.svg\",\"contentUrl\":\"https:\/\/denizcankizil.tr\/wp-content\/uploads\/2024\/10\/siyah-logo-svg.svg\",\"width\":1080,\"height\":1080,\"caption\":\"Av. Deniz Can K\u0131z\u0131l\"},\"image\":{\"@id\":\"https:\/\/denizcankizil.tr\/de\/#\/schema\/logo\/image\/\"}},{\"@type\":\"Person\",\"@id\":\"https:\/\/denizcankizil.tr\/de\/#\/schema\/person\/be3c05fe6a12686905512445d8185489\",\"name\":\"admin\",\"image\":{\"@type\":\"ImageObject\",\"inLanguage\":\"ru-RU\",\"@id\":\"https:\/\/denizcankizil.tr\/de\/#\/schema\/person\/image\/\",\"url\":\"https:\/\/secure.gravatar.com\/avatar\/c1fce94c830dc79107e174f890d7210541c4a63e8e5d816341794a2151c9d58c?s=96&d=mm&r=g\",\"contentUrl\":\"https:\/\/secure.gravatar.com\/avatar\/c1fce94c830dc79107e174f890d7210541c4a63e8e5d816341794a2151c9d58c?s=96&d=mm&r=g\",\"caption\":\"admin\"},\"sameAs\":[\"http:\/\/denizcankizil.tr\"],\"url\":\"https:\/\/www.iskenderun.org\/milli-egitim-akademisi-baskanligi-yonetmeligi-resmilesti\"}]}<\/script>\n<!-- \/ Yoast SEO Premium plugin. -->","yoast_head_json":{"title":"Milli E\u011fitim Akademisi Ba\u015fkanl\u0131\u011f\u0131 Y\u00f6netmeli\u011fi 'Resmi'le\u015fti - Av. Deniz Can K\u0131z\u0131l","robots":{"index":"index","follow":"follow","max-snippet":"max-snippet:-1","max-image-preview":"max-image-preview:large","max-video-preview":"max-video-preview:-1"},"canonical":"https:\/\/denizcankizil.tr\/ru\/haberler\/gundem\/milli-egitim-akademisi-baskanligi-yonetmeligi-resmilesti\/","og_locale":"ru_RU","og_type":"article","og_title":"Milli E\u011fitim Akademisi Ba\u015fkanl\u0131\u011f\u0131 Y\u00f6netmeli\u011fi 'Resmi'le\u015fti","og_description":"Mill\u00ee E\u011fitim Bakanl\u0131\u011f\u0131&#8217;nca haz\u0131rlanan &#8216;Mill\u00ee E\u011fitim Akademisi Ba\u015fkanl\u0131\u011f\u0131 Y\u00f6netmeli\u011fi&#8217;nin bug\u00fcnk\u00fc Resmi Gazete&#8217;de yay\u0131mlanarak y\u00fcr\u00fcrl\u00fc\u011fe girmesi sonras\u0131nda, 4 Ocak 1995&#8217;te yay\u0131mlanan &#8220;Milli E\u011fitim Bakanl\u0131\u011f\u0131 Hizmet \u0130\u00e7i E\u011fitim Merkezleri Y\u00f6netmeli\u011fi&#8221; y\u00fcr\u00fcrl\u00fckten kald\u0131r\u0131ld\u0131.ANKARA (\u0130GFA) &#8211; Milli E\u011fitim Bakanl\u0131\u011f\u0131 Akademisi Ba\u015fkanl\u0131\u011f\u0131 Y\u00f6netmeli\u011fi yay\u0131mland\u0131. Buna g\u00f6re Ba\u015fkanl\u0131\u011f\u0131n olu\u015fumu, te\u015fkilat yap\u0131s\u0131, g\u00f6revleri ile \u00e7al\u0131\u015fma usul ve esaslar\u0131 belirlendi. \u00d6\u011fretmenlik mesle\u011fine haz\u0131rl\u0131k e\u011fitimi programlar\u0131n\u0131, y\u00f6netici yeti\u015ftirme programlar\u0131n\u0131 ve \u00f6\u011fretmen, y\u00f6netici ile di\u011fer personelin kariyer basamaklar\u0131nda ilerlemeleri ve g\u00f6revde y\u00fckselmelerine y\u00f6nelik e\u011fitim programlar\u0131n\u0131 haz\u0131rlayacak Ba\u015fkanl\u0131k; \u00f6\u011fretmen, y\u00f6netici ve di\u011fer personelin sahip olmas\u0131 gereken yeterlikleri belirleyecek, geli\u015fen \u015fartlara g\u00f6re g\u00fcncelleyecek. \u00d6\u011fretmenlere, \u00f6\u011fretmenlik mesle\u011finin gerektirdi\u011fi bilgi, beceri, tutum ve de\u011ferler ile dijital yeterlikleri kazand\u0131racak e\u011fitim faaliyetlerini planlayacak olan Ba\u015fkanl\u0131k, \u00f6\u011fretmen, y\u00f6netici ve di\u011fer personelin e\u011fitim ihtiya\u00e7lar\u0131n\u0131 belirleyecek, bu ihtiyac\u0131 kar\u015f\u0131layacak e\u011fitim programlar\u0131n\u0131 haz\u0131rlayacak ve e\u011fitimlerin etkinli\u011fini takip edecek. Mill\u00ee E\u011fitim Akademisi Ba\u015fkanl\u0131\u011f\u0131 taraf\u0131ndan talepleri uygun g\u00f6r\u00fclmesi h\u00e2linde giderleri kurumlar\u0131nca veya kendilerince kar\u015f\u0131lanmak kayd\u0131yla \u00f6zel \u00f6\u011fretim kurumlar\u0131nda g\u00f6rev yapanlara veya di\u011fer kamu kurum ve kurulu\u015flar\u0131n\u0131n personeline de e\u011fitim verilebilecek. Ba\u015fkanl\u0131k, e\u011fitim \u00f6\u011fretim alan\u0131nda bilimsel ve teknolojik geli\u015fmeleri takip edecek, g\u00f6rev alan\u0131na giren konularda yay\u0131n yaparak ara\u015ft\u0131rma, geli\u015ftirme, proje faaliyetleri ve bilimsel \u00e7al\u0131\u015fmalar y\u00fcr\u00fctecek. G\u00f6rev alan\u0131yla ilgili konularda yurt i\u00e7i veya yurt d\u0131\u015f\u0131 \u00fcniversiteler ile di\u011fer kurum ve kurulu\u015flarla i\u015f birli\u011fi ger\u00e7ekle\u015ftirilecek. &hellip;","og_url":"https:\/\/denizcankizil.tr\/ru\/haberler\/gundem\/milli-egitim-akademisi-baskanligi-yonetmeligi-resmilesti\/","og_site_name":"Av. Deniz Can K\u0131z\u0131l","article_published_time":"2025-03-19T11:42:05+00:00","author":"admin","twitter_card":"summary_large_image","twitter_misc":{"\u041d\u0430\u043f\u0438\u0441\u0430\u043d\u043e \u0430\u0432\u0442\u043e\u0440\u043e\u043c":"admin","\u041f\u0440\u0438\u043c\u0435\u0440\u043d\u043e\u0435 \u0432\u0440\u0435\u043c\u044f \u0434\u043b\u044f \u0447\u0442\u0435\u043d\u0438\u044f":"6 \u043c\u0438\u043d\u0443\u0442"},"schema":{"@context":"https:\/\/schema.org","@graph":[{"@type":"Article","@id":"https:\/\/denizcankizil.tr\/ru\/haberler\/gundem\/milli-egitim-akademisi-baskanligi-yonetmeligi-resmilesti\/#article","isPartOf":{"@id":"https:\/\/denizcankizil.tr\/ru\/haberler\/gundem\/milli-egitim-akademisi-baskanligi-yonetmeligi-resmilesti\/"},"author":{"name":"admin","@id":"https:\/\/denizcankizil.tr\/de\/#\/schema\/person\/be3c05fe6a12686905512445d8185489"},"headline":"Milli E\u011fitim Akademisi Ba\u015fkanl\u0131\u011f\u0131 Y\u00f6netmeli\u011fi &#8216;Resmi&#8217;le\u015fti","datePublished":"2025-03-19T11:42:05+00:00","mainEntityOfPage":{"@id":"https:\/\/denizcankizil.tr\/ru\/haberler\/gundem\/milli-egitim-akademisi-baskanligi-yonetmeligi-resmilesti\/"},"wordCount":1268,"publisher":{"@id":"https:\/\/denizcankizil.tr\/de\/#organization"},"articleSection":["G\u00fcndem"],"inLanguage":"ru-RU"},{"@type":"WebPage","@id":"https:\/\/denizcankizil.tr\/ru\/haberler\/gundem\/milli-egitim-akademisi-baskanligi-yonetmeligi-resmilesti\/","url":"https:\/\/denizcankizil.tr\/ru\/haberler\/gundem\/milli-egitim-akademisi-baskanligi-yonetmeligi-resmilesti\/","name":"Milli E\u011fitim Akademisi Ba\u015fkanl\u0131\u011f\u0131 Y\u00f6netmeli\u011fi 'Resmi'le\u015fti - Av. Deniz Can K\u0131z\u0131l","isPartOf":{"@id":"https:\/\/denizcankizil.tr\/de\/#website"},"datePublished":"2025-03-19T11:42:05+00:00","breadcrumb":{"@id":"https:\/\/denizcankizil.tr\/ru\/haberler\/gundem\/milli-egitim-akademisi-baskanligi-yonetmeligi-resmilesti\/#breadcrumb"},"inLanguage":"ru-RU","potentialAction":[{"@type":"ReadAction","target":["https:\/\/denizcankizil.tr\/ru\/haberler\/gundem\/milli-egitim-akademisi-baskanligi-yonetmeligi-resmilesti\/"]}]},{"@type":"BreadcrumbList","@id":"https:\/\/denizcankizil.tr\/ru\/haberler\/gundem\/milli-egitim-akademisi-baskanligi-yonetmeligi-resmilesti\/#breadcrumb","itemListElement":[{"@type":"ListItem","position":1,"name":"Home","item":"https:\/\/denizcankizil.tr\/de\/"},{"@type":"ListItem","position":2,"name":"Milli E\u011fitim Akademisi Ba\u015fkanl\u0131\u011f\u0131 Y\u00f6netmeli\u011fi &#8216;Resmi&#8217;le\u015fti"}]},{"@type":"WebSite","@id":"https:\/\/denizcankizil.tr\/de\/#website","url":"https:\/\/denizcankizil.tr\/de\/","name":"Av. Deniz Can K\u0131z\u0131l","description":"Avukat Deniz Can K\u0131z\u0131l Antalya Barosu","publisher":{"@id":"https:\/\/denizcankizil.tr\/de\/#organization"},"potentialAction":[{"@type":"SearchAction","target":{"@type":"EntryPoint","urlTemplate":"https:\/\/denizcankizil.tr\/de\/?s={search_term_string}"},"query-input":{"@type":"PropertyValueSpecification","valueRequired":true,"valueName":"search_term_string"}}],"inLanguage":"ru-RU"},{"@type":"Organization","@id":"https:\/\/denizcankizil.tr\/de\/#organization","name":"Av. Deniz Can K\u0131z\u0131l","url":"https:\/\/denizcankizil.tr\/de\/","logo":{"@type":"ImageObject","inLanguage":"ru-RU","@id":"https:\/\/denizcankizil.tr\/de\/#\/schema\/logo\/image\/","url":"https:\/\/denizcankizil.tr\/wp-content\/uploads\/2024\/10\/siyah-logo-svg.svg","contentUrl":"https:\/\/denizcankizil.tr\/wp-content\/uploads\/2024\/10\/siyah-logo-svg.svg","width":1080,"height":1080,"caption":"Av. Deniz Can K\u0131z\u0131l"},"image":{"@id":"https:\/\/denizcankizil.tr\/de\/#\/schema\/logo\/image\/"}},{"@type":"Person","@id":"https:\/\/denizcankizil.tr\/de\/#\/schema\/person\/be3c05fe6a12686905512445d8185489","name":"\u0430\u0434\u043c\u0438\u043d","image":{"@type":"ImageObject","inLanguage":"ru-RU","@id":"https:\/\/denizcankizil.tr\/de\/#\/schema\/person\/image\/","url":"https:\/\/secure.gravatar.com\/avatar\/c1fce94c830dc79107e174f890d7210541c4a63e8e5d816341794a2151c9d58c?s=96&d=mm&r=g","contentUrl":"https:\/\/secure.gravatar.com\/avatar\/c1fce94c830dc79107e174f890d7210541c4a63e8e5d816341794a2151c9d58c?s=96&d=mm&r=g","caption":"admin"},"sameAs":["http:\/\/denizcankizil.tr"],"url":"https:\/\/www.iskenderun.org\/milli-egitim-akademisi-baskanligi-yonetmeligi-resmilesti"}]}},"_links":{"self":[{"href":"https:\/\/denizcankizil.tr\/ru\/wp-json\/wp\/v2\/posts\/36306","targetHints":{"allow":["GET"]}}],"collection":[{"href":"https:\/\/denizcankizil.tr\/ru\/wp-json\/wp\/v2\/posts"}],"about":[{"href":"https:\/\/denizcankizil.tr\/ru\/wp-json\/wp\/v2\/types\/post"}],"author":[{"embeddable":true,"href":"https:\/\/denizcankizil.tr\/ru\/wp-json\/wp\/v2\/users\/1"}],"replies":[{"embeddable":true,"href":"https:\/\/denizcankizil.tr\/ru\/wp-json\/wp\/v2\/comments?post=36306"}],"version-history":[{"count":0,"href":"https:\/\/denizcankizil.tr\/ru\/wp-json\/wp\/v2\/posts\/36306\/revisions"}],"wp:attachment":[{"href":"https:\/\/denizcankizil.tr\/ru\/wp-json\/wp\/v2\/media?parent=36306"}],"wp:term":[{"taxonomy":"category","embeddable":true,"href":"https:\/\/denizcankizil.tr\/ru\/wp-json\/wp\/v2\/categories?post=36306"},{"taxonomy":"post_tag","embeddable":true,"href":"https:\/\/denizcankizil.tr\/ru\/wp-json\/wp\/v2\/tags?post=36306"}],"curies":[{"name":"wp","href":"https:\/\/api.w.org\/{rel}","templated":true}]}}