{"id":36303,"date":"2025-03-19T14:42:01","date_gmt":"2025-03-19T11:42:01","guid":{"rendered":"https:\/\/denizcankizil.tr\/uncategorized-tr\/imamoglu-ailesine-ozel-destek-ziyareti\/"},"modified":"2025-03-19T14:42:01","modified_gmt":"2025-03-19T11:42:01","slug":"imamoglu-ailesine-ozel-destek-ziyareti","status":"publish","type":"post","link":"https:\/\/denizcankizil.tr\/ru\/haberler\/gundem\/imamoglu-ailesine-ozel-destek-ziyareti\/","title":{"rendered":"\u0130mamo\u011flu ailesine &#8216;\u00d6zel&#8217; destek ziyareti"},"content":{"rendered":"<p>CHP Genel Ba\u015fkan\u0131 \u00d6zg\u00fcr \u00d6zel, \u015fafak operasyonuyla evinde g\u00f6zalt\u0131na al\u0131nan T\u00fcrkiye Belediyeler Birli\u011fi ve \u0130stanbul B\u00fcy\u00fck\u015fehir Belediye Ba\u015fkan\u0131 Ekrem \u0130mamo\u011flu\u2019nun ailesini ziyaret etti. Dilek \u0130mamo\u011flu, sosyal medya hesab\u0131ndan yapt\u0131\u011f\u0131 videolu payla\u015f\u0131mda ise, &#8220;Milletin, kendi iradesine y\u00f6nelik bu hamlelere en iyi cevab\u0131 verece\u011finden hi\u00e7 \u015f\u00fcphem yok&#8221; dedi.\u0130STANBUL (\u0130GFA) &#8211; Ekrem mamo\u011flu\u2019nun e\u015fi Dr. Dilek Kaya \u0130mamo\u011flu, b\u00fcy\u00fck o\u011flu Selim \u0130mamo\u011flu ve k\u0131z\u0131 Beren \u0130mamo\u011flu ile bir araya gelen CHP Genel Ba\u015fkan\u0131 \u00d6zg\u00fcr \u00d6zel, \u201cD\u00fcn ak\u015fam itibariyle, diploma iptal oldu deyip, resmen anayasay\u0131 ask\u0131ya ald\u0131lar. Hi\u00e7 kimsenin bir g\u00fcvencesi yok&#8221; diyerek, bu sabah yap\u0131lan operasyonu da gelece\u011fe do\u011fru \u00f6nleyici darbe oldu\u011funu \u00f6ne s\u00fcrd\u00fc.<br \/>\n\u0130ktidar\u0131n, \u2018gelece\u011fe do\u011fru \u00f6nleyici darbe\u2019 yapt\u0131\u011f\u0131n\u0131 vurgulayan \u00d6zel, \u201cBu iktidar\u0131 halk\u0131n belirlememesi i\u00e7in, gelece\u011fin cumhurba\u015fkan\u0131na darbe yap\u0131yorlar&#8221; dedi.\u00a0<\/p>\n<p>&#8220;Devlet, milletin kar\u015f\u0131s\u0131na \u00e7\u0131karsa, millet kazan\u0131r&#8221; diyen \u00d6zel, &#8220;31 Mart\u2019ta valiler, kaymakamlar, b\u00fct\u00fcn devlet, b\u00fct\u00fcn bakanlar, herkes kar\u015f\u0131m\u0131zdayd\u0131; Ekrem Ba\u015fkan kazand\u0131 bunu. \u015eimdi yeniden milletle devleti yar\u0131\u015ft\u0131racaklarsa, belki biraz daha da zor olacak, ama en sonunda millet kazanacak, milletin dedi\u011fi olacak. Kenan Evren&#8217;in dedi\u011fi olmad\u0131 sonu\u00e7ta. 15 Temmuz&#8217;da Fethullah G\u00fclen&#8217;in dedi\u011fi olmad\u0131. 15 Temmuz&#8217;da ben de Ekrem Ba\u015fkan da demokrasinin taraf\u0131ndayd\u0131k. Var\u0131p da bu darbeden medet ummad\u0131k. Ekrem Ba\u015fkan\u2019\u0131 \u0130stanbul B\u00fcy\u00fck\u015fehir&#8217;in ba\u015f\u0131na millet oturttu, Tayyip Erdo\u011fan indirmeye \u00e7al\u0131\u015f\u0131yor. Buna teslim olunamaz\u201d diye konu\u015ftu.<br \/>\n&#8220;EKREM \u0130MAMO\u011eLU M\u0130LLETE EMANETT\u0130R&#8221;<br \/>\nKonunun tek ba\u015f\u0131na Ekrem \u0130mamo\u011flu meselesi olmad\u0131\u011f\u0131n\u0131n alt\u0131n\u0131 \u00e7izen Dr. Dilek Kaya \u0130mamo\u011flu da \u201cBu, art\u0131k \u00fclkeye, topluma mal olmu\u015f bir mesele. Kim haks\u0131zl\u0131\u011fa u\u011frad\u0131ysa, herkesin arkas\u0131nda Ekrem m\u00fccadelesini verdi. \u015eimdi, milletle beraber Ekrem&#8217;in m\u00fccadelesini verece\u011fiz. Y\u0131lmayaca\u011f\u0131z, tabii ki pes etmeyece\u011fiz\u201d diye konu\u015ftu.<br \/>\nMillet; bu m\u00fcdahalelerin asl\u0131nda kendi iradesine y\u00f6nelik oldu\u011funu \u00e7ok iyi g\u00f6r\u00fcyor. Bu kadar b\u00fcy\u00fck haks\u0131zl\u0131k, hukuksuzluk kar\u015f\u0131s\u0131nda hi\u00e7 kimse susmaz, susmamal\u0131. Milletin, kendi iradesine y\u00f6nelik bu hamlelere en iyi cevab\u0131 verece\u011finden hi\u00e7 \u015f\u00fcphem yok. Bu milletin ferasetine\u2026 pic.twitter.com\/IPRLv6OjZS\u2014 Dilek Kaya \u0130mamo\u011flu (@dk_imamoglu) March 19, 2025<br \/>\nOperasyonun siyasi ama\u00e7larla yap\u0131ld\u0131\u011f\u0131n\u0131n ortada oldu\u011funun alt\u0131n\u0131 \u00e7izen Dr. \u0130mamo\u011flu, \u201cGelece\u011fin Cumhurba\u015fkan\u0131n\u0131, bu \u00fclkeyi y\u00f6netecek olan cumhurba\u015fkan\u0131n\u0131 eleme, saf d\u0131\u015f\u0131, siyaset d\u0131\u015f\u0131 b\u0131rakma, bitirme operasyonu. Bu, \u00fclkeye yap\u0131lm\u0131\u015f b\u00fcy\u00fck bir darbe. M\u00fccadele edece\u011fiz. M\u00fccadele etmek zorunday\u0131z. \u00c7\u00fcnk\u00fc, hi\u00e7birimizin can ve mal g\u00fcvenli\u011fi art\u0131k bu \u00fclkede olmayacak\u201d ifadelerini kulland\u0131.<\/p>\n<p>\u200bCHP Genel Ba\u015fkan\u0131 \u00d6zg\u00fcr \u00d6zel, \u015fafak operasyonuyla evinde g\u00f6zalt\u0131na al\u0131nan T\u00fcrkiye Belediyeler Birli\u011fi ve \u0130stanbul B\u00fcy\u00fck\u015fehir Belediye Ba\u015fkan\u0131 Ekrem \u0130mamo\u011flu\u2019nun ailesini ziyaret etti. Dilek \u0130mamo\u011flu, sosyal medya hesab\u0131ndan yapt\u0131\u011f\u0131 videolu payla\u015f\u0131mda ise, &#8220;Milletin, kendi iradesine y\u00f6nelik bu hamlelere en iyi cevab\u0131 verece\u011finden hi\u00e7 \u015f\u00fcphem yok&#8221; dedi.\u0130STANBUL (\u0130GFA) &#8211; Ekrem mamo\u011flu\u2019nun e\u015fi Dr. Dilek Kaya \u0130mamo\u011flu, b\u00fcy\u00fck o\u011flu Selim \u0130mamo\u011flu ve k\u0131z\u0131 Beren \u0130mamo\u011flu ile bir araya gelen CHP Genel Ba\u015fkan\u0131 \u00d6zg\u00fcr \u00d6zel, \u201cD\u00fcn ak\u015fam itibariyle, diploma iptal oldu deyip, resmen anayasay\u0131 ask\u0131ya ald\u0131lar. Hi\u00e7 kimsenin bir g\u00fcvencesi yok&#8221; diyerek, bu sabah yap\u0131lan operasyonu da gelece\u011fe do\u011fru \u00f6nleyici darbe oldu\u011funu \u00f6ne s\u00fcrd\u00fc.<br \/>\n\u0130ktidar\u0131n, \u2018gelece\u011fe do\u011fru \u00f6nleyici darbe\u2019 yapt\u0131\u011f\u0131n\u0131 vurgulayan \u00d6zel, \u201cBu iktidar\u0131 halk\u0131n belirlememesi i\u00e7in, gelece\u011fin cumhurba\u015fkan\u0131na darbe yap\u0131yorlar&#8221; dedi.\u00a0<\/p>\n<p>&#8220;Devlet, milletin kar\u015f\u0131s\u0131na \u00e7\u0131karsa, millet kazan\u0131r&#8221; diyen \u00d6zel, &#8220;31 Mart\u2019ta valiler, kaymakamlar, b\u00fct\u00fcn devlet, b\u00fct\u00fcn bakanlar, herkes kar\u015f\u0131m\u0131zdayd\u0131; Ekrem Ba\u015fkan kazand\u0131 bunu. \u015eimdi yeniden milletle devleti yar\u0131\u015ft\u0131racaklarsa, belki biraz daha da zor olacak, ama en sonunda millet kazanacak, milletin dedi\u011fi olacak. Kenan Evren&#8217;in dedi\u011fi olmad\u0131 sonu\u00e7ta. 15 Temmuz&#8217;da Fethullah G\u00fclen&#8217;in dedi\u011fi olmad\u0131. 15 Temmuz&#8217;da ben de Ekrem Ba\u015fkan da demokrasinin taraf\u0131ndayd\u0131k. Var\u0131p da bu darbeden medet ummad\u0131k. Ekrem Ba\u015fkan\u2019\u0131 \u0130stanbul B\u00fcy\u00fck\u015fehir&#8217;in ba\u015f\u0131na millet oturttu, Tayyip Erdo\u011fan indirmeye \u00e7al\u0131\u015f\u0131yor. Buna teslim olunamaz\u201d diye konu\u015ftu.<br \/>\n&#8220;EKREM \u0130MAMO\u011eLU M\u0130LLETE EMANETT\u0130R&#8221;<br \/>\nKonunun tek ba\u015f\u0131na Ekrem \u0130mamo\u011flu meselesi olmad\u0131\u011f\u0131n\u0131n alt\u0131n\u0131 \u00e7izen Dr. Dilek Kaya \u0130mamo\u011flu da \u201cBu, art\u0131k \u00fclkeye, topluma mal olmu\u015f bir mesele. Kim haks\u0131zl\u0131\u011fa u\u011frad\u0131ysa, herkesin arkas\u0131nda Ekrem m\u00fccadelesini verdi. \u015eimdi, milletle beraber Ekrem&#8217;in m\u00fccadelesini verece\u011fiz. Y\u0131lmayaca\u011f\u0131z, tabii ki pes etmeyece\u011fiz\u201d diye konu\u015ftu.<br \/>\nMillet; bu m\u00fcdahalelerin asl\u0131nda kendi iradesine y\u00f6nelik oldu\u011funu \u00e7ok iyi g\u00f6r\u00fcyor. Bu kadar b\u00fcy\u00fck haks\u0131zl\u0131k, hukuksuzluk kar\u015f\u0131s\u0131nda hi\u00e7 kimse susmaz, susmamal\u0131. Milletin, kendi iradesine y\u00f6nelik bu hamlelere en iyi cevab\u0131 verece\u011finden hi\u00e7 \u015f\u00fcphem yok. Bu milletin ferasetine\u2026 pic.twitter.com\/IPRLv6OjZS\u2014 Dilek Kaya \u0130mamo\u011flu (@dk_imamoglu) March 19, 2025<br \/>\nOperasyonun siyasi ama\u00e7larla yap\u0131ld\u0131\u011f\u0131n\u0131n ortada oldu\u011funun alt\u0131n\u0131 \u00e7izen Dr. \u0130mamo\u011flu, \u201cGelece\u011fin Cumhurba\u015fkan\u0131n\u0131, bu \u00fclkeyi y\u00f6netecek olan cumhurba\u015fkan\u0131n\u0131 eleme, saf d\u0131\u015f\u0131, siyaset d\u0131\u015f\u0131 b\u0131rakma, bitirme operasyonu. Bu, \u00fclkeye yap\u0131lm\u0131\u015f b\u00fcy\u00fck bir darbe. M\u00fccadele edece\u011fiz. M\u00fccadele etmek zorunday\u0131z. \u00c7\u00fcnk\u00fc, hi\u00e7birimizin can ve mal g\u00fcvenli\u011fi art\u0131k bu \u00fclkede olmayacak\u201d ifadelerini kulland\u0131.\u00a0<\/p>\n<p>\u200bHaberin Al\u0131nt\u0131land\u0131\u011f\u0131 Kaynak: www.iskenderun.org<\/p>","protected":false},"excerpt":{"rendered":"<p>CHP Genel Ba\u015fkan\u0131 \u00d6zg\u00fcr \u00d6zel, \u015fafak operasyonuyla evinde g\u00f6zalt\u0131na al\u0131nan T\u00fcrkiye Belediyeler Birli\u011fi ve \u0130stanbul B\u00fcy\u00fck\u015fehir Belediye Ba\u015fkan\u0131 Ekrem \u0130mamo\u011flu\u2019nun ailesini ziyaret etti. Dilek \u0130mamo\u011flu, sosyal medya hesab\u0131ndan yapt\u0131\u011f\u0131 videolu payla\u015f\u0131mda ise, &#8220;Milletin, kendi iradesine y\u00f6nelik bu hamlelere en iyi cevab\u0131 verece\u011finden hi\u00e7 \u015f\u00fcphem yok&#8221; dedi.\u0130STANBUL (\u0130GFA) &#8211; Ekrem mamo\u011flu\u2019nun e\u015fi Dr. Dilek Kaya \u0130mamo\u011flu, b\u00fcy\u00fck o\u011flu Selim \u0130mamo\u011flu ve k\u0131z\u0131 Beren \u0130mamo\u011flu ile bir araya gelen CHP Genel Ba\u015fkan\u0131 \u00d6zg\u00fcr \u00d6zel, \u201cD\u00fcn ak\u015fam itibariyle, diploma iptal oldu deyip, resmen anayasay\u0131 ask\u0131ya ald\u0131lar. Hi\u00e7 kimsenin bir g\u00fcvencesi yok&#8221; diyerek, bu sabah yap\u0131lan operasyonu da gelece\u011fe do\u011fru \u00f6nleyici darbe oldu\u011funu \u00f6ne s\u00fcrd\u00fc. \u0130ktidar\u0131n, \u2018gelece\u011fe do\u011fru \u00f6nleyici darbe\u2019 yapt\u0131\u011f\u0131n\u0131 vurgulayan \u00d6zel, \u201cBu iktidar\u0131 halk\u0131n belirlememesi i\u00e7in, gelece\u011fin cumhurba\u015fkan\u0131na darbe yap\u0131yorlar&#8221; dedi.\u00a0 &#8220;Devlet, milletin kar\u015f\u0131s\u0131na \u00e7\u0131karsa, millet kazan\u0131r&#8221; diyen \u00d6zel, &#8220;31 Mart\u2019ta valiler, kaymakamlar, b\u00fct\u00fcn devlet, b\u00fct\u00fcn bakanlar, herkes kar\u015f\u0131m\u0131zdayd\u0131; Ekrem Ba\u015fkan kazand\u0131 bunu. \u015eimdi yeniden milletle devleti yar\u0131\u015ft\u0131racaklarsa, belki biraz daha da zor olacak, ama en sonunda millet kazanacak, milletin dedi\u011fi olacak. Kenan Evren&#8217;in dedi\u011fi olmad\u0131 sonu\u00e7ta. 15 Temmuz&#8217;da Fethullah G\u00fclen&#8217;in dedi\u011fi olmad\u0131. 15 Temmuz&#8217;da ben de Ekrem Ba\u015fkan da demokrasinin taraf\u0131ndayd\u0131k. Var\u0131p da bu darbeden medet ummad\u0131k. Ekrem Ba\u015fkan\u2019\u0131 \u0130stanbul B\u00fcy\u00fck\u015fehir&#8217;in ba\u015f\u0131na millet oturttu, Tayyip Erdo\u011fan indirmeye \u00e7al\u0131\u015f\u0131yor. Buna teslim olunamaz\u201d &hellip;<\/p>","protected":false},"author":1,"featured_media":0,"comment_status":"","ping_status":"open","sticky":false,"template":"","format":"standard","meta":{"_acf_changed":false,"footnotes":""},"categories":[24],"tags":[],"class_list":["post-36303","post","type-post","status-publish","format-standard","has-post-thumbnail","hentry","category-gundem"],"acf":[],"yoast_head":"<!-- This site is optimized with the Yoast SEO Premium plugin v26.6 (Yoast SEO v27.1.1) - https:\/\/yoast.com\/product\/yoast-seo-premium-wordpress\/ -->\n<title>\u0130mamo\u011flu ailesine &#039;\u00d6zel&#039; destek ziyareti - Av. Deniz Can K\u0131z\u0131l<\/title>\n<meta name=\"robots\" content=\"index, follow, max-snippet:-1, max-image-preview:large, max-video-preview:-1\" \/>\n<link rel=\"canonical\" href=\"https:\/\/denizcankizil.tr\/ru\/haberler\/gundem\/imamoglu-ailesine-ozel-destek-ziyareti\/\" \/>\n<meta property=\"og:locale\" content=\"ru_RU\" \/>\n<meta property=\"og:type\" content=\"article\" \/>\n<meta property=\"og:title\" content=\"\u0130mamo\u011flu ailesine &#039;\u00d6zel&#039; destek ziyareti\" \/>\n<meta property=\"og:description\" content=\"CHP Genel Ba\u015fkan\u0131 \u00d6zg\u00fcr \u00d6zel, \u015fafak operasyonuyla evinde g\u00f6zalt\u0131na al\u0131nan T\u00fcrkiye Belediyeler Birli\u011fi ve \u0130stanbul B\u00fcy\u00fck\u015fehir Belediye Ba\u015fkan\u0131 Ekrem \u0130mamo\u011flu\u2019nun ailesini ziyaret etti. Dilek \u0130mamo\u011flu, sosyal medya hesab\u0131ndan yapt\u0131\u011f\u0131 videolu payla\u015f\u0131mda ise, &#8220;Milletin, kendi iradesine y\u00f6nelik bu hamlelere en iyi cevab\u0131 verece\u011finden hi\u00e7 \u015f\u00fcphem yok&#8221; dedi.\u0130STANBUL (\u0130GFA) &#8211; Ekrem mamo\u011flu\u2019nun e\u015fi Dr. Dilek Kaya \u0130mamo\u011flu, b\u00fcy\u00fck o\u011flu Selim \u0130mamo\u011flu ve k\u0131z\u0131 Beren \u0130mamo\u011flu ile bir araya gelen CHP Genel Ba\u015fkan\u0131 \u00d6zg\u00fcr \u00d6zel, \u201cD\u00fcn ak\u015fam itibariyle, diploma iptal oldu deyip, resmen anayasay\u0131 ask\u0131ya ald\u0131lar. Hi\u00e7 kimsenin bir g\u00fcvencesi yok&#8221; diyerek, bu sabah yap\u0131lan operasyonu da gelece\u011fe do\u011fru \u00f6nleyici darbe oldu\u011funu \u00f6ne s\u00fcrd\u00fc. \u0130ktidar\u0131n, \u2018gelece\u011fe do\u011fru \u00f6nleyici darbe\u2019 yapt\u0131\u011f\u0131n\u0131 vurgulayan \u00d6zel, \u201cBu iktidar\u0131 halk\u0131n belirlememesi i\u00e7in, gelece\u011fin cumhurba\u015fkan\u0131na darbe yap\u0131yorlar&#8221; dedi.\u00a0 &#8220;Devlet, milletin kar\u015f\u0131s\u0131na \u00e7\u0131karsa, millet kazan\u0131r&#8221; diyen \u00d6zel, &#8220;31 Mart\u2019ta valiler, kaymakamlar, b\u00fct\u00fcn devlet, b\u00fct\u00fcn bakanlar, herkes kar\u015f\u0131m\u0131zdayd\u0131; Ekrem Ba\u015fkan kazand\u0131 bunu. \u015eimdi yeniden milletle devleti yar\u0131\u015ft\u0131racaklarsa, belki biraz daha da zor olacak, ama en sonunda millet kazanacak, milletin dedi\u011fi olacak. Kenan Evren&#8217;in dedi\u011fi olmad\u0131 sonu\u00e7ta. 15 Temmuz&#8217;da Fethullah G\u00fclen&#8217;in dedi\u011fi olmad\u0131. 15 Temmuz&#8217;da ben de Ekrem Ba\u015fkan da demokrasinin taraf\u0131ndayd\u0131k. Var\u0131p da bu darbeden medet ummad\u0131k. Ekrem Ba\u015fkan\u2019\u0131 \u0130stanbul B\u00fcy\u00fck\u015fehir&#8217;in ba\u015f\u0131na millet oturttu, Tayyip Erdo\u011fan indirmeye \u00e7al\u0131\u015f\u0131yor. Buna teslim olunamaz\u201d &hellip;\" \/>\n<meta property=\"og:url\" content=\"https:\/\/denizcankizil.tr\/ru\/haberler\/gundem\/imamoglu-ailesine-ozel-destek-ziyareti\/\" \/>\n<meta property=\"og:site_name\" content=\"Av. Deniz Can K\u0131z\u0131l\" \/>\n<meta property=\"article:published_time\" content=\"2025-03-19T11:42:01+00:00\" \/>\n<meta name=\"author\" content=\"admin\" \/>\n<meta name=\"twitter:card\" content=\"summary_large_image\" \/>\n<meta name=\"twitter:label1\" content=\"\u041d\u0430\u043f\u0438\u0441\u0430\u043d\u043e \u0430\u0432\u0442\u043e\u0440\u043e\u043c\" \/>\n\t<meta name=\"twitter:data1\" content=\"admin\" \/>\n\t<meta name=\"twitter:label2\" content=\"\u041f\u0440\u0438\u043c\u0435\u0440\u043d\u043e\u0435 \u0432\u0440\u0435\u043c\u044f \u0434\u043b\u044f \u0447\u0442\u0435\u043d\u0438\u044f\" \/>\n\t<meta name=\"twitter:data2\" content=\"5 \u043c\u0438\u043d\u0443\u0442\" \/>\n<script type=\"application\/ld+json\" class=\"yoast-schema-graph\">{\"@context\":\"https:\/\/schema.org\",\"@graph\":[{\"@type\":\"Article\",\"@id\":\"https:\/\/denizcankizil.tr\/ru\/haberler\/gundem\/imamoglu-ailesine-ozel-destek-ziyareti\/#article\",\"isPartOf\":{\"@id\":\"https:\/\/denizcankizil.tr\/ru\/haberler\/gundem\/imamoglu-ailesine-ozel-destek-ziyareti\/\"},\"author\":{\"name\":\"admin\",\"@id\":\"https:\/\/denizcankizil.tr\/de\/#\/schema\/person\/be3c05fe6a12686905512445d8185489\"},\"headline\":\"\u0130mamo\u011flu ailesine &#8216;\u00d6zel&#8217; destek ziyareti\",\"datePublished\":\"2025-03-19T11:42:01+00:00\",\"mainEntityOfPage\":{\"@id\":\"https:\/\/denizcankizil.tr\/ru\/haberler\/gundem\/imamoglu-ailesine-ozel-destek-ziyareti\/\"},\"wordCount\":998,\"publisher\":{\"@id\":\"https:\/\/denizcankizil.tr\/de\/#organization\"},\"articleSection\":[\"G\u00fcndem\"],\"inLanguage\":\"ru-RU\"},{\"@type\":\"WebPage\",\"@id\":\"https:\/\/denizcankizil.tr\/ru\/haberler\/gundem\/imamoglu-ailesine-ozel-destek-ziyareti\/\",\"url\":\"https:\/\/denizcankizil.tr\/ru\/haberler\/gundem\/imamoglu-ailesine-ozel-destek-ziyareti\/\",\"name\":\"\u0130mamo\u011flu ailesine '\u00d6zel' destek ziyareti - Av. Deniz Can K\u0131z\u0131l\",\"isPartOf\":{\"@id\":\"https:\/\/denizcankizil.tr\/de\/#website\"},\"datePublished\":\"2025-03-19T11:42:01+00:00\",\"breadcrumb\":{\"@id\":\"https:\/\/denizcankizil.tr\/ru\/haberler\/gundem\/imamoglu-ailesine-ozel-destek-ziyareti\/#breadcrumb\"},\"inLanguage\":\"ru-RU\",\"potentialAction\":[{\"@type\":\"ReadAction\",\"target\":[\"https:\/\/denizcankizil.tr\/ru\/haberler\/gundem\/imamoglu-ailesine-ozel-destek-ziyareti\/\"]}]},{\"@type\":\"BreadcrumbList\",\"@id\":\"https:\/\/denizcankizil.tr\/ru\/haberler\/gundem\/imamoglu-ailesine-ozel-destek-ziyareti\/#breadcrumb\",\"itemListElement\":[{\"@type\":\"ListItem\",\"position\":1,\"name\":\"Home\",\"item\":\"https:\/\/denizcankizil.tr\/de\/\"},{\"@type\":\"ListItem\",\"position\":2,\"name\":\"\u0130mamo\u011flu ailesine &#8216;\u00d6zel&#8217; destek ziyareti\"}]},{\"@type\":\"WebSite\",\"@id\":\"https:\/\/denizcankizil.tr\/de\/#website\",\"url\":\"https:\/\/denizcankizil.tr\/de\/\",\"name\":\"Av. Deniz Can K\u0131z\u0131l\",\"description\":\"Avukat Deniz Can K\u0131z\u0131l Antalya Barosu\",\"publisher\":{\"@id\":\"https:\/\/denizcankizil.tr\/de\/#organization\"},\"potentialAction\":[{\"@type\":\"SearchAction\",\"target\":{\"@type\":\"EntryPoint\",\"urlTemplate\":\"https:\/\/denizcankizil.tr\/de\/?s={search_term_string}\"},\"query-input\":{\"@type\":\"PropertyValueSpecification\",\"valueRequired\":true,\"valueName\":\"search_term_string\"}}],\"inLanguage\":\"ru-RU\"},{\"@type\":\"Organization\",\"@id\":\"https:\/\/denizcankizil.tr\/de\/#organization\",\"name\":\"Av. Deniz Can K\u0131z\u0131l\",\"url\":\"https:\/\/denizcankizil.tr\/de\/\",\"logo\":{\"@type\":\"ImageObject\",\"inLanguage\":\"ru-RU\",\"@id\":\"https:\/\/denizcankizil.tr\/de\/#\/schema\/logo\/image\/\",\"url\":\"https:\/\/denizcankizil.tr\/wp-content\/uploads\/2024\/10\/siyah-logo-svg.svg\",\"contentUrl\":\"https:\/\/denizcankizil.tr\/wp-content\/uploads\/2024\/10\/siyah-logo-svg.svg\",\"width\":1080,\"height\":1080,\"caption\":\"Av. Deniz Can K\u0131z\u0131l\"},\"image\":{\"@id\":\"https:\/\/denizcankizil.tr\/de\/#\/schema\/logo\/image\/\"}},{\"@type\":\"Person\",\"@id\":\"https:\/\/denizcankizil.tr\/de\/#\/schema\/person\/be3c05fe6a12686905512445d8185489\",\"name\":\"admin\",\"image\":{\"@type\":\"ImageObject\",\"inLanguage\":\"ru-RU\",\"@id\":\"https:\/\/denizcankizil.tr\/de\/#\/schema\/person\/image\/\",\"url\":\"https:\/\/secure.gravatar.com\/avatar\/c1fce94c830dc79107e174f890d7210541c4a63e8e5d816341794a2151c9d58c?s=96&d=mm&r=g\",\"contentUrl\":\"https:\/\/secure.gravatar.com\/avatar\/c1fce94c830dc79107e174f890d7210541c4a63e8e5d816341794a2151c9d58c?s=96&d=mm&r=g\",\"caption\":\"admin\"},\"sameAs\":[\"http:\/\/denizcankizil.tr\"],\"url\":\"https:\/\/www.iskenderun.org\/imamoglu-ailesine-ozel-destek-ziyareti\"}]}<\/script>\n<!-- \/ Yoast SEO Premium plugin. -->","yoast_head_json":{"title":"\u0130mamo\u011flu ailesine '\u00d6zel' destek ziyareti - Av. Deniz Can K\u0131z\u0131l","robots":{"index":"index","follow":"follow","max-snippet":"max-snippet:-1","max-image-preview":"max-image-preview:large","max-video-preview":"max-video-preview:-1"},"canonical":"https:\/\/denizcankizil.tr\/ru\/haberler\/gundem\/imamoglu-ailesine-ozel-destek-ziyareti\/","og_locale":"ru_RU","og_type":"article","og_title":"\u0130mamo\u011flu ailesine '\u00d6zel' destek ziyareti","og_description":"CHP Genel Ba\u015fkan\u0131 \u00d6zg\u00fcr \u00d6zel, \u015fafak operasyonuyla evinde g\u00f6zalt\u0131na al\u0131nan T\u00fcrkiye Belediyeler Birli\u011fi ve \u0130stanbul B\u00fcy\u00fck\u015fehir Belediye Ba\u015fkan\u0131 Ekrem \u0130mamo\u011flu\u2019nun ailesini ziyaret etti. Dilek \u0130mamo\u011flu, sosyal medya hesab\u0131ndan yapt\u0131\u011f\u0131 videolu payla\u015f\u0131mda ise, &#8220;Milletin, kendi iradesine y\u00f6nelik bu hamlelere en iyi cevab\u0131 verece\u011finden hi\u00e7 \u015f\u00fcphem yok&#8221; dedi.\u0130STANBUL (\u0130GFA) &#8211; Ekrem mamo\u011flu\u2019nun e\u015fi Dr. Dilek Kaya \u0130mamo\u011flu, b\u00fcy\u00fck o\u011flu Selim \u0130mamo\u011flu ve k\u0131z\u0131 Beren \u0130mamo\u011flu ile bir araya gelen CHP Genel Ba\u015fkan\u0131 \u00d6zg\u00fcr \u00d6zel, \u201cD\u00fcn ak\u015fam itibariyle, diploma iptal oldu deyip, resmen anayasay\u0131 ask\u0131ya ald\u0131lar. Hi\u00e7 kimsenin bir g\u00fcvencesi yok&#8221; diyerek, bu sabah yap\u0131lan operasyonu da gelece\u011fe do\u011fru \u00f6nleyici darbe oldu\u011funu \u00f6ne s\u00fcrd\u00fc. \u0130ktidar\u0131n, \u2018gelece\u011fe do\u011fru \u00f6nleyici darbe\u2019 yapt\u0131\u011f\u0131n\u0131 vurgulayan \u00d6zel, \u201cBu iktidar\u0131 halk\u0131n belirlememesi i\u00e7in, gelece\u011fin cumhurba\u015fkan\u0131na darbe yap\u0131yorlar&#8221; dedi.\u00a0 &#8220;Devlet, milletin kar\u015f\u0131s\u0131na \u00e7\u0131karsa, millet kazan\u0131r&#8221; diyen \u00d6zel, &#8220;31 Mart\u2019ta valiler, kaymakamlar, b\u00fct\u00fcn devlet, b\u00fct\u00fcn bakanlar, herkes kar\u015f\u0131m\u0131zdayd\u0131; Ekrem Ba\u015fkan kazand\u0131 bunu. \u015eimdi yeniden milletle devleti yar\u0131\u015ft\u0131racaklarsa, belki biraz daha da zor olacak, ama en sonunda millet kazanacak, milletin dedi\u011fi olacak. Kenan Evren&#8217;in dedi\u011fi olmad\u0131 sonu\u00e7ta. 15 Temmuz&#8217;da Fethullah G\u00fclen&#8217;in dedi\u011fi olmad\u0131. 15 Temmuz&#8217;da ben de Ekrem Ba\u015fkan da demokrasinin taraf\u0131ndayd\u0131k. Var\u0131p da bu darbeden medet ummad\u0131k. Ekrem Ba\u015fkan\u2019\u0131 \u0130stanbul B\u00fcy\u00fck\u015fehir&#8217;in ba\u015f\u0131na millet oturttu, Tayyip Erdo\u011fan indirmeye \u00e7al\u0131\u015f\u0131yor. Buna teslim olunamaz\u201d &hellip;","og_url":"https:\/\/denizcankizil.tr\/ru\/haberler\/gundem\/imamoglu-ailesine-ozel-destek-ziyareti\/","og_site_name":"Av. Deniz Can K\u0131z\u0131l","article_published_time":"2025-03-19T11:42:01+00:00","author":"admin","twitter_card":"summary_large_image","twitter_misc":{"\u041d\u0430\u043f\u0438\u0441\u0430\u043d\u043e \u0430\u0432\u0442\u043e\u0440\u043e\u043c":"admin","\u041f\u0440\u0438\u043c\u0435\u0440\u043d\u043e\u0435 \u0432\u0440\u0435\u043c\u044f \u0434\u043b\u044f \u0447\u0442\u0435\u043d\u0438\u044f":"5 \u043c\u0438\u043d\u0443\u0442"},"schema":{"@context":"https:\/\/schema.org","@graph":[{"@type":"Article","@id":"https:\/\/denizcankizil.tr\/ru\/haberler\/gundem\/imamoglu-ailesine-ozel-destek-ziyareti\/#article","isPartOf":{"@id":"https:\/\/denizcankizil.tr\/ru\/haberler\/gundem\/imamoglu-ailesine-ozel-destek-ziyareti\/"},"author":{"name":"admin","@id":"https:\/\/denizcankizil.tr\/de\/#\/schema\/person\/be3c05fe6a12686905512445d8185489"},"headline":"\u0130mamo\u011flu ailesine &#8216;\u00d6zel&#8217; destek ziyareti","datePublished":"2025-03-19T11:42:01+00:00","mainEntityOfPage":{"@id":"https:\/\/denizcankizil.tr\/ru\/haberler\/gundem\/imamoglu-ailesine-ozel-destek-ziyareti\/"},"wordCount":998,"publisher":{"@id":"https:\/\/denizcankizil.tr\/de\/#organization"},"articleSection":["G\u00fcndem"],"inLanguage":"ru-RU"},{"@type":"WebPage","@id":"https:\/\/denizcankizil.tr\/ru\/haberler\/gundem\/imamoglu-ailesine-ozel-destek-ziyareti\/","url":"https:\/\/denizcankizil.tr\/ru\/haberler\/gundem\/imamoglu-ailesine-ozel-destek-ziyareti\/","name":"\u0130mamo\u011flu ailesine '\u00d6zel' destek ziyareti - Av. Deniz Can K\u0131z\u0131l","isPartOf":{"@id":"https:\/\/denizcankizil.tr\/de\/#website"},"datePublished":"2025-03-19T11:42:01+00:00","breadcrumb":{"@id":"https:\/\/denizcankizil.tr\/ru\/haberler\/gundem\/imamoglu-ailesine-ozel-destek-ziyareti\/#breadcrumb"},"inLanguage":"ru-RU","potentialAction":[{"@type":"ReadAction","target":["https:\/\/denizcankizil.tr\/ru\/haberler\/gundem\/imamoglu-ailesine-ozel-destek-ziyareti\/"]}]},{"@type":"BreadcrumbList","@id":"https:\/\/denizcankizil.tr\/ru\/haberler\/gundem\/imamoglu-ailesine-ozel-destek-ziyareti\/#breadcrumb","itemListElement":[{"@type":"ListItem","position":1,"name":"Home","item":"https:\/\/denizcankizil.tr\/de\/"},{"@type":"ListItem","position":2,"name":"\u0130mamo\u011flu ailesine &#8216;\u00d6zel&#8217; destek ziyareti"}]},{"@type":"WebSite","@id":"https:\/\/denizcankizil.tr\/de\/#website","url":"https:\/\/denizcankizil.tr\/de\/","name":"Av. Deniz Can K\u0131z\u0131l","description":"Avukat Deniz Can K\u0131z\u0131l Antalya Barosu","publisher":{"@id":"https:\/\/denizcankizil.tr\/de\/#organization"},"potentialAction":[{"@type":"SearchAction","target":{"@type":"EntryPoint","urlTemplate":"https:\/\/denizcankizil.tr\/de\/?s={search_term_string}"},"query-input":{"@type":"PropertyValueSpecification","valueRequired":true,"valueName":"search_term_string"}}],"inLanguage":"ru-RU"},{"@type":"Organization","@id":"https:\/\/denizcankizil.tr\/de\/#organization","name":"Av. Deniz Can K\u0131z\u0131l","url":"https:\/\/denizcankizil.tr\/de\/","logo":{"@type":"ImageObject","inLanguage":"ru-RU","@id":"https:\/\/denizcankizil.tr\/de\/#\/schema\/logo\/image\/","url":"https:\/\/denizcankizil.tr\/wp-content\/uploads\/2024\/10\/siyah-logo-svg.svg","contentUrl":"https:\/\/denizcankizil.tr\/wp-content\/uploads\/2024\/10\/siyah-logo-svg.svg","width":1080,"height":1080,"caption":"Av. Deniz Can K\u0131z\u0131l"},"image":{"@id":"https:\/\/denizcankizil.tr\/de\/#\/schema\/logo\/image\/"}},{"@type":"Person","@id":"https:\/\/denizcankizil.tr\/de\/#\/schema\/person\/be3c05fe6a12686905512445d8185489","name":"\u0430\u0434\u043c\u0438\u043d","image":{"@type":"ImageObject","inLanguage":"ru-RU","@id":"https:\/\/denizcankizil.tr\/de\/#\/schema\/person\/image\/","url":"https:\/\/secure.gravatar.com\/avatar\/c1fce94c830dc79107e174f890d7210541c4a63e8e5d816341794a2151c9d58c?s=96&d=mm&r=g","contentUrl":"https:\/\/secure.gravatar.com\/avatar\/c1fce94c830dc79107e174f890d7210541c4a63e8e5d816341794a2151c9d58c?s=96&d=mm&r=g","caption":"admin"},"sameAs":["http:\/\/denizcankizil.tr"],"url":"https:\/\/www.iskenderun.org\/imamoglu-ailesine-ozel-destek-ziyareti"}]}},"_links":{"self":[{"href":"https:\/\/denizcankizil.tr\/ru\/wp-json\/wp\/v2\/posts\/36303","targetHints":{"allow":["GET"]}}],"collection":[{"href":"https:\/\/denizcankizil.tr\/ru\/wp-json\/wp\/v2\/posts"}],"about":[{"href":"https:\/\/denizcankizil.tr\/ru\/wp-json\/wp\/v2\/types\/post"}],"author":[{"embeddable":true,"href":"https:\/\/denizcankizil.tr\/ru\/wp-json\/wp\/v2\/users\/1"}],"replies":[{"embeddable":true,"href":"https:\/\/denizcankizil.tr\/ru\/wp-json\/wp\/v2\/comments?post=36303"}],"version-history":[{"count":0,"href":"https:\/\/denizcankizil.tr\/ru\/wp-json\/wp\/v2\/posts\/36303\/revisions"}],"wp:attachment":[{"href":"https:\/\/denizcankizil.tr\/ru\/wp-json\/wp\/v2\/media?parent=36303"}],"wp:term":[{"taxonomy":"category","embeddable":true,"href":"https:\/\/denizcankizil.tr\/ru\/wp-json\/wp\/v2\/categories?post=36303"},{"taxonomy":"post_tag","embeddable":true,"href":"https:\/\/denizcankizil.tr\/ru\/wp-json\/wp\/v2\/tags?post=36303"}],"curies":[{"name":"wp","href":"https:\/\/api.w.org\/{rel}","templated":true}]}}