{"id":36278,"date":"2025-03-19T12:41:19","date_gmt":"2025-03-19T09:41:19","guid":{"rendered":"https:\/\/denizcankizil.tr\/uncategorized-tr\/cinayet-suphelisi-babami-ben-oldurmedim\/"},"modified":"2025-03-19T12:41:19","modified_gmt":"2025-03-19T09:41:19","slug":"cinayet-suphelisi-babami-ben-oldurmedim","status":"publish","type":"post","link":"https:\/\/denizcankizil.tr\/ru\/haberler\/antalya\/cinayet-suphelisi-babami-ben-oldurmedim\/","title":{"rendered":"Cinayet \u015f\u00fcphelisi: &#8220;babam\u0131 ben \u00f6ld\u00fcrmedim&#8221;"},"content":{"rendered":"<p>Konyaalt\u0131 il\u00e7esi Hurma Mahallesi 248 Sokak&#8217;taki 5 katl\u0131 apartman\u0131n 4&#8217;\u00fcnc\u00fc kat\u0131nda, Akdeniz \u00dcniversitesi Mimarl\u0131k Fak\u00fcltesi Sekreterli\u011fi kadrosundan emekli babas\u0131 S\u00fcleyman Akyol ve \u00fcvey karde\u015fi Burak Akyol ile ayn\u0131 dairede oturan O\u011fuzhan Akyol, 1 ay \u00f6nce babas\u0131yla tart\u0131\u015f\u0131p evden ayr\u0131ld\u0131. Eve d\u00fcn saat 08.30 s\u0131ralar\u0131nda gelen O\u011fuzhan Akyol, karde\u015fine babas\u0131n\u0131n nerede oldu\u011funu sordu. Babas\u0131n\u0131n evde oldu\u011funu \u00f6\u011frenen O\u011fuzhan Akyol, daha sonra apartmandan \u00e7\u0131k\u0131p beklemeye ba\u015flad\u0131.<\/p>\n<p>&#8216;BABA O\u011eUZHAN&#8217;I EVE ALMA&#8217;<\/p>\n<p>K\u0131sa s\u00fcre sonra i\u015fe gitmek i\u00e7in evden \u00e7\u0131k\u0131p, babas\u0131n\u0131 telefonla arayan Burak Akyol, karde\u015finin bina d\u0131\u015f\u0131nda oldu\u011funu belirterek, &#8220;Baba, O\u011fuzhan&#8217;\u0131 eve alma&#8221; dedi. G\u00f6r\u00fc\u015fmenin ard\u0131ndan evden \u00e7\u0131kan S\u00fcleyman Akyol, o\u011flu O\u011fuzhan Akyol&#8217;un yan\u0131na gitti. Bir s\u00fcre konu\u015fup eve d\u00f6nen baba- o\u011ful aras\u0131nda, saat 11.00 s\u0131ralar\u0131nda hen\u00fcz bilinmeyen nedenle tart\u0131\u015fma \u00e7\u0131kt\u0131. Tart\u0131\u015fma k\u0131sa s\u00fcrede kavgaya d\u00f6n\u00fc\u015ft\u00fc. O\u011fuzhan Akyol, mutfaktan ald\u0131\u011f\u0131 b\u0131\u00e7akla babas\u0131n\u0131 boyun ve s\u0131rt b\u00f6lgesinden 5 yerinden b\u0131\u00e7aklay\u0131p evden ayr\u0131ld\u0131.<\/p>\n<p>BABASINI KANLAR \u0130\u00c7\u0130NDE BULDU<\/p>\n<p>Bir s\u00fcre sonra babas\u0131n\u0131 arayan Burak Akyol, telefona yan\u0131t alamay\u0131nca eve geldi. Babas\u0131n\u0131 kanlar i\u00e7inde g\u00f6ren Burak Akyol&#8217;un ihbar\u0131yla adrese sa\u011fl\u0131k ve polis ekibi sevk edildi. Kontrolde, Akyol&#8217;un ya\u015fam\u0131n\u0131 yitirdi\u011fini belirledi. S\u00fcleyman Akyol&#8217;un cenazesi, incelemenin ard\u0131ndan Akdeniz \u00dcniversitesi T\u0131p Fak\u00fcltesi Hastanesi morguna g\u00f6t\u00fcr\u00fcld\u00fc.<\/p>\n<p>MADDE KULLANIRKEN YAKALANDI<\/p>\n<p>Polis, \u015f\u00fcpheli Akyol&#8217;u yakalamak i\u00e7in \u00e7al\u0131\u015fma ba\u015flat\u0131rken, k\u0131sa s\u00fcre sonra \u00d6\u011fretmenevleri Mahallesi\u2019nde bir ki\u015finin uyu\u015fturucu madde kulland\u0131\u011f\u0131 ihbar\u0131 geldi. Adrese sevk edilen polis ekipleri, ihbar edilen ki\u015finin O\u011fuzhan Akyol oldu\u011funu belirleyip, g\u00f6zalt\u0131na ald\u0131. Akyol, ifadesinin al\u0131nmas\u0131 i\u00e7in emniyete g\u00f6t\u00fcr\u00fcld\u00fc.<\/p>\n<p>ADL\u0130YEYE SEVK ED\u0130LD\u0130<\/p>\n<p>O\u011fuzhan Akyol&#8217;un emniyetteki ifadesinde, &#8220;Babamla aram\u0131zda tart\u0131\u015fma vard\u0131. Bunun sebebi de k\u00fc\u00e7\u00fckl\u00fckten bu yana bana uygulad\u0131\u011f\u0131 tacizler. Olaydan 1 g\u00fcn \u00f6nce babamla g\u00f6r\u00fc\u015f\u00fcp, konu\u015fmak istedi\u011fimi s\u00f6ylemi\u015ftim. Olay g\u00fcn\u00fc de babamla konu\u015fmak i\u00e7in eve gittim. Tart\u0131\u015ft\u0131k, sadece kavga ettik sonra evden \u00e7\u0131kt\u0131m. Ancak cinayeti ben i\u015flemedim, ne oldu\u011funu bilmiyorum&#8221; dedi\u011fi \u00f6\u011frenildi. Akyol, emniyetteki i\u015flemlerin tamamlanmas\u0131n\u0131n ard\u0131ndan adliyeye sevk edildi.<\/p>\n<p>Kaynak: www.kanalv.com.tr Haber Sitesinden Al\u0131nm\u0131\u015ft\u0131r.<\/p>","protected":false},"excerpt":{"rendered":"<p>Konyaalt\u0131 il\u00e7esi Hurma Mahallesi 248 Sokak&#8217;taki 5 katl\u0131 apartman\u0131n 4&#8217;\u00fcnc\u00fc kat\u0131nda, Akdeniz \u00dcniversitesi Mimarl\u0131k Fak\u00fcltesi Sekreterli\u011fi kadrosundan emekli babas\u0131 S\u00fcleyman Akyol ve \u00fcvey karde\u015fi Burak Akyol ile ayn\u0131 dairede oturan O\u011fuzhan Akyol, 1 ay \u00f6nce babas\u0131yla tart\u0131\u015f\u0131p evden ayr\u0131ld\u0131. Eve d\u00fcn saat 08.30 s\u0131ralar\u0131nda gelen O\u011fuzhan Akyol, karde\u015fine babas\u0131n\u0131n nerede oldu\u011funu sordu. Babas\u0131n\u0131n evde oldu\u011funu \u00f6\u011frenen O\u011fuzhan Akyol, daha sonra apartmandan \u00e7\u0131k\u0131p beklemeye ba\u015flad\u0131. &#8216;BABA O\u011eUZHAN&#8217;I EVE ALMA&#8217; K\u0131sa s\u00fcre sonra i\u015fe gitmek i\u00e7in evden \u00e7\u0131k\u0131p, babas\u0131n\u0131 telefonla arayan Burak Akyol, karde\u015finin bina d\u0131\u015f\u0131nda oldu\u011funu belirterek, &#8220;Baba, O\u011fuzhan&#8217;\u0131 eve alma&#8221; dedi. G\u00f6r\u00fc\u015fmenin ard\u0131ndan evden \u00e7\u0131kan S\u00fcleyman Akyol, o\u011flu O\u011fuzhan Akyol&#8217;un yan\u0131na gitti. Bir s\u00fcre konu\u015fup eve d\u00f6nen baba- o\u011ful aras\u0131nda, saat 11.00 s\u0131ralar\u0131nda hen\u00fcz bilinmeyen nedenle tart\u0131\u015fma \u00e7\u0131kt\u0131. Tart\u0131\u015fma k\u0131sa s\u00fcrede kavgaya d\u00f6n\u00fc\u015ft\u00fc. O\u011fuzhan Akyol, mutfaktan ald\u0131\u011f\u0131 b\u0131\u00e7akla babas\u0131n\u0131 boyun ve s\u0131rt b\u00f6lgesinden 5 yerinden b\u0131\u00e7aklay\u0131p evden ayr\u0131ld\u0131. BABASINI KANLAR \u0130\u00c7\u0130NDE BULDU Bir s\u00fcre sonra babas\u0131n\u0131 arayan Burak Akyol, telefona yan\u0131t alamay\u0131nca eve geldi. Babas\u0131n\u0131 kanlar i\u00e7inde g\u00f6ren Burak Akyol&#8217;un ihbar\u0131yla adrese sa\u011fl\u0131k ve polis ekibi sevk edildi. Kontrolde, Akyol&#8217;un ya\u015fam\u0131n\u0131 yitirdi\u011fini belirledi. S\u00fcleyman Akyol&#8217;un cenazesi, incelemenin ard\u0131ndan Akdeniz \u00dcniversitesi T\u0131p Fak\u00fcltesi Hastanesi morguna g\u00f6t\u00fcr\u00fcld\u00fc. MADDE KULLANIRKEN YAKALANDI Polis, \u015f\u00fcpheli Akyol&#8217;u yakalamak i\u00e7in \u00e7al\u0131\u015fma ba\u015flat\u0131rken, k\u0131sa s\u00fcre sonra \u00d6\u011fretmenevleri Mahallesi\u2019nde &hellip;<\/p>","protected":false},"author":4,"featured_media":36279,"comment_status":"","ping_status":"open","sticky":false,"template":"","format":"standard","meta":{"_acf_changed":false,"footnotes":""},"categories":[26],"tags":[],"class_list":["post-36278","post","type-post","status-publish","format-standard","has-post-thumbnail","hentry","category-antalya"],"acf":[],"yoast_head":"<!-- This site is optimized with the Yoast SEO Premium plugin v26.6 (Yoast SEO v27.1.1) - https:\/\/yoast.com\/product\/yoast-seo-premium-wordpress\/ -->\n<title>Cinayet \u015f\u00fcphelisi: &quot;babam\u0131 ben \u00f6ld\u00fcrmedim&quot; - Av. Deniz Can K\u0131z\u0131l<\/title>\n<meta name=\"robots\" content=\"index, follow, max-snippet:-1, max-image-preview:large, max-video-preview:-1\" \/>\n<link rel=\"canonical\" href=\"http:\/\/denizcankizil.tr\/ru\/haberler\/antalya\/cinayet-suphelisi-babami-ben-oldurmedim\/\" \/>\n<meta property=\"og:locale\" content=\"ru_RU\" \/>\n<meta property=\"og:type\" content=\"article\" \/>\n<meta property=\"og:title\" content=\"Cinayet \u015f\u00fcphelisi: &quot;babam\u0131 ben \u00f6ld\u00fcrmedim&quot;\" \/>\n<meta property=\"og:description\" content=\"Konyaalt\u0131 il\u00e7esi Hurma Mahallesi 248 Sokak&#8217;taki 5 katl\u0131 apartman\u0131n 4&#8217;\u00fcnc\u00fc kat\u0131nda, Akdeniz \u00dcniversitesi Mimarl\u0131k Fak\u00fcltesi Sekreterli\u011fi kadrosundan emekli babas\u0131 S\u00fcleyman Akyol ve \u00fcvey karde\u015fi Burak Akyol ile ayn\u0131 dairede oturan O\u011fuzhan Akyol, 1 ay \u00f6nce babas\u0131yla tart\u0131\u015f\u0131p evden ayr\u0131ld\u0131. Eve d\u00fcn saat 08.30 s\u0131ralar\u0131nda gelen O\u011fuzhan Akyol, karde\u015fine babas\u0131n\u0131n nerede oldu\u011funu sordu. Babas\u0131n\u0131n evde oldu\u011funu \u00f6\u011frenen O\u011fuzhan Akyol, daha sonra apartmandan \u00e7\u0131k\u0131p beklemeye ba\u015flad\u0131. &#8216;BABA O\u011eUZHAN&#8217;I EVE ALMA&#8217; K\u0131sa s\u00fcre sonra i\u015fe gitmek i\u00e7in evden \u00e7\u0131k\u0131p, babas\u0131n\u0131 telefonla arayan Burak Akyol, karde\u015finin bina d\u0131\u015f\u0131nda oldu\u011funu belirterek, &#8220;Baba, O\u011fuzhan&#8217;\u0131 eve alma&#8221; dedi. G\u00f6r\u00fc\u015fmenin ard\u0131ndan evden \u00e7\u0131kan S\u00fcleyman Akyol, o\u011flu O\u011fuzhan Akyol&#8217;un yan\u0131na gitti. Bir s\u00fcre konu\u015fup eve d\u00f6nen baba- o\u011ful aras\u0131nda, saat 11.00 s\u0131ralar\u0131nda hen\u00fcz bilinmeyen nedenle tart\u0131\u015fma \u00e7\u0131kt\u0131. Tart\u0131\u015fma k\u0131sa s\u00fcrede kavgaya d\u00f6n\u00fc\u015ft\u00fc. O\u011fuzhan Akyol, mutfaktan ald\u0131\u011f\u0131 b\u0131\u00e7akla babas\u0131n\u0131 boyun ve s\u0131rt b\u00f6lgesinden 5 yerinden b\u0131\u00e7aklay\u0131p evden ayr\u0131ld\u0131. BABASINI KANLAR \u0130\u00c7\u0130NDE BULDU Bir s\u00fcre sonra babas\u0131n\u0131 arayan Burak Akyol, telefona yan\u0131t alamay\u0131nca eve geldi. Babas\u0131n\u0131 kanlar i\u00e7inde g\u00f6ren Burak Akyol&#8217;un ihbar\u0131yla adrese sa\u011fl\u0131k ve polis ekibi sevk edildi. Kontrolde, Akyol&#8217;un ya\u015fam\u0131n\u0131 yitirdi\u011fini belirledi. S\u00fcleyman Akyol&#8217;un cenazesi, incelemenin ard\u0131ndan Akdeniz \u00dcniversitesi T\u0131p Fak\u00fcltesi Hastanesi morguna g\u00f6t\u00fcr\u00fcld\u00fc. MADDE KULLANIRKEN YAKALANDI Polis, \u015f\u00fcpheli Akyol&#8217;u yakalamak i\u00e7in \u00e7al\u0131\u015fma ba\u015flat\u0131rken, k\u0131sa s\u00fcre sonra \u00d6\u011fretmenevleri Mahallesi\u2019nde &hellip;\" \/>\n<meta property=\"og:url\" content=\"http:\/\/denizcankizil.tr\/ru\/haberler\/antalya\/cinayet-suphelisi-babami-ben-oldurmedim\/\" \/>\n<meta property=\"og:site_name\" content=\"Av. Deniz Can K\u0131z\u0131l\" \/>\n<meta property=\"article:published_time\" content=\"2025-03-19T09:41:19+00:00\" \/>\n<meta property=\"og:image\" content=\"http:\/\/denizcankizil.tr\/wp-content\/uploads\/2025\/03\/5590-01-YtQbhd.jpeg\" \/>\n\t<meta property=\"og:image:width\" content=\"1280\" \/>\n\t<meta property=\"og:image:height\" content=\"720\" \/>\n\t<meta property=\"og:image:type\" content=\"image\/jpeg\" \/>\n<meta name=\"author\" content=\"Av. Deniz Can K\u0131z\u0131l\" \/>\n<meta name=\"twitter:card\" content=\"summary_large_image\" \/>\n<meta name=\"twitter:label1\" content=\"\u041d\u0430\u043f\u0438\u0441\u0430\u043d\u043e \u0430\u0432\u0442\u043e\u0440\u043e\u043c\" \/>\n\t<meta name=\"twitter:data1\" content=\"Av. Deniz Can K\u0131z\u0131l\" \/>\n\t<meta name=\"twitter:label2\" content=\"\u041f\u0440\u0438\u043c\u0435\u0440\u043d\u043e\u0435 \u0432\u0440\u0435\u043c\u044f \u0434\u043b\u044f \u0447\u0442\u0435\u043d\u0438\u044f\" \/>\n\t<meta name=\"twitter:data2\" content=\"2 \u043c\u0438\u043d\u0443\u0442\u044b\" \/>\n<script type=\"application\/ld+json\" class=\"yoast-schema-graph\">{\"@context\":\"https:\/\/schema.org\",\"@graph\":[{\"@type\":\"Article\",\"@id\":\"http:\/\/denizcankizil.tr\/de\/haberler\/antalya\/cinayet-suphelisi-babami-ben-oldurmedim\/#article\",\"isPartOf\":{\"@id\":\"http:\/\/denizcankizil.tr\/de\/haberler\/antalya\/cinayet-suphelisi-babami-ben-oldurmedim\/\"},\"author\":{\"name\":\"Av. Deniz Can K\u0131z\u0131l\",\"@id\":\"https:\/\/denizcankizil.tr\/#\/schema\/person\/5dc1b22991bd7ac833867c10afc9b0ff\"},\"headline\":\"Cinayet \u015f\u00fcphelisi: &#8220;babam\u0131 ben \u00f6ld\u00fcrmedim&#8221;\",\"datePublished\":\"2025-03-19T09:41:19+00:00\",\"mainEntityOfPage\":{\"@id\":\"http:\/\/denizcankizil.tr\/de\/haberler\/antalya\/cinayet-suphelisi-babami-ben-oldurmedim\/\"},\"wordCount\":438,\"publisher\":{\"@id\":\"https:\/\/denizcankizil.tr\/#organization\"},\"image\":{\"@id\":\"http:\/\/denizcankizil.tr\/de\/haberler\/antalya\/cinayet-suphelisi-babami-ben-oldurmedim\/#primaryimage\"},\"thumbnailUrl\":\"https:\/\/denizcankizil.tr\/wp-content\/uploads\/2025\/03\/5590-01-YtQbhd.jpeg\",\"articleSection\":[\"Antalya\"],\"inLanguage\":\"ru-RU\"},{\"@type\":\"WebPage\",\"@id\":\"http:\/\/denizcankizil.tr\/de\/haberler\/antalya\/cinayet-suphelisi-babami-ben-oldurmedim\/\",\"url\":\"http:\/\/denizcankizil.tr\/de\/haberler\/antalya\/cinayet-suphelisi-babami-ben-oldurmedim\/\",\"name\":\"Cinayet \u015f\u00fcphelisi: \\\"babam\u0131 ben \u00f6ld\u00fcrmedim\\\" - Av. Deniz Can K\u0131z\u0131l\",\"isPartOf\":{\"@id\":\"https:\/\/denizcankizil.tr\/#website\"},\"primaryImageOfPage\":{\"@id\":\"http:\/\/denizcankizil.tr\/de\/haberler\/antalya\/cinayet-suphelisi-babami-ben-oldurmedim\/#primaryimage\"},\"image\":{\"@id\":\"http:\/\/denizcankizil.tr\/de\/haberler\/antalya\/cinayet-suphelisi-babami-ben-oldurmedim\/#primaryimage\"},\"thumbnailUrl\":\"https:\/\/denizcankizil.tr\/wp-content\/uploads\/2025\/03\/5590-01-YtQbhd.jpeg\",\"datePublished\":\"2025-03-19T09:41:19+00:00\",\"breadcrumb\":{\"@id\":\"http:\/\/denizcankizil.tr\/de\/haberler\/antalya\/cinayet-suphelisi-babami-ben-oldurmedim\/#breadcrumb\"},\"inLanguage\":\"ru-RU\",\"potentialAction\":[{\"@type\":\"ReadAction\",\"target\":[\"http:\/\/denizcankizil.tr\/de\/haberler\/antalya\/cinayet-suphelisi-babami-ben-oldurmedim\/\"]}]},{\"@type\":\"ImageObject\",\"inLanguage\":\"ru-RU\",\"@id\":\"http:\/\/denizcankizil.tr\/de\/haberler\/antalya\/cinayet-suphelisi-babami-ben-oldurmedim\/#primaryimage\",\"url\":\"https:\/\/denizcankizil.tr\/wp-content\/uploads\/2025\/03\/5590-01-YtQbhd.jpeg\",\"contentUrl\":\"https:\/\/denizcankizil.tr\/wp-content\/uploads\/2025\/03\/5590-01-YtQbhd.jpeg\",\"width\":1280,\"height\":720},{\"@type\":\"BreadcrumbList\",\"@id\":\"http:\/\/denizcankizil.tr\/de\/haberler\/antalya\/cinayet-suphelisi-babami-ben-oldurmedim\/#breadcrumb\",\"itemListElement\":[{\"@type\":\"ListItem\",\"position\":1,\"name\":\"Home\",\"item\":\"https:\/\/denizcankizil.tr\/de\/\"},{\"@type\":\"ListItem\",\"position\":2,\"name\":\"Cinayet \u015f\u00fcphelisi: &#8220;babam\u0131 ben \u00f6ld\u00fcrmedim&#8221;\"}]},{\"@type\":\"WebSite\",\"@id\":\"https:\/\/denizcankizil.tr\/#website\",\"url\":\"https:\/\/denizcankizil.tr\/\",\"name\":\"Av. Deniz Can K\u0131z\u0131l\",\"description\":\"Avukat Deniz Can K\u0131z\u0131l Antalya Barosu\",\"publisher\":{\"@id\":\"https:\/\/denizcankizil.tr\/#organization\"},\"potentialAction\":[{\"@type\":\"SearchAction\",\"target\":{\"@type\":\"EntryPoint\",\"urlTemplate\":\"https:\/\/denizcankizil.tr\/?s={search_term_string}\"},\"query-input\":{\"@type\":\"PropertyValueSpecification\",\"valueRequired\":true,\"valueName\":\"search_term_string\"}}],\"inLanguage\":\"ru-RU\"},{\"@type\":\"Organization\",\"@id\":\"https:\/\/denizcankizil.tr\/#organization\",\"name\":\"Av. Deniz Can K\u0131z\u0131l\",\"url\":\"https:\/\/denizcankizil.tr\/\",\"logo\":{\"@type\":\"ImageObject\",\"inLanguage\":\"ru-RU\",\"@id\":\"https:\/\/denizcankizil.tr\/#\/schema\/logo\/image\/\",\"url\":\"https:\/\/denizcankizil.tr\/wp-content\/uploads\/2024\/10\/siyah-logo-svg.svg\",\"contentUrl\":\"https:\/\/denizcankizil.tr\/wp-content\/uploads\/2024\/10\/siyah-logo-svg.svg\",\"width\":1080,\"height\":1080,\"caption\":\"Av. Deniz Can K\u0131z\u0131l\"},\"image\":{\"@id\":\"https:\/\/denizcankizil.tr\/#\/schema\/logo\/image\/\"}},{\"@type\":\"Person\",\"@id\":\"https:\/\/denizcankizil.tr\/#\/schema\/person\/5dc1b22991bd7ac833867c10afc9b0ff\",\"name\":\"Av. Deniz Can K\u0131z\u0131l\",\"image\":{\"@type\":\"ImageObject\",\"inLanguage\":\"ru-RU\",\"@id\":\"https:\/\/denizcankizil.tr\/#\/schema\/person\/image\/\",\"url\":\"https:\/\/secure.gravatar.com\/avatar\/a0b128fb9855c79efc976d5640eedb31dc35ec297594d6016d2cf7c60e975bb6?s=96&d=mm&r=g\",\"contentUrl\":\"https:\/\/secure.gravatar.com\/avatar\/a0b128fb9855c79efc976d5640eedb31dc35ec297594d6016d2cf7c60e975bb6?s=96&d=mm&r=g\",\"caption\":\"Av. Deniz Can K\u0131z\u0131l\"},\"sameAs\":[\"http:\/\/www.denizcankizil.tr\"],\"url\":\"https:\/\/denizcankizil.tr\/ru\/author\/denizcankizil\/\"}]}<\/script>\n<!-- \/ Yoast SEO Premium plugin. -->","yoast_head_json":{"title":"Cinayet \u015f\u00fcphelisi: \"babam\u0131 ben \u00f6ld\u00fcrmedim\" - Av. Deniz Can K\u0131z\u0131l","robots":{"index":"index","follow":"follow","max-snippet":"max-snippet:-1","max-image-preview":"max-image-preview:large","max-video-preview":"max-video-preview:-1"},"canonical":"http:\/\/denizcankizil.tr\/ru\/haberler\/antalya\/cinayet-suphelisi-babami-ben-oldurmedim\/","og_locale":"ru_RU","og_type":"article","og_title":"Cinayet \u015f\u00fcphelisi: \"babam\u0131 ben \u00f6ld\u00fcrmedim\"","og_description":"Konyaalt\u0131 il\u00e7esi Hurma Mahallesi 248 Sokak&#8217;taki 5 katl\u0131 apartman\u0131n 4&#8217;\u00fcnc\u00fc kat\u0131nda, Akdeniz \u00dcniversitesi Mimarl\u0131k Fak\u00fcltesi Sekreterli\u011fi kadrosundan emekli babas\u0131 S\u00fcleyman Akyol ve \u00fcvey karde\u015fi Burak Akyol ile ayn\u0131 dairede oturan O\u011fuzhan Akyol, 1 ay \u00f6nce babas\u0131yla tart\u0131\u015f\u0131p evden ayr\u0131ld\u0131. Eve d\u00fcn saat 08.30 s\u0131ralar\u0131nda gelen O\u011fuzhan Akyol, karde\u015fine babas\u0131n\u0131n nerede oldu\u011funu sordu. Babas\u0131n\u0131n evde oldu\u011funu \u00f6\u011frenen O\u011fuzhan Akyol, daha sonra apartmandan \u00e7\u0131k\u0131p beklemeye ba\u015flad\u0131. &#8216;BABA O\u011eUZHAN&#8217;I EVE ALMA&#8217; K\u0131sa s\u00fcre sonra i\u015fe gitmek i\u00e7in evden \u00e7\u0131k\u0131p, babas\u0131n\u0131 telefonla arayan Burak Akyol, karde\u015finin bina d\u0131\u015f\u0131nda oldu\u011funu belirterek, &#8220;Baba, O\u011fuzhan&#8217;\u0131 eve alma&#8221; dedi. G\u00f6r\u00fc\u015fmenin ard\u0131ndan evden \u00e7\u0131kan S\u00fcleyman Akyol, o\u011flu O\u011fuzhan Akyol&#8217;un yan\u0131na gitti. Bir s\u00fcre konu\u015fup eve d\u00f6nen baba- o\u011ful aras\u0131nda, saat 11.00 s\u0131ralar\u0131nda hen\u00fcz bilinmeyen nedenle tart\u0131\u015fma \u00e7\u0131kt\u0131. Tart\u0131\u015fma k\u0131sa s\u00fcrede kavgaya d\u00f6n\u00fc\u015ft\u00fc. O\u011fuzhan Akyol, mutfaktan ald\u0131\u011f\u0131 b\u0131\u00e7akla babas\u0131n\u0131 boyun ve s\u0131rt b\u00f6lgesinden 5 yerinden b\u0131\u00e7aklay\u0131p evden ayr\u0131ld\u0131. BABASINI KANLAR \u0130\u00c7\u0130NDE BULDU Bir s\u00fcre sonra babas\u0131n\u0131 arayan Burak Akyol, telefona yan\u0131t alamay\u0131nca eve geldi. Babas\u0131n\u0131 kanlar i\u00e7inde g\u00f6ren Burak Akyol&#8217;un ihbar\u0131yla adrese sa\u011fl\u0131k ve polis ekibi sevk edildi. Kontrolde, Akyol&#8217;un ya\u015fam\u0131n\u0131 yitirdi\u011fini belirledi. S\u00fcleyman Akyol&#8217;un cenazesi, incelemenin ard\u0131ndan Akdeniz \u00dcniversitesi T\u0131p Fak\u00fcltesi Hastanesi morguna g\u00f6t\u00fcr\u00fcld\u00fc. MADDE KULLANIRKEN YAKALANDI Polis, \u015f\u00fcpheli Akyol&#8217;u yakalamak i\u00e7in \u00e7al\u0131\u015fma ba\u015flat\u0131rken, k\u0131sa s\u00fcre sonra \u00d6\u011fretmenevleri Mahallesi\u2019nde &hellip;","og_url":"http:\/\/denizcankizil.tr\/ru\/haberler\/antalya\/cinayet-suphelisi-babami-ben-oldurmedim\/","og_site_name":"Av. Deniz Can K\u0131z\u0131l","article_published_time":"2025-03-19T09:41:19+00:00","og_image":[{"width":1280,"height":720,"url":"http:\/\/denizcankizil.tr\/wp-content\/uploads\/2025\/03\/5590-01-YtQbhd.jpeg","type":"image\/jpeg"}],"author":"Av. Deniz Can K\u0131z\u0131l","twitter_card":"summary_large_image","twitter_misc":{"\u041d\u0430\u043f\u0438\u0441\u0430\u043d\u043e \u0430\u0432\u0442\u043e\u0440\u043e\u043c":"Av. Deniz Can K\u0131z\u0131l","\u041f\u0440\u0438\u043c\u0435\u0440\u043d\u043e\u0435 \u0432\u0440\u0435\u043c\u044f \u0434\u043b\u044f \u0447\u0442\u0435\u043d\u0438\u044f":"2 \u043c\u0438\u043d\u0443\u0442\u044b"},"schema":{"@context":"https:\/\/schema.org","@graph":[{"@type":"Article","@id":"http:\/\/denizcankizil.tr\/de\/haberler\/antalya\/cinayet-suphelisi-babami-ben-oldurmedim\/#article","isPartOf":{"@id":"http:\/\/denizcankizil.tr\/de\/haberler\/antalya\/cinayet-suphelisi-babami-ben-oldurmedim\/"},"author":{"name":"Av. Deniz Can K\u0131z\u0131l","@id":"https:\/\/denizcankizil.tr\/#\/schema\/person\/5dc1b22991bd7ac833867c10afc9b0ff"},"headline":"Cinayet \u015f\u00fcphelisi: &#8220;babam\u0131 ben \u00f6ld\u00fcrmedim&#8221;","datePublished":"2025-03-19T09:41:19+00:00","mainEntityOfPage":{"@id":"http:\/\/denizcankizil.tr\/de\/haberler\/antalya\/cinayet-suphelisi-babami-ben-oldurmedim\/"},"wordCount":438,"publisher":{"@id":"https:\/\/denizcankizil.tr\/#organization"},"image":{"@id":"http:\/\/denizcankizil.tr\/de\/haberler\/antalya\/cinayet-suphelisi-babami-ben-oldurmedim\/#primaryimage"},"thumbnailUrl":"https:\/\/denizcankizil.tr\/wp-content\/uploads\/2025\/03\/5590-01-YtQbhd.jpeg","articleSection":["Antalya"],"inLanguage":"ru-RU"},{"@type":"WebPage","@id":"http:\/\/denizcankizil.tr\/de\/haberler\/antalya\/cinayet-suphelisi-babami-ben-oldurmedim\/","url":"http:\/\/denizcankizil.tr\/de\/haberler\/antalya\/cinayet-suphelisi-babami-ben-oldurmedim\/","name":"Cinayet \u015f\u00fcphelisi: \"babam\u0131 ben \u00f6ld\u00fcrmedim\" - Av. Deniz Can K\u0131z\u0131l","isPartOf":{"@id":"https:\/\/denizcankizil.tr\/#website"},"primaryImageOfPage":{"@id":"http:\/\/denizcankizil.tr\/de\/haberler\/antalya\/cinayet-suphelisi-babami-ben-oldurmedim\/#primaryimage"},"image":{"@id":"http:\/\/denizcankizil.tr\/de\/haberler\/antalya\/cinayet-suphelisi-babami-ben-oldurmedim\/#primaryimage"},"thumbnailUrl":"https:\/\/denizcankizil.tr\/wp-content\/uploads\/2025\/03\/5590-01-YtQbhd.jpeg","datePublished":"2025-03-19T09:41:19+00:00","breadcrumb":{"@id":"http:\/\/denizcankizil.tr\/de\/haberler\/antalya\/cinayet-suphelisi-babami-ben-oldurmedim\/#breadcrumb"},"inLanguage":"ru-RU","potentialAction":[{"@type":"ReadAction","target":["http:\/\/denizcankizil.tr\/de\/haberler\/antalya\/cinayet-suphelisi-babami-ben-oldurmedim\/"]}]},{"@type":"ImageObject","inLanguage":"ru-RU","@id":"http:\/\/denizcankizil.tr\/de\/haberler\/antalya\/cinayet-suphelisi-babami-ben-oldurmedim\/#primaryimage","url":"https:\/\/denizcankizil.tr\/wp-content\/uploads\/2025\/03\/5590-01-YtQbhd.jpeg","contentUrl":"https:\/\/denizcankizil.tr\/wp-content\/uploads\/2025\/03\/5590-01-YtQbhd.jpeg","width":1280,"height":720},{"@type":"BreadcrumbList","@id":"http:\/\/denizcankizil.tr\/de\/haberler\/antalya\/cinayet-suphelisi-babami-ben-oldurmedim\/#breadcrumb","itemListElement":[{"@type":"ListItem","position":1,"name":"Home","item":"https:\/\/denizcankizil.tr\/de\/"},{"@type":"ListItem","position":2,"name":"Cinayet \u015f\u00fcphelisi: &#8220;babam\u0131 ben \u00f6ld\u00fcrmedim&#8221;"}]},{"@type":"WebSite","@id":"https:\/\/denizcankizil.tr\/#website","url":"https:\/\/denizcankizil.tr\/","name":"Av. Deniz Can K\u0131z\u0131l","description":"Avukat Deniz Can K\u0131z\u0131l Antalya Barosu","publisher":{"@id":"https:\/\/denizcankizil.tr\/#organization"},"potentialAction":[{"@type":"SearchAction","target":{"@type":"EntryPoint","urlTemplate":"https:\/\/denizcankizil.tr\/?s={search_term_string}"},"query-input":{"@type":"PropertyValueSpecification","valueRequired":true,"valueName":"search_term_string"}}],"inLanguage":"ru-RU"},{"@type":"Organization","@id":"https:\/\/denizcankizil.tr\/#organization","name":"Av. Deniz Can K\u0131z\u0131l","url":"https:\/\/denizcankizil.tr\/","logo":{"@type":"ImageObject","inLanguage":"ru-RU","@id":"https:\/\/denizcankizil.tr\/#\/schema\/logo\/image\/","url":"https:\/\/denizcankizil.tr\/wp-content\/uploads\/2024\/10\/siyah-logo-svg.svg","contentUrl":"https:\/\/denizcankizil.tr\/wp-content\/uploads\/2024\/10\/siyah-logo-svg.svg","width":1080,"height":1080,"caption":"Av. Deniz Can K\u0131z\u0131l"},"image":{"@id":"https:\/\/denizcankizil.tr\/#\/schema\/logo\/image\/"}},{"@type":"Person","@id":"https:\/\/denizcankizil.tr\/#\/schema\/person\/5dc1b22991bd7ac833867c10afc9b0ff","name":"Av. Deniz Can K\u0131z\u0131l","image":{"@type":"ImageObject","inLanguage":"ru-RU","@id":"https:\/\/denizcankizil.tr\/#\/schema\/person\/image\/","url":"https:\/\/secure.gravatar.com\/avatar\/a0b128fb9855c79efc976d5640eedb31dc35ec297594d6016d2cf7c60e975bb6?s=96&d=mm&r=g","contentUrl":"https:\/\/secure.gravatar.com\/avatar\/a0b128fb9855c79efc976d5640eedb31dc35ec297594d6016d2cf7c60e975bb6?s=96&d=mm&r=g","caption":"Av. Deniz Can K\u0131z\u0131l"},"sameAs":["http:\/\/www.denizcankizil.tr"],"url":"https:\/\/denizcankizil.tr\/ru\/author\/denizcankizil\/"}]}},"_links":{"self":[{"href":"https:\/\/denizcankizil.tr\/ru\/wp-json\/wp\/v2\/posts\/36278","targetHints":{"allow":["GET"]}}],"collection":[{"href":"https:\/\/denizcankizil.tr\/ru\/wp-json\/wp\/v2\/posts"}],"about":[{"href":"https:\/\/denizcankizil.tr\/ru\/wp-json\/wp\/v2\/types\/post"}],"author":[{"embeddable":true,"href":"https:\/\/denizcankizil.tr\/ru\/wp-json\/wp\/v2\/users\/4"}],"replies":[{"embeddable":true,"href":"https:\/\/denizcankizil.tr\/ru\/wp-json\/wp\/v2\/comments?post=36278"}],"version-history":[{"count":0,"href":"https:\/\/denizcankizil.tr\/ru\/wp-json\/wp\/v2\/posts\/36278\/revisions"}],"wp:featuredmedia":[{"embeddable":true,"href":"https:\/\/denizcankizil.tr\/ru\/wp-json\/wp\/v2\/media\/36279"}],"wp:attachment":[{"href":"https:\/\/denizcankizil.tr\/ru\/wp-json\/wp\/v2\/media?parent=36278"}],"wp:term":[{"taxonomy":"category","embeddable":true,"href":"https:\/\/denizcankizil.tr\/ru\/wp-json\/wp\/v2\/categories?post=36278"},{"taxonomy":"post_tag","embeddable":true,"href":"https:\/\/denizcankizil.tr\/ru\/wp-json\/wp\/v2\/tags?post=36278"}],"curies":[{"name":"wp","href":"https:\/\/api.w.org\/{rel}","templated":true}]}}