{"id":36274,"date":"2025-03-19T11:41:49","date_gmt":"2025-03-19T08:41:49","guid":{"rendered":"https:\/\/denizcankizil.tr\/uncategorized-tr\/mesai-arkadasini-olduren-saniga-muebbet-hapis-cezasi\/"},"modified":"2025-03-19T11:41:49","modified_gmt":"2025-03-19T08:41:49","slug":"mesai-arkadasini-olduren-saniga-muebbet-hapis-cezasi","status":"publish","type":"post","link":"https:\/\/denizcankizil.tr\/ru\/haberler\/antalya\/mesai-arkadasini-olduren-saniga-muebbet-hapis-cezasi\/","title":{"rendered":"Mesai arkada\u015f\u0131n\u0131 \u00f6ld\u00fcren san\u0131\u011fa m\u00fcebbet hapis cezas\u0131"},"content":{"rendered":"<p>Mahkeme, san\u0131\u011fa m\u00fcebbet hapis cezas\u0131 verdi ve takdiri indirim uygulamad\u0131. Duru\u015fma sonras\u0131 a\u00e7\u0131klamada bulunan maktul\u00fcn annesi verilen karardan memnun oldu\u011funu belirterek, &#8220;Benim o\u011flum asker olacakt\u0131. Asker har\u00e7l\u0131\u011f\u0131n\u0131 \u00e7\u0131karmak i\u00e7in fabrikada \u00e7al\u0131\u015f\u0131yordu. Orada kavga \u00e7\u0131k\u0131yor, \u00e7ocu\u011fumu d\u0131\u015far\u0131ya \u00e7\u0131kart\u0131yorlar. Yabanc\u0131 uyruklu biri gelip arabayla \u00e7ocu\u011fuma vuruyor, \u00f6ld\u00fcr\u00fcyor. T\u00fcrkiye Cumhuriyeti&#8217;nin adaletine te\u015fekk\u00fcr ederim. \u00c7ocu\u011fumun hakk\u0131 yerde kalmad\u0131&#8221; dedi.<br \/>\nAntalya&#8217;n\u0131n Kepez il\u00e7esinde, mesai arkada\u015f\u0131 Muhammed Ali Bilal&#8217;e minib\u00fcsle \u00e7arparak \u00f6l\u00fcm\u00fcne sebep olan Ahmad Alissa&#8217;n\u0131n yarg\u0131land\u0131\u011f\u0131 davada karar \u00e7\u0131kt\u0131. Antalya 5. A\u011f\u0131r Ceza Mahkemesi&#8217;nde g\u00f6r\u00fclen duru\u015fmada mahkeme heyeti, san\u0131\u011f\u0131n kasten \u00f6ld\u00fcrme ve kasten \u00f6ld\u00fcrmeye te\u015febb\u00fcs su\u00e7unu i\u015fledi\u011fine h\u00fckmetti. San\u0131k hakk\u0131nda takdiri indirim uygulanmayarak m\u00fcebbet hapis cezas\u0131na \u00e7arpt\u0131r\u0131lmas\u0131na karar verildi. Ayr\u0131ca san\u0131k, Abdurrahman Belelo&#8217;ya y\u00f6nelik eylemi nedeniyle 10 y\u0131l hapis cezas\u0131na \u00e7arpt\u0131r\u0131ld\u0131.<\/p>\n<p>Minib\u00fcsle \u00e7arp\u0131p ka\u00e7t\u0131<br \/>\nOlay, 15 Nisan 2024 tarihinde saat 16.30 s\u0131ralar\u0131nda Kepez il\u00e7esi Alt\u0131nova Menderes Mahallesi&#8217;nde, bir g\u0131da fabrikas\u0131n\u0131n \u00f6n\u00fcnde meydana geldi. \u0130ddiaya g\u00f6re, ayn\u0131 fabrikada \u00e7al\u0131\u015fan Muhammed Ali Bilal ve Abdurrahman Belelo, mesai arkada\u015flar\u0131 Yahya Alissa ile tart\u0131\u015ft\u0131. Kavga, i\u015f\u00e7ilerin araya girmesiyle sona ererken, Yahya Alissa durumu o\u011flu Ahmad Alissa&#8217;ya bildirdi. Bunun \u00fczerine minib\u00fcsle olay yerine gelen Ahmad Alissa, yolun kar\u015f\u0131s\u0131na ge\u00e7mekte olan Muhammed Ali Bilal ve Abdurrahman Belelo&#8217;ya \u00e7arparak ka\u00e7t\u0131. O anlar g\u00fcvenlik kameralar\u0131na anbean yans\u0131d\u0131.<br \/>\n\u0130hbar \u00fczerine olay yerine polis ve sa\u011fl\u0131k ekipleri sevk edildi. A\u011f\u0131r yaralanan Muhammed Ali Bilal, hastaneye kald\u0131r\u0131ld\u0131 ancak kurtar\u0131lamad\u0131. Hayati tehlikesi bulunmayan Abdurrahman Belelo ise tedavisinin ard\u0131ndan taburcu edildi. Olay\u0131n ard\u0131ndan polis taraf\u0131ndan yakalanan Ahmad Alissa, \u00e7\u0131kar\u0131ld\u0131\u011f\u0131 mahkemece tutukland\u0131.<\/p>\n<p>San\u0131k beraatini istedi<br \/>\nAntalya 5. A\u011f\u0131r Ceza Mahkemesi&#8217;nde g\u00f6r\u00fclen karar duru\u015fmas\u0131nda san\u0131k Ahmad Alissa, terc\u00fcman arac\u0131l\u0131\u011f\u0131yla yapt\u0131\u011f\u0131 savunmas\u0131nda olay\u0131n bir kaza oldu\u011funu \u00f6ne s\u00fcrd\u00fc. San\u0131k, &#8220;Bu olay kaza olarak ger\u00e7ekle\u015fti, kasten \u00f6ld\u00fcrmedim. Beraatimi istiyorum&#8221; dedi.<br \/>\nSan\u0131\u011f\u0131n savunmas\u0131n\u0131 de\u011ferlendiren mahkeme heyeti, Ahmad Alissa&#8217;n\u0131n Muhammed Ali Bilal&#8217;i kasten \u00f6ld\u00fcrd\u00fc\u011f\u00fcn\u00fc belirterek m\u00fcebbet hapis cezas\u0131na h\u00fckmetti. Abdurrahman Belelo&#8217;ya y\u00f6nelik eyleminin de kasten \u00f6ld\u00fcrmeye te\u015febb\u00fcs niteli\u011finde oldu\u011funa karar veren heyet, san\u0131\u011fa ayr\u0131ca 10 y\u0131l hapis cezas\u0131 verdi. Mahkeme, san\u0131\u011f\u0131n olaydan sonra pi\u015fmanl\u0131k g\u00f6stermedi\u011fini ve su\u00e7 i\u015fleme e\u011filiminin bulundu\u011funu belirterek, hakk\u0131nda herhangi bir takdiri indirim uygulanmamas\u0131na h\u00fckmetti.<\/p>\n<p>&#8220;Benim o\u011flum asker olacakt\u0131&#8221;<br \/>\nDuru\u015fma sonras\u0131 a\u00e7\u0131klamalarda bulunan maktul Muhammed Ali Bilal&#8217;in annesi Hacer Bilal, &#8220;Benim o\u011flum asker olacakt\u0131. Asker har\u00e7l\u0131\u011f\u0131n\u0131 \u00e7\u0131karmak i\u00e7in fabrikada \u00e7al\u0131\u015f\u0131yordu. Orada kavga \u00e7\u0131k\u0131yor, \u00e7ocu\u011fumu d\u0131\u015far\u0131ya \u00e7\u0131kart\u0131yorlar. Arabayla \u00e7ocu\u011fumu vuruyor, \u00f6ld\u00fcr\u00fcyor. T\u00fcrkiye Cumhuriyeti&#8217;nin adaletine te\u015fekk\u00fcr ederim. \u00c7ocu\u011fumun hakk\u0131 yerde kalmad\u0131&#8221; dedi.<br \/>\nAilenin avukat\u0131 Bedirhan \u0130mrek ise, &#8220;Maktul Muhammed Ali Bilal askerlik har\u00e7l\u0131\u011f\u0131n\u0131 kazanmak i\u00e7in fabrikada \u00e7al\u0131\u015f\u0131yordu. Ancak i\u015f yerinde mesai arkada\u015f\u0131 i\u015f\u00e7iler taraf\u0131ndan d\u00f6v\u00fcld\u00fc, ard\u0131ndan fabrika \u00e7\u0131k\u0131\u015f\u0131nda minib\u00fcsle \u00e7arp\u0131larak \u00f6ld\u00fcr\u00fcld\u00fc. Bug\u00fcn g\u00f6r\u00fclen karar duru\u015fmas\u0131nda san\u0131\u011fa m\u00fcebbet hapis cezas\u0131 verildi ve takdiri indirim uygulanmad\u0131. Bu, adaletin tecelli etti\u011finin g\u00f6stergesidir&#8221; ifadelerini kulland\u0131.<\/p>\n<p>Kaynak: www.kanalv.com.tr Haber Sitesinden Al\u0131nm\u0131\u015ft\u0131r.<\/p>","protected":false},"excerpt":{"rendered":"<p>Mahkeme, san\u0131\u011fa m\u00fcebbet hapis cezas\u0131 verdi ve takdiri indirim uygulamad\u0131. Duru\u015fma sonras\u0131 a\u00e7\u0131klamada bulunan maktul\u00fcn annesi verilen karardan memnun oldu\u011funu belirterek, &#8220;Benim o\u011flum asker olacakt\u0131. Asker har\u00e7l\u0131\u011f\u0131n\u0131 \u00e7\u0131karmak i\u00e7in fabrikada \u00e7al\u0131\u015f\u0131yordu. Orada kavga \u00e7\u0131k\u0131yor, \u00e7ocu\u011fumu d\u0131\u015far\u0131ya \u00e7\u0131kart\u0131yorlar. Yabanc\u0131 uyruklu biri gelip arabayla \u00e7ocu\u011fuma vuruyor, \u00f6ld\u00fcr\u00fcyor. T\u00fcrkiye Cumhuriyeti&#8217;nin adaletine te\u015fekk\u00fcr ederim. \u00c7ocu\u011fumun hakk\u0131 yerde kalmad\u0131&#8221; dedi. Antalya&#8217;n\u0131n Kepez il\u00e7esinde, mesai arkada\u015f\u0131 Muhammed Ali Bilal&#8217;e minib\u00fcsle \u00e7arparak \u00f6l\u00fcm\u00fcne sebep olan Ahmad Alissa&#8217;n\u0131n yarg\u0131land\u0131\u011f\u0131 davada karar \u00e7\u0131kt\u0131. Antalya 5. A\u011f\u0131r Ceza Mahkemesi&#8217;nde g\u00f6r\u00fclen duru\u015fmada mahkeme heyeti, san\u0131\u011f\u0131n kasten \u00f6ld\u00fcrme ve kasten \u00f6ld\u00fcrmeye te\u015febb\u00fcs su\u00e7unu i\u015fledi\u011fine h\u00fckmetti. San\u0131k hakk\u0131nda takdiri indirim uygulanmayarak m\u00fcebbet hapis cezas\u0131na \u00e7arpt\u0131r\u0131lmas\u0131na karar verildi. Ayr\u0131ca san\u0131k, Abdurrahman Belelo&#8217;ya y\u00f6nelik eylemi nedeniyle 10 y\u0131l hapis cezas\u0131na \u00e7arpt\u0131r\u0131ld\u0131. Minib\u00fcsle \u00e7arp\u0131p ka\u00e7t\u0131 Olay, 15 Nisan 2024 tarihinde saat 16.30 s\u0131ralar\u0131nda Kepez il\u00e7esi Alt\u0131nova Menderes Mahallesi&#8217;nde, bir g\u0131da fabrikas\u0131n\u0131n \u00f6n\u00fcnde meydana geldi. \u0130ddiaya g\u00f6re, ayn\u0131 fabrikada \u00e7al\u0131\u015fan Muhammed Ali Bilal ve Abdurrahman Belelo, mesai arkada\u015flar\u0131 Yahya Alissa ile tart\u0131\u015ft\u0131. Kavga, i\u015f\u00e7ilerin araya girmesiyle sona ererken, Yahya Alissa durumu o\u011flu Ahmad Alissa&#8217;ya bildirdi. Bunun \u00fczerine minib\u00fcsle olay yerine gelen Ahmad Alissa, yolun kar\u015f\u0131s\u0131na ge\u00e7mekte olan Muhammed Ali Bilal ve Abdurrahman Belelo&#8217;ya \u00e7arparak ka\u00e7t\u0131. O anlar g\u00fcvenlik kameralar\u0131na anbean yans\u0131d\u0131. \u0130hbar \u00fczerine olay yerine polis ve &hellip;<\/p>","protected":false},"author":4,"featured_media":36275,"comment_status":"","ping_status":"open","sticky":false,"template":"","format":"standard","meta":{"_acf_changed":false,"footnotes":""},"categories":[26],"tags":[],"class_list":["post-36274","post","type-post","status-publish","format-standard","has-post-thumbnail","hentry","category-antalya"],"acf":[],"yoast_head":"<!-- This site is optimized with the Yoast SEO Premium plugin v26.6 (Yoast SEO v27.1.1) - https:\/\/yoast.com\/product\/yoast-seo-premium-wordpress\/ -->\n<title>Mesai arkada\u015f\u0131n\u0131 \u00f6ld\u00fcren san\u0131\u011fa m\u00fcebbet hapis cezas\u0131 - Av. Deniz Can K\u0131z\u0131l<\/title>\n<meta name=\"robots\" content=\"index, follow, max-snippet:-1, max-image-preview:large, max-video-preview:-1\" \/>\n<link rel=\"canonical\" href=\"https:\/\/denizcankizil.tr\/ru\/haberler\/antalya\/mesai-arkadasini-olduren-saniga-muebbet-hapis-cezasi\/\" \/>\n<meta property=\"og:locale\" content=\"ru_RU\" \/>\n<meta property=\"og:type\" content=\"article\" \/>\n<meta property=\"og:title\" content=\"Mesai arkada\u015f\u0131n\u0131 \u00f6ld\u00fcren san\u0131\u011fa m\u00fcebbet hapis cezas\u0131\" \/>\n<meta property=\"og:description\" content=\"Mahkeme, san\u0131\u011fa m\u00fcebbet hapis cezas\u0131 verdi ve takdiri indirim uygulamad\u0131. Duru\u015fma sonras\u0131 a\u00e7\u0131klamada bulunan maktul\u00fcn annesi verilen karardan memnun oldu\u011funu belirterek, &#8220;Benim o\u011flum asker olacakt\u0131. Asker har\u00e7l\u0131\u011f\u0131n\u0131 \u00e7\u0131karmak i\u00e7in fabrikada \u00e7al\u0131\u015f\u0131yordu. Orada kavga \u00e7\u0131k\u0131yor, \u00e7ocu\u011fumu d\u0131\u015far\u0131ya \u00e7\u0131kart\u0131yorlar. Yabanc\u0131 uyruklu biri gelip arabayla \u00e7ocu\u011fuma vuruyor, \u00f6ld\u00fcr\u00fcyor. T\u00fcrkiye Cumhuriyeti&#8217;nin adaletine te\u015fekk\u00fcr ederim. \u00c7ocu\u011fumun hakk\u0131 yerde kalmad\u0131&#8221; dedi. Antalya&#8217;n\u0131n Kepez il\u00e7esinde, mesai arkada\u015f\u0131 Muhammed Ali Bilal&#8217;e minib\u00fcsle \u00e7arparak \u00f6l\u00fcm\u00fcne sebep olan Ahmad Alissa&#8217;n\u0131n yarg\u0131land\u0131\u011f\u0131 davada karar \u00e7\u0131kt\u0131. Antalya 5. A\u011f\u0131r Ceza Mahkemesi&#8217;nde g\u00f6r\u00fclen duru\u015fmada mahkeme heyeti, san\u0131\u011f\u0131n kasten \u00f6ld\u00fcrme ve kasten \u00f6ld\u00fcrmeye te\u015febb\u00fcs su\u00e7unu i\u015fledi\u011fine h\u00fckmetti. San\u0131k hakk\u0131nda takdiri indirim uygulanmayarak m\u00fcebbet hapis cezas\u0131na \u00e7arpt\u0131r\u0131lmas\u0131na karar verildi. Ayr\u0131ca san\u0131k, Abdurrahman Belelo&#8217;ya y\u00f6nelik eylemi nedeniyle 10 y\u0131l hapis cezas\u0131na \u00e7arpt\u0131r\u0131ld\u0131. Minib\u00fcsle \u00e7arp\u0131p ka\u00e7t\u0131 Olay, 15 Nisan 2024 tarihinde saat 16.30 s\u0131ralar\u0131nda Kepez il\u00e7esi Alt\u0131nova Menderes Mahallesi&#8217;nde, bir g\u0131da fabrikas\u0131n\u0131n \u00f6n\u00fcnde meydana geldi. \u0130ddiaya g\u00f6re, ayn\u0131 fabrikada \u00e7al\u0131\u015fan Muhammed Ali Bilal ve Abdurrahman Belelo, mesai arkada\u015flar\u0131 Yahya Alissa ile tart\u0131\u015ft\u0131. Kavga, i\u015f\u00e7ilerin araya girmesiyle sona ererken, Yahya Alissa durumu o\u011flu Ahmad Alissa&#8217;ya bildirdi. Bunun \u00fczerine minib\u00fcsle olay yerine gelen Ahmad Alissa, yolun kar\u015f\u0131s\u0131na ge\u00e7mekte olan Muhammed Ali Bilal ve Abdurrahman Belelo&#8217;ya \u00e7arparak ka\u00e7t\u0131. O anlar g\u00fcvenlik kameralar\u0131na anbean yans\u0131d\u0131. \u0130hbar \u00fczerine olay yerine polis ve &hellip;\" \/>\n<meta property=\"og:url\" content=\"https:\/\/denizcankizil.tr\/ru\/haberler\/antalya\/mesai-arkadasini-olduren-saniga-muebbet-hapis-cezasi\/\" \/>\n<meta property=\"og:site_name\" content=\"Av. Deniz Can K\u0131z\u0131l\" \/>\n<meta property=\"article:published_time\" content=\"2025-03-19T08:41:49+00:00\" \/>\n<meta property=\"og:image\" content=\"https:\/\/denizcankizil.tr\/wp-content\/uploads\/2025\/03\/5583-01-oPjzbv.jpeg\" \/>\n\t<meta property=\"og:image:width\" content=\"1280\" \/>\n\t<meta property=\"og:image:height\" content=\"720\" \/>\n\t<meta property=\"og:image:type\" content=\"image\/jpeg\" \/>\n<meta name=\"author\" content=\"Av. Deniz Can K\u0131z\u0131l\" \/>\n<meta name=\"twitter:card\" content=\"summary_large_image\" \/>\n<meta name=\"twitter:label1\" content=\"\u041d\u0430\u043f\u0438\u0441\u0430\u043d\u043e \u0430\u0432\u0442\u043e\u0440\u043e\u043c\" \/>\n\t<meta name=\"twitter:data1\" content=\"Av. Deniz Can K\u0131z\u0131l\" \/>\n\t<meta name=\"twitter:label2\" content=\"\u041f\u0440\u0438\u043c\u0435\u0440\u043d\u043e\u0435 \u0432\u0440\u0435\u043c\u044f \u0434\u043b\u044f \u0447\u0442\u0435\u043d\u0438\u044f\" \/>\n\t<meta name=\"twitter:data2\" content=\"3 \u043c\u0438\u043d\u0443\u0442\u044b\" \/>\n<script type=\"application\/ld+json\" class=\"yoast-schema-graph\">{\"@context\":\"https:\/\/schema.org\",\"@graph\":[{\"@type\":\"Article\",\"@id\":\"https:\/\/denizcankizil.tr\/ru\/haberler\/antalya\/mesai-arkadasini-olduren-saniga-muebbet-hapis-cezasi\/#article\",\"isPartOf\":{\"@id\":\"https:\/\/denizcankizil.tr\/ru\/haberler\/antalya\/mesai-arkadasini-olduren-saniga-muebbet-hapis-cezasi\/\"},\"author\":{\"name\":\"Av. Deniz Can K\u0131z\u0131l\",\"@id\":\"https:\/\/denizcankizil.tr\/de\/#\/schema\/person\/5dc1b22991bd7ac833867c10afc9b0ff\"},\"headline\":\"Mesai arkada\u015f\u0131n\u0131 \u00f6ld\u00fcren san\u0131\u011fa m\u00fcebbet hapis cezas\u0131\",\"datePublished\":\"2025-03-19T08:41:49+00:00\",\"mainEntityOfPage\":{\"@id\":\"https:\/\/denizcankizil.tr\/ru\/haberler\/antalya\/mesai-arkadasini-olduren-saniga-muebbet-hapis-cezasi\/\"},\"wordCount\":631,\"publisher\":{\"@id\":\"https:\/\/denizcankizil.tr\/de\/#organization\"},\"image\":{\"@id\":\"https:\/\/denizcankizil.tr\/ru\/haberler\/antalya\/mesai-arkadasini-olduren-saniga-muebbet-hapis-cezasi\/#primaryimage\"},\"thumbnailUrl\":\"https:\/\/denizcankizil.tr\/wp-content\/uploads\/2025\/03\/5583-01-oPjzbv.jpeg\",\"articleSection\":[\"Antalya\"],\"inLanguage\":\"ru-RU\"},{\"@type\":\"WebPage\",\"@id\":\"https:\/\/denizcankizil.tr\/ru\/haberler\/antalya\/mesai-arkadasini-olduren-saniga-muebbet-hapis-cezasi\/\",\"url\":\"https:\/\/denizcankizil.tr\/ru\/haberler\/antalya\/mesai-arkadasini-olduren-saniga-muebbet-hapis-cezasi\/\",\"name\":\"Mesai arkada\u015f\u0131n\u0131 \u00f6ld\u00fcren san\u0131\u011fa m\u00fcebbet hapis cezas\u0131 - Av. Deniz Can K\u0131z\u0131l\",\"isPartOf\":{\"@id\":\"https:\/\/denizcankizil.tr\/de\/#website\"},\"primaryImageOfPage\":{\"@id\":\"https:\/\/denizcankizil.tr\/ru\/haberler\/antalya\/mesai-arkadasini-olduren-saniga-muebbet-hapis-cezasi\/#primaryimage\"},\"image\":{\"@id\":\"https:\/\/denizcankizil.tr\/ru\/haberler\/antalya\/mesai-arkadasini-olduren-saniga-muebbet-hapis-cezasi\/#primaryimage\"},\"thumbnailUrl\":\"https:\/\/denizcankizil.tr\/wp-content\/uploads\/2025\/03\/5583-01-oPjzbv.jpeg\",\"datePublished\":\"2025-03-19T08:41:49+00:00\",\"breadcrumb\":{\"@id\":\"https:\/\/denizcankizil.tr\/ru\/haberler\/antalya\/mesai-arkadasini-olduren-saniga-muebbet-hapis-cezasi\/#breadcrumb\"},\"inLanguage\":\"ru-RU\",\"potentialAction\":[{\"@type\":\"ReadAction\",\"target\":[\"https:\/\/denizcankizil.tr\/ru\/haberler\/antalya\/mesai-arkadasini-olduren-saniga-muebbet-hapis-cezasi\/\"]}]},{\"@type\":\"ImageObject\",\"inLanguage\":\"ru-RU\",\"@id\":\"https:\/\/denizcankizil.tr\/ru\/haberler\/antalya\/mesai-arkadasini-olduren-saniga-muebbet-hapis-cezasi\/#primaryimage\",\"url\":\"https:\/\/denizcankizil.tr\/wp-content\/uploads\/2025\/03\/5583-01-oPjzbv.jpeg\",\"contentUrl\":\"https:\/\/denizcankizil.tr\/wp-content\/uploads\/2025\/03\/5583-01-oPjzbv.jpeg\",\"width\":1280,\"height\":720},{\"@type\":\"BreadcrumbList\",\"@id\":\"https:\/\/denizcankizil.tr\/ru\/haberler\/antalya\/mesai-arkadasini-olduren-saniga-muebbet-hapis-cezasi\/#breadcrumb\",\"itemListElement\":[{\"@type\":\"ListItem\",\"position\":1,\"name\":\"Home\",\"item\":\"https:\/\/denizcankizil.tr\/de\/\"},{\"@type\":\"ListItem\",\"position\":2,\"name\":\"Mesai arkada\u015f\u0131n\u0131 \u00f6ld\u00fcren san\u0131\u011fa m\u00fcebbet hapis cezas\u0131\"}]},{\"@type\":\"WebSite\",\"@id\":\"https:\/\/denizcankizil.tr\/de\/#website\",\"url\":\"https:\/\/denizcankizil.tr\/de\/\",\"name\":\"Av. Deniz Can K\u0131z\u0131l\",\"description\":\"Avukat Deniz Can K\u0131z\u0131l Antalya Barosu\",\"publisher\":{\"@id\":\"https:\/\/denizcankizil.tr\/de\/#organization\"},\"potentialAction\":[{\"@type\":\"SearchAction\",\"target\":{\"@type\":\"EntryPoint\",\"urlTemplate\":\"https:\/\/denizcankizil.tr\/de\/?s={search_term_string}\"},\"query-input\":{\"@type\":\"PropertyValueSpecification\",\"valueRequired\":true,\"valueName\":\"search_term_string\"}}],\"inLanguage\":\"ru-RU\"},{\"@type\":\"Organization\",\"@id\":\"https:\/\/denizcankizil.tr\/de\/#organization\",\"name\":\"Av. Deniz Can K\u0131z\u0131l\",\"url\":\"https:\/\/denizcankizil.tr\/de\/\",\"logo\":{\"@type\":\"ImageObject\",\"inLanguage\":\"ru-RU\",\"@id\":\"https:\/\/denizcankizil.tr\/de\/#\/schema\/logo\/image\/\",\"url\":\"https:\/\/denizcankizil.tr\/wp-content\/uploads\/2024\/10\/siyah-logo-svg.svg\",\"contentUrl\":\"https:\/\/denizcankizil.tr\/wp-content\/uploads\/2024\/10\/siyah-logo-svg.svg\",\"width\":1080,\"height\":1080,\"caption\":\"Av. Deniz Can K\u0131z\u0131l\"},\"image\":{\"@id\":\"https:\/\/denizcankizil.tr\/de\/#\/schema\/logo\/image\/\"}},{\"@type\":\"Person\",\"@id\":\"https:\/\/denizcankizil.tr\/de\/#\/schema\/person\/5dc1b22991bd7ac833867c10afc9b0ff\",\"name\":\"Av. Deniz Can K\u0131z\u0131l\",\"image\":{\"@type\":\"ImageObject\",\"inLanguage\":\"ru-RU\",\"@id\":\"https:\/\/denizcankizil.tr\/de\/#\/schema\/person\/image\/\",\"url\":\"https:\/\/secure.gravatar.com\/avatar\/a0b128fb9855c79efc976d5640eedb31dc35ec297594d6016d2cf7c60e975bb6?s=96&d=mm&r=g\",\"contentUrl\":\"https:\/\/secure.gravatar.com\/avatar\/a0b128fb9855c79efc976d5640eedb31dc35ec297594d6016d2cf7c60e975bb6?s=96&d=mm&r=g\",\"caption\":\"Av. Deniz Can K\u0131z\u0131l\"},\"sameAs\":[\"http:\/\/www.denizcankizil.tr\"],\"url\":\"https:\/\/denizcankizil.tr\/ru\/author\/denizcankizil\/\"}]}<\/script>\n<!-- \/ Yoast SEO Premium plugin. -->","yoast_head_json":{"title":"Mesai arkada\u015f\u0131n\u0131 \u00f6ld\u00fcren san\u0131\u011fa m\u00fcebbet hapis cezas\u0131 - Av. Deniz Can K\u0131z\u0131l","robots":{"index":"index","follow":"follow","max-snippet":"max-snippet:-1","max-image-preview":"max-image-preview:large","max-video-preview":"max-video-preview:-1"},"canonical":"https:\/\/denizcankizil.tr\/ru\/haberler\/antalya\/mesai-arkadasini-olduren-saniga-muebbet-hapis-cezasi\/","og_locale":"ru_RU","og_type":"article","og_title":"Mesai arkada\u015f\u0131n\u0131 \u00f6ld\u00fcren san\u0131\u011fa m\u00fcebbet hapis cezas\u0131","og_description":"Mahkeme, san\u0131\u011fa m\u00fcebbet hapis cezas\u0131 verdi ve takdiri indirim uygulamad\u0131. Duru\u015fma sonras\u0131 a\u00e7\u0131klamada bulunan maktul\u00fcn annesi verilen karardan memnun oldu\u011funu belirterek, &#8220;Benim o\u011flum asker olacakt\u0131. Asker har\u00e7l\u0131\u011f\u0131n\u0131 \u00e7\u0131karmak i\u00e7in fabrikada \u00e7al\u0131\u015f\u0131yordu. Orada kavga \u00e7\u0131k\u0131yor, \u00e7ocu\u011fumu d\u0131\u015far\u0131ya \u00e7\u0131kart\u0131yorlar. Yabanc\u0131 uyruklu biri gelip arabayla \u00e7ocu\u011fuma vuruyor, \u00f6ld\u00fcr\u00fcyor. T\u00fcrkiye Cumhuriyeti&#8217;nin adaletine te\u015fekk\u00fcr ederim. \u00c7ocu\u011fumun hakk\u0131 yerde kalmad\u0131&#8221; dedi. Antalya&#8217;n\u0131n Kepez il\u00e7esinde, mesai arkada\u015f\u0131 Muhammed Ali Bilal&#8217;e minib\u00fcsle \u00e7arparak \u00f6l\u00fcm\u00fcne sebep olan Ahmad Alissa&#8217;n\u0131n yarg\u0131land\u0131\u011f\u0131 davada karar \u00e7\u0131kt\u0131. Antalya 5. A\u011f\u0131r Ceza Mahkemesi&#8217;nde g\u00f6r\u00fclen duru\u015fmada mahkeme heyeti, san\u0131\u011f\u0131n kasten \u00f6ld\u00fcrme ve kasten \u00f6ld\u00fcrmeye te\u015febb\u00fcs su\u00e7unu i\u015fledi\u011fine h\u00fckmetti. San\u0131k hakk\u0131nda takdiri indirim uygulanmayarak m\u00fcebbet hapis cezas\u0131na \u00e7arpt\u0131r\u0131lmas\u0131na karar verildi. Ayr\u0131ca san\u0131k, Abdurrahman Belelo&#8217;ya y\u00f6nelik eylemi nedeniyle 10 y\u0131l hapis cezas\u0131na \u00e7arpt\u0131r\u0131ld\u0131. Minib\u00fcsle \u00e7arp\u0131p ka\u00e7t\u0131 Olay, 15 Nisan 2024 tarihinde saat 16.30 s\u0131ralar\u0131nda Kepez il\u00e7esi Alt\u0131nova Menderes Mahallesi&#8217;nde, bir g\u0131da fabrikas\u0131n\u0131n \u00f6n\u00fcnde meydana geldi. \u0130ddiaya g\u00f6re, ayn\u0131 fabrikada \u00e7al\u0131\u015fan Muhammed Ali Bilal ve Abdurrahman Belelo, mesai arkada\u015flar\u0131 Yahya Alissa ile tart\u0131\u015ft\u0131. Kavga, i\u015f\u00e7ilerin araya girmesiyle sona ererken, Yahya Alissa durumu o\u011flu Ahmad Alissa&#8217;ya bildirdi. Bunun \u00fczerine minib\u00fcsle olay yerine gelen Ahmad Alissa, yolun kar\u015f\u0131s\u0131na ge\u00e7mekte olan Muhammed Ali Bilal ve Abdurrahman Belelo&#8217;ya \u00e7arparak ka\u00e7t\u0131. O anlar g\u00fcvenlik kameralar\u0131na anbean yans\u0131d\u0131. \u0130hbar \u00fczerine olay yerine polis ve &hellip;","og_url":"https:\/\/denizcankizil.tr\/ru\/haberler\/antalya\/mesai-arkadasini-olduren-saniga-muebbet-hapis-cezasi\/","og_site_name":"Av. Deniz Can K\u0131z\u0131l","article_published_time":"2025-03-19T08:41:49+00:00","og_image":[{"width":1280,"height":720,"url":"https:\/\/denizcankizil.tr\/wp-content\/uploads\/2025\/03\/5583-01-oPjzbv.jpeg","type":"image\/jpeg"}],"author":"Av. Deniz Can K\u0131z\u0131l","twitter_card":"summary_large_image","twitter_misc":{"\u041d\u0430\u043f\u0438\u0441\u0430\u043d\u043e \u0430\u0432\u0442\u043e\u0440\u043e\u043c":"Av. Deniz Can K\u0131z\u0131l","\u041f\u0440\u0438\u043c\u0435\u0440\u043d\u043e\u0435 \u0432\u0440\u0435\u043c\u044f \u0434\u043b\u044f \u0447\u0442\u0435\u043d\u0438\u044f":"3 \u043c\u0438\u043d\u0443\u0442\u044b"},"schema":{"@context":"https:\/\/schema.org","@graph":[{"@type":"Article","@id":"https:\/\/denizcankizil.tr\/ru\/haberler\/antalya\/mesai-arkadasini-olduren-saniga-muebbet-hapis-cezasi\/#article","isPartOf":{"@id":"https:\/\/denizcankizil.tr\/ru\/haberler\/antalya\/mesai-arkadasini-olduren-saniga-muebbet-hapis-cezasi\/"},"author":{"name":"Av. Deniz Can K\u0131z\u0131l","@id":"https:\/\/denizcankizil.tr\/de\/#\/schema\/person\/5dc1b22991bd7ac833867c10afc9b0ff"},"headline":"Mesai arkada\u015f\u0131n\u0131 \u00f6ld\u00fcren san\u0131\u011fa m\u00fcebbet hapis cezas\u0131","datePublished":"2025-03-19T08:41:49+00:00","mainEntityOfPage":{"@id":"https:\/\/denizcankizil.tr\/ru\/haberler\/antalya\/mesai-arkadasini-olduren-saniga-muebbet-hapis-cezasi\/"},"wordCount":631,"publisher":{"@id":"https:\/\/denizcankizil.tr\/de\/#organization"},"image":{"@id":"https:\/\/denizcankizil.tr\/ru\/haberler\/antalya\/mesai-arkadasini-olduren-saniga-muebbet-hapis-cezasi\/#primaryimage"},"thumbnailUrl":"https:\/\/denizcankizil.tr\/wp-content\/uploads\/2025\/03\/5583-01-oPjzbv.jpeg","articleSection":["Antalya"],"inLanguage":"ru-RU"},{"@type":"WebPage","@id":"https:\/\/denizcankizil.tr\/ru\/haberler\/antalya\/mesai-arkadasini-olduren-saniga-muebbet-hapis-cezasi\/","url":"https:\/\/denizcankizil.tr\/ru\/haberler\/antalya\/mesai-arkadasini-olduren-saniga-muebbet-hapis-cezasi\/","name":"Mesai arkada\u015f\u0131n\u0131 \u00f6ld\u00fcren san\u0131\u011fa m\u00fcebbet hapis cezas\u0131 - Av. Deniz Can K\u0131z\u0131l","isPartOf":{"@id":"https:\/\/denizcankizil.tr\/de\/#website"},"primaryImageOfPage":{"@id":"https:\/\/denizcankizil.tr\/ru\/haberler\/antalya\/mesai-arkadasini-olduren-saniga-muebbet-hapis-cezasi\/#primaryimage"},"image":{"@id":"https:\/\/denizcankizil.tr\/ru\/haberler\/antalya\/mesai-arkadasini-olduren-saniga-muebbet-hapis-cezasi\/#primaryimage"},"thumbnailUrl":"https:\/\/denizcankizil.tr\/wp-content\/uploads\/2025\/03\/5583-01-oPjzbv.jpeg","datePublished":"2025-03-19T08:41:49+00:00","breadcrumb":{"@id":"https:\/\/denizcankizil.tr\/ru\/haberler\/antalya\/mesai-arkadasini-olduren-saniga-muebbet-hapis-cezasi\/#breadcrumb"},"inLanguage":"ru-RU","potentialAction":[{"@type":"ReadAction","target":["https:\/\/denizcankizil.tr\/ru\/haberler\/antalya\/mesai-arkadasini-olduren-saniga-muebbet-hapis-cezasi\/"]}]},{"@type":"ImageObject","inLanguage":"ru-RU","@id":"https:\/\/denizcankizil.tr\/ru\/haberler\/antalya\/mesai-arkadasini-olduren-saniga-muebbet-hapis-cezasi\/#primaryimage","url":"https:\/\/denizcankizil.tr\/wp-content\/uploads\/2025\/03\/5583-01-oPjzbv.jpeg","contentUrl":"https:\/\/denizcankizil.tr\/wp-content\/uploads\/2025\/03\/5583-01-oPjzbv.jpeg","width":1280,"height":720},{"@type":"BreadcrumbList","@id":"https:\/\/denizcankizil.tr\/ru\/haberler\/antalya\/mesai-arkadasini-olduren-saniga-muebbet-hapis-cezasi\/#breadcrumb","itemListElement":[{"@type":"ListItem","position":1,"name":"Home","item":"https:\/\/denizcankizil.tr\/de\/"},{"@type":"ListItem","position":2,"name":"Mesai arkada\u015f\u0131n\u0131 \u00f6ld\u00fcren san\u0131\u011fa m\u00fcebbet hapis cezas\u0131"}]},{"@type":"WebSite","@id":"https:\/\/denizcankizil.tr\/de\/#website","url":"https:\/\/denizcankizil.tr\/de\/","name":"Av. Deniz Can K\u0131z\u0131l","description":"Avukat Deniz Can K\u0131z\u0131l Antalya Barosu","publisher":{"@id":"https:\/\/denizcankizil.tr\/de\/#organization"},"potentialAction":[{"@type":"SearchAction","target":{"@type":"EntryPoint","urlTemplate":"https:\/\/denizcankizil.tr\/de\/?s={search_term_string}"},"query-input":{"@type":"PropertyValueSpecification","valueRequired":true,"valueName":"search_term_string"}}],"inLanguage":"ru-RU"},{"@type":"Organization","@id":"https:\/\/denizcankizil.tr\/de\/#organization","name":"Av. Deniz Can K\u0131z\u0131l","url":"https:\/\/denizcankizil.tr\/de\/","logo":{"@type":"ImageObject","inLanguage":"ru-RU","@id":"https:\/\/denizcankizil.tr\/de\/#\/schema\/logo\/image\/","url":"https:\/\/denizcankizil.tr\/wp-content\/uploads\/2024\/10\/siyah-logo-svg.svg","contentUrl":"https:\/\/denizcankizil.tr\/wp-content\/uploads\/2024\/10\/siyah-logo-svg.svg","width":1080,"height":1080,"caption":"Av. Deniz Can K\u0131z\u0131l"},"image":{"@id":"https:\/\/denizcankizil.tr\/de\/#\/schema\/logo\/image\/"}},{"@type":"Person","@id":"https:\/\/denizcankizil.tr\/de\/#\/schema\/person\/5dc1b22991bd7ac833867c10afc9b0ff","name":"Av. Deniz Can K\u0131z\u0131l","image":{"@type":"ImageObject","inLanguage":"ru-RU","@id":"https:\/\/denizcankizil.tr\/de\/#\/schema\/person\/image\/","url":"https:\/\/secure.gravatar.com\/avatar\/a0b128fb9855c79efc976d5640eedb31dc35ec297594d6016d2cf7c60e975bb6?s=96&d=mm&r=g","contentUrl":"https:\/\/secure.gravatar.com\/avatar\/a0b128fb9855c79efc976d5640eedb31dc35ec297594d6016d2cf7c60e975bb6?s=96&d=mm&r=g","caption":"Av. Deniz Can K\u0131z\u0131l"},"sameAs":["http:\/\/www.denizcankizil.tr"],"url":"https:\/\/denizcankizil.tr\/ru\/author\/denizcankizil\/"}]}},"_links":{"self":[{"href":"https:\/\/denizcankizil.tr\/ru\/wp-json\/wp\/v2\/posts\/36274","targetHints":{"allow":["GET"]}}],"collection":[{"href":"https:\/\/denizcankizil.tr\/ru\/wp-json\/wp\/v2\/posts"}],"about":[{"href":"https:\/\/denizcankizil.tr\/ru\/wp-json\/wp\/v2\/types\/post"}],"author":[{"embeddable":true,"href":"https:\/\/denizcankizil.tr\/ru\/wp-json\/wp\/v2\/users\/4"}],"replies":[{"embeddable":true,"href":"https:\/\/denizcankizil.tr\/ru\/wp-json\/wp\/v2\/comments?post=36274"}],"version-history":[{"count":0,"href":"https:\/\/denizcankizil.tr\/ru\/wp-json\/wp\/v2\/posts\/36274\/revisions"}],"wp:featuredmedia":[{"embeddable":true,"href":"https:\/\/denizcankizil.tr\/ru\/wp-json\/wp\/v2\/media\/36275"}],"wp:attachment":[{"href":"https:\/\/denizcankizil.tr\/ru\/wp-json\/wp\/v2\/media?parent=36274"}],"wp:term":[{"taxonomy":"category","embeddable":true,"href":"https:\/\/denizcankizil.tr\/ru\/wp-json\/wp\/v2\/categories?post=36274"},{"taxonomy":"post_tag","embeddable":true,"href":"https:\/\/denizcankizil.tr\/ru\/wp-json\/wp\/v2\/tags?post=36274"}],"curies":[{"name":"wp","href":"https:\/\/api.w.org\/{rel}","templated":true}]}}