{"id":36119,"date":"2025-03-17T21:41:25","date_gmt":"2025-03-17T18:41:25","guid":{"rendered":"https:\/\/denizcankizil.tr\/uncategorized-tr\/vali-akin-ve-baskanlar-selcuklunun-sehre-deger-katan-yatirimlarini-yerinde-inceledi\/"},"modified":"2025-03-17T21:41:25","modified_gmt":"2025-03-17T18:41:25","slug":"vali-akin-ve-baskanlar-selcuklunun-sehre-deger-katan-yatirimlarini-yerinde-inceledi","status":"publish","type":"post","link":"https:\/\/denizcankizil.tr\/ru\/haberler\/gundem\/vali-akin-ve-baskanlar-selcuklunun-sehre-deger-katan-yatirimlarini-yerinde-inceledi\/","title":{"rendered":"\u00a0Vali Ak\u0131n ve Ba\u015fkanlar Sel\u00e7uklu&#8217;nun \u015fehre de\u011fer katan yat\u0131r\u0131mlar\u0131n\u0131 yerinde inceledi\u00a0\u00a0"},"content":{"rendered":"<p>Konya Valisi \u0130brahim Ak\u0131n, Konya B\u00fcy\u00fck\u015fehir Belediye Ba\u015fkan\u0131 U\u011fur \u0130brahim Altay ve Sel\u00e7uklu Belediye Ba\u015fkan\u0131 Ahmet Pekyat\u0131rmac\u0131, Sel\u00e7uklu Belediyesi taraf\u0131ndan Konya\u2019ya kazand\u0131r\u0131lan vizyon projeleri yerinde inceledi.<\/p>\n<p>\u200bKonya Valisi \u0130brahim Ak\u0131n, Konya B\u00fcy\u00fck\u015fehir Belediye Ba\u015fkan\u0131 U\u011fur \u0130brahim Altay ve Sel\u00e7uklu Belediye Ba\u015fkan\u0131 Ahmet Pekyat\u0131rmac\u0131, Sel\u00e7uklu Belediyesi taraf\u0131ndan Konya\u2019ya kazand\u0131r\u0131lan vizyon projeleri yerinde inceledi.\u00a0<\/p>\n<p>\u200bHaberin Al\u0131nt\u0131land\u0131\u011f\u0131 Kaynak: www.iskenderun.org<\/p>","protected":false},"excerpt":{"rendered":"<p>Konya Valisi \u0130brahim Ak\u0131n, Konya B\u00fcy\u00fck\u015fehir Belediye Ba\u015fkan\u0131 U\u011fur \u0130brahim Altay ve Sel\u00e7uklu Belediye Ba\u015fkan\u0131 Ahmet Pekyat\u0131rmac\u0131, Sel\u00e7uklu Belediyesi taraf\u0131ndan Konya\u2019ya kazand\u0131r\u0131lan vizyon projeleri yerinde inceledi. \u200bKonya Valisi \u0130brahim Ak\u0131n, Konya B\u00fcy\u00fck\u015fehir Belediye Ba\u015fkan\u0131 U\u011fur \u0130brahim Altay ve Sel\u00e7uklu Belediye Ba\u015fkan\u0131 Ahmet Pekyat\u0131rmac\u0131, Sel\u00e7uklu Belediyesi taraf\u0131ndan Konya\u2019ya kazand\u0131r\u0131lan vizyon projeleri yerinde inceledi.\u00a0 \u200bHaberin Al\u0131nt\u0131land\u0131\u011f\u0131 Kaynak: www.iskenderun.org<\/p>","protected":false},"author":1,"featured_media":0,"comment_status":"","ping_status":"open","sticky":false,"template":"","format":"standard","meta":{"_acf_changed":false,"footnotes":""},"categories":[24],"tags":[],"class_list":["post-36119","post","type-post","status-publish","format-standard","has-post-thumbnail","hentry","category-gundem"],"acf":[],"yoast_head":"<!-- This site is optimized with the Yoast SEO Premium plugin v26.6 (Yoast SEO v27.1.1) - https:\/\/yoast.com\/product\/yoast-seo-premium-wordpress\/ -->\n<title>\u00a0Vali Ak\u0131n ve Ba\u015fkanlar Sel\u00e7uklu&#039;nun \u015fehre de\u011fer katan yat\u0131r\u0131mlar\u0131n\u0131 yerinde inceledi\u00a0\u00a0 - Av. Deniz Can K\u0131z\u0131l<\/title>\n<meta name=\"robots\" content=\"index, follow, max-snippet:-1, max-image-preview:large, max-video-preview:-1\" \/>\n<link rel=\"canonical\" href=\"http:\/\/denizcankizil.tr\/ru\/haberler\/gundem\/vali-akin-ve-baskanlar-selcuklunun-sehre-deger-katan-yatirimlarini-yerinde-inceledi\/\" \/>\n<meta property=\"og:locale\" content=\"ru_RU\" \/>\n<meta property=\"og:type\" content=\"article\" \/>\n<meta property=\"og:title\" content=\"\u00a0Vali Ak\u0131n ve Ba\u015fkanlar Sel\u00e7uklu&#039;nun \u015fehre de\u011fer katan yat\u0131r\u0131mlar\u0131n\u0131 yerinde inceledi\u00a0\u00a0\" \/>\n<meta property=\"og:description\" content=\"Konya Valisi \u0130brahim Ak\u0131n, Konya B\u00fcy\u00fck\u015fehir Belediye Ba\u015fkan\u0131 U\u011fur \u0130brahim Altay ve Sel\u00e7uklu Belediye Ba\u015fkan\u0131 Ahmet Pekyat\u0131rmac\u0131, Sel\u00e7uklu Belediyesi taraf\u0131ndan Konya\u2019ya kazand\u0131r\u0131lan vizyon projeleri yerinde inceledi. \u200bKonya Valisi \u0130brahim Ak\u0131n, Konya B\u00fcy\u00fck\u015fehir Belediye Ba\u015fkan\u0131 U\u011fur \u0130brahim Altay ve Sel\u00e7uklu Belediye Ba\u015fkan\u0131 Ahmet Pekyat\u0131rmac\u0131, Sel\u00e7uklu Belediyesi taraf\u0131ndan Konya\u2019ya kazand\u0131r\u0131lan vizyon projeleri yerinde inceledi.\u00a0 \u200bHaberin Al\u0131nt\u0131land\u0131\u011f\u0131 Kaynak: www.iskenderun.org\" \/>\n<meta property=\"og:url\" content=\"http:\/\/denizcankizil.tr\/ru\/haberler\/gundem\/vali-akin-ve-baskanlar-selcuklunun-sehre-deger-katan-yatirimlarini-yerinde-inceledi\/\" \/>\n<meta property=\"og:site_name\" content=\"Av. Deniz Can K\u0131z\u0131l\" \/>\n<meta property=\"article:published_time\" content=\"2025-03-17T18:41:25+00:00\" \/>\n<meta name=\"author\" content=\"admin\" \/>\n<meta name=\"twitter:card\" content=\"summary_large_image\" \/>\n<meta name=\"twitter:label1\" content=\"\u041d\u0430\u043f\u0438\u0441\u0430\u043d\u043e \u0430\u0432\u0442\u043e\u0440\u043e\u043c\" \/>\n\t<meta name=\"twitter:data1\" content=\"admin\" \/>\n<script type=\"application\/ld+json\" class=\"yoast-schema-graph\">{\"@context\":\"https:\/\/schema.org\",\"@graph\":[{\"@type\":\"Article\",\"@id\":\"http:\/\/denizcankizil.tr\/de\/haberler\/gundem\/vali-akin-ve-baskanlar-selcuklunun-sehre-deger-katan-yatirimlarini-yerinde-inceledi\/#article\",\"isPartOf\":{\"@id\":\"http:\/\/denizcankizil.tr\/de\/haberler\/gundem\/vali-akin-ve-baskanlar-selcuklunun-sehre-deger-katan-yatirimlarini-yerinde-inceledi\/\"},\"author\":{\"name\":\"admin\",\"@id\":\"https:\/\/denizcankizil.tr\/de\/#\/schema\/person\/be3c05fe6a12686905512445d8185489\"},\"headline\":\"\u00a0Vali Ak\u0131n ve Ba\u015fkanlar Sel\u00e7uklu&#8217;nun \u015fehre de\u011fer katan yat\u0131r\u0131mlar\u0131n\u0131 yerinde inceledi\u00a0\u00a0\",\"datePublished\":\"2025-03-17T18:41:25+00:00\",\"mainEntityOfPage\":{\"@id\":\"http:\/\/denizcankizil.tr\/de\/haberler\/gundem\/vali-akin-ve-baskanlar-selcuklunun-sehre-deger-katan-yatirimlarini-yerinde-inceledi\/\"},\"wordCount\":107,\"publisher\":{\"@id\":\"https:\/\/denizcankizil.tr\/de\/#organization\"},\"articleSection\":[\"G\u00fcndem\"],\"inLanguage\":\"ru-RU\"},{\"@type\":\"WebPage\",\"@id\":\"http:\/\/denizcankizil.tr\/de\/haberler\/gundem\/vali-akin-ve-baskanlar-selcuklunun-sehre-deger-katan-yatirimlarini-yerinde-inceledi\/\",\"url\":\"http:\/\/denizcankizil.tr\/de\/haberler\/gundem\/vali-akin-ve-baskanlar-selcuklunun-sehre-deger-katan-yatirimlarini-yerinde-inceledi\/\",\"name\":\"\u00a0Vali Ak\u0131n ve Ba\u015fkanlar Sel\u00e7uklu'nun \u015fehre de\u011fer katan yat\u0131r\u0131mlar\u0131n\u0131 yerinde inceledi\u00a0\u00a0 - Av. Deniz Can K\u0131z\u0131l\",\"isPartOf\":{\"@id\":\"https:\/\/denizcankizil.tr\/de\/#website\"},\"datePublished\":\"2025-03-17T18:41:25+00:00\",\"breadcrumb\":{\"@id\":\"http:\/\/denizcankizil.tr\/de\/haberler\/gundem\/vali-akin-ve-baskanlar-selcuklunun-sehre-deger-katan-yatirimlarini-yerinde-inceledi\/#breadcrumb\"},\"inLanguage\":\"ru-RU\",\"potentialAction\":[{\"@type\":\"ReadAction\",\"target\":[\"http:\/\/denizcankizil.tr\/de\/haberler\/gundem\/vali-akin-ve-baskanlar-selcuklunun-sehre-deger-katan-yatirimlarini-yerinde-inceledi\/\"]}]},{\"@type\":\"BreadcrumbList\",\"@id\":\"http:\/\/denizcankizil.tr\/de\/haberler\/gundem\/vali-akin-ve-baskanlar-selcuklunun-sehre-deger-katan-yatirimlarini-yerinde-inceledi\/#breadcrumb\",\"itemListElement\":[{\"@type\":\"ListItem\",\"position\":1,\"name\":\"Home\",\"item\":\"https:\/\/denizcankizil.tr\/de\/\"},{\"@type\":\"ListItem\",\"position\":2,\"name\":\"\u00a0Vali Ak\u0131n ve Ba\u015fkanlar Sel\u00e7uklu&#8217;nun \u015fehre de\u011fer katan yat\u0131r\u0131mlar\u0131n\u0131 yerinde inceledi\u00a0\u00a0\"}]},{\"@type\":\"WebSite\",\"@id\":\"https:\/\/denizcankizil.tr\/de\/#website\",\"url\":\"https:\/\/denizcankizil.tr\/de\/\",\"name\":\"Av. Deniz Can K\u0131z\u0131l\",\"description\":\"Avukat Deniz Can K\u0131z\u0131l Antalya Barosu\",\"publisher\":{\"@id\":\"https:\/\/denizcankizil.tr\/de\/#organization\"},\"potentialAction\":[{\"@type\":\"SearchAction\",\"target\":{\"@type\":\"EntryPoint\",\"urlTemplate\":\"https:\/\/denizcankizil.tr\/de\/?s={search_term_string}\"},\"query-input\":{\"@type\":\"PropertyValueSpecification\",\"valueRequired\":true,\"valueName\":\"search_term_string\"}}],\"inLanguage\":\"ru-RU\"},{\"@type\":\"Organization\",\"@id\":\"https:\/\/denizcankizil.tr\/de\/#organization\",\"name\":\"Av. Deniz Can K\u0131z\u0131l\",\"url\":\"https:\/\/denizcankizil.tr\/de\/\",\"logo\":{\"@type\":\"ImageObject\",\"inLanguage\":\"ru-RU\",\"@id\":\"https:\/\/denizcankizil.tr\/de\/#\/schema\/logo\/image\/\",\"url\":\"https:\/\/denizcankizil.tr\/wp-content\/uploads\/2024\/10\/siyah-logo-svg.svg\",\"contentUrl\":\"https:\/\/denizcankizil.tr\/wp-content\/uploads\/2024\/10\/siyah-logo-svg.svg\",\"width\":1080,\"height\":1080,\"caption\":\"Av. Deniz Can K\u0131z\u0131l\"},\"image\":{\"@id\":\"https:\/\/denizcankizil.tr\/de\/#\/schema\/logo\/image\/\"}},{\"@type\":\"Person\",\"@id\":\"https:\/\/denizcankizil.tr\/de\/#\/schema\/person\/be3c05fe6a12686905512445d8185489\",\"name\":\"admin\",\"image\":{\"@type\":\"ImageObject\",\"inLanguage\":\"ru-RU\",\"@id\":\"https:\/\/denizcankizil.tr\/de\/#\/schema\/person\/image\/\",\"url\":\"https:\/\/secure.gravatar.com\/avatar\/c1fce94c830dc79107e174f890d7210541c4a63e8e5d816341794a2151c9d58c?s=96&d=mm&r=g\",\"contentUrl\":\"https:\/\/secure.gravatar.com\/avatar\/c1fce94c830dc79107e174f890d7210541c4a63e8e5d816341794a2151c9d58c?s=96&d=mm&r=g\",\"caption\":\"admin\"},\"sameAs\":[\"http:\/\/denizcankizil.tr\"],\"url\":\"https:\/\/www.iskenderun.org\/vali-akin-ve-baskanlar-selcuklunun-sehre-deger-katan-yatirimlarini-yerinde-inceledi\"}]}<\/script>\n<!-- \/ Yoast SEO Premium plugin. -->","yoast_head_json":{"title":"\u00a0Vali Ak\u0131n ve Ba\u015fkanlar Sel\u00e7uklu'nun \u015fehre de\u011fer katan yat\u0131r\u0131mlar\u0131n\u0131 yerinde inceledi\u00a0\u00a0 - Av. Deniz Can K\u0131z\u0131l","robots":{"index":"index","follow":"follow","max-snippet":"max-snippet:-1","max-image-preview":"max-image-preview:large","max-video-preview":"max-video-preview:-1"},"canonical":"http:\/\/denizcankizil.tr\/ru\/haberler\/gundem\/vali-akin-ve-baskanlar-selcuklunun-sehre-deger-katan-yatirimlarini-yerinde-inceledi\/","og_locale":"ru_RU","og_type":"article","og_title":"\u00a0Vali Ak\u0131n ve Ba\u015fkanlar Sel\u00e7uklu'nun \u015fehre de\u011fer katan yat\u0131r\u0131mlar\u0131n\u0131 yerinde inceledi\u00a0\u00a0","og_description":"Konya Valisi \u0130brahim Ak\u0131n, Konya B\u00fcy\u00fck\u015fehir Belediye Ba\u015fkan\u0131 U\u011fur \u0130brahim Altay ve Sel\u00e7uklu Belediye Ba\u015fkan\u0131 Ahmet Pekyat\u0131rmac\u0131, Sel\u00e7uklu Belediyesi taraf\u0131ndan Konya\u2019ya kazand\u0131r\u0131lan vizyon projeleri yerinde inceledi. \u200bKonya Valisi \u0130brahim Ak\u0131n, Konya B\u00fcy\u00fck\u015fehir Belediye Ba\u015fkan\u0131 U\u011fur \u0130brahim Altay ve Sel\u00e7uklu Belediye Ba\u015fkan\u0131 Ahmet Pekyat\u0131rmac\u0131, Sel\u00e7uklu Belediyesi taraf\u0131ndan Konya\u2019ya kazand\u0131r\u0131lan vizyon projeleri yerinde inceledi.\u00a0 \u200bHaberin Al\u0131nt\u0131land\u0131\u011f\u0131 Kaynak: www.iskenderun.org","og_url":"http:\/\/denizcankizil.tr\/ru\/haberler\/gundem\/vali-akin-ve-baskanlar-selcuklunun-sehre-deger-katan-yatirimlarini-yerinde-inceledi\/","og_site_name":"Av. Deniz Can K\u0131z\u0131l","article_published_time":"2025-03-17T18:41:25+00:00","author":"admin","twitter_card":"summary_large_image","twitter_misc":{"\u041d\u0430\u043f\u0438\u0441\u0430\u043d\u043e \u0430\u0432\u0442\u043e\u0440\u043e\u043c":"admin"},"schema":{"@context":"https:\/\/schema.org","@graph":[{"@type":"Article","@id":"http:\/\/denizcankizil.tr\/de\/haberler\/gundem\/vali-akin-ve-baskanlar-selcuklunun-sehre-deger-katan-yatirimlarini-yerinde-inceledi\/#article","isPartOf":{"@id":"http:\/\/denizcankizil.tr\/de\/haberler\/gundem\/vali-akin-ve-baskanlar-selcuklunun-sehre-deger-katan-yatirimlarini-yerinde-inceledi\/"},"author":{"name":"admin","@id":"https:\/\/denizcankizil.tr\/de\/#\/schema\/person\/be3c05fe6a12686905512445d8185489"},"headline":"\u00a0Vali Ak\u0131n ve Ba\u015fkanlar Sel\u00e7uklu&#8217;nun \u015fehre de\u011fer katan yat\u0131r\u0131mlar\u0131n\u0131 yerinde inceledi\u00a0\u00a0","datePublished":"2025-03-17T18:41:25+00:00","mainEntityOfPage":{"@id":"http:\/\/denizcankizil.tr\/de\/haberler\/gundem\/vali-akin-ve-baskanlar-selcuklunun-sehre-deger-katan-yatirimlarini-yerinde-inceledi\/"},"wordCount":107,"publisher":{"@id":"https:\/\/denizcankizil.tr\/de\/#organization"},"articleSection":["G\u00fcndem"],"inLanguage":"ru-RU"},{"@type":"WebPage","@id":"http:\/\/denizcankizil.tr\/de\/haberler\/gundem\/vali-akin-ve-baskanlar-selcuklunun-sehre-deger-katan-yatirimlarini-yerinde-inceledi\/","url":"http:\/\/denizcankizil.tr\/de\/haberler\/gundem\/vali-akin-ve-baskanlar-selcuklunun-sehre-deger-katan-yatirimlarini-yerinde-inceledi\/","name":"\u00a0Vali Ak\u0131n ve Ba\u015fkanlar Sel\u00e7uklu'nun \u015fehre de\u011fer katan yat\u0131r\u0131mlar\u0131n\u0131 yerinde inceledi\u00a0\u00a0 - Av. Deniz Can K\u0131z\u0131l","isPartOf":{"@id":"https:\/\/denizcankizil.tr\/de\/#website"},"datePublished":"2025-03-17T18:41:25+00:00","breadcrumb":{"@id":"http:\/\/denizcankizil.tr\/de\/haberler\/gundem\/vali-akin-ve-baskanlar-selcuklunun-sehre-deger-katan-yatirimlarini-yerinde-inceledi\/#breadcrumb"},"inLanguage":"ru-RU","potentialAction":[{"@type":"ReadAction","target":["http:\/\/denizcankizil.tr\/de\/haberler\/gundem\/vali-akin-ve-baskanlar-selcuklunun-sehre-deger-katan-yatirimlarini-yerinde-inceledi\/"]}]},{"@type":"BreadcrumbList","@id":"http:\/\/denizcankizil.tr\/de\/haberler\/gundem\/vali-akin-ve-baskanlar-selcuklunun-sehre-deger-katan-yatirimlarini-yerinde-inceledi\/#breadcrumb","itemListElement":[{"@type":"ListItem","position":1,"name":"Home","item":"https:\/\/denizcankizil.tr\/de\/"},{"@type":"ListItem","position":2,"name":"\u00a0Vali Ak\u0131n ve Ba\u015fkanlar Sel\u00e7uklu&#8217;nun \u015fehre de\u011fer katan yat\u0131r\u0131mlar\u0131n\u0131 yerinde inceledi\u00a0\u00a0"}]},{"@type":"WebSite","@id":"https:\/\/denizcankizil.tr\/de\/#website","url":"https:\/\/denizcankizil.tr\/de\/","name":"Av. Deniz Can K\u0131z\u0131l","description":"Avukat Deniz Can K\u0131z\u0131l Antalya Barosu","publisher":{"@id":"https:\/\/denizcankizil.tr\/de\/#organization"},"potentialAction":[{"@type":"SearchAction","target":{"@type":"EntryPoint","urlTemplate":"https:\/\/denizcankizil.tr\/de\/?s={search_term_string}"},"query-input":{"@type":"PropertyValueSpecification","valueRequired":true,"valueName":"search_term_string"}}],"inLanguage":"ru-RU"},{"@type":"Organization","@id":"https:\/\/denizcankizil.tr\/de\/#organization","name":"Av. Deniz Can K\u0131z\u0131l","url":"https:\/\/denizcankizil.tr\/de\/","logo":{"@type":"ImageObject","inLanguage":"ru-RU","@id":"https:\/\/denizcankizil.tr\/de\/#\/schema\/logo\/image\/","url":"https:\/\/denizcankizil.tr\/wp-content\/uploads\/2024\/10\/siyah-logo-svg.svg","contentUrl":"https:\/\/denizcankizil.tr\/wp-content\/uploads\/2024\/10\/siyah-logo-svg.svg","width":1080,"height":1080,"caption":"Av. Deniz Can K\u0131z\u0131l"},"image":{"@id":"https:\/\/denizcankizil.tr\/de\/#\/schema\/logo\/image\/"}},{"@type":"Person","@id":"https:\/\/denizcankizil.tr\/de\/#\/schema\/person\/be3c05fe6a12686905512445d8185489","name":"\u0430\u0434\u043c\u0438\u043d","image":{"@type":"ImageObject","inLanguage":"ru-RU","@id":"https:\/\/denizcankizil.tr\/de\/#\/schema\/person\/image\/","url":"https:\/\/secure.gravatar.com\/avatar\/c1fce94c830dc79107e174f890d7210541c4a63e8e5d816341794a2151c9d58c?s=96&d=mm&r=g","contentUrl":"https:\/\/secure.gravatar.com\/avatar\/c1fce94c830dc79107e174f890d7210541c4a63e8e5d816341794a2151c9d58c?s=96&d=mm&r=g","caption":"admin"},"sameAs":["http:\/\/denizcankizil.tr"],"url":"https:\/\/www.iskenderun.org\/vali-akin-ve-baskanlar-selcuklunun-sehre-deger-katan-yatirimlarini-yerinde-inceledi"}]}},"_links":{"self":[{"href":"https:\/\/denizcankizil.tr\/ru\/wp-json\/wp\/v2\/posts\/36119","targetHints":{"allow":["GET"]}}],"collection":[{"href":"https:\/\/denizcankizil.tr\/ru\/wp-json\/wp\/v2\/posts"}],"about":[{"href":"https:\/\/denizcankizil.tr\/ru\/wp-json\/wp\/v2\/types\/post"}],"author":[{"embeddable":true,"href":"https:\/\/denizcankizil.tr\/ru\/wp-json\/wp\/v2\/users\/1"}],"replies":[{"embeddable":true,"href":"https:\/\/denizcankizil.tr\/ru\/wp-json\/wp\/v2\/comments?post=36119"}],"version-history":[{"count":0,"href":"https:\/\/denizcankizil.tr\/ru\/wp-json\/wp\/v2\/posts\/36119\/revisions"}],"wp:attachment":[{"href":"https:\/\/denizcankizil.tr\/ru\/wp-json\/wp\/v2\/media?parent=36119"}],"wp:term":[{"taxonomy":"category","embeddable":true,"href":"https:\/\/denizcankizil.tr\/ru\/wp-json\/wp\/v2\/categories?post=36119"},{"taxonomy":"post_tag","embeddable":true,"href":"https:\/\/denizcankizil.tr\/ru\/wp-json\/wp\/v2\/tags?post=36119"}],"curies":[{"name":"wp","href":"https:\/\/api.w.org\/{rel}","templated":true}]}}