{"id":36107,"date":"2025-03-17T17:41:16","date_gmt":"2025-03-17T14:41:16","guid":{"rendered":"https:\/\/denizcankizil.tr\/uncategorized-tr\/muratpasa-usta-isimleri-olumsuzlestiriyor\/"},"modified":"2025-03-17T17:41:16","modified_gmt":"2025-03-17T14:41:16","slug":"muratpasa-usta-isimleri-olumsuzlestiriyor","status":"publish","type":"post","link":"https:\/\/denizcankizil.tr\/ru\/haberler\/antalya\/muratpasa-usta-isimleri-olumsuzlestiriyor\/","title":{"rendered":"Muratpa\u015fa usta isimleri \u00f6l\u00fcms\u00fczle\u015ftiriyor"},"content":{"rendered":"<p>Bu kapsamda, 2 Mart&#8217;ta hayata veda eden usta sanat\u00e7\u0131 Edip Akbayram&#8217;\u0131n ismi, Muratpa\u015fa&#8217;n\u0131n \u00c7a\u011flayan Mahallesi 2028-2029-2031 sokaklar\u0131n\u0131n kesi\u015fim noktas\u0131ndaki parka verilecek. M\u00fczik hayat\u0131 boyunca halk\u0131n sesi olmu\u015f, &#8216;Ald\u0131rma G\u00f6n\u00fcl&#8217;, &#8216;E\u015fk\u0131ya D\u00fcnyaya H\u00fck\u00fcmdar Olmaz&#8217; ve &#8216;Deniz \u00dcst\u00fc K\u00f6p\u00fcr\u00fcr&#8217; gibi unutulmaz eserlere imza atm\u0131\u015f olan Akbayram, b\u00f6ylece Muratpa\u015fa&#8217;da ya\u015famaya devam edecek.<\/p>\n<p>Bununla birlikte, Alt\u0131nda\u011f Mahallesi&#8217;nde 153 Sokak \u00fczerinde yer alan parka &#8216;Halk Ozan\u0131 Murat \u00c7obano\u011flu Park\u0131&#8217; ismi verildi. 1968-1987 y\u0131llar\u0131 aras\u0131nda \u00e7\u0131kard\u0131\u011f\u0131 yirmiye yak\u0131n plak ve kasetiyle tan\u0131nan, &#8216;Kiziro\u011flu&#8217; eseriyle haf\u0131zalara kaz\u0131nan Murat \u00c7obano\u011flu&#8217;nun ad\u0131yla an\u0131lacak.<\/p>\n<p>\u015eirinyal\u0131 Mahallesi&#8217;nde bulunan 1487-1488-1490 sokaklar\u0131n\u0131n kesi\u015fimindeki parka ise &#8216;Yazar Do\u011fan Avc\u0131o\u011flu Park\u0131&#8217; ismi verildi. 1960&#8217;l\u0131 y\u0131llarda &#8216;Y\u00f6n&#8217;dergisini kurarak d\u00fc\u015f\u00fcnce hayat\u0131na y\u00f6n veren, &#8216;T\u00fcrkiye&#8217;nin D\u00fczeni&#8217; kitab\u0131yla \u00fclkedeki sosyoekonomik sorunlara dikkat \u00e7eken Avc\u0131o\u011flu, Muratpa\u015fa&#8217;da ya\u015fat\u0131lacak isimlerden biri oldu.<\/p>\n<p>Ayr\u0131ca, G\u00fczeloba Mahallesi&#8217;nde 2143-2148-2130 sokaklar\u0131 ke\u015fi\u015fim noktas\u0131nda yer alan park ise \u015fair ve yazar Ahmet Telli&#8217;nin ad\u0131yla an\u0131lacak.<\/p>\n<p>Kaynak: www.kanalv.com.tr Haber Sitesinden Al\u0131nm\u0131\u015ft\u0131r.<\/p>","protected":false},"excerpt":{"rendered":"<p>Bu kapsamda, 2 Mart&#8217;ta hayata veda eden usta sanat\u00e7\u0131 Edip Akbayram&#8217;\u0131n ismi, Muratpa\u015fa&#8217;n\u0131n \u00c7a\u011flayan Mahallesi 2028-2029-2031 sokaklar\u0131n\u0131n kesi\u015fim noktas\u0131ndaki parka verilecek. M\u00fczik hayat\u0131 boyunca halk\u0131n sesi olmu\u015f, &#8216;Ald\u0131rma G\u00f6n\u00fcl&#8217;, &#8216;E\u015fk\u0131ya D\u00fcnyaya H\u00fck\u00fcmdar Olmaz&#8217; ve &#8216;Deniz \u00dcst\u00fc K\u00f6p\u00fcr\u00fcr&#8217; gibi unutulmaz eserlere imza atm\u0131\u015f olan Akbayram, b\u00f6ylece Muratpa\u015fa&#8217;da ya\u015famaya devam edecek. Bununla birlikte, Alt\u0131nda\u011f Mahallesi&#8217;nde 153 Sokak \u00fczerinde yer alan parka &#8216;Halk Ozan\u0131 Murat \u00c7obano\u011flu Park\u0131&#8217; ismi verildi. 1968-1987 y\u0131llar\u0131 aras\u0131nda \u00e7\u0131kard\u0131\u011f\u0131 yirmiye yak\u0131n plak ve kasetiyle tan\u0131nan, &#8216;Kiziro\u011flu&#8217; eseriyle haf\u0131zalara kaz\u0131nan Murat \u00c7obano\u011flu&#8217;nun ad\u0131yla an\u0131lacak. \u015eirinyal\u0131 Mahallesi&#8217;nde bulunan 1487-1488-1490 sokaklar\u0131n\u0131n kesi\u015fimindeki parka ise &#8216;Yazar Do\u011fan Avc\u0131o\u011flu Park\u0131&#8217; ismi verildi. 1960&#8217;l\u0131 y\u0131llarda &#8216;Y\u00f6n&#8217;dergisini kurarak d\u00fc\u015f\u00fcnce hayat\u0131na y\u00f6n veren, &#8216;T\u00fcrkiye&#8217;nin D\u00fczeni&#8217; kitab\u0131yla \u00fclkedeki sosyoekonomik sorunlara dikkat \u00e7eken Avc\u0131o\u011flu, Muratpa\u015fa&#8217;da ya\u015fat\u0131lacak isimlerden biri oldu. Ayr\u0131ca, G\u00fczeloba Mahallesi&#8217;nde 2143-2148-2130 sokaklar\u0131 ke\u015fi\u015fim noktas\u0131nda yer alan park ise \u015fair ve yazar Ahmet Telli&#8217;nin ad\u0131yla an\u0131lacak. Kaynak: www.kanalv.com.tr Haber Sitesinden Al\u0131nm\u0131\u015ft\u0131r.<\/p>","protected":false},"author":4,"featured_media":0,"comment_status":"","ping_status":"open","sticky":false,"template":"","format":"standard","meta":{"_acf_changed":false,"footnotes":""},"categories":[26],"tags":[],"class_list":["post-36107","post","type-post","status-publish","format-standard","hentry","category-antalya"],"acf":[],"yoast_head":"<!-- This site is optimized with the Yoast SEO Premium plugin v26.6 (Yoast SEO v27.1.1) - https:\/\/yoast.com\/product\/yoast-seo-premium-wordpress\/ -->\n<title>Muratpa\u015fa usta isimleri \u00f6l\u00fcms\u00fczle\u015ftiriyor - Av. Deniz Can K\u0131z\u0131l<\/title>\n<meta name=\"robots\" content=\"index, follow, max-snippet:-1, max-image-preview:large, max-video-preview:-1\" \/>\n<link rel=\"canonical\" href=\"https:\/\/denizcankizil.tr\/ru\/haberler\/antalya\/muratpasa-usta-isimleri-olumsuzlestiriyor\/\" \/>\n<meta property=\"og:locale\" content=\"ru_RU\" \/>\n<meta property=\"og:type\" content=\"article\" \/>\n<meta property=\"og:title\" content=\"Muratpa\u015fa usta isimleri \u00f6l\u00fcms\u00fczle\u015ftiriyor\" \/>\n<meta property=\"og:description\" content=\"Bu kapsamda, 2 Mart&#8217;ta hayata veda eden usta sanat\u00e7\u0131 Edip Akbayram&#8217;\u0131n ismi, Muratpa\u015fa&#8217;n\u0131n \u00c7a\u011flayan Mahallesi 2028-2029-2031 sokaklar\u0131n\u0131n kesi\u015fim noktas\u0131ndaki parka verilecek. M\u00fczik hayat\u0131 boyunca halk\u0131n sesi olmu\u015f, &#8216;Ald\u0131rma G\u00f6n\u00fcl&#8217;, &#8216;E\u015fk\u0131ya D\u00fcnyaya H\u00fck\u00fcmdar Olmaz&#8217; ve &#8216;Deniz \u00dcst\u00fc K\u00f6p\u00fcr\u00fcr&#8217; gibi unutulmaz eserlere imza atm\u0131\u015f olan Akbayram, b\u00f6ylece Muratpa\u015fa&#8217;da ya\u015famaya devam edecek. Bununla birlikte, Alt\u0131nda\u011f Mahallesi&#8217;nde 153 Sokak \u00fczerinde yer alan parka &#8216;Halk Ozan\u0131 Murat \u00c7obano\u011flu Park\u0131&#8217; ismi verildi. 1968-1987 y\u0131llar\u0131 aras\u0131nda \u00e7\u0131kard\u0131\u011f\u0131 yirmiye yak\u0131n plak ve kasetiyle tan\u0131nan, &#8216;Kiziro\u011flu&#8217; eseriyle haf\u0131zalara kaz\u0131nan Murat \u00c7obano\u011flu&#8217;nun ad\u0131yla an\u0131lacak. \u015eirinyal\u0131 Mahallesi&#8217;nde bulunan 1487-1488-1490 sokaklar\u0131n\u0131n kesi\u015fimindeki parka ise &#8216;Yazar Do\u011fan Avc\u0131o\u011flu Park\u0131&#8217; ismi verildi. 1960&#8217;l\u0131 y\u0131llarda &#8216;Y\u00f6n&#8217;dergisini kurarak d\u00fc\u015f\u00fcnce hayat\u0131na y\u00f6n veren, &#8216;T\u00fcrkiye&#8217;nin D\u00fczeni&#8217; kitab\u0131yla \u00fclkedeki sosyoekonomik sorunlara dikkat \u00e7eken Avc\u0131o\u011flu, Muratpa\u015fa&#8217;da ya\u015fat\u0131lacak isimlerden biri oldu. Ayr\u0131ca, G\u00fczeloba Mahallesi&#8217;nde 2143-2148-2130 sokaklar\u0131 ke\u015fi\u015fim noktas\u0131nda yer alan park ise \u015fair ve yazar Ahmet Telli&#8217;nin ad\u0131yla an\u0131lacak. Kaynak: www.kanalv.com.tr Haber Sitesinden Al\u0131nm\u0131\u015ft\u0131r.\" \/>\n<meta property=\"og:url\" content=\"https:\/\/denizcankizil.tr\/ru\/haberler\/antalya\/muratpasa-usta-isimleri-olumsuzlestiriyor\/\" \/>\n<meta property=\"og:site_name\" content=\"Av. Deniz Can K\u0131z\u0131l\" \/>\n<meta property=\"article:published_time\" content=\"2025-03-17T14:41:16+00:00\" \/>\n<meta name=\"author\" content=\"Av. Deniz Can K\u0131z\u0131l\" \/>\n<meta name=\"twitter:card\" content=\"summary_large_image\" \/>\n<meta name=\"twitter:label1\" content=\"\u041d\u0430\u043f\u0438\u0441\u0430\u043d\u043e \u0430\u0432\u0442\u043e\u0440\u043e\u043c\" \/>\n\t<meta name=\"twitter:data1\" content=\"Av. Deniz Can K\u0131z\u0131l\" \/>\n\t<meta name=\"twitter:label2\" content=\"\u041f\u0440\u0438\u043c\u0435\u0440\u043d\u043e\u0435 \u0432\u0440\u0435\u043c\u044f \u0434\u043b\u044f \u0447\u0442\u0435\u043d\u0438\u044f\" \/>\n\t<meta name=\"twitter:data2\" content=\"1 \u043c\u0438\u043d\u0443\u0442\u0430\" \/>\n<script type=\"application\/ld+json\" class=\"yoast-schema-graph\">{\"@context\":\"https:\/\/schema.org\",\"@graph\":[{\"@type\":\"Article\",\"@id\":\"https:\/\/denizcankizil.tr\/ru\/haberler\/antalya\/muratpasa-usta-isimleri-olumsuzlestiriyor\/#article\",\"isPartOf\":{\"@id\":\"https:\/\/denizcankizil.tr\/ru\/haberler\/antalya\/muratpasa-usta-isimleri-olumsuzlestiriyor\/\"},\"author\":{\"name\":\"Av. Deniz Can K\u0131z\u0131l\",\"@id\":\"https:\/\/denizcankizil.tr\/#\/schema\/person\/5dc1b22991bd7ac833867c10afc9b0ff\"},\"headline\":\"Muratpa\u015fa usta isimleri \u00f6l\u00fcms\u00fczle\u015ftiriyor\",\"datePublished\":\"2025-03-17T14:41:16+00:00\",\"mainEntityOfPage\":{\"@id\":\"https:\/\/denizcankizil.tr\/ru\/haberler\/antalya\/muratpasa-usta-isimleri-olumsuzlestiriyor\/\"},\"wordCount\":231,\"publisher\":{\"@id\":\"https:\/\/denizcankizil.tr\/#organization\"},\"articleSection\":[\"Antalya\"],\"inLanguage\":\"ru-RU\"},{\"@type\":\"WebPage\",\"@id\":\"https:\/\/denizcankizil.tr\/ru\/haberler\/antalya\/muratpasa-usta-isimleri-olumsuzlestiriyor\/\",\"url\":\"https:\/\/denizcankizil.tr\/ru\/haberler\/antalya\/muratpasa-usta-isimleri-olumsuzlestiriyor\/\",\"name\":\"Muratpa\u015fa usta isimleri \u00f6l\u00fcms\u00fczle\u015ftiriyor - Av. Deniz Can K\u0131z\u0131l\",\"isPartOf\":{\"@id\":\"https:\/\/denizcankizil.tr\/#website\"},\"datePublished\":\"2025-03-17T14:41:16+00:00\",\"breadcrumb\":{\"@id\":\"https:\/\/denizcankizil.tr\/ru\/haberler\/antalya\/muratpasa-usta-isimleri-olumsuzlestiriyor\/#breadcrumb\"},\"inLanguage\":\"ru-RU\",\"potentialAction\":[{\"@type\":\"ReadAction\",\"target\":[\"https:\/\/denizcankizil.tr\/ru\/haberler\/antalya\/muratpasa-usta-isimleri-olumsuzlestiriyor\/\"]}]},{\"@type\":\"BreadcrumbList\",\"@id\":\"https:\/\/denizcankizil.tr\/ru\/haberler\/antalya\/muratpasa-usta-isimleri-olumsuzlestiriyor\/#breadcrumb\",\"itemListElement\":[{\"@type\":\"ListItem\",\"position\":1,\"name\":\"Home\",\"item\":\"https:\/\/denizcankizil.tr\/de\/\"},{\"@type\":\"ListItem\",\"position\":2,\"name\":\"Muratpa\u015fa usta isimleri \u00f6l\u00fcms\u00fczle\u015ftiriyor\"}]},{\"@type\":\"WebSite\",\"@id\":\"https:\/\/denizcankizil.tr\/#website\",\"url\":\"https:\/\/denizcankizil.tr\/\",\"name\":\"Av. Deniz Can K\u0131z\u0131l\",\"description\":\"Avukat Deniz Can K\u0131z\u0131l Antalya Barosu\",\"publisher\":{\"@id\":\"https:\/\/denizcankizil.tr\/#organization\"},\"potentialAction\":[{\"@type\":\"SearchAction\",\"target\":{\"@type\":\"EntryPoint\",\"urlTemplate\":\"https:\/\/denizcankizil.tr\/?s={search_term_string}\"},\"query-input\":{\"@type\":\"PropertyValueSpecification\",\"valueRequired\":true,\"valueName\":\"search_term_string\"}}],\"inLanguage\":\"ru-RU\"},{\"@type\":\"Organization\",\"@id\":\"https:\/\/denizcankizil.tr\/#organization\",\"name\":\"Av. Deniz Can K\u0131z\u0131l\",\"url\":\"https:\/\/denizcankizil.tr\/\",\"logo\":{\"@type\":\"ImageObject\",\"inLanguage\":\"ru-RU\",\"@id\":\"https:\/\/denizcankizil.tr\/#\/schema\/logo\/image\/\",\"url\":\"https:\/\/denizcankizil.tr\/wp-content\/uploads\/2024\/10\/siyah-logo-svg.svg\",\"contentUrl\":\"https:\/\/denizcankizil.tr\/wp-content\/uploads\/2024\/10\/siyah-logo-svg.svg\",\"width\":1080,\"height\":1080,\"caption\":\"Av. Deniz Can K\u0131z\u0131l\"},\"image\":{\"@id\":\"https:\/\/denizcankizil.tr\/#\/schema\/logo\/image\/\"}},{\"@type\":\"Person\",\"@id\":\"https:\/\/denizcankizil.tr\/#\/schema\/person\/5dc1b22991bd7ac833867c10afc9b0ff\",\"name\":\"Av. Deniz Can K\u0131z\u0131l\",\"image\":{\"@type\":\"ImageObject\",\"inLanguage\":\"ru-RU\",\"@id\":\"https:\/\/denizcankizil.tr\/#\/schema\/person\/image\/\",\"url\":\"https:\/\/secure.gravatar.com\/avatar\/a0b128fb9855c79efc976d5640eedb31dc35ec297594d6016d2cf7c60e975bb6?s=96&d=mm&r=g\",\"contentUrl\":\"https:\/\/secure.gravatar.com\/avatar\/a0b128fb9855c79efc976d5640eedb31dc35ec297594d6016d2cf7c60e975bb6?s=96&d=mm&r=g\",\"caption\":\"Av. Deniz Can K\u0131z\u0131l\"},\"sameAs\":[\"http:\/\/www.denizcankizil.tr\"],\"url\":\"https:\/\/denizcankizil.tr\/ru\/author\/denizcankizil\/\"}]}<\/script>\n<!-- \/ Yoast SEO Premium plugin. -->","yoast_head_json":{"title":"Muratpa\u015fa usta isimleri \u00f6l\u00fcms\u00fczle\u015ftiriyor - Av. Deniz Can K\u0131z\u0131l","robots":{"index":"index","follow":"follow","max-snippet":"max-snippet:-1","max-image-preview":"max-image-preview:large","max-video-preview":"max-video-preview:-1"},"canonical":"https:\/\/denizcankizil.tr\/ru\/haberler\/antalya\/muratpasa-usta-isimleri-olumsuzlestiriyor\/","og_locale":"ru_RU","og_type":"article","og_title":"Muratpa\u015fa usta isimleri \u00f6l\u00fcms\u00fczle\u015ftiriyor","og_description":"Bu kapsamda, 2 Mart&#8217;ta hayata veda eden usta sanat\u00e7\u0131 Edip Akbayram&#8217;\u0131n ismi, Muratpa\u015fa&#8217;n\u0131n \u00c7a\u011flayan Mahallesi 2028-2029-2031 sokaklar\u0131n\u0131n kesi\u015fim noktas\u0131ndaki parka verilecek. M\u00fczik hayat\u0131 boyunca halk\u0131n sesi olmu\u015f, &#8216;Ald\u0131rma G\u00f6n\u00fcl&#8217;, &#8216;E\u015fk\u0131ya D\u00fcnyaya H\u00fck\u00fcmdar Olmaz&#8217; ve &#8216;Deniz \u00dcst\u00fc K\u00f6p\u00fcr\u00fcr&#8217; gibi unutulmaz eserlere imza atm\u0131\u015f olan Akbayram, b\u00f6ylece Muratpa\u015fa&#8217;da ya\u015famaya devam edecek. Bununla birlikte, Alt\u0131nda\u011f Mahallesi&#8217;nde 153 Sokak \u00fczerinde yer alan parka &#8216;Halk Ozan\u0131 Murat \u00c7obano\u011flu Park\u0131&#8217; ismi verildi. 1968-1987 y\u0131llar\u0131 aras\u0131nda \u00e7\u0131kard\u0131\u011f\u0131 yirmiye yak\u0131n plak ve kasetiyle tan\u0131nan, &#8216;Kiziro\u011flu&#8217; eseriyle haf\u0131zalara kaz\u0131nan Murat \u00c7obano\u011flu&#8217;nun ad\u0131yla an\u0131lacak. \u015eirinyal\u0131 Mahallesi&#8217;nde bulunan 1487-1488-1490 sokaklar\u0131n\u0131n kesi\u015fimindeki parka ise &#8216;Yazar Do\u011fan Avc\u0131o\u011flu Park\u0131&#8217; ismi verildi. 1960&#8217;l\u0131 y\u0131llarda &#8216;Y\u00f6n&#8217;dergisini kurarak d\u00fc\u015f\u00fcnce hayat\u0131na y\u00f6n veren, &#8216;T\u00fcrkiye&#8217;nin D\u00fczeni&#8217; kitab\u0131yla \u00fclkedeki sosyoekonomik sorunlara dikkat \u00e7eken Avc\u0131o\u011flu, Muratpa\u015fa&#8217;da ya\u015fat\u0131lacak isimlerden biri oldu. Ayr\u0131ca, G\u00fczeloba Mahallesi&#8217;nde 2143-2148-2130 sokaklar\u0131 ke\u015fi\u015fim noktas\u0131nda yer alan park ise \u015fair ve yazar Ahmet Telli&#8217;nin ad\u0131yla an\u0131lacak. Kaynak: www.kanalv.com.tr Haber Sitesinden Al\u0131nm\u0131\u015ft\u0131r.","og_url":"https:\/\/denizcankizil.tr\/ru\/haberler\/antalya\/muratpasa-usta-isimleri-olumsuzlestiriyor\/","og_site_name":"Av. Deniz Can K\u0131z\u0131l","article_published_time":"2025-03-17T14:41:16+00:00","author":"Av. Deniz Can K\u0131z\u0131l","twitter_card":"summary_large_image","twitter_misc":{"\u041d\u0430\u043f\u0438\u0441\u0430\u043d\u043e \u0430\u0432\u0442\u043e\u0440\u043e\u043c":"Av. Deniz Can K\u0131z\u0131l","\u041f\u0440\u0438\u043c\u0435\u0440\u043d\u043e\u0435 \u0432\u0440\u0435\u043c\u044f \u0434\u043b\u044f \u0447\u0442\u0435\u043d\u0438\u044f":"1 \u043c\u0438\u043d\u0443\u0442\u0430"},"schema":{"@context":"https:\/\/schema.org","@graph":[{"@type":"Article","@id":"https:\/\/denizcankizil.tr\/ru\/haberler\/antalya\/muratpasa-usta-isimleri-olumsuzlestiriyor\/#article","isPartOf":{"@id":"https:\/\/denizcankizil.tr\/ru\/haberler\/antalya\/muratpasa-usta-isimleri-olumsuzlestiriyor\/"},"author":{"name":"Av. Deniz Can K\u0131z\u0131l","@id":"https:\/\/denizcankizil.tr\/#\/schema\/person\/5dc1b22991bd7ac833867c10afc9b0ff"},"headline":"Muratpa\u015fa usta isimleri \u00f6l\u00fcms\u00fczle\u015ftiriyor","datePublished":"2025-03-17T14:41:16+00:00","mainEntityOfPage":{"@id":"https:\/\/denizcankizil.tr\/ru\/haberler\/antalya\/muratpasa-usta-isimleri-olumsuzlestiriyor\/"},"wordCount":231,"publisher":{"@id":"https:\/\/denizcankizil.tr\/#organization"},"articleSection":["Antalya"],"inLanguage":"ru-RU"},{"@type":"WebPage","@id":"https:\/\/denizcankizil.tr\/ru\/haberler\/antalya\/muratpasa-usta-isimleri-olumsuzlestiriyor\/","url":"https:\/\/denizcankizil.tr\/ru\/haberler\/antalya\/muratpasa-usta-isimleri-olumsuzlestiriyor\/","name":"Muratpa\u015fa usta isimleri \u00f6l\u00fcms\u00fczle\u015ftiriyor - Av. Deniz Can K\u0131z\u0131l","isPartOf":{"@id":"https:\/\/denizcankizil.tr\/#website"},"datePublished":"2025-03-17T14:41:16+00:00","breadcrumb":{"@id":"https:\/\/denizcankizil.tr\/ru\/haberler\/antalya\/muratpasa-usta-isimleri-olumsuzlestiriyor\/#breadcrumb"},"inLanguage":"ru-RU","potentialAction":[{"@type":"ReadAction","target":["https:\/\/denizcankizil.tr\/ru\/haberler\/antalya\/muratpasa-usta-isimleri-olumsuzlestiriyor\/"]}]},{"@type":"BreadcrumbList","@id":"https:\/\/denizcankizil.tr\/ru\/haberler\/antalya\/muratpasa-usta-isimleri-olumsuzlestiriyor\/#breadcrumb","itemListElement":[{"@type":"ListItem","position":1,"name":"Home","item":"https:\/\/denizcankizil.tr\/de\/"},{"@type":"ListItem","position":2,"name":"Muratpa\u015fa usta isimleri \u00f6l\u00fcms\u00fczle\u015ftiriyor"}]},{"@type":"WebSite","@id":"https:\/\/denizcankizil.tr\/#website","url":"https:\/\/denizcankizil.tr\/","name":"Av. Deniz Can K\u0131z\u0131l","description":"Avukat Deniz Can K\u0131z\u0131l Antalya Barosu","publisher":{"@id":"https:\/\/denizcankizil.tr\/#organization"},"potentialAction":[{"@type":"SearchAction","target":{"@type":"EntryPoint","urlTemplate":"https:\/\/denizcankizil.tr\/?s={search_term_string}"},"query-input":{"@type":"PropertyValueSpecification","valueRequired":true,"valueName":"search_term_string"}}],"inLanguage":"ru-RU"},{"@type":"Organization","@id":"https:\/\/denizcankizil.tr\/#organization","name":"Av. Deniz Can K\u0131z\u0131l","url":"https:\/\/denizcankizil.tr\/","logo":{"@type":"ImageObject","inLanguage":"ru-RU","@id":"https:\/\/denizcankizil.tr\/#\/schema\/logo\/image\/","url":"https:\/\/denizcankizil.tr\/wp-content\/uploads\/2024\/10\/siyah-logo-svg.svg","contentUrl":"https:\/\/denizcankizil.tr\/wp-content\/uploads\/2024\/10\/siyah-logo-svg.svg","width":1080,"height":1080,"caption":"Av. Deniz Can K\u0131z\u0131l"},"image":{"@id":"https:\/\/denizcankizil.tr\/#\/schema\/logo\/image\/"}},{"@type":"Person","@id":"https:\/\/denizcankizil.tr\/#\/schema\/person\/5dc1b22991bd7ac833867c10afc9b0ff","name":"Av. Deniz Can K\u0131z\u0131l","image":{"@type":"ImageObject","inLanguage":"ru-RU","@id":"https:\/\/denizcankizil.tr\/#\/schema\/person\/image\/","url":"https:\/\/secure.gravatar.com\/avatar\/a0b128fb9855c79efc976d5640eedb31dc35ec297594d6016d2cf7c60e975bb6?s=96&d=mm&r=g","contentUrl":"https:\/\/secure.gravatar.com\/avatar\/a0b128fb9855c79efc976d5640eedb31dc35ec297594d6016d2cf7c60e975bb6?s=96&d=mm&r=g","caption":"Av. Deniz Can K\u0131z\u0131l"},"sameAs":["http:\/\/www.denizcankizil.tr"],"url":"https:\/\/denizcankizil.tr\/ru\/author\/denizcankizil\/"}]}},"_links":{"self":[{"href":"https:\/\/denizcankizil.tr\/ru\/wp-json\/wp\/v2\/posts\/36107","targetHints":{"allow":["GET"]}}],"collection":[{"href":"https:\/\/denizcankizil.tr\/ru\/wp-json\/wp\/v2\/posts"}],"about":[{"href":"https:\/\/denizcankizil.tr\/ru\/wp-json\/wp\/v2\/types\/post"}],"author":[{"embeddable":true,"href":"https:\/\/denizcankizil.tr\/ru\/wp-json\/wp\/v2\/users\/4"}],"replies":[{"embeddable":true,"href":"https:\/\/denizcankizil.tr\/ru\/wp-json\/wp\/v2\/comments?post=36107"}],"version-history":[{"count":0,"href":"https:\/\/denizcankizil.tr\/ru\/wp-json\/wp\/v2\/posts\/36107\/revisions"}],"wp:attachment":[{"href":"https:\/\/denizcankizil.tr\/ru\/wp-json\/wp\/v2\/media?parent=36107"}],"wp:term":[{"taxonomy":"category","embeddable":true,"href":"https:\/\/denizcankizil.tr\/ru\/wp-json\/wp\/v2\/categories?post=36107"},{"taxonomy":"post_tag","embeddable":true,"href":"https:\/\/denizcankizil.tr\/ru\/wp-json\/wp\/v2\/tags?post=36107"}],"curies":[{"name":"wp","href":"https:\/\/api.w.org\/{rel}","templated":true}]}}