{"id":36094,"date":"2025-03-17T15:41:27","date_gmt":"2025-03-17T12:41:27","guid":{"rendered":"https:\/\/denizcankizil.tr\/uncategorized-tr\/spora-yeni-baslayacak-cocuklarin-yapmasi-gerekenler\/"},"modified":"2025-03-17T15:41:27","modified_gmt":"2025-03-17T12:41:27","slug":"spora-yeni-baslayacak-cocuklarin-yapmasi-gerekenler","status":"publish","type":"post","link":"https:\/\/denizcankizil.tr\/ru\/haberler\/gundem\/spora-yeni-baslayacak-cocuklarin-yapmasi-gerekenler\/","title":{"rendered":"Spora yeni ba\u015flayacak \u00e7ocuklar\u0131n yapmas\u0131 gerekenler!"},"content":{"rendered":"<p>\u00a0Son y\u0131llarda hal\u0131 sahalarda, spor tesislerinde kalp krizi ge\u00e7irerek hayat\u0131n\u0131 kaybedenlerin say\u0131s\u0131ndaki art\u0131\u015f dikkat \u00e7ekiyor. \u00d6zellikle \u00e7ocuklarda spora ba\u015flamadan \u00f6nce yap\u0131lmas\u0131 gerekenleri Liv Hospital \u00c7ocuk Kardiyoloji Uzman\u0131\u00a0Do\u00e7. Dr. Meki Bilici anlatt\u0131.<\/p>\n<p>\u200b\u00a0Son y\u0131llarda hal\u0131 sahalarda, spor tesislerinde kalp krizi ge\u00e7irerek hayat\u0131n\u0131 kaybedenlerin say\u0131s\u0131ndaki art\u0131\u015f dikkat \u00e7ekiyor. \u00d6zellikle \u00e7ocuklarda spora ba\u015flamadan \u00f6nce yap\u0131lmas\u0131 gerekenleri Liv Hospital \u00c7ocuk Kardiyoloji Uzman\u0131\u00a0Do\u00e7. Dr. Meki Bilici anlatt\u0131.\u00a0<\/p>\n<p>\u200bHaberin Al\u0131nt\u0131land\u0131\u011f\u0131 Kaynak: www.iskenderun.org<\/p>","protected":false},"excerpt":{"rendered":"<p>\u00a0Son y\u0131llarda hal\u0131 sahalarda, spor tesislerinde kalp krizi ge\u00e7irerek hayat\u0131n\u0131 kaybedenlerin say\u0131s\u0131ndaki art\u0131\u015f dikkat \u00e7ekiyor. \u00d6zellikle \u00e7ocuklarda spora ba\u015flamadan \u00f6nce yap\u0131lmas\u0131 gerekenleri Liv Hospital \u00c7ocuk Kardiyoloji Uzman\u0131\u00a0Do\u00e7. Dr. Meki Bilici anlatt\u0131. \u200b\u00a0Son y\u0131llarda hal\u0131 sahalarda, spor tesislerinde kalp krizi ge\u00e7irerek hayat\u0131n\u0131 kaybedenlerin say\u0131s\u0131ndaki art\u0131\u015f dikkat \u00e7ekiyor. \u00d6zellikle \u00e7ocuklarda spora ba\u015flamadan \u00f6nce yap\u0131lmas\u0131 gerekenleri Liv Hospital \u00c7ocuk Kardiyoloji Uzman\u0131\u00a0Do\u00e7. Dr. Meki Bilici anlatt\u0131.\u00a0 \u200bHaberin Al\u0131nt\u0131land\u0131\u011f\u0131 Kaynak: www.iskenderun.org<\/p>","protected":false},"author":1,"featured_media":0,"comment_status":"","ping_status":"open","sticky":false,"template":"","format":"standard","meta":{"_acf_changed":false,"footnotes":""},"categories":[24],"tags":[],"class_list":["post-36094","post","type-post","status-publish","format-standard","has-post-thumbnail","hentry","category-gundem"],"acf":[],"yoast_head":"<!-- This site is optimized with the Yoast SEO Premium plugin v26.6 (Yoast SEO v27.1.1) - https:\/\/yoast.com\/product\/yoast-seo-premium-wordpress\/ -->\n<title>Spora yeni ba\u015flayacak \u00e7ocuklar\u0131n yapmas\u0131 gerekenler! - Av. Deniz Can K\u0131z\u0131l<\/title>\n<meta name=\"robots\" content=\"index, follow, max-snippet:-1, max-image-preview:large, max-video-preview:-1\" \/>\n<link rel=\"canonical\" href=\"https:\/\/denizcankizil.tr\/ru\/haberler\/gundem\/spora-yeni-baslayacak-cocuklarin-yapmasi-gerekenler\/\" \/>\n<meta property=\"og:locale\" content=\"ru_RU\" \/>\n<meta property=\"og:type\" content=\"article\" \/>\n<meta property=\"og:title\" content=\"Spora yeni ba\u015flayacak \u00e7ocuklar\u0131n yapmas\u0131 gerekenler!\" \/>\n<meta property=\"og:description\" content=\"\u00a0Son y\u0131llarda hal\u0131 sahalarda, spor tesislerinde kalp krizi ge\u00e7irerek hayat\u0131n\u0131 kaybedenlerin say\u0131s\u0131ndaki art\u0131\u015f dikkat \u00e7ekiyor. \u00d6zellikle \u00e7ocuklarda spora ba\u015flamadan \u00f6nce yap\u0131lmas\u0131 gerekenleri Liv Hospital \u00c7ocuk Kardiyoloji Uzman\u0131\u00a0Do\u00e7. Dr. Meki Bilici anlatt\u0131. \u200b\u00a0Son y\u0131llarda hal\u0131 sahalarda, spor tesislerinde kalp krizi ge\u00e7irerek hayat\u0131n\u0131 kaybedenlerin say\u0131s\u0131ndaki art\u0131\u015f dikkat \u00e7ekiyor. \u00d6zellikle \u00e7ocuklarda spora ba\u015flamadan \u00f6nce yap\u0131lmas\u0131 gerekenleri Liv Hospital \u00c7ocuk Kardiyoloji Uzman\u0131\u00a0Do\u00e7. Dr. Meki Bilici anlatt\u0131.\u00a0 \u200bHaberin Al\u0131nt\u0131land\u0131\u011f\u0131 Kaynak: www.iskenderun.org\" \/>\n<meta property=\"og:url\" content=\"https:\/\/denizcankizil.tr\/ru\/haberler\/gundem\/spora-yeni-baslayacak-cocuklarin-yapmasi-gerekenler\/\" \/>\n<meta property=\"og:site_name\" content=\"Av. Deniz Can K\u0131z\u0131l\" \/>\n<meta property=\"article:published_time\" content=\"2025-03-17T12:41:27+00:00\" \/>\n<meta name=\"author\" content=\"admin\" \/>\n<meta name=\"twitter:card\" content=\"summary_large_image\" \/>\n<meta name=\"twitter:label1\" content=\"\u041d\u0430\u043f\u0438\u0441\u0430\u043d\u043e \u0430\u0432\u0442\u043e\u0440\u043e\u043c\" \/>\n\t<meta name=\"twitter:data1\" content=\"admin\" \/>\n<script type=\"application\/ld+json\" class=\"yoast-schema-graph\">{\"@context\":\"https:\/\/schema.org\",\"@graph\":[{\"@type\":\"Article\",\"@id\":\"https:\/\/denizcankizil.tr\/ru\/haberler\/gundem\/spora-yeni-baslayacak-cocuklarin-yapmasi-gerekenler\/#article\",\"isPartOf\":{\"@id\":\"https:\/\/denizcankizil.tr\/ru\/haberler\/gundem\/spora-yeni-baslayacak-cocuklarin-yapmasi-gerekenler\/\"},\"author\":{\"name\":\"admin\",\"@id\":\"https:\/\/denizcankizil.tr\/#\/schema\/person\/be3c05fe6a12686905512445d8185489\"},\"headline\":\"Spora yeni ba\u015flayacak \u00e7ocuklar\u0131n yapmas\u0131 gerekenler!\",\"datePublished\":\"2025-03-17T12:41:27+00:00\",\"mainEntityOfPage\":{\"@id\":\"https:\/\/denizcankizil.tr\/ru\/haberler\/gundem\/spora-yeni-baslayacak-cocuklarin-yapmasi-gerekenler\/\"},\"wordCount\":94,\"publisher\":{\"@id\":\"https:\/\/denizcankizil.tr\/#organization\"},\"articleSection\":[\"G\u00fcndem\"],\"inLanguage\":\"ru-RU\"},{\"@type\":\"WebPage\",\"@id\":\"https:\/\/denizcankizil.tr\/ru\/haberler\/gundem\/spora-yeni-baslayacak-cocuklarin-yapmasi-gerekenler\/\",\"url\":\"https:\/\/denizcankizil.tr\/ru\/haberler\/gundem\/spora-yeni-baslayacak-cocuklarin-yapmasi-gerekenler\/\",\"name\":\"Spora yeni ba\u015flayacak \u00e7ocuklar\u0131n yapmas\u0131 gerekenler! - Av. Deniz Can K\u0131z\u0131l\",\"isPartOf\":{\"@id\":\"https:\/\/denizcankizil.tr\/#website\"},\"datePublished\":\"2025-03-17T12:41:27+00:00\",\"breadcrumb\":{\"@id\":\"https:\/\/denizcankizil.tr\/ru\/haberler\/gundem\/spora-yeni-baslayacak-cocuklarin-yapmasi-gerekenler\/#breadcrumb\"},\"inLanguage\":\"ru-RU\",\"potentialAction\":[{\"@type\":\"ReadAction\",\"target\":[\"https:\/\/denizcankizil.tr\/ru\/haberler\/gundem\/spora-yeni-baslayacak-cocuklarin-yapmasi-gerekenler\/\"]}]},{\"@type\":\"BreadcrumbList\",\"@id\":\"https:\/\/denizcankizil.tr\/ru\/haberler\/gundem\/spora-yeni-baslayacak-cocuklarin-yapmasi-gerekenler\/#breadcrumb\",\"itemListElement\":[{\"@type\":\"ListItem\",\"position\":1,\"name\":\"Home\",\"item\":\"https:\/\/denizcankizil.tr\/de\/\"},{\"@type\":\"ListItem\",\"position\":2,\"name\":\"Spora yeni ba\u015flayacak \u00e7ocuklar\u0131n yapmas\u0131 gerekenler!\"}]},{\"@type\":\"WebSite\",\"@id\":\"https:\/\/denizcankizil.tr\/#website\",\"url\":\"https:\/\/denizcankizil.tr\/\",\"name\":\"Av. Deniz Can K\u0131z\u0131l\",\"description\":\"Avukat Deniz Can K\u0131z\u0131l Antalya Barosu\",\"publisher\":{\"@id\":\"https:\/\/denizcankizil.tr\/#organization\"},\"potentialAction\":[{\"@type\":\"SearchAction\",\"target\":{\"@type\":\"EntryPoint\",\"urlTemplate\":\"https:\/\/denizcankizil.tr\/?s={search_term_string}\"},\"query-input\":{\"@type\":\"PropertyValueSpecification\",\"valueRequired\":true,\"valueName\":\"search_term_string\"}}],\"inLanguage\":\"ru-RU\"},{\"@type\":\"Organization\",\"@id\":\"https:\/\/denizcankizil.tr\/#organization\",\"name\":\"Av. Deniz Can K\u0131z\u0131l\",\"url\":\"https:\/\/denizcankizil.tr\/\",\"logo\":{\"@type\":\"ImageObject\",\"inLanguage\":\"ru-RU\",\"@id\":\"https:\/\/denizcankizil.tr\/#\/schema\/logo\/image\/\",\"url\":\"https:\/\/denizcankizil.tr\/wp-content\/uploads\/2024\/10\/siyah-logo-svg.svg\",\"contentUrl\":\"https:\/\/denizcankizil.tr\/wp-content\/uploads\/2024\/10\/siyah-logo-svg.svg\",\"width\":1080,\"height\":1080,\"caption\":\"Av. Deniz Can K\u0131z\u0131l\"},\"image\":{\"@id\":\"https:\/\/denizcankizil.tr\/#\/schema\/logo\/image\/\"}},{\"@type\":\"Person\",\"@id\":\"https:\/\/denizcankizil.tr\/#\/schema\/person\/be3c05fe6a12686905512445d8185489\",\"name\":\"admin\",\"image\":{\"@type\":\"ImageObject\",\"inLanguage\":\"ru-RU\",\"@id\":\"https:\/\/denizcankizil.tr\/#\/schema\/person\/image\/\",\"url\":\"https:\/\/secure.gravatar.com\/avatar\/c1fce94c830dc79107e174f890d7210541c4a63e8e5d816341794a2151c9d58c?s=96&d=mm&r=g\",\"contentUrl\":\"https:\/\/secure.gravatar.com\/avatar\/c1fce94c830dc79107e174f890d7210541c4a63e8e5d816341794a2151c9d58c?s=96&d=mm&r=g\",\"caption\":\"admin\"},\"sameAs\":[\"http:\/\/denizcankizil.tr\"],\"url\":\"https:\/\/www.iskenderun.org\/spora-yeni-baslayacak-cocuklarin-yapmasi-gerekenler\"}]}<\/script>\n<!-- \/ Yoast SEO Premium plugin. -->","yoast_head_json":{"title":"Spora yeni ba\u015flayacak \u00e7ocuklar\u0131n yapmas\u0131 gerekenler! - Av. Deniz Can K\u0131z\u0131l","robots":{"index":"index","follow":"follow","max-snippet":"max-snippet:-1","max-image-preview":"max-image-preview:large","max-video-preview":"max-video-preview:-1"},"canonical":"https:\/\/denizcankizil.tr\/ru\/haberler\/gundem\/spora-yeni-baslayacak-cocuklarin-yapmasi-gerekenler\/","og_locale":"ru_RU","og_type":"article","og_title":"Spora yeni ba\u015flayacak \u00e7ocuklar\u0131n yapmas\u0131 gerekenler!","og_description":"\u00a0Son y\u0131llarda hal\u0131 sahalarda, spor tesislerinde kalp krizi ge\u00e7irerek hayat\u0131n\u0131 kaybedenlerin say\u0131s\u0131ndaki art\u0131\u015f dikkat \u00e7ekiyor. \u00d6zellikle \u00e7ocuklarda spora ba\u015flamadan \u00f6nce yap\u0131lmas\u0131 gerekenleri Liv Hospital \u00c7ocuk Kardiyoloji Uzman\u0131\u00a0Do\u00e7. Dr. Meki Bilici anlatt\u0131. \u200b\u00a0Son y\u0131llarda hal\u0131 sahalarda, spor tesislerinde kalp krizi ge\u00e7irerek hayat\u0131n\u0131 kaybedenlerin say\u0131s\u0131ndaki art\u0131\u015f dikkat \u00e7ekiyor. \u00d6zellikle \u00e7ocuklarda spora ba\u015flamadan \u00f6nce yap\u0131lmas\u0131 gerekenleri Liv Hospital \u00c7ocuk Kardiyoloji Uzman\u0131\u00a0Do\u00e7. Dr. Meki Bilici anlatt\u0131.\u00a0 \u200bHaberin Al\u0131nt\u0131land\u0131\u011f\u0131 Kaynak: www.iskenderun.org","og_url":"https:\/\/denizcankizil.tr\/ru\/haberler\/gundem\/spora-yeni-baslayacak-cocuklarin-yapmasi-gerekenler\/","og_site_name":"Av. Deniz Can K\u0131z\u0131l","article_published_time":"2025-03-17T12:41:27+00:00","author":"admin","twitter_card":"summary_large_image","twitter_misc":{"\u041d\u0430\u043f\u0438\u0441\u0430\u043d\u043e \u0430\u0432\u0442\u043e\u0440\u043e\u043c":"admin"},"schema":{"@context":"https:\/\/schema.org","@graph":[{"@type":"Article","@id":"https:\/\/denizcankizil.tr\/ru\/haberler\/gundem\/spora-yeni-baslayacak-cocuklarin-yapmasi-gerekenler\/#article","isPartOf":{"@id":"https:\/\/denizcankizil.tr\/ru\/haberler\/gundem\/spora-yeni-baslayacak-cocuklarin-yapmasi-gerekenler\/"},"author":{"name":"admin","@id":"https:\/\/denizcankizil.tr\/#\/schema\/person\/be3c05fe6a12686905512445d8185489"},"headline":"Spora yeni ba\u015flayacak \u00e7ocuklar\u0131n yapmas\u0131 gerekenler!","datePublished":"2025-03-17T12:41:27+00:00","mainEntityOfPage":{"@id":"https:\/\/denizcankizil.tr\/ru\/haberler\/gundem\/spora-yeni-baslayacak-cocuklarin-yapmasi-gerekenler\/"},"wordCount":94,"publisher":{"@id":"https:\/\/denizcankizil.tr\/#organization"},"articleSection":["G\u00fcndem"],"inLanguage":"ru-RU"},{"@type":"WebPage","@id":"https:\/\/denizcankizil.tr\/ru\/haberler\/gundem\/spora-yeni-baslayacak-cocuklarin-yapmasi-gerekenler\/","url":"https:\/\/denizcankizil.tr\/ru\/haberler\/gundem\/spora-yeni-baslayacak-cocuklarin-yapmasi-gerekenler\/","name":"Spora yeni ba\u015flayacak \u00e7ocuklar\u0131n yapmas\u0131 gerekenler! - Av. Deniz Can K\u0131z\u0131l","isPartOf":{"@id":"https:\/\/denizcankizil.tr\/#website"},"datePublished":"2025-03-17T12:41:27+00:00","breadcrumb":{"@id":"https:\/\/denizcankizil.tr\/ru\/haberler\/gundem\/spora-yeni-baslayacak-cocuklarin-yapmasi-gerekenler\/#breadcrumb"},"inLanguage":"ru-RU","potentialAction":[{"@type":"ReadAction","target":["https:\/\/denizcankizil.tr\/ru\/haberler\/gundem\/spora-yeni-baslayacak-cocuklarin-yapmasi-gerekenler\/"]}]},{"@type":"BreadcrumbList","@id":"https:\/\/denizcankizil.tr\/ru\/haberler\/gundem\/spora-yeni-baslayacak-cocuklarin-yapmasi-gerekenler\/#breadcrumb","itemListElement":[{"@type":"ListItem","position":1,"name":"Home","item":"https:\/\/denizcankizil.tr\/de\/"},{"@type":"ListItem","position":2,"name":"Spora yeni ba\u015flayacak \u00e7ocuklar\u0131n yapmas\u0131 gerekenler!"}]},{"@type":"WebSite","@id":"https:\/\/denizcankizil.tr\/#website","url":"https:\/\/denizcankizil.tr\/","name":"Av. Deniz Can K\u0131z\u0131l","description":"Avukat Deniz Can K\u0131z\u0131l Antalya Barosu","publisher":{"@id":"https:\/\/denizcankizil.tr\/#organization"},"potentialAction":[{"@type":"SearchAction","target":{"@type":"EntryPoint","urlTemplate":"https:\/\/denizcankizil.tr\/?s={search_term_string}"},"query-input":{"@type":"PropertyValueSpecification","valueRequired":true,"valueName":"search_term_string"}}],"inLanguage":"ru-RU"},{"@type":"Organization","@id":"https:\/\/denizcankizil.tr\/#organization","name":"Av. Deniz Can K\u0131z\u0131l","url":"https:\/\/denizcankizil.tr\/","logo":{"@type":"ImageObject","inLanguage":"ru-RU","@id":"https:\/\/denizcankizil.tr\/#\/schema\/logo\/image\/","url":"https:\/\/denizcankizil.tr\/wp-content\/uploads\/2024\/10\/siyah-logo-svg.svg","contentUrl":"https:\/\/denizcankizil.tr\/wp-content\/uploads\/2024\/10\/siyah-logo-svg.svg","width":1080,"height":1080,"caption":"Av. Deniz Can K\u0131z\u0131l"},"image":{"@id":"https:\/\/denizcankizil.tr\/#\/schema\/logo\/image\/"}},{"@type":"Person","@id":"https:\/\/denizcankizil.tr\/#\/schema\/person\/be3c05fe6a12686905512445d8185489","name":"\u0430\u0434\u043c\u0438\u043d","image":{"@type":"ImageObject","inLanguage":"ru-RU","@id":"https:\/\/denizcankizil.tr\/#\/schema\/person\/image\/","url":"https:\/\/secure.gravatar.com\/avatar\/c1fce94c830dc79107e174f890d7210541c4a63e8e5d816341794a2151c9d58c?s=96&d=mm&r=g","contentUrl":"https:\/\/secure.gravatar.com\/avatar\/c1fce94c830dc79107e174f890d7210541c4a63e8e5d816341794a2151c9d58c?s=96&d=mm&r=g","caption":"admin"},"sameAs":["http:\/\/denizcankizil.tr"],"url":"https:\/\/www.iskenderun.org\/spora-yeni-baslayacak-cocuklarin-yapmasi-gerekenler"}]}},"_links":{"self":[{"href":"https:\/\/denizcankizil.tr\/ru\/wp-json\/wp\/v2\/posts\/36094","targetHints":{"allow":["GET"]}}],"collection":[{"href":"https:\/\/denizcankizil.tr\/ru\/wp-json\/wp\/v2\/posts"}],"about":[{"href":"https:\/\/denizcankizil.tr\/ru\/wp-json\/wp\/v2\/types\/post"}],"author":[{"embeddable":true,"href":"https:\/\/denizcankizil.tr\/ru\/wp-json\/wp\/v2\/users\/1"}],"replies":[{"embeddable":true,"href":"https:\/\/denizcankizil.tr\/ru\/wp-json\/wp\/v2\/comments?post=36094"}],"version-history":[{"count":0,"href":"https:\/\/denizcankizil.tr\/ru\/wp-json\/wp\/v2\/posts\/36094\/revisions"}],"wp:attachment":[{"href":"https:\/\/denizcankizil.tr\/ru\/wp-json\/wp\/v2\/media?parent=36094"}],"wp:term":[{"taxonomy":"category","embeddable":true,"href":"https:\/\/denizcankizil.tr\/ru\/wp-json\/wp\/v2\/categories?post=36094"},{"taxonomy":"post_tag","embeddable":true,"href":"https:\/\/denizcankizil.tr\/ru\/wp-json\/wp\/v2\/tags?post=36094"}],"curies":[{"name":"wp","href":"https:\/\/api.w.org\/{rel}","templated":true}]}}