{"id":36083,"date":"2025-03-17T13:41:26","date_gmt":"2025-03-17T10:41:26","guid":{"rendered":"https:\/\/denizcankizil.tr\/uncategorized-tr\/hatay-dernekleri-istanbulda-iftarda-bulustu\/"},"modified":"2025-03-17T13:41:26","modified_gmt":"2025-03-17T10:41:26","slug":"hatay-dernekleri-istanbulda-iftarda-bulustu","status":"publish","type":"post","link":"https:\/\/denizcankizil.tr\/ru\/haberler\/gundem\/hatay-dernekleri-istanbulda-iftarda-bulustu\/","title":{"rendered":"Hatay Dernekleri \u0130stanbul\u2019da iftarda bulu\u015ftu"},"content":{"rendered":"<p>Hatay Dayan\u0131\u015fma Derne\u011fi Ba\u015fkan\u0131 Fahir Semir Abac\u0131, 1976 y\u0131l\u0131ndan beri faaliyette olan Derne\u011fi\u2019nin son iki d\u00f6nem ba\u015fkan\u0131 oldu\u011funu ifade etti\u011fi iftar program\u0131nda, \u00f6ncesi davetlileri selamlad\u0131, kat\u0131l\u0131m g\u00f6steren dernekleri alfabetik s\u0131raya g\u00f6re isimlerini takdim etti.<\/p>\n<p>\u2018D\u00dcNYADA 500 M\u0130LYON A\u00c7LIKLA \u0130MT\u0130HAN ED\u0130L\u0130YOR\u2019\u00a0\u00a0<\/p>\n<p>Bu g\u00fczel sofran\u0131n sava\u015flardan, depremlerden, kurakl\u0131ktan, yoksulluktan, hastal\u0131ktan dolay\u0131, a\u00e7l\u0131kla imtihan edilen d\u00fcnya \u00fczerindeki 500\u00a0milyondan fazla insan\u0131n halini anlamaya vesile olmas\u0131 dile\u011finde bulunan Abac\u0131 \u201cBiz bu sofrada yer alan Hatay dernekleri olarak bulu\u015ftuk. Hem\u015ferilerimiz ile bir araya gelmemizi sa\u011flayan Beyo\u011flu Belediye ba\u015fkan\u0131m\u0131z \u0130nan G\u00fcney\u2019e, meclis \u00fcyelerine, Kent Konseyi Ba\u015fkanl\u0131\u011f\u0131\u2019na, Halkla \u0130li\u015fkiler M\u00fcd\u00fcr\u00fc\u2019ne, Kad\u0131n ve Aile Hizmetleri M\u00fcd\u00fcr\u00fc\u2019ne, iftar \u00e7ad\u0131r\u0131nda hizmet veren belediye personeli ve g\u00fcvenlik ekibine de \u00e7ok te\u015fekk\u00fcr ederiz.\u00a0Hepinize hay\u0131rl\u0131 ramazanlar s\u0131hhatli iftarlar diliyor sayg\u0131lar\u0131m\u0131z\u0131 sunuyoruz\u201d diye konu\u015ftu. \u00a0<\/p>\n<p>\u0130stanbul Beyo\u011flu\u2019ndaki \u0130ftar bulu\u015fmas\u0131nda; Hatayl\u0131lar Derne\u011fi Ba\u015fkan\u0131 Av. Mehmet Denizo\u011flu ve i\u015f adam\u0131 Burak Aky\u00fcrek,\u00a0Asi-Der Ba\u015fkan\u0131 Tevfik Usluo\u011flu,\u00a0Antakya K\u00fclt\u00fcr\u00fcn\u00fc Tan\u0131tma Ya\u015fatma ve Yard\u0131mla\u015fma Derne\u011fi Ba\u015fkan\u0131 Ahmet Kara,\u00a0\u00a0Arsuzlular Sosyal Yard\u0131mla\u015fma ve Kalk\u0131nma Derne\u011fi Ba\u015fkan\u0131 Necmi Ya\u015far,\u00a0Has- Der \u0130stanbul Hatay Hassa Sosyal Yard\u0131mla\u015fma ve Dayan\u0131\u015fma Derne\u011fi Ba\u015fkan\u0131 Cemil Durgun,\u00a0\u0130stanbul Alt\u0131n\u00f6z\u00fc K\u00fclt\u00fcr ve Dayan\u0131\u015fma Derne\u011fi Ba\u015fkan\u0131 Alparslan \u00d6zdemir,\u00a0\u0130stanbul Hatay Gastronomi ve E\u011fitim Derne\u011fi Ba\u015fkan\u0131 Ahmet Solako\u011flu,\u00a0\u0130stanbul K\u0131r\u0131khanl\u0131lar Derne\u011fi Ba\u015fkan\u0131 Mustafa Uyar,\u00a0\u00a0\u0130KSAD \u2013 \u0130skenderun K\u00fclt\u00fcr ve Dayan\u0131\u015fma Derne\u011fi Ba\u015fkan\u0131 Asuman S\u00fcar,\u00a0Samanda\u011f Sosyal Yard\u0131mla\u015fma ve Dayan\u0131\u015fma Derne\u011fi Ba\u015fkan\u0131 Mustafa Ayd\u0131n\u2019a ve \u0130stanbul Gastronomi Turizmi Derne\u011fi\u2019ni temsilen Genel M\u00fcd\u00fcr Altu\u011f D\u00fczt\u00fcrk haz\u0131r bulundu.<\/p>\n<p>\u200bHatay Dayan\u0131\u015fma Derne\u011fi ile \u0130stanbul Beyo\u011flu Belediyesi\u2019nin birlikte organize etti\u011fi geleneksel iftar bulu\u015fmas\u0131 on iki Hatay Derne\u011finin kat\u0131l\u0131m\u0131yla Hask\u00f6y K\u00fclt\u00fcr Sanat ve G\u00f6steri Merkezi\u2019nde ger\u00e7ekle\u015fti.\u00a0<\/p>\n<p>\u200bHaberin Al\u0131nt\u0131land\u0131\u011f\u0131 Kaynak: www.iskenderun.org<\/p>","protected":false},"excerpt":{"rendered":"<p>Hatay Dayan\u0131\u015fma Derne\u011fi Ba\u015fkan\u0131 Fahir Semir Abac\u0131, 1976 y\u0131l\u0131ndan beri faaliyette olan Derne\u011fi\u2019nin son iki d\u00f6nem ba\u015fkan\u0131 oldu\u011funu ifade etti\u011fi iftar program\u0131nda, \u00f6ncesi davetlileri selamlad\u0131, kat\u0131l\u0131m g\u00f6steren dernekleri alfabetik s\u0131raya g\u00f6re isimlerini takdim etti. \u2018D\u00dcNYADA 500 M\u0130LYON A\u00c7LIKLA \u0130MT\u0130HAN ED\u0130L\u0130YOR\u2019\u00a0\u00a0 Bu g\u00fczel sofran\u0131n sava\u015flardan, depremlerden, kurakl\u0131ktan, yoksulluktan, hastal\u0131ktan dolay\u0131, a\u00e7l\u0131kla imtihan edilen d\u00fcnya \u00fczerindeki 500\u00a0milyondan fazla insan\u0131n halini anlamaya vesile olmas\u0131 dile\u011finde bulunan Abac\u0131 \u201cBiz bu sofrada yer alan Hatay dernekleri olarak bulu\u015ftuk. Hem\u015ferilerimiz ile bir araya gelmemizi sa\u011flayan Beyo\u011flu Belediye ba\u015fkan\u0131m\u0131z \u0130nan G\u00fcney\u2019e, meclis \u00fcyelerine, Kent Konseyi Ba\u015fkanl\u0131\u011f\u0131\u2019na, Halkla \u0130li\u015fkiler M\u00fcd\u00fcr\u00fc\u2019ne, Kad\u0131n ve Aile Hizmetleri M\u00fcd\u00fcr\u00fc\u2019ne, iftar \u00e7ad\u0131r\u0131nda hizmet veren belediye personeli ve g\u00fcvenlik ekibine de \u00e7ok te\u015fekk\u00fcr ederiz.\u00a0Hepinize hay\u0131rl\u0131 ramazanlar s\u0131hhatli iftarlar diliyor sayg\u0131lar\u0131m\u0131z\u0131 sunuyoruz\u201d diye konu\u015ftu. \u00a0 \u0130stanbul Beyo\u011flu\u2019ndaki \u0130ftar bulu\u015fmas\u0131nda; Hatayl\u0131lar Derne\u011fi Ba\u015fkan\u0131 Av. Mehmet Denizo\u011flu ve i\u015f adam\u0131 Burak Aky\u00fcrek,\u00a0Asi-Der Ba\u015fkan\u0131 Tevfik Usluo\u011flu,\u00a0Antakya K\u00fclt\u00fcr\u00fcn\u00fc Tan\u0131tma Ya\u015fatma ve Yard\u0131mla\u015fma Derne\u011fi Ba\u015fkan\u0131 Ahmet Kara,\u00a0\u00a0Arsuzlular Sosyal Yard\u0131mla\u015fma ve Kalk\u0131nma Derne\u011fi Ba\u015fkan\u0131 Necmi Ya\u015far,\u00a0Has- Der \u0130stanbul Hatay Hassa Sosyal Yard\u0131mla\u015fma ve Dayan\u0131\u015fma Derne\u011fi Ba\u015fkan\u0131 Cemil Durgun,\u00a0\u0130stanbul Alt\u0131n\u00f6z\u00fc K\u00fclt\u00fcr ve Dayan\u0131\u015fma Derne\u011fi Ba\u015fkan\u0131 Alparslan \u00d6zdemir,\u00a0\u0130stanbul Hatay Gastronomi ve E\u011fitim Derne\u011fi Ba\u015fkan\u0131 Ahmet Solako\u011flu,\u00a0\u0130stanbul K\u0131r\u0131khanl\u0131lar Derne\u011fi Ba\u015fkan\u0131 Mustafa Uyar,\u00a0\u00a0\u0130KSAD \u2013 \u0130skenderun K\u00fclt\u00fcr ve Dayan\u0131\u015fma Derne\u011fi Ba\u015fkan\u0131 Asuman S\u00fcar,\u00a0Samanda\u011f Sosyal Yard\u0131mla\u015fma ve &hellip;<\/p>","protected":false},"author":1,"featured_media":0,"comment_status":"","ping_status":"open","sticky":false,"template":"","format":"standard","meta":{"_acf_changed":false,"footnotes":""},"categories":[24],"tags":[],"class_list":["post-36083","post","type-post","status-publish","format-standard","has-post-thumbnail","hentry","category-gundem"],"acf":[],"yoast_head":"<!-- This site is optimized with the Yoast SEO Premium plugin v26.6 (Yoast SEO v27.1.1) - https:\/\/yoast.com\/product\/yoast-seo-premium-wordpress\/ -->\n<title>Hatay Dernekleri \u0130stanbul\u2019da iftarda bulu\u015ftu - Av. Deniz Can K\u0131z\u0131l<\/title>\n<meta name=\"robots\" content=\"index, follow, max-snippet:-1, max-image-preview:large, max-video-preview:-1\" \/>\n<link rel=\"canonical\" href=\"https:\/\/denizcankizil.tr\/ru\/haberler\/gundem\/hatay-dernekleri-istanbulda-iftarda-bulustu\/\" \/>\n<meta property=\"og:locale\" content=\"ru_RU\" \/>\n<meta property=\"og:type\" content=\"article\" \/>\n<meta property=\"og:title\" content=\"Hatay Dernekleri \u0130stanbul\u2019da iftarda bulu\u015ftu\" \/>\n<meta property=\"og:description\" content=\"Hatay Dayan\u0131\u015fma Derne\u011fi Ba\u015fkan\u0131 Fahir Semir Abac\u0131, 1976 y\u0131l\u0131ndan beri faaliyette olan Derne\u011fi\u2019nin son iki d\u00f6nem ba\u015fkan\u0131 oldu\u011funu ifade etti\u011fi iftar program\u0131nda, \u00f6ncesi davetlileri selamlad\u0131, kat\u0131l\u0131m g\u00f6steren dernekleri alfabetik s\u0131raya g\u00f6re isimlerini takdim etti. \u2018D\u00dcNYADA 500 M\u0130LYON A\u00c7LIKLA \u0130MT\u0130HAN ED\u0130L\u0130YOR\u2019\u00a0\u00a0 Bu g\u00fczel sofran\u0131n sava\u015flardan, depremlerden, kurakl\u0131ktan, yoksulluktan, hastal\u0131ktan dolay\u0131, a\u00e7l\u0131kla imtihan edilen d\u00fcnya \u00fczerindeki 500\u00a0milyondan fazla insan\u0131n halini anlamaya vesile olmas\u0131 dile\u011finde bulunan Abac\u0131 \u201cBiz bu sofrada yer alan Hatay dernekleri olarak bulu\u015ftuk. Hem\u015ferilerimiz ile bir araya gelmemizi sa\u011flayan Beyo\u011flu Belediye ba\u015fkan\u0131m\u0131z \u0130nan G\u00fcney\u2019e, meclis \u00fcyelerine, Kent Konseyi Ba\u015fkanl\u0131\u011f\u0131\u2019na, Halkla \u0130li\u015fkiler M\u00fcd\u00fcr\u00fc\u2019ne, Kad\u0131n ve Aile Hizmetleri M\u00fcd\u00fcr\u00fc\u2019ne, iftar \u00e7ad\u0131r\u0131nda hizmet veren belediye personeli ve g\u00fcvenlik ekibine de \u00e7ok te\u015fekk\u00fcr ederiz.\u00a0Hepinize hay\u0131rl\u0131 ramazanlar s\u0131hhatli iftarlar diliyor sayg\u0131lar\u0131m\u0131z\u0131 sunuyoruz\u201d diye konu\u015ftu. \u00a0 \u0130stanbul Beyo\u011flu\u2019ndaki \u0130ftar bulu\u015fmas\u0131nda; Hatayl\u0131lar Derne\u011fi Ba\u015fkan\u0131 Av. Mehmet Denizo\u011flu ve i\u015f adam\u0131 Burak Aky\u00fcrek,\u00a0Asi-Der Ba\u015fkan\u0131 Tevfik Usluo\u011flu,\u00a0Antakya K\u00fclt\u00fcr\u00fcn\u00fc Tan\u0131tma Ya\u015fatma ve Yard\u0131mla\u015fma Derne\u011fi Ba\u015fkan\u0131 Ahmet Kara,\u00a0\u00a0Arsuzlular Sosyal Yard\u0131mla\u015fma ve Kalk\u0131nma Derne\u011fi Ba\u015fkan\u0131 Necmi Ya\u015far,\u00a0Has- Der \u0130stanbul Hatay Hassa Sosyal Yard\u0131mla\u015fma ve Dayan\u0131\u015fma Derne\u011fi Ba\u015fkan\u0131 Cemil Durgun,\u00a0\u0130stanbul Alt\u0131n\u00f6z\u00fc K\u00fclt\u00fcr ve Dayan\u0131\u015fma Derne\u011fi Ba\u015fkan\u0131 Alparslan \u00d6zdemir,\u00a0\u0130stanbul Hatay Gastronomi ve E\u011fitim Derne\u011fi Ba\u015fkan\u0131 Ahmet Solako\u011flu,\u00a0\u0130stanbul K\u0131r\u0131khanl\u0131lar Derne\u011fi Ba\u015fkan\u0131 Mustafa Uyar,\u00a0\u00a0\u0130KSAD \u2013 \u0130skenderun K\u00fclt\u00fcr ve Dayan\u0131\u015fma Derne\u011fi Ba\u015fkan\u0131 Asuman S\u00fcar,\u00a0Samanda\u011f Sosyal Yard\u0131mla\u015fma ve &hellip;\" \/>\n<meta property=\"og:url\" content=\"https:\/\/denizcankizil.tr\/ru\/haberler\/gundem\/hatay-dernekleri-istanbulda-iftarda-bulustu\/\" \/>\n<meta property=\"og:site_name\" content=\"Av. Deniz Can K\u0131z\u0131l\" \/>\n<meta property=\"article:published_time\" content=\"2025-03-17T10:41:26+00:00\" \/>\n<meta name=\"author\" content=\"admin\" \/>\n<meta name=\"twitter:card\" content=\"summary_large_image\" \/>\n<meta name=\"twitter:label1\" content=\"\u041d\u0430\u043f\u0438\u0441\u0430\u043d\u043e \u0430\u0432\u0442\u043e\u0440\u043e\u043c\" \/>\n\t<meta name=\"twitter:data1\" content=\"admin\" \/>\n\t<meta name=\"twitter:label2\" content=\"\u041f\u0440\u0438\u043c\u0435\u0440\u043d\u043e\u0435 \u0432\u0440\u0435\u043c\u044f \u0434\u043b\u044f \u0447\u0442\u0435\u043d\u0438\u044f\" \/>\n\t<meta name=\"twitter:data2\" content=\"2 \u043c\u0438\u043d\u0443\u0442\u044b\" \/>\n<script type=\"application\/ld+json\" class=\"yoast-schema-graph\">{\"@context\":\"https:\/\/schema.org\",\"@graph\":[{\"@type\":\"Article\",\"@id\":\"https:\/\/denizcankizil.tr\/ru\/haberler\/gundem\/hatay-dernekleri-istanbulda-iftarda-bulustu\/#article\",\"isPartOf\":{\"@id\":\"https:\/\/denizcankizil.tr\/ru\/haberler\/gundem\/hatay-dernekleri-istanbulda-iftarda-bulustu\/\"},\"author\":{\"name\":\"admin\",\"@id\":\"https:\/\/denizcankizil.tr\/de\/#\/schema\/person\/be3c05fe6a12686905512445d8185489\"},\"headline\":\"Hatay Dernekleri \u0130stanbul\u2019da iftarda bulu\u015ftu\",\"datePublished\":\"2025-03-17T10:41:26+00:00\",\"mainEntityOfPage\":{\"@id\":\"https:\/\/denizcankizil.tr\/ru\/haberler\/gundem\/hatay-dernekleri-istanbulda-iftarda-bulustu\/\"},\"wordCount\":410,\"publisher\":{\"@id\":\"https:\/\/denizcankizil.tr\/de\/#organization\"},\"articleSection\":[\"G\u00fcndem\"],\"inLanguage\":\"ru-RU\"},{\"@type\":\"WebPage\",\"@id\":\"https:\/\/denizcankizil.tr\/ru\/haberler\/gundem\/hatay-dernekleri-istanbulda-iftarda-bulustu\/\",\"url\":\"https:\/\/denizcankizil.tr\/ru\/haberler\/gundem\/hatay-dernekleri-istanbulda-iftarda-bulustu\/\",\"name\":\"Hatay Dernekleri \u0130stanbul\u2019da iftarda bulu\u015ftu - Av. Deniz Can K\u0131z\u0131l\",\"isPartOf\":{\"@id\":\"https:\/\/denizcankizil.tr\/de\/#website\"},\"datePublished\":\"2025-03-17T10:41:26+00:00\",\"breadcrumb\":{\"@id\":\"https:\/\/denizcankizil.tr\/ru\/haberler\/gundem\/hatay-dernekleri-istanbulda-iftarda-bulustu\/#breadcrumb\"},\"inLanguage\":\"ru-RU\",\"potentialAction\":[{\"@type\":\"ReadAction\",\"target\":[\"https:\/\/denizcankizil.tr\/ru\/haberler\/gundem\/hatay-dernekleri-istanbulda-iftarda-bulustu\/\"]}]},{\"@type\":\"BreadcrumbList\",\"@id\":\"https:\/\/denizcankizil.tr\/ru\/haberler\/gundem\/hatay-dernekleri-istanbulda-iftarda-bulustu\/#breadcrumb\",\"itemListElement\":[{\"@type\":\"ListItem\",\"position\":1,\"name\":\"Home\",\"item\":\"https:\/\/denizcankizil.tr\/de\/\"},{\"@type\":\"ListItem\",\"position\":2,\"name\":\"Hatay Dernekleri \u0130stanbul\u2019da iftarda bulu\u015ftu\"}]},{\"@type\":\"WebSite\",\"@id\":\"https:\/\/denizcankizil.tr\/de\/#website\",\"url\":\"https:\/\/denizcankizil.tr\/de\/\",\"name\":\"Av. Deniz Can K\u0131z\u0131l\",\"description\":\"Avukat Deniz Can K\u0131z\u0131l Antalya Barosu\",\"publisher\":{\"@id\":\"https:\/\/denizcankizil.tr\/de\/#organization\"},\"potentialAction\":[{\"@type\":\"SearchAction\",\"target\":{\"@type\":\"EntryPoint\",\"urlTemplate\":\"https:\/\/denizcankizil.tr\/de\/?s={search_term_string}\"},\"query-input\":{\"@type\":\"PropertyValueSpecification\",\"valueRequired\":true,\"valueName\":\"search_term_string\"}}],\"inLanguage\":\"ru-RU\"},{\"@type\":\"Organization\",\"@id\":\"https:\/\/denizcankizil.tr\/de\/#organization\",\"name\":\"Av. Deniz Can K\u0131z\u0131l\",\"url\":\"https:\/\/denizcankizil.tr\/de\/\",\"logo\":{\"@type\":\"ImageObject\",\"inLanguage\":\"ru-RU\",\"@id\":\"https:\/\/denizcankizil.tr\/de\/#\/schema\/logo\/image\/\",\"url\":\"https:\/\/denizcankizil.tr\/wp-content\/uploads\/2024\/10\/siyah-logo-svg.svg\",\"contentUrl\":\"https:\/\/denizcankizil.tr\/wp-content\/uploads\/2024\/10\/siyah-logo-svg.svg\",\"width\":1080,\"height\":1080,\"caption\":\"Av. Deniz Can K\u0131z\u0131l\"},\"image\":{\"@id\":\"https:\/\/denizcankizil.tr\/de\/#\/schema\/logo\/image\/\"}},{\"@type\":\"Person\",\"@id\":\"https:\/\/denizcankizil.tr\/de\/#\/schema\/person\/be3c05fe6a12686905512445d8185489\",\"name\":\"admin\",\"image\":{\"@type\":\"ImageObject\",\"inLanguage\":\"ru-RU\",\"@id\":\"https:\/\/denizcankizil.tr\/de\/#\/schema\/person\/image\/\",\"url\":\"https:\/\/secure.gravatar.com\/avatar\/c1fce94c830dc79107e174f890d7210541c4a63e8e5d816341794a2151c9d58c?s=96&d=mm&r=g\",\"contentUrl\":\"https:\/\/secure.gravatar.com\/avatar\/c1fce94c830dc79107e174f890d7210541c4a63e8e5d816341794a2151c9d58c?s=96&d=mm&r=g\",\"caption\":\"admin\"},\"sameAs\":[\"http:\/\/denizcankizil.tr\"],\"url\":\"https:\/\/www.iskenderun.org\/hatay-dernekleri-istanbulda-iftarda-bulustu\"}]}<\/script>\n<!-- \/ Yoast SEO Premium plugin. -->","yoast_head_json":{"title":"Hatay Dernekleri \u0130stanbul\u2019da iftarda bulu\u015ftu - Av. Deniz Can K\u0131z\u0131l","robots":{"index":"index","follow":"follow","max-snippet":"max-snippet:-1","max-image-preview":"max-image-preview:large","max-video-preview":"max-video-preview:-1"},"canonical":"https:\/\/denizcankizil.tr\/ru\/haberler\/gundem\/hatay-dernekleri-istanbulda-iftarda-bulustu\/","og_locale":"ru_RU","og_type":"article","og_title":"Hatay Dernekleri \u0130stanbul\u2019da iftarda bulu\u015ftu","og_description":"Hatay Dayan\u0131\u015fma Derne\u011fi Ba\u015fkan\u0131 Fahir Semir Abac\u0131, 1976 y\u0131l\u0131ndan beri faaliyette olan Derne\u011fi\u2019nin son iki d\u00f6nem ba\u015fkan\u0131 oldu\u011funu ifade etti\u011fi iftar program\u0131nda, \u00f6ncesi davetlileri selamlad\u0131, kat\u0131l\u0131m g\u00f6steren dernekleri alfabetik s\u0131raya g\u00f6re isimlerini takdim etti. \u2018D\u00dcNYADA 500 M\u0130LYON A\u00c7LIKLA \u0130MT\u0130HAN ED\u0130L\u0130YOR\u2019\u00a0\u00a0 Bu g\u00fczel sofran\u0131n sava\u015flardan, depremlerden, kurakl\u0131ktan, yoksulluktan, hastal\u0131ktan dolay\u0131, a\u00e7l\u0131kla imtihan edilen d\u00fcnya \u00fczerindeki 500\u00a0milyondan fazla insan\u0131n halini anlamaya vesile olmas\u0131 dile\u011finde bulunan Abac\u0131 \u201cBiz bu sofrada yer alan Hatay dernekleri olarak bulu\u015ftuk. Hem\u015ferilerimiz ile bir araya gelmemizi sa\u011flayan Beyo\u011flu Belediye ba\u015fkan\u0131m\u0131z \u0130nan G\u00fcney\u2019e, meclis \u00fcyelerine, Kent Konseyi Ba\u015fkanl\u0131\u011f\u0131\u2019na, Halkla \u0130li\u015fkiler M\u00fcd\u00fcr\u00fc\u2019ne, Kad\u0131n ve Aile Hizmetleri M\u00fcd\u00fcr\u00fc\u2019ne, iftar \u00e7ad\u0131r\u0131nda hizmet veren belediye personeli ve g\u00fcvenlik ekibine de \u00e7ok te\u015fekk\u00fcr ederiz.\u00a0Hepinize hay\u0131rl\u0131 ramazanlar s\u0131hhatli iftarlar diliyor sayg\u0131lar\u0131m\u0131z\u0131 sunuyoruz\u201d diye konu\u015ftu. \u00a0 \u0130stanbul Beyo\u011flu\u2019ndaki \u0130ftar bulu\u015fmas\u0131nda; Hatayl\u0131lar Derne\u011fi Ba\u015fkan\u0131 Av. Mehmet Denizo\u011flu ve i\u015f adam\u0131 Burak Aky\u00fcrek,\u00a0Asi-Der Ba\u015fkan\u0131 Tevfik Usluo\u011flu,\u00a0Antakya K\u00fclt\u00fcr\u00fcn\u00fc Tan\u0131tma Ya\u015fatma ve Yard\u0131mla\u015fma Derne\u011fi Ba\u015fkan\u0131 Ahmet Kara,\u00a0\u00a0Arsuzlular Sosyal Yard\u0131mla\u015fma ve Kalk\u0131nma Derne\u011fi Ba\u015fkan\u0131 Necmi Ya\u015far,\u00a0Has- Der \u0130stanbul Hatay Hassa Sosyal Yard\u0131mla\u015fma ve Dayan\u0131\u015fma Derne\u011fi Ba\u015fkan\u0131 Cemil Durgun,\u00a0\u0130stanbul Alt\u0131n\u00f6z\u00fc K\u00fclt\u00fcr ve Dayan\u0131\u015fma Derne\u011fi Ba\u015fkan\u0131 Alparslan \u00d6zdemir,\u00a0\u0130stanbul Hatay Gastronomi ve E\u011fitim Derne\u011fi Ba\u015fkan\u0131 Ahmet Solako\u011flu,\u00a0\u0130stanbul K\u0131r\u0131khanl\u0131lar Derne\u011fi Ba\u015fkan\u0131 Mustafa Uyar,\u00a0\u00a0\u0130KSAD \u2013 \u0130skenderun K\u00fclt\u00fcr ve Dayan\u0131\u015fma Derne\u011fi Ba\u015fkan\u0131 Asuman S\u00fcar,\u00a0Samanda\u011f Sosyal Yard\u0131mla\u015fma ve &hellip;","og_url":"https:\/\/denizcankizil.tr\/ru\/haberler\/gundem\/hatay-dernekleri-istanbulda-iftarda-bulustu\/","og_site_name":"Av. Deniz Can K\u0131z\u0131l","article_published_time":"2025-03-17T10:41:26+00:00","author":"admin","twitter_card":"summary_large_image","twitter_misc":{"\u041d\u0430\u043f\u0438\u0441\u0430\u043d\u043e \u0430\u0432\u0442\u043e\u0440\u043e\u043c":"admin","\u041f\u0440\u0438\u043c\u0435\u0440\u043d\u043e\u0435 \u0432\u0440\u0435\u043c\u044f \u0434\u043b\u044f \u0447\u0442\u0435\u043d\u0438\u044f":"2 \u043c\u0438\u043d\u0443\u0442\u044b"},"schema":{"@context":"https:\/\/schema.org","@graph":[{"@type":"Article","@id":"https:\/\/denizcankizil.tr\/ru\/haberler\/gundem\/hatay-dernekleri-istanbulda-iftarda-bulustu\/#article","isPartOf":{"@id":"https:\/\/denizcankizil.tr\/ru\/haberler\/gundem\/hatay-dernekleri-istanbulda-iftarda-bulustu\/"},"author":{"name":"admin","@id":"https:\/\/denizcankizil.tr\/de\/#\/schema\/person\/be3c05fe6a12686905512445d8185489"},"headline":"Hatay Dernekleri \u0130stanbul\u2019da iftarda bulu\u015ftu","datePublished":"2025-03-17T10:41:26+00:00","mainEntityOfPage":{"@id":"https:\/\/denizcankizil.tr\/ru\/haberler\/gundem\/hatay-dernekleri-istanbulda-iftarda-bulustu\/"},"wordCount":410,"publisher":{"@id":"https:\/\/denizcankizil.tr\/de\/#organization"},"articleSection":["G\u00fcndem"],"inLanguage":"ru-RU"},{"@type":"WebPage","@id":"https:\/\/denizcankizil.tr\/ru\/haberler\/gundem\/hatay-dernekleri-istanbulda-iftarda-bulustu\/","url":"https:\/\/denizcankizil.tr\/ru\/haberler\/gundem\/hatay-dernekleri-istanbulda-iftarda-bulustu\/","name":"Hatay Dernekleri \u0130stanbul\u2019da iftarda bulu\u015ftu - Av. Deniz Can K\u0131z\u0131l","isPartOf":{"@id":"https:\/\/denizcankizil.tr\/de\/#website"},"datePublished":"2025-03-17T10:41:26+00:00","breadcrumb":{"@id":"https:\/\/denizcankizil.tr\/ru\/haberler\/gundem\/hatay-dernekleri-istanbulda-iftarda-bulustu\/#breadcrumb"},"inLanguage":"ru-RU","potentialAction":[{"@type":"ReadAction","target":["https:\/\/denizcankizil.tr\/ru\/haberler\/gundem\/hatay-dernekleri-istanbulda-iftarda-bulustu\/"]}]},{"@type":"BreadcrumbList","@id":"https:\/\/denizcankizil.tr\/ru\/haberler\/gundem\/hatay-dernekleri-istanbulda-iftarda-bulustu\/#breadcrumb","itemListElement":[{"@type":"ListItem","position":1,"name":"Home","item":"https:\/\/denizcankizil.tr\/de\/"},{"@type":"ListItem","position":2,"name":"Hatay Dernekleri \u0130stanbul\u2019da iftarda bulu\u015ftu"}]},{"@type":"WebSite","@id":"https:\/\/denizcankizil.tr\/de\/#website","url":"https:\/\/denizcankizil.tr\/de\/","name":"Av. Deniz Can K\u0131z\u0131l","description":"Avukat Deniz Can K\u0131z\u0131l Antalya Barosu","publisher":{"@id":"https:\/\/denizcankizil.tr\/de\/#organization"},"potentialAction":[{"@type":"SearchAction","target":{"@type":"EntryPoint","urlTemplate":"https:\/\/denizcankizil.tr\/de\/?s={search_term_string}"},"query-input":{"@type":"PropertyValueSpecification","valueRequired":true,"valueName":"search_term_string"}}],"inLanguage":"ru-RU"},{"@type":"Organization","@id":"https:\/\/denizcankizil.tr\/de\/#organization","name":"Av. Deniz Can K\u0131z\u0131l","url":"https:\/\/denizcankizil.tr\/de\/","logo":{"@type":"ImageObject","inLanguage":"ru-RU","@id":"https:\/\/denizcankizil.tr\/de\/#\/schema\/logo\/image\/","url":"https:\/\/denizcankizil.tr\/wp-content\/uploads\/2024\/10\/siyah-logo-svg.svg","contentUrl":"https:\/\/denizcankizil.tr\/wp-content\/uploads\/2024\/10\/siyah-logo-svg.svg","width":1080,"height":1080,"caption":"Av. Deniz Can K\u0131z\u0131l"},"image":{"@id":"https:\/\/denizcankizil.tr\/de\/#\/schema\/logo\/image\/"}},{"@type":"Person","@id":"https:\/\/denizcankizil.tr\/de\/#\/schema\/person\/be3c05fe6a12686905512445d8185489","name":"\u0430\u0434\u043c\u0438\u043d","image":{"@type":"ImageObject","inLanguage":"ru-RU","@id":"https:\/\/denizcankizil.tr\/de\/#\/schema\/person\/image\/","url":"https:\/\/secure.gravatar.com\/avatar\/c1fce94c830dc79107e174f890d7210541c4a63e8e5d816341794a2151c9d58c?s=96&d=mm&r=g","contentUrl":"https:\/\/secure.gravatar.com\/avatar\/c1fce94c830dc79107e174f890d7210541c4a63e8e5d816341794a2151c9d58c?s=96&d=mm&r=g","caption":"admin"},"sameAs":["http:\/\/denizcankizil.tr"],"url":"https:\/\/www.iskenderun.org\/hatay-dernekleri-istanbulda-iftarda-bulustu"}]}},"_links":{"self":[{"href":"https:\/\/denizcankizil.tr\/ru\/wp-json\/wp\/v2\/posts\/36083","targetHints":{"allow":["GET"]}}],"collection":[{"href":"https:\/\/denizcankizil.tr\/ru\/wp-json\/wp\/v2\/posts"}],"about":[{"href":"https:\/\/denizcankizil.tr\/ru\/wp-json\/wp\/v2\/types\/post"}],"author":[{"embeddable":true,"href":"https:\/\/denizcankizil.tr\/ru\/wp-json\/wp\/v2\/users\/1"}],"replies":[{"embeddable":true,"href":"https:\/\/denizcankizil.tr\/ru\/wp-json\/wp\/v2\/comments?post=36083"}],"version-history":[{"count":0,"href":"https:\/\/denizcankizil.tr\/ru\/wp-json\/wp\/v2\/posts\/36083\/revisions"}],"wp:attachment":[{"href":"https:\/\/denizcankizil.tr\/ru\/wp-json\/wp\/v2\/media?parent=36083"}],"wp:term":[{"taxonomy":"category","embeddable":true,"href":"https:\/\/denizcankizil.tr\/ru\/wp-json\/wp\/v2\/categories?post=36083"},{"taxonomy":"post_tag","embeddable":true,"href":"https:\/\/denizcankizil.tr\/ru\/wp-json\/wp\/v2\/tags?post=36083"}],"curies":[{"name":"wp","href":"https:\/\/api.w.org\/{rel}","templated":true}]}}