{"id":36053,"date":"2025-03-16T20:41:14","date_gmt":"2025-03-16T17:41:14","guid":{"rendered":"https:\/\/denizcankizil.tr\/uncategorized-tr\/halk-tvden-ayrilan-gazetecilerin-yeni-adresi-belli-oldu\/"},"modified":"2025-03-16T20:41:14","modified_gmt":"2025-03-16T17:41:14","slug":"halk-tvden-ayrilan-gazetecilerin-yeni-adresi-belli-oldu","status":"publish","type":"post","link":"https:\/\/denizcankizil.tr\/ru\/haberler\/gundem\/halk-tvden-ayrilan-gazetecilerin-yeni-adresi-belli-oldu\/","title":{"rendered":"Halk TV\u2019den ayr\u0131lan gazetecilerin yeni adresi belli oldu"},"content":{"rendered":"<p>Halk TV&#8217;nin Youtube kanal\u0131nda yap\u0131lan &#8216;Rasim Ozan K\u00fctahyal\u0131&#8217; s\u00f6yle\u015fisi krize neden olmu\u015ftu. K\u00fctahyal\u0131\u2019n\u0131n s\u00f6yle\u015fisi ard\u0131ndan Kayda Ge\u00e7sin program\u0131 ekibi kanaldan ayr\u0131lma karar\u0131 alm\u0131\u015ft\u0131.\u00a0<\/p>\n<p>KAYDA GE\u00c7S\u0130N EK\u0130B\u0130 BABALA TV\u2019DE\u00a0<\/p>\n<p>BaBaLa TV adl\u0131 kanal\u0131yla geni\u015f bir izleyici kitlesine ula\u015fan programc\u0131 O\u011fuzhan U\u011fur, sosyal medya hesab\u0131ndan yapt\u0131\u011f\u0131 payla\u015f\u0131m ile Halk TV&#8217;den ayr\u0131lan Kayda Ge\u00e7sin ekibinin yeni adresini duyurdu. O\u011fuzhan U\u011fur, gazeteci \u015eule Ayd\u0131n, Murat A\u011f\u0131rel, Bar\u0131\u015f Pehlivan, Bar\u0131\u015f Terko\u011flu ve Timur Soykan&#8217;\u0131 payla\u015f\u0131m\u0131na etiketleyerek, &#8220;Kayda Ge\u00e7sin ekibi Youtube&#8217;ye geliyor&#8221; dedi. U\u011fur, ekip ile yapt\u0131\u011f\u0131 \u00f6z\u00e7ekimi de kamuoyu ile payla\u015ft\u0131.<\/p>\n<p>NE YA\u015eANMI\u015eTI?<\/p>\n<p>Halk TV&#8217;nin Youtube kanal\u0131na iktidara yak\u0131nl\u0131\u011f\u0131 ile bilinen Rasim Ozan K\u00fctahyal\u0131 konuk olmu\u015f, bu geli\u015fme kamuoyunda b\u00fcy\u00fck tepki toplam\u0131\u015ft\u0131. Kayda Ge\u00e7sin ekibi de dahil olmak \u00fczere bir\u00e7ok gazeteci \u00e7e\u015fitli platformlardan K\u00fctahyal\u0131 s\u00f6yle\u015fisine tepki g\u00f6stermi\u015fti. Kanal ard\u0131ndan ilgili s\u00f6yle\u015fiyi Youtube kanal\u0131ndan kald\u0131rm\u0131\u015ft\u0131.<\/p>\n<p>\u200bHalk TV&#8217;nin Youtube kanal\u0131nda iktidara yak\u0131nl\u0131\u011f\u0131yla tan\u0131nan Rasim Ozan K\u00fctahyal\u0131\u2019n\u0131n s\u00f6yle\u015fisinin yay\u0131nlanmas\u0131n\u0131n ard\u0131ndan kanaldan ayr\u0131lan \u015eule Ayd\u0131n, Murat A\u011f\u0131rel, Bar\u0131\u015f Pehlivan, Bar\u0131\u015f Terko\u011flu ve Timur Soykan&#8217;\u0131n yeni adresi belli oldu.\u00a0<\/p>\n<p>\u200bHaberin Al\u0131nt\u0131land\u0131\u011f\u0131 Kaynak: www.antalyakorfez.com<\/p>","protected":false},"excerpt":{"rendered":"<p>Halk TV&#8217;nin Youtube kanal\u0131nda yap\u0131lan &#8216;Rasim Ozan K\u00fctahyal\u0131&#8217; s\u00f6yle\u015fisi krize neden olmu\u015ftu. K\u00fctahyal\u0131\u2019n\u0131n s\u00f6yle\u015fisi ard\u0131ndan Kayda Ge\u00e7sin program\u0131 ekibi kanaldan ayr\u0131lma karar\u0131 alm\u0131\u015ft\u0131.\u00a0 KAYDA GE\u00c7S\u0130N EK\u0130B\u0130 BABALA TV\u2019DE\u00a0 BaBaLa TV adl\u0131 kanal\u0131yla geni\u015f bir izleyici kitlesine ula\u015fan programc\u0131 O\u011fuzhan U\u011fur, sosyal medya hesab\u0131ndan yapt\u0131\u011f\u0131 payla\u015f\u0131m ile Halk TV&#8217;den ayr\u0131lan Kayda Ge\u00e7sin ekibinin yeni adresini duyurdu. O\u011fuzhan U\u011fur, gazeteci \u015eule Ayd\u0131n, Murat A\u011f\u0131rel, Bar\u0131\u015f Pehlivan, Bar\u0131\u015f Terko\u011flu ve Timur Soykan&#8217;\u0131 payla\u015f\u0131m\u0131na etiketleyerek, &#8220;Kayda Ge\u00e7sin ekibi Youtube&#8217;ye geliyor&#8221; dedi. U\u011fur, ekip ile yapt\u0131\u011f\u0131 \u00f6z\u00e7ekimi de kamuoyu ile payla\u015ft\u0131. NE YA\u015eANMI\u015eTI? Halk TV&#8217;nin Youtube kanal\u0131na iktidara yak\u0131nl\u0131\u011f\u0131 ile bilinen Rasim Ozan K\u00fctahyal\u0131 konuk olmu\u015f, bu geli\u015fme kamuoyunda b\u00fcy\u00fck tepki toplam\u0131\u015ft\u0131. Kayda Ge\u00e7sin ekibi de dahil olmak \u00fczere bir\u00e7ok gazeteci \u00e7e\u015fitli platformlardan K\u00fctahyal\u0131 s\u00f6yle\u015fisine tepki g\u00f6stermi\u015fti. Kanal ard\u0131ndan ilgili s\u00f6yle\u015fiyi Youtube kanal\u0131ndan kald\u0131rm\u0131\u015ft\u0131. \u200bHalk TV&#8217;nin Youtube kanal\u0131nda iktidara yak\u0131nl\u0131\u011f\u0131yla tan\u0131nan Rasim Ozan K\u00fctahyal\u0131\u2019n\u0131n s\u00f6yle\u015fisinin yay\u0131nlanmas\u0131n\u0131n ard\u0131ndan kanaldan ayr\u0131lan \u015eule Ayd\u0131n, Murat A\u011f\u0131rel, Bar\u0131\u015f Pehlivan, Bar\u0131\u015f Terko\u011flu ve Timur Soykan&#8217;\u0131n yeni adresi belli oldu.\u00a0 \u200bHaberin Al\u0131nt\u0131land\u0131\u011f\u0131 Kaynak: www.antalyakorfez.com<\/p>","protected":false},"author":5,"featured_media":0,"comment_status":"","ping_status":"open","sticky":false,"template":"","format":"standard","meta":{"_acf_changed":false,"footnotes":""},"categories":[24],"tags":[],"class_list":["post-36053","post","type-post","status-publish","format-standard","has-post-thumbnail","hentry","category-gundem"],"acf":[],"yoast_head":"<!-- This site is optimized with the Yoast SEO Premium plugin v26.6 (Yoast SEO v27.1.1) - https:\/\/yoast.com\/product\/yoast-seo-premium-wordpress\/ -->\n<title>Halk TV\u2019den ayr\u0131lan gazetecilerin yeni adresi belli oldu - Av. Deniz Can K\u0131z\u0131l<\/title>\n<meta name=\"robots\" content=\"index, follow, max-snippet:-1, max-image-preview:large, max-video-preview:-1\" \/>\n<link rel=\"canonical\" href=\"https:\/\/denizcankizil.tr\/ru\/haberler\/gundem\/halk-tvden-ayrilan-gazetecilerin-yeni-adresi-belli-oldu\/\" \/>\n<meta property=\"og:locale\" content=\"ru_RU\" \/>\n<meta property=\"og:type\" content=\"article\" \/>\n<meta property=\"og:title\" content=\"Halk TV\u2019den ayr\u0131lan gazetecilerin yeni adresi belli oldu\" \/>\n<meta property=\"og:description\" content=\"Halk TV&#8217;nin Youtube kanal\u0131nda yap\u0131lan &#8216;Rasim Ozan K\u00fctahyal\u0131&#8217; s\u00f6yle\u015fisi krize neden olmu\u015ftu. K\u00fctahyal\u0131\u2019n\u0131n s\u00f6yle\u015fisi ard\u0131ndan Kayda Ge\u00e7sin program\u0131 ekibi kanaldan ayr\u0131lma karar\u0131 alm\u0131\u015ft\u0131.\u00a0 KAYDA GE\u00c7S\u0130N EK\u0130B\u0130 BABALA TV\u2019DE\u00a0 BaBaLa TV adl\u0131 kanal\u0131yla geni\u015f bir izleyici kitlesine ula\u015fan programc\u0131 O\u011fuzhan U\u011fur, sosyal medya hesab\u0131ndan yapt\u0131\u011f\u0131 payla\u015f\u0131m ile Halk TV&#8217;den ayr\u0131lan Kayda Ge\u00e7sin ekibinin yeni adresini duyurdu. O\u011fuzhan U\u011fur, gazeteci \u015eule Ayd\u0131n, Murat A\u011f\u0131rel, Bar\u0131\u015f Pehlivan, Bar\u0131\u015f Terko\u011flu ve Timur Soykan&#8217;\u0131 payla\u015f\u0131m\u0131na etiketleyerek, &#8220;Kayda Ge\u00e7sin ekibi Youtube&#8217;ye geliyor&#8221; dedi. U\u011fur, ekip ile yapt\u0131\u011f\u0131 \u00f6z\u00e7ekimi de kamuoyu ile payla\u015ft\u0131. NE YA\u015eANMI\u015eTI? Halk TV&#8217;nin Youtube kanal\u0131na iktidara yak\u0131nl\u0131\u011f\u0131 ile bilinen Rasim Ozan K\u00fctahyal\u0131 konuk olmu\u015f, bu geli\u015fme kamuoyunda b\u00fcy\u00fck tepki toplam\u0131\u015ft\u0131. Kayda Ge\u00e7sin ekibi de dahil olmak \u00fczere bir\u00e7ok gazeteci \u00e7e\u015fitli platformlardan K\u00fctahyal\u0131 s\u00f6yle\u015fisine tepki g\u00f6stermi\u015fti. Kanal ard\u0131ndan ilgili s\u00f6yle\u015fiyi Youtube kanal\u0131ndan kald\u0131rm\u0131\u015ft\u0131. \u200bHalk TV&#8217;nin Youtube kanal\u0131nda iktidara yak\u0131nl\u0131\u011f\u0131yla tan\u0131nan Rasim Ozan K\u00fctahyal\u0131\u2019n\u0131n s\u00f6yle\u015fisinin yay\u0131nlanmas\u0131n\u0131n ard\u0131ndan kanaldan ayr\u0131lan \u015eule Ayd\u0131n, Murat A\u011f\u0131rel, Bar\u0131\u015f Pehlivan, Bar\u0131\u015f Terko\u011flu ve Timur Soykan&#8217;\u0131n yeni adresi belli oldu.\u00a0 \u200bHaberin Al\u0131nt\u0131land\u0131\u011f\u0131 Kaynak: www.antalyakorfez.com\" \/>\n<meta property=\"og:url\" content=\"https:\/\/denizcankizil.tr\/ru\/haberler\/gundem\/halk-tvden-ayrilan-gazetecilerin-yeni-adresi-belli-oldu\/\" \/>\n<meta property=\"og:site_name\" content=\"Av. Deniz Can K\u0131z\u0131l\" \/>\n<meta property=\"article:published_time\" content=\"2025-03-16T17:41:14+00:00\" \/>\n<meta name=\"author\" content=\"Antalya K\u00f6rfez\" \/>\n<meta name=\"twitter:card\" content=\"summary_large_image\" \/>\n<meta name=\"twitter:label1\" content=\"\u041d\u0430\u043f\u0438\u0441\u0430\u043d\u043e \u0430\u0432\u0442\u043e\u0440\u043e\u043c\" \/>\n\t<meta name=\"twitter:data1\" content=\"Antalya K\u00f6rfez\" \/>\n\t<meta name=\"twitter:label2\" content=\"\u041f\u0440\u0438\u043c\u0435\u0440\u043d\u043e\u0435 \u0432\u0440\u0435\u043c\u044f \u0434\u043b\u044f \u0447\u0442\u0435\u043d\u0438\u044f\" \/>\n\t<meta name=\"twitter:data2\" content=\"1 \u043c\u0438\u043d\u0443\u0442\u0430\" \/>\n<script type=\"application\/ld+json\" class=\"yoast-schema-graph\">{\"@context\":\"https:\/\/schema.org\",\"@graph\":[{\"@type\":\"Article\",\"@id\":\"https:\/\/denizcankizil.tr\/ru\/haberler\/gundem\/halk-tvden-ayrilan-gazetecilerin-yeni-adresi-belli-oldu\/#article\",\"isPartOf\":{\"@id\":\"https:\/\/denizcankizil.tr\/ru\/haberler\/gundem\/halk-tvden-ayrilan-gazetecilerin-yeni-adresi-belli-oldu\/\"},\"author\":{\"name\":\"Antalya K\u00f6rfez\",\"@id\":\"https:\/\/denizcankizil.tr\/#\/schema\/person\/e1eb71bb4dd684d46563f0af307e1234\"},\"headline\":\"Halk TV\u2019den ayr\u0131lan gazetecilerin yeni adresi belli oldu\",\"datePublished\":\"2025-03-16T17:41:14+00:00\",\"mainEntityOfPage\":{\"@id\":\"https:\/\/denizcankizil.tr\/ru\/haberler\/gundem\/halk-tvden-ayrilan-gazetecilerin-yeni-adresi-belli-oldu\/\"},\"wordCount\":261,\"publisher\":{\"@id\":\"https:\/\/denizcankizil.tr\/#organization\"},\"articleSection\":[\"G\u00fcndem\"],\"inLanguage\":\"ru-RU\"},{\"@type\":\"WebPage\",\"@id\":\"https:\/\/denizcankizil.tr\/ru\/haberler\/gundem\/halk-tvden-ayrilan-gazetecilerin-yeni-adresi-belli-oldu\/\",\"url\":\"https:\/\/denizcankizil.tr\/ru\/haberler\/gundem\/halk-tvden-ayrilan-gazetecilerin-yeni-adresi-belli-oldu\/\",\"name\":\"Halk TV\u2019den ayr\u0131lan gazetecilerin yeni adresi belli oldu - Av. Deniz Can K\u0131z\u0131l\",\"isPartOf\":{\"@id\":\"https:\/\/denizcankizil.tr\/#website\"},\"datePublished\":\"2025-03-16T17:41:14+00:00\",\"breadcrumb\":{\"@id\":\"https:\/\/denizcankizil.tr\/ru\/haberler\/gundem\/halk-tvden-ayrilan-gazetecilerin-yeni-adresi-belli-oldu\/#breadcrumb\"},\"inLanguage\":\"ru-RU\",\"potentialAction\":[{\"@type\":\"ReadAction\",\"target\":[\"https:\/\/denizcankizil.tr\/ru\/haberler\/gundem\/halk-tvden-ayrilan-gazetecilerin-yeni-adresi-belli-oldu\/\"]}]},{\"@type\":\"BreadcrumbList\",\"@id\":\"https:\/\/denizcankizil.tr\/ru\/haberler\/gundem\/halk-tvden-ayrilan-gazetecilerin-yeni-adresi-belli-oldu\/#breadcrumb\",\"itemListElement\":[{\"@type\":\"ListItem\",\"position\":1,\"name\":\"Home\",\"item\":\"https:\/\/denizcankizil.tr\/uk\/\"},{\"@type\":\"ListItem\",\"position\":2,\"name\":\"Halk TV\u2019den ayr\u0131lan gazetecilerin yeni adresi belli oldu\"}]},{\"@type\":\"WebSite\",\"@id\":\"https:\/\/denizcankizil.tr\/#website\",\"url\":\"https:\/\/denizcankizil.tr\/\",\"name\":\"Av. Deniz Can K\u0131z\u0131l\",\"description\":\"Avukat Deniz Can K\u0131z\u0131l Antalya Barosu\",\"publisher\":{\"@id\":\"https:\/\/denizcankizil.tr\/#organization\"},\"potentialAction\":[{\"@type\":\"SearchAction\",\"target\":{\"@type\":\"EntryPoint\",\"urlTemplate\":\"https:\/\/denizcankizil.tr\/?s={search_term_string}\"},\"query-input\":{\"@type\":\"PropertyValueSpecification\",\"valueRequired\":true,\"valueName\":\"search_term_string\"}}],\"inLanguage\":\"ru-RU\"},{\"@type\":\"Organization\",\"@id\":\"https:\/\/denizcankizil.tr\/#organization\",\"name\":\"Av. Deniz Can K\u0131z\u0131l\",\"url\":\"https:\/\/denizcankizil.tr\/\",\"logo\":{\"@type\":\"ImageObject\",\"inLanguage\":\"ru-RU\",\"@id\":\"https:\/\/denizcankizil.tr\/#\/schema\/logo\/image\/\",\"url\":\"https:\/\/denizcankizil.tr\/wp-content\/uploads\/2024\/10\/siyah-logo-svg.svg\",\"contentUrl\":\"https:\/\/denizcankizil.tr\/wp-content\/uploads\/2024\/10\/siyah-logo-svg.svg\",\"width\":1080,\"height\":1080,\"caption\":\"Av. Deniz Can K\u0131z\u0131l\"},\"image\":{\"@id\":\"https:\/\/denizcankizil.tr\/#\/schema\/logo\/image\/\"}},{\"@type\":\"Person\",\"@id\":\"https:\/\/denizcankizil.tr\/#\/schema\/person\/e1eb71bb4dd684d46563f0af307e1234\",\"name\":\"Antalya K\u00f6rfez\",\"image\":{\"@type\":\"ImageObject\",\"inLanguage\":\"ru-RU\",\"@id\":\"https:\/\/denizcankizil.tr\/#\/schema\/person\/image\/\",\"url\":\"https:\/\/secure.gravatar.com\/avatar\/42b01982558a48a0b501fdcab6a408d3717ea5919095ee2e67b0e521799c5905?s=96&d=mm&r=g\",\"contentUrl\":\"https:\/\/secure.gravatar.com\/avatar\/42b01982558a48a0b501fdcab6a408d3717ea5919095ee2e67b0e521799c5905?s=96&d=mm&r=g\",\"caption\":\"Antalya K\u00f6rfez\"},\"sameAs\":[\"http:\/\/www.antalyakorfez.com\"],\"url\":\"https:\/\/www.antalyakorfez.com\/halk-tvden-ayrilan-gazetecilerin-yeni-adresi-belli-oldu\"}]}<\/script>\n<!-- \/ Yoast SEO Premium plugin. -->","yoast_head_json":{"title":"Halk TV\u2019den ayr\u0131lan gazetecilerin yeni adresi belli oldu - Av. Deniz Can K\u0131z\u0131l","robots":{"index":"index","follow":"follow","max-snippet":"max-snippet:-1","max-image-preview":"max-image-preview:large","max-video-preview":"max-video-preview:-1"},"canonical":"https:\/\/denizcankizil.tr\/ru\/haberler\/gundem\/halk-tvden-ayrilan-gazetecilerin-yeni-adresi-belli-oldu\/","og_locale":"ru_RU","og_type":"article","og_title":"Halk TV\u2019den ayr\u0131lan gazetecilerin yeni adresi belli oldu","og_description":"Halk TV&#8217;nin Youtube kanal\u0131nda yap\u0131lan &#8216;Rasim Ozan K\u00fctahyal\u0131&#8217; s\u00f6yle\u015fisi krize neden olmu\u015ftu. K\u00fctahyal\u0131\u2019n\u0131n s\u00f6yle\u015fisi ard\u0131ndan Kayda Ge\u00e7sin program\u0131 ekibi kanaldan ayr\u0131lma karar\u0131 alm\u0131\u015ft\u0131.\u00a0 KAYDA GE\u00c7S\u0130N EK\u0130B\u0130 BABALA TV\u2019DE\u00a0 BaBaLa TV adl\u0131 kanal\u0131yla geni\u015f bir izleyici kitlesine ula\u015fan programc\u0131 O\u011fuzhan U\u011fur, sosyal medya hesab\u0131ndan yapt\u0131\u011f\u0131 payla\u015f\u0131m ile Halk TV&#8217;den ayr\u0131lan Kayda Ge\u00e7sin ekibinin yeni adresini duyurdu. O\u011fuzhan U\u011fur, gazeteci \u015eule Ayd\u0131n, Murat A\u011f\u0131rel, Bar\u0131\u015f Pehlivan, Bar\u0131\u015f Terko\u011flu ve Timur Soykan&#8217;\u0131 payla\u015f\u0131m\u0131na etiketleyerek, &#8220;Kayda Ge\u00e7sin ekibi Youtube&#8217;ye geliyor&#8221; dedi. U\u011fur, ekip ile yapt\u0131\u011f\u0131 \u00f6z\u00e7ekimi de kamuoyu ile payla\u015ft\u0131. NE YA\u015eANMI\u015eTI? Halk TV&#8217;nin Youtube kanal\u0131na iktidara yak\u0131nl\u0131\u011f\u0131 ile bilinen Rasim Ozan K\u00fctahyal\u0131 konuk olmu\u015f, bu geli\u015fme kamuoyunda b\u00fcy\u00fck tepki toplam\u0131\u015ft\u0131. Kayda Ge\u00e7sin ekibi de dahil olmak \u00fczere bir\u00e7ok gazeteci \u00e7e\u015fitli platformlardan K\u00fctahyal\u0131 s\u00f6yle\u015fisine tepki g\u00f6stermi\u015fti. Kanal ard\u0131ndan ilgili s\u00f6yle\u015fiyi Youtube kanal\u0131ndan kald\u0131rm\u0131\u015ft\u0131. \u200bHalk TV&#8217;nin Youtube kanal\u0131nda iktidara yak\u0131nl\u0131\u011f\u0131yla tan\u0131nan Rasim Ozan K\u00fctahyal\u0131\u2019n\u0131n s\u00f6yle\u015fisinin yay\u0131nlanmas\u0131n\u0131n ard\u0131ndan kanaldan ayr\u0131lan \u015eule Ayd\u0131n, Murat A\u011f\u0131rel, Bar\u0131\u015f Pehlivan, Bar\u0131\u015f Terko\u011flu ve Timur Soykan&#8217;\u0131n yeni adresi belli oldu.\u00a0 \u200bHaberin Al\u0131nt\u0131land\u0131\u011f\u0131 Kaynak: www.antalyakorfez.com","og_url":"https:\/\/denizcankizil.tr\/ru\/haberler\/gundem\/halk-tvden-ayrilan-gazetecilerin-yeni-adresi-belli-oldu\/","og_site_name":"Av. Deniz Can K\u0131z\u0131l","article_published_time":"2025-03-16T17:41:14+00:00","author":"Antalya K\u00f6rfez","twitter_card":"summary_large_image","twitter_misc":{"\u041d\u0430\u043f\u0438\u0441\u0430\u043d\u043e \u0430\u0432\u0442\u043e\u0440\u043e\u043c":"Antalya K\u00f6rfez","\u041f\u0440\u0438\u043c\u0435\u0440\u043d\u043e\u0435 \u0432\u0440\u0435\u043c\u044f \u0434\u043b\u044f \u0447\u0442\u0435\u043d\u0438\u044f":"1 \u043c\u0438\u043d\u0443\u0442\u0430"},"schema":{"@context":"https:\/\/schema.org","@graph":[{"@type":"Article","@id":"https:\/\/denizcankizil.tr\/ru\/haberler\/gundem\/halk-tvden-ayrilan-gazetecilerin-yeni-adresi-belli-oldu\/#article","isPartOf":{"@id":"https:\/\/denizcankizil.tr\/ru\/haberler\/gundem\/halk-tvden-ayrilan-gazetecilerin-yeni-adresi-belli-oldu\/"},"author":{"name":"Antalya K\u00f6rfez","@id":"https:\/\/denizcankizil.tr\/#\/schema\/person\/e1eb71bb4dd684d46563f0af307e1234"},"headline":"Halk TV\u2019den ayr\u0131lan gazetecilerin yeni adresi belli oldu","datePublished":"2025-03-16T17:41:14+00:00","mainEntityOfPage":{"@id":"https:\/\/denizcankizil.tr\/ru\/haberler\/gundem\/halk-tvden-ayrilan-gazetecilerin-yeni-adresi-belli-oldu\/"},"wordCount":261,"publisher":{"@id":"https:\/\/denizcankizil.tr\/#organization"},"articleSection":["G\u00fcndem"],"inLanguage":"ru-RU"},{"@type":"WebPage","@id":"https:\/\/denizcankizil.tr\/ru\/haberler\/gundem\/halk-tvden-ayrilan-gazetecilerin-yeni-adresi-belli-oldu\/","url":"https:\/\/denizcankizil.tr\/ru\/haberler\/gundem\/halk-tvden-ayrilan-gazetecilerin-yeni-adresi-belli-oldu\/","name":"Halk TV\u2019den ayr\u0131lan gazetecilerin yeni adresi belli oldu - Av. Deniz Can K\u0131z\u0131l","isPartOf":{"@id":"https:\/\/denizcankizil.tr\/#website"},"datePublished":"2025-03-16T17:41:14+00:00","breadcrumb":{"@id":"https:\/\/denizcankizil.tr\/ru\/haberler\/gundem\/halk-tvden-ayrilan-gazetecilerin-yeni-adresi-belli-oldu\/#breadcrumb"},"inLanguage":"ru-RU","potentialAction":[{"@type":"ReadAction","target":["https:\/\/denizcankizil.tr\/ru\/haberler\/gundem\/halk-tvden-ayrilan-gazetecilerin-yeni-adresi-belli-oldu\/"]}]},{"@type":"BreadcrumbList","@id":"https:\/\/denizcankizil.tr\/ru\/haberler\/gundem\/halk-tvden-ayrilan-gazetecilerin-yeni-adresi-belli-oldu\/#breadcrumb","itemListElement":[{"@type":"ListItem","position":1,"name":"Home","item":"https:\/\/denizcankizil.tr\/uk\/"},{"@type":"ListItem","position":2,"name":"Halk TV\u2019den ayr\u0131lan gazetecilerin yeni adresi belli oldu"}]},{"@type":"WebSite","@id":"https:\/\/denizcankizil.tr\/#website","url":"https:\/\/denizcankizil.tr\/","name":"Av. Deniz Can K\u0131z\u0131l","description":"Avukat Deniz Can K\u0131z\u0131l Antalya Barosu","publisher":{"@id":"https:\/\/denizcankizil.tr\/#organization"},"potentialAction":[{"@type":"SearchAction","target":{"@type":"EntryPoint","urlTemplate":"https:\/\/denizcankizil.tr\/?s={search_term_string}"},"query-input":{"@type":"PropertyValueSpecification","valueRequired":true,"valueName":"search_term_string"}}],"inLanguage":"ru-RU"},{"@type":"Organization","@id":"https:\/\/denizcankizil.tr\/#organization","name":"Av. Deniz Can K\u0131z\u0131l","url":"https:\/\/denizcankizil.tr\/","logo":{"@type":"ImageObject","inLanguage":"ru-RU","@id":"https:\/\/denizcankizil.tr\/#\/schema\/logo\/image\/","url":"https:\/\/denizcankizil.tr\/wp-content\/uploads\/2024\/10\/siyah-logo-svg.svg","contentUrl":"https:\/\/denizcankizil.tr\/wp-content\/uploads\/2024\/10\/siyah-logo-svg.svg","width":1080,"height":1080,"caption":"Av. Deniz Can K\u0131z\u0131l"},"image":{"@id":"https:\/\/denizcankizil.tr\/#\/schema\/logo\/image\/"}},{"@type":"Person","@id":"https:\/\/denizcankizil.tr\/#\/schema\/person\/e1eb71bb4dd684d46563f0af307e1234","name":"Antalya K\u00f6rfez","image":{"@type":"ImageObject","inLanguage":"ru-RU","@id":"https:\/\/denizcankizil.tr\/#\/schema\/person\/image\/","url":"https:\/\/secure.gravatar.com\/avatar\/42b01982558a48a0b501fdcab6a408d3717ea5919095ee2e67b0e521799c5905?s=96&d=mm&r=g","contentUrl":"https:\/\/secure.gravatar.com\/avatar\/42b01982558a48a0b501fdcab6a408d3717ea5919095ee2e67b0e521799c5905?s=96&d=mm&r=g","caption":"Antalya K\u00f6rfez"},"sameAs":["http:\/\/www.antalyakorfez.com"],"url":"https:\/\/www.antalyakorfez.com\/halk-tvden-ayrilan-gazetecilerin-yeni-adresi-belli-oldu"}]}},"_links":{"self":[{"href":"https:\/\/denizcankizil.tr\/ru\/wp-json\/wp\/v2\/posts\/36053","targetHints":{"allow":["GET"]}}],"collection":[{"href":"https:\/\/denizcankizil.tr\/ru\/wp-json\/wp\/v2\/posts"}],"about":[{"href":"https:\/\/denizcankizil.tr\/ru\/wp-json\/wp\/v2\/types\/post"}],"author":[{"embeddable":true,"href":"https:\/\/denizcankizil.tr\/ru\/wp-json\/wp\/v2\/users\/5"}],"replies":[{"embeddable":true,"href":"https:\/\/denizcankizil.tr\/ru\/wp-json\/wp\/v2\/comments?post=36053"}],"version-history":[{"count":0,"href":"https:\/\/denizcankizil.tr\/ru\/wp-json\/wp\/v2\/posts\/36053\/revisions"}],"wp:attachment":[{"href":"https:\/\/denizcankizil.tr\/ru\/wp-json\/wp\/v2\/media?parent=36053"}],"wp:term":[{"taxonomy":"category","embeddable":true,"href":"https:\/\/denizcankizil.tr\/ru\/wp-json\/wp\/v2\/categories?post=36053"},{"taxonomy":"post_tag","embeddable":true,"href":"https:\/\/denizcankizil.tr\/ru\/wp-json\/wp\/v2\/tags?post=36053"}],"curies":[{"name":"wp","href":"https:\/\/api.w.org\/{rel}","templated":true}]}}