{"id":35744,"date":"2025-03-15T15:09:08","date_gmt":"2025-03-15T12:09:08","guid":{"rendered":"https:\/\/denizcankizil.tr\/uncategorized-tr\/mirasin-arastirilmasi-ve-ortaya-cikartilmasi-sureci\/"},"modified":"2025-03-16T00:41:50","modified_gmt":"2025-03-15T21:41:50","slug":"mirasin-arastirilmasi-ve-ortaya-cikartilmasi-sureci","status":"publish","type":"post","link":"https:\/\/denizcankizil.tr\/ru\/koseyazilari\/degerlendirme\/mirasin-arastirilmasi-ve-ortaya-cikartilmasi-sureci\/","title":{"rendered":"Miras\u0131n Ara\u015ft\u0131r\u0131lmas\u0131 ve Ortaya \u00c7\u0131kart\u0131lmas\u0131 S\u00fcreci"},"content":{"rendered":"<p> Miras\u0131n ara\u015ft\u0131r\u0131lmas\u0131 ve ortaya \u00e7\u0131kart\u0131lmas\u0131\u200b s\u00fcreci, hukukun \u00f6nemli bir \u200dalan\u0131n\u0131 te\u015fkil eden miras hukuku \u00e7er\u00e7evesinde, bireylerin ve \u200dailelerin mal \u2063varl\u0131klar\u0131n\u0131n devri ve payla\u015f\u0131m\u0131 a\u00e7\u0131s\u0131ndan kritik bir \u00f6neme sahiptir.\u200d Miras, bir ki\u015finin vefat\u0131 sonras\u0131nda geride b\u0131rakt\u0131\u011f\u0131\u200d malvarl\u0131\u011f\u0131n\u0131n, yasal miras\u00e7\u0131lar aras\u0131nda nas\u0131l payla\u015f\u0131laca\u011f\u0131na dair hukuki d\u00fczenlemeleri i\u00e7ermektedir.\u200b Bu \u200bs\u00fcre\u00e7, yaln\u0131zca miras\u00e7\u0131lar\u0131n haklar\u0131n\u0131n korunmas\u0131 a\u00e7\u0131s\u0131ndan de\u011fil, ayn\u0131 zamanda miras \u200cb\u0131rakan\u0131n iradesinin de do\u011fru bir \u015fekilde\u2062 yans\u0131t\u0131lmas\u0131 \u2062bak\u0131m\u0131ndan b\u00fcy\u00fck bir titizlik gerektirmektedir. Miras\u0131n ara\u015ft\u0131r\u0131lmas\u0131, miras b\u0131rakan\u0131n malvarl\u0131\u011f\u0131n\u0131n\u200d kapsam\u0131n\u0131n belirlenmesi, bor\u00e7lar\u0131n\u0131n tespit edilmesi \u2064ve miras\u00e7\u0131lar\u0131n\u200b haklar\u0131n\u0131n \u200cg\u00fcvence alt\u0131na\u200d al\u0131nmas\u0131 amac\u0131yla y\u00fcr\u00fct\u00fclen bir dizi hukuki\u2064 i\u015flemi kapsamaktad\u0131r. Bu makalede, miras\u0131n ara\u015ft\u0131r\u0131lmas\u0131\u2064 ve ortaya \u200d\u00e7\u0131kart\u0131lmas\u0131 s\u00fcrecinin hukuki boyutlar\u0131, uygulamadaki zorluklar ve \u00e7\u00f6z\u00fcm \u00f6nerileri detayl\u0131 bir \u015fekilde ele al\u0131nacakt\u0131r.<\/p>\n<h2 id=\"mirasin-arastirilmasi-ve-ortaya-cikartilmasi-surecinin-tanimi\">Miras\u0131n Ara\u015ft\u0131r\u0131lmas\u0131 ve Ortaya \u00c7\u0131kart\u0131lmas\u0131 S\u00fcrecinin Tan\u0131m\u0131<\/h2>\n<p><strong>Miras\u0131n ara\u015ft\u0131r\u0131lmas\u0131 ve ortaya \u00e7\u0131kart\u0131lmas\u0131 s\u00fcreci<\/strong>, bir\u2062 ki\u015finin\u2062 vefat\u0131ndan sonra geride b\u0131rakt\u0131\u011f\u0131 mal varl\u0131\u011f\u0131n\u0131n tespit edilmesi ve miras\u00e7\u0131lar\u0131n haklar\u0131n\u0131n belirlenmesi amac\u0131yla y\u00fcr\u00fct\u00fclen hukuki \u200cbir s\u00fcre\u00e7tir.\u2063 Bu s\u00fcre\u00e7, miras\u0131n payla\u015f\u0131m\u0131na\u200c y\u00f6nelik ad\u0131mlar\u0131n at\u0131labilmesi i\u00e7in son \u200dderece \u00f6nemlidir. Miras\u0131n ara\u015ft\u0131r\u0131lmas\u0131, genellikle a\u015fa\u011f\u0131daki a\u015famalar\u0131 i\u00e7erir:<\/p>\n<ul>\n<li><strong>Vefat\u0131n \u2063tespiti:<\/strong> \u200c Miras b\u0131rakan\u0131n \u2062\u00f6l\u00fcm tarihi ve\u200c durumu, \u200bs\u00fcrecin ba\u015flang\u0131c\u0131d\u0131r.<\/li>\n<li><strong>Mal Varl\u0131\u011f\u0131n\u0131n Belirlenmesi:<\/strong> Miras b\u0131rakan\u0131n sahip \u200doldu\u011fu ta\u015f\u0131nmazlar,ta\u015f\u0131n\u0131rlar,banka hesaplar\u0131 ve\u2062 di\u011fer varl\u0131klar\u0131n tespit edilmesi gerekmektedir.<\/li>\n<li><strong>Miras\u00e7\u0131lar\u0131n Tespiti:<\/strong> Miras b\u0131rakan\u0131n \u2064yasal miras\u00e7\u0131lar\u0131, miras\u0131n payla\u015f\u0131m\u0131nda \u00f6nemli bir rol\u200d oynamaktad\u0131r.\u2062 Miras\u00e7\u0131lar, yasal olarak belirlenmeli ve\u200c haklar\u0131 tan\u0131nmal\u0131d\u0131r.<\/li>\n<li><strong>Hukuki \u0130\u015flemler:<\/strong> \u2064 Miras\u0131n payla\u015f\u0131m\u0131 i\u00e7in gerekli olan hukuki belgelerin haz\u0131rlanmas\u0131 ve mahkemeye ba\u015fvurulmas\u0131 s\u00fcreci de bu a\u015famada yer al\u0131r.<\/li>\n<\/ul>\n<p>Bu s\u00fcre\u00e7, miras\u00e7\u0131lar\u0131n \u2062haklar\u0131n\u0131n korunmas\u0131 ve miras\u0131n\u200d adil bir\u2062 \u015fekilde \u200bpayla\u015f\u0131lmas\u0131 a\u00e7\u0131s\u0131ndan kritik bir \u00f6neme sahiptir.\u2063 Miras\u0131n ara\u015ft\u0131r\u0131lmas\u0131 ve\u2064 ortaya\u200b \u00e7\u0131kart\u0131lmas\u0131,yaln\u0131zca mal varl\u0131\u011f\u0131n\u0131n tespiti \u2064ile s\u0131n\u0131rl\u0131 kalmay\u0131p,ayn\u0131 zamanda\u2064 miras\u00e7\u0131lar\u0131n\u200d haklar\u0131n\u0131n g\u00fcvence alt\u0131na al\u0131nmas\u0131n\u0131 da sa\u011flar.Bu nedenle, s\u00fcrecin dikkatli bir \u015fekilde y\u00fcr\u00fct\u00fclmesi ve\u2063 gerekli hukuki \u200bprosed\u00fcrlerin eksiksiz yerine getirilmesi b\u00fcy\u00fck \u00f6nem ta\u015f\u0131maktad\u0131r.<\/p>\n<p><img decoding=\"async\" class=\"kimage_class lazyload\" data-src=\"https:\/\/denizcankizil.tr\/wp-content\/uploads\/2024\/10\/H7KLQ-253D.jpg\" alt=\"Miras\u0131n Ara\u015ft\u0131r\u0131lmas\u0131 A\u015famalar\u0131\" src=\"data:image\/svg+xml;base64,PHN2ZyB3aWR0aD0iMSIgaGVpZ2h0PSIxIiB4bWxucz0iaHR0cDovL3d3dy53My5vcmcvMjAwMC9zdmciPjwvc3ZnPg==\"><\/p>\n<h2 id=\"mirasin-arastirilmasi-asamalari\">Miras\u0131n Ara\u015ft\u0131r\u0131lmas\u0131 A\u015famalar\u0131<\/h2>\n<section>\n<p>miras\u0131n ara\u015ft\u0131r\u0131lmas\u0131, miras\u00e7\u0131lar i\u00e7in \u00f6nemli\u200b bir s\u00fcre\u00e7tir ve\u200d bu\u200b s\u00fcre\u00e7, belirli \u2062a\u015famalardan olu\u015fmaktad\u0131r. Miras\u0131n varl\u0131\u011f\u0131 \u200dve kapsam\u0131 hakk\u0131nda \u2062bilgi edinmek, miras\u00e7\u0131lar\u0131n haklar\u0131n\u0131 korumak a\u00e7\u0131s\u0131ndan kritik \u00f6neme sahiptir. A\u015fa\u011f\u0131da, n\u0131 detayland\u0131ran baz\u0131 temel ad\u0131mlar yer\u2062 almaktad\u0131r:<\/p>\n<ul>\n<li><strong>Miras B\u0131rakan\u0131n \u2062Tespiti:<\/strong> \u0130lk olarak, \u2062miras b\u0131rakan\u0131n kim oldu\u011fu belirlenmelidir. Bu \u2063a\u015famada, miras b\u0131rakan\u0131n \u200d\u00f6l\u00fcm tarihi ve son ikametgah\u0131 gibi bilgiler toplan\u0131r.<\/li>\n<li><strong>Miras\u0131n \u0130\u00e7eri\u011finin\u2062 Belirlenmesi:<\/strong> \u2062 Miras b\u0131rakan\u0131n mal \u2062varl\u0131\u011f\u0131, bor\u00e7lar\u0131 ve di\u011fer y\u00fck\u00fcml\u00fcl\u00fckleri \u200bara\u015ft\u0131r\u0131lmal\u0131d\u0131r.\u2062 Gayrimenkul,\u2063 ta\u015f\u0131n\u0131r mallar\u2062 ve finansal varl\u0131klar gibi unsurlar\u0131n tespiti yap\u0131l\u0131r.<\/li>\n<li><strong>Miras\u00e7\u0131lar\u200c Aras\u0131nda \u0130leti\u015fim:<\/strong> Miras\u00e7\u0131lar aras\u0131nda ileti\u015fim \u200csa\u011flanarak, \u2064miras\u0131n payla\u015f\u0131m\u0131 konusunda g\u00f6r\u00fc\u015fmeler yap\u0131l\u0131r. Bu a\u015fama, miras\u0131n adil bir \u015fekilde da\u011f\u0131t\u0131lmas\u0131 i\u00e7in \u00f6nemlidir.<\/li>\n<li><strong>Hukuki S\u00fcre\u00e7lerin Ba\u015flat\u0131lmas\u0131:<\/strong> Gerekli durumlarda, miras\u0131n\u200c payla\u015f\u0131m\u0131 i\u00e7in hukuki\u200c s\u00fcre\u00e7ler ba\u015flat\u0131labilir. Bu s\u00fcre\u00e7,miras\u00e7\u0131lar\u0131n haklar\u0131n\u0131n korunmas\u0131 a\u00e7\u0131s\u0131ndan \u00f6nem ta\u015f\u0131r.<\/li>\n<\/ul>\n<p>Bu a\u015famalar, miras\u0131n ara\u015ft\u0131r\u0131lmas\u0131 \u200bs\u00fcrecinin temel bile\u015fenlerini olu\u015fturmaktad\u0131r. Her <a href=\"https:\/\/denizcankizil.tr\/ru\/alanlar\/medeni-hukuk\/\" title=\"\u0413\u0440\u0430\u0436\u0434\u0430\u043d\u0441\u043a\u043e\u0435 \u043f\u0440\u0430\u0432\u043e\">bir a\u015fama<\/a>, miras\u00e7\u0131lar\u0131n haklar\u0131n\u0131 g\u00fcvence alt\u0131na almak ve miras\u0131n do\u011fru\u200b bir \u015fekilde y\u00f6netilmesini sa\u011flamak amac\u0131yla dikkatlice y\u00fcr\u00fct\u00fclmelidir.<\/p>\n<\/section>\n<p><img decoding=\"async\" class=\"kimage_class lazyload\" data-src=\"https:\/\/denizcankizil.tr\/wp-content\/uploads\/2024\/10\/1LHFk-253D.jpg\" alt=\"Miras\u0131n Ortaya \u00c7\u0131kart\u0131lmas\u0131 Y\u00f6ntemleri\" src=\"data:image\/svg+xml;base64,PHN2ZyB3aWR0aD0iMSIgaGVpZ2h0PSIxIiB4bWxucz0iaHR0cDovL3d3dy53My5vcmcvMjAwMC9zdmciPjwvc3ZnPg==\"><\/p>\n<h2 id=\"mirasin-ortaya-cikartilmasi-yontemleri\">Miras\u0131n ortaya \u00c7\u0131kart\u0131lmas\u0131\u200d Y\u00f6ntemleri<\/h2>\n<p>Miras\u0131n ortaya\u2062 \u00e7\u0131kart\u0131lmas\u0131, miras\u00e7\u0131lar i\u00e7in \u00f6nemli\u2062 bir s\u00fcre\u00e7tir ve bu s\u00fcre\u00e7 \u00e7e\u015fitli y\u00f6ntemlerle ger\u00e7ekle\u015ftirilebilir. Miras\u0131n tespiti, miras b\u0131rakan\u0131n mal \u2062varl\u0131\u011f\u0131n\u0131n ve bor\u00e7lar\u0131n\u0131n belirlenmesi a\u00e7\u0131s\u0131ndan \u2064kritik bir ad\u0131md\u0131r. Bu a\u015famada, a\u015fa\u011f\u0131daki y\u00f6ntemler\u200d kullan\u0131labilir:<\/p>\n<ul>\n<li><strong>Tapu Kay\u0131tlar\u0131n\u0131n \u0130ncelenmesi:<\/strong> \u2062 Miras \u200cb\u0131rakan\u0131n ta\u015f\u0131nmaz mallar\u0131n\u0131n \u2063tespit\u2064 edilmesi\u200c i\u00e7in tapu kay\u0131tlar\u0131 detayl\u0131 bir\u200d \u015fekilde incelenmelidir.<\/li>\n<li><strong>Banka Hesaplar\u0131n\u0131n Ara\u015ft\u0131r\u0131lmas\u0131:<\/strong> Miras b\u0131rakan\u0131n banka hesaplar\u0131 ve finansal varl\u0131klar\u0131, miras\u0131n\u2063 de\u011ferinin belirlenmesinde \u200d\u00f6nemli bir rol\u200c oynar.<\/li>\n<li><strong>Vasiyetname Kontrol\u00fc:<\/strong> Miras \u2064b\u0131rakan\u0131n b\u0131rakt\u0131\u011f\u0131 bir vasiyetname varsa, bu belge\u2063 miras\u0131n da\u011f\u0131t\u0131m\u0131nda belirleyici olacakt\u0131r.<\/li>\n<li><strong>Tan\u0131k Beyanlar\u0131:<\/strong> Miras\u2064 b\u0131rakan\u0131n mal \u2064varl\u0131\u011f\u0131 hakk\u0131nda bilgi\u200d sahibi olan \u200btan\u0131klar\u0131n\u200c ifadeleri,miras\u0131n ortaya \u00e7\u0131kart\u0131lmas\u0131nda yard\u0131mc\u0131 olabilir.<\/li>\n<\/ul>\n<p>Bu y\u00f6ntemlerin her biri,miras\u0131n kapsam\u0131n\u0131 ve de\u011ferini belirlemek i\u00e7in\u200d kullan\u0131labilir. Miras\u00e7\u0131lar, bu\u200b s\u00fcre\u00e7te hukuki\u200d destek alarak, haklar\u0131n\u0131 koruma \u200dalt\u0131na alabilir ve miras\u0131n adil bir \u015fekilde payla\u015f\u0131lmas\u0131n\u0131\u2062 sa\u011flayabilirler.<\/p>\n<p><img decoding=\"async\" class=\"kimage_class lazyload\" data-src=\"https:\/\/denizcankizil.tr\/wp-content\/uploads\/2024\/10\/2B6So-253D.jpg\" alt=\"Miras\u0131n De\u011ferlendirilmesi ve Payla\u015f\u0131m\u0131\" src=\"data:image\/svg+xml;base64,PHN2ZyB3aWR0aD0iMSIgaGVpZ2h0PSIxIiB4bWxucz0iaHR0cDovL3d3dy53My5vcmcvMjAwMC9zdmciPjwvc3ZnPg==\"><\/p>\n<h2 id=\"mirasin-degerlendirilmesi-ve-paylasimi\">Miras\u0131n De\u011ferlendirilmesi ve Payla\u015f\u0131m\u0131<\/h2>\n<p>, miras\u00e7\u0131lar\u0131n\u200b haklar\u0131n\u0131n belirlenmesi a\u00e7\u0131s\u0131ndan kritik bir\u200c s\u00fcre\u00e7tir.\u200c Bu a\u015famada, miras\u0131n niteli\u011fi \u2063ve\u200d de\u011feri, miras b\u0131rakan\u0131n mal \u2062varl\u0131\u011f\u0131n\u0131n kapsam\u0131 ve bor\u00e7lar\u0131 dikkate \u2063al\u0131narak analiz edilmelidir. Miras\u0131n payla\u015f\u0131m\u0131nda izlenecek\u200b y\u00f6ntemler, miras\u00e7\u0131lar\u0131n say\u0131s\u0131 \u200cve aralar\u0131ndaki ili\u015fkiler gibi fakt\u00f6rlere \u200cba\u011fl\u0131 olarak\u2064 de\u011fi\u015fiklik\u2064 g\u00f6sterebilir.<\/p>\n<p>Miras\u0131n payla\u015f\u0131m s\u00fcrecinde \u200cdikkate al\u0131nmas\u0131 gereken baz\u0131 \u00f6nemli noktalar \u2062\u015funlard\u0131r:<\/p>\n<ul>\n<li><strong>Miras\u0131n Tespiti:<\/strong> Miras b\u0131rakan\u0131n sahip\u2063 oldu\u011fu ta\u015f\u0131nmazlar, ta\u015f\u0131n\u0131rlar \u2063ve \u200cdi\u011fer varl\u0131klar\u0131n belirlenmesi gerekmektedir.<\/li>\n<li><strong>Bor\u00e7lar\u0131n\u2062 Hesaplanmas\u0131:<\/strong> Miras\u0131n de\u011ferinin belirlenmesinde,miras b\u0131rakan\u0131n bor\u00e7lar\u0131 da \u200cg\u00f6z \u00f6n\u00fcnde bulundurulmal\u0131d\u0131r.<\/li>\n<li><strong>Payla\u015f\u0131m Y\u00f6ntemleri:<\/strong> \u2064 Miras\u0131n\u200b payla\u015f\u0131m\u0131nda,\u200d miras\u00e7\u0131lar \u200baras\u0131nda anla\u015fma sa\u011flanmas\u0131 veya\u200d mahkeme yoluna ba\u015fvurulmas\u0131 gibi\u2063 farkl\u0131 y\u00f6ntemler\u200c tercih edilebilir.<\/li>\n<li><strong>\u042e\u0440\u0438\u0434\u0438\u0447\u0435\u0441\u043a\u0430\u044f \u043a\u043e\u043d\u0441\u0443\u043b\u044c\u0442\u0430\u0446\u0438\u044f:<\/strong> Miras payla\u015f\u0131m s\u00fcrecinde hukuki\u200c destek\u2063 almak, haklar\u0131n korunmas\u0131 a\u00e7\u0131s\u0131ndan\u2063 \u00f6nemlidir.<\/li>\n<\/ul>\n<p>Miras\u0131n payla\u015f\u0131m\u0131nda, miras\u00e7\u0131lar\u0131n haklar\u0131n\u0131n korunmas\u0131 ve adaletin \u200csa\u011flanmas\u0131 amac\u0131yla, \u2064t\u00fcm s\u00fcre\u00e7lerin hukuka uygun bir \u015fekilde \u200cy\u00fcr\u00fct\u00fclmesi gerekmektedir. Bu nedenle,  s\u00fcrecinde dikkatli \u2064bir\u2062 yakla\u015f\u0131m benimsemek, olas\u0131\u2063 uyu\u015fmazl\u0131klar\u0131n \u00f6n\u00fcne \u200bge\u00e7ilmesine\u2063 yard\u0131mc\u0131 olacakt\u0131r.<\/p>\n<p><img decoding=\"async\" class=\"kimage_class lazyload\" data-src=\"https:\/\/denizcankizil.tr\/wp-content\/uploads\/2024\/10\/bJieI-253D.jpg\" alt=\"Hukuki S\u00fcre\u00e7ler ve Miras Davalar\u0131\" src=\"data:image\/svg+xml;base64,PHN2ZyB3aWR0aD0iMSIgaGVpZ2h0PSIxIiB4bWxucz0iaHR0cDovL3d3dy53My5vcmcvMjAwMC9zdmciPjwvc3ZnPg==\"><\/p>\n<h2 id=\"hukuki-surecler-ve-miras-davalari\">Hukuki S\u00fcre\u00e7ler \u200dve Miras\u200c Davalar\u0131<\/h2>\n<p>Miras davalar\u0131, miras\u00e7\u0131lar\u0131n haklar\u0131n\u0131n korunmas\u0131 ve miras\u0131n adil \u200bbir \u015fekilde\u200b da\u011f\u0131t\u0131lmas\u0131 amac\u0131yla y\u00fcr\u00fct\u00fclen hukuki s\u00fcre\u00e7lerdir. Miras\u0131n ara\u015ft\u0131r\u0131lmas\u0131 ve ortaya \u00e7\u0131kart\u0131lmas\u0131 s\u00fcreci, bu davalar\u0131n temelini olu\u015fturur. \u2062Bu s\u00fcre\u00e7,miras\u200b b\u0131rakan\u0131n\u2063 mal varl\u0131\u011f\u0131n\u0131n tespit edilmesi ve miras\u00e7\u0131lar\u0131n haklar\u0131n\u0131n \u200bbelirlenmesi\u2064 a\u00e7\u0131s\u0131ndan b\u00fcy\u00fck \u2064\u00f6nem \u2062ta\u015f\u0131r.<\/p>\n<p>Bu s\u00fcre\u00e7te dikkate\u200d al\u0131nmas\u0131 gereken baz\u0131 \u00f6nemli noktalar \u015funlard\u0131r:<\/p>\n<ul>\n<li><strong>Miras B\u0131rakan\u0131n \u200dMal Varl\u0131\u011f\u0131:<\/strong> Miras\u2062 b\u0131rakan\u0131n sahip \u2062oldu\u011fu ta\u015f\u0131nmazlar, ta\u015f\u0131n\u0131r mallar ve di\u011fer varl\u0131klar\u0131n detayl\u0131 \u2062bir \u015fekilde ara\u015ft\u0131r\u0131lmas\u0131 gerekmektedir.<\/li>\n<li><strong>Hukuki Belgelerin \u0130ncelenmesi:<\/strong> \u200b Miras b\u0131rakan\u0131n vasiyetname, tapu kay\u0131tlar\u0131 ve\u200b di\u011fer hukuki\u200b belgeleri dikkatlice incelenmelidir.<\/li>\n<li><strong>Miras\u00e7\u0131lar\u0131n Tespiti:<\/strong> \u200bMiras\u00e7\u0131lar\u0131n kimler \u200doldu\u011fu,\u2064 yasal\u2064 miras\u00e7\u0131lar ve \u200cvarsa atanm\u0131\u015f\u200b miras\u00e7\u0131lar belirlenmelidir.<\/li>\n<li><strong>\u042e\u0440\u0438\u0434\u0438\u0447\u0435\u0441\u043a\u0430\u044f \u043a\u043e\u043d\u0441\u0443\u043b\u044c\u0442\u0430\u0446\u0438\u044f:<\/strong> \u200dS\u00fcrecin karma\u015f\u0131k yap\u0131s\u0131 nedeniyle,\u200d <a href=\"https:\/\/denizcankizil.tr\/ru\/koseyazilari\/degerlendirme\/nafaka-odenmezse-ne-yapmalisiniz-nafaka\/\" title=\"\u0427\u0442\u043e \u0434\u0435\u043b\u0430\u0442\u044c, \u0435\u0441\u043b\u0438 \u0430\u043b\u0438\u043c\u0435\u043d\u0442\u044b \u043d\u0435 \u0432\u044b\u043f\u043b\u0430\u0447\u0438\u0432\u0430\u044e\u0442\u0441\u044f?\">hukuki dan\u0131\u015fmanl\u0131k \u2064almak<\/a>, haklar\u0131n korunmas\u0131 a\u00e7\u0131s\u0131ndan faydal\u0131 olacakt\u0131r.<\/li>\n<\/ul>\n<p>Miras\u0131n ara\u015ft\u0131r\u0131lmas\u0131 ve ortaya \u00e7\u0131kart\u0131lmas\u0131 s\u00fcreci, miras \u2062davalar\u0131n\u0131n sa\u011fl\u0131kl\u0131 bir \u015fekilde y\u00fcr\u00fct\u00fclmesi i\u00e7in kritik bir a\u015famad\u0131r. \u200cBu s\u00fcre\u00e7te yap\u0131lacak olan hatalar, miras\u00e7\u0131lar\u0131n hak\u2063 kayb\u0131na u\u011framas\u0131na neden \u200dolabilir. Bu nedenle, s\u00fcrecin dikkatli bir \u015fekilde y\u00fcr\u00fct\u00fclmesi \u200bve gerekli hukuki\u2062 ad\u0131mlar\u0131n at\u0131lmas\u0131 b\u00fcy\u00fck \u00f6nem arz etmektedir.<\/p>\n<p><img decoding=\"async\" class=\"kimage_class lazyload\" data-src=\"https:\/\/denizcankizil.tr\/wp-content\/uploads\/2024\/10\/YhAY-253D.jpg\" alt=\"Miras\u0131n \u2062Ara\u015ft\u0131r\u0131lmas\u0131nda Kar\u015f\u0131la\u015f\u0131lan \u2062Zorluklar ve\u200b \u00c7\u00f6z\u00fcm\u200c \u00d6nerileri\" src=\"data:image\/svg+xml;base64,PHN2ZyB3aWR0aD0iMSIgaGVpZ2h0PSIxIiB4bWxucz0iaHR0cDovL3d3dy53My5vcmcvMjAwMC9zdmciPjwvc3ZnPg==\"><\/p>\n<h2 id=\"mirasin-arastirilmasinda-karsilasilan-zorluklar-ve-cozum-onerileri\">Miras\u0131n Ara\u015ft\u0131r\u0131lmas\u0131nda Kar\u015f\u0131la\u015f\u0131lan Zorluklar ve \u00c7\u00f6z\u00fcm \u00d6nerileri<\/h2>\n<section>\n<p>miras\u0131n ara\u015ft\u0131r\u0131lmas\u0131 s\u00fcreci, bir\u00e7ok zorlukla kar\u015f\u0131la\u015fabilmektedir. Bu zorluklar,\u2063 miras b\u0131rakan\u0131n \u200bmal varl\u0131\u011f\u0131n\u0131n tespiti,\u200b <a href=\"https:\/\/denizcankizil.tr\/ru\/seo\/miras-avukati-vasiyetname-ve-antalyadaki-mahkemeler\/\" title=\"... Avukat\u0131, Vasiyetname ve Antalya&#039;daki Mahkemeler\">miras\u00e7\u0131lar\u0131n belirlenmesi<\/a> ve miras\u0131n payla\u015f\u0131m\u0131nda ya\u015fanan anla\u015fmazl\u0131klar gibi \u00e7e\u015fitli alanlarda ortaya \u00e7\u0131kmaktad\u0131r. \u00d6zellikle, miras\u2062 b\u0131rakan\u0131n vefat\u0131ndan\u200b sonra, miras\u00e7\u0131lar\u0131n haklar\u0131n\u0131n\u200c korunmas\u0131 ve miras\u0131n adil bir\u2062 \u015fekilde\u200c da\u011f\u0131t\u0131lmas\u0131\u200d i\u00e7in gerekli olan bilgilerin toplanmas\u0131 olduk\u00e7a \u00f6nemlidir.<\/p>\n<p>bu s\u00fcre\u00e7te\u2063 kar\u015f\u0131la\u015f\u0131lan\u200c ba\u015fl\u0131ca zorluklar \u015funlard\u0131r:<\/p>\n<ul>\n<li><strong>Mal Varl\u0131\u011f\u0131n\u0131n Tespiti:<\/strong> Miras b\u0131rakan\u0131n sahip oldu\u011fu ta\u015f\u0131nmazlar, ta\u015f\u0131n\u0131rlar\u2063 ve\u200d di\u011fer varl\u0131klar\u0131n belirlenmesi zor\u200d olabilir.<\/li>\n<li><strong>Miras\u00e7\u0131lar\u0131n Belirlenmesi:<\/strong> Miras\u00e7\u0131lar aras\u0131nda\u2062 anla\u015fmazl\u0131klar\u200b \u00e7\u0131kabilir ve baz\u0131 miras\u00e7\u0131lar\u0131n varl\u0131\u011f\u0131 gizli kalabilir.<\/li>\n<li><strong>Hukuki\u2062 S\u00fcre\u00e7ler:<\/strong> Miras\u0131n payla\u015f\u0131m\u0131 s\u0131ras\u0131nda hukuki s\u00fcre\u00e7lerin\u200c karma\u015f\u0131k olmas\u0131, zaman al\u0131c\u0131 ve maliyetli olabilir.<\/li>\n<\/ul>\n<p>Bu \u2063zorluklar\u0131n\u2064 \u00fcstesinden gelmek i\u00e7in \u200dbaz\u0131 \u00e7\u00f6z\u00fcm \u00f6nerileri geli\u015ftirilmi\u015ftir.\u00d6ncelikle, miras b\u0131rakan\u0131n ya\u015fam\u0131 boyunca mal \u200bvarl\u0131\u011f\u0131n\u0131 d\u00fczenli bir \u015fekilde kaydetmesi ve miras\u00e7\u0131lar\u0131 hakk\u0131nda bilgi vermesi, s\u00fcrecin daha sa\u011fl\u0131kl\u0131 ilerlemesine\u2062 yard\u0131mc\u0131 \u200dolacakt\u0131r. Ayr\u0131ca, \u200dmiras ara\u015ft\u0131rmalar\u0131nda uzman ki\u015filerden destek almak, hukuki s\u00fcre\u00e7lerin daha h\u0131zl\u0131 ve etkili bir \u015fekilde y\u00fcr\u00fct\u00fclmesini sa\u011flayabilir. Son olarak, miras\u00e7\u0131lar\u0131n bir araya gelerek a\u00e7\u0131k \u200dileti\u015fim kurmalar\u0131, anla\u015fmazl\u0131klar\u0131n \u00e7\u00f6z\u00fcm\u00fcnde\u200b \u00f6nemli bir rol oynamaktad\u0131r.<\/p>\n<\/section>\n<p>Miras\u0131n ara\u015ft\u0131r\u0131lmas\u0131 ve ortaya \u00e7\u0131kart\u0131lmas\u0131 \u200cs\u00fcreci,hukukun \u00f6nemli\u200d bir \u2063alan\u0131n\u0131 te\u015fkil etmekte olup,bireylerin haklar\u0131n\u0131n\u200d korunmas\u0131 ve miras\u00e7\u0131lar aras\u0131ndaki ili\u015fkilerin\u2063 d\u00fczenlenmesi\u2063 a\u00e7\u0131s\u0131ndan b\u00fcy\u00fck bir\u2062 \u00f6neme sahiptir. Bu s\u00fcre\u00e7, miras\u200d b\u0131rakan\u0131n malvarl\u0131\u011f\u0131n\u0131n tespiti, miras\u00e7\u0131lar\u0131n belirlenmesi ve miras\u0131n payla\u015f\u0131m\u0131na\u200c y\u00f6nelik hukuki \u00e7er\u00e7evenin olu\u015fturulmas\u0131 gibi a\u015famalar\u0131 i\u00e7ermektedir.\u200b Miras\u0131n ara\u015ft\u0131r\u0131lmas\u0131, yaln\u0131zca\u200d hukuki \u2062bir zorunluluk\u2062 de\u011fil, ayn\u0131\u200b zamanda miras\u00e7\u0131lar\u0131n haklar\u0131n\u0131n g\u00fcvence alt\u0131na al\u0131nmas\u0131 a\u00e7\u0131s\u0131ndan da kritik bir rol oynamaktad\u0131r. <\/p>\n<p>Sonu\u00e7 olarak, miras\u0131n ara\u015ft\u0131r\u0131lmas\u0131 ve ortaya \u00e7\u0131kart\u0131lmas\u0131 s\u00fcreci, \u2062hem\u2063 bireysel hem de toplumsal boyutta \u00f6nemli\u2062 sonu\u00e7lar do\u011furmakta; bu nedenle, ilgili t\u00fcm taraflar\u0131n hukuki bilgi ve bilin\u00e7 d\u00fczeylerinin art\u0131r\u0131lmas\u0131, s\u00fcrecin sa\u011fl\u0131kl\u0131 bir \u015fekilde y\u00fcr\u00fct\u00fclmesi\u2062 a\u00e7\u0131s\u0131ndan elzemdir. Gelecekte bu \u2064alanda yap\u0131lacak d\u00fczenlemeler ve geli\u015ftirmeler, miras\u200d hukuku uygulamalar\u0131n\u0131n\u2064 etkinli\u011fini art\u0131racak \u200cve miras\u00e7\u0131lar\u2063 aras\u0131ndaki uyu\u015fmazl\u0131klar\u0131n \u200casgariye \u200bindirilmesine katk\u0131 sa\u011flayacakt\u0131r. bu \u2064ba\u011flamda, <a href=\"https:\/\/denizcankizil.tr\/ru\/koseyazilari\/degerlendirme\/turk-ceza-kanununa-gore-guvenlik-tedbirleri-belli-haklari-kullanmaktan-yoksun-birakma-esya-musaderesi-kazanc-musaderesi\/\" title=\"T\u00fcrk Ceza Kanununa G\u00f6re; G\u00fcvenlik Tedbirleri; Belli Haklar\u0131 Kullanmaktan Yoksun B\u0131rakma, E\u015fya M\u00fcsaderesi, Kazan\u00e7 M\u00fcsaderesi\">hukukun \u00fcst\u00fcnl\u00fc\u011f\u00fc ilkesinin g\u00f6zetilmesi<\/a>, adaletin sa\u011flanmas\u0131 ve \u2064bireylerin\u200b haklar\u0131n\u0131n korunmas\u0131 ad\u0131na b\u00fcy\u00fck bir \u00f6nem \u2064ta\u015f\u0131maktad\u0131r. <\/p>","protected":false},"excerpt":{"rendered":"<p>Miras\u0131n ara\u015ft\u0131r\u0131lmas\u0131 ve ortaya \u00e7\u0131kart\u0131lmas\u0131 s\u00fcreci, miras b\u0131rakan\u0131n malvarl\u0131\u011f\u0131n\u0131n tespiti ve miras\u00e7\u0131lar\u0131n haklar\u0131n\u0131n belirlenmesi a\u00e7\u0131s\u0131ndan kritik bir \u00f6neme sahiptir. Bu s\u00fcre\u00e7, hukuki belgelerin incelenmesi ve gerekli durumlarda uzman g\u00f6r\u00fc\u015flerinin al\u0131nmas\u0131n\u0131 i\u00e7erir.<\/p>","protected":false},"author":4,"featured_media":0,"comment_status":"closed","ping_status":"open","sticky":false,"template":"","format":"standard","meta":{"_acf_changed":false,"footnotes":""},"categories":[22],"tags":[],"class_list":["post-35744","post","type-post","status-publish","format-standard","hentry","category-degerlendirme"],"acf":[],"yoast_head":"<!-- This site is optimized with the Yoast SEO Premium plugin v26.6 (Yoast SEO v27.1.1) - https:\/\/yoast.com\/product\/yoast-seo-premium-wordpress\/ -->\n<title>Miras\u0131n Ara\u015ft\u0131r\u0131lmas\u0131 ve Ortaya \u00c7\u0131kart\u0131lmas\u0131 S\u00fcreci - Av. Deniz Can K\u0131z\u0131l<\/title>\n<meta name=\"robots\" content=\"index, follow, max-snippet:-1, max-image-preview:large, max-video-preview:-1\" \/>\n<link rel=\"canonical\" href=\"https:\/\/denizcankizil.tr\/ru\/koseyazilari\/degerlendirme\/mirasin-arastirilmasi-ve-ortaya-cikartilmasi-sureci\/\" \/>\n<meta property=\"og:locale\" content=\"ru_RU\" \/>\n<meta property=\"og:type\" content=\"article\" \/>\n<meta property=\"og:title\" content=\"Miras\u0131n Ara\u015ft\u0131r\u0131lmas\u0131 ve Ortaya \u00c7\u0131kart\u0131lmas\u0131 S\u00fcreci\" \/>\n<meta property=\"og:description\" content=\"Miras\u0131n ara\u015ft\u0131r\u0131lmas\u0131 ve ortaya \u00e7\u0131kart\u0131lmas\u0131 s\u00fcreci, miras b\u0131rakan\u0131n malvarl\u0131\u011f\u0131n\u0131n tespiti ve miras\u00e7\u0131lar\u0131n haklar\u0131n\u0131n belirlenmesi a\u00e7\u0131s\u0131ndan kritik bir \u00f6neme sahiptir. Bu s\u00fcre\u00e7, hukuki belgelerin incelenmesi ve gerekli durumlarda uzman g\u00f6r\u00fc\u015flerinin al\u0131nmas\u0131n\u0131 i\u00e7erir.\" \/>\n<meta property=\"og:url\" content=\"https:\/\/denizcankizil.tr\/ru\/koseyazilari\/degerlendirme\/mirasin-arastirilmasi-ve-ortaya-cikartilmasi-sureci\/\" \/>\n<meta property=\"og:site_name\" content=\"Av. Deniz Can K\u0131z\u0131l\" \/>\n<meta property=\"article:published_time\" content=\"2025-03-15T12:09:08+00:00\" \/>\n<meta property=\"article:modified_time\" content=\"2025-03-15T21:41:50+00:00\" \/>\n<meta property=\"og:image\" content=\"https:\/\/denizcankizil.tr\/wp-content\/uploads\/2024\/10\/H7KLQ-253D.jpg\" \/>\n<meta name=\"author\" content=\"Av. Deniz Can K\u0131z\u0131l\" \/>\n<meta name=\"twitter:card\" content=\"summary_large_image\" \/>\n<meta name=\"twitter:label1\" content=\"\u041d\u0430\u043f\u0438\u0441\u0430\u043d\u043e \u0430\u0432\u0442\u043e\u0440\u043e\u043c\" \/>\n\t<meta name=\"twitter:data1\" content=\"Av. Deniz Can K\u0131z\u0131l\" \/>\n\t<meta name=\"twitter:label2\" content=\"\u041f\u0440\u0438\u043c\u0435\u0440\u043d\u043e\u0435 \u0432\u0440\u0435\u043c\u044f \u0434\u043b\u044f \u0447\u0442\u0435\u043d\u0438\u044f\" \/>\n\t<meta name=\"twitter:data2\" content=\"10 \u043c\u0438\u043d\u0443\u0442\" \/>\n<script type=\"application\/ld+json\" class=\"yoast-schema-graph\">{\"@context\":\"https:\/\/schema.org\",\"@graph\":[{\"@type\":\"Article\",\"@id\":\"https:\/\/denizcankizil.tr\/en\/koseyazilari\/degerlendirme\/mirasin-arastirilmasi-ve-ortaya-cikartilmasi-sureci\/#article\",\"isPartOf\":{\"@id\":\"https:\/\/denizcankizil.tr\/en\/koseyazilari\/degerlendirme\/mirasin-arastirilmasi-ve-ortaya-cikartilmasi-sureci\/\"},\"author\":{\"name\":\"Av. Deniz Can K\u0131z\u0131l\",\"@id\":\"https:\/\/denizcankizil.tr\/de\/#\/schema\/person\/5dc1b22991bd7ac833867c10afc9b0ff\"},\"headline\":\"Miras\u0131n Ara\u015ft\u0131r\u0131lmas\u0131 ve Ortaya \u00c7\u0131kart\u0131lmas\u0131 S\u00fcreci\",\"datePublished\":\"2025-03-15T12:09:08+00:00\",\"dateModified\":\"2025-03-15T21:41:50+00:00\",\"mainEntityOfPage\":{\"@id\":\"https:\/\/denizcankizil.tr\/en\/koseyazilari\/degerlendirme\/mirasin-arastirilmasi-ve-ortaya-cikartilmasi-sureci\/\"},\"wordCount\":1993,\"publisher\":{\"@id\":\"https:\/\/denizcankizil.tr\/de\/#organization\"},\"image\":{\"@id\":\"https:\/\/denizcankizil.tr\/en\/koseyazilari\/degerlendirme\/mirasin-arastirilmasi-ve-ortaya-cikartilmasi-sureci\/#primaryimage\"},\"thumbnailUrl\":\"https:\/\/denizcankizil.tr\/wp-content\/uploads\/2024\/10\/H7KLQ-253D.jpg\",\"articleSection\":[\"De\u011ferlendirme\"],\"inLanguage\":\"ru-RU\"},{\"@type\":\"WebPage\",\"@id\":\"https:\/\/denizcankizil.tr\/en\/koseyazilari\/degerlendirme\/mirasin-arastirilmasi-ve-ortaya-cikartilmasi-sureci\/\",\"url\":\"https:\/\/denizcankizil.tr\/en\/koseyazilari\/degerlendirme\/mirasin-arastirilmasi-ve-ortaya-cikartilmasi-sureci\/\",\"name\":\"Miras\u0131n Ara\u015ft\u0131r\u0131lmas\u0131 ve Ortaya \u00c7\u0131kart\u0131lmas\u0131 S\u00fcreci - Av. Deniz Can K\u0131z\u0131l\",\"isPartOf\":{\"@id\":\"https:\/\/denizcankizil.tr\/de\/#website\"},\"primaryImageOfPage\":{\"@id\":\"https:\/\/denizcankizil.tr\/en\/koseyazilari\/degerlendirme\/mirasin-arastirilmasi-ve-ortaya-cikartilmasi-sureci\/#primaryimage\"},\"image\":{\"@id\":\"https:\/\/denizcankizil.tr\/en\/koseyazilari\/degerlendirme\/mirasin-arastirilmasi-ve-ortaya-cikartilmasi-sureci\/#primaryimage\"},\"thumbnailUrl\":\"https:\/\/denizcankizil.tr\/wp-content\/uploads\/2024\/10\/H7KLQ-253D.jpg\",\"datePublished\":\"2025-03-15T12:09:08+00:00\",\"dateModified\":\"2025-03-15T21:41:50+00:00\",\"breadcrumb\":{\"@id\":\"https:\/\/denizcankizil.tr\/en\/koseyazilari\/degerlendirme\/mirasin-arastirilmasi-ve-ortaya-cikartilmasi-sureci\/#breadcrumb\"},\"inLanguage\":\"ru-RU\",\"potentialAction\":[{\"@type\":\"ReadAction\",\"target\":[\"https:\/\/denizcankizil.tr\/en\/koseyazilari\/degerlendirme\/mirasin-arastirilmasi-ve-ortaya-cikartilmasi-sureci\/\"]}]},{\"@type\":\"ImageObject\",\"inLanguage\":\"ru-RU\",\"@id\":\"https:\/\/denizcankizil.tr\/en\/koseyazilari\/degerlendirme\/mirasin-arastirilmasi-ve-ortaya-cikartilmasi-sureci\/#primaryimage\",\"url\":\"https:\/\/denizcankizil.tr\/wp-content\/uploads\/2024\/10\/H7KLQ-253D.jpg\",\"contentUrl\":\"https:\/\/denizcankizil.tr\/wp-content\/uploads\/2024\/10\/H7KLQ-253D.jpg\"},{\"@type\":\"BreadcrumbList\",\"@id\":\"https:\/\/denizcankizil.tr\/en\/koseyazilari\/degerlendirme\/mirasin-arastirilmasi-ve-ortaya-cikartilmasi-sureci\/#breadcrumb\",\"itemListElement\":[{\"@type\":\"ListItem\",\"position\":1,\"name\":\"Home\",\"item\":\"https:\/\/denizcankizil.tr\/de\/\"},{\"@type\":\"ListItem\",\"position\":2,\"name\":\"Miras\u0131n Ara\u015ft\u0131r\u0131lmas\u0131 ve Ortaya \u00c7\u0131kart\u0131lmas\u0131 S\u00fcreci\"}]},{\"@type\":\"WebSite\",\"@id\":\"https:\/\/denizcankizil.tr\/de\/#website\",\"url\":\"https:\/\/denizcankizil.tr\/de\/\",\"name\":\"Av. Deniz Can K\u0131z\u0131l\",\"description\":\"Avukat Deniz Can K\u0131z\u0131l Antalya Barosu\",\"publisher\":{\"@id\":\"https:\/\/denizcankizil.tr\/de\/#organization\"},\"potentialAction\":[{\"@type\":\"SearchAction\",\"target\":{\"@type\":\"EntryPoint\",\"urlTemplate\":\"https:\/\/denizcankizil.tr\/de\/?s={search_term_string}\"},\"query-input\":{\"@type\":\"PropertyValueSpecification\",\"valueRequired\":true,\"valueName\":\"search_term_string\"}}],\"inLanguage\":\"ru-RU\"},{\"@type\":\"Organization\",\"@id\":\"https:\/\/denizcankizil.tr\/de\/#organization\",\"name\":\"Av. Deniz Can K\u0131z\u0131l\",\"url\":\"https:\/\/denizcankizil.tr\/de\/\",\"logo\":{\"@type\":\"ImageObject\",\"inLanguage\":\"ru-RU\",\"@id\":\"https:\/\/denizcankizil.tr\/de\/#\/schema\/logo\/image\/\",\"url\":\"https:\/\/denizcankizil.tr\/wp-content\/uploads\/2024\/10\/siyah-logo-svg.svg\",\"contentUrl\":\"https:\/\/denizcankizil.tr\/wp-content\/uploads\/2024\/10\/siyah-logo-svg.svg\",\"width\":1080,\"height\":1080,\"caption\":\"Av. Deniz Can K\u0131z\u0131l\"},\"image\":{\"@id\":\"https:\/\/denizcankizil.tr\/de\/#\/schema\/logo\/image\/\"}},{\"@type\":\"Person\",\"@id\":\"https:\/\/denizcankizil.tr\/de\/#\/schema\/person\/5dc1b22991bd7ac833867c10afc9b0ff\",\"name\":\"Av. Deniz Can K\u0131z\u0131l\",\"image\":{\"@type\":\"ImageObject\",\"inLanguage\":\"ru-RU\",\"@id\":\"https:\/\/denizcankizil.tr\/de\/#\/schema\/person\/image\/\",\"url\":\"https:\/\/secure.gravatar.com\/avatar\/a0b128fb9855c79efc976d5640eedb31dc35ec297594d6016d2cf7c60e975bb6?s=96&d=mm&r=g\",\"contentUrl\":\"https:\/\/secure.gravatar.com\/avatar\/a0b128fb9855c79efc976d5640eedb31dc35ec297594d6016d2cf7c60e975bb6?s=96&d=mm&r=g\",\"caption\":\"Av. Deniz Can K\u0131z\u0131l\"},\"sameAs\":[\"http:\/\/www.denizcankizil.tr\"],\"url\":\"https:\/\/denizcankizil.tr\/ru\/author\/denizcankizil\/\"}]}<\/script>\n<!-- \/ Yoast SEO Premium plugin. -->","yoast_head_json":{"title":"Miras\u0131n Ara\u015ft\u0131r\u0131lmas\u0131 ve Ortaya \u00c7\u0131kart\u0131lmas\u0131 S\u00fcreci - Av. Deniz Can K\u0131z\u0131l","robots":{"index":"index","follow":"follow","max-snippet":"max-snippet:-1","max-image-preview":"max-image-preview:large","max-video-preview":"max-video-preview:-1"},"canonical":"https:\/\/denizcankizil.tr\/ru\/koseyazilari\/degerlendirme\/mirasin-arastirilmasi-ve-ortaya-cikartilmasi-sureci\/","og_locale":"ru_RU","og_type":"article","og_title":"Miras\u0131n Ara\u015ft\u0131r\u0131lmas\u0131 ve Ortaya \u00c7\u0131kart\u0131lmas\u0131 S\u00fcreci","og_description":"Miras\u0131n ara\u015ft\u0131r\u0131lmas\u0131 ve ortaya \u00e7\u0131kart\u0131lmas\u0131 s\u00fcreci, miras b\u0131rakan\u0131n malvarl\u0131\u011f\u0131n\u0131n tespiti ve miras\u00e7\u0131lar\u0131n haklar\u0131n\u0131n belirlenmesi a\u00e7\u0131s\u0131ndan kritik bir \u00f6neme sahiptir. Bu s\u00fcre\u00e7, hukuki belgelerin incelenmesi ve gerekli durumlarda uzman g\u00f6r\u00fc\u015flerinin al\u0131nmas\u0131n\u0131 i\u00e7erir.","og_url":"https:\/\/denizcankizil.tr\/ru\/koseyazilari\/degerlendirme\/mirasin-arastirilmasi-ve-ortaya-cikartilmasi-sureci\/","og_site_name":"Av. Deniz Can K\u0131z\u0131l","article_published_time":"2025-03-15T12:09:08+00:00","article_modified_time":"2025-03-15T21:41:50+00:00","og_image":[{"url":"https:\/\/denizcankizil.tr\/wp-content\/uploads\/2024\/10\/H7KLQ-253D.jpg","type":"","width":"","height":""}],"author":"Av. Deniz Can K\u0131z\u0131l","twitter_card":"summary_large_image","twitter_misc":{"\u041d\u0430\u043f\u0438\u0441\u0430\u043d\u043e \u0430\u0432\u0442\u043e\u0440\u043e\u043c":"Av. Deniz Can K\u0131z\u0131l","\u041f\u0440\u0438\u043c\u0435\u0440\u043d\u043e\u0435 \u0432\u0440\u0435\u043c\u044f \u0434\u043b\u044f \u0447\u0442\u0435\u043d\u0438\u044f":"10 \u043c\u0438\u043d\u0443\u0442"},"schema":{"@context":"https:\/\/schema.org","@graph":[{"@type":"Article","@id":"https:\/\/denizcankizil.tr\/en\/koseyazilari\/degerlendirme\/mirasin-arastirilmasi-ve-ortaya-cikartilmasi-sureci\/#article","isPartOf":{"@id":"https:\/\/denizcankizil.tr\/en\/koseyazilari\/degerlendirme\/mirasin-arastirilmasi-ve-ortaya-cikartilmasi-sureci\/"},"author":{"name":"Av. Deniz Can K\u0131z\u0131l","@id":"https:\/\/denizcankizil.tr\/de\/#\/schema\/person\/5dc1b22991bd7ac833867c10afc9b0ff"},"headline":"Miras\u0131n Ara\u015ft\u0131r\u0131lmas\u0131 ve Ortaya \u00c7\u0131kart\u0131lmas\u0131 S\u00fcreci","datePublished":"2025-03-15T12:09:08+00:00","dateModified":"2025-03-15T21:41:50+00:00","mainEntityOfPage":{"@id":"https:\/\/denizcankizil.tr\/en\/koseyazilari\/degerlendirme\/mirasin-arastirilmasi-ve-ortaya-cikartilmasi-sureci\/"},"wordCount":1993,"publisher":{"@id":"https:\/\/denizcankizil.tr\/de\/#organization"},"image":{"@id":"https:\/\/denizcankizil.tr\/en\/koseyazilari\/degerlendirme\/mirasin-arastirilmasi-ve-ortaya-cikartilmasi-sureci\/#primaryimage"},"thumbnailUrl":"https:\/\/denizcankizil.tr\/wp-content\/uploads\/2024\/10\/H7KLQ-253D.jpg","articleSection":["De\u011ferlendirme"],"inLanguage":"ru-RU"},{"@type":"WebPage","@id":"https:\/\/denizcankizil.tr\/en\/koseyazilari\/degerlendirme\/mirasin-arastirilmasi-ve-ortaya-cikartilmasi-sureci\/","url":"https:\/\/denizcankizil.tr\/en\/koseyazilari\/degerlendirme\/mirasin-arastirilmasi-ve-ortaya-cikartilmasi-sureci\/","name":"Miras\u0131n Ara\u015ft\u0131r\u0131lmas\u0131 ve Ortaya \u00c7\u0131kart\u0131lmas\u0131 S\u00fcreci - Av. Deniz Can K\u0131z\u0131l","isPartOf":{"@id":"https:\/\/denizcankizil.tr\/de\/#website"},"primaryImageOfPage":{"@id":"https:\/\/denizcankizil.tr\/en\/koseyazilari\/degerlendirme\/mirasin-arastirilmasi-ve-ortaya-cikartilmasi-sureci\/#primaryimage"},"image":{"@id":"https:\/\/denizcankizil.tr\/en\/koseyazilari\/degerlendirme\/mirasin-arastirilmasi-ve-ortaya-cikartilmasi-sureci\/#primaryimage"},"thumbnailUrl":"https:\/\/denizcankizil.tr\/wp-content\/uploads\/2024\/10\/H7KLQ-253D.jpg","datePublished":"2025-03-15T12:09:08+00:00","dateModified":"2025-03-15T21:41:50+00:00","breadcrumb":{"@id":"https:\/\/denizcankizil.tr\/en\/koseyazilari\/degerlendirme\/mirasin-arastirilmasi-ve-ortaya-cikartilmasi-sureci\/#breadcrumb"},"inLanguage":"ru-RU","potentialAction":[{"@type":"ReadAction","target":["https:\/\/denizcankizil.tr\/en\/koseyazilari\/degerlendirme\/mirasin-arastirilmasi-ve-ortaya-cikartilmasi-sureci\/"]}]},{"@type":"ImageObject","inLanguage":"ru-RU","@id":"https:\/\/denizcankizil.tr\/en\/koseyazilari\/degerlendirme\/mirasin-arastirilmasi-ve-ortaya-cikartilmasi-sureci\/#primaryimage","url":"https:\/\/denizcankizil.tr\/wp-content\/uploads\/2024\/10\/H7KLQ-253D.jpg","contentUrl":"https:\/\/denizcankizil.tr\/wp-content\/uploads\/2024\/10\/H7KLQ-253D.jpg"},{"@type":"BreadcrumbList","@id":"https:\/\/denizcankizil.tr\/en\/koseyazilari\/degerlendirme\/mirasin-arastirilmasi-ve-ortaya-cikartilmasi-sureci\/#breadcrumb","itemListElement":[{"@type":"ListItem","position":1,"name":"Home","item":"https:\/\/denizcankizil.tr\/de\/"},{"@type":"ListItem","position":2,"name":"Miras\u0131n Ara\u015ft\u0131r\u0131lmas\u0131 ve Ortaya \u00c7\u0131kart\u0131lmas\u0131 S\u00fcreci"}]},{"@type":"WebSite","@id":"https:\/\/denizcankizil.tr\/de\/#website","url":"https:\/\/denizcankizil.tr\/de\/","name":"Av. Deniz Can K\u0131z\u0131l","description":"Avukat Deniz Can K\u0131z\u0131l Antalya Barosu","publisher":{"@id":"https:\/\/denizcankizil.tr\/de\/#organization"},"potentialAction":[{"@type":"SearchAction","target":{"@type":"EntryPoint","urlTemplate":"https:\/\/denizcankizil.tr\/de\/?s={search_term_string}"},"query-input":{"@type":"PropertyValueSpecification","valueRequired":true,"valueName":"search_term_string"}}],"inLanguage":"ru-RU"},{"@type":"Organization","@id":"https:\/\/denizcankizil.tr\/de\/#organization","name":"Av. Deniz Can K\u0131z\u0131l","url":"https:\/\/denizcankizil.tr\/de\/","logo":{"@type":"ImageObject","inLanguage":"ru-RU","@id":"https:\/\/denizcankizil.tr\/de\/#\/schema\/logo\/image\/","url":"https:\/\/denizcankizil.tr\/wp-content\/uploads\/2024\/10\/siyah-logo-svg.svg","contentUrl":"https:\/\/denizcankizil.tr\/wp-content\/uploads\/2024\/10\/siyah-logo-svg.svg","width":1080,"height":1080,"caption":"Av. Deniz Can K\u0131z\u0131l"},"image":{"@id":"https:\/\/denizcankizil.tr\/de\/#\/schema\/logo\/image\/"}},{"@type":"Person","@id":"https:\/\/denizcankizil.tr\/de\/#\/schema\/person\/5dc1b22991bd7ac833867c10afc9b0ff","name":"Av. Deniz Can K\u0131z\u0131l","image":{"@type":"ImageObject","inLanguage":"ru-RU","@id":"https:\/\/denizcankizil.tr\/de\/#\/schema\/person\/image\/","url":"https:\/\/secure.gravatar.com\/avatar\/a0b128fb9855c79efc976d5640eedb31dc35ec297594d6016d2cf7c60e975bb6?s=96&d=mm&r=g","contentUrl":"https:\/\/secure.gravatar.com\/avatar\/a0b128fb9855c79efc976d5640eedb31dc35ec297594d6016d2cf7c60e975bb6?s=96&d=mm&r=g","caption":"Av. Deniz Can K\u0131z\u0131l"},"sameAs":["http:\/\/www.denizcankizil.tr"],"url":"https:\/\/denizcankizil.tr\/ru\/author\/denizcankizil\/"}]}},"_links":{"self":[{"href":"https:\/\/denizcankizil.tr\/ru\/wp-json\/wp\/v2\/posts\/35744","targetHints":{"allow":["GET"]}}],"collection":[{"href":"https:\/\/denizcankizil.tr\/ru\/wp-json\/wp\/v2\/posts"}],"about":[{"href":"https:\/\/denizcankizil.tr\/ru\/wp-json\/wp\/v2\/types\/post"}],"author":[{"embeddable":true,"href":"https:\/\/denizcankizil.tr\/ru\/wp-json\/wp\/v2\/users\/4"}],"replies":[{"embeddable":true,"href":"https:\/\/denizcankizil.tr\/ru\/wp-json\/wp\/v2\/comments?post=35744"}],"version-history":[{"count":1,"href":"https:\/\/denizcankizil.tr\/ru\/wp-json\/wp\/v2\/posts\/35744\/revisions"}],"predecessor-version":[{"id":35776,"href":"https:\/\/denizcankizil.tr\/ru\/wp-json\/wp\/v2\/posts\/35744\/revisions\/35776"}],"wp:attachment":[{"href":"https:\/\/denizcankizil.tr\/ru\/wp-json\/wp\/v2\/media?parent=35744"}],"wp:term":[{"taxonomy":"category","embeddable":true,"href":"https:\/\/denizcankizil.tr\/ru\/wp-json\/wp\/v2\/categories?post=35744"},{"taxonomy":"post_tag","embeddable":true,"href":"https:\/\/denizcankizil.tr\/ru\/wp-json\/wp\/v2\/tags?post=35744"}],"curies":[{"name":"wp","href":"https:\/\/api.w.org\/{rel}","templated":true}]}}