{"id":35691,"date":"2025-03-14T15:41:15","date_gmt":"2025-03-14T12:41:15","guid":{"rendered":"https:\/\/denizcankizil.tr\/uncategorized-tr\/baskan-kocagoz-saglik-calisanlarinin-tip-bayramini-kutladi\/"},"modified":"2025-03-16T00:42:20","modified_gmt":"2025-03-15T21:42:20","slug":"baskan-kocagoz-saglik-calisanlarinin-tip-bayramini-kutladi","status":"publish","type":"post","link":"https:\/\/denizcankizil.tr\/ru\/haberler\/antalya\/baskan-kocagoz-saglik-calisanlarinin-tip-bayramini-kutladi\/","title":{"rendered":"Ba\u015fkan Kocag\u00f6z, sa\u011fl\u0131k \u00e7al\u0131\u015fanlar\u0131n\u0131n T\u0131p Bayram\u0131&#8217;n\u0131 kutlad\u0131"},"content":{"rendered":"<p>Kepez Belediye Ba\u015fkan\u0131 Mesut Kocag\u00f6z, 14 Mart T\u0131p Bayram\u0131 dolay\u0131s\u0131yla Belediye Sa\u011fl\u0131k Merkezi&#8217;ni ziyaret etti. Sa\u011fl\u0131k \u00e7al\u0131\u015fanlar\u0131yla bir araya gelen Ba\u015fkan Kocag\u00f6z, T\u0131p Bayram\u0131&#8217;n\u0131 kutlayarak, rengarenk \u00e7i\u00e7ekler takdim etti. \u00d6zverili \u00e7al\u0131\u015fmalar\u0131ndan dolay\u0131 sa\u011fl\u0131k \u00e7al\u0131\u015fanlar\u0131na te\u015fekk\u00fcr eden Kocag\u00f6z, &#8220;Biz \u00f6nce insan diyoruz. Sa\u011fl\u0131kl\u0131 insan demek, g\u00fc\u00e7l\u00fc toplum demek. Sa\u011fl\u0131\u011f\u0131m\u0131z\u0131 emanet etti\u011fimiz doktorlar\u0131m\u0131z, hem\u015firelerimiz ve t\u00fcm sa\u011fl\u0131k \u00e7al\u0131\u015fanlar\u0131m\u0131z, bizler i\u00e7in son derece k\u0131ymetli. 110 sa\u011fl\u0131k \u00e7al\u0131\u015fan\u0131n\u0131n g\u00f6rev yapt\u0131\u011f\u0131 bu merkezde, her birinin \u00f6zverili \u00e7al\u0131\u015fmalar\u0131 toplumumuz i\u00e7in b\u00fcy\u00fck bir de\u011fer ta\u015f\u0131yor&#8221; dedi.<\/p>\n<p>&#8220;Fedakarl\u0131kla \u00e7al\u0131\u015f\u0131yorlar&#8221;<br \/>\nBa\u015fkan Kocag\u00f6z, t\u00fcm sa\u011fl\u0131k \u00e7al\u0131\u015fanlar\u0131n\u0131n 14 Mart T\u0131p Bayram\u0131&#8217;n\u0131 kutlad\u0131\u011f\u0131n\u0131 belirterek, &#8220;\u0130sterdim ki her g\u00fcn, sa\u011fl\u0131k \u00e7al\u0131\u015fanlar\u0131m\u0131z\u0131n bayram\u0131 olsun. Onlar, hayat kurtarmak i\u00e7in b\u00fcy\u00fck bir fedakarl\u0131kla \u00e7al\u0131\u015f\u0131yorlar&#8221; diye konu\u015ftu. Kocag\u00f6z, ard\u0131ndan sa\u011fl\u0131k \u00e7al\u0131\u015fanlar\u0131yla g\u00fcn\u00fcn an\u0131s\u0131na foto\u011fraf \u00e7ektirdi. Ba\u015fkan Kocag\u00f6z&#8217;e ziyarette Kepez Belediyesi Ba\u015fkan Yard\u0131mc\u0131s\u0131 Evrim Yal\u00e7\u0131n, Belediye Sa\u011fl\u0131k \u0130\u015fleri M\u00fcd\u00fcr\u00fc Dr. Vahap Alag\u00f6z de e\u015flik etti.<\/p>\n<p>Kaynak: www.kanalv.com.tr Haber Sitesinden Al\u0131nm\u0131\u015ft\u0131r.<\/p>","protected":false},"excerpt":{"rendered":"<p>Kepez Belediye Ba\u015fkan\u0131 Mesut Kocag\u00f6z, 14 Mart T\u0131p Bayram\u0131 dolay\u0131s\u0131yla Belediye Sa\u011fl\u0131k Merkezi&#8217;ni ziyaret etti. Sa\u011fl\u0131k \u00e7al\u0131\u015fanlar\u0131yla bir araya gelen Ba\u015fkan Kocag\u00f6z, T\u0131p Bayram\u0131&#8217;n\u0131 kutlayarak, rengarenk \u00e7i\u00e7ekler takdim etti. \u00d6zverili \u00e7al\u0131\u015fmalar\u0131ndan dolay\u0131 sa\u011fl\u0131k \u00e7al\u0131\u015fanlar\u0131na te\u015fekk\u00fcr eden Kocag\u00f6z, &#8220;Biz \u00f6nce insan diyoruz. Sa\u011fl\u0131kl\u0131 insan demek, g\u00fc\u00e7l\u00fc toplum demek. Sa\u011fl\u0131\u011f\u0131m\u0131z\u0131 emanet etti\u011fimiz doktorlar\u0131m\u0131z, hem\u015firelerimiz ve t\u00fcm sa\u011fl\u0131k \u00e7al\u0131\u015fanlar\u0131m\u0131z, bizler i\u00e7in son derece k\u0131ymetli. 110 sa\u011fl\u0131k \u00e7al\u0131\u015fan\u0131n\u0131n g\u00f6rev yapt\u0131\u011f\u0131 bu merkezde, her birinin \u00f6zverili \u00e7al\u0131\u015fmalar\u0131 toplumumuz i\u00e7in b\u00fcy\u00fck bir de\u011fer ta\u015f\u0131yor&#8221; dedi. &#8220;Fedakarl\u0131kla \u00e7al\u0131\u015f\u0131yorlar&#8221; Ba\u015fkan Kocag\u00f6z, t\u00fcm sa\u011fl\u0131k \u00e7al\u0131\u015fanlar\u0131n\u0131n 14 Mart T\u0131p Bayram\u0131&#8217;n\u0131 kutlad\u0131\u011f\u0131n\u0131 belirterek, &#8220;\u0130sterdim ki her g\u00fcn, sa\u011fl\u0131k \u00e7al\u0131\u015fanlar\u0131m\u0131z\u0131n bayram\u0131 olsun. Onlar, hayat kurtarmak i\u00e7in b\u00fcy\u00fck bir fedakarl\u0131kla \u00e7al\u0131\u015f\u0131yorlar&#8221; diye konu\u015ftu. Kocag\u00f6z, ard\u0131ndan sa\u011fl\u0131k \u00e7al\u0131\u015fanlar\u0131yla g\u00fcn\u00fcn an\u0131s\u0131na foto\u011fraf \u00e7ektirdi. Ba\u015fkan Kocag\u00f6z&#8217;e ziyarette Kepez Belediyesi Ba\u015fkan Yard\u0131mc\u0131s\u0131 Evrim Yal\u00e7\u0131n, Belediye Sa\u011fl\u0131k \u0130\u015fleri M\u00fcd\u00fcr\u00fc Dr. Vahap Alag\u00f6z de e\u015flik etti. Kaynak: www.kanalv.com.tr Haber Sitesinden Al\u0131nm\u0131\u015ft\u0131r.<\/p>","protected":false},"author":4,"featured_media":0,"comment_status":"closed","ping_status":"open","sticky":false,"template":"","format":"standard","meta":{"_acf_changed":false,"footnotes":""},"categories":[26],"tags":[],"class_list":["post-35691","post","type-post","status-publish","format-standard","hentry","category-antalya"],"acf":[],"yoast_head":"<!-- This site is optimized with the Yoast SEO Premium plugin v26.6 (Yoast SEO v27.1.1) - https:\/\/yoast.com\/product\/yoast-seo-premium-wordpress\/ -->\n<title>Ba\u015fkan Kocag\u00f6z, sa\u011fl\u0131k \u00e7al\u0131\u015fanlar\u0131n\u0131n T\u0131p Bayram\u0131&#039;n\u0131 kutlad\u0131 - Av. Deniz Can K\u0131z\u0131l<\/title>\n<meta name=\"robots\" content=\"index, follow, max-snippet:-1, max-image-preview:large, max-video-preview:-1\" \/>\n<link rel=\"canonical\" href=\"https:\/\/denizcankizil.tr\/ru\/haberler\/antalya\/baskan-kocagoz-saglik-calisanlarinin-tip-bayramini-kutladi\/\" \/>\n<meta property=\"og:locale\" content=\"ru_RU\" \/>\n<meta property=\"og:type\" content=\"article\" \/>\n<meta property=\"og:title\" content=\"Ba\u015fkan Kocag\u00f6z, sa\u011fl\u0131k \u00e7al\u0131\u015fanlar\u0131n\u0131n T\u0131p Bayram\u0131&#039;n\u0131 kutlad\u0131\" \/>\n<meta property=\"og:description\" content=\"Kepez Belediye Ba\u015fkan\u0131 Mesut Kocag\u00f6z, 14 Mart T\u0131p Bayram\u0131 dolay\u0131s\u0131yla Belediye Sa\u011fl\u0131k Merkezi&#8217;ni ziyaret etti. Sa\u011fl\u0131k \u00e7al\u0131\u015fanlar\u0131yla bir araya gelen Ba\u015fkan Kocag\u00f6z, T\u0131p Bayram\u0131&#8217;n\u0131 kutlayarak, rengarenk \u00e7i\u00e7ekler takdim etti. \u00d6zverili \u00e7al\u0131\u015fmalar\u0131ndan dolay\u0131 sa\u011fl\u0131k \u00e7al\u0131\u015fanlar\u0131na te\u015fekk\u00fcr eden Kocag\u00f6z, &#8220;Biz \u00f6nce insan diyoruz. Sa\u011fl\u0131kl\u0131 insan demek, g\u00fc\u00e7l\u00fc toplum demek. Sa\u011fl\u0131\u011f\u0131m\u0131z\u0131 emanet etti\u011fimiz doktorlar\u0131m\u0131z, hem\u015firelerimiz ve t\u00fcm sa\u011fl\u0131k \u00e7al\u0131\u015fanlar\u0131m\u0131z, bizler i\u00e7in son derece k\u0131ymetli. 110 sa\u011fl\u0131k \u00e7al\u0131\u015fan\u0131n\u0131n g\u00f6rev yapt\u0131\u011f\u0131 bu merkezde, her birinin \u00f6zverili \u00e7al\u0131\u015fmalar\u0131 toplumumuz i\u00e7in b\u00fcy\u00fck bir de\u011fer ta\u015f\u0131yor&#8221; dedi. &#8220;Fedakarl\u0131kla \u00e7al\u0131\u015f\u0131yorlar&#8221; Ba\u015fkan Kocag\u00f6z, t\u00fcm sa\u011fl\u0131k \u00e7al\u0131\u015fanlar\u0131n\u0131n 14 Mart T\u0131p Bayram\u0131&#8217;n\u0131 kutlad\u0131\u011f\u0131n\u0131 belirterek, &#8220;\u0130sterdim ki her g\u00fcn, sa\u011fl\u0131k \u00e7al\u0131\u015fanlar\u0131m\u0131z\u0131n bayram\u0131 olsun. Onlar, hayat kurtarmak i\u00e7in b\u00fcy\u00fck bir fedakarl\u0131kla \u00e7al\u0131\u015f\u0131yorlar&#8221; diye konu\u015ftu. Kocag\u00f6z, ard\u0131ndan sa\u011fl\u0131k \u00e7al\u0131\u015fanlar\u0131yla g\u00fcn\u00fcn an\u0131s\u0131na foto\u011fraf \u00e7ektirdi. Ba\u015fkan Kocag\u00f6z&#8217;e ziyarette Kepez Belediyesi Ba\u015fkan Yard\u0131mc\u0131s\u0131 Evrim Yal\u00e7\u0131n, Belediye Sa\u011fl\u0131k \u0130\u015fleri M\u00fcd\u00fcr\u00fc Dr. Vahap Alag\u00f6z de e\u015flik etti. Kaynak: www.kanalv.com.tr Haber Sitesinden Al\u0131nm\u0131\u015ft\u0131r.\" \/>\n<meta property=\"og:url\" content=\"https:\/\/denizcankizil.tr\/ru\/haberler\/antalya\/baskan-kocagoz-saglik-calisanlarinin-tip-bayramini-kutladi\/\" \/>\n<meta property=\"og:site_name\" content=\"Av. Deniz Can K\u0131z\u0131l\" \/>\n<meta property=\"article:published_time\" content=\"2025-03-14T12:41:15+00:00\" \/>\n<meta property=\"article:modified_time\" content=\"2025-03-15T21:42:20+00:00\" \/>\n<meta name=\"author\" content=\"Av. Deniz Can K\u0131z\u0131l\" \/>\n<meta name=\"twitter:card\" content=\"summary_large_image\" \/>\n<meta name=\"twitter:label1\" content=\"\u041d\u0430\u043f\u0438\u0441\u0430\u043d\u043e \u0430\u0432\u0442\u043e\u0440\u043e\u043c\" \/>\n\t<meta name=\"twitter:data1\" content=\"Av. Deniz Can K\u0131z\u0131l\" \/>\n\t<meta name=\"twitter:label2\" content=\"\u041f\u0440\u0438\u043c\u0435\u0440\u043d\u043e\u0435 \u0432\u0440\u0435\u043c\u044f \u0434\u043b\u044f \u0447\u0442\u0435\u043d\u0438\u044f\" \/>\n\t<meta name=\"twitter:data2\" content=\"1 \u043c\u0438\u043d\u0443\u0442\u0430\" \/>\n<script type=\"application\/ld+json\" class=\"yoast-schema-graph\">{\"@context\":\"https:\/\/schema.org\",\"@graph\":[{\"@type\":\"Article\",\"@id\":\"https:\/\/denizcankizil.tr\/ru\/haberler\/antalya\/baskan-kocagoz-saglik-calisanlarinin-tip-bayramini-kutladi\/#article\",\"isPartOf\":{\"@id\":\"https:\/\/denizcankizil.tr\/ru\/haberler\/antalya\/baskan-kocagoz-saglik-calisanlarinin-tip-bayramini-kutladi\/\"},\"author\":{\"name\":\"Av. Deniz Can K\u0131z\u0131l\",\"@id\":\"https:\/\/denizcankizil.tr\/de\/#\/schema\/person\/5dc1b22991bd7ac833867c10afc9b0ff\"},\"headline\":\"Ba\u015fkan Kocag\u00f6z, sa\u011fl\u0131k \u00e7al\u0131\u015fanlar\u0131n\u0131n T\u0131p Bayram\u0131&#8217;n\u0131 kutlad\u0131\",\"datePublished\":\"2025-03-14T12:41:15+00:00\",\"dateModified\":\"2025-03-15T21:42:20+00:00\",\"mainEntityOfPage\":{\"@id\":\"https:\/\/denizcankizil.tr\/ru\/haberler\/antalya\/baskan-kocagoz-saglik-calisanlarinin-tip-bayramini-kutladi\/\"},\"wordCount\":267,\"publisher\":{\"@id\":\"https:\/\/denizcankizil.tr\/de\/#organization\"},\"articleSection\":[\"Antalya\"],\"inLanguage\":\"ru-RU\"},{\"@type\":\"WebPage\",\"@id\":\"https:\/\/denizcankizil.tr\/ru\/haberler\/antalya\/baskan-kocagoz-saglik-calisanlarinin-tip-bayramini-kutladi\/\",\"url\":\"https:\/\/denizcankizil.tr\/ru\/haberler\/antalya\/baskan-kocagoz-saglik-calisanlarinin-tip-bayramini-kutladi\/\",\"name\":\"Ba\u015fkan Kocag\u00f6z, sa\u011fl\u0131k \u00e7al\u0131\u015fanlar\u0131n\u0131n T\u0131p Bayram\u0131'n\u0131 kutlad\u0131 - Av. Deniz Can K\u0131z\u0131l\",\"isPartOf\":{\"@id\":\"https:\/\/denizcankizil.tr\/de\/#website\"},\"datePublished\":\"2025-03-14T12:41:15+00:00\",\"dateModified\":\"2025-03-15T21:42:20+00:00\",\"breadcrumb\":{\"@id\":\"https:\/\/denizcankizil.tr\/ru\/haberler\/antalya\/baskan-kocagoz-saglik-calisanlarinin-tip-bayramini-kutladi\/#breadcrumb\"},\"inLanguage\":\"ru-RU\",\"potentialAction\":[{\"@type\":\"ReadAction\",\"target\":[\"https:\/\/denizcankizil.tr\/ru\/haberler\/antalya\/baskan-kocagoz-saglik-calisanlarinin-tip-bayramini-kutladi\/\"]}]},{\"@type\":\"BreadcrumbList\",\"@id\":\"https:\/\/denizcankizil.tr\/ru\/haberler\/antalya\/baskan-kocagoz-saglik-calisanlarinin-tip-bayramini-kutladi\/#breadcrumb\",\"itemListElement\":[{\"@type\":\"ListItem\",\"position\":1,\"name\":\"Home\",\"item\":\"https:\/\/denizcankizil.tr\/de\/\"},{\"@type\":\"ListItem\",\"position\":2,\"name\":\"Ba\u015fkan Kocag\u00f6z, sa\u011fl\u0131k \u00e7al\u0131\u015fanlar\u0131n\u0131n T\u0131p Bayram\u0131&#8217;n\u0131 kutlad\u0131\"}]},{\"@type\":\"WebSite\",\"@id\":\"https:\/\/denizcankizil.tr\/de\/#website\",\"url\":\"https:\/\/denizcankizil.tr\/de\/\",\"name\":\"Av. Deniz Can K\u0131z\u0131l\",\"description\":\"Avukat Deniz Can K\u0131z\u0131l Antalya Barosu\",\"publisher\":{\"@id\":\"https:\/\/denizcankizil.tr\/de\/#organization\"},\"potentialAction\":[{\"@type\":\"SearchAction\",\"target\":{\"@type\":\"EntryPoint\",\"urlTemplate\":\"https:\/\/denizcankizil.tr\/de\/?s={search_term_string}\"},\"query-input\":{\"@type\":\"PropertyValueSpecification\",\"valueRequired\":true,\"valueName\":\"search_term_string\"}}],\"inLanguage\":\"ru-RU\"},{\"@type\":\"Organization\",\"@id\":\"https:\/\/denizcankizil.tr\/de\/#organization\",\"name\":\"Av. Deniz Can K\u0131z\u0131l\",\"url\":\"https:\/\/denizcankizil.tr\/de\/\",\"logo\":{\"@type\":\"ImageObject\",\"inLanguage\":\"ru-RU\",\"@id\":\"https:\/\/denizcankizil.tr\/de\/#\/schema\/logo\/image\/\",\"url\":\"https:\/\/denizcankizil.tr\/wp-content\/uploads\/2024\/10\/siyah-logo-svg.svg\",\"contentUrl\":\"https:\/\/denizcankizil.tr\/wp-content\/uploads\/2024\/10\/siyah-logo-svg.svg\",\"width\":1080,\"height\":1080,\"caption\":\"Av. Deniz Can K\u0131z\u0131l\"},\"image\":{\"@id\":\"https:\/\/denizcankizil.tr\/de\/#\/schema\/logo\/image\/\"}},{\"@type\":\"Person\",\"@id\":\"https:\/\/denizcankizil.tr\/de\/#\/schema\/person\/5dc1b22991bd7ac833867c10afc9b0ff\",\"name\":\"Av. Deniz Can K\u0131z\u0131l\",\"image\":{\"@type\":\"ImageObject\",\"inLanguage\":\"ru-RU\",\"@id\":\"https:\/\/denizcankizil.tr\/de\/#\/schema\/person\/image\/\",\"url\":\"https:\/\/secure.gravatar.com\/avatar\/a0b128fb9855c79efc976d5640eedb31dc35ec297594d6016d2cf7c60e975bb6?s=96&d=mm&r=g\",\"contentUrl\":\"https:\/\/secure.gravatar.com\/avatar\/a0b128fb9855c79efc976d5640eedb31dc35ec297594d6016d2cf7c60e975bb6?s=96&d=mm&r=g\",\"caption\":\"Av. Deniz Can K\u0131z\u0131l\"},\"sameAs\":[\"http:\/\/www.denizcankizil.tr\"],\"url\":\"https:\/\/denizcankizil.tr\/ru\/author\/denizcankizil\/\"}]}<\/script>\n<!-- \/ Yoast SEO Premium plugin. -->","yoast_head_json":{"title":"Ba\u015fkan Kocag\u00f6z, sa\u011fl\u0131k \u00e7al\u0131\u015fanlar\u0131n\u0131n T\u0131p Bayram\u0131'n\u0131 kutlad\u0131 - Av. Deniz Can K\u0131z\u0131l","robots":{"index":"index","follow":"follow","max-snippet":"max-snippet:-1","max-image-preview":"max-image-preview:large","max-video-preview":"max-video-preview:-1"},"canonical":"https:\/\/denizcankizil.tr\/ru\/haberler\/antalya\/baskan-kocagoz-saglik-calisanlarinin-tip-bayramini-kutladi\/","og_locale":"ru_RU","og_type":"article","og_title":"Ba\u015fkan Kocag\u00f6z, sa\u011fl\u0131k \u00e7al\u0131\u015fanlar\u0131n\u0131n T\u0131p Bayram\u0131'n\u0131 kutlad\u0131","og_description":"Kepez Belediye Ba\u015fkan\u0131 Mesut Kocag\u00f6z, 14 Mart T\u0131p Bayram\u0131 dolay\u0131s\u0131yla Belediye Sa\u011fl\u0131k Merkezi&#8217;ni ziyaret etti. Sa\u011fl\u0131k \u00e7al\u0131\u015fanlar\u0131yla bir araya gelen Ba\u015fkan Kocag\u00f6z, T\u0131p Bayram\u0131&#8217;n\u0131 kutlayarak, rengarenk \u00e7i\u00e7ekler takdim etti. \u00d6zverili \u00e7al\u0131\u015fmalar\u0131ndan dolay\u0131 sa\u011fl\u0131k \u00e7al\u0131\u015fanlar\u0131na te\u015fekk\u00fcr eden Kocag\u00f6z, &#8220;Biz \u00f6nce insan diyoruz. Sa\u011fl\u0131kl\u0131 insan demek, g\u00fc\u00e7l\u00fc toplum demek. Sa\u011fl\u0131\u011f\u0131m\u0131z\u0131 emanet etti\u011fimiz doktorlar\u0131m\u0131z, hem\u015firelerimiz ve t\u00fcm sa\u011fl\u0131k \u00e7al\u0131\u015fanlar\u0131m\u0131z, bizler i\u00e7in son derece k\u0131ymetli. 110 sa\u011fl\u0131k \u00e7al\u0131\u015fan\u0131n\u0131n g\u00f6rev yapt\u0131\u011f\u0131 bu merkezde, her birinin \u00f6zverili \u00e7al\u0131\u015fmalar\u0131 toplumumuz i\u00e7in b\u00fcy\u00fck bir de\u011fer ta\u015f\u0131yor&#8221; dedi. &#8220;Fedakarl\u0131kla \u00e7al\u0131\u015f\u0131yorlar&#8221; Ba\u015fkan Kocag\u00f6z, t\u00fcm sa\u011fl\u0131k \u00e7al\u0131\u015fanlar\u0131n\u0131n 14 Mart T\u0131p Bayram\u0131&#8217;n\u0131 kutlad\u0131\u011f\u0131n\u0131 belirterek, &#8220;\u0130sterdim ki her g\u00fcn, sa\u011fl\u0131k \u00e7al\u0131\u015fanlar\u0131m\u0131z\u0131n bayram\u0131 olsun. Onlar, hayat kurtarmak i\u00e7in b\u00fcy\u00fck bir fedakarl\u0131kla \u00e7al\u0131\u015f\u0131yorlar&#8221; diye konu\u015ftu. Kocag\u00f6z, ard\u0131ndan sa\u011fl\u0131k \u00e7al\u0131\u015fanlar\u0131yla g\u00fcn\u00fcn an\u0131s\u0131na foto\u011fraf \u00e7ektirdi. Ba\u015fkan Kocag\u00f6z&#8217;e ziyarette Kepez Belediyesi Ba\u015fkan Yard\u0131mc\u0131s\u0131 Evrim Yal\u00e7\u0131n, Belediye Sa\u011fl\u0131k \u0130\u015fleri M\u00fcd\u00fcr\u00fc Dr. Vahap Alag\u00f6z de e\u015flik etti. Kaynak: www.kanalv.com.tr Haber Sitesinden Al\u0131nm\u0131\u015ft\u0131r.","og_url":"https:\/\/denizcankizil.tr\/ru\/haberler\/antalya\/baskan-kocagoz-saglik-calisanlarinin-tip-bayramini-kutladi\/","og_site_name":"Av. Deniz Can K\u0131z\u0131l","article_published_time":"2025-03-14T12:41:15+00:00","article_modified_time":"2025-03-15T21:42:20+00:00","author":"Av. Deniz Can K\u0131z\u0131l","twitter_card":"summary_large_image","twitter_misc":{"\u041d\u0430\u043f\u0438\u0441\u0430\u043d\u043e \u0430\u0432\u0442\u043e\u0440\u043e\u043c":"Av. Deniz Can K\u0131z\u0131l","\u041f\u0440\u0438\u043c\u0435\u0440\u043d\u043e\u0435 \u0432\u0440\u0435\u043c\u044f \u0434\u043b\u044f \u0447\u0442\u0435\u043d\u0438\u044f":"1 \u043c\u0438\u043d\u0443\u0442\u0430"},"schema":{"@context":"https:\/\/schema.org","@graph":[{"@type":"Article","@id":"https:\/\/denizcankizil.tr\/ru\/haberler\/antalya\/baskan-kocagoz-saglik-calisanlarinin-tip-bayramini-kutladi\/#article","isPartOf":{"@id":"https:\/\/denizcankizil.tr\/ru\/haberler\/antalya\/baskan-kocagoz-saglik-calisanlarinin-tip-bayramini-kutladi\/"},"author":{"name":"Av. Deniz Can K\u0131z\u0131l","@id":"https:\/\/denizcankizil.tr\/de\/#\/schema\/person\/5dc1b22991bd7ac833867c10afc9b0ff"},"headline":"Ba\u015fkan Kocag\u00f6z, sa\u011fl\u0131k \u00e7al\u0131\u015fanlar\u0131n\u0131n T\u0131p Bayram\u0131&#8217;n\u0131 kutlad\u0131","datePublished":"2025-03-14T12:41:15+00:00","dateModified":"2025-03-15T21:42:20+00:00","mainEntityOfPage":{"@id":"https:\/\/denizcankizil.tr\/ru\/haberler\/antalya\/baskan-kocagoz-saglik-calisanlarinin-tip-bayramini-kutladi\/"},"wordCount":267,"publisher":{"@id":"https:\/\/denizcankizil.tr\/de\/#organization"},"articleSection":["Antalya"],"inLanguage":"ru-RU"},{"@type":"WebPage","@id":"https:\/\/denizcankizil.tr\/ru\/haberler\/antalya\/baskan-kocagoz-saglik-calisanlarinin-tip-bayramini-kutladi\/","url":"https:\/\/denizcankizil.tr\/ru\/haberler\/antalya\/baskan-kocagoz-saglik-calisanlarinin-tip-bayramini-kutladi\/","name":"Ba\u015fkan Kocag\u00f6z, sa\u011fl\u0131k \u00e7al\u0131\u015fanlar\u0131n\u0131n T\u0131p Bayram\u0131'n\u0131 kutlad\u0131 - Av. Deniz Can K\u0131z\u0131l","isPartOf":{"@id":"https:\/\/denizcankizil.tr\/de\/#website"},"datePublished":"2025-03-14T12:41:15+00:00","dateModified":"2025-03-15T21:42:20+00:00","breadcrumb":{"@id":"https:\/\/denizcankizil.tr\/ru\/haberler\/antalya\/baskan-kocagoz-saglik-calisanlarinin-tip-bayramini-kutladi\/#breadcrumb"},"inLanguage":"ru-RU","potentialAction":[{"@type":"ReadAction","target":["https:\/\/denizcankizil.tr\/ru\/haberler\/antalya\/baskan-kocagoz-saglik-calisanlarinin-tip-bayramini-kutladi\/"]}]},{"@type":"BreadcrumbList","@id":"https:\/\/denizcankizil.tr\/ru\/haberler\/antalya\/baskan-kocagoz-saglik-calisanlarinin-tip-bayramini-kutladi\/#breadcrumb","itemListElement":[{"@type":"ListItem","position":1,"name":"Home","item":"https:\/\/denizcankizil.tr\/de\/"},{"@type":"ListItem","position":2,"name":"Ba\u015fkan Kocag\u00f6z, sa\u011fl\u0131k \u00e7al\u0131\u015fanlar\u0131n\u0131n T\u0131p Bayram\u0131&#8217;n\u0131 kutlad\u0131"}]},{"@type":"WebSite","@id":"https:\/\/denizcankizil.tr\/de\/#website","url":"https:\/\/denizcankizil.tr\/de\/","name":"Av. Deniz Can K\u0131z\u0131l","description":"Avukat Deniz Can K\u0131z\u0131l Antalya Barosu","publisher":{"@id":"https:\/\/denizcankizil.tr\/de\/#organization"},"potentialAction":[{"@type":"SearchAction","target":{"@type":"EntryPoint","urlTemplate":"https:\/\/denizcankizil.tr\/de\/?s={search_term_string}"},"query-input":{"@type":"PropertyValueSpecification","valueRequired":true,"valueName":"search_term_string"}}],"inLanguage":"ru-RU"},{"@type":"Organization","@id":"https:\/\/denizcankizil.tr\/de\/#organization","name":"Av. Deniz Can K\u0131z\u0131l","url":"https:\/\/denizcankizil.tr\/de\/","logo":{"@type":"ImageObject","inLanguage":"ru-RU","@id":"https:\/\/denizcankizil.tr\/de\/#\/schema\/logo\/image\/","url":"https:\/\/denizcankizil.tr\/wp-content\/uploads\/2024\/10\/siyah-logo-svg.svg","contentUrl":"https:\/\/denizcankizil.tr\/wp-content\/uploads\/2024\/10\/siyah-logo-svg.svg","width":1080,"height":1080,"caption":"Av. Deniz Can K\u0131z\u0131l"},"image":{"@id":"https:\/\/denizcankizil.tr\/de\/#\/schema\/logo\/image\/"}},{"@type":"Person","@id":"https:\/\/denizcankizil.tr\/de\/#\/schema\/person\/5dc1b22991bd7ac833867c10afc9b0ff","name":"Av. Deniz Can K\u0131z\u0131l","image":{"@type":"ImageObject","inLanguage":"ru-RU","@id":"https:\/\/denizcankizil.tr\/de\/#\/schema\/person\/image\/","url":"https:\/\/secure.gravatar.com\/avatar\/a0b128fb9855c79efc976d5640eedb31dc35ec297594d6016d2cf7c60e975bb6?s=96&d=mm&r=g","contentUrl":"https:\/\/secure.gravatar.com\/avatar\/a0b128fb9855c79efc976d5640eedb31dc35ec297594d6016d2cf7c60e975bb6?s=96&d=mm&r=g","caption":"Av. Deniz Can K\u0131z\u0131l"},"sameAs":["http:\/\/www.denizcankizil.tr"],"url":"https:\/\/denizcankizil.tr\/ru\/author\/denizcankizil\/"}]}},"_links":{"self":[{"href":"https:\/\/denizcankizil.tr\/ru\/wp-json\/wp\/v2\/posts\/35691","targetHints":{"allow":["GET"]}}],"collection":[{"href":"https:\/\/denizcankizil.tr\/ru\/wp-json\/wp\/v2\/posts"}],"about":[{"href":"https:\/\/denizcankizil.tr\/ru\/wp-json\/wp\/v2\/types\/post"}],"author":[{"embeddable":true,"href":"https:\/\/denizcankizil.tr\/ru\/wp-json\/wp\/v2\/users\/4"}],"replies":[{"embeddable":true,"href":"https:\/\/denizcankizil.tr\/ru\/wp-json\/wp\/v2\/comments?post=35691"}],"version-history":[{"count":1,"href":"https:\/\/denizcankizil.tr\/ru\/wp-json\/wp\/v2\/posts\/35691\/revisions"}],"predecessor-version":[{"id":35829,"href":"https:\/\/denizcankizil.tr\/ru\/wp-json\/wp\/v2\/posts\/35691\/revisions\/35829"}],"wp:attachment":[{"href":"https:\/\/denizcankizil.tr\/ru\/wp-json\/wp\/v2\/media?parent=35691"}],"wp:term":[{"taxonomy":"category","embeddable":true,"href":"https:\/\/denizcankizil.tr\/ru\/wp-json\/wp\/v2\/categories?post=35691"},{"taxonomy":"post_tag","embeddable":true,"href":"https:\/\/denizcankizil.tr\/ru\/wp-json\/wp\/v2\/tags?post=35691"}],"curies":[{"name":"wp","href":"https:\/\/api.w.org\/{rel}","templated":true}]}}