{"id":35514,"date":"2025-03-12T16:41:35","date_gmt":"2025-03-12T13:41:35","guid":{"rendered":"https:\/\/denizcankizil.tr\/uncategorized-tr\/pisa-sinavinda-kemeri-temsil-edecekler\/"},"modified":"2025-03-12T16:41:35","modified_gmt":"2025-03-12T13:41:35","slug":"pisa-sinavinda-kemeri-temsil-edecekler","status":"publish","type":"post","link":"https:\/\/denizcankizil.tr\/ru\/haberler\/gundem\/pisa-sinavinda-kemeri-temsil-edecekler\/","title":{"rendered":"PISA s\u0131nav\u0131nda Kemer\u2019i temsil edecekler"},"content":{"rendered":"<p>Uluslararas\u0131 \u00d6\u011frenci De\u011ferlendirme Program\u0131 (PISA) s\u0131nav\u0131na girecek olan Kemer Turizm<\/p>\n<p>Mesleki ve Teknik Anadolu Lisesi \u00f6\u011frencileri, \u00f6\u011fretmenleri ile birlikte Kemer Belediye Ba\u015fkan\u0131<\/p>\n<p>Necati Topalo\u011flu\u2019nu makam\u0131nda ziyaret etti. Ba\u015fkan Topalo\u011flu, s\u0131nava girecek olan<\/p>\n<p>\u00f6\u011frencilere ba\u015far\u0131lar diledi.<\/p>\n<p>\u200bUluslararas\u0131 \u00d6\u011frenci De\u011ferlendirme Program\u0131 (PISA) s\u0131nav\u0131na girecek olan Kemer Turizm<\/p>\n<p>Mesleki ve Teknik Anadolu Lisesi \u00f6\u011frencileri, \u00f6\u011fretmenleri ile birlikte Kemer Belediye Ba\u015fkan\u0131<\/p>\n<p>Necati Topalo\u011flu\u2019nu makam\u0131nda ziyaret etti. Ba\u015fkan Topalo\u011flu, s\u0131nava girecek olan<\/p>\n<p>\u00f6\u011frencilere ba\u015far\u0131lar diledi.\u00a0<\/p>\n<p>\u200bHaberin Al\u0131nt\u0131land\u0131\u011f\u0131 Kaynak: www.iskenderun.org<\/p>","protected":false},"excerpt":{"rendered":"<p>Uluslararas\u0131 \u00d6\u011frenci De\u011ferlendirme Program\u0131 (PISA) s\u0131nav\u0131na girecek olan Kemer Turizm Mesleki ve Teknik Anadolu Lisesi \u00f6\u011frencileri, \u00f6\u011fretmenleri ile birlikte Kemer Belediye Ba\u015fkan\u0131 Necati Topalo\u011flu\u2019nu makam\u0131nda ziyaret etti. Ba\u015fkan Topalo\u011flu, s\u0131nava girecek olan \u00f6\u011frencilere ba\u015far\u0131lar diledi. \u200bUluslararas\u0131 \u00d6\u011frenci De\u011ferlendirme Program\u0131 (PISA) s\u0131nav\u0131na girecek olan Kemer Turizm Mesleki ve Teknik Anadolu Lisesi \u00f6\u011frencileri, \u00f6\u011fretmenleri ile birlikte Kemer Belediye Ba\u015fkan\u0131 Necati Topalo\u011flu\u2019nu makam\u0131nda ziyaret etti. Ba\u015fkan Topalo\u011flu, s\u0131nava girecek olan \u00f6\u011frencilere ba\u015far\u0131lar diledi.\u00a0 \u200bHaberin Al\u0131nt\u0131land\u0131\u011f\u0131 Kaynak: www.iskenderun.org<\/p>","protected":false},"author":1,"featured_media":0,"comment_status":"open","ping_status":"open","sticky":false,"template":"","format":"standard","meta":{"_acf_changed":false,"footnotes":""},"categories":[24],"tags":[],"class_list":["post-35514","post","type-post","status-publish","format-standard","has-post-thumbnail","hentry","category-gundem"],"acf":[],"yoast_head":"<!-- This site is optimized with the Yoast SEO Premium plugin v26.6 (Yoast SEO v27.1.1) - https:\/\/yoast.com\/product\/yoast-seo-premium-wordpress\/ -->\n<title>PISA s\u0131nav\u0131nda Kemer\u2019i temsil edecekler - Av. Deniz Can K\u0131z\u0131l<\/title>\n<meta name=\"robots\" content=\"index, follow, max-snippet:-1, max-image-preview:large, max-video-preview:-1\" \/>\n<link rel=\"canonical\" href=\"https:\/\/denizcankizil.tr\/ru\/haberler\/gundem\/pisa-sinavinda-kemeri-temsil-edecekler\/\" \/>\n<meta property=\"og:locale\" content=\"ru_RU\" \/>\n<meta property=\"og:type\" content=\"article\" \/>\n<meta property=\"og:title\" content=\"PISA s\u0131nav\u0131nda Kemer\u2019i temsil edecekler\" \/>\n<meta property=\"og:description\" content=\"Uluslararas\u0131 \u00d6\u011frenci De\u011ferlendirme Program\u0131 (PISA) s\u0131nav\u0131na girecek olan Kemer Turizm Mesleki ve Teknik Anadolu Lisesi \u00f6\u011frencileri, \u00f6\u011fretmenleri ile birlikte Kemer Belediye Ba\u015fkan\u0131 Necati Topalo\u011flu\u2019nu makam\u0131nda ziyaret etti. Ba\u015fkan Topalo\u011flu, s\u0131nava girecek olan \u00f6\u011frencilere ba\u015far\u0131lar diledi. \u200bUluslararas\u0131 \u00d6\u011frenci De\u011ferlendirme Program\u0131 (PISA) s\u0131nav\u0131na girecek olan Kemer Turizm Mesleki ve Teknik Anadolu Lisesi \u00f6\u011frencileri, \u00f6\u011fretmenleri ile birlikte Kemer Belediye Ba\u015fkan\u0131 Necati Topalo\u011flu\u2019nu makam\u0131nda ziyaret etti. Ba\u015fkan Topalo\u011flu, s\u0131nava girecek olan \u00f6\u011frencilere ba\u015far\u0131lar diledi.\u00a0 \u200bHaberin Al\u0131nt\u0131land\u0131\u011f\u0131 Kaynak: www.iskenderun.org\" \/>\n<meta property=\"og:url\" content=\"https:\/\/denizcankizil.tr\/ru\/haberler\/gundem\/pisa-sinavinda-kemeri-temsil-edecekler\/\" \/>\n<meta property=\"og:site_name\" content=\"Av. Deniz Can K\u0131z\u0131l\" \/>\n<meta property=\"article:published_time\" content=\"2025-03-12T13:41:35+00:00\" \/>\n<meta name=\"author\" content=\"admin\" \/>\n<meta name=\"twitter:card\" content=\"summary_large_image\" \/>\n<meta name=\"twitter:label1\" content=\"\u041d\u0430\u043f\u0438\u0441\u0430\u043d\u043e \u0430\u0432\u0442\u043e\u0440\u043e\u043c\" \/>\n\t<meta name=\"twitter:data1\" content=\"admin\" \/>\n\t<meta name=\"twitter:label2\" content=\"\u041f\u0440\u0438\u043c\u0435\u0440\u043d\u043e\u0435 \u0432\u0440\u0435\u043c\u044f \u0434\u043b\u044f \u0447\u0442\u0435\u043d\u0438\u044f\" \/>\n\t<meta name=\"twitter:data2\" content=\"1 \u043c\u0438\u043d\u0443\u0442\u0430\" \/>\n<script type=\"application\/ld+json\" class=\"yoast-schema-graph\">{\"@context\":\"https:\/\/schema.org\",\"@graph\":[{\"@type\":\"Article\",\"@id\":\"https:\/\/denizcankizil.tr\/ru\/haberler\/gundem\/pisa-sinavinda-kemeri-temsil-edecekler\/#article\",\"isPartOf\":{\"@id\":\"https:\/\/denizcankizil.tr\/ru\/haberler\/gundem\/pisa-sinavinda-kemeri-temsil-edecekler\/\"},\"author\":{\"name\":\"admin\",\"@id\":\"https:\/\/denizcankizil.tr\/#\/schema\/person\/be3c05fe6a12686905512445d8185489\"},\"headline\":\"PISA s\u0131nav\u0131nda Kemer\u2019i temsil edecekler\",\"datePublished\":\"2025-03-12T13:41:35+00:00\",\"mainEntityOfPage\":{\"@id\":\"https:\/\/denizcankizil.tr\/ru\/haberler\/gundem\/pisa-sinavinda-kemeri-temsil-edecekler\/\"},\"wordCount\":110,\"commentCount\":0,\"publisher\":{\"@id\":\"https:\/\/denizcankizil.tr\/#organization\"},\"articleSection\":[\"G\u00fcndem\"],\"inLanguage\":\"ru-RU\",\"potentialAction\":[{\"@type\":\"CommentAction\",\"name\":\"Comment\",\"target\":[\"https:\/\/denizcankizil.tr\/ru\/haberler\/gundem\/pisa-sinavinda-kemeri-temsil-edecekler\/#respond\"]}]},{\"@type\":\"WebPage\",\"@id\":\"https:\/\/denizcankizil.tr\/ru\/haberler\/gundem\/pisa-sinavinda-kemeri-temsil-edecekler\/\",\"url\":\"https:\/\/denizcankizil.tr\/ru\/haberler\/gundem\/pisa-sinavinda-kemeri-temsil-edecekler\/\",\"name\":\"PISA s\u0131nav\u0131nda Kemer\u2019i temsil edecekler - Av. Deniz Can K\u0131z\u0131l\",\"isPartOf\":{\"@id\":\"https:\/\/denizcankizil.tr\/#website\"},\"datePublished\":\"2025-03-12T13:41:35+00:00\",\"breadcrumb\":{\"@id\":\"https:\/\/denizcankizil.tr\/ru\/haberler\/gundem\/pisa-sinavinda-kemeri-temsil-edecekler\/#breadcrumb\"},\"inLanguage\":\"ru-RU\",\"potentialAction\":[{\"@type\":\"ReadAction\",\"target\":[\"https:\/\/denizcankizil.tr\/ru\/haberler\/gundem\/pisa-sinavinda-kemeri-temsil-edecekler\/\"]}]},{\"@type\":\"BreadcrumbList\",\"@id\":\"https:\/\/denizcankizil.tr\/ru\/haberler\/gundem\/pisa-sinavinda-kemeri-temsil-edecekler\/#breadcrumb\",\"itemListElement\":[{\"@type\":\"ListItem\",\"position\":1,\"name\":\"Home\",\"item\":\"https:\/\/denizcankizil.tr\/de\/\"},{\"@type\":\"ListItem\",\"position\":2,\"name\":\"PISA s\u0131nav\u0131nda Kemer\u2019i temsil edecekler\"}]},{\"@type\":\"WebSite\",\"@id\":\"https:\/\/denizcankizil.tr\/#website\",\"url\":\"https:\/\/denizcankizil.tr\/\",\"name\":\"Av. Deniz Can K\u0131z\u0131l\",\"description\":\"Avukat Deniz Can K\u0131z\u0131l Antalya Barosu\",\"publisher\":{\"@id\":\"https:\/\/denizcankizil.tr\/#organization\"},\"potentialAction\":[{\"@type\":\"SearchAction\",\"target\":{\"@type\":\"EntryPoint\",\"urlTemplate\":\"https:\/\/denizcankizil.tr\/?s={search_term_string}\"},\"query-input\":{\"@type\":\"PropertyValueSpecification\",\"valueRequired\":true,\"valueName\":\"search_term_string\"}}],\"inLanguage\":\"ru-RU\"},{\"@type\":\"Organization\",\"@id\":\"https:\/\/denizcankizil.tr\/#organization\",\"name\":\"Av. Deniz Can K\u0131z\u0131l\",\"url\":\"https:\/\/denizcankizil.tr\/\",\"logo\":{\"@type\":\"ImageObject\",\"inLanguage\":\"ru-RU\",\"@id\":\"https:\/\/denizcankizil.tr\/#\/schema\/logo\/image\/\",\"url\":\"https:\/\/denizcankizil.tr\/wp-content\/uploads\/2024\/10\/siyah-logo-svg.svg\",\"contentUrl\":\"https:\/\/denizcankizil.tr\/wp-content\/uploads\/2024\/10\/siyah-logo-svg.svg\",\"width\":1080,\"height\":1080,\"caption\":\"Av. Deniz Can K\u0131z\u0131l\"},\"image\":{\"@id\":\"https:\/\/denizcankizil.tr\/#\/schema\/logo\/image\/\"}},{\"@type\":\"Person\",\"@id\":\"https:\/\/denizcankizil.tr\/#\/schema\/person\/be3c05fe6a12686905512445d8185489\",\"name\":\"admin\",\"image\":{\"@type\":\"ImageObject\",\"inLanguage\":\"ru-RU\",\"@id\":\"https:\/\/denizcankizil.tr\/#\/schema\/person\/image\/\",\"url\":\"https:\/\/secure.gravatar.com\/avatar\/c1fce94c830dc79107e174f890d7210541c4a63e8e5d816341794a2151c9d58c?s=96&d=mm&r=g\",\"contentUrl\":\"https:\/\/secure.gravatar.com\/avatar\/c1fce94c830dc79107e174f890d7210541c4a63e8e5d816341794a2151c9d58c?s=96&d=mm&r=g\",\"caption\":\"admin\"},\"sameAs\":[\"http:\/\/denizcankizil.tr\"],\"url\":\"https:\/\/www.iskenderun.org\/pisa-sinavinda-kemeri-temsil-edecekler\"}]}<\/script>\n<!-- \/ Yoast SEO Premium plugin. -->","yoast_head_json":{"title":"PISA s\u0131nav\u0131nda Kemer\u2019i temsil edecekler - Av. Deniz Can K\u0131z\u0131l","robots":{"index":"index","follow":"follow","max-snippet":"max-snippet:-1","max-image-preview":"max-image-preview:large","max-video-preview":"max-video-preview:-1"},"canonical":"https:\/\/denizcankizil.tr\/ru\/haberler\/gundem\/pisa-sinavinda-kemeri-temsil-edecekler\/","og_locale":"ru_RU","og_type":"article","og_title":"PISA s\u0131nav\u0131nda Kemer\u2019i temsil edecekler","og_description":"Uluslararas\u0131 \u00d6\u011frenci De\u011ferlendirme Program\u0131 (PISA) s\u0131nav\u0131na girecek olan Kemer Turizm Mesleki ve Teknik Anadolu Lisesi \u00f6\u011frencileri, \u00f6\u011fretmenleri ile birlikte Kemer Belediye Ba\u015fkan\u0131 Necati Topalo\u011flu\u2019nu makam\u0131nda ziyaret etti. Ba\u015fkan Topalo\u011flu, s\u0131nava girecek olan \u00f6\u011frencilere ba\u015far\u0131lar diledi. \u200bUluslararas\u0131 \u00d6\u011frenci De\u011ferlendirme Program\u0131 (PISA) s\u0131nav\u0131na girecek olan Kemer Turizm Mesleki ve Teknik Anadolu Lisesi \u00f6\u011frencileri, \u00f6\u011fretmenleri ile birlikte Kemer Belediye Ba\u015fkan\u0131 Necati Topalo\u011flu\u2019nu makam\u0131nda ziyaret etti. Ba\u015fkan Topalo\u011flu, s\u0131nava girecek olan \u00f6\u011frencilere ba\u015far\u0131lar diledi.\u00a0 \u200bHaberin Al\u0131nt\u0131land\u0131\u011f\u0131 Kaynak: www.iskenderun.org","og_url":"https:\/\/denizcankizil.tr\/ru\/haberler\/gundem\/pisa-sinavinda-kemeri-temsil-edecekler\/","og_site_name":"Av. Deniz Can K\u0131z\u0131l","article_published_time":"2025-03-12T13:41:35+00:00","author":"admin","twitter_card":"summary_large_image","twitter_misc":{"\u041d\u0430\u043f\u0438\u0441\u0430\u043d\u043e \u0430\u0432\u0442\u043e\u0440\u043e\u043c":"admin","\u041f\u0440\u0438\u043c\u0435\u0440\u043d\u043e\u0435 \u0432\u0440\u0435\u043c\u044f \u0434\u043b\u044f \u0447\u0442\u0435\u043d\u0438\u044f":"1 \u043c\u0438\u043d\u0443\u0442\u0430"},"schema":{"@context":"https:\/\/schema.org","@graph":[{"@type":"Article","@id":"https:\/\/denizcankizil.tr\/ru\/haberler\/gundem\/pisa-sinavinda-kemeri-temsil-edecekler\/#article","isPartOf":{"@id":"https:\/\/denizcankizil.tr\/ru\/haberler\/gundem\/pisa-sinavinda-kemeri-temsil-edecekler\/"},"author":{"name":"admin","@id":"https:\/\/denizcankizil.tr\/#\/schema\/person\/be3c05fe6a12686905512445d8185489"},"headline":"PISA s\u0131nav\u0131nda Kemer\u2019i temsil edecekler","datePublished":"2025-03-12T13:41:35+00:00","mainEntityOfPage":{"@id":"https:\/\/denizcankizil.tr\/ru\/haberler\/gundem\/pisa-sinavinda-kemeri-temsil-edecekler\/"},"wordCount":110,"commentCount":0,"publisher":{"@id":"https:\/\/denizcankizil.tr\/#organization"},"articleSection":["G\u00fcndem"],"inLanguage":"ru-RU","potentialAction":[{"@type":"CommentAction","name":"Comment","target":["https:\/\/denizcankizil.tr\/ru\/haberler\/gundem\/pisa-sinavinda-kemeri-temsil-edecekler\/#respond"]}]},{"@type":"WebPage","@id":"https:\/\/denizcankizil.tr\/ru\/haberler\/gundem\/pisa-sinavinda-kemeri-temsil-edecekler\/","url":"https:\/\/denizcankizil.tr\/ru\/haberler\/gundem\/pisa-sinavinda-kemeri-temsil-edecekler\/","name":"PISA s\u0131nav\u0131nda Kemer\u2019i temsil edecekler - Av. Deniz Can K\u0131z\u0131l","isPartOf":{"@id":"https:\/\/denizcankizil.tr\/#website"},"datePublished":"2025-03-12T13:41:35+00:00","breadcrumb":{"@id":"https:\/\/denizcankizil.tr\/ru\/haberler\/gundem\/pisa-sinavinda-kemeri-temsil-edecekler\/#breadcrumb"},"inLanguage":"ru-RU","potentialAction":[{"@type":"ReadAction","target":["https:\/\/denizcankizil.tr\/ru\/haberler\/gundem\/pisa-sinavinda-kemeri-temsil-edecekler\/"]}]},{"@type":"BreadcrumbList","@id":"https:\/\/denizcankizil.tr\/ru\/haberler\/gundem\/pisa-sinavinda-kemeri-temsil-edecekler\/#breadcrumb","itemListElement":[{"@type":"ListItem","position":1,"name":"Home","item":"https:\/\/denizcankizil.tr\/de\/"},{"@type":"ListItem","position":2,"name":"PISA s\u0131nav\u0131nda Kemer\u2019i temsil edecekler"}]},{"@type":"WebSite","@id":"https:\/\/denizcankizil.tr\/#website","url":"https:\/\/denizcankizil.tr\/","name":"Av. Deniz Can K\u0131z\u0131l","description":"Avukat Deniz Can K\u0131z\u0131l Antalya Barosu","publisher":{"@id":"https:\/\/denizcankizil.tr\/#organization"},"potentialAction":[{"@type":"SearchAction","target":{"@type":"EntryPoint","urlTemplate":"https:\/\/denizcankizil.tr\/?s={search_term_string}"},"query-input":{"@type":"PropertyValueSpecification","valueRequired":true,"valueName":"search_term_string"}}],"inLanguage":"ru-RU"},{"@type":"Organization","@id":"https:\/\/denizcankizil.tr\/#organization","name":"Av. Deniz Can K\u0131z\u0131l","url":"https:\/\/denizcankizil.tr\/","logo":{"@type":"ImageObject","inLanguage":"ru-RU","@id":"https:\/\/denizcankizil.tr\/#\/schema\/logo\/image\/","url":"https:\/\/denizcankizil.tr\/wp-content\/uploads\/2024\/10\/siyah-logo-svg.svg","contentUrl":"https:\/\/denizcankizil.tr\/wp-content\/uploads\/2024\/10\/siyah-logo-svg.svg","width":1080,"height":1080,"caption":"Av. Deniz Can K\u0131z\u0131l"},"image":{"@id":"https:\/\/denizcankizil.tr\/#\/schema\/logo\/image\/"}},{"@type":"Person","@id":"https:\/\/denizcankizil.tr\/#\/schema\/person\/be3c05fe6a12686905512445d8185489","name":"\u0430\u0434\u043c\u0438\u043d","image":{"@type":"ImageObject","inLanguage":"ru-RU","@id":"https:\/\/denizcankizil.tr\/#\/schema\/person\/image\/","url":"https:\/\/secure.gravatar.com\/avatar\/c1fce94c830dc79107e174f890d7210541c4a63e8e5d816341794a2151c9d58c?s=96&d=mm&r=g","contentUrl":"https:\/\/secure.gravatar.com\/avatar\/c1fce94c830dc79107e174f890d7210541c4a63e8e5d816341794a2151c9d58c?s=96&d=mm&r=g","caption":"admin"},"sameAs":["http:\/\/denizcankizil.tr"],"url":"https:\/\/www.iskenderun.org\/pisa-sinavinda-kemeri-temsil-edecekler"}]}},"_links":{"self":[{"href":"https:\/\/denizcankizil.tr\/ru\/wp-json\/wp\/v2\/posts\/35514","targetHints":{"allow":["GET"]}}],"collection":[{"href":"https:\/\/denizcankizil.tr\/ru\/wp-json\/wp\/v2\/posts"}],"about":[{"href":"https:\/\/denizcankizil.tr\/ru\/wp-json\/wp\/v2\/types\/post"}],"author":[{"embeddable":true,"href":"https:\/\/denizcankizil.tr\/ru\/wp-json\/wp\/v2\/users\/1"}],"replies":[{"embeddable":true,"href":"https:\/\/denizcankizil.tr\/ru\/wp-json\/wp\/v2\/comments?post=35514"}],"version-history":[{"count":0,"href":"https:\/\/denizcankizil.tr\/ru\/wp-json\/wp\/v2\/posts\/35514\/revisions"}],"wp:attachment":[{"href":"https:\/\/denizcankizil.tr\/ru\/wp-json\/wp\/v2\/media?parent=35514"}],"wp:term":[{"taxonomy":"category","embeddable":true,"href":"https:\/\/denizcankizil.tr\/ru\/wp-json\/wp\/v2\/categories?post=35514"},{"taxonomy":"post_tag","embeddable":true,"href":"https:\/\/denizcankizil.tr\/ru\/wp-json\/wp\/v2\/tags?post=35514"}],"curies":[{"name":"wp","href":"https:\/\/api.w.org\/{rel}","templated":true}]}}