{"id":35452,"date":"2025-03-12T10:41:44","date_gmt":"2025-03-12T07:41:44","guid":{"rendered":"https:\/\/denizcankizil.tr\/uncategorized-tr\/losevin-baslattigi-iyilikler-carsisi-antalyaya-geliyor\/"},"modified":"2025-03-12T10:41:44","modified_gmt":"2025-03-12T07:41:44","slug":"losevin-baslattigi-iyilikler-carsisi-antalyaya-geliyor","status":"publish","type":"post","link":"https:\/\/denizcankizil.tr\/ru\/haberler\/gundem\/losevin-baslattigi-iyilikler-carsisi-antalyaya-geliyor\/","title":{"rendered":"L\u00d6SEV\u2019in ba\u015flatt\u0131\u011f\u0131 \u2018\u0130yilikler \u00c7ar\u015f\u0131s\u0131\u2019 Antalya\u2019ya geliyor\u2026"},"content":{"rendered":"<p>L\u00f6semili \u00c7ocuklar Sa\u011fl\u0131k ve E\u011fitim Vakf\u0131 (L\u00d6SEV), l\u00f6semi ve kanserle m\u00fccadele eden \u00e7ocuklar ile ailelerinin y\u00fcz\u00fcn\u00fc g\u00fcld\u00fcrecek anlaml\u0131 bir sosyal sorumluluk projesini hayata ge\u00e7irdi. \u201c\u0130yilikler \u00c7ar\u015f\u0131s\u0131\u201d ad\u0131yla ba\u015flat\u0131lan bu proje, hastalar ve aileleri i\u00e7in yaln\u0131zca bir al\u0131\u015fveri\u015f deneyimi de\u011fil, ayn\u0131 zamanda b\u00fcy\u00fck bir dayan\u0131\u015fma ve moral etkinli\u011fi sunuyor.\u00a0<\/p>\n<p>\u00dcCRETS\u0130Z ALI\u015eVER\u0130\u015e YAPILACAK<\/p>\n<p>Antalya Cam Piramit\u2019te 15 Mart Cumartesi g\u00fcn\u00fc d\u00fczenlenecek olan etkinlikle hasta \u00e7ocuklar ve aileler g\u00fcn boyu \u00fccretsiz al\u0131\u015fveri\u015f yapacaklar. D\u00fczenlenecek olan etkinlikte, L\u00d6SEV\u2019e kay\u0131tl\u0131 hasta ve ihtiya\u00e7 sahibi aile bir araya gelecek. \u00c7ocuklar ve aileler, kendileri i\u00e7in haz\u0131rlanan \u00f6zel al\u0131\u015fveri\u015f alanlar\u0131nda g\u00fcnl\u00fck ihtiya\u00e7lar\u0131n\u0131 \u00fccretsiz olarak kar\u015f\u0131larken, e\u011flenceli etkinlikler ve s\u00fcrprizlerle dolu bir \u015fenlik atmosferi ya\u015fayacak.\u00a0<\/p>\n<p>\u00dcLKE GENEL\u0130NDE 100 B\u0130N\u0130 A\u015eKIN YAKIN HASTA<\/p>\n<p>L\u00d6SEV, T\u00fcrkiye genelinde 100 bini a\u015fk\u0131n kay\u0131tl\u0131 hasta ve aileye 26 y\u0131ld\u0131r sa\u011fl\u0131k, e\u011fitim ve maddi-manevi destek sa\u011fl\u0131yor. Bu kapsamda hayata ge\u00e7irilen \u0130yilikler \u00c7ar\u015f\u0131s\u0131, ailelerin y\u00fck\u00fcn\u00fc hafifletmek ve onlara destek olmak i\u00e7in Cumartesi g\u00fcn\u00fc Antalya\u2019da d\u00fczenlenecek. \u00c7ar\u015f\u0131da, L\u00d6SEV\u2019e kay\u0131tl\u0131 hastalar ve aileleri, oyuncaktan g\u0131daya, tekstilden z\u00fcccaciyeye kadar geni\u015f bir yelpazede \u00fcr\u00fcnleri hi\u00e7bir \u00fccret \u00f6demeden temin edebilecek. Aileler, L\u00d6SEV taraf\u0131ndan \u00f6zel olarak tasarlanan sembolik para kuponlar\u0131yla al\u0131\u015fveri\u015f yaparken, \u00e7e\u015fitli \u00e7ekili\u015flerle tatil, beyaz e\u015fya ve teknoloji \u00fcr\u00fcnleri gibi b\u00fcy\u00fck \u00f6d\u00fclleri kazanma \u015fans\u0131 da yakalayacak.\u00a0<\/p>\n<p>AKT\u0130F ROL \u00dcSTLEND\u0130LER<\/p>\n<p>Bu b\u00fcy\u00fck organizasyonda, bini a\u015fk\u0131n L\u00d6SEV g\u00f6n\u00fcll\u00fcs\u00fc, \u00fcniversite \u00f6\u011frencileri, kurumsal sosyal sorumluluk kapsam\u0131nda destek veren \u015firketler ve i\u015f insanlar\u0131, ba\u011f\u0131\u015f ve lojistik s\u00fcre\u00e7lerinde aktif rol ald\u0131. \u00dcr\u00fcnlerin temininden ta\u015f\u0131nmas\u0131na, paketlenmesinden ailelere ula\u015ft\u0131r\u0131lmas\u0131na kadar her a\u015fama, g\u00f6n\u00fcll\u00fclerin \u00f6zverili \u00e7al\u0131\u015fmalar\u0131yla ger\u00e7ekle\u015fiyor. \u0130yilikler \u00c7ar\u015f\u0131s\u0131, sadece bir al\u0131\u015fveri\u015f etkinli\u011fi de\u011fil, ayn\u0131 zamanda \u00e7ocuklar ve aileleri i\u00e7in moral ve motivasyon dolu bir festival ortam\u0131 sunuyor. G\u00fcn boyunca m\u00fczik, dans ve \u00e7e\u015fitli etkinliklerle renklenen organizasyonda, \u00e7ocuklar kukla \u015fovlar\u0131, Hacivat-Karag\u00f6z g\u00f6sterileri ve yarat\u0131c\u0131 at\u00f6lyelerde keyifli vakit ge\u00e7irirken, aileler de bu anlaml\u0131 g\u00fcnde birlik olman\u0131n mutlulu\u011funu ya\u015fayacaklar. Ramazan ay\u0131n\u0131n payla\u015fma ve dayan\u0131\u015fma ruhunun da hissedildi\u011fi etkinlikte, L\u00d6SEV G\u00f6n\u00fcll\u00fc Korosu\u2019nun sahne almas\u0131yla birlikte, keyifli anlar ya\u015fanacak.<\/p>\n<p>\u200bL\u00f6semili \u00c7ocuklar Sa\u011fl\u0131k ve E\u011fitim Vakf\u0131 L\u00d6SEV taraf\u0131ndan ramazan ay\u0131nda ba\u015flat\u0131lan \u2018\u0130yilikler \u00c7ar\u015f\u0131s\u0131\u2019 Antalya\u2019da kurulacak. 15 Mart Cumartesi g\u00fcn\u00fc Cam Piramit\u2019te d\u00fczenlenecek olan etkinlikler aileler \u00fccretsiz al\u0131\u015fveri\u015f yapacak.\u00a0<\/p>\n<p>\u200bHaberin Al\u0131nt\u0131land\u0131\u011f\u0131 Kaynak: www.antalyakorfez.com<\/p>","protected":false},"excerpt":{"rendered":"<p>L\u00f6semili \u00c7ocuklar Sa\u011fl\u0131k ve E\u011fitim Vakf\u0131 (L\u00d6SEV), l\u00f6semi ve kanserle m\u00fccadele eden \u00e7ocuklar ile ailelerinin y\u00fcz\u00fcn\u00fc g\u00fcld\u00fcrecek anlaml\u0131 bir sosyal sorumluluk projesini hayata ge\u00e7irdi. \u201c\u0130yilikler \u00c7ar\u015f\u0131s\u0131\u201d ad\u0131yla ba\u015flat\u0131lan bu proje, hastalar ve aileleri i\u00e7in yaln\u0131zca bir al\u0131\u015fveri\u015f deneyimi de\u011fil, ayn\u0131 zamanda b\u00fcy\u00fck bir dayan\u0131\u015fma ve moral etkinli\u011fi sunuyor.\u00a0 \u00dcCRETS\u0130Z ALI\u015eVER\u0130\u015e YAPILACAK Antalya Cam Piramit\u2019te 15 Mart Cumartesi g\u00fcn\u00fc d\u00fczenlenecek olan etkinlikle hasta \u00e7ocuklar ve aileler g\u00fcn boyu \u00fccretsiz al\u0131\u015fveri\u015f yapacaklar. D\u00fczenlenecek olan etkinlikte, L\u00d6SEV\u2019e kay\u0131tl\u0131 hasta ve ihtiya\u00e7 sahibi aile bir araya gelecek. \u00c7ocuklar ve aileler, kendileri i\u00e7in haz\u0131rlanan \u00f6zel al\u0131\u015fveri\u015f alanlar\u0131nda g\u00fcnl\u00fck ihtiya\u00e7lar\u0131n\u0131 \u00fccretsiz olarak kar\u015f\u0131larken, e\u011flenceli etkinlikler ve s\u00fcrprizlerle dolu bir \u015fenlik atmosferi ya\u015fayacak.\u00a0 \u00dcLKE GENEL\u0130NDE 100 B\u0130N\u0130 A\u015eKIN YAKIN HASTA L\u00d6SEV, T\u00fcrkiye genelinde 100 bini a\u015fk\u0131n kay\u0131tl\u0131 hasta ve aileye 26 y\u0131ld\u0131r sa\u011fl\u0131k, e\u011fitim ve maddi-manevi destek sa\u011fl\u0131yor. Bu kapsamda hayata ge\u00e7irilen \u0130yilikler \u00c7ar\u015f\u0131s\u0131, ailelerin y\u00fck\u00fcn\u00fc hafifletmek ve onlara destek olmak i\u00e7in Cumartesi g\u00fcn\u00fc Antalya\u2019da d\u00fczenlenecek. \u00c7ar\u015f\u0131da, L\u00d6SEV\u2019e kay\u0131tl\u0131 hastalar ve aileleri, oyuncaktan g\u0131daya, tekstilden z\u00fcccaciyeye kadar geni\u015f bir yelpazede \u00fcr\u00fcnleri hi\u00e7bir \u00fccret \u00f6demeden temin edebilecek. Aileler, L\u00d6SEV taraf\u0131ndan \u00f6zel olarak tasarlanan sembolik para kuponlar\u0131yla al\u0131\u015fveri\u015f yaparken, \u00e7e\u015fitli \u00e7ekili\u015flerle tatil, beyaz e\u015fya ve teknoloji \u00fcr\u00fcnleri gibi b\u00fcy\u00fck \u00f6d\u00fclleri kazanma \u015fans\u0131 da yakalayacak.\u00a0 AKT\u0130F ROL \u00dcSTLEND\u0130LER Bu b\u00fcy\u00fck &hellip;<\/p>","protected":false},"author":5,"featured_media":0,"comment_status":"open","ping_status":"open","sticky":false,"template":"","format":"standard","meta":{"_acf_changed":false,"footnotes":""},"categories":[24],"tags":[],"class_list":["post-35452","post","type-post","status-publish","format-standard","has-post-thumbnail","hentry","category-gundem"],"acf":[],"yoast_head":"<!-- This site is optimized with the Yoast SEO Premium plugin v26.6 (Yoast SEO v27.1.1) - https:\/\/yoast.com\/product\/yoast-seo-premium-wordpress\/ -->\n<title>L\u00d6SEV\u2019in ba\u015flatt\u0131\u011f\u0131 \u2018\u0130yilikler \u00c7ar\u015f\u0131s\u0131\u2019 Antalya\u2019ya geliyor\u2026 - Av. Deniz Can K\u0131z\u0131l<\/title>\n<meta name=\"robots\" content=\"index, follow, max-snippet:-1, max-image-preview:large, max-video-preview:-1\" \/>\n<link rel=\"canonical\" href=\"https:\/\/denizcankizil.tr\/ru\/haberler\/gundem\/losevin-baslattigi-iyilikler-carsisi-antalyaya-geliyor\/\" \/>\n<meta property=\"og:locale\" content=\"ru_RU\" \/>\n<meta property=\"og:type\" content=\"article\" \/>\n<meta property=\"og:title\" content=\"L\u00d6SEV\u2019in ba\u015flatt\u0131\u011f\u0131 \u2018\u0130yilikler \u00c7ar\u015f\u0131s\u0131\u2019 Antalya\u2019ya geliyor\u2026\" \/>\n<meta property=\"og:description\" content=\"L\u00f6semili \u00c7ocuklar Sa\u011fl\u0131k ve E\u011fitim Vakf\u0131 (L\u00d6SEV), l\u00f6semi ve kanserle m\u00fccadele eden \u00e7ocuklar ile ailelerinin y\u00fcz\u00fcn\u00fc g\u00fcld\u00fcrecek anlaml\u0131 bir sosyal sorumluluk projesini hayata ge\u00e7irdi. \u201c\u0130yilikler \u00c7ar\u015f\u0131s\u0131\u201d ad\u0131yla ba\u015flat\u0131lan bu proje, hastalar ve aileleri i\u00e7in yaln\u0131zca bir al\u0131\u015fveri\u015f deneyimi de\u011fil, ayn\u0131 zamanda b\u00fcy\u00fck bir dayan\u0131\u015fma ve moral etkinli\u011fi sunuyor.\u00a0 \u00dcCRETS\u0130Z ALI\u015eVER\u0130\u015e YAPILACAK Antalya Cam Piramit\u2019te 15 Mart Cumartesi g\u00fcn\u00fc d\u00fczenlenecek olan etkinlikle hasta \u00e7ocuklar ve aileler g\u00fcn boyu \u00fccretsiz al\u0131\u015fveri\u015f yapacaklar. D\u00fczenlenecek olan etkinlikte, L\u00d6SEV\u2019e kay\u0131tl\u0131 hasta ve ihtiya\u00e7 sahibi aile bir araya gelecek. \u00c7ocuklar ve aileler, kendileri i\u00e7in haz\u0131rlanan \u00f6zel al\u0131\u015fveri\u015f alanlar\u0131nda g\u00fcnl\u00fck ihtiya\u00e7lar\u0131n\u0131 \u00fccretsiz olarak kar\u015f\u0131larken, e\u011flenceli etkinlikler ve s\u00fcrprizlerle dolu bir \u015fenlik atmosferi ya\u015fayacak.\u00a0 \u00dcLKE GENEL\u0130NDE 100 B\u0130N\u0130 A\u015eKIN YAKIN HASTA L\u00d6SEV, T\u00fcrkiye genelinde 100 bini a\u015fk\u0131n kay\u0131tl\u0131 hasta ve aileye 26 y\u0131ld\u0131r sa\u011fl\u0131k, e\u011fitim ve maddi-manevi destek sa\u011fl\u0131yor. Bu kapsamda hayata ge\u00e7irilen \u0130yilikler \u00c7ar\u015f\u0131s\u0131, ailelerin y\u00fck\u00fcn\u00fc hafifletmek ve onlara destek olmak i\u00e7in Cumartesi g\u00fcn\u00fc Antalya\u2019da d\u00fczenlenecek. \u00c7ar\u015f\u0131da, L\u00d6SEV\u2019e kay\u0131tl\u0131 hastalar ve aileleri, oyuncaktan g\u0131daya, tekstilden z\u00fcccaciyeye kadar geni\u015f bir yelpazede \u00fcr\u00fcnleri hi\u00e7bir \u00fccret \u00f6demeden temin edebilecek. Aileler, L\u00d6SEV taraf\u0131ndan \u00f6zel olarak tasarlanan sembolik para kuponlar\u0131yla al\u0131\u015fveri\u015f yaparken, \u00e7e\u015fitli \u00e7ekili\u015flerle tatil, beyaz e\u015fya ve teknoloji \u00fcr\u00fcnleri gibi b\u00fcy\u00fck \u00f6d\u00fclleri kazanma \u015fans\u0131 da yakalayacak.\u00a0 AKT\u0130F ROL \u00dcSTLEND\u0130LER Bu b\u00fcy\u00fck &hellip;\" \/>\n<meta property=\"og:url\" content=\"https:\/\/denizcankizil.tr\/ru\/haberler\/gundem\/losevin-baslattigi-iyilikler-carsisi-antalyaya-geliyor\/\" \/>\n<meta property=\"og:site_name\" content=\"Av. Deniz Can K\u0131z\u0131l\" \/>\n<meta property=\"article:published_time\" content=\"2025-03-12T07:41:44+00:00\" \/>\n<meta name=\"author\" content=\"Antalya K\u00f6rfez\" \/>\n<meta name=\"twitter:card\" content=\"summary_large_image\" \/>\n<meta name=\"twitter:label1\" content=\"\u041d\u0430\u043f\u0438\u0441\u0430\u043d\u043e \u0430\u0432\u0442\u043e\u0440\u043e\u043c\" \/>\n\t<meta name=\"twitter:data1\" content=\"Antalya K\u00f6rfez\" \/>\n\t<meta name=\"twitter:label2\" content=\"\u041f\u0440\u0438\u043c\u0435\u0440\u043d\u043e\u0435 \u0432\u0440\u0435\u043c\u044f \u0434\u043b\u044f \u0447\u0442\u0435\u043d\u0438\u044f\" \/>\n\t<meta name=\"twitter:data2\" content=\"2 \u043c\u0438\u043d\u0443\u0442\u044b\" \/>\n<script type=\"application\/ld+json\" class=\"yoast-schema-graph\">{\"@context\":\"https:\/\/schema.org\",\"@graph\":[{\"@type\":\"Article\",\"@id\":\"https:\/\/denizcankizil.tr\/ru\/haberler\/gundem\/losevin-baslattigi-iyilikler-carsisi-antalyaya-geliyor\/#article\",\"isPartOf\":{\"@id\":\"https:\/\/denizcankizil.tr\/ru\/haberler\/gundem\/losevin-baslattigi-iyilikler-carsisi-antalyaya-geliyor\/\"},\"author\":{\"name\":\"Antalya K\u00f6rfez\",\"@id\":\"https:\/\/denizcankizil.tr\/#\/schema\/person\/e1eb71bb4dd684d46563f0af307e1234\"},\"headline\":\"L\u00d6SEV\u2019in ba\u015flatt\u0131\u011f\u0131 \u2018\u0130yilikler \u00c7ar\u015f\u0131s\u0131\u2019 Antalya\u2019ya geliyor\u2026\",\"datePublished\":\"2025-03-12T07:41:44+00:00\",\"mainEntityOfPage\":{\"@id\":\"https:\/\/denizcankizil.tr\/ru\/haberler\/gundem\/losevin-baslattigi-iyilikler-carsisi-antalyaya-geliyor\/\"},\"wordCount\":507,\"commentCount\":0,\"publisher\":{\"@id\":\"https:\/\/denizcankizil.tr\/#organization\"},\"articleSection\":[\"G\u00fcndem\"],\"inLanguage\":\"ru-RU\",\"potentialAction\":[{\"@type\":\"CommentAction\",\"name\":\"Comment\",\"target\":[\"https:\/\/denizcankizil.tr\/ru\/haberler\/gundem\/losevin-baslattigi-iyilikler-carsisi-antalyaya-geliyor\/#respond\"]}]},{\"@type\":\"WebPage\",\"@id\":\"https:\/\/denizcankizil.tr\/ru\/haberler\/gundem\/losevin-baslattigi-iyilikler-carsisi-antalyaya-geliyor\/\",\"url\":\"https:\/\/denizcankizil.tr\/ru\/haberler\/gundem\/losevin-baslattigi-iyilikler-carsisi-antalyaya-geliyor\/\",\"name\":\"L\u00d6SEV\u2019in ba\u015flatt\u0131\u011f\u0131 \u2018\u0130yilikler \u00c7ar\u015f\u0131s\u0131\u2019 Antalya\u2019ya geliyor\u2026 - Av. Deniz Can K\u0131z\u0131l\",\"isPartOf\":{\"@id\":\"https:\/\/denizcankizil.tr\/#website\"},\"datePublished\":\"2025-03-12T07:41:44+00:00\",\"breadcrumb\":{\"@id\":\"https:\/\/denizcankizil.tr\/ru\/haberler\/gundem\/losevin-baslattigi-iyilikler-carsisi-antalyaya-geliyor\/#breadcrumb\"},\"inLanguage\":\"ru-RU\",\"potentialAction\":[{\"@type\":\"ReadAction\",\"target\":[\"https:\/\/denizcankizil.tr\/ru\/haberler\/gundem\/losevin-baslattigi-iyilikler-carsisi-antalyaya-geliyor\/\"]}]},{\"@type\":\"BreadcrumbList\",\"@id\":\"https:\/\/denizcankizil.tr\/ru\/haberler\/gundem\/losevin-baslattigi-iyilikler-carsisi-antalyaya-geliyor\/#breadcrumb\",\"itemListElement\":[{\"@type\":\"ListItem\",\"position\":1,\"name\":\"Home\",\"item\":\"https:\/\/denizcankizil.tr\/uk\/\"},{\"@type\":\"ListItem\",\"position\":2,\"name\":\"L\u00d6SEV\u2019in ba\u015flatt\u0131\u011f\u0131 \u2018\u0130yilikler \u00c7ar\u015f\u0131s\u0131\u2019 Antalya\u2019ya geliyor\u2026\"}]},{\"@type\":\"WebSite\",\"@id\":\"https:\/\/denizcankizil.tr\/#website\",\"url\":\"https:\/\/denizcankizil.tr\/\",\"name\":\"Av. Deniz Can K\u0131z\u0131l\",\"description\":\"Avukat Deniz Can K\u0131z\u0131l Antalya Barosu\",\"publisher\":{\"@id\":\"https:\/\/denizcankizil.tr\/#organization\"},\"potentialAction\":[{\"@type\":\"SearchAction\",\"target\":{\"@type\":\"EntryPoint\",\"urlTemplate\":\"https:\/\/denizcankizil.tr\/?s={search_term_string}\"},\"query-input\":{\"@type\":\"PropertyValueSpecification\",\"valueRequired\":true,\"valueName\":\"search_term_string\"}}],\"inLanguage\":\"ru-RU\"},{\"@type\":\"Organization\",\"@id\":\"https:\/\/denizcankizil.tr\/#organization\",\"name\":\"Av. Deniz Can K\u0131z\u0131l\",\"url\":\"https:\/\/denizcankizil.tr\/\",\"logo\":{\"@type\":\"ImageObject\",\"inLanguage\":\"ru-RU\",\"@id\":\"https:\/\/denizcankizil.tr\/#\/schema\/logo\/image\/\",\"url\":\"https:\/\/denizcankizil.tr\/wp-content\/uploads\/2024\/10\/siyah-logo-svg.svg\",\"contentUrl\":\"https:\/\/denizcankizil.tr\/wp-content\/uploads\/2024\/10\/siyah-logo-svg.svg\",\"width\":1080,\"height\":1080,\"caption\":\"Av. Deniz Can K\u0131z\u0131l\"},\"image\":{\"@id\":\"https:\/\/denizcankizil.tr\/#\/schema\/logo\/image\/\"}},{\"@type\":\"Person\",\"@id\":\"https:\/\/denizcankizil.tr\/#\/schema\/person\/e1eb71bb4dd684d46563f0af307e1234\",\"name\":\"Antalya K\u00f6rfez\",\"image\":{\"@type\":\"ImageObject\",\"inLanguage\":\"ru-RU\",\"@id\":\"https:\/\/denizcankizil.tr\/#\/schema\/person\/image\/\",\"url\":\"https:\/\/secure.gravatar.com\/avatar\/42b01982558a48a0b501fdcab6a408d3717ea5919095ee2e67b0e521799c5905?s=96&d=mm&r=g\",\"contentUrl\":\"https:\/\/secure.gravatar.com\/avatar\/42b01982558a48a0b501fdcab6a408d3717ea5919095ee2e67b0e521799c5905?s=96&d=mm&r=g\",\"caption\":\"Antalya K\u00f6rfez\"},\"sameAs\":[\"http:\/\/www.antalyakorfez.com\"],\"url\":\"https:\/\/www.antalyakorfez.com\/losevin-baslattigi-iyilikler-carsisi-antalyaya-geliyor\"}]}<\/script>\n<!-- \/ Yoast SEO Premium plugin. -->","yoast_head_json":{"title":"L\u00d6SEV\u2019in ba\u015flatt\u0131\u011f\u0131 \u2018\u0130yilikler \u00c7ar\u015f\u0131s\u0131\u2019 Antalya\u2019ya geliyor\u2026 - Av. Deniz Can K\u0131z\u0131l","robots":{"index":"index","follow":"follow","max-snippet":"max-snippet:-1","max-image-preview":"max-image-preview:large","max-video-preview":"max-video-preview:-1"},"canonical":"https:\/\/denizcankizil.tr\/ru\/haberler\/gundem\/losevin-baslattigi-iyilikler-carsisi-antalyaya-geliyor\/","og_locale":"ru_RU","og_type":"article","og_title":"L\u00d6SEV\u2019in ba\u015flatt\u0131\u011f\u0131 \u2018\u0130yilikler \u00c7ar\u015f\u0131s\u0131\u2019 Antalya\u2019ya geliyor\u2026","og_description":"L\u00f6semili \u00c7ocuklar Sa\u011fl\u0131k ve E\u011fitim Vakf\u0131 (L\u00d6SEV), l\u00f6semi ve kanserle m\u00fccadele eden \u00e7ocuklar ile ailelerinin y\u00fcz\u00fcn\u00fc g\u00fcld\u00fcrecek anlaml\u0131 bir sosyal sorumluluk projesini hayata ge\u00e7irdi. \u201c\u0130yilikler \u00c7ar\u015f\u0131s\u0131\u201d ad\u0131yla ba\u015flat\u0131lan bu proje, hastalar ve aileleri i\u00e7in yaln\u0131zca bir al\u0131\u015fveri\u015f deneyimi de\u011fil, ayn\u0131 zamanda b\u00fcy\u00fck bir dayan\u0131\u015fma ve moral etkinli\u011fi sunuyor.\u00a0 \u00dcCRETS\u0130Z ALI\u015eVER\u0130\u015e YAPILACAK Antalya Cam Piramit\u2019te 15 Mart Cumartesi g\u00fcn\u00fc d\u00fczenlenecek olan etkinlikle hasta \u00e7ocuklar ve aileler g\u00fcn boyu \u00fccretsiz al\u0131\u015fveri\u015f yapacaklar. D\u00fczenlenecek olan etkinlikte, L\u00d6SEV\u2019e kay\u0131tl\u0131 hasta ve ihtiya\u00e7 sahibi aile bir araya gelecek. \u00c7ocuklar ve aileler, kendileri i\u00e7in haz\u0131rlanan \u00f6zel al\u0131\u015fveri\u015f alanlar\u0131nda g\u00fcnl\u00fck ihtiya\u00e7lar\u0131n\u0131 \u00fccretsiz olarak kar\u015f\u0131larken, e\u011flenceli etkinlikler ve s\u00fcrprizlerle dolu bir \u015fenlik atmosferi ya\u015fayacak.\u00a0 \u00dcLKE GENEL\u0130NDE 100 B\u0130N\u0130 A\u015eKIN YAKIN HASTA L\u00d6SEV, T\u00fcrkiye genelinde 100 bini a\u015fk\u0131n kay\u0131tl\u0131 hasta ve aileye 26 y\u0131ld\u0131r sa\u011fl\u0131k, e\u011fitim ve maddi-manevi destek sa\u011fl\u0131yor. Bu kapsamda hayata ge\u00e7irilen \u0130yilikler \u00c7ar\u015f\u0131s\u0131, ailelerin y\u00fck\u00fcn\u00fc hafifletmek ve onlara destek olmak i\u00e7in Cumartesi g\u00fcn\u00fc Antalya\u2019da d\u00fczenlenecek. \u00c7ar\u015f\u0131da, L\u00d6SEV\u2019e kay\u0131tl\u0131 hastalar ve aileleri, oyuncaktan g\u0131daya, tekstilden z\u00fcccaciyeye kadar geni\u015f bir yelpazede \u00fcr\u00fcnleri hi\u00e7bir \u00fccret \u00f6demeden temin edebilecek. Aileler, L\u00d6SEV taraf\u0131ndan \u00f6zel olarak tasarlanan sembolik para kuponlar\u0131yla al\u0131\u015fveri\u015f yaparken, \u00e7e\u015fitli \u00e7ekili\u015flerle tatil, beyaz e\u015fya ve teknoloji \u00fcr\u00fcnleri gibi b\u00fcy\u00fck \u00f6d\u00fclleri kazanma \u015fans\u0131 da yakalayacak.\u00a0 AKT\u0130F ROL \u00dcSTLEND\u0130LER Bu b\u00fcy\u00fck &hellip;","og_url":"https:\/\/denizcankizil.tr\/ru\/haberler\/gundem\/losevin-baslattigi-iyilikler-carsisi-antalyaya-geliyor\/","og_site_name":"Av. Deniz Can K\u0131z\u0131l","article_published_time":"2025-03-12T07:41:44+00:00","author":"Antalya K\u00f6rfez","twitter_card":"summary_large_image","twitter_misc":{"\u041d\u0430\u043f\u0438\u0441\u0430\u043d\u043e \u0430\u0432\u0442\u043e\u0440\u043e\u043c":"Antalya K\u00f6rfez","\u041f\u0440\u0438\u043c\u0435\u0440\u043d\u043e\u0435 \u0432\u0440\u0435\u043c\u044f \u0434\u043b\u044f \u0447\u0442\u0435\u043d\u0438\u044f":"2 \u043c\u0438\u043d\u0443\u0442\u044b"},"schema":{"@context":"https:\/\/schema.org","@graph":[{"@type":"Article","@id":"https:\/\/denizcankizil.tr\/ru\/haberler\/gundem\/losevin-baslattigi-iyilikler-carsisi-antalyaya-geliyor\/#article","isPartOf":{"@id":"https:\/\/denizcankizil.tr\/ru\/haberler\/gundem\/losevin-baslattigi-iyilikler-carsisi-antalyaya-geliyor\/"},"author":{"name":"Antalya K\u00f6rfez","@id":"https:\/\/denizcankizil.tr\/#\/schema\/person\/e1eb71bb4dd684d46563f0af307e1234"},"headline":"L\u00d6SEV\u2019in ba\u015flatt\u0131\u011f\u0131 \u2018\u0130yilikler \u00c7ar\u015f\u0131s\u0131\u2019 Antalya\u2019ya geliyor\u2026","datePublished":"2025-03-12T07:41:44+00:00","mainEntityOfPage":{"@id":"https:\/\/denizcankizil.tr\/ru\/haberler\/gundem\/losevin-baslattigi-iyilikler-carsisi-antalyaya-geliyor\/"},"wordCount":507,"commentCount":0,"publisher":{"@id":"https:\/\/denizcankizil.tr\/#organization"},"articleSection":["G\u00fcndem"],"inLanguage":"ru-RU","potentialAction":[{"@type":"CommentAction","name":"Comment","target":["https:\/\/denizcankizil.tr\/ru\/haberler\/gundem\/losevin-baslattigi-iyilikler-carsisi-antalyaya-geliyor\/#respond"]}]},{"@type":"WebPage","@id":"https:\/\/denizcankizil.tr\/ru\/haberler\/gundem\/losevin-baslattigi-iyilikler-carsisi-antalyaya-geliyor\/","url":"https:\/\/denizcankizil.tr\/ru\/haberler\/gundem\/losevin-baslattigi-iyilikler-carsisi-antalyaya-geliyor\/","name":"L\u00d6SEV\u2019in ba\u015flatt\u0131\u011f\u0131 \u2018\u0130yilikler \u00c7ar\u015f\u0131s\u0131\u2019 Antalya\u2019ya geliyor\u2026 - Av. Deniz Can K\u0131z\u0131l","isPartOf":{"@id":"https:\/\/denizcankizil.tr\/#website"},"datePublished":"2025-03-12T07:41:44+00:00","breadcrumb":{"@id":"https:\/\/denizcankizil.tr\/ru\/haberler\/gundem\/losevin-baslattigi-iyilikler-carsisi-antalyaya-geliyor\/#breadcrumb"},"inLanguage":"ru-RU","potentialAction":[{"@type":"ReadAction","target":["https:\/\/denizcankizil.tr\/ru\/haberler\/gundem\/losevin-baslattigi-iyilikler-carsisi-antalyaya-geliyor\/"]}]},{"@type":"BreadcrumbList","@id":"https:\/\/denizcankizil.tr\/ru\/haberler\/gundem\/losevin-baslattigi-iyilikler-carsisi-antalyaya-geliyor\/#breadcrumb","itemListElement":[{"@type":"ListItem","position":1,"name":"Home","item":"https:\/\/denizcankizil.tr\/uk\/"},{"@type":"ListItem","position":2,"name":"L\u00d6SEV\u2019in ba\u015flatt\u0131\u011f\u0131 \u2018\u0130yilikler \u00c7ar\u015f\u0131s\u0131\u2019 Antalya\u2019ya geliyor\u2026"}]},{"@type":"WebSite","@id":"https:\/\/denizcankizil.tr\/#website","url":"https:\/\/denizcankizil.tr\/","name":"Av. Deniz Can K\u0131z\u0131l","description":"Avukat Deniz Can K\u0131z\u0131l Antalya Barosu","publisher":{"@id":"https:\/\/denizcankizil.tr\/#organization"},"potentialAction":[{"@type":"SearchAction","target":{"@type":"EntryPoint","urlTemplate":"https:\/\/denizcankizil.tr\/?s={search_term_string}"},"query-input":{"@type":"PropertyValueSpecification","valueRequired":true,"valueName":"search_term_string"}}],"inLanguage":"ru-RU"},{"@type":"Organization","@id":"https:\/\/denizcankizil.tr\/#organization","name":"Av. Deniz Can K\u0131z\u0131l","url":"https:\/\/denizcankizil.tr\/","logo":{"@type":"ImageObject","inLanguage":"ru-RU","@id":"https:\/\/denizcankizil.tr\/#\/schema\/logo\/image\/","url":"https:\/\/denizcankizil.tr\/wp-content\/uploads\/2024\/10\/siyah-logo-svg.svg","contentUrl":"https:\/\/denizcankizil.tr\/wp-content\/uploads\/2024\/10\/siyah-logo-svg.svg","width":1080,"height":1080,"caption":"Av. Deniz Can K\u0131z\u0131l"},"image":{"@id":"https:\/\/denizcankizil.tr\/#\/schema\/logo\/image\/"}},{"@type":"Person","@id":"https:\/\/denizcankizil.tr\/#\/schema\/person\/e1eb71bb4dd684d46563f0af307e1234","name":"Antalya K\u00f6rfez","image":{"@type":"ImageObject","inLanguage":"ru-RU","@id":"https:\/\/denizcankizil.tr\/#\/schema\/person\/image\/","url":"https:\/\/secure.gravatar.com\/avatar\/42b01982558a48a0b501fdcab6a408d3717ea5919095ee2e67b0e521799c5905?s=96&d=mm&r=g","contentUrl":"https:\/\/secure.gravatar.com\/avatar\/42b01982558a48a0b501fdcab6a408d3717ea5919095ee2e67b0e521799c5905?s=96&d=mm&r=g","caption":"Antalya K\u00f6rfez"},"sameAs":["http:\/\/www.antalyakorfez.com"],"url":"https:\/\/www.antalyakorfez.com\/losevin-baslattigi-iyilikler-carsisi-antalyaya-geliyor"}]}},"_links":{"self":[{"href":"https:\/\/denizcankizil.tr\/ru\/wp-json\/wp\/v2\/posts\/35452","targetHints":{"allow":["GET"]}}],"collection":[{"href":"https:\/\/denizcankizil.tr\/ru\/wp-json\/wp\/v2\/posts"}],"about":[{"href":"https:\/\/denizcankizil.tr\/ru\/wp-json\/wp\/v2\/types\/post"}],"author":[{"embeddable":true,"href":"https:\/\/denizcankizil.tr\/ru\/wp-json\/wp\/v2\/users\/5"}],"replies":[{"embeddable":true,"href":"https:\/\/denizcankizil.tr\/ru\/wp-json\/wp\/v2\/comments?post=35452"}],"version-history":[{"count":0,"href":"https:\/\/denizcankizil.tr\/ru\/wp-json\/wp\/v2\/posts\/35452\/revisions"}],"wp:attachment":[{"href":"https:\/\/denizcankizil.tr\/ru\/wp-json\/wp\/v2\/media?parent=35452"}],"wp:term":[{"taxonomy":"category","embeddable":true,"href":"https:\/\/denizcankizil.tr\/ru\/wp-json\/wp\/v2\/categories?post=35452"},{"taxonomy":"post_tag","embeddable":true,"href":"https:\/\/denizcankizil.tr\/ru\/wp-json\/wp\/v2\/tags?post=35452"}],"curies":[{"name":"wp","href":"https:\/\/api.w.org\/{rel}","templated":true}]}}