{"id":35421,"date":"2025-03-11T19:41:33","date_gmt":"2025-03-11T16:41:33","guid":{"rendered":"https:\/\/denizcankizil.tr\/uncategorized-tr\/yanginlara-ilk-mudahale-suresi-10-dakika-olacak\/"},"modified":"2025-03-11T19:41:33","modified_gmt":"2025-03-11T16:41:33","slug":"yanginlara-ilk-mudahale-suresi-10-dakika-olacak","status":"publish","type":"post","link":"https:\/\/denizcankizil.tr\/ru\/haberler\/gundem\/yanginlara-ilk-mudahale-suresi-10-dakika-olacak\/","title":{"rendered":"Yang\u0131nlara ilk m\u00fcdahale s\u00fcresi 10 dakika olacak"},"content":{"rendered":"<p>Tar\u0131m ve Orman Bakan\u0131 \u0130brahim Yumakl\u0131, yang\u0131nla m\u00fccadelede tarihin en b\u00fcy\u00fck hava filosunun bak\u0131m merkezini ziyaret etti. 40 dakika olan yang\u0131nlara ilk m\u00fcdahale s\u00fcresini 11 dakikaya kadar d\u00fc\u015f\u00fcrd\u00fcklerini belirten Bakan Yumakl\u0131,  bu y\u0131l bu s\u00fcreyi bir dakika daha geriye \u00e7ekmeyi hedeflediklerini s\u00f6yledi.ANKARA (\u0130GFA) &#8211; Tar\u0131m ve Orman Bakan\u0131 \u0130brahim Yumakl\u0131, Orman Genel M\u00fcd\u00fcrl\u00fc\u011f\u00fc Havac\u0131l\u0131k Daire Ba\u015fkanl\u0131\u011f\u0131&#8217;nda orman yang\u0131nlar\u0131yla m\u00fccadelede kullan\u0131lan hava ara\u00e7lar\u0131n\u0131n bak\u0131m \u00e7al\u0131\u015fmalar\u0131n\u0131 inceledi.<br \/>\nBakan Yumakl\u0131 ziyaret sonras\u0131nda sosyal medya hesab\u0131ndan yapt\u0131\u011f\u0131 payla\u015f\u0131mda, &#8220;Yang\u0131nla m\u00fccadelede tarihimizin en b\u00fcy\u00fck hava filosunun bak\u0131m merkezini ziyaret ederek, u\u00e7ak ve helikopterlerimizin bak\u0131m s\u00fcre\u00e7lerini yerinde g\u00f6rd\u00fck. Orman yang\u0131nlar\u0131na kar\u015f\u0131 teknik altyap\u0131m\u0131z\u0131 her ge\u00e7en y\u0131l g\u00fc\u00e7lendiriyoruz&#8221; mesaj\u0131 verdi.<\/p>\n<p>2002 y\u0131l\u0131nda; 73 ton olan havadan su atma kapasitesinin rezerv g\u00fc\u00e7ler dahil 27 u\u00e7ak ve 105 helikopterle, 6 kat art\u0131\u015fla toplam 438 tona \u00e7\u0131kard\u0131klar\u0131n\u0131 duyuran Bakan Yumakl\u0131, &#8220;40 dakika olan yang\u0131nlara ilk m\u00fcdahale s\u00fcresini 11 dakikaya kadar d\u00fc\u015f\u00fcrd\u00fck. \u0130n\u015fallah bu zaman\u0131 2025 y\u0131l\u0131nda 10 dakikaya d\u00fc\u015f\u00fcrmeyi hedefliyoruz. 25 bin orman kahraman\u0131m\u0131z, 130 bin g\u00f6n\u00fcll\u00fcm\u00fcz ve t\u00fcm vatanda\u015flar\u0131m\u0131z\u0131n deste\u011fiyle #Ye\u015filVatan&#8217;\u0131m\u0131z\u0131 korumaya devam edece\u011fiz&#8221; diye konu\u015ftu.<\/p>\n<p>\u200bTar\u0131m ve Orman Bakan\u0131 \u0130brahim Yumakl\u0131, yang\u0131nla m\u00fccadelede tarihin en b\u00fcy\u00fck hava filosunun bak\u0131m merkezini ziyaret etti. 40 dakika olan yang\u0131nlara ilk m\u00fcdahale s\u00fcresini 11 dakikaya kadar d\u00fc\u015f\u00fcrd\u00fcklerini belirten Bakan Yumakl\u0131,  bu y\u0131l bu s\u00fcreyi bir dakika daha geriye \u00e7ekmeyi hedeflediklerini s\u00f6yledi.ANKARA (\u0130GFA) &#8211; Tar\u0131m ve Orman Bakan\u0131 \u0130brahim Yumakl\u0131, Orman Genel M\u00fcd\u00fcrl\u00fc\u011f\u00fc Havac\u0131l\u0131k Daire Ba\u015fkanl\u0131\u011f\u0131&#8217;nda orman yang\u0131nlar\u0131yla m\u00fccadelede kullan\u0131lan hava ara\u00e7lar\u0131n\u0131n bak\u0131m \u00e7al\u0131\u015fmalar\u0131n\u0131 inceledi.<br \/>\nBakan Yumakl\u0131 ziyaret sonras\u0131nda sosyal medya hesab\u0131ndan yapt\u0131\u011f\u0131 payla\u015f\u0131mda, &#8220;Yang\u0131nla m\u00fccadelede tarihimizin en b\u00fcy\u00fck hava filosunun bak\u0131m merkezini ziyaret ederek, u\u00e7ak ve helikopterlerimizin bak\u0131m s\u00fcre\u00e7lerini yerinde g\u00f6rd\u00fck. Orman yang\u0131nlar\u0131na kar\u015f\u0131 teknik altyap\u0131m\u0131z\u0131 her ge\u00e7en y\u0131l g\u00fc\u00e7lendiriyoruz&#8221; mesaj\u0131 verdi.<\/p>\n<p>2002 y\u0131l\u0131nda; 73 ton olan havadan su atma kapasitesinin rezerv g\u00fc\u00e7ler dahil 27 u\u00e7ak ve 105 helikopterle, 6 kat art\u0131\u015fla toplam 438 tona \u00e7\u0131kard\u0131klar\u0131n\u0131 duyuran Bakan Yumakl\u0131, &#8220;40 dakika olan yang\u0131nlara ilk m\u00fcdahale s\u00fcresini 11 dakikaya kadar d\u00fc\u015f\u00fcrd\u00fck. \u0130n\u015fallah bu zaman\u0131 2025 y\u0131l\u0131nda 10 dakikaya d\u00fc\u015f\u00fcrmeyi hedefliyoruz. 25 bin orman kahraman\u0131m\u0131z, 130 bin g\u00f6n\u00fcll\u00fcm\u00fcz ve t\u00fcm vatanda\u015flar\u0131m\u0131z\u0131n deste\u011fiyle #Ye\u015filVatan&#8217;\u0131m\u0131z\u0131 korumaya devam edece\u011fiz&#8221; diye konu\u015ftu.\u00a0<\/p>\n<p>\u200bHaberin Al\u0131nt\u0131land\u0131\u011f\u0131 Kaynak: www.iskenderun.org<\/p>","protected":false},"excerpt":{"rendered":"<p>Tar\u0131m ve Orman Bakan\u0131 \u0130brahim Yumakl\u0131, yang\u0131nla m\u00fccadelede tarihin en b\u00fcy\u00fck hava filosunun bak\u0131m merkezini ziyaret etti. 40 dakika olan yang\u0131nlara ilk m\u00fcdahale s\u00fcresini 11 dakikaya kadar d\u00fc\u015f\u00fcrd\u00fcklerini belirten Bakan Yumakl\u0131, bu y\u0131l bu s\u00fcreyi bir dakika daha geriye \u00e7ekmeyi hedeflediklerini s\u00f6yledi.ANKARA (\u0130GFA) &#8211; Tar\u0131m ve Orman Bakan\u0131 \u0130brahim Yumakl\u0131, Orman Genel M\u00fcd\u00fcrl\u00fc\u011f\u00fc Havac\u0131l\u0131k Daire Ba\u015fkanl\u0131\u011f\u0131&#8217;nda orman yang\u0131nlar\u0131yla m\u00fccadelede kullan\u0131lan hava ara\u00e7lar\u0131n\u0131n bak\u0131m \u00e7al\u0131\u015fmalar\u0131n\u0131 inceledi. Bakan Yumakl\u0131 ziyaret sonras\u0131nda sosyal medya hesab\u0131ndan yapt\u0131\u011f\u0131 payla\u015f\u0131mda, &#8220;Yang\u0131nla m\u00fccadelede tarihimizin en b\u00fcy\u00fck hava filosunun bak\u0131m merkezini ziyaret ederek, u\u00e7ak ve helikopterlerimizin bak\u0131m s\u00fcre\u00e7lerini yerinde g\u00f6rd\u00fck. Orman yang\u0131nlar\u0131na kar\u015f\u0131 teknik altyap\u0131m\u0131z\u0131 her ge\u00e7en y\u0131l g\u00fc\u00e7lendiriyoruz&#8221; mesaj\u0131 verdi. 2002 y\u0131l\u0131nda; 73 ton olan havadan su atma kapasitesinin rezerv g\u00fc\u00e7ler dahil 27 u\u00e7ak ve 105 helikopterle, 6 kat art\u0131\u015fla toplam 438 tona \u00e7\u0131kard\u0131klar\u0131n\u0131 duyuran Bakan Yumakl\u0131, &#8220;40 dakika olan yang\u0131nlara ilk m\u00fcdahale s\u00fcresini 11 dakikaya kadar d\u00fc\u015f\u00fcrd\u00fck. \u0130n\u015fallah bu zaman\u0131 2025 y\u0131l\u0131nda 10 dakikaya d\u00fc\u015f\u00fcrmeyi hedefliyoruz. 25 bin orman kahraman\u0131m\u0131z, 130 bin g\u00f6n\u00fcll\u00fcm\u00fcz ve t\u00fcm vatanda\u015flar\u0131m\u0131z\u0131n deste\u011fiyle #Ye\u015filVatan&#8217;\u0131m\u0131z\u0131 korumaya devam edece\u011fiz&#8221; diye konu\u015ftu. \u200bTar\u0131m ve Orman Bakan\u0131 \u0130brahim Yumakl\u0131, yang\u0131nla m\u00fccadelede tarihin en b\u00fcy\u00fck hava filosunun bak\u0131m merkezini ziyaret etti. 40 dakika olan yang\u0131nlara ilk m\u00fcdahale s\u00fcresini 11 dakikaya kadar d\u00fc\u015f\u00fcrd\u00fcklerini belirten Bakan Yumakl\u0131, bu y\u0131l &hellip;<\/p>","protected":false},"author":1,"featured_media":0,"comment_status":"open","ping_status":"open","sticky":false,"template":"","format":"standard","meta":{"_acf_changed":false,"footnotes":""},"categories":[24],"tags":[],"class_list":["post-35421","post","type-post","status-publish","format-standard","has-post-thumbnail","hentry","category-gundem"],"acf":[],"yoast_head":"<!-- This site is optimized with the Yoast SEO Premium plugin v26.6 (Yoast SEO v27.1.1) - https:\/\/yoast.com\/product\/yoast-seo-premium-wordpress\/ -->\n<title>Yang\u0131nlara ilk m\u00fcdahale s\u00fcresi 10 dakika olacak - Av. Deniz Can K\u0131z\u0131l<\/title>\n<meta name=\"robots\" content=\"index, follow, max-snippet:-1, max-image-preview:large, max-video-preview:-1\" \/>\n<link rel=\"canonical\" href=\"https:\/\/denizcankizil.tr\/ru\/haberler\/gundem\/yanginlara-ilk-mudahale-suresi-10-dakika-olacak\/\" \/>\n<meta property=\"og:locale\" content=\"ru_RU\" \/>\n<meta property=\"og:type\" content=\"article\" \/>\n<meta property=\"og:title\" content=\"Yang\u0131nlara ilk m\u00fcdahale s\u00fcresi 10 dakika olacak\" \/>\n<meta property=\"og:description\" content=\"Tar\u0131m ve Orman Bakan\u0131 \u0130brahim Yumakl\u0131, yang\u0131nla m\u00fccadelede tarihin en b\u00fcy\u00fck hava filosunun bak\u0131m merkezini ziyaret etti. 40 dakika olan yang\u0131nlara ilk m\u00fcdahale s\u00fcresini 11 dakikaya kadar d\u00fc\u015f\u00fcrd\u00fcklerini belirten Bakan Yumakl\u0131, bu y\u0131l bu s\u00fcreyi bir dakika daha geriye \u00e7ekmeyi hedeflediklerini s\u00f6yledi.ANKARA (\u0130GFA) &#8211; Tar\u0131m ve Orman Bakan\u0131 \u0130brahim Yumakl\u0131, Orman Genel M\u00fcd\u00fcrl\u00fc\u011f\u00fc Havac\u0131l\u0131k Daire Ba\u015fkanl\u0131\u011f\u0131&#8217;nda orman yang\u0131nlar\u0131yla m\u00fccadelede kullan\u0131lan hava ara\u00e7lar\u0131n\u0131n bak\u0131m \u00e7al\u0131\u015fmalar\u0131n\u0131 inceledi. Bakan Yumakl\u0131 ziyaret sonras\u0131nda sosyal medya hesab\u0131ndan yapt\u0131\u011f\u0131 payla\u015f\u0131mda, &#8220;Yang\u0131nla m\u00fccadelede tarihimizin en b\u00fcy\u00fck hava filosunun bak\u0131m merkezini ziyaret ederek, u\u00e7ak ve helikopterlerimizin bak\u0131m s\u00fcre\u00e7lerini yerinde g\u00f6rd\u00fck. Orman yang\u0131nlar\u0131na kar\u015f\u0131 teknik altyap\u0131m\u0131z\u0131 her ge\u00e7en y\u0131l g\u00fc\u00e7lendiriyoruz&#8221; mesaj\u0131 verdi. 2002 y\u0131l\u0131nda; 73 ton olan havadan su atma kapasitesinin rezerv g\u00fc\u00e7ler dahil 27 u\u00e7ak ve 105 helikopterle, 6 kat art\u0131\u015fla toplam 438 tona \u00e7\u0131kard\u0131klar\u0131n\u0131 duyuran Bakan Yumakl\u0131, &#8220;40 dakika olan yang\u0131nlara ilk m\u00fcdahale s\u00fcresini 11 dakikaya kadar d\u00fc\u015f\u00fcrd\u00fck. \u0130n\u015fallah bu zaman\u0131 2025 y\u0131l\u0131nda 10 dakikaya d\u00fc\u015f\u00fcrmeyi hedefliyoruz. 25 bin orman kahraman\u0131m\u0131z, 130 bin g\u00f6n\u00fcll\u00fcm\u00fcz ve t\u00fcm vatanda\u015flar\u0131m\u0131z\u0131n deste\u011fiyle #Ye\u015filVatan&#8217;\u0131m\u0131z\u0131 korumaya devam edece\u011fiz&#8221; diye konu\u015ftu. \u200bTar\u0131m ve Orman Bakan\u0131 \u0130brahim Yumakl\u0131, yang\u0131nla m\u00fccadelede tarihin en b\u00fcy\u00fck hava filosunun bak\u0131m merkezini ziyaret etti. 40 dakika olan yang\u0131nlara ilk m\u00fcdahale s\u00fcresini 11 dakikaya kadar d\u00fc\u015f\u00fcrd\u00fcklerini belirten Bakan Yumakl\u0131, bu y\u0131l &hellip;\" \/>\n<meta property=\"og:url\" content=\"https:\/\/denizcankizil.tr\/ru\/haberler\/gundem\/yanginlara-ilk-mudahale-suresi-10-dakika-olacak\/\" \/>\n<meta property=\"og:site_name\" content=\"Av. Deniz Can K\u0131z\u0131l\" \/>\n<meta property=\"article:published_time\" content=\"2025-03-11T16:41:33+00:00\" \/>\n<meta name=\"author\" content=\"admin\" \/>\n<meta name=\"twitter:card\" content=\"summary_large_image\" \/>\n<meta name=\"twitter:label1\" content=\"\u041d\u0430\u043f\u0438\u0441\u0430\u043d\u043e \u0430\u0432\u0442\u043e\u0440\u043e\u043c\" \/>\n\t<meta name=\"twitter:data1\" content=\"admin\" \/>\n\t<meta name=\"twitter:label2\" content=\"\u041f\u0440\u0438\u043c\u0435\u0440\u043d\u043e\u0435 \u0432\u0440\u0435\u043c\u044f \u0434\u043b\u044f \u0447\u0442\u0435\u043d\u0438\u044f\" \/>\n\t<meta name=\"twitter:data2\" content=\"2 \u043c\u0438\u043d\u0443\u0442\u044b\" \/>\n<script type=\"application\/ld+json\" class=\"yoast-schema-graph\">{\"@context\":\"https:\/\/schema.org\",\"@graph\":[{\"@type\":\"Article\",\"@id\":\"https:\/\/denizcankizil.tr\/ru\/haberler\/gundem\/yanginlara-ilk-mudahale-suresi-10-dakika-olacak\/#article\",\"isPartOf\":{\"@id\":\"https:\/\/denizcankizil.tr\/ru\/haberler\/gundem\/yanginlara-ilk-mudahale-suresi-10-dakika-olacak\/\"},\"author\":{\"name\":\"admin\",\"@id\":\"https:\/\/denizcankizil.tr\/de\/#\/schema\/person\/be3c05fe6a12686905512445d8185489\"},\"headline\":\"Yang\u0131nlara ilk m\u00fcdahale s\u00fcresi 10 dakika olacak\",\"datePublished\":\"2025-03-11T16:41:33+00:00\",\"mainEntityOfPage\":{\"@id\":\"https:\/\/denizcankizil.tr\/ru\/haberler\/gundem\/yanginlara-ilk-mudahale-suresi-10-dakika-olacak\/\"},\"wordCount\":495,\"commentCount\":0,\"publisher\":{\"@id\":\"https:\/\/denizcankizil.tr\/de\/#organization\"},\"articleSection\":[\"G\u00fcndem\"],\"inLanguage\":\"ru-RU\",\"potentialAction\":[{\"@type\":\"CommentAction\",\"name\":\"Comment\",\"target\":[\"https:\/\/denizcankizil.tr\/ru\/haberler\/gundem\/yanginlara-ilk-mudahale-suresi-10-dakika-olacak\/#respond\"]}]},{\"@type\":\"WebPage\",\"@id\":\"https:\/\/denizcankizil.tr\/ru\/haberler\/gundem\/yanginlara-ilk-mudahale-suresi-10-dakika-olacak\/\",\"url\":\"https:\/\/denizcankizil.tr\/ru\/haberler\/gundem\/yanginlara-ilk-mudahale-suresi-10-dakika-olacak\/\",\"name\":\"Yang\u0131nlara ilk m\u00fcdahale s\u00fcresi 10 dakika olacak - Av. Deniz Can K\u0131z\u0131l\",\"isPartOf\":{\"@id\":\"https:\/\/denizcankizil.tr\/de\/#website\"},\"datePublished\":\"2025-03-11T16:41:33+00:00\",\"breadcrumb\":{\"@id\":\"https:\/\/denizcankizil.tr\/ru\/haberler\/gundem\/yanginlara-ilk-mudahale-suresi-10-dakika-olacak\/#breadcrumb\"},\"inLanguage\":\"ru-RU\",\"potentialAction\":[{\"@type\":\"ReadAction\",\"target\":[\"https:\/\/denizcankizil.tr\/ru\/haberler\/gundem\/yanginlara-ilk-mudahale-suresi-10-dakika-olacak\/\"]}]},{\"@type\":\"BreadcrumbList\",\"@id\":\"https:\/\/denizcankizil.tr\/ru\/haberler\/gundem\/yanginlara-ilk-mudahale-suresi-10-dakika-olacak\/#breadcrumb\",\"itemListElement\":[{\"@type\":\"ListItem\",\"position\":1,\"name\":\"Home\",\"item\":\"https:\/\/denizcankizil.tr\/de\/\"},{\"@type\":\"ListItem\",\"position\":2,\"name\":\"Yang\u0131nlara ilk m\u00fcdahale s\u00fcresi 10 dakika olacak\"}]},{\"@type\":\"WebSite\",\"@id\":\"https:\/\/denizcankizil.tr\/de\/#website\",\"url\":\"https:\/\/denizcankizil.tr\/de\/\",\"name\":\"Av. Deniz Can K\u0131z\u0131l\",\"description\":\"Avukat Deniz Can K\u0131z\u0131l Antalya Barosu\",\"publisher\":{\"@id\":\"https:\/\/denizcankizil.tr\/de\/#organization\"},\"potentialAction\":[{\"@type\":\"SearchAction\",\"target\":{\"@type\":\"EntryPoint\",\"urlTemplate\":\"https:\/\/denizcankizil.tr\/de\/?s={search_term_string}\"},\"query-input\":{\"@type\":\"PropertyValueSpecification\",\"valueRequired\":true,\"valueName\":\"search_term_string\"}}],\"inLanguage\":\"ru-RU\"},{\"@type\":\"Organization\",\"@id\":\"https:\/\/denizcankizil.tr\/de\/#organization\",\"name\":\"Av. Deniz Can K\u0131z\u0131l\",\"url\":\"https:\/\/denizcankizil.tr\/de\/\",\"logo\":{\"@type\":\"ImageObject\",\"inLanguage\":\"ru-RU\",\"@id\":\"https:\/\/denizcankizil.tr\/de\/#\/schema\/logo\/image\/\",\"url\":\"https:\/\/denizcankizil.tr\/wp-content\/uploads\/2024\/10\/siyah-logo-svg.svg\",\"contentUrl\":\"https:\/\/denizcankizil.tr\/wp-content\/uploads\/2024\/10\/siyah-logo-svg.svg\",\"width\":1080,\"height\":1080,\"caption\":\"Av. Deniz Can K\u0131z\u0131l\"},\"image\":{\"@id\":\"https:\/\/denizcankizil.tr\/de\/#\/schema\/logo\/image\/\"}},{\"@type\":\"Person\",\"@id\":\"https:\/\/denizcankizil.tr\/de\/#\/schema\/person\/be3c05fe6a12686905512445d8185489\",\"name\":\"admin\",\"image\":{\"@type\":\"ImageObject\",\"inLanguage\":\"ru-RU\",\"@id\":\"https:\/\/denizcankizil.tr\/de\/#\/schema\/person\/image\/\",\"url\":\"https:\/\/secure.gravatar.com\/avatar\/c1fce94c830dc79107e174f890d7210541c4a63e8e5d816341794a2151c9d58c?s=96&d=mm&r=g\",\"contentUrl\":\"https:\/\/secure.gravatar.com\/avatar\/c1fce94c830dc79107e174f890d7210541c4a63e8e5d816341794a2151c9d58c?s=96&d=mm&r=g\",\"caption\":\"admin\"},\"sameAs\":[\"http:\/\/denizcankizil.tr\"],\"url\":\"https:\/\/www.iskenderun.org\/yanginlara-ilk-mudahale-suresi-10-dakika-olacak\"}]}<\/script>\n<!-- \/ Yoast SEO Premium plugin. -->","yoast_head_json":{"title":"Yang\u0131nlara ilk m\u00fcdahale s\u00fcresi 10 dakika olacak - Av. Deniz Can K\u0131z\u0131l","robots":{"index":"index","follow":"follow","max-snippet":"max-snippet:-1","max-image-preview":"max-image-preview:large","max-video-preview":"max-video-preview:-1"},"canonical":"https:\/\/denizcankizil.tr\/ru\/haberler\/gundem\/yanginlara-ilk-mudahale-suresi-10-dakika-olacak\/","og_locale":"ru_RU","og_type":"article","og_title":"Yang\u0131nlara ilk m\u00fcdahale s\u00fcresi 10 dakika olacak","og_description":"Tar\u0131m ve Orman Bakan\u0131 \u0130brahim Yumakl\u0131, yang\u0131nla m\u00fccadelede tarihin en b\u00fcy\u00fck hava filosunun bak\u0131m merkezini ziyaret etti. 40 dakika olan yang\u0131nlara ilk m\u00fcdahale s\u00fcresini 11 dakikaya kadar d\u00fc\u015f\u00fcrd\u00fcklerini belirten Bakan Yumakl\u0131, bu y\u0131l bu s\u00fcreyi bir dakika daha geriye \u00e7ekmeyi hedeflediklerini s\u00f6yledi.ANKARA (\u0130GFA) &#8211; Tar\u0131m ve Orman Bakan\u0131 \u0130brahim Yumakl\u0131, Orman Genel M\u00fcd\u00fcrl\u00fc\u011f\u00fc Havac\u0131l\u0131k Daire Ba\u015fkanl\u0131\u011f\u0131&#8217;nda orman yang\u0131nlar\u0131yla m\u00fccadelede kullan\u0131lan hava ara\u00e7lar\u0131n\u0131n bak\u0131m \u00e7al\u0131\u015fmalar\u0131n\u0131 inceledi. Bakan Yumakl\u0131 ziyaret sonras\u0131nda sosyal medya hesab\u0131ndan yapt\u0131\u011f\u0131 payla\u015f\u0131mda, &#8220;Yang\u0131nla m\u00fccadelede tarihimizin en b\u00fcy\u00fck hava filosunun bak\u0131m merkezini ziyaret ederek, u\u00e7ak ve helikopterlerimizin bak\u0131m s\u00fcre\u00e7lerini yerinde g\u00f6rd\u00fck. Orman yang\u0131nlar\u0131na kar\u015f\u0131 teknik altyap\u0131m\u0131z\u0131 her ge\u00e7en y\u0131l g\u00fc\u00e7lendiriyoruz&#8221; mesaj\u0131 verdi. 2002 y\u0131l\u0131nda; 73 ton olan havadan su atma kapasitesinin rezerv g\u00fc\u00e7ler dahil 27 u\u00e7ak ve 105 helikopterle, 6 kat art\u0131\u015fla toplam 438 tona \u00e7\u0131kard\u0131klar\u0131n\u0131 duyuran Bakan Yumakl\u0131, &#8220;40 dakika olan yang\u0131nlara ilk m\u00fcdahale s\u00fcresini 11 dakikaya kadar d\u00fc\u015f\u00fcrd\u00fck. \u0130n\u015fallah bu zaman\u0131 2025 y\u0131l\u0131nda 10 dakikaya d\u00fc\u015f\u00fcrmeyi hedefliyoruz. 25 bin orman kahraman\u0131m\u0131z, 130 bin g\u00f6n\u00fcll\u00fcm\u00fcz ve t\u00fcm vatanda\u015flar\u0131m\u0131z\u0131n deste\u011fiyle #Ye\u015filVatan&#8217;\u0131m\u0131z\u0131 korumaya devam edece\u011fiz&#8221; diye konu\u015ftu. \u200bTar\u0131m ve Orman Bakan\u0131 \u0130brahim Yumakl\u0131, yang\u0131nla m\u00fccadelede tarihin en b\u00fcy\u00fck hava filosunun bak\u0131m merkezini ziyaret etti. 40 dakika olan yang\u0131nlara ilk m\u00fcdahale s\u00fcresini 11 dakikaya kadar d\u00fc\u015f\u00fcrd\u00fcklerini belirten Bakan Yumakl\u0131, bu y\u0131l &hellip;","og_url":"https:\/\/denizcankizil.tr\/ru\/haberler\/gundem\/yanginlara-ilk-mudahale-suresi-10-dakika-olacak\/","og_site_name":"Av. Deniz Can K\u0131z\u0131l","article_published_time":"2025-03-11T16:41:33+00:00","author":"admin","twitter_card":"summary_large_image","twitter_misc":{"\u041d\u0430\u043f\u0438\u0441\u0430\u043d\u043e \u0430\u0432\u0442\u043e\u0440\u043e\u043c":"admin","\u041f\u0440\u0438\u043c\u0435\u0440\u043d\u043e\u0435 \u0432\u0440\u0435\u043c\u044f \u0434\u043b\u044f \u0447\u0442\u0435\u043d\u0438\u044f":"2 \u043c\u0438\u043d\u0443\u0442\u044b"},"schema":{"@context":"https:\/\/schema.org","@graph":[{"@type":"Article","@id":"https:\/\/denizcankizil.tr\/ru\/haberler\/gundem\/yanginlara-ilk-mudahale-suresi-10-dakika-olacak\/#article","isPartOf":{"@id":"https:\/\/denizcankizil.tr\/ru\/haberler\/gundem\/yanginlara-ilk-mudahale-suresi-10-dakika-olacak\/"},"author":{"name":"admin","@id":"https:\/\/denizcankizil.tr\/de\/#\/schema\/person\/be3c05fe6a12686905512445d8185489"},"headline":"Yang\u0131nlara ilk m\u00fcdahale s\u00fcresi 10 dakika olacak","datePublished":"2025-03-11T16:41:33+00:00","mainEntityOfPage":{"@id":"https:\/\/denizcankizil.tr\/ru\/haberler\/gundem\/yanginlara-ilk-mudahale-suresi-10-dakika-olacak\/"},"wordCount":495,"commentCount":0,"publisher":{"@id":"https:\/\/denizcankizil.tr\/de\/#organization"},"articleSection":["G\u00fcndem"],"inLanguage":"ru-RU","potentialAction":[{"@type":"CommentAction","name":"Comment","target":["https:\/\/denizcankizil.tr\/ru\/haberler\/gundem\/yanginlara-ilk-mudahale-suresi-10-dakika-olacak\/#respond"]}]},{"@type":"WebPage","@id":"https:\/\/denizcankizil.tr\/ru\/haberler\/gundem\/yanginlara-ilk-mudahale-suresi-10-dakika-olacak\/","url":"https:\/\/denizcankizil.tr\/ru\/haberler\/gundem\/yanginlara-ilk-mudahale-suresi-10-dakika-olacak\/","name":"Yang\u0131nlara ilk m\u00fcdahale s\u00fcresi 10 dakika olacak - Av. Deniz Can K\u0131z\u0131l","isPartOf":{"@id":"https:\/\/denizcankizil.tr\/de\/#website"},"datePublished":"2025-03-11T16:41:33+00:00","breadcrumb":{"@id":"https:\/\/denizcankizil.tr\/ru\/haberler\/gundem\/yanginlara-ilk-mudahale-suresi-10-dakika-olacak\/#breadcrumb"},"inLanguage":"ru-RU","potentialAction":[{"@type":"ReadAction","target":["https:\/\/denizcankizil.tr\/ru\/haberler\/gundem\/yanginlara-ilk-mudahale-suresi-10-dakika-olacak\/"]}]},{"@type":"BreadcrumbList","@id":"https:\/\/denizcankizil.tr\/ru\/haberler\/gundem\/yanginlara-ilk-mudahale-suresi-10-dakika-olacak\/#breadcrumb","itemListElement":[{"@type":"ListItem","position":1,"name":"Home","item":"https:\/\/denizcankizil.tr\/de\/"},{"@type":"ListItem","position":2,"name":"Yang\u0131nlara ilk m\u00fcdahale s\u00fcresi 10 dakika olacak"}]},{"@type":"WebSite","@id":"https:\/\/denizcankizil.tr\/de\/#website","url":"https:\/\/denizcankizil.tr\/de\/","name":"Av. Deniz Can K\u0131z\u0131l","description":"Avukat Deniz Can K\u0131z\u0131l Antalya Barosu","publisher":{"@id":"https:\/\/denizcankizil.tr\/de\/#organization"},"potentialAction":[{"@type":"SearchAction","target":{"@type":"EntryPoint","urlTemplate":"https:\/\/denizcankizil.tr\/de\/?s={search_term_string}"},"query-input":{"@type":"PropertyValueSpecification","valueRequired":true,"valueName":"search_term_string"}}],"inLanguage":"ru-RU"},{"@type":"Organization","@id":"https:\/\/denizcankizil.tr\/de\/#organization","name":"Av. Deniz Can K\u0131z\u0131l","url":"https:\/\/denizcankizil.tr\/de\/","logo":{"@type":"ImageObject","inLanguage":"ru-RU","@id":"https:\/\/denizcankizil.tr\/de\/#\/schema\/logo\/image\/","url":"https:\/\/denizcankizil.tr\/wp-content\/uploads\/2024\/10\/siyah-logo-svg.svg","contentUrl":"https:\/\/denizcankizil.tr\/wp-content\/uploads\/2024\/10\/siyah-logo-svg.svg","width":1080,"height":1080,"caption":"Av. Deniz Can K\u0131z\u0131l"},"image":{"@id":"https:\/\/denizcankizil.tr\/de\/#\/schema\/logo\/image\/"}},{"@type":"Person","@id":"https:\/\/denizcankizil.tr\/de\/#\/schema\/person\/be3c05fe6a12686905512445d8185489","name":"\u0430\u0434\u043c\u0438\u043d","image":{"@type":"ImageObject","inLanguage":"ru-RU","@id":"https:\/\/denizcankizil.tr\/de\/#\/schema\/person\/image\/","url":"https:\/\/secure.gravatar.com\/avatar\/c1fce94c830dc79107e174f890d7210541c4a63e8e5d816341794a2151c9d58c?s=96&d=mm&r=g","contentUrl":"https:\/\/secure.gravatar.com\/avatar\/c1fce94c830dc79107e174f890d7210541c4a63e8e5d816341794a2151c9d58c?s=96&d=mm&r=g","caption":"admin"},"sameAs":["http:\/\/denizcankizil.tr"],"url":"https:\/\/www.iskenderun.org\/yanginlara-ilk-mudahale-suresi-10-dakika-olacak"}]}},"_links":{"self":[{"href":"https:\/\/denizcankizil.tr\/ru\/wp-json\/wp\/v2\/posts\/35421","targetHints":{"allow":["GET"]}}],"collection":[{"href":"https:\/\/denizcankizil.tr\/ru\/wp-json\/wp\/v2\/posts"}],"about":[{"href":"https:\/\/denizcankizil.tr\/ru\/wp-json\/wp\/v2\/types\/post"}],"author":[{"embeddable":true,"href":"https:\/\/denizcankizil.tr\/ru\/wp-json\/wp\/v2\/users\/1"}],"replies":[{"embeddable":true,"href":"https:\/\/denizcankizil.tr\/ru\/wp-json\/wp\/v2\/comments?post=35421"}],"version-history":[{"count":0,"href":"https:\/\/denizcankizil.tr\/ru\/wp-json\/wp\/v2\/posts\/35421\/revisions"}],"wp:attachment":[{"href":"https:\/\/denizcankizil.tr\/ru\/wp-json\/wp\/v2\/media?parent=35421"}],"wp:term":[{"taxonomy":"category","embeddable":true,"href":"https:\/\/denizcankizil.tr\/ru\/wp-json\/wp\/v2\/categories?post=35421"},{"taxonomy":"post_tag","embeddable":true,"href":"https:\/\/denizcankizil.tr\/ru\/wp-json\/wp\/v2\/tags?post=35421"}],"curies":[{"name":"wp","href":"https:\/\/api.w.org\/{rel}","templated":true}]}}