{"id":35374,"date":"2025-03-11T13:41:31","date_gmt":"2025-03-11T10:41:31","guid":{"rendered":"https:\/\/denizcankizil.tr\/uncategorized-tr\/tera-yatirimdan-kuresel-finans-zirvesi\/"},"modified":"2025-03-11T13:41:31","modified_gmt":"2025-03-11T10:41:31","slug":"tera-yatirimdan-kuresel-finans-zirvesi","status":"publish","type":"post","link":"https:\/\/denizcankizil.tr\/ru\/haberler\/gundem\/tera-yatirimdan-kuresel-finans-zirvesi\/","title":{"rendered":"Tera Yat\u0131r\u0131m\u2019dan K\u00fcresel Finans Zirvesi"},"content":{"rendered":"<p>Tera Yat\u0131r\u0131m, T\u00fcrkiye&#8217;nin yat\u0131r\u0131m potansiyelini, g\u00fc\u00e7l\u00fc ekonomik temellerini ve sundu\u011fu f\u0131rsatlar\u0131 uluslararas\u0131 arenada vurgulamak amac\u0131yla 2. Uluslararas\u0131 T\u00fcrkiye Yat\u0131r\u0131m Konferans\u0131&#8217;n\u0131 Londra\u2019da ba\u015far\u0131yla d\u00fczenledi. Konferans, ulusal ve uluslararas\u0131 yat\u0131r\u0131mc\u0131lar\u0131n bir araya gelerek i\u015f birli\u011fi olanaklar\u0131n\u0131 de\u011ferlendirdi\u011fi stratejik bir platform olarak g\u00fc\u00e7l\u00fc kat\u0131l\u0131mla ger\u00e7ekle\u015fti. \u00a0<\/p>\n<p>\u200bTera Yat\u0131r\u0131m, T\u00fcrkiye&#8217;nin yat\u0131r\u0131m potansiyelini, g\u00fc\u00e7l\u00fc ekonomik temellerini ve sundu\u011fu f\u0131rsatlar\u0131 uluslararas\u0131 arenada vurgulamak amac\u0131yla 2. Uluslararas\u0131 T\u00fcrkiye Yat\u0131r\u0131m Konferans\u0131&#8217;n\u0131 Londra\u2019da ba\u015far\u0131yla d\u00fczenledi. Konferans, ulusal ve uluslararas\u0131 yat\u0131r\u0131mc\u0131lar\u0131n bir araya gelerek i\u015f birli\u011fi olanaklar\u0131n\u0131 de\u011ferlendirdi\u011fi stratejik bir platform olarak g\u00fc\u00e7l\u00fc kat\u0131l\u0131mla ger\u00e7ekle\u015fti. \u00a0\u00a0<\/p>\n<p>\u200bHaberin Al\u0131nt\u0131land\u0131\u011f\u0131 Kaynak: www.iskenderun.org<\/p>","protected":false},"excerpt":{"rendered":"<p>Tera Yat\u0131r\u0131m, T\u00fcrkiye&#8217;nin yat\u0131r\u0131m potansiyelini, g\u00fc\u00e7l\u00fc ekonomik temellerini ve sundu\u011fu f\u0131rsatlar\u0131 uluslararas\u0131 arenada vurgulamak amac\u0131yla 2. Uluslararas\u0131 T\u00fcrkiye Yat\u0131r\u0131m Konferans\u0131&#8217;n\u0131 Londra\u2019da ba\u015far\u0131yla d\u00fczenledi. Konferans, ulusal ve uluslararas\u0131 yat\u0131r\u0131mc\u0131lar\u0131n bir araya gelerek i\u015f birli\u011fi olanaklar\u0131n\u0131 de\u011ferlendirdi\u011fi stratejik bir platform olarak g\u00fc\u00e7l\u00fc kat\u0131l\u0131mla ger\u00e7ekle\u015fti. \u00a0 \u200bTera Yat\u0131r\u0131m, T\u00fcrkiye&#8217;nin yat\u0131r\u0131m potansiyelini, g\u00fc\u00e7l\u00fc ekonomik temellerini ve sundu\u011fu f\u0131rsatlar\u0131 uluslararas\u0131 arenada vurgulamak amac\u0131yla 2. Uluslararas\u0131 T\u00fcrkiye Yat\u0131r\u0131m Konferans\u0131&#8217;n\u0131 Londra\u2019da ba\u015far\u0131yla d\u00fczenledi. Konferans, ulusal ve uluslararas\u0131 yat\u0131r\u0131mc\u0131lar\u0131n bir araya gelerek i\u015f birli\u011fi olanaklar\u0131n\u0131 de\u011ferlendirdi\u011fi stratejik bir platform olarak g\u00fc\u00e7l\u00fc kat\u0131l\u0131mla ger\u00e7ekle\u015fti. \u00a0\u00a0 \u200bHaberin Al\u0131nt\u0131land\u0131\u011f\u0131 Kaynak: www.iskenderun.org<\/p>","protected":false},"author":1,"featured_media":0,"comment_status":"open","ping_status":"open","sticky":false,"template":"","format":"standard","meta":{"_acf_changed":false,"footnotes":""},"categories":[24],"tags":[],"class_list":["post-35374","post","type-post","status-publish","format-standard","has-post-thumbnail","hentry","category-gundem"],"acf":[],"yoast_head":"<!-- This site is optimized with the Yoast SEO Premium plugin v26.6 (Yoast SEO v27.1.1) - https:\/\/yoast.com\/product\/yoast-seo-premium-wordpress\/ -->\n<title>Tera Yat\u0131r\u0131m\u2019dan K\u00fcresel Finans Zirvesi - Av. Deniz Can K\u0131z\u0131l<\/title>\n<meta name=\"robots\" content=\"index, follow, max-snippet:-1, max-image-preview:large, max-video-preview:-1\" \/>\n<link rel=\"canonical\" href=\"https:\/\/denizcankizil.tr\/ru\/haberler\/gundem\/tera-yatirimdan-kuresel-finans-zirvesi\/\" \/>\n<meta property=\"og:locale\" content=\"ru_RU\" \/>\n<meta property=\"og:type\" content=\"article\" \/>\n<meta property=\"og:title\" content=\"Tera Yat\u0131r\u0131m\u2019dan K\u00fcresel Finans Zirvesi\" \/>\n<meta property=\"og:description\" content=\"Tera Yat\u0131r\u0131m, T\u00fcrkiye&#8217;nin yat\u0131r\u0131m potansiyelini, g\u00fc\u00e7l\u00fc ekonomik temellerini ve sundu\u011fu f\u0131rsatlar\u0131 uluslararas\u0131 arenada vurgulamak amac\u0131yla 2. Uluslararas\u0131 T\u00fcrkiye Yat\u0131r\u0131m Konferans\u0131&#8217;n\u0131 Londra\u2019da ba\u015far\u0131yla d\u00fczenledi. Konferans, ulusal ve uluslararas\u0131 yat\u0131r\u0131mc\u0131lar\u0131n bir araya gelerek i\u015f birli\u011fi olanaklar\u0131n\u0131 de\u011ferlendirdi\u011fi stratejik bir platform olarak g\u00fc\u00e7l\u00fc kat\u0131l\u0131mla ger\u00e7ekle\u015fti. \u00a0 \u200bTera Yat\u0131r\u0131m, T\u00fcrkiye&#8217;nin yat\u0131r\u0131m potansiyelini, g\u00fc\u00e7l\u00fc ekonomik temellerini ve sundu\u011fu f\u0131rsatlar\u0131 uluslararas\u0131 arenada vurgulamak amac\u0131yla 2. Uluslararas\u0131 T\u00fcrkiye Yat\u0131r\u0131m Konferans\u0131&#8217;n\u0131 Londra\u2019da ba\u015far\u0131yla d\u00fczenledi. Konferans, ulusal ve uluslararas\u0131 yat\u0131r\u0131mc\u0131lar\u0131n bir araya gelerek i\u015f birli\u011fi olanaklar\u0131n\u0131 de\u011ferlendirdi\u011fi stratejik bir platform olarak g\u00fc\u00e7l\u00fc kat\u0131l\u0131mla ger\u00e7ekle\u015fti. \u00a0\u00a0 \u200bHaberin Al\u0131nt\u0131land\u0131\u011f\u0131 Kaynak: www.iskenderun.org\" \/>\n<meta property=\"og:url\" content=\"https:\/\/denizcankizil.tr\/ru\/haberler\/gundem\/tera-yatirimdan-kuresel-finans-zirvesi\/\" \/>\n<meta property=\"og:site_name\" content=\"Av. Deniz Can K\u0131z\u0131l\" \/>\n<meta property=\"article:published_time\" content=\"2025-03-11T10:41:31+00:00\" \/>\n<meta name=\"author\" content=\"admin\" \/>\n<meta name=\"twitter:card\" content=\"summary_large_image\" \/>\n<meta name=\"twitter:label1\" content=\"\u041d\u0430\u043f\u0438\u0441\u0430\u043d\u043e \u0430\u0432\u0442\u043e\u0440\u043e\u043c\" \/>\n\t<meta name=\"twitter:data1\" content=\"admin\" \/>\n\t<meta name=\"twitter:label2\" content=\"\u041f\u0440\u0438\u043c\u0435\u0440\u043d\u043e\u0435 \u0432\u0440\u0435\u043c\u044f \u0434\u043b\u044f \u0447\u0442\u0435\u043d\u0438\u044f\" \/>\n\t<meta name=\"twitter:data2\" content=\"1 \u043c\u0438\u043d\u0443\u0442\u0430\" \/>\n<script type=\"application\/ld+json\" class=\"yoast-schema-graph\">{\"@context\":\"https:\/\/schema.org\",\"@graph\":[{\"@type\":\"Article\",\"@id\":\"https:\/\/denizcankizil.tr\/ru\/haberler\/gundem\/tera-yatirimdan-kuresel-finans-zirvesi\/#article\",\"isPartOf\":{\"@id\":\"https:\/\/denizcankizil.tr\/ru\/haberler\/gundem\/tera-yatirimdan-kuresel-finans-zirvesi\/\"},\"author\":{\"name\":\"admin\",\"@id\":\"https:\/\/denizcankizil.tr\/de\/#\/schema\/person\/be3c05fe6a12686905512445d8185489\"},\"headline\":\"Tera Yat\u0131r\u0131m\u2019dan K\u00fcresel Finans Zirvesi\",\"datePublished\":\"2025-03-11T10:41:31+00:00\",\"mainEntityOfPage\":{\"@id\":\"https:\/\/denizcankizil.tr\/ru\/haberler\/gundem\/tera-yatirimdan-kuresel-finans-zirvesi\/\"},\"wordCount\":161,\"commentCount\":0,\"publisher\":{\"@id\":\"https:\/\/denizcankizil.tr\/de\/#organization\"},\"articleSection\":[\"G\u00fcndem\"],\"inLanguage\":\"ru-RU\",\"potentialAction\":[{\"@type\":\"CommentAction\",\"name\":\"Comment\",\"target\":[\"https:\/\/denizcankizil.tr\/ru\/haberler\/gundem\/tera-yatirimdan-kuresel-finans-zirvesi\/#respond\"]}]},{\"@type\":\"WebPage\",\"@id\":\"https:\/\/denizcankizil.tr\/ru\/haberler\/gundem\/tera-yatirimdan-kuresel-finans-zirvesi\/\",\"url\":\"https:\/\/denizcankizil.tr\/ru\/haberler\/gundem\/tera-yatirimdan-kuresel-finans-zirvesi\/\",\"name\":\"Tera Yat\u0131r\u0131m\u2019dan K\u00fcresel Finans Zirvesi - Av. Deniz Can K\u0131z\u0131l\",\"isPartOf\":{\"@id\":\"https:\/\/denizcankizil.tr\/de\/#website\"},\"datePublished\":\"2025-03-11T10:41:31+00:00\",\"breadcrumb\":{\"@id\":\"https:\/\/denizcankizil.tr\/ru\/haberler\/gundem\/tera-yatirimdan-kuresel-finans-zirvesi\/#breadcrumb\"},\"inLanguage\":\"ru-RU\",\"potentialAction\":[{\"@type\":\"ReadAction\",\"target\":[\"https:\/\/denizcankizil.tr\/ru\/haberler\/gundem\/tera-yatirimdan-kuresel-finans-zirvesi\/\"]}]},{\"@type\":\"BreadcrumbList\",\"@id\":\"https:\/\/denizcankizil.tr\/ru\/haberler\/gundem\/tera-yatirimdan-kuresel-finans-zirvesi\/#breadcrumb\",\"itemListElement\":[{\"@type\":\"ListItem\",\"position\":1,\"name\":\"Home\",\"item\":\"https:\/\/denizcankizil.tr\/de\/\"},{\"@type\":\"ListItem\",\"position\":2,\"name\":\"Tera Yat\u0131r\u0131m\u2019dan K\u00fcresel Finans Zirvesi\"}]},{\"@type\":\"WebSite\",\"@id\":\"https:\/\/denizcankizil.tr\/de\/#website\",\"url\":\"https:\/\/denizcankizil.tr\/de\/\",\"name\":\"Av. Deniz Can K\u0131z\u0131l\",\"description\":\"Avukat Deniz Can K\u0131z\u0131l Antalya Barosu\",\"publisher\":{\"@id\":\"https:\/\/denizcankizil.tr\/de\/#organization\"},\"potentialAction\":[{\"@type\":\"SearchAction\",\"target\":{\"@type\":\"EntryPoint\",\"urlTemplate\":\"https:\/\/denizcankizil.tr\/de\/?s={search_term_string}\"},\"query-input\":{\"@type\":\"PropertyValueSpecification\",\"valueRequired\":true,\"valueName\":\"search_term_string\"}}],\"inLanguage\":\"ru-RU\"},{\"@type\":\"Organization\",\"@id\":\"https:\/\/denizcankizil.tr\/de\/#organization\",\"name\":\"Av. Deniz Can K\u0131z\u0131l\",\"url\":\"https:\/\/denizcankizil.tr\/de\/\",\"logo\":{\"@type\":\"ImageObject\",\"inLanguage\":\"ru-RU\",\"@id\":\"https:\/\/denizcankizil.tr\/de\/#\/schema\/logo\/image\/\",\"url\":\"https:\/\/denizcankizil.tr\/wp-content\/uploads\/2024\/10\/siyah-logo-svg.svg\",\"contentUrl\":\"https:\/\/denizcankizil.tr\/wp-content\/uploads\/2024\/10\/siyah-logo-svg.svg\",\"width\":1080,\"height\":1080,\"caption\":\"Av. Deniz Can K\u0131z\u0131l\"},\"image\":{\"@id\":\"https:\/\/denizcankizil.tr\/de\/#\/schema\/logo\/image\/\"}},{\"@type\":\"Person\",\"@id\":\"https:\/\/denizcankizil.tr\/de\/#\/schema\/person\/be3c05fe6a12686905512445d8185489\",\"name\":\"admin\",\"image\":{\"@type\":\"ImageObject\",\"inLanguage\":\"ru-RU\",\"@id\":\"https:\/\/denizcankizil.tr\/de\/#\/schema\/person\/image\/\",\"url\":\"https:\/\/secure.gravatar.com\/avatar\/c1fce94c830dc79107e174f890d7210541c4a63e8e5d816341794a2151c9d58c?s=96&d=mm&r=g\",\"contentUrl\":\"https:\/\/secure.gravatar.com\/avatar\/c1fce94c830dc79107e174f890d7210541c4a63e8e5d816341794a2151c9d58c?s=96&d=mm&r=g\",\"caption\":\"admin\"},\"sameAs\":[\"http:\/\/denizcankizil.tr\"],\"url\":\"https:\/\/www.iskenderun.org\/tera-yatirimdan-kuresel-finans-zirvesi\"}]}<\/script>\n<!-- \/ Yoast SEO Premium plugin. -->","yoast_head_json":{"title":"Tera Yat\u0131r\u0131m\u2019dan K\u00fcresel Finans Zirvesi - Av. Deniz Can K\u0131z\u0131l","robots":{"index":"index","follow":"follow","max-snippet":"max-snippet:-1","max-image-preview":"max-image-preview:large","max-video-preview":"max-video-preview:-1"},"canonical":"https:\/\/denizcankizil.tr\/ru\/haberler\/gundem\/tera-yatirimdan-kuresel-finans-zirvesi\/","og_locale":"ru_RU","og_type":"article","og_title":"Tera Yat\u0131r\u0131m\u2019dan K\u00fcresel Finans Zirvesi","og_description":"Tera Yat\u0131r\u0131m, T\u00fcrkiye&#8217;nin yat\u0131r\u0131m potansiyelini, g\u00fc\u00e7l\u00fc ekonomik temellerini ve sundu\u011fu f\u0131rsatlar\u0131 uluslararas\u0131 arenada vurgulamak amac\u0131yla 2. Uluslararas\u0131 T\u00fcrkiye Yat\u0131r\u0131m Konferans\u0131&#8217;n\u0131 Londra\u2019da ba\u015far\u0131yla d\u00fczenledi. Konferans, ulusal ve uluslararas\u0131 yat\u0131r\u0131mc\u0131lar\u0131n bir araya gelerek i\u015f birli\u011fi olanaklar\u0131n\u0131 de\u011ferlendirdi\u011fi stratejik bir platform olarak g\u00fc\u00e7l\u00fc kat\u0131l\u0131mla ger\u00e7ekle\u015fti. \u00a0 \u200bTera Yat\u0131r\u0131m, T\u00fcrkiye&#8217;nin yat\u0131r\u0131m potansiyelini, g\u00fc\u00e7l\u00fc ekonomik temellerini ve sundu\u011fu f\u0131rsatlar\u0131 uluslararas\u0131 arenada vurgulamak amac\u0131yla 2. Uluslararas\u0131 T\u00fcrkiye Yat\u0131r\u0131m Konferans\u0131&#8217;n\u0131 Londra\u2019da ba\u015far\u0131yla d\u00fczenledi. Konferans, ulusal ve uluslararas\u0131 yat\u0131r\u0131mc\u0131lar\u0131n bir araya gelerek i\u015f birli\u011fi olanaklar\u0131n\u0131 de\u011ferlendirdi\u011fi stratejik bir platform olarak g\u00fc\u00e7l\u00fc kat\u0131l\u0131mla ger\u00e7ekle\u015fti. \u00a0\u00a0 \u200bHaberin Al\u0131nt\u0131land\u0131\u011f\u0131 Kaynak: www.iskenderun.org","og_url":"https:\/\/denizcankizil.tr\/ru\/haberler\/gundem\/tera-yatirimdan-kuresel-finans-zirvesi\/","og_site_name":"Av. Deniz Can K\u0131z\u0131l","article_published_time":"2025-03-11T10:41:31+00:00","author":"admin","twitter_card":"summary_large_image","twitter_misc":{"\u041d\u0430\u043f\u0438\u0441\u0430\u043d\u043e \u0430\u0432\u0442\u043e\u0440\u043e\u043c":"admin","\u041f\u0440\u0438\u043c\u0435\u0440\u043d\u043e\u0435 \u0432\u0440\u0435\u043c\u044f \u0434\u043b\u044f \u0447\u0442\u0435\u043d\u0438\u044f":"1 \u043c\u0438\u043d\u0443\u0442\u0430"},"schema":{"@context":"https:\/\/schema.org","@graph":[{"@type":"Article","@id":"https:\/\/denizcankizil.tr\/ru\/haberler\/gundem\/tera-yatirimdan-kuresel-finans-zirvesi\/#article","isPartOf":{"@id":"https:\/\/denizcankizil.tr\/ru\/haberler\/gundem\/tera-yatirimdan-kuresel-finans-zirvesi\/"},"author":{"name":"admin","@id":"https:\/\/denizcankizil.tr\/de\/#\/schema\/person\/be3c05fe6a12686905512445d8185489"},"headline":"Tera Yat\u0131r\u0131m\u2019dan K\u00fcresel Finans Zirvesi","datePublished":"2025-03-11T10:41:31+00:00","mainEntityOfPage":{"@id":"https:\/\/denizcankizil.tr\/ru\/haberler\/gundem\/tera-yatirimdan-kuresel-finans-zirvesi\/"},"wordCount":161,"commentCount":0,"publisher":{"@id":"https:\/\/denizcankizil.tr\/de\/#organization"},"articleSection":["G\u00fcndem"],"inLanguage":"ru-RU","potentialAction":[{"@type":"CommentAction","name":"Comment","target":["https:\/\/denizcankizil.tr\/ru\/haberler\/gundem\/tera-yatirimdan-kuresel-finans-zirvesi\/#respond"]}]},{"@type":"WebPage","@id":"https:\/\/denizcankizil.tr\/ru\/haberler\/gundem\/tera-yatirimdan-kuresel-finans-zirvesi\/","url":"https:\/\/denizcankizil.tr\/ru\/haberler\/gundem\/tera-yatirimdan-kuresel-finans-zirvesi\/","name":"Tera Yat\u0131r\u0131m\u2019dan K\u00fcresel Finans Zirvesi - Av. Deniz Can K\u0131z\u0131l","isPartOf":{"@id":"https:\/\/denizcankizil.tr\/de\/#website"},"datePublished":"2025-03-11T10:41:31+00:00","breadcrumb":{"@id":"https:\/\/denizcankizil.tr\/ru\/haberler\/gundem\/tera-yatirimdan-kuresel-finans-zirvesi\/#breadcrumb"},"inLanguage":"ru-RU","potentialAction":[{"@type":"ReadAction","target":["https:\/\/denizcankizil.tr\/ru\/haberler\/gundem\/tera-yatirimdan-kuresel-finans-zirvesi\/"]}]},{"@type":"BreadcrumbList","@id":"https:\/\/denizcankizil.tr\/ru\/haberler\/gundem\/tera-yatirimdan-kuresel-finans-zirvesi\/#breadcrumb","itemListElement":[{"@type":"ListItem","position":1,"name":"Home","item":"https:\/\/denizcankizil.tr\/de\/"},{"@type":"ListItem","position":2,"name":"Tera Yat\u0131r\u0131m\u2019dan K\u00fcresel Finans Zirvesi"}]},{"@type":"WebSite","@id":"https:\/\/denizcankizil.tr\/de\/#website","url":"https:\/\/denizcankizil.tr\/de\/","name":"Av. Deniz Can K\u0131z\u0131l","description":"Avukat Deniz Can K\u0131z\u0131l Antalya Barosu","publisher":{"@id":"https:\/\/denizcankizil.tr\/de\/#organization"},"potentialAction":[{"@type":"SearchAction","target":{"@type":"EntryPoint","urlTemplate":"https:\/\/denizcankizil.tr\/de\/?s={search_term_string}"},"query-input":{"@type":"PropertyValueSpecification","valueRequired":true,"valueName":"search_term_string"}}],"inLanguage":"ru-RU"},{"@type":"Organization","@id":"https:\/\/denizcankizil.tr\/de\/#organization","name":"Av. Deniz Can K\u0131z\u0131l","url":"https:\/\/denizcankizil.tr\/de\/","logo":{"@type":"ImageObject","inLanguage":"ru-RU","@id":"https:\/\/denizcankizil.tr\/de\/#\/schema\/logo\/image\/","url":"https:\/\/denizcankizil.tr\/wp-content\/uploads\/2024\/10\/siyah-logo-svg.svg","contentUrl":"https:\/\/denizcankizil.tr\/wp-content\/uploads\/2024\/10\/siyah-logo-svg.svg","width":1080,"height":1080,"caption":"Av. Deniz Can K\u0131z\u0131l"},"image":{"@id":"https:\/\/denizcankizil.tr\/de\/#\/schema\/logo\/image\/"}},{"@type":"Person","@id":"https:\/\/denizcankizil.tr\/de\/#\/schema\/person\/be3c05fe6a12686905512445d8185489","name":"\u0430\u0434\u043c\u0438\u043d","image":{"@type":"ImageObject","inLanguage":"ru-RU","@id":"https:\/\/denizcankizil.tr\/de\/#\/schema\/person\/image\/","url":"https:\/\/secure.gravatar.com\/avatar\/c1fce94c830dc79107e174f890d7210541c4a63e8e5d816341794a2151c9d58c?s=96&d=mm&r=g","contentUrl":"https:\/\/secure.gravatar.com\/avatar\/c1fce94c830dc79107e174f890d7210541c4a63e8e5d816341794a2151c9d58c?s=96&d=mm&r=g","caption":"admin"},"sameAs":["http:\/\/denizcankizil.tr"],"url":"https:\/\/www.iskenderun.org\/tera-yatirimdan-kuresel-finans-zirvesi"}]}},"_links":{"self":[{"href":"https:\/\/denizcankizil.tr\/ru\/wp-json\/wp\/v2\/posts\/35374","targetHints":{"allow":["GET"]}}],"collection":[{"href":"https:\/\/denizcankizil.tr\/ru\/wp-json\/wp\/v2\/posts"}],"about":[{"href":"https:\/\/denizcankizil.tr\/ru\/wp-json\/wp\/v2\/types\/post"}],"author":[{"embeddable":true,"href":"https:\/\/denizcankizil.tr\/ru\/wp-json\/wp\/v2\/users\/1"}],"replies":[{"embeddable":true,"href":"https:\/\/denizcankizil.tr\/ru\/wp-json\/wp\/v2\/comments?post=35374"}],"version-history":[{"count":0,"href":"https:\/\/denizcankizil.tr\/ru\/wp-json\/wp\/v2\/posts\/35374\/revisions"}],"wp:attachment":[{"href":"https:\/\/denizcankizil.tr\/ru\/wp-json\/wp\/v2\/media?parent=35374"}],"wp:term":[{"taxonomy":"category","embeddable":true,"href":"https:\/\/denizcankizil.tr\/ru\/wp-json\/wp\/v2\/categories?post=35374"},{"taxonomy":"post_tag","embeddable":true,"href":"https:\/\/denizcankizil.tr\/ru\/wp-json\/wp\/v2\/tags?post=35374"}],"curies":[{"name":"wp","href":"https:\/\/api.w.org\/{rel}","templated":true}]}}