{"id":35329,"date":"2025-03-11T10:41:24","date_gmt":"2025-03-11T07:41:24","guid":{"rendered":"https:\/\/denizcankizil.tr\/uncategorized-tr\/bilecikte-kacakciliga-darbe\/"},"modified":"2025-03-11T10:41:24","modified_gmt":"2025-03-11T07:41:24","slug":"bilecikte-kacakciliga-darbe","status":"publish","type":"post","link":"https:\/\/denizcankizil.tr\/ru\/haberler\/gundem\/bilecikte-kacakciliga-darbe\/","title":{"rendered":"Bilecik&#8217;te ka\u00e7ak\u00e7\u0131l\u0131\u011fa darbe!"},"content":{"rendered":"<p>Bilecik \u0130l Emniyet M\u00fcd\u00fcrl\u00fc\u011f\u00fc Ka\u00e7ak\u00e7\u0131l\u0131k ve Organize Su\u00e7larla M\u00fccadele (KOM) \u015eube ekipleri, t\u00fct\u00fcn ve emtia ka\u00e7ak\u00e7\u0131l\u0131\u011f\u0131na y\u00f6nelik y\u00fcr\u00fctt\u00fc\u011f\u00fc operasyonlarda \u00f6nemli bir ba\u015far\u0131ya imza att\u0131.Pazaryeri G\u00fcndem \/ B\u0130LEC\u0130K (\u0130GFA) &#8211; Bilecik&#8217;te y\u00fczlerce paket ka\u00e7ak sigara ve parf\u00fcm ele ge\u00e7irildi.<br \/>\n\u0130l Emniyet M\u00fcd\u00fcrl\u00fc\u011f\u00fc&#8217;ne ba\u011fl\u0131 KOM ekiplerinin yapt\u0131\u011f\u0131 aramalarda 740 paket g\u00fcmr\u00fck ka\u00e7a\u011f\u0131 sigara, 31 adet g\u00fcmr\u00fck ka\u00e7a\u011f\u0131 parf\u00fcm ve 1 adet g\u00fcmr\u00fck ka\u00e7a\u011f\u0131 blender ele ge\u00e7irilirken operasyon kapsam\u0131nda A.A.D. (25) adl\u0131 \u015fah\u0131s hakk\u0131nda 5607 say\u0131l\u0131 Ka\u00e7ak\u00e7\u0131l\u0131kla M\u00fccadele Kanunu\u2019na muhalefet su\u00e7undan i\u015flem ba\u015flat\u0131ld\u0131.<br \/>\nKa\u00e7ak\u00e7\u0131l\u0131kla m\u00fccadelede kararl\u0131 bir duru\u015f sergileyen emniyet g\u00fc\u00e7leri, kent genelinde bu t\u00fcr operasyonlar\u0131n s\u00fcrece\u011fini vurgulad\u0131.<br \/>\nYetkililer, ka\u00e7ak \u00fcr\u00fcnlerin hem ekonomik kay\u0131plara yol a\u00e7t\u0131\u011f\u0131n\u0131 hem de halk sa\u011fl\u0131\u011f\u0131n\u0131 tehdit etti\u011fini belirterek, vatanda\u015flar\u0131 \u015f\u00fcpheli durumlar\u0131 yetkililere bildirmeye \u00e7a\u011f\u0131rd\u0131.<\/p>\n<p>\u200bBilecik \u0130l Emniyet M\u00fcd\u00fcrl\u00fc\u011f\u00fc Ka\u00e7ak\u00e7\u0131l\u0131k ve Organize Su\u00e7larla M\u00fccadele (KOM) \u015eube ekipleri, t\u00fct\u00fcn ve emtia ka\u00e7ak\u00e7\u0131l\u0131\u011f\u0131na y\u00f6nelik y\u00fcr\u00fctt\u00fc\u011f\u00fc operasyonlarda \u00f6nemli bir ba\u015far\u0131ya imza att\u0131.Pazaryeri G\u00fcndem \/ B\u0130LEC\u0130K (\u0130GFA) &#8211; Bilecik&#8217;te y\u00fczlerce paket ka\u00e7ak sigara ve parf\u00fcm ele ge\u00e7irildi.<br \/>\n\u0130l Emniyet M\u00fcd\u00fcrl\u00fc\u011f\u00fc&#8217;ne ba\u011fl\u0131 KOM ekiplerinin yapt\u0131\u011f\u0131 aramalarda 740 paket g\u00fcmr\u00fck ka\u00e7a\u011f\u0131 sigara, 31 adet g\u00fcmr\u00fck ka\u00e7a\u011f\u0131 parf\u00fcm ve 1 adet g\u00fcmr\u00fck ka\u00e7a\u011f\u0131 blender ele ge\u00e7irilirken operasyon kapsam\u0131nda A.A.D. (25) adl\u0131 \u015fah\u0131s hakk\u0131nda 5607 say\u0131l\u0131 Ka\u00e7ak\u00e7\u0131l\u0131kla M\u00fccadele Kanunu\u2019na muhalefet su\u00e7undan i\u015flem ba\u015flat\u0131ld\u0131.<br \/>\nKa\u00e7ak\u00e7\u0131l\u0131kla m\u00fccadelede kararl\u0131 bir duru\u015f sergileyen emniyet g\u00fc\u00e7leri, kent genelinde bu t\u00fcr operasyonlar\u0131n s\u00fcrece\u011fini vurgulad\u0131.<br \/>\nYetkililer, ka\u00e7ak \u00fcr\u00fcnlerin hem ekonomik kay\u0131plara yol a\u00e7t\u0131\u011f\u0131n\u0131 hem de halk sa\u011fl\u0131\u011f\u0131n\u0131 tehdit etti\u011fini belirterek, vatanda\u015flar\u0131 \u015f\u00fcpheli durumlar\u0131 yetkililere bildirmeye \u00e7a\u011f\u0131rd\u0131.\u00a0<\/p>\n<p>\u200bHaberin Al\u0131nt\u0131land\u0131\u011f\u0131 Kaynak: www.iskenderun.org<\/p>","protected":false},"excerpt":{"rendered":"<p>Bilecik \u0130l Emniyet M\u00fcd\u00fcrl\u00fc\u011f\u00fc Ka\u00e7ak\u00e7\u0131l\u0131k ve Organize Su\u00e7larla M\u00fccadele (KOM) \u015eube ekipleri, t\u00fct\u00fcn ve emtia ka\u00e7ak\u00e7\u0131l\u0131\u011f\u0131na y\u00f6nelik y\u00fcr\u00fctt\u00fc\u011f\u00fc operasyonlarda \u00f6nemli bir ba\u015far\u0131ya imza att\u0131.Pazaryeri G\u00fcndem \/ B\u0130LEC\u0130K (\u0130GFA) &#8211; Bilecik&#8217;te y\u00fczlerce paket ka\u00e7ak sigara ve parf\u00fcm ele ge\u00e7irildi. \u0130l Emniyet M\u00fcd\u00fcrl\u00fc\u011f\u00fc&#8217;ne ba\u011fl\u0131 KOM ekiplerinin yapt\u0131\u011f\u0131 aramalarda 740 paket g\u00fcmr\u00fck ka\u00e7a\u011f\u0131 sigara, 31 adet g\u00fcmr\u00fck ka\u00e7a\u011f\u0131 parf\u00fcm ve 1 adet g\u00fcmr\u00fck ka\u00e7a\u011f\u0131 blender ele ge\u00e7irilirken operasyon kapsam\u0131nda A.A.D. (25) adl\u0131 \u015fah\u0131s hakk\u0131nda 5607 say\u0131l\u0131 Ka\u00e7ak\u00e7\u0131l\u0131kla M\u00fccadele Kanunu\u2019na muhalefet su\u00e7undan i\u015flem ba\u015flat\u0131ld\u0131. Ka\u00e7ak\u00e7\u0131l\u0131kla m\u00fccadelede kararl\u0131 bir duru\u015f sergileyen emniyet g\u00fc\u00e7leri, kent genelinde bu t\u00fcr operasyonlar\u0131n s\u00fcrece\u011fini vurgulad\u0131. Yetkililer, ka\u00e7ak \u00fcr\u00fcnlerin hem ekonomik kay\u0131plara yol a\u00e7t\u0131\u011f\u0131n\u0131 hem de halk sa\u011fl\u0131\u011f\u0131n\u0131 tehdit etti\u011fini belirterek, vatanda\u015flar\u0131 \u015f\u00fcpheli durumlar\u0131 yetkililere bildirmeye \u00e7a\u011f\u0131rd\u0131. \u200bBilecik \u0130l Emniyet M\u00fcd\u00fcrl\u00fc\u011f\u00fc Ka\u00e7ak\u00e7\u0131l\u0131k ve Organize Su\u00e7larla M\u00fccadele (KOM) \u015eube ekipleri, t\u00fct\u00fcn ve emtia ka\u00e7ak\u00e7\u0131l\u0131\u011f\u0131na y\u00f6nelik y\u00fcr\u00fctt\u00fc\u011f\u00fc operasyonlarda \u00f6nemli bir ba\u015far\u0131ya imza att\u0131.Pazaryeri G\u00fcndem \/ B\u0130LEC\u0130K (\u0130GFA) &#8211; Bilecik&#8217;te y\u00fczlerce paket ka\u00e7ak sigara ve parf\u00fcm ele ge\u00e7irildi. \u0130l Emniyet M\u00fcd\u00fcrl\u00fc\u011f\u00fc&#8217;ne ba\u011fl\u0131 KOM ekiplerinin yapt\u0131\u011f\u0131 aramalarda 740 paket g\u00fcmr\u00fck ka\u00e7a\u011f\u0131 sigara, 31 adet g\u00fcmr\u00fck ka\u00e7a\u011f\u0131 parf\u00fcm ve 1 adet g\u00fcmr\u00fck ka\u00e7a\u011f\u0131 blender ele ge\u00e7irilirken operasyon kapsam\u0131nda A.A.D. (25) adl\u0131 \u015fah\u0131s hakk\u0131nda 5607 say\u0131l\u0131 Ka\u00e7ak\u00e7\u0131l\u0131kla M\u00fccadele Kanunu\u2019na muhalefet su\u00e7undan i\u015flem ba\u015flat\u0131ld\u0131. Ka\u00e7ak\u00e7\u0131l\u0131kla m\u00fccadelede kararl\u0131 bir &hellip;<\/p>","protected":false},"author":1,"featured_media":0,"comment_status":"open","ping_status":"open","sticky":false,"template":"","format":"standard","meta":{"_acf_changed":false,"footnotes":""},"categories":[24],"tags":[],"class_list":["post-35329","post","type-post","status-publish","format-standard","has-post-thumbnail","hentry","category-gundem"],"acf":[],"yoast_head":"<!-- This site is optimized with the Yoast SEO Premium plugin v26.6 (Yoast SEO v27.1.1) - https:\/\/yoast.com\/product\/yoast-seo-premium-wordpress\/ -->\n<title>Bilecik&#039;te ka\u00e7ak\u00e7\u0131l\u0131\u011fa darbe! - Av. Deniz Can K\u0131z\u0131l<\/title>\n<meta name=\"robots\" content=\"index, follow, max-snippet:-1, max-image-preview:large, max-video-preview:-1\" \/>\n<link rel=\"canonical\" href=\"https:\/\/denizcankizil.tr\/ru\/haberler\/gundem\/bilecikte-kacakciliga-darbe\/\" \/>\n<meta property=\"og:locale\" content=\"ru_RU\" \/>\n<meta property=\"og:type\" content=\"article\" \/>\n<meta property=\"og:title\" content=\"Bilecik&#039;te ka\u00e7ak\u00e7\u0131l\u0131\u011fa darbe!\" \/>\n<meta property=\"og:description\" content=\"Bilecik \u0130l Emniyet M\u00fcd\u00fcrl\u00fc\u011f\u00fc Ka\u00e7ak\u00e7\u0131l\u0131k ve Organize Su\u00e7larla M\u00fccadele (KOM) \u015eube ekipleri, t\u00fct\u00fcn ve emtia ka\u00e7ak\u00e7\u0131l\u0131\u011f\u0131na y\u00f6nelik y\u00fcr\u00fctt\u00fc\u011f\u00fc operasyonlarda \u00f6nemli bir ba\u015far\u0131ya imza att\u0131.Pazaryeri G\u00fcndem \/ B\u0130LEC\u0130K (\u0130GFA) &#8211; Bilecik&#8217;te y\u00fczlerce paket ka\u00e7ak sigara ve parf\u00fcm ele ge\u00e7irildi. \u0130l Emniyet M\u00fcd\u00fcrl\u00fc\u011f\u00fc&#8217;ne ba\u011fl\u0131 KOM ekiplerinin yapt\u0131\u011f\u0131 aramalarda 740 paket g\u00fcmr\u00fck ka\u00e7a\u011f\u0131 sigara, 31 adet g\u00fcmr\u00fck ka\u00e7a\u011f\u0131 parf\u00fcm ve 1 adet g\u00fcmr\u00fck ka\u00e7a\u011f\u0131 blender ele ge\u00e7irilirken operasyon kapsam\u0131nda A.A.D. (25) adl\u0131 \u015fah\u0131s hakk\u0131nda 5607 say\u0131l\u0131 Ka\u00e7ak\u00e7\u0131l\u0131kla M\u00fccadele Kanunu\u2019na muhalefet su\u00e7undan i\u015flem ba\u015flat\u0131ld\u0131. Ka\u00e7ak\u00e7\u0131l\u0131kla m\u00fccadelede kararl\u0131 bir duru\u015f sergileyen emniyet g\u00fc\u00e7leri, kent genelinde bu t\u00fcr operasyonlar\u0131n s\u00fcrece\u011fini vurgulad\u0131. Yetkililer, ka\u00e7ak \u00fcr\u00fcnlerin hem ekonomik kay\u0131plara yol a\u00e7t\u0131\u011f\u0131n\u0131 hem de halk sa\u011fl\u0131\u011f\u0131n\u0131 tehdit etti\u011fini belirterek, vatanda\u015flar\u0131 \u015f\u00fcpheli durumlar\u0131 yetkililere bildirmeye \u00e7a\u011f\u0131rd\u0131. \u200bBilecik \u0130l Emniyet M\u00fcd\u00fcrl\u00fc\u011f\u00fc Ka\u00e7ak\u00e7\u0131l\u0131k ve Organize Su\u00e7larla M\u00fccadele (KOM) \u015eube ekipleri, t\u00fct\u00fcn ve emtia ka\u00e7ak\u00e7\u0131l\u0131\u011f\u0131na y\u00f6nelik y\u00fcr\u00fctt\u00fc\u011f\u00fc operasyonlarda \u00f6nemli bir ba\u015far\u0131ya imza att\u0131.Pazaryeri G\u00fcndem \/ B\u0130LEC\u0130K (\u0130GFA) &#8211; Bilecik&#8217;te y\u00fczlerce paket ka\u00e7ak sigara ve parf\u00fcm ele ge\u00e7irildi. \u0130l Emniyet M\u00fcd\u00fcrl\u00fc\u011f\u00fc&#8217;ne ba\u011fl\u0131 KOM ekiplerinin yapt\u0131\u011f\u0131 aramalarda 740 paket g\u00fcmr\u00fck ka\u00e7a\u011f\u0131 sigara, 31 adet g\u00fcmr\u00fck ka\u00e7a\u011f\u0131 parf\u00fcm ve 1 adet g\u00fcmr\u00fck ka\u00e7a\u011f\u0131 blender ele ge\u00e7irilirken operasyon kapsam\u0131nda A.A.D. (25) adl\u0131 \u015fah\u0131s hakk\u0131nda 5607 say\u0131l\u0131 Ka\u00e7ak\u00e7\u0131l\u0131kla M\u00fccadele Kanunu\u2019na muhalefet su\u00e7undan i\u015flem ba\u015flat\u0131ld\u0131. Ka\u00e7ak\u00e7\u0131l\u0131kla m\u00fccadelede kararl\u0131 bir &hellip;\" \/>\n<meta property=\"og:url\" content=\"https:\/\/denizcankizil.tr\/ru\/haberler\/gundem\/bilecikte-kacakciliga-darbe\/\" \/>\n<meta property=\"og:site_name\" content=\"Av. Deniz Can K\u0131z\u0131l\" \/>\n<meta property=\"article:published_time\" content=\"2025-03-11T07:41:24+00:00\" \/>\n<meta name=\"author\" content=\"admin\" \/>\n<meta name=\"twitter:card\" content=\"summary_large_image\" \/>\n<meta name=\"twitter:label1\" content=\"\u041d\u0430\u043f\u0438\u0441\u0430\u043d\u043e \u0430\u0432\u0442\u043e\u0440\u043e\u043c\" \/>\n\t<meta name=\"twitter:data1\" content=\"admin\" \/>\n\t<meta name=\"twitter:label2\" content=\"\u041f\u0440\u0438\u043c\u0435\u0440\u043d\u043e\u0435 \u0432\u0440\u0435\u043c\u044f \u0434\u043b\u044f \u0447\u0442\u0435\u043d\u0438\u044f\" \/>\n\t<meta name=\"twitter:data2\" content=\"2 \u043c\u0438\u043d\u0443\u0442\u044b\" \/>\n<script type=\"application\/ld+json\" class=\"yoast-schema-graph\">{\"@context\":\"https:\/\/schema.org\",\"@graph\":[{\"@type\":\"Article\",\"@id\":\"https:\/\/denizcankizil.tr\/de\/haberler\/gundem\/bilecikte-kacakciliga-darbe\/#article\",\"isPartOf\":{\"@id\":\"https:\/\/denizcankizil.tr\/de\/haberler\/gundem\/bilecikte-kacakciliga-darbe\/\"},\"author\":{\"name\":\"admin\",\"@id\":\"https:\/\/denizcankizil.tr\/de\/#\/schema\/person\/be3c05fe6a12686905512445d8185489\"},\"headline\":\"Bilecik&#8217;te ka\u00e7ak\u00e7\u0131l\u0131\u011fa darbe!\",\"datePublished\":\"2025-03-11T07:41:24+00:00\",\"mainEntityOfPage\":{\"@id\":\"https:\/\/denizcankizil.tr\/de\/haberler\/gundem\/bilecikte-kacakciliga-darbe\/\"},\"wordCount\":385,\"commentCount\":0,\"publisher\":{\"@id\":\"https:\/\/denizcankizil.tr\/de\/#organization\"},\"articleSection\":[\"G\u00fcndem\"],\"inLanguage\":\"ru-RU\",\"potentialAction\":[{\"@type\":\"CommentAction\",\"name\":\"Comment\",\"target\":[\"https:\/\/denizcankizil.tr\/de\/haberler\/gundem\/bilecikte-kacakciliga-darbe\/#respond\"]}]},{\"@type\":\"WebPage\",\"@id\":\"https:\/\/denizcankizil.tr\/de\/haberler\/gundem\/bilecikte-kacakciliga-darbe\/\",\"url\":\"https:\/\/denizcankizil.tr\/de\/haberler\/gundem\/bilecikte-kacakciliga-darbe\/\",\"name\":\"Bilecik'te ka\u00e7ak\u00e7\u0131l\u0131\u011fa darbe! - Av. Deniz Can K\u0131z\u0131l\",\"isPartOf\":{\"@id\":\"https:\/\/denizcankizil.tr\/de\/#website\"},\"datePublished\":\"2025-03-11T07:41:24+00:00\",\"breadcrumb\":{\"@id\":\"https:\/\/denizcankizil.tr\/de\/haberler\/gundem\/bilecikte-kacakciliga-darbe\/#breadcrumb\"},\"inLanguage\":\"ru-RU\",\"potentialAction\":[{\"@type\":\"ReadAction\",\"target\":[\"https:\/\/denizcankizil.tr\/de\/haberler\/gundem\/bilecikte-kacakciliga-darbe\/\"]}]},{\"@type\":\"BreadcrumbList\",\"@id\":\"https:\/\/denizcankizil.tr\/de\/haberler\/gundem\/bilecikte-kacakciliga-darbe\/#breadcrumb\",\"itemListElement\":[{\"@type\":\"ListItem\",\"position\":1,\"name\":\"Home\",\"item\":\"https:\/\/denizcankizil.tr\/de\/\"},{\"@type\":\"ListItem\",\"position\":2,\"name\":\"Bilecik&#8217;te ka\u00e7ak\u00e7\u0131l\u0131\u011fa darbe!\"}]},{\"@type\":\"WebSite\",\"@id\":\"https:\/\/denizcankizil.tr\/de\/#website\",\"url\":\"https:\/\/denizcankizil.tr\/de\/\",\"name\":\"Av. Deniz Can K\u0131z\u0131l\",\"description\":\"Avukat Deniz Can K\u0131z\u0131l Antalya Barosu\",\"publisher\":{\"@id\":\"https:\/\/denizcankizil.tr\/de\/#organization\"},\"potentialAction\":[{\"@type\":\"SearchAction\",\"target\":{\"@type\":\"EntryPoint\",\"urlTemplate\":\"https:\/\/denizcankizil.tr\/de\/?s={search_term_string}\"},\"query-input\":{\"@type\":\"PropertyValueSpecification\",\"valueRequired\":true,\"valueName\":\"search_term_string\"}}],\"inLanguage\":\"ru-RU\"},{\"@type\":\"Organization\",\"@id\":\"https:\/\/denizcankizil.tr\/de\/#organization\",\"name\":\"Av. Deniz Can K\u0131z\u0131l\",\"url\":\"https:\/\/denizcankizil.tr\/de\/\",\"logo\":{\"@type\":\"ImageObject\",\"inLanguage\":\"ru-RU\",\"@id\":\"https:\/\/denizcankizil.tr\/de\/#\/schema\/logo\/image\/\",\"url\":\"https:\/\/denizcankizil.tr\/wp-content\/uploads\/2024\/10\/siyah-logo-svg.svg\",\"contentUrl\":\"https:\/\/denizcankizil.tr\/wp-content\/uploads\/2024\/10\/siyah-logo-svg.svg\",\"width\":1080,\"height\":1080,\"caption\":\"Av. Deniz Can K\u0131z\u0131l\"},\"image\":{\"@id\":\"https:\/\/denizcankizil.tr\/de\/#\/schema\/logo\/image\/\"}},{\"@type\":\"Person\",\"@id\":\"https:\/\/denizcankizil.tr\/de\/#\/schema\/person\/be3c05fe6a12686905512445d8185489\",\"name\":\"admin\",\"image\":{\"@type\":\"ImageObject\",\"inLanguage\":\"ru-RU\",\"@id\":\"https:\/\/denizcankizil.tr\/de\/#\/schema\/person\/image\/\",\"url\":\"https:\/\/secure.gravatar.com\/avatar\/c1fce94c830dc79107e174f890d7210541c4a63e8e5d816341794a2151c9d58c?s=96&d=mm&r=g\",\"contentUrl\":\"https:\/\/secure.gravatar.com\/avatar\/c1fce94c830dc79107e174f890d7210541c4a63e8e5d816341794a2151c9d58c?s=96&d=mm&r=g\",\"caption\":\"admin\"},\"sameAs\":[\"http:\/\/denizcankizil.tr\"],\"url\":\"https:\/\/www.iskenderun.org\/bilecikte-kacakciliga-darbe\"}]}<\/script>\n<!-- \/ Yoast SEO Premium plugin. -->","yoast_head_json":{"title":"Bilecik'te ka\u00e7ak\u00e7\u0131l\u0131\u011fa darbe! - Av. Deniz Can K\u0131z\u0131l","robots":{"index":"index","follow":"follow","max-snippet":"max-snippet:-1","max-image-preview":"max-image-preview:large","max-video-preview":"max-video-preview:-1"},"canonical":"https:\/\/denizcankizil.tr\/ru\/haberler\/gundem\/bilecikte-kacakciliga-darbe\/","og_locale":"ru_RU","og_type":"article","og_title":"Bilecik'te ka\u00e7ak\u00e7\u0131l\u0131\u011fa darbe!","og_description":"Bilecik \u0130l Emniyet M\u00fcd\u00fcrl\u00fc\u011f\u00fc Ka\u00e7ak\u00e7\u0131l\u0131k ve Organize Su\u00e7larla M\u00fccadele (KOM) \u015eube ekipleri, t\u00fct\u00fcn ve emtia ka\u00e7ak\u00e7\u0131l\u0131\u011f\u0131na y\u00f6nelik y\u00fcr\u00fctt\u00fc\u011f\u00fc operasyonlarda \u00f6nemli bir ba\u015far\u0131ya imza att\u0131.Pazaryeri G\u00fcndem \/ B\u0130LEC\u0130K (\u0130GFA) &#8211; Bilecik&#8217;te y\u00fczlerce paket ka\u00e7ak sigara ve parf\u00fcm ele ge\u00e7irildi. \u0130l Emniyet M\u00fcd\u00fcrl\u00fc\u011f\u00fc&#8217;ne ba\u011fl\u0131 KOM ekiplerinin yapt\u0131\u011f\u0131 aramalarda 740 paket g\u00fcmr\u00fck ka\u00e7a\u011f\u0131 sigara, 31 adet g\u00fcmr\u00fck ka\u00e7a\u011f\u0131 parf\u00fcm ve 1 adet g\u00fcmr\u00fck ka\u00e7a\u011f\u0131 blender ele ge\u00e7irilirken operasyon kapsam\u0131nda A.A.D. (25) adl\u0131 \u015fah\u0131s hakk\u0131nda 5607 say\u0131l\u0131 Ka\u00e7ak\u00e7\u0131l\u0131kla M\u00fccadele Kanunu\u2019na muhalefet su\u00e7undan i\u015flem ba\u015flat\u0131ld\u0131. Ka\u00e7ak\u00e7\u0131l\u0131kla m\u00fccadelede kararl\u0131 bir duru\u015f sergileyen emniyet g\u00fc\u00e7leri, kent genelinde bu t\u00fcr operasyonlar\u0131n s\u00fcrece\u011fini vurgulad\u0131. Yetkililer, ka\u00e7ak \u00fcr\u00fcnlerin hem ekonomik kay\u0131plara yol a\u00e7t\u0131\u011f\u0131n\u0131 hem de halk sa\u011fl\u0131\u011f\u0131n\u0131 tehdit etti\u011fini belirterek, vatanda\u015flar\u0131 \u015f\u00fcpheli durumlar\u0131 yetkililere bildirmeye \u00e7a\u011f\u0131rd\u0131. \u200bBilecik \u0130l Emniyet M\u00fcd\u00fcrl\u00fc\u011f\u00fc Ka\u00e7ak\u00e7\u0131l\u0131k ve Organize Su\u00e7larla M\u00fccadele (KOM) \u015eube ekipleri, t\u00fct\u00fcn ve emtia ka\u00e7ak\u00e7\u0131l\u0131\u011f\u0131na y\u00f6nelik y\u00fcr\u00fctt\u00fc\u011f\u00fc operasyonlarda \u00f6nemli bir ba\u015far\u0131ya imza att\u0131.Pazaryeri G\u00fcndem \/ B\u0130LEC\u0130K (\u0130GFA) &#8211; Bilecik&#8217;te y\u00fczlerce paket ka\u00e7ak sigara ve parf\u00fcm ele ge\u00e7irildi. \u0130l Emniyet M\u00fcd\u00fcrl\u00fc\u011f\u00fc&#8217;ne ba\u011fl\u0131 KOM ekiplerinin yapt\u0131\u011f\u0131 aramalarda 740 paket g\u00fcmr\u00fck ka\u00e7a\u011f\u0131 sigara, 31 adet g\u00fcmr\u00fck ka\u00e7a\u011f\u0131 parf\u00fcm ve 1 adet g\u00fcmr\u00fck ka\u00e7a\u011f\u0131 blender ele ge\u00e7irilirken operasyon kapsam\u0131nda A.A.D. (25) adl\u0131 \u015fah\u0131s hakk\u0131nda 5607 say\u0131l\u0131 Ka\u00e7ak\u00e7\u0131l\u0131kla M\u00fccadele Kanunu\u2019na muhalefet su\u00e7undan i\u015flem ba\u015flat\u0131ld\u0131. Ka\u00e7ak\u00e7\u0131l\u0131kla m\u00fccadelede kararl\u0131 bir &hellip;","og_url":"https:\/\/denizcankizil.tr\/ru\/haberler\/gundem\/bilecikte-kacakciliga-darbe\/","og_site_name":"Av. Deniz Can K\u0131z\u0131l","article_published_time":"2025-03-11T07:41:24+00:00","author":"admin","twitter_card":"summary_large_image","twitter_misc":{"\u041d\u0430\u043f\u0438\u0441\u0430\u043d\u043e \u0430\u0432\u0442\u043e\u0440\u043e\u043c":"admin","\u041f\u0440\u0438\u043c\u0435\u0440\u043d\u043e\u0435 \u0432\u0440\u0435\u043c\u044f \u0434\u043b\u044f \u0447\u0442\u0435\u043d\u0438\u044f":"2 \u043c\u0438\u043d\u0443\u0442\u044b"},"schema":{"@context":"https:\/\/schema.org","@graph":[{"@type":"Article","@id":"https:\/\/denizcankizil.tr\/de\/haberler\/gundem\/bilecikte-kacakciliga-darbe\/#article","isPartOf":{"@id":"https:\/\/denizcankizil.tr\/de\/haberler\/gundem\/bilecikte-kacakciliga-darbe\/"},"author":{"name":"admin","@id":"https:\/\/denizcankizil.tr\/de\/#\/schema\/person\/be3c05fe6a12686905512445d8185489"},"headline":"Bilecik&#8217;te ka\u00e7ak\u00e7\u0131l\u0131\u011fa darbe!","datePublished":"2025-03-11T07:41:24+00:00","mainEntityOfPage":{"@id":"https:\/\/denizcankizil.tr\/de\/haberler\/gundem\/bilecikte-kacakciliga-darbe\/"},"wordCount":385,"commentCount":0,"publisher":{"@id":"https:\/\/denizcankizil.tr\/de\/#organization"},"articleSection":["G\u00fcndem"],"inLanguage":"ru-RU","potentialAction":[{"@type":"CommentAction","name":"Comment","target":["https:\/\/denizcankizil.tr\/de\/haberler\/gundem\/bilecikte-kacakciliga-darbe\/#respond"]}]},{"@type":"WebPage","@id":"https:\/\/denizcankizil.tr\/de\/haberler\/gundem\/bilecikte-kacakciliga-darbe\/","url":"https:\/\/denizcankizil.tr\/de\/haberler\/gundem\/bilecikte-kacakciliga-darbe\/","name":"Bilecik'te ka\u00e7ak\u00e7\u0131l\u0131\u011fa darbe! - Av. Deniz Can K\u0131z\u0131l","isPartOf":{"@id":"https:\/\/denizcankizil.tr\/de\/#website"},"datePublished":"2025-03-11T07:41:24+00:00","breadcrumb":{"@id":"https:\/\/denizcankizil.tr\/de\/haberler\/gundem\/bilecikte-kacakciliga-darbe\/#breadcrumb"},"inLanguage":"ru-RU","potentialAction":[{"@type":"ReadAction","target":["https:\/\/denizcankizil.tr\/de\/haberler\/gundem\/bilecikte-kacakciliga-darbe\/"]}]},{"@type":"BreadcrumbList","@id":"https:\/\/denizcankizil.tr\/de\/haberler\/gundem\/bilecikte-kacakciliga-darbe\/#breadcrumb","itemListElement":[{"@type":"ListItem","position":1,"name":"Home","item":"https:\/\/denizcankizil.tr\/de\/"},{"@type":"ListItem","position":2,"name":"Bilecik&#8217;te ka\u00e7ak\u00e7\u0131l\u0131\u011fa darbe!"}]},{"@type":"WebSite","@id":"https:\/\/denizcankizil.tr\/de\/#website","url":"https:\/\/denizcankizil.tr\/de\/","name":"Av. Deniz Can K\u0131z\u0131l","description":"Avukat Deniz Can K\u0131z\u0131l Antalya Barosu","publisher":{"@id":"https:\/\/denizcankizil.tr\/de\/#organization"},"potentialAction":[{"@type":"SearchAction","target":{"@type":"EntryPoint","urlTemplate":"https:\/\/denizcankizil.tr\/de\/?s={search_term_string}"},"query-input":{"@type":"PropertyValueSpecification","valueRequired":true,"valueName":"search_term_string"}}],"inLanguage":"ru-RU"},{"@type":"Organization","@id":"https:\/\/denizcankizil.tr\/de\/#organization","name":"Av. Deniz Can K\u0131z\u0131l","url":"https:\/\/denizcankizil.tr\/de\/","logo":{"@type":"ImageObject","inLanguage":"ru-RU","@id":"https:\/\/denizcankizil.tr\/de\/#\/schema\/logo\/image\/","url":"https:\/\/denizcankizil.tr\/wp-content\/uploads\/2024\/10\/siyah-logo-svg.svg","contentUrl":"https:\/\/denizcankizil.tr\/wp-content\/uploads\/2024\/10\/siyah-logo-svg.svg","width":1080,"height":1080,"caption":"Av. Deniz Can K\u0131z\u0131l"},"image":{"@id":"https:\/\/denizcankizil.tr\/de\/#\/schema\/logo\/image\/"}},{"@type":"Person","@id":"https:\/\/denizcankizil.tr\/de\/#\/schema\/person\/be3c05fe6a12686905512445d8185489","name":"\u0430\u0434\u043c\u0438\u043d","image":{"@type":"ImageObject","inLanguage":"ru-RU","@id":"https:\/\/denizcankizil.tr\/de\/#\/schema\/person\/image\/","url":"https:\/\/secure.gravatar.com\/avatar\/c1fce94c830dc79107e174f890d7210541c4a63e8e5d816341794a2151c9d58c?s=96&d=mm&r=g","contentUrl":"https:\/\/secure.gravatar.com\/avatar\/c1fce94c830dc79107e174f890d7210541c4a63e8e5d816341794a2151c9d58c?s=96&d=mm&r=g","caption":"admin"},"sameAs":["http:\/\/denizcankizil.tr"],"url":"https:\/\/www.iskenderun.org\/bilecikte-kacakciliga-darbe"}]}},"_links":{"self":[{"href":"https:\/\/denizcankizil.tr\/ru\/wp-json\/wp\/v2\/posts\/35329","targetHints":{"allow":["GET"]}}],"collection":[{"href":"https:\/\/denizcankizil.tr\/ru\/wp-json\/wp\/v2\/posts"}],"about":[{"href":"https:\/\/denizcankizil.tr\/ru\/wp-json\/wp\/v2\/types\/post"}],"author":[{"embeddable":true,"href":"https:\/\/denizcankizil.tr\/ru\/wp-json\/wp\/v2\/users\/1"}],"replies":[{"embeddable":true,"href":"https:\/\/denizcankizil.tr\/ru\/wp-json\/wp\/v2\/comments?post=35329"}],"version-history":[{"count":0,"href":"https:\/\/denizcankizil.tr\/ru\/wp-json\/wp\/v2\/posts\/35329\/revisions"}],"wp:attachment":[{"href":"https:\/\/denizcankizil.tr\/ru\/wp-json\/wp\/v2\/media?parent=35329"}],"wp:term":[{"taxonomy":"category","embeddable":true,"href":"https:\/\/denizcankizil.tr\/ru\/wp-json\/wp\/v2\/categories?post=35329"},{"taxonomy":"post_tag","embeddable":true,"href":"https:\/\/denizcankizil.tr\/ru\/wp-json\/wp\/v2\/tags?post=35329"}],"curies":[{"name":"wp","href":"https:\/\/api.w.org\/{rel}","templated":true}]}}