{"id":35307,"date":"2025-03-10T19:41:24","date_gmt":"2025-03-10T16:41:24","guid":{"rendered":"https:\/\/denizcankizil.tr\/uncategorized-tr\/izmirde-kacak-dokume-112-milyon-tl-ceza\/"},"modified":"2025-03-10T19:41:24","modified_gmt":"2025-03-10T16:41:24","slug":"izmirde-kacak-dokume-112-milyon-tl-ceza","status":"publish","type":"post","link":"https:\/\/denizcankizil.tr\/ru\/haberler\/gundem\/izmirde-kacak-dokume-112-milyon-tl-ceza\/","title":{"rendered":"\u0130zmir&#8217;de ka\u00e7ak d\u00f6k\u00fcme 11,2 milyon TL ceza!"},"content":{"rendered":"<p>\u00c7evre, \u015eehircilik ve \u0130klim De\u011fi\u015fikli\u011fi Bakanl\u0131\u011f\u0131 \u0130zmir \u0130l M\u00fcd\u00fcrl\u00fc\u011f\u00fc ekipleri, Gaziemir il\u00e7esindeki eski kur\u015fun geri kazan\u0131m fabrikas\u0131n\u0131n at\u0131klar\u0131n\u0131n Torbal\u0131\u2019daki bo\u015f araziye d\u00f6k\u00fclmesiyle ilgili incelemesi sonucunda 2 hafriyat nakliyat \u015firketine toplamda 11 milyon 218 bin 356 TL idari ceza uygulad\u0131.\u0130ZM\u0130R (\u0130GFA) &#8211; \u0130zmir Gaziemir\u2019de at\u0131l durumdaki bir kur\u015fun geri kazan\u0131m fabrikas\u0131ndan \u00e7\u0131kar\u0131lan hafriyat topraklar\u0131n\u0131n mevzuata ayk\u0131r\u0131 \u015fekilde a\u00e7\u0131k alana d\u00f6k\u00fcld\u00fc\u011f\u00fc ihbar\u0131 \u00fczerine, \u00c7evre \u015eehircilik ve \u0130klim De\u011fi\u015fikli\u011fi Bakanl\u0131\u011f\u0131 ekiplerince denetim ger\u00e7ekle\u015ftirildi.<br \/>\n\u00a0Bakanl\u0131ktan yap\u0131lan a\u00e7\u0131klamada s\u00f6z konusu denetimde; ta\u015f\u0131y\u0131c\u0131 2 hafriyat firmas\u0131n\u0131n, fabrikadan \u00e7\u0131kar\u0131lan at\u0131k topraklar\u0131 Torbal\u0131\u2019daki Yo\u011furt\u00e7ular Mahallesi&#8217;nde bulunan a\u00e7\u0131k alana ka\u00e7ak olarak d\u00f6kt\u00fc\u011f\u00fc tespit edildi. \u00c7evre Kanunu&#8217;na istinaden 2 firmaya, ilgili her bir firmaya 5 milyon 609 bin TL olmak \u00fczere toplam 11 milyon 218 bin TL idari ceza uyguland\u0131.<br \/>\n\u0130lgililer hakk\u0131nda su\u00e7 duyurusunda bulunulurken, konuyla ilgili incelemeler s\u00fcr\u00fcyor.<br \/>\nKamuoyuna sayg\u0131yla duyurulur.<\/p>\n<p><blockquote class=\"twitter-tweet\" data-width=\"550\" data-dnt=\"true\"><p lang=\"tr\" dir=\"ltr\">\u0130zmir Gaziemir\u2019de at\u0131l durumdaki bir kur\u015fun geri kazan\u0131m fabrikas\u0131ndan \u00e7\u0131kar\u0131lan hafriyat topraklar\u0131n\u0131n mevzuata ayk\u0131r\u0131 \u015fekilde a\u00e7\u0131k alana d\u00f6k\u00fcld\u00fc\u011f\u00fc ihbar\u0131 \u00fczerine, Bakanl\u0131\u011f\u0131m\u0131z ekiplerince denetim ger\u00e7ekle\u015ftirildi.<br><br>Denetimde; ta\u015f\u0131y\u0131c\u0131 2 hafriyat firmas\u0131n\u0131n, fabrikadan \u00e7\u0131kar\u0131lan\u2026 <a href=\"https:\/\/t.co\/vio6oVI5V2\">pic.twitter.com\/vio6oVI5V2<\/a><\/p>&mdash; T.C. \u00c7evre, \u015eehircilik ve \u0130klim D\u011f\u015f. Bakanl\u0131\u011f\u0131 (@csbgovtr) <a href=\"https:\/\/twitter.com\/csbgovtr\/status\/1899056408307380431?ref_src=twsrc%5Etfw\">March 10, 2025<\/a><\/blockquote><script async src=\"https:\/\/platform.twitter.com\/widgets.js\" charset=\"utf-8\"><\/script><\/p>\n<p>\u200b\u00c7evre, \u015eehircilik ve \u0130klim De\u011fi\u015fikli\u011fi Bakanl\u0131\u011f\u0131 \u0130zmir \u0130l M\u00fcd\u00fcrl\u00fc\u011f\u00fc ekipleri, Gaziemir il\u00e7esindeki eski kur\u015fun geri kazan\u0131m fabrikas\u0131n\u0131n at\u0131klar\u0131n\u0131n Torbal\u0131\u2019daki bo\u015f araziye d\u00f6k\u00fclmesiyle ilgili incelemesi sonucunda 2 hafriyat nakliyat \u015firketine toplamda 11 milyon 218 bin 356 TL idari ceza uygulad\u0131.\u0130ZM\u0130R (\u0130GFA) &#8211; \u0130zmir Gaziemir\u2019de at\u0131l durumdaki bir kur\u015fun geri kazan\u0131m fabrikas\u0131ndan \u00e7\u0131kar\u0131lan hafriyat topraklar\u0131n\u0131n mevzuata ayk\u0131r\u0131 \u015fekilde a\u00e7\u0131k alana d\u00f6k\u00fcld\u00fc\u011f\u00fc ihbar\u0131 \u00fczerine, \u00c7evre \u015eehircilik ve \u0130klim De\u011fi\u015fikli\u011fi Bakanl\u0131\u011f\u0131 ekiplerince denetim ger\u00e7ekle\u015ftirildi.<br \/>\n\u00a0Bakanl\u0131ktan yap\u0131lan a\u00e7\u0131klamada s\u00f6z konusu denetimde; ta\u015f\u0131y\u0131c\u0131 2 hafriyat firmas\u0131n\u0131n, fabrikadan \u00e7\u0131kar\u0131lan at\u0131k topraklar\u0131 Torbal\u0131\u2019daki Yo\u011furt\u00e7ular Mahallesi&#8217;nde bulunan a\u00e7\u0131k alana ka\u00e7ak olarak d\u00f6kt\u00fc\u011f\u00fc tespit edildi. \u00c7evre Kanunu&#8217;na istinaden 2 firmaya, ilgili her bir firmaya 5 milyon 609 bin TL olmak \u00fczere toplam 11 milyon 218 bin TL idari ceza uyguland\u0131.<br \/>\n\u0130lgililer hakk\u0131nda su\u00e7 duyurusunda bulunulurken, konuyla ilgili incelemeler s\u00fcr\u00fcyor.<br \/>\nKamuoyuna sayg\u0131yla duyurulur.<\/p>\n<p>https:\/\/twitter.com\/csbgovtr\/status\/1899056408307380431\u00a0<\/p>\n<p>\u200bHaberin Al\u0131nt\u0131land\u0131\u011f\u0131 Kaynak: www.iskenderun.org<\/p>","protected":false},"excerpt":{"rendered":"<p>\u00c7evre, \u015eehircilik ve \u0130klim De\u011fi\u015fikli\u011fi Bakanl\u0131\u011f\u0131 \u0130zmir \u0130l M\u00fcd\u00fcrl\u00fc\u011f\u00fc ekipleri, Gaziemir il\u00e7esindeki eski kur\u015fun geri kazan\u0131m fabrikas\u0131n\u0131n at\u0131klar\u0131n\u0131n Torbal\u0131\u2019daki bo\u015f araziye d\u00f6k\u00fclmesiyle ilgili incelemesi sonucunda 2 hafriyat nakliyat \u015firketine toplamda 11 milyon 218 bin 356 TL idari ceza uygulad\u0131.\u0130ZM\u0130R (\u0130GFA) &#8211; \u0130zmir Gaziemir\u2019de at\u0131l durumdaki bir kur\u015fun geri kazan\u0131m fabrikas\u0131ndan \u00e7\u0131kar\u0131lan hafriyat topraklar\u0131n\u0131n mevzuata ayk\u0131r\u0131 \u015fekilde a\u00e7\u0131k alana d\u00f6k\u00fcld\u00fc\u011f\u00fc ihbar\u0131 \u00fczerine, \u00c7evre \u015eehircilik ve \u0130klim De\u011fi\u015fikli\u011fi Bakanl\u0131\u011f\u0131 ekiplerince denetim ger\u00e7ekle\u015ftirildi. \u00a0Bakanl\u0131ktan yap\u0131lan a\u00e7\u0131klamada s\u00f6z konusu denetimde; ta\u015f\u0131y\u0131c\u0131 2 hafriyat firmas\u0131n\u0131n, fabrikadan \u00e7\u0131kar\u0131lan at\u0131k topraklar\u0131 Torbal\u0131\u2019daki Yo\u011furt\u00e7ular Mahallesi&#8217;nde bulunan a\u00e7\u0131k alana ka\u00e7ak olarak d\u00f6kt\u00fc\u011f\u00fc tespit edildi. \u00c7evre Kanunu&#8217;na istinaden 2 firmaya, ilgili her bir firmaya 5 milyon 609 bin TL olmak \u00fczere toplam 11 milyon 218 bin TL idari ceza uyguland\u0131. \u0130lgililer hakk\u0131nda su\u00e7 duyurusunda bulunulurken, konuyla ilgili incelemeler s\u00fcr\u00fcyor. Kamuoyuna sayg\u0131yla duyurulur. \u0130zmir Gaziemir\u2019de at\u0131l durumdaki bir kur\u015fun geri kazan\u0131m fabrikas\u0131ndan \u00e7\u0131kar\u0131lan hafriyat topraklar\u0131n\u0131n mevzuata ayk\u0131r\u0131 \u015fekilde a\u00e7\u0131k alana d\u00f6k\u00fcld\u00fc\u011f\u00fc ihbar\u0131 \u00fczerine, Bakanl\u0131\u011f\u0131m\u0131z ekiplerince denetim ger\u00e7ekle\u015ftirildi. Denetimde; ta\u015f\u0131y\u0131c\u0131 2 hafriyat firmas\u0131n\u0131n, fabrikadan \u00e7\u0131kar\u0131lan\u2026 pic.twitter.com\/vio6oVI5V2 &mdash; T.C. \u00c7evre, \u015eehircilik ve \u0130klim D\u011f\u015f. Bakanl\u0131\u011f\u0131 (@csbgovtr) March 10, 2025 \u200b\u00c7evre, \u015eehircilik ve \u0130klim De\u011fi\u015fikli\u011fi Bakanl\u0131\u011f\u0131 \u0130zmir \u0130l M\u00fcd\u00fcrl\u00fc\u011f\u00fc ekipleri, Gaziemir il\u00e7esindeki eski kur\u015fun geri kazan\u0131m fabrikas\u0131n\u0131n at\u0131klar\u0131n\u0131n Torbal\u0131\u2019daki bo\u015f araziye d\u00f6k\u00fclmesiyle ilgili incelemesi &hellip;<\/p>","protected":false},"author":1,"featured_media":0,"comment_status":"open","ping_status":"open","sticky":false,"template":"","format":"standard","meta":{"_acf_changed":false,"footnotes":""},"categories":[24],"tags":[],"class_list":["post-35307","post","type-post","status-publish","format-standard","has-post-thumbnail","hentry","category-gundem"],"acf":[],"yoast_head":"<!-- This site is optimized with the Yoast SEO Premium plugin v26.6 (Yoast SEO v27.1.1) - https:\/\/yoast.com\/product\/yoast-seo-premium-wordpress\/ -->\n<title>\u0130zmir&#039;de ka\u00e7ak d\u00f6k\u00fcme 11,2 milyon TL ceza! - Av. Deniz Can K\u0131z\u0131l<\/title>\n<meta name=\"robots\" content=\"index, follow, max-snippet:-1, max-image-preview:large, max-video-preview:-1\" \/>\n<link rel=\"canonical\" href=\"https:\/\/denizcankizil.tr\/ru\/haberler\/gundem\/izmirde-kacak-dokume-112-milyon-tl-ceza\/\" \/>\n<meta property=\"og:locale\" content=\"ru_RU\" \/>\n<meta property=\"og:type\" content=\"article\" \/>\n<meta property=\"og:title\" content=\"\u0130zmir&#039;de ka\u00e7ak d\u00f6k\u00fcme 11,2 milyon TL ceza!\" \/>\n<meta property=\"og:description\" content=\"\u00c7evre, \u015eehircilik ve \u0130klim De\u011fi\u015fikli\u011fi Bakanl\u0131\u011f\u0131 \u0130zmir \u0130l M\u00fcd\u00fcrl\u00fc\u011f\u00fc ekipleri, Gaziemir il\u00e7esindeki eski kur\u015fun geri kazan\u0131m fabrikas\u0131n\u0131n at\u0131klar\u0131n\u0131n Torbal\u0131\u2019daki bo\u015f araziye d\u00f6k\u00fclmesiyle ilgili incelemesi sonucunda 2 hafriyat nakliyat \u015firketine toplamda 11 milyon 218 bin 356 TL idari ceza uygulad\u0131.\u0130ZM\u0130R (\u0130GFA) &#8211; \u0130zmir Gaziemir\u2019de at\u0131l durumdaki bir kur\u015fun geri kazan\u0131m fabrikas\u0131ndan \u00e7\u0131kar\u0131lan hafriyat topraklar\u0131n\u0131n mevzuata ayk\u0131r\u0131 \u015fekilde a\u00e7\u0131k alana d\u00f6k\u00fcld\u00fc\u011f\u00fc ihbar\u0131 \u00fczerine, \u00c7evre \u015eehircilik ve \u0130klim De\u011fi\u015fikli\u011fi Bakanl\u0131\u011f\u0131 ekiplerince denetim ger\u00e7ekle\u015ftirildi. \u00a0Bakanl\u0131ktan yap\u0131lan a\u00e7\u0131klamada s\u00f6z konusu denetimde; ta\u015f\u0131y\u0131c\u0131 2 hafriyat firmas\u0131n\u0131n, fabrikadan \u00e7\u0131kar\u0131lan at\u0131k topraklar\u0131 Torbal\u0131\u2019daki Yo\u011furt\u00e7ular Mahallesi&#8217;nde bulunan a\u00e7\u0131k alana ka\u00e7ak olarak d\u00f6kt\u00fc\u011f\u00fc tespit edildi. \u00c7evre Kanunu&#8217;na istinaden 2 firmaya, ilgili her bir firmaya 5 milyon 609 bin TL olmak \u00fczere toplam 11 milyon 218 bin TL idari ceza uyguland\u0131. \u0130lgililer hakk\u0131nda su\u00e7 duyurusunda bulunulurken, konuyla ilgili incelemeler s\u00fcr\u00fcyor. Kamuoyuna sayg\u0131yla duyurulur. \u0130zmir Gaziemir\u2019de at\u0131l durumdaki bir kur\u015fun geri kazan\u0131m fabrikas\u0131ndan \u00e7\u0131kar\u0131lan hafriyat topraklar\u0131n\u0131n mevzuata ayk\u0131r\u0131 \u015fekilde a\u00e7\u0131k alana d\u00f6k\u00fcld\u00fc\u011f\u00fc ihbar\u0131 \u00fczerine, Bakanl\u0131\u011f\u0131m\u0131z ekiplerince denetim ger\u00e7ekle\u015ftirildi. Denetimde; ta\u015f\u0131y\u0131c\u0131 2 hafriyat firmas\u0131n\u0131n, fabrikadan \u00e7\u0131kar\u0131lan\u2026 pic.twitter.com\/vio6oVI5V2 &mdash; T.C. \u00c7evre, \u015eehircilik ve \u0130klim D\u011f\u015f. Bakanl\u0131\u011f\u0131 (@csbgovtr) March 10, 2025 \u200b\u00c7evre, \u015eehircilik ve \u0130klim De\u011fi\u015fikli\u011fi Bakanl\u0131\u011f\u0131 \u0130zmir \u0130l M\u00fcd\u00fcrl\u00fc\u011f\u00fc ekipleri, Gaziemir il\u00e7esindeki eski kur\u015fun geri kazan\u0131m fabrikas\u0131n\u0131n at\u0131klar\u0131n\u0131n Torbal\u0131\u2019daki bo\u015f araziye d\u00f6k\u00fclmesiyle ilgili incelemesi &hellip;\" \/>\n<meta property=\"og:url\" content=\"https:\/\/denizcankizil.tr\/ru\/haberler\/gundem\/izmirde-kacak-dokume-112-milyon-tl-ceza\/\" \/>\n<meta property=\"og:site_name\" content=\"Av. Deniz Can K\u0131z\u0131l\" \/>\n<meta property=\"article:published_time\" content=\"2025-03-10T16:41:24+00:00\" \/>\n<meta name=\"author\" content=\"admin\" \/>\n<meta name=\"twitter:card\" content=\"summary_large_image\" \/>\n<meta name=\"twitter:label1\" content=\"\u041d\u0430\u043f\u0438\u0441\u0430\u043d\u043e \u0430\u0432\u0442\u043e\u0440\u043e\u043c\" \/>\n\t<meta name=\"twitter:data1\" content=\"admin\" \/>\n\t<meta name=\"twitter:label2\" content=\"\u041f\u0440\u0438\u043c\u0435\u0440\u043d\u043e\u0435 \u0432\u0440\u0435\u043c\u044f \u0434\u043b\u044f \u0447\u0442\u0435\u043d\u0438\u044f\" \/>\n\t<meta name=\"twitter:data2\" content=\"2 \u043c\u0438\u043d\u0443\u0442\u044b\" \/>\n<script type=\"application\/ld+json\" class=\"yoast-schema-graph\">{\"@context\":\"https:\/\/schema.org\",\"@graph\":[{\"@type\":\"Article\",\"@id\":\"https:\/\/denizcankizil.tr\/ru\/haberler\/gundem\/izmirde-kacak-dokume-112-milyon-tl-ceza\/#article\",\"isPartOf\":{\"@id\":\"https:\/\/denizcankizil.tr\/ru\/haberler\/gundem\/izmirde-kacak-dokume-112-milyon-tl-ceza\/\"},\"author\":{\"name\":\"admin\",\"@id\":\"https:\/\/denizcankizil.tr\/#\/schema\/person\/be3c05fe6a12686905512445d8185489\"},\"headline\":\"\u0130zmir&#8217;de ka\u00e7ak d\u00f6k\u00fcme 11,2 milyon TL ceza!\",\"datePublished\":\"2025-03-10T16:41:24+00:00\",\"mainEntityOfPage\":{\"@id\":\"https:\/\/denizcankizil.tr\/ru\/haberler\/gundem\/izmirde-kacak-dokume-112-milyon-tl-ceza\/\"},\"wordCount\":386,\"commentCount\":0,\"publisher\":{\"@id\":\"https:\/\/denizcankizil.tr\/#organization\"},\"articleSection\":[\"G\u00fcndem\"],\"inLanguage\":\"ru-RU\",\"potentialAction\":[{\"@type\":\"CommentAction\",\"name\":\"Comment\",\"target\":[\"https:\/\/denizcankizil.tr\/ru\/haberler\/gundem\/izmirde-kacak-dokume-112-milyon-tl-ceza\/#respond\"]}]},{\"@type\":\"WebPage\",\"@id\":\"https:\/\/denizcankizil.tr\/ru\/haberler\/gundem\/izmirde-kacak-dokume-112-milyon-tl-ceza\/\",\"url\":\"https:\/\/denizcankizil.tr\/ru\/haberler\/gundem\/izmirde-kacak-dokume-112-milyon-tl-ceza\/\",\"name\":\"\u0130zmir'de ka\u00e7ak d\u00f6k\u00fcme 11,2 milyon TL ceza! - Av. Deniz Can K\u0131z\u0131l\",\"isPartOf\":{\"@id\":\"https:\/\/denizcankizil.tr\/#website\"},\"datePublished\":\"2025-03-10T16:41:24+00:00\",\"breadcrumb\":{\"@id\":\"https:\/\/denizcankizil.tr\/ru\/haberler\/gundem\/izmirde-kacak-dokume-112-milyon-tl-ceza\/#breadcrumb\"},\"inLanguage\":\"ru-RU\",\"potentialAction\":[{\"@type\":\"ReadAction\",\"target\":[\"https:\/\/denizcankizil.tr\/ru\/haberler\/gundem\/izmirde-kacak-dokume-112-milyon-tl-ceza\/\"]}]},{\"@type\":\"BreadcrumbList\",\"@id\":\"https:\/\/denizcankizil.tr\/ru\/haberler\/gundem\/izmirde-kacak-dokume-112-milyon-tl-ceza\/#breadcrumb\",\"itemListElement\":[{\"@type\":\"ListItem\",\"position\":1,\"name\":\"Home\",\"item\":\"https:\/\/denizcankizil.tr\/de\/\"},{\"@type\":\"ListItem\",\"position\":2,\"name\":\"\u0130zmir&#8217;de ka\u00e7ak d\u00f6k\u00fcme 11,2 milyon TL ceza!\"}]},{\"@type\":\"WebSite\",\"@id\":\"https:\/\/denizcankizil.tr\/#website\",\"url\":\"https:\/\/denizcankizil.tr\/\",\"name\":\"Av. Deniz Can K\u0131z\u0131l\",\"description\":\"Avukat Deniz Can K\u0131z\u0131l Antalya Barosu\",\"publisher\":{\"@id\":\"https:\/\/denizcankizil.tr\/#organization\"},\"potentialAction\":[{\"@type\":\"SearchAction\",\"target\":{\"@type\":\"EntryPoint\",\"urlTemplate\":\"https:\/\/denizcankizil.tr\/?s={search_term_string}\"},\"query-input\":{\"@type\":\"PropertyValueSpecification\",\"valueRequired\":true,\"valueName\":\"search_term_string\"}}],\"inLanguage\":\"ru-RU\"},{\"@type\":\"Organization\",\"@id\":\"https:\/\/denizcankizil.tr\/#organization\",\"name\":\"Av. Deniz Can K\u0131z\u0131l\",\"url\":\"https:\/\/denizcankizil.tr\/\",\"logo\":{\"@type\":\"ImageObject\",\"inLanguage\":\"ru-RU\",\"@id\":\"https:\/\/denizcankizil.tr\/#\/schema\/logo\/image\/\",\"url\":\"https:\/\/denizcankizil.tr\/wp-content\/uploads\/2024\/10\/siyah-logo-svg.svg\",\"contentUrl\":\"https:\/\/denizcankizil.tr\/wp-content\/uploads\/2024\/10\/siyah-logo-svg.svg\",\"width\":1080,\"height\":1080,\"caption\":\"Av. Deniz Can K\u0131z\u0131l\"},\"image\":{\"@id\":\"https:\/\/denizcankizil.tr\/#\/schema\/logo\/image\/\"}},{\"@type\":\"Person\",\"@id\":\"https:\/\/denizcankizil.tr\/#\/schema\/person\/be3c05fe6a12686905512445d8185489\",\"name\":\"admin\",\"image\":{\"@type\":\"ImageObject\",\"inLanguage\":\"ru-RU\",\"@id\":\"https:\/\/denizcankizil.tr\/#\/schema\/person\/image\/\",\"url\":\"https:\/\/secure.gravatar.com\/avatar\/c1fce94c830dc79107e174f890d7210541c4a63e8e5d816341794a2151c9d58c?s=96&d=mm&r=g\",\"contentUrl\":\"https:\/\/secure.gravatar.com\/avatar\/c1fce94c830dc79107e174f890d7210541c4a63e8e5d816341794a2151c9d58c?s=96&d=mm&r=g\",\"caption\":\"admin\"},\"sameAs\":[\"http:\/\/denizcankizil.tr\"],\"url\":\"https:\/\/www.iskenderun.org\/izmirde-kacak-dokume-112-milyon-tl-ceza\"}]}<\/script>\n<!-- \/ Yoast SEO Premium plugin. -->","yoast_head_json":{"title":"\u0130zmir'de ka\u00e7ak d\u00f6k\u00fcme 11,2 milyon TL ceza! - Av. Deniz Can K\u0131z\u0131l","robots":{"index":"index","follow":"follow","max-snippet":"max-snippet:-1","max-image-preview":"max-image-preview:large","max-video-preview":"max-video-preview:-1"},"canonical":"https:\/\/denizcankizil.tr\/ru\/haberler\/gundem\/izmirde-kacak-dokume-112-milyon-tl-ceza\/","og_locale":"ru_RU","og_type":"article","og_title":"\u0130zmir'de ka\u00e7ak d\u00f6k\u00fcme 11,2 milyon TL ceza!","og_description":"\u00c7evre, \u015eehircilik ve \u0130klim De\u011fi\u015fikli\u011fi Bakanl\u0131\u011f\u0131 \u0130zmir \u0130l M\u00fcd\u00fcrl\u00fc\u011f\u00fc ekipleri, Gaziemir il\u00e7esindeki eski kur\u015fun geri kazan\u0131m fabrikas\u0131n\u0131n at\u0131klar\u0131n\u0131n Torbal\u0131\u2019daki bo\u015f araziye d\u00f6k\u00fclmesiyle ilgili incelemesi sonucunda 2 hafriyat nakliyat \u015firketine toplamda 11 milyon 218 bin 356 TL idari ceza uygulad\u0131.\u0130ZM\u0130R (\u0130GFA) &#8211; \u0130zmir Gaziemir\u2019de at\u0131l durumdaki bir kur\u015fun geri kazan\u0131m fabrikas\u0131ndan \u00e7\u0131kar\u0131lan hafriyat topraklar\u0131n\u0131n mevzuata ayk\u0131r\u0131 \u015fekilde a\u00e7\u0131k alana d\u00f6k\u00fcld\u00fc\u011f\u00fc ihbar\u0131 \u00fczerine, \u00c7evre \u015eehircilik ve \u0130klim De\u011fi\u015fikli\u011fi Bakanl\u0131\u011f\u0131 ekiplerince denetim ger\u00e7ekle\u015ftirildi. \u00a0Bakanl\u0131ktan yap\u0131lan a\u00e7\u0131klamada s\u00f6z konusu denetimde; ta\u015f\u0131y\u0131c\u0131 2 hafriyat firmas\u0131n\u0131n, fabrikadan \u00e7\u0131kar\u0131lan at\u0131k topraklar\u0131 Torbal\u0131\u2019daki Yo\u011furt\u00e7ular Mahallesi&#8217;nde bulunan a\u00e7\u0131k alana ka\u00e7ak olarak d\u00f6kt\u00fc\u011f\u00fc tespit edildi. \u00c7evre Kanunu&#8217;na istinaden 2 firmaya, ilgili her bir firmaya 5 milyon 609 bin TL olmak \u00fczere toplam 11 milyon 218 bin TL idari ceza uyguland\u0131. \u0130lgililer hakk\u0131nda su\u00e7 duyurusunda bulunulurken, konuyla ilgili incelemeler s\u00fcr\u00fcyor. Kamuoyuna sayg\u0131yla duyurulur. \u0130zmir Gaziemir\u2019de at\u0131l durumdaki bir kur\u015fun geri kazan\u0131m fabrikas\u0131ndan \u00e7\u0131kar\u0131lan hafriyat topraklar\u0131n\u0131n mevzuata ayk\u0131r\u0131 \u015fekilde a\u00e7\u0131k alana d\u00f6k\u00fcld\u00fc\u011f\u00fc ihbar\u0131 \u00fczerine, Bakanl\u0131\u011f\u0131m\u0131z ekiplerince denetim ger\u00e7ekle\u015ftirildi. Denetimde; ta\u015f\u0131y\u0131c\u0131 2 hafriyat firmas\u0131n\u0131n, fabrikadan \u00e7\u0131kar\u0131lan\u2026 pic.twitter.com\/vio6oVI5V2 &mdash; T.C. \u00c7evre, \u015eehircilik ve \u0130klim D\u011f\u015f. Bakanl\u0131\u011f\u0131 (@csbgovtr) March 10, 2025 \u200b\u00c7evre, \u015eehircilik ve \u0130klim De\u011fi\u015fikli\u011fi Bakanl\u0131\u011f\u0131 \u0130zmir \u0130l M\u00fcd\u00fcrl\u00fc\u011f\u00fc ekipleri, Gaziemir il\u00e7esindeki eski kur\u015fun geri kazan\u0131m fabrikas\u0131n\u0131n at\u0131klar\u0131n\u0131n Torbal\u0131\u2019daki bo\u015f araziye d\u00f6k\u00fclmesiyle ilgili incelemesi &hellip;","og_url":"https:\/\/denizcankizil.tr\/ru\/haberler\/gundem\/izmirde-kacak-dokume-112-milyon-tl-ceza\/","og_site_name":"Av. Deniz Can K\u0131z\u0131l","article_published_time":"2025-03-10T16:41:24+00:00","author":"admin","twitter_card":"summary_large_image","twitter_misc":{"\u041d\u0430\u043f\u0438\u0441\u0430\u043d\u043e \u0430\u0432\u0442\u043e\u0440\u043e\u043c":"admin","\u041f\u0440\u0438\u043c\u0435\u0440\u043d\u043e\u0435 \u0432\u0440\u0435\u043c\u044f \u0434\u043b\u044f \u0447\u0442\u0435\u043d\u0438\u044f":"2 \u043c\u0438\u043d\u0443\u0442\u044b"},"schema":{"@context":"https:\/\/schema.org","@graph":[{"@type":"Article","@id":"https:\/\/denizcankizil.tr\/ru\/haberler\/gundem\/izmirde-kacak-dokume-112-milyon-tl-ceza\/#article","isPartOf":{"@id":"https:\/\/denizcankizil.tr\/ru\/haberler\/gundem\/izmirde-kacak-dokume-112-milyon-tl-ceza\/"},"author":{"name":"admin","@id":"https:\/\/denizcankizil.tr\/#\/schema\/person\/be3c05fe6a12686905512445d8185489"},"headline":"\u0130zmir&#8217;de ka\u00e7ak d\u00f6k\u00fcme 11,2 milyon TL ceza!","datePublished":"2025-03-10T16:41:24+00:00","mainEntityOfPage":{"@id":"https:\/\/denizcankizil.tr\/ru\/haberler\/gundem\/izmirde-kacak-dokume-112-milyon-tl-ceza\/"},"wordCount":386,"commentCount":0,"publisher":{"@id":"https:\/\/denizcankizil.tr\/#organization"},"articleSection":["G\u00fcndem"],"inLanguage":"ru-RU","potentialAction":[{"@type":"CommentAction","name":"Comment","target":["https:\/\/denizcankizil.tr\/ru\/haberler\/gundem\/izmirde-kacak-dokume-112-milyon-tl-ceza\/#respond"]}]},{"@type":"WebPage","@id":"https:\/\/denizcankizil.tr\/ru\/haberler\/gundem\/izmirde-kacak-dokume-112-milyon-tl-ceza\/","url":"https:\/\/denizcankizil.tr\/ru\/haberler\/gundem\/izmirde-kacak-dokume-112-milyon-tl-ceza\/","name":"\u0130zmir'de ka\u00e7ak d\u00f6k\u00fcme 11,2 milyon TL ceza! - Av. Deniz Can K\u0131z\u0131l","isPartOf":{"@id":"https:\/\/denizcankizil.tr\/#website"},"datePublished":"2025-03-10T16:41:24+00:00","breadcrumb":{"@id":"https:\/\/denizcankizil.tr\/ru\/haberler\/gundem\/izmirde-kacak-dokume-112-milyon-tl-ceza\/#breadcrumb"},"inLanguage":"ru-RU","potentialAction":[{"@type":"ReadAction","target":["https:\/\/denizcankizil.tr\/ru\/haberler\/gundem\/izmirde-kacak-dokume-112-milyon-tl-ceza\/"]}]},{"@type":"BreadcrumbList","@id":"https:\/\/denizcankizil.tr\/ru\/haberler\/gundem\/izmirde-kacak-dokume-112-milyon-tl-ceza\/#breadcrumb","itemListElement":[{"@type":"ListItem","position":1,"name":"Home","item":"https:\/\/denizcankizil.tr\/de\/"},{"@type":"ListItem","position":2,"name":"\u0130zmir&#8217;de ka\u00e7ak d\u00f6k\u00fcme 11,2 milyon TL ceza!"}]},{"@type":"WebSite","@id":"https:\/\/denizcankizil.tr\/#website","url":"https:\/\/denizcankizil.tr\/","name":"Av. Deniz Can K\u0131z\u0131l","description":"Avukat Deniz Can K\u0131z\u0131l Antalya Barosu","publisher":{"@id":"https:\/\/denizcankizil.tr\/#organization"},"potentialAction":[{"@type":"SearchAction","target":{"@type":"EntryPoint","urlTemplate":"https:\/\/denizcankizil.tr\/?s={search_term_string}"},"query-input":{"@type":"PropertyValueSpecification","valueRequired":true,"valueName":"search_term_string"}}],"inLanguage":"ru-RU"},{"@type":"Organization","@id":"https:\/\/denizcankizil.tr\/#organization","name":"Av. Deniz Can K\u0131z\u0131l","url":"https:\/\/denizcankizil.tr\/","logo":{"@type":"ImageObject","inLanguage":"ru-RU","@id":"https:\/\/denizcankizil.tr\/#\/schema\/logo\/image\/","url":"https:\/\/denizcankizil.tr\/wp-content\/uploads\/2024\/10\/siyah-logo-svg.svg","contentUrl":"https:\/\/denizcankizil.tr\/wp-content\/uploads\/2024\/10\/siyah-logo-svg.svg","width":1080,"height":1080,"caption":"Av. Deniz Can K\u0131z\u0131l"},"image":{"@id":"https:\/\/denizcankizil.tr\/#\/schema\/logo\/image\/"}},{"@type":"Person","@id":"https:\/\/denizcankizil.tr\/#\/schema\/person\/be3c05fe6a12686905512445d8185489","name":"\u0430\u0434\u043c\u0438\u043d","image":{"@type":"ImageObject","inLanguage":"ru-RU","@id":"https:\/\/denizcankizil.tr\/#\/schema\/person\/image\/","url":"https:\/\/secure.gravatar.com\/avatar\/c1fce94c830dc79107e174f890d7210541c4a63e8e5d816341794a2151c9d58c?s=96&d=mm&r=g","contentUrl":"https:\/\/secure.gravatar.com\/avatar\/c1fce94c830dc79107e174f890d7210541c4a63e8e5d816341794a2151c9d58c?s=96&d=mm&r=g","caption":"admin"},"sameAs":["http:\/\/denizcankizil.tr"],"url":"https:\/\/www.iskenderun.org\/izmirde-kacak-dokume-112-milyon-tl-ceza"}]}},"_links":{"self":[{"href":"https:\/\/denizcankizil.tr\/ru\/wp-json\/wp\/v2\/posts\/35307","targetHints":{"allow":["GET"]}}],"collection":[{"href":"https:\/\/denizcankizil.tr\/ru\/wp-json\/wp\/v2\/posts"}],"about":[{"href":"https:\/\/denizcankizil.tr\/ru\/wp-json\/wp\/v2\/types\/post"}],"author":[{"embeddable":true,"href":"https:\/\/denizcankizil.tr\/ru\/wp-json\/wp\/v2\/users\/1"}],"replies":[{"embeddable":true,"href":"https:\/\/denizcankizil.tr\/ru\/wp-json\/wp\/v2\/comments?post=35307"}],"version-history":[{"count":0,"href":"https:\/\/denizcankizil.tr\/ru\/wp-json\/wp\/v2\/posts\/35307\/revisions"}],"wp:attachment":[{"href":"https:\/\/denizcankizil.tr\/ru\/wp-json\/wp\/v2\/media?parent=35307"}],"wp:term":[{"taxonomy":"category","embeddable":true,"href":"https:\/\/denizcankizil.tr\/ru\/wp-json\/wp\/v2\/categories?post=35307"},{"taxonomy":"post_tag","embeddable":true,"href":"https:\/\/denizcankizil.tr\/ru\/wp-json\/wp\/v2\/tags?post=35307"}],"curies":[{"name":"wp","href":"https:\/\/api.w.org\/{rel}","templated":true}]}}